{"id":32944,"date":"2026-03-05T15:48:30","date_gmt":"2026-03-05T14:48:30","guid":{"rendered":"https:\/\/www.polonia.travel\/pt\/?p=32944"},"modified":"2026-03-05T15:49:52","modified_gmt":"2026-03-05T14:49:52","slug":"entre-vikings-e-festivais-de-luz","status":"publish","type":"post","link":"https:\/\/www.polonia.travel\/pt\/entre-vikings-e-festivais-de-luz\/","title":{"rendered":"Entre vikings e festivais de luz"},"content":{"rendered":"\n<div class=\"wp-block-group is-style-container-medium\"><div class=\"wp-block-group__inner-container is-layout-constrained wp-block-group-is-layout-constrained\">\n<h2 class=\"wp-block-heading\">Entre vikings e festivais de luz<\/h2>\n\n\n\n<div style=\"height:100px\" aria-hidden=\"true\" class=\"wp-block-spacer is-style-spacer-small\"><\/div>\n\n\n\n<p>Tendo em conta a hist\u00f3ria milenar da Pol\u00f3nia, v\u00e1rias culturas deixaram aqui a sua marca. Essas tradi\u00e7\u00f5es continuam vivas gra\u00e7as aos festivais tem\u00e1ticos que se realizam todos os anos, inspirados em acontecimentos hist\u00f3ricos ou at\u00e9 liter\u00e1rios de \u00e9pocas passadas. A seguir, deixamos uma proposta de eventos originais a apontar se estiveres a planear uma visita \u00e0 Pol\u00f3nia.<\/p>\n\n\n\n<div style=\"height:100px\" aria-hidden=\"true\" class=\"wp-block-spacer is-style-spacer-medium\"><\/div>\n\n\n\n<h3 class=\"wp-block-heading\">Os Drag\u00f5es de Crac\u00f3via<\/h3>\n\n\n\n<div style=\"height:100px\" aria-hidden=\"true\" class=\"wp-block-spacer is-style-spacer-small\"><\/div>\n\n\n\n<p>O <strong>Desfile dos Drag\u00f5es de Crac\u00f3via<\/strong> (Wielka Parada Smok\u00f3w) \u00e9 um dos eventos mais m\u00e1gicos e originais da antiga capital polaca. Todas as primaveras, enormes e coloridos drag\u00f5es criados por estudantes, artistas e escolas percorrem as ruas do centro hist\u00f3rico at\u00e9 \u00e0 colina de Wawel, inspirados na famosa lenda do drag\u00e3o de Crac\u00f3via.<\/p>\n\n\n\n<p>O momento mais espetacular chega ao anoitecer, quando gigantescos drag\u00f5es flutuantes aparecem sobre o rio V\u00edstula acompanhados de m\u00fasica, luzes e fogo-de-artif\u00edcio. Um espet\u00e1culo \u00fanico que combina tradi\u00e7\u00e3o, criatividade e fantasia e que transforma Crac\u00f3via num cen\u00e1rio digno de conto de fadas durante um fim de semana inesquec\u00edvel (6 e 7 de junho de 2026).<\/p>\n\n\n\n<div style=\"height:100px\" aria-hidden=\"true\" class=\"wp-block-spacer is-style-spacer-small\"><\/div>\n\n\n\n<figure class=\"wp-block-image size-large\"><img loading=\"lazy\" decoding=\"async\" width=\"1200\" height=\"857\" src=\"https:\/\/www.polonia.travel\/pt\/wp-content\/uploads\/sites\/19\/2026\/03\/M6B0004-1200x857.jpg\" alt=\"\" class=\"wp-image-32946\" srcset=\"https:\/\/www.polonia.travel\/pt\/wp-content\/uploads\/sites\/19\/2026\/03\/M6B0004-1200x857.jpg 1200w, https:\/\/www.polonia.travel\/pt\/wp-content\/uploads\/sites\/19\/2026\/03\/M6B0004-600x429.jpg 600w, https:\/\/www.polonia.travel\/pt\/wp-content\/uploads\/sites\/19\/2026\/03\/M6B0004-768x549.jpg 768w, https:\/\/www.polonia.travel\/pt\/wp-content\/uploads\/sites\/19\/2026\/03\/M6B0004-1536x1097.jpg 1536w, https:\/\/www.polonia.travel\/pt\/wp-content\/uploads\/sites\/19\/2026\/03\/M6B0004-2048x1463.jpg 2048w, https:\/\/www.polonia.travel\/pt\/wp-content\/uploads\/sites\/19\/2026\/03\/M6B0004-1920x1371.jpg 1920w\" sizes=\"auto, (max-width: 1200px) 100vw, 1200px\" \/><\/figure>\n\n\n\n<div style=\"height:100px\" aria-hidden=\"true\" class=\"wp-block-spacer\"><\/div>\n\n\n\n<h3 class=\"wp-block-heading\">Jewish Festival<\/h3>\n\n\n\n<div style=\"height:100px\" aria-hidden=\"true\" class=\"wp-block-spacer is-style-spacer-small\"><\/div>\n\n\n\n<p>O <strong>Festival da Cultura Judaica<\/strong> n\u00e3o poderia realizar-se noutro lugar sen\u00e3o no hist\u00f3rico bairro judeu de <strong>Kazimierz<\/strong>, em Crac\u00f3via. Trata-se de uma iniciativa privada que, ao longo dos anos, conquistou um merecido reconhecimento a n\u00edvel mundial. O programa inclui concertos de m\u00fasica <strong>klezmer<\/strong>, palestras, workshops e tamb\u00e9m propostas gastron\u00f3micas oferecidas pelos restaurantes do bairro.<\/p>\n\n\n\n<p>Este ano realiza-se de <strong>1 a 5 de julho<\/strong>. \u00c9 especialmente recomendado o concerto ao ar livre <strong>Szalom na Szerokiej<\/strong>, na rua Szeroka, uma das mais populares da antiga judiaria de Crac\u00f3via.<\/p>\n\n\n\n<div style=\"height:100px\" aria-hidden=\"true\" class=\"wp-block-spacer is-style-spacer-small\"><\/div>\n\n\n\n<figure class=\"wp-block-image size-full\"><img loading=\"lazy\" decoding=\"async\" width=\"1000\" height=\"667\" src=\"https:\/\/www.polonia.travel\/pt\/wp-content\/uploads\/sites\/19\/2026\/03\/7202_Krak_Kazimierz_Fest_Kult_Zydowskiej_KK_P.jpg\" alt=\"\" class=\"wp-image-32947\" srcset=\"https:\/\/www.polonia.travel\/pt\/wp-content\/uploads\/sites\/19\/2026\/03\/7202_Krak_Kazimierz_Fest_Kult_Zydowskiej_KK_P.jpg 1000w, https:\/\/www.polonia.travel\/pt\/wp-content\/uploads\/sites\/19\/2026\/03\/7202_Krak_Kazimierz_Fest_Kult_Zydowskiej_KK_P-600x400.jpg 600w, https:\/\/www.polonia.travel\/pt\/wp-content\/uploads\/sites\/19\/2026\/03\/7202_Krak_Kazimierz_Fest_Kult_Zydowskiej_KK_P-768x512.jpg 768w\" sizes=\"auto, (max-width: 1000px) 100vw, 1000px\" \/><\/figure>\n\n\n\n<div style=\"height:100px\" aria-hidden=\"true\" class=\"wp-block-spacer is-style-spacer-medium\"><\/div>\n\n\n\n<h3 class=\"wp-block-heading\">Mercados e festivais medievais<\/h3>\n\n\n\n<div style=\"height:100px\" aria-hidden=\"true\" class=\"wp-block-spacer is-style-spacer-small\"><\/div>\n\n\n\n<p>Se viajares pelo norte e nordeste da Pol\u00f3nia, mergulha ainda mais no seu passado assistindo \u00e0s reconstru\u00e7\u00f5es hist\u00f3ricas. O <strong>Cerco de Malbork<\/strong> decorre no <strong>Castelo dos Cavaleiros Teut\u00f3nicos<\/strong> (Patrim\u00f3nio Mundial, a cerca de 50 km de Gda\u0144sk). No in\u00edcio do s\u00e9culo XV, o castelo de Malbork foi a capital da Ordem Teut\u00f3nica, que acabava de perder a Batalha de Grunwald (1410).<\/p>\n\n\n\n<p>Enquanto outros castelos g\u00f3ticos aceitaram a vit\u00f3ria das tropas polaco-lituanas, o Gr\u00e3o-Mestre decidiu defender o seu \u00faltimo basti\u00e3o. Estes acontecimentos hist\u00f3ricos s\u00e3o recordados todos os meses de julho, tanto em Malbork como no <strong>campo de batalha de Grunwald<\/strong>. Um grande n\u00famero de entusiastas, vestidos com trajes e acess\u00f3rios da \u00e9poca, transporta-nos diretamente para a Idade M\u00e9dia.<\/p>\n\n\n\n<p>Se quiseres assistir, reserva as datas da reconstru\u00e7\u00e3o da batalha e <strong>de 24 a 26 de julho de 2026<\/strong> para continuar esta viagem tem\u00e1tica em Malbork.<br><\/p>\n\n\n\n<div style=\"height:100px\" aria-hidden=\"true\" class=\"wp-block-spacer is-style-spacer-small\"><\/div>\n\n\n\n<figure class=\"wp-block-gallery has-nested-images columns-default is-cropped wp-block-gallery-1 is-layout-flex wp-block-gallery-is-layout-flex\">\n<figure class=\"wp-block-image size-large\"><img loading=\"lazy\" decoding=\"async\" width=\"1200\" height=\"857\" data-id=\"32948\" src=\"https:\/\/www.polonia.travel\/pt\/wp-content\/uploads\/sites\/19\/2026\/03\/img_3382a-1.jpg\" alt=\"\" class=\"wp-image-32948\" srcset=\"https:\/\/www.polonia.travel\/pt\/wp-content\/uploads\/sites\/19\/2026\/03\/img_3382a-1.jpg 1200w, https:\/\/www.polonia.travel\/pt\/wp-content\/uploads\/sites\/19\/2026\/03\/img_3382a-1-600x429.jpg 600w, https:\/\/www.polonia.travel\/pt\/wp-content\/uploads\/sites\/19\/2026\/03\/img_3382a-1-768x548.jpg 768w\" sizes=\"auto, (max-width: 1200px) 100vw, 1200px\" \/><\/figure>\n\n\n\n<figure class=\"wp-block-image size-large\"><img loading=\"lazy\" decoding=\"async\" width=\"1200\" height=\"857\" data-id=\"32949\" src=\"https:\/\/www.polonia.travel\/pt\/wp-content\/uploads\/sites\/19\/2026\/03\/img_3695a.jpg\" alt=\"\" class=\"wp-image-32949\" srcset=\"https:\/\/www.polonia.travel\/pt\/wp-content\/uploads\/sites\/19\/2026\/03\/img_3695a.jpg 1200w, https:\/\/www.polonia.travel\/pt\/wp-content\/uploads\/sites\/19\/2026\/03\/img_3695a-600x429.jpg 600w, https:\/\/www.polonia.travel\/pt\/wp-content\/uploads\/sites\/19\/2026\/03\/img_3695a-768x548.jpg 768w\" sizes=\"auto, (max-width: 1200px) 100vw, 1200px\" \/><\/figure>\n<\/figure>\n\n\n\n<p><em>Foto: Arquivos do Castelo de Malbork<\/em><\/p>\n\n\n\n<div style=\"height:100px\" aria-hidden=\"true\" class=\"wp-block-spacer is-style-spacer-medium\"><\/div>\n\n\n\n<h3 class=\"wp-block-heading\">A feira mais antiga<\/h3>\n\n\n\n<div style=\"height:100px\" aria-hidden=\"true\" class=\"wp-block-spacer is-style-spacer-small\"><\/div>\n\n\n\n<p>Desde a Idade M\u00e9dia celebra-se em <strong>Gda\u0144sk<\/strong> o <strong>Mercado de S\u00e3o Domingos<\/strong>. No cen\u00e1rio do seu bel\u00edssimo centro hist\u00f3rico, a cidade aproxima-nos das suas tradi\u00e7\u00f5es e costumes sem perder de vista a programa\u00e7\u00e3o cultural e, claro, o esp\u00edrito dos mercados medievais.<\/p>\n\n\n\n<p>Em <strong>2026<\/strong>, o evento celebra <strong>766 anos<\/strong> e ter\u00e1 lugar <strong>de 25 de julho a 16 de agosto<\/strong>.<\/p>\n\n\n\n<div style=\"height:100px\" aria-hidden=\"true\" class=\"wp-block-spacer is-style-spacer-small\"><\/div>\n\n\n\n<figure class=\"wp-block-image size-large\"><img loading=\"lazy\" decoding=\"async\" width=\"1200\" height=\"701\" src=\"https:\/\/www.polonia.travel\/pt\/wp-content\/uploads\/sites\/19\/2026\/03\/28-1200x701.jpg\" alt=\"\" class=\"wp-image-32951\" srcset=\"https:\/\/www.polonia.travel\/pt\/wp-content\/uploads\/sites\/19\/2026\/03\/28-1200x701.jpg 1200w, https:\/\/www.polonia.travel\/pt\/wp-content\/uploads\/sites\/19\/2026\/03\/28-600x350.jpg 600w, https:\/\/www.polonia.travel\/pt\/wp-content\/uploads\/sites\/19\/2026\/03\/28-768x448.jpg 768w, https:\/\/www.polonia.travel\/pt\/wp-content\/uploads\/sites\/19\/2026\/03\/28-1536x897.jpg 1536w, https:\/\/www.polonia.travel\/pt\/wp-content\/uploads\/sites\/19\/2026\/03\/28.jpg 1850w\" sizes=\"auto, (max-width: 1200px) 100vw, 1200px\" \/><figcaption class=\"wp-element-caption\"><em>FOT. PRZEMEK SWIDERSKI \/ POLSKA PRESS \/ DZIENNIK BALTYCKI<br><\/em><\/figcaption><\/figure>\n\n\n\n<div style=\"height:100px\" aria-hidden=\"true\" class=\"wp-block-spacer is-style-spacer-medium\"><\/div>\n\n\n\n<h3 class=\"wp-block-heading\">Carnaval dos Magos<\/h3>\n\n\n\n<div style=\"height:100px\" aria-hidden=\"true\" class=\"wp-block-spacer is-style-spacer-small\"><\/div>\n\n\n\n<p><strong>Isaac Bashevis Singer<\/strong>, Pr\u00e9mio Nobel da Literatura, \u00e9 o autor do romance <em>O Mago de Lublin<\/em>. Trata-se de outra cidade hist\u00f3rica situada na faixa oriental da Pol\u00f3nia. Gra\u00e7as a Singer, Lublin \u2014 e outras cidades e vilas da regi\u00e3o hom\u00f3nima \u2014 tornaram-se familiares para muitos leitores. Durante o festival <strong>\u201cSeguindo as Pegadas de Singer\u201d<\/strong>, esses lugares podem ser descobertos ao vivo.<\/p>\n\n\n\n<p>Este ano celebra-se a <strong>XIV edi\u00e7\u00e3o<\/strong>. O protagonista do romance tem liga\u00e7\u00e3o ao mundo da magia e \u00e9 precisamente por isso que Lublin acolhe o festival \u2014 ou melhor, o <strong>Carnaval dos Magos<\/strong> \u2014 <strong>de 23 a 26 de agosto de 2026<\/strong>.<\/p>\n\n\n\n<p>O centro hist\u00f3rico enche-se de malabaristas, ginastas, cor e m\u00fasica. Se para Lublin o romance \u00e9 o pretexto para a celebra\u00e7\u00e3o, para o viajante o Carnaval \u00e9 uma excelente desculpa para descobrir a cidade e a regi\u00e3o, que escondem verdadeiras p\u00e9rolas arquitet\u00f3nicas e naturais.<\/p>\n\n\n\n<div style=\"height:100px\" aria-hidden=\"true\" class=\"wp-block-spacer is-style-spacer-small\"><\/div>\n\n\n\n<figure class=\"wp-block-image size-large\"><img loading=\"lazy\" decoding=\"async\" width=\"1200\" height=\"801\" src=\"https:\/\/www.polonia.travel\/pt\/wp-content\/uploads\/sites\/19\/2026\/03\/Carnaval-of-Magicians-2-1200x801.jpg\" alt=\"\" class=\"wp-image-32952\" srcset=\"https:\/\/www.polonia.travel\/pt\/wp-content\/uploads\/sites\/19\/2026\/03\/Carnaval-of-Magicians-2-1200x801.jpg 1200w, https:\/\/www.polonia.travel\/pt\/wp-content\/uploads\/sites\/19\/2026\/03\/Carnaval-of-Magicians-2-600x400.jpg 600w, https:\/\/www.polonia.travel\/pt\/wp-content\/uploads\/sites\/19\/2026\/03\/Carnaval-of-Magicians-2-768x513.jpg 768w, https:\/\/www.polonia.travel\/pt\/wp-content\/uploads\/sites\/19\/2026\/03\/Carnaval-of-Magicians-2-1536x1025.jpg 1536w, https:\/\/www.polonia.travel\/pt\/wp-content\/uploads\/sites\/19\/2026\/03\/Carnaval-of-Magicians-2-2048x1367.jpg 2048w, https:\/\/www.polonia.travel\/pt\/wp-content\/uploads\/sites\/19\/2026\/03\/Carnaval-of-Magicians-2-1920x1282.jpg 1920w\" sizes=\"auto, (max-width: 1200px) 100vw, 1200px\" \/><\/figure>\n\n\n\n<div style=\"height:100px\" aria-hidden=\"true\" class=\"wp-block-spacer is-style-spacer-medium\"><\/div>\n\n\n\n<h3 class=\"wp-block-heading\">Entre Eslavos e Vikings<\/h3>\n\n\n\n<div style=\"height:100px\" aria-hidden=\"true\" class=\"wp-block-spacer is-style-spacer-small\"><\/div>\n\n\n\n<p>O <strong>Festival de Eslavos e Vikings<\/strong> \u00e9 uma proposta ideal para os f\u00e3s de s\u00e9ries sobre vikings. Durante tr\u00eas dias, mergulha-se num mundo que recria o seu modo de vida, tradi\u00e7\u00f5es e costumes. O cen\u00e1rio \u00e9 incompar\u00e1vel: a <strong>Ilha de Wolin<\/strong>, situada no B\u00e1ltico, na faixa ocidental da Pol\u00f3nia.<\/p>\n\n\n\n<p>Planeie o encontro com eslavos e vikings para o <strong>primeiro fim de semana de agosto<\/strong> (datas concretas em breve). O aeroporto mais pr\u00f3ximo encontra-se em <strong>Szczecin<\/strong>, capital da regi\u00e3o da Pomer\u00e2nia Ocidental ou <strong>Berlim<\/strong> (a 180 km de Szczecin).<\/p>\n\n\n\n<div style=\"height:100px\" aria-hidden=\"true\" class=\"wp-block-spacer is-style-spacer-small\"><\/div>\n\n\n\n<figure class=\"wp-block-image size-full\"><img loading=\"lazy\" decoding=\"async\" width=\"1170\" height=\"780\" src=\"https:\/\/www.polonia.travel\/pt\/wp-content\/uploads\/sites\/19\/2022\/12\/centrum_slowian_i_wikingow_w_wolinie_2_1170.jpg\" alt=\"Centrum S\u0142owian i Wiking\u00f3w w Wolinie\" class=\"wp-image-10563\" srcset=\"https:\/\/www.polonia.travel\/pt\/wp-content\/uploads\/sites\/19\/2022\/12\/centrum_slowian_i_wikingow_w_wolinie_2_1170.jpg 1170w, https:\/\/www.polonia.travel\/pt\/wp-content\/uploads\/sites\/19\/2022\/12\/centrum_slowian_i_wikingow_w_wolinie_2_1170-600x400.jpg 600w, https:\/\/www.polonia.travel\/pt\/wp-content\/uploads\/sites\/19\/2022\/12\/centrum_slowian_i_wikingow_w_wolinie_2_1170-768x512.jpg 768w\" sizes=\"auto, (max-width: 1170px) 100vw, 1170px\" \/><\/figure>\n\n\n\n<div style=\"height:100px\" aria-hidden=\"true\" class=\"wp-block-spacer is-style-spacer-medium\"><\/div>\n\n\n\n<h3 class=\"wp-block-heading\">Espet\u00e1culos de Luz e Som<\/h3>\n\n\n\n<div style=\"height:100px\" aria-hidden=\"true\" class=\"wp-block-spacer is-style-spacer-small\"><\/div>\n\n\n\n<p>A arquitetura g\u00f3tica ganha um aspeto totalmente novo sob centenas de luzes de diferentes \u2014 e por vezes inesperadas \u2014 formas e cores, sempre com recurso a l\u00e2mpadas de baixo consumo. Viaja at\u00e9 <strong>Toru\u0144<\/strong>, p\u00e9rola arquitet\u00f3nica e Patrim\u00f3nio Mundial, para assistir ao <strong>Bella Sky Festival<\/strong>, que se realizar\u00e1 em <strong>agosto<\/strong> (datas em breve).<\/p>\n\n\n\n<p>N\u00e3o perca a visita ao centro hist\u00f3rico \u00e0 noite e \u00e0 casa natal de <strong>Nicolau Cop\u00e9rnico<\/strong> durante o dia. Em 2023, a Pol\u00f3nia celebrou o <strong>Ano de Cop\u00e9rnico<\/strong>.<\/p>\n\n\n\n<p>Outro evento de destaque onde a luz assume o papel principal \u00e9 o <strong>Light.Move.Festival<\/strong>, em <strong>\u0141\u00f3d\u017a<\/strong>, a cidade do cinema. Em 2026 ter\u00e1 lugar <strong>de 25 a 27 de setembro<\/strong>. Cada edi\u00e7\u00e3o do festival, presente na programa\u00e7\u00e3o da cidade desde 2011, centra-se num tema espec\u00edfico \u2014 no ano passado, o tema escolhido foi o dos <strong>\u201cregressos\u201d<\/strong>.<\/p>\n<\/div><\/div>\n\n\n\n<div class=\"wp-block-group is-style-container-medium\"><div class=\"wp-block-group__inner-container is-layout-constrained wp-block-group-is-layout-constrained\">\n<figure class=\"wp-block-gallery has-nested-images columns-default is-cropped wp-block-gallery-2 is-layout-flex wp-block-gallery-is-layout-flex\">\n<figure class=\"wp-block-image size-large\"><img loading=\"lazy\" decoding=\"async\" width=\"640\" height=\"424\" data-id=\"32953\" src=\"https:\/\/www.polonia.travel\/pt\/wp-content\/uploads\/sites\/19\/2026\/03\/21279043938_f23230712d_z.jpg\" alt=\"\" class=\"wp-image-32953\" srcset=\"https:\/\/www.polonia.travel\/pt\/wp-content\/uploads\/sites\/19\/2026\/03\/21279043938_f23230712d_z.jpg 640w, https:\/\/www.polonia.travel\/pt\/wp-content\/uploads\/sites\/19\/2026\/03\/21279043938_f23230712d_z-600x398.jpg 600w\" sizes=\"auto, (max-width: 640px) 100vw, 640px\" \/><figcaption class=\"wp-element-caption\">Foto: Archivos Bella Sky Torun<\/figcaption><\/figure>\n\n\n\n<figure class=\"wp-block-image size-large\"><img loading=\"lazy\" decoding=\"async\" width=\"1200\" height=\"800\" data-id=\"32954\" src=\"https:\/\/www.polonia.travel\/pt\/wp-content\/uploads\/sites\/19\/2026\/03\/LMF-2018-fot.-M.-Kardas-1200x800.jpg\" alt=\"\" class=\"wp-image-32954\" srcset=\"https:\/\/www.polonia.travel\/pt\/wp-content\/uploads\/sites\/19\/2026\/03\/LMF-2018-fot.-M.-Kardas-1200x800.jpg 1200w, https:\/\/www.polonia.travel\/pt\/wp-content\/uploads\/sites\/19\/2026\/03\/LMF-2018-fot.-M.-Kardas-600x400.jpg 600w, https:\/\/www.polonia.travel\/pt\/wp-content\/uploads\/sites\/19\/2026\/03\/LMF-2018-fot.-M.-Kardas-768x512.jpg 768w, https:\/\/www.polonia.travel\/pt\/wp-content\/uploads\/sites\/19\/2026\/03\/LMF-2018-fot.-M.-Kardas-1536x1024.jpg 1536w, https:\/\/www.polonia.travel\/pt\/wp-content\/uploads\/sites\/19\/2026\/03\/LMF-2018-fot.-M.-Kardas-1920x1280.jpg 1920w, https:\/\/www.polonia.travel\/pt\/wp-content\/uploads\/sites\/19\/2026\/03\/LMF-2018-fot.-M.-Kardas.jpg 2048w\" sizes=\"auto, (max-width: 1200px) 100vw, 1200px\" \/><figcaption class=\"wp-element-caption\">Foto: Light Move Festival | Lodz Travel<\/figcaption><\/figure>\n<\/figure>\n<\/div><\/div>\n\n\n\n<div style=\"height:100px\" aria-hidden=\"true\" class=\"wp-block-spacer\"><\/div>\n","protected":false},"excerpt":{"rendered":"<p>Entre vikings e festivais de luz Tendo em conta a hist\u00f3ria milenar da Pol\u00f3nia, v\u00e1rias culturas deixaram aqui a sua marca. Essas tradi\u00e7\u00f5es continuam vivas gra\u00e7as aos festivais tem\u00e1ticos que se realizam todos os anos, inspirados em acontecimentos hist\u00f3ricos ou at\u00e9 liter\u00e1rios de \u00e9pocas passadas. A seguir, deixamos uma proposta de eventos originais a apontar [&hellip;]<\/p>\n","protected":false},"author":22,"featured_media":32705,"comment_status":"open","ping_status":"open","sticky":false,"template":"","format":"standard","meta":{"_acf_changed":false,"footnotes":""},"categories":[1051,1053],"class_list":["post-32944","post","type-post","status-publish","format-standard","has-post-thumbnail","hentry","category-inspiracoes-de-viagem","category-inspiracoes"],"acf":[],"yoast_head":"<!-- This site is optimized with the Yoast SEO plugin v27.4 - https:\/\/yoast.com\/product\/yoast-seo-wordpress\/ -->\n<title>Entre vikings e festivais de luz - Polonia Travel (PT)<\/title>\n<meta name=\"robots\" content=\"index, follow, max-snippet:-1, max-image-preview:large, max-video-preview:-1\" \/>\n<link rel=\"canonical\" href=\"https:\/\/www.polonia.travel\/pt\/entre-vikings-e-festivais-de-luz\/\" \/>\n<meta property=\"og:locale\" content=\"pl_PL\" \/>\n<meta property=\"og:type\" content=\"article\" \/>\n<meta property=\"og:title\" content=\"Entre vikings e festivais de luz - Polonia Travel (PT)\" \/>\n<meta property=\"og:description\" content=\"Entre vikings e festivais de luz Tendo em conta a hist\u00f3ria milenar da Pol\u00f3nia, v\u00e1rias culturas deixaram aqui a sua marca. Essas tradi\u00e7\u00f5es continuam vivas gra\u00e7as aos festivais tem\u00e1ticos que se realizam todos os anos, inspirados em acontecimentos hist\u00f3ricos ou at\u00e9 liter\u00e1rios de \u00e9pocas passadas. A seguir, deixamos uma proposta de eventos originais a apontar [&hellip;]\" \/>\n<meta property=\"og:url\" content=\"https:\/\/www.polonia.travel\/pt\/entre-vikings-e-festivais-de-luz\/\" \/>\n<meta property=\"og:site_name\" content=\"Polonia Travel (PT)\" \/>\n<meta property=\"article:published_time\" content=\"2026-03-05T14:48:30+00:00\" \/>\n<meta property=\"article:modified_time\" content=\"2026-03-05T14:49:52+00:00\" \/>\n<meta property=\"og:image\" content=\"https:\/\/www.polonia.travel\/pt\/wp-content\/uploads\/sites\/19\/2025\/05\/M6B9998.jpg\" \/>\n\t<meta property=\"og:image:width\" content=\"1200\" \/>\n\t<meta property=\"og:image:height\" content=\"857\" \/>\n\t<meta property=\"og:image:type\" content=\"image\/jpeg\" \/>\n<meta name=\"author\" content=\"paula.gwadera\" \/>\n<meta name=\"twitter:card\" content=\"summary_large_image\" \/>\n<meta name=\"twitter:label1\" content=\"Napisane przez\" \/>\n\t<meta name=\"twitter:data1\" content=\"paula.gwadera\" \/>\n\t<meta name=\"twitter:label2\" content=\"Szacowany czas czytania\" \/>\n\t<meta name=\"twitter:data2\" content=\"8 minut\" \/>\n<script type=\"application\/ld+json\" class=\"yoast-schema-graph\">{\"@context\":\"https:\\\/\\\/schema.org\",\"@graph\":[{\"@type\":\"Article\",\"@id\":\"https:\\\/\\\/www.polonia.travel\\\/pt\\\/entre-vikings-e-festivais-de-luz\\\/#article\",\"isPartOf\":{\"@id\":\"https:\\\/\\\/www.polonia.travel\\\/pt\\\/entre-vikings-e-festivais-de-luz\\\/\"},\"author\":{\"name\":\"paula.gwadera\",\"@id\":\"https:\\\/\\\/wp-pt.poland.travel\\\/#\\\/schema\\\/person\\\/3730d2170ec81699992d8c769e4caba9\"},\"headline\":\"Entre vikings e festivais de luz\",\"datePublished\":\"2026-03-05T14:48:30+00:00\",\"dateModified\":\"2026-03-05T14:49:52+00:00\",\"mainEntityOfPage\":{\"@id\":\"https:\\\/\\\/www.polonia.travel\\\/pt\\\/entre-vikings-e-festivais-de-luz\\\/\"},\"wordCount\":951,\"commentCount\":0,\"publisher\":{\"@id\":\"https:\\\/\\\/wp-pt.poland.travel\\\/#organization\"},\"image\":{\"@id\":\"https:\\\/\\\/www.polonia.travel\\\/pt\\\/entre-vikings-e-festivais-de-luz\\\/#primaryimage\"},\"thumbnailUrl\":\"https:\\\/\\\/www.polonia.travel\\\/pt\\\/wp-content\\\/uploads\\\/sites\\\/19\\\/2025\\\/05\\\/M6B9998.jpg\",\"articleSection\":[\"Inspira\u00e7\u00f5es de viagem\",\"Inspira\u00e7\u00f5es\"],\"inLanguage\":\"pl-PL\"},{\"@type\":\"WebPage\",\"@id\":\"https:\\\/\\\/www.polonia.travel\\\/pt\\\/entre-vikings-e-festivais-de-luz\\\/\",\"url\":\"https:\\\/\\\/www.polonia.travel\\\/pt\\\/entre-vikings-e-festivais-de-luz\\\/\",\"name\":\"Entre vikings e festivais de luz - Polonia Travel (PT)\",\"isPartOf\":{\"@id\":\"https:\\\/\\\/wp-pt.poland.travel\\\/#website\"},\"primaryImageOfPage\":{\"@id\":\"https:\\\/\\\/www.polonia.travel\\\/pt\\\/entre-vikings-e-festivais-de-luz\\\/#primaryimage\"},\"image\":{\"@id\":\"https:\\\/\\\/www.polonia.travel\\\/pt\\\/entre-vikings-e-festivais-de-luz\\\/#primaryimage\"},\"thumbnailUrl\":\"https:\\\/\\\/www.polonia.travel\\\/pt\\\/wp-content\\\/uploads\\\/sites\\\/19\\\/2025\\\/05\\\/M6B9998.jpg\",\"datePublished\":\"2026-03-05T14:48:30+00:00\",\"dateModified\":\"2026-03-05T14:49:52+00:00\",\"breadcrumb\":{\"@id\":\"https:\\\/\\\/www.polonia.travel\\\/pt\\\/entre-vikings-e-festivais-de-luz\\\/#breadcrumb\"},\"inLanguage\":\"pl-PL\",\"potentialAction\":[{\"@type\":\"ReadAction\",\"target\":[\"https:\\\/\\\/www.polonia.travel\\\/pt\\\/entre-vikings-e-festivais-de-luz\\\/\"]}]},{\"@type\":\"ImageObject\",\"inLanguage\":\"pl-PL\",\"@id\":\"https:\\\/\\\/www.polonia.travel\\\/pt\\\/entre-vikings-e-festivais-de-luz\\\/#primaryimage\",\"url\":\"https:\\\/\\\/www.polonia.travel\\\/pt\\\/wp-content\\\/uploads\\\/sites\\\/19\\\/2025\\\/05\\\/M6B9998.jpg\",\"contentUrl\":\"https:\\\/\\\/www.polonia.travel\\\/pt\\\/wp-content\\\/uploads\\\/sites\\\/19\\\/2025\\\/05\\\/M6B9998.jpg\",\"width\":4500,\"height\":3214},{\"@type\":\"BreadcrumbList\",\"@id\":\"https:\\\/\\\/www.polonia.travel\\\/pt\\\/entre-vikings-e-festivais-de-luz\\\/#breadcrumb\",\"itemListElement\":[{\"@type\":\"ListItem\",\"position\":1,\"name\":\"Home page\",\"item\":\"https:\\\/\\\/www.polonia.travel\\\/pt\\\/\"},{\"@type\":\"ListItem\",\"position\":2,\"name\":\"Inspira\u00e7\u00f5es de viagem\",\"item\":\"https:\\\/\\\/wp-pt.poland.travel\\\/category\\\/inspiracoes-de-viagem\\\/\"},{\"@type\":\"ListItem\",\"position\":3,\"name\":\"Inspira\u00e7\u00f5es\",\"item\":\"https:\\\/\\\/wp-pt.poland.travel\\\/category\\\/inspiracoes-de-viagem\\\/inspiracoes\\\/\"},{\"@type\":\"ListItem\",\"position\":4,\"name\":\"Entre vikings e festivais de luz\"}]},{\"@type\":\"WebSite\",\"@id\":\"https:\\\/\\\/wp-pt.poland.travel\\\/#website\",\"url\":\"https:\\\/\\\/wp-pt.poland.travel\\\/\",\"name\":\"Polonia Travel (PT)\",\"description\":\"...\",\"publisher\":{\"@id\":\"https:\\\/\\\/wp-pt.poland.travel\\\/#organization\"},\"potentialAction\":[{\"@type\":\"SearchAction\",\"target\":{\"@type\":\"EntryPoint\",\"urlTemplate\":\"https:\\\/\\\/wp-pt.poland.travel\\\/?s={search_term_string}\"},\"query-input\":{\"@type\":\"PropertyValueSpecification\",\"valueRequired\":true,\"valueName\":\"search_term_string\"}}],\"inLanguage\":\"pl-PL\"},{\"@type\":\"Organization\",\"@id\":\"https:\\\/\\\/wp-pt.poland.travel\\\/#organization\",\"name\":\"Polonia Travel (PT)\",\"url\":\"https:\\\/\\\/wp-pt.poland.travel\\\/\",\"logo\":{\"@type\":\"ImageObject\",\"inLanguage\":\"pl-PL\",\"@id\":\"https:\\\/\\\/wp-pt.poland.travel\\\/#\\\/schema\\\/logo\\\/image\\\/\",\"url\":\"https:\\\/\\\/en-en.polska.travel\\\/wp-content\\\/uploads\\\/sites\\\/19\\\/2022\\\/11\\\/logo.svg\",\"contentUrl\":\"https:\\\/\\\/en-en.polska.travel\\\/wp-content\\\/uploads\\\/sites\\\/19\\\/2022\\\/11\\\/logo.svg\",\"width\":198,\"height\":96,\"caption\":\"Polonia Travel (PT)\"},\"image\":{\"@id\":\"https:\\\/\\\/wp-pt.poland.travel\\\/#\\\/schema\\\/logo\\\/image\\\/\"}},{\"@type\":\"Person\",\"@id\":\"https:\\\/\\\/wp-pt.poland.travel\\\/#\\\/schema\\\/person\\\/3730d2170ec81699992d8c769e4caba9\",\"name\":\"paula.gwadera\",\"image\":{\"@type\":\"ImageObject\",\"inLanguage\":\"pl-PL\",\"@id\":\"https:\\\/\\\/secure.gravatar.com\\\/avatar\\\/49295582de5868f93cb6cd50c89b11154e6998683e69ebc15d113725d120f96e?s=96&d=mm&r=g\",\"url\":\"https:\\\/\\\/secure.gravatar.com\\\/avatar\\\/49295582de5868f93cb6cd50c89b11154e6998683e69ebc15d113725d120f96e?s=96&d=mm&r=g\",\"contentUrl\":\"https:\\\/\\\/secure.gravatar.com\\\/avatar\\\/49295582de5868f93cb6cd50c89b11154e6998683e69ebc15d113725d120f96e?s=96&d=mm&r=g\",\"caption\":\"paula.gwadera\"},\"url\":\"https:\\\/\\\/www.polonia.travel\\\/pt\\\/author\\\/paula-gwadera\\\/\"}]}<\/script>\n<!-- \/ Yoast SEO plugin. -->","yoast_head_json":{"title":"Entre vikings e festivais de luz - Polonia Travel (PT)","robots":{"index":"index","follow":"follow","max-snippet":"max-snippet:-1","max-image-preview":"max-image-preview:large","max-video-preview":"max-video-preview:-1"},"canonical":"https:\/\/www.polonia.travel\/pt\/entre-vikings-e-festivais-de-luz\/","og_locale":"pl_PL","og_type":"article","og_title":"Entre vikings e festivais de luz - Polonia Travel (PT)","og_description":"Entre vikings e festivais de luz Tendo em conta a hist\u00f3ria milenar da Pol\u00f3nia, v\u00e1rias culturas deixaram aqui a sua marca. Essas tradi\u00e7\u00f5es continuam vivas gra\u00e7as aos festivais tem\u00e1ticos que se realizam todos os anos, inspirados em acontecimentos hist\u00f3ricos ou at\u00e9 liter\u00e1rios de \u00e9pocas passadas. A seguir, deixamos uma proposta de eventos originais a apontar [&hellip;]","og_url":"https:\/\/www.polonia.travel\/pt\/entre-vikings-e-festivais-de-luz\/","og_site_name":"Polonia Travel (PT)","article_published_time":"2026-03-05T14:48:30+00:00","article_modified_time":"2026-03-05T14:49:52+00:00","og_image":[{"url":"https:\/\/www.polonia.travel\/pt\/wp-content\/uploads\/sites\/19\/2025\/05\/M6B9998.jpg","width":1200,"height":857,"type":"image\/jpeg"}],"author":"paula.gwadera","twitter_card":"summary_large_image","twitter_misc":{"Napisane przez":"paula.gwadera","Szacowany czas czytania":"8 minut"},"schema":{"@context":"https:\/\/schema.org","@graph":[{"@type":"Article","@id":"https:\/\/www.polonia.travel\/pt\/entre-vikings-e-festivais-de-luz\/#article","isPartOf":{"@id":"https:\/\/www.polonia.travel\/pt\/entre-vikings-e-festivais-de-luz\/"},"author":{"name":"paula.gwadera","@id":"https:\/\/wp-pt.poland.travel\/#\/schema\/person\/3730d2170ec81699992d8c769e4caba9"},"headline":"Entre vikings e festivais de luz","datePublished":"2026-03-05T14:48:30+00:00","dateModified":"2026-03-05T14:49:52+00:00","mainEntityOfPage":{"@id":"https:\/\/www.polonia.travel\/pt\/entre-vikings-e-festivais-de-luz\/"},"wordCount":951,"commentCount":0,"publisher":{"@id":"https:\/\/wp-pt.poland.travel\/#organization"},"image":{"@id":"https:\/\/www.polonia.travel\/pt\/entre-vikings-e-festivais-de-luz\/#primaryimage"},"thumbnailUrl":"https:\/\/www.polonia.travel\/pt\/wp-content\/uploads\/sites\/19\/2025\/05\/M6B9998.jpg","articleSection":["Inspira\u00e7\u00f5es de viagem","Inspira\u00e7\u00f5es"],"inLanguage":"pl-PL"},{"@type":"WebPage","@id":"https:\/\/www.polonia.travel\/pt\/entre-vikings-e-festivais-de-luz\/","url":"https:\/\/www.polonia.travel\/pt\/entre-vikings-e-festivais-de-luz\/","name":"Entre vikings e festivais de luz - Polonia Travel (PT)","isPartOf":{"@id":"https:\/\/wp-pt.poland.travel\/#website"},"primaryImageOfPage":{"@id":"https:\/\/www.polonia.travel\/pt\/entre-vikings-e-festivais-de-luz\/#primaryimage"},"image":{"@id":"https:\/\/www.polonia.travel\/pt\/entre-vikings-e-festivais-de-luz\/#primaryimage"},"thumbnailUrl":"https:\/\/www.polonia.travel\/pt\/wp-content\/uploads\/sites\/19\/2025\/05\/M6B9998.jpg","datePublished":"2026-03-05T14:48:30+00:00","dateModified":"2026-03-05T14:49:52+00:00","breadcrumb":{"@id":"https:\/\/www.polonia.travel\/pt\/entre-vikings-e-festivais-de-luz\/#breadcrumb"},"inLanguage":"pl-PL","potentialAction":[{"@type":"ReadAction","target":["https:\/\/www.polonia.travel\/pt\/entre-vikings-e-festivais-de-luz\/"]}]},{"@type":"ImageObject","inLanguage":"pl-PL","@id":"https:\/\/www.polonia.travel\/pt\/entre-vikings-e-festivais-de-luz\/#primaryimage","url":"https:\/\/www.polonia.travel\/pt\/wp-content\/uploads\/sites\/19\/2025\/05\/M6B9998.jpg","contentUrl":"https:\/\/www.polonia.travel\/pt\/wp-content\/uploads\/sites\/19\/2025\/05\/M6B9998.jpg","width":4500,"height":3214},{"@type":"BreadcrumbList","@id":"https:\/\/www.polonia.travel\/pt\/entre-vikings-e-festivais-de-luz\/#breadcrumb","itemListElement":[{"@type":"ListItem","position":1,"name":"Home page","item":"https:\/\/www.polonia.travel\/pt\/"},{"@type":"ListItem","position":2,"name":"Inspira\u00e7\u00f5es de viagem","item":"https:\/\/wp-pt.poland.travel\/category\/inspiracoes-de-viagem\/"},{"@type":"ListItem","position":3,"name":"Inspira\u00e7\u00f5es","item":"https:\/\/wp-pt.poland.travel\/category\/inspiracoes-de-viagem\/inspiracoes\/"},{"@type":"ListItem","position":4,"name":"Entre vikings e festivais de luz"}]},{"@type":"WebSite","@id":"https:\/\/wp-pt.poland.travel\/#website","url":"https:\/\/wp-pt.poland.travel\/","name":"Polonia Travel (PT)","description":"...","publisher":{"@id":"https:\/\/wp-pt.poland.travel\/#organization"},"potentialAction":[{"@type":"SearchAction","target":{"@type":"EntryPoint","urlTemplate":"https:\/\/wp-pt.poland.travel\/?s={search_term_string}"},"query-input":{"@type":"PropertyValueSpecification","valueRequired":true,"valueName":"search_term_string"}}],"inLanguage":"pl-PL"},{"@type":"Organization","@id":"https:\/\/wp-pt.poland.travel\/#organization","name":"Polonia Travel (PT)","url":"https:\/\/wp-pt.poland.travel\/","logo":{"@type":"ImageObject","inLanguage":"pl-PL","@id":"https:\/\/wp-pt.poland.travel\/#\/schema\/logo\/image\/","url":"https:\/\/en-en.polska.travel\/wp-content\/uploads\/sites\/19\/2022\/11\/logo.svg","contentUrl":"https:\/\/en-en.polska.travel\/wp-content\/uploads\/sites\/19\/2022\/11\/logo.svg","width":198,"height":96,"caption":"Polonia Travel (PT)"},"image":{"@id":"https:\/\/wp-pt.poland.travel\/#\/schema\/logo\/image\/"}},{"@type":"Person","@id":"https:\/\/wp-pt.poland.travel\/#\/schema\/person\/3730d2170ec81699992d8c769e4caba9","name":"paula.gwadera","image":{"@type":"ImageObject","inLanguage":"pl-PL","@id":"https:\/\/secure.gravatar.com\/avatar\/49295582de5868f93cb6cd50c89b11154e6998683e69ebc15d113725d120f96e?s=96&d=mm&r=g","url":"https:\/\/secure.gravatar.com\/avatar\/49295582de5868f93cb6cd50c89b11154e6998683e69ebc15d113725d120f96e?s=96&d=mm&r=g","contentUrl":"https:\/\/secure.gravatar.com\/avatar\/49295582de5868f93cb6cd50c89b11154e6998683e69ebc15d113725d120f96e?s=96&d=mm&r=g","caption":"paula.gwadera"},"url":"https:\/\/www.polonia.travel\/pt\/author\/paula-gwadera\/"}]}},"_links":{"self":[{"href":"https:\/\/www.polonia.travel\/pt\/wp-json\/wp\/v2\/posts\/32944","targetHints":{"allow":["GET"]}}],"collection":[{"href":"https:\/\/www.polonia.travel\/pt\/wp-json\/wp\/v2\/posts"}],"about":[{"href":"https:\/\/www.polonia.travel\/pt\/wp-json\/wp\/v2\/types\/post"}],"author":[{"embeddable":true,"href":"https:\/\/www.polonia.travel\/pt\/wp-json\/wp\/v2\/users\/22"}],"replies":[{"embeddable":true,"href":"https:\/\/www.polonia.travel\/pt\/wp-json\/wp\/v2\/comments?post=32944"}],"version-history":[{"count":5,"href":"https:\/\/www.polonia.travel\/pt\/wp-json\/wp\/v2\/posts\/32944\/revisions"}],"predecessor-version":[{"id":32957,"href":"https:\/\/www.polonia.travel\/pt\/wp-json\/wp\/v2\/posts\/32944\/revisions\/32957"}],"wp:featuredmedia":[{"embeddable":true,"href":"https:\/\/www.polonia.travel\/pt\/wp-json\/wp\/v2\/media\/32705"}],"wp:attachment":[{"href":"https:\/\/www.polonia.travel\/pt\/wp-json\/wp\/v2\/media?parent=32944"}],"wp:term":[{"taxonomy":"category","embeddable":true,"href":"https:\/\/www.polonia.travel\/pt\/wp-json\/wp\/v2\/categories?post=32944"}],"curies":[{"name":"wp","href":"https:\/\/api.w.org\/{rel}","templated":true}]}}