{"id":32777,"date":"2025-09-02T16:21:49","date_gmt":"2025-09-02T14:21:49","guid":{"rendered":"https:\/\/www.polonia.travel\/pt\/ligacoes-aereas-diretas-entre-portugal-e-a-polonia-verao-2025-2\/"},"modified":"2026-02-04T12:46:21","modified_gmt":"2026-02-04T11:46:21","slug":"ligacoes-aereas-diretas-entre-portugal-e-a-polonia-verao-2025-2","status":"publish","type":"post","link":"https:\/\/www.polonia.travel\/pt\/ligacoes-aereas-diretas-entre-portugal-e-a-polonia-verao-2025-2\/","title":{"rendered":"Liga\u00e7\u00f5es a\u00e9reas diretas entre Portugal e a Pol\u00f3nia &#8211; outono\/inverno 2025"},"content":{"rendered":"\n<div class=\"wp-block-group is-style-container-medium\"><div class=\"wp-block-group__inner-container is-layout-constrained wp-block-group-is-layout-constrained\">\n<h2 class=\"wp-block-heading\">Liga\u00e7\u00f5es a\u00e9reas diretas entre Portugal e a Pol\u00f3nia &#8211; outono\/inverno 2025<\/h2>\n<\/div><\/div>\n\n\n\n<div style=\"height:100px\" aria-hidden=\"true\" class=\"wp-block-spacer is-style-spacer-small\"><\/div>\n\n\n\n<div class=\"wp-block-group is-style-container-medium\"><div class=\"wp-block-group__inner-container is-layout-constrained wp-block-group-is-layout-constrained\">\n<p>A \u00e9poca de <strong>outono\/inverno<\/strong> continua a oferecer a oportunidade de viajar para a <strong>Pol\u00f3nia<\/strong> a partir de <strong>Portugal<\/strong> em voos diretos.<\/p>\n\n\n\n<p>A companhia a\u00e9rea nacional, <strong>Polish Airlines (LOT)<\/strong>, vai continuar a oferecer voos diretos entre Lisboa e a capital polaca, tal como a portuguesa <strong>TAP<\/strong>. <\/p>\n\n\n\n<p>As companhias a\u00e9reas de baixo custo<strong> Wizzair<\/strong> e <strong>Ryanair<\/strong> aumentam a frequ\u00eancia dos voos e abrem novas rotas.<\/p>\n<\/div><\/div>\n\n\n\n<div style=\"height:100px\" aria-hidden=\"true\" class=\"wp-block-spacer is-style-spacer-small\"><\/div>\n\n\n\n<div class=\"wp-block-group is-style-container-medium\"><div class=\"wp-block-group__inner-container is-layout-constrained wp-block-group-is-layout-constrained\">\n<figure class=\"wp-block-image size-large\"><img loading=\"lazy\" decoding=\"async\" width=\"1200\" height=\"800\" src=\"https:\/\/www.polonia.travel\/pt\/wp-content\/uploads\/sites\/19\/2025\/09\/Rodzina_GettyImages-1002006346-1200x800.jpg\" alt=\"\" class=\"wp-image-32779\" srcset=\"https:\/\/www.polonia.travel\/pt\/wp-content\/uploads\/sites\/19\/2025\/09\/Rodzina_GettyImages-1002006346-1200x800.jpg 1200w, https:\/\/www.polonia.travel\/pt\/wp-content\/uploads\/sites\/19\/2025\/09\/Rodzina_GettyImages-1002006346-600x400.jpg 600w, https:\/\/www.polonia.travel\/pt\/wp-content\/uploads\/sites\/19\/2025\/09\/Rodzina_GettyImages-1002006346-768x512.jpg 768w, https:\/\/www.polonia.travel\/pt\/wp-content\/uploads\/sites\/19\/2025\/09\/Rodzina_GettyImages-1002006346-1536x1024.jpg 1536w, https:\/\/www.polonia.travel\/pt\/wp-content\/uploads\/sites\/19\/2025\/09\/Rodzina_GettyImages-1002006346-2048x1365.jpg 2048w, https:\/\/www.polonia.travel\/pt\/wp-content\/uploads\/sites\/19\/2025\/09\/Rodzina_GettyImages-1002006346-1920x1280.jpg 1920w\" sizes=\"auto, (max-width: 1200px) 100vw, 1200px\" \/><figcaption class=\"wp-element-caption\">Happy family having fun while taking a selfie with mobile phone in the park.<\/figcaption><\/figure>\n<\/div><\/div>\n\n\n\n<div style=\"height:100px\" aria-hidden=\"true\" class=\"wp-block-spacer is-style-spacer-small\"><\/div>\n\n\n\n<h4 class=\"wp-block-heading has-text-align-center\"><strong>Temporada de inverno<\/strong><\/h4>\n\n\n\n<h3 class=\"wp-block-heading has-text-align-center\">novembro &#8211; mar\u00e7o 2025\/26<\/h3>\n\n\n\n<div style=\"height:100px\" aria-hidden=\"true\" class=\"wp-block-spacer\"><\/div>\n\n\n\n<div class=\"wp-block-group is-style-container-medium\"><div class=\"wp-block-group__inner-container is-layout-constrained wp-block-group-is-layout-constrained\">\n<p><strong>TAP PORTUGAL&nbsp;<\/strong>&nbsp;<\/p>\n\n\n\n<p><strong>Lisboa &#8211; Vars\u00f3via (Chopin Airport)<\/strong>, v\u00e1rias vezes por semana\u00a0\u00a0<\/p>\n\n\n\n<div style=\"height:100px\" aria-hidden=\"true\" class=\"wp-block-spacer is-style-spacer-small\"><\/div>\n\n\n\n<hr class=\"wp-block-separator has-alpha-channel-opacity\" \/>\n\n\n\n<p><strong>LOT POLISH AIRLINES<\/strong><\/p>\n\n\n\n<p><strong>Lisboa &#8211; Vars\u00f3via (Chopin Airport)<\/strong>,&nbsp;voos di\u00e1rios&nbsp;&nbsp;<\/p>\n\n\n\n<div style=\"height:100px\" aria-hidden=\"true\" class=\"wp-block-spacer is-style-spacer-small\"><\/div>\n\n\n\n<hr class=\"wp-block-separator has-alpha-channel-opacity\" \/>\n\n\n\n<p><strong>WIZZAIR<\/strong><\/p>\n\n\n\n<p><strong>Lisboa <\/strong>&#8211; <strong>Vars\u00f3via (Chopin Airport)<\/strong>, tres vezes por semana (ter\u00e7a, quinta e s\u00e1bado)<\/p>\n\n\n\n<p><strong>Porto &#8211; Vars\u00f3via (Chopin Airport)<\/strong>, duas vezes por semana em novembro (quarta-feira e domingo), tres vezes por semana a partir de dezembro (ter\u00e7a, quarta-feira e domingo)<\/p>\n\n\n\n<p><strong>Porto &#8211; Katowice<\/strong>, duas vezes por semana (quarta-feira e domingo) &#8211; <strong>NOVIDADE<\/strong><\/p>\n\n\n\n<p><strong>Madeira &#8211; Vars\u00f3via (Chopin Airport)<\/strong>, quatro vezes por semana (segunda, quarta, sexta-feira e domingo)<\/p>\n\n\n\n<p><strong>Madeira &#8211; Katowice<\/strong>, tres vezes por semana (ter\u00e7a, quinta-feira e s\u00e1bado)<\/p>\n\n\n\n<p><strong>Madeira &#8211; Gdansk<\/strong>, tres vezes por semana (segunda, quarta e sexta-feira)<\/p>\n\n\n\n<div style=\"height:100px\" aria-hidden=\"true\" class=\"wp-block-spacer is-style-spacer-small\"><\/div>\n\n\n\n<hr class=\"wp-block-separator has-alpha-channel-opacity\" \/>\n\n\n\n<p><strong>RYANAIR&nbsp;<\/strong>&nbsp;<\/p>\n\n\n\n<p><strong>Lisboa \u2013 Vars\u00f3via Modlin,<\/strong>\u00a0duas vezes por semana\u00a0(quinta e domingo)\u00a0<\/p>\n\n\n\n<p><strong>Lisboa \u2013 Crac\u00f3via<\/strong>, cinco vezes por semana (ter\u00e7a, quarta, quinta, sexta -feira e domingo)\u00a0\u00a0\u00a0<\/p>\n\n\n\n<p><strong>Lisboa \u2013 Poznan<\/strong>, duas vezes por semana (segunda e sexta-feira)\u00a0<\/p>\n\n\n\n<p><strong>Lisboa &#8211; Wroc\u0142aw<\/strong>, duas vezes por semana (quarta-feira e domingo) a partir de dezembro &#8211; <strong>NOVIDADE<\/strong><\/p>\n\n\n\n<p><strong>Porto &#8211; Vars\u00f3via (Chopin Airport)<\/strong>, duas vezes por semana (quinta-feira e domingo) &#8211; <strong>NOVIDADE<\/strong><\/p>\n\n\n\n<p><strong>Porto &#8211; Crac\u00f3via<\/strong>, cinco vezes por semana (segunda, quarta, quinta, sexta-feira e domingo) <\/p>\n\n\n\n<p><strong>Porto &#8211; Wroc\u0142aw<\/strong>, tres vezes por semana (ter\u00e7a, quarta-feira e s\u00e1bado) a partir de novembro\u00a0\u00a0<\/p>\n\n\n\n<p><strong>Faro &#8211; Crac\u00f3via<\/strong>, duas vezes por semana (segunda e sexta- feira )&nbsp;<\/p>\n\n\n\n<div style=\"height:100px\" aria-hidden=\"true\" class=\"wp-block-spacer\"><\/div>\n<\/div><\/div>\n","protected":false},"excerpt":{"rendered":"<p>Liga\u00e7\u00f5es a\u00e9reas diretas entre Portugal e a Pol\u00f3nia &#8211; outono\/inverno 2025 A \u00e9poca de outono\/inverno continua a oferecer a oportunidade de viajar para a Pol\u00f3nia a partir de Portugal em voos diretos. A companhia a\u00e9rea nacional, Polish Airlines (LOT), vai continuar a oferecer voos diretos entre Lisboa e a capital polaca, tal como a portuguesa [&hellip;]<\/p>\n","protected":false},"author":22,"featured_media":29954,"comment_status":"open","ping_status":"open","sticky":false,"template":"","format":"standard","meta":{"_acf_changed":false,"footnotes":""},"categories":[1],"class_list":["post-32777","post","type-post","status-publish","format-standard","has-post-thumbnail","hentry","category-archiwum"],"acf":[],"yoast_head":"<!-- This site is optimized with the Yoast SEO plugin v27.4 - https:\/\/yoast.com\/product\/yoast-seo-wordpress\/ -->\n<title>Liga\u00e7\u00f5es a\u00e9reas diretas entre Portugal e a Pol\u00f3nia - outono\/inverno 2025 - Polonia Travel (PT)<\/title>\n<meta name=\"robots\" content=\"index, follow, max-snippet:-1, max-image-preview:large, max-video-preview:-1\" \/>\n<link rel=\"canonical\" href=\"https:\/\/www.polonia.travel\/pt\/ligacoes-aereas-diretas-entre-portugal-e-a-polonia-verao-2025-2\/\" \/>\n<meta property=\"og:locale\" content=\"pl_PL\" \/>\n<meta property=\"og:type\" content=\"article\" \/>\n<meta property=\"og:title\" content=\"Liga\u00e7\u00f5es a\u00e9reas diretas entre Portugal e a Pol\u00f3nia - outono\/inverno 2025 - Polonia Travel (PT)\" \/>\n<meta property=\"og:description\" content=\"Liga\u00e7\u00f5es a\u00e9reas diretas entre Portugal e a Pol\u00f3nia &#8211; outono\/inverno 2025 A \u00e9poca de outono\/inverno continua a oferecer a oportunidade de viajar para a Pol\u00f3nia a partir de Portugal em voos diretos. A companhia a\u00e9rea nacional, Polish Airlines (LOT), vai continuar a oferecer voos diretos entre Lisboa e a capital polaca, tal como a portuguesa [&hellip;]\" \/>\n<meta property=\"og:url\" content=\"https:\/\/www.polonia.travel\/pt\/ligacoes-aereas-diretas-entre-portugal-e-a-polonia-verao-2025-2\/\" \/>\n<meta property=\"og:site_name\" content=\"Polonia Travel (PT)\" \/>\n<meta property=\"article:published_time\" content=\"2025-09-02T14:21:49+00:00\" \/>\n<meta property=\"article:modified_time\" content=\"2026-02-04T11:46:21+00:00\" \/>\n<meta property=\"og:image\" content=\"https:\/\/www.polonia.travel\/pt\/wp-content\/uploads\/sites\/19\/2023\/08\/samolot1920.jpg\" \/>\n\t<meta property=\"og:image:width\" content=\"1920\" \/>\n\t<meta property=\"og:image:height\" content=\"488\" \/>\n\t<meta property=\"og:image:type\" content=\"image\/jpeg\" \/>\n<meta name=\"author\" content=\"paula.gwadera\" \/>\n<meta name=\"twitter:card\" content=\"summary_large_image\" \/>\n<meta name=\"twitter:label1\" content=\"Napisane przez\" \/>\n\t<meta name=\"twitter:data1\" content=\"paula.gwadera\" \/>\n\t<meta name=\"twitter:label2\" content=\"Szacowany czas czytania\" \/>\n\t<meta name=\"twitter:data2\" content=\"3 minuty\" \/>\n<script type=\"application\/ld+json\" class=\"yoast-schema-graph\">{\"@context\":\"https:\\\/\\\/schema.org\",\"@graph\":[{\"@type\":\"Article\",\"@id\":\"https:\\\/\\\/www.polonia.travel\\\/pt\\\/ligacoes-aereas-diretas-entre-portugal-e-a-polonia-verao-2025-2\\\/#article\",\"isPartOf\":{\"@id\":\"https:\\\/\\\/www.polonia.travel\\\/pt\\\/ligacoes-aereas-diretas-entre-portugal-e-a-polonia-verao-2025-2\\\/\"},\"author\":{\"name\":\"paula.gwadera\",\"@id\":\"https:\\\/\\\/wp-pt.poland.travel\\\/#\\\/schema\\\/person\\\/3730d2170ec81699992d8c769e4caba9\"},\"headline\":\"Liga\u00e7\u00f5es a\u00e9reas diretas entre Portugal e a Pol\u00f3nia &#8211; outono\\\/inverno 2025\",\"datePublished\":\"2025-09-02T14:21:49+00:00\",\"dateModified\":\"2026-02-04T11:46:21+00:00\",\"mainEntityOfPage\":{\"@id\":\"https:\\\/\\\/www.polonia.travel\\\/pt\\\/ligacoes-aereas-diretas-entre-portugal-e-a-polonia-verao-2025-2\\\/\"},\"wordCount\":358,\"commentCount\":0,\"publisher\":{\"@id\":\"https:\\\/\\\/wp-pt.poland.travel\\\/#organization\"},\"image\":{\"@id\":\"https:\\\/\\\/www.polonia.travel\\\/pt\\\/ligacoes-aereas-diretas-entre-portugal-e-a-polonia-verao-2025-2\\\/#primaryimage\"},\"thumbnailUrl\":\"https:\\\/\\\/www.polonia.travel\\\/pt\\\/wp-content\\\/uploads\\\/sites\\\/19\\\/2023\\\/08\\\/samolot1920.jpg\",\"keywords\":[\"voos diretos\",\"Portugal\",\"voos\",\"liga\u00e7oes aereas\",\"Polonia\",\"verao 2025\"],\"articleSection\":[\"Archiwum\"],\"inLanguage\":\"pl-PL\"},{\"@type\":\"WebPage\",\"@id\":\"https:\\\/\\\/www.polonia.travel\\\/pt\\\/ligacoes-aereas-diretas-entre-portugal-e-a-polonia-verao-2025-2\\\/\",\"url\":\"https:\\\/\\\/www.polonia.travel\\\/pt\\\/ligacoes-aereas-diretas-entre-portugal-e-a-polonia-verao-2025-2\\\/\",\"name\":\"Liga\u00e7\u00f5es a\u00e9reas diretas entre Portugal e a Pol\u00f3nia - outono\\\/inverno 2025 - Polonia Travel (PT)\",\"isPartOf\":{\"@id\":\"https:\\\/\\\/wp-pt.poland.travel\\\/#website\"},\"primaryImageOfPage\":{\"@id\":\"https:\\\/\\\/www.polonia.travel\\\/pt\\\/ligacoes-aereas-diretas-entre-portugal-e-a-polonia-verao-2025-2\\\/#primaryimage\"},\"image\":{\"@id\":\"https:\\\/\\\/www.polonia.travel\\\/pt\\\/ligacoes-aereas-diretas-entre-portugal-e-a-polonia-verao-2025-2\\\/#primaryimage\"},\"thumbnailUrl\":\"https:\\\/\\\/www.polonia.travel\\\/pt\\\/wp-content\\\/uploads\\\/sites\\\/19\\\/2023\\\/08\\\/samolot1920.jpg\",\"datePublished\":\"2025-09-02T14:21:49+00:00\",\"dateModified\":\"2026-02-04T11:46:21+00:00\",\"breadcrumb\":{\"@id\":\"https:\\\/\\\/www.polonia.travel\\\/pt\\\/ligacoes-aereas-diretas-entre-portugal-e-a-polonia-verao-2025-2\\\/#breadcrumb\"},\"inLanguage\":\"pl-PL\",\"potentialAction\":[{\"@type\":\"ReadAction\",\"target\":[\"https:\\\/\\\/www.polonia.travel\\\/pt\\\/ligacoes-aereas-diretas-entre-portugal-e-a-polonia-verao-2025-2\\\/\"]}]},{\"@type\":\"ImageObject\",\"inLanguage\":\"pl-PL\",\"@id\":\"https:\\\/\\\/www.polonia.travel\\\/pt\\\/ligacoes-aereas-diretas-entre-portugal-e-a-polonia-verao-2025-2\\\/#primaryimage\",\"url\":\"https:\\\/\\\/www.polonia.travel\\\/pt\\\/wp-content\\\/uploads\\\/sites\\\/19\\\/2023\\\/08\\\/samolot1920.jpg\",\"contentUrl\":\"https:\\\/\\\/www.polonia.travel\\\/pt\\\/wp-content\\\/uploads\\\/sites\\\/19\\\/2023\\\/08\\\/samolot1920.jpg\",\"width\":1920,\"height\":488,\"caption\":\"Runway at the airport and the plane flies and landing\"},{\"@type\":\"BreadcrumbList\",\"@id\":\"https:\\\/\\\/www.polonia.travel\\\/pt\\\/ligacoes-aereas-diretas-entre-portugal-e-a-polonia-verao-2025-2\\\/#breadcrumb\",\"itemListElement\":[{\"@type\":\"ListItem\",\"position\":1,\"name\":\"Home page\",\"item\":\"https:\\\/\\\/www.polonia.travel\\\/pt\\\/\"},{\"@type\":\"ListItem\",\"position\":2,\"name\":\"Archiwum\",\"item\":\"https:\\\/\\\/wp-pt.poland.travel\\\/category\\\/archiwum\\\/\"},{\"@type\":\"ListItem\",\"position\":3,\"name\":\"Liga\u00e7\u00f5es a\u00e9reas diretas entre Portugal e a Pol\u00f3nia &#8211; outono\\\/inverno 2025\"}]},{\"@type\":\"WebSite\",\"@id\":\"https:\\\/\\\/wp-pt.poland.travel\\\/#website\",\"url\":\"https:\\\/\\\/wp-pt.poland.travel\\\/\",\"name\":\"Polonia Travel (PT)\",\"description\":\"...\",\"publisher\":{\"@id\":\"https:\\\/\\\/wp-pt.poland.travel\\\/#organization\"},\"potentialAction\":[{\"@type\":\"SearchAction\",\"target\":{\"@type\":\"EntryPoint\",\"urlTemplate\":\"https:\\\/\\\/wp-pt.poland.travel\\\/?s={search_term_string}\"},\"query-input\":{\"@type\":\"PropertyValueSpecification\",\"valueRequired\":true,\"valueName\":\"search_term_string\"}}],\"inLanguage\":\"pl-PL\"},{\"@type\":\"Organization\",\"@id\":\"https:\\\/\\\/wp-pt.poland.travel\\\/#organization\",\"name\":\"Polonia Travel (PT)\",\"url\":\"https:\\\/\\\/wp-pt.poland.travel\\\/\",\"logo\":{\"@type\":\"ImageObject\",\"inLanguage\":\"pl-PL\",\"@id\":\"https:\\\/\\\/wp-pt.poland.travel\\\/#\\\/schema\\\/logo\\\/image\\\/\",\"url\":\"https:\\\/\\\/en-en.polska.travel\\\/wp-content\\\/uploads\\\/sites\\\/19\\\/2022\\\/11\\\/logo.svg\",\"contentUrl\":\"https:\\\/\\\/en-en.polska.travel\\\/wp-content\\\/uploads\\\/sites\\\/19\\\/2022\\\/11\\\/logo.svg\",\"width\":198,\"height\":96,\"caption\":\"Polonia Travel (PT)\"},\"image\":{\"@id\":\"https:\\\/\\\/wp-pt.poland.travel\\\/#\\\/schema\\\/logo\\\/image\\\/\"}},{\"@type\":\"Person\",\"@id\":\"https:\\\/\\\/wp-pt.poland.travel\\\/#\\\/schema\\\/person\\\/3730d2170ec81699992d8c769e4caba9\",\"name\":\"paula.gwadera\",\"image\":{\"@type\":\"ImageObject\",\"inLanguage\":\"pl-PL\",\"@id\":\"https:\\\/\\\/secure.gravatar.com\\\/avatar\\\/49295582de5868f93cb6cd50c89b11154e6998683e69ebc15d113725d120f96e?s=96&d=mm&r=g\",\"url\":\"https:\\\/\\\/secure.gravatar.com\\\/avatar\\\/49295582de5868f93cb6cd50c89b11154e6998683e69ebc15d113725d120f96e?s=96&d=mm&r=g\",\"contentUrl\":\"https:\\\/\\\/secure.gravatar.com\\\/avatar\\\/49295582de5868f93cb6cd50c89b11154e6998683e69ebc15d113725d120f96e?s=96&d=mm&r=g\",\"caption\":\"paula.gwadera\"},\"url\":\"https:\\\/\\\/www.polonia.travel\\\/pt\\\/author\\\/paula-gwadera\\\/\"}]}<\/script>\n<!-- \/ Yoast SEO plugin. -->","yoast_head_json":{"title":"Liga\u00e7\u00f5es a\u00e9reas diretas entre Portugal e a Pol\u00f3nia - outono\/inverno 2025 - Polonia Travel (PT)","robots":{"index":"index","follow":"follow","max-snippet":"max-snippet:-1","max-image-preview":"max-image-preview:large","max-video-preview":"max-video-preview:-1"},"canonical":"https:\/\/www.polonia.travel\/pt\/ligacoes-aereas-diretas-entre-portugal-e-a-polonia-verao-2025-2\/","og_locale":"pl_PL","og_type":"article","og_title":"Liga\u00e7\u00f5es a\u00e9reas diretas entre Portugal e a Pol\u00f3nia - outono\/inverno 2025 - Polonia Travel (PT)","og_description":"Liga\u00e7\u00f5es a\u00e9reas diretas entre Portugal e a Pol\u00f3nia &#8211; outono\/inverno 2025 A \u00e9poca de outono\/inverno continua a oferecer a oportunidade de viajar para a Pol\u00f3nia a partir de Portugal em voos diretos. A companhia a\u00e9rea nacional, Polish Airlines (LOT), vai continuar a oferecer voos diretos entre Lisboa e a capital polaca, tal como a portuguesa [&hellip;]","og_url":"https:\/\/www.polonia.travel\/pt\/ligacoes-aereas-diretas-entre-portugal-e-a-polonia-verao-2025-2\/","og_site_name":"Polonia Travel (PT)","article_published_time":"2025-09-02T14:21:49+00:00","article_modified_time":"2026-02-04T11:46:21+00:00","og_image":[{"width":1920,"height":488,"url":"https:\/\/www.polonia.travel\/pt\/wp-content\/uploads\/sites\/19\/2023\/08\/samolot1920.jpg","type":"image\/jpeg"}],"author":"paula.gwadera","twitter_card":"summary_large_image","twitter_misc":{"Napisane przez":"paula.gwadera","Szacowany czas czytania":"3 minuty"},"schema":{"@context":"https:\/\/schema.org","@graph":[{"@type":"Article","@id":"https:\/\/www.polonia.travel\/pt\/ligacoes-aereas-diretas-entre-portugal-e-a-polonia-verao-2025-2\/#article","isPartOf":{"@id":"https:\/\/www.polonia.travel\/pt\/ligacoes-aereas-diretas-entre-portugal-e-a-polonia-verao-2025-2\/"},"author":{"name":"paula.gwadera","@id":"https:\/\/wp-pt.poland.travel\/#\/schema\/person\/3730d2170ec81699992d8c769e4caba9"},"headline":"Liga\u00e7\u00f5es a\u00e9reas diretas entre Portugal e a Pol\u00f3nia &#8211; outono\/inverno 2025","datePublished":"2025-09-02T14:21:49+00:00","dateModified":"2026-02-04T11:46:21+00:00","mainEntityOfPage":{"@id":"https:\/\/www.polonia.travel\/pt\/ligacoes-aereas-diretas-entre-portugal-e-a-polonia-verao-2025-2\/"},"wordCount":358,"commentCount":0,"publisher":{"@id":"https:\/\/wp-pt.poland.travel\/#organization"},"image":{"@id":"https:\/\/www.polonia.travel\/pt\/ligacoes-aereas-diretas-entre-portugal-e-a-polonia-verao-2025-2\/#primaryimage"},"thumbnailUrl":"https:\/\/www.polonia.travel\/pt\/wp-content\/uploads\/sites\/19\/2023\/08\/samolot1920.jpg","keywords":["voos diretos","Portugal","voos","liga\u00e7oes aereas","Polonia","verao 2025"],"articleSection":["Archiwum"],"inLanguage":"pl-PL"},{"@type":"WebPage","@id":"https:\/\/www.polonia.travel\/pt\/ligacoes-aereas-diretas-entre-portugal-e-a-polonia-verao-2025-2\/","url":"https:\/\/www.polonia.travel\/pt\/ligacoes-aereas-diretas-entre-portugal-e-a-polonia-verao-2025-2\/","name":"Liga\u00e7\u00f5es a\u00e9reas diretas entre Portugal e a Pol\u00f3nia - outono\/inverno 2025 - Polonia Travel (PT)","isPartOf":{"@id":"https:\/\/wp-pt.poland.travel\/#website"},"primaryImageOfPage":{"@id":"https:\/\/www.polonia.travel\/pt\/ligacoes-aereas-diretas-entre-portugal-e-a-polonia-verao-2025-2\/#primaryimage"},"image":{"@id":"https:\/\/www.polonia.travel\/pt\/ligacoes-aereas-diretas-entre-portugal-e-a-polonia-verao-2025-2\/#primaryimage"},"thumbnailUrl":"https:\/\/www.polonia.travel\/pt\/wp-content\/uploads\/sites\/19\/2023\/08\/samolot1920.jpg","datePublished":"2025-09-02T14:21:49+00:00","dateModified":"2026-02-04T11:46:21+00:00","breadcrumb":{"@id":"https:\/\/www.polonia.travel\/pt\/ligacoes-aereas-diretas-entre-portugal-e-a-polonia-verao-2025-2\/#breadcrumb"},"inLanguage":"pl-PL","potentialAction":[{"@type":"ReadAction","target":["https:\/\/www.polonia.travel\/pt\/ligacoes-aereas-diretas-entre-portugal-e-a-polonia-verao-2025-2\/"]}]},{"@type":"ImageObject","inLanguage":"pl-PL","@id":"https:\/\/www.polonia.travel\/pt\/ligacoes-aereas-diretas-entre-portugal-e-a-polonia-verao-2025-2\/#primaryimage","url":"https:\/\/www.polonia.travel\/pt\/wp-content\/uploads\/sites\/19\/2023\/08\/samolot1920.jpg","contentUrl":"https:\/\/www.polonia.travel\/pt\/wp-content\/uploads\/sites\/19\/2023\/08\/samolot1920.jpg","width":1920,"height":488,"caption":"Runway at the airport and the plane flies and landing"},{"@type":"BreadcrumbList","@id":"https:\/\/www.polonia.travel\/pt\/ligacoes-aereas-diretas-entre-portugal-e-a-polonia-verao-2025-2\/#breadcrumb","itemListElement":[{"@type":"ListItem","position":1,"name":"Home page","item":"https:\/\/www.polonia.travel\/pt\/"},{"@type":"ListItem","position":2,"name":"Archiwum","item":"https:\/\/wp-pt.poland.travel\/category\/archiwum\/"},{"@type":"ListItem","position":3,"name":"Liga\u00e7\u00f5es a\u00e9reas diretas entre Portugal e a Pol\u00f3nia &#8211; outono\/inverno 2025"}]},{"@type":"WebSite","@id":"https:\/\/wp-pt.poland.travel\/#website","url":"https:\/\/wp-pt.poland.travel\/","name":"Polonia Travel (PT)","description":"...","publisher":{"@id":"https:\/\/wp-pt.poland.travel\/#organization"},"potentialAction":[{"@type":"SearchAction","target":{"@type":"EntryPoint","urlTemplate":"https:\/\/wp-pt.poland.travel\/?s={search_term_string}"},"query-input":{"@type":"PropertyValueSpecification","valueRequired":true,"valueName":"search_term_string"}}],"inLanguage":"pl-PL"},{"@type":"Organization","@id":"https:\/\/wp-pt.poland.travel\/#organization","name":"Polonia Travel (PT)","url":"https:\/\/wp-pt.poland.travel\/","logo":{"@type":"ImageObject","inLanguage":"pl-PL","@id":"https:\/\/wp-pt.poland.travel\/#\/schema\/logo\/image\/","url":"https:\/\/en-en.polska.travel\/wp-content\/uploads\/sites\/19\/2022\/11\/logo.svg","contentUrl":"https:\/\/en-en.polska.travel\/wp-content\/uploads\/sites\/19\/2022\/11\/logo.svg","width":198,"height":96,"caption":"Polonia Travel (PT)"},"image":{"@id":"https:\/\/wp-pt.poland.travel\/#\/schema\/logo\/image\/"}},{"@type":"Person","@id":"https:\/\/wp-pt.poland.travel\/#\/schema\/person\/3730d2170ec81699992d8c769e4caba9","name":"paula.gwadera","image":{"@type":"ImageObject","inLanguage":"pl-PL","@id":"https:\/\/secure.gravatar.com\/avatar\/49295582de5868f93cb6cd50c89b11154e6998683e69ebc15d113725d120f96e?s=96&d=mm&r=g","url":"https:\/\/secure.gravatar.com\/avatar\/49295582de5868f93cb6cd50c89b11154e6998683e69ebc15d113725d120f96e?s=96&d=mm&r=g","contentUrl":"https:\/\/secure.gravatar.com\/avatar\/49295582de5868f93cb6cd50c89b11154e6998683e69ebc15d113725d120f96e?s=96&d=mm&r=g","caption":"paula.gwadera"},"url":"https:\/\/www.polonia.travel\/pt\/author\/paula-gwadera\/"}]}},"_links":{"self":[{"href":"https:\/\/www.polonia.travel\/pt\/wp-json\/wp\/v2\/posts\/32777","targetHints":{"allow":["GET"]}}],"collection":[{"href":"https:\/\/www.polonia.travel\/pt\/wp-json\/wp\/v2\/posts"}],"about":[{"href":"https:\/\/www.polonia.travel\/pt\/wp-json\/wp\/v2\/types\/post"}],"author":[{"embeddable":true,"href":"https:\/\/www.polonia.travel\/pt\/wp-json\/wp\/v2\/users\/22"}],"replies":[{"embeddable":true,"href":"https:\/\/www.polonia.travel\/pt\/wp-json\/wp\/v2\/comments?post=32777"}],"version-history":[{"count":4,"href":"https:\/\/www.polonia.travel\/pt\/wp-json\/wp\/v2\/posts\/32777\/revisions"}],"predecessor-version":[{"id":32785,"href":"https:\/\/www.polonia.travel\/pt\/wp-json\/wp\/v2\/posts\/32777\/revisions\/32785"}],"wp:featuredmedia":[{"embeddable":true,"href":"https:\/\/www.polonia.travel\/pt\/wp-json\/wp\/v2\/media\/29954"}],"wp:attachment":[{"href":"https:\/\/www.polonia.travel\/pt\/wp-json\/wp\/v2\/media?parent=32777"}],"wp:term":[{"taxonomy":"category","embeddable":true,"href":"https:\/\/www.polonia.travel\/pt\/wp-json\/wp\/v2\/categories?post=32777"}],"curies":[{"name":"wp","href":"https:\/\/api.w.org\/{rel}","templated":true}]}}