{"id":32727,"date":"2026-01-26T11:25:00","date_gmt":"2026-01-26T10:25:00","guid":{"rendered":"https:\/\/www.polonia.travel\/pt\/?p=32727"},"modified":"2026-03-05T15:52:37","modified_gmt":"2026-03-05T14:52:37","slug":"cracovia-e-a-lenda-do-dragao","status":"publish","type":"post","link":"https:\/\/www.polonia.travel\/pt\/cracovia-e-a-lenda-do-dragao\/","title":{"rendered":"CRAC\u00d3VIA E A LENDA DO DRAG\u00c3O"},"content":{"rendered":"\n<div class=\"wp-block-group\"><div class=\"wp-block-group__inner-container is-layout-constrained wp-block-group-is-layout-constrained\">\n<div class=\"wp-block-group is-style-container-medium\"><div class=\"wp-block-group__inner-container is-layout-constrained wp-block-group-is-layout-constrained\">\n<h2 class=\"wp-block-heading\">Crac\u00f3via e a lenda do Drag<strong>\u00e3<\/strong>o<\/h2>\n<\/div><\/div>\n<\/div><\/div>\n\n\n\n<div style=\"height:100px\" aria-hidden=\"true\" class=\"wp-block-spacer is-style-spacer-small\"><\/div>\n\n\n\n<div class=\"wp-block-group is-style-container-medium\"><div class=\"wp-block-group__inner-container is-layout-constrained wp-block-group-is-layout-constrained\">\n<p>N\u00e3o podem perder, sobretudo \u00e0 hora de ponta quando desde a torre da igreja de Santa Maria se ouve, em direto,&nbsp;<strong>o trompetista<\/strong>&nbsp;que o &#8222;hejna\u0142&#8221;, mantendo viva umas das lendas da cidade.<\/p>\n\n\n\n<div style=\"height:100px\" aria-hidden=\"true\" class=\"wp-block-spacer is-style-spacer-small\"><\/div>\n\n\n\n<figure class=\"wp-block-image size-full\"><img loading=\"lazy\" decoding=\"async\" width=\"1170\" height=\"780\" src=\"https:\/\/www.polonia.travel\/pt\/wp-content\/uploads\/sites\/19\/2022\/12\/krakow_smok_wawelski_1170.jpg\" alt=\"\" class=\"wp-image-10176\" srcset=\"https:\/\/www.polonia.travel\/pt\/wp-content\/uploads\/sites\/19\/2022\/12\/krakow_smok_wawelski_1170.jpg 1170w, https:\/\/www.polonia.travel\/pt\/wp-content\/uploads\/sites\/19\/2022\/12\/krakow_smok_wawelski_1170-600x400.jpg 600w, https:\/\/www.polonia.travel\/pt\/wp-content\/uploads\/sites\/19\/2022\/12\/krakow_smok_wawelski_1170-768x512.jpg 768w\" sizes=\"auto, (max-width: 1170px) 100vw, 1170px\" \/><\/figure>\n\n\n\n<div style=\"height:100px\" aria-hidden=\"true\" class=\"wp-block-spacer is-style-spacer-small\"><\/div>\n\n\n\n<p>No entanto, nem a&nbsp;<strong>Pra\u00e7a do Mercado<\/strong>&nbsp;nem a lenda do trompetista com a sua melodia entrecortada s\u00e3o os \u00fanicos atrativos da extensa zona hist\u00f3rica de Crac\u00f3via. Descendo a&nbsp;<strong>Colina de Wawel<\/strong>&nbsp;(depois de uma recomendada visita ao castelo e \u00e0 catedral hom\u00f3nima) v\u00e3o encontrar \u00e0 beira-mar o \u00edngreme vale do V\u00edstula. Neste lugar, segundo conta a lenda, vivia um drag\u00e3o que amea\u00e7ava a popula\u00e7\u00e3o at\u00e9 que um humilde sapateiro encontrou uma astuta solu\u00e7\u00e3o ao problema. Por esta raz\u00e3o, tamb\u00e9m poder\u00e3o visitar a cova que habita no j\u00e1 vencido&nbsp;<strong>Drag\u00e3o de Wawel<\/strong>&nbsp;e descobrir porque continua a cuspir fogo de vez em quando.<\/p>\n\n\n\n<p>Al\u00e9m disso, a lenda o drag\u00e3o \u00e9 um dos s\u00edmbolos da cidade e o protagonista \u00e9, desde h\u00e1 mais de 20 anos, o\u00a0<strong>Desfile de Drag\u00f5es<\/strong>\u00a0que se celebra na primavera. A edi\u00e7\u00e3o deste 2026 ter\u00e1 lugar no fim de semana de <strong>6 a 7 de junho<\/strong>.<\/p>\n<\/div><\/div>\n\n\n\n<div style=\"height:100px\" aria-hidden=\"true\" class=\"wp-block-spacer is-style-spacer-small\"><\/div>\n\n\n\n<div class=\"wp-block-group is-style-container-medium\"><div class=\"wp-block-group__inner-container is-layout-constrained wp-block-group-is-layout-constrained\">\n<div class=\"wp-block-group is-style-container-medium\"><div class=\"wp-block-group__inner-container is-layout-constrained wp-block-group-is-layout-constrained\">\n<figure class=\"wp-block-image size-full\"><img loading=\"lazy\" decoding=\"async\" width=\"4500\" height=\"3214\" src=\"https:\/\/www.polonia.travel\/pt\/wp-content\/uploads\/sites\/19\/2025\/05\/M6B9998.jpg\" alt=\"\" class=\"wp-image-32705\" \/><\/figure>\n<\/div><\/div>\n<\/div><\/div>\n\n\n\n<div style=\"height:100px\" aria-hidden=\"true\" class=\"wp-block-spacer is-style-spacer-small\"><\/div>\n\n\n\n<div class=\"wp-block-group is-style-container-medium\"><div class=\"wp-block-group__inner-container is-layout-constrained wp-block-group-is-layout-constrained\">\n<div class=\"wp-block-group is-style-container-medium\"><div class=\"wp-block-group__inner-container is-layout-constrained wp-block-group-is-layout-constrained\">\n<p><strong>Programa<\/strong><\/p>\n\n\n\n<p><strong>S\u00e1bado, 6 de junho<\/strong>, \u00e0s 21.45 horas, ter\u00e1 lugar o grande evento multim\u00e9dia ao ar livre. O lugar n\u00e3o pode ser outro que a ribeira do V\u00edstula debaixo da Colina de Wawel: os drag\u00f5es, fazendo referencia \u00e0 lenda, ir\u00e3o dominar o rio.<\/p>\n\n\n\n<p><strong>Domingo, 7 de junho<\/strong>, 30 drag\u00f5es animados por dez mil crian\u00e7as, acompanhados pela equipa do Teatro Groteska e algumas bandas musicais, desfilar\u00e3o desde Wawel at\u00e9 \u00e0 Pra\u00e7a do Mercado. O drag\u00e3o mais \u201cbonito\u201d e inteligente receber\u00e1 o seu merecido pr\u00e9mio. H\u00e1 que destacar que todos os drag\u00f5es s\u00e3o fruto da imagina\u00e7\u00e3o e criatividades das crian\u00e7as, autoras dos drag\u00f5es que v\u00eam a este encontro anual.<\/p>\n<\/div><\/div>\n\n\n\n<div style=\"height:100px\" aria-hidden=\"true\" class=\"wp-block-spacer\"><\/div>\n<\/div><\/div>\n","protected":false},"excerpt":{"rendered":"<p>Crac\u00f3via e a lenda do Drag\u00e3o N\u00e3o podem perder, sobretudo \u00e0 hora de ponta quando desde a torre da igreja de Santa Maria se ouve, em direto,&nbsp;o trompetista&nbsp;que o &#8222;hejna\u0142&#8221;, mantendo viva umas das lendas da cidade. No entanto, nem a&nbsp;Pra\u00e7a do Mercado&nbsp;nem a lenda do trompetista com a sua melodia entrecortada s\u00e3o os \u00fanicos [&hellip;]<\/p>\n","protected":false},"author":22,"featured_media":0,"comment_status":"open","ping_status":"open","sticky":false,"template":"","format":"standard","meta":{"_acf_changed":false,"footnotes":""},"categories":[1052],"class_list":["post-32727","post","type-post","status-publish","format-standard","hentry","category-noticias"],"acf":[],"yoast_head":"<!-- This site is optimized with the Yoast SEO plugin v27.4 - https:\/\/yoast.com\/product\/yoast-seo-wordpress\/ -->\n<title>CRAC\u00d3VIA E A LENDA DO DRAG\u00c3O - Polonia Travel (PT)<\/title>\n<meta name=\"robots\" content=\"index, follow, max-snippet:-1, max-image-preview:large, max-video-preview:-1\" \/>\n<link rel=\"canonical\" href=\"https:\/\/www.polonia.travel\/pt\/cracovia-e-a-lenda-do-dragao\/\" \/>\n<meta property=\"og:locale\" content=\"pl_PL\" \/>\n<meta property=\"og:type\" content=\"article\" \/>\n<meta property=\"og:title\" content=\"CRAC\u00d3VIA E A LENDA DO DRAG\u00c3O - Polonia Travel (PT)\" \/>\n<meta property=\"og:description\" content=\"Crac\u00f3via e a lenda do Drag\u00e3o N\u00e3o podem perder, sobretudo \u00e0 hora de ponta quando desde a torre da igreja de Santa Maria se ouve, em direto,&nbsp;o trompetista&nbsp;que o &#8222;hejna\u0142&#8221;, mantendo viva umas das lendas da cidade. No entanto, nem a&nbsp;Pra\u00e7a do Mercado&nbsp;nem a lenda do trompetista com a sua melodia entrecortada s\u00e3o os \u00fanicos [&hellip;]\" \/>\n<meta property=\"og:url\" content=\"https:\/\/www.polonia.travel\/pt\/cracovia-e-a-lenda-do-dragao\/\" \/>\n<meta property=\"og:site_name\" content=\"Polonia Travel (PT)\" \/>\n<meta property=\"article:published_time\" content=\"2026-01-26T10:25:00+00:00\" \/>\n<meta property=\"article:modified_time\" content=\"2026-03-05T14:52:37+00:00\" \/>\n<meta property=\"og:image\" content=\"https:\/\/www.polonia.travel\/pt\/wp-content\/uploads\/sites\/19\/2022\/12\/krakow_smok_wawelski_1170.jpg\" \/>\n\t<meta property=\"og:image:width\" content=\"1170\" \/>\n\t<meta property=\"og:image:height\" content=\"780\" \/>\n\t<meta property=\"og:image:type\" content=\"image\/jpeg\" \/>\n<meta name=\"author\" content=\"paula.gwadera\" \/>\n<meta name=\"twitter:card\" content=\"summary_large_image\" \/>\n<meta name=\"twitter:label1\" content=\"Napisane przez\" \/>\n\t<meta name=\"twitter:data1\" content=\"paula.gwadera\" \/>\n\t<meta name=\"twitter:label2\" content=\"Szacowany czas czytania\" \/>\n\t<meta name=\"twitter:data2\" content=\"3 minuty\" \/>\n<script type=\"application\/ld+json\" class=\"yoast-schema-graph\">{\"@context\":\"https:\\\/\\\/schema.org\",\"@graph\":[{\"@type\":\"Article\",\"@id\":\"https:\\\/\\\/www.polonia.travel\\\/pt\\\/cracovia-e-a-lenda-do-dragao\\\/#article\",\"isPartOf\":{\"@id\":\"https:\\\/\\\/www.polonia.travel\\\/pt\\\/cracovia-e-a-lenda-do-dragao\\\/\"},\"author\":{\"name\":\"paula.gwadera\",\"@id\":\"https:\\\/\\\/wp-pt.poland.travel\\\/#\\\/schema\\\/person\\\/3730d2170ec81699992d8c769e4caba9\"},\"headline\":\"CRAC\u00d3VIA E A LENDA DO DRAG\u00c3O\",\"datePublished\":\"2026-01-26T10:25:00+00:00\",\"dateModified\":\"2026-03-05T14:52:37+00:00\",\"mainEntityOfPage\":{\"@id\":\"https:\\\/\\\/www.polonia.travel\\\/pt\\\/cracovia-e-a-lenda-do-dragao\\\/\"},\"wordCount\":338,\"commentCount\":0,\"publisher\":{\"@id\":\"https:\\\/\\\/wp-pt.poland.travel\\\/#organization\"},\"image\":{\"@id\":\"https:\\\/\\\/www.polonia.travel\\\/pt\\\/cracovia-e-a-lenda-do-dragao\\\/#primaryimage\"},\"thumbnailUrl\":\"https:\\\/\\\/www.polonia.travel\\\/pt\\\/wp-content\\\/uploads\\\/sites\\\/19\\\/2022\\\/12\\\/krakow_smok_wawelski_1170.jpg\",\"keywords\":[\"agenda cultural\",\"dragao\",\"citybreak\",\"Crac\u00f3via\",\"evento\"],\"articleSection\":[\"Not\u00edcias\"],\"inLanguage\":\"pl-PL\"},{\"@type\":\"WebPage\",\"@id\":\"https:\\\/\\\/www.polonia.travel\\\/pt\\\/cracovia-e-a-lenda-do-dragao\\\/\",\"url\":\"https:\\\/\\\/www.polonia.travel\\\/pt\\\/cracovia-e-a-lenda-do-dragao\\\/\",\"name\":\"CRAC\u00d3VIA E A LENDA DO DRAG\u00c3O - Polonia Travel (PT)\",\"isPartOf\":{\"@id\":\"https:\\\/\\\/wp-pt.poland.travel\\\/#website\"},\"primaryImageOfPage\":{\"@id\":\"https:\\\/\\\/www.polonia.travel\\\/pt\\\/cracovia-e-a-lenda-do-dragao\\\/#primaryimage\"},\"image\":{\"@id\":\"https:\\\/\\\/www.polonia.travel\\\/pt\\\/cracovia-e-a-lenda-do-dragao\\\/#primaryimage\"},\"thumbnailUrl\":\"https:\\\/\\\/www.polonia.travel\\\/pt\\\/wp-content\\\/uploads\\\/sites\\\/19\\\/2022\\\/12\\\/krakow_smok_wawelski_1170.jpg\",\"datePublished\":\"2026-01-26T10:25:00+00:00\",\"dateModified\":\"2026-03-05T14:52:37+00:00\",\"breadcrumb\":{\"@id\":\"https:\\\/\\\/www.polonia.travel\\\/pt\\\/cracovia-e-a-lenda-do-dragao\\\/#breadcrumb\"},\"inLanguage\":\"pl-PL\",\"potentialAction\":[{\"@type\":\"ReadAction\",\"target\":[\"https:\\\/\\\/www.polonia.travel\\\/pt\\\/cracovia-e-a-lenda-do-dragao\\\/\"]}]},{\"@type\":\"ImageObject\",\"inLanguage\":\"pl-PL\",\"@id\":\"https:\\\/\\\/www.polonia.travel\\\/pt\\\/cracovia-e-a-lenda-do-dragao\\\/#primaryimage\",\"url\":\"https:\\\/\\\/www.polonia.travel\\\/pt\\\/wp-content\\\/uploads\\\/sites\\\/19\\\/2022\\\/12\\\/krakow_smok_wawelski_1170.jpg\",\"contentUrl\":\"https:\\\/\\\/www.polonia.travel\\\/pt\\\/wp-content\\\/uploads\\\/sites\\\/19\\\/2022\\\/12\\\/krakow_smok_wawelski_1170.jpg\",\"width\":1170,\"height\":780},{\"@type\":\"BreadcrumbList\",\"@id\":\"https:\\\/\\\/www.polonia.travel\\\/pt\\\/cracovia-e-a-lenda-do-dragao\\\/#breadcrumb\",\"itemListElement\":[{\"@type\":\"ListItem\",\"position\":1,\"name\":\"Home page\",\"item\":\"https:\\\/\\\/www.polonia.travel\\\/pt\\\/\"},{\"@type\":\"ListItem\",\"position\":2,\"name\":\"Inspira\u00e7\u00f5es de viagem\",\"item\":\"https:\\\/\\\/wp-pt.poland.travel\\\/category\\\/inspiracoes-de-viagem\\\/\"},{\"@type\":\"ListItem\",\"position\":3,\"name\":\"Not\u00edcias\",\"item\":\"https:\\\/\\\/wp-pt.poland.travel\\\/category\\\/inspiracoes-de-viagem\\\/noticias\\\/\"},{\"@type\":\"ListItem\",\"position\":4,\"name\":\"CRAC\u00d3VIA E A LENDA DO DRAG\u00c3O\"}]},{\"@type\":\"WebSite\",\"@id\":\"https:\\\/\\\/wp-pt.poland.travel\\\/#website\",\"url\":\"https:\\\/\\\/wp-pt.poland.travel\\\/\",\"name\":\"Polonia Travel (PT)\",\"description\":\"...\",\"publisher\":{\"@id\":\"https:\\\/\\\/wp-pt.poland.travel\\\/#organization\"},\"potentialAction\":[{\"@type\":\"SearchAction\",\"target\":{\"@type\":\"EntryPoint\",\"urlTemplate\":\"https:\\\/\\\/wp-pt.poland.travel\\\/?s={search_term_string}\"},\"query-input\":{\"@type\":\"PropertyValueSpecification\",\"valueRequired\":true,\"valueName\":\"search_term_string\"}}],\"inLanguage\":\"pl-PL\"},{\"@type\":\"Organization\",\"@id\":\"https:\\\/\\\/wp-pt.poland.travel\\\/#organization\",\"name\":\"Polonia Travel (PT)\",\"url\":\"https:\\\/\\\/wp-pt.poland.travel\\\/\",\"logo\":{\"@type\":\"ImageObject\",\"inLanguage\":\"pl-PL\",\"@id\":\"https:\\\/\\\/wp-pt.poland.travel\\\/#\\\/schema\\\/logo\\\/image\\\/\",\"url\":\"https:\\\/\\\/en-en.polska.travel\\\/wp-content\\\/uploads\\\/sites\\\/19\\\/2022\\\/11\\\/logo.svg\",\"contentUrl\":\"https:\\\/\\\/en-en.polska.travel\\\/wp-content\\\/uploads\\\/sites\\\/19\\\/2022\\\/11\\\/logo.svg\",\"width\":198,\"height\":96,\"caption\":\"Polonia Travel (PT)\"},\"image\":{\"@id\":\"https:\\\/\\\/wp-pt.poland.travel\\\/#\\\/schema\\\/logo\\\/image\\\/\"}},{\"@type\":\"Person\",\"@id\":\"https:\\\/\\\/wp-pt.poland.travel\\\/#\\\/schema\\\/person\\\/3730d2170ec81699992d8c769e4caba9\",\"name\":\"paula.gwadera\",\"image\":{\"@type\":\"ImageObject\",\"inLanguage\":\"pl-PL\",\"@id\":\"https:\\\/\\\/secure.gravatar.com\\\/avatar\\\/49295582de5868f93cb6cd50c89b11154e6998683e69ebc15d113725d120f96e?s=96&d=mm&r=g\",\"url\":\"https:\\\/\\\/secure.gravatar.com\\\/avatar\\\/49295582de5868f93cb6cd50c89b11154e6998683e69ebc15d113725d120f96e?s=96&d=mm&r=g\",\"contentUrl\":\"https:\\\/\\\/secure.gravatar.com\\\/avatar\\\/49295582de5868f93cb6cd50c89b11154e6998683e69ebc15d113725d120f96e?s=96&d=mm&r=g\",\"caption\":\"paula.gwadera\"},\"url\":\"https:\\\/\\\/www.polonia.travel\\\/pt\\\/author\\\/paula-gwadera\\\/\"}]}<\/script>\n<!-- \/ Yoast SEO plugin. -->","yoast_head_json":{"title":"CRAC\u00d3VIA E A LENDA DO DRAG\u00c3O - Polonia Travel (PT)","robots":{"index":"index","follow":"follow","max-snippet":"max-snippet:-1","max-image-preview":"max-image-preview:large","max-video-preview":"max-video-preview:-1"},"canonical":"https:\/\/www.polonia.travel\/pt\/cracovia-e-a-lenda-do-dragao\/","og_locale":"pl_PL","og_type":"article","og_title":"CRAC\u00d3VIA E A LENDA DO DRAG\u00c3O - Polonia Travel (PT)","og_description":"Crac\u00f3via e a lenda do Drag\u00e3o N\u00e3o podem perder, sobretudo \u00e0 hora de ponta quando desde a torre da igreja de Santa Maria se ouve, em direto,&nbsp;o trompetista&nbsp;que o &#8222;hejna\u0142&#8221;, mantendo viva umas das lendas da cidade. No entanto, nem a&nbsp;Pra\u00e7a do Mercado&nbsp;nem a lenda do trompetista com a sua melodia entrecortada s\u00e3o os \u00fanicos [&hellip;]","og_url":"https:\/\/www.polonia.travel\/pt\/cracovia-e-a-lenda-do-dragao\/","og_site_name":"Polonia Travel (PT)","article_published_time":"2026-01-26T10:25:00+00:00","article_modified_time":"2026-03-05T14:52:37+00:00","og_image":[{"width":1170,"height":780,"url":"https:\/\/www.polonia.travel\/pt\/wp-content\/uploads\/sites\/19\/2022\/12\/krakow_smok_wawelski_1170.jpg","type":"image\/jpeg"}],"author":"paula.gwadera","twitter_card":"summary_large_image","twitter_misc":{"Napisane przez":"paula.gwadera","Szacowany czas czytania":"3 minuty"},"schema":{"@context":"https:\/\/schema.org","@graph":[{"@type":"Article","@id":"https:\/\/www.polonia.travel\/pt\/cracovia-e-a-lenda-do-dragao\/#article","isPartOf":{"@id":"https:\/\/www.polonia.travel\/pt\/cracovia-e-a-lenda-do-dragao\/"},"author":{"name":"paula.gwadera","@id":"https:\/\/wp-pt.poland.travel\/#\/schema\/person\/3730d2170ec81699992d8c769e4caba9"},"headline":"CRAC\u00d3VIA E A LENDA DO DRAG\u00c3O","datePublished":"2026-01-26T10:25:00+00:00","dateModified":"2026-03-05T14:52:37+00:00","mainEntityOfPage":{"@id":"https:\/\/www.polonia.travel\/pt\/cracovia-e-a-lenda-do-dragao\/"},"wordCount":338,"commentCount":0,"publisher":{"@id":"https:\/\/wp-pt.poland.travel\/#organization"},"image":{"@id":"https:\/\/www.polonia.travel\/pt\/cracovia-e-a-lenda-do-dragao\/#primaryimage"},"thumbnailUrl":"https:\/\/www.polonia.travel\/pt\/wp-content\/uploads\/sites\/19\/2022\/12\/krakow_smok_wawelski_1170.jpg","keywords":["agenda cultural","dragao","citybreak","Crac\u00f3via","evento"],"articleSection":["Not\u00edcias"],"inLanguage":"pl-PL"},{"@type":"WebPage","@id":"https:\/\/www.polonia.travel\/pt\/cracovia-e-a-lenda-do-dragao\/","url":"https:\/\/www.polonia.travel\/pt\/cracovia-e-a-lenda-do-dragao\/","name":"CRAC\u00d3VIA E A LENDA DO DRAG\u00c3O - Polonia Travel (PT)","isPartOf":{"@id":"https:\/\/wp-pt.poland.travel\/#website"},"primaryImageOfPage":{"@id":"https:\/\/www.polonia.travel\/pt\/cracovia-e-a-lenda-do-dragao\/#primaryimage"},"image":{"@id":"https:\/\/www.polonia.travel\/pt\/cracovia-e-a-lenda-do-dragao\/#primaryimage"},"thumbnailUrl":"https:\/\/www.polonia.travel\/pt\/wp-content\/uploads\/sites\/19\/2022\/12\/krakow_smok_wawelski_1170.jpg","datePublished":"2026-01-26T10:25:00+00:00","dateModified":"2026-03-05T14:52:37+00:00","breadcrumb":{"@id":"https:\/\/www.polonia.travel\/pt\/cracovia-e-a-lenda-do-dragao\/#breadcrumb"},"inLanguage":"pl-PL","potentialAction":[{"@type":"ReadAction","target":["https:\/\/www.polonia.travel\/pt\/cracovia-e-a-lenda-do-dragao\/"]}]},{"@type":"ImageObject","inLanguage":"pl-PL","@id":"https:\/\/www.polonia.travel\/pt\/cracovia-e-a-lenda-do-dragao\/#primaryimage","url":"https:\/\/www.polonia.travel\/pt\/wp-content\/uploads\/sites\/19\/2022\/12\/krakow_smok_wawelski_1170.jpg","contentUrl":"https:\/\/www.polonia.travel\/pt\/wp-content\/uploads\/sites\/19\/2022\/12\/krakow_smok_wawelski_1170.jpg","width":1170,"height":780},{"@type":"BreadcrumbList","@id":"https:\/\/www.polonia.travel\/pt\/cracovia-e-a-lenda-do-dragao\/#breadcrumb","itemListElement":[{"@type":"ListItem","position":1,"name":"Home page","item":"https:\/\/www.polonia.travel\/pt\/"},{"@type":"ListItem","position":2,"name":"Inspira\u00e7\u00f5es de viagem","item":"https:\/\/wp-pt.poland.travel\/category\/inspiracoes-de-viagem\/"},{"@type":"ListItem","position":3,"name":"Not\u00edcias","item":"https:\/\/wp-pt.poland.travel\/category\/inspiracoes-de-viagem\/noticias\/"},{"@type":"ListItem","position":4,"name":"CRAC\u00d3VIA E A LENDA DO DRAG\u00c3O"}]},{"@type":"WebSite","@id":"https:\/\/wp-pt.poland.travel\/#website","url":"https:\/\/wp-pt.poland.travel\/","name":"Polonia Travel (PT)","description":"...","publisher":{"@id":"https:\/\/wp-pt.poland.travel\/#organization"},"potentialAction":[{"@type":"SearchAction","target":{"@type":"EntryPoint","urlTemplate":"https:\/\/wp-pt.poland.travel\/?s={search_term_string}"},"query-input":{"@type":"PropertyValueSpecification","valueRequired":true,"valueName":"search_term_string"}}],"inLanguage":"pl-PL"},{"@type":"Organization","@id":"https:\/\/wp-pt.poland.travel\/#organization","name":"Polonia Travel (PT)","url":"https:\/\/wp-pt.poland.travel\/","logo":{"@type":"ImageObject","inLanguage":"pl-PL","@id":"https:\/\/wp-pt.poland.travel\/#\/schema\/logo\/image\/","url":"https:\/\/en-en.polska.travel\/wp-content\/uploads\/sites\/19\/2022\/11\/logo.svg","contentUrl":"https:\/\/en-en.polska.travel\/wp-content\/uploads\/sites\/19\/2022\/11\/logo.svg","width":198,"height":96,"caption":"Polonia Travel (PT)"},"image":{"@id":"https:\/\/wp-pt.poland.travel\/#\/schema\/logo\/image\/"}},{"@type":"Person","@id":"https:\/\/wp-pt.poland.travel\/#\/schema\/person\/3730d2170ec81699992d8c769e4caba9","name":"paula.gwadera","image":{"@type":"ImageObject","inLanguage":"pl-PL","@id":"https:\/\/secure.gravatar.com\/avatar\/49295582de5868f93cb6cd50c89b11154e6998683e69ebc15d113725d120f96e?s=96&d=mm&r=g","url":"https:\/\/secure.gravatar.com\/avatar\/49295582de5868f93cb6cd50c89b11154e6998683e69ebc15d113725d120f96e?s=96&d=mm&r=g","contentUrl":"https:\/\/secure.gravatar.com\/avatar\/49295582de5868f93cb6cd50c89b11154e6998683e69ebc15d113725d120f96e?s=96&d=mm&r=g","caption":"paula.gwadera"},"url":"https:\/\/www.polonia.travel\/pt\/author\/paula-gwadera\/"}]}},"_links":{"self":[{"href":"https:\/\/www.polonia.travel\/pt\/wp-json\/wp\/v2\/posts\/32727","targetHints":{"allow":["GET"]}}],"collection":[{"href":"https:\/\/www.polonia.travel\/pt\/wp-json\/wp\/v2\/posts"}],"about":[{"href":"https:\/\/www.polonia.travel\/pt\/wp-json\/wp\/v2\/types\/post"}],"author":[{"embeddable":true,"href":"https:\/\/www.polonia.travel\/pt\/wp-json\/wp\/v2\/users\/22"}],"replies":[{"embeddable":true,"href":"https:\/\/www.polonia.travel\/pt\/wp-json\/wp\/v2\/comments?post=32727"}],"version-history":[{"count":4,"href":"https:\/\/www.polonia.travel\/pt\/wp-json\/wp\/v2\/posts\/32727\/revisions"}],"predecessor-version":[{"id":32958,"href":"https:\/\/www.polonia.travel\/pt\/wp-json\/wp\/v2\/posts\/32727\/revisions\/32958"}],"wp:attachment":[{"href":"https:\/\/www.polonia.travel\/pt\/wp-json\/wp\/v2\/media?parent=32727"}],"wp:term":[{"taxonomy":"category","embeddable":true,"href":"https:\/\/www.polonia.travel\/pt\/wp-json\/wp\/v2\/categories?post=32727"}],"curies":[{"name":"wp","href":"https:\/\/api.w.org\/{rel}","templated":true}]}}