{"id":32715,"date":"2025-05-08T15:37:54","date_gmt":"2025-05-08T13:37:54","guid":{"rendered":"https:\/\/www.polonia.travel\/pt\/?p=32715"},"modified":"2025-05-19T11:59:26","modified_gmt":"2025-05-19T09:59:26","slug":"gdanskcapital-europeia-da-cultura-gastronomica-2025","status":"publish","type":"post","link":"https:\/\/www.polonia.travel\/pt\/gdanskcapital-europeia-da-cultura-gastronomica-2025\/","title":{"rendered":"Gdansk Capital Europeia da Cultura Gastron\u00f3mica 2025"},"content":{"rendered":"\n<div class=\"wp-block-group is-style-container-medium\"><div class=\"wp-block-group__inner-container is-layout-constrained wp-block-group-is-layout-constrained\">\n<h2 class=\"wp-block-heading\">Gdansk Capital Europeia da Cultura Gastron\u00f3mica 2025<\/h2>\n<\/div><\/div>\n\n\n\n<div class=\"wp-block-group is-style-container-medium\"><div class=\"wp-block-group__inner-container is-layout-constrained wp-block-group-is-layout-constrained\"><\/div><\/div>\n\n\n\n<div class=\"wp-block-group is-style-container-medium\"><div class=\"wp-block-group__inner-container is-layout-constrained wp-block-group-is-layout-constrained\">\n<div style=\"height:100px\" aria-hidden=\"true\" class=\"wp-block-spacer is-style-spacer-small\"><\/div>\n\n\n\n<p>No dia 23 de janeiro, no \u00e2mbito da Fitur, a cidade de Gdansk foi reconhecida como Capital Europeia da Cultura Gastron\u00f3mica 2025, recebendo o t\u00edtulo das m\u00e3os de Rafael Ans\u00f3n, presidente da Comunidade Europeia da Nova Gastronomia, criada em Lisboa, em 2015, no \u00e2mbito da Academia Internacional de Gastronomia .<\/p>\n\n\n\n<div style=\"height:100px\" aria-hidden=\"true\" class=\"wp-block-spacer is-style-spacer-small\"><\/div>\n<\/div><\/div>\n\n\n\n<div class=\"wp-block-group is-style-container\"><div class=\"wp-block-group__inner-container is-layout-constrained wp-block-group-is-layout-constrained\">  <div class=\"gallery-tiles gallery-tiles--rows-2-3 lightgallery\">\r\n          <a href=\"https:\/\/www.polonia.travel\/pt\/wp-content\/uploads\/sites\/19\/2023\/01\/miasta.jpg\" class=\"gallery-tiles__item\" data-src=\"https:\/\/www.polonia.travel\/pt\/wp-content\/uploads\/sites\/19\/2023\/01\/miasta.jpg\"\r\n        aria-label=\"Otw\u00f3rz powi\u0119kszone zdj\u0119cie: The riverside with the characteristic Crane of Gdansk, Poland.\">\r\n        <img loading=\"lazy\" decoding=\"async\" width=\"1170\" height=\"780\" src=\"https:\/\/www.polonia.travel\/pt\/wp-content\/uploads\/sites\/19\/2023\/01\/miasta.jpg\" class=\"gallery-tiles__thumb\" alt=\"\" srcset=\"https:\/\/www.polonia.travel\/pt\/wp-content\/uploads\/sites\/19\/2023\/01\/miasta.jpg 1170w, https:\/\/www.polonia.travel\/pt\/wp-content\/uploads\/sites\/19\/2023\/01\/miasta-600x400.jpg 600w, https:\/\/www.polonia.travel\/pt\/wp-content\/uploads\/sites\/19\/2023\/01\/miasta-768x512.jpg 768w\" sizes=\"auto, (max-width: 1170px) 100vw, 1170px\" \/>      <\/a>\r\n          <a href=\"https:\/\/www.polonia.travel\/pt\/wp-content\/uploads\/sites\/19\/2025\/05\/gdansk_rest1.jpg\" class=\"gallery-tiles__item\" data-src=\"https:\/\/www.polonia.travel\/pt\/wp-content\/uploads\/sites\/19\/2025\/05\/gdansk_rest1.jpg\"\r\n        aria-label=\"Otw\u00f3rz powi\u0119kszone zdj\u0119cie: gdansk_rest1\">\r\n        <img loading=\"lazy\" decoding=\"async\" width=\"1200\" height=\"660\" src=\"https:\/\/www.polonia.travel\/pt\/wp-content\/uploads\/sites\/19\/2025\/05\/gdansk_rest1.jpg\" class=\"gallery-tiles__thumb\" alt=\"\" srcset=\"https:\/\/www.polonia.travel\/pt\/wp-content\/uploads\/sites\/19\/2025\/05\/gdansk_rest1.jpg 1200w, https:\/\/www.polonia.travel\/pt\/wp-content\/uploads\/sites\/19\/2025\/05\/gdansk_rest1-600x330.jpg 600w, https:\/\/www.polonia.travel\/pt\/wp-content\/uploads\/sites\/19\/2025\/05\/gdansk_rest1-768x422.jpg 768w\" sizes=\"auto, (max-width: 1200px) 100vw, 1200px\" \/>      <\/a>\r\n          <a href=\"https:\/\/www.polonia.travel\/pt\/wp-content\/uploads\/sites\/19\/2025\/05\/gdansk_food1.jpg\" class=\"gallery-tiles__item\" data-src=\"https:\/\/www.polonia.travel\/pt\/wp-content\/uploads\/sites\/19\/2025\/05\/gdansk_food1.jpg\"\r\n        aria-label=\"Otw\u00f3rz powi\u0119kszone zdj\u0119cie: gdansk_food1\">\r\n        <img loading=\"lazy\" decoding=\"async\" width=\"1200\" height=\"660\" src=\"https:\/\/www.polonia.travel\/pt\/wp-content\/uploads\/sites\/19\/2025\/05\/gdansk_food1.jpg\" class=\"gallery-tiles__thumb\" alt=\"\" srcset=\"https:\/\/www.polonia.travel\/pt\/wp-content\/uploads\/sites\/19\/2025\/05\/gdansk_food1.jpg 1200w, https:\/\/www.polonia.travel\/pt\/wp-content\/uploads\/sites\/19\/2025\/05\/gdansk_food1-600x330.jpg 600w, https:\/\/www.polonia.travel\/pt\/wp-content\/uploads\/sites\/19\/2025\/05\/gdansk_food1-768x422.jpg 768w\" sizes=\"auto, (max-width: 1200px) 100vw, 1200px\" \/>      <\/a>\r\n          <a href=\"https:\/\/www.polonia.travel\/pt\/wp-content\/uploads\/sites\/19\/2025\/05\/gdansk_food2.jpg\" class=\"gallery-tiles__item\" data-src=\"https:\/\/www.polonia.travel\/pt\/wp-content\/uploads\/sites\/19\/2025\/05\/gdansk_food2.jpg\"\r\n        aria-label=\"Otw\u00f3rz powi\u0119kszone zdj\u0119cie: gdansk_food2\">\r\n        <img loading=\"lazy\" decoding=\"async\" width=\"1200\" height=\"660\" src=\"https:\/\/www.polonia.travel\/pt\/wp-content\/uploads\/sites\/19\/2025\/05\/gdansk_food2.jpg\" class=\"gallery-tiles__thumb\" alt=\"\" srcset=\"https:\/\/www.polonia.travel\/pt\/wp-content\/uploads\/sites\/19\/2025\/05\/gdansk_food2.jpg 1200w, https:\/\/www.polonia.travel\/pt\/wp-content\/uploads\/sites\/19\/2025\/05\/gdansk_food2-600x330.jpg 600w, https:\/\/www.polonia.travel\/pt\/wp-content\/uploads\/sites\/19\/2025\/05\/gdansk_food2-768x422.jpg 768w\" sizes=\"auto, (max-width: 1200px) 100vw, 1200px\" \/>      <\/a>\r\n          <a href=\"https:\/\/www.polonia.travel\/pt\/wp-content\/uploads\/sites\/19\/2025\/05\/gdansk_food3.jpg\" class=\"gallery-tiles__item\" data-src=\"https:\/\/www.polonia.travel\/pt\/wp-content\/uploads\/sites\/19\/2025\/05\/gdansk_food3.jpg\"\r\n        aria-label=\"Otw\u00f3rz powi\u0119kszone zdj\u0119cie: gdansk_food3\">\r\n        <img loading=\"lazy\" decoding=\"async\" width=\"1200\" height=\"660\" src=\"https:\/\/www.polonia.travel\/pt\/wp-content\/uploads\/sites\/19\/2025\/05\/gdansk_food3.jpg\" class=\"gallery-tiles__thumb\" alt=\"\" srcset=\"https:\/\/www.polonia.travel\/pt\/wp-content\/uploads\/sites\/19\/2025\/05\/gdansk_food3.jpg 1200w, https:\/\/www.polonia.travel\/pt\/wp-content\/uploads\/sites\/19\/2025\/05\/gdansk_food3-600x330.jpg 600w, https:\/\/www.polonia.travel\/pt\/wp-content\/uploads\/sites\/19\/2025\/05\/gdansk_food3-768x422.jpg 768w\" sizes=\"auto, (max-width: 1200px) 100vw, 1200px\" \/>      <\/a>\r\n      <\/div>\r\n<\/div><\/div>\n\n\n\n<div class=\"wp-block-group is-style-container-medium\"><div class=\"wp-block-group__inner-container is-layout-constrained wp-block-group-is-layout-constrained\">\n<div style=\"height:100px\" aria-hidden=\"true\" class=\"wp-block-spacer is-style-spacer-small\"><\/div>\n\n\n\n<p>Um destino tur\u00edstico com quase mil anos de hist\u00f3ria, localizado na costa do B\u00e1ltico polaco, tamb\u00e9m oferece a descoberta da sua cultura gastron\u00f3mica, inspirada em produtos de proximidade e receitas tradicionais, mas com uma \u201cencena\u00e7\u00e3o\u201d moderna e criativa.<\/p>\n\n\n\n<p>Em 2024, v\u00e1rios restaurantes da Pomer\u00e2nia e da sua capital, Gdansk, foram distinguidos ou recomendados pelo guia Michelin.\u00a0 Para al\u00e9m da \u201cestrela verde\u201d atribu\u00edda ao restaurante Elixir (pelo seu empenho na sustentabilidade e em pol\u00edticas socialmente conscientes), a primeira estrela Michelin foi para o restaurante do chefe espanhol, Arco by Paco Perez, convenientemente localizado no edif\u00edcio Olivia Star, que oferece vistas panor\u00e2micas de Gdansk e das vizinhas Sopot e Gdynia.\u00a0<\/p>\n\n\n\n<div style=\"height:100px\" aria-hidden=\"true\" class=\"wp-block-spacer is-style-spacer-small\"><\/div>\n\n\n\n<figure class=\"wp-block-image size-full\"><img loading=\"lazy\" decoding=\"async\" width=\"2638\" height=\"1771\" src=\"https:\/\/www.polonia.travel\/pt\/wp-content\/uploads\/sites\/19\/2025\/05\/tytul-gdansk-eskg.jpg\" alt=\"\" class=\"wp-image-32716\"\/><\/figure>\n<\/div><\/div>\n\n\n\n<div class=\"wp-block-group is-style-container-medium\"><div class=\"wp-block-group__inner-container is-layout-constrained wp-block-group-is-layout-constrained\">\n<div style=\"height:100px\" aria-hidden=\"true\" class=\"wp-block-spacer is-style-spacer-small\"><\/div>\n\n\n\n<p>Como capital gastron\u00f3mica, Gdansk realizar\u00e1 uma s\u00e9rie de eventos. Seguindo o exemplo dos anteriores (Crac\u00f3via 2019; Oeiras 2022; Estocolmo 2023; Madrid 2024), acolher\u00e1 o 5.\u00ba Congresso Gastron\u00f3mico Europeu e respeitar\u00e1 os pilares da filosofia da Comunidade Europeia da Nova Gastronomia: sa\u00fade, solidariedade, sustentabilidade e satisfa\u00e7\u00e3o<\/p>\n\n\n\n<div style=\"height:100px\" aria-hidden=\"true\" class=\"wp-block-spacer is-style-spacer-small\"><\/div>\n\n\n\n<figure class=\"wp-block-image size-full\"><img loading=\"lazy\" decoding=\"async\" width=\"1920\" height=\"1080\" src=\"https:\/\/www.polonia.travel\/pt\/wp-content\/uploads\/sites\/19\/2025\/05\/Gdansk-European-Capital-of-Gastronomic-Culture-2025.jpg\" alt=\"\" class=\"wp-image-32717\"\/><\/figure>\n\n\n\n<div style=\"height:100px\" aria-hidden=\"true\" class=\"wp-block-spacer is-style-spacer-small\"><\/div>\n\n\n\n<p>Para tal, est\u00e3o previstos workshops gastron\u00f3micos (no \u00e2mbito do projeto de economia social), colabora\u00e7\u00f5es com chefes locais e internacionais, bem como concursos que promovam a gastronomia local, a sustentabilidade, a sensibiliza\u00e7\u00e3o para a import\u00e2ncia de uma alimenta\u00e7\u00e3o de qualidade e a inclus\u00e3o social. Este \u00faltimo ser\u00e1 realizado em colabora\u00e7\u00e3o com a Associa\u00e7\u00e3o de Jornalistas e Bloggers de Turismo.<\/p>\n\n\n\n<p>A designa\u00e7\u00e3o de Gdansk como Capital Europeia da Cultura Gastron\u00f3mica 2025 \u00e9 mais um passo para aumentar a sensibiliza\u00e7\u00e3o para a cultura gastron\u00f3mica do pa\u00eds e da Europa. Mais uma raz\u00e3o para conhecer uma cidade cuja hist\u00f3ria e arredores monumentais s\u00e3o um cen\u00e1rio perfeito para visitar Gdansk com um bom gosto na boca.<\/p>\n<\/div><\/div>\n\n\n\n<div style=\"height:100px\" aria-hidden=\"true\" class=\"wp-block-spacer is-style-spacer-medium\"><\/div>\n\n\n\n<div class=\"wp-block-group is-style-container\"><div class=\"wp-block-group__inner-container is-layout-constrained wp-block-group-is-layout-constrained\">  <div class=\"gallery-tiles gallery-tiles--rows-2-3 lightgallery\">\r\n          <a href=\"https:\/\/www.polonia.travel\/pt\/wp-content\/uploads\/sites\/19\/2025\/05\/gdansk_talerz1.jpg\" class=\"gallery-tiles__item\" data-src=\"https:\/\/www.polonia.travel\/pt\/wp-content\/uploads\/sites\/19\/2025\/05\/gdansk_talerz1.jpg\"\r\n        aria-label=\"Otw\u00f3rz powi\u0119kszone zdj\u0119cie: gdansk_talerz1\">\r\n        <img loading=\"lazy\" decoding=\"async\" width=\"970\" height=\"880\" src=\"https:\/\/www.polonia.travel\/pt\/wp-content\/uploads\/sites\/19\/2025\/05\/gdansk_talerz1.jpg\" class=\"gallery-tiles__thumb\" alt=\"\" srcset=\"https:\/\/www.polonia.travel\/pt\/wp-content\/uploads\/sites\/19\/2025\/05\/gdansk_talerz1.jpg 970w, https:\/\/www.polonia.travel\/pt\/wp-content\/uploads\/sites\/19\/2025\/05\/gdansk_talerz1-600x544.jpg 600w, https:\/\/www.polonia.travel\/pt\/wp-content\/uploads\/sites\/19\/2025\/05\/gdansk_talerz1-768x697.jpg 768w\" sizes=\"auto, (max-width: 970px) 100vw, 970px\" \/>      <\/a>\r\n          <a href=\"https:\/\/www.polonia.travel\/pt\/wp-content\/uploads\/sites\/19\/2025\/05\/gdansk_talerz2.jpg\" class=\"gallery-tiles__item\" data-src=\"https:\/\/www.polonia.travel\/pt\/wp-content\/uploads\/sites\/19\/2025\/05\/gdansk_talerz2.jpg\"\r\n        aria-label=\"Otw\u00f3rz powi\u0119kszone zdj\u0119cie: gdansk_talerz2\">\r\n        <img loading=\"lazy\" decoding=\"async\" width=\"970\" height=\"880\" src=\"https:\/\/www.polonia.travel\/pt\/wp-content\/uploads\/sites\/19\/2025\/05\/gdansk_talerz2.jpg\" class=\"gallery-tiles__thumb\" alt=\"\" srcset=\"https:\/\/www.polonia.travel\/pt\/wp-content\/uploads\/sites\/19\/2025\/05\/gdansk_talerz2.jpg 970w, https:\/\/www.polonia.travel\/pt\/wp-content\/uploads\/sites\/19\/2025\/05\/gdansk_talerz2-600x544.jpg 600w, https:\/\/www.polonia.travel\/pt\/wp-content\/uploads\/sites\/19\/2025\/05\/gdansk_talerz2-768x697.jpg 768w\" sizes=\"auto, (max-width: 970px) 100vw, 970px\" \/>      <\/a>\r\n      <\/div>\r\n<\/div><\/div>\n\n\n\n<div class=\"wp-block-group is-style-container-medium\"><div class=\"wp-block-group__inner-container is-layout-constrained wp-block-group-is-layout-constrained\">\n<div style=\"height:100px\" aria-hidden=\"true\" class=\"wp-block-spacer is-style-spacer-small\"><\/div>\n\n\n\n<p><\/p>\n\n\n\n<div style=\"height:100px\" aria-hidden=\"true\" class=\"wp-block-spacer is-style-spacer-small\"><\/div>\n\n\n\n<div style=\"height:100px\" aria-hidden=\"true\" class=\"wp-block-spacer is-style-spacer-small\"><\/div>\n\n\n\n<p><\/p>\n<\/div><\/div>\n","protected":false},"excerpt":{"rendered":"<p>Gdansk Capital Europeia da Cultura Gastron\u00f3mica 2025 No dia 23 de janeiro, no \u00e2mbito da Fitur, a cidade de Gdansk foi reconhecida como Capital Europeia da Cultura Gastron\u00f3mica 2025, recebendo o t\u00edtulo das m\u00e3os de Rafael Ans\u00f3n, presidente da Comunidade Europeia da Nova Gastronomia, criada em Lisboa, em 2015, no \u00e2mbito da Academia Internacional de [&hellip;]<\/p>\n","protected":false},"author":22,"featured_media":32758,"comment_status":"open","ping_status":"open","sticky":false,"template":"","format":"standard","meta":{"_acf_changed":false,"footnotes":""},"categories":[1052],"class_list":["post-32715","post","type-post","status-publish","format-standard","has-post-thumbnail","hentry","category-noticias"],"acf":[],"yoast_head":"<!-- This site is optimized with the Yoast SEO plugin v27.4 - https:\/\/yoast.com\/product\/yoast-seo-wordpress\/ -->\n<title>Gdansk Capital Europeia da Cultura Gastron\u00f3mica 2025 - Polonia Travel (PT)<\/title>\n<meta name=\"robots\" content=\"index, follow, max-snippet:-1, max-image-preview:large, max-video-preview:-1\" \/>\n<link rel=\"canonical\" href=\"https:\/\/www.polonia.travel\/pt\/gdanskcapital-europeia-da-cultura-gastronomica-2025\/\" \/>\n<meta property=\"og:locale\" content=\"pl_PL\" \/>\n<meta property=\"og:type\" content=\"article\" \/>\n<meta property=\"og:title\" content=\"Gdansk Capital Europeia da Cultura Gastron\u00f3mica 2025 - Polonia Travel (PT)\" \/>\n<meta property=\"og:description\" content=\"Gdansk Capital Europeia da Cultura Gastron\u00f3mica 2025 No dia 23 de janeiro, no \u00e2mbito da Fitur, a cidade de Gdansk foi reconhecida como Capital Europeia da Cultura Gastron\u00f3mica 2025, recebendo o t\u00edtulo das m\u00e3os de Rafael Ans\u00f3n, presidente da Comunidade Europeia da Nova Gastronomia, criada em Lisboa, em 2015, no \u00e2mbito da Academia Internacional de [&hellip;]\" \/>\n<meta property=\"og:url\" content=\"https:\/\/www.polonia.travel\/pt\/gdanskcapital-europeia-da-cultura-gastronomica-2025\/\" \/>\n<meta property=\"og:site_name\" content=\"Polonia Travel (PT)\" \/>\n<meta property=\"article:published_time\" content=\"2025-05-08T13:37:54+00:00\" \/>\n<meta property=\"article:modified_time\" content=\"2025-05-19T09:59:26+00:00\" \/>\n<meta property=\"og:image\" content=\"https:\/\/www.polonia.travel\/pt\/wp-content\/uploads\/sites\/19\/2025\/05\/267073855_Gdansk_Adobe-e1674479006497.jpg\" \/>\n\t<meta property=\"og:image:width\" content=\"1920\" \/>\n\t<meta property=\"og:image:height\" content=\"508\" \/>\n\t<meta property=\"og:image:type\" content=\"image\/jpeg\" \/>\n<meta name=\"author\" content=\"paula.gwadera\" \/>\n<meta name=\"twitter:card\" content=\"summary_large_image\" \/>\n<meta name=\"twitter:label1\" content=\"Napisane przez\" \/>\n\t<meta name=\"twitter:data1\" content=\"paula.gwadera\" \/>\n\t<meta name=\"twitter:label2\" content=\"Szacowany czas czytania\" \/>\n\t<meta name=\"twitter:data2\" content=\"3 minuty\" \/>\n<script type=\"application\/ld+json\" class=\"yoast-schema-graph\">{\"@context\":\"https:\\\/\\\/schema.org\",\"@graph\":[{\"@type\":\"Article\",\"@id\":\"https:\\\/\\\/www.polonia.travel\\\/pt\\\/gdanskcapital-europeia-da-cultura-gastronomica-2025\\\/#article\",\"isPartOf\":{\"@id\":\"https:\\\/\\\/www.polonia.travel\\\/pt\\\/gdanskcapital-europeia-da-cultura-gastronomica-2025\\\/\"},\"author\":{\"name\":\"paula.gwadera\",\"@id\":\"https:\\\/\\\/wp-pt.poland.travel\\\/#\\\/schema\\\/person\\\/3730d2170ec81699992d8c769e4caba9\"},\"headline\":\"Gdansk Capital Europeia da Cultura Gastron\u00f3mica 2025\",\"datePublished\":\"2025-05-08T13:37:54+00:00\",\"dateModified\":\"2025-05-19T09:59:26+00:00\",\"mainEntityOfPage\":{\"@id\":\"https:\\\/\\\/www.polonia.travel\\\/pt\\\/gdanskcapital-europeia-da-cultura-gastronomica-2025\\\/\"},\"wordCount\":357,\"commentCount\":0,\"publisher\":{\"@id\":\"https:\\\/\\\/wp-pt.poland.travel\\\/#organization\"},\"image\":{\"@id\":\"https:\\\/\\\/www.polonia.travel\\\/pt\\\/gdanskcapital-europeia-da-cultura-gastronomica-2025\\\/#primaryimage\"},\"thumbnailUrl\":\"https:\\\/\\\/www.polonia.travel\\\/pt\\\/wp-content\\\/uploads\\\/sites\\\/19\\\/2025\\\/05\\\/267073855_Gdansk_Adobe-e1674479006497.jpg\",\"articleSection\":[\"Not\u00edcias\"],\"inLanguage\":\"pl-PL\"},{\"@type\":\"WebPage\",\"@id\":\"https:\\\/\\\/www.polonia.travel\\\/pt\\\/gdanskcapital-europeia-da-cultura-gastronomica-2025\\\/\",\"url\":\"https:\\\/\\\/www.polonia.travel\\\/pt\\\/gdanskcapital-europeia-da-cultura-gastronomica-2025\\\/\",\"name\":\"Gdansk Capital Europeia da Cultura Gastron\u00f3mica 2025 - Polonia Travel (PT)\",\"isPartOf\":{\"@id\":\"https:\\\/\\\/wp-pt.poland.travel\\\/#website\"},\"primaryImageOfPage\":{\"@id\":\"https:\\\/\\\/www.polonia.travel\\\/pt\\\/gdanskcapital-europeia-da-cultura-gastronomica-2025\\\/#primaryimage\"},\"image\":{\"@id\":\"https:\\\/\\\/www.polonia.travel\\\/pt\\\/gdanskcapital-europeia-da-cultura-gastronomica-2025\\\/#primaryimage\"},\"thumbnailUrl\":\"https:\\\/\\\/www.polonia.travel\\\/pt\\\/wp-content\\\/uploads\\\/sites\\\/19\\\/2025\\\/05\\\/267073855_Gdansk_Adobe-e1674479006497.jpg\",\"datePublished\":\"2025-05-08T13:37:54+00:00\",\"dateModified\":\"2025-05-19T09:59:26+00:00\",\"breadcrumb\":{\"@id\":\"https:\\\/\\\/www.polonia.travel\\\/pt\\\/gdanskcapital-europeia-da-cultura-gastronomica-2025\\\/#breadcrumb\"},\"inLanguage\":\"pl-PL\",\"potentialAction\":[{\"@type\":\"ReadAction\",\"target\":[\"https:\\\/\\\/www.polonia.travel\\\/pt\\\/gdanskcapital-europeia-da-cultura-gastronomica-2025\\\/\"]}]},{\"@type\":\"ImageObject\",\"inLanguage\":\"pl-PL\",\"@id\":\"https:\\\/\\\/www.polonia.travel\\\/pt\\\/gdanskcapital-europeia-da-cultura-gastronomica-2025\\\/#primaryimage\",\"url\":\"https:\\\/\\\/www.polonia.travel\\\/pt\\\/wp-content\\\/uploads\\\/sites\\\/19\\\/2025\\\/05\\\/267073855_Gdansk_Adobe-e1674479006497.jpg\",\"contentUrl\":\"https:\\\/\\\/www.polonia.travel\\\/pt\\\/wp-content\\\/uploads\\\/sites\\\/19\\\/2025\\\/05\\\/267073855_Gdansk_Adobe-e1674479006497.jpg\",\"width\":1920,\"height\":508},{\"@type\":\"BreadcrumbList\",\"@id\":\"https:\\\/\\\/www.polonia.travel\\\/pt\\\/gdanskcapital-europeia-da-cultura-gastronomica-2025\\\/#breadcrumb\",\"itemListElement\":[{\"@type\":\"ListItem\",\"position\":1,\"name\":\"Home page\",\"item\":\"https:\\\/\\\/www.polonia.travel\\\/pt\\\/\"},{\"@type\":\"ListItem\",\"position\":2,\"name\":\"Inspira\u00e7\u00f5es de viagem\",\"item\":\"https:\\\/\\\/wp-pt.poland.travel\\\/category\\\/inspiracoes-de-viagem\\\/\"},{\"@type\":\"ListItem\",\"position\":3,\"name\":\"Not\u00edcias\",\"item\":\"https:\\\/\\\/wp-pt.poland.travel\\\/category\\\/inspiracoes-de-viagem\\\/noticias\\\/\"},{\"@type\":\"ListItem\",\"position\":4,\"name\":\"Gdansk Capital Europeia da Cultura Gastron\u00f3mica 2025\"}]},{\"@type\":\"WebSite\",\"@id\":\"https:\\\/\\\/wp-pt.poland.travel\\\/#website\",\"url\":\"https:\\\/\\\/wp-pt.poland.travel\\\/\",\"name\":\"Polonia Travel (PT)\",\"description\":\"...\",\"publisher\":{\"@id\":\"https:\\\/\\\/wp-pt.poland.travel\\\/#organization\"},\"potentialAction\":[{\"@type\":\"SearchAction\",\"target\":{\"@type\":\"EntryPoint\",\"urlTemplate\":\"https:\\\/\\\/wp-pt.poland.travel\\\/?s={search_term_string}\"},\"query-input\":{\"@type\":\"PropertyValueSpecification\",\"valueRequired\":true,\"valueName\":\"search_term_string\"}}],\"inLanguage\":\"pl-PL\"},{\"@type\":\"Organization\",\"@id\":\"https:\\\/\\\/wp-pt.poland.travel\\\/#organization\",\"name\":\"Polonia Travel (PT)\",\"url\":\"https:\\\/\\\/wp-pt.poland.travel\\\/\",\"logo\":{\"@type\":\"ImageObject\",\"inLanguage\":\"pl-PL\",\"@id\":\"https:\\\/\\\/wp-pt.poland.travel\\\/#\\\/schema\\\/logo\\\/image\\\/\",\"url\":\"https:\\\/\\\/en-en.polska.travel\\\/wp-content\\\/uploads\\\/sites\\\/19\\\/2022\\\/11\\\/logo.svg\",\"contentUrl\":\"https:\\\/\\\/en-en.polska.travel\\\/wp-content\\\/uploads\\\/sites\\\/19\\\/2022\\\/11\\\/logo.svg\",\"width\":198,\"height\":96,\"caption\":\"Polonia Travel (PT)\"},\"image\":{\"@id\":\"https:\\\/\\\/wp-pt.poland.travel\\\/#\\\/schema\\\/logo\\\/image\\\/\"}},{\"@type\":\"Person\",\"@id\":\"https:\\\/\\\/wp-pt.poland.travel\\\/#\\\/schema\\\/person\\\/3730d2170ec81699992d8c769e4caba9\",\"name\":\"paula.gwadera\",\"image\":{\"@type\":\"ImageObject\",\"inLanguage\":\"pl-PL\",\"@id\":\"https:\\\/\\\/secure.gravatar.com\\\/avatar\\\/49295582de5868f93cb6cd50c89b11154e6998683e69ebc15d113725d120f96e?s=96&d=mm&r=g\",\"url\":\"https:\\\/\\\/secure.gravatar.com\\\/avatar\\\/49295582de5868f93cb6cd50c89b11154e6998683e69ebc15d113725d120f96e?s=96&d=mm&r=g\",\"contentUrl\":\"https:\\\/\\\/secure.gravatar.com\\\/avatar\\\/49295582de5868f93cb6cd50c89b11154e6998683e69ebc15d113725d120f96e?s=96&d=mm&r=g\",\"caption\":\"paula.gwadera\"},\"url\":\"https:\\\/\\\/www.polonia.travel\\\/pt\\\/author\\\/paula-gwadera\\\/\"}]}<\/script>\n<!-- \/ Yoast SEO plugin. -->","yoast_head_json":{"title":"Gdansk Capital Europeia da Cultura Gastron\u00f3mica 2025 - Polonia Travel (PT)","robots":{"index":"index","follow":"follow","max-snippet":"max-snippet:-1","max-image-preview":"max-image-preview:large","max-video-preview":"max-video-preview:-1"},"canonical":"https:\/\/www.polonia.travel\/pt\/gdanskcapital-europeia-da-cultura-gastronomica-2025\/","og_locale":"pl_PL","og_type":"article","og_title":"Gdansk Capital Europeia da Cultura Gastron\u00f3mica 2025 - Polonia Travel (PT)","og_description":"Gdansk Capital Europeia da Cultura Gastron\u00f3mica 2025 No dia 23 de janeiro, no \u00e2mbito da Fitur, a cidade de Gdansk foi reconhecida como Capital Europeia da Cultura Gastron\u00f3mica 2025, recebendo o t\u00edtulo das m\u00e3os de Rafael Ans\u00f3n, presidente da Comunidade Europeia da Nova Gastronomia, criada em Lisboa, em 2015, no \u00e2mbito da Academia Internacional de [&hellip;]","og_url":"https:\/\/www.polonia.travel\/pt\/gdanskcapital-europeia-da-cultura-gastronomica-2025\/","og_site_name":"Polonia Travel (PT)","article_published_time":"2025-05-08T13:37:54+00:00","article_modified_time":"2025-05-19T09:59:26+00:00","og_image":[{"width":1920,"height":508,"url":"https:\/\/www.polonia.travel\/pt\/wp-content\/uploads\/sites\/19\/2025\/05\/267073855_Gdansk_Adobe-e1674479006497.jpg","type":"image\/jpeg"}],"author":"paula.gwadera","twitter_card":"summary_large_image","twitter_misc":{"Napisane przez":"paula.gwadera","Szacowany czas czytania":"3 minuty"},"schema":{"@context":"https:\/\/schema.org","@graph":[{"@type":"Article","@id":"https:\/\/www.polonia.travel\/pt\/gdanskcapital-europeia-da-cultura-gastronomica-2025\/#article","isPartOf":{"@id":"https:\/\/www.polonia.travel\/pt\/gdanskcapital-europeia-da-cultura-gastronomica-2025\/"},"author":{"name":"paula.gwadera","@id":"https:\/\/wp-pt.poland.travel\/#\/schema\/person\/3730d2170ec81699992d8c769e4caba9"},"headline":"Gdansk Capital Europeia da Cultura Gastron\u00f3mica 2025","datePublished":"2025-05-08T13:37:54+00:00","dateModified":"2025-05-19T09:59:26+00:00","mainEntityOfPage":{"@id":"https:\/\/www.polonia.travel\/pt\/gdanskcapital-europeia-da-cultura-gastronomica-2025\/"},"wordCount":357,"commentCount":0,"publisher":{"@id":"https:\/\/wp-pt.poland.travel\/#organization"},"image":{"@id":"https:\/\/www.polonia.travel\/pt\/gdanskcapital-europeia-da-cultura-gastronomica-2025\/#primaryimage"},"thumbnailUrl":"https:\/\/www.polonia.travel\/pt\/wp-content\/uploads\/sites\/19\/2025\/05\/267073855_Gdansk_Adobe-e1674479006497.jpg","articleSection":["Not\u00edcias"],"inLanguage":"pl-PL"},{"@type":"WebPage","@id":"https:\/\/www.polonia.travel\/pt\/gdanskcapital-europeia-da-cultura-gastronomica-2025\/","url":"https:\/\/www.polonia.travel\/pt\/gdanskcapital-europeia-da-cultura-gastronomica-2025\/","name":"Gdansk Capital Europeia da Cultura Gastron\u00f3mica 2025 - Polonia Travel (PT)","isPartOf":{"@id":"https:\/\/wp-pt.poland.travel\/#website"},"primaryImageOfPage":{"@id":"https:\/\/www.polonia.travel\/pt\/gdanskcapital-europeia-da-cultura-gastronomica-2025\/#primaryimage"},"image":{"@id":"https:\/\/www.polonia.travel\/pt\/gdanskcapital-europeia-da-cultura-gastronomica-2025\/#primaryimage"},"thumbnailUrl":"https:\/\/www.polonia.travel\/pt\/wp-content\/uploads\/sites\/19\/2025\/05\/267073855_Gdansk_Adobe-e1674479006497.jpg","datePublished":"2025-05-08T13:37:54+00:00","dateModified":"2025-05-19T09:59:26+00:00","breadcrumb":{"@id":"https:\/\/www.polonia.travel\/pt\/gdanskcapital-europeia-da-cultura-gastronomica-2025\/#breadcrumb"},"inLanguage":"pl-PL","potentialAction":[{"@type":"ReadAction","target":["https:\/\/www.polonia.travel\/pt\/gdanskcapital-europeia-da-cultura-gastronomica-2025\/"]}]},{"@type":"ImageObject","inLanguage":"pl-PL","@id":"https:\/\/www.polonia.travel\/pt\/gdanskcapital-europeia-da-cultura-gastronomica-2025\/#primaryimage","url":"https:\/\/www.polonia.travel\/pt\/wp-content\/uploads\/sites\/19\/2025\/05\/267073855_Gdansk_Adobe-e1674479006497.jpg","contentUrl":"https:\/\/www.polonia.travel\/pt\/wp-content\/uploads\/sites\/19\/2025\/05\/267073855_Gdansk_Adobe-e1674479006497.jpg","width":1920,"height":508},{"@type":"BreadcrumbList","@id":"https:\/\/www.polonia.travel\/pt\/gdanskcapital-europeia-da-cultura-gastronomica-2025\/#breadcrumb","itemListElement":[{"@type":"ListItem","position":1,"name":"Home page","item":"https:\/\/www.polonia.travel\/pt\/"},{"@type":"ListItem","position":2,"name":"Inspira\u00e7\u00f5es de viagem","item":"https:\/\/wp-pt.poland.travel\/category\/inspiracoes-de-viagem\/"},{"@type":"ListItem","position":3,"name":"Not\u00edcias","item":"https:\/\/wp-pt.poland.travel\/category\/inspiracoes-de-viagem\/noticias\/"},{"@type":"ListItem","position":4,"name":"Gdansk Capital Europeia da Cultura Gastron\u00f3mica 2025"}]},{"@type":"WebSite","@id":"https:\/\/wp-pt.poland.travel\/#website","url":"https:\/\/wp-pt.poland.travel\/","name":"Polonia Travel (PT)","description":"...","publisher":{"@id":"https:\/\/wp-pt.poland.travel\/#organization"},"potentialAction":[{"@type":"SearchAction","target":{"@type":"EntryPoint","urlTemplate":"https:\/\/wp-pt.poland.travel\/?s={search_term_string}"},"query-input":{"@type":"PropertyValueSpecification","valueRequired":true,"valueName":"search_term_string"}}],"inLanguage":"pl-PL"},{"@type":"Organization","@id":"https:\/\/wp-pt.poland.travel\/#organization","name":"Polonia Travel (PT)","url":"https:\/\/wp-pt.poland.travel\/","logo":{"@type":"ImageObject","inLanguage":"pl-PL","@id":"https:\/\/wp-pt.poland.travel\/#\/schema\/logo\/image\/","url":"https:\/\/en-en.polska.travel\/wp-content\/uploads\/sites\/19\/2022\/11\/logo.svg","contentUrl":"https:\/\/en-en.polska.travel\/wp-content\/uploads\/sites\/19\/2022\/11\/logo.svg","width":198,"height":96,"caption":"Polonia Travel (PT)"},"image":{"@id":"https:\/\/wp-pt.poland.travel\/#\/schema\/logo\/image\/"}},{"@type":"Person","@id":"https:\/\/wp-pt.poland.travel\/#\/schema\/person\/3730d2170ec81699992d8c769e4caba9","name":"paula.gwadera","image":{"@type":"ImageObject","inLanguage":"pl-PL","@id":"https:\/\/secure.gravatar.com\/avatar\/49295582de5868f93cb6cd50c89b11154e6998683e69ebc15d113725d120f96e?s=96&d=mm&r=g","url":"https:\/\/secure.gravatar.com\/avatar\/49295582de5868f93cb6cd50c89b11154e6998683e69ebc15d113725d120f96e?s=96&d=mm&r=g","contentUrl":"https:\/\/secure.gravatar.com\/avatar\/49295582de5868f93cb6cd50c89b11154e6998683e69ebc15d113725d120f96e?s=96&d=mm&r=g","caption":"paula.gwadera"},"url":"https:\/\/www.polonia.travel\/pt\/author\/paula-gwadera\/"}]}},"_links":{"self":[{"href":"https:\/\/www.polonia.travel\/pt\/wp-json\/wp\/v2\/posts\/32715","targetHints":{"allow":["GET"]}}],"collection":[{"href":"https:\/\/www.polonia.travel\/pt\/wp-json\/wp\/v2\/posts"}],"about":[{"href":"https:\/\/www.polonia.travel\/pt\/wp-json\/wp\/v2\/types\/post"}],"author":[{"embeddable":true,"href":"https:\/\/www.polonia.travel\/pt\/wp-json\/wp\/v2\/users\/22"}],"replies":[{"embeddable":true,"href":"https:\/\/www.polonia.travel\/pt\/wp-json\/wp\/v2\/comments?post=32715"}],"version-history":[{"count":11,"href":"https:\/\/www.polonia.travel\/pt\/wp-json\/wp\/v2\/posts\/32715\/revisions"}],"predecessor-version":[{"id":32757,"href":"https:\/\/www.polonia.travel\/pt\/wp-json\/wp\/v2\/posts\/32715\/revisions\/32757"}],"wp:featuredmedia":[{"embeddable":true,"href":"https:\/\/www.polonia.travel\/pt\/wp-json\/wp\/v2\/media\/32758"}],"wp:attachment":[{"href":"https:\/\/www.polonia.travel\/pt\/wp-json\/wp\/v2\/media?parent=32715"}],"wp:term":[{"taxonomy":"category","embeddable":true,"href":"https:\/\/www.polonia.travel\/pt\/wp-json\/wp\/v2\/categories?post=32715"}],"curies":[{"name":"wp","href":"https:\/\/api.w.org\/{rel}","templated":true}]}}