{"id":32356,"date":"2025-05-07T11:22:36","date_gmt":"2025-05-07T09:22:36","guid":{"rendered":"https:\/\/www.polonia.travel\/pt\/?p=32356"},"modified":"2025-05-07T11:49:46","modified_gmt":"2025-05-07T09:49:46","slug":"polonia-na-btl-2025","status":"publish","type":"post","link":"https:\/\/www.polonia.travel\/pt\/polonia-na-btl-2025\/","title":{"rendered":"Pol\u00f3nia na BTL 2025"},"content":{"rendered":"\n<div class=\"wp-block-group is-style-container-medium\"><div class=\"wp-block-group__inner-container is-layout-constrained wp-block-group-is-layout-constrained\">\n<h2 class=\"wp-block-heading\">Pol\u00f3nia na BTL 2025<\/h2>\n\n\n\n<div style=\"height:100px\" aria-hidden=\"true\" class=\"wp-block-spacer is-style-spacer-small\"><\/div>\n\n\n\n<p>O n\u00famero de turistas portugueses que visitaram a Pol\u00f3nia em 2024 aumentou\u202f<strong>5,5%<\/strong>\u202fem compara\u00e7\u00e3o com 2019, de acordo com dados recentes revelados pelo Gabinete Central de Estat\u00edsticas da Pol\u00f3nia. Este crescimento reflete o crescente interesse dos portugueses em explorar os destinos polacos, que continuam a surpreender pela sua diversidade cultural, hist\u00f3rica e natural.&nbsp;<\/p>\n\n\n\n<p>Para continuar a refor\u00e7ar esta tend\u00eancia, o\u202f<strong>Turismo da Pol\u00f3nia<\/strong>\u202festar\u00e1 presente na\u202f<strong>BTL \u2013 Better Tourism Lisbon Travel Market<\/strong>, que se realiza de 12 a 16 de mar\u00e7o de 2025, na\u202fFIL \u2013 Parque das Na\u00e7\u00f5es, Lisboa. Durante este evento, a Pol\u00f3nia ter\u00e1 um stand&nbsp;no Pavilh\u00e3o 4 (4A31),&nbsp;no qual apresentar\u00e1 as novidades e atrativos tur\u00edsticos do pa\u00eds, incluindo novas liga\u00e7\u00f5es a\u00e9reas e uma oferta diversificada adaptada \u00e0s novas tend\u00eancias de viagem.&nbsp;Al\u00e9m disso, estar\u00e3o presentes no stand a&nbsp;<strong>LOT Polish Airlines&nbsp;<\/strong>e a&nbsp;<strong>Regi\u00e3o de Crac\u00f3via<\/strong>, ambas com informa\u00e7\u00f5es exclusivas sobre suas ofertas e novos produtos.&nbsp;<\/p>\n<\/div><\/div>\n\n\n\n<div style=\"height:100px\" aria-hidden=\"true\" class=\"wp-block-spacer is-style-spacer-small\"><\/div>\n\n\n\n<div class=\"wp-block-group is-style-container\"><div class=\"wp-block-group__inner-container is-layout-constrained wp-block-group-is-layout-constrained\"><div class=\"wp-block-image\">\n<figure class=\"aligncenter\"><img decoding=\"async\" src=\"https:\/\/www.polonia.travel\/images\/pt-PT\/2024\/1900x890_LISBOA%20z%20logo%20BTL%20small.jpg\" alt=\"1900x890_LISBOA z logo BTL small.jpg\"\/><\/figure><\/div><\/div><\/div>\n\n\n\n<div style=\"height:100px\" aria-hidden=\"true\" class=\"wp-block-spacer is-style-spacer-small\"><\/div>\n\n\n\n<div class=\"wp-block-group is-style-container-medium\"><div class=\"wp-block-group__inner-container is-layout-constrained wp-block-group-is-layout-constrained\">\n<p><strong>Novas liga\u00e7\u00f5es a\u00e9reas e destinos em ascens\u00e3o<\/strong>&nbsp;<\/p>\n\n\n\n<p>Uma das grandes novidades deste ano \u00e9 a nova liga\u00e7\u00e3o a\u00e9rea direta entre\u202f<strong>Lisboa<\/strong>\u202fe\u202f<strong>Vars\u00f3via<\/strong>, operada pela\u202f<strong>LOT Polish Airlines<\/strong>, que facilita ainda mais a visita dos portugueses \u00e0 Pol\u00f3nia. A partir de 30 de mar\u00e7o de 2025, a rota ser\u00e1 servida diariamente, com hor\u00e1rios convenientemente adaptados para facilitar viagens tanto no inverno quanto no ver\u00e3o.&nbsp;<\/p>\n\n\n\n<p>A Pol\u00f3nia est\u00e1 a adaptar a sua oferta tur\u00edstica \u00e0s novas tend\u00eancias de viagem, com destaque para o\u202f<strong>turismo gastron\u00f3mico<\/strong>\u202fe\u202f<strong>sustent\u00e1vel<\/strong>. Em 2025,\u202f<strong>Gdansk<\/strong>\u202ffoi nomeada a\u202f<strong>Capital Europeia da Cultura Gastron\u00f3mica<\/strong>, e\u202f<strong>Vars\u00f3via<\/strong>\u202f\u00e9 agora considerada uma das\u202f<strong>cinco capitais mais verdes da Europa&nbsp;<\/strong>(European Best Destinations). Os famosos\u202f&nbsp;<strong>mercados de Natal<\/strong>, como o de\u202f<strong>Gdansk<\/strong>, recentemente eleito\u202f<strong>Melhor Mercado de Natal da Europa 2025<\/strong>, est\u00e3o a conquistar turistas que buscam experi\u00eancias \u00fanicas e aut\u00eanticas.&nbsp;<\/p>\n<\/div><\/div>\n\n\n\n<div style=\"height:100px\" aria-hidden=\"true\" class=\"wp-block-spacer is-style-spacer-small\"><\/div>\n","protected":false},"excerpt":{"rendered":"<p>Pol\u00f3nia na BTL 2025 O n\u00famero de turistas portugueses que visitaram a Pol\u00f3nia em 2024 aumentou\u202f5,5%\u202fem compara\u00e7\u00e3o com 2019, de acordo com dados recentes revelados pelo Gabinete Central de Estat\u00edsticas da Pol\u00f3nia. Este crescimento reflete o crescente interesse dos portugueses em explorar os destinos polacos, que continuam a surpreender pela sua diversidade cultural, hist\u00f3rica e [&hellip;]<\/p>\n","protected":false},"author":4,"featured_media":20836,"comment_status":"open","ping_status":"open","sticky":false,"template":"","format":"standard","meta":{"_acf_changed":false,"footnotes":""},"categories":[1153],"class_list":["post-32356","post","type-post","status-publish","format-standard","has-post-thumbnail","hentry","category-profissionais-de-turismo"],"acf":[],"yoast_head":"<!-- This site is optimized with the Yoast SEO plugin v27.4 - https:\/\/yoast.com\/product\/yoast-seo-wordpress\/ -->\n<title>Pol\u00f3nia na BTL 2025 - Polonia Travel (PT)<\/title>\n<meta name=\"robots\" content=\"index, follow, max-snippet:-1, max-image-preview:large, max-video-preview:-1\" \/>\n<link rel=\"canonical\" href=\"https:\/\/wp-pt.poland.travel\/polonia-na-btl-2025\/\" \/>\n<meta property=\"og:locale\" content=\"pl_PL\" \/>\n<meta property=\"og:type\" content=\"article\" \/>\n<meta property=\"og:title\" content=\"Pol\u00f3nia na BTL 2025 - Polonia Travel (PT)\" \/>\n<meta property=\"og:description\" content=\"Pol\u00f3nia na BTL 2025 O n\u00famero de turistas portugueses que visitaram a Pol\u00f3nia em 2024 aumentou\u202f5,5%\u202fem compara\u00e7\u00e3o com 2019, de acordo com dados recentes revelados pelo Gabinete Central de Estat\u00edsticas da Pol\u00f3nia. Este crescimento reflete o crescente interesse dos portugueses em explorar os destinos polacos, que continuam a surpreender pela sua diversidade cultural, hist\u00f3rica e [&hellip;]\" \/>\n<meta property=\"og:url\" content=\"https:\/\/wp-pt.poland.travel\/polonia-na-btl-2025\/\" \/>\n<meta property=\"og:site_name\" content=\"Polonia Travel (PT)\" \/>\n<meta property=\"article:published_time\" content=\"2025-05-07T09:22:36+00:00\" \/>\n<meta property=\"article:modified_time\" content=\"2025-05-07T09:49:46+00:00\" \/>\n<meta property=\"og:image\" content=\"https:\/\/wp-pt.poland.travel\/wp-content\/uploads\/sites\/19\/2023\/02\/krakow1920-e1676901604179.jpg\" \/>\n\t<meta property=\"og:image:width\" content=\"1920\" \/>\n\t<meta property=\"og:image:height\" content=\"355\" \/>\n\t<meta property=\"og:image:type\" content=\"image\/jpeg\" \/>\n<meta name=\"author\" content=\"paulinaskoczen\" \/>\n<meta name=\"twitter:card\" content=\"summary_large_image\" \/>\n<meta name=\"twitter:label1\" content=\"Napisane przez\" \/>\n\t<meta name=\"twitter:data1\" content=\"paulinaskoczen\" \/>\n\t<meta name=\"twitter:label2\" content=\"Szacowany czas czytania\" \/>\n\t<meta name=\"twitter:data2\" content=\"3 minuty\" \/>\n<script type=\"application\/ld+json\" class=\"yoast-schema-graph\">{\"@context\":\"https:\\\/\\\/schema.org\",\"@graph\":[{\"@type\":\"Article\",\"@id\":\"https:\\\/\\\/wp-pt.poland.travel\\\/polonia-na-btl-2025\\\/#article\",\"isPartOf\":{\"@id\":\"https:\\\/\\\/wp-pt.poland.travel\\\/polonia-na-btl-2025\\\/\"},\"author\":{\"name\":\"paulinaskoczen\",\"@id\":\"https:\\\/\\\/wp-pt.poland.travel\\\/#\\\/schema\\\/person\\\/a7e7220cbf656ec08ed713e97c7c1c85\"},\"headline\":\"Pol\u00f3nia na BTL 2025\",\"datePublished\":\"2025-05-07T09:22:36+00:00\",\"dateModified\":\"2025-05-07T09:49:46+00:00\",\"mainEntityOfPage\":{\"@id\":\"https:\\\/\\\/wp-pt.poland.travel\\\/polonia-na-btl-2025\\\/\"},\"wordCount\":342,\"commentCount\":0,\"publisher\":{\"@id\":\"https:\\\/\\\/wp-pt.poland.travel\\\/#organization\"},\"image\":{\"@id\":\"https:\\\/\\\/wp-pt.poland.travel\\\/polonia-na-btl-2025\\\/#primaryimage\"},\"thumbnailUrl\":\"https:\\\/\\\/www.polonia.travel\\\/pt\\\/wp-content\\\/uploads\\\/sites\\\/19\\\/2023\\\/02\\\/krakow1920-e1676901604179.jpg\",\"articleSection\":[\"Profissionais de turismo\"],\"inLanguage\":\"pl-PL\"},{\"@type\":\"WebPage\",\"@id\":\"https:\\\/\\\/wp-pt.poland.travel\\\/polonia-na-btl-2025\\\/\",\"url\":\"https:\\\/\\\/wp-pt.poland.travel\\\/polonia-na-btl-2025\\\/\",\"name\":\"Pol\u00f3nia na BTL 2025 - Polonia Travel (PT)\",\"isPartOf\":{\"@id\":\"https:\\\/\\\/wp-pt.poland.travel\\\/#website\"},\"primaryImageOfPage\":{\"@id\":\"https:\\\/\\\/wp-pt.poland.travel\\\/polonia-na-btl-2025\\\/#primaryimage\"},\"image\":{\"@id\":\"https:\\\/\\\/wp-pt.poland.travel\\\/polonia-na-btl-2025\\\/#primaryimage\"},\"thumbnailUrl\":\"https:\\\/\\\/www.polonia.travel\\\/pt\\\/wp-content\\\/uploads\\\/sites\\\/19\\\/2023\\\/02\\\/krakow1920-e1676901604179.jpg\",\"datePublished\":\"2025-05-07T09:22:36+00:00\",\"dateModified\":\"2025-05-07T09:49:46+00:00\",\"breadcrumb\":{\"@id\":\"https:\\\/\\\/wp-pt.poland.travel\\\/polonia-na-btl-2025\\\/#breadcrumb\"},\"inLanguage\":\"pl-PL\",\"potentialAction\":[{\"@type\":\"ReadAction\",\"target\":[\"https:\\\/\\\/wp-pt.poland.travel\\\/polonia-na-btl-2025\\\/\"]}]},{\"@type\":\"ImageObject\",\"inLanguage\":\"pl-PL\",\"@id\":\"https:\\\/\\\/wp-pt.poland.travel\\\/polonia-na-btl-2025\\\/#primaryimage\",\"url\":\"https:\\\/\\\/www.polonia.travel\\\/pt\\\/wp-content\\\/uploads\\\/sites\\\/19\\\/2023\\\/02\\\/krakow1920-e1676901604179.jpg\",\"contentUrl\":\"https:\\\/\\\/www.polonia.travel\\\/pt\\\/wp-content\\\/uploads\\\/sites\\\/19\\\/2023\\\/02\\\/krakow1920-e1676901604179.jpg\",\"width\":1920,\"height\":355},{\"@type\":\"BreadcrumbList\",\"@id\":\"https:\\\/\\\/wp-pt.poland.travel\\\/polonia-na-btl-2025\\\/#breadcrumb\",\"itemListElement\":[{\"@type\":\"ListItem\",\"position\":1,\"name\":\"Home page\",\"item\":\"https:\\\/\\\/www.polonia.travel\\\/pt\\\/\"},{\"@type\":\"ListItem\",\"position\":2,\"name\":\"Profissionais de turismo\",\"item\":\"https:\\\/\\\/wp-pt.poland.travel\\\/category\\\/profissionais-de-turismo\\\/\"},{\"@type\":\"ListItem\",\"position\":3,\"name\":\"Pol\u00f3nia na BTL 2025\"}]},{\"@type\":\"WebSite\",\"@id\":\"https:\\\/\\\/wp-pt.poland.travel\\\/#website\",\"url\":\"https:\\\/\\\/wp-pt.poland.travel\\\/\",\"name\":\"Polonia Travel (PT)\",\"description\":\"...\",\"publisher\":{\"@id\":\"https:\\\/\\\/wp-pt.poland.travel\\\/#organization\"},\"potentialAction\":[{\"@type\":\"SearchAction\",\"target\":{\"@type\":\"EntryPoint\",\"urlTemplate\":\"https:\\\/\\\/wp-pt.poland.travel\\\/?s={search_term_string}\"},\"query-input\":{\"@type\":\"PropertyValueSpecification\",\"valueRequired\":true,\"valueName\":\"search_term_string\"}}],\"inLanguage\":\"pl-PL\"},{\"@type\":\"Organization\",\"@id\":\"https:\\\/\\\/wp-pt.poland.travel\\\/#organization\",\"name\":\"Polonia Travel (PT)\",\"url\":\"https:\\\/\\\/wp-pt.poland.travel\\\/\",\"logo\":{\"@type\":\"ImageObject\",\"inLanguage\":\"pl-PL\",\"@id\":\"https:\\\/\\\/wp-pt.poland.travel\\\/#\\\/schema\\\/logo\\\/image\\\/\",\"url\":\"https:\\\/\\\/en-en.polska.travel\\\/wp-content\\\/uploads\\\/sites\\\/19\\\/2022\\\/11\\\/logo.svg\",\"contentUrl\":\"https:\\\/\\\/en-en.polska.travel\\\/wp-content\\\/uploads\\\/sites\\\/19\\\/2022\\\/11\\\/logo.svg\",\"width\":198,\"height\":96,\"caption\":\"Polonia Travel (PT)\"},\"image\":{\"@id\":\"https:\\\/\\\/wp-pt.poland.travel\\\/#\\\/schema\\\/logo\\\/image\\\/\"}},{\"@type\":\"Person\",\"@id\":\"https:\\\/\\\/wp-pt.poland.travel\\\/#\\\/schema\\\/person\\\/a7e7220cbf656ec08ed713e97c7c1c85\",\"name\":\"paulinaskoczen\",\"image\":{\"@type\":\"ImageObject\",\"inLanguage\":\"pl-PL\",\"@id\":\"https:\\\/\\\/secure.gravatar.com\\\/avatar\\\/0e1d86345b101a3a9405065a92e055ee3c308177859477bf8efeee50099c0d45?s=96&d=mm&r=g\",\"url\":\"https:\\\/\\\/secure.gravatar.com\\\/avatar\\\/0e1d86345b101a3a9405065a92e055ee3c308177859477bf8efeee50099c0d45?s=96&d=mm&r=g\",\"contentUrl\":\"https:\\\/\\\/secure.gravatar.com\\\/avatar\\\/0e1d86345b101a3a9405065a92e055ee3c308177859477bf8efeee50099c0d45?s=96&d=mm&r=g\",\"caption\":\"paulinaskoczen\"},\"url\":\"https:\\\/\\\/www.polonia.travel\\\/pt\\\/author\\\/paulinaskoczen\\\/\"}]}<\/script>\n<!-- \/ Yoast SEO plugin. -->","yoast_head_json":{"title":"Pol\u00f3nia na BTL 2025 - Polonia Travel (PT)","robots":{"index":"index","follow":"follow","max-snippet":"max-snippet:-1","max-image-preview":"max-image-preview:large","max-video-preview":"max-video-preview:-1"},"canonical":"https:\/\/wp-pt.poland.travel\/polonia-na-btl-2025\/","og_locale":"pl_PL","og_type":"article","og_title":"Pol\u00f3nia na BTL 2025 - Polonia Travel (PT)","og_description":"Pol\u00f3nia na BTL 2025 O n\u00famero de turistas portugueses que visitaram a Pol\u00f3nia em 2024 aumentou\u202f5,5%\u202fem compara\u00e7\u00e3o com 2019, de acordo com dados recentes revelados pelo Gabinete Central de Estat\u00edsticas da Pol\u00f3nia. Este crescimento reflete o crescente interesse dos portugueses em explorar os destinos polacos, que continuam a surpreender pela sua diversidade cultural, hist\u00f3rica e [&hellip;]","og_url":"https:\/\/wp-pt.poland.travel\/polonia-na-btl-2025\/","og_site_name":"Polonia Travel (PT)","article_published_time":"2025-05-07T09:22:36+00:00","article_modified_time":"2025-05-07T09:49:46+00:00","og_image":[{"width":1920,"height":355,"url":"https:\/\/wp-pt.poland.travel\/wp-content\/uploads\/sites\/19\/2023\/02\/krakow1920-e1676901604179.jpg","type":"image\/jpeg"}],"author":"paulinaskoczen","twitter_card":"summary_large_image","twitter_misc":{"Napisane przez":"paulinaskoczen","Szacowany czas czytania":"3 minuty"},"schema":{"@context":"https:\/\/schema.org","@graph":[{"@type":"Article","@id":"https:\/\/wp-pt.poland.travel\/polonia-na-btl-2025\/#article","isPartOf":{"@id":"https:\/\/wp-pt.poland.travel\/polonia-na-btl-2025\/"},"author":{"name":"paulinaskoczen","@id":"https:\/\/wp-pt.poland.travel\/#\/schema\/person\/a7e7220cbf656ec08ed713e97c7c1c85"},"headline":"Pol\u00f3nia na BTL 2025","datePublished":"2025-05-07T09:22:36+00:00","dateModified":"2025-05-07T09:49:46+00:00","mainEntityOfPage":{"@id":"https:\/\/wp-pt.poland.travel\/polonia-na-btl-2025\/"},"wordCount":342,"commentCount":0,"publisher":{"@id":"https:\/\/wp-pt.poland.travel\/#organization"},"image":{"@id":"https:\/\/wp-pt.poland.travel\/polonia-na-btl-2025\/#primaryimage"},"thumbnailUrl":"https:\/\/www.polonia.travel\/pt\/wp-content\/uploads\/sites\/19\/2023\/02\/krakow1920-e1676901604179.jpg","articleSection":["Profissionais de turismo"],"inLanguage":"pl-PL"},{"@type":"WebPage","@id":"https:\/\/wp-pt.poland.travel\/polonia-na-btl-2025\/","url":"https:\/\/wp-pt.poland.travel\/polonia-na-btl-2025\/","name":"Pol\u00f3nia na BTL 2025 - Polonia Travel (PT)","isPartOf":{"@id":"https:\/\/wp-pt.poland.travel\/#website"},"primaryImageOfPage":{"@id":"https:\/\/wp-pt.poland.travel\/polonia-na-btl-2025\/#primaryimage"},"image":{"@id":"https:\/\/wp-pt.poland.travel\/polonia-na-btl-2025\/#primaryimage"},"thumbnailUrl":"https:\/\/www.polonia.travel\/pt\/wp-content\/uploads\/sites\/19\/2023\/02\/krakow1920-e1676901604179.jpg","datePublished":"2025-05-07T09:22:36+00:00","dateModified":"2025-05-07T09:49:46+00:00","breadcrumb":{"@id":"https:\/\/wp-pt.poland.travel\/polonia-na-btl-2025\/#breadcrumb"},"inLanguage":"pl-PL","potentialAction":[{"@type":"ReadAction","target":["https:\/\/wp-pt.poland.travel\/polonia-na-btl-2025\/"]}]},{"@type":"ImageObject","inLanguage":"pl-PL","@id":"https:\/\/wp-pt.poland.travel\/polonia-na-btl-2025\/#primaryimage","url":"https:\/\/www.polonia.travel\/pt\/wp-content\/uploads\/sites\/19\/2023\/02\/krakow1920-e1676901604179.jpg","contentUrl":"https:\/\/www.polonia.travel\/pt\/wp-content\/uploads\/sites\/19\/2023\/02\/krakow1920-e1676901604179.jpg","width":1920,"height":355},{"@type":"BreadcrumbList","@id":"https:\/\/wp-pt.poland.travel\/polonia-na-btl-2025\/#breadcrumb","itemListElement":[{"@type":"ListItem","position":1,"name":"Home page","item":"https:\/\/www.polonia.travel\/pt\/"},{"@type":"ListItem","position":2,"name":"Profissionais de turismo","item":"https:\/\/wp-pt.poland.travel\/category\/profissionais-de-turismo\/"},{"@type":"ListItem","position":3,"name":"Pol\u00f3nia na BTL 2025"}]},{"@type":"WebSite","@id":"https:\/\/wp-pt.poland.travel\/#website","url":"https:\/\/wp-pt.poland.travel\/","name":"Polonia Travel (PT)","description":"...","publisher":{"@id":"https:\/\/wp-pt.poland.travel\/#organization"},"potentialAction":[{"@type":"SearchAction","target":{"@type":"EntryPoint","urlTemplate":"https:\/\/wp-pt.poland.travel\/?s={search_term_string}"},"query-input":{"@type":"PropertyValueSpecification","valueRequired":true,"valueName":"search_term_string"}}],"inLanguage":"pl-PL"},{"@type":"Organization","@id":"https:\/\/wp-pt.poland.travel\/#organization","name":"Polonia Travel (PT)","url":"https:\/\/wp-pt.poland.travel\/","logo":{"@type":"ImageObject","inLanguage":"pl-PL","@id":"https:\/\/wp-pt.poland.travel\/#\/schema\/logo\/image\/","url":"https:\/\/en-en.polska.travel\/wp-content\/uploads\/sites\/19\/2022\/11\/logo.svg","contentUrl":"https:\/\/en-en.polska.travel\/wp-content\/uploads\/sites\/19\/2022\/11\/logo.svg","width":198,"height":96,"caption":"Polonia Travel (PT)"},"image":{"@id":"https:\/\/wp-pt.poland.travel\/#\/schema\/logo\/image\/"}},{"@type":"Person","@id":"https:\/\/wp-pt.poland.travel\/#\/schema\/person\/a7e7220cbf656ec08ed713e97c7c1c85","name":"paulinaskoczen","image":{"@type":"ImageObject","inLanguage":"pl-PL","@id":"https:\/\/secure.gravatar.com\/avatar\/0e1d86345b101a3a9405065a92e055ee3c308177859477bf8efeee50099c0d45?s=96&d=mm&r=g","url":"https:\/\/secure.gravatar.com\/avatar\/0e1d86345b101a3a9405065a92e055ee3c308177859477bf8efeee50099c0d45?s=96&d=mm&r=g","contentUrl":"https:\/\/secure.gravatar.com\/avatar\/0e1d86345b101a3a9405065a92e055ee3c308177859477bf8efeee50099c0d45?s=96&d=mm&r=g","caption":"paulinaskoczen"},"url":"https:\/\/www.polonia.travel\/pt\/author\/paulinaskoczen\/"}]}},"_links":{"self":[{"href":"https:\/\/www.polonia.travel\/pt\/wp-json\/wp\/v2\/posts\/32356","targetHints":{"allow":["GET"]}}],"collection":[{"href":"https:\/\/www.polonia.travel\/pt\/wp-json\/wp\/v2\/posts"}],"about":[{"href":"https:\/\/www.polonia.travel\/pt\/wp-json\/wp\/v2\/types\/post"}],"author":[{"embeddable":true,"href":"https:\/\/www.polonia.travel\/pt\/wp-json\/wp\/v2\/users\/4"}],"replies":[{"embeddable":true,"href":"https:\/\/www.polonia.travel\/pt\/wp-json\/wp\/v2\/comments?post=32356"}],"version-history":[{"count":2,"href":"https:\/\/www.polonia.travel\/pt\/wp-json\/wp\/v2\/posts\/32356\/revisions"}],"predecessor-version":[{"id":32372,"href":"https:\/\/www.polonia.travel\/pt\/wp-json\/wp\/v2\/posts\/32356\/revisions\/32372"}],"wp:featuredmedia":[{"embeddable":true,"href":"https:\/\/www.polonia.travel\/pt\/wp-json\/wp\/v2\/media\/20836"}],"wp:attachment":[{"href":"https:\/\/www.polonia.travel\/pt\/wp-json\/wp\/v2\/media?parent=32356"}],"wp:term":[{"taxonomy":"category","embeddable":true,"href":"https:\/\/www.polonia.travel\/pt\/wp-json\/wp\/v2\/categories?post=32356"}],"curies":[{"name":"wp","href":"https:\/\/api.w.org\/{rel}","templated":true}]}}