{"id":32256,"date":"2025-03-07T11:27:59","date_gmt":"2025-03-07T10:27:59","guid":{"rendered":"https:\/\/www.polonia.travel\/pt\/?p=32256"},"modified":"2025-03-07T11:28:01","modified_gmt":"2025-03-07T10:28:01","slug":"warmia-e-masuria-as-tres-cores","status":"publish","type":"post","link":"https:\/\/www.polonia.travel\/pt\/warmia-e-masuria-as-tres-cores\/","title":{"rendered":"WARMIA e MASURIA, as tr\u00eas cores"},"content":{"rendered":"\n<div class=\"wp-block-group is-style-container\"><div class=\"wp-block-group__inner-container is-layout-constrained wp-block-group-is-layout-constrained\">\n<!-- empty -->\n\n\n<div class=\"metrics\">\n  <div class=\"metrics__text\">\n    <h1 class=\"is-style-heading-38 mb20 large-mb30\">WARMIA e MASURIA, as tr\u00eas cores<\/h1>\n    <p><strong>Uma viagem slow \u00e0 natureza e cores vivas<\/strong><\/p>\n<p>A regi\u00e3o, no nordeste da Pol\u00f3nia, \u00e9 o \u201cpulm\u00e3o verde\u201d do pa\u00eds, consistindo em duas regi\u00f5es hist\u00f3ricas<strong>, Warmia e Masuria, <\/strong>cuja atual capital \u00e9 <strong>Olsztyn. <\/strong>A principal atra\u00e7\u00e3o da regi\u00e3o s\u00e3o os seus lagos, grandes e pequenos, alguns dos quais est\u00e3o ligados por canais que permitem longas excurs\u00f5es na \u00e1gua. O Canal Mazurski ligava as rotas locais ao Mar B\u00e1ltico. Em Gizycko, a ponte girat\u00f3ria, que pesa mais de 100 toneladas, foi preservada, mas pode ser movida por uma pessoa atrav\u00e9s de uma alavanca.<\/p>\n  <\/div>\n  <div class=\"metrics__sidebar\">\n    <div class=\"metrics-box\">\n              <div class=\"metrics-box__title\">Informa\u00e7\u00e3o b\u00e1sica<\/div>\n        <div class=\"metrics-box__values\">\n                                        <div class=\"metrics-box__item\">\n      <div class=\"metrics-box__label\">Superf\u00edcie:<\/div>\n      <div class=\"metrics-box__value\">24 173 km\u00b2<\/div>\n    <\/div>\n                                <div class=\"metrics-box__item\">\n      <div class=\"metrics-box__label\">Popula\u00e7\u00e3o:<\/div>\n      <div class=\"metrics-box__value\">1,434 miliona (2017)<\/div>\n    <\/div>\n                                <\/div>\n                    <div class=\"metrics-box__links\">\n                      <a href=\"https:\/\/mazury.travel\/\" class=\"metrics-box__link external\"\n                                  target=\"_blank\" rel=\"nofollow noopener noreferrer\"\n                            >www<\/a>\n                  <\/div>\n          <\/div>\n  <\/div>\n<\/div>\n<\/div><\/div>\n\n\n\n<p><\/p>\n\n\n\n<div class=\"wp-block-group is-style-container-medium\"><div class=\"wp-block-group__inner-container is-layout-constrained wp-block-group-is-layout-constrained\">\n<p>\u00c9 um dos locais mais populares durante o ver\u00e3o. Os lagos mais pequenos (na parte de Warmia) e os grandes lagos da Mas\u00faria, divididos por florestas ou prados, satisfazem tanto os que procuram actividades ao ar livre como os que preferem relaxar nas praias, longe da agita\u00e7\u00e3o do mundo. As actividades mais populares s\u00e3o, portanto, os desportos n\u00e1uticos (vela nos grandes lagos, mergulho, caiaque, passeios de barco), mas tamb\u00e9m os passeios a p\u00e9 e de bicicleta. Algumas delas podem tamb\u00e9m ser praticadas no inverno, como se descreve a seguir.<\/p>\n\n\n\n<p>Sendo uma regi\u00e3o hist\u00f3rica, os monumentos mais significativos incluem castelos medievais da <strong>Ordem Teut\u00f3nica em Ryn e K\u0119trzyn,<\/strong> e outro em <strong>Olsztyn<\/strong> ou <strong>Nidzica<\/strong>; pal\u00e1cios ou castelos do bispo em <strong>Lidzbark Warmi\u0144ski <\/strong>e <strong>Reszel<\/strong> ou pal\u00e1cios aristocr\u00e1ticos, como o de Kadyny.&nbsp; Estes \u00faltimos, juntamente com o <strong><u>Ryn<\/u><\/strong> e o <strong><u>Hotel Krasicki<\/u><\/strong> em <strong>Lidzbark Warmi\u0144ski,<\/strong> tamb\u00e9m oferecem alojamento nos seus espa\u00e7os hist\u00f3ricos, acrescentando um toque de glamour e charme \u00e0 viagem.&nbsp;<\/p>\n<\/div><\/div>\n\n\n\n<div style=\"height:100px\" aria-hidden=\"true\" class=\"wp-block-spacer is-style-spacer-small\"><\/div>\n\n\n\n<div class=\"wp-block-group is-style-container\"><div class=\"wp-block-group__inner-container is-layout-constrained wp-block-group-is-layout-constrained\">  <div class=\"gallery-tiles gallery-tiles--rows-2-3 lightgallery\">\r\n          <a href=\"https:\/\/www.polonia.travel\/pt\/wp-content\/uploads\/sites\/19\/2022\/12\/olsztyn_crs_ukiel_1170.jpg\" class=\"gallery-tiles__item\" data-src=\"https:\/\/www.polonia.travel\/pt\/wp-content\/uploads\/sites\/19\/2022\/12\/olsztyn_crs_ukiel_1170.jpg\"\r\n        aria-label=\"Otw\u00f3rz powi\u0119kszone zdj\u0119cie: olsztyn\">\r\n        <img loading=\"lazy\" decoding=\"async\" width=\"1170\" height=\"780\" src=\"https:\/\/www.polonia.travel\/pt\/wp-content\/uploads\/sites\/19\/2022\/12\/olsztyn_crs_ukiel_1170.jpg\" class=\"gallery-tiles__thumb\" alt=\"olsztyn\" srcset=\"https:\/\/www.polonia.travel\/pt\/wp-content\/uploads\/sites\/19\/2022\/12\/olsztyn_crs_ukiel_1170.jpg 1170w, https:\/\/www.polonia.travel\/pt\/wp-content\/uploads\/sites\/19\/2022\/12\/olsztyn_crs_ukiel_1170-600x400.jpg 600w, https:\/\/www.polonia.travel\/pt\/wp-content\/uploads\/sites\/19\/2022\/12\/olsztyn_crs_ukiel_1170-768x512.jpg 768w\" sizes=\"auto, (max-width: 1170px) 100vw, 1170px\" \/>      <\/a>\r\n          <a href=\"https:\/\/www.polonia.travel\/pt\/wp-content\/uploads\/sites\/19\/2022\/12\/olsztyn_panorama_1170.jpg\" class=\"gallery-tiles__item\" data-src=\"https:\/\/www.polonia.travel\/pt\/wp-content\/uploads\/sites\/19\/2022\/12\/olsztyn_panorama_1170.jpg\"\r\n        aria-label=\"Otw\u00f3rz powi\u0119kszone zdj\u0119cie: Olsztyn\">\r\n        <img loading=\"lazy\" decoding=\"async\" width=\"1170\" height=\"780\" src=\"https:\/\/www.polonia.travel\/pt\/wp-content\/uploads\/sites\/19\/2022\/12\/olsztyn_panorama_1170.jpg\" class=\"gallery-tiles__thumb\" alt=\"Olsztyn\" srcset=\"https:\/\/www.polonia.travel\/pt\/wp-content\/uploads\/sites\/19\/2022\/12\/olsztyn_panorama_1170.jpg 1170w, https:\/\/www.polonia.travel\/pt\/wp-content\/uploads\/sites\/19\/2022\/12\/olsztyn_panorama_1170-600x400.jpg 600w, https:\/\/www.polonia.travel\/pt\/wp-content\/uploads\/sites\/19\/2022\/12\/olsztyn_panorama_1170-768x512.jpg 768w\" sizes=\"auto, (max-width: 1170px) 100vw, 1170px\" \/>      <\/a>\r\n          <a href=\"https:\/\/www.polonia.travel\/pt\/wp-content\/uploads\/sites\/19\/2022\/12\/olsztyn_plaza_miejska_1170.jpg\" class=\"gallery-tiles__item\" data-src=\"https:\/\/www.polonia.travel\/pt\/wp-content\/uploads\/sites\/19\/2022\/12\/olsztyn_plaza_miejska_1170.jpg\"\r\n        aria-label=\"Otw\u00f3rz powi\u0119kszone zdj\u0119cie: Olsztyn\">\r\n        <img loading=\"lazy\" decoding=\"async\" width=\"1170\" height=\"780\" src=\"https:\/\/www.polonia.travel\/pt\/wp-content\/uploads\/sites\/19\/2022\/12\/olsztyn_plaza_miejska_1170.jpg\" class=\"gallery-tiles__thumb\" alt=\"Olsztyn\" srcset=\"https:\/\/www.polonia.travel\/pt\/wp-content\/uploads\/sites\/19\/2022\/12\/olsztyn_plaza_miejska_1170.jpg 1170w, https:\/\/www.polonia.travel\/pt\/wp-content\/uploads\/sites\/19\/2022\/12\/olsztyn_plaza_miejska_1170-600x400.jpg 600w, https:\/\/www.polonia.travel\/pt\/wp-content\/uploads\/sites\/19\/2022\/12\/olsztyn_plaza_miejska_1170-768x512.jpg 768w\" sizes=\"auto, (max-width: 1170px) 100vw, 1170px\" \/>      <\/a>\r\n          <a href=\"https:\/\/www.polonia.travel\/pt\/wp-content\/uploads\/sites\/19\/2022\/12\/olsztyn_zamek_noca_1170.jpg\" class=\"gallery-tiles__item\" data-src=\"https:\/\/www.polonia.travel\/pt\/wp-content\/uploads\/sites\/19\/2022\/12\/olsztyn_zamek_noca_1170.jpg\"\r\n        aria-label=\"Otw\u00f3rz powi\u0119kszone zdj\u0119cie: Olsztyn\">\r\n        <img loading=\"lazy\" decoding=\"async\" width=\"1170\" height=\"780\" src=\"https:\/\/www.polonia.travel\/pt\/wp-content\/uploads\/sites\/19\/2022\/12\/olsztyn_zamek_noca_1170.jpg\" class=\"gallery-tiles__thumb\" alt=\"Olsztyn\" srcset=\"https:\/\/www.polonia.travel\/pt\/wp-content\/uploads\/sites\/19\/2022\/12\/olsztyn_zamek_noca_1170.jpg 1170w, https:\/\/www.polonia.travel\/pt\/wp-content\/uploads\/sites\/19\/2022\/12\/olsztyn_zamek_noca_1170-600x400.jpg 600w, https:\/\/www.polonia.travel\/pt\/wp-content\/uploads\/sites\/19\/2022\/12\/olsztyn_zamek_noca_1170-768x512.jpg 768w\" sizes=\"auto, (max-width: 1170px) 100vw, 1170px\" \/>      <\/a>\r\n          <a href=\"https:\/\/www.polonia.travel\/pt\/wp-content\/uploads\/sites\/19\/2022\/12\/szlak20wielkich20jezior201170.jpg\" class=\"gallery-tiles__item\" data-src=\"https:\/\/www.polonia.travel\/pt\/wp-content\/uploads\/sites\/19\/2022\/12\/szlak20wielkich20jezior201170.jpg\"\r\n        aria-label=\"Otw\u00f3rz powi\u0119kszone zdj\u0119cie: Szlak Wielkich Jezior Mazurskich\">\r\n        <img loading=\"lazy\" decoding=\"async\" width=\"1170\" height=\"777\" src=\"https:\/\/www.polonia.travel\/pt\/wp-content\/uploads\/sites\/19\/2022\/12\/szlak20wielkich20jezior201170.jpg\" class=\"gallery-tiles__thumb\" alt=\"Szlak Wielkich Jezior Mazurskich\" srcset=\"https:\/\/www.polonia.travel\/pt\/wp-content\/uploads\/sites\/19\/2022\/12\/szlak20wielkich20jezior201170.jpg 1170w, https:\/\/www.polonia.travel\/pt\/wp-content\/uploads\/sites\/19\/2022\/12\/szlak20wielkich20jezior201170-600x398.jpg 600w, https:\/\/www.polonia.travel\/pt\/wp-content\/uploads\/sites\/19\/2022\/12\/szlak20wielkich20jezior201170-768x510.jpg 768w\" sizes=\"auto, (max-width: 1170px) 100vw, 1170px\" \/>      <\/a>\r\n      <\/div>\r\n<\/div><\/div>\n\n\n\n<div style=\"height:100px\" aria-hidden=\"true\" class=\"wp-block-spacer is-style-spacer-small\"><\/div>\n\n\n\n<div class=\"wp-block-group is-style-container-medium\"><div class=\"wp-block-group__inner-container is-layout-constrained wp-block-group-is-layout-constrained\">\n<p>O passado medieval da regi\u00e3o \u00e9 recriado todos os meses de julho atrav\u00e9s da reconstitui\u00e7\u00e3o de uma das principais batalhas da Idade M\u00e9dia &#8211; a <strong>Batalha de Grunwald.<\/strong> Em 1410, tropas de cavaleiros teut\u00f3nicos e polaco-lituanos lutaram pelo controlo da regi\u00e3o nesta pequena cidade. Centenas de entusiastas reencenam esta batalha na pr\u00f3pria cidade. Para os interessados, recomendamos uma visita ao Museu Nacional de Vars\u00f3via, onde se encontra em exposi\u00e7\u00e3o permanente o quadro \u201c<strong>A Batalha de Grunwald\u201d<\/strong>, de <strong>Jan Matejko<\/strong>, autor de outros grandes quadros que retratam a hist\u00f3ria da Pol\u00f3nia.<\/p>\n\n\n\n<p>Tamb\u00e9m vale a pena visitar a <strong>medieval Frombork<\/strong>, onde o <strong><u>Museu Cop\u00e9rnico<\/u><\/strong> conta a hist\u00f3ria da vida e da obra do astr\u00f3nomo.<\/p>\n<\/div><\/div>\n\n\n\n<div style=\"height:100px\" aria-hidden=\"true\" class=\"wp-block-spacer is-style-spacer-small\"><\/div>\n\n\n\n<div class=\"wp-block-group has-background\" style=\"background-color:#eeeeee\"><div class=\"wp-block-group__inner-container is-layout-constrained wp-block-group-is-layout-constrained\">\n<div style=\"height:100px\" aria-hidden=\"true\" class=\"wp-block-spacer is-style-spacer-small\"><\/div>\n\n\n\n<div class=\"wp-block-group is-style-container\"><div class=\"wp-block-group__inner-container is-layout-constrained wp-block-group-is-layout-constrained\">\n<h3 class=\"wp-block-heading\"><strong>L\u00ea mais art\u00edculos<\/strong><\/h3>\n<\/div><\/div>\n\n\n<div class=\"overflow\">\n  <div class=\"post-slider swiper post-slider--small\" data-schema=\"small\">\n\n    <div class=\"swiper-wrapper\">\n              <div class=\"swiper-slide post-slide\">\n                      <a href=\"https:\/\/www.polonia.travel\/pt\/a-regiao-de-opole\/\" class=\"post-box post-box--small\" style=\" background-image: url(https:\/\/www.polonia.travel\/pt\/wp-content\/uploads\/sites\/19\/2023\/08\/Opole3-600x349.jpg);\">\n          <div class=\"post-box__hover\" style=\"background-image: url(https:\/\/www.polonia.travel\/pt\/wp-content\/uploads\/sites\/19\/2022\/12\/krasiejow-1-600x400.jpg);\"><\/div>\n        <div class=\"post-box__info\">\n            <div class=\"post-box__title\">A regi\u00e3o de Opole<\/div>\n      <div class=\"post-box__more\">Ver mais<\/div>\n    <\/div>\n  <\/a>\n\n          <\/div>\n              <div class=\"swiper-slide post-slide\">\n                      <a href=\"https:\/\/www.polonia.travel\/pt\/a-regiao-de-santa-cruz\/\" class=\"post-box post-box--small\" style=\" background-image: url(https:\/\/www.polonia.travel\/pt\/wp-content\/uploads\/sites\/19\/2023\/02\/392_Gory-Swietokrzyskie-i-Swiety-Krzyz-szklany-dom-Zeromskiego_MC_P-600x400.jpg);\">\n          <div class=\"post-box__hover\" style=\"background-image: url(https:\/\/www.polonia.travel\/pt\/wp-content\/uploads\/sites\/19\/2022\/12\/swietokrzyskie_krajobrazy_1170-600x400.jpg);\"><\/div>\n        <div class=\"post-box__info\">\n            <div class=\"post-box__title\">A regi\u00e3o de SANTA CRUZ<\/div>\n      <div class=\"post-box__more\">Ver mais<\/div>\n    <\/div>\n  <\/a>\n\n          <\/div>\n              <div class=\"swiper-slide post-slide\">\n                      <a href=\"https:\/\/www.polonia.travel\/pt\/warmia-e-masuria-as-tres-cores\/\" class=\"post-box post-box--small\" style=\" background-image: url(https:\/\/www.polonia.travel\/pt\/wp-content\/uploads\/sites\/19\/2023\/01\/regiony2-600x400.jpg);\">\n          <div class=\"post-box__hover\" style=\"background-image: url(https:\/\/www.polonia.travel\/pt\/wp-content\/uploads\/sites\/19\/2023\/07\/wielkie_jeziora_mazurskie_1170-600x400.jpg);\"><\/div>\n        <div class=\"post-box__info\">\n            <div class=\"post-box__title\">WARMIA e MASURIA, as tr\u00eas cores<\/div>\n      <div class=\"post-box__more\">Ver mais<\/div>\n    <\/div>\n  <\/a>\n\n          <\/div>\n              <div class=\"swiper-slide post-slide\">\n                      <a href=\"https:\/\/www.polonia.travel\/pt\/a-regiao-de-lubusz-porta-de-entrada-na-polonia\/\" class=\"post-box post-box--small\" style=\" background-image: url(https:\/\/www.polonia.travel\/pt\/wp-content\/uploads\/sites\/19\/2023\/07\/3584_Park-MuC5BCakowski_paC582ac_AB_HR-600x400.jpg);\">\n          <div class=\"post-box__hover\" style=\"background-image: url(https:\/\/www.polonia.travel\/pt\/wp-content\/uploads\/sites\/19\/2023\/07\/Lubuskie2010-600x400.jpg);\"><\/div>\n        <div class=\"post-box__info\">\n            <div class=\"post-box__title\">A regi\u00e3o de LUBUSZ, porta de entrada na Pol\u00f3nia<\/div>\n      <div class=\"post-box__more\">Ver mais<\/div>\n    <\/div>\n  <\/a>\n\n          <\/div>\n              <div class=\"swiper-slide post-slide\">\n                      <a href=\"https:\/\/www.polonia.travel\/pt\/pomerania-ocidental\/\" class=\"post-box post-box--small\" style=\" background-image: url(https:\/\/www.polonia.travel\/pt\/wp-content\/uploads\/sites\/19\/2023\/02\/Swinoujscie-e1676388308968-600x366.jpg);\">\n          <div class=\"post-box__hover\" style=\"background-image: url(https:\/\/www.polonia.travel\/pt\/wp-content\/uploads\/sites\/19\/2023\/07\/szczecin_filharmonia_1170-600x400.jpeg);\"><\/div>\n        <div class=\"post-box__info\">\n            <div class=\"post-box__title\">Pomer\u00e2nia Ocidental<\/div>\n      <div class=\"post-box__more\">Ver mais<\/div>\n    <\/div>\n  <\/a>\n\n          <\/div>\n              <div class=\"swiper-slide post-slide\">\n                      <a href=\"https:\/\/www.polonia.travel\/pt\/a-regiao-da-silesia\/\" class=\"post-box post-box--small\" style=\" background-image: url(https:\/\/www.polonia.travel\/pt\/wp-content\/uploads\/sites\/19\/2022\/12\/katowice_nikiszowiec_panorama_1170-1-600x401.jpg);\">\n          <div class=\"post-box__hover\" style=\"background-image: url(https:\/\/www.polonia.travel\/pt\/wp-content\/uploads\/sites\/19\/2022\/12\/jura_krakowsko-czestochowska_1170-600x399.jpg);\"><\/div>\n        <div class=\"post-box__info\">\n            <div class=\"post-box__title\">A regi\u00e3o da Sil\u00e9sia<\/div>\n      <div class=\"post-box__more\">Ver mais<\/div>\n    <\/div>\n  <\/a>\n\n          <\/div>\n              <div class=\"swiper-slide post-slide\">\n                      <a href=\"https:\/\/www.polonia.travel\/pt\/malopolska\/\" class=\"post-box post-box--small\" style=\" background-image: url(https:\/\/www.polonia.travel\/pt\/wp-content\/uploads\/sites\/19\/2023\/09\/179383441_Tatry_jesien_Adobe-Custom-600x349.jpg);\">\n          <div class=\"post-box__hover\" style=\"background-image: url(https:\/\/www.polonia.travel\/pt\/wp-content\/uploads\/sites\/19\/2023\/07\/pieniny_splyw_dunajcem_1170-600x400.jpg);\"><\/div>\n        <div class=\"post-box__info\">\n            <div class=\"post-box__title\">Malopolska<\/div>\n      <div class=\"post-box__more\">Ver mais<\/div>\n    <\/div>\n  <\/a>\n\n          <\/div>\n              <div class=\"swiper-slide post-slide\">\n                      <a href=\"https:\/\/www.polonia.travel\/pt\/cujavia-pomerania\/\" class=\"post-box post-box--small\" style=\" background-image: url(https:\/\/www.polonia.travel\/pt\/wp-content\/uploads\/sites\/19\/2024\/04\/torun_zamek_1170-600x400.jpg);\">\n          <div class=\"post-box__hover\" style=\"background-image: url(https:\/\/www.polonia.travel\/pt\/wp-content\/uploads\/sites\/19\/2022\/12\/grudziadz_1170-600x400.jpeg);\"><\/div>\n        <div class=\"post-box__info\">\n            <div class=\"post-box__title\">Cuj\u00e1via-Pomer\u00e2nia<\/div>\n      <div class=\"post-box__more\">Ver mais<\/div>\n    <\/div>\n  <\/a>\n\n          <\/div>\n              <div class=\"swiper-slide post-slide\">\n                      <a href=\"https:\/\/www.polonia.travel\/pt\/mazovia\/\" class=\"post-box post-box--small\" style=\" background-image: url(https:\/\/www.polonia.travel\/pt\/wp-content\/uploads\/sites\/19\/2023\/07\/kampinoski_pn_slonce_w_lesie_1170-600x400.jpg);\">\n          <div class=\"post-box__hover\" style=\"background-image: url(https:\/\/www.polonia.travel\/pt\/wp-content\/uploads\/sites\/19\/2023\/02\/plock_rzeka_wisla_1170-600x400.jpg);\"><\/div>\n        <div class=\"post-box__info\">\n            <div class=\"post-box__title\">MAZOVIA<\/div>\n      <div class=\"post-box__more\">Ver mais<\/div>\n    <\/div>\n  <\/a>\n\n          <\/div>\n              <div class=\"swiper-slide post-slide\">\n                      <a href=\"https:\/\/www.polonia.travel\/pt\/pomerania\/\" class=\"post-box post-box--small\" style=\" background-image: url(https:\/\/www.polonia.travel\/pt\/wp-content\/uploads\/sites\/19\/2024\/04\/gdansk-1-600x394.jpg);\">\n          <div class=\"post-box__hover\" style=\"background-image: url(https:\/\/www.polonia.travel\/pt\/wp-content\/uploads\/sites\/19\/2024\/04\/mierzeja_helska_1170-600x400.jpg);\"><\/div>\n        <div class=\"post-box__info\">\n            <div class=\"post-box__title\">POMER\u00c2NIA<\/div>\n      <div class=\"post-box__more\">Ver mais<\/div>\n    <\/div>\n  <\/a>\n\n          <\/div>\n              <div class=\"swiper-slide post-slide\">\n                      <a href=\"https:\/\/www.polonia.travel\/pt\/regiao-de-lodz\/\" class=\"post-box post-box--small\" style=\" background-image: url(https:\/\/www.polonia.travel\/pt\/wp-content\/uploads\/sites\/19\/2024\/04\/manufaktura_w_lodzi_1170-600x400.jpg);\">\n          <div class=\"post-box__hover\" style=\"background-image: url(https:\/\/www.polonia.travel\/pt\/wp-content\/uploads\/sites\/19\/2024\/04\/wolsztyn20parowan-600x400.jpg);\"><\/div>\n        <div class=\"post-box__info\">\n            <div class=\"post-box__title\">Regi\u00e3o de Lodz<\/div>\n      <div class=\"post-box__more\">Ver mais<\/div>\n    <\/div>\n  <\/a>\n\n          <\/div>\n              <div class=\"swiper-slide post-slide\">\n                      <a href=\"https:\/\/www.polonia.travel\/pt\/baixa-silesia\/\" class=\"post-box post-box--small\" style=\" background-image: url(https:\/\/www.polonia.travel\/pt\/wp-content\/uploads\/sites\/19\/2024\/04\/wrocC582aw_katedra_1170-600x400.jpg);\">\n          <div class=\"post-box__hover\" style=\"background-image: url(https:\/\/www.polonia.travel\/pt\/wp-content\/uploads\/sites\/19\/2024\/04\/gory_stolowe_1170-600x400.jpg);\"><\/div>\n        <div class=\"post-box__info\">\n            <div class=\"post-box__title\">Baixa Sil\u00e9sia<\/div>\n      <div class=\"post-box__more\">Ver mais<\/div>\n    <\/div>\n  <\/a>\n\n          <\/div>\n              <div class=\"swiper-slide post-slide\">\n                      <a href=\"https:\/\/www.polonia.travel\/pt\/regiao-de-lublin\/\" class=\"post-box post-box--small\" style=\" background-image: url(https:\/\/www.polonia.travel\/pt\/wp-content\/uploads\/sites\/19\/2024\/04\/lublin_stare_miasto_3_1170-600x400.jpg);\">\n          <div class=\"post-box__hover\" style=\"background-image: url(https:\/\/www.polonia.travel\/pt\/wp-content\/uploads\/sites\/19\/2023\/02\/Roztoczanski-PN_stawy-echo-600x400.jpg);\"><\/div>\n        <div class=\"post-box__info\">\n            <div class=\"post-box__title\">Regi\u00e3o de Lublin<\/div>\n      <div class=\"post-box__more\">Ver mais<\/div>\n    <\/div>\n  <\/a>\n\n          <\/div>\n              <div class=\"swiper-slide post-slide\">\n                      <a href=\"https:\/\/www.polonia.travel\/pt\/regiao-de-podkarpacie\/\" class=\"post-box post-box--small\" style=\" background-image: url(https:\/\/www.polonia.travel\/pt\/wp-content\/uploads\/sites\/19\/2023\/07\/bieszczady_jesien_1170-600x400.jpg);\">\n          <div class=\"post-box__hover\" style=\"background-image: url(https:\/\/www.polonia.travel\/pt\/wp-content\/uploads\/sites\/19\/2023\/02\/Assumption-Church-in-Haczow-600x400.jpg);\"><\/div>\n        <div class=\"post-box__info\">\n            <div class=\"post-box__title\">Regi\u00e3o de Podkarpacie<\/div>\n      <div class=\"post-box__more\">Ver mais<\/div>\n    <\/div>\n  <\/a>\n\n          <\/div>\n              <div class=\"swiper-slide post-slide\">\n                      <a href=\"https:\/\/www.polonia.travel\/pt\/regiao-de-podlasie\/\" class=\"post-box post-box--small\" style=\" background-image: url(https:\/\/www.polonia.travel\/pt\/wp-content\/uploads\/sites\/19\/2024\/04\/meczet_w_kruszynianach-600x400.jpg);\">\n          <div class=\"post-box__hover\" style=\"background-image: url(https:\/\/www.polonia.travel\/pt\/wp-content\/uploads\/sites\/19\/2024\/04\/bialystok_palac_branickich_2_1170-600x400.jpg);\"><\/div>\n        <div class=\"post-box__info\">\n            <div class=\"post-box__title\">Regi\u00e3o de Podlasie<\/div>\n      <div class=\"post-box__more\">Ver mais<\/div>\n    <\/div>\n  <\/a>\n\n          <\/div>\n              <div class=\"swiper-slide post-slide\">\n                      <a href=\"https:\/\/www.polonia.travel\/pt\/wielkopolska-grande-polonia\/\" class=\"post-box post-box--small\" style=\" background-image: url(https:\/\/www.polonia.travel\/pt\/wp-content\/uploads\/sites\/19\/2024\/04\/poznan_stare_miasto_2_1170-1-600x400.jpg);\">\n          <div class=\"post-box__hover\" style=\"background-image: url(https:\/\/www.polonia.travel\/pt\/wp-content\/uploads\/sites\/19\/2022\/12\/gniezno_katedra_sw_wojciech_1170-600x400.jpg);\"><\/div>\n        <div class=\"post-box__info\">\n            <div class=\"post-box__title\">WIELKOPOLSKA (Grande Pol\u00f3nia)<\/div>\n      <div class=\"post-box__more\">Ver mais<\/div>\n    <\/div>\n  <\/a>\n\n          <\/div>\n          <\/div>\n    <div class=\"post-slider__pagination\"><\/div>\n  <\/div>\n<\/div>\n\n\n\n<div style=\"height:100px\" aria-hidden=\"true\" class=\"wp-block-spacer is-style-spacer-small\"><\/div>\n<\/div><\/div>\n","protected":false},"excerpt":{"rendered":"<p>\u00c9 um dos locais mais populares durante o ver\u00e3o. Os lagos mais pequenos (na parte de Warmia) e os grandes lagos da Mas\u00faria, divididos por florestas ou prados, satisfazem tanto os que procuram actividades ao ar livre como os que preferem relaxar nas praias, longe da agita\u00e7\u00e3o do mundo. As actividades mais populares s\u00e3o, portanto, [&hellip;]<\/p>\n","protected":false},"author":4,"featured_media":19229,"comment_status":"open","ping_status":"open","sticky":false,"template":"","format":"standard","meta":{"_acf_changed":false,"footnotes":""},"categories":[1038],"class_list":["post-32256","post","type-post","status-publish","format-standard","has-post-thumbnail","hentry","category-regioes"],"acf":[],"yoast_head":"<!-- This site is optimized with the Yoast SEO plugin v27.4 - https:\/\/yoast.com\/product\/yoast-seo-wordpress\/ -->\n<title>WARMIA e MASURIA, as tr\u00eas cores - Polonia Travel (PT)<\/title>\n<meta name=\"robots\" content=\"index, follow, max-snippet:-1, max-image-preview:large, max-video-preview:-1\" \/>\n<link rel=\"canonical\" href=\"https:\/\/wp-pt.poland.travel\/warmia-e-masuria-as-tres-cores\/\" \/>\n<meta property=\"og:locale\" content=\"pl_PL\" \/>\n<meta property=\"og:type\" content=\"article\" \/>\n<meta property=\"og:title\" content=\"WARMIA e MASURIA, as tr\u00eas cores - Polonia Travel (PT)\" \/>\n<meta property=\"og:description\" content=\"\u00c9 um dos locais mais populares durante o ver\u00e3o. Os lagos mais pequenos (na parte de Warmia) e os grandes lagos da Mas\u00faria, divididos por florestas ou prados, satisfazem tanto os que procuram actividades ao ar livre como os que preferem relaxar nas praias, longe da agita\u00e7\u00e3o do mundo. As actividades mais populares s\u00e3o, portanto, [&hellip;]\" \/>\n<meta property=\"og:url\" content=\"https:\/\/wp-pt.poland.travel\/warmia-e-masuria-as-tres-cores\/\" \/>\n<meta property=\"og:site_name\" content=\"Polonia Travel (PT)\" \/>\n<meta property=\"article:published_time\" content=\"2025-03-07T10:27:59+00:00\" \/>\n<meta property=\"article:modified_time\" content=\"2025-03-07T10:28:01+00:00\" \/>\n<meta property=\"og:image\" content=\"https:\/\/wp-pt.poland.travel\/wp-content\/uploads\/sites\/19\/2023\/01\/mazury-panorama.jpg\" \/>\n\t<meta property=\"og:image:width\" content=\"1920\" \/>\n\t<meta property=\"og:image:height\" content=\"518\" \/>\n\t<meta property=\"og:image:type\" content=\"image\/jpeg\" \/>\n<meta name=\"author\" content=\"paulinaskoczen\" \/>\n<meta name=\"twitter:card\" content=\"summary_large_image\" \/>\n<meta name=\"twitter:label1\" content=\"Napisane przez\" \/>\n\t<meta name=\"twitter:data1\" content=\"paulinaskoczen\" \/>\n\t<meta name=\"twitter:label2\" content=\"Szacowany czas czytania\" \/>\n\t<meta name=\"twitter:data2\" content=\"2 minuty\" \/>\n<script type=\"application\/ld+json\" class=\"yoast-schema-graph\">{\"@context\":\"https:\\\/\\\/schema.org\",\"@graph\":[{\"@type\":\"Article\",\"@id\":\"https:\\\/\\\/wp-pt.poland.travel\\\/warmia-e-masuria-as-tres-cores\\\/#article\",\"isPartOf\":{\"@id\":\"https:\\\/\\\/wp-pt.poland.travel\\\/warmia-e-masuria-as-tres-cores\\\/\"},\"author\":{\"name\":\"paulinaskoczen\",\"@id\":\"https:\\\/\\\/wp-pt.poland.travel\\\/#\\\/schema\\\/person\\\/a7e7220cbf656ec08ed713e97c7c1c85\"},\"headline\":\"WARMIA e MASURIA, as tr\u00eas cores\",\"datePublished\":\"2025-03-07T10:27:59+00:00\",\"dateModified\":\"2025-03-07T10:28:01+00:00\",\"mainEntityOfPage\":{\"@id\":\"https:\\\/\\\/wp-pt.poland.travel\\\/warmia-e-masuria-as-tres-cores\\\/\"},\"wordCount\":314,\"commentCount\":0,\"publisher\":{\"@id\":\"https:\\\/\\\/wp-pt.poland.travel\\\/#organization\"},\"image\":{\"@id\":\"https:\\\/\\\/wp-pt.poland.travel\\\/warmia-e-masuria-as-tres-cores\\\/#primaryimage\"},\"thumbnailUrl\":\"https:\\\/\\\/www.polonia.travel\\\/pt\\\/wp-content\\\/uploads\\\/sites\\\/19\\\/2023\\\/01\\\/mazury-panorama.jpg\",\"articleSection\":[\"Regi\u00f5es\"],\"inLanguage\":\"pl-PL\"},{\"@type\":\"WebPage\",\"@id\":\"https:\\\/\\\/wp-pt.poland.travel\\\/warmia-e-masuria-as-tres-cores\\\/\",\"url\":\"https:\\\/\\\/wp-pt.poland.travel\\\/warmia-e-masuria-as-tres-cores\\\/\",\"name\":\"WARMIA e MASURIA, as tr\u00eas cores - Polonia Travel (PT)\",\"isPartOf\":{\"@id\":\"https:\\\/\\\/wp-pt.poland.travel\\\/#website\"},\"primaryImageOfPage\":{\"@id\":\"https:\\\/\\\/wp-pt.poland.travel\\\/warmia-e-masuria-as-tres-cores\\\/#primaryimage\"},\"image\":{\"@id\":\"https:\\\/\\\/wp-pt.poland.travel\\\/warmia-e-masuria-as-tres-cores\\\/#primaryimage\"},\"thumbnailUrl\":\"https:\\\/\\\/www.polonia.travel\\\/pt\\\/wp-content\\\/uploads\\\/sites\\\/19\\\/2023\\\/01\\\/mazury-panorama.jpg\",\"datePublished\":\"2025-03-07T10:27:59+00:00\",\"dateModified\":\"2025-03-07T10:28:01+00:00\",\"breadcrumb\":{\"@id\":\"https:\\\/\\\/wp-pt.poland.travel\\\/warmia-e-masuria-as-tres-cores\\\/#breadcrumb\"},\"inLanguage\":\"pl-PL\",\"potentialAction\":[{\"@type\":\"ReadAction\",\"target\":[\"https:\\\/\\\/wp-pt.poland.travel\\\/warmia-e-masuria-as-tres-cores\\\/\"]}]},{\"@type\":\"ImageObject\",\"inLanguage\":\"pl-PL\",\"@id\":\"https:\\\/\\\/wp-pt.poland.travel\\\/warmia-e-masuria-as-tres-cores\\\/#primaryimage\",\"url\":\"https:\\\/\\\/www.polonia.travel\\\/pt\\\/wp-content\\\/uploads\\\/sites\\\/19\\\/2023\\\/01\\\/mazury-panorama.jpg\",\"contentUrl\":\"https:\\\/\\\/www.polonia.travel\\\/pt\\\/wp-content\\\/uploads\\\/sites\\\/19\\\/2023\\\/01\\\/mazury-panorama.jpg\",\"width\":1920,\"height\":518,\"caption\":\"Mazury\"},{\"@type\":\"BreadcrumbList\",\"@id\":\"https:\\\/\\\/wp-pt.poland.travel\\\/warmia-e-masuria-as-tres-cores\\\/#breadcrumb\",\"itemListElement\":[{\"@type\":\"ListItem\",\"position\":1,\"name\":\"Home page\",\"item\":\"https:\\\/\\\/www.polonia.travel\\\/pt\\\/\"},{\"@type\":\"ListItem\",\"position\":2,\"name\":\"Descubra lugares\",\"item\":\"https:\\\/\\\/wp-pt.poland.travel\\\/category\\\/descubra-lugares\\\/\"},{\"@type\":\"ListItem\",\"position\":3,\"name\":\"Regi\u00f5es\",\"item\":\"https:\\\/\\\/wp-pt.poland.travel\\\/category\\\/descubra-lugares\\\/regioes\\\/\"},{\"@type\":\"ListItem\",\"position\":4,\"name\":\"WARMIA e MASURIA, as tr\u00eas cores\"}]},{\"@type\":\"WebSite\",\"@id\":\"https:\\\/\\\/wp-pt.poland.travel\\\/#website\",\"url\":\"https:\\\/\\\/wp-pt.poland.travel\\\/\",\"name\":\"Polonia Travel (PT)\",\"description\":\"...\",\"publisher\":{\"@id\":\"https:\\\/\\\/wp-pt.poland.travel\\\/#organization\"},\"potentialAction\":[{\"@type\":\"SearchAction\",\"target\":{\"@type\":\"EntryPoint\",\"urlTemplate\":\"https:\\\/\\\/wp-pt.poland.travel\\\/?s={search_term_string}\"},\"query-input\":{\"@type\":\"PropertyValueSpecification\",\"valueRequired\":true,\"valueName\":\"search_term_string\"}}],\"inLanguage\":\"pl-PL\"},{\"@type\":\"Organization\",\"@id\":\"https:\\\/\\\/wp-pt.poland.travel\\\/#organization\",\"name\":\"Polonia Travel (PT)\",\"url\":\"https:\\\/\\\/wp-pt.poland.travel\\\/\",\"logo\":{\"@type\":\"ImageObject\",\"inLanguage\":\"pl-PL\",\"@id\":\"https:\\\/\\\/wp-pt.poland.travel\\\/#\\\/schema\\\/logo\\\/image\\\/\",\"url\":\"https:\\\/\\\/en-en.polska.travel\\\/wp-content\\\/uploads\\\/sites\\\/19\\\/2022\\\/11\\\/logo.svg\",\"contentUrl\":\"https:\\\/\\\/en-en.polska.travel\\\/wp-content\\\/uploads\\\/sites\\\/19\\\/2022\\\/11\\\/logo.svg\",\"width\":198,\"height\":96,\"caption\":\"Polonia Travel (PT)\"},\"image\":{\"@id\":\"https:\\\/\\\/wp-pt.poland.travel\\\/#\\\/schema\\\/logo\\\/image\\\/\"}},{\"@type\":\"Person\",\"@id\":\"https:\\\/\\\/wp-pt.poland.travel\\\/#\\\/schema\\\/person\\\/a7e7220cbf656ec08ed713e97c7c1c85\",\"name\":\"paulinaskoczen\",\"image\":{\"@type\":\"ImageObject\",\"inLanguage\":\"pl-PL\",\"@id\":\"https:\\\/\\\/secure.gravatar.com\\\/avatar\\\/0e1d86345b101a3a9405065a92e055ee3c308177859477bf8efeee50099c0d45?s=96&d=mm&r=g\",\"url\":\"https:\\\/\\\/secure.gravatar.com\\\/avatar\\\/0e1d86345b101a3a9405065a92e055ee3c308177859477bf8efeee50099c0d45?s=96&d=mm&r=g\",\"contentUrl\":\"https:\\\/\\\/secure.gravatar.com\\\/avatar\\\/0e1d86345b101a3a9405065a92e055ee3c308177859477bf8efeee50099c0d45?s=96&d=mm&r=g\",\"caption\":\"paulinaskoczen\"},\"url\":\"https:\\\/\\\/www.polonia.travel\\\/pt\\\/author\\\/paulinaskoczen\\\/\"}]}<\/script>\n<!-- \/ Yoast SEO plugin. -->","yoast_head_json":{"title":"WARMIA e MASURIA, as tr\u00eas cores - Polonia Travel (PT)","robots":{"index":"index","follow":"follow","max-snippet":"max-snippet:-1","max-image-preview":"max-image-preview:large","max-video-preview":"max-video-preview:-1"},"canonical":"https:\/\/wp-pt.poland.travel\/warmia-e-masuria-as-tres-cores\/","og_locale":"pl_PL","og_type":"article","og_title":"WARMIA e MASURIA, as tr\u00eas cores - Polonia Travel (PT)","og_description":"\u00c9 um dos locais mais populares durante o ver\u00e3o. Os lagos mais pequenos (na parte de Warmia) e os grandes lagos da Mas\u00faria, divididos por florestas ou prados, satisfazem tanto os que procuram actividades ao ar livre como os que preferem relaxar nas praias, longe da agita\u00e7\u00e3o do mundo. As actividades mais populares s\u00e3o, portanto, [&hellip;]","og_url":"https:\/\/wp-pt.poland.travel\/warmia-e-masuria-as-tres-cores\/","og_site_name":"Polonia Travel (PT)","article_published_time":"2025-03-07T10:27:59+00:00","article_modified_time":"2025-03-07T10:28:01+00:00","og_image":[{"width":1920,"height":518,"url":"https:\/\/wp-pt.poland.travel\/wp-content\/uploads\/sites\/19\/2023\/01\/mazury-panorama.jpg","type":"image\/jpeg"}],"author":"paulinaskoczen","twitter_card":"summary_large_image","twitter_misc":{"Napisane przez":"paulinaskoczen","Szacowany czas czytania":"2 minuty"},"schema":{"@context":"https:\/\/schema.org","@graph":[{"@type":"Article","@id":"https:\/\/wp-pt.poland.travel\/warmia-e-masuria-as-tres-cores\/#article","isPartOf":{"@id":"https:\/\/wp-pt.poland.travel\/warmia-e-masuria-as-tres-cores\/"},"author":{"name":"paulinaskoczen","@id":"https:\/\/wp-pt.poland.travel\/#\/schema\/person\/a7e7220cbf656ec08ed713e97c7c1c85"},"headline":"WARMIA e MASURIA, as tr\u00eas cores","datePublished":"2025-03-07T10:27:59+00:00","dateModified":"2025-03-07T10:28:01+00:00","mainEntityOfPage":{"@id":"https:\/\/wp-pt.poland.travel\/warmia-e-masuria-as-tres-cores\/"},"wordCount":314,"commentCount":0,"publisher":{"@id":"https:\/\/wp-pt.poland.travel\/#organization"},"image":{"@id":"https:\/\/wp-pt.poland.travel\/warmia-e-masuria-as-tres-cores\/#primaryimage"},"thumbnailUrl":"https:\/\/www.polonia.travel\/pt\/wp-content\/uploads\/sites\/19\/2023\/01\/mazury-panorama.jpg","articleSection":["Regi\u00f5es"],"inLanguage":"pl-PL"},{"@type":"WebPage","@id":"https:\/\/wp-pt.poland.travel\/warmia-e-masuria-as-tres-cores\/","url":"https:\/\/wp-pt.poland.travel\/warmia-e-masuria-as-tres-cores\/","name":"WARMIA e MASURIA, as tr\u00eas cores - Polonia Travel (PT)","isPartOf":{"@id":"https:\/\/wp-pt.poland.travel\/#website"},"primaryImageOfPage":{"@id":"https:\/\/wp-pt.poland.travel\/warmia-e-masuria-as-tres-cores\/#primaryimage"},"image":{"@id":"https:\/\/wp-pt.poland.travel\/warmia-e-masuria-as-tres-cores\/#primaryimage"},"thumbnailUrl":"https:\/\/www.polonia.travel\/pt\/wp-content\/uploads\/sites\/19\/2023\/01\/mazury-panorama.jpg","datePublished":"2025-03-07T10:27:59+00:00","dateModified":"2025-03-07T10:28:01+00:00","breadcrumb":{"@id":"https:\/\/wp-pt.poland.travel\/warmia-e-masuria-as-tres-cores\/#breadcrumb"},"inLanguage":"pl-PL","potentialAction":[{"@type":"ReadAction","target":["https:\/\/wp-pt.poland.travel\/warmia-e-masuria-as-tres-cores\/"]}]},{"@type":"ImageObject","inLanguage":"pl-PL","@id":"https:\/\/wp-pt.poland.travel\/warmia-e-masuria-as-tres-cores\/#primaryimage","url":"https:\/\/www.polonia.travel\/pt\/wp-content\/uploads\/sites\/19\/2023\/01\/mazury-panorama.jpg","contentUrl":"https:\/\/www.polonia.travel\/pt\/wp-content\/uploads\/sites\/19\/2023\/01\/mazury-panorama.jpg","width":1920,"height":518,"caption":"Mazury"},{"@type":"BreadcrumbList","@id":"https:\/\/wp-pt.poland.travel\/warmia-e-masuria-as-tres-cores\/#breadcrumb","itemListElement":[{"@type":"ListItem","position":1,"name":"Home page","item":"https:\/\/www.polonia.travel\/pt\/"},{"@type":"ListItem","position":2,"name":"Descubra lugares","item":"https:\/\/wp-pt.poland.travel\/category\/descubra-lugares\/"},{"@type":"ListItem","position":3,"name":"Regi\u00f5es","item":"https:\/\/wp-pt.poland.travel\/category\/descubra-lugares\/regioes\/"},{"@type":"ListItem","position":4,"name":"WARMIA e MASURIA, as tr\u00eas cores"}]},{"@type":"WebSite","@id":"https:\/\/wp-pt.poland.travel\/#website","url":"https:\/\/wp-pt.poland.travel\/","name":"Polonia Travel (PT)","description":"...","publisher":{"@id":"https:\/\/wp-pt.poland.travel\/#organization"},"potentialAction":[{"@type":"SearchAction","target":{"@type":"EntryPoint","urlTemplate":"https:\/\/wp-pt.poland.travel\/?s={search_term_string}"},"query-input":{"@type":"PropertyValueSpecification","valueRequired":true,"valueName":"search_term_string"}}],"inLanguage":"pl-PL"},{"@type":"Organization","@id":"https:\/\/wp-pt.poland.travel\/#organization","name":"Polonia Travel (PT)","url":"https:\/\/wp-pt.poland.travel\/","logo":{"@type":"ImageObject","inLanguage":"pl-PL","@id":"https:\/\/wp-pt.poland.travel\/#\/schema\/logo\/image\/","url":"https:\/\/en-en.polska.travel\/wp-content\/uploads\/sites\/19\/2022\/11\/logo.svg","contentUrl":"https:\/\/en-en.polska.travel\/wp-content\/uploads\/sites\/19\/2022\/11\/logo.svg","width":198,"height":96,"caption":"Polonia Travel (PT)"},"image":{"@id":"https:\/\/wp-pt.poland.travel\/#\/schema\/logo\/image\/"}},{"@type":"Person","@id":"https:\/\/wp-pt.poland.travel\/#\/schema\/person\/a7e7220cbf656ec08ed713e97c7c1c85","name":"paulinaskoczen","image":{"@type":"ImageObject","inLanguage":"pl-PL","@id":"https:\/\/secure.gravatar.com\/avatar\/0e1d86345b101a3a9405065a92e055ee3c308177859477bf8efeee50099c0d45?s=96&d=mm&r=g","url":"https:\/\/secure.gravatar.com\/avatar\/0e1d86345b101a3a9405065a92e055ee3c308177859477bf8efeee50099c0d45?s=96&d=mm&r=g","contentUrl":"https:\/\/secure.gravatar.com\/avatar\/0e1d86345b101a3a9405065a92e055ee3c308177859477bf8efeee50099c0d45?s=96&d=mm&r=g","caption":"paulinaskoczen"},"url":"https:\/\/www.polonia.travel\/pt\/author\/paulinaskoczen\/"}]}},"_links":{"self":[{"href":"https:\/\/www.polonia.travel\/pt\/wp-json\/wp\/v2\/posts\/32256","targetHints":{"allow":["GET"]}}],"collection":[{"href":"https:\/\/www.polonia.travel\/pt\/wp-json\/wp\/v2\/posts"}],"about":[{"href":"https:\/\/www.polonia.travel\/pt\/wp-json\/wp\/v2\/types\/post"}],"author":[{"embeddable":true,"href":"https:\/\/www.polonia.travel\/pt\/wp-json\/wp\/v2\/users\/4"}],"replies":[{"embeddable":true,"href":"https:\/\/www.polonia.travel\/pt\/wp-json\/wp\/v2\/comments?post=32256"}],"version-history":[{"count":1,"href":"https:\/\/www.polonia.travel\/pt\/wp-json\/wp\/v2\/posts\/32256\/revisions"}],"predecessor-version":[{"id":32257,"href":"https:\/\/www.polonia.travel\/pt\/wp-json\/wp\/v2\/posts\/32256\/revisions\/32257"}],"wp:featuredmedia":[{"embeddable":true,"href":"https:\/\/www.polonia.travel\/pt\/wp-json\/wp\/v2\/media\/19229"}],"wp:attachment":[{"href":"https:\/\/www.polonia.travel\/pt\/wp-json\/wp\/v2\/media?parent=32256"}],"wp:term":[{"taxonomy":"category","embeddable":true,"href":"https:\/\/www.polonia.travel\/pt\/wp-json\/wp\/v2\/categories?post=32256"}],"curies":[{"name":"wp","href":"https:\/\/api.w.org\/{rel}","templated":true}]}}