{"id":32225,"date":"2025-03-06T11:54:19","date_gmt":"2025-03-06T10:54:19","guid":{"rendered":"https:\/\/www.polonia.travel\/pt\/?p=32225"},"modified":"2025-03-06T12:03:45","modified_gmt":"2025-03-06T11:03:45","slug":"zielona-gora-o-monte-verde-de-lubusz","status":"publish","type":"post","link":"https:\/\/www.polonia.travel\/pt\/zielona-gora-o-monte-verde-de-lubusz\/","title":{"rendered":"Zielona G\u00f3ra, o monte verde de Lubusz"},"content":{"rendered":"\n<div class=\"wp-block-group is-style-container\"><div class=\"wp-block-group__inner-container is-layout-constrained wp-block-group-is-layout-constrained\">\n<!-- empty -->\n\n\n<div class=\"metrics\">\n  <div class=\"metrics__text\">\n    <h1 class=\"is-style-heading-38 mb20 large-mb30\">Zielona G\u00f3ra, o monte verde de Lubusz<\/h1>\n    <p>Localizada entre vinhas e colinas verdes, \u00e9 com raz\u00e3o que a capital aut\u00f3noma da <strong>Regi\u00e3o de Lubusz<\/strong>\u00a0se chama\u00a0<strong>Zielona G\u00f3ra<\/strong>\u00a0(Monte Verde). Esta pequena cidade, a apenas 60 km da fronteira com a Alemanha, tem as suas origens nos s\u00e9culos XIII, quando foi primeiro colonizada por pr\u00edncipes polacos, e depois os checos e posteriormente pelos alem\u00e3es. Em 1945 Zielona G\u00f3ra voltou a pertenecer \u00e0 Pol\u00f3nia.<\/p>\n  <\/div>\n  <div class=\"metrics__sidebar\">\n    <div class=\"metrics-box\">\n              <div class=\"metrics-box__title\">Informa\u00e7\u00e3o b\u00e1sica<\/div>\n        <div class=\"metrics-box__values\">\n                                        <div class=\"metrics-box__item\">\n      <div class=\"metrics-box__label\">Superf\u00edcie:<\/div>\n      <div class=\"metrics-box__value\">278,32 km\u00b2<\/div>\n    <\/div>\n                                <div class=\"metrics-box__item\">\n      <div class=\"metrics-box__label\">Popula\u00e7\u00e3o:<\/div>\n      <div class=\"metrics-box__value\">140 403 (2022)<\/div>\n    <\/div>\n                                <\/div>\n                    <div class=\"metrics-box__links\">\n                      <a href=\"https:\/\/visitzielonagora.pl\/en\/\" class=\"metrics-box__link external\"\n                                  target=\"_blank\" rel=\"nofollow noopener noreferrer\"\n                            >www<\/a>\n                  <\/div>\n          <\/div>\n  <\/div>\n<\/div>\n<\/div><\/div>\n\n\n\n<div class=\"wp-block-group is-style-container-medium\"><div class=\"wp-block-group__inner-container is-layout-constrained wp-block-group-is-layout-constrained\">\n<div style=\"height:100px\" aria-hidden=\"true\" class=\"wp-block-spacer is-style-spacer-small\"><\/div>\n\n\n\n<p>Uma longa presen\u00e7a da cultura alem\u00e3 na cidade est\u00e1 perfeitamente refletida na arquitetura da zona hist\u00f3rica. De a\u00ed prov\u00eam os monumentos mais importantes: a <strong>Torre da Fome <\/strong>(Wie\u017ca G\u0142odowa), parte da muralha medieval; a C\u00e2mara Municipal (constru\u00edda no s\u00e9culo XV), a Igreja Paroquial de Santa Edugivis de estilo g\u00f3ticos e a antiga Igreja Evang\u00e9lica de Nossa Senhora de Czestochowa (hoje em dia cat\u00f3lica), exemplo de um tipo de templo de estilo prussiano.&nbsp;<\/p>\n\n\n\n<p>Mas o tesouro melhor guardado de Zielona G\u00f3ra \u00e9 <strong>o vinho<\/strong>. Diz a lenda que sobre a regi\u00e3o de Lubusz caiu uma gota de sangue de Dion\u00edsio, e a partir de ent\u00e3o, as terras de Lubusz converteram-se numa meca dos viticultores da zona. A tradi\u00e7\u00e3o de cultivar a vid e produzir o vinho nos arredores de Zielona G\u00f3ra remonta ao s\u00e9culo XII. A orografia do terreno e um clima suave favorecem o cultivo de vinhedos.&nbsp;<\/p>\n<\/div><\/div>\n\n\n\n<div style=\"height:100px\" aria-hidden=\"true\" class=\"wp-block-spacer is-style-spacer-small\"><\/div>\n\n\n\n<div class=\"wp-block-group is-style-container\"><div class=\"wp-block-group__inner-container is-layout-constrained wp-block-group-is-layout-constrained\">  <div class=\"gallery-tiles gallery-tiles--rows-2-3 lightgallery\">\r\n          <a href=\"https:\/\/www.polonia.travel\/pt\/wp-content\/uploads\/sites\/19\/2023\/02\/zielona_gora_deptak_1170.jpg\" class=\"gallery-tiles__item\" data-src=\"https:\/\/www.polonia.travel\/pt\/wp-content\/uploads\/sites\/19\/2023\/02\/zielona_gora_deptak_1170.jpg\"\r\n        aria-label=\"Otw\u00f3rz powi\u0119kszone zdj\u0119cie: zielona_gora_deptak_1170\">\r\n        <img loading=\"lazy\" decoding=\"async\" width=\"1170\" height=\"780\" src=\"https:\/\/www.polonia.travel\/pt\/wp-content\/uploads\/sites\/19\/2023\/02\/zielona_gora_deptak_1170.jpg\" class=\"gallery-tiles__thumb\" alt=\"\" srcset=\"https:\/\/www.polonia.travel\/pt\/wp-content\/uploads\/sites\/19\/2023\/02\/zielona_gora_deptak_1170.jpg 1170w, https:\/\/www.polonia.travel\/pt\/wp-content\/uploads\/sites\/19\/2023\/02\/zielona_gora_deptak_1170-600x400.jpg 600w, https:\/\/www.polonia.travel\/pt\/wp-content\/uploads\/sites\/19\/2023\/02\/zielona_gora_deptak_1170-768x512.jpg 768w\" sizes=\"auto, (max-width: 1170px) 100vw, 1170px\" \/>      <\/a>\r\n          <a href=\"https:\/\/www.polonia.travel\/pt\/wp-content\/uploads\/sites\/19\/2022\/12\/winobranie_zielona_gora_1170-1.jpg\" class=\"gallery-tiles__item\" data-src=\"https:\/\/www.polonia.travel\/pt\/wp-content\/uploads\/sites\/19\/2022\/12\/winobranie_zielona_gora_1170-1.jpg\"\r\n        aria-label=\"Otw\u00f3rz powi\u0119kszone zdj\u0119cie: winobranie_zielona_gora_1170-1\">\r\n        <img loading=\"lazy\" decoding=\"async\" width=\"1170\" height=\"780\" src=\"https:\/\/www.polonia.travel\/pt\/wp-content\/uploads\/sites\/19\/2022\/12\/winobranie_zielona_gora_1170-1.jpg\" class=\"gallery-tiles__thumb\" alt=\"\" srcset=\"https:\/\/www.polonia.travel\/pt\/wp-content\/uploads\/sites\/19\/2022\/12\/winobranie_zielona_gora_1170-1.jpg 1170w, https:\/\/www.polonia.travel\/pt\/wp-content\/uploads\/sites\/19\/2022\/12\/winobranie_zielona_gora_1170-1-600x400.jpg 600w, https:\/\/www.polonia.travel\/pt\/wp-content\/uploads\/sites\/19\/2022\/12\/winobranie_zielona_gora_1170-1-768x512.jpg 768w\" sizes=\"auto, (max-width: 1170px) 100vw, 1170px\" \/>      <\/a>\r\n          <a href=\"https:\/\/www.polonia.travel\/pt\/wp-content\/uploads\/sites\/19\/2022\/12\/zielona_gora_1170.jpg\" class=\"gallery-tiles__item\" data-src=\"https:\/\/www.polonia.travel\/pt\/wp-content\/uploads\/sites\/19\/2022\/12\/zielona_gora_1170.jpg\"\r\n        aria-label=\"Otw\u00f3rz powi\u0119kszone zdj\u0119cie: zielona gra\">\r\n        <img loading=\"lazy\" decoding=\"async\" width=\"1170\" height=\"780\" src=\"https:\/\/www.polonia.travel\/pt\/wp-content\/uploads\/sites\/19\/2022\/12\/zielona_gora_1170.jpg\" class=\"gallery-tiles__thumb\" alt=\"\" srcset=\"https:\/\/www.polonia.travel\/pt\/wp-content\/uploads\/sites\/19\/2022\/12\/zielona_gora_1170.jpg 1170w, https:\/\/www.polonia.travel\/pt\/wp-content\/uploads\/sites\/19\/2022\/12\/zielona_gora_1170-600x400.jpg 600w, https:\/\/www.polonia.travel\/pt\/wp-content\/uploads\/sites\/19\/2022\/12\/zielona_gora_1170-768x512.jpg 768w\" sizes=\"auto, (max-width: 1170px) 100vw, 1170px\" \/>      <\/a>\r\n          <a href=\"https:\/\/www.polonia.travel\/pt\/wp-content\/uploads\/sites\/19\/2022\/12\/zielona_gora_ratusz_3_1170.jpg\" class=\"gallery-tiles__item\" data-src=\"https:\/\/www.polonia.travel\/pt\/wp-content\/uploads\/sites\/19\/2022\/12\/zielona_gora_ratusz_3_1170.jpg\"\r\n        aria-label=\"Otw\u00f3rz powi\u0119kszone zdj\u0119cie: zielona_gora_ratusz_3_1170\">\r\n        <img loading=\"lazy\" decoding=\"async\" width=\"1170\" height=\"780\" src=\"https:\/\/www.polonia.travel\/pt\/wp-content\/uploads\/sites\/19\/2022\/12\/zielona_gora_ratusz_3_1170.jpg\" class=\"gallery-tiles__thumb\" alt=\"\" srcset=\"https:\/\/www.polonia.travel\/pt\/wp-content\/uploads\/sites\/19\/2022\/12\/zielona_gora_ratusz_3_1170.jpg 1170w, https:\/\/www.polonia.travel\/pt\/wp-content\/uploads\/sites\/19\/2022\/12\/zielona_gora_ratusz_3_1170-600x400.jpg 600w, https:\/\/www.polonia.travel\/pt\/wp-content\/uploads\/sites\/19\/2022\/12\/zielona_gora_ratusz_3_1170-768x512.jpg 768w\" sizes=\"auto, (max-width: 1170px) 100vw, 1170px\" \/>      <\/a>\r\n          <a href=\"https:\/\/www.polonia.travel\/pt\/wp-content\/uploads\/sites\/19\/2022\/12\/zielona_gora_palmiarnia_2_1170.jpg\" class=\"gallery-tiles__item\" data-src=\"https:\/\/www.polonia.travel\/pt\/wp-content\/uploads\/sites\/19\/2022\/12\/zielona_gora_palmiarnia_2_1170.jpg\"\r\n        aria-label=\"Otw\u00f3rz powi\u0119kszone zdj\u0119cie: zielona_gora_palmiarnia_2_1170\">\r\n        <img loading=\"lazy\" decoding=\"async\" width=\"1170\" height=\"780\" src=\"https:\/\/www.polonia.travel\/pt\/wp-content\/uploads\/sites\/19\/2022\/12\/zielona_gora_palmiarnia_2_1170.jpg\" class=\"gallery-tiles__thumb\" alt=\"\" srcset=\"https:\/\/www.polonia.travel\/pt\/wp-content\/uploads\/sites\/19\/2022\/12\/zielona_gora_palmiarnia_2_1170.jpg 1170w, https:\/\/www.polonia.travel\/pt\/wp-content\/uploads\/sites\/19\/2022\/12\/zielona_gora_palmiarnia_2_1170-600x400.jpg 600w, https:\/\/www.polonia.travel\/pt\/wp-content\/uploads\/sites\/19\/2022\/12\/zielona_gora_palmiarnia_2_1170-768x512.jpg 768w\" sizes=\"auto, (max-width: 1170px) 100vw, 1170px\" \/>      <\/a>\r\n      <\/div>\r\n<\/div><\/div>\n\n\n\n<div style=\"height:100px\" aria-hidden=\"true\" class=\"wp-block-spacer is-style-spacer-small\"><\/div>\n\n\n\n<div class=\"wp-block-group is-style-container-medium\"><div class=\"wp-block-group__inner-container is-layout-constrained wp-block-group-is-layout-constrained\">\n<p>A atra\u00e7\u00e3o tur\u00edstica mais recente da cidade \u00e9, portanto, a <strong>Rota dos Dion\u00edsios <\/strong>(<strong>Bachusiki <\/strong>&#8211; pequenos deuses de Dion\u00edsio). Inspirada nos gnomos de Wroclaw, conta com <strong>43 est\u00e1tuas<\/strong> do deus mitol\u00f3gico do vinho. Cada est\u00e1tua \u00e9 diferente, tem o seu pr\u00f3prio nome e hist\u00f3ria.&nbsp;<\/p>\n\n\n\n<p>No s\u00e9culo XIX os vinicultores alem\u00e3es criaram aqui a primeira marca alem\u00e3 de vinho espumante &#8211; o <strong>Gr\u00fcnberger <\/strong>da empresa Grempler &amp; Co. Hoje em dia a hist\u00f3ria deste vinho (que j\u00e1 n\u00e3o existe) e a tradi\u00e7\u00e3o local podem ser conhecidas no <strong>Museu do Vinho<\/strong>, o \u00fanico museu deste tipo na Pol\u00f3nia.&nbsp;<\/p>\n\n\n\n<p>Ainda que a produ\u00e7\u00e3o de vinho em Zielona G\u00f3ra tenha diminu\u00eddo drasticamente no s\u00e9culo XX depois da Segunda Guerra Mundial, quase desaparecendo por completo em 1999, nos \u00faltimos anos a tradi\u00e7\u00e3o da vinicultura come\u00e7ou a recuperar-se.&nbsp;<\/p>\n\n\n\n<p>Atualmente nos arredores de Zielona G\u00f3ra h\u00e1 <strong>32 bodegas. <\/strong>Tratam-se de pequenas vinhas, criadas pelos apaixonados do vinho e de produ\u00e7\u00e3o limitada de car\u00e1ter artesanal. A lista completa encontra-se <strong><a href=\"http:\/\/www.szlakwinaimiodu.pl\/en\/wineries\" target=\"_blank\" rel=\"noreferrer noopener\">aqu<u>i<\/u><\/a><\/strong>.<\/p>\n\n\n\n<div style=\"height:100px\" aria-hidden=\"true\" class=\"wp-block-spacer is-style-spacer-small\"><\/div>\n\n\n\n<h3 class=\"wp-block-heading\"><strong>Rota do vinho<\/strong><\/h3>\n\n\n\n<div style=\"height:100px\" aria-hidden=\"true\" class=\"wp-block-spacer is-style-spacer-small\"><\/div>\n\n\n\n<p>Se viaja de carro (especialmente se pensa viajar entre Wroclaw e Poznan ou continua a sua viagem desde a Alemanha e a Pol\u00f3nia) e procura uma rota fora dos t\u00edpicos itiner\u00e1rios tur\u00edsticos, visitar as vinhas de Zielona G\u00f3ra \u00e9 ideal para si. \u00c0 continua\u00e7\u00e3o, apresentamos as melhores propostas.&nbsp;<\/p>\n\n\n\n<p>Sem sair da cidade, a primeira paragem \u00e9 <strong>Palmiarnia<\/strong>\u2013 o antigo jardim de inverno. Rodeados de vinhas, Palmiarnia \u00e9 uma das principais atra\u00e7\u00f5es mais reconhecidas na cidade. Nos seus interiores podem-se apreciar plantas tropicais, enquanto que nos exteriores encontram-se as planta\u00e7\u00f5es de vinho e a casa do vinicultor do s\u00e9culo XIX. O lugar conta tamb\u00e9m com um ponto panor\u00e2mico, um restaurante e, claro, uma vinoteca.&nbsp;<\/p>\n\n\n\n<p>A 15 Km de Zielona G\u00f3ra, na localidade de <strong>\u0141az <\/strong>encontra-se a <strong>Winnica Milosz<\/strong>, uma adega familiar especializada e vinhos nobres de variedades antigas, cultivadas nesta zona pelo menos desde o s\u00e9culo XVI. O grande orgulho da bodega \u00e9 a variedade <strong>Zweigelt <\/strong>caraterizada por um delicado aroma de piment\u00e3o e sabor de cerejas maduras. As provas de vinho e queijos locais s\u00e3o tamb\u00e9m oferecidas em ingl\u00eas (reserva pr\u00e9via).&nbsp;<\/p>\n\n\n\n<p>Na mesma povoa\u00e7\u00e3o encontra-se outra adega familiar, <strong>Winnica Ingrid <\/strong>com alojamento pr\u00f3prio para turistas individuais e grupos pequenos. Para as provas de vinho em ingl\u00eas \u00e9 necess\u00e1rio fazer uma marca\u00e7\u00e3o.&nbsp;<\/p>\n\n\n\n<p>Mais para norte, em <strong>G\u00f3rzykowo <\/strong>a 17 km de Zielona G\u00f3ra encontra-se a <strong>Stara Winna G\u00f3ra<\/strong>&nbsp;e o <strong>Winny Dworek<\/strong>. Esta pequena adega conta tamb\u00e9m com um hotel elegante estilo boutique, onde os h\u00f3spedes podem desfrutar de vinho terapia e inclusiv\u00e9 realizar uma prova de vinhos a bordo de um cruzeiro pelo rio \u00d3der.&nbsp;<\/p>\n\n\n\n<p><strong>Winnica Kinga<\/strong>, \u00e9 outra boa op\u00e7\u00e3o para os viajantes interessados no descanso na natureza. Localizada a 30 Km do sul de Zielona G\u00f3ra, esta adega oferece, al\u00e9m do seu pr\u00f3prio alojamento rural, excurs\u00f5es a cavalo e, claro, degusta\u00e7\u00e3o de vinho e gastronomia local (tamb\u00e9m em ingl\u00eas).&nbsp;<\/p>\n\n\n\n<div style=\"height:100px\" aria-hidden=\"true\" class=\"wp-block-spacer is-style-spacer-small\"><\/div>\n\n\n\n<h3 class=\"wp-block-heading\"><strong>Quando visitar Zielona G\u00f3ra?<\/strong><\/h3>\n\n\n\n<div style=\"height:100px\" aria-hidden=\"true\" class=\"wp-block-spacer is-style-spacer-small\"><\/div>\n\n\n\n<p>A melhor \u00e9poca para visitar a cidade \u00e9 setembro, durante a \u00e9poca das vindimas. Todos os anos, na primeira quinzena de setembro Zielona G\u00f3ra celebra a sua <strong>Festa da Vindimas<\/strong>&nbsp;(Winobranie). Durante 9 dias celebram-se concertos ao ar livre, desfiles tur\u00edsticos, e claro, mercados artesanais onde os vinicultores vendem os seus melhores vinhos e produtos.&nbsp;<\/p>\n<\/div><\/div>\n\n\n\n<div class=\"wp-block-group has-background\" style=\"background-color:#eeeeeeed\"><div class=\"wp-block-group__inner-container is-layout-constrained wp-block-group-is-layout-constrained\">\n<div style=\"height:100px\" aria-hidden=\"true\" class=\"wp-block-spacer is-style-spacer-small\"><\/div>\n\n\n\n<div class=\"wp-block-group is-style-container\"><div class=\"wp-block-group__inner-container is-layout-constrained wp-block-group-is-layout-constrained\">\n<h3 class=\"wp-block-heading\"><strong>L\u00ea mais art\u00edculos<\/strong><\/h3>\n\n\n<div class=\"overflow\">\n  <div class=\"post-slider swiper post-slider--small\" data-schema=\"small\">\n\n    <div class=\"swiper-wrapper\">\n              <div class=\"swiper-slide post-slide\">\n                      <a href=\"https:\/\/www.polonia.travel\/pt\/opole\/\" class=\"post-box post-box--small\" style=\" background-image: url(https:\/\/www.polonia.travel\/pt\/wp-content\/uploads\/sites\/19\/2023\/08\/Opole2-600x349.jpg);\">\n          <div class=\"post-box__hover\" style=\"background-image: url(https:\/\/www.polonia.travel\/pt\/wp-content\/uploads\/sites\/19\/2022\/12\/opole_noca_2_1170-600x400.jpg);\"><\/div>\n        <div class=\"post-box__info\">\n            <div class=\"post-box__title\">Opole<\/div>\n      <div class=\"post-box__more\">Ver mais<\/div>\n    <\/div>\n  <\/a>\n\n          <\/div>\n              <div class=\"swiper-slide post-slide\">\n                      <a href=\"https:\/\/www.polonia.travel\/pt\/czestochowa-capital-espiritual\/\" class=\"post-box post-box--small\" style=\" background-image: url(https:\/\/www.polonia.travel\/pt\/wp-content\/uploads\/sites\/19\/2023\/07\/Czestochowa1170-600x400.jpg);\">\n          <div class=\"post-box__hover\" style=\"background-image: url(https:\/\/www.polonia.travel\/pt\/wp-content\/uploads\/sites\/19\/2022\/12\/czestochowa_jasna_gora_2_1170-600x400.jpg);\"><\/div>\n        <div class=\"post-box__info\">\n            <div class=\"post-box__title\">Czestochowa, capital espiritual<\/div>\n      <div class=\"post-box__more\">Ver mais<\/div>\n    <\/div>\n  <\/a>\n\n          <\/div>\n              <div class=\"swiper-slide post-slide\">\n                      <a href=\"https:\/\/www.polonia.travel\/pt\/katowice-silesia-em-miniatura\/\" class=\"post-box post-box--small\" style=\" background-image: url(https:\/\/www.polonia.travel\/pt\/wp-content\/uploads\/sites\/19\/2024\/04\/07_Katowice-600x409.jpg);\">\n          <div class=\"post-box__hover\" style=\"background-image: url(https:\/\/www.polonia.travel\/pt\/wp-content\/uploads\/sites\/19\/2023\/07\/katowice_nikiszowiec.2_1170-600x400.jpg);\"><\/div>\n        <div class=\"post-box__info\">\n            <div class=\"post-box__title\">Katowice, Silesia em miniatura<\/div>\n      <div class=\"post-box__more\">Ver mais<\/div>\n    <\/div>\n  <\/a>\n\n          <\/div>\n              <div class=\"swiper-slide post-slide\">\n                      <a href=\"https:\/\/www.polonia.travel\/pt\/kielce-o-tesouro-esta-nas-covas\/\" class=\"post-box post-box--small\" style=\" background-image: url(https:\/\/www.polonia.travel\/pt\/wp-content\/uploads\/sites\/19\/2023\/07\/Kielce3_Fot_Slawek_Rakowski-600x450.jpg);\">\n          <div class=\"post-box__hover\" style=\"background-image: url(https:\/\/www.polonia.travel\/pt\/wp-content\/uploads\/sites\/19\/2022\/12\/geopark_kielce_2_1170-600x400.jpg);\"><\/div>\n        <div class=\"post-box__info\">\n            <div class=\"post-box__title\">Kielce, o tesouro est\u00e1 nas covas<\/div>\n      <div class=\"post-box__more\">Ver mais<\/div>\n    <\/div>\n  <\/a>\n\n          <\/div>\n              <div class=\"swiper-slide post-slide\">\n                      <a href=\"https:\/\/www.polonia.travel\/pt\/olsztyn-uma-capital-rodeada-de-lagos\/\" class=\"post-box post-box--small\" style=\" background-image: url(https:\/\/www.polonia.travel\/pt\/wp-content\/uploads\/sites\/19\/2025\/03\/DSC03449_Olsztyn_Ukiel_molo_plaza_miejska_AB_HR.jpg);\">\n          <div class=\"post-box__hover\" style=\"background-image: url(https:\/\/www.polonia.travel\/pt\/wp-content\/uploads\/sites\/19\/2025\/03\/DSC03521_Olsztyn_Zamek_1_AB_HR.jpg);\"><\/div>\n        <div class=\"post-box__info\">\n            <div class=\"post-box__title\">Olsztyn, uma capital rodeada de lagos<\/div>\n      <div class=\"post-box__more\">Ver mais<\/div>\n    <\/div>\n  <\/a>\n\n          <\/div>\n              <div class=\"swiper-slide post-slide\">\n                      <a href=\"https:\/\/www.polonia.travel\/pt\/zielona-gora-o-monte-verde-de-lubusz\/\" class=\"post-box post-box--small\" style=\" background-image: url(https:\/\/www.polonia.travel\/pt\/wp-content\/uploads\/sites\/19\/2022\/12\/zielona_gora_deptak_1170-600x400.jpg);\">\n          <div class=\"post-box__hover\" style=\"background-image: url(https:\/\/www.polonia.travel\/pt\/wp-content\/uploads\/sites\/19\/2022\/12\/zielona_gora_ratusz_3_1170-600x400.jpg);\"><\/div>\n        <div class=\"post-box__info\">\n            <div class=\"post-box__title\">Zielona G\u00f3ra, o monte verde de Lubusz<\/div>\n      <div class=\"post-box__more\">Ver mais<\/div>\n    <\/div>\n  <\/a>\n\n          <\/div>\n              <div class=\"swiper-slide post-slide\">\n                      <a href=\"https:\/\/www.polonia.travel\/pt\/szczecin-um-porto-baltico-no-rio-odra\/\" class=\"post-box post-box--small\" style=\" background-image: url(https:\/\/www.polonia.travel\/pt\/wp-content\/uploads\/sites\/19\/2022\/12\/szczecin_tarasy_widokowe_1170-1-600x400.jpg);\">\n          <div class=\"post-box__hover\" style=\"background-image: url(https:\/\/www.polonia.travel\/pt\/wp-content\/uploads\/sites\/19\/2025\/03\/105031360_Waly_Chrobrego_Szczecin_Adobe.jpg);\"><\/div>\n        <div class=\"post-box__info\">\n            <div class=\"post-box__title\">Szczecin, um porto b\u00e1ltico no rio Odra\u00a0<\/div>\n      <div class=\"post-box__more\">Ver mais<\/div>\n    <\/div>\n  <\/a>\n\n          <\/div>\n              <div class=\"swiper-slide post-slide\">\n                      <a href=\"https:\/\/www.polonia.travel\/pt\/bydgoszcz\/\" class=\"post-box post-box--small\" style=\" background-image: url(https:\/\/www.polonia.travel\/pt\/wp-content\/uploads\/sites\/19\/2023\/07\/Bydgoszcz1170-5-600x400.jpg);\">\n          <div class=\"post-box__hover\" style=\"background-image: url(https:\/\/www.polonia.travel\/pt\/wp-content\/uploads\/sites\/19\/2022\/12\/bydgoszcz_nad_brda_spichrza_1170-600x398.jpg);\"><\/div>\n        <div class=\"post-box__info\">\n            <div class=\"post-box__title\">Bydgoszcz<\/div>\n      <div class=\"post-box__more\">Ver mais<\/div>\n    <\/div>\n  <\/a>\n\n          <\/div>\n              <div class=\"swiper-slide post-slide\">\n                      <a href=\"https:\/\/www.polonia.travel\/pt\/sandomierz\/\" class=\"post-box post-box--small\" style=\" background-image: url(https:\/\/www.polonia.travel\/pt\/wp-content\/uploads\/sites\/19\/2022\/12\/sandomierz_zamek_1170-600x400.jpg);\">\n          <div class=\"post-box__hover\" style=\"background-image: url(https:\/\/www.polonia.travel\/pt\/wp-content\/uploads\/sites\/19\/2022\/12\/sandomierz_noca_1170-600x400.jpg);\"><\/div>\n        <div class=\"post-box__info\">\n            <div class=\"post-box__title\">Sandomierz<\/div>\n      <div class=\"post-box__more\">Ver mais<\/div>\n    <\/div>\n  <\/a>\n\n          <\/div>\n              <div class=\"swiper-slide post-slide\">\n                      <a href=\"https:\/\/www.polonia.travel\/pt\/kazimierz-dolny\/\" class=\"post-box post-box--small\" style=\" background-image: url(https:\/\/www.polonia.travel\/pt\/wp-content\/uploads\/sites\/19\/2024\/04\/kazimierz_dolny_panorama_1170-600x400.jpg);\">\n          <div class=\"post-box__hover\" style=\"background-image: url(https:\/\/www.polonia.travel\/pt\/wp-content\/uploads\/sites\/19\/2022\/12\/kazimierz_dolny_studnia_2_1170-600x400.jpg);\"><\/div>\n        <div class=\"post-box__info\">\n            <div class=\"post-box__title\">Kazimierz Dolny<\/div>\n      <div class=\"post-box__more\">Ver mais<\/div>\n    <\/div>\n  <\/a>\n\n          <\/div>\n              <div class=\"swiper-slide post-slide\">\n                      <a href=\"https:\/\/www.polonia.travel\/pt\/zakopane\/\" class=\"post-box post-box--small\" style=\" background-image: url(https:\/\/www.polonia.travel\/pt\/wp-content\/uploads\/sites\/19\/2023\/12\/8752_Zakopane-Jaszczurowka_PG_HR1-600x400.jpg);\">\n          <div class=\"post-box__hover\" style=\"background-image: url(https:\/\/www.polonia.travel\/pt\/wp-content\/uploads\/sites\/19\/2023\/02\/morskieoko-tatry-600x400.jpg);\"><\/div>\n        <div class=\"post-box__info\">\n            <div class=\"post-box__title\">Zakopane<\/div>\n      <div class=\"post-box__more\">Ver mais<\/div>\n    <\/div>\n  <\/a>\n\n          <\/div>\n              <div class=\"swiper-slide post-slide\">\n                      <a href=\"https:\/\/www.polonia.travel\/pt\/tarnow\/\" class=\"post-box post-box--small\" style=\" background-image: url(https:\/\/www.polonia.travel\/pt\/wp-content\/uploads\/sites\/19\/2022\/12\/tarnow_muzeum_rtnograficzne_1170-600x400.jpg);\">\n          <div class=\"post-box__hover\" style=\"background-image: url(https:\/\/www.polonia.travel\/pt\/wp-content\/uploads\/sites\/19\/2022\/12\/tarnow_rynek_1170-600x400.jpg);\"><\/div>\n        <div class=\"post-box__info\">\n            <div class=\"post-box__title\">Tarn\u00f3w<\/div>\n      <div class=\"post-box__more\">Ver mais<\/div>\n    <\/div>\n  <\/a>\n\n          <\/div>\n              <div class=\"swiper-slide post-slide\">\n                      <a href=\"https:\/\/www.polonia.travel\/pt\/bialystok\/\" class=\"post-box post-box--small\" style=\" background-image: url(https:\/\/www.polonia.travel\/pt\/wp-content\/uploads\/sites\/19\/2024\/04\/bialystok_palac_branickich_2_1170-600x400.jpg);\">\n          <div class=\"post-box__hover\" style=\"background-image: url(https:\/\/www.polonia.travel\/pt\/wp-content\/uploads\/sites\/19\/2024\/04\/bialystok_cerkiew_sw_ducha_1170-600x400.jpg);\"><\/div>\n        <div class=\"post-box__info\">\n            <div class=\"post-box__title\">Bialystok<\/div>\n      <div class=\"post-box__more\">Ver mais<\/div>\n    <\/div>\n  <\/a>\n\n          <\/div>\n              <div class=\"swiper-slide post-slide\">\n                      <a href=\"https:\/\/www.polonia.travel\/pt\/lodz\/\" class=\"post-box post-box--small\" style=\" background-image: url(https:\/\/www.polonia.travel\/pt\/wp-content\/uploads\/sites\/19\/2024\/04\/manufaktura_w_lodzi_1170-600x400.jpg);\">\n          <div class=\"post-box__hover\" style=\"background-image: url(https:\/\/www.polonia.travel\/pt\/wp-content\/uploads\/sites\/19\/2024\/04\/ulica_piotkowska_w_lodzi_1170-600x400.jpg);\"><\/div>\n        <div class=\"post-box__info\">\n            <div class=\"post-box__title\">Lodz<\/div>\n      <div class=\"post-box__more\">Ver mais<\/div>\n    <\/div>\n  <\/a>\n\n          <\/div>\n              <div class=\"swiper-slide post-slide\">\n                      <a href=\"https:\/\/www.polonia.travel\/pt\/rzeszow\/\" class=\"post-box post-box--small\" style=\" background-image: url(https:\/\/www.polonia.travel\/pt\/wp-content\/uploads\/sites\/19\/2024\/04\/rzeszow_rynek_1170-1-600x400.jpg);\">\n          <div class=\"post-box__hover\" style=\"background-image: url(https:\/\/www.polonia.travel\/pt\/wp-content\/uploads\/sites\/19\/2024\/04\/rzeszow_3_1170-600x400.jpg);\"><\/div>\n        <div class=\"post-box__info\">\n            <div class=\"post-box__title\">Rzesz\u00f3w<\/div>\n      <div class=\"post-box__more\">Ver mais<\/div>\n    <\/div>\n  <\/a>\n\n          <\/div>\n              <div class=\"swiper-slide post-slide\">\n                      <a href=\"https:\/\/www.polonia.travel\/pt\/lublin\/\" class=\"post-box post-box--small\" style=\" background-image: url(https:\/\/www.polonia.travel\/pt\/wp-content\/uploads\/sites\/19\/2024\/04\/lublin_stare_miasto_3_1170-600x400.jpg);\">\n          <div class=\"post-box__hover\" style=\"background-image: url(https:\/\/www.polonia.travel\/pt\/wp-content\/uploads\/sites\/19\/2023\/07\/5510_Lublin-Zamek_JW_HR-600x349.jpg);\"><\/div>\n        <div class=\"post-box__info\">\n            <div class=\"post-box__title\">Lublin<\/div>\n      <div class=\"post-box__more\">Ver mais<\/div>\n    <\/div>\n  <\/a>\n\n          <\/div>\n              <div class=\"swiper-slide post-slide\">\n                      <a href=\"https:\/\/www.polonia.travel\/pt\/wroclaw\/\" class=\"post-box post-box--small\" style=\" background-image: url(https:\/\/www.polonia.travel\/pt\/wp-content\/uploads\/sites\/19\/2024\/04\/wrocC582aw_katedra_1170-600x400.jpg);\">\n          <div class=\"post-box__hover\" style=\"background-image: url(https:\/\/www.polonia.travel\/pt\/wp-content\/uploads\/sites\/19\/2023\/07\/wroclaw1170-600x400.jpg);\"><\/div>\n        <div class=\"post-box__info\">\n            <div class=\"post-box__title\">Wroclaw<\/div>\n      <div class=\"post-box__more\">Ver mais<\/div>\n    <\/div>\n  <\/a>\n\n          <\/div>\n              <div class=\"swiper-slide post-slide\">\n                      <a href=\"https:\/\/www.polonia.travel\/pt\/poznan\/\" class=\"post-box post-box--small\" style=\" background-image: url(https:\/\/www.polonia.travel\/pt\/wp-content\/uploads\/sites\/19\/2024\/04\/poznan_stare_miasto_rynek_1170-600x400.jpg);\">\n          <div class=\"post-box__hover\" style=\"background-image: url(https:\/\/www.polonia.travel\/pt\/wp-content\/uploads\/sites\/19\/2024\/04\/poznan_ratusz_2_1170-600x400.jpg);\"><\/div>\n        <div class=\"post-box__info\">\n            <div class=\"post-box__title\">Poznan<\/div>\n      <div class=\"post-box__more\">Ver mais<\/div>\n    <\/div>\n  <\/a>\n\n          <\/div>\n              <div class=\"swiper-slide post-slide\">\n                      <a href=\"https:\/\/www.polonia.travel\/pt\/torun\/\" class=\"post-box post-box--small\" style=\" background-image: url(https:\/\/www.polonia.travel\/pt\/wp-content\/uploads\/sites\/19\/2024\/04\/torun_pomnik_kopernika_1170-600x400.jpg);\">\n          <div class=\"post-box__hover\" style=\"background-image: url(https:\/\/www.polonia.travel\/pt\/wp-content\/uploads\/sites\/19\/2023\/07\/241823125_Dom_Kopernika-600x400.jpg);\"><\/div>\n        <div class=\"post-box__info\">\n            <div class=\"post-box__title\">Toru\u0144<\/div>\n      <div class=\"post-box__more\">Ver mais<\/div>\n    <\/div>\n  <\/a>\n\n          <\/div>\n              <div class=\"swiper-slide post-slide\">\n                      <a href=\"https:\/\/www.polonia.travel\/pt\/gdansk-sopot-gdynia-tricidade\/\" class=\"post-box post-box--small\" style=\" background-image: url(https:\/\/www.polonia.travel\/pt\/wp-content\/uploads\/sites\/19\/2024\/04\/SOPOT-600x399.jpeg);\">\n          <div class=\"post-box__hover\" style=\"background-image: url(https:\/\/www.polonia.travel\/pt\/wp-content\/uploads\/sites\/19\/2024\/04\/pomorskie_klif_gdynia_1170-600x400.jpg);\"><\/div>\n        <div class=\"post-box__info\">\n            <div class=\"post-box__title\">Gdansk, Sopot, Gdynia (Tricidade)<\/div>\n      <div class=\"post-box__more\">Ver mais<\/div>\n    <\/div>\n  <\/a>\n\n          <\/div>\n              <div class=\"swiper-slide post-slide\">\n                      <a href=\"https:\/\/www.polonia.travel\/pt\/cracovia\/\" class=\"post-box post-box--small\" style=\" background-image: url(https:\/\/www.polonia.travel\/pt\/wp-content\/uploads\/sites\/19\/2024\/04\/krakow_bazylika_mariacka_2_1170-600x400.jpg);\">\n          <div class=\"post-box__hover\" style=\"background-image: url(https:\/\/www.polonia.travel\/pt\/wp-content\/uploads\/sites\/19\/2022\/12\/krakow_wawel_3_1170-2-600x400.jpg);\"><\/div>\n        <div class=\"post-box__info\">\n            <div class=\"post-box__title\">Crac\u00f3via<\/div>\n      <div class=\"post-box__more\">Ver mais<\/div>\n    <\/div>\n  <\/a>\n\n          <\/div>\n              <div class=\"swiper-slide post-slide\">\n                      <a href=\"https:\/\/www.polonia.travel\/pt\/varsovia-cidade-indomita\/\" class=\"post-box post-box--small\" style=\" background-image: url(https:\/\/www.polonia.travel\/pt\/wp-content\/uploads\/sites\/19\/2023\/07\/Warszawa_G162918-600x400.jpg);\">\n          <div class=\"post-box__hover\" style=\"background-image: url(https:\/\/www.polonia.travel\/pt\/wp-content\/uploads\/sites\/19\/2024\/04\/warszawa_zamek_krolewski_slonce_1170-600x400.jpg);\"><\/div>\n        <div class=\"post-box__info\">\n            <div class=\"post-box__title\">Vars\u00f3via- cidade ind\u00f3mita<\/div>\n      <div class=\"post-box__more\">Ver mais<\/div>\n    <\/div>\n  <\/a>\n\n          <\/div>\n              <div class=\"swiper-slide post-slide\">\n                      <a href=\"https:\/\/www.polonia.travel\/pt\/pequenas-cidades-com-encanto\/\" class=\"post-box post-box--small\" style=\" background-image: url(https:\/\/www.polonia.travel\/pt\/wp-content\/uploads\/sites\/19\/2023\/02\/kazimierz_dolny_starowka_kosciol_farny_2_1170-600x400.jpg);\">\n          <div class=\"post-box__hover\" style=\"background-image: url(https:\/\/www.polonia.travel\/pt\/wp-content\/uploads\/sites\/19\/2022\/12\/kazimierz_dolny_starowka_kosciol_farny_1170-600x400.jpg);\"><\/div>\n        <div class=\"post-box__info\">\n            <div class=\"post-box__title\">Pequenas cidades com encanto<\/div>\n      <div class=\"post-box__more\">Ver mais<\/div>\n    <\/div>\n  <\/a>\n\n          <\/div>\n          <\/div>\n    <div class=\"post-slider__pagination\"><\/div>\n  <\/div>\n<\/div>\n<\/div><\/div>\n\n\n\n<div style=\"height:100px\" aria-hidden=\"true\" class=\"wp-block-spacer is-style-spacer-small\"><\/div>\n<\/div><\/div>\n","protected":false},"excerpt":{"rendered":"<p>Uma longa presen\u00e7a da cultura alem\u00e3 na cidade est\u00e1 perfeitamente refletida na arquitetura da zona hist\u00f3rica. De a\u00ed prov\u00eam os monumentos mais importantes: a Torre da Fome (Wie\u017ca G\u0142odowa), parte da muralha medieval; a C\u00e2mara Municipal (constru\u00edda no s\u00e9culo XV), a Igreja Paroquial de Santa Edugivis de estilo g\u00f3ticos e a antiga Igreja Evang\u00e9lica de [&hellip;]<\/p>\n","protected":false},"author":4,"featured_media":32226,"comment_status":"open","ping_status":"open","sticky":false,"template":"","format":"standard","meta":{"_acf_changed":false,"footnotes":""},"categories":[1037],"class_list":["post-32225","post","type-post","status-publish","format-standard","has-post-thumbnail","hentry","category-cidades"],"acf":[],"yoast_head":"<!-- This site is optimized with the Yoast SEO plugin v27.4 - https:\/\/yoast.com\/product\/yoast-seo-wordpress\/ -->\n<title>Zielona G\u00f3ra, o monte verde de Lubusz - Polonia Travel (PT)<\/title>\n<meta name=\"robots\" content=\"index, follow, max-snippet:-1, max-image-preview:large, max-video-preview:-1\" \/>\n<link rel=\"canonical\" href=\"https:\/\/wp-pt.poland.travel\/zielona-gora-o-monte-verde-de-lubusz\/\" \/>\n<meta property=\"og:locale\" content=\"pl_PL\" \/>\n<meta property=\"og:type\" content=\"article\" \/>\n<meta property=\"og:title\" content=\"Zielona G\u00f3ra, o monte verde de Lubusz - Polonia Travel (PT)\" \/>\n<meta property=\"og:description\" content=\"Uma longa presen\u00e7a da cultura alem\u00e3 na cidade est\u00e1 perfeitamente refletida na arquitetura da zona hist\u00f3rica. De a\u00ed prov\u00eam os monumentos mais importantes: a Torre da Fome (Wie\u017ca G\u0142odowa), parte da muralha medieval; a C\u00e2mara Municipal (constru\u00edda no s\u00e9culo XV), a Igreja Paroquial de Santa Edugivis de estilo g\u00f3ticos e a antiga Igreja Evang\u00e9lica de [&hellip;]\" \/>\n<meta property=\"og:url\" content=\"https:\/\/wp-pt.poland.travel\/zielona-gora-o-monte-verde-de-lubusz\/\" \/>\n<meta property=\"og:site_name\" content=\"Polonia Travel (PT)\" \/>\n<meta property=\"article:published_time\" content=\"2025-03-06T10:54:19+00:00\" \/>\n<meta property=\"article:modified_time\" content=\"2025-03-06T11:03:45+00:00\" \/>\n<meta property=\"og:image\" content=\"https:\/\/wp-pt.poland.travel\/wp-content\/uploads\/sites\/19\/2025\/03\/AdobeStock_264486752_zielona_gora.jpeg\" \/>\n\t<meta property=\"og:image:width\" content=\"2000\" \/>\n\t<meta property=\"og:image:height\" content=\"786\" \/>\n\t<meta property=\"og:image:type\" content=\"image\/jpeg\" \/>\n<meta name=\"author\" content=\"paulinaskoczen\" \/>\n<meta name=\"twitter:card\" content=\"summary_large_image\" \/>\n<meta name=\"twitter:label1\" content=\"Napisane przez\" \/>\n\t<meta name=\"twitter:data1\" content=\"paulinaskoczen\" \/>\n\t<meta name=\"twitter:label2\" content=\"Szacowany czas czytania\" \/>\n\t<meta name=\"twitter:data2\" content=\"5 minut\" \/>\n<script type=\"application\/ld+json\" class=\"yoast-schema-graph\">{\"@context\":\"https:\\\/\\\/schema.org\",\"@graph\":[{\"@type\":\"Article\",\"@id\":\"https:\\\/\\\/wp-pt.poland.travel\\\/zielona-gora-o-monte-verde-de-lubusz\\\/#article\",\"isPartOf\":{\"@id\":\"https:\\\/\\\/wp-pt.poland.travel\\\/zielona-gora-o-monte-verde-de-lubusz\\\/\"},\"author\":{\"name\":\"paulinaskoczen\",\"@id\":\"https:\\\/\\\/wp-pt.poland.travel\\\/#\\\/schema\\\/person\\\/a7e7220cbf656ec08ed713e97c7c1c85\"},\"headline\":\"Zielona G\u00f3ra, o monte verde de Lubusz\",\"datePublished\":\"2025-03-06T10:54:19+00:00\",\"dateModified\":\"2025-03-06T11:03:45+00:00\",\"mainEntityOfPage\":{\"@id\":\"https:\\\/\\\/wp-pt.poland.travel\\\/zielona-gora-o-monte-verde-de-lubusz\\\/\"},\"wordCount\":772,\"commentCount\":0,\"publisher\":{\"@id\":\"https:\\\/\\\/wp-pt.poland.travel\\\/#organization\"},\"image\":{\"@id\":\"https:\\\/\\\/wp-pt.poland.travel\\\/zielona-gora-o-monte-verde-de-lubusz\\\/#primaryimage\"},\"thumbnailUrl\":\"https:\\\/\\\/www.polonia.travel\\\/pt\\\/wp-content\\\/uploads\\\/sites\\\/19\\\/2025\\\/03\\\/AdobeStock_264486752_zielona_gora.jpeg\",\"articleSection\":[\"Cidades\"],\"inLanguage\":\"pl-PL\"},{\"@type\":\"WebPage\",\"@id\":\"https:\\\/\\\/wp-pt.poland.travel\\\/zielona-gora-o-monte-verde-de-lubusz\\\/\",\"url\":\"https:\\\/\\\/wp-pt.poland.travel\\\/zielona-gora-o-monte-verde-de-lubusz\\\/\",\"name\":\"Zielona G\u00f3ra, o monte verde de Lubusz - Polonia Travel (PT)\",\"isPartOf\":{\"@id\":\"https:\\\/\\\/wp-pt.poland.travel\\\/#website\"},\"primaryImageOfPage\":{\"@id\":\"https:\\\/\\\/wp-pt.poland.travel\\\/zielona-gora-o-monte-verde-de-lubusz\\\/#primaryimage\"},\"image\":{\"@id\":\"https:\\\/\\\/wp-pt.poland.travel\\\/zielona-gora-o-monte-verde-de-lubusz\\\/#primaryimage\"},\"thumbnailUrl\":\"https:\\\/\\\/www.polonia.travel\\\/pt\\\/wp-content\\\/uploads\\\/sites\\\/19\\\/2025\\\/03\\\/AdobeStock_264486752_zielona_gora.jpeg\",\"datePublished\":\"2025-03-06T10:54:19+00:00\",\"dateModified\":\"2025-03-06T11:03:45+00:00\",\"breadcrumb\":{\"@id\":\"https:\\\/\\\/wp-pt.poland.travel\\\/zielona-gora-o-monte-verde-de-lubusz\\\/#breadcrumb\"},\"inLanguage\":\"pl-PL\",\"potentialAction\":[{\"@type\":\"ReadAction\",\"target\":[\"https:\\\/\\\/wp-pt.poland.travel\\\/zielona-gora-o-monte-verde-de-lubusz\\\/\"]}]},{\"@type\":\"ImageObject\",\"inLanguage\":\"pl-PL\",\"@id\":\"https:\\\/\\\/wp-pt.poland.travel\\\/zielona-gora-o-monte-verde-de-lubusz\\\/#primaryimage\",\"url\":\"https:\\\/\\\/www.polonia.travel\\\/pt\\\/wp-content\\\/uploads\\\/sites\\\/19\\\/2025\\\/03\\\/AdobeStock_264486752_zielona_gora.jpeg\",\"contentUrl\":\"https:\\\/\\\/www.polonia.travel\\\/pt\\\/wp-content\\\/uploads\\\/sites\\\/19\\\/2025\\\/03\\\/AdobeStock_264486752_zielona_gora.jpeg\",\"width\":2000,\"height\":786,\"caption\":\"Aerial drone view on town hall and city main square Zielona Gora. Zielona Gora is the largest city in Lubusz Voivodeship in western Poland\"},{\"@type\":\"BreadcrumbList\",\"@id\":\"https:\\\/\\\/wp-pt.poland.travel\\\/zielona-gora-o-monte-verde-de-lubusz\\\/#breadcrumb\",\"itemListElement\":[{\"@type\":\"ListItem\",\"position\":1,\"name\":\"Home page\",\"item\":\"https:\\\/\\\/www.polonia.travel\\\/pt\\\/\"},{\"@type\":\"ListItem\",\"position\":2,\"name\":\"Descubra lugares\",\"item\":\"https:\\\/\\\/wp-pt.poland.travel\\\/category\\\/descubra-lugares\\\/\"},{\"@type\":\"ListItem\",\"position\":3,\"name\":\"Cidades\",\"item\":\"https:\\\/\\\/wp-pt.poland.travel\\\/category\\\/descubra-lugares\\\/cidades\\\/\"},{\"@type\":\"ListItem\",\"position\":4,\"name\":\"Zielona G\u00f3ra, o monte verde de Lubusz\"}]},{\"@type\":\"WebSite\",\"@id\":\"https:\\\/\\\/wp-pt.poland.travel\\\/#website\",\"url\":\"https:\\\/\\\/wp-pt.poland.travel\\\/\",\"name\":\"Polonia Travel (PT)\",\"description\":\"...\",\"publisher\":{\"@id\":\"https:\\\/\\\/wp-pt.poland.travel\\\/#organization\"},\"potentialAction\":[{\"@type\":\"SearchAction\",\"target\":{\"@type\":\"EntryPoint\",\"urlTemplate\":\"https:\\\/\\\/wp-pt.poland.travel\\\/?s={search_term_string}\"},\"query-input\":{\"@type\":\"PropertyValueSpecification\",\"valueRequired\":true,\"valueName\":\"search_term_string\"}}],\"inLanguage\":\"pl-PL\"},{\"@type\":\"Organization\",\"@id\":\"https:\\\/\\\/wp-pt.poland.travel\\\/#organization\",\"name\":\"Polonia Travel (PT)\",\"url\":\"https:\\\/\\\/wp-pt.poland.travel\\\/\",\"logo\":{\"@type\":\"ImageObject\",\"inLanguage\":\"pl-PL\",\"@id\":\"https:\\\/\\\/wp-pt.poland.travel\\\/#\\\/schema\\\/logo\\\/image\\\/\",\"url\":\"https:\\\/\\\/en-en.polska.travel\\\/wp-content\\\/uploads\\\/sites\\\/19\\\/2022\\\/11\\\/logo.svg\",\"contentUrl\":\"https:\\\/\\\/en-en.polska.travel\\\/wp-content\\\/uploads\\\/sites\\\/19\\\/2022\\\/11\\\/logo.svg\",\"width\":198,\"height\":96,\"caption\":\"Polonia Travel (PT)\"},\"image\":{\"@id\":\"https:\\\/\\\/wp-pt.poland.travel\\\/#\\\/schema\\\/logo\\\/image\\\/\"}},{\"@type\":\"Person\",\"@id\":\"https:\\\/\\\/wp-pt.poland.travel\\\/#\\\/schema\\\/person\\\/a7e7220cbf656ec08ed713e97c7c1c85\",\"name\":\"paulinaskoczen\",\"image\":{\"@type\":\"ImageObject\",\"inLanguage\":\"pl-PL\",\"@id\":\"https:\\\/\\\/secure.gravatar.com\\\/avatar\\\/0e1d86345b101a3a9405065a92e055ee3c308177859477bf8efeee50099c0d45?s=96&d=mm&r=g\",\"url\":\"https:\\\/\\\/secure.gravatar.com\\\/avatar\\\/0e1d86345b101a3a9405065a92e055ee3c308177859477bf8efeee50099c0d45?s=96&d=mm&r=g\",\"contentUrl\":\"https:\\\/\\\/secure.gravatar.com\\\/avatar\\\/0e1d86345b101a3a9405065a92e055ee3c308177859477bf8efeee50099c0d45?s=96&d=mm&r=g\",\"caption\":\"paulinaskoczen\"},\"url\":\"https:\\\/\\\/www.polonia.travel\\\/pt\\\/author\\\/paulinaskoczen\\\/\"}]}<\/script>\n<!-- \/ Yoast SEO plugin. -->","yoast_head_json":{"title":"Zielona G\u00f3ra, o monte verde de Lubusz - Polonia Travel (PT)","robots":{"index":"index","follow":"follow","max-snippet":"max-snippet:-1","max-image-preview":"max-image-preview:large","max-video-preview":"max-video-preview:-1"},"canonical":"https:\/\/wp-pt.poland.travel\/zielona-gora-o-monte-verde-de-lubusz\/","og_locale":"pl_PL","og_type":"article","og_title":"Zielona G\u00f3ra, o monte verde de Lubusz - Polonia Travel (PT)","og_description":"Uma longa presen\u00e7a da cultura alem\u00e3 na cidade est\u00e1 perfeitamente refletida na arquitetura da zona hist\u00f3rica. De a\u00ed prov\u00eam os monumentos mais importantes: a Torre da Fome (Wie\u017ca G\u0142odowa), parte da muralha medieval; a C\u00e2mara Municipal (constru\u00edda no s\u00e9culo XV), a Igreja Paroquial de Santa Edugivis de estilo g\u00f3ticos e a antiga Igreja Evang\u00e9lica de [&hellip;]","og_url":"https:\/\/wp-pt.poland.travel\/zielona-gora-o-monte-verde-de-lubusz\/","og_site_name":"Polonia Travel (PT)","article_published_time":"2025-03-06T10:54:19+00:00","article_modified_time":"2025-03-06T11:03:45+00:00","og_image":[{"width":2000,"height":786,"url":"https:\/\/wp-pt.poland.travel\/wp-content\/uploads\/sites\/19\/2025\/03\/AdobeStock_264486752_zielona_gora.jpeg","type":"image\/jpeg"}],"author":"paulinaskoczen","twitter_card":"summary_large_image","twitter_misc":{"Napisane przez":"paulinaskoczen","Szacowany czas czytania":"5 minut"},"schema":{"@context":"https:\/\/schema.org","@graph":[{"@type":"Article","@id":"https:\/\/wp-pt.poland.travel\/zielona-gora-o-monte-verde-de-lubusz\/#article","isPartOf":{"@id":"https:\/\/wp-pt.poland.travel\/zielona-gora-o-monte-verde-de-lubusz\/"},"author":{"name":"paulinaskoczen","@id":"https:\/\/wp-pt.poland.travel\/#\/schema\/person\/a7e7220cbf656ec08ed713e97c7c1c85"},"headline":"Zielona G\u00f3ra, o monte verde de Lubusz","datePublished":"2025-03-06T10:54:19+00:00","dateModified":"2025-03-06T11:03:45+00:00","mainEntityOfPage":{"@id":"https:\/\/wp-pt.poland.travel\/zielona-gora-o-monte-verde-de-lubusz\/"},"wordCount":772,"commentCount":0,"publisher":{"@id":"https:\/\/wp-pt.poland.travel\/#organization"},"image":{"@id":"https:\/\/wp-pt.poland.travel\/zielona-gora-o-monte-verde-de-lubusz\/#primaryimage"},"thumbnailUrl":"https:\/\/www.polonia.travel\/pt\/wp-content\/uploads\/sites\/19\/2025\/03\/AdobeStock_264486752_zielona_gora.jpeg","articleSection":["Cidades"],"inLanguage":"pl-PL"},{"@type":"WebPage","@id":"https:\/\/wp-pt.poland.travel\/zielona-gora-o-monte-verde-de-lubusz\/","url":"https:\/\/wp-pt.poland.travel\/zielona-gora-o-monte-verde-de-lubusz\/","name":"Zielona G\u00f3ra, o monte verde de Lubusz - Polonia Travel (PT)","isPartOf":{"@id":"https:\/\/wp-pt.poland.travel\/#website"},"primaryImageOfPage":{"@id":"https:\/\/wp-pt.poland.travel\/zielona-gora-o-monte-verde-de-lubusz\/#primaryimage"},"image":{"@id":"https:\/\/wp-pt.poland.travel\/zielona-gora-o-monte-verde-de-lubusz\/#primaryimage"},"thumbnailUrl":"https:\/\/www.polonia.travel\/pt\/wp-content\/uploads\/sites\/19\/2025\/03\/AdobeStock_264486752_zielona_gora.jpeg","datePublished":"2025-03-06T10:54:19+00:00","dateModified":"2025-03-06T11:03:45+00:00","breadcrumb":{"@id":"https:\/\/wp-pt.poland.travel\/zielona-gora-o-monte-verde-de-lubusz\/#breadcrumb"},"inLanguage":"pl-PL","potentialAction":[{"@type":"ReadAction","target":["https:\/\/wp-pt.poland.travel\/zielona-gora-o-monte-verde-de-lubusz\/"]}]},{"@type":"ImageObject","inLanguage":"pl-PL","@id":"https:\/\/wp-pt.poland.travel\/zielona-gora-o-monte-verde-de-lubusz\/#primaryimage","url":"https:\/\/www.polonia.travel\/pt\/wp-content\/uploads\/sites\/19\/2025\/03\/AdobeStock_264486752_zielona_gora.jpeg","contentUrl":"https:\/\/www.polonia.travel\/pt\/wp-content\/uploads\/sites\/19\/2025\/03\/AdobeStock_264486752_zielona_gora.jpeg","width":2000,"height":786,"caption":"Aerial drone view on town hall and city main square Zielona Gora. Zielona Gora is the largest city in Lubusz Voivodeship in western Poland"},{"@type":"BreadcrumbList","@id":"https:\/\/wp-pt.poland.travel\/zielona-gora-o-monte-verde-de-lubusz\/#breadcrumb","itemListElement":[{"@type":"ListItem","position":1,"name":"Home page","item":"https:\/\/www.polonia.travel\/pt\/"},{"@type":"ListItem","position":2,"name":"Descubra lugares","item":"https:\/\/wp-pt.poland.travel\/category\/descubra-lugares\/"},{"@type":"ListItem","position":3,"name":"Cidades","item":"https:\/\/wp-pt.poland.travel\/category\/descubra-lugares\/cidades\/"},{"@type":"ListItem","position":4,"name":"Zielona G\u00f3ra, o monte verde de Lubusz"}]},{"@type":"WebSite","@id":"https:\/\/wp-pt.poland.travel\/#website","url":"https:\/\/wp-pt.poland.travel\/","name":"Polonia Travel (PT)","description":"...","publisher":{"@id":"https:\/\/wp-pt.poland.travel\/#organization"},"potentialAction":[{"@type":"SearchAction","target":{"@type":"EntryPoint","urlTemplate":"https:\/\/wp-pt.poland.travel\/?s={search_term_string}"},"query-input":{"@type":"PropertyValueSpecification","valueRequired":true,"valueName":"search_term_string"}}],"inLanguage":"pl-PL"},{"@type":"Organization","@id":"https:\/\/wp-pt.poland.travel\/#organization","name":"Polonia Travel (PT)","url":"https:\/\/wp-pt.poland.travel\/","logo":{"@type":"ImageObject","inLanguage":"pl-PL","@id":"https:\/\/wp-pt.poland.travel\/#\/schema\/logo\/image\/","url":"https:\/\/en-en.polska.travel\/wp-content\/uploads\/sites\/19\/2022\/11\/logo.svg","contentUrl":"https:\/\/en-en.polska.travel\/wp-content\/uploads\/sites\/19\/2022\/11\/logo.svg","width":198,"height":96,"caption":"Polonia Travel (PT)"},"image":{"@id":"https:\/\/wp-pt.poland.travel\/#\/schema\/logo\/image\/"}},{"@type":"Person","@id":"https:\/\/wp-pt.poland.travel\/#\/schema\/person\/a7e7220cbf656ec08ed713e97c7c1c85","name":"paulinaskoczen","image":{"@type":"ImageObject","inLanguage":"pl-PL","@id":"https:\/\/secure.gravatar.com\/avatar\/0e1d86345b101a3a9405065a92e055ee3c308177859477bf8efeee50099c0d45?s=96&d=mm&r=g","url":"https:\/\/secure.gravatar.com\/avatar\/0e1d86345b101a3a9405065a92e055ee3c308177859477bf8efeee50099c0d45?s=96&d=mm&r=g","contentUrl":"https:\/\/secure.gravatar.com\/avatar\/0e1d86345b101a3a9405065a92e055ee3c308177859477bf8efeee50099c0d45?s=96&d=mm&r=g","caption":"paulinaskoczen"},"url":"https:\/\/www.polonia.travel\/pt\/author\/paulinaskoczen\/"}]}},"_links":{"self":[{"href":"https:\/\/www.polonia.travel\/pt\/wp-json\/wp\/v2\/posts\/32225","targetHints":{"allow":["GET"]}}],"collection":[{"href":"https:\/\/www.polonia.travel\/pt\/wp-json\/wp\/v2\/posts"}],"about":[{"href":"https:\/\/www.polonia.travel\/pt\/wp-json\/wp\/v2\/types\/post"}],"author":[{"embeddable":true,"href":"https:\/\/www.polonia.travel\/pt\/wp-json\/wp\/v2\/users\/4"}],"replies":[{"embeddable":true,"href":"https:\/\/www.polonia.travel\/pt\/wp-json\/wp\/v2\/comments?post=32225"}],"version-history":[{"count":2,"href":"https:\/\/www.polonia.travel\/pt\/wp-json\/wp\/v2\/posts\/32225\/revisions"}],"predecessor-version":[{"id":32228,"href":"https:\/\/www.polonia.travel\/pt\/wp-json\/wp\/v2\/posts\/32225\/revisions\/32228"}],"wp:featuredmedia":[{"embeddable":true,"href":"https:\/\/www.polonia.travel\/pt\/wp-json\/wp\/v2\/media\/32226"}],"wp:attachment":[{"href":"https:\/\/www.polonia.travel\/pt\/wp-json\/wp\/v2\/media?parent=32225"}],"wp:term":[{"taxonomy":"category","embeddable":true,"href":"https:\/\/www.polonia.travel\/pt\/wp-json\/wp\/v2\/categories?post=32225"}],"curies":[{"name":"wp","href":"https:\/\/api.w.org\/{rel}","templated":true}]}}