{"id":32074,"date":"2024-06-26T13:41:06","date_gmt":"2024-06-26T11:41:06","guid":{"rendered":"https:\/\/www.polonia.travel\/pt\/?p=32074"},"modified":"2026-02-24T09:34:57","modified_gmt":"2026-02-24T08:34:57","slug":"viagens-organizadas-a-polonia","status":"publish","type":"post","link":"https:\/\/www.polonia.travel\/pt\/viagens-organizadas-a-polonia\/","title":{"rendered":"VIAGENS ORGANIZADAS \u00c0 POL\u00d3NIA"},"content":{"rendered":"\n<div class=\"wp-block-group is-style-container-medium\"><div class=\"wp-block-group__inner-container is-layout-constrained wp-block-group-is-layout-constrained\"><h2 class=\"wp-block-post-title\">VIAGENS ORGANIZADAS \u00c0 POL\u00d3NIA<\/h2>\n\n\n<div style=\"height:100px\" aria-hidden=\"true\" class=\"wp-block-spacer is-style-spacer-small\"><\/div>\n\n\n\n<p>Lista de ag\u00eancias de viagens e operadores tur\u00edsticos&nbsp;portugueses que oferecem viagens organizadas \u00e0 Pol\u00f3nia:<\/p>\n<\/div><\/div>\n\n\n\n<div class=\"wp-block-group is-style-container\"><div class=\"wp-block-group__inner-container is-layout-constrained wp-block-group-is-layout-constrained\"><div class=\"wp-block-image\">\n<figure class=\"aligncenter size-full\"><img loading=\"lazy\" decoding=\"async\" width=\"540\" height=\"405\" src=\"https:\/\/www.polonia.travel\/pt\/wp-content\/uploads\/sites\/19\/2024\/06\/programy-do-Polski-PT.jpg\" alt=\"\" class=\"wp-image-32075\" \/><\/figure><\/div><\/div><\/div>\n\n\n\n<div style=\"height:100px\" aria-hidden=\"true\" class=\"wp-block-spacer is-style-spacer-small\"><\/div>\n\n\n\n<div class=\"wp-block-group is-style-container-medium\"><div class=\"wp-block-group__inner-container is-layout-constrained wp-block-group-is-layout-constrained\">\n<p><strong>Abreu<\/strong><\/p>\n\n\n\n<p><a href=\"https:\/\/www.abreu.pt\/produto.php?prodCode=PT2425PNCPPLUS&amp;mmy=\">www.abreu.pt<\/a><\/p>\n\n\n\n<div style=\"height:100px\" aria-hidden=\"true\" class=\"wp-block-spacer is-style-spacer-small\"><\/div>\n\n\n\n<p><strong>Catai<\/strong><\/p>\n\n\n\n<p><a href=\"https:\/\/www.catai.pt\/destinos\/polonia\" target=\"_blank\" rel=\"noreferrer noopener\">www.catai.pt <\/a><\/p>\n\n\n\n<div style=\"height:100px\" aria-hidden=\"true\" class=\"wp-block-spacer is-style-spacer-small\"><\/div>\n\n\n\n<p><strong>Eco Travel<\/strong><\/p>\n\n\n\n<p><a href=\"https:\/\/www.ecotravel.pt\/circuitos\/polonia\" target=\"_blank\" rel=\"noreferrer noopener\">www.ecotravel.pt<\/a> <\/p>\n\n\n\n<div style=\"height:100px\" aria-hidden=\"true\" class=\"wp-block-spacer is-style-spacer-small\"><\/div>\n\n\n\n<p><strong>Icari\u00f3n Portugal<\/strong><\/p>\n\n\n\n<p><a href=\"https:\/\/www.icarion.pt\/area-geografica\/destino\/polonia\" target=\"_blank\" rel=\"noreferrer noopener\">www.icarion.pt<\/a><\/p>\n\n\n\n<div style=\"height:100px\" aria-hidden=\"true\" class=\"wp-block-spacer is-style-spacer-small\"><\/div>\n\n\n\n<p><strong>Inatel<\/strong><\/p>\n\n\n\n<p><a href=\"https:\/\/turismo.inatel.pt\/optitravel\/online\/www\/layout40\/produtos.php?code=POL\">www.turismo.inatel.pt<\/a><\/p>\n\n\n\n<div style=\"height:100px\" aria-hidden=\"true\" class=\"wp-block-spacer is-style-spacer-small\"><\/div>\n\n\n\n<p><strong>Lusanova Tours<\/strong><\/p>\n\n\n\n<p><a href=\"https:\/\/www.lusanova.pt\/produtos.php?search=pol%F3nia\">www.lusanova.pt<\/a><\/p>\n\n\n\n<div style=\"height:100px\" aria-hidden=\"true\" class=\"wp-block-spacer is-style-spacer-small\"><\/div>\n\n\n\n<p><strong>Nortravel<\/strong><\/p>\n\n\n\n<p><a href=\"https:\/\/www.nortravel.pt\/tours-premium\/productcontent\/?webproduct=NT20063\">www.nortravel.pt<\/a><\/p>\n\n\n\n<div style=\"height:100px\" aria-hidden=\"true\" class=\"wp-block-spacer is-style-spacer-small\"><\/div>\n\n\n\n<p><strong>Nomad<\/strong><\/p>\n\n\n\n<p><a href=\"https:\/\/www.nomad.pt\/viagens\/trilhos-dos-carpatos\/antonio-luis-campos-2024-08-17\/\">www.nomad.pt<\/a><\/p>\n\n\n\n<div style=\"height:100px\" aria-hidden=\"true\" class=\"wp-block-spacer is-style-spacer-small\"><\/div>\n\n\n\n<p><strong>Pinto Lopes Viagens<\/strong><\/p>\n\n\n\n<p><a href=\"https:\/\/www.pintolopesviagens.com\/viagens\/polonia-copernico-4\/\">www.pintolopesviagens.com<\/a><\/p>\n\n\n\n<div style=\"height:100px\" aria-hidden=\"true\" class=\"wp-block-spacer is-style-spacer-small\"><\/div>\n\n\n\n<p><strong>Tempo Viagens<\/strong><\/p>\n\n\n\n<p><a href=\"https:\/\/www.viagenstempo.pt\/produtos.php\">www.viagenstempo.pt<\/a><\/p>\n\n\n\n<div style=\"height:100px\" aria-hidden=\"true\" class=\"wp-block-spacer is-style-spacer-small\"><\/div>\n\n\n\n<p><strong>Top Atl\u00e2ntico<\/strong><\/p>\n\n\n\n<p><a href=\"https:\/\/www.topatlantico.pt\/especialistas\/europa\/polonia\/todos\">www.topatlantico.pt<\/a><\/p>\n\n\n\n<div style=\"height:100px\" aria-hidden=\"true\" class=\"wp-block-spacer is-style-spacer-small\"><\/div>\n\n\n\n<p><strong>YOU Tour Operator<\/strong><\/p>\n\n\n\n<p><a href=\"https:\/\/www.you.com.pt\/destinos.php\">www.you.com.pt<\/a><\/p>\n\n\n\n<div style=\"height:100px\" aria-hidden=\"true\" class=\"wp-block-spacer is-style-spacer-small\"><\/div>\n\n\n\n<p>* \u00e9 poss\u00edvel que a promo\u00e7\u00e3o esteja dispon\u00edvel periodicamente, dependendo da \u00e9poca do ano.&nbsp;<\/p>\n<\/div><\/div>\n\n\n\n<div style=\"height:100px\" aria-hidden=\"true\" class=\"wp-block-spacer\"><\/div>\n\n\n\n<div class=\"wp-block-group has-background\" style=\"background-color:#eeeeee\"><div class=\"wp-block-group__inner-container is-layout-constrained wp-block-group-is-layout-constrained\">\n<div style=\"height:100px\" aria-hidden=\"true\" class=\"wp-block-spacer is-style-spacer-small\"><\/div>\n\n\n\n<div class=\"wp-block-group is-style-container\"><div class=\"wp-block-group__inner-container is-layout-constrained wp-block-group-is-layout-constrained\">\n<h3 class=\"wp-block-heading\"><strong>L\u00ea mais art\u00edculos<\/strong><\/h3>\n\n\n<div class=\"overflow\">\n  <div class=\"post-slider swiper post-slider--small\" data-schema=\"small\">\n\n    <div class=\"swiper-wrapper\">\n              <div class=\"swiper-slide post-slide\">\n                      <a href=\"https:\/\/www.polonia.travel\/pt\/polonia-para-mulheres-viajantes\/\" class=\"post-box post-box--small\" style=\" background-image: url(https:\/\/www.polonia.travel\/pt\/wp-content\/uploads\/sites\/19\/2026\/03\/GettyImages-2211645570_Krakow-600x400.jpg);\">\n          <div class=\"post-box__hover\" style=\"background-image: url(https:\/\/www.polonia.travel\/pt\/wp-content\/uploads\/sites\/19\/2023\/07\/WROCLAW_2-1-600x400.jpg);\"><\/div>\n        <div class=\"post-box__info\">\n            <div class=\"post-box__title\">Pol\u00f3nia para mulheres viajantes<\/div>\n      <div class=\"post-box__more\">Ver mais<\/div>\n    <\/div>\n  <\/a>\n\n          <\/div>\n              <div class=\"swiper-slide post-slide\">\n                      <a href=\"https:\/\/www.polonia.travel\/pt\/celebrar-a-pascoa-na-polonia\/\" class=\"post-box post-box--small\" style=\" background-image: url(https:\/\/www.polonia.travel\/pt\/wp-content\/uploads\/sites\/19\/2023\/07\/80032977_Pisanki_Bazie-600x400.jpg);\">\n          <div class=\"post-box__hover\" style=\"background-image: url(https:\/\/www.polonia.travel\/pt\/wp-content\/uploads\/sites\/19\/2026\/03\/PENT9471-600x400.jpg);\"><\/div>\n        <div class=\"post-box__info\">\n            <div class=\"post-box__title\">Celebrar a P\u00e1scoa na Pol\u00f3nia<\/div>\n      <div class=\"post-box__more\">Ver mais<\/div>\n    <\/div>\n  <\/a>\n\n          <\/div>\n              <div class=\"swiper-slide post-slide\">\n                      <a href=\"https:\/\/www.polonia.travel\/pt\/entre-vikings-e-festivais-de-luz\/\" class=\"post-box post-box--small\" style=\" background-image: url(https:\/\/www.polonia.travel\/pt\/wp-content\/uploads\/sites\/19\/2023\/07\/centrum_slowian_i_wikingow_w_wolinie_2_1170-600x400.jpg);\">\n          <div class=\"post-box__hover\" style=\"background-image: url(https:\/\/www.polonia.travel\/pt\/wp-content\/uploads\/sites\/19\/2023\/08\/jarmark-sw-dominika3-600x349.jpg);\"><\/div>\n        <div class=\"post-box__info\">\n            <div class=\"post-box__title\">Entre vikings e festivais de luz<\/div>\n      <div class=\"post-box__more\">Ver mais<\/div>\n    <\/div>\n  <\/a>\n\n          <\/div>\n              <div class=\"swiper-slide post-slide\">\n                      <a href=\"https:\/\/www.polonia.travel\/pt\/ligacoes-aereas-diretas-entre-portugal-e-a-polonia-verao-2026\/\" class=\"post-box post-box--small\" style=\" background-image: url(https:\/\/www.polonia.travel\/pt\/wp-content\/uploads\/sites\/19\/2024\/04\/172720969_Samolot_Adobe-600x462.jpg);\">\n          <div class=\"post-box__hover\" style=\"background-image: url(https:\/\/www.polonia.travel\/pt\/wp-content\/uploads\/sites\/19\/2024\/06\/333848690_Samolot_Adobe-1-600x400.jpg);\"><\/div>\n        <div class=\"post-box__info\">\n            <div class=\"post-box__title\">Liga\u00e7\u00f5es a\u00e9reas diretas entre Portugal e a Pol\u00f3nia &#8211; ver\u00e3o 2026<\/div>\n      <div class=\"post-box__more\">Ver mais<\/div>\n    <\/div>\n  <\/a>\n\n          <\/div>\n              <div class=\"swiper-slide post-slide\">\n                      <a href=\"https:\/\/www.polonia.travel\/pt\/cracovia-e-a-lenda-do-dragao\/\" class=\"post-box post-box--small\" style=\" background-image: url(https:\/\/www.polonia.travel\/pt\/wp-content\/uploads\/sites\/19\/2025\/05\/M6B9987.jpg);\">\n          <div class=\"post-box__hover\" style=\"background-image: url(https:\/\/www.polonia.travel\/pt\/wp-content\/uploads\/sites\/19\/2025\/05\/M6B0005.jpg);\"><\/div>\n        <div class=\"post-box__info\">\n            <div class=\"post-box__title\">CRAC\u00d3VIA E A LENDA DO DRAG\u00c3O<\/div>\n      <div class=\"post-box__more\">Ver mais<\/div>\n    <\/div>\n  <\/a>\n\n          <\/div>\n              <div class=\"swiper-slide post-slide\">\n                      <a href=\"https:\/\/www.polonia.travel\/pt\/gdansk-o-melhor-mercado-de-natal-da-europa-2025\/\" class=\"post-box post-box--small\" style=\" background-image: url(https:\/\/www.polonia.travel\/pt\/wp-content\/uploads\/sites\/19\/2023\/12\/gdansk_jarmark_bozonarodzeniowy-600x400.jpeg);\">\n          <div class=\"post-box__hover\" style=\"background-image: url(https:\/\/www.polonia.travel\/pt\/wp-content\/uploads\/sites\/19\/2025\/10\/398229379_gdansk_zima-600x400.jpg);\"><\/div>\n        <div class=\"post-box__info\">\n            <div class=\"post-box__title\">Gda\u0144sk, o Melhor Mercado de Natal da Europa 2025<\/div>\n      <div class=\"post-box__more\">Ver mais<\/div>\n    <\/div>\n  <\/a>\n\n          <\/div>\n              <div class=\"swiper-slide post-slide\">\n                      <a href=\"https:\/\/www.polonia.travel\/pt\/gdanskcapital-europeia-da-cultura-gastronomica-2025\/\" class=\"post-box post-box--small\" style=\" background-image: url(https:\/\/www.polonia.travel\/pt\/wp-content\/uploads\/sites\/19\/2023\/07\/Gdansk-600x400.jpg);\">\n          <div class=\"post-box__hover\" style=\"background-image: url(https:\/\/www.polonia.travel\/pt\/wp-content\/uploads\/sites\/19\/2024\/04\/023_GDANSK_MATU_HR-1MB-600x389.jpg);\"><\/div>\n        <div class=\"post-box__info\">\n            <div class=\"post-box__title\">Gdansk Capital Europeia da Cultura Gastron\u00f3mica 2025<\/div>\n      <div class=\"post-box__more\">Ver mais<\/div>\n    <\/div>\n  <\/a>\n\n          <\/div>\n              <div class=\"swiper-slide post-slide\">\n                      <a href=\"https:\/\/www.polonia.travel\/pt\/os-10-melhores-locais-para-viajar-na-polonia-com-criancas\/\" class=\"post-box post-box--small\" style=\" background-image: url(https:\/\/www.polonia.travel\/pt\/wp-content\/uploads\/sites\/19\/2023\/07\/farma_iluzji_dla_dzieci_1170-600x400.jpg);\">\n          <div class=\"post-box__hover\" style=\"background-image: url(https:\/\/www.polonia.travel\/pt\/wp-content\/uploads\/sites\/19\/2024\/03\/dzieci_basen-1920x989-1-600x309.jpg);\"><\/div>\n        <div class=\"post-box__info\">\n            <div class=\"post-box__title\">Os 10 melhores locais para viajar na Pol\u00f3nia com crian\u00e7as<\/div>\n      <div class=\"post-box__more\">Ver mais<\/div>\n    <\/div>\n  <\/a>\n\n          <\/div>\n              <div class=\"swiper-slide post-slide\">\n                      <a href=\"https:\/\/www.polonia.travel\/pt\/com-os-bracos-abertos\/\" class=\"post-box post-box--small\" style=\" background-image: url(https:\/\/www.polonia.travel\/pt\/wp-content\/uploads\/sites\/19\/2023\/07\/HOSPITALITY_0003_AdobeStock_130221151-600x400.jpg);\">\n          <div class=\"post-box__hover\" style=\"background-image: url(https:\/\/www.polonia.travel\/pt\/wp-content\/uploads\/sites\/19\/2023\/07\/HOSPITALITY_1170x780-600x400.jpg);\"><\/div>\n        <div class=\"post-box__info\">\n            <div class=\"post-box__title\">Com os bra\u00e7os abertos<\/div>\n      <div class=\"post-box__more\">Ver mais<\/div>\n    <\/div>\n  <\/a>\n\n          <\/div>\n              <div class=\"swiper-slide post-slide\">\n                      <a href=\"https:\/\/www.polonia.travel\/pt\/compras-na-polonia\/\" class=\"post-box post-box--small\" style=\" background-image: url(https:\/\/www.polonia.travel\/pt\/wp-content\/uploads\/sites\/19\/2024\/04\/22.120Bursztyn20mniejsze20540x354.jpg);\">\n          <div class=\"post-box__hover\" style=\"background-image: url(https:\/\/www.polonia.travel\/pt\/wp-content\/uploads\/sites\/19\/2022\/12\/ceramika_z_boleslawca_1170-600x400.jpg);\"><\/div>\n        <div class=\"post-box__info\">\n            <div class=\"post-box__title\">Compras na Pol\u00f3nia<\/div>\n      <div class=\"post-box__more\">Ver mais<\/div>\n    <\/div>\n  <\/a>\n\n          <\/div>\n              <div class=\"swiper-slide post-slide\">\n                      <a href=\"https:\/\/www.polonia.travel\/pt\/rotas-para-caminhadas\/\" class=\"post-box post-box--small\" style=\" background-image: url(https:\/\/www.polonia.travel\/pt\/wp-content\/uploads\/sites\/19\/2023\/07\/wedrowki_gorskie_tatry_1170-600x400.jpg);\">\n          <div class=\"post-box__hover\" style=\"background-image: url(https:\/\/www.polonia.travel\/pt\/wp-content\/uploads\/sites\/19\/2023\/07\/mazury_mragowo_jezioro_czos_1170-600x400.jpg);\"><\/div>\n        <div class=\"post-box__info\">\n            <div class=\"post-box__title\">ROTAS PARA CAMINHADAS<\/div>\n      <div class=\"post-box__more\">Ver mais<\/div>\n    <\/div>\n  <\/a>\n\n          <\/div>\n              <div class=\"swiper-slide post-slide\">\n                      <a href=\"https:\/\/www.polonia.travel\/pt\/por-que-vale-a-pena-visitar-a-polonia\/\" class=\"post-box post-box--small\" style=\" background-image: url(https:\/\/www.polonia.travel\/pt\/wp-content\/uploads\/sites\/19\/2024\/04\/426631577_Zubr-1-600x400.jpg);\">\n          <div class=\"post-box__hover\" style=\"background-image: url(https:\/\/www.polonia.travel\/pt\/wp-content\/uploads\/sites\/19\/2023\/07\/Lodz-mural-NGT20Custom-1-600x394.png);\"><\/div>\n        <div class=\"post-box__info\">\n            <div class=\"post-box__title\">Por que vale a pena visitar a Pol\u00f3nia?<\/div>\n      <div class=\"post-box__more\">Ver mais<\/div>\n    <\/div>\n  <\/a>\n\n          <\/div>\n              <div class=\"swiper-slide post-slide\">\n                      <a href=\"https:\/\/www.polonia.travel\/pt\/viagens-organizadas-a-polonia\/\" class=\"post-box post-box--small\" style=\" background-image: url(https:\/\/www.polonia.travel\/pt\/wp-content\/uploads\/sites\/19\/2024\/04\/krakow_rynek_noca_1170-600x400.jpg);\">\n          <div class=\"post-box__hover\" style=\"background-image: url(https:\/\/www.polonia.travel\/pt\/wp-content\/uploads\/sites\/19\/2024\/04\/Poznan_kamieniczki-600x400.jpg);\"><\/div>\n        <div class=\"post-box__info\">\n            <div class=\"post-box__title\">VIAGENS ORGANIZADAS \u00c0 POL\u00d3NIA<\/div>\n      <div class=\"post-box__more\">Ver mais<\/div>\n    <\/div>\n  <\/a>\n\n          <\/div>\n              <div class=\"swiper-slide post-slide\">\n                      <a href=\"https:\/\/www.polonia.travel\/pt\/pequenas-cidades-com-encanto\/\" class=\"post-box post-box--small\" style=\" background-image: url(https:\/\/www.polonia.travel\/pt\/wp-content\/uploads\/sites\/19\/2023\/02\/kazimierz_dolny_starowka_kosciol_farny_2_1170-600x400.jpg);\">\n          <div class=\"post-box__hover\" style=\"background-image: url(https:\/\/www.polonia.travel\/pt\/wp-content\/uploads\/sites\/19\/2022\/12\/kazimierz_dolny_starowka_kosciol_farny_1170-600x400.jpg);\"><\/div>\n        <div class=\"post-box__info\">\n            <div class=\"post-box__title\">Pequenas cidades com encanto<\/div>\n      <div class=\"post-box__more\">Ver mais<\/div>\n    <\/div>\n  <\/a>\n\n          <\/div>\n              <div class=\"swiper-slide post-slide\">\n                      <a href=\"https:\/\/www.polonia.travel\/pt\/mercados-de-natal-na-polonia\/\" class=\"post-box post-box--small\" style=\" background-image: url(https:\/\/www.polonia.travel\/pt\/wp-content\/uploads\/sites\/19\/2025\/10\/wizerunkowe-stary-rynek-03-600x400.jpg);\">\n          <div class=\"post-box__hover\" style=\"background-image: url(https:\/\/www.polonia.travel\/pt\/wp-content\/uploads\/sites\/19\/2025\/10\/AdobeStock_359279928_krakow_swieta-600x400.jpeg);\"><\/div>\n        <div class=\"post-box__info\">\n            <div class=\"post-box__title\">Mercados de Natal na Pol\u00f3nia<\/div>\n      <div class=\"post-box__more\">Ver mais<\/div>\n    <\/div>\n  <\/a>\n\n          <\/div>\n          <\/div>\n    <div class=\"post-slider__pagination\"><\/div>\n  <\/div>\n<\/div>\n<\/div><\/div>\n\n\n\n<div style=\"height:100px\" aria-hidden=\"true\" class=\"wp-block-spacer is-style-spacer-small\"><\/div>\n<\/div><\/div>\n","protected":false},"excerpt":{"rendered":"<p>Lista de ag\u00eancias de viagens e operadores tur\u00edsticos&nbsp;portugueses que oferecem viagens organizadas \u00e0 Pol\u00f3nia: Abreu www.abreu.pt Catai www.catai.pt Eco Travel www.ecotravel.pt Icari\u00f3n Portugal www.icarion.pt Inatel www.turismo.inatel.pt Lusanova Tours www.lusanova.pt Nortravel www.nortravel.pt Nomad www.nomad.pt Pinto Lopes Viagens www.pintolopesviagens.com Tempo Viagens www.viagenstempo.pt Top Atl\u00e2ntico www.topatlantico.pt YOU Tour Operator www.you.com.pt * \u00e9 poss\u00edvel que a promo\u00e7\u00e3o esteja dispon\u00edvel [&hellip;]<\/p>\n","protected":false},"author":4,"featured_media":30906,"comment_status":"open","ping_status":"open","sticky":false,"template":"","format":"standard","meta":{"_acf_changed":false,"footnotes":""},"categories":[1153,1051,1052],"class_list":["post-32074","post","type-post","status-publish","format-standard","has-post-thumbnail","hentry","category-profissionais-de-turismo","category-inspiracoes-de-viagem","category-noticias"],"acf":[],"yoast_head":"<!-- This site is optimized with the Yoast SEO plugin v27.4 - https:\/\/yoast.com\/product\/yoast-seo-wordpress\/ -->\n<title>VIAGENS ORGANIZADAS \u00c0 POL\u00d3NIA - Polonia Travel (PT)<\/title>\n<meta name=\"robots\" content=\"index, follow, max-snippet:-1, max-image-preview:large, max-video-preview:-1\" \/>\n<link rel=\"canonical\" href=\"https:\/\/www.polonia.travel\/pt\/viagens-organizadas-a-polonia\/\" \/>\n<meta property=\"og:locale\" content=\"pl_PL\" \/>\n<meta property=\"og:type\" content=\"article\" \/>\n<meta property=\"og:title\" content=\"VIAGENS ORGANIZADAS \u00c0 POL\u00d3NIA - Polonia Travel (PT)\" \/>\n<meta property=\"og:description\" content=\"Lista de ag\u00eancias de viagens e operadores tur\u00edsticos&nbsp;portugueses que oferecem viagens organizadas \u00e0 Pol\u00f3nia: Abreu www.abreu.pt Catai www.catai.pt Eco Travel www.ecotravel.pt Icari\u00f3n Portugal www.icarion.pt Inatel www.turismo.inatel.pt Lusanova Tours www.lusanova.pt Nortravel www.nortravel.pt Nomad www.nomad.pt Pinto Lopes Viagens www.pintolopesviagens.com Tempo Viagens www.viagenstempo.pt Top Atl\u00e2ntico www.topatlantico.pt YOU Tour Operator www.you.com.pt * \u00e9 poss\u00edvel que a promo\u00e7\u00e3o esteja dispon\u00edvel [&hellip;]\" \/>\n<meta property=\"og:url\" content=\"https:\/\/www.polonia.travel\/pt\/viagens-organizadas-a-polonia\/\" \/>\n<meta property=\"og:site_name\" content=\"Polonia Travel (PT)\" \/>\n<meta property=\"article:published_time\" content=\"2024-06-26T11:41:06+00:00\" \/>\n<meta property=\"article:modified_time\" content=\"2026-02-24T08:34:57+00:00\" \/>\n<meta property=\"og:image\" content=\"https:\/\/www.polonia.travel\/pt\/wp-content\/uploads\/sites\/19\/2024\/03\/krakow_wawel_wisla_1170x300.jpg\" \/>\n\t<meta property=\"og:image:width\" content=\"1170\" \/>\n\t<meta property=\"og:image:height\" content=\"300\" \/>\n\t<meta property=\"og:image:type\" content=\"image\/jpeg\" \/>\n<meta name=\"author\" content=\"paulinaskoczen\" \/>\n<meta name=\"twitter:card\" content=\"summary_large_image\" \/>\n<meta name=\"twitter:label1\" content=\"Napisane przez\" \/>\n\t<meta name=\"twitter:data1\" content=\"paulinaskoczen\" \/>\n\t<meta name=\"twitter:label2\" content=\"Szacowany czas czytania\" \/>\n\t<meta name=\"twitter:data2\" content=\"1 minuta\" \/>\n<script type=\"application\/ld+json\" class=\"yoast-schema-graph\">{\"@context\":\"https:\\\/\\\/schema.org\",\"@graph\":[{\"@type\":\"Article\",\"@id\":\"https:\\\/\\\/www.polonia.travel\\\/pt\\\/viagens-organizadas-a-polonia\\\/#article\",\"isPartOf\":{\"@id\":\"https:\\\/\\\/www.polonia.travel\\\/pt\\\/viagens-organizadas-a-polonia\\\/\"},\"author\":{\"name\":\"paulinaskoczen\",\"@id\":\"https:\\\/\\\/wp-pt.poland.travel\\\/#\\\/schema\\\/person\\\/a7e7220cbf656ec08ed713e97c7c1c85\"},\"headline\":\"VIAGENS ORGANIZADAS \u00c0 POL\u00d3NIA\",\"datePublished\":\"2024-06-26T11:41:06+00:00\",\"dateModified\":\"2026-02-24T08:34:57+00:00\",\"mainEntityOfPage\":{\"@id\":\"https:\\\/\\\/www.polonia.travel\\\/pt\\\/viagens-organizadas-a-polonia\\\/\"},\"wordCount\":103,\"commentCount\":0,\"publisher\":{\"@id\":\"https:\\\/\\\/wp-pt.poland.travel\\\/#organization\"},\"image\":{\"@id\":\"https:\\\/\\\/www.polonia.travel\\\/pt\\\/viagens-organizadas-a-polonia\\\/#primaryimage\"},\"thumbnailUrl\":\"https:\\\/\\\/www.polonia.travel\\\/pt\\\/wp-content\\\/uploads\\\/sites\\\/19\\\/2024\\\/03\\\/krakow_wawel_wisla_1170x300.jpg\",\"articleSection\":[\"Profissionais de turismo\",\"Inspira\u00e7\u00f5es de viagem\",\"Not\u00edcias\"],\"inLanguage\":\"pl-PL\"},{\"@type\":\"WebPage\",\"@id\":\"https:\\\/\\\/www.polonia.travel\\\/pt\\\/viagens-organizadas-a-polonia\\\/\",\"url\":\"https:\\\/\\\/www.polonia.travel\\\/pt\\\/viagens-organizadas-a-polonia\\\/\",\"name\":\"VIAGENS ORGANIZADAS \u00c0 POL\u00d3NIA - Polonia Travel (PT)\",\"isPartOf\":{\"@id\":\"https:\\\/\\\/wp-pt.poland.travel\\\/#website\"},\"primaryImageOfPage\":{\"@id\":\"https:\\\/\\\/www.polonia.travel\\\/pt\\\/viagens-organizadas-a-polonia\\\/#primaryimage\"},\"image\":{\"@id\":\"https:\\\/\\\/www.polonia.travel\\\/pt\\\/viagens-organizadas-a-polonia\\\/#primaryimage\"},\"thumbnailUrl\":\"https:\\\/\\\/www.polonia.travel\\\/pt\\\/wp-content\\\/uploads\\\/sites\\\/19\\\/2024\\\/03\\\/krakow_wawel_wisla_1170x300.jpg\",\"datePublished\":\"2024-06-26T11:41:06+00:00\",\"dateModified\":\"2026-02-24T08:34:57+00:00\",\"breadcrumb\":{\"@id\":\"https:\\\/\\\/www.polonia.travel\\\/pt\\\/viagens-organizadas-a-polonia\\\/#breadcrumb\"},\"inLanguage\":\"pl-PL\",\"potentialAction\":[{\"@type\":\"ReadAction\",\"target\":[\"https:\\\/\\\/www.polonia.travel\\\/pt\\\/viagens-organizadas-a-polonia\\\/\"]}]},{\"@type\":\"ImageObject\",\"inLanguage\":\"pl-PL\",\"@id\":\"https:\\\/\\\/www.polonia.travel\\\/pt\\\/viagens-organizadas-a-polonia\\\/#primaryimage\",\"url\":\"https:\\\/\\\/www.polonia.travel\\\/pt\\\/wp-content\\\/uploads\\\/sites\\\/19\\\/2024\\\/03\\\/krakow_wawel_wisla_1170x300.jpg\",\"contentUrl\":\"https:\\\/\\\/www.polonia.travel\\\/pt\\\/wp-content\\\/uploads\\\/sites\\\/19\\\/2024\\\/03\\\/krakow_wawel_wisla_1170x300.jpg\",\"width\":1170,\"height\":300},{\"@type\":\"BreadcrumbList\",\"@id\":\"https:\\\/\\\/www.polonia.travel\\\/pt\\\/viagens-organizadas-a-polonia\\\/#breadcrumb\",\"itemListElement\":[{\"@type\":\"ListItem\",\"position\":1,\"name\":\"Home page\",\"item\":\"https:\\\/\\\/www.polonia.travel\\\/pt\\\/\"},{\"@type\":\"ListItem\",\"position\":2,\"name\":\"Inspira\u00e7\u00f5es de viagem\",\"item\":\"https:\\\/\\\/wp-pt.poland.travel\\\/category\\\/inspiracoes-de-viagem\\\/\"},{\"@type\":\"ListItem\",\"position\":3,\"name\":\"Not\u00edcias\",\"item\":\"https:\\\/\\\/wp-pt.poland.travel\\\/category\\\/inspiracoes-de-viagem\\\/noticias\\\/\"},{\"@type\":\"ListItem\",\"position\":4,\"name\":\"VIAGENS ORGANIZADAS \u00c0 POL\u00d3NIA\"}]},{\"@type\":\"WebSite\",\"@id\":\"https:\\\/\\\/wp-pt.poland.travel\\\/#website\",\"url\":\"https:\\\/\\\/wp-pt.poland.travel\\\/\",\"name\":\"Polonia Travel (PT)\",\"description\":\"...\",\"publisher\":{\"@id\":\"https:\\\/\\\/wp-pt.poland.travel\\\/#organization\"},\"potentialAction\":[{\"@type\":\"SearchAction\",\"target\":{\"@type\":\"EntryPoint\",\"urlTemplate\":\"https:\\\/\\\/wp-pt.poland.travel\\\/?s={search_term_string}\"},\"query-input\":{\"@type\":\"PropertyValueSpecification\",\"valueRequired\":true,\"valueName\":\"search_term_string\"}}],\"inLanguage\":\"pl-PL\"},{\"@type\":\"Organization\",\"@id\":\"https:\\\/\\\/wp-pt.poland.travel\\\/#organization\",\"name\":\"Polonia Travel (PT)\",\"url\":\"https:\\\/\\\/wp-pt.poland.travel\\\/\",\"logo\":{\"@type\":\"ImageObject\",\"inLanguage\":\"pl-PL\",\"@id\":\"https:\\\/\\\/wp-pt.poland.travel\\\/#\\\/schema\\\/logo\\\/image\\\/\",\"url\":\"https:\\\/\\\/en-en.polska.travel\\\/wp-content\\\/uploads\\\/sites\\\/19\\\/2022\\\/11\\\/logo.svg\",\"contentUrl\":\"https:\\\/\\\/en-en.polska.travel\\\/wp-content\\\/uploads\\\/sites\\\/19\\\/2022\\\/11\\\/logo.svg\",\"width\":198,\"height\":96,\"caption\":\"Polonia Travel (PT)\"},\"image\":{\"@id\":\"https:\\\/\\\/wp-pt.poland.travel\\\/#\\\/schema\\\/logo\\\/image\\\/\"}},{\"@type\":\"Person\",\"@id\":\"https:\\\/\\\/wp-pt.poland.travel\\\/#\\\/schema\\\/person\\\/a7e7220cbf656ec08ed713e97c7c1c85\",\"name\":\"paulinaskoczen\",\"image\":{\"@type\":\"ImageObject\",\"inLanguage\":\"pl-PL\",\"@id\":\"https:\\\/\\\/secure.gravatar.com\\\/avatar\\\/0e1d86345b101a3a9405065a92e055ee3c308177859477bf8efeee50099c0d45?s=96&d=mm&r=g\",\"url\":\"https:\\\/\\\/secure.gravatar.com\\\/avatar\\\/0e1d86345b101a3a9405065a92e055ee3c308177859477bf8efeee50099c0d45?s=96&d=mm&r=g\",\"contentUrl\":\"https:\\\/\\\/secure.gravatar.com\\\/avatar\\\/0e1d86345b101a3a9405065a92e055ee3c308177859477bf8efeee50099c0d45?s=96&d=mm&r=g\",\"caption\":\"paulinaskoczen\"},\"url\":\"https:\\\/\\\/www.polonia.travel\\\/pt\\\/author\\\/paulinaskoczen\\\/\"}]}<\/script>\n<!-- \/ Yoast SEO plugin. -->","yoast_head_json":{"title":"VIAGENS ORGANIZADAS \u00c0 POL\u00d3NIA - Polonia Travel (PT)","robots":{"index":"index","follow":"follow","max-snippet":"max-snippet:-1","max-image-preview":"max-image-preview:large","max-video-preview":"max-video-preview:-1"},"canonical":"https:\/\/www.polonia.travel\/pt\/viagens-organizadas-a-polonia\/","og_locale":"pl_PL","og_type":"article","og_title":"VIAGENS ORGANIZADAS \u00c0 POL\u00d3NIA - Polonia Travel (PT)","og_description":"Lista de ag\u00eancias de viagens e operadores tur\u00edsticos&nbsp;portugueses que oferecem viagens organizadas \u00e0 Pol\u00f3nia: Abreu www.abreu.pt Catai www.catai.pt Eco Travel www.ecotravel.pt Icari\u00f3n Portugal www.icarion.pt Inatel www.turismo.inatel.pt Lusanova Tours www.lusanova.pt Nortravel www.nortravel.pt Nomad www.nomad.pt Pinto Lopes Viagens www.pintolopesviagens.com Tempo Viagens www.viagenstempo.pt Top Atl\u00e2ntico www.topatlantico.pt YOU Tour Operator www.you.com.pt * \u00e9 poss\u00edvel que a promo\u00e7\u00e3o esteja dispon\u00edvel [&hellip;]","og_url":"https:\/\/www.polonia.travel\/pt\/viagens-organizadas-a-polonia\/","og_site_name":"Polonia Travel (PT)","article_published_time":"2024-06-26T11:41:06+00:00","article_modified_time":"2026-02-24T08:34:57+00:00","og_image":[{"width":1170,"height":300,"url":"https:\/\/www.polonia.travel\/pt\/wp-content\/uploads\/sites\/19\/2024\/03\/krakow_wawel_wisla_1170x300.jpg","type":"image\/jpeg"}],"author":"paulinaskoczen","twitter_card":"summary_large_image","twitter_misc":{"Napisane przez":"paulinaskoczen","Szacowany czas czytania":"1 minuta"},"schema":{"@context":"https:\/\/schema.org","@graph":[{"@type":"Article","@id":"https:\/\/www.polonia.travel\/pt\/viagens-organizadas-a-polonia\/#article","isPartOf":{"@id":"https:\/\/www.polonia.travel\/pt\/viagens-organizadas-a-polonia\/"},"author":{"name":"paulinaskoczen","@id":"https:\/\/wp-pt.poland.travel\/#\/schema\/person\/a7e7220cbf656ec08ed713e97c7c1c85"},"headline":"VIAGENS ORGANIZADAS \u00c0 POL\u00d3NIA","datePublished":"2024-06-26T11:41:06+00:00","dateModified":"2026-02-24T08:34:57+00:00","mainEntityOfPage":{"@id":"https:\/\/www.polonia.travel\/pt\/viagens-organizadas-a-polonia\/"},"wordCount":103,"commentCount":0,"publisher":{"@id":"https:\/\/wp-pt.poland.travel\/#organization"},"image":{"@id":"https:\/\/www.polonia.travel\/pt\/viagens-organizadas-a-polonia\/#primaryimage"},"thumbnailUrl":"https:\/\/www.polonia.travel\/pt\/wp-content\/uploads\/sites\/19\/2024\/03\/krakow_wawel_wisla_1170x300.jpg","articleSection":["Profissionais de turismo","Inspira\u00e7\u00f5es de viagem","Not\u00edcias"],"inLanguage":"pl-PL"},{"@type":"WebPage","@id":"https:\/\/www.polonia.travel\/pt\/viagens-organizadas-a-polonia\/","url":"https:\/\/www.polonia.travel\/pt\/viagens-organizadas-a-polonia\/","name":"VIAGENS ORGANIZADAS \u00c0 POL\u00d3NIA - Polonia Travel (PT)","isPartOf":{"@id":"https:\/\/wp-pt.poland.travel\/#website"},"primaryImageOfPage":{"@id":"https:\/\/www.polonia.travel\/pt\/viagens-organizadas-a-polonia\/#primaryimage"},"image":{"@id":"https:\/\/www.polonia.travel\/pt\/viagens-organizadas-a-polonia\/#primaryimage"},"thumbnailUrl":"https:\/\/www.polonia.travel\/pt\/wp-content\/uploads\/sites\/19\/2024\/03\/krakow_wawel_wisla_1170x300.jpg","datePublished":"2024-06-26T11:41:06+00:00","dateModified":"2026-02-24T08:34:57+00:00","breadcrumb":{"@id":"https:\/\/www.polonia.travel\/pt\/viagens-organizadas-a-polonia\/#breadcrumb"},"inLanguage":"pl-PL","potentialAction":[{"@type":"ReadAction","target":["https:\/\/www.polonia.travel\/pt\/viagens-organizadas-a-polonia\/"]}]},{"@type":"ImageObject","inLanguage":"pl-PL","@id":"https:\/\/www.polonia.travel\/pt\/viagens-organizadas-a-polonia\/#primaryimage","url":"https:\/\/www.polonia.travel\/pt\/wp-content\/uploads\/sites\/19\/2024\/03\/krakow_wawel_wisla_1170x300.jpg","contentUrl":"https:\/\/www.polonia.travel\/pt\/wp-content\/uploads\/sites\/19\/2024\/03\/krakow_wawel_wisla_1170x300.jpg","width":1170,"height":300},{"@type":"BreadcrumbList","@id":"https:\/\/www.polonia.travel\/pt\/viagens-organizadas-a-polonia\/#breadcrumb","itemListElement":[{"@type":"ListItem","position":1,"name":"Home page","item":"https:\/\/www.polonia.travel\/pt\/"},{"@type":"ListItem","position":2,"name":"Inspira\u00e7\u00f5es de viagem","item":"https:\/\/wp-pt.poland.travel\/category\/inspiracoes-de-viagem\/"},{"@type":"ListItem","position":3,"name":"Not\u00edcias","item":"https:\/\/wp-pt.poland.travel\/category\/inspiracoes-de-viagem\/noticias\/"},{"@type":"ListItem","position":4,"name":"VIAGENS ORGANIZADAS \u00c0 POL\u00d3NIA"}]},{"@type":"WebSite","@id":"https:\/\/wp-pt.poland.travel\/#website","url":"https:\/\/wp-pt.poland.travel\/","name":"Polonia Travel (PT)","description":"...","publisher":{"@id":"https:\/\/wp-pt.poland.travel\/#organization"},"potentialAction":[{"@type":"SearchAction","target":{"@type":"EntryPoint","urlTemplate":"https:\/\/wp-pt.poland.travel\/?s={search_term_string}"},"query-input":{"@type":"PropertyValueSpecification","valueRequired":true,"valueName":"search_term_string"}}],"inLanguage":"pl-PL"},{"@type":"Organization","@id":"https:\/\/wp-pt.poland.travel\/#organization","name":"Polonia Travel (PT)","url":"https:\/\/wp-pt.poland.travel\/","logo":{"@type":"ImageObject","inLanguage":"pl-PL","@id":"https:\/\/wp-pt.poland.travel\/#\/schema\/logo\/image\/","url":"https:\/\/en-en.polska.travel\/wp-content\/uploads\/sites\/19\/2022\/11\/logo.svg","contentUrl":"https:\/\/en-en.polska.travel\/wp-content\/uploads\/sites\/19\/2022\/11\/logo.svg","width":198,"height":96,"caption":"Polonia Travel (PT)"},"image":{"@id":"https:\/\/wp-pt.poland.travel\/#\/schema\/logo\/image\/"}},{"@type":"Person","@id":"https:\/\/wp-pt.poland.travel\/#\/schema\/person\/a7e7220cbf656ec08ed713e97c7c1c85","name":"paulinaskoczen","image":{"@type":"ImageObject","inLanguage":"pl-PL","@id":"https:\/\/secure.gravatar.com\/avatar\/0e1d86345b101a3a9405065a92e055ee3c308177859477bf8efeee50099c0d45?s=96&d=mm&r=g","url":"https:\/\/secure.gravatar.com\/avatar\/0e1d86345b101a3a9405065a92e055ee3c308177859477bf8efeee50099c0d45?s=96&d=mm&r=g","contentUrl":"https:\/\/secure.gravatar.com\/avatar\/0e1d86345b101a3a9405065a92e055ee3c308177859477bf8efeee50099c0d45?s=96&d=mm&r=g","caption":"paulinaskoczen"},"url":"https:\/\/www.polonia.travel\/pt\/author\/paulinaskoczen\/"}]}},"_links":{"self":[{"href":"https:\/\/www.polonia.travel\/pt\/wp-json\/wp\/v2\/posts\/32074","targetHints":{"allow":["GET"]}}],"collection":[{"href":"https:\/\/www.polonia.travel\/pt\/wp-json\/wp\/v2\/posts"}],"about":[{"href":"https:\/\/www.polonia.travel\/pt\/wp-json\/wp\/v2\/types\/post"}],"author":[{"embeddable":true,"href":"https:\/\/www.polonia.travel\/pt\/wp-json\/wp\/v2\/users\/4"}],"replies":[{"embeddable":true,"href":"https:\/\/www.polonia.travel\/pt\/wp-json\/wp\/v2\/comments?post=32074"}],"version-history":[{"count":6,"href":"https:\/\/www.polonia.travel\/pt\/wp-json\/wp\/v2\/posts\/32074\/revisions"}],"predecessor-version":[{"id":32941,"href":"https:\/\/www.polonia.travel\/pt\/wp-json\/wp\/v2\/posts\/32074\/revisions\/32941"}],"wp:featuredmedia":[{"embeddable":true,"href":"https:\/\/www.polonia.travel\/pt\/wp-json\/wp\/v2\/media\/30906"}],"wp:attachment":[{"href":"https:\/\/www.polonia.travel\/pt\/wp-json\/wp\/v2\/media?parent=32074"}],"wp:term":[{"taxonomy":"category","embeddable":true,"href":"https:\/\/www.polonia.travel\/pt\/wp-json\/wp\/v2\/categories?post=32074"}],"curies":[{"name":"wp","href":"https:\/\/api.w.org\/{rel}","templated":true}]}}