{"id":31832,"date":"2024-05-13T11:13:09","date_gmt":"2024-05-13T09:13:09","guid":{"rendered":"https:\/\/www.polonia.travel\/pt\/?p=31832"},"modified":"2024-05-13T11:13:10","modified_gmt":"2024-05-13T09:13:10","slug":"tarnow","status":"publish","type":"post","link":"https:\/\/www.polonia.travel\/pt\/tarnow\/","title":{"rendered":"Tarn\u00f3w"},"content":{"rendered":"\n<div class=\"wp-block-group is-style-container\"><div class=\"wp-block-group__inner-container is-layout-constrained wp-block-group-is-layout-constrained\">\n<!-- empty -->\n\n\n<div class=\"metrics\">\n  <div class=\"metrics__text\">\n    <h1 class=\"is-style-heading-38 mb20 large-mb30\">Tarn\u00f3w<\/h1>\n    <p><strong>A zona antiga hist\u00f3rica de Crac\u00f3via fica situada a 90 km de dist\u00e2ncia de Tarn\u00f3w. De facto, a cidade \u00e9 um dos mais belos exemplos da arquitetura renascentista na Pol\u00f3nia e, visitando Tarn\u00f3w, vale a pena dedicar tempo a esta\u00a0rota renascentista.<\/strong><\/p>\n  <\/div>\n  <div class=\"metrics__sidebar\">\n    <div class=\"metrics-box\">\n              <div class=\"metrics-box__title\">Informa\u00e7\u00e3o b\u00e1sica<\/div>\n        <div class=\"metrics-box__values\">\n                                        <div class=\"metrics-box__item\">\n      <div class=\"metrics-box__label\">Superf\u00edcie: <\/div>\n      <div class=\"metrics-box__value\">72,38 km\u00b2 <\/div>\n    <\/div>\n                                <div class=\"metrics-box__item\">\n      <div class=\"metrics-box__label\">Popula\u00e7\u00e3o:<\/div>\n      <div class=\"metrics-box__value\">105 922 (2021)<\/div>\n    <\/div>\n                                <\/div>\n                    <div class=\"metrics-box__links\">\n                      <a href=\"https:\/\/tarnow.pl\/\" class=\"metrics-box__link external\"\n                                  target=\"_blank\" rel=\"nofollow noopener noreferrer\"\n                            >www<\/a>\n                  <\/div>\n          <\/div>\n  <\/div>\n<\/div>\n<\/div><\/div>\n\n\n\n<p><\/p>\n\n\n\n<div class=\"wp-block-group is-style-container-medium\"><div class=\"wp-block-group__inner-container is-layout-constrained wp-block-group-is-layout-constrained\">\n<p>Al\u00e9m disso, a visita ao bairro judeu\u00a0ou \u00e0 rota da t\u00e9cnica\u00a0(seguindo as pegadas do Edison polaco) ir\u00e3o completar a vis\u00e3o de uma cidade considerada como o &#8222;polo de calor&#8221; do pa\u00eds. O que nos levar\u00e1 a ter em conta uma visita a algum dos\u00a0vinhedos\u00a0dos arredores ou, a acudir ao inicio de novembro, \u00e0 pra\u00e7a principal de Tarn\u00f3w e a degustar a sele\u00e7\u00e3o regional de vinhos novos.<\/p>\n<\/div><\/div>\n\n\n\n<div style=\"height:100px\" aria-hidden=\"true\" class=\"wp-block-spacer is-style-spacer-small\"><\/div>\n\n\n\n<div class=\"wp-block-group is-style-container\"><div class=\"wp-block-group__inner-container is-layout-constrained wp-block-group-is-layout-constrained\">  <div class=\"gallery-tiles gallery-tiles--rows-2-3 lightgallery\">\r\n          <a href=\"https:\/\/www.polonia.travel\/pt\/wp-content\/uploads\/sites\/19\/2022\/12\/tarnow_ratusz_1170.jpg\" class=\"gallery-tiles__item\" data-src=\"https:\/\/www.polonia.travel\/pt\/wp-content\/uploads\/sites\/19\/2022\/12\/tarnow_ratusz_1170.jpg\"\r\n        aria-label=\"Otw\u00f3rz powi\u0119kszone zdj\u0119cie: tarnow_ratusz_1170\">\r\n        <img loading=\"lazy\" decoding=\"async\" width=\"1170\" height=\"780\" src=\"https:\/\/www.polonia.travel\/pt\/wp-content\/uploads\/sites\/19\/2022\/12\/tarnow_ratusz_1170.jpg\" class=\"gallery-tiles__thumb\" alt=\"\" srcset=\"https:\/\/www.polonia.travel\/pt\/wp-content\/uploads\/sites\/19\/2022\/12\/tarnow_ratusz_1170.jpg 1170w, https:\/\/www.polonia.travel\/pt\/wp-content\/uploads\/sites\/19\/2022\/12\/tarnow_ratusz_1170-600x400.jpg 600w, https:\/\/www.polonia.travel\/pt\/wp-content\/uploads\/sites\/19\/2022\/12\/tarnow_ratusz_1170-768x512.jpg 768w\" sizes=\"auto, (max-width: 1170px) 100vw, 1170px\" \/>      <\/a>\r\n          <a href=\"https:\/\/www.polonia.travel\/pt\/wp-content\/uploads\/sites\/19\/2022\/12\/tarnow_muzeum_rtnograficzne_1170.jpg\" class=\"gallery-tiles__item\" data-src=\"https:\/\/www.polonia.travel\/pt\/wp-content\/uploads\/sites\/19\/2022\/12\/tarnow_muzeum_rtnograficzne_1170.jpg\"\r\n        aria-label=\"Otw\u00f3rz powi\u0119kszone zdj\u0119cie: tarnow_muzeum_rtnograficzne_1170\">\r\n        <img loading=\"lazy\" decoding=\"async\" width=\"1170\" height=\"780\" src=\"https:\/\/www.polonia.travel\/pt\/wp-content\/uploads\/sites\/19\/2022\/12\/tarnow_muzeum_rtnograficzne_1170.jpg\" class=\"gallery-tiles__thumb\" alt=\"\" srcset=\"https:\/\/www.polonia.travel\/pt\/wp-content\/uploads\/sites\/19\/2022\/12\/tarnow_muzeum_rtnograficzne_1170.jpg 1170w, https:\/\/www.polonia.travel\/pt\/wp-content\/uploads\/sites\/19\/2022\/12\/tarnow_muzeum_rtnograficzne_1170-600x400.jpg 600w, https:\/\/www.polonia.travel\/pt\/wp-content\/uploads\/sites\/19\/2022\/12\/tarnow_muzeum_rtnograficzne_1170-768x512.jpg 768w\" sizes=\"auto, (max-width: 1170px) 100vw, 1170px\" \/>      <\/a>\r\n          <a href=\"https:\/\/www.polonia.travel\/pt\/wp-content\/uploads\/sites\/19\/2022\/12\/enotarnowskie_3_1170.jpg\" class=\"gallery-tiles__item\" data-src=\"https:\/\/www.polonia.travel\/pt\/wp-content\/uploads\/sites\/19\/2022\/12\/enotarnowskie_3_1170.jpg\"\r\n        aria-label=\"Otw\u00f3rz powi\u0119kszone zdj\u0119cie: enotarnowskie_3_1170\">\r\n        <img loading=\"lazy\" decoding=\"async\" width=\"1200\" height=\"800\" src=\"https:\/\/www.polonia.travel\/pt\/wp-content\/uploads\/sites\/19\/2022\/12\/enotarnowskie_3_1170-1200x800.jpg\" class=\"gallery-tiles__thumb\" alt=\"\" srcset=\"https:\/\/www.polonia.travel\/pt\/wp-content\/uploads\/sites\/19\/2022\/12\/enotarnowskie_3_1170-1200x800.jpg 1200w, https:\/\/www.polonia.travel\/pt\/wp-content\/uploads\/sites\/19\/2022\/12\/enotarnowskie_3_1170-600x400.jpg 600w, https:\/\/www.polonia.travel\/pt\/wp-content\/uploads\/sites\/19\/2022\/12\/enotarnowskie_3_1170-768x512.jpg 768w, https:\/\/www.polonia.travel\/pt\/wp-content\/uploads\/sites\/19\/2022\/12\/enotarnowskie_3_1170.jpg 1536w\" sizes=\"auto, (max-width: 1200px) 100vw, 1200px\" \/>      <\/a>\r\n          <a href=\"https:\/\/www.polonia.travel\/pt\/wp-content\/uploads\/sites\/19\/2023\/02\/tarnow_rynek_1170-e1676559935860.jpg\" class=\"gallery-tiles__item\" data-src=\"https:\/\/www.polonia.travel\/pt\/wp-content\/uploads\/sites\/19\/2023\/02\/tarnow_rynek_1170-e1676559935860.jpg\"\r\n        aria-label=\"Otw\u00f3rz powi\u0119kszone zdj\u0119cie: Tarn\u00f3w rynek\">\r\n        <img loading=\"lazy\" decoding=\"async\" width=\"1170\" height=\"675\" src=\"https:\/\/www.polonia.travel\/pt\/wp-content\/uploads\/sites\/19\/2023\/02\/tarnow_rynek_1170-e1676559935860.jpg\" class=\"gallery-tiles__thumb\" alt=\"\" srcset=\"https:\/\/www.polonia.travel\/pt\/wp-content\/uploads\/sites\/19\/2023\/02\/tarnow_rynek_1170-e1676559935860.jpg 1170w, https:\/\/www.polonia.travel\/pt\/wp-content\/uploads\/sites\/19\/2023\/02\/tarnow_rynek_1170-e1676559935860-600x346.jpg 600w, https:\/\/www.polonia.travel\/pt\/wp-content\/uploads\/sites\/19\/2023\/02\/tarnow_rynek_1170-e1676559935860-768x443.jpg 768w\" sizes=\"auto, (max-width: 1170px) 100vw, 1170px\" \/>      <\/a>\r\n          <a href=\"https:\/\/www.polonia.travel\/pt\/wp-content\/uploads\/sites\/19\/2022\/12\/kopalnia_srebra_tarnowskie_gory_5_1170.jpg\" class=\"gallery-tiles__item\" data-src=\"https:\/\/www.polonia.travel\/pt\/wp-content\/uploads\/sites\/19\/2022\/12\/kopalnia_srebra_tarnowskie_gory_5_1170.jpg\"\r\n        aria-label=\"Otw\u00f3rz powi\u0119kszone zdj\u0119cie: kopalnia_srebra_tarnowskie_gory_5_1170\">\r\n        <img loading=\"lazy\" decoding=\"async\" width=\"1170\" height=\"780\" src=\"https:\/\/www.polonia.travel\/pt\/wp-content\/uploads\/sites\/19\/2022\/12\/kopalnia_srebra_tarnowskie_gory_5_1170.jpg\" class=\"gallery-tiles__thumb\" alt=\"\" srcset=\"https:\/\/www.polonia.travel\/pt\/wp-content\/uploads\/sites\/19\/2022\/12\/kopalnia_srebra_tarnowskie_gory_5_1170.jpg 1170w, https:\/\/www.polonia.travel\/pt\/wp-content\/uploads\/sites\/19\/2022\/12\/kopalnia_srebra_tarnowskie_gory_5_1170-600x400.jpg 600w, https:\/\/www.polonia.travel\/pt\/wp-content\/uploads\/sites\/19\/2022\/12\/kopalnia_srebra_tarnowskie_gory_5_1170-768x512.jpg 768w\" sizes=\"auto, (max-width: 1170px) 100vw, 1170px\" \/>      <\/a>\r\n      <\/div>\r\n<\/div><\/div>\n\n\n\n<div style=\"height:100px\" aria-hidden=\"true\" class=\"wp-block-spacer is-style-spacer-small\"><\/div>\n\n\n\n<div class=\"wp-block-group is-style-container-medium\"><div class=\"wp-block-group__inner-container is-layout-constrained wp-block-group-is-layout-constrained\">\n<p>Desde Tarn\u00f3w \u00e9 poss\u00edvel visitar alguns exemplos da rica arquitetura de madeira da regi\u00e3o como\u00a0a igreja de Binarowa, Patrim\u00f3nio da Humanidade, \u00a0que se encontra a 45 km. A 30 km, a pequena localidade de Zalipie\u00a0 merece tamb\u00e9m uma paragem: as casas de madeira est\u00e3o decoradas por dentro e por fora com os t\u00edpicos e tradicionais s\u00edmbolos folcl\u00f3ricos.<\/p>\n<\/div><\/div>\n\n\n\n<div class=\"wp-block-group has-background\" style=\"background-color:#eeeeee\"><div class=\"wp-block-group__inner-container is-layout-constrained wp-block-group-is-layout-constrained\">\n<div style=\"height:100px\" aria-hidden=\"true\" class=\"wp-block-spacer is-style-spacer-small\"><\/div>\n\n\n\n<div class=\"wp-block-group is-style-container\"><div class=\"wp-block-group__inner-container is-layout-constrained wp-block-group-is-layout-constrained\">\n<h3 class=\"wp-block-heading\"><strong>L\u00ea mais art\u00edculos<\/strong><\/h3>\n\n\n<div class=\"overflow\">\n  <div class=\"post-slider swiper post-slider--small\" data-schema=\"small\">\n\n    <div class=\"swiper-wrapper\">\n              <div class=\"swiper-slide post-slide\">\n                      <a href=\"https:\/\/www.polonia.travel\/pt\/parque-nacional-wigierski\/\" class=\"post-box post-box--small\" style=\" background-image: url(https:\/\/www.polonia.travel\/pt\/wp-content\/uploads\/sites\/19\/2023\/02\/perkoz_Wigry_wigierski-PN-600x400.jpeg);\">\n          <div class=\"post-box__hover\" style=\"background-image: url(https:\/\/www.polonia.travel\/pt\/wp-content\/uploads\/sites\/19\/2022\/12\/jezioro_wigry_540.jpg);\"><\/div>\n        <div class=\"post-box__info\">\n            <div class=\"post-box__title\">Parque Nacional Wigierski<\/div>\n      <div class=\"post-box__more\">Ver mais<\/div>\n    <\/div>\n  <\/a>\n\n          <\/div>\n              <div class=\"swiper-slide post-slide\">\n                      <a href=\"https:\/\/www.polonia.travel\/pt\/parque-nacional-do-biebrza\/\" class=\"post-box post-box--small\" style=\" background-image: url(https:\/\/www.polonia.travel\/pt\/wp-content\/uploads\/sites\/19\/2024\/04\/nad_biebrza_1170-600x400.jpg);\">\n          <div class=\"post-box__hover\" style=\"background-image: url(https:\/\/www.polonia.travel\/pt\/wp-content\/uploads\/sites\/19\/2022\/12\/biebrzanski_pn_tratwa_1170-600x400.jpg);\"><\/div>\n        <div class=\"post-box__info\">\n            <div class=\"post-box__title\">Parque Nacional do Biebrza<\/div>\n      <div class=\"post-box__more\">Ver mais<\/div>\n    <\/div>\n  <\/a>\n\n          <\/div>\n              <div class=\"swiper-slide post-slide\">\n                      <a href=\"https:\/\/www.polonia.travel\/pt\/parque-nacional-de-narew\/\" class=\"post-box post-box--small\" style=\" background-image: url(https:\/\/www.polonia.travel\/pt\/wp-content\/uploads\/sites\/19\/2023\/07\/narwianski_pn_kladka_1170-600x400.jpg);\">\n          <div class=\"post-box__hover\" style=\"background-image: url(https:\/\/www.polonia.travel\/pt\/wp-content\/uploads\/sites\/19\/2023\/07\/narwianski_park_narodowy_1170-600x400.jpg);\"><\/div>\n        <div class=\"post-box__info\">\n            <div class=\"post-box__title\">Parque Nacional de Narew<\/div>\n      <div class=\"post-box__more\">Ver mais<\/div>\n    <\/div>\n  <\/a>\n\n          <\/div>\n              <div class=\"swiper-slide post-slide\">\n                      <a href=\"https:\/\/www.polonia.travel\/pt\/parque-nacional-de-bialowieza\/\" class=\"post-box post-box--small\" style=\" background-image: url(https:\/\/www.polonia.travel\/pt\/wp-content\/uploads\/sites\/19\/2023\/07\/bialowieza-zubry-1-600x400.jpg);\">\n          <div class=\"post-box__hover\" style=\"background-image: url(https:\/\/www.polonia.travel\/pt\/wp-content\/uploads\/sites\/19\/2022\/12\/zubr_w_puszczy_bialowieskiej_1170-600x400.jpeg);\"><\/div>\n        <div class=\"post-box__info\">\n            <div class=\"post-box__title\">Parque Nacional de Bia\u0142owie\u017ca<\/div>\n      <div class=\"post-box__more\">Ver mais<\/div>\n    <\/div>\n  <\/a>\n\n          <\/div>\n              <div class=\"swiper-slide post-slide\">\n                      <a href=\"https:\/\/www.polonia.travel\/pt\/parque-nacional-dos-kampinos\/\" class=\"post-box post-box--small\" style=\" background-image: url(https:\/\/www.polonia.travel\/pt\/wp-content\/uploads\/sites\/19\/2023\/07\/0215_KAMPINOS_TG_HR-1-600x400.jpg);\">\n          <div class=\"post-box__hover\" style=\"background-image: url(https:\/\/www.polonia.travel\/pt\/wp-content\/uploads\/sites\/19\/2023\/03\/Kampinoski-600x422.jpg);\"><\/div>\n        <div class=\"post-box__info\">\n            <div class=\"post-box__title\">Parque Nacional dos Kampinos<\/div>\n      <div class=\"post-box__more\">Ver mais<\/div>\n    <\/div>\n  <\/a>\n\n          <\/div>\n              <div class=\"swiper-slide post-slide\">\n                      <a href=\"https:\/\/www.polonia.travel\/pt\/parque-nacional-swietokrzyski\/\" class=\"post-box post-box--small\" style=\" background-image: url(https:\/\/www.polonia.travel\/pt\/wp-content\/uploads\/sites\/19\/2023\/02\/13_Gory-Swietokrzyskie-i-Swiety-Krzyz-szklany-dom-Zeromskiego_MC_P-600x400.jpg);\">\n          <div class=\"post-box__hover\" style=\"background-image: url(https:\/\/www.polonia.travel\/pt\/wp-content\/uploads\/sites\/19\/2023\/02\/36_Gory-Swietokrzyskie_MC_P-600x400.jpg);\"><\/div>\n        <div class=\"post-box__info\">\n            <div class=\"post-box__title\">Parque Nacional \u015awi\u0119tokrzyski<\/div>\n      <div class=\"post-box__more\">Ver mais<\/div>\n    <\/div>\n  <\/a>\n\n          <\/div>\n              <div class=\"swiper-slide post-slide\">\n                      <a href=\"https:\/\/www.polonia.travel\/pt\/parque-nacional-de-polesie\/\" class=\"post-box post-box--small\" style=\" background-image: url(https:\/\/www.polonia.travel\/pt\/wp-content\/uploads\/sites\/19\/2023\/02\/poleski-PN3-600x401.jpeg);\">\n          <div class=\"post-box__hover\" style=\"background-image: url(https:\/\/www.polonia.travel\/pt\/wp-content\/uploads\/sites\/19\/2023\/02\/Poleski-Park-Narodowy2-600x450.jpg);\"><\/div>\n        <div class=\"post-box__info\">\n            <div class=\"post-box__title\">Parque Nacional de Polesie<\/div>\n      <div class=\"post-box__more\">Ver mais<\/div>\n    <\/div>\n  <\/a>\n\n          <\/div>\n              <div class=\"swiper-slide post-slide\">\n                      <a href=\"https:\/\/www.polonia.travel\/pt\/parque-nacional-de-roztocze\/\" class=\"post-box post-box--small\" style=\" background-image: url(https:\/\/www.polonia.travel\/pt\/wp-content\/uploads\/sites\/19\/2023\/02\/Roztoczanski-PN_stawy-echo-600x400.jpg);\">\n          <div class=\"post-box__hover\" style=\"background-image: url(https:\/\/www.polonia.travel\/pt\/wp-content\/uploads\/sites\/19\/2023\/02\/Roztoczanski-PN1200-600x600.jpg);\"><\/div>\n        <div class=\"post-box__info\">\n            <div class=\"post-box__title\">Parque Nacional de Roztocze<\/div>\n      <div class=\"post-box__more\">Ver mais<\/div>\n    <\/div>\n  <\/a>\n\n          <\/div>\n              <div class=\"swiper-slide post-slide\">\n                      <a href=\"https:\/\/www.polonia.travel\/pt\/parque-nacional-de-bieszczady\/\" class=\"post-box post-box--small\" style=\" background-image: url(https:\/\/www.polonia.travel\/pt\/wp-content\/uploads\/sites\/19\/2022\/12\/BIESZCZADY_05-600x422.jpg);\">\n          <div class=\"post-box__hover\" style=\"background-image: url(https:\/\/www.polonia.travel\/pt\/wp-content\/uploads\/sites\/19\/2023\/07\/bieszczady_szlak_1170-600x400.jpg);\"><\/div>\n        <div class=\"post-box__info\">\n            <div class=\"post-box__title\">Parque Nacional de Bieszczady<\/div>\n      <div class=\"post-box__more\">Ver mais<\/div>\n    <\/div>\n  <\/a>\n\n          <\/div>\n              <div class=\"swiper-slide post-slide\">\n                      <a href=\"https:\/\/www.polonia.travel\/pt\/parque-nacional-de-magura\/\" class=\"post-box post-box--small\" style=\" background-image: url(https:\/\/www.polonia.travel\/pt\/wp-content\/uploads\/sites\/19\/2023\/03\/Magurski_Park_Narodowy-600x400.jpg);\">\n          <div class=\"post-box__hover\" style=\"background-image: url(https:\/\/www.polonia.travel\/pt\/wp-content\/uploads\/sites\/19\/2022\/12\/magurski_pn_540.jpg);\"><\/div>\n        <div class=\"post-box__info\">\n            <div class=\"post-box__title\">Parque Nacional de Magura<\/div>\n      <div class=\"post-box__more\">Ver mais<\/div>\n    <\/div>\n  <\/a>\n\n          <\/div>\n              <div class=\"swiper-slide post-slide\">\n                      <a href=\"https:\/\/www.polonia.travel\/pt\/parque-nacional-dos-gorce\/\" class=\"post-box post-box--small\" style=\" background-image: url(https:\/\/www.polonia.travel\/pt\/wp-content\/uploads\/sites\/19\/2023\/02\/Gorce-600x397.jpeg);\">\n          <div class=\"post-box__hover\" style=\"background-image: url(https:\/\/www.polonia.travel\/pt\/wp-content\/uploads\/sites\/19\/2023\/02\/Gorce-04142018_0W1A1842-600x400.jpg);\"><\/div>\n        <div class=\"post-box__info\">\n            <div class=\"post-box__title\">Parque Nacional dos Gorce<\/div>\n      <div class=\"post-box__more\">Ver mais<\/div>\n    <\/div>\n  <\/a>\n\n          <\/div>\n              <div class=\"swiper-slide post-slide\">\n                      <a href=\"https:\/\/www.polonia.travel\/pt\/parque-nacional-dos-pienines\/\" class=\"post-box post-box--small\" style=\" background-image: url(https:\/\/www.polonia.travel\/pt\/wp-content\/uploads\/sites\/19\/2024\/04\/PIENINY20TRATWY_3602082020x20365-600x267.jpg);\">\n          <div class=\"post-box__hover\" style=\"background-image: url(https:\/\/www.polonia.travel\/pt\/wp-content\/uploads\/sites\/19\/2023\/07\/pieniny-pine-540-2.jpg);\"><\/div>\n        <div class=\"post-box__info\">\n            <div class=\"post-box__title\">Parque Nacional dos Pienines<\/div>\n      <div class=\"post-box__more\">Ver mais<\/div>\n    <\/div>\n  <\/a>\n\n          <\/div>\n              <div class=\"swiper-slide post-slide\">\n                      <a href=\"https:\/\/www.polonia.travel\/pt\/parque-nacional-dos-tatra\/\" class=\"post-box post-box--small\" style=\" background-image: url(https:\/\/www.polonia.travel\/pt\/wp-content\/uploads\/sites\/19\/2023\/09\/179383441_Tatry_jesien_Adobe-Custom-600x349.jpg);\">\n          <div class=\"post-box__hover\" style=\"background-image: url(https:\/\/www.polonia.travel\/pt\/wp-content\/uploads\/sites\/19\/2023\/07\/tatry-540-7.jpg);\"><\/div>\n        <div class=\"post-box__info\">\n            <div class=\"post-box__title\">Parque Nacional dos Tatra<\/div>\n      <div class=\"post-box__more\">Ver mais<\/div>\n    <\/div>\n  <\/a>\n\n          <\/div>\n              <div class=\"swiper-slide post-slide\">\n                      <a href=\"https:\/\/www.polonia.travel\/pt\/parque-nacional-de-babia-gora\/\" class=\"post-box post-box--small\" style=\" background-image: url(https:\/\/www.polonia.travel\/pt\/wp-content\/uploads\/sites\/19\/2023\/02\/Babia-Gora-National-Park-photo-Marcin-Trybala-600x400.jpg);\">\n          <div class=\"post-box__hover\" style=\"background-image: url(https:\/\/www.polonia.travel\/pt\/wp-content\/uploads\/sites\/19\/2022\/12\/babia_gora_1170-600x400.jpg);\"><\/div>\n        <div class=\"post-box__info\">\n            <div class=\"post-box__title\">Parque Nacional de Babia G\u00f3ra<\/div>\n      <div class=\"post-box__more\">Ver mais<\/div>\n    <\/div>\n  <\/a>\n\n          <\/div>\n              <div class=\"swiper-slide post-slide\">\n                      <a href=\"https:\/\/www.polonia.travel\/pt\/parque-nacional-ojcowski-e-dos-castelos\/\" class=\"post-box post-box--small\" style=\" background-image: url(https:\/\/www.polonia.travel\/pt\/wp-content\/uploads\/sites\/19\/2023\/02\/Ojcowski_PN_1170-600x397.jpg);\">\n          <div class=\"post-box__hover\" style=\"background-image: url(https:\/\/www.polonia.travel\/pt\/wp-content\/uploads\/sites\/19\/2023\/02\/255_Ojcowski-Park-Narodowy-i-Zamek-w-Pieskowej-Skale_MC_P-400x600.jpg);\"><\/div>\n        <div class=\"post-box__info\">\n            <div class=\"post-box__title\">Parque Nacional Ojcowski (e dos castelos)<\/div>\n      <div class=\"post-box__more\">Ver mais<\/div>\n    <\/div>\n  <\/a>\n\n          <\/div>\n              <div class=\"swiper-slide post-slide\">\n                      <a href=\"https:\/\/www.polonia.travel\/pt\/parque-nacional-de-los-montes-stolowe\/\" class=\"post-box post-box--small\" style=\" background-image: url(https:\/\/www.polonia.travel\/pt\/wp-content\/uploads\/sites\/19\/2023\/02\/Szczeliniec-Wielki_Stolowe-gory-600x388.jpeg);\">\n          <div class=\"post-box__hover\" style=\"background-image: url(https:\/\/www.polonia.travel\/pt\/wp-content\/uploads\/sites\/19\/2023\/02\/2310_Gory-Stolowe_MC_P-600x400.jpg);\"><\/div>\n        <div class=\"post-box__info\">\n            <div class=\"post-box__title\">Parque Nacional de los Montes Sto\u0142owe<\/div>\n      <div class=\"post-box__more\">Ver mais<\/div>\n    <\/div>\n  <\/a>\n\n          <\/div>\n              <div class=\"swiper-slide post-slide\">\n                      <a href=\"https:\/\/www.polonia.travel\/pt\/parque-nacional-de-los-karkonosze\/\" class=\"post-box post-box--small\" style=\" background-image: url(https:\/\/www.polonia.travel\/pt\/wp-content\/uploads\/sites\/19\/2024\/04\/sniezka_1170-600x400.jpg);\">\n          <div class=\"post-box__hover\" style=\"background-image: url(https:\/\/www.polonia.travel\/pt\/wp-content\/uploads\/sites\/19\/2022\/12\/karkonoski_pn_sniezka_1170-600x400.jpg);\"><\/div>\n        <div class=\"post-box__info\">\n            <div class=\"post-box__title\">Parque Nacional de los Karkonosze<\/div>\n      <div class=\"post-box__more\">Ver mais<\/div>\n    <\/div>\n  <\/a>\n\n          <\/div>\n              <div class=\"swiper-slide post-slide\">\n                      <a href=\"https:\/\/www.polonia.travel\/pt\/parque-nacional-wielkopolski\/\" class=\"post-box post-box--small\" style=\" background-image: url(https:\/\/www.polonia.travel\/pt\/wp-content\/uploads\/sites\/19\/2022\/12\/WielkopolskiPN_ok-1-600x400.jpg);\">\n          <div class=\"post-box__hover\" style=\"background-image: url(https:\/\/www.polonia.travel\/pt\/wp-content\/uploads\/sites\/19\/2022\/12\/wielkopolski_pn_jez_goreckie_1170x300-600x154.jpg);\"><\/div>\n        <div class=\"post-box__info\">\n            <div class=\"post-box__title\">Parque Nacional Wielkopolski<\/div>\n      <div class=\"post-box__more\">Ver mais<\/div>\n    <\/div>\n  <\/a>\n\n          <\/div>\n              <div class=\"swiper-slide post-slide\">\n                      <a href=\"https:\/\/www.polonia.travel\/pt\/parque-nacional-%c2%a8desembocadura-del-warta%c2%a8\/\" class=\"post-box post-box--small\" style=\" background-image: url(https:\/\/www.polonia.travel\/pt\/wp-content\/uploads\/sites\/19\/2022\/12\/PN_ujscie_warty_1170-3-600x400.jpg);\">\n          <div class=\"post-box__hover\" style=\"background-image: url(https:\/\/www.polonia.travel\/pt\/wp-content\/uploads\/sites\/19\/2023\/02\/AdobeStock_504903578_Ujscie-Warty-600x400.jpeg);\"><\/div>\n        <div class=\"post-box__info\">\n            <div class=\"post-box__title\">Parque Nacional \u00a8Desembocadura del Warta\u00a8<\/div>\n      <div class=\"post-box__more\">Ver mais<\/div>\n    <\/div>\n  <\/a>\n\n          <\/div>\n              <div class=\"swiper-slide post-slide\">\n                      <a href=\"https:\/\/www.polonia.travel\/pt\/parque-nacional-drawienski\/\" class=\"post-box post-box--small\" style=\" background-image: url(https:\/\/www.polonia.travel\/pt\/wp-content\/uploads\/sites\/19\/2023\/02\/Drawienski-PN-6-600x400.jpg);\">\n          <div class=\"post-box__hover\" style=\"background-image: url(https:\/\/www.polonia.travel\/pt\/wp-content\/uploads\/sites\/19\/2023\/02\/Drawienski-PN-4-600x399.jpg);\"><\/div>\n        <div class=\"post-box__info\">\n            <div class=\"post-box__title\">Parque Nacional Drawie\u0144ski<\/div>\n      <div class=\"post-box__more\">Ver mais<\/div>\n    <\/div>\n  <\/a>\n\n          <\/div>\n              <div class=\"swiper-slide post-slide\">\n                      <a href=\"https:\/\/www.polonia.travel\/pt\/parque-nacional-de-wolin\/\" class=\"post-box post-box--small\" style=\" background-image: url(https:\/\/www.polonia.travel\/pt\/wp-content\/uploads\/sites\/19\/2023\/02\/Wolinski_Park-600x450.jpeg);\">\n          <div class=\"post-box__hover\" style=\"background-image: url(https:\/\/www.polonia.travel\/pt\/wp-content\/uploads\/sites\/19\/2023\/02\/1537_HROT-EUROVELO13-Wolinski-HRN_HR-600x400.jpg);\"><\/div>\n        <div class=\"post-box__info\">\n            <div class=\"post-box__title\">Parque Nacional de Wolin<\/div>\n      <div class=\"post-box__more\">Ver mais<\/div>\n    <\/div>\n  <\/a>\n\n          <\/div>\n              <div class=\"swiper-slide post-slide\">\n                      <a href=\"https:\/\/www.polonia.travel\/pt\/parque-nacional-de-los-bosques-de-tuchola\/\" class=\"post-box post-box--small\" style=\" background-image: url(https:\/\/www.polonia.travel\/pt\/wp-content\/uploads\/sites\/19\/2023\/02\/23_Fotolia_EDEN_Bory-Tucholskie-PN_P-600x390.jpg);\">\n          <div class=\"post-box__hover\" style=\"background-image: url(https:\/\/www.polonia.travel\/pt\/wp-content\/uploads\/sites\/19\/2023\/02\/9_Fotolia_EDEN_Bory-Tucholskie_HR-600x400.jpg);\"><\/div>\n        <div class=\"post-box__info\">\n            <div class=\"post-box__title\">Parque Nacional de los Bosques de Tuchola<\/div>\n      <div class=\"post-box__more\">Ver mais<\/div>\n    <\/div>\n  <\/a>\n\n          <\/div>\n              <div class=\"swiper-slide post-slide\">\n                      <a href=\"https:\/\/www.polonia.travel\/pt\/parque-nacional-slowinski\/\" class=\"post-box post-box--small\" style=\" background-image: url(https:\/\/www.polonia.travel\/pt\/wp-content\/uploads\/sites\/19\/2023\/07\/slowinski_park_narodowy_rower_1170-600x400.jpg);\">\n          <div class=\"post-box__hover\" style=\"background-image: url(https:\/\/www.polonia.travel\/pt\/wp-content\/uploads\/sites\/19\/2023\/03\/243363977_Slowinski_Park_Narodowy_Adobe-xl-600x398.jpg);\"><\/div>\n        <div class=\"post-box__info\">\n            <div class=\"post-box__title\">Parque Nacional S\u0142owi\u0144ski<\/div>\n      <div class=\"post-box__more\">Ver mais<\/div>\n    <\/div>\n  <\/a>\n\n          <\/div>\n              <div class=\"swiper-slide post-slide\">\n                      <a href=\"https:\/\/www.polonia.travel\/pt\/faiais-primarios-dos-carpatos-e-outras-regioes-da-europa\/\" class=\"post-box post-box--small\" style=\" background-image: url(https:\/\/www.polonia.travel\/pt\/wp-content\/uploads\/sites\/19\/2025\/03\/64549064_las_bukowy_wiosna.jpg);\">\n          <div class=\"post-box__hover\" style=\"background-image: url(https:\/\/www.polonia.travel\/pt\/wp-content\/uploads\/sites\/19\/2025\/03\/273154365_Drzewo.jpg);\"><\/div>\n        <div class=\"post-box__info\">\n            <div class=\"post-box__title\">Faiais prim\u00e1rios dos C\u00e1rpatos e outras regi\u00f5es da Europa<\/div>\n      <div class=\"post-box__more\">Ver mais<\/div>\n    <\/div>\n  <\/a>\n\n          <\/div>\n              <div class=\"swiper-slide post-slide\">\n                      <a href=\"https:\/\/www.polonia.travel\/pt\/a-regiao-de-opole\/\" class=\"post-box post-box--small\" style=\" background-image: url(https:\/\/www.polonia.travel\/pt\/wp-content\/uploads\/sites\/19\/2023\/08\/Opole3-600x349.jpg);\">\n          <div class=\"post-box__hover\" style=\"background-image: url(https:\/\/www.polonia.travel\/pt\/wp-content\/uploads\/sites\/19\/2022\/12\/krasiejow-1-600x400.jpg);\"><\/div>\n        <div class=\"post-box__info\">\n            <div class=\"post-box__title\">A regi\u00e3o de Opole<\/div>\n      <div class=\"post-box__more\">Ver mais<\/div>\n    <\/div>\n  <\/a>\n\n          <\/div>\n          <\/div>\n    <div class=\"post-slider__pagination\"><\/div>\n  <\/div>\n<\/div>\n<\/div><\/div>\n\n\n\n<div style=\"height:100px\" aria-hidden=\"true\" class=\"wp-block-spacer is-style-spacer-small\"><\/div>\n<\/div><\/div>\n","protected":false},"excerpt":{"rendered":"<p>Al\u00e9m disso, a visita ao bairro judeu\u00a0ou \u00e0 rota da t\u00e9cnica\u00a0(seguindo as pegadas do Edison polaco) ir\u00e3o completar a vis\u00e3o de uma cidade considerada como o &#8222;polo de calor&#8221; do pa\u00eds. O que nos levar\u00e1 a ter em conta uma visita a algum dos\u00a0vinhedos\u00a0dos arredores ou, a acudir ao inicio de novembro, \u00e0 pra\u00e7a principal [&hellip;]<\/p>\n","protected":false},"author":4,"featured_media":21824,"comment_status":"open","ping_status":"open","sticky":false,"template":"","format":"standard","meta":{"_acf_changed":false,"footnotes":""},"categories":[1036,1037],"class_list":["post-31832","post","type-post","status-publish","format-standard","has-post-thumbnail","hentry","category-descubra-lugares","category-cidades"],"acf":[],"yoast_head":"<!-- This site is optimized with the Yoast SEO plugin v27.4 - https:\/\/yoast.com\/product\/yoast-seo-wordpress\/ -->\n<title>Tarn\u00f3w - Polonia Travel (PT)<\/title>\n<meta name=\"robots\" content=\"index, follow, max-snippet:-1, max-image-preview:large, max-video-preview:-1\" \/>\n<link rel=\"canonical\" href=\"https:\/\/wp-pt.poland.travel\/tarnow\/\" \/>\n<meta property=\"og:locale\" content=\"pl_PL\" \/>\n<meta property=\"og:type\" content=\"article\" \/>\n<meta property=\"og:title\" content=\"Tarn\u00f3w - Polonia Travel (PT)\" \/>\n<meta property=\"og:description\" content=\"Al\u00e9m disso, a visita ao bairro judeu\u00a0ou \u00e0 rota da t\u00e9cnica\u00a0(seguindo as pegadas do Edison polaco) ir\u00e3o completar a vis\u00e3o de uma cidade considerada como o &#8222;polo de calor&#8221; do pa\u00eds. O que nos levar\u00e1 a ter em conta uma visita a algum dos\u00a0vinhedos\u00a0dos arredores ou, a acudir ao inicio de novembro, \u00e0 pra\u00e7a principal [&hellip;]\" \/>\n<meta property=\"og:url\" content=\"https:\/\/wp-pt.poland.travel\/tarnow\/\" \/>\n<meta property=\"og:site_name\" content=\"Polonia Travel (PT)\" \/>\n<meta property=\"article:published_time\" content=\"2024-05-13T09:13:09+00:00\" \/>\n<meta property=\"article:modified_time\" content=\"2024-05-13T09:13:10+00:00\" \/>\n<meta property=\"og:image\" content=\"https:\/\/wp-pt.poland.travel\/wp-content\/uploads\/sites\/19\/2023\/03\/tarnow1920.jpg\" \/>\n\t<meta property=\"og:image:width\" content=\"1920\" \/>\n\t<meta property=\"og:image:height\" content=\"610\" \/>\n\t<meta property=\"og:image:type\" content=\"image\/jpeg\" \/>\n<meta name=\"author\" content=\"paulinaskoczen\" \/>\n<meta name=\"twitter:card\" content=\"summary_large_image\" \/>\n<meta name=\"twitter:label1\" content=\"Napisane przez\" \/>\n\t<meta name=\"twitter:data1\" content=\"paulinaskoczen\" \/>\n\t<meta name=\"twitter:label2\" content=\"Szacowany czas czytania\" \/>\n\t<meta name=\"twitter:data2\" content=\"1 minuta\" \/>\n<script type=\"application\/ld+json\" class=\"yoast-schema-graph\">{\"@context\":\"https:\\\/\\\/schema.org\",\"@graph\":[{\"@type\":\"Article\",\"@id\":\"https:\\\/\\\/wp-pt.poland.travel\\\/tarnow\\\/#article\",\"isPartOf\":{\"@id\":\"https:\\\/\\\/wp-pt.poland.travel\\\/tarnow\\\/\"},\"author\":{\"name\":\"paulinaskoczen\",\"@id\":\"https:\\\/\\\/wp-pt.poland.travel\\\/#\\\/schema\\\/person\\\/a7e7220cbf656ec08ed713e97c7c1c85\"},\"headline\":\"Tarn\u00f3w\",\"datePublished\":\"2024-05-13T09:13:09+00:00\",\"dateModified\":\"2024-05-13T09:13:10+00:00\",\"mainEntityOfPage\":{\"@id\":\"https:\\\/\\\/wp-pt.poland.travel\\\/tarnow\\\/\"},\"wordCount\":146,\"commentCount\":0,\"publisher\":{\"@id\":\"https:\\\/\\\/wp-pt.poland.travel\\\/#organization\"},\"image\":{\"@id\":\"https:\\\/\\\/wp-pt.poland.travel\\\/tarnow\\\/#primaryimage\"},\"thumbnailUrl\":\"https:\\\/\\\/www.polonia.travel\\\/pt\\\/wp-content\\\/uploads\\\/sites\\\/19\\\/2023\\\/03\\\/tarnow1920.jpg\",\"articleSection\":[\"Descubra lugares\",\"Cidades\"],\"inLanguage\":\"pl-PL\"},{\"@type\":\"WebPage\",\"@id\":\"https:\\\/\\\/wp-pt.poland.travel\\\/tarnow\\\/\",\"url\":\"https:\\\/\\\/wp-pt.poland.travel\\\/tarnow\\\/\",\"name\":\"Tarn\u00f3w - Polonia Travel (PT)\",\"isPartOf\":{\"@id\":\"https:\\\/\\\/wp-pt.poland.travel\\\/#website\"},\"primaryImageOfPage\":{\"@id\":\"https:\\\/\\\/wp-pt.poland.travel\\\/tarnow\\\/#primaryimage\"},\"image\":{\"@id\":\"https:\\\/\\\/wp-pt.poland.travel\\\/tarnow\\\/#primaryimage\"},\"thumbnailUrl\":\"https:\\\/\\\/www.polonia.travel\\\/pt\\\/wp-content\\\/uploads\\\/sites\\\/19\\\/2023\\\/03\\\/tarnow1920.jpg\",\"datePublished\":\"2024-05-13T09:13:09+00:00\",\"dateModified\":\"2024-05-13T09:13:10+00:00\",\"breadcrumb\":{\"@id\":\"https:\\\/\\\/wp-pt.poland.travel\\\/tarnow\\\/#breadcrumb\"},\"inLanguage\":\"pl-PL\",\"potentialAction\":[{\"@type\":\"ReadAction\",\"target\":[\"https:\\\/\\\/wp-pt.poland.travel\\\/tarnow\\\/\"]}]},{\"@type\":\"ImageObject\",\"inLanguage\":\"pl-PL\",\"@id\":\"https:\\\/\\\/wp-pt.poland.travel\\\/tarnow\\\/#primaryimage\",\"url\":\"https:\\\/\\\/www.polonia.travel\\\/pt\\\/wp-content\\\/uploads\\\/sites\\\/19\\\/2023\\\/03\\\/tarnow1920.jpg\",\"contentUrl\":\"https:\\\/\\\/www.polonia.travel\\\/pt\\\/wp-content\\\/uploads\\\/sites\\\/19\\\/2023\\\/03\\\/tarnow1920.jpg\",\"width\":1920,\"height\":610},{\"@type\":\"BreadcrumbList\",\"@id\":\"https:\\\/\\\/wp-pt.poland.travel\\\/tarnow\\\/#breadcrumb\",\"itemListElement\":[{\"@type\":\"ListItem\",\"position\":1,\"name\":\"Home page\",\"item\":\"https:\\\/\\\/www.polonia.travel\\\/pt\\\/\"},{\"@type\":\"ListItem\",\"position\":2,\"name\":\"Descubra lugares\",\"item\":\"https:\\\/\\\/wp-pt.poland.travel\\\/category\\\/descubra-lugares\\\/\"},{\"@type\":\"ListItem\",\"position\":3,\"name\":\"Cidades\",\"item\":\"https:\\\/\\\/wp-pt.poland.travel\\\/category\\\/descubra-lugares\\\/cidades\\\/\"},{\"@type\":\"ListItem\",\"position\":4,\"name\":\"Tarn\u00f3w\"}]},{\"@type\":\"WebSite\",\"@id\":\"https:\\\/\\\/wp-pt.poland.travel\\\/#website\",\"url\":\"https:\\\/\\\/wp-pt.poland.travel\\\/\",\"name\":\"Polonia Travel (PT)\",\"description\":\"...\",\"publisher\":{\"@id\":\"https:\\\/\\\/wp-pt.poland.travel\\\/#organization\"},\"potentialAction\":[{\"@type\":\"SearchAction\",\"target\":{\"@type\":\"EntryPoint\",\"urlTemplate\":\"https:\\\/\\\/wp-pt.poland.travel\\\/?s={search_term_string}\"},\"query-input\":{\"@type\":\"PropertyValueSpecification\",\"valueRequired\":true,\"valueName\":\"search_term_string\"}}],\"inLanguage\":\"pl-PL\"},{\"@type\":\"Organization\",\"@id\":\"https:\\\/\\\/wp-pt.poland.travel\\\/#organization\",\"name\":\"Polonia Travel (PT)\",\"url\":\"https:\\\/\\\/wp-pt.poland.travel\\\/\",\"logo\":{\"@type\":\"ImageObject\",\"inLanguage\":\"pl-PL\",\"@id\":\"https:\\\/\\\/wp-pt.poland.travel\\\/#\\\/schema\\\/logo\\\/image\\\/\",\"url\":\"https:\\\/\\\/en-en.polska.travel\\\/wp-content\\\/uploads\\\/sites\\\/19\\\/2022\\\/11\\\/logo.svg\",\"contentUrl\":\"https:\\\/\\\/en-en.polska.travel\\\/wp-content\\\/uploads\\\/sites\\\/19\\\/2022\\\/11\\\/logo.svg\",\"width\":198,\"height\":96,\"caption\":\"Polonia Travel (PT)\"},\"image\":{\"@id\":\"https:\\\/\\\/wp-pt.poland.travel\\\/#\\\/schema\\\/logo\\\/image\\\/\"}},{\"@type\":\"Person\",\"@id\":\"https:\\\/\\\/wp-pt.poland.travel\\\/#\\\/schema\\\/person\\\/a7e7220cbf656ec08ed713e97c7c1c85\",\"name\":\"paulinaskoczen\",\"image\":{\"@type\":\"ImageObject\",\"inLanguage\":\"pl-PL\",\"@id\":\"https:\\\/\\\/secure.gravatar.com\\\/avatar\\\/0e1d86345b101a3a9405065a92e055ee3c308177859477bf8efeee50099c0d45?s=96&d=mm&r=g\",\"url\":\"https:\\\/\\\/secure.gravatar.com\\\/avatar\\\/0e1d86345b101a3a9405065a92e055ee3c308177859477bf8efeee50099c0d45?s=96&d=mm&r=g\",\"contentUrl\":\"https:\\\/\\\/secure.gravatar.com\\\/avatar\\\/0e1d86345b101a3a9405065a92e055ee3c308177859477bf8efeee50099c0d45?s=96&d=mm&r=g\",\"caption\":\"paulinaskoczen\"},\"url\":\"https:\\\/\\\/www.polonia.travel\\\/pt\\\/author\\\/paulinaskoczen\\\/\"}]}<\/script>\n<!-- \/ Yoast SEO plugin. -->","yoast_head_json":{"title":"Tarn\u00f3w - Polonia Travel (PT)","robots":{"index":"index","follow":"follow","max-snippet":"max-snippet:-1","max-image-preview":"max-image-preview:large","max-video-preview":"max-video-preview:-1"},"canonical":"https:\/\/wp-pt.poland.travel\/tarnow\/","og_locale":"pl_PL","og_type":"article","og_title":"Tarn\u00f3w - Polonia Travel (PT)","og_description":"Al\u00e9m disso, a visita ao bairro judeu\u00a0ou \u00e0 rota da t\u00e9cnica\u00a0(seguindo as pegadas do Edison polaco) ir\u00e3o completar a vis\u00e3o de uma cidade considerada como o &#8222;polo de calor&#8221; do pa\u00eds. O que nos levar\u00e1 a ter em conta uma visita a algum dos\u00a0vinhedos\u00a0dos arredores ou, a acudir ao inicio de novembro, \u00e0 pra\u00e7a principal [&hellip;]","og_url":"https:\/\/wp-pt.poland.travel\/tarnow\/","og_site_name":"Polonia Travel (PT)","article_published_time":"2024-05-13T09:13:09+00:00","article_modified_time":"2024-05-13T09:13:10+00:00","og_image":[{"width":1920,"height":610,"url":"https:\/\/wp-pt.poland.travel\/wp-content\/uploads\/sites\/19\/2023\/03\/tarnow1920.jpg","type":"image\/jpeg"}],"author":"paulinaskoczen","twitter_card":"summary_large_image","twitter_misc":{"Napisane przez":"paulinaskoczen","Szacowany czas czytania":"1 minuta"},"schema":{"@context":"https:\/\/schema.org","@graph":[{"@type":"Article","@id":"https:\/\/wp-pt.poland.travel\/tarnow\/#article","isPartOf":{"@id":"https:\/\/wp-pt.poland.travel\/tarnow\/"},"author":{"name":"paulinaskoczen","@id":"https:\/\/wp-pt.poland.travel\/#\/schema\/person\/a7e7220cbf656ec08ed713e97c7c1c85"},"headline":"Tarn\u00f3w","datePublished":"2024-05-13T09:13:09+00:00","dateModified":"2024-05-13T09:13:10+00:00","mainEntityOfPage":{"@id":"https:\/\/wp-pt.poland.travel\/tarnow\/"},"wordCount":146,"commentCount":0,"publisher":{"@id":"https:\/\/wp-pt.poland.travel\/#organization"},"image":{"@id":"https:\/\/wp-pt.poland.travel\/tarnow\/#primaryimage"},"thumbnailUrl":"https:\/\/www.polonia.travel\/pt\/wp-content\/uploads\/sites\/19\/2023\/03\/tarnow1920.jpg","articleSection":["Descubra lugares","Cidades"],"inLanguage":"pl-PL"},{"@type":"WebPage","@id":"https:\/\/wp-pt.poland.travel\/tarnow\/","url":"https:\/\/wp-pt.poland.travel\/tarnow\/","name":"Tarn\u00f3w - Polonia Travel (PT)","isPartOf":{"@id":"https:\/\/wp-pt.poland.travel\/#website"},"primaryImageOfPage":{"@id":"https:\/\/wp-pt.poland.travel\/tarnow\/#primaryimage"},"image":{"@id":"https:\/\/wp-pt.poland.travel\/tarnow\/#primaryimage"},"thumbnailUrl":"https:\/\/www.polonia.travel\/pt\/wp-content\/uploads\/sites\/19\/2023\/03\/tarnow1920.jpg","datePublished":"2024-05-13T09:13:09+00:00","dateModified":"2024-05-13T09:13:10+00:00","breadcrumb":{"@id":"https:\/\/wp-pt.poland.travel\/tarnow\/#breadcrumb"},"inLanguage":"pl-PL","potentialAction":[{"@type":"ReadAction","target":["https:\/\/wp-pt.poland.travel\/tarnow\/"]}]},{"@type":"ImageObject","inLanguage":"pl-PL","@id":"https:\/\/wp-pt.poland.travel\/tarnow\/#primaryimage","url":"https:\/\/www.polonia.travel\/pt\/wp-content\/uploads\/sites\/19\/2023\/03\/tarnow1920.jpg","contentUrl":"https:\/\/www.polonia.travel\/pt\/wp-content\/uploads\/sites\/19\/2023\/03\/tarnow1920.jpg","width":1920,"height":610},{"@type":"BreadcrumbList","@id":"https:\/\/wp-pt.poland.travel\/tarnow\/#breadcrumb","itemListElement":[{"@type":"ListItem","position":1,"name":"Home page","item":"https:\/\/www.polonia.travel\/pt\/"},{"@type":"ListItem","position":2,"name":"Descubra lugares","item":"https:\/\/wp-pt.poland.travel\/category\/descubra-lugares\/"},{"@type":"ListItem","position":3,"name":"Cidades","item":"https:\/\/wp-pt.poland.travel\/category\/descubra-lugares\/cidades\/"},{"@type":"ListItem","position":4,"name":"Tarn\u00f3w"}]},{"@type":"WebSite","@id":"https:\/\/wp-pt.poland.travel\/#website","url":"https:\/\/wp-pt.poland.travel\/","name":"Polonia Travel (PT)","description":"...","publisher":{"@id":"https:\/\/wp-pt.poland.travel\/#organization"},"potentialAction":[{"@type":"SearchAction","target":{"@type":"EntryPoint","urlTemplate":"https:\/\/wp-pt.poland.travel\/?s={search_term_string}"},"query-input":{"@type":"PropertyValueSpecification","valueRequired":true,"valueName":"search_term_string"}}],"inLanguage":"pl-PL"},{"@type":"Organization","@id":"https:\/\/wp-pt.poland.travel\/#organization","name":"Polonia Travel (PT)","url":"https:\/\/wp-pt.poland.travel\/","logo":{"@type":"ImageObject","inLanguage":"pl-PL","@id":"https:\/\/wp-pt.poland.travel\/#\/schema\/logo\/image\/","url":"https:\/\/en-en.polska.travel\/wp-content\/uploads\/sites\/19\/2022\/11\/logo.svg","contentUrl":"https:\/\/en-en.polska.travel\/wp-content\/uploads\/sites\/19\/2022\/11\/logo.svg","width":198,"height":96,"caption":"Polonia Travel (PT)"},"image":{"@id":"https:\/\/wp-pt.poland.travel\/#\/schema\/logo\/image\/"}},{"@type":"Person","@id":"https:\/\/wp-pt.poland.travel\/#\/schema\/person\/a7e7220cbf656ec08ed713e97c7c1c85","name":"paulinaskoczen","image":{"@type":"ImageObject","inLanguage":"pl-PL","@id":"https:\/\/secure.gravatar.com\/avatar\/0e1d86345b101a3a9405065a92e055ee3c308177859477bf8efeee50099c0d45?s=96&d=mm&r=g","url":"https:\/\/secure.gravatar.com\/avatar\/0e1d86345b101a3a9405065a92e055ee3c308177859477bf8efeee50099c0d45?s=96&d=mm&r=g","contentUrl":"https:\/\/secure.gravatar.com\/avatar\/0e1d86345b101a3a9405065a92e055ee3c308177859477bf8efeee50099c0d45?s=96&d=mm&r=g","caption":"paulinaskoczen"},"url":"https:\/\/www.polonia.travel\/pt\/author\/paulinaskoczen\/"}]}},"_links":{"self":[{"href":"https:\/\/www.polonia.travel\/pt\/wp-json\/wp\/v2\/posts\/31832","targetHints":{"allow":["GET"]}}],"collection":[{"href":"https:\/\/www.polonia.travel\/pt\/wp-json\/wp\/v2\/posts"}],"about":[{"href":"https:\/\/www.polonia.travel\/pt\/wp-json\/wp\/v2\/types\/post"}],"author":[{"embeddable":true,"href":"https:\/\/www.polonia.travel\/pt\/wp-json\/wp\/v2\/users\/4"}],"replies":[{"embeddable":true,"href":"https:\/\/www.polonia.travel\/pt\/wp-json\/wp\/v2\/comments?post=31832"}],"version-history":[{"count":3,"href":"https:\/\/www.polonia.travel\/pt\/wp-json\/wp\/v2\/posts\/31832\/revisions"}],"predecessor-version":[{"id":31835,"href":"https:\/\/www.polonia.travel\/pt\/wp-json\/wp\/v2\/posts\/31832\/revisions\/31835"}],"wp:featuredmedia":[{"embeddable":true,"href":"https:\/\/www.polonia.travel\/pt\/wp-json\/wp\/v2\/media\/21824"}],"wp:attachment":[{"href":"https:\/\/www.polonia.travel\/pt\/wp-json\/wp\/v2\/media?parent=31832"}],"wp:term":[{"taxonomy":"category","embeddable":true,"href":"https:\/\/www.polonia.travel\/pt\/wp-json\/wp\/v2\/categories?post=31832"}],"curies":[{"name":"wp","href":"https:\/\/api.w.org\/{rel}","templated":true}]}}