{"id":31098,"date":"2024-05-21T12:56:48","date_gmt":"2024-05-21T10:56:48","guid":{"rendered":"https:\/\/www.polonia.travel\/pt\/?p=31098"},"modified":"2024-07-10T10:21:58","modified_gmt":"2024-07-10T08:21:58","slug":"igrejas-ortodoxas-de-madeira-nos-carpatos-polacos-e-ucranianos","status":"publish","type":"post","link":"https:\/\/www.polonia.travel\/pt\/igrejas-ortodoxas-de-madeira-nos-carpatos-polacos-e-ucranianos\/","title":{"rendered":"Igrejas ortodoxas de madeira nos C\u00e1rpatos polacos e ucranianos"},"content":{"rendered":"\n<div class=\"wp-block-group is-style-container\"><div class=\"wp-block-group__inner-container is-layout-constrained wp-block-group-is-layout-constrained\">\n<!-- empty -->\n\n\n<div class=\"metrics\">\n  <div class=\"metrics__text\">\n    <h1 class=\"is-style-heading-38 mb20 large-mb30\">Igrejas ortodoxas de madeira nos C\u00e1rpatos polacos e ucranianos<\/h1>\n    <p>As igrejas ortodoxas na regi\u00e3o dos C\u00e1rpatos polacos e ucranianos s\u00e3o testemunhas de tradi\u00e7\u00f5es de constru\u00e7\u00e3o diferentes, enraizadas na tradi\u00e7\u00e3o da Igreja Oriental.<\/p>\n  <\/div>\n  <div class=\"metrics__sidebar\">\n    <div class=\"metrics-box\">\n              <div class=\"metrics-box__title\">Informa\u00e7\u00e3o b\u00e1sica<\/div>\n        <div class=\"metrics-box__values\">\n                                        <div class=\"metrics-box__item\">\n      <div class=\"metrics-box__label\">Regi\u00e3o: <\/div>\n      <div class=\"metrics-box__value\">Ma\u0142opolska<\/div>\n    <\/div>\n                                <div class=\"metrics-box__item\">\n      <div class=\"metrics-box__label\">Cidade: <\/div>\n      <div class=\"metrics-box__value\">Chotyniec, Radru\u017c, Smolnik, Turza\u0144sk, Brunary Wy\u017cne, Kwiato\u0144, Owczary, Powro\u017anik<\/div>\n    <\/div>\n                                <div class=\"metrics-box__item\">\n      <div class=\"metrics-box__label\">Ano de inclus\u00e3o:<\/div>\n      <div class=\"metrics-box__value\">2013<\/div>\n    <\/div>\n                                <\/div>\n                <\/div>\n  <\/div>\n<\/div>\n<\/div><\/div>\n\n\n\n<div class=\"wp-block-group is-style-container-medium\"><div class=\"wp-block-group__inner-container is-layout-constrained wp-block-group-is-layout-constrained\">\n<p>Na lista da UNESCO encontram-se 16 igrejas ortodoxas, das quais oito est\u00e3o situadas na Pol\u00f3nia e outras oito na Ucr\u00e2nia. Na Pol\u00f3nia encontra-se: a igreja de Santa Paraskiewa de Radru\u017c, a igreja do Nascimento de Nossa Senhora de Chotyniec, a igreja de S\u00e3o Miguel Arcanjo de Smolnik, a igreja de S\u00e3o Miguel Arcanjo de Turza\u0144sk (regi\u00e3o de Podkarpacie), a igreja de Santiago Menor Ap\u00f3stolo de Powro\u017anik, a igreja de Prote\u00e7\u00e3o de Nossa Senhora de Owczary, a igreja de Santa Paraskiewa de Kwiato\u0144, a igreja de S\u00e3o Miguel Arcanjo de Brunary Wy\u017cne (regi\u00e3o de Ma\u0142opolska) e oito igrejas na Ucr\u00e2nia: a igreja de Pentecostes de Potylich, a igreja de S\u00e3o Dem\u00e9trio de Matkov, a igreja da Santa Trindade de Zolkiev, a&nbsp; igreja de S\u00e3o Jorge de Drog\u00f3bich (\u00f3blast de Lviv), a igreja de Santo Esp\u00edrito de Rohatyn, a igreja do Nascimento de Nossa Senhora de Verbiaz Nizny (\u00f3blast de Ivano-Frankivsk), a igreja da Ascens\u00e3o de Jasin e a igreja de S\u00e3o Miguel de Uzok (\u00f3blast zakarpacki).<\/p>\n<\/div><\/div>\n\n\n\n<div style=\"height:100px\" aria-hidden=\"true\" class=\"wp-block-spacer is-style-spacer-small\"><\/div>\n\n\n\n<div class=\"wp-block-group is-style-container\"><div class=\"wp-block-group__inner-container is-layout-constrained wp-block-group-is-layout-constrained\">  <div class=\"gallery-tiles gallery-tiles--rows-2-3 lightgallery\">\r\n          <a href=\"https:\/\/www.polonia.travel\/pt\/wp-content\/uploads\/sites\/19\/2023\/07\/Chotyniec_cerkiew_Narodzenia_NMP_TP_4506_20100318.jpg\" class=\"gallery-tiles__item\" data-src=\"https:\/\/www.polonia.travel\/pt\/wp-content\/uploads\/sites\/19\/2023\/07\/Chotyniec_cerkiew_Narodzenia_NMP_TP_4506_20100318.jpg\"\r\n        aria-label=\"Otw\u00f3rz powi\u0119kszone zdj\u0119cie: Chotyniec_cerkiew_Narodzenia_NMP_TP_4506_20100318\">\r\n        <img loading=\"lazy\" decoding=\"async\" width=\"1200\" height=\"794\" src=\"https:\/\/www.polonia.travel\/pt\/wp-content\/uploads\/sites\/19\/2023\/07\/Chotyniec_cerkiew_Narodzenia_NMP_TP_4506_20100318-1200x794.jpg\" class=\"gallery-tiles__thumb\" alt=\"\" srcset=\"https:\/\/www.polonia.travel\/pt\/wp-content\/uploads\/sites\/19\/2023\/07\/Chotyniec_cerkiew_Narodzenia_NMP_TP_4506_20100318-1200x794.jpg 1200w, https:\/\/www.polonia.travel\/pt\/wp-content\/uploads\/sites\/19\/2023\/07\/Chotyniec_cerkiew_Narodzenia_NMP_TP_4506_20100318-600x397.jpg 600w, https:\/\/www.polonia.travel\/pt\/wp-content\/uploads\/sites\/19\/2023\/07\/Chotyniec_cerkiew_Narodzenia_NMP_TP_4506_20100318-768x508.jpg 768w, https:\/\/www.polonia.travel\/pt\/wp-content\/uploads\/sites\/19\/2023\/07\/Chotyniec_cerkiew_Narodzenia_NMP_TP_4506_20100318-1536x1016.jpg 1536w, https:\/\/www.polonia.travel\/pt\/wp-content\/uploads\/sites\/19\/2023\/07\/Chotyniec_cerkiew_Narodzenia_NMP_TP_4506_20100318.jpg 1548w\" sizes=\"auto, (max-width: 1200px) 100vw, 1200px\" \/>      <\/a>\r\n          <a href=\"https:\/\/www.polonia.travel\/pt\/wp-content\/uploads\/sites\/19\/2023\/02\/00735_4466_Radruz_cerkiew_TP_P.jpg\" class=\"gallery-tiles__item\" data-src=\"https:\/\/www.polonia.travel\/pt\/wp-content\/uploads\/sites\/19\/2023\/02\/00735_4466_Radruz_cerkiew_TP_P.jpg\"\r\n        aria-label=\"Otw\u00f3rz powi\u0119kszone zdj\u0119cie: 00735_4466_Radruz_cerkiew_TP_P\">\r\n        <img loading=\"lazy\" decoding=\"async\" width=\"1170\" height=\"780\" src=\"https:\/\/www.polonia.travel\/pt\/wp-content\/uploads\/sites\/19\/2023\/02\/00735_4466_Radruz_cerkiew_TP_P.jpg\" class=\"gallery-tiles__thumb\" alt=\"\" srcset=\"https:\/\/www.polonia.travel\/pt\/wp-content\/uploads\/sites\/19\/2023\/02\/00735_4466_Radruz_cerkiew_TP_P.jpg 1170w, https:\/\/www.polonia.travel\/pt\/wp-content\/uploads\/sites\/19\/2023\/02\/00735_4466_Radruz_cerkiew_TP_P-600x400.jpg 600w, https:\/\/www.polonia.travel\/pt\/wp-content\/uploads\/sites\/19\/2023\/02\/00735_4466_Radruz_cerkiew_TP_P-768x512.jpg 768w\" sizes=\"auto, (max-width: 1170px) 100vw, 1170px\" \/>      <\/a>\r\n          <a href=\"https:\/\/www.polonia.travel\/pt\/wp-content\/uploads\/sites\/19\/2023\/04\/cerkw_Turzansk.jpg\" class=\"gallery-tiles__item\" data-src=\"https:\/\/www.polonia.travel\/pt\/wp-content\/uploads\/sites\/19\/2023\/04\/cerkw_Turzansk.jpg\"\r\n        aria-label=\"Otw\u00f3rz powi\u0119kszone zdj\u0119cie: Turza\u0144sk. Cerkiew p.w. \u015bw. Micha\u0142a Archanio\u0142a. Widok elewacji wschodniej.\">\r\n        <img loading=\"lazy\" decoding=\"async\" width=\"1200\" height=\"800\" src=\"https:\/\/www.polonia.travel\/pt\/wp-content\/uploads\/sites\/19\/2023\/04\/cerkw_Turzansk-1200x800.jpg\" class=\"gallery-tiles__thumb\" alt=\"Turza\u0144sk. Cerkiew p.w. \u015bw. Micha\u0142a Archanio\u0142a. Widok elewacji wschodniej.\" srcset=\"https:\/\/www.polonia.travel\/pt\/wp-content\/uploads\/sites\/19\/2023\/04\/cerkw_Turzansk-1200x800.jpg 1200w, https:\/\/www.polonia.travel\/pt\/wp-content\/uploads\/sites\/19\/2023\/04\/cerkw_Turzansk-600x400.jpg 600w, https:\/\/www.polonia.travel\/pt\/wp-content\/uploads\/sites\/19\/2023\/04\/cerkw_Turzansk-768x512.jpg 768w, https:\/\/www.polonia.travel\/pt\/wp-content\/uploads\/sites\/19\/2023\/04\/cerkw_Turzansk.jpg 1275w\" sizes=\"auto, (max-width: 1200px) 100vw, 1200px\" \/>      <\/a>\r\n          <a href=\"https:\/\/www.polonia.travel\/pt\/wp-content\/uploads\/sites\/19\/2023\/04\/cerkiew_Brunary.jpg\" class=\"gallery-tiles__item\" data-src=\"https:\/\/www.polonia.travel\/pt\/wp-content\/uploads\/sites\/19\/2023\/04\/cerkiew_Brunary.jpg\"\r\n        aria-label=\"Otw\u00f3rz powi\u0119kszone zdj\u0119cie: Cerkiew w Brunarach, fot. Karol Czajkowski\">\r\n        <img loading=\"lazy\" decoding=\"async\" width=\"1200\" height=\"800\" src=\"https:\/\/www.polonia.travel\/pt\/wp-content\/uploads\/sites\/19\/2023\/04\/cerkiew_Brunary-1200x800.jpg\" class=\"gallery-tiles__thumb\" alt=\"Cerkiew w Brunarach, fot. Karol Czajkowski\" srcset=\"https:\/\/www.polonia.travel\/pt\/wp-content\/uploads\/sites\/19\/2023\/04\/cerkiew_Brunary-1200x800.jpg 1200w, https:\/\/www.polonia.travel\/pt\/wp-content\/uploads\/sites\/19\/2023\/04\/cerkiew_Brunary-600x400.jpg 600w, https:\/\/www.polonia.travel\/pt\/wp-content\/uploads\/sites\/19\/2023\/04\/cerkiew_Brunary-768x512.jpg 768w, https:\/\/www.polonia.travel\/pt\/wp-content\/uploads\/sites\/19\/2023\/04\/cerkiew_Brunary.jpg 1279w\" sizes=\"auto, (max-width: 1200px) 100vw, 1200px\" \/>      <\/a>\r\n          <a href=\"https:\/\/www.polonia.travel\/pt\/wp-content\/uploads\/sites\/19\/2023\/03\/cerkiew_Kwiaton-e1679326639319.jpg\" class=\"gallery-tiles__item\" data-src=\"https:\/\/www.polonia.travel\/pt\/wp-content\/uploads\/sites\/19\/2023\/03\/cerkiew_Kwiaton-e1679326639319.jpg\"\r\n        aria-label=\"Otw\u00f3rz powi\u0119kszone zdj\u0119cie: cerkiew_Kwiaton\">\r\n        <img loading=\"lazy\" decoding=\"async\" width=\"1200\" height=\"800\" src=\"https:\/\/www.polonia.travel\/pt\/wp-content\/uploads\/sites\/19\/2023\/03\/cerkiew_Kwiaton-1200x800.jpg\" class=\"gallery-tiles__thumb\" alt=\"\" \/>      <\/a>\r\n      <\/div>\r\n<\/div><\/div>\n\n\n\n<div style=\"height:100px\" aria-hidden=\"true\" class=\"wp-block-spacer is-style-spacer-small\"><\/div>\n\n\n\n<div class=\"wp-block-group is-style-container-medium\"><div class=\"wp-block-group__inner-container is-layout-constrained wp-block-group-is-layout-constrained\">\n<p>Foram constru\u00eddas entre o s\u00e9culo XVI e XIX &nbsp;para serem templos da comunidade ortodoxa e greco-cat\u00f3lica. Constituem uma perfeita conquista da arquitetura sacral ortodoxa em madeira da \u00e9poca e continuam a impressionar nos dias de hoje gra\u00e7as&nbsp; \u00e0 sua complexa e variedade de estilos. As igrejas divididas em tr\u00eas partes t\u00eam telhados em forma de tendas de campismo ou cebolas. Entre os monumentos inscritos na lista, al\u00e9m de igrejas ortodoxas, figuram tamb\u00e9m torres de sinos em madeira, cemit\u00e9rios e port\u00f5es, e no interior icon\u00f3stases e policromias.<\/p>\n<\/div><\/div>\n\n\n\n<div class=\"wp-block-group has-background\" style=\"background-color:#eeeeee\"><div class=\"wp-block-group__inner-container is-layout-constrained wp-block-group-is-layout-constrained\">\n<div style=\"height:100px\" aria-hidden=\"true\" class=\"wp-block-spacer is-style-spacer-small\"><\/div>\n\n\n\n<div class=\"wp-block-group is-style-container\"><div class=\"wp-block-group__inner-container is-layout-constrained wp-block-group-is-layout-constrained\">\n<h3 class=\"wp-block-heading\"><strong>L\u00ea mais art\u00edculos<\/strong><\/h3>\n\n\n<div class=\"overflow\">\n  <div class=\"post-slider swiper post-slider--small\" data-schema=\"small\">\n\n    <div class=\"swiper-wrapper\">\n              <div class=\"swiper-slide post-slide\">\n                      <a href=\"https:\/\/www.polonia.travel\/pt\/parque-nacional-wigierski\/\" class=\"post-box post-box--small\" style=\" background-image: url(https:\/\/www.polonia.travel\/pt\/wp-content\/uploads\/sites\/19\/2023\/02\/perkoz_Wigry_wigierski-PN-600x400.jpeg);\">\n          <div class=\"post-box__hover\" style=\"background-image: url(https:\/\/www.polonia.travel\/pt\/wp-content\/uploads\/sites\/19\/2022\/12\/jezioro_wigry_540.jpg);\"><\/div>\n        <div class=\"post-box__info\">\n            <div class=\"post-box__title\">Parque Nacional Wigierski<\/div>\n      <div class=\"post-box__more\">Ver mais<\/div>\n    <\/div>\n  <\/a>\n\n          <\/div>\n              <div class=\"swiper-slide post-slide\">\n                      <a href=\"https:\/\/www.polonia.travel\/pt\/parque-nacional-do-biebrza\/\" class=\"post-box post-box--small\" style=\" background-image: url(https:\/\/www.polonia.travel\/pt\/wp-content\/uploads\/sites\/19\/2024\/04\/nad_biebrza_1170-600x400.jpg);\">\n          <div class=\"post-box__hover\" style=\"background-image: url(https:\/\/www.polonia.travel\/pt\/wp-content\/uploads\/sites\/19\/2022\/12\/biebrzanski_pn_tratwa_1170-600x400.jpg);\"><\/div>\n        <div class=\"post-box__info\">\n            <div class=\"post-box__title\">Parque Nacional do Biebrza<\/div>\n      <div class=\"post-box__more\">Ver mais<\/div>\n    <\/div>\n  <\/a>\n\n          <\/div>\n              <div class=\"swiper-slide post-slide\">\n                      <a href=\"https:\/\/www.polonia.travel\/pt\/parque-nacional-de-narew\/\" class=\"post-box post-box--small\" style=\" background-image: url(https:\/\/www.polonia.travel\/pt\/wp-content\/uploads\/sites\/19\/2023\/07\/narwianski_pn_kladka_1170-600x400.jpg);\">\n          <div class=\"post-box__hover\" style=\"background-image: url(https:\/\/www.polonia.travel\/pt\/wp-content\/uploads\/sites\/19\/2023\/07\/narwianski_park_narodowy_1170-600x400.jpg);\"><\/div>\n        <div class=\"post-box__info\">\n            <div class=\"post-box__title\">Parque Nacional de Narew<\/div>\n      <div class=\"post-box__more\">Ver mais<\/div>\n    <\/div>\n  <\/a>\n\n          <\/div>\n              <div class=\"swiper-slide post-slide\">\n                      <a href=\"https:\/\/www.polonia.travel\/pt\/parque-nacional-de-bialowieza\/\" class=\"post-box post-box--small\" style=\" background-image: url(https:\/\/www.polonia.travel\/pt\/wp-content\/uploads\/sites\/19\/2023\/07\/bialowieza-zubry-1-600x400.jpg);\">\n          <div class=\"post-box__hover\" style=\"background-image: url(https:\/\/www.polonia.travel\/pt\/wp-content\/uploads\/sites\/19\/2022\/12\/zubr_w_puszczy_bialowieskiej_1170-600x400.jpeg);\"><\/div>\n        <div class=\"post-box__info\">\n            <div class=\"post-box__title\">Parque Nacional de Bia\u0142owie\u017ca<\/div>\n      <div class=\"post-box__more\">Ver mais<\/div>\n    <\/div>\n  <\/a>\n\n          <\/div>\n              <div class=\"swiper-slide post-slide\">\n                      <a href=\"https:\/\/www.polonia.travel\/pt\/parque-nacional-dos-kampinos\/\" class=\"post-box post-box--small\" style=\" background-image: url(https:\/\/www.polonia.travel\/pt\/wp-content\/uploads\/sites\/19\/2023\/07\/0215_KAMPINOS_TG_HR-1-600x400.jpg);\">\n          <div class=\"post-box__hover\" style=\"background-image: url(https:\/\/www.polonia.travel\/pt\/wp-content\/uploads\/sites\/19\/2023\/03\/Kampinoski-600x422.jpg);\"><\/div>\n        <div class=\"post-box__info\">\n            <div class=\"post-box__title\">Parque Nacional dos Kampinos<\/div>\n      <div class=\"post-box__more\">Ver mais<\/div>\n    <\/div>\n  <\/a>\n\n          <\/div>\n              <div class=\"swiper-slide post-slide\">\n                      <a href=\"https:\/\/www.polonia.travel\/pt\/parque-nacional-swietokrzyski\/\" class=\"post-box post-box--small\" style=\" background-image: url(https:\/\/www.polonia.travel\/pt\/wp-content\/uploads\/sites\/19\/2023\/02\/13_Gory-Swietokrzyskie-i-Swiety-Krzyz-szklany-dom-Zeromskiego_MC_P-600x400.jpg);\">\n          <div class=\"post-box__hover\" style=\"background-image: url(https:\/\/www.polonia.travel\/pt\/wp-content\/uploads\/sites\/19\/2023\/02\/36_Gory-Swietokrzyskie_MC_P-600x400.jpg);\"><\/div>\n        <div class=\"post-box__info\">\n            <div class=\"post-box__title\">Parque Nacional \u015awi\u0119tokrzyski<\/div>\n      <div class=\"post-box__more\">Ver mais<\/div>\n    <\/div>\n  <\/a>\n\n          <\/div>\n              <div class=\"swiper-slide post-slide\">\n                      <a href=\"https:\/\/www.polonia.travel\/pt\/parque-nacional-de-polesie\/\" class=\"post-box post-box--small\" style=\" background-image: url(https:\/\/www.polonia.travel\/pt\/wp-content\/uploads\/sites\/19\/2023\/02\/poleski-PN3-600x401.jpeg);\">\n          <div class=\"post-box__hover\" style=\"background-image: url(https:\/\/www.polonia.travel\/pt\/wp-content\/uploads\/sites\/19\/2023\/02\/Poleski-Park-Narodowy2-600x450.jpg);\"><\/div>\n        <div class=\"post-box__info\">\n            <div class=\"post-box__title\">Parque Nacional de Polesie<\/div>\n      <div class=\"post-box__more\">Ver mais<\/div>\n    <\/div>\n  <\/a>\n\n          <\/div>\n              <div class=\"swiper-slide post-slide\">\n                      <a href=\"https:\/\/www.polonia.travel\/pt\/parque-nacional-de-roztocze\/\" class=\"post-box post-box--small\" style=\" background-image: url(https:\/\/www.polonia.travel\/pt\/wp-content\/uploads\/sites\/19\/2023\/02\/Roztoczanski-PN_stawy-echo-600x400.jpg);\">\n          <div class=\"post-box__hover\" style=\"background-image: url(https:\/\/www.polonia.travel\/pt\/wp-content\/uploads\/sites\/19\/2023\/02\/Roztoczanski-PN1200-600x600.jpg);\"><\/div>\n        <div class=\"post-box__info\">\n            <div class=\"post-box__title\">Parque Nacional de Roztocze<\/div>\n      <div class=\"post-box__more\">Ver mais<\/div>\n    <\/div>\n  <\/a>\n\n          <\/div>\n              <div class=\"swiper-slide post-slide\">\n                      <a href=\"https:\/\/www.polonia.travel\/pt\/parque-nacional-de-bieszczady\/\" class=\"post-box post-box--small\" style=\" background-image: url(https:\/\/www.polonia.travel\/pt\/wp-content\/uploads\/sites\/19\/2022\/12\/BIESZCZADY_05-600x422.jpg);\">\n          <div class=\"post-box__hover\" style=\"background-image: url(https:\/\/www.polonia.travel\/pt\/wp-content\/uploads\/sites\/19\/2023\/07\/bieszczady_szlak_1170-600x400.jpg);\"><\/div>\n        <div class=\"post-box__info\">\n            <div class=\"post-box__title\">Parque Nacional de Bieszczady<\/div>\n      <div class=\"post-box__more\">Ver mais<\/div>\n    <\/div>\n  <\/a>\n\n          <\/div>\n              <div class=\"swiper-slide post-slide\">\n                      <a href=\"https:\/\/www.polonia.travel\/pt\/parque-nacional-de-magura\/\" class=\"post-box post-box--small\" style=\" background-image: url(https:\/\/www.polonia.travel\/pt\/wp-content\/uploads\/sites\/19\/2023\/03\/Magurski_Park_Narodowy-600x400.jpg);\">\n          <div class=\"post-box__hover\" style=\"background-image: url(https:\/\/www.polonia.travel\/pt\/wp-content\/uploads\/sites\/19\/2022\/12\/magurski_pn_540.jpg);\"><\/div>\n        <div class=\"post-box__info\">\n            <div class=\"post-box__title\">Parque Nacional de Magura<\/div>\n      <div class=\"post-box__more\">Ver mais<\/div>\n    <\/div>\n  <\/a>\n\n          <\/div>\n              <div class=\"swiper-slide post-slide\">\n                      <a href=\"https:\/\/www.polonia.travel\/pt\/parque-nacional-dos-gorce\/\" class=\"post-box post-box--small\" style=\" background-image: url(https:\/\/www.polonia.travel\/pt\/wp-content\/uploads\/sites\/19\/2023\/02\/Gorce-600x397.jpeg);\">\n          <div class=\"post-box__hover\" style=\"background-image: url(https:\/\/www.polonia.travel\/pt\/wp-content\/uploads\/sites\/19\/2023\/02\/Gorce-04142018_0W1A1842-600x400.jpg);\"><\/div>\n        <div class=\"post-box__info\">\n            <div class=\"post-box__title\">Parque Nacional dos Gorce<\/div>\n      <div class=\"post-box__more\">Ver mais<\/div>\n    <\/div>\n  <\/a>\n\n          <\/div>\n              <div class=\"swiper-slide post-slide\">\n                      <a href=\"https:\/\/www.polonia.travel\/pt\/parque-nacional-dos-pienines\/\" class=\"post-box post-box--small\" style=\" background-image: url(https:\/\/www.polonia.travel\/pt\/wp-content\/uploads\/sites\/19\/2024\/04\/PIENINY20TRATWY_3602082020x20365-600x267.jpg);\">\n          <div class=\"post-box__hover\" style=\"background-image: url(https:\/\/www.polonia.travel\/pt\/wp-content\/uploads\/sites\/19\/2023\/07\/pieniny-pine-540-2.jpg);\"><\/div>\n        <div class=\"post-box__info\">\n            <div class=\"post-box__title\">Parque Nacional dos Pienines<\/div>\n      <div class=\"post-box__more\">Ver mais<\/div>\n    <\/div>\n  <\/a>\n\n          <\/div>\n              <div class=\"swiper-slide post-slide\">\n                      <a href=\"https:\/\/www.polonia.travel\/pt\/parque-nacional-dos-tatra\/\" class=\"post-box post-box--small\" style=\" background-image: url(https:\/\/www.polonia.travel\/pt\/wp-content\/uploads\/sites\/19\/2023\/09\/179383441_Tatry_jesien_Adobe-Custom-600x349.jpg);\">\n          <div class=\"post-box__hover\" style=\"background-image: url(https:\/\/www.polonia.travel\/pt\/wp-content\/uploads\/sites\/19\/2023\/07\/tatry-540-7.jpg);\"><\/div>\n        <div class=\"post-box__info\">\n            <div class=\"post-box__title\">Parque Nacional dos Tatra<\/div>\n      <div class=\"post-box__more\">Ver mais<\/div>\n    <\/div>\n  <\/a>\n\n          <\/div>\n              <div class=\"swiper-slide post-slide\">\n                      <a href=\"https:\/\/www.polonia.travel\/pt\/parque-nacional-de-babia-gora\/\" class=\"post-box post-box--small\" style=\" background-image: url(https:\/\/www.polonia.travel\/pt\/wp-content\/uploads\/sites\/19\/2023\/02\/Babia-Gora-National-Park-photo-Marcin-Trybala-600x400.jpg);\">\n          <div class=\"post-box__hover\" style=\"background-image: url(https:\/\/www.polonia.travel\/pt\/wp-content\/uploads\/sites\/19\/2022\/12\/babia_gora_1170-600x400.jpg);\"><\/div>\n        <div class=\"post-box__info\">\n            <div class=\"post-box__title\">Parque Nacional de Babia G\u00f3ra<\/div>\n      <div class=\"post-box__more\">Ver mais<\/div>\n    <\/div>\n  <\/a>\n\n          <\/div>\n              <div class=\"swiper-slide post-slide\">\n                      <a href=\"https:\/\/www.polonia.travel\/pt\/parque-nacional-ojcowski-e-dos-castelos\/\" class=\"post-box post-box--small\" style=\" background-image: url(https:\/\/www.polonia.travel\/pt\/wp-content\/uploads\/sites\/19\/2023\/02\/Ojcowski_PN_1170-600x397.jpg);\">\n          <div class=\"post-box__hover\" style=\"background-image: url(https:\/\/www.polonia.travel\/pt\/wp-content\/uploads\/sites\/19\/2023\/02\/255_Ojcowski-Park-Narodowy-i-Zamek-w-Pieskowej-Skale_MC_P-400x600.jpg);\"><\/div>\n        <div class=\"post-box__info\">\n            <div class=\"post-box__title\">Parque Nacional Ojcowski (e dos castelos)<\/div>\n      <div class=\"post-box__more\">Ver mais<\/div>\n    <\/div>\n  <\/a>\n\n          <\/div>\n              <div class=\"swiper-slide post-slide\">\n                      <a href=\"https:\/\/www.polonia.travel\/pt\/parque-nacional-de-los-montes-stolowe\/\" class=\"post-box post-box--small\" style=\" background-image: url(https:\/\/www.polonia.travel\/pt\/wp-content\/uploads\/sites\/19\/2023\/02\/Szczeliniec-Wielki_Stolowe-gory-600x388.jpeg);\">\n          <div class=\"post-box__hover\" style=\"background-image: url(https:\/\/www.polonia.travel\/pt\/wp-content\/uploads\/sites\/19\/2023\/02\/2310_Gory-Stolowe_MC_P-600x400.jpg);\"><\/div>\n        <div class=\"post-box__info\">\n            <div class=\"post-box__title\">Parque Nacional de los Montes Sto\u0142owe<\/div>\n      <div class=\"post-box__more\">Ver mais<\/div>\n    <\/div>\n  <\/a>\n\n          <\/div>\n              <div class=\"swiper-slide post-slide\">\n                      <a href=\"https:\/\/www.polonia.travel\/pt\/parque-nacional-de-los-karkonosze\/\" class=\"post-box post-box--small\" style=\" background-image: url(https:\/\/www.polonia.travel\/pt\/wp-content\/uploads\/sites\/19\/2024\/04\/sniezka_1170-600x400.jpg);\">\n          <div class=\"post-box__hover\" style=\"background-image: url(https:\/\/www.polonia.travel\/pt\/wp-content\/uploads\/sites\/19\/2022\/12\/karkonoski_pn_sniezka_1170-600x400.jpg);\"><\/div>\n        <div class=\"post-box__info\">\n            <div class=\"post-box__title\">Parque Nacional de los Karkonosze<\/div>\n      <div class=\"post-box__more\">Ver mais<\/div>\n    <\/div>\n  <\/a>\n\n          <\/div>\n              <div class=\"swiper-slide post-slide\">\n                      <a href=\"https:\/\/www.polonia.travel\/pt\/parque-nacional-wielkopolski\/\" class=\"post-box post-box--small\" style=\" background-image: url(https:\/\/www.polonia.travel\/pt\/wp-content\/uploads\/sites\/19\/2022\/12\/WielkopolskiPN_ok-1-600x400.jpg);\">\n          <div class=\"post-box__hover\" style=\"background-image: url(https:\/\/www.polonia.travel\/pt\/wp-content\/uploads\/sites\/19\/2022\/12\/wielkopolski_pn_jez_goreckie_1170x300-600x154.jpg);\"><\/div>\n        <div class=\"post-box__info\">\n            <div class=\"post-box__title\">Parque Nacional Wielkopolski<\/div>\n      <div class=\"post-box__more\">Ver mais<\/div>\n    <\/div>\n  <\/a>\n\n          <\/div>\n              <div class=\"swiper-slide post-slide\">\n                      <a href=\"https:\/\/www.polonia.travel\/pt\/parque-nacional-%c2%a8desembocadura-del-warta%c2%a8\/\" class=\"post-box post-box--small\" style=\" background-image: url(https:\/\/www.polonia.travel\/pt\/wp-content\/uploads\/sites\/19\/2022\/12\/PN_ujscie_warty_1170-3-600x400.jpg);\">\n          <div class=\"post-box__hover\" style=\"background-image: url(https:\/\/www.polonia.travel\/pt\/wp-content\/uploads\/sites\/19\/2023\/02\/AdobeStock_504903578_Ujscie-Warty-600x400.jpeg);\"><\/div>\n        <div class=\"post-box__info\">\n            <div class=\"post-box__title\">Parque Nacional \u00a8Desembocadura del Warta\u00a8<\/div>\n      <div class=\"post-box__more\">Ver mais<\/div>\n    <\/div>\n  <\/a>\n\n          <\/div>\n              <div class=\"swiper-slide post-slide\">\n                      <a href=\"https:\/\/www.polonia.travel\/pt\/parque-nacional-drawienski\/\" class=\"post-box post-box--small\" style=\" background-image: url(https:\/\/www.polonia.travel\/pt\/wp-content\/uploads\/sites\/19\/2023\/02\/Drawienski-PN-6-600x400.jpg);\">\n          <div class=\"post-box__hover\" style=\"background-image: url(https:\/\/www.polonia.travel\/pt\/wp-content\/uploads\/sites\/19\/2023\/02\/Drawienski-PN-4-600x399.jpg);\"><\/div>\n        <div class=\"post-box__info\">\n            <div class=\"post-box__title\">Parque Nacional Drawie\u0144ski<\/div>\n      <div class=\"post-box__more\">Ver mais<\/div>\n    <\/div>\n  <\/a>\n\n          <\/div>\n              <div class=\"swiper-slide post-slide\">\n                      <a href=\"https:\/\/www.polonia.travel\/pt\/parque-nacional-de-wolin\/\" class=\"post-box post-box--small\" style=\" background-image: url(https:\/\/www.polonia.travel\/pt\/wp-content\/uploads\/sites\/19\/2023\/02\/Wolinski_Park-600x450.jpeg);\">\n          <div class=\"post-box__hover\" style=\"background-image: url(https:\/\/www.polonia.travel\/pt\/wp-content\/uploads\/sites\/19\/2023\/02\/1537_HROT-EUROVELO13-Wolinski-HRN_HR-600x400.jpg);\"><\/div>\n        <div class=\"post-box__info\">\n            <div class=\"post-box__title\">Parque Nacional de Wolin<\/div>\n      <div class=\"post-box__more\">Ver mais<\/div>\n    <\/div>\n  <\/a>\n\n          <\/div>\n              <div class=\"swiper-slide post-slide\">\n                      <a href=\"https:\/\/www.polonia.travel\/pt\/parque-nacional-de-los-bosques-de-tuchola\/\" class=\"post-box post-box--small\" style=\" background-image: url(https:\/\/www.polonia.travel\/pt\/wp-content\/uploads\/sites\/19\/2023\/02\/23_Fotolia_EDEN_Bory-Tucholskie-PN_P-600x390.jpg);\">\n          <div class=\"post-box__hover\" style=\"background-image: url(https:\/\/www.polonia.travel\/pt\/wp-content\/uploads\/sites\/19\/2023\/02\/9_Fotolia_EDEN_Bory-Tucholskie_HR-600x400.jpg);\"><\/div>\n        <div class=\"post-box__info\">\n            <div class=\"post-box__title\">Parque Nacional de los Bosques de Tuchola<\/div>\n      <div class=\"post-box__more\">Ver mais<\/div>\n    <\/div>\n  <\/a>\n\n          <\/div>\n              <div class=\"swiper-slide post-slide\">\n                      <a href=\"https:\/\/www.polonia.travel\/pt\/parque-nacional-slowinski\/\" class=\"post-box post-box--small\" style=\" background-image: url(https:\/\/www.polonia.travel\/pt\/wp-content\/uploads\/sites\/19\/2023\/07\/slowinski_park_narodowy_rower_1170-600x400.jpg);\">\n          <div class=\"post-box__hover\" style=\"background-image: url(https:\/\/www.polonia.travel\/pt\/wp-content\/uploads\/sites\/19\/2023\/03\/243363977_Slowinski_Park_Narodowy_Adobe-xl-600x398.jpg);\"><\/div>\n        <div class=\"post-box__info\">\n            <div class=\"post-box__title\">Parque Nacional S\u0142owi\u0144ski<\/div>\n      <div class=\"post-box__more\">Ver mais<\/div>\n    <\/div>\n  <\/a>\n\n          <\/div>\n              <div class=\"swiper-slide post-slide\">\n                      <a href=\"https:\/\/www.polonia.travel\/pt\/faiais-primarios-dos-carpatos-e-outras-regioes-da-europa\/\" class=\"post-box post-box--small\" style=\" background-image: url(https:\/\/www.polonia.travel\/pt\/wp-content\/uploads\/sites\/19\/2025\/03\/64549064_las_bukowy_wiosna.jpg);\">\n          <div class=\"post-box__hover\" style=\"background-image: url(https:\/\/www.polonia.travel\/pt\/wp-content\/uploads\/sites\/19\/2025\/03\/273154365_Drzewo.jpg);\"><\/div>\n        <div class=\"post-box__info\">\n            <div class=\"post-box__title\">Faiais prim\u00e1rios dos C\u00e1rpatos e outras regi\u00f5es da Europa<\/div>\n      <div class=\"post-box__more\">Ver mais<\/div>\n    <\/div>\n  <\/a>\n\n          <\/div>\n              <div class=\"swiper-slide post-slide\">\n                      <a href=\"https:\/\/www.polonia.travel\/pt\/a-regiao-de-opole\/\" class=\"post-box post-box--small\" style=\" background-image: url(https:\/\/www.polonia.travel\/pt\/wp-content\/uploads\/sites\/19\/2023\/08\/Opole3-600x349.jpg);\">\n          <div class=\"post-box__hover\" style=\"background-image: url(https:\/\/www.polonia.travel\/pt\/wp-content\/uploads\/sites\/19\/2022\/12\/krasiejow-1-600x400.jpg);\"><\/div>\n        <div class=\"post-box__info\">\n            <div class=\"post-box__title\">A regi\u00e3o de Opole<\/div>\n      <div class=\"post-box__more\">Ver mais<\/div>\n    <\/div>\n  <\/a>\n\n          <\/div>\n          <\/div>\n    <div class=\"post-slider__pagination\"><\/div>\n  <\/div>\n<\/div>\n<\/div><\/div>\n\n\n\n<div style=\"height:100px\" aria-hidden=\"true\" class=\"wp-block-spacer is-style-spacer-small\"><\/div>\n<\/div><\/div>\n","protected":false},"excerpt":{"rendered":"<p>Na lista da UNESCO encontram-se 16 igrejas ortodoxas, das quais oito est\u00e3o situadas na Pol\u00f3nia e outras oito na Ucr\u00e2nia. Na Pol\u00f3nia encontra-se: a igreja de Santa Paraskiewa de Radru\u017c, a igreja do Nascimento de Nossa Senhora de Chotyniec, a igreja de S\u00e3o Miguel Arcanjo de Smolnik, a igreja de S\u00e3o Miguel Arcanjo de Turza\u0144sk [&hellip;]<\/p>\n","protected":false},"author":1,"featured_media":20896,"comment_status":"open","ping_status":"open","sticky":false,"template":"","format":"standard","meta":{"_acf_changed":false,"footnotes":""},"categories":[1039,1036],"class_list":["post-31098","post","type-post","status-publish","format-standard","has-post-thumbnail","hentry","category-unesco","category-descubra-lugares"],"acf":[],"yoast_head":"<!-- This site is optimized with the Yoast SEO plugin v27.4 - https:\/\/yoast.com\/product\/yoast-seo-wordpress\/ -->\n<title>Igrejas ortodoxas de madeira nos C\u00e1rpatos polacos e ucranianos - Polonia Travel (PT)<\/title>\n<meta name=\"robots\" content=\"index, follow, max-snippet:-1, max-image-preview:large, max-video-preview:-1\" \/>\n<link rel=\"canonical\" href=\"https:\/\/wp-pt.poland.travel\/igrejas-ortodoxas-de-madeira-nos-carpatos-polacos-e-ucranianos\/\" \/>\n<meta property=\"og:locale\" content=\"pl_PL\" \/>\n<meta property=\"og:type\" content=\"article\" \/>\n<meta property=\"og:title\" content=\"Igrejas ortodoxas de madeira nos C\u00e1rpatos polacos e ucranianos - Polonia Travel (PT)\" \/>\n<meta property=\"og:description\" content=\"Na lista da UNESCO encontram-se 16 igrejas ortodoxas, das quais oito est\u00e3o situadas na Pol\u00f3nia e outras oito na Ucr\u00e2nia. Na Pol\u00f3nia encontra-se: a igreja de Santa Paraskiewa de Radru\u017c, a igreja do Nascimento de Nossa Senhora de Chotyniec, a igreja de S\u00e3o Miguel Arcanjo de Smolnik, a igreja de S\u00e3o Miguel Arcanjo de Turza\u0144sk [&hellip;]\" \/>\n<meta property=\"og:url\" content=\"https:\/\/wp-pt.poland.travel\/igrejas-ortodoxas-de-madeira-nos-carpatos-polacos-e-ucranianos\/\" \/>\n<meta property=\"og:site_name\" content=\"Polonia Travel (PT)\" \/>\n<meta property=\"article:published_time\" content=\"2024-05-21T10:56:48+00:00\" \/>\n<meta property=\"article:modified_time\" content=\"2024-07-10T08:21:58+00:00\" \/>\n<meta property=\"og:image\" content=\"https:\/\/wp-pt.poland.travel\/wp-content\/uploads\/sites\/19\/2023\/02\/4511_Chotyniec_cerkiew_Narodzenia_NMP_TP_P1920.jpg\" \/>\n\t<meta property=\"og:image:width\" content=\"1920\" \/>\n\t<meta property=\"og:image:height\" content=\"736\" \/>\n\t<meta property=\"og:image:type\" content=\"image\/jpeg\" \/>\n<meta name=\"twitter:card\" content=\"summary_large_image\" \/>\n<meta name=\"twitter:label1\" content=\"Napisane przez\" \/>\n\t<meta name=\"twitter:data1\" content=\"\" \/>\n\t<meta name=\"twitter:label2\" content=\"Szacowany czas czytania\" \/>\n\t<meta name=\"twitter:data2\" content=\"2 minuty\" \/>\n<script type=\"application\/ld+json\" class=\"yoast-schema-graph\">{\"@context\":\"https:\\\/\\\/schema.org\",\"@graph\":[{\"@type\":\"Article\",\"@id\":\"https:\\\/\\\/wp-pt.poland.travel\\\/igrejas-ortodoxas-de-madeira-nos-carpatos-polacos-e-ucranianos\\\/#article\",\"isPartOf\":{\"@id\":\"https:\\\/\\\/wp-pt.poland.travel\\\/igrejas-ortodoxas-de-madeira-nos-carpatos-polacos-e-ucranianos\\\/\"},\"author\":{\"name\":\"\",\"@id\":\"\"},\"headline\":\"Igrejas ortodoxas de madeira nos C\u00e1rpatos polacos e ucranianos\",\"datePublished\":\"2024-05-21T10:56:48+00:00\",\"dateModified\":\"2024-07-10T08:21:58+00:00\",\"mainEntityOfPage\":{\"@id\":\"https:\\\/\\\/wp-pt.poland.travel\\\/igrejas-ortodoxas-de-madeira-nos-carpatos-polacos-e-ucranianos\\\/\"},\"wordCount\":300,\"commentCount\":0,\"publisher\":{\"@id\":\"https:\\\/\\\/wp-pt.poland.travel\\\/#organization\"},\"image\":{\"@id\":\"https:\\\/\\\/wp-pt.poland.travel\\\/igrejas-ortodoxas-de-madeira-nos-carpatos-polacos-e-ucranianos\\\/#primaryimage\"},\"thumbnailUrl\":\"https:\\\/\\\/www.polonia.travel\\\/pt\\\/wp-content\\\/uploads\\\/sites\\\/19\\\/2023\\\/02\\\/4511_Chotyniec_cerkiew_Narodzenia_NMP_TP_P1920.jpg\",\"keywords\":[\"UNESCO\",\"pt\"],\"articleSection\":[\"Unesco\",\"Descubra lugares\"],\"inLanguage\":\"pl-PL\"},{\"@type\":\"WebPage\",\"@id\":\"https:\\\/\\\/wp-pt.poland.travel\\\/igrejas-ortodoxas-de-madeira-nos-carpatos-polacos-e-ucranianos\\\/\",\"url\":\"https:\\\/\\\/wp-pt.poland.travel\\\/igrejas-ortodoxas-de-madeira-nos-carpatos-polacos-e-ucranianos\\\/\",\"name\":\"Igrejas ortodoxas de madeira nos C\u00e1rpatos polacos e ucranianos - Polonia Travel (PT)\",\"isPartOf\":{\"@id\":\"https:\\\/\\\/wp-pt.poland.travel\\\/#website\"},\"primaryImageOfPage\":{\"@id\":\"https:\\\/\\\/wp-pt.poland.travel\\\/igrejas-ortodoxas-de-madeira-nos-carpatos-polacos-e-ucranianos\\\/#primaryimage\"},\"image\":{\"@id\":\"https:\\\/\\\/wp-pt.poland.travel\\\/igrejas-ortodoxas-de-madeira-nos-carpatos-polacos-e-ucranianos\\\/#primaryimage\"},\"thumbnailUrl\":\"https:\\\/\\\/www.polonia.travel\\\/pt\\\/wp-content\\\/uploads\\\/sites\\\/19\\\/2023\\\/02\\\/4511_Chotyniec_cerkiew_Narodzenia_NMP_TP_P1920.jpg\",\"datePublished\":\"2024-05-21T10:56:48+00:00\",\"dateModified\":\"2024-07-10T08:21:58+00:00\",\"breadcrumb\":{\"@id\":\"https:\\\/\\\/wp-pt.poland.travel\\\/igrejas-ortodoxas-de-madeira-nos-carpatos-polacos-e-ucranianos\\\/#breadcrumb\"},\"inLanguage\":\"pl-PL\",\"potentialAction\":[{\"@type\":\"ReadAction\",\"target\":[\"https:\\\/\\\/wp-pt.poland.travel\\\/igrejas-ortodoxas-de-madeira-nos-carpatos-polacos-e-ucranianos\\\/\"]}]},{\"@type\":\"ImageObject\",\"inLanguage\":\"pl-PL\",\"@id\":\"https:\\\/\\\/wp-pt.poland.travel\\\/igrejas-ortodoxas-de-madeira-nos-carpatos-polacos-e-ucranianos\\\/#primaryimage\",\"url\":\"https:\\\/\\\/www.polonia.travel\\\/pt\\\/wp-content\\\/uploads\\\/sites\\\/19\\\/2023\\\/02\\\/4511_Chotyniec_cerkiew_Narodzenia_NMP_TP_P1920.jpg\",\"contentUrl\":\"https:\\\/\\\/www.polonia.travel\\\/pt\\\/wp-content\\\/uploads\\\/sites\\\/19\\\/2023\\\/02\\\/4511_Chotyniec_cerkiew_Narodzenia_NMP_TP_P1920.jpg\",\"width\":1920,\"height\":736},{\"@type\":\"BreadcrumbList\",\"@id\":\"https:\\\/\\\/wp-pt.poland.travel\\\/igrejas-ortodoxas-de-madeira-nos-carpatos-polacos-e-ucranianos\\\/#breadcrumb\",\"itemListElement\":[{\"@type\":\"ListItem\",\"position\":1,\"name\":\"Home page\",\"item\":\"https:\\\/\\\/www.polonia.travel\\\/pt\\\/\"},{\"@type\":\"ListItem\",\"position\":2,\"name\":\"Descubra lugares\",\"item\":\"https:\\\/\\\/wp-pt.poland.travel\\\/category\\\/descubra-lugares\\\/\"},{\"@type\":\"ListItem\",\"position\":3,\"name\":\"Igrejas ortodoxas de madeira nos C\u00e1rpatos polacos e ucranianos\"}]},{\"@type\":\"WebSite\",\"@id\":\"https:\\\/\\\/wp-pt.poland.travel\\\/#website\",\"url\":\"https:\\\/\\\/wp-pt.poland.travel\\\/\",\"name\":\"Polonia Travel (PT)\",\"description\":\"...\",\"publisher\":{\"@id\":\"https:\\\/\\\/wp-pt.poland.travel\\\/#organization\"},\"potentialAction\":[{\"@type\":\"SearchAction\",\"target\":{\"@type\":\"EntryPoint\",\"urlTemplate\":\"https:\\\/\\\/wp-pt.poland.travel\\\/?s={search_term_string}\"},\"query-input\":{\"@type\":\"PropertyValueSpecification\",\"valueRequired\":true,\"valueName\":\"search_term_string\"}}],\"inLanguage\":\"pl-PL\"},{\"@type\":\"Organization\",\"@id\":\"https:\\\/\\\/wp-pt.poland.travel\\\/#organization\",\"name\":\"Polonia Travel (PT)\",\"url\":\"https:\\\/\\\/wp-pt.poland.travel\\\/\",\"logo\":{\"@type\":\"ImageObject\",\"inLanguage\":\"pl-PL\",\"@id\":\"https:\\\/\\\/wp-pt.poland.travel\\\/#\\\/schema\\\/logo\\\/image\\\/\",\"url\":\"https:\\\/\\\/en-en.polska.travel\\\/wp-content\\\/uploads\\\/sites\\\/19\\\/2022\\\/11\\\/logo.svg\",\"contentUrl\":\"https:\\\/\\\/en-en.polska.travel\\\/wp-content\\\/uploads\\\/sites\\\/19\\\/2022\\\/11\\\/logo.svg\",\"width\":198,\"height\":96,\"caption\":\"Polonia Travel (PT)\"},\"image\":{\"@id\":\"https:\\\/\\\/wp-pt.poland.travel\\\/#\\\/schema\\\/logo\\\/image\\\/\"}},{\"@type\":\"Person\",\"@id\":\"\",\"url\":\"https:\\\/\\\/www.polonia.travel\\\/pt\\\/author\\\/\"}]}<\/script>\n<!-- \/ Yoast SEO plugin. -->","yoast_head_json":{"title":"Igrejas ortodoxas de madeira nos C\u00e1rpatos polacos e ucranianos - Polonia Travel (PT)","robots":{"index":"index","follow":"follow","max-snippet":"max-snippet:-1","max-image-preview":"max-image-preview:large","max-video-preview":"max-video-preview:-1"},"canonical":"https:\/\/wp-pt.poland.travel\/igrejas-ortodoxas-de-madeira-nos-carpatos-polacos-e-ucranianos\/","og_locale":"pl_PL","og_type":"article","og_title":"Igrejas ortodoxas de madeira nos C\u00e1rpatos polacos e ucranianos - Polonia Travel (PT)","og_description":"Na lista da UNESCO encontram-se 16 igrejas ortodoxas, das quais oito est\u00e3o situadas na Pol\u00f3nia e outras oito na Ucr\u00e2nia. Na Pol\u00f3nia encontra-se: a igreja de Santa Paraskiewa de Radru\u017c, a igreja do Nascimento de Nossa Senhora de Chotyniec, a igreja de S\u00e3o Miguel Arcanjo de Smolnik, a igreja de S\u00e3o Miguel Arcanjo de Turza\u0144sk [&hellip;]","og_url":"https:\/\/wp-pt.poland.travel\/igrejas-ortodoxas-de-madeira-nos-carpatos-polacos-e-ucranianos\/","og_site_name":"Polonia Travel (PT)","article_published_time":"2024-05-21T10:56:48+00:00","article_modified_time":"2024-07-10T08:21:58+00:00","og_image":[{"width":1920,"height":736,"url":"https:\/\/wp-pt.poland.travel\/wp-content\/uploads\/sites\/19\/2023\/02\/4511_Chotyniec_cerkiew_Narodzenia_NMP_TP_P1920.jpg","type":"image\/jpeg"}],"twitter_card":"summary_large_image","twitter_misc":{"Napisane przez":"","Szacowany czas czytania":"2 minuty"},"schema":{"@context":"https:\/\/schema.org","@graph":[{"@type":"Article","@id":"https:\/\/wp-pt.poland.travel\/igrejas-ortodoxas-de-madeira-nos-carpatos-polacos-e-ucranianos\/#article","isPartOf":{"@id":"https:\/\/wp-pt.poland.travel\/igrejas-ortodoxas-de-madeira-nos-carpatos-polacos-e-ucranianos\/"},"author":{"name":"","@id":""},"headline":"Igrejas ortodoxas de madeira nos C\u00e1rpatos polacos e ucranianos","datePublished":"2024-05-21T10:56:48+00:00","dateModified":"2024-07-10T08:21:58+00:00","mainEntityOfPage":{"@id":"https:\/\/wp-pt.poland.travel\/igrejas-ortodoxas-de-madeira-nos-carpatos-polacos-e-ucranianos\/"},"wordCount":300,"commentCount":0,"publisher":{"@id":"https:\/\/wp-pt.poland.travel\/#organization"},"image":{"@id":"https:\/\/wp-pt.poland.travel\/igrejas-ortodoxas-de-madeira-nos-carpatos-polacos-e-ucranianos\/#primaryimage"},"thumbnailUrl":"https:\/\/www.polonia.travel\/pt\/wp-content\/uploads\/sites\/19\/2023\/02\/4511_Chotyniec_cerkiew_Narodzenia_NMP_TP_P1920.jpg","keywords":["UNESCO","pt"],"articleSection":["Unesco","Descubra lugares"],"inLanguage":"pl-PL"},{"@type":"WebPage","@id":"https:\/\/wp-pt.poland.travel\/igrejas-ortodoxas-de-madeira-nos-carpatos-polacos-e-ucranianos\/","url":"https:\/\/wp-pt.poland.travel\/igrejas-ortodoxas-de-madeira-nos-carpatos-polacos-e-ucranianos\/","name":"Igrejas ortodoxas de madeira nos C\u00e1rpatos polacos e ucranianos - Polonia Travel (PT)","isPartOf":{"@id":"https:\/\/wp-pt.poland.travel\/#website"},"primaryImageOfPage":{"@id":"https:\/\/wp-pt.poland.travel\/igrejas-ortodoxas-de-madeira-nos-carpatos-polacos-e-ucranianos\/#primaryimage"},"image":{"@id":"https:\/\/wp-pt.poland.travel\/igrejas-ortodoxas-de-madeira-nos-carpatos-polacos-e-ucranianos\/#primaryimage"},"thumbnailUrl":"https:\/\/www.polonia.travel\/pt\/wp-content\/uploads\/sites\/19\/2023\/02\/4511_Chotyniec_cerkiew_Narodzenia_NMP_TP_P1920.jpg","datePublished":"2024-05-21T10:56:48+00:00","dateModified":"2024-07-10T08:21:58+00:00","breadcrumb":{"@id":"https:\/\/wp-pt.poland.travel\/igrejas-ortodoxas-de-madeira-nos-carpatos-polacos-e-ucranianos\/#breadcrumb"},"inLanguage":"pl-PL","potentialAction":[{"@type":"ReadAction","target":["https:\/\/wp-pt.poland.travel\/igrejas-ortodoxas-de-madeira-nos-carpatos-polacos-e-ucranianos\/"]}]},{"@type":"ImageObject","inLanguage":"pl-PL","@id":"https:\/\/wp-pt.poland.travel\/igrejas-ortodoxas-de-madeira-nos-carpatos-polacos-e-ucranianos\/#primaryimage","url":"https:\/\/www.polonia.travel\/pt\/wp-content\/uploads\/sites\/19\/2023\/02\/4511_Chotyniec_cerkiew_Narodzenia_NMP_TP_P1920.jpg","contentUrl":"https:\/\/www.polonia.travel\/pt\/wp-content\/uploads\/sites\/19\/2023\/02\/4511_Chotyniec_cerkiew_Narodzenia_NMP_TP_P1920.jpg","width":1920,"height":736},{"@type":"BreadcrumbList","@id":"https:\/\/wp-pt.poland.travel\/igrejas-ortodoxas-de-madeira-nos-carpatos-polacos-e-ucranianos\/#breadcrumb","itemListElement":[{"@type":"ListItem","position":1,"name":"Home page","item":"https:\/\/www.polonia.travel\/pt\/"},{"@type":"ListItem","position":2,"name":"Descubra lugares","item":"https:\/\/wp-pt.poland.travel\/category\/descubra-lugares\/"},{"@type":"ListItem","position":3,"name":"Igrejas ortodoxas de madeira nos C\u00e1rpatos polacos e ucranianos"}]},{"@type":"WebSite","@id":"https:\/\/wp-pt.poland.travel\/#website","url":"https:\/\/wp-pt.poland.travel\/","name":"Polonia Travel (PT)","description":"...","publisher":{"@id":"https:\/\/wp-pt.poland.travel\/#organization"},"potentialAction":[{"@type":"SearchAction","target":{"@type":"EntryPoint","urlTemplate":"https:\/\/wp-pt.poland.travel\/?s={search_term_string}"},"query-input":{"@type":"PropertyValueSpecification","valueRequired":true,"valueName":"search_term_string"}}],"inLanguage":"pl-PL"},{"@type":"Organization","@id":"https:\/\/wp-pt.poland.travel\/#organization","name":"Polonia Travel (PT)","url":"https:\/\/wp-pt.poland.travel\/","logo":{"@type":"ImageObject","inLanguage":"pl-PL","@id":"https:\/\/wp-pt.poland.travel\/#\/schema\/logo\/image\/","url":"https:\/\/en-en.polska.travel\/wp-content\/uploads\/sites\/19\/2022\/11\/logo.svg","contentUrl":"https:\/\/en-en.polska.travel\/wp-content\/uploads\/sites\/19\/2022\/11\/logo.svg","width":198,"height":96,"caption":"Polonia Travel (PT)"},"image":{"@id":"https:\/\/wp-pt.poland.travel\/#\/schema\/logo\/image\/"}},{"@type":"Person","@id":"","url":"https:\/\/www.polonia.travel\/pt\/author\/"}]}},"_links":{"self":[{"href":"https:\/\/www.polonia.travel\/pt\/wp-json\/wp\/v2\/posts\/31098","targetHints":{"allow":["GET"]}}],"collection":[{"href":"https:\/\/www.polonia.travel\/pt\/wp-json\/wp\/v2\/posts"}],"about":[{"href":"https:\/\/www.polonia.travel\/pt\/wp-json\/wp\/v2\/types\/post"}],"author":[{"embeddable":true,"href":"https:\/\/www.polonia.travel\/pt\/wp-json\/wp\/v2\/users\/1"}],"replies":[{"embeddable":true,"href":"https:\/\/www.polonia.travel\/pt\/wp-json\/wp\/v2\/comments?post=31098"}],"version-history":[{"count":7,"href":"https:\/\/www.polonia.travel\/pt\/wp-json\/wp\/v2\/posts\/31098\/revisions"}],"predecessor-version":[{"id":32102,"href":"https:\/\/www.polonia.travel\/pt\/wp-json\/wp\/v2\/posts\/31098\/revisions\/32102"}],"wp:featuredmedia":[{"embeddable":true,"href":"https:\/\/www.polonia.travel\/pt\/wp-json\/wp\/v2\/media\/20896"}],"wp:attachment":[{"href":"https:\/\/www.polonia.travel\/pt\/wp-json\/wp\/v2\/media?parent=31098"}],"wp:term":[{"taxonomy":"category","embeddable":true,"href":"https:\/\/www.polonia.travel\/pt\/wp-json\/wp\/v2\/categories?post=31098"}],"curies":[{"name":"wp","href":"https:\/\/api.w.org\/{rel}","templated":true}]}}