{"id":31045,"date":"2026-03-05T16:20:23","date_gmt":"2026-03-05T15:20:23","guid":{"rendered":"https:\/\/www.polonia.travel\/pt\/?p=31045"},"modified":"2026-03-05T16:25:11","modified_gmt":"2026-03-05T15:25:11","slug":"celebrar-a-pascoa-na-polonia","status":"publish","type":"post","link":"https:\/\/www.polonia.travel\/pt\/celebrar-a-pascoa-na-polonia\/","title":{"rendered":"Celebrar a P\u00e1scoa na Pol\u00f3nia"},"content":{"rendered":"\n<div class=\"wp-block-group is-style-container-medium\"><div class=\"wp-block-group__inner-container is-layout-constrained wp-block-group-is-layout-constrained\">\n<h2 class=\"wp-block-heading\">Celebrar a P\u00e1scoa na Pol\u00f3nia<\/h2>\n\n\n\n<div style=\"height:100px\" aria-hidden=\"true\" class=\"wp-block-spacer is-style-spacer-small\"><\/div>\n\n\n\n<p>A P\u00e1scoa polaca \u00e9 uma festa cheia de tradi\u00e7\u00f5es e costumes singulares, todos eles muito coloridos e acompanhados de v\u00e1rios ritos, trazendo muita alegria aos dias festivos.<\/p>\n\n\n\n<p>A P\u00e1scoa \u00e9 a festa crist\u00e3 mais importante e antiga, e incorpora v\u00e1rias tradi\u00e7\u00f5es que remontam at\u00e9 ao s\u00e9culo XIV. Antigamente, ap\u00f3s o per\u00edodo da Quaresma (que era meticulosamente seguido), as pessoas ansiavam por algo novo. A Quaresma tinha nessa altura uma dimens\u00e3o espiritual e relacionada com o renascimento da natureza.<\/p>\n\n\n\n<p>Algumas tradi\u00e7\u00f5es foram esquecidas ou s\u00e3o apenas parcialmente comemoradas em algumas partes da Pol\u00f3nia. No entanto, h\u00e1 tamb\u00e9m muitas tradi\u00e7\u00f5es que n\u00e3o ca\u00edram no esquecimento e continuam a ser comemoradas at\u00e9 aos dias de hoje. Gra\u00e7as a elas, os dias festivos s\u00e3o mais alegres. Que costumes da P\u00e1scoa s\u00e3o comemorados no Pol\u00f3nia?<\/p>\n\n\n\n<p>Destacamos a bendi\u00e7\u00e3o de alimentos, o pequeno-almo\u00e7o com familiares e o \u015bmigus dyngus, ou seja, o costume de atirar \u00e1gua a outras pessoas.<\/p>\n\n\n  <div class=\"gallery-tiles gallery-tiles--rows-2-3 lightgallery\">\r\n          <a href=\"https:\/\/www.polonia.travel\/pt\/wp-content\/uploads\/sites\/19\/2023\/07\/76256201_Fotolia_Palmy20Wielkanoc_HR.jpg\" class=\"gallery-tiles__item\" data-src=\"https:\/\/www.polonia.travel\/pt\/wp-content\/uploads\/sites\/19\/2023\/07\/76256201_Fotolia_Palmy20Wielkanoc_HR.jpg\"\r\n        aria-label=\"Otw\u00f3rz powi\u0119kszone zdj\u0119cie: Palm trees competition on Easter\">\r\n        <img loading=\"lazy\" decoding=\"async\" width=\"1052\" height=\"680\" src=\"https:\/\/www.polonia.travel\/pt\/wp-content\/uploads\/sites\/19\/2023\/07\/76256201_Fotolia_Palmy20Wielkanoc_HR.jpg\" class=\"gallery-tiles__thumb\" alt=\"\" srcset=\"https:\/\/www.polonia.travel\/pt\/wp-content\/uploads\/sites\/19\/2023\/07\/76256201_Fotolia_Palmy20Wielkanoc_HR.jpg 1052w, https:\/\/www.polonia.travel\/pt\/wp-content\/uploads\/sites\/19\/2023\/07\/76256201_Fotolia_Palmy20Wielkanoc_HR-600x388.jpg 600w, https:\/\/www.polonia.travel\/pt\/wp-content\/uploads\/sites\/19\/2023\/07\/76256201_Fotolia_Palmy20Wielkanoc_HR-768x496.jpg 768w\" sizes=\"auto, (max-width: 1052px) 100vw, 1052px\" \/>      <\/a>\r\n          <a href=\"https:\/\/www.polonia.travel\/pt\/wp-content\/uploads\/sites\/19\/2023\/07\/288_Wielkanoc.jpg\" class=\"gallery-tiles__item\" data-src=\"https:\/\/www.polonia.travel\/pt\/wp-content\/uploads\/sites\/19\/2023\/07\/288_Wielkanoc.jpg\"\r\n        aria-label=\"Otw\u00f3rz powi\u0119kszone zdj\u0119cie: No Person, Food, Delicious, Cake, Homemade\">\r\n        <img loading=\"lazy\" decoding=\"async\" width=\"998\" height=\"680\" src=\"https:\/\/www.polonia.travel\/pt\/wp-content\/uploads\/sites\/19\/2023\/07\/288_Wielkanoc.jpg\" class=\"gallery-tiles__thumb\" alt=\"\" srcset=\"https:\/\/www.polonia.travel\/pt\/wp-content\/uploads\/sites\/19\/2023\/07\/288_Wielkanoc.jpg 998w, https:\/\/www.polonia.travel\/pt\/wp-content\/uploads\/sites\/19\/2023\/07\/288_Wielkanoc-600x409.jpg 600w, https:\/\/www.polonia.travel\/pt\/wp-content\/uploads\/sites\/19\/2023\/07\/288_Wielkanoc-768x523.jpg 768w\" sizes=\"auto, (max-width: 998px) 100vw, 998px\" \/>      <\/a>\r\n          <a href=\"https:\/\/www.polonia.travel\/pt\/wp-content\/uploads\/sites\/19\/2023\/07\/17084_jedzenie_Wielkanoc_KK_HR.jpg\" class=\"gallery-tiles__item\" data-src=\"https:\/\/www.polonia.travel\/pt\/wp-content\/uploads\/sites\/19\/2023\/07\/17084_jedzenie_Wielkanoc_KK_HR.jpg\"\r\n        aria-label=\"Otw\u00f3rz powi\u0119kszone zdj\u0119cie: 17084_jedzenie_Wielkanoc_KK_HR\">\r\n        <img loading=\"lazy\" decoding=\"async\" width=\"1170\" height=\"680\" src=\"https:\/\/www.polonia.travel\/pt\/wp-content\/uploads\/sites\/19\/2023\/07\/17084_jedzenie_Wielkanoc_KK_HR.jpg\" class=\"gallery-tiles__thumb\" alt=\"\" srcset=\"https:\/\/www.polonia.travel\/pt\/wp-content\/uploads\/sites\/19\/2023\/07\/17084_jedzenie_Wielkanoc_KK_HR.jpg 1170w, https:\/\/www.polonia.travel\/pt\/wp-content\/uploads\/sites\/19\/2023\/07\/17084_jedzenie_Wielkanoc_KK_HR-600x349.jpg 600w, https:\/\/www.polonia.travel\/pt\/wp-content\/uploads\/sites\/19\/2023\/07\/17084_jedzenie_Wielkanoc_KK_HR-768x446.jpg 768w\" sizes=\"auto, (max-width: 1170px) 100vw, 1170px\" \/>      <\/a>\r\n          <a href=\"https:\/\/www.polonia.travel\/pt\/wp-content\/uploads\/sites\/19\/2023\/07\/krakow_rynek_pisanki_1170.jpg\" class=\"gallery-tiles__item\" data-src=\"https:\/\/www.polonia.travel\/pt\/wp-content\/uploads\/sites\/19\/2023\/07\/krakow_rynek_pisanki_1170.jpg\"\r\n        aria-label=\"Otw\u00f3rz powi\u0119kszone zdj\u0119cie: krakow_rynek_pisanki_1170\">\r\n        <img loading=\"lazy\" decoding=\"async\" width=\"1170\" height=\"780\" src=\"https:\/\/www.polonia.travel\/pt\/wp-content\/uploads\/sites\/19\/2023\/07\/krakow_rynek_pisanki_1170.jpg\" class=\"gallery-tiles__thumb\" alt=\"\" srcset=\"https:\/\/www.polonia.travel\/pt\/wp-content\/uploads\/sites\/19\/2023\/07\/krakow_rynek_pisanki_1170.jpg 1170w, https:\/\/www.polonia.travel\/pt\/wp-content\/uploads\/sites\/19\/2023\/07\/krakow_rynek_pisanki_1170-600x400.jpg 600w, https:\/\/www.polonia.travel\/pt\/wp-content\/uploads\/sites\/19\/2023\/07\/krakow_rynek_pisanki_1170-768x512.jpg 768w\" sizes=\"auto, (max-width: 1170px) 100vw, 1170px\" \/>      <\/a>\r\n          <a href=\"https:\/\/www.polonia.travel\/pt\/wp-content\/uploads\/sites\/19\/2024\/04\/00152_2272_Lyse_palmy_KK_HR-scaled.jpg\" class=\"gallery-tiles__item\" data-src=\"https:\/\/www.polonia.travel\/pt\/wp-content\/uploads\/sites\/19\/2024\/04\/00152_2272_Lyse_palmy_KK_HR-scaled.jpg\"\r\n        aria-label=\"Otw\u00f3rz powi\u0119kszone zdj\u0119cie: 00152_2272_Lyse_palmy_KK_HR\">\r\n        <img loading=\"lazy\" decoding=\"async\" width=\"1200\" height=\"800\" src=\"https:\/\/www.polonia.travel\/pt\/wp-content\/uploads\/sites\/19\/2024\/04\/00152_2272_Lyse_palmy_KK_HR-1200x800.jpg\" class=\"gallery-tiles__thumb\" alt=\"\" srcset=\"https:\/\/www.polonia.travel\/pt\/wp-content\/uploads\/sites\/19\/2024\/04\/00152_2272_Lyse_palmy_KK_HR-1200x800.jpg 1200w, https:\/\/www.polonia.travel\/pt\/wp-content\/uploads\/sites\/19\/2024\/04\/00152_2272_Lyse_palmy_KK_HR-600x400.jpg 600w, https:\/\/www.polonia.travel\/pt\/wp-content\/uploads\/sites\/19\/2024\/04\/00152_2272_Lyse_palmy_KK_HR-768x512.jpg 768w, https:\/\/www.polonia.travel\/pt\/wp-content\/uploads\/sites\/19\/2024\/04\/00152_2272_Lyse_palmy_KK_HR-1536x1024.jpg 1536w, https:\/\/www.polonia.travel\/pt\/wp-content\/uploads\/sites\/19\/2024\/04\/00152_2272_Lyse_palmy_KK_HR-2048x1365.jpg 2048w, https:\/\/www.polonia.travel\/pt\/wp-content\/uploads\/sites\/19\/2024\/04\/00152_2272_Lyse_palmy_KK_HR-1920x1280.jpg 1920w\" sizes=\"auto, (max-width: 1200px) 100vw, 1200px\" \/>      <\/a>\r\n      <\/div>\r\n\n\n\n<div style=\"height:100px\" aria-hidden=\"true\" class=\"wp-block-spacer is-style-spacer-medium\"><\/div>\n\n\n\n<p><strong>Semana Santa e ramos que trazem felicidade<\/strong><\/p>\n\n\n\n<p>A Semana Santa come\u00e7a no Domingo de Ramos. Nesse dia nas igrejas s\u00e3o benzidas as palmas e os ramos feitos de flores e plantas silvestres. O ramo tradicional \u00e9 feito de galhos de salgueiro que, de acordo com a tradi\u00e7\u00e3o, \u00e9 s\u00edmbolo de uma alma imortal. Hoje em dia os ramos s\u00e3o decorados com flores secas, ervas ou penas de v\u00e1rias cores. A ben\u00e7\u00e3o do ramo \u00e9 uma bonita tradi\u00e7\u00e3o que serve para proteger os habitantes de uma casa contra a m\u00e1-sorte.<\/p>\n\n\n\n<p>As comemora\u00e7\u00f5es mais solenes e coloridas do Domingo de Ramos realizam-se na regi\u00e3o de Kurpie, em Myszyniec, Kadzid\u0142o, Lipiniki e \u0141yse. Esta \u00faltima aldeia merece um destaque especial j\u00e1 que foi ali onde, em 1969, foi realizado o primeiro concurso dos Ramos de P\u00e1scoa nestas terras. A partir desse momento, mais de 4 mil ramos participaram no concurso. Supondo que o comprimento m\u00e9dio de um ramo admitido para o concurso era de 5 metros, o comprimento total de todos supera significativamente os 20 km! Os ramos s\u00e3o execionalmente grossos e t\u00eam in\u00fameras decora\u00e7\u00f5es. Os fazendeiros locais (e por vezes as fam\u00edlias todas) come\u00e7am em fevereiro a preparar as flores para decorar os ramos. Os m\u00e9todos tradicionais de decora\u00e7\u00e3o de ramos como o das flores de papel requintadas passam, em muitas fam\u00edlias, de gera\u00e7\u00e3o em gera\u00e7\u00e3o.<\/p>\n\n\n\n<p>O n\u00facleo do ramo de \u0141yse \u00e9 habitualmente feito com uma vara de aveleira ou pinheiro, que \u00e9 posteriormente decorada com diversas plantas silvestres: buxo, jun\u00edpero, teixo. As varas de pinheiro s\u00e3o feitas de \u00e1rvores jovens, deixando um ramo no topo. Esta parte do ramo \u00e9 decorada com flores bonitas e coloridas ou com fitas de papel.<\/p>\n\n\n\n<p>O Domingo de Ramos em \u0141yse \u00e9 um dos espet\u00e1culos populares mais coloridos de todos. Os ramos, com v\u00e1rios metros de altura, s\u00e3o carregados por habitantes da regi\u00e3o que usam uma roupa colorida tradicional, formando uma imagem que fica na mem\u00f3ria por muito tempo. \u00c9 por isso que \u00e9 necess\u00e1rio levar uma m\u00e1quina fotogr\u00e1fica para participar nestas celebra\u00e7\u00f5es.<\/p>\n\n\n\n<div style=\"height:100px\" aria-hidden=\"true\" class=\"wp-block-spacer is-style-spacer-medium\"><\/div>\n\n\n\n<p><strong>Cesta com alimentos benzidos<\/strong><\/p>\n\n\n\n<p>O S\u00e1bado de P\u00e1scoa \u00e9 o dia do Renascimento de Jesus Cristo. \u00c9 neste dia que fam\u00edlias inteiras v\u00e3o \u00e0s igrejas com cestas decoradas para bendizer alimentos que ser\u00e3o comidos no dia seguinte, ou seja, no Domingo de P\u00e1scoa. Atualmente no S\u00e1bado de P\u00e1scoa s\u00e3o benzidos n\u00e3o s\u00f3 os alimentos, como tamb\u00e9m a \u00e1gua, o fogo e os espinhos. Dentro das cestas decoradas com buxo deve estar:<\/p>\n\n\n\n<ul class=\"wp-block-list\">\n<li> <strong>um cordeiro<\/strong> <strong>de a\u00e7\u00facar<\/strong> &#8211; s\u00edmbolo de Jesus ressuscitado,<\/li>\n<\/ul>\n\n\n\n<ul class=\"wp-block-list\">\n<li><strong>ovos<\/strong> <strong>cozidos<\/strong> &#8211; s\u00edmbolo de uma nova vida,<\/li>\n<\/ul>\n\n\n\n<ul class=\"wp-block-list\">\n<li><strong>p\u00e3o<\/strong> &#8211; s\u00edmbolo do corpo de Jesus Cristo, prosperidade e sorte,<\/li>\n<\/ul>\n\n\n\n<ul class=\"wp-block-list\">\n<li><strong>raiz-forte<\/strong> &#8211; s\u00edmbolo da paix\u00e3o de Jesus,<\/li>\n<\/ul>\n\n\n\n<ul class=\"wp-block-list\">\n<li><strong>sal<\/strong> &#8211; ess\u00eancia da verdade,<\/li>\n<\/ul>\n\n\n\n<ul class=\"wp-block-list\">\n<li><strong>queijo<\/strong> &#8211; s\u00edmbolo de reconcilia\u00e7\u00e3o do homem com a natureza<\/li>\n<\/ul>\n\n\n\n<ul class=\"wp-block-list\">\n<li><strong>bolo<\/strong> (<em>babka<\/em>) &#8211; s\u00edmbolo de habilidade<\/li>\n<\/ul>\n\n\n\n<ul class=\"wp-block-list\">\n<li><strong>carnes frias<\/strong> &#8211; s\u00edmbolo do final da Quaresma<\/li>\n<\/ul>\n\n\n\n<figure class=\"wp-block-image size-large\"><img loading=\"lazy\" decoding=\"async\" width=\"1200\" height=\"800\" src=\"https:\/\/www.polonia.travel\/pt\/wp-content\/uploads\/sites\/19\/2026\/03\/AdobeStock_263529238_wielkanoc_swieconka_koszyk-1200x800.jpeg\" alt=\"\" class=\"wp-image-32964\" srcset=\"https:\/\/www.polonia.travel\/pt\/wp-content\/uploads\/sites\/19\/2026\/03\/AdobeStock_263529238_wielkanoc_swieconka_koszyk-1200x800.jpeg 1200w, https:\/\/www.polonia.travel\/pt\/wp-content\/uploads\/sites\/19\/2026\/03\/AdobeStock_263529238_wielkanoc_swieconka_koszyk-600x400.jpeg 600w, https:\/\/www.polonia.travel\/pt\/wp-content\/uploads\/sites\/19\/2026\/03\/AdobeStock_263529238_wielkanoc_swieconka_koszyk-768x512.jpeg 768w, https:\/\/www.polonia.travel\/pt\/wp-content\/uploads\/sites\/19\/2026\/03\/AdobeStock_263529238_wielkanoc_swieconka_koszyk-1536x1024.jpeg 1536w, https:\/\/www.polonia.travel\/pt\/wp-content\/uploads\/sites\/19\/2026\/03\/AdobeStock_263529238_wielkanoc_swieconka_koszyk-2048x1365.jpeg 2048w, https:\/\/www.polonia.travel\/pt\/wp-content\/uploads\/sites\/19\/2026\/03\/AdobeStock_263529238_wielkanoc_swieconka_koszyk-1920x1280.jpeg 1920w\" sizes=\"auto, (max-width: 1200px) 100vw, 1200px\" \/><\/figure>\n\n\n\n<div style=\"height:100px\" aria-hidden=\"true\" class=\"wp-block-spacer is-style-spacer-medium\"><\/div>\n\n\n\n<p><strong>Domingo da P\u00e1scoa<\/strong><\/p>\n\n\n\n<p>Uma das tradi\u00e7\u00f5es mais populares e mais solenes \u00e9 o pequeno-almo\u00e7o no Domingo de P\u00e1scoa. Durante o pequeno-almo\u00e7o as fam\u00edlias partilham ovos cozidos. Segundo a tradi\u00e7\u00e3o, durante a festa devem aparecer na mesa todos os alimentos que nos faziam falta durante a Quaresma. Devem ser igualmente servidos todos os alimentos benzidos no dia anterior. Na mesa nunca falta: a sopa tradicional (<em>\u017curek<\/em>), a salsicha branca, os pat\u00eas, as carnes assadas e os enchidos. A tradi\u00e7\u00e3o manda ainda preparar dois bolos t\u00edpicos como a babka e o mazurek.<\/p>\n\n\n\n<div style=\"height:100px\" aria-hidden=\"true\" class=\"wp-block-spacer is-style-spacer-medium\"><\/div>\n\n\n\n<p><strong>Segunda-feira da P\u00e1scoa (a chamada segunda-feira molhada)<\/strong><\/p>\n\n\n\n<p>A Segunda-Feira de P\u00e1scoa ou <em>\u015bmigus dyngus<\/em> \u00e9, sem sombra de d\u00favida, uma das mais famosas tradi\u00e7\u00f5es. O <em>\u015amigus-dyngus<\/em> \u00e9 uma brincadeira que consiste em atirar \u00e1gua a outras pessoas. Neste dia, costumava-se atirar \u00e1gua contra meninas jovens. Aquela que ficou chateada ou que n\u00e3o ficou molhada ficaria para tia. Era poss\u00edvel evitar ficar molhado (\u015bmigus) pagando um tributo em forma de ovos pintados, doces ou dinheiro. Era o chamado dyngus. No entanto, hoje em dia, o \u015bmigus-dyngus difere do seu significado original.<\/p>\n\n\n\n<div style=\"height:100px\" aria-hidden=\"true\" class=\"wp-block-spacer is-style-spacer-small\"><\/div>\n\n\n\n<figure class=\"wp-block-image size-large\"><img loading=\"lazy\" decoding=\"async\" width=\"1200\" height=\"800\" src=\"https:\/\/www.polonia.travel\/pt\/wp-content\/uploads\/sites\/19\/2026\/03\/PENT9471-1200x800.jpg\" alt=\"\" class=\"wp-image-32963\" srcset=\"https:\/\/www.polonia.travel\/pt\/wp-content\/uploads\/sites\/19\/2026\/03\/PENT9471-1200x800.jpg 1200w, https:\/\/www.polonia.travel\/pt\/wp-content\/uploads\/sites\/19\/2026\/03\/PENT9471-600x400.jpg 600w, https:\/\/www.polonia.travel\/pt\/wp-content\/uploads\/sites\/19\/2026\/03\/PENT9471-768x512.jpg 768w, https:\/\/www.polonia.travel\/pt\/wp-content\/uploads\/sites\/19\/2026\/03\/PENT9471-1536x1024.jpg 1536w, https:\/\/www.polonia.travel\/pt\/wp-content\/uploads\/sites\/19\/2026\/03\/PENT9471-2048x1365.jpg 2048w, https:\/\/www.polonia.travel\/pt\/wp-content\/uploads\/sites\/19\/2026\/03\/PENT9471-1920x1279.jpg 1920w\" sizes=\"auto, (max-width: 1200px) 100vw, 1200px\" \/><\/figure>\n\n\n\n<div style=\"height:100px\" aria-hidden=\"true\" class=\"wp-block-spacer is-style-spacer-medium\"><\/div>\n\n\n\n<p><strong>Ovos decorados (<em>pisanki<\/em>)<\/strong><\/p>\n\n\n\n<p>Os ovos pintados \u00e9 uma das tradi\u00e7\u00f5es mais famosas da P\u00e1scoa na Pol\u00f3nia.<\/p>\n\n\n\n<p>As origens dos ovos pintados remontam aos tempos antigos e \u00e0 P\u00e9rsia. Segundo mandava a tradi\u00e7\u00e3o, os persas antigos costumavam oferecer ovos pintados a vermelho a como um gesto de amizade. Os ovos vermelhos teriam uma for\u00e7a m\u00e1gica, que simboliza o cora\u00e7\u00e3o e o amor.<\/p>\n\n\n\n<p>H\u00e1 muitos s\u00e9culos que os ovos com decora\u00e7\u00f5es bonitas decoram as mesas durante a P\u00e1scoa. N\u00e3o podem por isso faltar na cesta benzida no S\u00e1bado de P\u00e1scoa. A tradi\u00e7\u00e3o de pintar os ovos foi preservada embora os m\u00e9todos de pintura e decora\u00e7\u00e3o tenham evolu\u00eddo.<\/p>\n\n\n\n<p>O m\u00e9todo mais r\u00e1pido de decora\u00e7\u00e3o dos ovos consiste em coloc\u00e1-los em \u00e1gua quente previamente dissolvida com um corante. As cascas podem ter tamb\u00e9m cores bonitas gra\u00e7as a corantes naturais. O sumo de beterraba fresco ligeiramente fermentado d\u00e1 \u00e0 casca de ovo diversas tonalidades de rosa e vermelho, o sumo de mirtilo pinta-o de roxo, o extrato de cascas secas de cebola deixa o ovo castanho e a \u00e1gua com adi\u00e7\u00e3o de cebolinho ou erva fresca deixa o ovo verde.<\/p>\n\n\n\n<p>Se colocamos na casca limpa um padr\u00e3o de cera derretida e a seguir imergimos o ovo em \u00e1gua com um corante, ficar\u00e3o pintados apenas os fragmentos n\u00e3o cobertos por cera. As partes que ficarem cobertas n\u00e3o mudar\u00e3o de cor. Ap\u00f3s tirar os ovos da \u00e1gua, basta esfregar a cera com um pano macio.<\/p>\n\n\n\n<p>As cascas com cores intensas podem ser decoradas com padr\u00f5es finos. O m\u00e9todo \u00e9 simples: basta riscar diversas decora\u00e7\u00f5es com um alfinete ou faca pontiaguda. O padr\u00e3o que se obt\u00e9m desta forma \u00e9 t\u00e3o subtil que faz lembrar uma renda. \u00c9 um m\u00e9todo para pessoas perseverantes.<\/p>\n<\/div><\/div>\n\n\n\n<div class=\"wp-block-group is-style-container-medium\"><div class=\"wp-block-group__inner-container is-layout-constrained wp-block-group-is-layout-constrained\">\n<figure class=\"wp-block-gallery has-nested-images columns-default is-cropped wp-block-gallery-1 is-layout-flex wp-block-gallery-is-layout-flex\">\n<figure class=\"wp-block-image size-large\"><img loading=\"lazy\" decoding=\"async\" width=\"1019\" height=\"680\" data-id=\"27892\" src=\"https:\/\/www.polonia.travel\/pt\/wp-content\/uploads\/sites\/19\/2023\/07\/80032977_Pisanki_Bazie.jpg\" alt=\"\" class=\"wp-image-27892\" srcset=\"https:\/\/www.polonia.travel\/pt\/wp-content\/uploads\/sites\/19\/2023\/07\/80032977_Pisanki_Bazie.jpg 1019w, https:\/\/www.polonia.travel\/pt\/wp-content\/uploads\/sites\/19\/2023\/07\/80032977_Pisanki_Bazie-600x400.jpg 600w, https:\/\/www.polonia.travel\/pt\/wp-content\/uploads\/sites\/19\/2023\/07\/80032977_Pisanki_Bazie-768x513.jpg 768w\" sizes=\"auto, (max-width: 1019px) 100vw, 1019px\" \/><\/figure>\n\n\n\n<figure class=\"wp-block-image size-large\"><img loading=\"lazy\" decoding=\"async\" width=\"1200\" height=\"800\" data-id=\"32965\" src=\"https:\/\/www.polonia.travel\/pt\/wp-content\/uploads\/sites\/19\/2026\/03\/273_Wielkanoc-1200x800.jpg\" alt=\"\" class=\"wp-image-32965\" srcset=\"https:\/\/www.polonia.travel\/pt\/wp-content\/uploads\/sites\/19\/2026\/03\/273_Wielkanoc-1200x800.jpg 1200w, https:\/\/www.polonia.travel\/pt\/wp-content\/uploads\/sites\/19\/2026\/03\/273_Wielkanoc-600x400.jpg 600w, https:\/\/www.polonia.travel\/pt\/wp-content\/uploads\/sites\/19\/2026\/03\/273_Wielkanoc-768x512.jpg 768w, https:\/\/www.polonia.travel\/pt\/wp-content\/uploads\/sites\/19\/2026\/03\/273_Wielkanoc-1536x1024.jpg 1536w, https:\/\/www.polonia.travel\/pt\/wp-content\/uploads\/sites\/19\/2026\/03\/273_Wielkanoc-2048x1366.jpg 2048w, https:\/\/www.polonia.travel\/pt\/wp-content\/uploads\/sites\/19\/2026\/03\/273_Wielkanoc-1920x1280.jpg 1920w\" sizes=\"auto, (max-width: 1200px) 100vw, 1200px\" \/><figcaption class=\"wp-element-caption\">Ovos pintados \u00e0 m\u00e3o<\/figcaption><\/figure>\n\n\n\n<figure class=\"wp-block-image size-large\"><img loading=\"lazy\" decoding=\"async\" width=\"1200\" height=\"675\" data-id=\"32966\" src=\"https:\/\/www.polonia.travel\/pt\/wp-content\/uploads\/sites\/19\/2026\/03\/249_Wielkanoc-1200x675.jpg\" alt=\"\" class=\"wp-image-32966\" srcset=\"https:\/\/www.polonia.travel\/pt\/wp-content\/uploads\/sites\/19\/2026\/03\/249_Wielkanoc-1200x675.jpg 1200w, https:\/\/www.polonia.travel\/pt\/wp-content\/uploads\/sites\/19\/2026\/03\/249_Wielkanoc-600x338.jpg 600w, https:\/\/www.polonia.travel\/pt\/wp-content\/uploads\/sites\/19\/2026\/03\/249_Wielkanoc-768x432.jpg 768w, https:\/\/www.polonia.travel\/pt\/wp-content\/uploads\/sites\/19\/2026\/03\/249_Wielkanoc-1536x864.jpg 1536w, https:\/\/www.polonia.travel\/pt\/wp-content\/uploads\/sites\/19\/2026\/03\/249_Wielkanoc-2048x1152.jpg 2048w, https:\/\/www.polonia.travel\/pt\/wp-content\/uploads\/sites\/19\/2026\/03\/249_Wielkanoc-1920x1080.jpg 1920w\" sizes=\"auto, (max-width: 1200px) 100vw, 1200px\" \/><\/figure>\n<\/figure>\n<\/div><\/div>\n\n\n\n<div style=\"height:100px\" aria-hidden=\"true\" class=\"wp-block-spacer\"><\/div>\n","protected":false},"excerpt":{"rendered":"<p>Celebrar a P\u00e1scoa na Pol\u00f3nia A P\u00e1scoa polaca \u00e9 uma festa cheia de tradi\u00e7\u00f5es e costumes singulares, todos eles muito coloridos e acompanhados de v\u00e1rios ritos, trazendo muita alegria aos dias festivos. A P\u00e1scoa \u00e9 a festa crist\u00e3 mais importante e antiga, e incorpora v\u00e1rias tradi\u00e7\u00f5es que remontam at\u00e9 ao s\u00e9culo XIV. Antigamente, ap\u00f3s o [&hellip;]<\/p>\n","protected":false},"author":1,"featured_media":32966,"comment_status":"open","ping_status":"open","sticky":false,"template":"","format":"standard","meta":{"_acf_changed":false,"footnotes":""},"categories":[1053],"class_list":["post-31045","post","type-post","status-publish","format-standard","has-post-thumbnail","hentry","category-inspiracoes"],"acf":[],"yoast_head":"<!-- This site is optimized with the Yoast SEO plugin v27.4 - https:\/\/yoast.com\/product\/yoast-seo-wordpress\/ -->\n<title>Celebrar a P\u00e1scoa na Pol\u00f3nia - Polonia Travel (PT)<\/title>\n<meta name=\"robots\" content=\"index, follow, max-snippet:-1, max-image-preview:large, max-video-preview:-1\" \/>\n<link rel=\"canonical\" href=\"https:\/\/www.polonia.travel\/pt\/celebrar-a-pascoa-na-polonia\/\" \/>\n<meta property=\"og:locale\" content=\"pl_PL\" \/>\n<meta property=\"og:type\" content=\"article\" \/>\n<meta property=\"og:title\" content=\"Celebrar a P\u00e1scoa na Pol\u00f3nia - Polonia Travel (PT)\" \/>\n<meta property=\"og:description\" content=\"Celebrar a P\u00e1scoa na Pol\u00f3nia A P\u00e1scoa polaca \u00e9 uma festa cheia de tradi\u00e7\u00f5es e costumes singulares, todos eles muito coloridos e acompanhados de v\u00e1rios ritos, trazendo muita alegria aos dias festivos. A P\u00e1scoa \u00e9 a festa crist\u00e3 mais importante e antiga, e incorpora v\u00e1rias tradi\u00e7\u00f5es que remontam at\u00e9 ao s\u00e9culo XIV. Antigamente, ap\u00f3s o [&hellip;]\" \/>\n<meta property=\"og:url\" content=\"https:\/\/www.polonia.travel\/pt\/celebrar-a-pascoa-na-polonia\/\" \/>\n<meta property=\"og:site_name\" content=\"Polonia Travel (PT)\" \/>\n<meta property=\"article:published_time\" content=\"2026-03-05T15:20:23+00:00\" \/>\n<meta property=\"article:modified_time\" content=\"2026-03-05T15:25:11+00:00\" \/>\n<meta property=\"og:image\" content=\"https:\/\/www.polonia.travel\/pt\/wp-content\/uploads\/sites\/19\/2026\/03\/249_Wielkanoc-scaled.jpg\" \/>\n\t<meta property=\"og:image:width\" content=\"2560\" \/>\n\t<meta property=\"og:image:height\" content=\"1440\" \/>\n\t<meta property=\"og:image:type\" content=\"image\/jpeg\" \/>\n<meta name=\"twitter:card\" content=\"summary_large_image\" \/>\n<meta name=\"twitter:label1\" content=\"Napisane przez\" \/>\n\t<meta name=\"twitter:data1\" content=\"\" \/>\n\t<meta name=\"twitter:label2\" content=\"Szacowany czas czytania\" \/>\n\t<meta name=\"twitter:data2\" content=\"8 minut\" \/>\n<script type=\"application\/ld+json\" class=\"yoast-schema-graph\">{\"@context\":\"https:\\\/\\\/schema.org\",\"@graph\":[{\"@type\":\"Article\",\"@id\":\"https:\\\/\\\/www.polonia.travel\\\/pt\\\/celebrar-a-pascoa-na-polonia\\\/#article\",\"isPartOf\":{\"@id\":\"https:\\\/\\\/www.polonia.travel\\\/pt\\\/celebrar-a-pascoa-na-polonia\\\/\"},\"author\":{\"name\":\"\",\"@id\":\"\"},\"headline\":\"Celebrar a P\u00e1scoa na Pol\u00f3nia\",\"datePublished\":\"2026-03-05T15:20:23+00:00\",\"dateModified\":\"2026-03-05T15:25:11+00:00\",\"mainEntityOfPage\":{\"@id\":\"https:\\\/\\\/www.polonia.travel\\\/pt\\\/celebrar-a-pascoa-na-polonia\\\/\"},\"wordCount\":1221,\"commentCount\":0,\"publisher\":{\"@id\":\"https:\\\/\\\/wp-pt.poland.travel\\\/#organization\"},\"image\":{\"@id\":\"https:\\\/\\\/www.polonia.travel\\\/pt\\\/celebrar-a-pascoa-na-polonia\\\/#primaryimage\"},\"thumbnailUrl\":\"https:\\\/\\\/www.polonia.travel\\\/pt\\\/wp-content\\\/uploads\\\/sites\\\/19\\\/2026\\\/03\\\/249_Wielkanoc-scaled.jpg\",\"keywords\":[\"pt\",\"tradic\u00f5es\"],\"articleSection\":[\"Inspira\u00e7\u00f5es\"],\"inLanguage\":\"pl-PL\"},{\"@type\":\"WebPage\",\"@id\":\"https:\\\/\\\/www.polonia.travel\\\/pt\\\/celebrar-a-pascoa-na-polonia\\\/\",\"url\":\"https:\\\/\\\/www.polonia.travel\\\/pt\\\/celebrar-a-pascoa-na-polonia\\\/\",\"name\":\"Celebrar a P\u00e1scoa na Pol\u00f3nia - Polonia Travel (PT)\",\"isPartOf\":{\"@id\":\"https:\\\/\\\/wp-pt.poland.travel\\\/#website\"},\"primaryImageOfPage\":{\"@id\":\"https:\\\/\\\/www.polonia.travel\\\/pt\\\/celebrar-a-pascoa-na-polonia\\\/#primaryimage\"},\"image\":{\"@id\":\"https:\\\/\\\/www.polonia.travel\\\/pt\\\/celebrar-a-pascoa-na-polonia\\\/#primaryimage\"},\"thumbnailUrl\":\"https:\\\/\\\/www.polonia.travel\\\/pt\\\/wp-content\\\/uploads\\\/sites\\\/19\\\/2026\\\/03\\\/249_Wielkanoc-scaled.jpg\",\"datePublished\":\"2026-03-05T15:20:23+00:00\",\"dateModified\":\"2026-03-05T15:25:11+00:00\",\"breadcrumb\":{\"@id\":\"https:\\\/\\\/www.polonia.travel\\\/pt\\\/celebrar-a-pascoa-na-polonia\\\/#breadcrumb\"},\"inLanguage\":\"pl-PL\",\"potentialAction\":[{\"@type\":\"ReadAction\",\"target\":[\"https:\\\/\\\/www.polonia.travel\\\/pt\\\/celebrar-a-pascoa-na-polonia\\\/\"]}]},{\"@type\":\"ImageObject\",\"inLanguage\":\"pl-PL\",\"@id\":\"https:\\\/\\\/www.polonia.travel\\\/pt\\\/celebrar-a-pascoa-na-polonia\\\/#primaryimage\",\"url\":\"https:\\\/\\\/www.polonia.travel\\\/pt\\\/wp-content\\\/uploads\\\/sites\\\/19\\\/2026\\\/03\\\/249_Wielkanoc-scaled.jpg\",\"contentUrl\":\"https:\\\/\\\/www.polonia.travel\\\/pt\\\/wp-content\\\/uploads\\\/sites\\\/19\\\/2026\\\/03\\\/249_Wielkanoc-scaled.jpg\",\"width\":2560,\"height\":1440},{\"@type\":\"BreadcrumbList\",\"@id\":\"https:\\\/\\\/www.polonia.travel\\\/pt\\\/celebrar-a-pascoa-na-polonia\\\/#breadcrumb\",\"itemListElement\":[{\"@type\":\"ListItem\",\"position\":1,\"name\":\"Home page\",\"item\":\"https:\\\/\\\/www.polonia.travel\\\/pt\\\/\"},{\"@type\":\"ListItem\",\"position\":2,\"name\":\"Inspira\u00e7\u00f5es de viagem\",\"item\":\"https:\\\/\\\/wp-pt.poland.travel\\\/category\\\/inspiracoes-de-viagem\\\/\"},{\"@type\":\"ListItem\",\"position\":3,\"name\":\"Inspira\u00e7\u00f5es\",\"item\":\"https:\\\/\\\/wp-pt.poland.travel\\\/category\\\/inspiracoes-de-viagem\\\/inspiracoes\\\/\"},{\"@type\":\"ListItem\",\"position\":4,\"name\":\"Celebrar a P\u00e1scoa na Pol\u00f3nia\"}]},{\"@type\":\"WebSite\",\"@id\":\"https:\\\/\\\/wp-pt.poland.travel\\\/#website\",\"url\":\"https:\\\/\\\/wp-pt.poland.travel\\\/\",\"name\":\"Polonia Travel (PT)\",\"description\":\"...\",\"publisher\":{\"@id\":\"https:\\\/\\\/wp-pt.poland.travel\\\/#organization\"},\"potentialAction\":[{\"@type\":\"SearchAction\",\"target\":{\"@type\":\"EntryPoint\",\"urlTemplate\":\"https:\\\/\\\/wp-pt.poland.travel\\\/?s={search_term_string}\"},\"query-input\":{\"@type\":\"PropertyValueSpecification\",\"valueRequired\":true,\"valueName\":\"search_term_string\"}}],\"inLanguage\":\"pl-PL\"},{\"@type\":\"Organization\",\"@id\":\"https:\\\/\\\/wp-pt.poland.travel\\\/#organization\",\"name\":\"Polonia Travel (PT)\",\"url\":\"https:\\\/\\\/wp-pt.poland.travel\\\/\",\"logo\":{\"@type\":\"ImageObject\",\"inLanguage\":\"pl-PL\",\"@id\":\"https:\\\/\\\/wp-pt.poland.travel\\\/#\\\/schema\\\/logo\\\/image\\\/\",\"url\":\"https:\\\/\\\/en-en.polska.travel\\\/wp-content\\\/uploads\\\/sites\\\/19\\\/2022\\\/11\\\/logo.svg\",\"contentUrl\":\"https:\\\/\\\/en-en.polska.travel\\\/wp-content\\\/uploads\\\/sites\\\/19\\\/2022\\\/11\\\/logo.svg\",\"width\":198,\"height\":96,\"caption\":\"Polonia Travel (PT)\"},\"image\":{\"@id\":\"https:\\\/\\\/wp-pt.poland.travel\\\/#\\\/schema\\\/logo\\\/image\\\/\"}},{\"@type\":\"Person\",\"@id\":\"\",\"url\":\"https:\\\/\\\/www.polonia.travel\\\/pt\\\/author\\\/\"}]}<\/script>\n<!-- \/ Yoast SEO plugin. -->","yoast_head_json":{"title":"Celebrar a P\u00e1scoa na Pol\u00f3nia - Polonia Travel (PT)","robots":{"index":"index","follow":"follow","max-snippet":"max-snippet:-1","max-image-preview":"max-image-preview:large","max-video-preview":"max-video-preview:-1"},"canonical":"https:\/\/www.polonia.travel\/pt\/celebrar-a-pascoa-na-polonia\/","og_locale":"pl_PL","og_type":"article","og_title":"Celebrar a P\u00e1scoa na Pol\u00f3nia - Polonia Travel (PT)","og_description":"Celebrar a P\u00e1scoa na Pol\u00f3nia A P\u00e1scoa polaca \u00e9 uma festa cheia de tradi\u00e7\u00f5es e costumes singulares, todos eles muito coloridos e acompanhados de v\u00e1rios ritos, trazendo muita alegria aos dias festivos. A P\u00e1scoa \u00e9 a festa crist\u00e3 mais importante e antiga, e incorpora v\u00e1rias tradi\u00e7\u00f5es que remontam at\u00e9 ao s\u00e9culo XIV. Antigamente, ap\u00f3s o [&hellip;]","og_url":"https:\/\/www.polonia.travel\/pt\/celebrar-a-pascoa-na-polonia\/","og_site_name":"Polonia Travel (PT)","article_published_time":"2026-03-05T15:20:23+00:00","article_modified_time":"2026-03-05T15:25:11+00:00","og_image":[{"width":2560,"height":1440,"url":"https:\/\/www.polonia.travel\/pt\/wp-content\/uploads\/sites\/19\/2026\/03\/249_Wielkanoc-scaled.jpg","type":"image\/jpeg"}],"twitter_card":"summary_large_image","twitter_misc":{"Napisane przez":"","Szacowany czas czytania":"8 minut"},"schema":{"@context":"https:\/\/schema.org","@graph":[{"@type":"Article","@id":"https:\/\/www.polonia.travel\/pt\/celebrar-a-pascoa-na-polonia\/#article","isPartOf":{"@id":"https:\/\/www.polonia.travel\/pt\/celebrar-a-pascoa-na-polonia\/"},"author":{"name":"","@id":""},"headline":"Celebrar a P\u00e1scoa na Pol\u00f3nia","datePublished":"2026-03-05T15:20:23+00:00","dateModified":"2026-03-05T15:25:11+00:00","mainEntityOfPage":{"@id":"https:\/\/www.polonia.travel\/pt\/celebrar-a-pascoa-na-polonia\/"},"wordCount":1221,"commentCount":0,"publisher":{"@id":"https:\/\/wp-pt.poland.travel\/#organization"},"image":{"@id":"https:\/\/www.polonia.travel\/pt\/celebrar-a-pascoa-na-polonia\/#primaryimage"},"thumbnailUrl":"https:\/\/www.polonia.travel\/pt\/wp-content\/uploads\/sites\/19\/2026\/03\/249_Wielkanoc-scaled.jpg","keywords":["pt","tradic\u00f5es"],"articleSection":["Inspira\u00e7\u00f5es"],"inLanguage":"pl-PL"},{"@type":"WebPage","@id":"https:\/\/www.polonia.travel\/pt\/celebrar-a-pascoa-na-polonia\/","url":"https:\/\/www.polonia.travel\/pt\/celebrar-a-pascoa-na-polonia\/","name":"Celebrar a P\u00e1scoa na Pol\u00f3nia - Polonia Travel (PT)","isPartOf":{"@id":"https:\/\/wp-pt.poland.travel\/#website"},"primaryImageOfPage":{"@id":"https:\/\/www.polonia.travel\/pt\/celebrar-a-pascoa-na-polonia\/#primaryimage"},"image":{"@id":"https:\/\/www.polonia.travel\/pt\/celebrar-a-pascoa-na-polonia\/#primaryimage"},"thumbnailUrl":"https:\/\/www.polonia.travel\/pt\/wp-content\/uploads\/sites\/19\/2026\/03\/249_Wielkanoc-scaled.jpg","datePublished":"2026-03-05T15:20:23+00:00","dateModified":"2026-03-05T15:25:11+00:00","breadcrumb":{"@id":"https:\/\/www.polonia.travel\/pt\/celebrar-a-pascoa-na-polonia\/#breadcrumb"},"inLanguage":"pl-PL","potentialAction":[{"@type":"ReadAction","target":["https:\/\/www.polonia.travel\/pt\/celebrar-a-pascoa-na-polonia\/"]}]},{"@type":"ImageObject","inLanguage":"pl-PL","@id":"https:\/\/www.polonia.travel\/pt\/celebrar-a-pascoa-na-polonia\/#primaryimage","url":"https:\/\/www.polonia.travel\/pt\/wp-content\/uploads\/sites\/19\/2026\/03\/249_Wielkanoc-scaled.jpg","contentUrl":"https:\/\/www.polonia.travel\/pt\/wp-content\/uploads\/sites\/19\/2026\/03\/249_Wielkanoc-scaled.jpg","width":2560,"height":1440},{"@type":"BreadcrumbList","@id":"https:\/\/www.polonia.travel\/pt\/celebrar-a-pascoa-na-polonia\/#breadcrumb","itemListElement":[{"@type":"ListItem","position":1,"name":"Home page","item":"https:\/\/www.polonia.travel\/pt\/"},{"@type":"ListItem","position":2,"name":"Inspira\u00e7\u00f5es de viagem","item":"https:\/\/wp-pt.poland.travel\/category\/inspiracoes-de-viagem\/"},{"@type":"ListItem","position":3,"name":"Inspira\u00e7\u00f5es","item":"https:\/\/wp-pt.poland.travel\/category\/inspiracoes-de-viagem\/inspiracoes\/"},{"@type":"ListItem","position":4,"name":"Celebrar a P\u00e1scoa na Pol\u00f3nia"}]},{"@type":"WebSite","@id":"https:\/\/wp-pt.poland.travel\/#website","url":"https:\/\/wp-pt.poland.travel\/","name":"Polonia Travel (PT)","description":"...","publisher":{"@id":"https:\/\/wp-pt.poland.travel\/#organization"},"potentialAction":[{"@type":"SearchAction","target":{"@type":"EntryPoint","urlTemplate":"https:\/\/wp-pt.poland.travel\/?s={search_term_string}"},"query-input":{"@type":"PropertyValueSpecification","valueRequired":true,"valueName":"search_term_string"}}],"inLanguage":"pl-PL"},{"@type":"Organization","@id":"https:\/\/wp-pt.poland.travel\/#organization","name":"Polonia Travel (PT)","url":"https:\/\/wp-pt.poland.travel\/","logo":{"@type":"ImageObject","inLanguage":"pl-PL","@id":"https:\/\/wp-pt.poland.travel\/#\/schema\/logo\/image\/","url":"https:\/\/en-en.polska.travel\/wp-content\/uploads\/sites\/19\/2022\/11\/logo.svg","contentUrl":"https:\/\/en-en.polska.travel\/wp-content\/uploads\/sites\/19\/2022\/11\/logo.svg","width":198,"height":96,"caption":"Polonia Travel (PT)"},"image":{"@id":"https:\/\/wp-pt.poland.travel\/#\/schema\/logo\/image\/"}},{"@type":"Person","@id":"","url":"https:\/\/www.polonia.travel\/pt\/author\/"}]}},"_links":{"self":[{"href":"https:\/\/www.polonia.travel\/pt\/wp-json\/wp\/v2\/posts\/31045","targetHints":{"allow":["GET"]}}],"collection":[{"href":"https:\/\/www.polonia.travel\/pt\/wp-json\/wp\/v2\/posts"}],"about":[{"href":"https:\/\/www.polonia.travel\/pt\/wp-json\/wp\/v2\/types\/post"}],"author":[{"embeddable":true,"href":"https:\/\/www.polonia.travel\/pt\/wp-json\/wp\/v2\/users\/1"}],"replies":[{"embeddable":true,"href":"https:\/\/www.polonia.travel\/pt\/wp-json\/wp\/v2\/comments?post=31045"}],"version-history":[{"count":6,"href":"https:\/\/www.polonia.travel\/pt\/wp-json\/wp\/v2\/posts\/31045\/revisions"}],"predecessor-version":[{"id":32973,"href":"https:\/\/www.polonia.travel\/pt\/wp-json\/wp\/v2\/posts\/31045\/revisions\/32973"}],"wp:featuredmedia":[{"embeddable":true,"href":"https:\/\/www.polonia.travel\/pt\/wp-json\/wp\/v2\/media\/32966"}],"wp:attachment":[{"href":"https:\/\/www.polonia.travel\/pt\/wp-json\/wp\/v2\/media?parent=31045"}],"wp:term":[{"taxonomy":"category","embeddable":true,"href":"https:\/\/www.polonia.travel\/pt\/wp-json\/wp\/v2\/categories?post=31045"}],"curies":[{"name":"wp","href":"https:\/\/api.w.org\/{rel}","templated":true}]}}