{"id":31044,"date":"2023-10-22T12:43:00","date_gmt":"2023-10-22T10:43:00","guid":{"rendered":"https:\/\/www.polonia.travel\/pt\/?p=31044"},"modified":"2026-01-28T11:14:12","modified_gmt":"2026-01-28T10:14:12","slug":"mercados-de-natal-na-polonia","status":"publish","type":"post","link":"https:\/\/www.polonia.travel\/pt\/mercados-de-natal-na-polonia\/","title":{"rendered":"Mercados de Natal na Pol\u00f3nia"},"content":{"rendered":"\n<div class=\"wp-block-group is-style-container-medium\"><div class=\"wp-block-group__inner-container is-layout-constrained wp-block-group-is-layout-constrained\">\n<h2 class=\"wp-block-heading\">Mercados de Natal na Pol\u00f3nia<\/h2>\n\n\n\n<div style=\"height:100px\" aria-hidden=\"true\" class=\"wp-block-spacer is-style-spacer-medium\"><\/div>\n\n\n\n<p><strong>Ambiente Natal\u00edcio, vinho quente, p\u00e3o de gengibre, \u00e1rvores de Natal, produtos \u00fanicos, decora\u00e7\u00f5es natal\u00edcias e muitas outras atra\u00e7\u00f5es. Os mercados de Natal polacos est\u00e3o \u00e0 sua espera!<\/strong><\/p>\n<\/div><\/div>\n\n\n\n<div class=\"wp-block-group is-style-container-medium\"><div class=\"wp-block-group__inner-container is-layout-constrained wp-block-group-is-layout-constrained\">\n<figure class=\"wp-block-gallery has-nested-images columns-default is-cropped wp-block-gallery-1 is-layout-flex wp-block-gallery-is-layout-flex\">\n<figure class=\"wp-block-image size-large\"><img loading=\"lazy\" decoding=\"async\" width=\"1170\" height=\"780\" data-id=\"31587\" src=\"https:\/\/www.polonia.travel\/pt\/wp-content\/uploads\/sites\/19\/2024\/04\/jarmarki_bozonarodzeniowe_wroclaw_1_1170.jpg\" alt=\"\" class=\"wp-image-31587\" srcset=\"https:\/\/www.polonia.travel\/pt\/wp-content\/uploads\/sites\/19\/2024\/04\/jarmarki_bozonarodzeniowe_wroclaw_1_1170.jpg 1170w, https:\/\/www.polonia.travel\/pt\/wp-content\/uploads\/sites\/19\/2024\/04\/jarmarki_bozonarodzeniowe_wroclaw_1_1170-600x400.jpg 600w, https:\/\/www.polonia.travel\/pt\/wp-content\/uploads\/sites\/19\/2024\/04\/jarmarki_bozonarodzeniowe_wroclaw_1_1170-768x512.jpg 768w\" sizes=\"auto, (max-width: 1170px) 100vw, 1170px\" \/><\/figure>\n\n\n\n<figure class=\"wp-block-image size-large\"><img loading=\"lazy\" decoding=\"async\" width=\"1170\" height=\"780\" data-id=\"10380\" src=\"https:\/\/www.polonia.travel\/pt\/wp-content\/uploads\/sites\/19\/2022\/12\/jarmark_bozonarodzeniowy_gdansk_1_1170.jpg\" alt=\"\" class=\"wp-image-10380\" srcset=\"https:\/\/www.polonia.travel\/pt\/wp-content\/uploads\/sites\/19\/2022\/12\/jarmark_bozonarodzeniowy_gdansk_1_1170.jpg 1170w, https:\/\/www.polonia.travel\/pt\/wp-content\/uploads\/sites\/19\/2022\/12\/jarmark_bozonarodzeniowy_gdansk_1_1170-600x400.jpg 600w, https:\/\/www.polonia.travel\/pt\/wp-content\/uploads\/sites\/19\/2022\/12\/jarmark_bozonarodzeniowy_gdansk_1_1170-768x512.jpg 768w\" sizes=\"auto, (max-width: 1170px) 100vw, 1170px\" \/><\/figure>\n\n\n\n<figure class=\"wp-block-image size-large\"><img loading=\"lazy\" decoding=\"async\" width=\"1170\" height=\"780\" data-id=\"31586\" src=\"https:\/\/www.polonia.travel\/pt\/wp-content\/uploads\/sites\/19\/2024\/04\/jarmarki_bozonarodzeniowe_poznan_1170.jpg\" alt=\"\" class=\"wp-image-31586\" srcset=\"https:\/\/www.polonia.travel\/pt\/wp-content\/uploads\/sites\/19\/2024\/04\/jarmarki_bozonarodzeniowe_poznan_1170.jpg 1170w, https:\/\/www.polonia.travel\/pt\/wp-content\/uploads\/sites\/19\/2024\/04\/jarmarki_bozonarodzeniowe_poznan_1170-600x400.jpg 600w, https:\/\/www.polonia.travel\/pt\/wp-content\/uploads\/sites\/19\/2024\/04\/jarmarki_bozonarodzeniowe_poznan_1170-768x512.jpg 768w\" sizes=\"auto, (max-width: 1170px) 100vw, 1170px\" \/><\/figure>\n\n\n\n<figure class=\"wp-block-image size-large\"><img loading=\"lazy\" decoding=\"async\" width=\"1170\" height=\"780\" data-id=\"31583\" src=\"https:\/\/www.polonia.travel\/pt\/wp-content\/uploads\/sites\/19\/2024\/04\/jarmarki_bozonarodzeniowe_1170.jpg\" alt=\"\" class=\"wp-image-31583\" srcset=\"https:\/\/www.polonia.travel\/pt\/wp-content\/uploads\/sites\/19\/2024\/04\/jarmarki_bozonarodzeniowe_1170.jpg 1170w, https:\/\/www.polonia.travel\/pt\/wp-content\/uploads\/sites\/19\/2024\/04\/jarmarki_bozonarodzeniowe_1170-600x400.jpg 600w, https:\/\/www.polonia.travel\/pt\/wp-content\/uploads\/sites\/19\/2024\/04\/jarmarki_bozonarodzeniowe_1170-768x512.jpg 768w\" sizes=\"auto, (max-width: 1170px) 100vw, 1170px\" \/><\/figure>\n\n\n\n<figure class=\"wp-block-image size-large\"><img loading=\"lazy\" decoding=\"async\" width=\"1200\" height=\"900\" data-id=\"31735\" src=\"https:\/\/www.polonia.travel\/pt\/wp-content\/uploads\/sites\/19\/2024\/04\/DSC_5303_WrocC582aw_Jarmark20BoC5BConarodzeniowy_1MB-1200x900.jpg\" alt=\"\" class=\"wp-image-31735\" srcset=\"https:\/\/www.polonia.travel\/pt\/wp-content\/uploads\/sites\/19\/2024\/04\/DSC_5303_WrocC582aw_Jarmark20BoC5BConarodzeniowy_1MB-1200x900.jpg 1200w, https:\/\/www.polonia.travel\/pt\/wp-content\/uploads\/sites\/19\/2024\/04\/DSC_5303_WrocC582aw_Jarmark20BoC5BConarodzeniowy_1MB-600x450.jpg 600w, https:\/\/www.polonia.travel\/pt\/wp-content\/uploads\/sites\/19\/2024\/04\/DSC_5303_WrocC582aw_Jarmark20BoC5BConarodzeniowy_1MB-768x576.jpg 768w, https:\/\/www.polonia.travel\/pt\/wp-content\/uploads\/sites\/19\/2024\/04\/DSC_5303_WrocC582aw_Jarmark20BoC5BConarodzeniowy_1MB.jpg 1365w\" sizes=\"auto, (max-width: 1200px) 100vw, 1200px\" \/><\/figure>\n<\/figure>\n<\/div><\/div>\n\n\n\n<p>&nbsp;<\/p>\n\n\n\n<div class=\"wp-block-group\"><div class=\"wp-block-group__inner-container is-layout-constrained wp-block-group-is-layout-constrained\">\n<div class=\"wp-block-group is-style-container-medium\"><div class=\"wp-block-group__inner-container is-layout-constrained wp-block-group-is-layout-constrained\">\n<p>O per\u00edodo que antecede o Natal \u00e9 uma \u00e9poca especial e o ambiente das cidades \u00e9 mais espetacular gra\u00e7as aos mercados. Filas de \u00e1rvores de Natal, cheiro a vinho e a p\u00e3o de gengibre, barraquinhas com iguarias e recorda\u00e7\u00f5es e muitas atra\u00e7\u00f5es e surpresas como concertos ao ar livre, a famosa inaugura\u00e7\u00e3o das ilumina\u00e7\u00f5es de Natal e as visitas do Pai Natal.<br>Convidamo-lo a visitar a Pol\u00f3nia neste momento t\u00e3o especial que \u00e9 o Natal. \u00c9 a \u00e9poca mais ansiada pelos polacos durante todo o ano. H\u00e1 anos que celebramos o Natal seguindo as tradi\u00e7\u00f5es seculares. Queremos partilhar esta atmosfera \u00fanica consigo. Celebre connosco!<\/p>\n\n\n\n<p>Anos ap\u00f3s ano os mercados de Natal polacos tornam-se cada vez mais interessantes e coloridos competindo com os melhores mercados do mundo.<\/p>\n<\/div><\/div>\n<\/div><\/div>\n\n\n\n<div style=\"height:100px\" aria-hidden=\"true\" class=\"wp-block-spacer is-style-spacer-medium\"><\/div>\n\n\n\n<div class=\"wp-block-group is-style-container-medium\"><div class=\"wp-block-group__inner-container is-layout-constrained wp-block-group-is-layout-constrained\">\n<p><strong>Aqui ficam as datas dos mercados de Natal de 2025:<\/strong><\/p>\n<\/div><\/div>\n\n\n\n<div style=\"height:100px\" aria-hidden=\"true\" class=\"wp-block-spacer is-style-spacer-small\"><\/div>\n\n\n\n<p class=\"has-text-align-center\"><\/p>\n\n\n\n<h3 class=\"wp-block-heading has-text-align-center\"><strong>Gda\u0144sk: Melhor Mercado de Natal 2025<\/strong><\/h3>\n\n\n\n<div style=\"height:100px\" aria-hidden=\"true\" class=\"wp-block-spacer is-style-spacer-small\"><\/div>\n\n\n\n<div class=\"wp-block-group is-style-container-medium\"><div class=\"wp-block-group__inner-container is-layout-constrained wp-block-group-is-layout-constrained\">\n<figure class=\"wp-block-image size-large\"><img loading=\"lazy\" decoding=\"async\" width=\"1200\" height=\"800\" src=\"https:\/\/www.polonia.travel\/pt\/wp-content\/uploads\/sites\/19\/2023\/12\/gdansk_jarmark_bozonarodzeniowy-1200x800.jpeg\" alt=\"\" class=\"wp-image-30714\" srcset=\"https:\/\/www.polonia.travel\/pt\/wp-content\/uploads\/sites\/19\/2023\/12\/gdansk_jarmark_bozonarodzeniowy-1200x800.jpeg 1200w, https:\/\/www.polonia.travel\/pt\/wp-content\/uploads\/sites\/19\/2023\/12\/gdansk_jarmark_bozonarodzeniowy-600x400.jpeg 600w, https:\/\/www.polonia.travel\/pt\/wp-content\/uploads\/sites\/19\/2023\/12\/gdansk_jarmark_bozonarodzeniowy-768x512.jpeg 768w, https:\/\/www.polonia.travel\/pt\/wp-content\/uploads\/sites\/19\/2023\/12\/gdansk_jarmark_bozonarodzeniowy-1536x1024.jpeg 1536w, https:\/\/www.polonia.travel\/pt\/wp-content\/uploads\/sites\/19\/2023\/12\/gdansk_jarmark_bozonarodzeniowy-1920x1280.jpeg 1920w, https:\/\/www.polonia.travel\/pt\/wp-content\/uploads\/sites\/19\/2023\/12\/gdansk_jarmark_bozonarodzeniowy.jpeg 2000w\" sizes=\"auto, (max-width: 1200px) 100vw, 1200px\" \/><\/figure>\n\n\n\n<div style=\"height:100px\" aria-hidden=\"true\" class=\"wp-block-spacer is-style-spacer-small\"><\/div>\n\n\n\n<p>\ud83d\uddd3 <strong>21 de novembro \u2013 23 de dezembro<\/strong><\/p>\n\n\n\n<p>Conhecida como a P\u00e9rola do Mar B\u00e1ltico, Gda\u0144sk tem um verdadeiro dom para organizar mercados de rua. No ver\u00e3o, a cidade acolhe a Feira de S\u00e3o Domingos \u2013 uma das feiras medievais mais antigas da Europa \u2013 enchendo as suas ruas durante quase um m\u00eas. No inverno, este esp\u00edrito n\u00e3o desaparece. As elegantes fachadas maneiristas da sua Cidade Velha tornam-se o cen\u00e1rio do mercado de Natal que, embora ainda n\u00e3o seja o mais famoso da Pol\u00f3nia, est\u00e1 a ganhar cada vez mais reconhecimento gra\u00e7as ao entusiasmo dos seus habitantes. E, precisamente em 2025, Gda\u0144sk atingiu um novo marco ao ser eleita <strong>Melhor Mercado de Natal da Europa do ano!<\/strong><\/p>\n<\/div><\/div>\n\n\n\n<div style=\"height:100px\" aria-hidden=\"true\" class=\"wp-block-spacer is-style-spacer-medium\"><\/div>\n\n\n\n<h3 class=\"wp-block-heading has-text-align-center\">Vars\u00f3via: magia das luzes de Natal<\/h3>\n\n\n\n<div style=\"height:100px\" aria-hidden=\"true\" class=\"wp-block-spacer is-style-spacer-small\"><\/div>\n\n\n\n<div class=\"wp-block-group is-style-container-medium\"><div class=\"wp-block-group__inner-container is-layout-constrained wp-block-group-is-layout-constrained\">\n<figure class=\"wp-block-image size-large\"><img loading=\"lazy\" decoding=\"async\" width=\"1200\" height=\"802\" src=\"https:\/\/www.polonia.travel\/pt\/wp-content\/uploads\/sites\/19\/2025\/10\/318406124_5936882433001013_596103337508842529_n-1200x802.jpg\" alt=\"\" class=\"wp-image-32818\" srcset=\"https:\/\/www.polonia.travel\/pt\/wp-content\/uploads\/sites\/19\/2025\/10\/318406124_5936882433001013_596103337508842529_n-1200x802.jpg 1200w, https:\/\/www.polonia.travel\/pt\/wp-content\/uploads\/sites\/19\/2025\/10\/318406124_5936882433001013_596103337508842529_n-600x401.jpg 600w, https:\/\/www.polonia.travel\/pt\/wp-content\/uploads\/sites\/19\/2025\/10\/318406124_5936882433001013_596103337508842529_n-768x513.jpg 768w, https:\/\/www.polonia.travel\/pt\/wp-content\/uploads\/sites\/19\/2025\/10\/318406124_5936882433001013_596103337508842529_n-1536x1027.jpg 1536w, https:\/\/www.polonia.travel\/pt\/wp-content\/uploads\/sites\/19\/2025\/10\/318406124_5936882433001013_596103337508842529_n-1920x1283.jpg 1920w, https:\/\/www.polonia.travel\/pt\/wp-content\/uploads\/sites\/19\/2025\/10\/318406124_5936882433001013_596103337508842529_n.jpg 2048w\" sizes=\"auto, (max-width: 1200px) 100vw, 1200px\" \/><\/figure>\n\n\n\n<div style=\"height:100px\" aria-hidden=\"true\" class=\"wp-block-spacer is-style-spacer-small\"><\/div>\n<\/div><\/div>\n\n\n\n<div class=\"wp-block-group is-style-container-medium\"><div class=\"wp-block-group__inner-container is-layout-constrained wp-block-group-is-layout-constrained\">\n<p>\ud83d\uddd3 <strong>21 de novembro \u2013 6 de janeiro<\/strong><\/p>\n\n\n\n<p>A capital polaca costuma inaugurar a sua ilumina\u00e7\u00e3o de Natal por altura do Dia de S\u00e3o Nicolau (6 de dezembro). A \u00e1rvore de Natal natural \u00e9 tradicionalmente colocada no cora\u00e7\u00e3o da Cidade Velha de Vars\u00f3via, em frente ao Castelo Real. Numa das pra\u00e7as pr\u00f3ximas, poder\u00e1s encontrar a famosa pista de gelo que rodeia a est\u00e1tua da Sereia de Vars\u00f3via \u2013 patinar ali permite-te desfrutar da vista enquanto te divertes.<\/p>\n\n\n\n<p>Na Pra\u00e7a do Castelo come\u00e7a a <strong>Rota Real<\/strong>, o grande percurso tur\u00edstico da capital. Este tamb\u00e9m ser\u00e1 iluminado e decorado de forma coerente com a grande \u00e1rvore de Natal, e contar\u00e1 com instala\u00e7\u00f5es interativas onde os mais pequenos poder\u00e3o descobrir como viviam os seus av\u00f3s ou aprender mais sobre o estilo de vida das gera\u00e7\u00f5es mais antigas. Este ano, a cidade contar\u00e1 com uma instala\u00e7\u00e3o multim\u00e9dia que prop\u00f5e uma viagem nost\u00e1lgica com <strong>decora\u00e7\u00f5es vintage<\/strong>, utilizando as mais recentes tecnologias de ilumina\u00e7\u00e3o e energias verdes.<\/p>\n\n\n\n<p>A Rota Real termina no <strong>Pal\u00e1cio de Wilan\u00f3w<\/strong>, cujos jardins reais se transformar\u00e3o, mais uma vez, num <strong>grande jardim de luzes<\/strong>, aberto desde meados de outubro at\u00e9 ao final de fevereiro. Aos fins de semana, a fachada do pal\u00e1cio ser\u00e1 palco de proje\u00e7\u00f5es animadas (mapping).<\/p>\n\n\n\n<div style=\"height:100px\" aria-hidden=\"true\" class=\"wp-block-spacer is-style-spacer-medium\"><\/div>\n<\/div><\/div>\n\n\n\n<h3 class=\"wp-block-heading has-text-align-center\">Pozna\u0144: o caleidosc\u00f3pio de gelo<\/h3>\n\n\n\n<div style=\"height:100px\" aria-hidden=\"true\" class=\"wp-block-spacer is-style-spacer-small\"><\/div>\n\n\n\n<div class=\"wp-block-group is-style-container-medium\"><div class=\"wp-block-group__inner-container is-layout-constrained wp-block-group-is-layout-constrained\">\n<figure class=\"wp-block-image size-large\"><img loading=\"lazy\" decoding=\"async\" width=\"1200\" height=\"801\" src=\"https:\/\/www.polonia.travel\/pt\/wp-content\/uploads\/sites\/19\/2025\/10\/750_1168-1200x801.jpg\" alt=\"\" class=\"wp-image-32819\" srcset=\"https:\/\/www.polonia.travel\/pt\/wp-content\/uploads\/sites\/19\/2025\/10\/750_1168-1200x801.jpg 1200w, https:\/\/www.polonia.travel\/pt\/wp-content\/uploads\/sites\/19\/2025\/10\/750_1168-600x400.jpg 600w, https:\/\/www.polonia.travel\/pt\/wp-content\/uploads\/sites\/19\/2025\/10\/750_1168-768x513.jpg 768w, https:\/\/www.polonia.travel\/pt\/wp-content\/uploads\/sites\/19\/2025\/10\/750_1168-1536x1025.jpg 1536w, https:\/\/www.polonia.travel\/pt\/wp-content\/uploads\/sites\/19\/2025\/10\/750_1168-2048x1367.jpg 2048w, https:\/\/www.polonia.travel\/pt\/wp-content\/uploads\/sites\/19\/2025\/10\/750_1168-1920x1282.jpg 1920w\" sizes=\"auto, (max-width: 1200px) 100vw, 1200px\" \/><\/figure>\n<\/div><\/div>\n\n\n\n<div style=\"height:100px\" aria-hidden=\"true\" class=\"wp-block-spacer is-style-spacer-small\"><\/div>\n\n\n\n<div class=\"wp-block-group is-style-container-medium\"><div class=\"wp-block-group__inner-container is-layout-constrained wp-block-group-is-layout-constrained\">\n<p>\ud83d\uddd3 <strong>21 de novembro \u2013 6 de janeiro<\/strong><\/p>\n\n\n\n<p>A meio caminho entre Vars\u00f3via e Berlim, Pozna\u0144 \u00e9 uma cidade que vale a pena incluir nos planos de viagem, tamb\u00e9m na \u00e9poca natal\u00edcia. O seu encantador centro hist\u00f3rico renascentista e as coloridas casas burguesas oferecem um cen\u00e1rio ideal para o seu Mercado de Natal anual e s\u00e3o ainda o palco do <strong>Festival Internacional de Esculturas de Gelo<\/strong>, um dos mais antigos da Europa. Este ano, o evento ter\u00e1 lugar de <strong>12 a 14 de dezembro<\/strong>, com tr\u00eas fases distintas.<\/p>\n\n\n\n<p>Nos \u00faltimos anos, o mercado de Natal realizava-se na Pra\u00e7a do Mercado Antigo. No entanto, devido a longas obras de requalifica\u00e7\u00e3o, foi transferido para a <strong>Pra\u00e7a da Liberdade (Plac Wolno\u015bci)<\/strong> e para a <strong>Pozna\u0144 Expo<\/strong>. At\u00e9 ao momento, ambas as localiza\u00e7\u00f5es se mant\u00eam, oferecendo <strong>dois mercados de Natal<\/strong> na cidade:<\/p>\n\n\n\n<ul class=\"wp-block-list\">\n<li><strong>Pra\u00e7a da Liberdade (Plac Wolno\u015bci):<\/strong> de 21 de novembro de 2025 a 6 de janeiro de 2026<\/li>\n\n\n\n<li><strong>Pozna\u0144 Expo:<\/strong> de 15 de novembro a 21 de dezembro de 2025<\/li>\n<\/ul>\n<\/div><\/div>\n\n\n\n<div style=\"height:100px\" aria-hidden=\"true\" class=\"wp-block-spacer is-style-spacer-medium\"><\/div>\n\n\n\n<h3 class=\"wp-block-heading has-text-align-center\">Crac\u00f3via: o pres\u00e9pio ganha nova dimens\u00e3o<\/h3>\n\n\n\n<div style=\"height:100px\" aria-hidden=\"true\" class=\"wp-block-spacer is-style-spacer-small\"><\/div>\n\n\n\n<div class=\"wp-block-group is-style-container-medium\"><div class=\"wp-block-group__inner-container is-layout-constrained wp-block-group-is-layout-constrained\">\n<figure class=\"wp-block-image size-large\"><img loading=\"lazy\" decoding=\"async\" width=\"1200\" height=\"800\" src=\"https:\/\/www.polonia.travel\/pt\/wp-content\/uploads\/sites\/19\/2025\/10\/AdobeStock_359279928_krakow_swieta-1200x800.jpeg\" alt=\"\" class=\"wp-image-32822\" srcset=\"https:\/\/www.polonia.travel\/pt\/wp-content\/uploads\/sites\/19\/2025\/10\/AdobeStock_359279928_krakow_swieta-1200x800.jpeg 1200w, https:\/\/www.polonia.travel\/pt\/wp-content\/uploads\/sites\/19\/2025\/10\/AdobeStock_359279928_krakow_swieta-600x400.jpeg 600w, https:\/\/www.polonia.travel\/pt\/wp-content\/uploads\/sites\/19\/2025\/10\/AdobeStock_359279928_krakow_swieta-768x512.jpeg 768w, https:\/\/www.polonia.travel\/pt\/wp-content\/uploads\/sites\/19\/2025\/10\/AdobeStock_359279928_krakow_swieta-1536x1024.jpeg 1536w, https:\/\/www.polonia.travel\/pt\/wp-content\/uploads\/sites\/19\/2025\/10\/AdobeStock_359279928_krakow_swieta-2048x1365.jpeg 2048w, https:\/\/www.polonia.travel\/pt\/wp-content\/uploads\/sites\/19\/2025\/10\/AdobeStock_359279928_krakow_swieta-1920x1280.jpeg 1920w\" sizes=\"auto, (max-width: 1200px) 100vw, 1200px\" \/><\/figure>\n<\/div><\/div>\n\n\n\n<div style=\"height:100px\" aria-hidden=\"true\" class=\"wp-block-spacer is-style-spacer-small\"><\/div>\n\n\n\n<div class=\"wp-block-group is-style-container-medium\"><div class=\"wp-block-group__inner-container is-layout-constrained wp-block-group-is-layout-constrained\">\n<p>\ud83d\uddd3 <strong>28 de novembro \u2013 1 de janeiro <\/strong><\/p>\n\n\n\n<p>A <strong>Rynek<\/strong> de Crac\u00f3via foi, em tempos, a maior pra\u00e7a medieval de toda a Europa. Hoje, em dezembro, transforma-se no cen\u00e1rio de um dos mercados de Natal mais m\u00e1gicos da Pol\u00f3nia. O esp\u00edrito festivo atinge o seu auge na noite de Passagem de Ano, com uma programa\u00e7\u00e3o recheada de atividades ao ar livre e concertos, que fazem desta cidade um dos destinos natal\u00edcios mais apelativos para se despedir do ano.<\/p>\n\n\n\n<p>A \u00e9poca festiva come\u00e7a no in\u00edcio de dezembro com o <strong>Concurso de Pres\u00e9pios de Crac\u00f3via<\/strong>, inscrito pela UNESCO na lista do Patrim\u00f3nio Cultural Imaterial da Humanidade. Esta tradi\u00e7\u00e3o realiza-se desde 1937, sempre na <strong>primeira quinta-feira de dezembro<\/strong>, coincidindo com o feriado da Constitui\u00e7\u00e3o. As obras premiadas s\u00e3o depois expostas em v\u00e1rios locais da cidade, permitindo a locais e visitantes apreciar de perto os detalhes desta forma de arte t\u00e3o singular.<\/p>\n<\/div><\/div>\n\n\n\n<div style=\"height:100px\" aria-hidden=\"true\" class=\"wp-block-spacer is-style-spacer-medium\"><\/div>\n\n\n\n<h3 class=\"wp-block-heading has-text-align-center\">Bresl\u00e1via (Wroc\u0142aw): o Natal para os mais \u201cpequeninos\u201d<\/h3>\n\n\n\n<div style=\"height:100px\" aria-hidden=\"true\" class=\"wp-block-spacer is-style-spacer-small\"><\/div>\n\n\n\n<div class=\"wp-block-group is-style-container-medium\"><div class=\"wp-block-group__inner-container is-layout-constrained wp-block-group-is-layout-constrained\">\n<figure class=\"wp-block-image size-large\"><img loading=\"lazy\" decoding=\"async\" width=\"1200\" height=\"900\" src=\"https:\/\/www.polonia.travel\/pt\/wp-content\/uploads\/sites\/19\/2025\/10\/DSC_5214_Wroclaw_Jarmark-Bozonarodzeniowy-1200x900.jpg\" alt=\"\" class=\"wp-image-32823\" srcset=\"https:\/\/www.polonia.travel\/pt\/wp-content\/uploads\/sites\/19\/2025\/10\/DSC_5214_Wroclaw_Jarmark-Bozonarodzeniowy-1200x900.jpg 1200w, https:\/\/www.polonia.travel\/pt\/wp-content\/uploads\/sites\/19\/2025\/10\/DSC_5214_Wroclaw_Jarmark-Bozonarodzeniowy-600x450.jpg 600w, https:\/\/www.polonia.travel\/pt\/wp-content\/uploads\/sites\/19\/2025\/10\/DSC_5214_Wroclaw_Jarmark-Bozonarodzeniowy-768x576.jpg 768w, https:\/\/www.polonia.travel\/pt\/wp-content\/uploads\/sites\/19\/2025\/10\/DSC_5214_Wroclaw_Jarmark-Bozonarodzeniowy-1536x1152.jpg 1536w, https:\/\/www.polonia.travel\/pt\/wp-content\/uploads\/sites\/19\/2025\/10\/DSC_5214_Wroclaw_Jarmark-Bozonarodzeniowy-2048x1536.jpg 2048w, https:\/\/www.polonia.travel\/pt\/wp-content\/uploads\/sites\/19\/2025\/10\/DSC_5214_Wroclaw_Jarmark-Bozonarodzeniowy-1920x1440.jpg 1920w\" sizes=\"auto, (max-width: 1200px) 100vw, 1200px\" \/><\/figure>\n<\/div><\/div>\n\n\n\n<div style=\"height:100px\" aria-hidden=\"true\" class=\"wp-block-spacer is-style-spacer-small\"><\/div>\n\n\n\n<div class=\"wp-block-group is-style-container-small\"><div class=\"wp-block-group__inner-container is-layout-constrained wp-block-group-is-layout-constrained\">\n<p><strong>28 de novembro \u2013 6 de janeiro<\/strong><\/p>\n\n\n\n<p>Esta pequena joia g\u00f3tica e barroca alberga um dos mercados de Natal mais encantadores da Europa Central, com in\u00fameras atividades pensadas para os mais pequenos. Percorrer as suas ruas permite descobrir, nos seus recantos, as famosas esculturas de <strong>gnomos<\/strong> espalhadas por toda a cidade \u2013 uma das grandes atra\u00e7\u00f5es locais. Procurar estas diminutas figuras tornou-se uma verdadeira aventura, especialmente para fam\u00edlias que viajam com crian\u00e7as e querem encontrar todas.<\/p>\n\n\n\n<p>Bresl\u00e1via \u00e9 tamb\u00e9m um destino ideal para crian\u00e7as gra\u00e7as ao <strong>Kolejkowo<\/strong>, uma impressionante maquete com quase mil metros quadrados que recria, com grande detalhe, a arquitetura e o quotidiano da Baixa Sil\u00e9sia. Durante o Natal, esta exposi\u00e7\u00e3o ganha um toque especial com uma <strong>recria\u00e7\u00e3o do mercado de Natal da Pra\u00e7a do Mercado feita inteiramente de bolachas de mel e gengibre!<\/strong><\/p>\n<\/div><\/div>\n\n\n\n<div style=\"height:100px\" aria-hidden=\"true\" class=\"wp-block-spacer\"><\/div>\n","protected":false},"excerpt":{"rendered":"<p>Mercados de Natal na Pol\u00f3nia Ambiente Natal\u00edcio, vinho quente, p\u00e3o de gengibre, \u00e1rvores de Natal, produtos \u00fanicos, decora\u00e7\u00f5es natal\u00edcias e muitas outras atra\u00e7\u00f5es. Os mercados de Natal polacos est\u00e3o \u00e0 sua espera! &nbsp; O per\u00edodo que antecede o Natal \u00e9 uma \u00e9poca especial e o ambiente das cidades \u00e9 mais espetacular gra\u00e7as aos mercados. Filas [&hellip;]<\/p>\n","protected":false},"author":1,"featured_media":32818,"comment_status":"open","ping_status":"open","sticky":false,"template":"","format":"standard","meta":{"_acf_changed":false,"footnotes":""},"categories":[1051,1053],"class_list":["post-31044","post","type-post","status-publish","format-standard","has-post-thumbnail","hentry","category-inspiracoes-de-viagem","category-inspiracoes"],"acf":[],"yoast_head":"<!-- This site is optimized with the Yoast SEO plugin v27.4 - https:\/\/yoast.com\/product\/yoast-seo-wordpress\/ -->\n<title>Mercados de Natal na Pol\u00f3nia - Polonia Travel (PT)<\/title>\n<meta name=\"robots\" content=\"index, follow, max-snippet:-1, max-image-preview:large, max-video-preview:-1\" \/>\n<link rel=\"canonical\" href=\"https:\/\/www.polonia.travel\/pt\/mercados-de-natal-na-polonia\/\" \/>\n<meta property=\"og:locale\" content=\"pl_PL\" \/>\n<meta property=\"og:type\" content=\"article\" \/>\n<meta property=\"og:title\" content=\"Mercados de Natal na Pol\u00f3nia - Polonia Travel (PT)\" \/>\n<meta property=\"og:description\" content=\"Mercados de Natal na Pol\u00f3nia Ambiente Natal\u00edcio, vinho quente, p\u00e3o de gengibre, \u00e1rvores de Natal, produtos \u00fanicos, decora\u00e7\u00f5es natal\u00edcias e muitas outras atra\u00e7\u00f5es. Os mercados de Natal polacos est\u00e3o \u00e0 sua espera! &nbsp; O per\u00edodo que antecede o Natal \u00e9 uma \u00e9poca especial e o ambiente das cidades \u00e9 mais espetacular gra\u00e7as aos mercados. Filas [&hellip;]\" \/>\n<meta property=\"og:url\" content=\"https:\/\/www.polonia.travel\/pt\/mercados-de-natal-na-polonia\/\" \/>\n<meta property=\"og:site_name\" content=\"Polonia Travel (PT)\" \/>\n<meta property=\"article:published_time\" content=\"2023-10-22T10:43:00+00:00\" \/>\n<meta property=\"article:modified_time\" content=\"2026-01-28T10:14:12+00:00\" \/>\n<meta property=\"og:image\" content=\"https:\/\/www.polonia.travel\/pt\/wp-content\/uploads\/sites\/19\/2025\/10\/318406124_5936882433001013_596103337508842529_n.jpg\" \/>\n\t<meta property=\"og:image:width\" content=\"2048\" \/>\n\t<meta property=\"og:image:height\" content=\"1369\" \/>\n\t<meta property=\"og:image:type\" content=\"image\/jpeg\" \/>\n<meta name=\"twitter:card\" content=\"summary_large_image\" \/>\n<meta name=\"twitter:label1\" content=\"Napisane przez\" \/>\n\t<meta name=\"twitter:data1\" content=\"\" \/>\n\t<meta name=\"twitter:label2\" content=\"Szacowany czas czytania\" \/>\n\t<meta name=\"twitter:data2\" content=\"9 minut\" \/>\n<script type=\"application\/ld+json\" class=\"yoast-schema-graph\">{\"@context\":\"https:\\\/\\\/schema.org\",\"@graph\":[{\"@type\":\"Article\",\"@id\":\"https:\\\/\\\/www.polonia.travel\\\/pt\\\/mercados-de-natal-na-polonia\\\/#article\",\"isPartOf\":{\"@id\":\"https:\\\/\\\/www.polonia.travel\\\/pt\\\/mercados-de-natal-na-polonia\\\/\"},\"author\":{\"name\":\"\",\"@id\":\"\"},\"headline\":\"Mercados de Natal na Pol\u00f3nia\",\"datePublished\":\"2023-10-22T10:43:00+00:00\",\"dateModified\":\"2026-01-28T10:14:12+00:00\",\"mainEntityOfPage\":{\"@id\":\"https:\\\/\\\/www.polonia.travel\\\/pt\\\/mercados-de-natal-na-polonia\\\/\"},\"wordCount\":1048,\"commentCount\":0,\"publisher\":{\"@id\":\"https:\\\/\\\/wp-pt.poland.travel\\\/#organization\"},\"image\":{\"@id\":\"https:\\\/\\\/www.polonia.travel\\\/pt\\\/mercados-de-natal-na-polonia\\\/#primaryimage\"},\"thumbnailUrl\":\"https:\\\/\\\/www.polonia.travel\\\/pt\\\/wp-content\\\/uploads\\\/sites\\\/19\\\/2025\\\/10\\\/318406124_5936882433001013_596103337508842529_n.jpg\",\"keywords\":[\"pt\",\"tradic\u00f5es\",\"natal\",\"mercados de natal\"],\"articleSection\":[\"Inspira\u00e7\u00f5es de viagem\",\"Inspira\u00e7\u00f5es\"],\"inLanguage\":\"pl-PL\"},{\"@type\":\"WebPage\",\"@id\":\"https:\\\/\\\/www.polonia.travel\\\/pt\\\/mercados-de-natal-na-polonia\\\/\",\"url\":\"https:\\\/\\\/www.polonia.travel\\\/pt\\\/mercados-de-natal-na-polonia\\\/\",\"name\":\"Mercados de Natal na Pol\u00f3nia - Polonia Travel (PT)\",\"isPartOf\":{\"@id\":\"https:\\\/\\\/wp-pt.poland.travel\\\/#website\"},\"primaryImageOfPage\":{\"@id\":\"https:\\\/\\\/www.polonia.travel\\\/pt\\\/mercados-de-natal-na-polonia\\\/#primaryimage\"},\"image\":{\"@id\":\"https:\\\/\\\/www.polonia.travel\\\/pt\\\/mercados-de-natal-na-polonia\\\/#primaryimage\"},\"thumbnailUrl\":\"https:\\\/\\\/www.polonia.travel\\\/pt\\\/wp-content\\\/uploads\\\/sites\\\/19\\\/2025\\\/10\\\/318406124_5936882433001013_596103337508842529_n.jpg\",\"datePublished\":\"2023-10-22T10:43:00+00:00\",\"dateModified\":\"2026-01-28T10:14:12+00:00\",\"breadcrumb\":{\"@id\":\"https:\\\/\\\/www.polonia.travel\\\/pt\\\/mercados-de-natal-na-polonia\\\/#breadcrumb\"},\"inLanguage\":\"pl-PL\",\"potentialAction\":[{\"@type\":\"ReadAction\",\"target\":[\"https:\\\/\\\/www.polonia.travel\\\/pt\\\/mercados-de-natal-na-polonia\\\/\"]}]},{\"@type\":\"ImageObject\",\"inLanguage\":\"pl-PL\",\"@id\":\"https:\\\/\\\/www.polonia.travel\\\/pt\\\/mercados-de-natal-na-polonia\\\/#primaryimage\",\"url\":\"https:\\\/\\\/www.polonia.travel\\\/pt\\\/wp-content\\\/uploads\\\/sites\\\/19\\\/2025\\\/10\\\/318406124_5936882433001013_596103337508842529_n.jpg\",\"contentUrl\":\"https:\\\/\\\/www.polonia.travel\\\/pt\\\/wp-content\\\/uploads\\\/sites\\\/19\\\/2025\\\/10\\\/318406124_5936882433001013_596103337508842529_n.jpg\",\"width\":2048,\"height\":1369},{\"@type\":\"BreadcrumbList\",\"@id\":\"https:\\\/\\\/www.polonia.travel\\\/pt\\\/mercados-de-natal-na-polonia\\\/#breadcrumb\",\"itemListElement\":[{\"@type\":\"ListItem\",\"position\":1,\"name\":\"Home page\",\"item\":\"https:\\\/\\\/www.polonia.travel\\\/pt\\\/\"},{\"@type\":\"ListItem\",\"position\":2,\"name\":\"Inspira\u00e7\u00f5es de viagem\",\"item\":\"https:\\\/\\\/wp-pt.poland.travel\\\/category\\\/inspiracoes-de-viagem\\\/\"},{\"@type\":\"ListItem\",\"position\":3,\"name\":\"Mercados de Natal na Pol\u00f3nia\"}]},{\"@type\":\"WebSite\",\"@id\":\"https:\\\/\\\/wp-pt.poland.travel\\\/#website\",\"url\":\"https:\\\/\\\/wp-pt.poland.travel\\\/\",\"name\":\"Polonia Travel (PT)\",\"description\":\"...\",\"publisher\":{\"@id\":\"https:\\\/\\\/wp-pt.poland.travel\\\/#organization\"},\"potentialAction\":[{\"@type\":\"SearchAction\",\"target\":{\"@type\":\"EntryPoint\",\"urlTemplate\":\"https:\\\/\\\/wp-pt.poland.travel\\\/?s={search_term_string}\"},\"query-input\":{\"@type\":\"PropertyValueSpecification\",\"valueRequired\":true,\"valueName\":\"search_term_string\"}}],\"inLanguage\":\"pl-PL\"},{\"@type\":\"Organization\",\"@id\":\"https:\\\/\\\/wp-pt.poland.travel\\\/#organization\",\"name\":\"Polonia Travel (PT)\",\"url\":\"https:\\\/\\\/wp-pt.poland.travel\\\/\",\"logo\":{\"@type\":\"ImageObject\",\"inLanguage\":\"pl-PL\",\"@id\":\"https:\\\/\\\/wp-pt.poland.travel\\\/#\\\/schema\\\/logo\\\/image\\\/\",\"url\":\"https:\\\/\\\/en-en.polska.travel\\\/wp-content\\\/uploads\\\/sites\\\/19\\\/2022\\\/11\\\/logo.svg\",\"contentUrl\":\"https:\\\/\\\/en-en.polska.travel\\\/wp-content\\\/uploads\\\/sites\\\/19\\\/2022\\\/11\\\/logo.svg\",\"width\":198,\"height\":96,\"caption\":\"Polonia Travel (PT)\"},\"image\":{\"@id\":\"https:\\\/\\\/wp-pt.poland.travel\\\/#\\\/schema\\\/logo\\\/image\\\/\"}},{\"@type\":\"Person\",\"@id\":\"\",\"url\":\"https:\\\/\\\/www.polonia.travel\\\/pt\\\/author\\\/\"}]}<\/script>\n<!-- \/ Yoast SEO plugin. -->","yoast_head_json":{"title":"Mercados de Natal na Pol\u00f3nia - Polonia Travel (PT)","robots":{"index":"index","follow":"follow","max-snippet":"max-snippet:-1","max-image-preview":"max-image-preview:large","max-video-preview":"max-video-preview:-1"},"canonical":"https:\/\/www.polonia.travel\/pt\/mercados-de-natal-na-polonia\/","og_locale":"pl_PL","og_type":"article","og_title":"Mercados de Natal na Pol\u00f3nia - Polonia Travel (PT)","og_description":"Mercados de Natal na Pol\u00f3nia Ambiente Natal\u00edcio, vinho quente, p\u00e3o de gengibre, \u00e1rvores de Natal, produtos \u00fanicos, decora\u00e7\u00f5es natal\u00edcias e muitas outras atra\u00e7\u00f5es. Os mercados de Natal polacos est\u00e3o \u00e0 sua espera! &nbsp; O per\u00edodo que antecede o Natal \u00e9 uma \u00e9poca especial e o ambiente das cidades \u00e9 mais espetacular gra\u00e7as aos mercados. Filas [&hellip;]","og_url":"https:\/\/www.polonia.travel\/pt\/mercados-de-natal-na-polonia\/","og_site_name":"Polonia Travel (PT)","article_published_time":"2023-10-22T10:43:00+00:00","article_modified_time":"2026-01-28T10:14:12+00:00","og_image":[{"width":2048,"height":1369,"url":"https:\/\/www.polonia.travel\/pt\/wp-content\/uploads\/sites\/19\/2025\/10\/318406124_5936882433001013_596103337508842529_n.jpg","type":"image\/jpeg"}],"twitter_card":"summary_large_image","twitter_misc":{"Napisane przez":"","Szacowany czas czytania":"9 minut"},"schema":{"@context":"https:\/\/schema.org","@graph":[{"@type":"Article","@id":"https:\/\/www.polonia.travel\/pt\/mercados-de-natal-na-polonia\/#article","isPartOf":{"@id":"https:\/\/www.polonia.travel\/pt\/mercados-de-natal-na-polonia\/"},"author":{"name":"","@id":""},"headline":"Mercados de Natal na Pol\u00f3nia","datePublished":"2023-10-22T10:43:00+00:00","dateModified":"2026-01-28T10:14:12+00:00","mainEntityOfPage":{"@id":"https:\/\/www.polonia.travel\/pt\/mercados-de-natal-na-polonia\/"},"wordCount":1048,"commentCount":0,"publisher":{"@id":"https:\/\/wp-pt.poland.travel\/#organization"},"image":{"@id":"https:\/\/www.polonia.travel\/pt\/mercados-de-natal-na-polonia\/#primaryimage"},"thumbnailUrl":"https:\/\/www.polonia.travel\/pt\/wp-content\/uploads\/sites\/19\/2025\/10\/318406124_5936882433001013_596103337508842529_n.jpg","keywords":["pt","tradic\u00f5es","natal","mercados de natal"],"articleSection":["Inspira\u00e7\u00f5es de viagem","Inspira\u00e7\u00f5es"],"inLanguage":"pl-PL"},{"@type":"WebPage","@id":"https:\/\/www.polonia.travel\/pt\/mercados-de-natal-na-polonia\/","url":"https:\/\/www.polonia.travel\/pt\/mercados-de-natal-na-polonia\/","name":"Mercados de Natal na Pol\u00f3nia - Polonia Travel (PT)","isPartOf":{"@id":"https:\/\/wp-pt.poland.travel\/#website"},"primaryImageOfPage":{"@id":"https:\/\/www.polonia.travel\/pt\/mercados-de-natal-na-polonia\/#primaryimage"},"image":{"@id":"https:\/\/www.polonia.travel\/pt\/mercados-de-natal-na-polonia\/#primaryimage"},"thumbnailUrl":"https:\/\/www.polonia.travel\/pt\/wp-content\/uploads\/sites\/19\/2025\/10\/318406124_5936882433001013_596103337508842529_n.jpg","datePublished":"2023-10-22T10:43:00+00:00","dateModified":"2026-01-28T10:14:12+00:00","breadcrumb":{"@id":"https:\/\/www.polonia.travel\/pt\/mercados-de-natal-na-polonia\/#breadcrumb"},"inLanguage":"pl-PL","potentialAction":[{"@type":"ReadAction","target":["https:\/\/www.polonia.travel\/pt\/mercados-de-natal-na-polonia\/"]}]},{"@type":"ImageObject","inLanguage":"pl-PL","@id":"https:\/\/www.polonia.travel\/pt\/mercados-de-natal-na-polonia\/#primaryimage","url":"https:\/\/www.polonia.travel\/pt\/wp-content\/uploads\/sites\/19\/2025\/10\/318406124_5936882433001013_596103337508842529_n.jpg","contentUrl":"https:\/\/www.polonia.travel\/pt\/wp-content\/uploads\/sites\/19\/2025\/10\/318406124_5936882433001013_596103337508842529_n.jpg","width":2048,"height":1369},{"@type":"BreadcrumbList","@id":"https:\/\/www.polonia.travel\/pt\/mercados-de-natal-na-polonia\/#breadcrumb","itemListElement":[{"@type":"ListItem","position":1,"name":"Home page","item":"https:\/\/www.polonia.travel\/pt\/"},{"@type":"ListItem","position":2,"name":"Inspira\u00e7\u00f5es de viagem","item":"https:\/\/wp-pt.poland.travel\/category\/inspiracoes-de-viagem\/"},{"@type":"ListItem","position":3,"name":"Mercados de Natal na Pol\u00f3nia"}]},{"@type":"WebSite","@id":"https:\/\/wp-pt.poland.travel\/#website","url":"https:\/\/wp-pt.poland.travel\/","name":"Polonia Travel (PT)","description":"...","publisher":{"@id":"https:\/\/wp-pt.poland.travel\/#organization"},"potentialAction":[{"@type":"SearchAction","target":{"@type":"EntryPoint","urlTemplate":"https:\/\/wp-pt.poland.travel\/?s={search_term_string}"},"query-input":{"@type":"PropertyValueSpecification","valueRequired":true,"valueName":"search_term_string"}}],"inLanguage":"pl-PL"},{"@type":"Organization","@id":"https:\/\/wp-pt.poland.travel\/#organization","name":"Polonia Travel (PT)","url":"https:\/\/wp-pt.poland.travel\/","logo":{"@type":"ImageObject","inLanguage":"pl-PL","@id":"https:\/\/wp-pt.poland.travel\/#\/schema\/logo\/image\/","url":"https:\/\/en-en.polska.travel\/wp-content\/uploads\/sites\/19\/2022\/11\/logo.svg","contentUrl":"https:\/\/en-en.polska.travel\/wp-content\/uploads\/sites\/19\/2022\/11\/logo.svg","width":198,"height":96,"caption":"Polonia Travel (PT)"},"image":{"@id":"https:\/\/wp-pt.poland.travel\/#\/schema\/logo\/image\/"}},{"@type":"Person","@id":"","url":"https:\/\/www.polonia.travel\/pt\/author\/"}]}},"_links":{"self":[{"href":"https:\/\/www.polonia.travel\/pt\/wp-json\/wp\/v2\/posts\/31044","targetHints":{"allow":["GET"]}}],"collection":[{"href":"https:\/\/www.polonia.travel\/pt\/wp-json\/wp\/v2\/posts"}],"about":[{"href":"https:\/\/www.polonia.travel\/pt\/wp-json\/wp\/v2\/types\/post"}],"author":[{"embeddable":true,"href":"https:\/\/www.polonia.travel\/pt\/wp-json\/wp\/v2\/users\/1"}],"replies":[{"embeddable":true,"href":"https:\/\/www.polonia.travel\/pt\/wp-json\/wp\/v2\/comments?post=31044"}],"version-history":[{"count":16,"href":"https:\/\/www.polonia.travel\/pt\/wp-json\/wp\/v2\/posts\/31044\/revisions"}],"predecessor-version":[{"id":32831,"href":"https:\/\/www.polonia.travel\/pt\/wp-json\/wp\/v2\/posts\/31044\/revisions\/32831"}],"wp:featuredmedia":[{"embeddable":true,"href":"https:\/\/www.polonia.travel\/pt\/wp-json\/wp\/v2\/media\/32818"}],"wp:attachment":[{"href":"https:\/\/www.polonia.travel\/pt\/wp-json\/wp\/v2\/media?parent=31044"}],"wp:term":[{"taxonomy":"category","embeddable":true,"href":"https:\/\/www.polonia.travel\/pt\/wp-json\/wp\/v2\/categories?post=31044"}],"curies":[{"name":"wp","href":"https:\/\/api.w.org\/{rel}","templated":true}]}}