{"id":31031,"date":"2024-06-26T17:36:16","date_gmt":"2024-06-26T15:36:16","guid":{"rendered":"https:\/\/www.polonia.travel\/pt\/?p=31031"},"modified":"2024-06-26T17:36:17","modified_gmt":"2024-06-26T15:36:17","slug":"por-que-vale-a-pena-visitar-a-polonia","status":"publish","type":"post","link":"https:\/\/www.polonia.travel\/pt\/por-que-vale-a-pena-visitar-a-polonia\/","title":{"rendered":"Por que vale a pena visitar a Pol\u00f3nia?"},"content":{"rendered":"\n<div class=\"wp-block-group is-style-container-medium\"><div class=\"wp-block-group__inner-container is-layout-constrained wp-block-group-is-layout-constrained\"><h2 class=\"wp-block-post-title\">Por que vale a pena visitar a Pol\u00f3nia?<\/h2>\n\n\n<p><strong>CINCO COISAS QUE DEVES SABER PARA VIAJAR \u00c0 POL\u00d3NIA<\/strong><\/p>\n\n\n\n<p>De certeza que j\u00e1 ouviu falar da Pol\u00f3nia e pensou que talvez algum dia iria visit\u00e1-la. E se esse \u201calgum dia\u201d chega este ano? Mas&#8230;o que fa\u00e7o ali? Visito s\u00f3 uma cidade ou fico mais tempo? Tamb\u00e9m gostaria de relaxar por minha conta durante as f\u00e9rias e n\u00e3o ver s\u00f3 monumentos, por muito hist\u00f3ricos que sejam&#8230;Vamos dar-lhe uns conceitos b\u00e1sicos para convenc\u00ea-lo porque deveria pensar seriamente em visitar este pa\u00eds.<\/p>\n<\/div><\/div>\n\n\n\n<div class=\"wp-block-group is-style-container\"><div class=\"wp-block-group__inner-container is-layout-constrained wp-block-group-is-layout-constrained\">\n<div class=\"wp-block-group is-style-container\"><div class=\"wp-block-group__inner-container is-layout-constrained wp-block-group-is-layout-constrained\">\n<figure class=\"wp-block-embed is-type-video is-provider-youtube wp-block-embed-youtube wp-embed-aspect-16-9 wp-has-aspect-ratio\"><div class=\"wp-block-embed__wrapper\">\n<iframe loading=\"lazy\" title=\"Polonia te espera!\" width=\"500\" height=\"281\" src=\"https:\/\/www.youtube.com\/embed\/6U3uW6U0F9E?feature=oembed\" frameborder=\"0\" allow=\"accelerometer; autoplay; clipboard-write; encrypted-media; gyroscope; picture-in-picture; web-share\" referrerpolicy=\"strict-origin-when-cross-origin\" allowfullscreen><\/iframe>\n<\/div><\/figure>\n<\/div><\/div>\n<\/div><\/div>\n\n\n\n<div class=\"wp-block-group is-style-container-medium\"><div class=\"wp-block-group__inner-container is-layout-constrained wp-block-group-is-layout-constrained\">\n<p><strong>As quatro esta\u00e7\u00f5es do ano<\/strong><\/p>\n\n\n\n<p>Poder\u00e1 aproveitar as f\u00e9rias de ver\u00e3o ou de outono para fazer um percurso mais longo. A Pol\u00f3nia \u00e9 um pa\u00eds grande com in\u00fameros lugares que o ir\u00e3o cativar. Se n\u00e3o optar por realizar um circuito programado (as ag\u00eancias de viagens portuguesas t\u00eam uma ampla oferta), o primeiro que deve averiguar \u00e9 se dever\u00e1 aproveitar <a href=\"\/pt\/informac%C3%B5es-gerais-da-polonia\/conex%C3%B5es-aereas-entre-portugal-e-polonia\">os voos diretos<\/a> desde o aeroporto mais pr\u00f3ximo. Lisboa e Porto s\u00e3o os aeroportos que contam com mais liga\u00e7\u00f5es. No inverno sugerimos umas escapada de 3 ou 4 dias a alguma cidade com tradi\u00e7\u00f5es natal\u00edcias arraigadas como Crac\u00f3via, Vars\u00f3via ou Wroc\u0142aw, ou ao parque Nacional de Bia\u0142owie\u017ca, onde poder\u00e1 tirar fotos de bisontes em liberdade que lhe dar\u00e3o um toque especial \u00e0 sua viagem.<\/p>\n\n\n\n<p>Pol\u00f3nia nas quatro esta\u00e7\u00f5es do ano<\/p>\n<\/div><\/div>\n\n\n\n<div style=\"height:100px\" aria-hidden=\"true\" class=\"wp-block-spacer is-style-spacer-small\"><\/div>\n\n\n\n<div class=\"wp-block-group is-style-container\"><div class=\"wp-block-group__inner-container is-layout-constrained wp-block-group-is-layout-constrained\">  <div class=\"gallery-tiles gallery-tiles--rows-2-4 lightgallery\">\r\n          <a href=\"https:\/\/www.polonia.travel\/pt\/wp-content\/uploads\/sites\/19\/2024\/04\/426631577_Zubr-1.jpg\" class=\"gallery-tiles__item\" data-src=\"https:\/\/www.polonia.travel\/pt\/wp-content\/uploads\/sites\/19\/2024\/04\/426631577_Zubr-1.jpg\"\r\n        aria-label=\"Otw\u00f3rz powi\u0119kszone zdj\u0119cie: 426631577_Zubr-1\">\r\n        <img loading=\"lazy\" decoding=\"async\" width=\"1200\" height=\"800\" src=\"https:\/\/www.polonia.travel\/pt\/wp-content\/uploads\/sites\/19\/2024\/04\/426631577_Zubr-1-1200x800.jpg\" class=\"gallery-tiles__thumb\" alt=\"\" srcset=\"https:\/\/www.polonia.travel\/pt\/wp-content\/uploads\/sites\/19\/2024\/04\/426631577_Zubr-1-1200x800.jpg 1200w, https:\/\/www.polonia.travel\/pt\/wp-content\/uploads\/sites\/19\/2024\/04\/426631577_Zubr-1-600x400.jpg 600w, https:\/\/www.polonia.travel\/pt\/wp-content\/uploads\/sites\/19\/2024\/04\/426631577_Zubr-1-768x512.jpg 768w, https:\/\/www.polonia.travel\/pt\/wp-content\/uploads\/sites\/19\/2024\/04\/426631577_Zubr-1.jpg 1536w\" sizes=\"auto, (max-width: 1200px) 100vw, 1200px\" \/>      <\/a>\r\n          <a href=\"https:\/\/www.polonia.travel\/pt\/wp-content\/uploads\/sites\/19\/2024\/04\/SOPOT.jpeg\" class=\"gallery-tiles__item\" data-src=\"https:\/\/www.polonia.travel\/pt\/wp-content\/uploads\/sites\/19\/2024\/04\/SOPOT.jpeg\"\r\n        aria-label=\"Otw\u00f3rz powi\u0119kszone zdj\u0119cie: Sopot z lotu ptaka\">\r\n        <img loading=\"lazy\" decoding=\"async\" width=\"1170\" height=\"779\" src=\"https:\/\/www.polonia.travel\/pt\/wp-content\/uploads\/sites\/19\/2024\/04\/SOPOT.jpeg\" class=\"gallery-tiles__thumb\" alt=\"\" srcset=\"https:\/\/www.polonia.travel\/pt\/wp-content\/uploads\/sites\/19\/2024\/04\/SOPOT.jpeg 1170w, https:\/\/www.polonia.travel\/pt\/wp-content\/uploads\/sites\/19\/2024\/04\/SOPOT-600x399.jpeg 600w, https:\/\/www.polonia.travel\/pt\/wp-content\/uploads\/sites\/19\/2024\/04\/SOPOT-768x511.jpeg 768w\" sizes=\"auto, (max-width: 1170px) 100vw, 1170px\" \/>      <\/a>\r\n          <a href=\"https:\/\/www.polonia.travel\/pt\/wp-content\/uploads\/sites\/19\/2023\/02\/Ojcowski_PN_1170.jpg\" class=\"gallery-tiles__item\" data-src=\"https:\/\/www.polonia.travel\/pt\/wp-content\/uploads\/sites\/19\/2023\/02\/Ojcowski_PN_1170.jpg\"\r\n        aria-label=\"Otw\u00f3rz powi\u0119kszone zdj\u0119cie: Sunrise at Pieskowa Skala Castle among autumn trees, Poland\">\r\n        <img loading=\"lazy\" decoding=\"async\" width=\"1170\" height=\"774\" src=\"https:\/\/www.polonia.travel\/pt\/wp-content\/uploads\/sites\/19\/2023\/02\/Ojcowski_PN_1170.jpg\" class=\"gallery-tiles__thumb\" alt=\"\" srcset=\"https:\/\/www.polonia.travel\/pt\/wp-content\/uploads\/sites\/19\/2023\/02\/Ojcowski_PN_1170.jpg 1170w, https:\/\/www.polonia.travel\/pt\/wp-content\/uploads\/sites\/19\/2023\/02\/Ojcowski_PN_1170-600x397.jpg 600w, https:\/\/www.polonia.travel\/pt\/wp-content\/uploads\/sites\/19\/2023\/02\/Ojcowski_PN_1170-768x508.jpg 768w\" sizes=\"auto, (max-width: 1170px) 100vw, 1170px\" \/>      <\/a>\r\n          <a href=\"https:\/\/www.polonia.travel\/pt\/wp-content\/uploads\/sites\/19\/2024\/04\/krakow_wawel_3_1170.jpg\" class=\"gallery-tiles__item\" data-src=\"https:\/\/www.polonia.travel\/pt\/wp-content\/uploads\/sites\/19\/2024\/04\/krakow_wawel_3_1170.jpg\"\r\n        aria-label=\"Otw\u00f3rz powi\u0119kszone zdj\u0119cie: Zamek Krlewski na Wawelu\">\r\n        <img loading=\"lazy\" decoding=\"async\" width=\"1170\" height=\"780\" src=\"https:\/\/www.polonia.travel\/pt\/wp-content\/uploads\/sites\/19\/2024\/04\/krakow_wawel_3_1170.jpg\" class=\"gallery-tiles__thumb\" alt=\"\" srcset=\"https:\/\/www.polonia.travel\/pt\/wp-content\/uploads\/sites\/19\/2024\/04\/krakow_wawel_3_1170.jpg 1170w, https:\/\/www.polonia.travel\/pt\/wp-content\/uploads\/sites\/19\/2024\/04\/krakow_wawel_3_1170-600x400.jpg 600w, https:\/\/www.polonia.travel\/pt\/wp-content\/uploads\/sites\/19\/2024\/04\/krakow_wawel_3_1170-768x512.jpg 768w\" sizes=\"auto, (max-width: 1170px) 100vw, 1170px\" \/>      <\/a>\r\n          <a href=\"https:\/\/www.polonia.travel\/pt\/wp-content\/uploads\/sites\/19\/2023\/07\/tatry_krokusy_1170.jpg\" class=\"gallery-tiles__item\" data-src=\"https:\/\/www.polonia.travel\/pt\/wp-content\/uploads\/sites\/19\/2023\/07\/tatry_krokusy_1170.jpg\"\r\n        aria-label=\"Otw\u00f3rz powi\u0119kszone zdj\u0119cie: tatry_krokusy_1170\">\r\n        <img loading=\"lazy\" decoding=\"async\" width=\"1170\" height=\"780\" src=\"https:\/\/www.polonia.travel\/pt\/wp-content\/uploads\/sites\/19\/2023\/07\/tatry_krokusy_1170.jpg\" class=\"gallery-tiles__thumb\" alt=\"\" srcset=\"https:\/\/www.polonia.travel\/pt\/wp-content\/uploads\/sites\/19\/2023\/07\/tatry_krokusy_1170.jpg 1170w, https:\/\/www.polonia.travel\/pt\/wp-content\/uploads\/sites\/19\/2023\/07\/tatry_krokusy_1170-600x400.jpg 600w, https:\/\/www.polonia.travel\/pt\/wp-content\/uploads\/sites\/19\/2023\/07\/tatry_krokusy_1170-768x512.jpg 768w\" sizes=\"auto, (max-width: 1170px) 100vw, 1170px\" \/>      <\/a>\r\n          <a href=\"https:\/\/www.polonia.travel\/pt\/wp-content\/uploads\/sites\/19\/2024\/04\/Warszawa20zima20540x360-1.jpg\" class=\"gallery-tiles__item\" data-src=\"https:\/\/www.polonia.travel\/pt\/wp-content\/uploads\/sites\/19\/2024\/04\/Warszawa20zima20540x360-1.jpg\"\r\n        aria-label=\"Otw\u00f3rz powi\u0119kszone zdj\u0119cie: Warszawa20zima20540x360-1\">\r\n        <img loading=\"lazy\" decoding=\"async\" width=\"540\" height=\"360\" src=\"https:\/\/www.polonia.travel\/pt\/wp-content\/uploads\/sites\/19\/2024\/04\/Warszawa20zima20540x360-1.jpg\" class=\"gallery-tiles__thumb\" alt=\"\" \/>      <\/a>\r\n      <\/div>\r\n<\/div><\/div>\n\n\n\n<div style=\"height:100px\" aria-hidden=\"true\" class=\"wp-block-spacer is-style-spacer-small\"><\/div>\n\n\n\n<div class=\"wp-block-group is-style-container-medium\"><div class=\"wp-block-group__inner-container is-layout-constrained wp-block-group-is-layout-constrained\">\n<p>Desde Portugal, um voo direto \u00e0 Pol\u00f3nia demora 4 horas. S\u00f3 precisa de levar o seu cart\u00e3o de cidad\u00e3o e o cart\u00e3o sanit\u00e1rio europeu (para cidad\u00e3o da UE) e, a partir de junho de 2022, j\u00e1 n\u00e3o \u00e9 preciso apresentar nenhum documento sanit\u00e1rio relacionado com o COVID\u201919. A moeda nacional chamada z\u0142oty, \u00e9 a forma de pagamento mas n\u00e3o se preocupe: o uso dos cart\u00f5es de d\u00e9bito e cr\u00e9dito \u00e9 muito habitual e, se n\u00e3o quiser levantar dinheiro nas caixas multibanco, poder\u00e1 cambiar euros nas casas de c\u00e2mbio que se encontram em qualquer munic\u00edpio e n\u00e3o cobram comiss\u00e3o (n\u00e3o como nos aeroportos). A vantagem de utilizar euros \u00e9 que tudo parece e \u00e9, mais econ\u00f3mico.<\/p>\n\n\n\n<p><strong>N\u00e3o s\u00f3 Crac\u00f3via<\/strong><\/p>\n\n\n\n<p><strong>Crac\u00f3via e Vars\u00f3via<\/strong>, rivais ou aliadas?&nbsp;J\u00e1 ter\u00e1 ouvido dizer que Crac\u00f3via \u00e9 considerada uma das cidades mais belas da Europa. Por outro lado, Vars\u00f3via poderia parecer cinzenta, sobretudo se recordar os cen\u00e1rios do filme O Pianista.&nbsp;No entanto, essa j\u00e1 n\u00e3o \u00e9 a realidade atual: Vars\u00f3via \u00e9 um modelo de supera\u00e7\u00e3o e revitaliza\u00e7\u00e3o, n\u00e3o somente no plano arquitect\u00f3nico. D\u00ea uma volta pela zona hist\u00f3rica antiga ressuscitada e pelas tr\u00eas resid\u00eancias reais da capital polaca, mergulhe no romantismo da m\u00fasica de Chopin, partilhe com os locais o anivers\u00e1rio da explos\u00e3o do Levantamento de Vars\u00f3via no primeiro dia de agosto \u00e0s 17.00 horas (ou diariamente no Museu dedicado a este acontecimento) e poder\u00e1 sentir a alma da cidade e da Pol\u00f3nia.<\/p>\n\n\n\n<p>Se na sua viagem tamb\u00e9m procurar hist\u00f3ria e hist\u00f3rias, al\u00e9m de Vars\u00f3via e Crac\u00f3via, deveria pensar em visitar <strong>Gda\u0144sk<\/strong>, na costa b\u00e1ltica. H\u00e1 mais de oitenta anos que come\u00e7ou aqui a Segunda Guerra Mundial e h\u00e1 mais de quarenta que se formou o legend\u00e1rio sindicato <strong>Solidariedade<\/strong>. Desde a cidade poder\u00e1 fazer uma excurs\u00e3o a &nbsp;<strong>Malbork<\/strong>&nbsp;e mergulhar na hist\u00f3ria e nas hist\u00f3rias dos cavaleiros teut\u00f5es que aqui constru\u00edram um dos maiores castelos do mundo. Se viajar a <strong>Wroc\u0142aw<\/strong>, al\u00e9m de visitar a sua imponente zona hist\u00f3rica antiga, poder\u00e1 fazer <strong>a rota dos gnomos<\/strong> que h\u00e1 pouco tempo \u201cinvadiu\u201d a cidade. Poder\u00e1 ir acrescentando mais cidades com arte, hist\u00f3ria e encanto: <strong>a renascentista Pozna\u0144<\/strong>, <strong>a g\u00f3tica Toru\u0144<\/strong>, <strong>a surpreendente Lublin<\/strong>&nbsp;ou a <strong>\u201ccinematogr\u00e1fica\u201d \u0141\u00f3d\u017a<\/strong>. Algumas s\u00e3o &nbsp;Patrim\u00f3nio Mundial da UNESCO.<\/p>\n\n\n\n<div class=\"wp-block-group is-style-container-medium\"><div class=\"wp-block-group__inner-container is-layout-constrained wp-block-group-is-layout-constrained\">\n<h3 class=\"wp-block-heading\">Descubra as nossas cidades<\/h3>\n<\/div><\/div>\n\n\n\n<div style=\"height:100px\" aria-hidden=\"true\" class=\"wp-block-spacer is-style-spacer-small\"><\/div>\n\n\n\n<div class=\"wp-block-group is-style-container\"><div class=\"wp-block-group__inner-container is-layout-constrained wp-block-group-is-layout-constrained\">  <div class=\"gallery-tiles gallery-tiles--rows-2-4 lightgallery\">\r\n          <a href=\"https:\/\/www.polonia.travel\/pt\/wp-content\/uploads\/sites\/19\/2024\/04\/warszawa_zamek_krolewski_slonce_1170.jpg\" class=\"gallery-tiles__item\" data-src=\"https:\/\/www.polonia.travel\/pt\/wp-content\/uploads\/sites\/19\/2024\/04\/warszawa_zamek_krolewski_slonce_1170.jpg\"\r\n        aria-label=\"Otw\u00f3rz powi\u0119kszone zdj\u0119cie: warszawa_zamek_krolewski_slonce_1170\">\r\n        <img loading=\"lazy\" decoding=\"async\" width=\"1170\" height=\"780\" src=\"https:\/\/www.polonia.travel\/pt\/wp-content\/uploads\/sites\/19\/2024\/04\/warszawa_zamek_krolewski_slonce_1170.jpg\" class=\"gallery-tiles__thumb\" alt=\"\" srcset=\"https:\/\/www.polonia.travel\/pt\/wp-content\/uploads\/sites\/19\/2024\/04\/warszawa_zamek_krolewski_slonce_1170.jpg 1170w, https:\/\/www.polonia.travel\/pt\/wp-content\/uploads\/sites\/19\/2024\/04\/warszawa_zamek_krolewski_slonce_1170-600x400.jpg 600w, https:\/\/www.polonia.travel\/pt\/wp-content\/uploads\/sites\/19\/2024\/04\/warszawa_zamek_krolewski_slonce_1170-768x512.jpg 768w\" sizes=\"auto, (max-width: 1170px) 100vw, 1170px\" \/>      <\/a>\r\n          <a href=\"https:\/\/www.polonia.travel\/pt\/wp-content\/uploads\/sites\/19\/2024\/04\/krakow_wawel_2_1170.jpg\" class=\"gallery-tiles__item\" data-src=\"https:\/\/www.polonia.travel\/pt\/wp-content\/uploads\/sites\/19\/2024\/04\/krakow_wawel_2_1170.jpg\"\r\n        aria-label=\"Otw\u00f3rz powi\u0119kszone zdj\u0119cie: Cracow, Wawel palace at night, Poland\">\r\n        <img loading=\"lazy\" decoding=\"async\" width=\"1170\" height=\"780\" src=\"https:\/\/www.polonia.travel\/pt\/wp-content\/uploads\/sites\/19\/2024\/04\/krakow_wawel_2_1170.jpg\" class=\"gallery-tiles__thumb\" alt=\"\" srcset=\"https:\/\/www.polonia.travel\/pt\/wp-content\/uploads\/sites\/19\/2024\/04\/krakow_wawel_2_1170.jpg 1170w, https:\/\/www.polonia.travel\/pt\/wp-content\/uploads\/sites\/19\/2024\/04\/krakow_wawel_2_1170-600x400.jpg 600w, https:\/\/www.polonia.travel\/pt\/wp-content\/uploads\/sites\/19\/2024\/04\/krakow_wawel_2_1170-768x512.jpg 768w\" sizes=\"auto, (max-width: 1170px) 100vw, 1170px\" \/>      <\/a>\r\n          <a href=\"https:\/\/www.polonia.travel\/pt\/wp-content\/uploads\/sites\/19\/2023\/07\/wroclaw1170.jpg\" class=\"gallery-tiles__item\" data-src=\"https:\/\/www.polonia.travel\/pt\/wp-content\/uploads\/sites\/19\/2023\/07\/wroclaw1170.jpg\"\r\n        aria-label=\"Otw\u00f3rz powi\u0119kszone zdj\u0119cie: wroclaw1170\">\r\n        <img loading=\"lazy\" decoding=\"async\" width=\"1170\" height=\"780\" src=\"https:\/\/www.polonia.travel\/pt\/wp-content\/uploads\/sites\/19\/2023\/07\/wroclaw1170.jpg\" class=\"gallery-tiles__thumb\" alt=\"\" srcset=\"https:\/\/www.polonia.travel\/pt\/wp-content\/uploads\/sites\/19\/2023\/07\/wroclaw1170.jpg 1170w, https:\/\/www.polonia.travel\/pt\/wp-content\/uploads\/sites\/19\/2023\/07\/wroclaw1170-600x400.jpg 600w, https:\/\/www.polonia.travel\/pt\/wp-content\/uploads\/sites\/19\/2023\/07\/wroclaw1170-768x512.jpg 768w\" sizes=\"auto, (max-width: 1170px) 100vw, 1170px\" \/>      <\/a>\r\n          <a href=\"https:\/\/www.polonia.travel\/pt\/wp-content\/uploads\/sites\/19\/2023\/07\/Gdanskfull1170.jpg\" class=\"gallery-tiles__item\" data-src=\"https:\/\/www.polonia.travel\/pt\/wp-content\/uploads\/sites\/19\/2023\/07\/Gdanskfull1170.jpg\"\r\n        aria-label=\"Otw\u00f3rz powi\u0119kszone zdj\u0119cie: Gdanskfull1170\">\r\n        <img loading=\"lazy\" decoding=\"async\" width=\"1170\" height=\"780\" src=\"https:\/\/www.polonia.travel\/pt\/wp-content\/uploads\/sites\/19\/2023\/07\/Gdanskfull1170.jpg\" class=\"gallery-tiles__thumb\" alt=\"\" srcset=\"https:\/\/www.polonia.travel\/pt\/wp-content\/uploads\/sites\/19\/2023\/07\/Gdanskfull1170.jpg 1170w, https:\/\/www.polonia.travel\/pt\/wp-content\/uploads\/sites\/19\/2023\/07\/Gdanskfull1170-600x400.jpg 600w, https:\/\/www.polonia.travel\/pt\/wp-content\/uploads\/sites\/19\/2023\/07\/Gdanskfull1170-768x512.jpg 768w\" sizes=\"auto, (max-width: 1170px) 100vw, 1170px\" \/>      <\/a>\r\n          <a href=\"https:\/\/www.polonia.travel\/pt\/wp-content\/uploads\/sites\/19\/2024\/04\/poznan_stare_miasto_2_1170.jpg\" class=\"gallery-tiles__item\" data-src=\"https:\/\/www.polonia.travel\/pt\/wp-content\/uploads\/sites\/19\/2024\/04\/poznan_stare_miasto_2_1170.jpg\"\r\n        aria-label=\"Otw\u00f3rz powi\u0119kszone zdj\u0119cie: Poznan, Posen market square, old town, Poland. Town hall\">\r\n        <img loading=\"lazy\" decoding=\"async\" width=\"1170\" height=\"780\" src=\"https:\/\/www.polonia.travel\/pt\/wp-content\/uploads\/sites\/19\/2024\/04\/poznan_stare_miasto_2_1170.jpg\" class=\"gallery-tiles__thumb\" alt=\"\" srcset=\"https:\/\/www.polonia.travel\/pt\/wp-content\/uploads\/sites\/19\/2024\/04\/poznan_stare_miasto_2_1170.jpg 1170w, https:\/\/www.polonia.travel\/pt\/wp-content\/uploads\/sites\/19\/2024\/04\/poznan_stare_miasto_2_1170-600x400.jpg 600w, https:\/\/www.polonia.travel\/pt\/wp-content\/uploads\/sites\/19\/2024\/04\/poznan_stare_miasto_2_1170-768x512.jpg 768w\" sizes=\"auto, (max-width: 1170px) 100vw, 1170px\" \/>      <\/a>\r\n          <a href=\"https:\/\/www.polonia.travel\/pt\/wp-content\/uploads\/sites\/19\/2023\/07\/Lodz-mural-NGT20Custom-1.png\" class=\"gallery-tiles__item\" data-src=\"https:\/\/www.polonia.travel\/pt\/wp-content\/uploads\/sites\/19\/2023\/07\/Lodz-mural-NGT20Custom-1.png\"\r\n        aria-label=\"Otw\u00f3rz powi\u0119kszone zdj\u0119cie: Lodz-mural-NGT20Custom-1\">\r\n        <img loading=\"lazy\" decoding=\"async\" width=\"1035\" height=\"680\" src=\"https:\/\/www.polonia.travel\/pt\/wp-content\/uploads\/sites\/19\/2023\/07\/Lodz-mural-NGT20Custom-1.png\" class=\"gallery-tiles__thumb\" alt=\"\" srcset=\"https:\/\/www.polonia.travel\/pt\/wp-content\/uploads\/sites\/19\/2023\/07\/Lodz-mural-NGT20Custom-1.png 1035w, https:\/\/www.polonia.travel\/pt\/wp-content\/uploads\/sites\/19\/2023\/07\/Lodz-mural-NGT20Custom-1-600x394.png 600w, https:\/\/www.polonia.travel\/pt\/wp-content\/uploads\/sites\/19\/2023\/07\/Lodz-mural-NGT20Custom-1-768x505.png 768w\" sizes=\"auto, (max-width: 1035px) 100vw, 1035px\" \/>      <\/a>\r\n      <\/div>\r\n<\/div><\/div>\n\n\n\n<div style=\"height:100px\" aria-hidden=\"true\" class=\"wp-block-spacer is-style-spacer-small\"><\/div>\n\n\n\n<p><strong>Rotas religiosas<\/strong><\/p>\n\n\n\n<p>Apesar de F\u00e1tima ser um lugar de culto mariano em Portugal, na Pol\u00f3nia poder\u00e1 encontrar <a href=\"\/pt\/turismo-religioso\/santuario-da-virgem-maria-em-czestochowa\">Czestochowa <\/a>que guarda a imagem da Virgem Negra. Ambas as cidades est\u00e3o hermanadas e t\u00eam outro ponto em comum: a personagem de S\u00e3o Jo\u00e3o Pablo II. Al\u00e9m da rota pela Pol\u00f3nia, <a href=\"\/pt\/turismo-religioso\/100%C2%BA-aniversario-do-nascimento-de-jo%C3%A3o-paulo-ii\">seguindo as pegadas de\u00a0Karol Woltyla<\/a>,\u00a0uma atraente proposta para pequenos grupos de viajantes s\u00e3o as igrejas de madeira ao sul do pa\u00eds, declaradas Patrim\u00f3nio da Humanidade. A Pol\u00f3nia, ao ser um pa\u00eds cat\u00f3lico, os lugares de culto podem-se encontrar inclusive na Mina de Sal Wieliczka (a capela de Santa Kinga) ou em ambientes naturais, fazendo, por exemplo, caminhadas.\u00a0<\/p>\n<\/div><\/div>\n\n\n\n<div class=\"wp-block-group is-style-container\"><div class=\"wp-block-group__inner-container is-layout-constrained wp-block-group-is-layout-constrained\"><div class=\"wp-block-image\">\n<figure class=\"aligncenter size-full\"><img loading=\"lazy\" decoding=\"async\" width=\"1170\" height=\"780\" src=\"https:\/\/www.polonia.travel\/pt\/wp-content\/uploads\/sites\/19\/2023\/07\/5063_Debno_Podhal_kosc_Michala_Archaniola_KK_HR.jpg\" alt=\"\" class=\"wp-image-28344\" srcset=\"https:\/\/www.polonia.travel\/pt\/wp-content\/uploads\/sites\/19\/2023\/07\/5063_Debno_Podhal_kosc_Michala_Archaniola_KK_HR.jpg 1170w, https:\/\/www.polonia.travel\/pt\/wp-content\/uploads\/sites\/19\/2023\/07\/5063_Debno_Podhal_kosc_Michala_Archaniola_KK_HR-600x400.jpg 600w, https:\/\/www.polonia.travel\/pt\/wp-content\/uploads\/sites\/19\/2023\/07\/5063_Debno_Podhal_kosc_Michala_Archaniola_KK_HR-768x512.jpg 768w\" sizes=\"auto, (max-width: 1170px) 100vw, 1170px\" \/><figcaption class=\"wp-element-caption\"><em>Igreja de madeira no sul da Pol\u00f3nia, em D\u0119bno<\/em><\/figcaption><\/figure><\/div><\/div><\/div>\n\n\n\n<div class=\"wp-block-group is-style-container-medium\"><div class=\"wp-block-group__inner-container is-layout-constrained wp-block-group-is-layout-constrained\">\n<p><strong>Natureza<\/strong><\/p>\n<\/div><\/div>\n\n\n\n<div class=\"wp-block-group is-style-container-medium\"><div class=\"wp-block-group__inner-container is-layout-constrained wp-block-group-is-layout-constrained\">\n<p>10% do territ\u00f3rio da Pol\u00f3nia encontra-se ocupado por <strong>espa\u00e7os naturais protegidos<\/strong>. Poder\u00e1 encontrar algum dos <a href=\"\/pt\/parques-nacionais\/parques-nacionais\">23 parques nacionais<\/a>&nbsp;do pa\u00eds muito <strong>perto das suas grandes cidades<\/strong>. Imagine que j\u00e1 visitou Crac\u00f3via, onde durante tr\u00eas dias ter\u00e1 disfrutado dos seus monumentos, esplanadas e do ambiente noturno do bairro judeu de Kazimierz. Agora ir\u00e1 querer fazer caminhadas, andar de bicicleta ou simplesmente sair da cidade. Muito pr\u00f3ximo dessa zona encontra-se o Parque Nacional de Ojcowski que forma parte da <strong>Rota dos Ninhos da \u00c1guia<\/strong>, unindo Crac\u00f3via e Cz\u0119stochowa. Se quiser ir um pouco mais al\u00e9m, a 100 km da cidade, poder\u00e1 disfrutar do Parque Nacional de Pieniny&nbsp;e do Parque Nacional dos Tatra. Se passar duas ou tr\u00eas noites na zona ter\u00e1 a ocasi\u00e3o de visitar destacados monumentos constru\u00eddos em madeira (por exemplo, uma s\u00e9rie de igrejas declaradas Patrim\u00f3nio da Humanidade), provar deliciosos produtos regionais desta parte da Pol\u00f3nia, disfrutar do folclore montanh\u00eas e \u2013 n\u00e3o perca a oportunidade! &#8211;&nbsp; relaxar nalguma das cinco termas pr\u00f3ximas a Zakopane, onde poder\u00e1 disfrutar de \u00e1guas geotermais com temperaturas suaves e agrad\u00e1veis.<\/p>\n<\/div><\/div>\n\n\n\n<div class=\"wp-block-group is-style-container\"><div class=\"wp-block-group__inner-container is-layout-constrained wp-block-group-is-layout-constrained\">\n<figure class=\"wp-block-image size-full\"><img loading=\"lazy\" decoding=\"async\" width=\"1170\" height=\"780\" src=\"https:\/\/www.polonia.travel\/pt\/wp-content\/uploads\/sites\/19\/2023\/07\/pieniny_splyw_dunajcem_1170.jpg\" alt=\"\" class=\"wp-image-28533\" srcset=\"https:\/\/www.polonia.travel\/pt\/wp-content\/uploads\/sites\/19\/2023\/07\/pieniny_splyw_dunajcem_1170.jpg 1170w, https:\/\/www.polonia.travel\/pt\/wp-content\/uploads\/sites\/19\/2023\/07\/pieniny_splyw_dunajcem_1170-600x400.jpg 600w, https:\/\/www.polonia.travel\/pt\/wp-content\/uploads\/sites\/19\/2023\/07\/pieniny_splyw_dunajcem_1170-768x512.jpg 768w\" sizes=\"auto, (max-width: 1170px) 100vw, 1170px\" \/><\/figure>\n<\/div><\/div>\n\n\n\n<div class=\"wp-block-group is-style-container-medium\"><div class=\"wp-block-group__inner-container is-layout-constrained wp-block-group-is-layout-constrained\">\n<p><strong>Viagens com sabor<\/strong><\/p>\n\n\n\n<p>N\u00e3o h\u00e1 nada como a comida portuguesa mas, de certeza que ir\u00e1 ficar surpreendido com o sabor da <a href=\"\/pt\/cozinha-polaca\">gastronomia polaca<\/a>. N\u00e3o v\u00e1 embora sem provar um prato humilde como os <em><strong>pierogi<\/strong><\/em>,\u00a0nem um nobre como o pato recheado. Se viajar no outono, recomendamos aproveitar a \u00e9poca para degustar um <em><strong>bigos<\/strong><\/em> e ganso assado, e terminar qualquer comida com alguma dos suculentas e, bem confecionadas, sobremesas caseiras.\u00a0<\/p>\n<\/div><\/div>\n\n\n\n<div class=\"wp-block-group is-style-container\"><div class=\"wp-block-group__inner-container is-layout-constrained wp-block-group-is-layout-constrained\"><div class=\"wp-block-image\">\n<figure class=\"aligncenter size-full\"><img loading=\"lazy\" decoding=\"async\" width=\"1170\" height=\"778\" src=\"https:\/\/www.polonia.travel\/pt\/wp-content\/uploads\/sites\/19\/2023\/07\/pierogi_1170.jpg\" alt=\"\" class=\"wp-image-27424\" srcset=\"https:\/\/www.polonia.travel\/pt\/wp-content\/uploads\/sites\/19\/2023\/07\/pierogi_1170.jpg 1170w, https:\/\/www.polonia.travel\/pt\/wp-content\/uploads\/sites\/19\/2023\/07\/pierogi_1170-600x399.jpg 600w, https:\/\/www.polonia.travel\/pt\/wp-content\/uploads\/sites\/19\/2023\/07\/pierogi_1170-768x511.jpg 768w\" sizes=\"auto, (max-width: 1170px) 100vw, 1170px\" \/><figcaption class=\"wp-element-caption\"><em>Pierogi<\/em><\/figcaption><\/figure><\/div><\/div><\/div>\n\n\n\n<div class=\"wp-block-group has-background\" style=\"background-color:#eeeeee\"><div class=\"wp-block-group__inner-container is-layout-constrained wp-block-group-is-layout-constrained\">\n<div style=\"height:100px\" aria-hidden=\"true\" class=\"wp-block-spacer is-style-spacer-small\"><\/div>\n\n\n\n<div class=\"wp-block-group is-style-container\"><div class=\"wp-block-group__inner-container is-layout-constrained wp-block-group-is-layout-constrained\">\n<h3 class=\"wp-block-heading\"><strong>L\u00ea mais art\u00edculos<\/strong><\/h3>\n\n\n<div class=\"overflow\">\n  <div class=\"post-slider swiper post-slider--small\" data-schema=\"small\">\n\n    <div class=\"swiper-wrapper\">\n              <div class=\"swiper-slide post-slide\">\n                      <a href=\"https:\/\/www.polonia.travel\/pt\/polonia-para-mulheres-viajantes\/\" class=\"post-box post-box--small\" style=\" background-image: url(https:\/\/www.polonia.travel\/pt\/wp-content\/uploads\/sites\/19\/2026\/03\/GettyImages-2211645570_Krakow-600x400.jpg);\">\n          <div class=\"post-box__hover\" style=\"background-image: url(https:\/\/www.polonia.travel\/pt\/wp-content\/uploads\/sites\/19\/2023\/07\/WROCLAW_2-1-600x400.jpg);\"><\/div>\n        <div class=\"post-box__info\">\n            <div class=\"post-box__title\">Pol\u00f3nia para mulheres viajantes<\/div>\n      <div class=\"post-box__more\">Ver mais<\/div>\n    <\/div>\n  <\/a>\n\n          <\/div>\n              <div class=\"swiper-slide post-slide\">\n                      <a href=\"https:\/\/www.polonia.travel\/pt\/celebrar-a-pascoa-na-polonia\/\" class=\"post-box post-box--small\" style=\" background-image: url(https:\/\/www.polonia.travel\/pt\/wp-content\/uploads\/sites\/19\/2023\/07\/80032977_Pisanki_Bazie-600x400.jpg);\">\n          <div class=\"post-box__hover\" style=\"background-image: url(https:\/\/www.polonia.travel\/pt\/wp-content\/uploads\/sites\/19\/2026\/03\/PENT9471-600x400.jpg);\"><\/div>\n        <div class=\"post-box__info\">\n            <div class=\"post-box__title\">Celebrar a P\u00e1scoa na Pol\u00f3nia<\/div>\n      <div class=\"post-box__more\">Ver mais<\/div>\n    <\/div>\n  <\/a>\n\n          <\/div>\n              <div class=\"swiper-slide post-slide\">\n                      <a href=\"https:\/\/www.polonia.travel\/pt\/entre-vikings-e-festivais-de-luz\/\" class=\"post-box post-box--small\" style=\" background-image: url(https:\/\/www.polonia.travel\/pt\/wp-content\/uploads\/sites\/19\/2023\/07\/centrum_slowian_i_wikingow_w_wolinie_2_1170-600x400.jpg);\">\n          <div class=\"post-box__hover\" style=\"background-image: url(https:\/\/www.polonia.travel\/pt\/wp-content\/uploads\/sites\/19\/2023\/08\/jarmark-sw-dominika3-600x349.jpg);\"><\/div>\n        <div class=\"post-box__info\">\n            <div class=\"post-box__title\">Entre vikings e festivais de luz<\/div>\n      <div class=\"post-box__more\">Ver mais<\/div>\n    <\/div>\n  <\/a>\n\n          <\/div>\n              <div class=\"swiper-slide post-slide\">\n                      <a href=\"https:\/\/www.polonia.travel\/pt\/ligacoes-aereas-diretas-entre-portugal-e-a-polonia-verao-2026\/\" class=\"post-box post-box--small\" style=\" background-image: url(https:\/\/www.polonia.travel\/pt\/wp-content\/uploads\/sites\/19\/2024\/04\/172720969_Samolot_Adobe-600x462.jpg);\">\n          <div class=\"post-box__hover\" style=\"background-image: url(https:\/\/www.polonia.travel\/pt\/wp-content\/uploads\/sites\/19\/2024\/06\/333848690_Samolot_Adobe-1-600x400.jpg);\"><\/div>\n        <div class=\"post-box__info\">\n            <div class=\"post-box__title\">Liga\u00e7\u00f5es a\u00e9reas diretas entre Portugal e a Pol\u00f3nia &#8211; ver\u00e3o 2026<\/div>\n      <div class=\"post-box__more\">Ver mais<\/div>\n    <\/div>\n  <\/a>\n\n          <\/div>\n              <div class=\"swiper-slide post-slide\">\n                      <a href=\"https:\/\/www.polonia.travel\/pt\/cracovia-e-a-lenda-do-dragao\/\" class=\"post-box post-box--small\" style=\" background-image: url(https:\/\/www.polonia.travel\/pt\/wp-content\/uploads\/sites\/19\/2025\/05\/M6B9987.jpg);\">\n          <div class=\"post-box__hover\" style=\"background-image: url(https:\/\/www.polonia.travel\/pt\/wp-content\/uploads\/sites\/19\/2025\/05\/M6B0005.jpg);\"><\/div>\n        <div class=\"post-box__info\">\n            <div class=\"post-box__title\">CRAC\u00d3VIA E A LENDA DO DRAG\u00c3O<\/div>\n      <div class=\"post-box__more\">Ver mais<\/div>\n    <\/div>\n  <\/a>\n\n          <\/div>\n              <div class=\"swiper-slide post-slide\">\n                      <a href=\"https:\/\/www.polonia.travel\/pt\/gdansk-o-melhor-mercado-de-natal-da-europa-2025\/\" class=\"post-box post-box--small\" style=\" background-image: url(https:\/\/www.polonia.travel\/pt\/wp-content\/uploads\/sites\/19\/2023\/12\/gdansk_jarmark_bozonarodzeniowy-600x400.jpeg);\">\n          <div class=\"post-box__hover\" style=\"background-image: url(https:\/\/www.polonia.travel\/pt\/wp-content\/uploads\/sites\/19\/2025\/10\/398229379_gdansk_zima-600x400.jpg);\"><\/div>\n        <div class=\"post-box__info\">\n            <div class=\"post-box__title\">Gda\u0144sk, o Melhor Mercado de Natal da Europa 2025<\/div>\n      <div class=\"post-box__more\">Ver mais<\/div>\n    <\/div>\n  <\/a>\n\n          <\/div>\n              <div class=\"swiper-slide post-slide\">\n                      <a href=\"https:\/\/www.polonia.travel\/pt\/gdanskcapital-europeia-da-cultura-gastronomica-2025\/\" class=\"post-box post-box--small\" style=\" background-image: url(https:\/\/www.polonia.travel\/pt\/wp-content\/uploads\/sites\/19\/2023\/07\/Gdansk-600x400.jpg);\">\n          <div class=\"post-box__hover\" style=\"background-image: url(https:\/\/www.polonia.travel\/pt\/wp-content\/uploads\/sites\/19\/2024\/04\/023_GDANSK_MATU_HR-1MB-600x389.jpg);\"><\/div>\n        <div class=\"post-box__info\">\n            <div class=\"post-box__title\">Gdansk Capital Europeia da Cultura Gastron\u00f3mica 2025<\/div>\n      <div class=\"post-box__more\">Ver mais<\/div>\n    <\/div>\n  <\/a>\n\n          <\/div>\n              <div class=\"swiper-slide post-slide\">\n                      <a href=\"https:\/\/www.polonia.travel\/pt\/os-10-melhores-locais-para-viajar-na-polonia-com-criancas\/\" class=\"post-box post-box--small\" style=\" background-image: url(https:\/\/www.polonia.travel\/pt\/wp-content\/uploads\/sites\/19\/2023\/07\/farma_iluzji_dla_dzieci_1170-600x400.jpg);\">\n          <div class=\"post-box__hover\" style=\"background-image: url(https:\/\/www.polonia.travel\/pt\/wp-content\/uploads\/sites\/19\/2024\/03\/dzieci_basen-1920x989-1-600x309.jpg);\"><\/div>\n        <div class=\"post-box__info\">\n            <div class=\"post-box__title\">Os 10 melhores locais para viajar na Pol\u00f3nia com crian\u00e7as<\/div>\n      <div class=\"post-box__more\">Ver mais<\/div>\n    <\/div>\n  <\/a>\n\n          <\/div>\n              <div class=\"swiper-slide post-slide\">\n                      <a href=\"https:\/\/www.polonia.travel\/pt\/com-os-bracos-abertos\/\" class=\"post-box post-box--small\" style=\" background-image: url(https:\/\/www.polonia.travel\/pt\/wp-content\/uploads\/sites\/19\/2023\/07\/HOSPITALITY_0003_AdobeStock_130221151-600x400.jpg);\">\n          <div class=\"post-box__hover\" style=\"background-image: url(https:\/\/www.polonia.travel\/pt\/wp-content\/uploads\/sites\/19\/2023\/07\/HOSPITALITY_1170x780-600x400.jpg);\"><\/div>\n        <div class=\"post-box__info\">\n            <div class=\"post-box__title\">Com os bra\u00e7os abertos<\/div>\n      <div class=\"post-box__more\">Ver mais<\/div>\n    <\/div>\n  <\/a>\n\n          <\/div>\n              <div class=\"swiper-slide post-slide\">\n                      <a href=\"https:\/\/www.polonia.travel\/pt\/compras-na-polonia\/\" class=\"post-box post-box--small\" style=\" background-image: url(https:\/\/www.polonia.travel\/pt\/wp-content\/uploads\/sites\/19\/2024\/04\/22.120Bursztyn20mniejsze20540x354.jpg);\">\n          <div class=\"post-box__hover\" style=\"background-image: url(https:\/\/www.polonia.travel\/pt\/wp-content\/uploads\/sites\/19\/2022\/12\/ceramika_z_boleslawca_1170-600x400.jpg);\"><\/div>\n        <div class=\"post-box__info\">\n            <div class=\"post-box__title\">Compras na Pol\u00f3nia<\/div>\n      <div class=\"post-box__more\">Ver mais<\/div>\n    <\/div>\n  <\/a>\n\n          <\/div>\n              <div class=\"swiper-slide post-slide\">\n                      <a href=\"https:\/\/www.polonia.travel\/pt\/rotas-para-caminhadas\/\" class=\"post-box post-box--small\" style=\" background-image: url(https:\/\/www.polonia.travel\/pt\/wp-content\/uploads\/sites\/19\/2023\/07\/wedrowki_gorskie_tatry_1170-600x400.jpg);\">\n          <div class=\"post-box__hover\" style=\"background-image: url(https:\/\/www.polonia.travel\/pt\/wp-content\/uploads\/sites\/19\/2023\/07\/mazury_mragowo_jezioro_czos_1170-600x400.jpg);\"><\/div>\n        <div class=\"post-box__info\">\n            <div class=\"post-box__title\">ROTAS PARA CAMINHADAS<\/div>\n      <div class=\"post-box__more\">Ver mais<\/div>\n    <\/div>\n  <\/a>\n\n          <\/div>\n              <div class=\"swiper-slide post-slide\">\n                      <a href=\"https:\/\/www.polonia.travel\/pt\/por-que-vale-a-pena-visitar-a-polonia\/\" class=\"post-box post-box--small\" style=\" background-image: url(https:\/\/www.polonia.travel\/pt\/wp-content\/uploads\/sites\/19\/2024\/04\/426631577_Zubr-1-600x400.jpg);\">\n          <div class=\"post-box__hover\" style=\"background-image: url(https:\/\/www.polonia.travel\/pt\/wp-content\/uploads\/sites\/19\/2023\/07\/Lodz-mural-NGT20Custom-1-600x394.png);\"><\/div>\n        <div class=\"post-box__info\">\n            <div class=\"post-box__title\">Por que vale a pena visitar a Pol\u00f3nia?<\/div>\n      <div class=\"post-box__more\">Ver mais<\/div>\n    <\/div>\n  <\/a>\n\n          <\/div>\n              <div class=\"swiper-slide post-slide\">\n                      <a href=\"https:\/\/www.polonia.travel\/pt\/viagens-organizadas-a-polonia\/\" class=\"post-box post-box--small\" style=\" background-image: url(https:\/\/www.polonia.travel\/pt\/wp-content\/uploads\/sites\/19\/2024\/04\/krakow_rynek_noca_1170-600x400.jpg);\">\n          <div class=\"post-box__hover\" style=\"background-image: url(https:\/\/www.polonia.travel\/pt\/wp-content\/uploads\/sites\/19\/2024\/04\/Poznan_kamieniczki-600x400.jpg);\"><\/div>\n        <div class=\"post-box__info\">\n            <div class=\"post-box__title\">VIAGENS ORGANIZADAS \u00c0 POL\u00d3NIA<\/div>\n      <div class=\"post-box__more\">Ver mais<\/div>\n    <\/div>\n  <\/a>\n\n          <\/div>\n              <div class=\"swiper-slide post-slide\">\n                      <a href=\"https:\/\/www.polonia.travel\/pt\/pequenas-cidades-com-encanto\/\" class=\"post-box post-box--small\" style=\" background-image: url(https:\/\/www.polonia.travel\/pt\/wp-content\/uploads\/sites\/19\/2023\/02\/kazimierz_dolny_starowka_kosciol_farny_2_1170-600x400.jpg);\">\n          <div class=\"post-box__hover\" style=\"background-image: url(https:\/\/www.polonia.travel\/pt\/wp-content\/uploads\/sites\/19\/2022\/12\/kazimierz_dolny_starowka_kosciol_farny_1170-600x400.jpg);\"><\/div>\n        <div class=\"post-box__info\">\n            <div class=\"post-box__title\">Pequenas cidades com encanto<\/div>\n      <div class=\"post-box__more\">Ver mais<\/div>\n    <\/div>\n  <\/a>\n\n          <\/div>\n              <div class=\"swiper-slide post-slide\">\n                      <a href=\"https:\/\/www.polonia.travel\/pt\/mercados-de-natal-na-polonia\/\" class=\"post-box post-box--small\" style=\" background-image: url(https:\/\/www.polonia.travel\/pt\/wp-content\/uploads\/sites\/19\/2025\/10\/wizerunkowe-stary-rynek-03-600x400.jpg);\">\n          <div class=\"post-box__hover\" style=\"background-image: url(https:\/\/www.polonia.travel\/pt\/wp-content\/uploads\/sites\/19\/2025\/10\/AdobeStock_359279928_krakow_swieta-600x400.jpeg);\"><\/div>\n        <div class=\"post-box__info\">\n            <div class=\"post-box__title\">Mercados de Natal na Pol\u00f3nia<\/div>\n      <div class=\"post-box__more\">Ver mais<\/div>\n    <\/div>\n  <\/a>\n\n          <\/div>\n          <\/div>\n    <div class=\"post-slider__pagination\"><\/div>\n  <\/div>\n<\/div>\n<\/div><\/div>\n\n\n\n<div style=\"height:100px\" aria-hidden=\"true\" class=\"wp-block-spacer is-style-spacer-small\"><\/div>\n<\/div><\/div>\n","protected":false},"excerpt":{"rendered":"<p>CINCO COISAS QUE DEVES SABER PARA VIAJAR \u00c0 POL\u00d3NIA De certeza que j\u00e1 ouviu falar da Pol\u00f3nia e pensou que talvez algum dia iria visit\u00e1-la. E se esse \u201calgum dia\u201d chega este ano? Mas&#8230;o que fa\u00e7o ali? Visito s\u00f3 uma cidade ou fico mais tempo? Tamb\u00e9m gostaria de relaxar por minha conta durante as f\u00e9rias [&hellip;]<\/p>\n","protected":false},"author":1,"featured_media":31746,"comment_status":"open","ping_status":"open","sticky":false,"template":"","format":"standard","meta":{"_acf_changed":false,"footnotes":""},"categories":[1051,1053],"class_list":["post-31031","post","type-post","status-publish","format-standard","has-post-thumbnail","hentry","category-inspiracoes-de-viagem","category-inspiracoes"],"acf":[],"yoast_head":"<!-- This site is optimized with the Yoast SEO plugin v27.4 - https:\/\/yoast.com\/product\/yoast-seo-wordpress\/ -->\n<title>Por que vale a pena visitar a Pol\u00f3nia? - Polonia Travel (PT)<\/title>\n<meta name=\"robots\" content=\"index, follow, max-snippet:-1, max-image-preview:large, max-video-preview:-1\" \/>\n<link rel=\"canonical\" href=\"https:\/\/wp-pt.poland.travel\/por-que-vale-a-pena-visitar-a-polonia\/\" \/>\n<meta property=\"og:locale\" content=\"pl_PL\" \/>\n<meta property=\"og:type\" content=\"article\" \/>\n<meta property=\"og:title\" content=\"Por que vale a pena visitar a Pol\u00f3nia? - Polonia Travel (PT)\" \/>\n<meta property=\"og:description\" content=\"CINCO COISAS QUE DEVES SABER PARA VIAJAR \u00c0 POL\u00d3NIA De certeza que j\u00e1 ouviu falar da Pol\u00f3nia e pensou que talvez algum dia iria visit\u00e1-la. E se esse \u201calgum dia\u201d chega este ano? Mas&#8230;o que fa\u00e7o ali? Visito s\u00f3 uma cidade ou fico mais tempo? Tamb\u00e9m gostaria de relaxar por minha conta durante as f\u00e9rias [&hellip;]\" \/>\n<meta property=\"og:url\" content=\"https:\/\/wp-pt.poland.travel\/por-que-vale-a-pena-visitar-a-polonia\/\" \/>\n<meta property=\"og:site_name\" content=\"Polonia Travel (PT)\" \/>\n<meta property=\"article:published_time\" content=\"2024-06-26T15:36:16+00:00\" \/>\n<meta property=\"article:modified_time\" content=\"2024-06-26T15:36:17+00:00\" \/>\n<meta property=\"og:image\" content=\"https:\/\/wp-pt.poland.travel\/wp-content\/uploads\/sites\/19\/2024\/04\/PIENINY20TRATWY_3602082020x20365.jpg\" \/>\n\t<meta property=\"og:image:width\" content=\"820\" \/>\n\t<meta property=\"og:image:height\" content=\"365\" \/>\n\t<meta property=\"og:image:type\" content=\"image\/jpeg\" \/>\n<meta name=\"twitter:card\" content=\"summary_large_image\" \/>\n<meta name=\"twitter:label1\" content=\"Napisane przez\" \/>\n\t<meta name=\"twitter:data1\" content=\"\" \/>\n\t<meta name=\"twitter:label2\" content=\"Szacowany czas czytania\" \/>\n\t<meta name=\"twitter:data2\" content=\"7 minut\" \/>\n<script type=\"application\/ld+json\" class=\"yoast-schema-graph\">{\"@context\":\"https:\\\/\\\/schema.org\",\"@graph\":[{\"@type\":\"Article\",\"@id\":\"https:\\\/\\\/wp-pt.poland.travel\\\/por-que-vale-a-pena-visitar-a-polonia\\\/#article\",\"isPartOf\":{\"@id\":\"https:\\\/\\\/wp-pt.poland.travel\\\/por-que-vale-a-pena-visitar-a-polonia\\\/\"},\"author\":{\"name\":\"\",\"@id\":\"\"},\"headline\":\"Por que vale a pena visitar a Pol\u00f3nia?\",\"datePublished\":\"2024-06-26T15:36:16+00:00\",\"dateModified\":\"2024-06-26T15:36:17+00:00\",\"mainEntityOfPage\":{\"@id\":\"https:\\\/\\\/wp-pt.poland.travel\\\/por-que-vale-a-pena-visitar-a-polonia\\\/\"},\"wordCount\":1092,\"commentCount\":0,\"publisher\":{\"@id\":\"https:\\\/\\\/wp-pt.poland.travel\\\/#organization\"},\"image\":{\"@id\":\"https:\\\/\\\/wp-pt.poland.travel\\\/por-que-vale-a-pena-visitar-a-polonia\\\/#primaryimage\"},\"thumbnailUrl\":\"https:\\\/\\\/www.polonia.travel\\\/pt\\\/wp-content\\\/uploads\\\/sites\\\/19\\\/2024\\\/04\\\/PIENINY20TRATWY_3602082020x20365.jpg\",\"keywords\":[\"pt\",\"sobre-a-polonia\"],\"articleSection\":[\"Inspira\u00e7\u00f5es de viagem\",\"Inspira\u00e7\u00f5es\"],\"inLanguage\":\"pl-PL\"},{\"@type\":\"WebPage\",\"@id\":\"https:\\\/\\\/wp-pt.poland.travel\\\/por-que-vale-a-pena-visitar-a-polonia\\\/\",\"url\":\"https:\\\/\\\/wp-pt.poland.travel\\\/por-que-vale-a-pena-visitar-a-polonia\\\/\",\"name\":\"Por que vale a pena visitar a Pol\u00f3nia? - Polonia Travel (PT)\",\"isPartOf\":{\"@id\":\"https:\\\/\\\/wp-pt.poland.travel\\\/#website\"},\"primaryImageOfPage\":{\"@id\":\"https:\\\/\\\/wp-pt.poland.travel\\\/por-que-vale-a-pena-visitar-a-polonia\\\/#primaryimage\"},\"image\":{\"@id\":\"https:\\\/\\\/wp-pt.poland.travel\\\/por-que-vale-a-pena-visitar-a-polonia\\\/#primaryimage\"},\"thumbnailUrl\":\"https:\\\/\\\/www.polonia.travel\\\/pt\\\/wp-content\\\/uploads\\\/sites\\\/19\\\/2024\\\/04\\\/PIENINY20TRATWY_3602082020x20365.jpg\",\"datePublished\":\"2024-06-26T15:36:16+00:00\",\"dateModified\":\"2024-06-26T15:36:17+00:00\",\"breadcrumb\":{\"@id\":\"https:\\\/\\\/wp-pt.poland.travel\\\/por-que-vale-a-pena-visitar-a-polonia\\\/#breadcrumb\"},\"inLanguage\":\"pl-PL\",\"potentialAction\":[{\"@type\":\"ReadAction\",\"target\":[\"https:\\\/\\\/wp-pt.poland.travel\\\/por-que-vale-a-pena-visitar-a-polonia\\\/\"]}]},{\"@type\":\"ImageObject\",\"inLanguage\":\"pl-PL\",\"@id\":\"https:\\\/\\\/wp-pt.poland.travel\\\/por-que-vale-a-pena-visitar-a-polonia\\\/#primaryimage\",\"url\":\"https:\\\/\\\/www.polonia.travel\\\/pt\\\/wp-content\\\/uploads\\\/sites\\\/19\\\/2024\\\/04\\\/PIENINY20TRATWY_3602082020x20365.jpg\",\"contentUrl\":\"https:\\\/\\\/www.polonia.travel\\\/pt\\\/wp-content\\\/uploads\\\/sites\\\/19\\\/2024\\\/04\\\/PIENINY20TRATWY_3602082020x20365.jpg\",\"width\":820,\"height\":365},{\"@type\":\"BreadcrumbList\",\"@id\":\"https:\\\/\\\/wp-pt.poland.travel\\\/por-que-vale-a-pena-visitar-a-polonia\\\/#breadcrumb\",\"itemListElement\":[{\"@type\":\"ListItem\",\"position\":1,\"name\":\"Home page\",\"item\":\"https:\\\/\\\/www.polonia.travel\\\/pt\\\/\"},{\"@type\":\"ListItem\",\"position\":2,\"name\":\"Inspira\u00e7\u00f5es de viagem\",\"item\":\"https:\\\/\\\/wp-pt.poland.travel\\\/category\\\/inspiracoes-de-viagem\\\/\"},{\"@type\":\"ListItem\",\"position\":3,\"name\":\"Por que vale a pena visitar a Pol\u00f3nia?\"}]},{\"@type\":\"WebSite\",\"@id\":\"https:\\\/\\\/wp-pt.poland.travel\\\/#website\",\"url\":\"https:\\\/\\\/wp-pt.poland.travel\\\/\",\"name\":\"Polonia Travel (PT)\",\"description\":\"...\",\"publisher\":{\"@id\":\"https:\\\/\\\/wp-pt.poland.travel\\\/#organization\"},\"potentialAction\":[{\"@type\":\"SearchAction\",\"target\":{\"@type\":\"EntryPoint\",\"urlTemplate\":\"https:\\\/\\\/wp-pt.poland.travel\\\/?s={search_term_string}\"},\"query-input\":{\"@type\":\"PropertyValueSpecification\",\"valueRequired\":true,\"valueName\":\"search_term_string\"}}],\"inLanguage\":\"pl-PL\"},{\"@type\":\"Organization\",\"@id\":\"https:\\\/\\\/wp-pt.poland.travel\\\/#organization\",\"name\":\"Polonia Travel (PT)\",\"url\":\"https:\\\/\\\/wp-pt.poland.travel\\\/\",\"logo\":{\"@type\":\"ImageObject\",\"inLanguage\":\"pl-PL\",\"@id\":\"https:\\\/\\\/wp-pt.poland.travel\\\/#\\\/schema\\\/logo\\\/image\\\/\",\"url\":\"https:\\\/\\\/en-en.polska.travel\\\/wp-content\\\/uploads\\\/sites\\\/19\\\/2022\\\/11\\\/logo.svg\",\"contentUrl\":\"https:\\\/\\\/en-en.polska.travel\\\/wp-content\\\/uploads\\\/sites\\\/19\\\/2022\\\/11\\\/logo.svg\",\"width\":198,\"height\":96,\"caption\":\"Polonia Travel (PT)\"},\"image\":{\"@id\":\"https:\\\/\\\/wp-pt.poland.travel\\\/#\\\/schema\\\/logo\\\/image\\\/\"}},{\"@type\":\"Person\",\"@id\":\"\",\"url\":\"https:\\\/\\\/www.polonia.travel\\\/pt\\\/author\\\/\"}]}<\/script>\n<!-- \/ Yoast SEO plugin. -->","yoast_head_json":{"title":"Por que vale a pena visitar a Pol\u00f3nia? - Polonia Travel (PT)","robots":{"index":"index","follow":"follow","max-snippet":"max-snippet:-1","max-image-preview":"max-image-preview:large","max-video-preview":"max-video-preview:-1"},"canonical":"https:\/\/wp-pt.poland.travel\/por-que-vale-a-pena-visitar-a-polonia\/","og_locale":"pl_PL","og_type":"article","og_title":"Por que vale a pena visitar a Pol\u00f3nia? - Polonia Travel (PT)","og_description":"CINCO COISAS QUE DEVES SABER PARA VIAJAR \u00c0 POL\u00d3NIA De certeza que j\u00e1 ouviu falar da Pol\u00f3nia e pensou que talvez algum dia iria visit\u00e1-la. E se esse \u201calgum dia\u201d chega este ano? Mas&#8230;o que fa\u00e7o ali? Visito s\u00f3 uma cidade ou fico mais tempo? Tamb\u00e9m gostaria de relaxar por minha conta durante as f\u00e9rias [&hellip;]","og_url":"https:\/\/wp-pt.poland.travel\/por-que-vale-a-pena-visitar-a-polonia\/","og_site_name":"Polonia Travel (PT)","article_published_time":"2024-06-26T15:36:16+00:00","article_modified_time":"2024-06-26T15:36:17+00:00","og_image":[{"width":820,"height":365,"url":"https:\/\/wp-pt.poland.travel\/wp-content\/uploads\/sites\/19\/2024\/04\/PIENINY20TRATWY_3602082020x20365.jpg","type":"image\/jpeg"}],"twitter_card":"summary_large_image","twitter_misc":{"Napisane przez":"","Szacowany czas czytania":"7 minut"},"schema":{"@context":"https:\/\/schema.org","@graph":[{"@type":"Article","@id":"https:\/\/wp-pt.poland.travel\/por-que-vale-a-pena-visitar-a-polonia\/#article","isPartOf":{"@id":"https:\/\/wp-pt.poland.travel\/por-que-vale-a-pena-visitar-a-polonia\/"},"author":{"name":"","@id":""},"headline":"Por que vale a pena visitar a Pol\u00f3nia?","datePublished":"2024-06-26T15:36:16+00:00","dateModified":"2024-06-26T15:36:17+00:00","mainEntityOfPage":{"@id":"https:\/\/wp-pt.poland.travel\/por-que-vale-a-pena-visitar-a-polonia\/"},"wordCount":1092,"commentCount":0,"publisher":{"@id":"https:\/\/wp-pt.poland.travel\/#organization"},"image":{"@id":"https:\/\/wp-pt.poland.travel\/por-que-vale-a-pena-visitar-a-polonia\/#primaryimage"},"thumbnailUrl":"https:\/\/www.polonia.travel\/pt\/wp-content\/uploads\/sites\/19\/2024\/04\/PIENINY20TRATWY_3602082020x20365.jpg","keywords":["pt","sobre-a-polonia"],"articleSection":["Inspira\u00e7\u00f5es de viagem","Inspira\u00e7\u00f5es"],"inLanguage":"pl-PL"},{"@type":"WebPage","@id":"https:\/\/wp-pt.poland.travel\/por-que-vale-a-pena-visitar-a-polonia\/","url":"https:\/\/wp-pt.poland.travel\/por-que-vale-a-pena-visitar-a-polonia\/","name":"Por que vale a pena visitar a Pol\u00f3nia? - Polonia Travel (PT)","isPartOf":{"@id":"https:\/\/wp-pt.poland.travel\/#website"},"primaryImageOfPage":{"@id":"https:\/\/wp-pt.poland.travel\/por-que-vale-a-pena-visitar-a-polonia\/#primaryimage"},"image":{"@id":"https:\/\/wp-pt.poland.travel\/por-que-vale-a-pena-visitar-a-polonia\/#primaryimage"},"thumbnailUrl":"https:\/\/www.polonia.travel\/pt\/wp-content\/uploads\/sites\/19\/2024\/04\/PIENINY20TRATWY_3602082020x20365.jpg","datePublished":"2024-06-26T15:36:16+00:00","dateModified":"2024-06-26T15:36:17+00:00","breadcrumb":{"@id":"https:\/\/wp-pt.poland.travel\/por-que-vale-a-pena-visitar-a-polonia\/#breadcrumb"},"inLanguage":"pl-PL","potentialAction":[{"@type":"ReadAction","target":["https:\/\/wp-pt.poland.travel\/por-que-vale-a-pena-visitar-a-polonia\/"]}]},{"@type":"ImageObject","inLanguage":"pl-PL","@id":"https:\/\/wp-pt.poland.travel\/por-que-vale-a-pena-visitar-a-polonia\/#primaryimage","url":"https:\/\/www.polonia.travel\/pt\/wp-content\/uploads\/sites\/19\/2024\/04\/PIENINY20TRATWY_3602082020x20365.jpg","contentUrl":"https:\/\/www.polonia.travel\/pt\/wp-content\/uploads\/sites\/19\/2024\/04\/PIENINY20TRATWY_3602082020x20365.jpg","width":820,"height":365},{"@type":"BreadcrumbList","@id":"https:\/\/wp-pt.poland.travel\/por-que-vale-a-pena-visitar-a-polonia\/#breadcrumb","itemListElement":[{"@type":"ListItem","position":1,"name":"Home page","item":"https:\/\/www.polonia.travel\/pt\/"},{"@type":"ListItem","position":2,"name":"Inspira\u00e7\u00f5es de viagem","item":"https:\/\/wp-pt.poland.travel\/category\/inspiracoes-de-viagem\/"},{"@type":"ListItem","position":3,"name":"Por que vale a pena visitar a Pol\u00f3nia?"}]},{"@type":"WebSite","@id":"https:\/\/wp-pt.poland.travel\/#website","url":"https:\/\/wp-pt.poland.travel\/","name":"Polonia Travel (PT)","description":"...","publisher":{"@id":"https:\/\/wp-pt.poland.travel\/#organization"},"potentialAction":[{"@type":"SearchAction","target":{"@type":"EntryPoint","urlTemplate":"https:\/\/wp-pt.poland.travel\/?s={search_term_string}"},"query-input":{"@type":"PropertyValueSpecification","valueRequired":true,"valueName":"search_term_string"}}],"inLanguage":"pl-PL"},{"@type":"Organization","@id":"https:\/\/wp-pt.poland.travel\/#organization","name":"Polonia Travel (PT)","url":"https:\/\/wp-pt.poland.travel\/","logo":{"@type":"ImageObject","inLanguage":"pl-PL","@id":"https:\/\/wp-pt.poland.travel\/#\/schema\/logo\/image\/","url":"https:\/\/en-en.polska.travel\/wp-content\/uploads\/sites\/19\/2022\/11\/logo.svg","contentUrl":"https:\/\/en-en.polska.travel\/wp-content\/uploads\/sites\/19\/2022\/11\/logo.svg","width":198,"height":96,"caption":"Polonia Travel (PT)"},"image":{"@id":"https:\/\/wp-pt.poland.travel\/#\/schema\/logo\/image\/"}},{"@type":"Person","@id":"","url":"https:\/\/www.polonia.travel\/pt\/author\/"}]}},"_links":{"self":[{"href":"https:\/\/www.polonia.travel\/pt\/wp-json\/wp\/v2\/posts\/31031","targetHints":{"allow":["GET"]}}],"collection":[{"href":"https:\/\/www.polonia.travel\/pt\/wp-json\/wp\/v2\/posts"}],"about":[{"href":"https:\/\/www.polonia.travel\/pt\/wp-json\/wp\/v2\/types\/post"}],"author":[{"embeddable":true,"href":"https:\/\/www.polonia.travel\/pt\/wp-json\/wp\/v2\/users\/1"}],"replies":[{"embeddable":true,"href":"https:\/\/www.polonia.travel\/pt\/wp-json\/wp\/v2\/comments?post=31031"}],"version-history":[{"count":10,"href":"https:\/\/www.polonia.travel\/pt\/wp-json\/wp\/v2\/posts\/31031\/revisions"}],"predecessor-version":[{"id":32096,"href":"https:\/\/www.polonia.travel\/pt\/wp-json\/wp\/v2\/posts\/31031\/revisions\/32096"}],"wp:featuredmedia":[{"embeddable":true,"href":"https:\/\/www.polonia.travel\/pt\/wp-json\/wp\/v2\/media\/31746"}],"wp:attachment":[{"href":"https:\/\/www.polonia.travel\/pt\/wp-json\/wp\/v2\/media?parent=31031"}],"wp:term":[{"taxonomy":"category","embeddable":true,"href":"https:\/\/www.polonia.travel\/pt\/wp-json\/wp\/v2\/categories?post=31031"}],"curies":[{"name":"wp","href":"https:\/\/api.w.org\/{rel}","templated":true}]}}