{"id":42446,"date":"2026-02-04T17:06:39","date_gmt":"2026-02-04T16:06:39","guid":{"rendered":"https:\/\/www.polonia.travel\/it\/?p=42446"},"modified":"2026-02-05T10:57:12","modified_gmt":"2026-02-05T09:57:12","slug":"tradizioni-il-tempo-che-si-ferma","status":"publish","type":"post","link":"https:\/\/www.polonia.travel\/it\/tradizioni-il-tempo-che-si-ferma\/","title":{"rendered":"Tradizioni: il\u00a0tempo che si ferma"},"content":{"rendered":"\n<div class=\"wp-block-group is-style-container-medium\"><div class=\"wp-block-group__inner-container is-layout-constrained wp-block-group-is-layout-constrained\">\n<h2 class=\"wp-block-heading\"><strong>Tradizioni: il&nbsp;tempo che si ferma<\/strong><\/h2>\n\n\n\n<p>C\u2019\u00e8 un lato della Polonia che permette di entrare in contatto con l\u2019anima pi\u00f9 intima del Paese. Tra folklore, leggende e gesti antichi, le tradizioni polacche rappresentano un patrimonio immateriale ricco e meraviglioso, capace di restare come sospeso nel tempo.<\/p>\n\n\n\n<p>In <strong>Polonia <\/strong>moltissime tradizioni nascono dal contatto con la terra e seguono da sempre i ritmi della natura: quelli delle stagioni, delle semine e dei raccolti, dei momenti di attesa, risveglio e rinascita. \u00c8 un tempo che resta, che rallenta, che si ripete, che d\u00e0 un senso di appartenenza. Venite con noi, alla scoperta di un patrimonio identitario incredibilmente affascinante e ancora profondamente sentito!<\/p>\n\n\n\n<p>L\u2019inverno \u00e8 il tempo dell\u2019intimit\u00e0 e della contemplazione. Un tempo che \u201csi ferma\u201d: quando la natura riposa, la vita, soprattutto nelle comunit\u00e0 rurali, si raccoglie negli spazi domestici e nelle piccole botteghe. L\u2019artigianato diventa espressione di una memoria che si tutela e si tramanda per generazioni, con gesti sapienti e cura dei dettagli. In regioni come la <strong>Bassa Slesia<\/strong>, ad esempio, la maestria artigiana passa dalle mani esperte di chi tramanda l\u2019arte sottile della lavorazione della ceramica: sono celebri le ceramiche di Boleslawiec, che hanno fatto dei polka dot, gli iconici motivi puntinati e delle decorazioni bianche e blu una vera istituzione!&nbsp;<\/p>\n\n\n\n<p>Tra le opere d\u2019arte e i capolavori dell\u2019artigianato una menzione speciale va anche alla lavorazione dei merletti a fuselli: in <strong>Slesia <\/strong>e in <strong>Malopolska<\/strong> si possono ammirare ancora oggi le ricamatrici all\u2019opera, che, proprio come un tempo, custodiscono tra le mani questa tradizione secolare. Dal ricamo all\u2019intaglio del legno, le attivit\u00e0 che mettono in mostra la maestria tecnica polacca sono un bene prezioso, che va osservato, custodito e protetto. Un tempo fatto di pazienza, manualit\u00e0 e grande bellezza, ma anche un tempo che prepara al cambiamento.<\/p>\n\n\n\n<p>Il passaggio dall\u2019inverno alla primavera \u00e8 segnato da una delle tradizioni pi\u00f9 simboliche della Polonia: la Marzanna! Un rito che celebra la fine della stagione pi\u00f9 fredda e il \u201critorno della vita\u201d con la natura che si risveglia. Durante questa coinvolgente celebrazione di origini pagane, che ha resistito sino ad oggi, il fantoccio di paglia che rappresenta la Dea dell\u2019inverno viene arso, salutato e lasciato andare in un gesto carico di significato, portatore di speranza e rinnovamento, ancora oggi molto sentito e festeggiato il 21 marzo, primo giorno di primavera.<\/p>\n\n\n\n<p>Con la stagione primaverile la natura ritorna rigogliosa e i fiori diventano protagonisti assoluti del risveglio. Li ritroviamo nei campi, nei ricami delle vesti tradizionali e nelle decorazioni. Emblema di questo legame tra natura e creativit\u00e0 \u00e8 <strong>Zalipie<\/strong>, il celebre villaggio dei fiori dipinti in <strong>Ma\u0142opolska<\/strong>: qui case, fienili e staccionate si trasformano in magnifiche tele colorate con ornamenti floreali, dando vita a un\u2019esperienza visiva e culturale unica, in cui il tempo sembra davvero fermarsi.<\/p>\n\n\n\n<p>In primavera spiccano le suggestive tradizioni per la Pasqua, uno dei momenti pi\u00f9 sentiti dell\u2019anno. Le uova colorate, simbolo di buon auspicio, e le palme intrecciate a mano diventano protagoniste di rituali che uniscono famiglie e comunit\u00e0. Gesti che si fanno portavoce di un messaggio di rinascita e vita, ma che nel contempo offrono, anche ai turisti, la possibilit\u00e0 di godere del folklore in modo autentico e partecipato!<\/p>\n\n\n\n<figure class=\"wp-block-gallery has-nested-images columns-default is-cropped wp-block-gallery-1 is-layout-flex wp-block-gallery-is-layout-flex\">\n<figure class=\"wp-block-image size-large\"><img loading=\"lazy\" decoding=\"async\" width=\"591\" height=\"394\" data-id=\"38187\" src=\"https:\/\/www.polonia.travel\/it\/wp-content\/uploads\/sites\/20\/2024\/05\/16xZalipie-min-83.jpeg\" alt=\"\" class=\"wp-image-38187\" \/><\/figure>\n\n\n\n<figure class=\"wp-block-image size-large\"><img loading=\"lazy\" decoding=\"async\" width=\"1200\" height=\"802\" data-id=\"42399\" src=\"https:\/\/www.polonia.travel\/it\/wp-content\/uploads\/sites\/20\/2026\/01\/AdobeStock_516798910_kaszuby-1200x802.jpeg\" alt=\"\" class=\"wp-image-42399\" srcset=\"https:\/\/www.polonia.travel\/it\/wp-content\/uploads\/sites\/20\/2026\/01\/AdobeStock_516798910_kaszuby-1200x802.jpeg 1200w, https:\/\/www.polonia.travel\/it\/wp-content\/uploads\/sites\/20\/2026\/01\/AdobeStock_516798910_kaszuby-600x401.jpeg 600w, https:\/\/www.polonia.travel\/it\/wp-content\/uploads\/sites\/20\/2026\/01\/AdobeStock_516798910_kaszuby-768x513.jpeg 768w, https:\/\/www.polonia.travel\/it\/wp-content\/uploads\/sites\/20\/2026\/01\/AdobeStock_516798910_kaszuby-1536x1026.jpeg 1536w, https:\/\/www.polonia.travel\/it\/wp-content\/uploads\/sites\/20\/2026\/01\/AdobeStock_516798910_kaszuby-1920x1283.jpeg 1920w, https:\/\/www.polonia.travel\/it\/wp-content\/uploads\/sites\/20\/2026\/01\/AdobeStock_516798910_kaszuby.jpeg 2000w\" sizes=\"auto, (max-width: 1200px) 100vw, 1200px\" \/><\/figure>\n\n\n\n<figure class=\"wp-block-image size-large\"><img loading=\"lazy\" decoding=\"async\" width=\"1052\" height=\"680\" data-id=\"27891\" src=\"https:\/\/www.polonia.travel\/it\/wp-content\/uploads\/sites\/20\/2023\/07\/76256201_Fotolia_Palmy20Wielkanoc_HR.jpg\" alt=\"\" class=\"wp-image-27891\" srcset=\"https:\/\/www.polonia.travel\/it\/wp-content\/uploads\/sites\/20\/2023\/07\/76256201_Fotolia_Palmy20Wielkanoc_HR.jpg 1052w, https:\/\/www.polonia.travel\/it\/wp-content\/uploads\/sites\/20\/2023\/07\/76256201_Fotolia_Palmy20Wielkanoc_HR-600x388.jpg 600w, https:\/\/www.polonia.travel\/it\/wp-content\/uploads\/sites\/20\/2023\/07\/76256201_Fotolia_Palmy20Wielkanoc_HR-768x496.jpg 768w\" sizes=\"auto, (max-width: 1052px) 100vw, 1052px\" \/><\/figure>\n<\/figure>\n\n\n\n<div style=\"height:100px\" aria-hidden=\"true\" class=\"wp-block-spacer is-style-spacer-small\"><\/div>\n\n\n\n<p>L\u2019estate, che qui \u00e8 fresca e invitante, \u00e8 il tempo dell\u2019apertura, della natura generosa e succulenta, dei frutti che maturano e dei prati dipinti di giallo dalle distese di colza. \u00c8 il tempo della luce e delle celebrazioni all\u2019aperto. Nella regione etnografica della<strong> Casciubia<\/strong>, in <strong>Pomerania<\/strong>, le tradizioni prendono forma attraverso le danze popolari, i costumi ricamati e le feste legate al ciclo dell\u2019agricoltura. A Cracovia, la notte di Wianki, con le ghirlande di fiori lasciate scorrere sull\u2019acqua della Vistola, celebra il Solstizio d\u2019estate come momento di splendore, pienezza e condivisione.<\/p>\n\n\n\n<p>Con l\u2019autunno, soprattutto nella Polonia orientale, arriva il tempo della gratitudine. Le Do\u017cynki, le feste del raccolto, celebrano la fine della mietitura con musica, costumi tradizionali e tavole imbandite. \u00c8 un tempo dai colori caldi, in cui mele, spighe di grano e fal\u00f2 simbolici, diventano momenti che celebrano l\u2019abbondanza, l\u2019unione, la convivialit\u00e0 e il legame con una terra colma di ricchezze.<\/p>\n\n\n\n<p>Accanto alle tradizioni legate allo scorrere del tempo nei cicli naturali, la Polonia custodisce un interessante patrimonio di leggende e racconti popolari. Dall\u2019iconica <strong>sirena di<\/strong> <strong>Varsavia <\/strong>al celebre drago del Wawel e al <strong>Lajkonik <\/strong>di Cracovia, fino alle celebri caprette che si scontrano sull\u2019orologio del municipio di Poznan, queste storie attraversano i secoli e continuano a vivere nelle citt\u00e0 e nell\u2019immaginario collettivo, ricordando che anche il mito fa parte di un tempo che si tramanda.<\/p>\n\n\n\n<p>In Polonia le tradizioni invitano a rallentare e il tempo diventa custode di esperienze da vivere: un\u2019eredit\u00e0 preziosa, che continua a parlare al presente, stagione dopo stagione.<\/p>\n\n\n\n<figure class=\"wp-block-gallery has-nested-images columns-default is-cropped wp-block-gallery-2 is-layout-flex wp-block-gallery-is-layout-flex\">\n<figure class=\"wp-block-image size-large\"><img loading=\"lazy\" decoding=\"async\" width=\"1200\" height=\"801\" data-id=\"42475\" src=\"https:\/\/www.polonia.travel\/it\/wp-content\/uploads\/sites\/20\/2026\/02\/277462876_Syrenka_Warszawa-1200x801.jpg\" alt=\"\" class=\"wp-image-42475\" srcset=\"https:\/\/www.polonia.travel\/it\/wp-content\/uploads\/sites\/20\/2026\/02\/277462876_Syrenka_Warszawa-1200x801.jpg 1200w, https:\/\/www.polonia.travel\/it\/wp-content\/uploads\/sites\/20\/2026\/02\/277462876_Syrenka_Warszawa-600x400.jpg 600w, https:\/\/www.polonia.travel\/it\/wp-content\/uploads\/sites\/20\/2026\/02\/277462876_Syrenka_Warszawa-768x512.jpg 768w, https:\/\/www.polonia.travel\/it\/wp-content\/uploads\/sites\/20\/2026\/02\/277462876_Syrenka_Warszawa-1536x1025.jpg 1536w, https:\/\/www.polonia.travel\/it\/wp-content\/uploads\/sites\/20\/2026\/02\/277462876_Syrenka_Warszawa-2048x1366.jpg 2048w, https:\/\/www.polonia.travel\/it\/wp-content\/uploads\/sites\/20\/2026\/02\/277462876_Syrenka_Warszawa-1920x1281.jpg 1920w\" sizes=\"auto, (max-width: 1200px) 100vw, 1200px\" \/><\/figure>\n\n\n\n<figure class=\"wp-block-image size-large\"><img loading=\"lazy\" decoding=\"async\" width=\"800\" height=\"1200\" data-id=\"42474\" src=\"https:\/\/www.polonia.travel\/it\/wp-content\/uploads\/sites\/20\/2026\/02\/18560_Krakow_Lajkonik_KK_HR-800x1200.jpg\" alt=\"\" class=\"wp-image-42474\" srcset=\"https:\/\/www.polonia.travel\/it\/wp-content\/uploads\/sites\/20\/2026\/02\/18560_Krakow_Lajkonik_KK_HR-800x1200.jpg 800w, https:\/\/www.polonia.travel\/it\/wp-content\/uploads\/sites\/20\/2026\/02\/18560_Krakow_Lajkonik_KK_HR-400x600.jpg 400w, https:\/\/www.polonia.travel\/it\/wp-content\/uploads\/sites\/20\/2026\/02\/18560_Krakow_Lajkonik_KK_HR-768x1152.jpg 768w, https:\/\/www.polonia.travel\/it\/wp-content\/uploads\/sites\/20\/2026\/02\/18560_Krakow_Lajkonik_KK_HR-1024x1536.jpg 1024w, https:\/\/www.polonia.travel\/it\/wp-content\/uploads\/sites\/20\/2026\/02\/18560_Krakow_Lajkonik_KK_HR-1365x2048.jpg 1365w, https:\/\/www.polonia.travel\/it\/wp-content\/uploads\/sites\/20\/2026\/02\/18560_Krakow_Lajkonik_KK_HR-1920x2880.jpg 1920w, https:\/\/www.polonia.travel\/it\/wp-content\/uploads\/sites\/20\/2026\/02\/18560_Krakow_Lajkonik_KK_HR-scaled.jpg 1706w\" sizes=\"auto, (max-width: 800px) 100vw, 800px\" \/><\/figure>\n\n\n\n<figure class=\"wp-block-image size-large\"><img loading=\"lazy\" decoding=\"async\" width=\"5690\" height=\"3201\" data-id=\"40553\" src=\"https:\/\/www.polonia.travel\/it\/wp-content\/uploads\/sites\/20\/2025\/01\/Capretti-Poznan-fot-Jakub-Pindych.jpg\" alt=\"\" class=\"wp-image-40553\" \/><\/figure>\n<\/figure>\n\n\n\n<div style=\"height:100px\" aria-hidden=\"true\" class=\"wp-block-spacer is-style-spacer-small\"><\/div>\n<\/div><\/div>\n","protected":false},"excerpt":{"rendered":"<p>Tradizioni: il&nbsp;tempo che si ferma C\u2019\u00e8 un lato della Polonia che permette di entrare in contatto con l\u2019anima pi\u00f9 intima del Paese. Tra folklore, leggende e gesti antichi, le tradizioni polacche rappresentano un patrimonio immateriale ricco e meraviglioso, capace di restare come sospeso nel tempo. In Polonia moltissime tradizioni nascono dal contatto con la terra [&hellip;]<\/p>\n","protected":false},"author":39,"featured_media":42387,"comment_status":"open","ping_status":"open","sticky":false,"template":"","format":"standard","meta":{"_acf_changed":false,"footnotes":""},"categories":[1228],"class_list":["post-42446","post","type-post","status-publish","format-standard","has-post-thumbnail","hentry","category-polonia-da-record"],"acf":[],"yoast_head":"<!-- This site is optimized with the Yoast SEO plugin v27.4 - https:\/\/yoast.com\/product\/yoast-seo-wordpress\/ -->\n<title>Tradizioni: il\u00a0tempo che si ferma - Polonia Travel (IT)<\/title>\n<meta name=\"robots\" content=\"index, follow, max-snippet:-1, max-image-preview:large, max-video-preview:-1\" \/>\n<link rel=\"canonical\" href=\"https:\/\/www.polonia.travel\/it\/tradizioni-il-tempo-che-si-ferma\/\" \/>\n<meta property=\"og:locale\" content=\"pl_PL\" \/>\n<meta property=\"og:type\" content=\"article\" \/>\n<meta property=\"og:title\" content=\"Tradizioni: il\u00a0tempo che si ferma - Polonia Travel (IT)\" \/>\n<meta property=\"og:description\" content=\"Tradizioni: il&nbsp;tempo che si ferma C\u2019\u00e8 un lato della Polonia che permette di entrare in contatto con l\u2019anima pi\u00f9 intima del Paese. Tra folklore, leggende e gesti antichi, le tradizioni polacche rappresentano un patrimonio immateriale ricco e meraviglioso, capace di restare come sospeso nel tempo. In Polonia moltissime tradizioni nascono dal contatto con la terra [&hellip;]\" \/>\n<meta property=\"og:url\" content=\"https:\/\/www.polonia.travel\/it\/tradizioni-il-tempo-che-si-ferma\/\" \/>\n<meta property=\"og:site_name\" content=\"Polonia Travel (IT)\" \/>\n<meta property=\"article:published_time\" content=\"2026-02-04T16:06:39+00:00\" \/>\n<meta property=\"article:modified_time\" content=\"2026-02-05T09:57:12+00:00\" \/>\n<meta property=\"og:image\" content=\"https:\/\/www.polonia.travel\/it\/wp-content\/uploads\/sites\/20\/2026\/01\/Cope-Facebook_TRADIZIONI.jpg\" \/>\n\t<meta property=\"og:image:width\" content=\"2500\" \/>\n\t<meta property=\"og:image:height\" content=\"951\" \/>\n\t<meta property=\"og:image:type\" content=\"image\/jpeg\" \/>\n<meta name=\"author\" content=\"dominkacichocka\" \/>\n<meta name=\"twitter:card\" content=\"summary_large_image\" \/>\n<meta name=\"twitter:label1\" content=\"Napisane przez\" \/>\n\t<meta name=\"twitter:data1\" content=\"dominkacichocka\" \/>\n\t<meta name=\"twitter:label2\" content=\"Szacowany czas czytania\" \/>\n\t<meta name=\"twitter:data2\" content=\"7 minut\" \/>\n<script type=\"application\/ld+json\" class=\"yoast-schema-graph\">{\"@context\":\"https:\\\/\\\/schema.org\",\"@graph\":[{\"@type\":\"Article\",\"@id\":\"https:\\\/\\\/www.polonia.travel\\\/it\\\/tradizioni-il-tempo-che-si-ferma\\\/#article\",\"isPartOf\":{\"@id\":\"https:\\\/\\\/www.polonia.travel\\\/it\\\/tradizioni-il-tempo-che-si-ferma\\\/\"},\"author\":{\"name\":\"dominkacichocka\",\"@id\":\"https:\\\/\\\/www.polonia.travel\\\/it\\\/#\\\/schema\\\/person\\\/f74307fcbf7175cab53701009659999c\"},\"headline\":\"Tradizioni: il\u00a0tempo che si ferma\",\"datePublished\":\"2026-02-04T16:06:39+00:00\",\"dateModified\":\"2026-02-05T09:57:12+00:00\",\"mainEntityOfPage\":{\"@id\":\"https:\\\/\\\/www.polonia.travel\\\/it\\\/tradizioni-il-tempo-che-si-ferma\\\/\"},\"wordCount\":812,\"commentCount\":8,\"publisher\":{\"@id\":\"https:\\\/\\\/www.polonia.travel\\\/it\\\/#organization\"},\"image\":{\"@id\":\"https:\\\/\\\/www.polonia.travel\\\/it\\\/tradizioni-il-tempo-che-si-ferma\\\/#primaryimage\"},\"thumbnailUrl\":\"https:\\\/\\\/www.polonia.travel\\\/it\\\/wp-content\\\/uploads\\\/sites\\\/20\\\/2026\\\/01\\\/Cope-Facebook_TRADIZIONI.jpg\",\"articleSection\":[\"Polonia da record\"],\"inLanguage\":\"pl-PL\"},{\"@type\":\"WebPage\",\"@id\":\"https:\\\/\\\/www.polonia.travel\\\/it\\\/tradizioni-il-tempo-che-si-ferma\\\/\",\"url\":\"https:\\\/\\\/www.polonia.travel\\\/it\\\/tradizioni-il-tempo-che-si-ferma\\\/\",\"name\":\"Tradizioni: il\u00a0tempo che si ferma - Polonia Travel (IT)\",\"isPartOf\":{\"@id\":\"https:\\\/\\\/www.polonia.travel\\\/it\\\/#website\"},\"primaryImageOfPage\":{\"@id\":\"https:\\\/\\\/www.polonia.travel\\\/it\\\/tradizioni-il-tempo-che-si-ferma\\\/#primaryimage\"},\"image\":{\"@id\":\"https:\\\/\\\/www.polonia.travel\\\/it\\\/tradizioni-il-tempo-che-si-ferma\\\/#primaryimage\"},\"thumbnailUrl\":\"https:\\\/\\\/www.polonia.travel\\\/it\\\/wp-content\\\/uploads\\\/sites\\\/20\\\/2026\\\/01\\\/Cope-Facebook_TRADIZIONI.jpg\",\"datePublished\":\"2026-02-04T16:06:39+00:00\",\"dateModified\":\"2026-02-05T09:57:12+00:00\",\"breadcrumb\":{\"@id\":\"https:\\\/\\\/www.polonia.travel\\\/it\\\/tradizioni-il-tempo-che-si-ferma\\\/#breadcrumb\"},\"inLanguage\":\"pl-PL\",\"potentialAction\":[{\"@type\":\"ReadAction\",\"target\":[\"https:\\\/\\\/www.polonia.travel\\\/it\\\/tradizioni-il-tempo-che-si-ferma\\\/\"]}]},{\"@type\":\"ImageObject\",\"inLanguage\":\"pl-PL\",\"@id\":\"https:\\\/\\\/www.polonia.travel\\\/it\\\/tradizioni-il-tempo-che-si-ferma\\\/#primaryimage\",\"url\":\"https:\\\/\\\/www.polonia.travel\\\/it\\\/wp-content\\\/uploads\\\/sites\\\/20\\\/2026\\\/01\\\/Cope-Facebook_TRADIZIONI.jpg\",\"contentUrl\":\"https:\\\/\\\/www.polonia.travel\\\/it\\\/wp-content\\\/uploads\\\/sites\\\/20\\\/2026\\\/01\\\/Cope-Facebook_TRADIZIONI.jpg\",\"width\":2500,\"height\":951},{\"@type\":\"BreadcrumbList\",\"@id\":\"https:\\\/\\\/www.polonia.travel\\\/it\\\/tradizioni-il-tempo-che-si-ferma\\\/#breadcrumb\",\"itemListElement\":[{\"@type\":\"ListItem\",\"position\":1,\"name\":\"Home page\",\"item\":\"https:\\\/\\\/www.polonia.travel\\\/it\\\/\"},{\"@type\":\"ListItem\",\"position\":2,\"name\":\"Polonia da record\",\"item\":\"https:\\\/\\\/www.polonia.travel\\\/it\\\/polonia-da-record\\\/\"},{\"@type\":\"ListItem\",\"position\":3,\"name\":\"Tradizioni: il\u00a0tempo che si ferma\"}]},{\"@type\":\"WebSite\",\"@id\":\"https:\\\/\\\/www.polonia.travel\\\/it\\\/#website\",\"url\":\"https:\\\/\\\/www.polonia.travel\\\/it\\\/\",\"name\":\"Polonia Travel (IT)\",\"description\":\"...\",\"publisher\":{\"@id\":\"https:\\\/\\\/www.polonia.travel\\\/it\\\/#organization\"},\"potentialAction\":[{\"@type\":\"SearchAction\",\"target\":{\"@type\":\"EntryPoint\",\"urlTemplate\":\"https:\\\/\\\/www.polonia.travel\\\/it\\\/?s={search_term_string}\"},\"query-input\":{\"@type\":\"PropertyValueSpecification\",\"valueRequired\":true,\"valueName\":\"search_term_string\"}}],\"inLanguage\":\"pl-PL\"},{\"@type\":\"Organization\",\"@id\":\"https:\\\/\\\/www.polonia.travel\\\/it\\\/#organization\",\"name\":\"Polonia Travel (IT)\",\"url\":\"https:\\\/\\\/www.polonia.travel\\\/it\\\/\",\"logo\":{\"@type\":\"ImageObject\",\"inLanguage\":\"pl-PL\",\"@id\":\"https:\\\/\\\/www.polonia.travel\\\/it\\\/#\\\/schema\\\/logo\\\/image\\\/\",\"url\":\"\",\"contentUrl\":\"\",\"caption\":\"Polonia Travel (IT)\"},\"image\":{\"@id\":\"https:\\\/\\\/www.polonia.travel\\\/it\\\/#\\\/schema\\\/logo\\\/image\\\/\"}},{\"@type\":\"Person\",\"@id\":\"https:\\\/\\\/www.polonia.travel\\\/it\\\/#\\\/schema\\\/person\\\/f74307fcbf7175cab53701009659999c\",\"name\":\"dominkacichocka\",\"image\":{\"@type\":\"ImageObject\",\"inLanguage\":\"pl-PL\",\"@id\":\"https:\\\/\\\/secure.gravatar.com\\\/avatar\\\/fb7bfcc192fd09a917da7cef34ead0827f5216f24ca2cebcee100801250a2fda?s=96&d=mm&r=g\",\"url\":\"https:\\\/\\\/secure.gravatar.com\\\/avatar\\\/fb7bfcc192fd09a917da7cef34ead0827f5216f24ca2cebcee100801250a2fda?s=96&d=mm&r=g\",\"contentUrl\":\"https:\\\/\\\/secure.gravatar.com\\\/avatar\\\/fb7bfcc192fd09a917da7cef34ead0827f5216f24ca2cebcee100801250a2fda?s=96&d=mm&r=g\",\"caption\":\"dominkacichocka\"}}]}<\/script>\n<!-- \/ Yoast SEO plugin. -->","yoast_head_json":{"title":"Tradizioni: il\u00a0tempo che si ferma - Polonia Travel (IT)","robots":{"index":"index","follow":"follow","max-snippet":"max-snippet:-1","max-image-preview":"max-image-preview:large","max-video-preview":"max-video-preview:-1"},"canonical":"https:\/\/www.polonia.travel\/it\/tradizioni-il-tempo-che-si-ferma\/","og_locale":"pl_PL","og_type":"article","og_title":"Tradizioni: il\u00a0tempo che si ferma - Polonia Travel (IT)","og_description":"Tradizioni: il&nbsp;tempo che si ferma C\u2019\u00e8 un lato della Polonia che permette di entrare in contatto con l\u2019anima pi\u00f9 intima del Paese. Tra folklore, leggende e gesti antichi, le tradizioni polacche rappresentano un patrimonio immateriale ricco e meraviglioso, capace di restare come sospeso nel tempo. In Polonia moltissime tradizioni nascono dal contatto con la terra [&hellip;]","og_url":"https:\/\/www.polonia.travel\/it\/tradizioni-il-tempo-che-si-ferma\/","og_site_name":"Polonia Travel (IT)","article_published_time":"2026-02-04T16:06:39+00:00","article_modified_time":"2026-02-05T09:57:12+00:00","og_image":[{"width":2500,"height":951,"url":"https:\/\/www.polonia.travel\/it\/wp-content\/uploads\/sites\/20\/2026\/01\/Cope-Facebook_TRADIZIONI.jpg","type":"image\/jpeg"}],"author":"dominkacichocka","twitter_card":"summary_large_image","twitter_misc":{"Napisane przez":"dominkacichocka","Szacowany czas czytania":"7 minut"},"schema":{"@context":"https:\/\/schema.org","@graph":[{"@type":"Article","@id":"https:\/\/www.polonia.travel\/it\/tradizioni-il-tempo-che-si-ferma\/#article","isPartOf":{"@id":"https:\/\/www.polonia.travel\/it\/tradizioni-il-tempo-che-si-ferma\/"},"author":{"name":"dominkacichocka","@id":"https:\/\/www.polonia.travel\/it\/#\/schema\/person\/f74307fcbf7175cab53701009659999c"},"headline":"Tradizioni: il\u00a0tempo che si ferma","datePublished":"2026-02-04T16:06:39+00:00","dateModified":"2026-02-05T09:57:12+00:00","mainEntityOfPage":{"@id":"https:\/\/www.polonia.travel\/it\/tradizioni-il-tempo-che-si-ferma\/"},"wordCount":812,"commentCount":8,"publisher":{"@id":"https:\/\/www.polonia.travel\/it\/#organization"},"image":{"@id":"https:\/\/www.polonia.travel\/it\/tradizioni-il-tempo-che-si-ferma\/#primaryimage"},"thumbnailUrl":"https:\/\/www.polonia.travel\/it\/wp-content\/uploads\/sites\/20\/2026\/01\/Cope-Facebook_TRADIZIONI.jpg","articleSection":["Polonia da record"],"inLanguage":"pl-PL"},{"@type":"WebPage","@id":"https:\/\/www.polonia.travel\/it\/tradizioni-il-tempo-che-si-ferma\/","url":"https:\/\/www.polonia.travel\/it\/tradizioni-il-tempo-che-si-ferma\/","name":"Tradizioni: il\u00a0tempo che si ferma - Polonia Travel (IT)","isPartOf":{"@id":"https:\/\/www.polonia.travel\/it\/#website"},"primaryImageOfPage":{"@id":"https:\/\/www.polonia.travel\/it\/tradizioni-il-tempo-che-si-ferma\/#primaryimage"},"image":{"@id":"https:\/\/www.polonia.travel\/it\/tradizioni-il-tempo-che-si-ferma\/#primaryimage"},"thumbnailUrl":"https:\/\/www.polonia.travel\/it\/wp-content\/uploads\/sites\/20\/2026\/01\/Cope-Facebook_TRADIZIONI.jpg","datePublished":"2026-02-04T16:06:39+00:00","dateModified":"2026-02-05T09:57:12+00:00","breadcrumb":{"@id":"https:\/\/www.polonia.travel\/it\/tradizioni-il-tempo-che-si-ferma\/#breadcrumb"},"inLanguage":"pl-PL","potentialAction":[{"@type":"ReadAction","target":["https:\/\/www.polonia.travel\/it\/tradizioni-il-tempo-che-si-ferma\/"]}]},{"@type":"ImageObject","inLanguage":"pl-PL","@id":"https:\/\/www.polonia.travel\/it\/tradizioni-il-tempo-che-si-ferma\/#primaryimage","url":"https:\/\/www.polonia.travel\/it\/wp-content\/uploads\/sites\/20\/2026\/01\/Cope-Facebook_TRADIZIONI.jpg","contentUrl":"https:\/\/www.polonia.travel\/it\/wp-content\/uploads\/sites\/20\/2026\/01\/Cope-Facebook_TRADIZIONI.jpg","width":2500,"height":951},{"@type":"BreadcrumbList","@id":"https:\/\/www.polonia.travel\/it\/tradizioni-il-tempo-che-si-ferma\/#breadcrumb","itemListElement":[{"@type":"ListItem","position":1,"name":"Home page","item":"https:\/\/www.polonia.travel\/it\/"},{"@type":"ListItem","position":2,"name":"Polonia da record","item":"https:\/\/www.polonia.travel\/it\/polonia-da-record\/"},{"@type":"ListItem","position":3,"name":"Tradizioni: il\u00a0tempo che si ferma"}]},{"@type":"WebSite","@id":"https:\/\/www.polonia.travel\/it\/#website","url":"https:\/\/www.polonia.travel\/it\/","name":"Polonia Travel (IT)","description":"...","publisher":{"@id":"https:\/\/www.polonia.travel\/it\/#organization"},"potentialAction":[{"@type":"SearchAction","target":{"@type":"EntryPoint","urlTemplate":"https:\/\/www.polonia.travel\/it\/?s={search_term_string}"},"query-input":{"@type":"PropertyValueSpecification","valueRequired":true,"valueName":"search_term_string"}}],"inLanguage":"pl-PL"},{"@type":"Organization","@id":"https:\/\/www.polonia.travel\/it\/#organization","name":"Polonia Travel (IT)","url":"https:\/\/www.polonia.travel\/it\/","logo":{"@type":"ImageObject","inLanguage":"pl-PL","@id":"https:\/\/www.polonia.travel\/it\/#\/schema\/logo\/image\/","url":"","contentUrl":"","caption":"Polonia Travel (IT)"},"image":{"@id":"https:\/\/www.polonia.travel\/it\/#\/schema\/logo\/image\/"}},{"@type":"Person","@id":"https:\/\/www.polonia.travel\/it\/#\/schema\/person\/f74307fcbf7175cab53701009659999c","name":"dominkacichocka","image":{"@type":"ImageObject","inLanguage":"pl-PL","@id":"https:\/\/secure.gravatar.com\/avatar\/fb7bfcc192fd09a917da7cef34ead0827f5216f24ca2cebcee100801250a2fda?s=96&d=mm&r=g","url":"https:\/\/secure.gravatar.com\/avatar\/fb7bfcc192fd09a917da7cef34ead0827f5216f24ca2cebcee100801250a2fda?s=96&d=mm&r=g","contentUrl":"https:\/\/secure.gravatar.com\/avatar\/fb7bfcc192fd09a917da7cef34ead0827f5216f24ca2cebcee100801250a2fda?s=96&d=mm&r=g","caption":"dominkacichocka"}}]}},"_links":{"self":[{"href":"https:\/\/www.polonia.travel\/it\/wp-json\/wp\/v2\/posts\/42446","targetHints":{"allow":["GET"]}}],"collection":[{"href":"https:\/\/www.polonia.travel\/it\/wp-json\/wp\/v2\/posts"}],"about":[{"href":"https:\/\/www.polonia.travel\/it\/wp-json\/wp\/v2\/types\/post"}],"author":[{"embeddable":true,"href":"https:\/\/www.polonia.travel\/it\/wp-json\/wp\/v2\/users\/39"}],"replies":[{"embeddable":true,"href":"https:\/\/www.polonia.travel\/it\/wp-json\/wp\/v2\/comments?post=42446"}],"version-history":[{"count":3,"href":"https:\/\/www.polonia.travel\/it\/wp-json\/wp\/v2\/posts\/42446\/revisions"}],"predecessor-version":[{"id":42476,"href":"https:\/\/www.polonia.travel\/it\/wp-json\/wp\/v2\/posts\/42446\/revisions\/42476"}],"wp:featuredmedia":[{"embeddable":true,"href":"https:\/\/www.polonia.travel\/it\/wp-json\/wp\/v2\/media\/42387"}],"wp:attachment":[{"href":"https:\/\/www.polonia.travel\/it\/wp-json\/wp\/v2\/media?parent=42446"}],"wp:term":[{"taxonomy":"category","embeddable":true,"href":"https:\/\/www.polonia.travel\/it\/wp-json\/wp\/v2\/categories?post=42446"}],"curies":[{"name":"wp","href":"https:\/\/api.w.org\/{rel}","templated":true}]}}