{"id":42442,"date":"2026-02-04T16:59:46","date_gmt":"2026-02-04T15:59:46","guid":{"rendered":"https:\/\/www.polonia.travel\/it\/?p=42442"},"modified":"2026-02-05T10:52:36","modified_gmt":"2026-02-05T09:52:36","slug":"natura-e-outdooril-tempo-che-rigenera","status":"publish","type":"post","link":"https:\/\/www.polonia.travel\/it\/natura-e-outdooril-tempo-che-rigenera\/","title":{"rendered":"Natura e outdoor: il tempo che rigenera"},"content":{"rendered":"\n<div class=\"wp-block-group is-style-container-medium\"><div class=\"wp-block-group__inner-container is-layout-constrained wp-block-group-is-layout-constrained\">\n<h2 class=\"wp-block-heading\"><strong>Natura e outdoor:&nbsp;il tempo che rigenera<\/strong><\/h2>\n\n\n\n<p>In Polonia il tempo trascorso all\u2019aria aperta \u00e8 un tempo che fa bene: rallenta il respiro, libera la mente, restituisce nuova energia. La <strong>Polonia<\/strong> si distingue per la variet\u00e0 della sua ampia offerta outdoor, che pu\u00f2 essere praticata in tutte le stagioni, con una gamma di proposte in linea con ogni stile di viaggio: con ben <strong>23 Parchi Nazionali<\/strong>, troverete eccellenze green in ogni area del Paese!&nbsp;<\/p>\n\n\n\n<p>Per una vacanza in movimento \u00e8 possibile spaziare dagli sport invernali alle esperienze nella natura pi\u00f9 selvaggia: trekking, hikking, equitazione, sci e snowboard, sport acquatici e cicloturismo, garantiranno a ogni viaggiatore la giusta combinazione tra relax nella natura e turismo attivo. \u00c8 questo il tempo che rigenera: venite a viverlo insieme a noi!<\/p>\n\n\n\n<p>A sud del Paese, tra i profili dei <strong>Monti Tatra <\/strong>e del Parco Nazionale omonimo, il paesaggio si esprime in tutta la sua bellezza. Ai piedi delle montagne, Zakopane \u00e8 il punto di partenza ideale per trekking tra sentieri panoramici, escursioni tra laghi che punteggiano le montagne e percorsi in mountain bike. Nella stagione fredda, la citt\u00e0 si trasforma in un paradiso invernale per gli sport sulla neve! Sempre in Malopolska, il <strong>Parco Nazionale dei Pieniny<\/strong> offre vedute incantevoli e attivit\u00e0 originali, come la peculiare discesa in zattere di legno tra le gole del Dunajec oltre ad attivit\u00e0 pi\u00f9 adrenaliniche come il rafting.<\/p>\n\n\n\n<p>Tra le eccellenze naturali, nella regione<strong> Podlachia<\/strong> &#8211; cuore verde della Polonia &#8211; spiccano Il Parco Nazionale e la Foresta di<strong> Bia\u0142owie\u017ca<\/strong>, patrimonio Unesco, dove ammirare l\u2019ultimo esempio di foresta primordiale europea. Querce secolari, muschi e sentieri incontaminati riconnettono con il bosco e la sua biodiversit\u00e0, in una dimensione dove il tempo sembra scorrere diversamente. Un\u2019esperienza intensa, resa ancora pi\u00f9 speciale dalla possibilit\u00e0 di avvistare il bisonte europeo in libert\u00e0.&nbsp;<\/p>\n\n\n\n<figure class=\"wp-block-gallery has-nested-images columns-default is-cropped wp-block-gallery-1 is-layout-flex wp-block-gallery-is-layout-flex\">\n<figure class=\"wp-block-image size-large\"><img loading=\"lazy\" decoding=\"async\" width=\"1170\" height=\"782\" data-id=\"11414\" src=\"https:\/\/www.polonia.travel\/it\/wp-content\/uploads\/sites\/20\/2022\/12\/PIENINY_PN-1.jpg\" alt=\"\" class=\"wp-image-11414\" srcset=\"https:\/\/www.polonia.travel\/it\/wp-content\/uploads\/sites\/20\/2022\/12\/PIENINY_PN-1.jpg 1170w, https:\/\/www.polonia.travel\/it\/wp-content\/uploads\/sites\/20\/2022\/12\/PIENINY_PN-1-600x401.jpg 600w, https:\/\/www.polonia.travel\/it\/wp-content\/uploads\/sites\/20\/2022\/12\/PIENINY_PN-1-768x513.jpg 768w\" sizes=\"auto, (max-width: 1170px) 100vw, 1170px\" \/><\/figure>\n\n\n\n<figure class=\"wp-block-image size-large\"><img loading=\"lazy\" decoding=\"async\" width=\"5472\" height=\"3648\" data-id=\"41631\" src=\"https:\/\/www.polonia.travel\/it\/wp-content\/uploads\/sites\/20\/2025\/05\/AdobeStock_242879521_zubr_bialowieski_park_narodowy.jpeg\" alt=\"\" class=\"wp-image-41631\" \/><\/figure>\n\n\n\n<figure class=\"wp-block-image size-large\"><img loading=\"lazy\" decoding=\"async\" width=\"1200\" height=\"796\" data-id=\"32025\" src=\"https:\/\/www.polonia.travel\/it\/wp-content\/uploads\/sites\/20\/2024\/05\/morskie-oko-lake-in-polish-tatra_018fac8c-xl-1200x796.jpg\" alt=\"\" class=\"wp-image-32025\" srcset=\"https:\/\/www.polonia.travel\/it\/wp-content\/uploads\/sites\/20\/2024\/05\/morskie-oko-lake-in-polish-tatra_018fac8c-xl-1200x796.jpg 1200w, https:\/\/www.polonia.travel\/it\/wp-content\/uploads\/sites\/20\/2024\/05\/morskie-oko-lake-in-polish-tatra_018fac8c-xl-600x398.jpg 600w, https:\/\/www.polonia.travel\/it\/wp-content\/uploads\/sites\/20\/2024\/05\/morskie-oko-lake-in-polish-tatra_018fac8c-xl-768x509.jpg 768w, https:\/\/www.polonia.travel\/it\/wp-content\/uploads\/sites\/20\/2024\/05\/morskie-oko-lake-in-polish-tatra_018fac8c-xl.jpg 1224w\" sizes=\"auto, (max-width: 1200px) 100vw, 1200px\" \/><\/figure>\n<\/figure>\n\n\n\n<div style=\"height:100px\" aria-hidden=\"true\" class=\"wp-block-spacer is-style-spacer-small\"><\/div>\n\n\n\n<p>A nord, il <strong>Parco Nazionale di S\u0142owi\u0144ski<\/strong> regala uno scenario senza eguali, fatto di dune mobili affacciate sulle acque del Mar Baltico, dove vento e sabbia ridisegnano il paesaggio. Sar\u00e0 splendido concedersi una passeggiata o un\u2019escursione a cavallo in un vero e proprio deserto a poche ore di viaggio dall\u2019incantevole citt\u00e0 di Danzica, capoluogo della Pomerania.&nbsp;<\/p>\n\n\n\n<p>A ovest, le formazioni rocciose del <strong>Parco Nazionale dei Monti Tavola<\/strong> nella Bassa Slesia, sono il risultato di una natura scolpita dal tempo nell\u2019arco di milioni di anni, da percorrere un passo alla volta, con oltre 100 km di sentieri e piste ciclabili, in un paesaggio surreale dove i labirinti di roccia si alternano a prati erbosi e torbiere.<\/p>\n\n\n\n<p>Pi\u00f9 a est, il <strong>Parco Nazionale Roztocza\u0144ski<\/strong>, nella regione di Lublino, \u00e8 una delle aree pi\u00f9 verdi della Polonia, coperta quasi interamente da boschi e caratterizzata da colline calcaree e valli sabbiose. La sua biodiversit\u00e0 rende unica e varia l\u2019esperienza di visita, grazie a percorsi ideali per chi cerca quiete e armonia.<\/p>\n\n\n\n<figure class=\"wp-block-gallery has-nested-images columns-default is-cropped wp-block-gallery-2 is-layout-flex wp-block-gallery-is-layout-flex\">\n<figure class=\"wp-block-image size-large\"><img loading=\"lazy\" decoding=\"async\" width=\"1200\" height=\"923\" data-id=\"41667\" src=\"https:\/\/www.polonia.travel\/it\/wp-content\/uploads\/sites\/20\/2025\/05\/AdobeStock_406824497_Roztocze_-_widok_na_Bukowa_gore_ze_Zwierzynca-1200x923.jpeg\" alt=\"\" class=\"wp-image-41667\" srcset=\"https:\/\/www.polonia.travel\/it\/wp-content\/uploads\/sites\/20\/2025\/05\/AdobeStock_406824497_Roztocze_-_widok_na_Bukowa_gore_ze_Zwierzynca-1200x923.jpeg 1200w, https:\/\/www.polonia.travel\/it\/wp-content\/uploads\/sites\/20\/2025\/05\/AdobeStock_406824497_Roztocze_-_widok_na_Bukowa_gore_ze_Zwierzynca-600x462.jpeg 600w, https:\/\/www.polonia.travel\/it\/wp-content\/uploads\/sites\/20\/2025\/05\/AdobeStock_406824497_Roztocze_-_widok_na_Bukowa_gore_ze_Zwierzynca-768x591.jpeg 768w, https:\/\/www.polonia.travel\/it\/wp-content\/uploads\/sites\/20\/2025\/05\/AdobeStock_406824497_Roztocze_-_widok_na_Bukowa_gore_ze_Zwierzynca-1536x1182.jpeg 1536w, https:\/\/www.polonia.travel\/it\/wp-content\/uploads\/sites\/20\/2025\/05\/AdobeStock_406824497_Roztocze_-_widok_na_Bukowa_gore_ze_Zwierzynca-1920x1477.jpeg 1920w, https:\/\/www.polonia.travel\/it\/wp-content\/uploads\/sites\/20\/2025\/05\/AdobeStock_406824497_Roztocze_-_widok_na_Bukowa_gore_ze_Zwierzynca.jpeg 2000w\" sizes=\"auto, (max-width: 1200px) 100vw, 1200px\" \/><\/figure>\n\n\n\n<figure class=\"wp-block-image size-large\"><img loading=\"lazy\" decoding=\"async\" width=\"1170\" height=\"780\" data-id=\"10517\" src=\"https:\/\/www.polonia.travel\/it\/wp-content\/uploads\/sites\/20\/2022\/12\/gory_stolowe_szczeliniec_wielki_1170.jpg\" alt=\"Park Narodowy G\u00f3r Sto\u0142owych\" class=\"wp-image-10517\" srcset=\"https:\/\/www.polonia.travel\/it\/wp-content\/uploads\/sites\/20\/2022\/12\/gory_stolowe_szczeliniec_wielki_1170.jpg 1170w, https:\/\/www.polonia.travel\/it\/wp-content\/uploads\/sites\/20\/2022\/12\/gory_stolowe_szczeliniec_wielki_1170-600x400.jpg 600w, https:\/\/www.polonia.travel\/it\/wp-content\/uploads\/sites\/20\/2022\/12\/gory_stolowe_szczeliniec_wielki_1170-768x512.jpg 768w\" sizes=\"auto, (max-width: 1170px) 100vw, 1170px\" \/><\/figure>\n\n\n\n<figure class=\"wp-block-image size-large\"><img loading=\"lazy\" decoding=\"async\" width=\"800\" height=\"536\" data-id=\"31689\" src=\"https:\/\/www.polonia.travel\/it\/wp-content\/uploads\/sites\/20\/2024\/05\/Parco20Nazionale20Slowinski20dune20mobili.jpg\" alt=\"\" class=\"wp-image-31689\" srcset=\"https:\/\/www.polonia.travel\/it\/wp-content\/uploads\/sites\/20\/2024\/05\/Parco20Nazionale20Slowinski20dune20mobili.jpg 800w, https:\/\/www.polonia.travel\/it\/wp-content\/uploads\/sites\/20\/2024\/05\/Parco20Nazionale20Slowinski20dune20mobili-600x402.jpg 600w, https:\/\/www.polonia.travel\/it\/wp-content\/uploads\/sites\/20\/2024\/05\/Parco20Nazionale20Slowinski20dune20mobili-768x515.jpg 768w\" sizes=\"auto, (max-width: 800px) 100vw, 800px\" \/><\/figure>\n<\/figure>\n\n\n\n<div style=\"height:100px\" aria-hidden=\"true\" class=\"wp-block-spacer is-style-spacer-small\"><\/div>\n\n\n\n<p>Gli amanti del cicloturismo troveranno diversi itinerari ottimamente segnalati e con vari livelli di difficolt\u00e0, come i percorsi <strong>EuroVelo<\/strong>, per esplorare il patrimonio culturale e paesaggistico del Paese pedalando tra borghi, aree naturali protette e alcune delle citt\u00e0 pi\u00f9 iconiche della Polonia!&nbsp;<\/p>\n\n\n\n<p>Le regioni della <strong>Pomerania<\/strong> e della <strong>Varmia e Masuria<\/strong>, tra vedute d\u2019eccezione, sono perfette per il turismo acquatico. Dalle coste baltiche ai \u201cmille laghi\u201d masuri, troverete lo spot perfetto per vela, kayak, canoa, kitesurf e windsurf. La chicca in pi\u00f9? In Varmia Masuria potrete anche vivere la magia del sorvolo in mongolfiera, ammirando un paesaggio superbo dall\u2019alto!&nbsp;<\/p>\n\n\n\n<p>Nel sud-est del Paese, la catena dei<strong> Monti Bieszczady<\/strong> in<strong> Precarpazia<\/strong> regala uno degli spettacoli pi\u00f9 emozionanti: durante il giorno escursioni tra vallate infinite che profumano di fiori ed erbe spontanee, mentre al calar della sera, nel \u201cParco del cielo stellato\u201d, prende vita la meraviglia del firmamento, con oltre 7.000 stelle visibili ad occhio nudo!&nbsp;<\/p>\n\n\n\n<p>La natura polacca cambia volto con lo scorrere delle stagioni, ma certamente, non perde mai il suo valore: venite a scoprirlo voi stessi!&nbsp;&nbsp;<\/p>\n<\/div><\/div>\n\n\n\n<p><\/p>\n\n\n\n<p><\/p>\n","protected":false},"excerpt":{"rendered":"<p>Natura e outdoor:&nbsp;il tempo che rigenera In Polonia il tempo trascorso all\u2019aria aperta \u00e8 un tempo che fa bene: rallenta il respiro, libera la mente, restituisce nuova energia. La Polonia si distingue per la variet\u00e0 della sua ampia offerta outdoor, che pu\u00f2 essere praticata in tutte le stagioni, con una gamma di proposte in linea [&hellip;]<\/p>\n","protected":false},"author":39,"featured_media":42386,"comment_status":"open","ping_status":"open","sticky":false,"template":"","format":"standard","meta":{"_acf_changed":false,"footnotes":""},"categories":[1228],"class_list":["post-42442","post","type-post","status-publish","format-standard","has-post-thumbnail","hentry","category-polonia-da-record"],"acf":[],"yoast_head":"<!-- This site is optimized with the Yoast SEO plugin v27.4 - https:\/\/yoast.com\/product\/yoast-seo-wordpress\/ -->\n<title>Natura e outdoor: il tempo che rigenera - Polonia Travel (IT)<\/title>\n<meta name=\"robots\" content=\"index, follow, max-snippet:-1, max-image-preview:large, max-video-preview:-1\" \/>\n<link rel=\"canonical\" href=\"https:\/\/www.polonia.travel\/it\/natura-e-outdooril-tempo-che-rigenera\/\" \/>\n<meta property=\"og:locale\" content=\"pl_PL\" \/>\n<meta property=\"og:type\" content=\"article\" \/>\n<meta property=\"og:title\" content=\"Natura e outdoor: il tempo che rigenera - Polonia Travel (IT)\" \/>\n<meta property=\"og:description\" content=\"Natura e outdoor:&nbsp;il tempo che rigenera In Polonia il tempo trascorso all\u2019aria aperta \u00e8 un tempo che fa bene: rallenta il respiro, libera la mente, restituisce nuova energia. La Polonia si distingue per la variet\u00e0 della sua ampia offerta outdoor, che pu\u00f2 essere praticata in tutte le stagioni, con una gamma di proposte in linea [&hellip;]\" \/>\n<meta property=\"og:url\" content=\"https:\/\/www.polonia.travel\/it\/natura-e-outdooril-tempo-che-rigenera\/\" \/>\n<meta property=\"og:site_name\" content=\"Polonia Travel (IT)\" \/>\n<meta property=\"article:published_time\" content=\"2026-02-04T15:59:46+00:00\" \/>\n<meta property=\"article:modified_time\" content=\"2026-02-05T09:52:36+00:00\" \/>\n<meta property=\"og:image\" content=\"https:\/\/www.polonia.travel\/it\/wp-content\/uploads\/sites\/20\/2026\/01\/Cope-Facebook_OUTDOOR.jpg\" \/>\n\t<meta property=\"og:image:width\" content=\"2500\" \/>\n\t<meta property=\"og:image:height\" content=\"951\" \/>\n\t<meta property=\"og:image:type\" content=\"image\/jpeg\" \/>\n<meta name=\"author\" content=\"dominkacichocka\" \/>\n<meta name=\"twitter:card\" content=\"summary_large_image\" \/>\n<meta name=\"twitter:label1\" content=\"Napisane przez\" \/>\n\t<meta name=\"twitter:data1\" content=\"dominkacichocka\" \/>\n\t<meta name=\"twitter:label2\" content=\"Szacowany czas czytania\" \/>\n\t<meta name=\"twitter:data2\" content=\"6 minut\" \/>\n<script type=\"application\/ld+json\" class=\"yoast-schema-graph\">{\"@context\":\"https:\\\/\\\/schema.org\",\"@graph\":[{\"@type\":\"Article\",\"@id\":\"https:\\\/\\\/www.polonia.travel\\\/it\\\/natura-e-outdooril-tempo-che-rigenera\\\/#article\",\"isPartOf\":{\"@id\":\"https:\\\/\\\/www.polonia.travel\\\/it\\\/natura-e-outdooril-tempo-che-rigenera\\\/\"},\"author\":{\"name\":\"dominkacichocka\",\"@id\":\"https:\\\/\\\/www.polonia.travel\\\/it\\\/#\\\/schema\\\/person\\\/f74307fcbf7175cab53701009659999c\"},\"headline\":\"Natura e outdoor: il tempo che rigenera\",\"datePublished\":\"2026-02-04T15:59:46+00:00\",\"dateModified\":\"2026-02-05T09:52:36+00:00\",\"mainEntityOfPage\":{\"@id\":\"https:\\\/\\\/www.polonia.travel\\\/it\\\/natura-e-outdooril-tempo-che-rigenera\\\/\"},\"wordCount\":666,\"commentCount\":8,\"publisher\":{\"@id\":\"https:\\\/\\\/www.polonia.travel\\\/it\\\/#organization\"},\"image\":{\"@id\":\"https:\\\/\\\/www.polonia.travel\\\/it\\\/natura-e-outdooril-tempo-che-rigenera\\\/#primaryimage\"},\"thumbnailUrl\":\"https:\\\/\\\/www.polonia.travel\\\/it\\\/wp-content\\\/uploads\\\/sites\\\/20\\\/2026\\\/01\\\/Cope-Facebook_OUTDOOR.jpg\",\"articleSection\":[\"Polonia da record\"],\"inLanguage\":\"pl-PL\"},{\"@type\":\"WebPage\",\"@id\":\"https:\\\/\\\/www.polonia.travel\\\/it\\\/natura-e-outdooril-tempo-che-rigenera\\\/\",\"url\":\"https:\\\/\\\/www.polonia.travel\\\/it\\\/natura-e-outdooril-tempo-che-rigenera\\\/\",\"name\":\"Natura e outdoor: il tempo che rigenera - Polonia Travel (IT)\",\"isPartOf\":{\"@id\":\"https:\\\/\\\/www.polonia.travel\\\/it\\\/#website\"},\"primaryImageOfPage\":{\"@id\":\"https:\\\/\\\/www.polonia.travel\\\/it\\\/natura-e-outdooril-tempo-che-rigenera\\\/#primaryimage\"},\"image\":{\"@id\":\"https:\\\/\\\/www.polonia.travel\\\/it\\\/natura-e-outdooril-tempo-che-rigenera\\\/#primaryimage\"},\"thumbnailUrl\":\"https:\\\/\\\/www.polonia.travel\\\/it\\\/wp-content\\\/uploads\\\/sites\\\/20\\\/2026\\\/01\\\/Cope-Facebook_OUTDOOR.jpg\",\"datePublished\":\"2026-02-04T15:59:46+00:00\",\"dateModified\":\"2026-02-05T09:52:36+00:00\",\"breadcrumb\":{\"@id\":\"https:\\\/\\\/www.polonia.travel\\\/it\\\/natura-e-outdooril-tempo-che-rigenera\\\/#breadcrumb\"},\"inLanguage\":\"pl-PL\",\"potentialAction\":[{\"@type\":\"ReadAction\",\"target\":[\"https:\\\/\\\/www.polonia.travel\\\/it\\\/natura-e-outdooril-tempo-che-rigenera\\\/\"]}]},{\"@type\":\"ImageObject\",\"inLanguage\":\"pl-PL\",\"@id\":\"https:\\\/\\\/www.polonia.travel\\\/it\\\/natura-e-outdooril-tempo-che-rigenera\\\/#primaryimage\",\"url\":\"https:\\\/\\\/www.polonia.travel\\\/it\\\/wp-content\\\/uploads\\\/sites\\\/20\\\/2026\\\/01\\\/Cope-Facebook_OUTDOOR.jpg\",\"contentUrl\":\"https:\\\/\\\/www.polonia.travel\\\/it\\\/wp-content\\\/uploads\\\/sites\\\/20\\\/2026\\\/01\\\/Cope-Facebook_OUTDOOR.jpg\",\"width\":2500,\"height\":951},{\"@type\":\"BreadcrumbList\",\"@id\":\"https:\\\/\\\/www.polonia.travel\\\/it\\\/natura-e-outdooril-tempo-che-rigenera\\\/#breadcrumb\",\"itemListElement\":[{\"@type\":\"ListItem\",\"position\":1,\"name\":\"Home page\",\"item\":\"https:\\\/\\\/www.polonia.travel\\\/it\\\/\"},{\"@type\":\"ListItem\",\"position\":2,\"name\":\"Polonia da record\",\"item\":\"https:\\\/\\\/www.polonia.travel\\\/it\\\/polonia-da-record\\\/\"},{\"@type\":\"ListItem\",\"position\":3,\"name\":\"Natura e outdoor: il tempo che rigenera\"}]},{\"@type\":\"WebSite\",\"@id\":\"https:\\\/\\\/www.polonia.travel\\\/it\\\/#website\",\"url\":\"https:\\\/\\\/www.polonia.travel\\\/it\\\/\",\"name\":\"Polonia Travel (IT)\",\"description\":\"...\",\"publisher\":{\"@id\":\"https:\\\/\\\/www.polonia.travel\\\/it\\\/#organization\"},\"potentialAction\":[{\"@type\":\"SearchAction\",\"target\":{\"@type\":\"EntryPoint\",\"urlTemplate\":\"https:\\\/\\\/www.polonia.travel\\\/it\\\/?s={search_term_string}\"},\"query-input\":{\"@type\":\"PropertyValueSpecification\",\"valueRequired\":true,\"valueName\":\"search_term_string\"}}],\"inLanguage\":\"pl-PL\"},{\"@type\":\"Organization\",\"@id\":\"https:\\\/\\\/www.polonia.travel\\\/it\\\/#organization\",\"name\":\"Polonia Travel (IT)\",\"url\":\"https:\\\/\\\/www.polonia.travel\\\/it\\\/\",\"logo\":{\"@type\":\"ImageObject\",\"inLanguage\":\"pl-PL\",\"@id\":\"https:\\\/\\\/www.polonia.travel\\\/it\\\/#\\\/schema\\\/logo\\\/image\\\/\",\"url\":\"\",\"contentUrl\":\"\",\"caption\":\"Polonia Travel (IT)\"},\"image\":{\"@id\":\"https:\\\/\\\/www.polonia.travel\\\/it\\\/#\\\/schema\\\/logo\\\/image\\\/\"}},{\"@type\":\"Person\",\"@id\":\"https:\\\/\\\/www.polonia.travel\\\/it\\\/#\\\/schema\\\/person\\\/f74307fcbf7175cab53701009659999c\",\"name\":\"dominkacichocka\",\"image\":{\"@type\":\"ImageObject\",\"inLanguage\":\"pl-PL\",\"@id\":\"https:\\\/\\\/secure.gravatar.com\\\/avatar\\\/fb7bfcc192fd09a917da7cef34ead0827f5216f24ca2cebcee100801250a2fda?s=96&d=mm&r=g\",\"url\":\"https:\\\/\\\/secure.gravatar.com\\\/avatar\\\/fb7bfcc192fd09a917da7cef34ead0827f5216f24ca2cebcee100801250a2fda?s=96&d=mm&r=g\",\"contentUrl\":\"https:\\\/\\\/secure.gravatar.com\\\/avatar\\\/fb7bfcc192fd09a917da7cef34ead0827f5216f24ca2cebcee100801250a2fda?s=96&d=mm&r=g\",\"caption\":\"dominkacichocka\"}}]}<\/script>\n<!-- \/ Yoast SEO plugin. -->","yoast_head_json":{"title":"Natura e outdoor: il tempo che rigenera - Polonia Travel (IT)","robots":{"index":"index","follow":"follow","max-snippet":"max-snippet:-1","max-image-preview":"max-image-preview:large","max-video-preview":"max-video-preview:-1"},"canonical":"https:\/\/www.polonia.travel\/it\/natura-e-outdooril-tempo-che-rigenera\/","og_locale":"pl_PL","og_type":"article","og_title":"Natura e outdoor: il tempo che rigenera - Polonia Travel (IT)","og_description":"Natura e outdoor:&nbsp;il tempo che rigenera In Polonia il tempo trascorso all\u2019aria aperta \u00e8 un tempo che fa bene: rallenta il respiro, libera la mente, restituisce nuova energia. La Polonia si distingue per la variet\u00e0 della sua ampia offerta outdoor, che pu\u00f2 essere praticata in tutte le stagioni, con una gamma di proposte in linea [&hellip;]","og_url":"https:\/\/www.polonia.travel\/it\/natura-e-outdooril-tempo-che-rigenera\/","og_site_name":"Polonia Travel (IT)","article_published_time":"2026-02-04T15:59:46+00:00","article_modified_time":"2026-02-05T09:52:36+00:00","og_image":[{"width":2500,"height":951,"url":"https:\/\/www.polonia.travel\/it\/wp-content\/uploads\/sites\/20\/2026\/01\/Cope-Facebook_OUTDOOR.jpg","type":"image\/jpeg"}],"author":"dominkacichocka","twitter_card":"summary_large_image","twitter_misc":{"Napisane przez":"dominkacichocka","Szacowany czas czytania":"6 minut"},"schema":{"@context":"https:\/\/schema.org","@graph":[{"@type":"Article","@id":"https:\/\/www.polonia.travel\/it\/natura-e-outdooril-tempo-che-rigenera\/#article","isPartOf":{"@id":"https:\/\/www.polonia.travel\/it\/natura-e-outdooril-tempo-che-rigenera\/"},"author":{"name":"dominkacichocka","@id":"https:\/\/www.polonia.travel\/it\/#\/schema\/person\/f74307fcbf7175cab53701009659999c"},"headline":"Natura e outdoor: il tempo che rigenera","datePublished":"2026-02-04T15:59:46+00:00","dateModified":"2026-02-05T09:52:36+00:00","mainEntityOfPage":{"@id":"https:\/\/www.polonia.travel\/it\/natura-e-outdooril-tempo-che-rigenera\/"},"wordCount":666,"commentCount":8,"publisher":{"@id":"https:\/\/www.polonia.travel\/it\/#organization"},"image":{"@id":"https:\/\/www.polonia.travel\/it\/natura-e-outdooril-tempo-che-rigenera\/#primaryimage"},"thumbnailUrl":"https:\/\/www.polonia.travel\/it\/wp-content\/uploads\/sites\/20\/2026\/01\/Cope-Facebook_OUTDOOR.jpg","articleSection":["Polonia da record"],"inLanguage":"pl-PL"},{"@type":"WebPage","@id":"https:\/\/www.polonia.travel\/it\/natura-e-outdooril-tempo-che-rigenera\/","url":"https:\/\/www.polonia.travel\/it\/natura-e-outdooril-tempo-che-rigenera\/","name":"Natura e outdoor: il tempo che rigenera - Polonia Travel (IT)","isPartOf":{"@id":"https:\/\/www.polonia.travel\/it\/#website"},"primaryImageOfPage":{"@id":"https:\/\/www.polonia.travel\/it\/natura-e-outdooril-tempo-che-rigenera\/#primaryimage"},"image":{"@id":"https:\/\/www.polonia.travel\/it\/natura-e-outdooril-tempo-che-rigenera\/#primaryimage"},"thumbnailUrl":"https:\/\/www.polonia.travel\/it\/wp-content\/uploads\/sites\/20\/2026\/01\/Cope-Facebook_OUTDOOR.jpg","datePublished":"2026-02-04T15:59:46+00:00","dateModified":"2026-02-05T09:52:36+00:00","breadcrumb":{"@id":"https:\/\/www.polonia.travel\/it\/natura-e-outdooril-tempo-che-rigenera\/#breadcrumb"},"inLanguage":"pl-PL","potentialAction":[{"@type":"ReadAction","target":["https:\/\/www.polonia.travel\/it\/natura-e-outdooril-tempo-che-rigenera\/"]}]},{"@type":"ImageObject","inLanguage":"pl-PL","@id":"https:\/\/www.polonia.travel\/it\/natura-e-outdooril-tempo-che-rigenera\/#primaryimage","url":"https:\/\/www.polonia.travel\/it\/wp-content\/uploads\/sites\/20\/2026\/01\/Cope-Facebook_OUTDOOR.jpg","contentUrl":"https:\/\/www.polonia.travel\/it\/wp-content\/uploads\/sites\/20\/2026\/01\/Cope-Facebook_OUTDOOR.jpg","width":2500,"height":951},{"@type":"BreadcrumbList","@id":"https:\/\/www.polonia.travel\/it\/natura-e-outdooril-tempo-che-rigenera\/#breadcrumb","itemListElement":[{"@type":"ListItem","position":1,"name":"Home page","item":"https:\/\/www.polonia.travel\/it\/"},{"@type":"ListItem","position":2,"name":"Polonia da record","item":"https:\/\/www.polonia.travel\/it\/polonia-da-record\/"},{"@type":"ListItem","position":3,"name":"Natura e outdoor: il tempo che rigenera"}]},{"@type":"WebSite","@id":"https:\/\/www.polonia.travel\/it\/#website","url":"https:\/\/www.polonia.travel\/it\/","name":"Polonia Travel (IT)","description":"...","publisher":{"@id":"https:\/\/www.polonia.travel\/it\/#organization"},"potentialAction":[{"@type":"SearchAction","target":{"@type":"EntryPoint","urlTemplate":"https:\/\/www.polonia.travel\/it\/?s={search_term_string}"},"query-input":{"@type":"PropertyValueSpecification","valueRequired":true,"valueName":"search_term_string"}}],"inLanguage":"pl-PL"},{"@type":"Organization","@id":"https:\/\/www.polonia.travel\/it\/#organization","name":"Polonia Travel (IT)","url":"https:\/\/www.polonia.travel\/it\/","logo":{"@type":"ImageObject","inLanguage":"pl-PL","@id":"https:\/\/www.polonia.travel\/it\/#\/schema\/logo\/image\/","url":"","contentUrl":"","caption":"Polonia Travel (IT)"},"image":{"@id":"https:\/\/www.polonia.travel\/it\/#\/schema\/logo\/image\/"}},{"@type":"Person","@id":"https:\/\/www.polonia.travel\/it\/#\/schema\/person\/f74307fcbf7175cab53701009659999c","name":"dominkacichocka","image":{"@type":"ImageObject","inLanguage":"pl-PL","@id":"https:\/\/secure.gravatar.com\/avatar\/fb7bfcc192fd09a917da7cef34ead0827f5216f24ca2cebcee100801250a2fda?s=96&d=mm&r=g","url":"https:\/\/secure.gravatar.com\/avatar\/fb7bfcc192fd09a917da7cef34ead0827f5216f24ca2cebcee100801250a2fda?s=96&d=mm&r=g","contentUrl":"https:\/\/secure.gravatar.com\/avatar\/fb7bfcc192fd09a917da7cef34ead0827f5216f24ca2cebcee100801250a2fda?s=96&d=mm&r=g","caption":"dominkacichocka"}}]}},"_links":{"self":[{"href":"https:\/\/www.polonia.travel\/it\/wp-json\/wp\/v2\/posts\/42442","targetHints":{"allow":["GET"]}}],"collection":[{"href":"https:\/\/www.polonia.travel\/it\/wp-json\/wp\/v2\/posts"}],"about":[{"href":"https:\/\/www.polonia.travel\/it\/wp-json\/wp\/v2\/types\/post"}],"author":[{"embeddable":true,"href":"https:\/\/www.polonia.travel\/it\/wp-json\/wp\/v2\/users\/39"}],"replies":[{"embeddable":true,"href":"https:\/\/www.polonia.travel\/it\/wp-json\/wp\/v2\/comments?post=42442"}],"version-history":[{"count":6,"href":"https:\/\/www.polonia.travel\/it\/wp-json\/wp\/v2\/posts\/42442\/revisions"}],"predecessor-version":[{"id":42472,"href":"https:\/\/www.polonia.travel\/it\/wp-json\/wp\/v2\/posts\/42442\/revisions\/42472"}],"wp:featuredmedia":[{"embeddable":true,"href":"https:\/\/www.polonia.travel\/it\/wp-json\/wp\/v2\/media\/42386"}],"wp:attachment":[{"href":"https:\/\/www.polonia.travel\/it\/wp-json\/wp\/v2\/media?parent=42442"}],"wp:term":[{"taxonomy":"category","embeddable":true,"href":"https:\/\/www.polonia.travel\/it\/wp-json\/wp\/v2\/categories?post=42442"}],"curies":[{"name":"wp","href":"https:\/\/api.w.org\/{rel}","templated":true}]}}