{"id":42348,"date":"2026-01-23T15:47:53","date_gmt":"2026-01-23T14:47:53","guid":{"rendered":"https:\/\/www.polonia.travel\/it\/?p=42348"},"modified":"2026-01-23T15:48:53","modified_gmt":"2026-01-23T14:48:53","slug":"bit-2026-la-polonia-e-destination-partner","status":"publish","type":"post","link":"https:\/\/www.polonia.travel\/it\/bit-2026-la-polonia-e-destination-partner\/","title":{"rendered":"BIT 2026: la Polonia \u00e8 Destination Partner"},"content":{"rendered":"\n<div class=\"wp-block-group is-style-container-medium\"><div class=\"wp-block-group__inner-container is-layout-constrained wp-block-group-is-layout-constrained\">\n<h2 class=\"wp-block-heading\"><strong>BIT 2026: la Polonia \u00e8 Destination Partner<\/strong><\/h2>\n\n\n\n<p>Numeri positivi dal mercato italiano, partecipazione alla <strong>BIT 2026 <\/strong>e visibilit\u00e0 urbana a Milano: la Polonia rafforza il suo posizionamento e si presenta al pubblico della fiera come destinazione europea in continua evoluzione.<\/p>\n\n\n\n<p class=\"has-text-align-center\"><strong>VISITA LO STAND DELLA POLONIA ALLA BIT<\/strong><\/p>\n\n\n\n<p class=\"has-text-align-center\"><strong>PAD 9, stand C16-D13<\/strong><\/p>\n\n\n\n<p>La&nbsp;<strong>Polonia<\/strong>&nbsp;rafforza la propria presenza sul mercato italiano e si appresta a partecipare alla prossima edizione di&nbsp;<strong>BIT \u2013 Borsa Internazionale del Turismo di Milano (10\u201312 febbraio)<\/strong>&nbsp;in veste di&nbsp;<strong>Destinazione Partner<\/strong>, con un progetto di promozione articolato, multicanale e di lungo periodo, pensato per dialogare in modo diretto con il trade e con il pubblico.<\/p>\n\n\n\n<p>\u201c<em>La partecipazione alla BIT in qualit\u00e0 di Destinazione Partner rappresenta per noi un momento strategico fondamentale<\/em>&nbsp;\u2013 spiega&nbsp;<strong>Barbara Minczewa, Direttrice dell\u2019Ente Nazionale Polacco per il Turismo<\/strong>&nbsp;\u2013&nbsp;<em>perch\u00e9 ci consente di raccontare la Polonia in maniera completa e contemporanea, valorizzando non solo le destinazioni pi\u00f9 note, ma anche i nuovi trend di viaggio, le esperienze autentiche e il grande lavoro che stiamo portando avanti insieme ai nostri partner<\/em>\u201d.<\/p>\n\n\n\n<p>Uno stand centrale situato accanto alla main stage e progettato per favorire l\u2019incontro e il dialogo con operatori, buyer, pubblico e media. All\u2019interno dello stand polacco saranno presenti importanti realt\u00e0 istituzionali e operatori turistici, tra cui&nbsp;<strong>la Regione della Bassa Slesia con Breslavia, la Regione di Malopolska con Cracovia, le citt\u00e0 di Varsavia, Lodz e Czestochowa, la compagnia di bandiera LOT Polish Airlines e importanti DMC attivi sul mercato italiano, come Cracovia Travel, SOS Travel DMC &amp; Tour Operator e Ivotrans Touroperator<\/strong>, a testimonianza di un\u2019offerta ampia ed eterogenea, pensata per rispondere alle esigenze del mercato italiano.&nbsp;Durante la tre giorni di fiera, sar\u00e0 presente anche il&nbsp;<strong>Ministro per il Turismo<\/strong>,&nbsp;<strong>Ireneusz Ras<\/strong>, in rappresentanza del Ministero dello Sport e del Turismo<\/p>\n\n\n\n<figure class=\"wp-block-gallery has-nested-images columns-default is-cropped wp-block-gallery-1 is-layout-flex wp-block-gallery-is-layout-flex\">\n<figure class=\"wp-block-image size-large\"><img loading=\"lazy\" decoding=\"async\" width=\"1000\" height=\"749\" data-id=\"41734\" src=\"https:\/\/www.polonia.travel\/it\/wp-content\/uploads\/sites\/20\/2024\/07\/AdobeStock_574882100_Krakow.jpeg\" alt=\"\" class=\"wp-image-41734\" srcset=\"https:\/\/www.polonia.travel\/it\/wp-content\/uploads\/sites\/20\/2024\/07\/AdobeStock_574882100_Krakow.jpeg 1000w, https:\/\/www.polonia.travel\/it\/wp-content\/uploads\/sites\/20\/2024\/07\/AdobeStock_574882100_Krakow-600x449.jpeg 600w, https:\/\/www.polonia.travel\/it\/wp-content\/uploads\/sites\/20\/2024\/07\/AdobeStock_574882100_Krakow-768x575.jpeg 768w\" sizes=\"auto, (max-width: 1000px) 100vw, 1000px\" \/><\/figure>\n\n\n\n<figure class=\"wp-block-image size-large\"><img loading=\"lazy\" decoding=\"async\" width=\"3000\" height=\"2176\" data-id=\"40548\" src=\"https:\/\/www.polonia.travel\/it\/wp-content\/uploads\/sites\/20\/2025\/01\/245373114_Wroclaw_ratusz_Adobe-2.jpg\" alt=\"\" class=\"wp-image-40548\" \/><\/figure>\n\n\n\n<figure class=\"wp-block-image size-large\"><img loading=\"lazy\" decoding=\"async\" width=\"3973\" height=\"2978\" data-id=\"40610\" src=\"https:\/\/www.polonia.travel\/it\/wp-content\/uploads\/sites\/20\/2025\/02\/36-Castello-Ksiaz.jpg\" alt=\"\" class=\"wp-image-40610\" \/><\/figure>\n\n\n\n<figure class=\"wp-block-image size-large\"><img loading=\"lazy\" decoding=\"async\" width=\"500\" height=\"375\" data-id=\"35762\" src=\"https:\/\/www.polonia.travel\/it\/wp-content\/uploads\/sites\/20\/2024\/05\/Ogrodzieniec-4.jpg\" alt=\"\" class=\"wp-image-35762\" \/><\/figure>\n\n\n\n<figure class=\"wp-block-image size-large\"><img loading=\"lazy\" decoding=\"async\" width=\"540\" height=\"360\" data-id=\"35571\" src=\"https:\/\/www.polonia.travel\/it\/wp-content\/uploads\/sites\/20\/2024\/05\/5_Varsavia-min-8.jpg\" alt=\"\" class=\"wp-image-35571\" \/><\/figure>\n\n\n\n<figure class=\"wp-block-image size-large\"><img loading=\"lazy\" decoding=\"async\" width=\"1200\" height=\"674\" data-id=\"42218\" src=\"https:\/\/www.polonia.travel\/it\/wp-content\/uploads\/sites\/20\/2024\/07\/Lodz_Manufaktura-weaving-mill-view-1200x674.jpg\" alt=\"\" class=\"wp-image-42218\" srcset=\"https:\/\/www.polonia.travel\/it\/wp-content\/uploads\/sites\/20\/2024\/07\/Lodz_Manufaktura-weaving-mill-view-1200x674.jpg 1200w, https:\/\/www.polonia.travel\/it\/wp-content\/uploads\/sites\/20\/2024\/07\/Lodz_Manufaktura-weaving-mill-view-600x337.jpg 600w, https:\/\/www.polonia.travel\/it\/wp-content\/uploads\/sites\/20\/2024\/07\/Lodz_Manufaktura-weaving-mill-view-768x431.jpg 768w, https:\/\/www.polonia.travel\/it\/wp-content\/uploads\/sites\/20\/2024\/07\/Lodz_Manufaktura-weaving-mill-view-1536x863.jpg 1536w, https:\/\/www.polonia.travel\/it\/wp-content\/uploads\/sites\/20\/2024\/07\/Lodz_Manufaktura-weaving-mill-view-2048x1150.jpg 2048w, https:\/\/www.polonia.travel\/it\/wp-content\/uploads\/sites\/20\/2024\/07\/Lodz_Manufaktura-weaving-mill-view-1920x1079.jpg 1920w\" sizes=\"auto, (max-width: 1200px) 100vw, 1200px\" \/><\/figure>\n<\/figure>\n\n\n\n<div style=\"height:0px\" aria-hidden=\"true\" class=\"wp-block-spacer is-style-spacer-small\"><\/div>\n<\/div><\/div>\n\n\n\n<div class=\"wp-block-group is-style-container-medium\"><div class=\"wp-block-group__inner-container is-layout-constrained wp-block-group-is-layout-constrained\">\n<p>A rendere la presenza della Polonia alla BIT ancora pi\u00f9 significativa sar\u00e0 un programma di iniziative di ampio respiro, pensato per raccontare la&nbsp;<strong>destinazione in modo completo e multisensoriale<\/strong>. Accanto all\u2019attivit\u00e0 B2B e B2C allo stand, la Polonia sar\u00e0 protagonista di una serie di momenti culturali e conviviali che attraverseranno l\u2019intera manifestazione: dall\u2019apertura ufficiale del 10 febbraio, impreziosita dal&nbsp;<strong>concerto dedicato a Fryderyk Chopin<\/strong>, alle esibizioni di&nbsp;<strong>musica folkloristica dei Monti Tatra<\/strong>, con un ensemble tradizionale che porter\u00e0 a Milano i suoni, i costumi e le atmosfere delle regioni montane polacche.<\/p>\n\n\n\n<p>Grande spazio sar\u00e0 dedicato anche alla\u00a0<strong>gastronomia<\/strong>, considerata uno degli strumenti pi\u00f9 efficaci per raccontare l\u2019identit\u00e0 del Paese: per tutta la durata della fiera uno chef sar\u00e0 presente allo stand per proporre specialit\u00e0 polacche e momenti di degustazione, a partire dal rinfresco che seguir\u00e0 il concerto inaugurale, fino alle iniziative conviviali previste nei giorni successivi.<\/p>\n\n\n\n<p>A completare l\u2019esperienza, lo stand ospiter\u00e0 anche momenti dimostrativi legati all\u2019<strong>artigianato tradizionale<\/strong>: grazie alla presenza della Regione Bassa Slesia, un artista realizzer\u00e0 dal vivo le celebri&nbsp;<strong>ceramiche di Boleslawiec<\/strong>, mentre all\u2019ingresso sar\u00e0 allestita una&nbsp;<strong>foto-postazione interattiva<\/strong>&nbsp;dove i visitatori potranno creare sul momento un piccolo magnete ricordo, portando con s\u00e9 un frammento concreto dell\u2019identit\u00e0 polacca.<\/p>\n\n\n\n<p>Una presenza a tutto tondo, con l\u2019obiettivo di offrire agli operatori e ai media un racconto completo della Polonia come destinazione contemporanea, capace di unire business, cultura, tradizioni e qualit\u00e0 dell\u2019esperienza turistica.<\/p>\n\n\n\n<figure class=\"wp-block-gallery has-nested-images columns-default is-cropped wp-block-gallery-2 is-layout-flex wp-block-gallery-is-layout-flex\">\n<figure class=\"wp-block-image size-large\"><img loading=\"lazy\" decoding=\"async\" width=\"540\" height=\"360\" data-id=\"38169\" src=\"https:\/\/www.polonia.travel\/it\/wp-content\/uploads\/sites\/20\/2024\/05\/Boleslawiec-28.jpeg\" alt=\"\" class=\"wp-image-38169\" \/><\/figure>\n\n\n\n<figure class=\"wp-block-image size-large\"><img loading=\"lazy\" decoding=\"async\" width=\"540\" height=\"360\" data-id=\"36072\" src=\"https:\/\/www.polonia.travel\/it\/wp-content\/uploads\/sites\/20\/2024\/05\/Boleslawiec_540-24.jpg\" alt=\"\" class=\"wp-image-36072\" \/><\/figure>\n<\/figure>\n\n\n\n<div style=\"height:0px\" aria-hidden=\"true\" class=\"wp-block-spacer is-style-spacer-small\"><\/div>\n<\/div><\/div>\n\n\n\n<div class=\"wp-block-group is-style-container-medium\"><div class=\"wp-block-group__inner-container is-layout-constrained wp-block-group-is-layout-constrained\">\n<p>E non \u00e8 tutto, perch\u00e9 al contesto fieristico si aggiunge una pi\u00f9 ampia strategia di visibilit\u00e0 che coinvolge la citt\u00e0 di Milano nel periodo dei <strong>Giochi Olimpici Invernali<\/strong>, attraverso un\u2019intensa&nbsp;<strong>campagna urbana<\/strong>&nbsp;con spazi pubblicitari nella metropolitana, un tram personalizzato e una flotta di autobus brandizzati che permetteranno alla Polonia di entrare nel ritmo quotidiano della citt\u00e0, intercettando residenti, operatori e visitatori internazionali presenti per gli eventi sportivi e culturali.<\/p>\n\n\n\n<p>\u201c<em>Abbiamo pensato di costruire una strategia integrata, capace di unire presenza fisica, comunicazione urbana e campagne digitali<\/em>&nbsp;\u2013 continua&nbsp;<strong>Minczewa<\/strong>&nbsp;\u2013&nbsp;<em>perch\u00e9 crediamo che oggi la promozione di una destinazione debba essere coerente, riconoscibile e di lungo periodo, soprattutto in un mercato maturo e attento come quello italiano<\/em>\u201d.<\/p>\n\n\n\n<p>Parallelamente,&nbsp;<strong>nel mese di febbraio,<\/strong>&nbsp;prenderanno il via&nbsp;<strong>due campagne digitali ad ampia copertura<\/strong>, una sui social media e una sui principali portali online, sviluppate sotto il concept e l\u2019hashtag comuni&nbsp;<strong>#poloniadarecord<\/strong>. La narrazione metter\u00e0 in luce natura, turismo attivo, citt\u00e0 in trasformazione, cultura, tradizioni, gastronomia, turismo slow e wellness.<\/p>\n\n\n\n<figure class=\"wp-block-image size-large\"><img loading=\"lazy\" decoding=\"async\" width=\"1200\" height=\"456\" src=\"https:\/\/www.polonia.travel\/it\/wp-content\/uploads\/sites\/20\/2026\/01\/Cope-Facebook_GENERALE-1200x456.jpg\" alt=\"\" class=\"wp-image-42353\" srcset=\"https:\/\/www.polonia.travel\/it\/wp-content\/uploads\/sites\/20\/2026\/01\/Cope-Facebook_GENERALE-1200x456.jpg 1200w, https:\/\/www.polonia.travel\/it\/wp-content\/uploads\/sites\/20\/2026\/01\/Cope-Facebook_GENERALE-600x228.jpg 600w, https:\/\/www.polonia.travel\/it\/wp-content\/uploads\/sites\/20\/2026\/01\/Cope-Facebook_GENERALE-768x292.jpg 768w, https:\/\/www.polonia.travel\/it\/wp-content\/uploads\/sites\/20\/2026\/01\/Cope-Facebook_GENERALE-1536x584.jpg 1536w, https:\/\/www.polonia.travel\/it\/wp-content\/uploads\/sites\/20\/2026\/01\/Cope-Facebook_GENERALE-2048x779.jpg 2048w, https:\/\/www.polonia.travel\/it\/wp-content\/uploads\/sites\/20\/2026\/01\/Cope-Facebook_GENERALE-1920x730.jpg 1920w\" sizes=\"auto, (max-width: 1200px) 100vw, 1200px\" \/><\/figure>\n\n\n\n<div style=\"height:0px\" aria-hidden=\"true\" class=\"wp-block-spacer is-style-spacer-small\"><\/div>\n<\/div><\/div>\n\n\n\n<div class=\"wp-block-group is-style-container-medium\"><div class=\"wp-block-group__inner-container is-layout-constrained wp-block-group-is-layout-constrained\">\n<figure class=\"wp-block-table\"><table class=\"has-fixed-layout\"><tbody><tr><td class=\"has-text-align-center\" data-align=\"center\"><strong>MARTED\u00cc 10 FEBBRAIO \u2013 ore 12.15<\/strong><br><strong>MAIN STAGE \u2013 PAD. 9<\/strong><br><strong>Alla BIT vanno in scena le opere di Chopin<\/strong><br><br>Un momento di particolare rilievo sar\u00e0 l\u2019<strong>apertura ufficiale della fiera<\/strong>, impreziosita da un&nbsp;<strong>concerto dedicato a Fryderyk Chopin<\/strong>, figura universale della cultura polacca e uno dei simboli artistici pi\u00f9 riconoscibili della Polonia nel mondo. Sul palco principale si esibiranno due pianisti di eccellenza, il&nbsp;<strong>polacco Piotr Pawlak<\/strong>&nbsp;e l\u2019<strong>italiano Gabriele Strata<\/strong>, entrambi competitori al prestigioso&nbsp;<strong>Concorso Internazionale di Chopin<\/strong>, punto di riferimento assoluto per i giovani talenti della scena pianistica internazionale.<br>La scelta di Chopin non \u00e8 casuale. Pi\u00f9 che un semplice compositore, Chopin rappresenta per la Polonia un emblema di&nbsp;<strong>creativit\u00e0<\/strong>,&nbsp;<strong>sensibilit\u00e0<\/strong>&nbsp;e&nbsp;<strong>identit\u00e0 culturale<\/strong>: una figura capace di raccontare l\u2019anima del Paese attraverso la musica. La sua eredit\u00e0 continua a vivere soprattutto nei luoghi a lui pi\u00f9 legati, in particolare a&nbsp;<strong>Varsavia<\/strong>, dove concerti, percorsi tematici e iniziative culturali accompagnano tutto l\u2019anno il visitatore sulle tracce del grande compositore.<br><br>\u201c<em>Chopin \u00e8 uno dei linguaggi pi\u00f9 autentici con cui la Polonia si racconta al mondo<\/em>&nbsp;\u2013 sottolinea&nbsp;<strong>Barbara Minczewa<\/strong>&nbsp;\u2013.&nbsp;<em>Attraverso la sua musica vogliamo trasmettere non solo un patrimonio artistico straordinario, ma anche l\u2019idea di una destinazione colta, viva e profondamente creativa, capace di emozionare e di creare connessioni autentiche con il pubblico internazionale\u201d<\/em>.<\/td><\/tr><\/tbody><\/table><\/figure>\n\n\n\n<div style=\"height:100px\" aria-hidden=\"true\" class=\"wp-block-spacer is-style-spacer-small\"><\/div>\n\n\n\n<p class=\"has-text-align-center\"><\/p>\n<\/div><\/div>\n","protected":false},"excerpt":{"rendered":"<p>BIT 2026: la Polonia \u00e8 Destination Partner Numeri positivi dal mercato italiano, partecipazione alla BIT 2026 e visibilit\u00e0 urbana a Milano: la Polonia rafforza il suo posizionamento e si presenta al pubblico della fiera come destinazione europea in continua evoluzione. VISITA LO STAND DELLA POLONIA ALLA BIT PAD 9, stand C16-D13 La&nbsp;Polonia&nbsp;rafforza la propria presenza [&hellip;]<\/p>\n","protected":false},"author":39,"featured_media":40584,"comment_status":"open","ping_status":"open","sticky":false,"template":"","format":"standard","meta":{"_acf_changed":false,"footnotes":""},"categories":[1051,1052],"class_list":["post-42348","post","type-post","status-publish","format-standard","has-post-thumbnail","hentry","category-ispirazioni-di-viaggio","category-benvenuti-in-polonia"],"acf":[],"yoast_head":"<!-- This site is optimized with the Yoast SEO plugin v27.4 - https:\/\/yoast.com\/product\/yoast-seo-wordpress\/ -->\n<title>BIT 2026: la Polonia \u00e8 Destination Partner - Polonia Travel (IT)<\/title>\n<meta name=\"robots\" content=\"index, follow, max-snippet:-1, max-image-preview:large, max-video-preview:-1\" \/>\n<link rel=\"canonical\" href=\"https:\/\/www.polonia.travel\/it\/bit-2026-la-polonia-e-destination-partner\/\" \/>\n<meta property=\"og:locale\" content=\"pl_PL\" \/>\n<meta property=\"og:type\" content=\"article\" \/>\n<meta property=\"og:title\" content=\"BIT 2026: la Polonia \u00e8 Destination Partner - Polonia Travel (IT)\" \/>\n<meta property=\"og:description\" content=\"BIT 2026: la Polonia \u00e8 Destination Partner Numeri positivi dal mercato italiano, partecipazione alla BIT 2026 e visibilit\u00e0 urbana a Milano: la Polonia rafforza il suo posizionamento e si presenta al pubblico della fiera come destinazione europea in continua evoluzione. VISITA LO STAND DELLA POLONIA ALLA BIT PAD 9, stand C16-D13 La&nbsp;Polonia&nbsp;rafforza la propria presenza [&hellip;]\" \/>\n<meta property=\"og:url\" content=\"https:\/\/www.polonia.travel\/it\/bit-2026-la-polonia-e-destination-partner\/\" \/>\n<meta property=\"og:site_name\" content=\"Polonia Travel (IT)\" \/>\n<meta property=\"article:published_time\" content=\"2026-01-23T14:47:53+00:00\" \/>\n<meta property=\"article:modified_time\" content=\"2026-01-23T14:48:53+00:00\" \/>\n<meta property=\"og:image\" content=\"https:\/\/www.polonia.travel\/it\/wp-content\/uploads\/sites\/20\/2025\/02\/Krakow_GettyImages-157441338.jpg\" \/>\n\t<meta property=\"og:image:width\" content=\"1200\" \/>\n\t<meta property=\"og:image:height\" content=\"652\" \/>\n\t<meta property=\"og:image:type\" content=\"image\/jpeg\" \/>\n<meta name=\"author\" content=\"dominkacichocka\" \/>\n<meta name=\"twitter:card\" content=\"summary_large_image\" \/>\n<meta name=\"twitter:label1\" content=\"Napisane przez\" \/>\n\t<meta name=\"twitter:data1\" content=\"dominkacichocka\" \/>\n\t<meta name=\"twitter:label2\" content=\"Szacowany czas czytania\" \/>\n\t<meta name=\"twitter:data2\" content=\"8 minut\" \/>\n<script type=\"application\/ld+json\" class=\"yoast-schema-graph\">{\"@context\":\"https:\\\/\\\/schema.org\",\"@graph\":[{\"@type\":\"Article\",\"@id\":\"https:\\\/\\\/www.polonia.travel\\\/it\\\/bit-2026-la-polonia-e-destination-partner\\\/#article\",\"isPartOf\":{\"@id\":\"https:\\\/\\\/www.polonia.travel\\\/it\\\/bit-2026-la-polonia-e-destination-partner\\\/\"},\"author\":{\"name\":\"dominkacichocka\",\"@id\":\"https:\\\/\\\/www.polonia.travel\\\/it\\\/#\\\/schema\\\/person\\\/f74307fcbf7175cab53701009659999c\"},\"headline\":\"BIT 2026: la Polonia \u00e8 Destination Partner\",\"datePublished\":\"2026-01-23T14:47:53+00:00\",\"dateModified\":\"2026-01-23T14:48:53+00:00\",\"mainEntityOfPage\":{\"@id\":\"https:\\\/\\\/www.polonia.travel\\\/it\\\/bit-2026-la-polonia-e-destination-partner\\\/\"},\"wordCount\":966,\"commentCount\":8,\"publisher\":{\"@id\":\"https:\\\/\\\/www.polonia.travel\\\/it\\\/#organization\"},\"image\":{\"@id\":\"https:\\\/\\\/www.polonia.travel\\\/it\\\/bit-2026-la-polonia-e-destination-partner\\\/#primaryimage\"},\"thumbnailUrl\":\"https:\\\/\\\/www.polonia.travel\\\/it\\\/wp-content\\\/uploads\\\/sites\\\/20\\\/2025\\\/02\\\/Krakow_GettyImages-157441338.jpg\",\"articleSection\":[\"Ispirazioni di viaggio\",\"Benvenuti in Polonia!\"],\"inLanguage\":\"pl-PL\"},{\"@type\":\"WebPage\",\"@id\":\"https:\\\/\\\/www.polonia.travel\\\/it\\\/bit-2026-la-polonia-e-destination-partner\\\/\",\"url\":\"https:\\\/\\\/www.polonia.travel\\\/it\\\/bit-2026-la-polonia-e-destination-partner\\\/\",\"name\":\"BIT 2026: la Polonia \u00e8 Destination Partner - Polonia Travel (IT)\",\"isPartOf\":{\"@id\":\"https:\\\/\\\/www.polonia.travel\\\/it\\\/#website\"},\"primaryImageOfPage\":{\"@id\":\"https:\\\/\\\/www.polonia.travel\\\/it\\\/bit-2026-la-polonia-e-destination-partner\\\/#primaryimage\"},\"image\":{\"@id\":\"https:\\\/\\\/www.polonia.travel\\\/it\\\/bit-2026-la-polonia-e-destination-partner\\\/#primaryimage\"},\"thumbnailUrl\":\"https:\\\/\\\/www.polonia.travel\\\/it\\\/wp-content\\\/uploads\\\/sites\\\/20\\\/2025\\\/02\\\/Krakow_GettyImages-157441338.jpg\",\"datePublished\":\"2026-01-23T14:47:53+00:00\",\"dateModified\":\"2026-01-23T14:48:53+00:00\",\"breadcrumb\":{\"@id\":\"https:\\\/\\\/www.polonia.travel\\\/it\\\/bit-2026-la-polonia-e-destination-partner\\\/#breadcrumb\"},\"inLanguage\":\"pl-PL\",\"potentialAction\":[{\"@type\":\"ReadAction\",\"target\":[\"https:\\\/\\\/www.polonia.travel\\\/it\\\/bit-2026-la-polonia-e-destination-partner\\\/\"]}]},{\"@type\":\"ImageObject\",\"inLanguage\":\"pl-PL\",\"@id\":\"https:\\\/\\\/www.polonia.travel\\\/it\\\/bit-2026-la-polonia-e-destination-partner\\\/#primaryimage\",\"url\":\"https:\\\/\\\/www.polonia.travel\\\/it\\\/wp-content\\\/uploads\\\/sites\\\/20\\\/2025\\\/02\\\/Krakow_GettyImages-157441338.jpg\",\"contentUrl\":\"https:\\\/\\\/www.polonia.travel\\\/it\\\/wp-content\\\/uploads\\\/sites\\\/20\\\/2025\\\/02\\\/Krakow_GettyImages-157441338.jpg\",\"width\":4820,\"height\":2620,\"caption\":\"Daytime panorama of Krakow, Poland, featuring Wawel Castle. The Vistula River flows along the left side of the image, and the castle is visible on the right, near the horizon. There is a blue sky with sparse, wispy clouds above the horizon and a manicured lawn intersected by walking paths in the foreground.\"},{\"@type\":\"BreadcrumbList\",\"@id\":\"https:\\\/\\\/www.polonia.travel\\\/it\\\/bit-2026-la-polonia-e-destination-partner\\\/#breadcrumb\",\"itemListElement\":[{\"@type\":\"ListItem\",\"position\":1,\"name\":\"Home page\",\"item\":\"https:\\\/\\\/www.polonia.travel\\\/it\\\/\"},{\"@type\":\"ListItem\",\"position\":2,\"name\":\"Ispirazioni di viaggio\",\"item\":\"https:\\\/\\\/www.polonia.travel\\\/it\\\/category\\\/ispirazioni-di-viaggio\\\/\"},{\"@type\":\"ListItem\",\"position\":3,\"name\":\"Benvenuti in Polonia!\",\"item\":\"https:\\\/\\\/www.polonia.travel\\\/it\\\/category\\\/ispirazioni-di-viaggio\\\/benvenuti-in-polonia\\\/\"},{\"@type\":\"ListItem\",\"position\":4,\"name\":\"BIT 2026: la Polonia \u00e8 Destination Partner\"}]},{\"@type\":\"WebSite\",\"@id\":\"https:\\\/\\\/www.polonia.travel\\\/it\\\/#website\",\"url\":\"https:\\\/\\\/www.polonia.travel\\\/it\\\/\",\"name\":\"Polonia Travel (IT)\",\"description\":\"...\",\"publisher\":{\"@id\":\"https:\\\/\\\/www.polonia.travel\\\/it\\\/#organization\"},\"potentialAction\":[{\"@type\":\"SearchAction\",\"target\":{\"@type\":\"EntryPoint\",\"urlTemplate\":\"https:\\\/\\\/www.polonia.travel\\\/it\\\/?s={search_term_string}\"},\"query-input\":{\"@type\":\"PropertyValueSpecification\",\"valueRequired\":true,\"valueName\":\"search_term_string\"}}],\"inLanguage\":\"pl-PL\"},{\"@type\":\"Organization\",\"@id\":\"https:\\\/\\\/www.polonia.travel\\\/it\\\/#organization\",\"name\":\"Polonia Travel (IT)\",\"url\":\"https:\\\/\\\/www.polonia.travel\\\/it\\\/\",\"logo\":{\"@type\":\"ImageObject\",\"inLanguage\":\"pl-PL\",\"@id\":\"https:\\\/\\\/www.polonia.travel\\\/it\\\/#\\\/schema\\\/logo\\\/image\\\/\",\"url\":\"\",\"contentUrl\":\"\",\"caption\":\"Polonia Travel (IT)\"},\"image\":{\"@id\":\"https:\\\/\\\/www.polonia.travel\\\/it\\\/#\\\/schema\\\/logo\\\/image\\\/\"}},{\"@type\":\"Person\",\"@id\":\"https:\\\/\\\/www.polonia.travel\\\/it\\\/#\\\/schema\\\/person\\\/f74307fcbf7175cab53701009659999c\",\"name\":\"dominkacichocka\",\"image\":{\"@type\":\"ImageObject\",\"inLanguage\":\"pl-PL\",\"@id\":\"https:\\\/\\\/secure.gravatar.com\\\/avatar\\\/fb7bfcc192fd09a917da7cef34ead0827f5216f24ca2cebcee100801250a2fda?s=96&d=mm&r=g\",\"url\":\"https:\\\/\\\/secure.gravatar.com\\\/avatar\\\/fb7bfcc192fd09a917da7cef34ead0827f5216f24ca2cebcee100801250a2fda?s=96&d=mm&r=g\",\"contentUrl\":\"https:\\\/\\\/secure.gravatar.com\\\/avatar\\\/fb7bfcc192fd09a917da7cef34ead0827f5216f24ca2cebcee100801250a2fda?s=96&d=mm&r=g\",\"caption\":\"dominkacichocka\"}}]}<\/script>\n<!-- \/ Yoast SEO plugin. -->","yoast_head_json":{"title":"BIT 2026: la Polonia \u00e8 Destination Partner - Polonia Travel (IT)","robots":{"index":"index","follow":"follow","max-snippet":"max-snippet:-1","max-image-preview":"max-image-preview:large","max-video-preview":"max-video-preview:-1"},"canonical":"https:\/\/www.polonia.travel\/it\/bit-2026-la-polonia-e-destination-partner\/","og_locale":"pl_PL","og_type":"article","og_title":"BIT 2026: la Polonia \u00e8 Destination Partner - Polonia Travel (IT)","og_description":"BIT 2026: la Polonia \u00e8 Destination Partner Numeri positivi dal mercato italiano, partecipazione alla BIT 2026 e visibilit\u00e0 urbana a Milano: la Polonia rafforza il suo posizionamento e si presenta al pubblico della fiera come destinazione europea in continua evoluzione. VISITA LO STAND DELLA POLONIA ALLA BIT PAD 9, stand C16-D13 La&nbsp;Polonia&nbsp;rafforza la propria presenza [&hellip;]","og_url":"https:\/\/www.polonia.travel\/it\/bit-2026-la-polonia-e-destination-partner\/","og_site_name":"Polonia Travel (IT)","article_published_time":"2026-01-23T14:47:53+00:00","article_modified_time":"2026-01-23T14:48:53+00:00","og_image":[{"url":"https:\/\/www.polonia.travel\/it\/wp-content\/uploads\/sites\/20\/2025\/02\/Krakow_GettyImages-157441338.jpg","width":1200,"height":652,"type":"image\/jpeg"}],"author":"dominkacichocka","twitter_card":"summary_large_image","twitter_misc":{"Napisane przez":"dominkacichocka","Szacowany czas czytania":"8 minut"},"schema":{"@context":"https:\/\/schema.org","@graph":[{"@type":"Article","@id":"https:\/\/www.polonia.travel\/it\/bit-2026-la-polonia-e-destination-partner\/#article","isPartOf":{"@id":"https:\/\/www.polonia.travel\/it\/bit-2026-la-polonia-e-destination-partner\/"},"author":{"name":"dominkacichocka","@id":"https:\/\/www.polonia.travel\/it\/#\/schema\/person\/f74307fcbf7175cab53701009659999c"},"headline":"BIT 2026: la Polonia \u00e8 Destination Partner","datePublished":"2026-01-23T14:47:53+00:00","dateModified":"2026-01-23T14:48:53+00:00","mainEntityOfPage":{"@id":"https:\/\/www.polonia.travel\/it\/bit-2026-la-polonia-e-destination-partner\/"},"wordCount":966,"commentCount":8,"publisher":{"@id":"https:\/\/www.polonia.travel\/it\/#organization"},"image":{"@id":"https:\/\/www.polonia.travel\/it\/bit-2026-la-polonia-e-destination-partner\/#primaryimage"},"thumbnailUrl":"https:\/\/www.polonia.travel\/it\/wp-content\/uploads\/sites\/20\/2025\/02\/Krakow_GettyImages-157441338.jpg","articleSection":["Ispirazioni di viaggio","Benvenuti in Polonia!"],"inLanguage":"pl-PL"},{"@type":"WebPage","@id":"https:\/\/www.polonia.travel\/it\/bit-2026-la-polonia-e-destination-partner\/","url":"https:\/\/www.polonia.travel\/it\/bit-2026-la-polonia-e-destination-partner\/","name":"BIT 2026: la Polonia \u00e8 Destination Partner - Polonia Travel (IT)","isPartOf":{"@id":"https:\/\/www.polonia.travel\/it\/#website"},"primaryImageOfPage":{"@id":"https:\/\/www.polonia.travel\/it\/bit-2026-la-polonia-e-destination-partner\/#primaryimage"},"image":{"@id":"https:\/\/www.polonia.travel\/it\/bit-2026-la-polonia-e-destination-partner\/#primaryimage"},"thumbnailUrl":"https:\/\/www.polonia.travel\/it\/wp-content\/uploads\/sites\/20\/2025\/02\/Krakow_GettyImages-157441338.jpg","datePublished":"2026-01-23T14:47:53+00:00","dateModified":"2026-01-23T14:48:53+00:00","breadcrumb":{"@id":"https:\/\/www.polonia.travel\/it\/bit-2026-la-polonia-e-destination-partner\/#breadcrumb"},"inLanguage":"pl-PL","potentialAction":[{"@type":"ReadAction","target":["https:\/\/www.polonia.travel\/it\/bit-2026-la-polonia-e-destination-partner\/"]}]},{"@type":"ImageObject","inLanguage":"pl-PL","@id":"https:\/\/www.polonia.travel\/it\/bit-2026-la-polonia-e-destination-partner\/#primaryimage","url":"https:\/\/www.polonia.travel\/it\/wp-content\/uploads\/sites\/20\/2025\/02\/Krakow_GettyImages-157441338.jpg","contentUrl":"https:\/\/www.polonia.travel\/it\/wp-content\/uploads\/sites\/20\/2025\/02\/Krakow_GettyImages-157441338.jpg","width":4820,"height":2620,"caption":"Daytime panorama of Krakow, Poland, featuring Wawel Castle. The Vistula River flows along the left side of the image, and the castle is visible on the right, near the horizon. There is a blue sky with sparse, wispy clouds above the horizon and a manicured lawn intersected by walking paths in the foreground."},{"@type":"BreadcrumbList","@id":"https:\/\/www.polonia.travel\/it\/bit-2026-la-polonia-e-destination-partner\/#breadcrumb","itemListElement":[{"@type":"ListItem","position":1,"name":"Home page","item":"https:\/\/www.polonia.travel\/it\/"},{"@type":"ListItem","position":2,"name":"Ispirazioni di viaggio","item":"https:\/\/www.polonia.travel\/it\/category\/ispirazioni-di-viaggio\/"},{"@type":"ListItem","position":3,"name":"Benvenuti in Polonia!","item":"https:\/\/www.polonia.travel\/it\/category\/ispirazioni-di-viaggio\/benvenuti-in-polonia\/"},{"@type":"ListItem","position":4,"name":"BIT 2026: la Polonia \u00e8 Destination Partner"}]},{"@type":"WebSite","@id":"https:\/\/www.polonia.travel\/it\/#website","url":"https:\/\/www.polonia.travel\/it\/","name":"Polonia Travel (IT)","description":"...","publisher":{"@id":"https:\/\/www.polonia.travel\/it\/#organization"},"potentialAction":[{"@type":"SearchAction","target":{"@type":"EntryPoint","urlTemplate":"https:\/\/www.polonia.travel\/it\/?s={search_term_string}"},"query-input":{"@type":"PropertyValueSpecification","valueRequired":true,"valueName":"search_term_string"}}],"inLanguage":"pl-PL"},{"@type":"Organization","@id":"https:\/\/www.polonia.travel\/it\/#organization","name":"Polonia Travel (IT)","url":"https:\/\/www.polonia.travel\/it\/","logo":{"@type":"ImageObject","inLanguage":"pl-PL","@id":"https:\/\/www.polonia.travel\/it\/#\/schema\/logo\/image\/","url":"","contentUrl":"","caption":"Polonia Travel (IT)"},"image":{"@id":"https:\/\/www.polonia.travel\/it\/#\/schema\/logo\/image\/"}},{"@type":"Person","@id":"https:\/\/www.polonia.travel\/it\/#\/schema\/person\/f74307fcbf7175cab53701009659999c","name":"dominkacichocka","image":{"@type":"ImageObject","inLanguage":"pl-PL","@id":"https:\/\/secure.gravatar.com\/avatar\/fb7bfcc192fd09a917da7cef34ead0827f5216f24ca2cebcee100801250a2fda?s=96&d=mm&r=g","url":"https:\/\/secure.gravatar.com\/avatar\/fb7bfcc192fd09a917da7cef34ead0827f5216f24ca2cebcee100801250a2fda?s=96&d=mm&r=g","contentUrl":"https:\/\/secure.gravatar.com\/avatar\/fb7bfcc192fd09a917da7cef34ead0827f5216f24ca2cebcee100801250a2fda?s=96&d=mm&r=g","caption":"dominkacichocka"}}]}},"_links":{"self":[{"href":"https:\/\/www.polonia.travel\/it\/wp-json\/wp\/v2\/posts\/42348","targetHints":{"allow":["GET"]}}],"collection":[{"href":"https:\/\/www.polonia.travel\/it\/wp-json\/wp\/v2\/posts"}],"about":[{"href":"https:\/\/www.polonia.travel\/it\/wp-json\/wp\/v2\/types\/post"}],"author":[{"embeddable":true,"href":"https:\/\/www.polonia.travel\/it\/wp-json\/wp\/v2\/users\/39"}],"replies":[{"embeddable":true,"href":"https:\/\/www.polonia.travel\/it\/wp-json\/wp\/v2\/comments?post=42348"}],"version-history":[{"count":10,"href":"https:\/\/www.polonia.travel\/it\/wp-json\/wp\/v2\/posts\/42348\/revisions"}],"predecessor-version":[{"id":42422,"href":"https:\/\/www.polonia.travel\/it\/wp-json\/wp\/v2\/posts\/42348\/revisions\/42422"}],"wp:featuredmedia":[{"embeddable":true,"href":"https:\/\/www.polonia.travel\/it\/wp-json\/wp\/v2\/media\/40584"}],"wp:attachment":[{"href":"https:\/\/www.polonia.travel\/it\/wp-json\/wp\/v2\/media?parent=42348"}],"wp:term":[{"taxonomy":"category","embeddable":true,"href":"https:\/\/www.polonia.travel\/it\/wp-json\/wp\/v2\/categories?post=42348"}],"curies":[{"name":"wp","href":"https:\/\/api.w.org\/{rel}","templated":true}]}}