{"id":41673,"date":"2025-05-23T13:38:41","date_gmt":"2025-05-23T11:38:41","guid":{"rendered":"https:\/\/www.polonia.travel\/it\/?p=41673"},"modified":"2025-05-23T14:27:17","modified_gmt":"2025-05-23T12:27:17","slug":"fuoco-aria-terra-e-acqua-in-una-citta-da-scoprire-lublino","status":"publish","type":"post","link":"https:\/\/www.polonia.travel\/it\/fuoco-aria-terra-e-acqua-in-una-citta-da-scoprire-lublino\/","title":{"rendered":"Fuoco, aria, terra e acqua in una citt\u00e0 da scoprire: Lublino"},"content":{"rendered":"\n<div class=\"wp-block-group is-style-container-medium\"><div class=\"wp-block-group__inner-container is-layout-constrained wp-block-group-is-layout-constrained\">\n<h2 class=\"wp-block-heading\">Fuoco, aria, terra e acqua in una citt\u00e0 da scoprire: Lublino<\/h2>\n\n\n\n<div style=\"height:100px\" aria-hidden=\"true\" class=\"wp-block-spacer is-style-spacer-small\"><\/div>\n\n\n\n<p>Benvenuti a Lublino! Questa affascinante citt\u00e0 della Polonia orientale, capoluogo della regione omonima, si trova a sole due ore di viaggio dalla capitale, Varsavia. Lublino vi sorprender\u00e0 con i suoi colori, con la sua atmosfera vivace e nel contempo rilassata: la meta ideale per un <strong>viaggio slow<\/strong>.<\/p>\n\n\n\n<p>Qui ogni elemento trova la sua casa, in una sinfonia dove aria, acqua, terra e fuoco si incontrano nella ricca offerta turistica e nella variet\u00e0 di attrazioni della citt\u00e0, dove ognuno, tra architettura, parchi e giardini, eventi, tradizioni, mostre e musei, trover\u00e0 qualcosa di suo interesse! Il pittoresco centro storico, in stile rinascimentale, \u00e8 un gioiello che cattura lo sguardo con le sue facciate tinta pastello, mentre passeggiando tra le vie principali, o ammirando il suo iconico castello, si respira la storia. L\u2019atmosfera suggestiva dei vicoli caratteristici e delle viuzze secondarie vi conquister\u00e0, cos\u00ec come gli spazi immersi nel verde, dove sostare per una piacevole pausa relax, mentre le prelibatezze gastronomiche locali, come il cebularz, allieteranno il palato tra localini, street food, ristoranti e caff\u00e8.&nbsp;<\/p>\n\n\n\n<p>Vi aspettiamo a Lublino, dove l\u2019aria si fa pura ammirando vedute indimenticabili dall\u2019alto, dove l\u2019acqua scorre discreta lungo i fiumi, offrendo panorami incantevoli, dove la terra indica la strada da seguire e dove il fuoco \u00e8 quello della cultura, che anima il capoluogo tra festival e manifestazioni.&nbsp;<\/p>\n\n\n\n<p><strong>Castello di Lublino <\/strong><\/p>\n\n\n\n<p>Il Castello di Lublino \u00e8 senza dubbio uno dei simboli pi\u00f9 affascinanti della citt\u00e0: una&nbsp; tappa immancabile per gli amanti della cultura.<\/p>\n\n\n\n<p>Adagiato su una collina che domina il centro storico, questa gemma architettonica racchiude secoli di storia. Oggi sede del Museo Nazionale, il Castello custodisce preziose collezioni d\u2019arte, reperti archeologici e capolavori conosciuti in tutto il mondo, come i dipinti dell\u2019artista<strong> Tamara de Lempicka<\/strong>. Al suo interno si cela un vero tesoro, la Cappella della Santissima Trinit\u00e0, considerata uno dei pi\u00f9 importanti monumenti dell\u2019arte medievale europea, decorata da magnifici affreschi.<\/p>\n\n\n\n<p>Nel cortile, immersa nel verde, sorge la torre del XIII secolo che sembra quasi invitare i visitatori a salire: dalla sua sommit\u00e0 si apre un panorama ineguagliabile sulla Citt\u00e0 Vecchia, raggiungibile attraverso le Porte storiche,&nbsp;Brama Krakowska e Brama Grodzka.<\/p>\n\n\n\n<p>Qui ogni elemento trova la sua espressione: l\u2019acqua, che la mattina ricopre le aree verdi del paesaggio come una rugiada leggera, il fuoco dell\u2019arte, che illumina le sale e accende le emozioni. L\u2019aria nel vento, che soffia piacevolmente dalla cima della torre e sembra raccontare storie di un passato lontano. La terra invece, la si avverte sotto i passi lenti di chi esplora: solida, generosa, custode di antichi segreti.<\/p>\n\n\n\n<p><strong>&nbsp;Capitale Europea della Cultura 2029<\/strong><\/p>\n\n\n\n<p>Lublino \u00e8 una citt\u00e0 aperta e accogliente, perfetta da visitare in ogni stagione. Ma in estate questa meta, brilla di una luce unica, tra festival, manifestazioni ed eventi imperdibili. <\/p>\n\n\n\n<p>Eletta Capitale Europea della Cultura 2029, Lublino \u00e8 una <strong>meta culturale e artistica<\/strong> in continuo fermento: qui ogni elemento sapr\u00e0 conquistarvi. Oltre alla Notte della Cultura, che ogni anno a inizio giugno anima le vie e le piazze con installazioni, concerti e performance artistiche, ecco alcuni eventi che rendono la citt\u00e0 un palcoscenico a cielo aperto:&nbsp;<\/p>\n\n\n\n<p>\ud83c\udfb6 Inne brzmienia: un festival musicale che dal 3 al 6 luglio 2025 porta a Lublino sonorit\u00e0 da tutto il mondo, con concerti, workshop e incontri con gli artisti.<\/p>\n\n\n\n<p>\ud83c\udfaaCarnevale dei Giocolieri: dal 24 al 27 luglio, acrobati, giocolieri e artisti performativi trasformano la citt\u00e0 in un luogo incantato.<\/p>\n\n\n\n<p>Infine\ud83c\udf3e Re:tradition, dal 22 al 24 agosto: un evento che unisce folklore e contemporaneit\u00e0, tra concerti, laboratori e mercatini dal sapore autentico. <\/p>\n\n\n\n<p>Anche questa \u00e8 Lublino: poliedrica, magica, emozionante. Un equilibrista che cammina \u201cper aria\u201d, un giocoliere che doma il fuoco, le cui scintille illuminano la folla\u2026 che poi esplode in un applauso fragoroso. La terra degli spazi urbani, che si fa teatro per accogliere l\u2019arte la condivisione, che come l\u2019acqua, disseta chi nel viaggio cerca la vera meraviglia.&nbsp;<\/p>\n\n\n\n<p><\/p>\n<\/div><\/div>\n\n\n\n<div class=\"wp-block-group is-style-container-medium\"><div class=\"wp-block-group__inner-container is-layout-constrained wp-block-group-is-layout-constrained\">  <div class=\"gallery-tiles gallery-tiles--rows-4-2 lightgallery\">\r\n          <a href=\"https:\/\/www.polonia.travel\/it\/wp-content\/uploads\/sites\/20\/2024\/05\/LUBLINO-2.jpg\" class=\"gallery-tiles__item\" data-src=\"https:\/\/www.polonia.travel\/it\/wp-content\/uploads\/sites\/20\/2024\/05\/LUBLINO-2.jpg\"\r\n        aria-label=\"Otw\u00f3rz powi\u0119kszone zdj\u0119cie: Panorama of old town in City of Lublin, Poland\">\r\n        <img loading=\"lazy\" decoding=\"async\" width=\"800\" height=\"533\" src=\"https:\/\/www.polonia.travel\/it\/wp-content\/uploads\/sites\/20\/2024\/05\/LUBLINO-2.jpg\" class=\"gallery-tiles__thumb\" alt=\"\" srcset=\"https:\/\/www.polonia.travel\/it\/wp-content\/uploads\/sites\/20\/2024\/05\/LUBLINO-2.jpg 800w, https:\/\/www.polonia.travel\/it\/wp-content\/uploads\/sites\/20\/2024\/05\/LUBLINO-2-600x400.jpg 600w, https:\/\/www.polonia.travel\/it\/wp-content\/uploads\/sites\/20\/2024\/05\/LUBLINO-2-768x512.jpg 768w\" sizes=\"auto, (max-width: 800px) 100vw, 800px\" \/>      <\/a>\r\n          <a href=\"https:\/\/www.polonia.travel\/it\/wp-content\/uploads\/sites\/20\/2025\/05\/Post-3-Carnaval-Sztukmistrzow-fot.-Katarzyna-Anna-Kubiak-1.jpg\" class=\"gallery-tiles__item\" data-src=\"https:\/\/www.polonia.travel\/it\/wp-content\/uploads\/sites\/20\/2025\/05\/Post-3-Carnaval-Sztukmistrzow-fot.-Katarzyna-Anna-Kubiak-1.jpg\"\r\n        aria-label=\"Otw\u00f3rz powi\u0119kszone zdj\u0119cie: Post 3 Carnaval Sztukmistrz\u00f3w fot. Katarzyna Anna Kubiak (1)\">\r\n        <img loading=\"lazy\" decoding=\"async\" width=\"1200\" height=\"801\" src=\"https:\/\/www.polonia.travel\/it\/wp-content\/uploads\/sites\/20\/2025\/05\/Post-3-Carnaval-Sztukmistrzow-fot.-Katarzyna-Anna-Kubiak-1-1200x801.jpg\" class=\"gallery-tiles__thumb\" alt=\"\" srcset=\"https:\/\/www.polonia.travel\/it\/wp-content\/uploads\/sites\/20\/2025\/05\/Post-3-Carnaval-Sztukmistrzow-fot.-Katarzyna-Anna-Kubiak-1-1200x801.jpg 1200w, https:\/\/www.polonia.travel\/it\/wp-content\/uploads\/sites\/20\/2025\/05\/Post-3-Carnaval-Sztukmistrzow-fot.-Katarzyna-Anna-Kubiak-1-600x401.jpg 600w, https:\/\/www.polonia.travel\/it\/wp-content\/uploads\/sites\/20\/2025\/05\/Post-3-Carnaval-Sztukmistrzow-fot.-Katarzyna-Anna-Kubiak-1-768x513.jpg 768w, https:\/\/www.polonia.travel\/it\/wp-content\/uploads\/sites\/20\/2025\/05\/Post-3-Carnaval-Sztukmistrzow-fot.-Katarzyna-Anna-Kubiak-1-1536x1025.jpg 1536w, https:\/\/www.polonia.travel\/it\/wp-content\/uploads\/sites\/20\/2025\/05\/Post-3-Carnaval-Sztukmistrzow-fot.-Katarzyna-Anna-Kubiak-1-1920x1282.jpg 1920w, https:\/\/www.polonia.travel\/it\/wp-content\/uploads\/sites\/20\/2025\/05\/Post-3-Carnaval-Sztukmistrzow-fot.-Katarzyna-Anna-Kubiak-1.jpg 2000w\" sizes=\"auto, (max-width: 1200px) 100vw, 1200px\" \/>      <\/a>\r\n          <a href=\"https:\/\/www.polonia.travel\/it\/wp-content\/uploads\/sites\/20\/2025\/05\/Zdjecie-nr-2-kopia.jpg\" class=\"gallery-tiles__item\" data-src=\"https:\/\/www.polonia.travel\/it\/wp-content\/uploads\/sites\/20\/2025\/05\/Zdjecie-nr-2-kopia.jpg\"\r\n        aria-label=\"Otw\u00f3rz powi\u0119kszone zdj\u0119cie: Fotografia architetkury, zdjecia z drona, zdjecia Lublina\">\r\n        <img loading=\"lazy\" decoding=\"async\" width=\"1200\" height=\"800\" src=\"https:\/\/www.polonia.travel\/it\/wp-content\/uploads\/sites\/20\/2025\/05\/Zdjecie-nr-2-kopia-1200x800.jpg\" class=\"gallery-tiles__thumb\" alt=\"\" srcset=\"https:\/\/www.polonia.travel\/it\/wp-content\/uploads\/sites\/20\/2025\/05\/Zdjecie-nr-2-kopia-1200x800.jpg 1200w, https:\/\/www.polonia.travel\/it\/wp-content\/uploads\/sites\/20\/2025\/05\/Zdjecie-nr-2-kopia-600x400.jpg 600w, https:\/\/www.polonia.travel\/it\/wp-content\/uploads\/sites\/20\/2025\/05\/Zdjecie-nr-2-kopia-768x512.jpg 768w, https:\/\/www.polonia.travel\/it\/wp-content\/uploads\/sites\/20\/2025\/05\/Zdjecie-nr-2-kopia-1536x1025.jpg 1536w, https:\/\/www.polonia.travel\/it\/wp-content\/uploads\/sites\/20\/2025\/05\/Zdjecie-nr-2-kopia-1920x1281.jpg 1920w, https:\/\/www.polonia.travel\/it\/wp-content\/uploads\/sites\/20\/2025\/05\/Zdjecie-nr-2-kopia.jpg 2000w\" sizes=\"auto, (max-width: 1200px) 100vw, 1200px\" \/>      <\/a>\r\n          <a href=\"https:\/\/www.polonia.travel\/it\/wp-content\/uploads\/sites\/20\/2025\/05\/AdobeStock_525686919_Lublin-scaled.jpeg\" class=\"gallery-tiles__item\" data-src=\"https:\/\/www.polonia.travel\/it\/wp-content\/uploads\/sites\/20\/2025\/05\/AdobeStock_525686919_Lublin-scaled.jpeg\"\r\n        aria-label=\"Otw\u00f3rz powi\u0119kszone zdj\u0119cie: Lublin, Lubelskie Voivodeship \/ Poland &#8211; July 10 2022: Lublin, Lubelskie Voivodeship \/ Poland &#8211; July 10 2022: view from the town gate to the Lublin castle.\">\r\n        <img loading=\"lazy\" decoding=\"async\" width=\"1200\" height=\"800\" src=\"https:\/\/www.polonia.travel\/it\/wp-content\/uploads\/sites\/20\/2025\/05\/AdobeStock_525686919_Lublin-1200x800.jpeg\" class=\"gallery-tiles__thumb\" alt=\"\" srcset=\"https:\/\/www.polonia.travel\/it\/wp-content\/uploads\/sites\/20\/2025\/05\/AdobeStock_525686919_Lublin-1200x800.jpeg 1200w, https:\/\/www.polonia.travel\/it\/wp-content\/uploads\/sites\/20\/2025\/05\/AdobeStock_525686919_Lublin-600x400.jpeg 600w, https:\/\/www.polonia.travel\/it\/wp-content\/uploads\/sites\/20\/2025\/05\/AdobeStock_525686919_Lublin-768x512.jpeg 768w, https:\/\/www.polonia.travel\/it\/wp-content\/uploads\/sites\/20\/2025\/05\/AdobeStock_525686919_Lublin-1536x1024.jpeg 1536w, https:\/\/www.polonia.travel\/it\/wp-content\/uploads\/sites\/20\/2025\/05\/AdobeStock_525686919_Lublin-2048x1365.jpeg 2048w, https:\/\/www.polonia.travel\/it\/wp-content\/uploads\/sites\/20\/2025\/05\/AdobeStock_525686919_Lublin-1920x1280.jpeg 1920w\" sizes=\"auto, (max-width: 1200px) 100vw, 1200px\" \/>      <\/a>\r\n          <a href=\"https:\/\/www.polonia.travel\/it\/wp-content\/uploads\/sites\/20\/2025\/05\/Zdjecie-nr-1-kopia.jpg\" class=\"gallery-tiles__item\" data-src=\"https:\/\/www.polonia.travel\/it\/wp-content\/uploads\/sites\/20\/2025\/05\/Zdjecie-nr-1-kopia.jpg\"\r\n        aria-label=\"Otw\u00f3rz powi\u0119kszone zdj\u0119cie: Fotografia Lublina\">\r\n        <img loading=\"lazy\" decoding=\"async\" width=\"1200\" height=\"800\" src=\"https:\/\/www.polonia.travel\/it\/wp-content\/uploads\/sites\/20\/2025\/05\/Zdjecie-nr-1-kopia-1200x800.jpg\" class=\"gallery-tiles__thumb\" alt=\"\" srcset=\"https:\/\/www.polonia.travel\/it\/wp-content\/uploads\/sites\/20\/2025\/05\/Zdjecie-nr-1-kopia-1200x800.jpg 1200w, https:\/\/www.polonia.travel\/it\/wp-content\/uploads\/sites\/20\/2025\/05\/Zdjecie-nr-1-kopia-600x400.jpg 600w, https:\/\/www.polonia.travel\/it\/wp-content\/uploads\/sites\/20\/2025\/05\/Zdjecie-nr-1-kopia-768x512.jpg 768w, https:\/\/www.polonia.travel\/it\/wp-content\/uploads\/sites\/20\/2025\/05\/Zdjecie-nr-1-kopia-1536x1025.jpg 1536w, https:\/\/www.polonia.travel\/it\/wp-content\/uploads\/sites\/20\/2025\/05\/Zdjecie-nr-1-kopia-1920x1281.jpg 1920w, https:\/\/www.polonia.travel\/it\/wp-content\/uploads\/sites\/20\/2025\/05\/Zdjecie-nr-1-kopia.jpg 2000w\" sizes=\"auto, (max-width: 1200px) 100vw, 1200px\" \/>      <\/a>\r\n      <\/div>\r\n\n\n\n<div style=\"height:100px\" aria-hidden=\"true\" class=\"wp-block-spacer is-style-spacer-small\"><\/div>\n<\/div><\/div>\n","protected":false},"excerpt":{"rendered":"<p>Fuoco, aria, terra e acqua in una citt\u00e0 da scoprire: Lublino Benvenuti a Lublino! Questa affascinante citt\u00e0 della Polonia orientale, capoluogo della regione omonima, si trova a sole due ore di viaggio dalla capitale, Varsavia. Lublino vi sorprender\u00e0 con i suoi colori, con la sua atmosfera vivace e nel contempo rilassata: la meta ideale per [&hellip;]<\/p>\n","protected":false},"author":39,"featured_media":41536,"comment_status":"open","ping_status":"open","sticky":false,"template":"","format":"standard","meta":{"_acf_changed":false,"footnotes":""},"categories":[1],"class_list":["post-41673","post","type-post","status-publish","format-standard","has-post-thumbnail","hentry","category-archiwum"],"acf":[],"yoast_head":"<!-- This site is optimized with the Yoast SEO plugin v27.4 - https:\/\/yoast.com\/product\/yoast-seo-wordpress\/ -->\n<title>Fuoco, aria, terra e acqua in una citt\u00e0 da scoprire: Lublino - Polonia Travel (IT)<\/title>\n<meta name=\"robots\" content=\"index, follow, max-snippet:-1, max-image-preview:large, max-video-preview:-1\" \/>\n<link rel=\"canonical\" href=\"https:\/\/www.polonia.travel\/it\/fuoco-aria-terra-e-acqua-in-una-citta-da-scoprire-lublino\/\" \/>\n<meta property=\"og:locale\" content=\"pl_PL\" \/>\n<meta property=\"og:type\" content=\"article\" \/>\n<meta property=\"og:title\" content=\"Fuoco, aria, terra e acqua in una citt\u00e0 da scoprire: Lublino - Polonia Travel (IT)\" \/>\n<meta property=\"og:description\" content=\"Fuoco, aria, terra e acqua in una citt\u00e0 da scoprire: Lublino Benvenuti a Lublino! Questa affascinante citt\u00e0 della Polonia orientale, capoluogo della regione omonima, si trova a sole due ore di viaggio dalla capitale, Varsavia. Lublino vi sorprender\u00e0 con i suoi colori, con la sua atmosfera vivace e nel contempo rilassata: la meta ideale per [&hellip;]\" \/>\n<meta property=\"og:url\" content=\"https:\/\/www.polonia.travel\/it\/fuoco-aria-terra-e-acqua-in-una-citta-da-scoprire-lublino\/\" \/>\n<meta property=\"og:site_name\" content=\"Polonia Travel (IT)\" \/>\n<meta property=\"article:published_time\" content=\"2025-05-23T11:38:41+00:00\" \/>\n<meta property=\"article:modified_time\" content=\"2025-05-23T12:27:17+00:00\" \/>\n<meta property=\"og:image\" content=\"https:\/\/www.polonia.travel\/it\/wp-content\/uploads\/sites\/20\/2025\/05\/Cope-Facebook_FINALE.jpg\" \/>\n\t<meta property=\"og:image:width\" content=\"2500\" \/>\n\t<meta property=\"og:image:height\" content=\"951\" \/>\n\t<meta property=\"og:image:type\" content=\"image\/jpeg\" \/>\n<meta name=\"author\" content=\"dominkacichocka\" \/>\n<meta name=\"twitter:card\" content=\"summary_large_image\" \/>\n<meta name=\"twitter:label1\" content=\"Napisane przez\" \/>\n\t<meta name=\"twitter:data1\" content=\"dominkacichocka\" \/>\n\t<meta name=\"twitter:label2\" content=\"Szacowany czas czytania\" \/>\n\t<meta name=\"twitter:data2\" content=\"5 minut\" \/>\n<script type=\"application\/ld+json\" class=\"yoast-schema-graph\">{\"@context\":\"https:\\\/\\\/schema.org\",\"@graph\":[{\"@type\":\"Article\",\"@id\":\"https:\\\/\\\/www.polonia.travel\\\/it\\\/fuoco-aria-terra-e-acqua-in-una-citta-da-scoprire-lublino\\\/#article\",\"isPartOf\":{\"@id\":\"https:\\\/\\\/www.polonia.travel\\\/it\\\/fuoco-aria-terra-e-acqua-in-una-citta-da-scoprire-lublino\\\/\"},\"author\":{\"name\":\"dominkacichocka\",\"@id\":\"https:\\\/\\\/www.polonia.travel\\\/it\\\/#\\\/schema\\\/person\\\/f74307fcbf7175cab53701009659999c\"},\"headline\":\"Fuoco, aria, terra e acqua in una citt\u00e0 da scoprire: Lublino\",\"datePublished\":\"2025-05-23T11:38:41+00:00\",\"dateModified\":\"2025-05-23T12:27:17+00:00\",\"mainEntityOfPage\":{\"@id\":\"https:\\\/\\\/www.polonia.travel\\\/it\\\/fuoco-aria-terra-e-acqua-in-una-citta-da-scoprire-lublino\\\/\"},\"wordCount\":666,\"commentCount\":8,\"publisher\":{\"@id\":\"https:\\\/\\\/www.polonia.travel\\\/it\\\/#organization\"},\"image\":{\"@id\":\"https:\\\/\\\/www.polonia.travel\\\/it\\\/fuoco-aria-terra-e-acqua-in-una-citta-da-scoprire-lublino\\\/#primaryimage\"},\"thumbnailUrl\":\"https:\\\/\\\/www.polonia.travel\\\/it\\\/wp-content\\\/uploads\\\/sites\\\/20\\\/2025\\\/05\\\/Cope-Facebook_FINALE.jpg\",\"keywords\":[\"elementi\"],\"articleSection\":[\"Archiwum\"],\"inLanguage\":\"pl-PL\"},{\"@type\":\"WebPage\",\"@id\":\"https:\\\/\\\/www.polonia.travel\\\/it\\\/fuoco-aria-terra-e-acqua-in-una-citta-da-scoprire-lublino\\\/\",\"url\":\"https:\\\/\\\/www.polonia.travel\\\/it\\\/fuoco-aria-terra-e-acqua-in-una-citta-da-scoprire-lublino\\\/\",\"name\":\"Fuoco, aria, terra e acqua in una citt\u00e0 da scoprire: Lublino - Polonia Travel (IT)\",\"isPartOf\":{\"@id\":\"https:\\\/\\\/www.polonia.travel\\\/it\\\/#website\"},\"primaryImageOfPage\":{\"@id\":\"https:\\\/\\\/www.polonia.travel\\\/it\\\/fuoco-aria-terra-e-acqua-in-una-citta-da-scoprire-lublino\\\/#primaryimage\"},\"image\":{\"@id\":\"https:\\\/\\\/www.polonia.travel\\\/it\\\/fuoco-aria-terra-e-acqua-in-una-citta-da-scoprire-lublino\\\/#primaryimage\"},\"thumbnailUrl\":\"https:\\\/\\\/www.polonia.travel\\\/it\\\/wp-content\\\/uploads\\\/sites\\\/20\\\/2025\\\/05\\\/Cope-Facebook_FINALE.jpg\",\"datePublished\":\"2025-05-23T11:38:41+00:00\",\"dateModified\":\"2025-05-23T12:27:17+00:00\",\"breadcrumb\":{\"@id\":\"https:\\\/\\\/www.polonia.travel\\\/it\\\/fuoco-aria-terra-e-acqua-in-una-citta-da-scoprire-lublino\\\/#breadcrumb\"},\"inLanguage\":\"pl-PL\",\"potentialAction\":[{\"@type\":\"ReadAction\",\"target\":[\"https:\\\/\\\/www.polonia.travel\\\/it\\\/fuoco-aria-terra-e-acqua-in-una-citta-da-scoprire-lublino\\\/\"]}]},{\"@type\":\"ImageObject\",\"inLanguage\":\"pl-PL\",\"@id\":\"https:\\\/\\\/www.polonia.travel\\\/it\\\/fuoco-aria-terra-e-acqua-in-una-citta-da-scoprire-lublino\\\/#primaryimage\",\"url\":\"https:\\\/\\\/www.polonia.travel\\\/it\\\/wp-content\\\/uploads\\\/sites\\\/20\\\/2025\\\/05\\\/Cope-Facebook_FINALE.jpg\",\"contentUrl\":\"https:\\\/\\\/www.polonia.travel\\\/it\\\/wp-content\\\/uploads\\\/sites\\\/20\\\/2025\\\/05\\\/Cope-Facebook_FINALE.jpg\",\"width\":2500,\"height\":951},{\"@type\":\"BreadcrumbList\",\"@id\":\"https:\\\/\\\/www.polonia.travel\\\/it\\\/fuoco-aria-terra-e-acqua-in-una-citta-da-scoprire-lublino\\\/#breadcrumb\",\"itemListElement\":[{\"@type\":\"ListItem\",\"position\":1,\"name\":\"Home page\",\"item\":\"https:\\\/\\\/www.polonia.travel\\\/it\\\/\"},{\"@type\":\"ListItem\",\"position\":2,\"name\":\"Archiwum\",\"item\":\"https:\\\/\\\/www.polonia.travel\\\/it\\\/category\\\/archiwum\\\/\"},{\"@type\":\"ListItem\",\"position\":3,\"name\":\"Fuoco, aria, terra e acqua in una citt\u00e0 da scoprire: Lublino\"}]},{\"@type\":\"WebSite\",\"@id\":\"https:\\\/\\\/www.polonia.travel\\\/it\\\/#website\",\"url\":\"https:\\\/\\\/www.polonia.travel\\\/it\\\/\",\"name\":\"Polonia Travel (IT)\",\"description\":\"...\",\"publisher\":{\"@id\":\"https:\\\/\\\/www.polonia.travel\\\/it\\\/#organization\"},\"potentialAction\":[{\"@type\":\"SearchAction\",\"target\":{\"@type\":\"EntryPoint\",\"urlTemplate\":\"https:\\\/\\\/www.polonia.travel\\\/it\\\/?s={search_term_string}\"},\"query-input\":{\"@type\":\"PropertyValueSpecification\",\"valueRequired\":true,\"valueName\":\"search_term_string\"}}],\"inLanguage\":\"pl-PL\"},{\"@type\":\"Organization\",\"@id\":\"https:\\\/\\\/www.polonia.travel\\\/it\\\/#organization\",\"name\":\"Polonia Travel (IT)\",\"url\":\"https:\\\/\\\/www.polonia.travel\\\/it\\\/\",\"logo\":{\"@type\":\"ImageObject\",\"inLanguage\":\"pl-PL\",\"@id\":\"https:\\\/\\\/www.polonia.travel\\\/it\\\/#\\\/schema\\\/logo\\\/image\\\/\",\"url\":\"\",\"contentUrl\":\"\",\"caption\":\"Polonia Travel (IT)\"},\"image\":{\"@id\":\"https:\\\/\\\/www.polonia.travel\\\/it\\\/#\\\/schema\\\/logo\\\/image\\\/\"}},{\"@type\":\"Person\",\"@id\":\"https:\\\/\\\/www.polonia.travel\\\/it\\\/#\\\/schema\\\/person\\\/f74307fcbf7175cab53701009659999c\",\"name\":\"dominkacichocka\",\"image\":{\"@type\":\"ImageObject\",\"inLanguage\":\"pl-PL\",\"@id\":\"https:\\\/\\\/secure.gravatar.com\\\/avatar\\\/fb7bfcc192fd09a917da7cef34ead0827f5216f24ca2cebcee100801250a2fda?s=96&d=mm&r=g\",\"url\":\"https:\\\/\\\/secure.gravatar.com\\\/avatar\\\/fb7bfcc192fd09a917da7cef34ead0827f5216f24ca2cebcee100801250a2fda?s=96&d=mm&r=g\",\"contentUrl\":\"https:\\\/\\\/secure.gravatar.com\\\/avatar\\\/fb7bfcc192fd09a917da7cef34ead0827f5216f24ca2cebcee100801250a2fda?s=96&d=mm&r=g\",\"caption\":\"dominkacichocka\"}}]}<\/script>\n<!-- \/ Yoast SEO plugin. -->","yoast_head_json":{"title":"Fuoco, aria, terra e acqua in una citt\u00e0 da scoprire: Lublino - Polonia Travel (IT)","robots":{"index":"index","follow":"follow","max-snippet":"max-snippet:-1","max-image-preview":"max-image-preview:large","max-video-preview":"max-video-preview:-1"},"canonical":"https:\/\/www.polonia.travel\/it\/fuoco-aria-terra-e-acqua-in-una-citta-da-scoprire-lublino\/","og_locale":"pl_PL","og_type":"article","og_title":"Fuoco, aria, terra e acqua in una citt\u00e0 da scoprire: Lublino - Polonia Travel (IT)","og_description":"Fuoco, aria, terra e acqua in una citt\u00e0 da scoprire: Lublino Benvenuti a Lublino! Questa affascinante citt\u00e0 della Polonia orientale, capoluogo della regione omonima, si trova a sole due ore di viaggio dalla capitale, Varsavia. Lublino vi sorprender\u00e0 con i suoi colori, con la sua atmosfera vivace e nel contempo rilassata: la meta ideale per [&hellip;]","og_url":"https:\/\/www.polonia.travel\/it\/fuoco-aria-terra-e-acqua-in-una-citta-da-scoprire-lublino\/","og_site_name":"Polonia Travel (IT)","article_published_time":"2025-05-23T11:38:41+00:00","article_modified_time":"2025-05-23T12:27:17+00:00","og_image":[{"width":2500,"height":951,"url":"https:\/\/www.polonia.travel\/it\/wp-content\/uploads\/sites\/20\/2025\/05\/Cope-Facebook_FINALE.jpg","type":"image\/jpeg"}],"author":"dominkacichocka","twitter_card":"summary_large_image","twitter_misc":{"Napisane przez":"dominkacichocka","Szacowany czas czytania":"5 minut"},"schema":{"@context":"https:\/\/schema.org","@graph":[{"@type":"Article","@id":"https:\/\/www.polonia.travel\/it\/fuoco-aria-terra-e-acqua-in-una-citta-da-scoprire-lublino\/#article","isPartOf":{"@id":"https:\/\/www.polonia.travel\/it\/fuoco-aria-terra-e-acqua-in-una-citta-da-scoprire-lublino\/"},"author":{"name":"dominkacichocka","@id":"https:\/\/www.polonia.travel\/it\/#\/schema\/person\/f74307fcbf7175cab53701009659999c"},"headline":"Fuoco, aria, terra e acqua in una citt\u00e0 da scoprire: Lublino","datePublished":"2025-05-23T11:38:41+00:00","dateModified":"2025-05-23T12:27:17+00:00","mainEntityOfPage":{"@id":"https:\/\/www.polonia.travel\/it\/fuoco-aria-terra-e-acqua-in-una-citta-da-scoprire-lublino\/"},"wordCount":666,"commentCount":8,"publisher":{"@id":"https:\/\/www.polonia.travel\/it\/#organization"},"image":{"@id":"https:\/\/www.polonia.travel\/it\/fuoco-aria-terra-e-acqua-in-una-citta-da-scoprire-lublino\/#primaryimage"},"thumbnailUrl":"https:\/\/www.polonia.travel\/it\/wp-content\/uploads\/sites\/20\/2025\/05\/Cope-Facebook_FINALE.jpg","keywords":["elementi"],"articleSection":["Archiwum"],"inLanguage":"pl-PL"},{"@type":"WebPage","@id":"https:\/\/www.polonia.travel\/it\/fuoco-aria-terra-e-acqua-in-una-citta-da-scoprire-lublino\/","url":"https:\/\/www.polonia.travel\/it\/fuoco-aria-terra-e-acqua-in-una-citta-da-scoprire-lublino\/","name":"Fuoco, aria, terra e acqua in una citt\u00e0 da scoprire: Lublino - Polonia Travel (IT)","isPartOf":{"@id":"https:\/\/www.polonia.travel\/it\/#website"},"primaryImageOfPage":{"@id":"https:\/\/www.polonia.travel\/it\/fuoco-aria-terra-e-acqua-in-una-citta-da-scoprire-lublino\/#primaryimage"},"image":{"@id":"https:\/\/www.polonia.travel\/it\/fuoco-aria-terra-e-acqua-in-una-citta-da-scoprire-lublino\/#primaryimage"},"thumbnailUrl":"https:\/\/www.polonia.travel\/it\/wp-content\/uploads\/sites\/20\/2025\/05\/Cope-Facebook_FINALE.jpg","datePublished":"2025-05-23T11:38:41+00:00","dateModified":"2025-05-23T12:27:17+00:00","breadcrumb":{"@id":"https:\/\/www.polonia.travel\/it\/fuoco-aria-terra-e-acqua-in-una-citta-da-scoprire-lublino\/#breadcrumb"},"inLanguage":"pl-PL","potentialAction":[{"@type":"ReadAction","target":["https:\/\/www.polonia.travel\/it\/fuoco-aria-terra-e-acqua-in-una-citta-da-scoprire-lublino\/"]}]},{"@type":"ImageObject","inLanguage":"pl-PL","@id":"https:\/\/www.polonia.travel\/it\/fuoco-aria-terra-e-acqua-in-una-citta-da-scoprire-lublino\/#primaryimage","url":"https:\/\/www.polonia.travel\/it\/wp-content\/uploads\/sites\/20\/2025\/05\/Cope-Facebook_FINALE.jpg","contentUrl":"https:\/\/www.polonia.travel\/it\/wp-content\/uploads\/sites\/20\/2025\/05\/Cope-Facebook_FINALE.jpg","width":2500,"height":951},{"@type":"BreadcrumbList","@id":"https:\/\/www.polonia.travel\/it\/fuoco-aria-terra-e-acqua-in-una-citta-da-scoprire-lublino\/#breadcrumb","itemListElement":[{"@type":"ListItem","position":1,"name":"Home page","item":"https:\/\/www.polonia.travel\/it\/"},{"@type":"ListItem","position":2,"name":"Archiwum","item":"https:\/\/www.polonia.travel\/it\/category\/archiwum\/"},{"@type":"ListItem","position":3,"name":"Fuoco, aria, terra e acqua in una citt\u00e0 da scoprire: Lublino"}]},{"@type":"WebSite","@id":"https:\/\/www.polonia.travel\/it\/#website","url":"https:\/\/www.polonia.travel\/it\/","name":"Polonia Travel (IT)","description":"...","publisher":{"@id":"https:\/\/www.polonia.travel\/it\/#organization"},"potentialAction":[{"@type":"SearchAction","target":{"@type":"EntryPoint","urlTemplate":"https:\/\/www.polonia.travel\/it\/?s={search_term_string}"},"query-input":{"@type":"PropertyValueSpecification","valueRequired":true,"valueName":"search_term_string"}}],"inLanguage":"pl-PL"},{"@type":"Organization","@id":"https:\/\/www.polonia.travel\/it\/#organization","name":"Polonia Travel (IT)","url":"https:\/\/www.polonia.travel\/it\/","logo":{"@type":"ImageObject","inLanguage":"pl-PL","@id":"https:\/\/www.polonia.travel\/it\/#\/schema\/logo\/image\/","url":"","contentUrl":"","caption":"Polonia Travel (IT)"},"image":{"@id":"https:\/\/www.polonia.travel\/it\/#\/schema\/logo\/image\/"}},{"@type":"Person","@id":"https:\/\/www.polonia.travel\/it\/#\/schema\/person\/f74307fcbf7175cab53701009659999c","name":"dominkacichocka","image":{"@type":"ImageObject","inLanguage":"pl-PL","@id":"https:\/\/secure.gravatar.com\/avatar\/fb7bfcc192fd09a917da7cef34ead0827f5216f24ca2cebcee100801250a2fda?s=96&d=mm&r=g","url":"https:\/\/secure.gravatar.com\/avatar\/fb7bfcc192fd09a917da7cef34ead0827f5216f24ca2cebcee100801250a2fda?s=96&d=mm&r=g","contentUrl":"https:\/\/secure.gravatar.com\/avatar\/fb7bfcc192fd09a917da7cef34ead0827f5216f24ca2cebcee100801250a2fda?s=96&d=mm&r=g","caption":"dominkacichocka"}}]}},"_links":{"self":[{"href":"https:\/\/www.polonia.travel\/it\/wp-json\/wp\/v2\/posts\/41673","targetHints":{"allow":["GET"]}}],"collection":[{"href":"https:\/\/www.polonia.travel\/it\/wp-json\/wp\/v2\/posts"}],"about":[{"href":"https:\/\/www.polonia.travel\/it\/wp-json\/wp\/v2\/types\/post"}],"author":[{"embeddable":true,"href":"https:\/\/www.polonia.travel\/it\/wp-json\/wp\/v2\/users\/39"}],"replies":[{"embeddable":true,"href":"https:\/\/www.polonia.travel\/it\/wp-json\/wp\/v2\/comments?post=41673"}],"version-history":[{"count":7,"href":"https:\/\/www.polonia.travel\/it\/wp-json\/wp\/v2\/posts\/41673\/revisions"}],"predecessor-version":[{"id":41687,"href":"https:\/\/www.polonia.travel\/it\/wp-json\/wp\/v2\/posts\/41673\/revisions\/41687"}],"wp:featuredmedia":[{"embeddable":true,"href":"https:\/\/www.polonia.travel\/it\/wp-json\/wp\/v2\/media\/41536"}],"wp:attachment":[{"href":"https:\/\/www.polonia.travel\/it\/wp-json\/wp\/v2\/media?parent=41673"}],"wp:term":[{"taxonomy":"category","embeddable":true,"href":"https:\/\/www.polonia.travel\/it\/wp-json\/wp\/v2\/categories?post=41673"}],"curies":[{"name":"wp","href":"https:\/\/api.w.org\/{rel}","templated":true}]}}