{"id":41644,"date":"2025-05-21T16:37:54","date_gmt":"2025-05-21T14:37:54","guid":{"rendered":"https:\/\/www.polonia.travel\/it\/?p=41644"},"modified":"2025-08-12T13:57:12","modified_gmt":"2025-08-12T11:57:12","slug":"fuoco","status":"publish","type":"post","link":"https:\/\/www.polonia.travel\/it\/fuoco\/","title":{"rendered":"FUOCO"},"content":{"rendered":"\n<div class=\"wp-block-group is-style-container-medium\"><div class=\"wp-block-group__inner-container is-layout-constrained wp-block-group-is-layout-constrained\">\n<h2 class=\"wp-block-heading\">FUOCO<\/h2>\n\n\n\n<div style=\"height:100px\" aria-hidden=\"true\" class=\"wp-block-spacer is-style-spacer-small\"><\/div>\n\n\n\n<p>Il cuore arde e gli occhi si riempiono di meraviglia davanti ai colori, ai paesaggi e ai tramonti infuocati della <strong>Regione di Lublino<\/strong>. Albe accese che illuminano le suggestive <strong>Terre delle gole del Loess<\/strong>, tra bellezze naturali e fitti sentieri escursionistici, attivit\u00e0 acquatiche, come il kayak lungo i corsi dei fiumi, e turismo attivo, anche family friendly, tra cavalcate in libert\u00e0, parchi paesaggistici sognati e giardini incantevoli.&nbsp;<\/p>\n\n\n\n<p>Il calore e il benessere delle coccole termali di queste zone della <strong>Polonia<\/strong> vi faranno sentire rigenerati. La quiete, il silenzio interrotto solo dal sottofondo della natura che suona per voi e i trattamenti benessere circondati da panorami d\u2019eccezione, scalderanno i vostri sensi.&nbsp;Godetevi poi l\u2019atmosfera piacevole dei piccoli borghi, come la cittadina di <strong>Kazimierz Dolny<\/strong>, un pittoresco villaggio che sorge su una collina calcarea, che alla luce del sole, brilla illuminando l\u2019intera vallata.&nbsp;Riscoprite la passione per l\u2019architettura nella deliziosa citt\u00e0 di <strong>Zamosc<\/strong>, Patrimonio <strong>Unesco<\/strong>: tra edifici color pastello e aiuole fiorite, potrete camminare dentro ad un vero e proprio modello di citt\u00e0 ideale, realizzata secondo i canoni del Rinascimento\u2026 un sogno ad occhi aperti. <\/p>\n\n\n\n<p>E ancora, esplorate il ricco patrimonio naturale del <strong>Parco Nazionale di Roztocze <\/strong>e dell\u2019area circostante, una delle pi\u00f9 soleggiate della Polonia, inserita nell&#8217;elenco delle riserve della biosfera transfrontaliera dell&#8217;Unesco. Approfittando di una calda giornata estiva potrete godervi una pedalata con un suggestivo tour in bicicletta, tra fitte foreste e panorami straordinari. <\/p>\n\n\n\n<p>Concedetevi qualche tappa pi\u00f9 folcloristica, magari addentrandovi nel caratteristico <strong>Museo del Villaggio di Lublino<\/strong>, uno dei musei all\u2019aperto pi\u00f9 ampi e completi della Polonia. O avventuratevi tra localit\u00e0 misteriose, avvolte dalla fiamma delle leggende popolari, che ancora oggi accarezza le orecchie con il suo crepitio, tra energie positive e luoghi mistici.&nbsp;<\/p>\n\n\n\n<p>Infine, lasciatevi conquistare dal calore dell\u2019accoglienza e dell\u2019ospitalit\u00e0 locale davvero unica, ma anche dell\u2019ottimo cibo della regione. Provare per credere: la Regione di Lublino accende il desiderio di scoperta. <\/p>\n<\/div><\/div>\n\n\n\n<div class=\"wp-block-group is-style-container-medium\"><div class=\"wp-block-group__inner-container is-layout-constrained wp-block-group-is-layout-constrained\">\n<p><strong>Borghi <\/strong><\/p>\n\n\n\n<p>Nella Regione di Lublino si cela un luogo in cui la natura scolpisce il paesaggio con tratti decisi e l\u2019uomo risponde con tradizione, accoglienza, arte e bellezza. \u00c8 la <strong>Terra delle Gole del Loess<\/strong>: un territorio dove canyon e gole disegnano una scenografia paesaggistica unica in Europa. Un paradiso per chi ama l\u2019outdoor, attraversato da sentieri tortuosi che si snodano tra foreste profumate e ampie vallate. Esplorate queste terre camminando, pedalando, cavalcando\u2026 la sensazione di libert\u00e0 sar\u00e0 impagabile.<\/p>\n\n\n\n<p>Da non perdere l\u2019incantevole cittadina di <strong>Kazimierz Dolny<\/strong>: un borgo antico, dal fascino rinascimentale, culla di un\u2019atmosfera artistica che arde tutto l\u2019anno tra festival, mostre e laboratori a cielo aperto. Con i suoi scorci e la posizione strategica, \u00e8 anche un punto di partenza ideale per esplorare le gole.<\/p>\n\n\n\n<p>Concedetevi poi una pausa di puro relax: a <strong>Na\u0142\u0119cz\u00f3w<\/strong>, le acque termali rigenerano corpo e spirito tra paesaggi verdi e silenziosi\u2026 una vera immersione di benessere, capace di scaldare l\u2019anima. Sempre in queste terre, troverete l\u2019health village, un paradiso olistico dove scoprire il potere rigenerante della natura, tra trattamenti wellness e yoga, meditazione e respirazione armonizzanti.&nbsp;<\/p>\n\n\n\n<p>Infine, c\u2019\u00e8 una fiamma pi\u00f9 discreta che continua a bruciare\u2026 \u00c8 quella della tradizione, che vive nelle botteghe di Wojciech\u00f3w o lungo la storica ferrovia di Karczmiska, da provare per riconnettervi con l\u2019ambiente regionale, tra splendide vedute.&nbsp;<\/p>\n\n\n\n<p>E per godere pienamente del contatto col paesaggio\u2026 perch\u00e9 non riscoprire il lusso di addormentarvi sotto una coperta di stelle? Tra glamping, eco-lodge e rifugi immersi nella natura.. siamo certi che qui ogni sguardo accender\u00e0 il desiderio di restare un po\u2019 di pi\u00f9.<\/p>\n\n\n\n<p><strong>Zamo\u015b\u0107<\/strong><\/p>\n\n\n\n<p>Questa perla urbana, insignita del prestigioso riconoscimento Unesco, fu edificata sul modello rinascimentale della citt\u00e0 ideale. Costruita nel XVI secolo da Jan Zamoyski e disegnata dall\u2019architetto italiano Bernardo Morando, secondo i principi del Rinascimento italiano, oggi Zamo\u015b\u0107 \u00e8 una tappa imperdibile per chiunque scelga di visitare la Regione di Lublino. &nbsp;<\/p>\n\n\n\n<p>Il cuore pulsante della citt\u00e0 \u00e8 la piazza del mercato, armoniosa e ariosa, circondata da case dai colori pastello, che ne accentuano l\u2019atmosfera fiabesca. Il celebre municipio, con la sua scalinata scenografica, domina la scena ed \u00e8 un luogo ideale anche per scattare qualche foto ricordo. Zamo\u015b\u0107 vi stupir\u00e0 con la sua energia, con l\u2019equilibrio perfetto tra architettura, storia e visione ma non solo. <\/p>\n\n\n\n<p>In questa localit\u00e0 la cultura brilla come una fiamma accesa, portando calore, incontri, eventi e manifestazioni che animano la citt\u00e0. Bastioni e palazzi storici ospitano musei, gallerie e spazi interattivi, come il Museo delle Fortificazioni e delle Armi, l\u2019Accademia Zamojska e il moderno Centro \u201cSinagoga\u201d. Nei sotterranei del municipio, inoltre, \u00e8 possibile percorrere un particolare itinerario archeologico che svela la Zamo\u015b\u0107 nascosta, mentre lo Zoo e il parco cittadino offrono relax e divertimento anche in formato famiglia.<\/p>\n\n\n\n<p>Un altro motivo per visitarla? Il ricchissimo calendario di eventi che anima la placida cittadina: dall\u2019Assalto alla Fortezza, fino alla vivace estate teatrale. E non dimentichiamo le melodie dell\u2019Orchestra Sinfonica Karol Namys\u0142owski, la pi\u00f9 antica in attivit\u00e0 in Polonia, che qui mantiene e coltiva una ricca tradizione musicale. Zamo\u015b\u0107 \u00e8 un luogo dove il passato continua a brillare, illuminando le giornate di chi la scopre\u2026 e inevitabilmente, ne resta ammaliato. <\/p>\n<\/div><\/div>\n\n\n\n<div class=\"wp-block-group is-style-container-medium\"><div class=\"wp-block-group__inner-container is-layout-constrained wp-block-group-is-layout-constrained\">  <div class=\"gallery-tiles gallery-tiles--rows-2-3 lightgallery\">\r\n          <a href=\"https:\/\/www.polonia.travel\/it\/wp-content\/uploads\/sites\/20\/2022\/12\/kazimierz_dolny_panorama_1170-2.jpg\" class=\"gallery-tiles__item\" data-src=\"https:\/\/www.polonia.travel\/it\/wp-content\/uploads\/sites\/20\/2022\/12\/kazimierz_dolny_panorama_1170-2.jpg\"\r\n        aria-label=\"Otw\u00f3rz powi\u0119kszone zdj\u0119cie: kazimierz nad wisla, fly, lotnicze, fot adam brzoza, kazimierz dolny\">\r\n        <img loading=\"lazy\" decoding=\"async\" width=\"1170\" height=\"780\" src=\"https:\/\/www.polonia.travel\/it\/wp-content\/uploads\/sites\/20\/2022\/12\/kazimierz_dolny_panorama_1170-2.jpg\" class=\"gallery-tiles__thumb\" alt=\"\" srcset=\"https:\/\/www.polonia.travel\/it\/wp-content\/uploads\/sites\/20\/2022\/12\/kazimierz_dolny_panorama_1170-2.jpg 1170w, https:\/\/www.polonia.travel\/it\/wp-content\/uploads\/sites\/20\/2022\/12\/kazimierz_dolny_panorama_1170-2-600x400.jpg 600w, https:\/\/www.polonia.travel\/it\/wp-content\/uploads\/sites\/20\/2022\/12\/kazimierz_dolny_panorama_1170-2-768x512.jpg 768w\" sizes=\"auto, (max-width: 1170px) 100vw, 1170px\" \/>      <\/a>\r\n          <a href=\"https:\/\/www.polonia.travel\/it\/wp-content\/uploads\/sites\/20\/2024\/05\/kazimierz-dolny-2000.jpg\" class=\"gallery-tiles__item\" data-src=\"https:\/\/www.polonia.travel\/it\/wp-content\/uploads\/sites\/20\/2024\/05\/kazimierz-dolny-2000.jpg\"\r\n        aria-label=\"Otw\u00f3rz powi\u0119kszone zdj\u0119cie: kazimierz dolny, wawoz, korzeniowy dol, fot adam brzoza\">\r\n        <img loading=\"lazy\" decoding=\"async\" width=\"1200\" height=\"475\" src=\"https:\/\/www.polonia.travel\/it\/wp-content\/uploads\/sites\/20\/2024\/05\/kazimierz-dolny-2000-1200x475.jpg\" class=\"gallery-tiles__thumb\" alt=\"\" srcset=\"https:\/\/www.polonia.travel\/it\/wp-content\/uploads\/sites\/20\/2024\/05\/kazimierz-dolny-2000-1200x475.jpg 1200w, https:\/\/www.polonia.travel\/it\/wp-content\/uploads\/sites\/20\/2024\/05\/kazimierz-dolny-2000-600x237.jpg 600w, https:\/\/www.polonia.travel\/it\/wp-content\/uploads\/sites\/20\/2024\/05\/kazimierz-dolny-2000-768x304.jpg 768w, https:\/\/www.polonia.travel\/it\/wp-content\/uploads\/sites\/20\/2024\/05\/kazimierz-dolny-2000-1536x607.jpg 1536w, https:\/\/www.polonia.travel\/it\/wp-content\/uploads\/sites\/20\/2024\/05\/kazimierz-dolny-2000-1920x759.jpg 1920w, https:\/\/www.polonia.travel\/it\/wp-content\/uploads\/sites\/20\/2024\/05\/kazimierz-dolny-2000.jpg 2000w\" sizes=\"auto, (max-width: 1200px) 100vw, 1200px\" \/>      <\/a>\r\n          <a href=\"https:\/\/www.polonia.travel\/it\/wp-content\/uploads\/sites\/20\/2024\/05\/377067503_Kazimierz_dolny_Adobe-1.jpeg\" class=\"gallery-tiles__item\" data-src=\"https:\/\/www.polonia.travel\/it\/wp-content\/uploads\/sites\/20\/2024\/05\/377067503_Kazimierz_dolny_Adobe-1.jpeg\"\r\n        aria-label=\"Otw\u00f3rz powi\u0119kszone zdj\u0119cie: A view of the roofs of the houses and renaissance Parish Church of St. John the Baptist and St. Bartholomew, Kazimierz Dolny, Poland\">\r\n        <img loading=\"lazy\" decoding=\"async\" width=\"800\" height=\"533\" src=\"https:\/\/www.polonia.travel\/it\/wp-content\/uploads\/sites\/20\/2024\/05\/377067503_Kazimierz_dolny_Adobe-1.jpeg\" class=\"gallery-tiles__thumb\" alt=\"\" srcset=\"https:\/\/www.polonia.travel\/it\/wp-content\/uploads\/sites\/20\/2024\/05\/377067503_Kazimierz_dolny_Adobe-1.jpeg 800w, https:\/\/www.polonia.travel\/it\/wp-content\/uploads\/sites\/20\/2024\/05\/377067503_Kazimierz_dolny_Adobe-1-600x400.jpeg 600w, https:\/\/www.polonia.travel\/it\/wp-content\/uploads\/sites\/20\/2024\/05\/377067503_Kazimierz_dolny_Adobe-1-768x512.jpeg 768w\" sizes=\"auto, (max-width: 800px) 100vw, 800px\" \/>      <\/a>\r\n          <a href=\"https:\/\/www.polonia.travel\/it\/wp-content\/uploads\/sites\/20\/2025\/05\/AdobeStock_451364623_zamosc-scaled.jpeg\" class=\"gallery-tiles__item\" data-src=\"https:\/\/www.polonia.travel\/it\/wp-content\/uploads\/sites\/20\/2025\/05\/AdobeStock_451364623_zamosc-scaled.jpeg\"\r\n        aria-label=\"Otw\u00f3rz powi\u0119kszone zdj\u0119cie: Zamosc, Poland, HDR Image\">\r\n        <img loading=\"lazy\" decoding=\"async\" width=\"1200\" height=\"797\" src=\"https:\/\/www.polonia.travel\/it\/wp-content\/uploads\/sites\/20\/2025\/05\/AdobeStock_451364623_zamosc-1200x797.jpeg\" class=\"gallery-tiles__thumb\" alt=\"\" srcset=\"https:\/\/www.polonia.travel\/it\/wp-content\/uploads\/sites\/20\/2025\/05\/AdobeStock_451364623_zamosc-1200x797.jpeg 1200w, https:\/\/www.polonia.travel\/it\/wp-content\/uploads\/sites\/20\/2025\/05\/AdobeStock_451364623_zamosc-600x399.jpeg 600w, https:\/\/www.polonia.travel\/it\/wp-content\/uploads\/sites\/20\/2025\/05\/AdobeStock_451364623_zamosc-768x510.jpeg 768w, https:\/\/www.polonia.travel\/it\/wp-content\/uploads\/sites\/20\/2025\/05\/AdobeStock_451364623_zamosc-1536x1020.jpeg 1536w, https:\/\/www.polonia.travel\/it\/wp-content\/uploads\/sites\/20\/2025\/05\/AdobeStock_451364623_zamosc-2048x1361.jpeg 2048w, https:\/\/www.polonia.travel\/it\/wp-content\/uploads\/sites\/20\/2025\/05\/AdobeStock_451364623_zamosc-1920x1276.jpeg 1920w\" sizes=\"auto, (max-width: 1200px) 100vw, 1200px\" \/>      <\/a>\r\n      <\/div>\r\n\n\n\n<div style=\"height:100px\" aria-hidden=\"true\" class=\"wp-block-spacer is-style-spacer-small\"><\/div>\n<\/div><\/div>\n\n\n\n<div class=\"wp-block-group is-style-container-medium\"><div class=\"wp-block-group__inner-container is-layout-constrained wp-block-group-is-layout-constrained\">\n<p><strong>Parco Nazionale Roztocze<\/strong><\/p>\n\n\n\n<p>Se dentro di voi brucia la fiamma dell\u2019avventura, lasciatevi guidare fino a Roztocze e al suo Parco Nazionale, un angolo di Polonia dove la natura arde silenziosa e la<strong> biodiversit\u00e0<\/strong> \u00e8 semplicemente straordinaria.<\/p>\n\n\n\n<p>Situata nella regione di Lublino, questa \u00e8 una delle aree pi\u00f9 boscose del Paese: un luogo dove respirare aria balsamica tra alberi secolari, lasciandosi avvolgere da un paesaggio che invita a mettersi in ascolto. Roztocze conquister\u00e0 gli amanti del turismo attivo, tra vie cicloturistiche come la Green Velo, sentieri escursionistici ben segnalati, itinerari verdeggianti tra colline, foreste e villaggi caratteristici. Ad ogni passo, avrete la possibilit\u00e0 di osservare cavalli, cicogne nere, linci e aquile codabianca. Ma il vero spettacolo \u00e8 l\u2019atmosfera: la luce che filtra tra le fronde, il silenzio che rigenera, la quiete della natura incontaminata.<\/p>\n\n\n\n<p>Tra trekking accessibili, percorsi in bici, avventure in kayak e aree termali immerse tra scenari idilliaci, <strong>Roztocze <\/strong>accende la scintilla di un benessere attivo e autentico. Da non perdere la localit\u00e0 di Susiec, circondata dalle pinete della foresta di Solska. Qui il Parco Szumy custodisce le celebri cascate del Tanew, tra le<strong> \u201c7 meraviglie della natura polacca\u201d<\/strong>: un sentiero che unisce gli elementi\u2026 e vi lascer\u00e0 senza fiato per la sua bellezza.<\/p>\n\n\n\n<p><strong>Museo della vita rurale di Lublino<\/strong><\/p>\n\n\n\n<p>La scintilla della tradizione si accende tra le colline della Regione di Lublino, dove un museo all\u2019aperto tra i pi\u00f9 suggestivi della Polonia custodisce la memoria viva di un mondo contadino che ancora arde di autenticit\u00e0.<\/p>\n\n\n\n<p>Tra orti coltivati con gesti antichi, recinti popolati da animali da fattoria, come oche, anatre, capre e cavalli, sinuosi sentieri che si snodano tra boschetti e campi bucolici, si apre un vero e proprio affresco vivente della vita rurale del passato! Stiamo parlando del Museo della vita rurale di Lublino, un luogo magico e senza tempo, perfetto da visitare in famiglia, ma anche per le anime romantiche che cercano un\u2019esperienza slow, in cui \u00e8 possibile respirare l\u2019atmosfera tradizionale e rurale, tra vedute suggestive e ricostruzioni di edifici tipici di tutta la regione.&nbsp;<\/p>\n\n\n\n<p>Lasciatevi incantare dalle case contadine, dalle piccole botteghe, ammirate le stalle e perfino un ristorante d\u2019altri tempi. Qui ogni elemento del paesaggio, come una fiamma che danza al suo ritmo, restituisce al visitatore il piacere della lentezza e della semplicit\u00e0 della civilt\u00e0 agreste, in una narrazione silenziosa fatta di pietra, legno e tradizioni tramandate per generazioni.&nbsp;<\/p>\n\n\n\n<p>La vera meraviglia, per\u00f2, brilla nelle chiese storiche che troverete davanti ai vostri occhi &#8211; una cattolica del Seicento e una greco-ortodossa del Settecento &#8211; che il Museo del Villaggio di Lublino rivela nel suo volto pi\u00f9 sacro e intimo: luoghi che ancora oggi accolgono riti e spiritualit\u00e0, preservando il senso profondo della comunit\u00e0.<\/p>\n\n\n\n<p>\u00c8 qui che lo sguardo del viaggiatore si fa contemplativo, attratto da scorci di una location che nel tempo ha incantato anche il cinema e la fotografia.&nbsp;<\/p>\n\n\n\n<p><strong>Cucina regionale<\/strong><\/p>\n\n\n\n<p>La cucina della Regione di Lublino \u00e8 un mosaico di culture e tradizioni, che si incontrano tra profumi di impasti caldi e di pani antichi, oli dorati, zuppe corpose, come il saporito Forszmak, e dolci prelibati, nati sul fuoco vivo. Ogni piatto racchiude il sapore di questa variegata regione: dall\u2019olio natalizio di Roztocze, profumato di sole e campi, alla trippa di Piaseczno, simbolo di convivialit\u00e0, fino al Gryczak Janowski, una sorta di torta salata con ripieno di grano saraceno, a cui \u00e8 dedicata persino una festa: la Sagra del &#8222;Gryczaki&#8221;, che si tiene ogni anno ad agosto nella cittadina di <strong>Jan\u00f3w Lubelski<\/strong>.<\/p>\n\n\n\n<p>Imperdibile la confettura di rose di Ko\u0144skowola, vellutata e intensa come un ricordo d&#8217;infanzia, o la vivace Oran\u017cada di K\u0105kolewnica, una bevanda frizzante al sapore di limone o lampone, rimasta fedele alla sua ricetta dal 1957. La gastronomia della Regione di Lublino, per\u00f2, ha il profumo inconfondibile di cipolla dorata e semi di papavero tostati: \u00e8 il cebularz, icona fragrante di una cucina che ad ogni morso sprigiona l\u2019essenza e il calore di queste terre. <\/p>\n\n\n\n<p>Leggenda narra che il <strong>cebularz<\/strong> nacque quasi per caso, da un impasto improvvisato: un giorno, alla porta della casa di Estreka, una donna che abitava nei dintorni di Lublino, si present\u00f2 Re Casimiro il Grande, di ritorno da una battuta di caccia. Non avendo nulla da offrire al sovrano, la donna prepar\u00f2 un impasto lievitato, ripieno di cipolle e papavero. Il dolce fragrante e croccante conquist\u00f2 il cuore del re, che non riusc\u00ec a dimenticare n\u00e9 il cebularz n\u00e9 l\u2019intraprendente padrona di casa. Da quel forno casalingo, nacque un amore: per un piatto semplice, ma capace di accendere i sensi. <\/p>\n\n\n\n<div style=\"height:100px\" aria-hidden=\"true\" class=\"wp-block-spacer is-style-spacer-small\"><\/div>\n<\/div><\/div>\n\n\n\n<div class=\"wp-block-group is-style-container-medium\"><div class=\"wp-block-group__inner-container is-layout-constrained wp-block-group-is-layout-constrained\">  <div class=\"gallery-tiles gallery-tiles--rows-2-3 lightgallery\">\r\n          <a href=\"https:\/\/www.polonia.travel\/it\/wp-content\/uploads\/sites\/20\/2025\/05\/AdobeStock_406824497_Roztocze_-_widok_na_Bukowa_gore_ze_Zwierzynca.jpeg\" class=\"gallery-tiles__item\" data-src=\"https:\/\/www.polonia.travel\/it\/wp-content\/uploads\/sites\/20\/2025\/05\/AdobeStock_406824497_Roztocze_-_widok_na_Bukowa_gore_ze_Zwierzynca.jpeg\"\r\n        aria-label=\"Otw\u00f3rz powi\u0119kszone zdj\u0119cie: Widok z wie\u017cy widokowej w Zwierzy\u0144cu na Bukow\u0105 G\u00f3r\u0119 oraz Roztocze \u015brodkowe. Na dole stado konik\u00f3w polskich.\">\r\n        <img loading=\"lazy\" decoding=\"async\" width=\"1200\" height=\"923\" src=\"https:\/\/www.polonia.travel\/it\/wp-content\/uploads\/sites\/20\/2025\/05\/AdobeStock_406824497_Roztocze_-_widok_na_Bukowa_gore_ze_Zwierzynca-1200x923.jpeg\" class=\"gallery-tiles__thumb\" alt=\"\" srcset=\"https:\/\/www.polonia.travel\/it\/wp-content\/uploads\/sites\/20\/2025\/05\/AdobeStock_406824497_Roztocze_-_widok_na_Bukowa_gore_ze_Zwierzynca-1200x923.jpeg 1200w, https:\/\/www.polonia.travel\/it\/wp-content\/uploads\/sites\/20\/2025\/05\/AdobeStock_406824497_Roztocze_-_widok_na_Bukowa_gore_ze_Zwierzynca-600x462.jpeg 600w, https:\/\/www.polonia.travel\/it\/wp-content\/uploads\/sites\/20\/2025\/05\/AdobeStock_406824497_Roztocze_-_widok_na_Bukowa_gore_ze_Zwierzynca-768x591.jpeg 768w, https:\/\/www.polonia.travel\/it\/wp-content\/uploads\/sites\/20\/2025\/05\/AdobeStock_406824497_Roztocze_-_widok_na_Bukowa_gore_ze_Zwierzynca-1536x1182.jpeg 1536w, https:\/\/www.polonia.travel\/it\/wp-content\/uploads\/sites\/20\/2025\/05\/AdobeStock_406824497_Roztocze_-_widok_na_Bukowa_gore_ze_Zwierzynca-1920x1477.jpeg 1920w, https:\/\/www.polonia.travel\/it\/wp-content\/uploads\/sites\/20\/2025\/05\/AdobeStock_406824497_Roztocze_-_widok_na_Bukowa_gore_ze_Zwierzynca.jpeg 2000w\" sizes=\"auto, (max-width: 1200px) 100vw, 1200px\" \/>      <\/a>\r\n          <a href=\"https:\/\/www.polonia.travel\/it\/wp-content\/uploads\/sites\/20\/2025\/05\/DSC_0065.jpg\" class=\"gallery-tiles__item\" data-src=\"https:\/\/www.polonia.travel\/it\/wp-content\/uploads\/sites\/20\/2025\/05\/DSC_0065.jpg\"\r\n        aria-label=\"Otw\u00f3rz powi\u0119kszone zdj\u0119cie: DSC_0065\">\r\n        <img loading=\"lazy\" decoding=\"async\" width=\"1200\" height=\"800\" src=\"https:\/\/www.polonia.travel\/it\/wp-content\/uploads\/sites\/20\/2025\/05\/DSC_0065-1200x800.jpg\" class=\"gallery-tiles__thumb\" alt=\"\" srcset=\"https:\/\/www.polonia.travel\/it\/wp-content\/uploads\/sites\/20\/2025\/05\/DSC_0065-1200x800.jpg 1200w, https:\/\/www.polonia.travel\/it\/wp-content\/uploads\/sites\/20\/2025\/05\/DSC_0065-600x400.jpg 600w, https:\/\/www.polonia.travel\/it\/wp-content\/uploads\/sites\/20\/2025\/05\/DSC_0065-768x512.jpg 768w, https:\/\/www.polonia.travel\/it\/wp-content\/uploads\/sites\/20\/2025\/05\/DSC_0065-1536x1024.jpg 1536w, https:\/\/www.polonia.travel\/it\/wp-content\/uploads\/sites\/20\/2025\/05\/DSC_0065-1920x1280.jpg 1920w, https:\/\/www.polonia.travel\/it\/wp-content\/uploads\/sites\/20\/2025\/05\/DSC_0065.jpg 2000w\" sizes=\"auto, (max-width: 1200px) 100vw, 1200px\" \/>      <\/a>\r\n          <a href=\"https:\/\/www.polonia.travel\/it\/wp-content\/uploads\/sites\/20\/2025\/05\/190346394_Wodospad_Jelen_Roztocze_Adobe.jpg\" class=\"gallery-tiles__item\" data-src=\"https:\/\/www.polonia.travel\/it\/wp-content\/uploads\/sites\/20\/2025\/05\/190346394_Wodospad_Jelen_Roztocze_Adobe.jpg\"\r\n        aria-label=\"Otw\u00f3rz powi\u0119kszone zdj\u0119cie: Cascades on Tanew River , Roztocze National Park , Poland\">\r\n        <img loading=\"lazy\" decoding=\"async\" width=\"1200\" height=\"801\" src=\"https:\/\/www.polonia.travel\/it\/wp-content\/uploads\/sites\/20\/2025\/05\/190346394_Wodospad_Jelen_Roztocze_Adobe-1200x801.jpg\" class=\"gallery-tiles__thumb\" alt=\"\" srcset=\"https:\/\/www.polonia.travel\/it\/wp-content\/uploads\/sites\/20\/2025\/05\/190346394_Wodospad_Jelen_Roztocze_Adobe-1200x801.jpg 1200w, https:\/\/www.polonia.travel\/it\/wp-content\/uploads\/sites\/20\/2025\/05\/190346394_Wodospad_Jelen_Roztocze_Adobe-600x401.jpg 600w, https:\/\/www.polonia.travel\/it\/wp-content\/uploads\/sites\/20\/2025\/05\/190346394_Wodospad_Jelen_Roztocze_Adobe-768x513.jpg 768w, https:\/\/www.polonia.travel\/it\/wp-content\/uploads\/sites\/20\/2025\/05\/190346394_Wodospad_Jelen_Roztocze_Adobe-1536x1025.jpg 1536w, https:\/\/www.polonia.travel\/it\/wp-content\/uploads\/sites\/20\/2025\/05\/190346394_Wodospad_Jelen_Roztocze_Adobe-1920x1282.jpg 1920w, https:\/\/www.polonia.travel\/it\/wp-content\/uploads\/sites\/20\/2025\/05\/190346394_Wodospad_Jelen_Roztocze_Adobe.jpg 2000w\" sizes=\"auto, (max-width: 1200px) 100vw, 1200px\" \/>      <\/a>\r\n          <a href=\"https:\/\/www.polonia.travel\/it\/wp-content\/uploads\/sites\/20\/2025\/05\/DzienCebularza-fot.-Miasto-Lublin-2.jpg\" class=\"gallery-tiles__item\" data-src=\"https:\/\/www.polonia.travel\/it\/wp-content\/uploads\/sites\/20\/2025\/05\/DzienCebularza-fot.-Miasto-Lublin-2.jpg\"\r\n        aria-label=\"Otw\u00f3rz powi\u0119kszone zdj\u0119cie: Dzie\u0144Cebularza fot. Miasto Lublin (2)\">\r\n        <img loading=\"lazy\" decoding=\"async\" width=\"1200\" height=\"798\" src=\"https:\/\/www.polonia.travel\/it\/wp-content\/uploads\/sites\/20\/2025\/05\/DzienCebularza-fot.-Miasto-Lublin-2-1200x798.jpg\" class=\"gallery-tiles__thumb\" alt=\"\" srcset=\"https:\/\/www.polonia.travel\/it\/wp-content\/uploads\/sites\/20\/2025\/05\/DzienCebularza-fot.-Miasto-Lublin-2-1200x798.jpg 1200w, https:\/\/www.polonia.travel\/it\/wp-content\/uploads\/sites\/20\/2025\/05\/DzienCebularza-fot.-Miasto-Lublin-2-600x399.jpg 600w, https:\/\/www.polonia.travel\/it\/wp-content\/uploads\/sites\/20\/2025\/05\/DzienCebularza-fot.-Miasto-Lublin-2-768x511.jpg 768w, https:\/\/www.polonia.travel\/it\/wp-content\/uploads\/sites\/20\/2025\/05\/DzienCebularza-fot.-Miasto-Lublin-2-1536x1021.jpg 1536w, https:\/\/www.polonia.travel\/it\/wp-content\/uploads\/sites\/20\/2025\/05\/DzienCebularza-fot.-Miasto-Lublin-2-1920x1277.jpg 1920w, https:\/\/www.polonia.travel\/it\/wp-content\/uploads\/sites\/20\/2025\/05\/DzienCebularza-fot.-Miasto-Lublin-2.jpg 2000w\" sizes=\"auto, (max-width: 1200px) 100vw, 1200px\" \/>      <\/a>\r\n          <a href=\"https:\/\/www.polonia.travel\/it\/wp-content\/uploads\/sites\/20\/2025\/05\/AdobeStock_221140081_Janow_Podlaski.jpeg\" class=\"gallery-tiles__item\" data-src=\"https:\/\/www.polonia.travel\/it\/wp-content\/uploads\/sites\/20\/2025\/05\/AdobeStock_221140081_Janow_Podlaski.jpeg\"\r\n        aria-label=\"Otw\u00f3rz powi\u0119kszone zdj\u0119cie: Arabian horses in Jan\u00f3w Podlaski\">\r\n        <img loading=\"lazy\" decoding=\"async\" width=\"1200\" height=\"800\" src=\"https:\/\/www.polonia.travel\/it\/wp-content\/uploads\/sites\/20\/2025\/05\/AdobeStock_221140081_Janow_Podlaski-1200x800.jpeg\" class=\"gallery-tiles__thumb\" alt=\"\" srcset=\"https:\/\/www.polonia.travel\/it\/wp-content\/uploads\/sites\/20\/2025\/05\/AdobeStock_221140081_Janow_Podlaski-1200x800.jpeg 1200w, https:\/\/www.polonia.travel\/it\/wp-content\/uploads\/sites\/20\/2025\/05\/AdobeStock_221140081_Janow_Podlaski-600x400.jpeg 600w, https:\/\/www.polonia.travel\/it\/wp-content\/uploads\/sites\/20\/2025\/05\/AdobeStock_221140081_Janow_Podlaski-768x512.jpeg 768w, https:\/\/www.polonia.travel\/it\/wp-content\/uploads\/sites\/20\/2025\/05\/AdobeStock_221140081_Janow_Podlaski-1536x1024.jpeg 1536w, https:\/\/www.polonia.travel\/it\/wp-content\/uploads\/sites\/20\/2025\/05\/AdobeStock_221140081_Janow_Podlaski-1920x1280.jpeg 1920w, https:\/\/www.polonia.travel\/it\/wp-content\/uploads\/sites\/20\/2025\/05\/AdobeStock_221140081_Janow_Podlaski.jpeg 2000w\" sizes=\"auto, (max-width: 1200px) 100vw, 1200px\" \/>      <\/a>\r\n      <\/div>\r\n<\/div><\/div>\n\n\n\n<div style=\"height:100px\" aria-hidden=\"true\" class=\"wp-block-spacer is-style-spacer-small\"><\/div>\n","protected":false},"excerpt":{"rendered":"<p>FUOCO Il cuore arde e gli occhi si riempiono di meraviglia davanti ai colori, ai paesaggi e ai tramonti infuocati della Regione di Lublino. Albe accese che illuminano le suggestive Terre delle gole del Loess, tra bellezze naturali e fitti sentieri escursionistici, attivit\u00e0 acquatiche, come il kayak lungo i corsi dei fiumi, e turismo attivo, [&hellip;]<\/p>\n","protected":false},"author":39,"featured_media":41537,"comment_status":"open","ping_status":"open","sticky":false,"template":"","format":"standard","meta":{"_acf_changed":false,"footnotes":""},"categories":[1227],"class_list":["post-41644","post","type-post","status-publish","format-standard","has-post-thumbnail","hentry","category-elementi-di-polonia"],"acf":[],"yoast_head":"<!-- This site is optimized with the Yoast SEO plugin v27.4 - https:\/\/yoast.com\/product\/yoast-seo-wordpress\/ -->\n<title>FUOCO - Polonia Travel (IT)<\/title>\n<meta name=\"robots\" content=\"index, follow, max-snippet:-1, max-image-preview:large, max-video-preview:-1\" \/>\n<link rel=\"canonical\" href=\"https:\/\/www.polonia.travel\/it\/fuoco\/\" \/>\n<meta property=\"og:locale\" content=\"pl_PL\" \/>\n<meta property=\"og:type\" content=\"article\" \/>\n<meta property=\"og:title\" content=\"FUOCO - Polonia Travel (IT)\" \/>\n<meta property=\"og:description\" content=\"FUOCO Il cuore arde e gli occhi si riempiono di meraviglia davanti ai colori, ai paesaggi e ai tramonti infuocati della Regione di Lublino. Albe accese che illuminano le suggestive Terre delle gole del Loess, tra bellezze naturali e fitti sentieri escursionistici, attivit\u00e0 acquatiche, come il kayak lungo i corsi dei fiumi, e turismo attivo, [&hellip;]\" \/>\n<meta property=\"og:url\" content=\"https:\/\/www.polonia.travel\/it\/fuoco\/\" \/>\n<meta property=\"og:site_name\" content=\"Polonia Travel (IT)\" \/>\n<meta property=\"article:published_time\" content=\"2025-05-21T14:37:54+00:00\" \/>\n<meta property=\"article:modified_time\" content=\"2025-08-12T11:57:12+00:00\" \/>\n<meta property=\"og:image\" content=\"https:\/\/www.polonia.travel\/it\/wp-content\/uploads\/sites\/20\/2025\/05\/Cope-Facebook_FUOCO.jpg\" \/>\n\t<meta property=\"og:image:width\" content=\"2500\" \/>\n\t<meta property=\"og:image:height\" content=\"951\" \/>\n\t<meta property=\"og:image:type\" content=\"image\/jpeg\" \/>\n<meta name=\"author\" content=\"dominkacichocka\" \/>\n<meta name=\"twitter:card\" content=\"summary_large_image\" \/>\n<meta name=\"twitter:label1\" content=\"Napisane przez\" \/>\n\t<meta name=\"twitter:data1\" content=\"dominkacichocka\" \/>\n\t<meta name=\"twitter:label2\" content=\"Szacowany czas czytania\" \/>\n\t<meta name=\"twitter:data2\" content=\"10 minut\" \/>\n<script type=\"application\/ld+json\" class=\"yoast-schema-graph\">{\"@context\":\"https:\\\/\\\/schema.org\",\"@graph\":[{\"@type\":\"Article\",\"@id\":\"https:\\\/\\\/www.polonia.travel\\\/it\\\/fuoco\\\/#article\",\"isPartOf\":{\"@id\":\"https:\\\/\\\/www.polonia.travel\\\/it\\\/fuoco\\\/\"},\"author\":{\"name\":\"dominkacichocka\",\"@id\":\"https:\\\/\\\/www.polonia.travel\\\/it\\\/#\\\/schema\\\/person\\\/f74307fcbf7175cab53701009659999c\"},\"headline\":\"FUOCO\",\"datePublished\":\"2025-05-21T14:37:54+00:00\",\"dateModified\":\"2025-08-12T11:57:12+00:00\",\"mainEntityOfPage\":{\"@id\":\"https:\\\/\\\/www.polonia.travel\\\/it\\\/fuoco\\\/\"},\"wordCount\":1632,\"commentCount\":8,\"publisher\":{\"@id\":\"https:\\\/\\\/www.polonia.travel\\\/it\\\/#organization\"},\"image\":{\"@id\":\"https:\\\/\\\/www.polonia.travel\\\/it\\\/fuoco\\\/#primaryimage\"},\"thumbnailUrl\":\"https:\\\/\\\/www.polonia.travel\\\/it\\\/wp-content\\\/uploads\\\/sites\\\/20\\\/2025\\\/05\\\/Cope-Facebook_FUOCO.jpg\",\"keywords\":[\"elementi\"],\"articleSection\":[\"Elementi di Polonia\"],\"inLanguage\":\"pl-PL\"},{\"@type\":\"WebPage\",\"@id\":\"https:\\\/\\\/www.polonia.travel\\\/it\\\/fuoco\\\/\",\"url\":\"https:\\\/\\\/www.polonia.travel\\\/it\\\/fuoco\\\/\",\"name\":\"FUOCO - Polonia Travel (IT)\",\"isPartOf\":{\"@id\":\"https:\\\/\\\/www.polonia.travel\\\/it\\\/#website\"},\"primaryImageOfPage\":{\"@id\":\"https:\\\/\\\/www.polonia.travel\\\/it\\\/fuoco\\\/#primaryimage\"},\"image\":{\"@id\":\"https:\\\/\\\/www.polonia.travel\\\/it\\\/fuoco\\\/#primaryimage\"},\"thumbnailUrl\":\"https:\\\/\\\/www.polonia.travel\\\/it\\\/wp-content\\\/uploads\\\/sites\\\/20\\\/2025\\\/05\\\/Cope-Facebook_FUOCO.jpg\",\"datePublished\":\"2025-05-21T14:37:54+00:00\",\"dateModified\":\"2025-08-12T11:57:12+00:00\",\"breadcrumb\":{\"@id\":\"https:\\\/\\\/www.polonia.travel\\\/it\\\/fuoco\\\/#breadcrumb\"},\"inLanguage\":\"pl-PL\",\"potentialAction\":[{\"@type\":\"ReadAction\",\"target\":[\"https:\\\/\\\/www.polonia.travel\\\/it\\\/fuoco\\\/\"]}]},{\"@type\":\"ImageObject\",\"inLanguage\":\"pl-PL\",\"@id\":\"https:\\\/\\\/www.polonia.travel\\\/it\\\/fuoco\\\/#primaryimage\",\"url\":\"https:\\\/\\\/www.polonia.travel\\\/it\\\/wp-content\\\/uploads\\\/sites\\\/20\\\/2025\\\/05\\\/Cope-Facebook_FUOCO.jpg\",\"contentUrl\":\"https:\\\/\\\/www.polonia.travel\\\/it\\\/wp-content\\\/uploads\\\/sites\\\/20\\\/2025\\\/05\\\/Cope-Facebook_FUOCO.jpg\",\"width\":2500,\"height\":951},{\"@type\":\"BreadcrumbList\",\"@id\":\"https:\\\/\\\/www.polonia.travel\\\/it\\\/fuoco\\\/#breadcrumb\",\"itemListElement\":[{\"@type\":\"ListItem\",\"position\":1,\"name\":\"Home page\",\"item\":\"https:\\\/\\\/www.polonia.travel\\\/it\\\/\"},{\"@type\":\"ListItem\",\"position\":2,\"name\":\"Elementi di Polonia\",\"item\":\"https:\\\/\\\/www.polonia.travel\\\/it\\\/elementi-di-polonia\\\/\"},{\"@type\":\"ListItem\",\"position\":3,\"name\":\"FUOCO\"}]},{\"@type\":\"WebSite\",\"@id\":\"https:\\\/\\\/www.polonia.travel\\\/it\\\/#website\",\"url\":\"https:\\\/\\\/www.polonia.travel\\\/it\\\/\",\"name\":\"Polonia Travel (IT)\",\"description\":\"...\",\"publisher\":{\"@id\":\"https:\\\/\\\/www.polonia.travel\\\/it\\\/#organization\"},\"potentialAction\":[{\"@type\":\"SearchAction\",\"target\":{\"@type\":\"EntryPoint\",\"urlTemplate\":\"https:\\\/\\\/www.polonia.travel\\\/it\\\/?s={search_term_string}\"},\"query-input\":{\"@type\":\"PropertyValueSpecification\",\"valueRequired\":true,\"valueName\":\"search_term_string\"}}],\"inLanguage\":\"pl-PL\"},{\"@type\":\"Organization\",\"@id\":\"https:\\\/\\\/www.polonia.travel\\\/it\\\/#organization\",\"name\":\"Polonia Travel (IT)\",\"url\":\"https:\\\/\\\/www.polonia.travel\\\/it\\\/\",\"logo\":{\"@type\":\"ImageObject\",\"inLanguage\":\"pl-PL\",\"@id\":\"https:\\\/\\\/www.polonia.travel\\\/it\\\/#\\\/schema\\\/logo\\\/image\\\/\",\"url\":\"\",\"contentUrl\":\"\",\"caption\":\"Polonia Travel (IT)\"},\"image\":{\"@id\":\"https:\\\/\\\/www.polonia.travel\\\/it\\\/#\\\/schema\\\/logo\\\/image\\\/\"}},{\"@type\":\"Person\",\"@id\":\"https:\\\/\\\/www.polonia.travel\\\/it\\\/#\\\/schema\\\/person\\\/f74307fcbf7175cab53701009659999c\",\"name\":\"dominkacichocka\",\"image\":{\"@type\":\"ImageObject\",\"inLanguage\":\"pl-PL\",\"@id\":\"https:\\\/\\\/secure.gravatar.com\\\/avatar\\\/fb7bfcc192fd09a917da7cef34ead0827f5216f24ca2cebcee100801250a2fda?s=96&d=mm&r=g\",\"url\":\"https:\\\/\\\/secure.gravatar.com\\\/avatar\\\/fb7bfcc192fd09a917da7cef34ead0827f5216f24ca2cebcee100801250a2fda?s=96&d=mm&r=g\",\"contentUrl\":\"https:\\\/\\\/secure.gravatar.com\\\/avatar\\\/fb7bfcc192fd09a917da7cef34ead0827f5216f24ca2cebcee100801250a2fda?s=96&d=mm&r=g\",\"caption\":\"dominkacichocka\"}}]}<\/script>\n<!-- \/ Yoast SEO plugin. -->","yoast_head_json":{"title":"FUOCO - Polonia Travel (IT)","robots":{"index":"index","follow":"follow","max-snippet":"max-snippet:-1","max-image-preview":"max-image-preview:large","max-video-preview":"max-video-preview:-1"},"canonical":"https:\/\/www.polonia.travel\/it\/fuoco\/","og_locale":"pl_PL","og_type":"article","og_title":"FUOCO - Polonia Travel (IT)","og_description":"FUOCO Il cuore arde e gli occhi si riempiono di meraviglia davanti ai colori, ai paesaggi e ai tramonti infuocati della Regione di Lublino. Albe accese che illuminano le suggestive Terre delle gole del Loess, tra bellezze naturali e fitti sentieri escursionistici, attivit\u00e0 acquatiche, come il kayak lungo i corsi dei fiumi, e turismo attivo, [&hellip;]","og_url":"https:\/\/www.polonia.travel\/it\/fuoco\/","og_site_name":"Polonia Travel (IT)","article_published_time":"2025-05-21T14:37:54+00:00","article_modified_time":"2025-08-12T11:57:12+00:00","og_image":[{"width":2500,"height":951,"url":"https:\/\/www.polonia.travel\/it\/wp-content\/uploads\/sites\/20\/2025\/05\/Cope-Facebook_FUOCO.jpg","type":"image\/jpeg"}],"author":"dominkacichocka","twitter_card":"summary_large_image","twitter_misc":{"Napisane przez":"dominkacichocka","Szacowany czas czytania":"10 minut"},"schema":{"@context":"https:\/\/schema.org","@graph":[{"@type":"Article","@id":"https:\/\/www.polonia.travel\/it\/fuoco\/#article","isPartOf":{"@id":"https:\/\/www.polonia.travel\/it\/fuoco\/"},"author":{"name":"dominkacichocka","@id":"https:\/\/www.polonia.travel\/it\/#\/schema\/person\/f74307fcbf7175cab53701009659999c"},"headline":"FUOCO","datePublished":"2025-05-21T14:37:54+00:00","dateModified":"2025-08-12T11:57:12+00:00","mainEntityOfPage":{"@id":"https:\/\/www.polonia.travel\/it\/fuoco\/"},"wordCount":1632,"commentCount":8,"publisher":{"@id":"https:\/\/www.polonia.travel\/it\/#organization"},"image":{"@id":"https:\/\/www.polonia.travel\/it\/fuoco\/#primaryimage"},"thumbnailUrl":"https:\/\/www.polonia.travel\/it\/wp-content\/uploads\/sites\/20\/2025\/05\/Cope-Facebook_FUOCO.jpg","keywords":["elementi"],"articleSection":["Elementi di Polonia"],"inLanguage":"pl-PL"},{"@type":"WebPage","@id":"https:\/\/www.polonia.travel\/it\/fuoco\/","url":"https:\/\/www.polonia.travel\/it\/fuoco\/","name":"FUOCO - Polonia Travel (IT)","isPartOf":{"@id":"https:\/\/www.polonia.travel\/it\/#website"},"primaryImageOfPage":{"@id":"https:\/\/www.polonia.travel\/it\/fuoco\/#primaryimage"},"image":{"@id":"https:\/\/www.polonia.travel\/it\/fuoco\/#primaryimage"},"thumbnailUrl":"https:\/\/www.polonia.travel\/it\/wp-content\/uploads\/sites\/20\/2025\/05\/Cope-Facebook_FUOCO.jpg","datePublished":"2025-05-21T14:37:54+00:00","dateModified":"2025-08-12T11:57:12+00:00","breadcrumb":{"@id":"https:\/\/www.polonia.travel\/it\/fuoco\/#breadcrumb"},"inLanguage":"pl-PL","potentialAction":[{"@type":"ReadAction","target":["https:\/\/www.polonia.travel\/it\/fuoco\/"]}]},{"@type":"ImageObject","inLanguage":"pl-PL","@id":"https:\/\/www.polonia.travel\/it\/fuoco\/#primaryimage","url":"https:\/\/www.polonia.travel\/it\/wp-content\/uploads\/sites\/20\/2025\/05\/Cope-Facebook_FUOCO.jpg","contentUrl":"https:\/\/www.polonia.travel\/it\/wp-content\/uploads\/sites\/20\/2025\/05\/Cope-Facebook_FUOCO.jpg","width":2500,"height":951},{"@type":"BreadcrumbList","@id":"https:\/\/www.polonia.travel\/it\/fuoco\/#breadcrumb","itemListElement":[{"@type":"ListItem","position":1,"name":"Home page","item":"https:\/\/www.polonia.travel\/it\/"},{"@type":"ListItem","position":2,"name":"Elementi di Polonia","item":"https:\/\/www.polonia.travel\/it\/elementi-di-polonia\/"},{"@type":"ListItem","position":3,"name":"FUOCO"}]},{"@type":"WebSite","@id":"https:\/\/www.polonia.travel\/it\/#website","url":"https:\/\/www.polonia.travel\/it\/","name":"Polonia Travel (IT)","description":"...","publisher":{"@id":"https:\/\/www.polonia.travel\/it\/#organization"},"potentialAction":[{"@type":"SearchAction","target":{"@type":"EntryPoint","urlTemplate":"https:\/\/www.polonia.travel\/it\/?s={search_term_string}"},"query-input":{"@type":"PropertyValueSpecification","valueRequired":true,"valueName":"search_term_string"}}],"inLanguage":"pl-PL"},{"@type":"Organization","@id":"https:\/\/www.polonia.travel\/it\/#organization","name":"Polonia Travel (IT)","url":"https:\/\/www.polonia.travel\/it\/","logo":{"@type":"ImageObject","inLanguage":"pl-PL","@id":"https:\/\/www.polonia.travel\/it\/#\/schema\/logo\/image\/","url":"","contentUrl":"","caption":"Polonia Travel (IT)"},"image":{"@id":"https:\/\/www.polonia.travel\/it\/#\/schema\/logo\/image\/"}},{"@type":"Person","@id":"https:\/\/www.polonia.travel\/it\/#\/schema\/person\/f74307fcbf7175cab53701009659999c","name":"dominkacichocka","image":{"@type":"ImageObject","inLanguage":"pl-PL","@id":"https:\/\/secure.gravatar.com\/avatar\/fb7bfcc192fd09a917da7cef34ead0827f5216f24ca2cebcee100801250a2fda?s=96&d=mm&r=g","url":"https:\/\/secure.gravatar.com\/avatar\/fb7bfcc192fd09a917da7cef34ead0827f5216f24ca2cebcee100801250a2fda?s=96&d=mm&r=g","contentUrl":"https:\/\/secure.gravatar.com\/avatar\/fb7bfcc192fd09a917da7cef34ead0827f5216f24ca2cebcee100801250a2fda?s=96&d=mm&r=g","caption":"dominkacichocka"}}]}},"_links":{"self":[{"href":"https:\/\/www.polonia.travel\/it\/wp-json\/wp\/v2\/posts\/41644","targetHints":{"allow":["GET"]}}],"collection":[{"href":"https:\/\/www.polonia.travel\/it\/wp-json\/wp\/v2\/posts"}],"about":[{"href":"https:\/\/www.polonia.travel\/it\/wp-json\/wp\/v2\/types\/post"}],"author":[{"embeddable":true,"href":"https:\/\/www.polonia.travel\/it\/wp-json\/wp\/v2\/users\/39"}],"replies":[{"embeddable":true,"href":"https:\/\/www.polonia.travel\/it\/wp-json\/wp\/v2\/comments?post=41644"}],"version-history":[{"count":16,"href":"https:\/\/www.polonia.travel\/it\/wp-json\/wp\/v2\/posts\/41644\/revisions"}],"predecessor-version":[{"id":41689,"href":"https:\/\/www.polonia.travel\/it\/wp-json\/wp\/v2\/posts\/41644\/revisions\/41689"}],"wp:featuredmedia":[{"embeddable":true,"href":"https:\/\/www.polonia.travel\/it\/wp-json\/wp\/v2\/media\/41537"}],"wp:attachment":[{"href":"https:\/\/www.polonia.travel\/it\/wp-json\/wp\/v2\/media?parent=41644"}],"wp:term":[{"taxonomy":"category","embeddable":true,"href":"https:\/\/www.polonia.travel\/it\/wp-json\/wp\/v2\/categories?post=41644"}],"curies":[{"name":"wp","href":"https:\/\/api.w.org\/{rel}","templated":true}]}}