{"id":39999,"date":"2024-11-26T19:07:46","date_gmt":"2024-11-26T18:07:46","guid":{"rendered":"https:\/\/www.polonia.travel\/it\/?p=39999"},"modified":"2025-08-12T16:29:24","modified_gmt":"2025-08-12T14:29:24","slug":"stettino","status":"publish","type":"post","link":"https:\/\/www.polonia.travel\/it\/stettino\/","title":{"rendered":"Stettino"},"content":{"rendered":"\n<div class=\"wp-block-group is-style-container\"><div class=\"wp-block-group__inner-container is-layout-constrained wp-block-group-is-layout-constrained\">\n<!-- empty -->\n\n\n<div class=\"metrics\">\n  <div class=\"metrics__text\">\n    <h1 class=\"is-style-heading-38 mb20 large-mb30\">Stettino &#8211; sfilate di velieri e filarmonica bianca<\/h1>\n    <p><strong>Le tre piazze principali della citt\u00e0, tutte a forma di stella, sono state progettate pensando a quelle della capitale francese. La loro posizione richiama quella delle piramidi di Giza rispetto al fiume Nilo e quella della costellazione di Orione rispetto alla Via Lattea. E questo \u00e8 solo l\u2019inizio&#8230;<\/strong><\/p>\n  <\/div>\n  <div class=\"metrics__sidebar\">\n    <div class=\"metrics-box\">\n              <div class=\"metrics-box__title\">Informazioni di base<\/div>\n        <div class=\"metrics-box__values\">\n                                        <div class=\"metrics-box__item\">\n      <div class=\"metrics-box__label\">Superficie <\/div>\n      <div class=\"metrics-box__value\">300,6 km\u00b2<\/div>\n    <\/div>\n                                <div class=\"metrics-box__item\">\n      <div class=\"metrics-box__label\">Abitanti<\/div>\n      <div class=\"metrics-box__value\">404 461 (2016)<\/div>\n    <\/div>\n                                <\/div>\n                    <div class=\"metrics-box__links\">\n                      <a href=\"https:\/\/visitszczecin.eu\/en\" class=\"metrics-box__link external\"\n                                  target=\"_blank\" rel=\"nofollow noopener noreferrer\"\n                            >www<\/a>\n                  <\/div>\n          <\/div>\n  <\/div>\n<\/div>\n<\/div><\/div>\n\n\n\n<div class=\"wp-block-group is-style-container-medium\"><div class=\"wp-block-group__inner-container is-layout-constrained wp-block-group-is-layout-constrained\">\n<p>Bench\u00e9 sia il capoluogo di una regione come la Pomerania occidentale, che ha ben 185 chilometri di costa, Stettino non si trova sul mare. In compenso, \u00e8 attraversata dal fiume Odra, che si pu\u00f2 ammirare al meglio dalle <strong>terrazze<\/strong> <strong>panoramiche Haken<\/strong> ma anche costeggiare con una crociera fluviale almeno fino ad arrivare al relitto della nave cisterna tedesca \u201cUlrich Finsterwalder\u201d, affondata durante la II guerra mondiale nelle acque del <strong>D\u0105bie<\/strong>, il quarto lago pi\u00f9 grande di tutta la Polonia, sulle cui spiagge ci si pu\u00f2 rilassare e fare il bagno, come del resto succede anche sugli altri laghi della citt\u00e0: <strong>il lago<\/strong> <strong>G\u0142\u0119bokie<\/strong>,&nbsp;<strong>il lago<\/strong> <strong>Dziewoklicz<\/strong>&nbsp;e <strong>il lago<\/strong>&nbsp;<strong>Miedwie.<\/strong><\/p>\n\n\n\n<p><strong>Le cose da vedere, tutto intorno ai laghi<\/strong><\/p>\n\n\n\n<p>La zona pi\u00f9 amata di Stettino \u00e8 l\u2019isola<strong> Jask\u00f3\u0142cza, un\u2019isoletta che <\/strong>i pi\u00f9 romantici chiamano la <strong>Venezia di Stettino, <\/strong>raggiungibile grazie ai <strong>Kayak a noleggio<\/strong> offerti dal Comune oppure a piedi in modo tradizionale da via Kolumba 88\/89 tramite un piccolo ponte. Il riferimento a Venezia \u00e8 dovuto anche alle facciate dei palazzi in mattoni, anticamente sede di distillerie, che ricordano la Giudecca sulla Laguna veneziana.<\/p>\n\n\n\n<p>Continuando lungo il fiume Odra si incontra la ben pi\u00f9 grande isola <strong>\u0141asztownia<\/strong>, caratterizzata dal ruolo che aveva in passato, di luogo dedicato al carico e allo scarico delle merci dal porto. E infatti un altro simbolo di quel periodo sono le gru monumentali situate sulla <strong>riva della Citt\u00e0 Vecchia<\/strong> che di notte, con le luci che le illuminano, somigliano a creature preistoriche. Al punto che i locali le chiamano informalmente \u201cGrusauri\u201c.<\/p>\n\n\n\n<p>Da qui, \u00e8 possibile scorgere in lontananza l\u2019albero maestro del cargo SS. Kapitan K. Maciejewicz. Questo \u00e8 il nome che portava nel 1985, anno della sua rottamazione, ma durante la sua lunga carriera ha portato anche altri nomi.<\/p>\n\n\n\n<p>Per rilassarsi, \u00e8 possibile fermarsi in una delle accoglienti caffetterie sui <strong>viali<\/strong>, passeggiare, andare in bicicletta o magari ammirare le barche ancorate a riva oppure visitare il Vecchio Macello oggi <strong>Centro Culturale dell\u2019Euroregione Pomerania<\/strong>.<\/p>\n\n\n\n<p><strong>Nel quartiere di Zdroje, \u00e8 possibile ammirare il lago di smeraldo<\/strong>, che regala sfumature di colore all\u2019altezza del nome che porta. Si trova all\u2019interno del <strong>Parco Paesaggistico della Foresta di Faggio<\/strong> ed \u00e8 un lago artificiale nato dove prima c\u2019era una miniera di gesso. Motivo per cui sul suo fondo ancora si possono trovare i resti di vecchie macchine per gli scavi.<\/p>\n\n\n\n<p>La zona del lago \u00e8 anche l\u2019habitat naturale di molti animali protetti tra cui pipistrelli che vanno in letargo negli anfratti delle vecchie gallerie dei minatori.<\/p>\n<\/div><\/div>\n\n\n\n<div style=\"height:100px\" aria-hidden=\"true\" class=\"wp-block-spacer is-style-spacer-small\"><\/div>\n\n\n\n<div class=\"wp-block-group is-style-container\"><div class=\"wp-block-group__inner-container is-layout-constrained wp-block-group-is-layout-constrained\">  <div class=\"gallery-tiles gallery-tiles--rows-2-3 lightgallery\">\r\n          <a href=\"https:\/\/www.polonia.travel\/it\/wp-content\/uploads\/sites\/20\/2023\/03\/szczecin_tarasy_widokowe_1170.jpg\" class=\"gallery-tiles__item\" data-src=\"https:\/\/www.polonia.travel\/it\/wp-content\/uploads\/sites\/20\/2023\/03\/szczecin_tarasy_widokowe_1170.jpg\"\r\n        aria-label=\"Otw\u00f3rz powi\u0119kszone zdj\u0119cie: Way Chrobrego,(tarasy Hakena),Sczecin,Polska\">\r\n        <img loading=\"lazy\" decoding=\"async\" width=\"1170\" height=\"780\" src=\"https:\/\/www.polonia.travel\/it\/wp-content\/uploads\/sites\/20\/2023\/03\/szczecin_tarasy_widokowe_1170.jpg\" class=\"gallery-tiles__thumb\" alt=\"\" srcset=\"https:\/\/www.polonia.travel\/it\/wp-content\/uploads\/sites\/20\/2023\/03\/szczecin_tarasy_widokowe_1170.jpg 1170w, https:\/\/www.polonia.travel\/it\/wp-content\/uploads\/sites\/20\/2023\/03\/szczecin_tarasy_widokowe_1170-600x400.jpg 600w, https:\/\/www.polonia.travel\/it\/wp-content\/uploads\/sites\/20\/2023\/03\/szczecin_tarasy_widokowe_1170-768x512.jpg 768w\" sizes=\"auto, (max-width: 1170px) 100vw, 1170px\" \/>      <\/a>\r\n          <a href=\"https:\/\/www.polonia.travel\/it\/wp-content\/uploads\/sites\/20\/2022\/12\/szczecin_port_1170.jpg\" class=\"gallery-tiles__item\" data-src=\"https:\/\/www.polonia.travel\/it\/wp-content\/uploads\/sites\/20\/2022\/12\/szczecin_port_1170.jpg\"\r\n        aria-label=\"Otw\u00f3rz powi\u0119kszone zdj\u0119cie: szczecin_port_1170\">\r\n        <img loading=\"lazy\" decoding=\"async\" width=\"1170\" height=\"780\" src=\"https:\/\/www.polonia.travel\/it\/wp-content\/uploads\/sites\/20\/2022\/12\/szczecin_port_1170.jpg\" class=\"gallery-tiles__thumb\" alt=\"\" srcset=\"https:\/\/www.polonia.travel\/it\/wp-content\/uploads\/sites\/20\/2022\/12\/szczecin_port_1170.jpg 1170w, https:\/\/www.polonia.travel\/it\/wp-content\/uploads\/sites\/20\/2022\/12\/szczecin_port_1170-600x400.jpg 600w, https:\/\/www.polonia.travel\/it\/wp-content\/uploads\/sites\/20\/2022\/12\/szczecin_port_1170-768x512.jpg 768w\" sizes=\"auto, (max-width: 1170px) 100vw, 1170px\" \/>      <\/a>\r\n          <a href=\"https:\/\/www.polonia.travel\/it\/wp-content\/uploads\/sites\/20\/2024\/11\/AdobeStock_455119972_Szczecin_Waly_Chrobrego.jpeg\" class=\"gallery-tiles__item\" data-src=\"https:\/\/www.polonia.travel\/it\/wp-content\/uploads\/sites\/20\/2024\/11\/AdobeStock_455119972_Szczecin_Waly_Chrobrego.jpeg\"\r\n        aria-label=\"Otw\u00f3rz powi\u0119kszone zdj\u0119cie: Szczecin, Poland. Aerial view of historic buildings on the bank of Oder river\">\r\n        <img loading=\"lazy\" decoding=\"async\" width=\"1000\" height=\"635\" src=\"https:\/\/www.polonia.travel\/it\/wp-content\/uploads\/sites\/20\/2024\/11\/AdobeStock_455119972_Szczecin_Waly_Chrobrego.jpeg\" class=\"gallery-tiles__thumb\" alt=\"\" srcset=\"https:\/\/www.polonia.travel\/it\/wp-content\/uploads\/sites\/20\/2024\/11\/AdobeStock_455119972_Szczecin_Waly_Chrobrego.jpeg 1000w, https:\/\/www.polonia.travel\/it\/wp-content\/uploads\/sites\/20\/2024\/11\/AdobeStock_455119972_Szczecin_Waly_Chrobrego-600x381.jpeg 600w, https:\/\/www.polonia.travel\/it\/wp-content\/uploads\/sites\/20\/2024\/11\/AdobeStock_455119972_Szczecin_Waly_Chrobrego-768x488.jpeg 768w\" sizes=\"auto, (max-width: 1000px) 100vw, 1000px\" \/>      <\/a>\r\n          <a href=\"https:\/\/www.polonia.travel\/it\/wp-content\/uploads\/sites\/20\/2022\/12\/szczecin_waly_chrobrego_odra_zachodnia_1170.jpg\" class=\"gallery-tiles__item\" data-src=\"https:\/\/www.polonia.travel\/it\/wp-content\/uploads\/sites\/20\/2022\/12\/szczecin_waly_chrobrego_odra_zachodnia_1170.jpg\"\r\n        aria-label=\"Otw\u00f3rz powi\u0119kszone zdj\u0119cie: Szczecin\">\r\n        <img loading=\"lazy\" decoding=\"async\" width=\"1170\" height=\"780\" src=\"https:\/\/www.polonia.travel\/it\/wp-content\/uploads\/sites\/20\/2022\/12\/szczecin_waly_chrobrego_odra_zachodnia_1170.jpg\" class=\"gallery-tiles__thumb\" alt=\"Szczecin\" srcset=\"https:\/\/www.polonia.travel\/it\/wp-content\/uploads\/sites\/20\/2022\/12\/szczecin_waly_chrobrego_odra_zachodnia_1170.jpg 1170w, https:\/\/www.polonia.travel\/it\/wp-content\/uploads\/sites\/20\/2022\/12\/szczecin_waly_chrobrego_odra_zachodnia_1170-600x400.jpg 600w, https:\/\/www.polonia.travel\/it\/wp-content\/uploads\/sites\/20\/2022\/12\/szczecin_waly_chrobrego_odra_zachodnia_1170-768x512.jpg 768w\" sizes=\"auto, (max-width: 1170px) 100vw, 1170px\" \/>      <\/a>\r\n      <\/div>\r\n<\/div><\/div>\n\n\n\n<div style=\"height:100px\" aria-hidden=\"true\" class=\"wp-block-spacer is-style-spacer-small\"><\/div>\n\n\n\n<div class=\"wp-block-group is-style-container-medium\"><div class=\"wp-block-group__inner-container is-layout-constrained wp-block-group-is-layout-constrained\">\n<p><strong>Un importante pezzo di storia<\/strong><\/p>\n\n\n\n<p>Il modo migliore per farsi conquistare velocemente da Stettino \u00e8 visitarla lungo <strong>l\u2019Itinerario Turistico Cittadino<\/strong> lungo il quale troverete il <strong>Teatro Sinfonico<\/strong> <strong>M. Kar\u0142owicz<\/strong>&nbsp;con il suo peculiare edificio a forma di iceberg,&nbsp;<strong>il Castello dei Principi di Pomerania, Piazza Solidarno\u015b\u0107<\/strong> che ricorda il ruolo chiave di Stettino nella transizione al liberalismo dopo il socialismo, <strong>il Centro per il Dialogo \u201cPassaggi\u201d <\/strong>con una mostra dedicata alla storia post-bellica della citt\u00e0, <strong>la Cattedrale di San Giacomo, La Porta Reale, La Porta del Porto<\/strong> e i luoghi dove nacquero due future zarine di Russia: Caterina la Grande e Maria Fjodorovna, moglie dello zar Alessandro III.<\/p>\n\n\n\n<p>A Stettino c\u2019\u00e8 anche un Museo Nazionale nato con l\u2019obiettivo di \u201ccostruire l\u2019identit\u00e0 regionale, nazionale ed europea della Pomerania Occidentale e dei suoi abitanti in uno spirito multiculturale, di dialogo e collaborazione tra Paesi. Sotto la sua egida, ci sono anche altri istituti sparsi nel resto della citt\u00e0 come <strong>il Museo delle Tradizioni Regionali.<\/strong><\/p>\n\n\n\n<p>Per chi vuole sapere che aspetto avessero e come funzionassero i mezzi di trasporto prodotti a Stettino c\u2019\u00e8 <strong>il Museo della Tecnica e dei Trasporti<\/strong> dove ammirare tra le altre cose le bici di anteguerra, le automobili Stoewer, le iconiche moto Junak e il prototipo di utilitaria Smyk.<\/p>\n\n\n\n<p><strong>E per rilassarsi?<\/strong><\/p>\n\n\n\n<p>Stettino una volta era chiamata la citt\u00e0 del verde e in effetti ancora oggi il territorio comunale offre oltre 500 ettari di verde urbano divisi in 15 parchi di 142 ettari totali, 90 giardini pubblici per un totale di 55,2 ettari e vari cimiteri che occupano insieme 193,87 ettari, oltre a dei veri e propri boschi nel cuore della citt\u00e0. Vedere per credere: basta fare un giro per <strong>Jasne B\u0142onia<\/strong>&nbsp;vicino al <strong>Municipio<\/strong> e al <strong>Parco Kasprowicz<\/strong>, il pi\u00f9 grande della citt\u00e0, affiancato dall\u2019<strong>Orto Botanico<\/strong>&nbsp;<strong>\u201cR\u00f3\u017canka\u201d pronto a inebriarvi del profumo delle sue oltre 9 mila rose in 99 varianti e dove ammirare la Fontana degli Uccelli in mattoni rossi.<\/strong><\/p>\n\n\n\n<p>Il Cimitero Centrale di Stettino, con i suoi 170 ettari, \u00e8 il pi\u00f9 grande di tutta la Polonia. Le tombe sono circondate da centinaia di alberi e piante di varie specie ed \u00e8 possibile ammirare sepolcri e lapidi di grande valore artistico e che ricordano personaggi famosi per la comunit\u00e0 locale come il capitano Maciejewicz e la cantante e Helena Majdaniec, considerata \u201cla regina del twist\u201d.<\/p>\n\n\n\n<p>Stettino conquista anche con i suoi quartieri residenziali come per esempio Pogodno, anche questo immerso nel verde e famoso per le tipiche ville in stile architettonico tedesco.<\/p>\n\n\n\n<p>Prima di lasciare questa citt\u00e0, \u00e8 d\u2019obbligo provare il locale pasticciotto di carne in pasta sfoglia, meglio se quello servito nel Bar Pasztecik in via Wojska Polskiego, il locale pi\u00f9 antico in citt\u00e0 a proporre questo piatto tradizionale.<\/p>\n\n\n\n<p>Gli eventi pi\u00f9 interessanti in citt\u00e0 sono: <strong>i Giorni dell\u2019Odra, i Giorni del Mare, le Tall Ship Races, il Mercatino di San Giacomo,<\/strong> <strong>il Festival dei Fuochi d\u2019Artificio<\/strong>, <strong>il Festival<\/strong>&nbsp;<strong>Szczecin Jazz<\/strong>,&nbsp;<strong>lo<\/strong> <strong>Szczecin Music Fest<\/strong>&nbsp;e <strong>la Rassegna Teatrale<\/strong> <strong>Kontrapunkt<\/strong>.<\/p>\n<\/div><\/div>\n\n\n\n<div style=\"height:100px\" aria-hidden=\"true\" class=\"wp-block-spacer is-style-spacer-small\"><\/div>\n\n\n\n<div class=\"wp-block-group has-background\" style=\"background-color:#eeeeee\"><div class=\"wp-block-group__inner-container is-layout-constrained wp-block-group-is-layout-constrained\">\n<div style=\"height:100px\" aria-hidden=\"true\" class=\"wp-block-spacer is-style-spacer-small\"><\/div>\n\n\n\n<div class=\"wp-block-group is-style-container\"><div class=\"wp-block-group__inner-container is-layout-constrained wp-block-group-is-layout-constrained\">\n<h3 class=\"wp-block-heading\">Scopri di pi\u00f9<\/h3>\n\n\n\n<div style=\"height:100px\" aria-hidden=\"true\" class=\"wp-block-spacer is-style-spacer-small\"><\/div>\n\n\n<div class=\"overflow\">\n  <div class=\"post-slider swiper post-slider--small\" data-schema=\"small\">\n\n    <div class=\"swiper-wrapper\">\n              <div class=\"swiper-slide post-slide\">\n                      <a href=\"https:\/\/www.polonia.travel\/it\/stettino\/\" class=\"post-box post-box--small\" style=\" background-image: url(https:\/\/www.polonia.travel\/it\/wp-content\/uploads\/sites\/20\/2024\/11\/AdobeStock_132580111_Szczecin-600x260.jpeg);\">\n          <div class=\"post-box__hover\" style=\"background-image: url(https:\/\/www.polonia.travel\/it\/wp-content\/uploads\/sites\/20\/2024\/05\/16xZP_Szczecin-1-600x367.jpg);\"><\/div>\n        <div class=\"post-box__info\">\n            <div class=\"post-box__title\">Stettino<\/div>\n      <div class=\"post-box__more\">Leggi di pi\u00f9<\/div>\n    <\/div>\n  <\/a>\n\n          <\/div>\n              <div class=\"swiper-slide post-slide\">\n                      <a href=\"https:\/\/www.polonia.travel\/it\/gorzow-wielkopolski\/\" class=\"post-box post-box--small\" style=\" background-image: url(https:\/\/www.polonia.travel\/it\/wp-content\/uploads\/sites\/20\/2023\/02\/Trakt-krolewski-ulic-600x400.jpg);\">\n          <div class=\"post-box__hover\" style=\"background-image: url(https:\/\/www.polonia.travel\/it\/wp-content\/uploads\/sites\/20\/2022\/12\/gorzow_wlk_stakada_kolejowa_1170-1-600x400.jpg);\"><\/div>\n        <div class=\"post-box__info\">\n            <div class=\"post-box__title\">Gorz\u00f3w Wielkopolski<\/div>\n      <div class=\"post-box__more\">Leggi di pi\u00f9<\/div>\n    <\/div>\n  <\/a>\n\n          <\/div>\n              <div class=\"swiper-slide post-slide\">\n                      <a href=\"https:\/\/www.polonia.travel\/it\/zielona-gora\/\" class=\"post-box post-box--small\" style=\" background-image: url(https:\/\/www.polonia.travel\/it\/wp-content\/uploads\/sites\/20\/2024\/07\/AdobeStock_264486646_zielona_gora-600x400.jpeg);\">\n          <div class=\"post-box__hover\" style=\"background-image: url(https:\/\/www.polonia.travel\/it\/wp-content\/uploads\/sites\/20\/2024\/07\/AdobeStock_289584512_stara_winnica_zielona_gora-600x399.jpeg);\"><\/div>\n        <div class=\"post-box__info\">\n            <div class=\"post-box__title\">Zielona G\u00f3ra<\/div>\n      <div class=\"post-box__more\">Leggi di pi\u00f9<\/div>\n    <\/div>\n  <\/a>\n\n          <\/div>\n              <div class=\"swiper-slide post-slide\">\n                      <a href=\"https:\/\/www.polonia.travel\/it\/rzeszow\/\" class=\"post-box post-box--small\" style=\" background-image: url(https:\/\/www.polonia.travel\/it\/wp-content\/uploads\/sites\/20\/2024\/07\/Rzeszow_002-600x400.jpg);\">\n          <div class=\"post-box__hover\" style=\"background-image: url(https:\/\/www.polonia.travel\/it\/wp-content\/uploads\/sites\/20\/2024\/07\/AdobeStock_509486826_Rzeszow-600x400.jpeg);\"><\/div>\n        <div class=\"post-box__info\">\n            <div class=\"post-box__title\">Rzesz\u00f3w<\/div>\n      <div class=\"post-box__more\">Leggi di pi\u00f9<\/div>\n    <\/div>\n  <\/a>\n\n          <\/div>\n              <div class=\"swiper-slide post-slide\">\n                      <a href=\"https:\/\/www.polonia.travel\/it\/opole\/\" class=\"post-box post-box--small\" style=\" background-image: url(https:\/\/www.polonia.travel\/it\/wp-content\/uploads\/sites\/20\/2024\/07\/AdobeStock_122179190_Opole-600x400.jpeg);\">\n          <div class=\"post-box__hover\" style=\"background-image: url(https:\/\/www.polonia.travel\/it\/wp-content\/uploads\/sites\/20\/2023\/02\/6940_Opole_MG-xl-600x400.jpg);\"><\/div>\n        <div class=\"post-box__info\">\n            <div class=\"post-box__title\">Opole<\/div>\n      <div class=\"post-box__more\">Leggi di pi\u00f9<\/div>\n    <\/div>\n  <\/a>\n\n          <\/div>\n              <div class=\"swiper-slide post-slide\">\n                      <a href=\"https:\/\/www.polonia.travel\/it\/katowice\/\" class=\"post-box post-box--small\" style=\" background-image: url(https:\/\/www.polonia.travel\/it\/wp-content\/uploads\/sites\/20\/2024\/07\/AdobeStock_517082133_katowice_nikiszowiec-600x400.jpeg);\">\n          <div class=\"post-box__hover\" style=\"background-image: url(https:\/\/www.polonia.travel\/it\/wp-content\/uploads\/sites\/20\/2024\/07\/226185431_Katowice_Strefa_Kultury-600x450.jpg);\"><\/div>\n        <div class=\"post-box__info\">\n            <div class=\"post-box__title\">Katowice<\/div>\n      <div class=\"post-box__more\">Leggi di pi\u00f9<\/div>\n    <\/div>\n  <\/a>\n\n          <\/div>\n              <div class=\"swiper-slide post-slide\">\n                      <a href=\"https:\/\/www.polonia.travel\/it\/kielce\/\" class=\"post-box post-box--small\" style=\" background-image: url(https:\/\/www.polonia.travel\/it\/wp-content\/uploads\/sites\/20\/2023\/07\/Kielce3_Fot_Slawek_Rakowski-600x450.jpg);\">\n          <div class=\"post-box__hover\" style=\"background-image: url(https:\/\/www.polonia.travel\/it\/wp-content\/uploads\/sites\/20\/2023\/07\/Kielce4_Fot_Slawek_Rakowski-600x450.jpg);\"><\/div>\n        <div class=\"post-box__info\">\n            <div class=\"post-box__title\">Kielce<\/div>\n      <div class=\"post-box__more\">Leggi di pi\u00f9<\/div>\n    <\/div>\n  <\/a>\n\n          <\/div>\n              <div class=\"swiper-slide post-slide\">\n                      <a href=\"https:\/\/www.polonia.travel\/it\/olsztyn\/\" class=\"post-box post-box--small\" style=\" background-image: url(https:\/\/www.polonia.travel\/it\/wp-content\/uploads\/sites\/20\/2022\/12\/olsztyn_panorama_1170-1-600x400.jpg);\">\n          <div class=\"post-box__hover\" style=\"background-image: url(https:\/\/www.polonia.travel\/it\/wp-content\/uploads\/sites\/20\/2023\/02\/olsztyn_panorama_3_1170-e1676903814149-600x346.jpg);\"><\/div>\n        <div class=\"post-box__info\">\n            <div class=\"post-box__title\">Olsztyn<\/div>\n      <div class=\"post-box__more\">Leggi di pi\u00f9<\/div>\n    <\/div>\n  <\/a>\n\n          <\/div>\n              <div class=\"swiper-slide post-slide\">\n                      <a href=\"https:\/\/www.polonia.travel\/it\/bialystok-podlaskie\/\" class=\"post-box post-box--small\" style=\" background-image: url(https:\/\/www.polonia.travel\/it\/wp-content\/uploads\/sites\/20\/2022\/12\/bialystok_palac_branickich_2_1170-1-600x400.jpg);\">\n          <div class=\"post-box__hover\" style=\"background-image: url(https:\/\/www.polonia.travel\/it\/wp-content\/uploads\/sites\/20\/2024\/07\/POT_Wybrane-022_Bialystok-600x449.jpg);\"><\/div>\n        <div class=\"post-box__info\">\n            <div class=\"post-box__title\">Bia\u0142ystok<\/div>\n      <div class=\"post-box__more\">Leggi di pi\u00f9<\/div>\n    <\/div>\n  <\/a>\n\n          <\/div>\n              <div class=\"swiper-slide post-slide\">\n                      <a href=\"https:\/\/www.polonia.travel\/it\/bydgoszcz\/\" class=\"post-box post-box--small\" style=\" background-image: url(https:\/\/www.polonia.travel\/it\/wp-content\/uploads\/sites\/20\/2024\/07\/AdobeStock_529436426_Bydgoszcz-600x449.jpeg);\">\n          <div class=\"post-box__hover\" style=\"background-image: url(https:\/\/www.polonia.travel\/it\/wp-content\/uploads\/sites\/20\/2024\/05\/Bydgoszcz1170-10-600x400.jpg);\"><\/div>\n        <div class=\"post-box__info\">\n            <div class=\"post-box__title\">Bydgoszcz<\/div>\n      <div class=\"post-box__more\">Leggi di pi\u00f9<\/div>\n    <\/div>\n  <\/a>\n\n          <\/div>\n              <div class=\"swiper-slide post-slide\">\n                      <a href=\"https:\/\/www.polonia.travel\/it\/danzica\/\" class=\"post-box post-box--small\" style=\" background-image: url(https:\/\/www.polonia.travel\/it\/wp-content\/uploads\/sites\/20\/2024\/05\/Danzica-6.jpg);\">\n          <div class=\"post-box__hover\" style=\"background-image: url(https:\/\/www.polonia.travel\/it\/wp-content\/uploads\/sites\/20\/2024\/05\/Danzica20copia-min-37.jpg);\"><\/div>\n        <div class=\"post-box__info\">\n            <div class=\"post-box__title\">Danzica<\/div>\n      <div class=\"post-box__more\">Leggi di pi\u00f9<\/div>\n    <\/div>\n  <\/a>\n\n          <\/div>\n              <div class=\"swiper-slide post-slide\">\n                      <a href=\"https:\/\/www.polonia.travel\/it\/lublino\/\" class=\"post-box post-box--small\" style=\" background-image: url(https:\/\/www.polonia.travel\/it\/wp-content\/uploads\/sites\/20\/2024\/05\/14_Lublin__cebularze_KD_HR-1-600x450.jpg);\">\n          <div class=\"post-box__hover\" style=\"background-image: url(https:\/\/www.polonia.travel\/it\/wp-content\/uploads\/sites\/20\/2024\/05\/LUBLINO-1-600x400.jpg);\"><\/div>\n        <div class=\"post-box__info\">\n            <div class=\"post-box__title\">Lublino<\/div>\n      <div class=\"post-box__more\">Leggi di pi\u00f9<\/div>\n    <\/div>\n  <\/a>\n\n          <\/div>\n              <div class=\"swiper-slide post-slide\">\n                      <a href=\"https:\/\/www.polonia.travel\/it\/lodz\/\" class=\"post-box post-box--small\" style=\" background-image: url(https:\/\/www.polonia.travel\/it\/wp-content\/uploads\/sites\/20\/2024\/07\/Lodz_Manufaktura-weaving-mill-view-600x337.jpg);\">\n          <div class=\"post-box__hover\" style=\"background-image: url(https:\/\/www.polonia.travel\/it\/wp-content\/uploads\/sites\/20\/2024\/05\/LODZ_1-1-600x400.jpg);\"><\/div>\n        <div class=\"post-box__info\">\n            <div class=\"post-box__title\">\u0141\u00f3d\u017a<\/div>\n      <div class=\"post-box__more\">Leggi di pi\u00f9<\/div>\n    <\/div>\n  <\/a>\n\n          <\/div>\n              <div class=\"swiper-slide post-slide\">\n                      <a href=\"https:\/\/www.polonia.travel\/it\/poznan\/\" class=\"post-box post-box--small\" style=\" background-image: url(https:\/\/www.polonia.travel\/it\/wp-content\/uploads\/sites\/20\/2024\/07\/GettyImages-845560082_poznan-600x401.jpg);\">\n          <div class=\"post-box__hover\" style=\"background-image: url(https:\/\/www.polonia.travel\/it\/wp-content\/uploads\/sites\/20\/2025\/01\/Capretti-Poznan-fot-Jakub-Pindych.jpg);\"><\/div>\n        <div class=\"post-box__info\">\n            <div class=\"post-box__title\">Pozna\u0144<\/div>\n      <div class=\"post-box__more\">Leggi di pi\u00f9<\/div>\n    <\/div>\n  <\/a>\n\n          <\/div>\n              <div class=\"swiper-slide post-slide\">\n                      <a href=\"https:\/\/www.polonia.travel\/it\/wroclaw-breslavia\/\" class=\"post-box post-box--small\" style=\" background-image: url(https:\/\/www.polonia.travel\/it\/wp-content\/uploads\/sites\/20\/2024\/07\/GettyImages-959289774_wroclaw_ostrow_tumski-600x400.jpg);\">\n          <div class=\"post-box__hover\" style=\"background-image: url(https:\/\/www.polonia.travel\/it\/wp-content\/uploads\/sites\/20\/2025\/01\/245373114_Wroclaw_ratusz_Adobe-2.jpg);\"><\/div>\n        <div class=\"post-box__info\">\n            <div class=\"post-box__title\">Breslavia<\/div>\n      <div class=\"post-box__more\">Leggi di pi\u00f9<\/div>\n    <\/div>\n  <\/a>\n\n          <\/div>\n              <div class=\"swiper-slide post-slide\">\n                      <a href=\"https:\/\/www.polonia.travel\/it\/torun\/\" class=\"post-box post-box--small\" style=\" background-image: url(https:\/\/www.polonia.travel\/it\/wp-content\/uploads\/sites\/20\/2024\/05\/605038_Torun-dom-Kopernika_HR-1-600x400.jpg);\">\n          <div class=\"post-box__hover\" style=\"background-image: url(https:\/\/www.polonia.travel\/it\/wp-content\/uploads\/sites\/20\/2022\/12\/torun_panorama_wisla_1170-600x400.jpg);\"><\/div>\n        <div class=\"post-box__info\">\n            <div class=\"post-box__title\">Toru\u0144<\/div>\n      <div class=\"post-box__more\">Leggi di pi\u00f9<\/div>\n    <\/div>\n  <\/a>\n\n          <\/div>\n              <div class=\"swiper-slide post-slide\">\n                      <a href=\"https:\/\/www.polonia.travel\/it\/cracovia\/\" class=\"post-box post-box--small\" style=\" background-image: url(https:\/\/www.polonia.travel\/it\/wp-content\/uploads\/sites\/20\/2024\/07\/GettyImages-816871864_krakow-600x400.jpg);\">\n          <div class=\"post-box__hover\" style=\"background-image: url(https:\/\/www.polonia.travel\/it\/wp-content\/uploads\/sites\/20\/2024\/07\/AdobeStock_574882100_Krakow-600x449.jpeg);\"><\/div>\n        <div class=\"post-box__info\">\n            <div class=\"post-box__title\">Cracovia<\/div>\n      <div class=\"post-box__more\">Leggi di pi\u00f9<\/div>\n    <\/div>\n  <\/a>\n\n          <\/div>\n              <div class=\"swiper-slide post-slide\">\n                      <a href=\"https:\/\/www.polonia.travel\/it\/varsavia-capitale-della-polonia\/\" class=\"post-box post-box--small\" style=\" background-image: url(https:\/\/www.polonia.travel\/it\/wp-content\/uploads\/sites\/20\/2024\/07\/GettyImages-1166316683_Warszawa-600x400.jpg);\">\n          <div class=\"post-box__hover\" style=\"background-image: url(https:\/\/www.polonia.travel\/it\/wp-content\/uploads\/sites\/20\/2022\/12\/warszawa_lazienki_krolewskie_wiosna_1170-1-600x400.jpeg);\"><\/div>\n        <div class=\"post-box__info\">\n            <div class=\"post-box__title\">Varsavia<\/div>\n      <div class=\"post-box__more\">Leggi di pi\u00f9<\/div>\n    <\/div>\n  <\/a>\n\n          <\/div>\n          <\/div>\n    <div class=\"post-slider__pagination\"><\/div>\n  <\/div>\n<\/div>\n<\/div><\/div>\n\n\n\n<div style=\"height:100px\" aria-hidden=\"true\" class=\"wp-block-spacer is-style-spacer-small\"><\/div>\n<\/div><\/div>\n","protected":false},"excerpt":{"rendered":"<p>Bench\u00e9 sia il capoluogo di una regione come la Pomerania occidentale, che ha ben 185 chilometri di costa, Stettino non si trova sul mare. In compenso, \u00e8 attraversata dal fiume Odra, che si pu\u00f2 ammirare al meglio dalle terrazze panoramiche Haken ma anche costeggiare con una crociera fluviale almeno fino ad arrivare al relitto della [&hellip;]<\/p>\n","protected":false},"author":20,"featured_media":41758,"comment_status":"open","ping_status":"open","sticky":false,"template":"","format":"standard","meta":{"_acf_changed":false,"footnotes":""},"categories":[1037],"class_list":["post-39999","post","type-post","status-publish","format-standard","has-post-thumbnail","hentry","category-citta"],"acf":[],"yoast_head":"<!-- This site is optimized with the Yoast SEO plugin v27.4 - https:\/\/yoast.com\/product\/yoast-seo-wordpress\/ -->\n<title>Stettino - Polonia Travel (IT)<\/title>\n<meta name=\"robots\" content=\"index, follow, max-snippet:-1, max-image-preview:large, max-video-preview:-1\" \/>\n<link rel=\"canonical\" href=\"https:\/\/www.polonia.travel\/it\/stettino\/\" \/>\n<meta property=\"og:locale\" content=\"pl_PL\" \/>\n<meta property=\"og:type\" content=\"article\" \/>\n<meta property=\"og:title\" content=\"Stettino - Polonia Travel (IT)\" \/>\n<meta property=\"og:description\" content=\"Bench\u00e9 sia il capoluogo di una regione come la Pomerania occidentale, che ha ben 185 chilometri di costa, Stettino non si trova sul mare. In compenso, \u00e8 attraversata dal fiume Odra, che si pu\u00f2 ammirare al meglio dalle terrazze panoramiche Haken ma anche costeggiare con una crociera fluviale almeno fino ad arrivare al relitto della [&hellip;]\" \/>\n<meta property=\"og:url\" content=\"https:\/\/www.polonia.travel\/it\/stettino\/\" \/>\n<meta property=\"og:site_name\" content=\"Polonia Travel (IT)\" \/>\n<meta property=\"article:published_time\" content=\"2024-11-26T18:07:46+00:00\" \/>\n<meta property=\"article:modified_time\" content=\"2025-08-12T14:29:24+00:00\" \/>\n<meta property=\"og:image\" content=\"https:\/\/www.polonia.travel\/it\/wp-content\/uploads\/sites\/20\/2024\/11\/GettyImages-1217001544_Szczecin-scaled.jpg\" \/>\n\t<meta property=\"og:image:width\" content=\"2560\" \/>\n\t<meta property=\"og:image:height\" content=\"1440\" \/>\n\t<meta property=\"og:image:type\" content=\"image\/jpeg\" \/>\n<meta name=\"author\" content=\"jerzy.spyra\" \/>\n<meta name=\"twitter:card\" content=\"summary_large_image\" \/>\n<meta name=\"twitter:label1\" content=\"Napisane przez\" \/>\n\t<meta name=\"twitter:data1\" content=\"jerzy.spyra\" \/>\n\t<meta name=\"twitter:label2\" content=\"Szacowany czas czytania\" \/>\n\t<meta name=\"twitter:data2\" content=\"6 minut\" \/>\n<script type=\"application\/ld+json\" class=\"yoast-schema-graph\">{\"@context\":\"https:\\\/\\\/schema.org\",\"@graph\":[{\"@type\":\"Article\",\"@id\":\"https:\\\/\\\/www.polonia.travel\\\/it\\\/stettino\\\/#article\",\"isPartOf\":{\"@id\":\"https:\\\/\\\/www.polonia.travel\\\/it\\\/stettino\\\/\"},\"author\":{\"name\":\"jerzy.spyra\",\"@id\":\"https:\\\/\\\/www.polonia.travel\\\/it\\\/#\\\/schema\\\/person\\\/bb4196ad73054ff88bfdfb6c874c585f\"},\"headline\":\"Stettino\",\"datePublished\":\"2024-11-26T18:07:46+00:00\",\"dateModified\":\"2025-08-12T14:29:24+00:00\",\"mainEntityOfPage\":{\"@id\":\"https:\\\/\\\/www.polonia.travel\\\/it\\\/stettino\\\/\"},\"wordCount\":921,\"commentCount\":8,\"publisher\":{\"@id\":\"https:\\\/\\\/www.polonia.travel\\\/it\\\/#organization\"},\"image\":{\"@id\":\"https:\\\/\\\/www.polonia.travel\\\/it\\\/stettino\\\/#primaryimage\"},\"thumbnailUrl\":\"https:\\\/\\\/www.polonia.travel\\\/it\\\/wp-content\\\/uploads\\\/sites\\\/20\\\/2024\\\/11\\\/GettyImages-1217001544_Szczecin-scaled.jpg\",\"articleSection\":[\"Citt\u00e0\"],\"inLanguage\":\"pl-PL\"},{\"@type\":\"WebPage\",\"@id\":\"https:\\\/\\\/www.polonia.travel\\\/it\\\/stettino\\\/\",\"url\":\"https:\\\/\\\/www.polonia.travel\\\/it\\\/stettino\\\/\",\"name\":\"Stettino - Polonia Travel (IT)\",\"isPartOf\":{\"@id\":\"https:\\\/\\\/www.polonia.travel\\\/it\\\/#website\"},\"primaryImageOfPage\":{\"@id\":\"https:\\\/\\\/www.polonia.travel\\\/it\\\/stettino\\\/#primaryimage\"},\"image\":{\"@id\":\"https:\\\/\\\/www.polonia.travel\\\/it\\\/stettino\\\/#primaryimage\"},\"thumbnailUrl\":\"https:\\\/\\\/www.polonia.travel\\\/it\\\/wp-content\\\/uploads\\\/sites\\\/20\\\/2024\\\/11\\\/GettyImages-1217001544_Szczecin-scaled.jpg\",\"datePublished\":\"2024-11-26T18:07:46+00:00\",\"dateModified\":\"2025-08-12T14:29:24+00:00\",\"breadcrumb\":{\"@id\":\"https:\\\/\\\/www.polonia.travel\\\/it\\\/stettino\\\/#breadcrumb\"},\"inLanguage\":\"pl-PL\",\"potentialAction\":[{\"@type\":\"ReadAction\",\"target\":[\"https:\\\/\\\/www.polonia.travel\\\/it\\\/stettino\\\/\"]}]},{\"@type\":\"ImageObject\",\"inLanguage\":\"pl-PL\",\"@id\":\"https:\\\/\\\/www.polonia.travel\\\/it\\\/stettino\\\/#primaryimage\",\"url\":\"https:\\\/\\\/www.polonia.travel\\\/it\\\/wp-content\\\/uploads\\\/sites\\\/20\\\/2024\\\/11\\\/GettyImages-1217001544_Szczecin-scaled.jpg\",\"contentUrl\":\"https:\\\/\\\/www.polonia.travel\\\/it\\\/wp-content\\\/uploads\\\/sites\\\/20\\\/2024\\\/11\\\/GettyImages-1217001544_Szczecin-scaled.jpg\",\"width\":2560,\"height\":1440,\"caption\":\"People walking on Piastowski Boulevard. Old town, Castle of Pomeranian Dukes and Cathedral Basilica of St James the Apostle in background, Szczecin\"},{\"@type\":\"BreadcrumbList\",\"@id\":\"https:\\\/\\\/www.polonia.travel\\\/it\\\/stettino\\\/#breadcrumb\",\"itemListElement\":[{\"@type\":\"ListItem\",\"position\":1,\"name\":\"Home page\",\"item\":\"https:\\\/\\\/www.polonia.travel\\\/it\\\/\"},{\"@type\":\"ListItem\",\"position\":2,\"name\":\"Scopri i luoghi\",\"item\":\"https:\\\/\\\/www.polonia.travel\\\/it\\\/category\\\/scopri-i-luoghi\\\/\"},{\"@type\":\"ListItem\",\"position\":3,\"name\":\"Citt\u00e0\",\"item\":\"https:\\\/\\\/www.polonia.travel\\\/it\\\/category\\\/scopri-i-luoghi\\\/citta\\\/\"},{\"@type\":\"ListItem\",\"position\":4,\"name\":\"Stettino\"}]},{\"@type\":\"WebSite\",\"@id\":\"https:\\\/\\\/www.polonia.travel\\\/it\\\/#website\",\"url\":\"https:\\\/\\\/www.polonia.travel\\\/it\\\/\",\"name\":\"Polonia Travel (IT)\",\"description\":\"...\",\"publisher\":{\"@id\":\"https:\\\/\\\/www.polonia.travel\\\/it\\\/#organization\"},\"potentialAction\":[{\"@type\":\"SearchAction\",\"target\":{\"@type\":\"EntryPoint\",\"urlTemplate\":\"https:\\\/\\\/www.polonia.travel\\\/it\\\/?s={search_term_string}\"},\"query-input\":{\"@type\":\"PropertyValueSpecification\",\"valueRequired\":true,\"valueName\":\"search_term_string\"}}],\"inLanguage\":\"pl-PL\"},{\"@type\":\"Organization\",\"@id\":\"https:\\\/\\\/www.polonia.travel\\\/it\\\/#organization\",\"name\":\"Polonia Travel (IT)\",\"url\":\"https:\\\/\\\/www.polonia.travel\\\/it\\\/\",\"logo\":{\"@type\":\"ImageObject\",\"inLanguage\":\"pl-PL\",\"@id\":\"https:\\\/\\\/www.polonia.travel\\\/it\\\/#\\\/schema\\\/logo\\\/image\\\/\",\"url\":\"\",\"contentUrl\":\"\",\"caption\":\"Polonia Travel (IT)\"},\"image\":{\"@id\":\"https:\\\/\\\/www.polonia.travel\\\/it\\\/#\\\/schema\\\/logo\\\/image\\\/\"}},{\"@type\":\"Person\",\"@id\":\"https:\\\/\\\/www.polonia.travel\\\/it\\\/#\\\/schema\\\/person\\\/bb4196ad73054ff88bfdfb6c874c585f\",\"name\":\"jerzy.spyra\",\"image\":{\"@type\":\"ImageObject\",\"inLanguage\":\"pl-PL\",\"@id\":\"https:\\\/\\\/secure.gravatar.com\\\/avatar\\\/043590275eedd95c557c41ad10d52a7e6420d6eff922f2f9d2bcfa8ca131f58f?s=96&d=mm&r=g\",\"url\":\"https:\\\/\\\/secure.gravatar.com\\\/avatar\\\/043590275eedd95c557c41ad10d52a7e6420d6eff922f2f9d2bcfa8ca131f58f?s=96&d=mm&r=g\",\"contentUrl\":\"https:\\\/\\\/secure.gravatar.com\\\/avatar\\\/043590275eedd95c557c41ad10d52a7e6420d6eff922f2f9d2bcfa8ca131f58f?s=96&d=mm&r=g\",\"caption\":\"jerzy.spyra\"}}]}<\/script>\n<!-- \/ Yoast SEO plugin. -->","yoast_head_json":{"title":"Stettino - Polonia Travel (IT)","robots":{"index":"index","follow":"follow","max-snippet":"max-snippet:-1","max-image-preview":"max-image-preview:large","max-video-preview":"max-video-preview:-1"},"canonical":"https:\/\/www.polonia.travel\/it\/stettino\/","og_locale":"pl_PL","og_type":"article","og_title":"Stettino - Polonia Travel (IT)","og_description":"Bench\u00e9 sia il capoluogo di una regione come la Pomerania occidentale, che ha ben 185 chilometri di costa, Stettino non si trova sul mare. In compenso, \u00e8 attraversata dal fiume Odra, che si pu\u00f2 ammirare al meglio dalle terrazze panoramiche Haken ma anche costeggiare con una crociera fluviale almeno fino ad arrivare al relitto della [&hellip;]","og_url":"https:\/\/www.polonia.travel\/it\/stettino\/","og_site_name":"Polonia Travel (IT)","article_published_time":"2024-11-26T18:07:46+00:00","article_modified_time":"2025-08-12T14:29:24+00:00","og_image":[{"width":2560,"height":1440,"url":"https:\/\/www.polonia.travel\/it\/wp-content\/uploads\/sites\/20\/2024\/11\/GettyImages-1217001544_Szczecin-scaled.jpg","type":"image\/jpeg"}],"author":"jerzy.spyra","twitter_card":"summary_large_image","twitter_misc":{"Napisane przez":"jerzy.spyra","Szacowany czas czytania":"6 minut"},"schema":{"@context":"https:\/\/schema.org","@graph":[{"@type":"Article","@id":"https:\/\/www.polonia.travel\/it\/stettino\/#article","isPartOf":{"@id":"https:\/\/www.polonia.travel\/it\/stettino\/"},"author":{"name":"jerzy.spyra","@id":"https:\/\/www.polonia.travel\/it\/#\/schema\/person\/bb4196ad73054ff88bfdfb6c874c585f"},"headline":"Stettino","datePublished":"2024-11-26T18:07:46+00:00","dateModified":"2025-08-12T14:29:24+00:00","mainEntityOfPage":{"@id":"https:\/\/www.polonia.travel\/it\/stettino\/"},"wordCount":921,"commentCount":8,"publisher":{"@id":"https:\/\/www.polonia.travel\/it\/#organization"},"image":{"@id":"https:\/\/www.polonia.travel\/it\/stettino\/#primaryimage"},"thumbnailUrl":"https:\/\/www.polonia.travel\/it\/wp-content\/uploads\/sites\/20\/2024\/11\/GettyImages-1217001544_Szczecin-scaled.jpg","articleSection":["Citt\u00e0"],"inLanguage":"pl-PL"},{"@type":"WebPage","@id":"https:\/\/www.polonia.travel\/it\/stettino\/","url":"https:\/\/www.polonia.travel\/it\/stettino\/","name":"Stettino - Polonia Travel (IT)","isPartOf":{"@id":"https:\/\/www.polonia.travel\/it\/#website"},"primaryImageOfPage":{"@id":"https:\/\/www.polonia.travel\/it\/stettino\/#primaryimage"},"image":{"@id":"https:\/\/www.polonia.travel\/it\/stettino\/#primaryimage"},"thumbnailUrl":"https:\/\/www.polonia.travel\/it\/wp-content\/uploads\/sites\/20\/2024\/11\/GettyImages-1217001544_Szczecin-scaled.jpg","datePublished":"2024-11-26T18:07:46+00:00","dateModified":"2025-08-12T14:29:24+00:00","breadcrumb":{"@id":"https:\/\/www.polonia.travel\/it\/stettino\/#breadcrumb"},"inLanguage":"pl-PL","potentialAction":[{"@type":"ReadAction","target":["https:\/\/www.polonia.travel\/it\/stettino\/"]}]},{"@type":"ImageObject","inLanguage":"pl-PL","@id":"https:\/\/www.polonia.travel\/it\/stettino\/#primaryimage","url":"https:\/\/www.polonia.travel\/it\/wp-content\/uploads\/sites\/20\/2024\/11\/GettyImages-1217001544_Szczecin-scaled.jpg","contentUrl":"https:\/\/www.polonia.travel\/it\/wp-content\/uploads\/sites\/20\/2024\/11\/GettyImages-1217001544_Szczecin-scaled.jpg","width":2560,"height":1440,"caption":"People walking on Piastowski Boulevard. Old town, Castle of Pomeranian Dukes and Cathedral Basilica of St James the Apostle in background, Szczecin"},{"@type":"BreadcrumbList","@id":"https:\/\/www.polonia.travel\/it\/stettino\/#breadcrumb","itemListElement":[{"@type":"ListItem","position":1,"name":"Home page","item":"https:\/\/www.polonia.travel\/it\/"},{"@type":"ListItem","position":2,"name":"Scopri i luoghi","item":"https:\/\/www.polonia.travel\/it\/category\/scopri-i-luoghi\/"},{"@type":"ListItem","position":3,"name":"Citt\u00e0","item":"https:\/\/www.polonia.travel\/it\/category\/scopri-i-luoghi\/citta\/"},{"@type":"ListItem","position":4,"name":"Stettino"}]},{"@type":"WebSite","@id":"https:\/\/www.polonia.travel\/it\/#website","url":"https:\/\/www.polonia.travel\/it\/","name":"Polonia Travel (IT)","description":"...","publisher":{"@id":"https:\/\/www.polonia.travel\/it\/#organization"},"potentialAction":[{"@type":"SearchAction","target":{"@type":"EntryPoint","urlTemplate":"https:\/\/www.polonia.travel\/it\/?s={search_term_string}"},"query-input":{"@type":"PropertyValueSpecification","valueRequired":true,"valueName":"search_term_string"}}],"inLanguage":"pl-PL"},{"@type":"Organization","@id":"https:\/\/www.polonia.travel\/it\/#organization","name":"Polonia Travel (IT)","url":"https:\/\/www.polonia.travel\/it\/","logo":{"@type":"ImageObject","inLanguage":"pl-PL","@id":"https:\/\/www.polonia.travel\/it\/#\/schema\/logo\/image\/","url":"","contentUrl":"","caption":"Polonia Travel (IT)"},"image":{"@id":"https:\/\/www.polonia.travel\/it\/#\/schema\/logo\/image\/"}},{"@type":"Person","@id":"https:\/\/www.polonia.travel\/it\/#\/schema\/person\/bb4196ad73054ff88bfdfb6c874c585f","name":"jerzy.spyra","image":{"@type":"ImageObject","inLanguage":"pl-PL","@id":"https:\/\/secure.gravatar.com\/avatar\/043590275eedd95c557c41ad10d52a7e6420d6eff922f2f9d2bcfa8ca131f58f?s=96&d=mm&r=g","url":"https:\/\/secure.gravatar.com\/avatar\/043590275eedd95c557c41ad10d52a7e6420d6eff922f2f9d2bcfa8ca131f58f?s=96&d=mm&r=g","contentUrl":"https:\/\/secure.gravatar.com\/avatar\/043590275eedd95c557c41ad10d52a7e6420d6eff922f2f9d2bcfa8ca131f58f?s=96&d=mm&r=g","caption":"jerzy.spyra"}}]}},"_links":{"self":[{"href":"https:\/\/www.polonia.travel\/it\/wp-json\/wp\/v2\/posts\/39999","targetHints":{"allow":["GET"]}}],"collection":[{"href":"https:\/\/www.polonia.travel\/it\/wp-json\/wp\/v2\/posts"}],"about":[{"href":"https:\/\/www.polonia.travel\/it\/wp-json\/wp\/v2\/types\/post"}],"author":[{"embeddable":true,"href":"https:\/\/www.polonia.travel\/it\/wp-json\/wp\/v2\/users\/20"}],"replies":[{"embeddable":true,"href":"https:\/\/www.polonia.travel\/it\/wp-json\/wp\/v2\/comments?post=39999"}],"version-history":[{"count":13,"href":"https:\/\/www.polonia.travel\/it\/wp-json\/wp\/v2\/posts\/39999\/revisions"}],"predecessor-version":[{"id":41760,"href":"https:\/\/www.polonia.travel\/it\/wp-json\/wp\/v2\/posts\/39999\/revisions\/41760"}],"wp:featuredmedia":[{"embeddable":true,"href":"https:\/\/www.polonia.travel\/it\/wp-json\/wp\/v2\/media\/41758"}],"wp:attachment":[{"href":"https:\/\/www.polonia.travel\/it\/wp-json\/wp\/v2\/media?parent=39999"}],"wp:term":[{"taxonomy":"category","embeddable":true,"href":"https:\/\/www.polonia.travel\/it\/wp-json\/wp\/v2\/categories?post=39999"}],"curies":[{"name":"wp","href":"https:\/\/api.w.org\/{rel}","templated":true}]}}