{"id":31544,"date":"2024-07-24T12:41:27","date_gmt":"2024-07-24T10:41:27","guid":{"rendered":"https:\/\/www.polonia.travel\/it\/?p=31544"},"modified":"2024-07-24T12:41:28","modified_gmt":"2024-07-24T10:41:28","slug":"acque-termali-in-malopolska-da-wieliczka-al-fiume-dunajec","status":"publish","type":"post","link":"https:\/\/www.polonia.travel\/it\/acque-termali-in-malopolska-da-wieliczka-al-fiume-dunajec\/","title":{"rendered":"Acque termali in Malopolska, da Wieliczka al fiume Dunajec"},"content":{"rendered":"\n<div class=\"wp-block-group is-style-container-medium\"><div class=\"wp-block-group__inner-container is-layout-constrained wp-block-group-is-layout-constrained\"><h2 class=\"wp-block-post-title\">Acque termali in Malopolska, da Wieliczka al fiume Dunajec<\/h2>\n\n\n<p>Cracovia si trova nella regione Malopolska e vista la notoriet\u00e0 della citt\u00e0 tra gli italiani, per semplificare si parla spesso della &#8222;regione di Cracovia&#8221;: infatti&nbsp;le ricchezze di questa regione&nbsp;sembrano infinite&nbsp;e, quindi \u00e8 molto comodo scegliere la citt\u00e0 principale della regione come punto di partenza per esplorare la zona sud della Polonia e godersi un soggiorno diverso, beneficiando delle cure termali che la natura permette.<\/p>\n\n\n\n<p>Particolarmente suggestivi per i visitatori sono i centri benessere situati all&#8217;interno delle antichissime <a href=\"http:\/\/www.kopalnia.pl\/index.php?id_language=6&amp;id_news=&amp;action=&amp;id_site=&amp;language_change=1&amp;\" target=\"_blank\" rel=\"noreferrer noopener\">miniere di sale di Wieliczka<\/a> (patrimonio UNESCO) e Bochnia, dove, a diversi metri di profondit\u00e0 le particolari condizioni del microclima rendono salutare l&#8217;aria che vi si respira, tra statue di salgemma, cappelle sotterranee, gallerie da percorrere persino in bicicletta.<\/p>\n\n\n\n<p>Famosa in tutta la Polonia per le sue acque minerali, <strong>Krynica Zdroj<\/strong> \u00e8 situata sulla catena montuosa dei Beschidi orientali, a c.ca 590 m.\u00a0 s.l.m. Le terme di Krynica furono create gi\u00e0 nel 1856, grazie all&#8217;iniziativa del Professore dell&#8217;Universit\u00e0 Jagiellonica Jozef Dietl, medico considerato uno dei pionieri della balneologia.<\/p>\n<\/div><\/div>\n\n\n\n<div style=\"height:100px\" aria-hidden=\"true\" class=\"wp-block-spacer is-style-spacer-small\"><\/div>\n\n\n\n<div class=\"wp-block-group is-style-container\"><div class=\"wp-block-group__inner-container is-layout-constrained wp-block-group-is-layout-constrained\">  <div class=\"gallery-tiles gallery-tiles--rows-2-3 lightgallery\">\r\n          <a href=\"https:\/\/www.polonia.travel\/it\/wp-content\/uploads\/sites\/20\/2023\/03\/30_Krynica_Zdroj\u00a9Konrad_Rogozinski.jpg\" class=\"gallery-tiles__item\" data-src=\"https:\/\/www.polonia.travel\/it\/wp-content\/uploads\/sites\/20\/2023\/03\/30_Krynica_Zdroj\u00a9Konrad_Rogozinski.jpg\"\r\n        aria-label=\"Otw\u00f3rz powi\u0119kszone zdj\u0119cie: 30_Krynica_Zdr\u00f3j\u00a9Konrad_Rogozi\u0144ski\">\r\n        <img loading=\"lazy\" decoding=\"async\" width=\"1170\" height=\"780\" src=\"https:\/\/www.polonia.travel\/it\/wp-content\/uploads\/sites\/20\/2023\/03\/30_Krynica_Zdroj\u00a9Konrad_Rogozinski.jpg\" class=\"gallery-tiles__thumb\" alt=\"\" srcset=\"https:\/\/www.polonia.travel\/it\/wp-content\/uploads\/sites\/20\/2023\/03\/30_Krynica_Zdroj\u00a9Konrad_Rogozinski.jpg 1170w, https:\/\/www.polonia.travel\/it\/wp-content\/uploads\/sites\/20\/2023\/03\/30_Krynica_Zdroj\u00a9Konrad_Rogozinski-600x400.jpg 600w, https:\/\/www.polonia.travel\/it\/wp-content\/uploads\/sites\/20\/2023\/03\/30_Krynica_Zdroj\u00a9Konrad_Rogozinski-768x512.jpg 768w\" sizes=\"auto, (max-width: 1170px) 100vw, 1170px\" \/>      <\/a>\r\n          <a href=\"https:\/\/www.polonia.travel\/it\/wp-content\/uploads\/sites\/20\/2022\/12\/bochnia_5_1170.jpg\" class=\"gallery-tiles__item\" data-src=\"https:\/\/www.polonia.travel\/it\/wp-content\/uploads\/sites\/20\/2022\/12\/bochnia_5_1170.jpg\"\r\n        aria-label=\"Otw\u00f3rz powi\u0119kszone zdj\u0119cie: Underground lake in Wieliczka\">\r\n        <img loading=\"lazy\" decoding=\"async\" width=\"1170\" height=\"780\" src=\"https:\/\/www.polonia.travel\/it\/wp-content\/uploads\/sites\/20\/2022\/12\/bochnia_5_1170.jpg\" class=\"gallery-tiles__thumb\" alt=\"\" srcset=\"https:\/\/www.polonia.travel\/it\/wp-content\/uploads\/sites\/20\/2022\/12\/bochnia_5_1170.jpg 1170w, https:\/\/www.polonia.travel\/it\/wp-content\/uploads\/sites\/20\/2022\/12\/bochnia_5_1170-600x400.jpg 600w, https:\/\/www.polonia.travel\/it\/wp-content\/uploads\/sites\/20\/2022\/12\/bochnia_5_1170-768x512.jpg 768w\" sizes=\"auto, (max-width: 1170px) 100vw, 1170px\" \/>      <\/a>\r\n      <\/div>\r\n<\/div><\/div>\n\n\n\n<div style=\"height:100px\" aria-hidden=\"true\" class=\"wp-block-spacer is-style-spacer-small\"><\/div>\n\n\n\n<div class=\"wp-block-group is-style-container-medium\"><div class=\"wp-block-group__inner-container is-layout-constrained wp-block-group-is-layout-constrained\">\n<p>Alla fine del XIX secolo Krynica divenne una localit\u00e0 di moda tra le elite dell&#8217;epoca. Tra i personaggi noti ricordiamo la presenza di Jan Matejko, H. Sienkiewicz, del tenore e attore Jan Kiepura, al quale \u00e8 dedicato il festival che si svolge ad agosto nella cittadina.<\/p>\n\n\n\n<p>Da non perdere, tra una passeggiata ed un&#8217;altra lungo i percorsi collinari che circondano la zona, il museo di Nikifor, pittore polacco (21 maggio 1895-10 ottobre 1968) noto per le numerose opere raffiguranti la stessa cittadina di Krynica.<\/p>\n\n\n\n<p>Oltre a Muszyna, situata sul confine polacco-slovacco, da segnalare anche Rabka Zdroj, cittadina termale ideale per i pi\u00f9 piccoli, riconosciuta dall&#8217;UNESCO come Citt\u00e0 dei Bambini.<\/p>\n\n\n\n<p><strong>Szczawnica,\u00a0<\/strong>che si trova nelle vicinanze del <strong><a href=\"https:\/\/www.pieninypn.pl\/en\" target=\"_blank\" rel=\"noreferrer noopener\">Parco Nazionale dei Monti Pieniny<\/a>,<\/strong> \u00e8 rinomata per le sue acque curative, chiamate &#8222;szczawe&#8221;, e per essere situata su una delle anse del fiume Dunajec. Proprio da qui partono le gite in zattera organizzate dai montanari che percorrono in poco pi\u00f9 di due ore un tratto molto affascinante del fiume, tra pareti di roccia e vegetazione, cullati dallo scorrere delle acque e dalle storie e leggende raccontate dai tradizionali zatterieri della regione Malopolska, un luogo diverso dal solito, perfetto per rinfrancare il corpo e lo spirito. <a href=\"http:\/\/www.flisacy.com.pl\/\">http:\/\/www.flisacy.com.pl\/\u00a0<\/a><\/p>\n<\/div><\/div>\n\n\n\n<div class=\"wp-block-group has-background\" style=\"background-color:#eeeeee\"><div class=\"wp-block-group__inner-container is-layout-constrained wp-block-group-is-layout-constrained\">\n<div style=\"height:100px\" aria-hidden=\"true\" class=\"wp-block-spacer is-style-spacer-small\"><\/div>\n\n\n\n<div class=\"wp-block-group is-style-container\"><div class=\"wp-block-group__inner-container is-layout-constrained wp-block-group-is-layout-constrained\">\n<h3 class=\"wp-block-heading\"><strong>Scopri di pi\u00f9<\/strong><\/h3>\n\n\n<div class=\"overflow\">\n  <div class=\"post-slider swiper post-slider--small\" data-schema=\"small\">\n\n    <div class=\"swiper-wrapper\">\n              <div class=\"swiper-slide post-slide\">\n                      <a href=\"https:\/\/www.polonia.travel\/it\/le-antiche-faggete-primordiali-dei-carpazi\/\" class=\"post-box post-box--small\" style=\" background-image: url(https:\/\/www.polonia.travel\/it\/wp-content\/uploads\/sites\/20\/2023\/03\/lasy-bukowe-AdobeStock_64549064-e1679315591239-600x351.jpeg);\">\n        <div class=\"post-box__info\">\n            <div class=\"post-box__title\">Le antiche faggete primordiali dei Carpazi<\/div>\n      <div class=\"post-box__more\">Leggi di pi\u00f9<\/div>\n    <\/div>\n  <\/a>\n\n          <\/div>\n              <div class=\"swiper-slide post-slide\">\n                      <a href=\"https:\/\/www.polonia.travel\/it\/il-palazzo-del-centenario-hala-stulecia-di-breslavia-una-perla-del-modernismo-mondiale\/\" class=\"post-box post-box--small\" style=\" background-image: url(https:\/\/www.polonia.travel\/it\/wp-content\/uploads\/sites\/20\/2024\/05\/Hala20stulecia20Dorpell20Wroclaw20540x360.jpg);\">\n          <div class=\"post-box__hover\" style=\"background-image: url(https:\/\/www.polonia.travel\/it\/wp-content\/uploads\/sites\/20\/2022\/12\/hala_stulecia_540-1.jpg);\"><\/div>\n        <div class=\"post-box__info\">\n            <div class=\"post-box__title\">Il Palazzo del Centenario (Hala Stulecia) di Breslavia: una perla del modernismo mondiale<\/div>\n      <div class=\"post-box__more\">Leggi di pi\u00f9<\/div>\n    <\/div>\n  <\/a>\n\n          <\/div>\n              <div class=\"swiper-slide post-slide\">\n                      <a href=\"https:\/\/www.polonia.travel\/it\/la-citta-vecchia-della-magica-cracovia\/\" class=\"post-box post-box--small\" style=\" background-image: url(https:\/\/www.polonia.travel\/it\/wp-content\/uploads\/sites\/20\/2023\/07\/Krakow_rynek-600x337.jpg);\">\n          <div class=\"post-box__hover\" style=\"background-image: url(https:\/\/www.polonia.travel\/it\/wp-content\/uploads\/sites\/20\/2024\/05\/krakow4_540_360-2.jpg);\"><\/div>\n        <div class=\"post-box__info\">\n            <div class=\"post-box__title\">La Citt\u00e0 Vecchia della magica Cracovia<\/div>\n      <div class=\"post-box__more\">Leggi di pi\u00f9<\/div>\n    <\/div>\n  <\/a>\n\n          <\/div>\n              <div class=\"swiper-slide post-slide\">\n                      <a href=\"https:\/\/www.polonia.travel\/it\/il-centro-storico-di-varsavia\/\" class=\"post-box post-box--small\" style=\" background-image: url(https:\/\/www.polonia.travel\/it\/wp-content\/uploads\/sites\/20\/2024\/05\/277462876_Syrenka_Warszawa-3.jpg);\">\n          <div class=\"post-box__hover\" style=\"background-image: url(https:\/\/www.polonia.travel\/it\/wp-content\/uploads\/sites\/20\/2024\/05\/Warszawa_540_360.jpg);\"><\/div>\n        <div class=\"post-box__info\">\n            <div class=\"post-box__title\">Il centro storico di Varsavia<\/div>\n      <div class=\"post-box__more\">Leggi di pi\u00f9<\/div>\n    <\/div>\n  <\/a>\n\n          <\/div>\n              <div class=\"swiper-slide post-slide\">\n                      <a href=\"https:\/\/www.polonia.travel\/it\/i-segreti-nascosti-nella-monumentale-fortezza-di-malbork\/\" class=\"post-box post-box--small\" style=\" background-image: url(https:\/\/www.polonia.travel\/it\/wp-content\/uploads\/sites\/20\/2024\/05\/2B1465420Malbork5B192x12520cm5D_WLO-600x402.jpg);\">\n          <div class=\"post-box__hover\" style=\"background-image: url(https:\/\/www.polonia.travel\/it\/wp-content\/uploads\/sites\/20\/2022\/12\/malbork_zamek_540.jpg);\"><\/div>\n        <div class=\"post-box__info\">\n            <div class=\"post-box__title\">I segreti nascosti nella monumentale fortezza di Malbork<\/div>\n      <div class=\"post-box__more\">Leggi di pi\u00f9<\/div>\n    <\/div>\n  <\/a>\n\n          <\/div>\n              <div class=\"swiper-slide post-slide\">\n                      <a href=\"https:\/\/www.polonia.travel\/it\/il-castello-di-ksiaz\/\" class=\"post-box post-box--small\" style=\" background-image: url(https:\/\/www.polonia.travel\/it\/wp-content\/uploads\/sites\/20\/2023\/07\/SIGHTSEEING_0003_306125265_Zamek_Ksiaz_Adobe-600x400.jpg);\">\n          <div class=\"post-box__hover\" style=\"background-image: url(https:\/\/www.polonia.travel\/it\/wp-content\/uploads\/sites\/20\/2023\/07\/zamek_ksiaz_1170-600x400.jpg);\"><\/div>\n        <div class=\"post-box__info\">\n            <div class=\"post-box__title\">Il Castello di Ksi\u0105\u017c<\/div>\n      <div class=\"post-box__more\">Leggi di pi\u00f9<\/div>\n    <\/div>\n  <\/a>\n\n          <\/div>\n              <div class=\"swiper-slide post-slide\">\n                      <a href=\"https:\/\/www.polonia.travel\/it\/il-palazzo-di-wilanow\/\" class=\"post-box post-box--small\" style=\" background-image: url(https:\/\/www.polonia.travel\/it\/wp-content\/uploads\/sites\/20\/2024\/05\/Fotolia_78167079_Subscription_Monthly_XXL-600x398.jpg);\">\n          <div class=\"post-box__hover\" style=\"background-image: url(https:\/\/www.polonia.travel\/it\/wp-content\/uploads\/sites\/20\/2024\/05\/Cytryny20Wilanow.jpg);\"><\/div>\n        <div class=\"post-box__info\">\n            <div class=\"post-box__title\">Il Palazzo di Wilan\u00f3w<\/div>\n      <div class=\"post-box__more\">Leggi di pi\u00f9<\/div>\n    <\/div>\n  <\/a>\n\n          <\/div>\n              <div class=\"swiper-slide post-slide\">\n                      <a href=\"https:\/\/www.polonia.travel\/it\/gite-in-stile-reale\/\" class=\"post-box post-box--small\" style=\" background-image: url(https:\/\/www.polonia.travel\/it\/wp-content\/uploads\/sites\/20\/2022\/12\/warszawa_lazienki_krolewskie_wiosna_1170-1-600x400.jpeg);\">\n          <div class=\"post-box__hover\" style=\"background-image: url(https:\/\/www.polonia.travel\/it\/wp-content\/uploads\/sites\/20\/2024\/05\/Cracovia-600x400.jpg);\"><\/div>\n        <div class=\"post-box__info\">\n            <div class=\"post-box__title\">Gite in stile reale<\/div>\n      <div class=\"post-box__more\">Leggi di pi\u00f9<\/div>\n    <\/div>\n  <\/a>\n\n          <\/div>\n              <div class=\"swiper-slide post-slide\">\n                      <a href=\"https:\/\/www.polonia.travel\/it\/il-parco-nazionale-wigierski\/\" class=\"post-box post-box--small\" style=\" background-image: url(https:\/\/www.polonia.travel\/it\/wp-content\/uploads\/sites\/20\/2023\/02\/296_plazy_wigierski-HRN_HR-447x600.jpg);\">\n          <div class=\"post-box__hover\" style=\"background-image: url(https:\/\/www.polonia.travel\/it\/wp-content\/uploads\/sites\/20\/2023\/02\/perkoz_Wigry_wigierski-PN-600x400.jpeg);\"><\/div>\n        <div class=\"post-box__info\">\n            <div class=\"post-box__title\">Il Parco Nazionale Wigierski<\/div>\n      <div class=\"post-box__more\">Leggi di pi\u00f9<\/div>\n    <\/div>\n  <\/a>\n\n          <\/div>\n              <div class=\"swiper-slide post-slide\">\n                      <a href=\"https:\/\/www.polonia.travel\/it\/il-parco-nazionale-narwianski\/\" class=\"post-box post-box--small\" style=\" background-image: url(https:\/\/www.polonia.travel\/it\/wp-content\/uploads\/sites\/20\/2023\/07\/narwianski_pn_kladka_1170-600x400.jpg);\">\n          <div class=\"post-box__hover\" style=\"background-image: url(https:\/\/www.polonia.travel\/it\/wp-content\/uploads\/sites\/20\/2023\/02\/foto-1_narwianski-600x600.jpg);\"><\/div>\n        <div class=\"post-box__info\">\n            <div class=\"post-box__title\">Il Parco Nazionale Narwia\u0144ski<\/div>\n      <div class=\"post-box__more\">Leggi di pi\u00f9<\/div>\n    <\/div>\n  <\/a>\n\n          <\/div>\n              <div class=\"swiper-slide post-slide\">\n                      <a href=\"https:\/\/www.polonia.travel\/it\/il-parco-nazionale-roztoczanski\/\" class=\"post-box post-box--small\" style=\" background-image: url(https:\/\/www.polonia.travel\/it\/wp-content\/uploads\/sites\/20\/2023\/02\/Roztoczanski-PN_stawy-echo-600x400.jpg);\">\n          <div class=\"post-box__hover\" style=\"background-image: url(https:\/\/www.polonia.travel\/it\/wp-content\/uploads\/sites\/20\/2022\/12\/roztocze_1170-600x400.jpg);\"><\/div>\n        <div class=\"post-box__info\">\n            <div class=\"post-box__title\">Il Parco Nazionale Roztocza\u0144ski<\/div>\n      <div class=\"post-box__more\">Leggi di pi\u00f9<\/div>\n    <\/div>\n  <\/a>\n\n          <\/div>\n              <div class=\"swiper-slide post-slide\">\n                      <a href=\"https:\/\/www.polonia.travel\/it\/il-parco-nazionale-poleski\/\" class=\"post-box post-box--small\" style=\" background-image: url(https:\/\/www.polonia.travel\/it\/wp-content\/uploads\/sites\/20\/2023\/02\/Poleski-Park-Narodowy2-600x450.jpg);\">\n          <div class=\"post-box__hover\" style=\"background-image: url(https:\/\/www.polonia.travel\/it\/wp-content\/uploads\/sites\/20\/2023\/03\/poleski_park2-600x400.jpg);\"><\/div>\n        <div class=\"post-box__info\">\n            <div class=\"post-box__title\">Il Parco Nazionale Poleski<\/div>\n      <div class=\"post-box__more\">Leggi di pi\u00f9<\/div>\n    <\/div>\n  <\/a>\n\n          <\/div>\n              <div class=\"swiper-slide post-slide\">\n                      <a href=\"https:\/\/www.polonia.travel\/it\/il-parco-nazionale-magurski\/\" class=\"post-box post-box--small\" style=\" background-image: url(https:\/\/www.polonia.travel\/it\/wp-content\/uploads\/sites\/20\/2022\/12\/magurski_pn_540.jpg);\">\n          <div class=\"post-box__hover\" style=\"background-image: url(https:\/\/www.polonia.travel\/it\/wp-content\/uploads\/sites\/20\/2023\/03\/Magurski_Park_Narodowy-600x400.jpg);\"><\/div>\n        <div class=\"post-box__info\">\n            <div class=\"post-box__title\">Il Parco Nazionale Magurski<\/div>\n      <div class=\"post-box__more\">Leggi di pi\u00f9<\/div>\n    <\/div>\n  <\/a>\n\n          <\/div>\n              <div class=\"swiper-slide post-slide\">\n                      <a href=\"https:\/\/www.polonia.travel\/it\/parco-nazionale-della-santacroce\/\" class=\"post-box post-box--small\" style=\" background-image: url(https:\/\/www.polonia.travel\/it\/wp-content\/uploads\/sites\/20\/2023\/02\/392_Gory-Swietokrzyskie-i-Swiety-Krzyz-szklany-dom-Zeromskiego_MC_P-600x400.jpg);\">\n          <div class=\"post-box__hover\" style=\"background-image: url(https:\/\/www.polonia.travel\/it\/wp-content\/uploads\/sites\/20\/2023\/02\/3_zamek-Krzyztopor_MC_P-600x400.jpg);\"><\/div>\n        <div class=\"post-box__info\">\n            <div class=\"post-box__title\">Parco Nazionale della Santacroce<\/div>\n      <div class=\"post-box__more\">Leggi di pi\u00f9<\/div>\n    <\/div>\n  <\/a>\n\n          <\/div>\n              <div class=\"swiper-slide post-slide\">\n                      <a href=\"https:\/\/www.polonia.travel\/it\/il-parco-nazionale-dei-monti-karkonosze\/\" class=\"post-box post-box--small\" style=\" background-image: url(https:\/\/www.polonia.travel\/it\/wp-content\/uploads\/sites\/20\/2022\/12\/sniezka_1170-600x400.jpg);\">\n          <div class=\"post-box__hover\" style=\"background-image: url(https:\/\/www.polonia.travel\/it\/wp-content\/uploads\/sites\/20\/2022\/12\/wodospadszklarka_1170-600x400.jpg);\"><\/div>\n        <div class=\"post-box__info\">\n            <div class=\"post-box__title\">Il Parco Nazionale dei Monti Karkonosze<\/div>\n      <div class=\"post-box__more\">Leggi di pi\u00f9<\/div>\n    <\/div>\n  <\/a>\n\n          <\/div>\n              <div class=\"swiper-slide post-slide\">\n                      <a href=\"https:\/\/www.polonia.travel\/it\/il-parco-nazionale-della-grande-polonia\/\" class=\"post-box post-box--small\" style=\" background-image: url(https:\/\/www.polonia.travel\/it\/wp-content\/uploads\/sites\/20\/2022\/12\/wielkopolski_pn_540-1.jpg);\">\n          <div class=\"post-box__hover\" style=\"background-image: url(https:\/\/www.polonia.travel\/it\/wp-content\/uploads\/sites\/20\/2023\/02\/IMG_2406-Wlkp-Park-Narodowy_Wielkopolskie-600x400.jpg);\"><\/div>\n        <div class=\"post-box__info\">\n            <div class=\"post-box__title\">Il Parco Nazionale della Grande Polonia<\/div>\n      <div class=\"post-box__more\">Leggi di pi\u00f9<\/div>\n    <\/div>\n  <\/a>\n\n          <\/div>\n              <div class=\"swiper-slide post-slide\">\n                      <a href=\"https:\/\/www.polonia.travel\/it\/il-parco-nazionale-foce-della-warta-ujscie-warty\/\" class=\"post-box post-box--small\" style=\" background-image: url(https:\/\/www.polonia.travel\/it\/wp-content\/uploads\/sites\/20\/2023\/02\/PN-Ujscie-Warty-600x399.jpg);\">\n          <div class=\"post-box__hover\" style=\"background-image: url(https:\/\/www.polonia.travel\/it\/wp-content\/uploads\/sites\/20\/2023\/02\/AdobeStock_504903578_Ujscie-Warty-600x400.jpeg);\"><\/div>\n        <div class=\"post-box__info\">\n            <div class=\"post-box__title\">Il Parco Nazionale \u201cFoce della Warta\u201d (Uj\u015bcie Warty)<\/div>\n      <div class=\"post-box__more\">Leggi di pi\u00f9<\/div>\n    <\/div>\n  <\/a>\n\n          <\/div>\n              <div class=\"swiper-slide post-slide\">\n                      <a href=\"https:\/\/www.polonia.travel\/it\/il-parco-nazionale-slowinski\/\" class=\"post-box post-box--small\" style=\" background-image: url(https:\/\/www.polonia.travel\/it\/wp-content\/uploads\/sites\/20\/2023\/03\/243363977_Slowinski_Park_Narodowy_Adobe-xl-600x398.jpg);\">\n          <div class=\"post-box__hover\" style=\"background-image: url(https:\/\/www.polonia.travel\/it\/wp-content\/uploads\/sites\/20\/2023\/02\/Slowinski-Parc-National-2-600x388.jpg);\"><\/div>\n        <div class=\"post-box__info\">\n            <div class=\"post-box__title\">Il Parco Nazionale S\u0142owi\u0144ski<\/div>\n      <div class=\"post-box__more\">Leggi di pi\u00f9<\/div>\n    <\/div>\n  <\/a>\n\n          <\/div>\n              <div class=\"swiper-slide post-slide\">\n                      <a href=\"https:\/\/www.polonia.travel\/it\/stettino\/\" class=\"post-box post-box--small\" style=\" background-image: url(https:\/\/www.polonia.travel\/it\/wp-content\/uploads\/sites\/20\/2024\/11\/AdobeStock_132580111_Szczecin-600x260.jpeg);\">\n          <div class=\"post-box__hover\" style=\"background-image: url(https:\/\/www.polonia.travel\/it\/wp-content\/uploads\/sites\/20\/2024\/05\/16xZP_Szczecin-1-600x367.jpg);\"><\/div>\n        <div class=\"post-box__info\">\n            <div class=\"post-box__title\">Stettino<\/div>\n      <div class=\"post-box__more\">Leggi di pi\u00f9<\/div>\n    <\/div>\n  <\/a>\n\n          <\/div>\n              <div class=\"swiper-slide post-slide\">\n                      <a href=\"https:\/\/www.polonia.travel\/it\/relax-nelle-acque-termali\/\" class=\"post-box post-box--small\" style=\" background-image: url(https:\/\/www.polonia.travel\/it\/wp-content\/uploads\/sites\/20\/2023\/07\/termy_warminskie_1170-600x401.jpg);\">\n          <div class=\"post-box__hover\" style=\"background-image: url(https:\/\/www.polonia.travel\/it\/wp-content\/uploads\/sites\/20\/2022\/12\/termy_bania_1170-600x398.jpg);\"><\/div>\n        <div class=\"post-box__info\">\n            <div class=\"post-box__title\">Relax nelle acque termali<\/div>\n      <div class=\"post-box__more\">Leggi di pi\u00f9<\/div>\n    <\/div>\n  <\/a>\n\n          <\/div>\n              <div class=\"swiper-slide post-slide\">\n                      <a href=\"https:\/\/www.polonia.travel\/it\/acque-termali-in-malopolska-da-wieliczka-al-fiume-dunajec\/\" class=\"post-box post-box--small\" style=\" background-image: url(https:\/\/www.polonia.travel\/it\/wp-content\/uploads\/sites\/20\/2023\/03\/A47_MUSZYNA-600x400.jpg);\">\n          <div class=\"post-box__hover\" style=\"background-image: url(https:\/\/www.polonia.travel\/it\/wp-content\/uploads\/sites\/20\/2022\/12\/bochnia_5_1170-600x400.jpg);\"><\/div>\n        <div class=\"post-box__info\">\n            <div class=\"post-box__title\">Acque termali in Malopolska, da Wieliczka al fiume Dunajec<\/div>\n      <div class=\"post-box__more\">Leggi di pi\u00f9<\/div>\n    <\/div>\n  <\/a>\n\n          <\/div>\n              <div class=\"swiper-slide post-slide\">\n                      <a href=\"https:\/\/www.polonia.travel\/it\/aquapark-di-zakopane\/\" class=\"post-box post-box--small\" style=\" background-image: url(https:\/\/www.polonia.travel\/it\/wp-content\/uploads\/sites\/20\/2023\/02\/morskieoko-tatry-600x400.jpg);\">\n          <div class=\"post-box__hover\" style=\"background-image: url(https:\/\/www.polonia.travel\/it\/wp-content\/uploads\/sites\/20\/2023\/03\/317567259_Basen_1920-600x400.jpg);\"><\/div>\n        <div class=\"post-box__info\">\n            <div class=\"post-box__title\">&quot;Aquapark&quot; di Zakopane<\/div>\n      <div class=\"post-box__more\">Leggi di pi\u00f9<\/div>\n    <\/div>\n  <\/a>\n\n          <\/div>\n              <div class=\"swiper-slide post-slide\">\n                      <a href=\"https:\/\/www.polonia.travel\/it\/stabilimento-termale-a-szaflary\/\" class=\"post-box post-box--small\" style=\" background-image: url(https:\/\/www.polonia.travel\/it\/wp-content\/uploads\/sites\/20\/2023\/03\/spa1920-2-600x178.jpg);\">\n          <div class=\"post-box__hover\" style=\"background-image: url(https:\/\/www.polonia.travel\/it\/wp-content\/uploads\/sites\/20\/2023\/01\/termy-600x259.jpg);\"><\/div>\n        <div class=\"post-box__info\">\n            <div class=\"post-box__title\">Stabilimento termale a Szaflary<\/div>\n      <div class=\"post-box__more\">Leggi di pi\u00f9<\/div>\n    <\/div>\n  <\/a>\n\n          <\/div>\n              <div class=\"swiper-slide post-slide\">\n                      <a href=\"https:\/\/www.polonia.travel\/it\/la-stazione-geotermale-di-grudziadz\/\" class=\"post-box post-box--small\" style=\" background-image: url(https:\/\/www.polonia.travel\/it\/wp-content\/uploads\/sites\/20\/2023\/03\/spa-1170-2-600x401.jpg);\">\n          <div class=\"post-box__hover\" style=\"background-image: url(https:\/\/www.polonia.travel\/it\/wp-content\/uploads\/sites\/20\/2023\/07\/93604145_Fotolia_Masaz_HR-600x400.jpg);\"><\/div>\n        <div class=\"post-box__info\">\n            <div class=\"post-box__title\">La stazione geotermale di Grudzi\u0105dz<\/div>\n      <div class=\"post-box__more\">Leggi di pi\u00f9<\/div>\n    <\/div>\n  <\/a>\n\n          <\/div>\n              <div class=\"swiper-slide post-slide\">\n                      <a href=\"https:\/\/www.polonia.travel\/it\/medical-warmia-park\/\" class=\"post-box post-box--small\" style=\" background-image: url(https:\/\/www.polonia.travel\/it\/wp-content\/uploads\/sites\/20\/2024\/05\/Zakopane_Belvedere_Hotel_SPA1170-600x399.jpg);\">\n          <div class=\"post-box__hover\" style=\"background-image: url(https:\/\/www.polonia.travel\/it\/wp-content\/uploads\/sites\/20\/2023\/03\/317567259_Basen_1920-600x400.jpg);\"><\/div>\n        <div class=\"post-box__info\">\n            <div class=\"post-box__title\">Medical Warmia Park<\/div>\n      <div class=\"post-box__more\">Leggi di pi\u00f9<\/div>\n    <\/div>\n  <\/a>\n\n          <\/div>\n          <\/div>\n    <div class=\"post-slider__pagination\"><\/div>\n  <\/div>\n<\/div>\n<\/div><\/div>\n\n\n\n<div style=\"height:100px\" aria-hidden=\"true\" class=\"wp-block-spacer is-style-spacer-small\"><\/div>\n<\/div><\/div>\n","protected":false},"excerpt":{"rendered":"<p>Cracovia si trova nella regione Malopolska e vista la notoriet\u00e0 della citt\u00e0 tra gli italiani, per semplificare si parla spesso della &#8222;regione di Cracovia&#8221;: infatti&nbsp;le ricchezze di questa regione&nbsp;sembrano infinite&nbsp;e, quindi \u00e8 molto comodo scegliere la citt\u00e0 principale della regione come punto di partenza per esplorare la zona sud della Polonia e godersi un soggiorno [&hellip;]<\/p>\n","protected":false},"author":1,"featured_media":21434,"comment_status":"open","ping_status":"open","sticky":false,"template":"","format":"standard","meta":{"_acf_changed":false,"footnotes":""},"categories":[1041,1036],"class_list":["post-31544","post","type-post","status-publish","format-standard","has-post-thumbnail","hentry","category-centri-termali","category-scopri-i-luoghi"],"acf":[],"yoast_head":"<!-- This site is optimized with the Yoast SEO plugin v27.4 - https:\/\/yoast.com\/product\/yoast-seo-wordpress\/ -->\n<title>Acque termali in Malopolska, da Wieliczka al fiume Dunajec - Polonia Travel (IT)<\/title>\n<meta name=\"robots\" content=\"index, follow, max-snippet:-1, max-image-preview:large, max-video-preview:-1\" \/>\n<link rel=\"canonical\" href=\"https:\/\/www.polonia.travel\/it\/acque-termali-in-malopolska-da-wieliczka-al-fiume-dunajec\/\" \/>\n<meta property=\"og:locale\" content=\"pl_PL\" \/>\n<meta property=\"og:type\" content=\"article\" \/>\n<meta property=\"og:title\" content=\"Acque termali in Malopolska, da Wieliczka al fiume Dunajec - Polonia Travel (IT)\" \/>\n<meta property=\"og:description\" content=\"Cracovia si trova nella regione Malopolska e vista la notoriet\u00e0 della citt\u00e0 tra gli italiani, per semplificare si parla spesso della &#8222;regione di Cracovia&#8221;: infatti&nbsp;le ricchezze di questa regione&nbsp;sembrano infinite&nbsp;e, quindi \u00e8 molto comodo scegliere la citt\u00e0 principale della regione come punto di partenza per esplorare la zona sud della Polonia e godersi un soggiorno [&hellip;]\" \/>\n<meta property=\"og:url\" content=\"https:\/\/www.polonia.travel\/it\/acque-termali-in-malopolska-da-wieliczka-al-fiume-dunajec\/\" \/>\n<meta property=\"og:site_name\" content=\"Polonia Travel (IT)\" \/>\n<meta property=\"article:published_time\" content=\"2024-07-24T10:41:27+00:00\" \/>\n<meta property=\"article:modified_time\" content=\"2024-07-24T10:41:28+00:00\" \/>\n<meta property=\"og:image\" content=\"https:\/\/www.polonia.travel\/it\/wp-content\/uploads\/sites\/20\/2023\/03\/Muszyna-ogrody-sensoryczne-1920.jpg\" \/>\n\t<meta property=\"og:image:width\" content=\"1920\" \/>\n\t<meta property=\"og:image:height\" content=\"458\" \/>\n\t<meta property=\"og:image:type\" content=\"image\/jpeg\" \/>\n<meta name=\"twitter:card\" content=\"summary_large_image\" \/>\n<meta name=\"twitter:label1\" content=\"Napisane przez\" \/>\n\t<meta name=\"twitter:data1\" content=\"\" \/>\n\t<meta name=\"twitter:label2\" content=\"Szacowany czas czytania\" \/>\n\t<meta name=\"twitter:data2\" content=\"3 minuty\" \/>\n<script type=\"application\/ld+json\" class=\"yoast-schema-graph\">{\"@context\":\"https:\\\/\\\/schema.org\",\"@graph\":[{\"@type\":\"Article\",\"@id\":\"https:\\\/\\\/www.polonia.travel\\\/it\\\/acque-termali-in-malopolska-da-wieliczka-al-fiume-dunajec\\\/#article\",\"isPartOf\":{\"@id\":\"https:\\\/\\\/www.polonia.travel\\\/it\\\/acque-termali-in-malopolska-da-wieliczka-al-fiume-dunajec\\\/\"},\"author\":{\"name\":\"\",\"@id\":\"\"},\"headline\":\"Acque termali in Malopolska, da Wieliczka al fiume Dunajec\",\"datePublished\":\"2024-07-24T10:41:27+00:00\",\"dateModified\":\"2024-07-24T10:41:28+00:00\",\"mainEntityOfPage\":{\"@id\":\"https:\\\/\\\/www.polonia.travel\\\/it\\\/acque-termali-in-malopolska-da-wieliczka-al-fiume-dunajec\\\/\"},\"wordCount\":392,\"commentCount\":8,\"publisher\":{\"@id\":\"https:\\\/\\\/www.polonia.travel\\\/it\\\/#organization\"},\"image\":{\"@id\":\"https:\\\/\\\/www.polonia.travel\\\/it\\\/acque-termali-in-malopolska-da-wieliczka-al-fiume-dunajec\\\/#primaryimage\"},\"thumbnailUrl\":\"https:\\\/\\\/www.polonia.travel\\\/it\\\/wp-content\\\/uploads\\\/sites\\\/20\\\/2023\\\/03\\\/Muszyna-ogrody-sensoryczne-1920.jpg\",\"keywords\":[\"it\",\"cosa-fare\",\"salute-e-bellezza\",\"centri-termali\"],\"articleSection\":[\"Centri termali\",\"Scopri i luoghi\"],\"inLanguage\":\"pl-PL\"},{\"@type\":\"WebPage\",\"@id\":\"https:\\\/\\\/www.polonia.travel\\\/it\\\/acque-termali-in-malopolska-da-wieliczka-al-fiume-dunajec\\\/\",\"url\":\"https:\\\/\\\/www.polonia.travel\\\/it\\\/acque-termali-in-malopolska-da-wieliczka-al-fiume-dunajec\\\/\",\"name\":\"Acque termali in Malopolska, da Wieliczka al fiume Dunajec - Polonia Travel (IT)\",\"isPartOf\":{\"@id\":\"https:\\\/\\\/www.polonia.travel\\\/it\\\/#website\"},\"primaryImageOfPage\":{\"@id\":\"https:\\\/\\\/www.polonia.travel\\\/it\\\/acque-termali-in-malopolska-da-wieliczka-al-fiume-dunajec\\\/#primaryimage\"},\"image\":{\"@id\":\"https:\\\/\\\/www.polonia.travel\\\/it\\\/acque-termali-in-malopolska-da-wieliczka-al-fiume-dunajec\\\/#primaryimage\"},\"thumbnailUrl\":\"https:\\\/\\\/www.polonia.travel\\\/it\\\/wp-content\\\/uploads\\\/sites\\\/20\\\/2023\\\/03\\\/Muszyna-ogrody-sensoryczne-1920.jpg\",\"datePublished\":\"2024-07-24T10:41:27+00:00\",\"dateModified\":\"2024-07-24T10:41:28+00:00\",\"breadcrumb\":{\"@id\":\"https:\\\/\\\/www.polonia.travel\\\/it\\\/acque-termali-in-malopolska-da-wieliczka-al-fiume-dunajec\\\/#breadcrumb\"},\"inLanguage\":\"pl-PL\",\"potentialAction\":[{\"@type\":\"ReadAction\",\"target\":[\"https:\\\/\\\/www.polonia.travel\\\/it\\\/acque-termali-in-malopolska-da-wieliczka-al-fiume-dunajec\\\/\"]}]},{\"@type\":\"ImageObject\",\"inLanguage\":\"pl-PL\",\"@id\":\"https:\\\/\\\/www.polonia.travel\\\/it\\\/acque-termali-in-malopolska-da-wieliczka-al-fiume-dunajec\\\/#primaryimage\",\"url\":\"https:\\\/\\\/www.polonia.travel\\\/it\\\/wp-content\\\/uploads\\\/sites\\\/20\\\/2023\\\/03\\\/Muszyna-ogrody-sensoryczne-1920.jpg\",\"contentUrl\":\"https:\\\/\\\/www.polonia.travel\\\/it\\\/wp-content\\\/uploads\\\/sites\\\/20\\\/2023\\\/03\\\/Muszyna-ogrody-sensoryczne-1920.jpg\",\"width\":1920,\"height\":458},{\"@type\":\"BreadcrumbList\",\"@id\":\"https:\\\/\\\/www.polonia.travel\\\/it\\\/acque-termali-in-malopolska-da-wieliczka-al-fiume-dunajec\\\/#breadcrumb\",\"itemListElement\":[{\"@type\":\"ListItem\",\"position\":1,\"name\":\"Home page\",\"item\":\"https:\\\/\\\/www.polonia.travel\\\/it\\\/\"},{\"@type\":\"ListItem\",\"position\":2,\"name\":\"Scopri i luoghi\",\"item\":\"https:\\\/\\\/www.polonia.travel\\\/it\\\/category\\\/scopri-i-luoghi\\\/\"},{\"@type\":\"ListItem\",\"position\":3,\"name\":\"Centri termali\",\"item\":\"https:\\\/\\\/www.polonia.travel\\\/it\\\/category\\\/scopri-i-luoghi\\\/centri-termali\\\/\"},{\"@type\":\"ListItem\",\"position\":4,\"name\":\"Acque termali in Malopolska, da Wieliczka al fiume Dunajec\"}]},{\"@type\":\"WebSite\",\"@id\":\"https:\\\/\\\/www.polonia.travel\\\/it\\\/#website\",\"url\":\"https:\\\/\\\/www.polonia.travel\\\/it\\\/\",\"name\":\"Polonia Travel (IT)\",\"description\":\"...\",\"publisher\":{\"@id\":\"https:\\\/\\\/www.polonia.travel\\\/it\\\/#organization\"},\"potentialAction\":[{\"@type\":\"SearchAction\",\"target\":{\"@type\":\"EntryPoint\",\"urlTemplate\":\"https:\\\/\\\/www.polonia.travel\\\/it\\\/?s={search_term_string}\"},\"query-input\":{\"@type\":\"PropertyValueSpecification\",\"valueRequired\":true,\"valueName\":\"search_term_string\"}}],\"inLanguage\":\"pl-PL\"},{\"@type\":\"Organization\",\"@id\":\"https:\\\/\\\/www.polonia.travel\\\/it\\\/#organization\",\"name\":\"Polonia Travel (IT)\",\"url\":\"https:\\\/\\\/www.polonia.travel\\\/it\\\/\",\"logo\":{\"@type\":\"ImageObject\",\"inLanguage\":\"pl-PL\",\"@id\":\"https:\\\/\\\/www.polonia.travel\\\/it\\\/#\\\/schema\\\/logo\\\/image\\\/\",\"url\":\"\",\"contentUrl\":\"\",\"caption\":\"Polonia Travel (IT)\"},\"image\":{\"@id\":\"https:\\\/\\\/www.polonia.travel\\\/it\\\/#\\\/schema\\\/logo\\\/image\\\/\"}},{\"@type\":\"Person\",\"@id\":\"\"}]}<\/script>\n<!-- \/ Yoast SEO plugin. -->","yoast_head_json":{"title":"Acque termali in Malopolska, da Wieliczka al fiume Dunajec - Polonia Travel (IT)","robots":{"index":"index","follow":"follow","max-snippet":"max-snippet:-1","max-image-preview":"max-image-preview:large","max-video-preview":"max-video-preview:-1"},"canonical":"https:\/\/www.polonia.travel\/it\/acque-termali-in-malopolska-da-wieliczka-al-fiume-dunajec\/","og_locale":"pl_PL","og_type":"article","og_title":"Acque termali in Malopolska, da Wieliczka al fiume Dunajec - Polonia Travel (IT)","og_description":"Cracovia si trova nella regione Malopolska e vista la notoriet\u00e0 della citt\u00e0 tra gli italiani, per semplificare si parla spesso della &#8222;regione di Cracovia&#8221;: infatti&nbsp;le ricchezze di questa regione&nbsp;sembrano infinite&nbsp;e, quindi \u00e8 molto comodo scegliere la citt\u00e0 principale della regione come punto di partenza per esplorare la zona sud della Polonia e godersi un soggiorno [&hellip;]","og_url":"https:\/\/www.polonia.travel\/it\/acque-termali-in-malopolska-da-wieliczka-al-fiume-dunajec\/","og_site_name":"Polonia Travel (IT)","article_published_time":"2024-07-24T10:41:27+00:00","article_modified_time":"2024-07-24T10:41:28+00:00","og_image":[{"width":1920,"height":458,"url":"https:\/\/www.polonia.travel\/it\/wp-content\/uploads\/sites\/20\/2023\/03\/Muszyna-ogrody-sensoryczne-1920.jpg","type":"image\/jpeg"}],"twitter_card":"summary_large_image","twitter_misc":{"Napisane przez":"","Szacowany czas czytania":"3 minuty"},"schema":{"@context":"https:\/\/schema.org","@graph":[{"@type":"Article","@id":"https:\/\/www.polonia.travel\/it\/acque-termali-in-malopolska-da-wieliczka-al-fiume-dunajec\/#article","isPartOf":{"@id":"https:\/\/www.polonia.travel\/it\/acque-termali-in-malopolska-da-wieliczka-al-fiume-dunajec\/"},"author":{"name":"","@id":""},"headline":"Acque termali in Malopolska, da Wieliczka al fiume Dunajec","datePublished":"2024-07-24T10:41:27+00:00","dateModified":"2024-07-24T10:41:28+00:00","mainEntityOfPage":{"@id":"https:\/\/www.polonia.travel\/it\/acque-termali-in-malopolska-da-wieliczka-al-fiume-dunajec\/"},"wordCount":392,"commentCount":8,"publisher":{"@id":"https:\/\/www.polonia.travel\/it\/#organization"},"image":{"@id":"https:\/\/www.polonia.travel\/it\/acque-termali-in-malopolska-da-wieliczka-al-fiume-dunajec\/#primaryimage"},"thumbnailUrl":"https:\/\/www.polonia.travel\/it\/wp-content\/uploads\/sites\/20\/2023\/03\/Muszyna-ogrody-sensoryczne-1920.jpg","keywords":["it","cosa-fare","salute-e-bellezza","centri-termali"],"articleSection":["Centri termali","Scopri i luoghi"],"inLanguage":"pl-PL"},{"@type":"WebPage","@id":"https:\/\/www.polonia.travel\/it\/acque-termali-in-malopolska-da-wieliczka-al-fiume-dunajec\/","url":"https:\/\/www.polonia.travel\/it\/acque-termali-in-malopolska-da-wieliczka-al-fiume-dunajec\/","name":"Acque termali in Malopolska, da Wieliczka al fiume Dunajec - Polonia Travel (IT)","isPartOf":{"@id":"https:\/\/www.polonia.travel\/it\/#website"},"primaryImageOfPage":{"@id":"https:\/\/www.polonia.travel\/it\/acque-termali-in-malopolska-da-wieliczka-al-fiume-dunajec\/#primaryimage"},"image":{"@id":"https:\/\/www.polonia.travel\/it\/acque-termali-in-malopolska-da-wieliczka-al-fiume-dunajec\/#primaryimage"},"thumbnailUrl":"https:\/\/www.polonia.travel\/it\/wp-content\/uploads\/sites\/20\/2023\/03\/Muszyna-ogrody-sensoryczne-1920.jpg","datePublished":"2024-07-24T10:41:27+00:00","dateModified":"2024-07-24T10:41:28+00:00","breadcrumb":{"@id":"https:\/\/www.polonia.travel\/it\/acque-termali-in-malopolska-da-wieliczka-al-fiume-dunajec\/#breadcrumb"},"inLanguage":"pl-PL","potentialAction":[{"@type":"ReadAction","target":["https:\/\/www.polonia.travel\/it\/acque-termali-in-malopolska-da-wieliczka-al-fiume-dunajec\/"]}]},{"@type":"ImageObject","inLanguage":"pl-PL","@id":"https:\/\/www.polonia.travel\/it\/acque-termali-in-malopolska-da-wieliczka-al-fiume-dunajec\/#primaryimage","url":"https:\/\/www.polonia.travel\/it\/wp-content\/uploads\/sites\/20\/2023\/03\/Muszyna-ogrody-sensoryczne-1920.jpg","contentUrl":"https:\/\/www.polonia.travel\/it\/wp-content\/uploads\/sites\/20\/2023\/03\/Muszyna-ogrody-sensoryczne-1920.jpg","width":1920,"height":458},{"@type":"BreadcrumbList","@id":"https:\/\/www.polonia.travel\/it\/acque-termali-in-malopolska-da-wieliczka-al-fiume-dunajec\/#breadcrumb","itemListElement":[{"@type":"ListItem","position":1,"name":"Home page","item":"https:\/\/www.polonia.travel\/it\/"},{"@type":"ListItem","position":2,"name":"Scopri i luoghi","item":"https:\/\/www.polonia.travel\/it\/category\/scopri-i-luoghi\/"},{"@type":"ListItem","position":3,"name":"Centri termali","item":"https:\/\/www.polonia.travel\/it\/category\/scopri-i-luoghi\/centri-termali\/"},{"@type":"ListItem","position":4,"name":"Acque termali in Malopolska, da Wieliczka al fiume Dunajec"}]},{"@type":"WebSite","@id":"https:\/\/www.polonia.travel\/it\/#website","url":"https:\/\/www.polonia.travel\/it\/","name":"Polonia Travel (IT)","description":"...","publisher":{"@id":"https:\/\/www.polonia.travel\/it\/#organization"},"potentialAction":[{"@type":"SearchAction","target":{"@type":"EntryPoint","urlTemplate":"https:\/\/www.polonia.travel\/it\/?s={search_term_string}"},"query-input":{"@type":"PropertyValueSpecification","valueRequired":true,"valueName":"search_term_string"}}],"inLanguage":"pl-PL"},{"@type":"Organization","@id":"https:\/\/www.polonia.travel\/it\/#organization","name":"Polonia Travel (IT)","url":"https:\/\/www.polonia.travel\/it\/","logo":{"@type":"ImageObject","inLanguage":"pl-PL","@id":"https:\/\/www.polonia.travel\/it\/#\/schema\/logo\/image\/","url":"","contentUrl":"","caption":"Polonia Travel (IT)"},"image":{"@id":"https:\/\/www.polonia.travel\/it\/#\/schema\/logo\/image\/"}},{"@type":"Person","@id":""}]}},"_links":{"self":[{"href":"https:\/\/www.polonia.travel\/it\/wp-json\/wp\/v2\/posts\/31544","targetHints":{"allow":["GET"]}}],"collection":[{"href":"https:\/\/www.polonia.travel\/it\/wp-json\/wp\/v2\/posts"}],"about":[{"href":"https:\/\/www.polonia.travel\/it\/wp-json\/wp\/v2\/types\/post"}],"author":[{"embeddable":true,"href":"https:\/\/www.polonia.travel\/it\/wp-json\/wp\/v2\/users\/1"}],"replies":[{"embeddable":true,"href":"https:\/\/www.polonia.travel\/it\/wp-json\/wp\/v2\/comments?post=31544"}],"version-history":[{"count":4,"href":"https:\/\/www.polonia.travel\/it\/wp-json\/wp\/v2\/posts\/31544\/revisions"}],"predecessor-version":[{"id":38696,"href":"https:\/\/www.polonia.travel\/it\/wp-json\/wp\/v2\/posts\/31544\/revisions\/38696"}],"wp:featuredmedia":[{"embeddable":true,"href":"https:\/\/www.polonia.travel\/it\/wp-json\/wp\/v2\/media\/21434"}],"wp:attachment":[{"href":"https:\/\/www.polonia.travel\/it\/wp-json\/wp\/v2\/media?parent=31544"}],"wp:term":[{"taxonomy":"category","embeddable":true,"href":"https:\/\/www.polonia.travel\/it\/wp-json\/wp\/v2\/categories?post=31544"}],"curies":[{"name":"wp","href":"https:\/\/api.w.org\/{rel}","templated":true}]}}