{"id":31541,"date":"2024-07-24T11:48:09","date_gmt":"2024-07-24T09:48:09","guid":{"rendered":"https:\/\/www.polonia.travel\/it\/?p=31541"},"modified":"2024-09-02T14:38:06","modified_gmt":"2024-09-02T12:38:06","slug":"atmosfera-salata","status":"publish","type":"post","link":"https:\/\/www.polonia.travel\/it\/atmosfera-salata\/","title":{"rendered":"Atmosfera salata"},"content":{"rendered":"\n<div class=\"wp-block-group is-style-container-medium\"><div class=\"wp-block-group__inner-container is-layout-constrained wp-block-group-is-layout-constrained\"><h2 class=\"wp-block-post-title\">Atmosfera salata<\/h2>\n\n\n<p>La loro funzione principale era, in passato, quella di catturare il sale dalle sorgenti saline. In breve tempo ci si \u00e8 accorti che attorno alle stesse si veniva a creare un micro clima dalla propriet\u00e0 terapeutiche eccellenti.<\/p>\n\n\n\n<p>Le Teznie di Ciechocinek sono state costruite per una questione di stretta necessit\u00e0. Dopo la prima spartizione, infatti, l\u2019Austria ha occupato le miniere di salgemma di Wieliczka e Bochnia, impedendo ai polacchi l\u2019accesso alle stesse. Dopo opportune ricerche i polacchi si sono accorti che tra Ciechocinek e Inowroclaw si estende, nei sotterranei, un grande lago salato.<br>Le prime due costruzioni che servivano all\u2019estrazione del sale dai sotterranei furono create nel 1824, la terza venne costruita 31 anni dopo. All\u2019epoca si era ignari del fatto che tali imponenti strutture erano le pi\u00f9 grandi in Europa, mentre gi\u00e0 si cominciavano ad apprezzare le qualit\u00e0 terapeutiche delle stesse.<\/p>\n<\/div><\/div>\n\n\n\n<div style=\"height:100px\" aria-hidden=\"true\" class=\"wp-block-spacer is-style-spacer-small\"><\/div>\n\n\n\n<div class=\"wp-block-group is-style-container\"><div class=\"wp-block-group__inner-container is-layout-constrained wp-block-group-is-layout-constrained\">  <div class=\"gallery-tiles gallery-tiles--rows-3-2 lightgallery\">\r\n          <a href=\"https:\/\/www.polonia.travel\/it\/wp-content\/uploads\/sites\/20\/2023\/03\/konstancin_teznia_10.jpg\" class=\"gallery-tiles__item\" data-src=\"https:\/\/www.polonia.travel\/it\/wp-content\/uploads\/sites\/20\/2023\/03\/konstancin_teznia_10.jpg\"\r\n        aria-label=\"Otw\u00f3rz powi\u0119kszone zdj\u0119cie: konstancin_teznia_10\">\r\n        <img loading=\"lazy\" decoding=\"async\" width=\"1170\" height=\"779\" src=\"https:\/\/www.polonia.travel\/it\/wp-content\/uploads\/sites\/20\/2023\/03\/konstancin_teznia_10.jpg\" class=\"gallery-tiles__thumb\" alt=\"\" srcset=\"https:\/\/www.polonia.travel\/it\/wp-content\/uploads\/sites\/20\/2023\/03\/konstancin_teznia_10.jpg 1170w, https:\/\/www.polonia.travel\/it\/wp-content\/uploads\/sites\/20\/2023\/03\/konstancin_teznia_10-600x399.jpg 600w, https:\/\/www.polonia.travel\/it\/wp-content\/uploads\/sites\/20\/2023\/03\/konstancin_teznia_10-768x511.jpg 768w\" sizes=\"auto, (max-width: 1170px) 100vw, 1170px\" \/>      <\/a>\r\n          <a href=\"https:\/\/www.polonia.travel\/it\/wp-content\/uploads\/sites\/20\/2023\/07\/goldap_mazurski_zdroj_2_1170.jpg\" class=\"gallery-tiles__item\" data-src=\"https:\/\/www.polonia.travel\/it\/wp-content\/uploads\/sites\/20\/2023\/07\/goldap_mazurski_zdroj_2_1170.jpg\"\r\n        aria-label=\"Otw\u00f3rz powi\u0119kszone zdj\u0119cie: goldap_mazurski_zdroj_2_1170\">\r\n        <img loading=\"lazy\" decoding=\"async\" width=\"1170\" height=\"780\" src=\"https:\/\/www.polonia.travel\/it\/wp-content\/uploads\/sites\/20\/2023\/07\/goldap_mazurski_zdroj_2_1170.jpg\" class=\"gallery-tiles__thumb\" alt=\"\" srcset=\"https:\/\/www.polonia.travel\/it\/wp-content\/uploads\/sites\/20\/2023\/07\/goldap_mazurski_zdroj_2_1170.jpg 1170w, https:\/\/www.polonia.travel\/it\/wp-content\/uploads\/sites\/20\/2023\/07\/goldap_mazurski_zdroj_2_1170-600x400.jpg 600w, https:\/\/www.polonia.travel\/it\/wp-content\/uploads\/sites\/20\/2023\/07\/goldap_mazurski_zdroj_2_1170-768x512.jpg 768w\" sizes=\"auto, (max-width: 1170px) 100vw, 1170px\" \/>      <\/a>\r\n      <\/div>\r\n<\/div><\/div>\n\n\n\n<div style=\"height:100px\" aria-hidden=\"true\" class=\"wp-block-spacer is-style-spacer-small\"><\/div>\n\n\n\n<div class=\"wp-block-group is-style-container-medium\"><div class=\"wp-block-group__inner-container is-layout-constrained wp-block-group-is-layout-constrained\">\n<p>Viste dall\u2019alto le \u201cTeznie\u201d ricordano un ferro di cavallo. Sono costituite da settemila pali in quercia e si estendono per ben 2 km su un terreno costituito da parchi. La superficie \u00e8 ricoperta da cespugli di prugnolo in maniera tale che l\u2019acqua estratta dalle sorgenti possa scorrere lungo questa superficie depositando su di esse il sale. Con il vento e il sole questa acqua ricca di iodio, ozono e bromo evapora e si espande in tutta la zona circostante.<\/p>\n\n\n\n<p>Maggiori informazioni&nbsp;<a href=\"http:\/\/ciechocinek.pl\/places\/teznie-solankowe\/\">http:\/\/ciechocinek.pl\/places\/teznie-solankowe\/<\/a><\/p>\n\n\n\n<p>Le Teznie di Inowroclaw hanno una forma architettonica pi\u00f9 moderna anche perch\u00e9 sono pi\u00f9 recenti. La costruzione alta 9 metri si affaccia sul parco \u201cSolankowy\u201d. Dalla cima delle teznie si pu\u00f2 ammirare, soprattutto in estate, un bellissimo paesaggio costituito da prati ricoperti di fiori e da alberi imponenti. Nei pressi delle stesse troviamo anche, per gli appassionati, un campo di minigolf.<\/p>\n\n\n\n<p>Il sito e prenotazioni in italiano&nbsp;<a href=\"http:\/\/www.solanki.pl\/it\">http:\/\/www.solanki.pl\/it<\/a><\/p>\n\n\n\n<p>Konstancin-Jeziorna \u00e8 un posto termale, situato nei pressi di Varsavia celebre per le sue acque minerali. Le teznie sono state qui costruite nel 1980. Sembra che le sorgenti saline di questa zona siano le pi\u00f9 ricche in assoluto di elementi minerali.<br>Le inalazioni di aria salata sono utili nella medicazione di tutte le malattie di tipo respiratorio, in caso di disfunzioni della tiroide e di pressione alta. Svolgono benefici nella guarigione di malattie di tipo nervoso e aumentano le energie dell\u2019organismo. Gli amanti delle teznie sono soliti passeggiare nei loro pressi per usufruire dei benefici dell\u2019aria inspirata\u2026 alcune signore si lamentano del fatto che la salsedine rovina loro la capigliatura!<\/p>\n\n\n\n<p>Maggiori informazioni&nbsp;<a href=\"http:\/\/teznia.com.pl\/\">http:\/\/teznia.com.pl\/<\/a><\/p>\n<\/div><\/div>\n\n\n\n<div class=\"wp-block-group has-background\" style=\"background-color:#eeeeee\"><div class=\"wp-block-group__inner-container is-layout-constrained wp-block-group-is-layout-constrained\">\n<div class=\"wp-block-group is-style-container\"><div class=\"wp-block-group__inner-container is-layout-constrained wp-block-group-is-layout-constrained\">\n<h3 class=\"wp-block-heading\"><br><strong>Scopri di pi\u00f9<\/strong><\/h3>\n\n\n\n<div class=\"wp-block-group is-style-container\"><div class=\"wp-block-group__inner-container is-layout-constrained wp-block-group-is-layout-constrained\"><div class=\"overflow\">\n  <div class=\"post-slider swiper post-slider--small\" data-schema=\"small\">\n\n    <div class=\"swiper-wrapper\">\n              <div class=\"swiper-slide post-slide\">\n                      <a href=\"https:\/\/www.polonia.travel\/it\/le-antiche-faggete-primordiali-dei-carpazi\/\" class=\"post-box post-box--small\" style=\" background-image: url(https:\/\/www.polonia.travel\/it\/wp-content\/uploads\/sites\/20\/2023\/03\/lasy-bukowe-AdobeStock_64549064-e1679315591239-600x351.jpeg);\">\n        <div class=\"post-box__info\">\n            <div class=\"post-box__title\">Le antiche faggete primordiali dei Carpazi<\/div>\n      <div class=\"post-box__more\">Leggi di pi\u00f9<\/div>\n    <\/div>\n  <\/a>\n\n          <\/div>\n              <div class=\"swiper-slide post-slide\">\n                      <a href=\"https:\/\/www.polonia.travel\/it\/il-palazzo-del-centenario-hala-stulecia-di-breslavia-una-perla-del-modernismo-mondiale\/\" class=\"post-box post-box--small\" style=\" background-image: url(https:\/\/www.polonia.travel\/it\/wp-content\/uploads\/sites\/20\/2024\/05\/Hala20stulecia20Dorpell20Wroclaw20540x360.jpg);\">\n          <div class=\"post-box__hover\" style=\"background-image: url(https:\/\/www.polonia.travel\/it\/wp-content\/uploads\/sites\/20\/2022\/12\/hala_stulecia_540-1.jpg);\"><\/div>\n        <div class=\"post-box__info\">\n            <div class=\"post-box__title\">Il Palazzo del Centenario (Hala Stulecia) di Breslavia: una perla del modernismo mondiale<\/div>\n      <div class=\"post-box__more\">Leggi di pi\u00f9<\/div>\n    <\/div>\n  <\/a>\n\n          <\/div>\n              <div class=\"swiper-slide post-slide\">\n                      <a href=\"https:\/\/www.polonia.travel\/it\/la-citta-vecchia-della-magica-cracovia\/\" class=\"post-box post-box--small\" style=\" background-image: url(https:\/\/www.polonia.travel\/it\/wp-content\/uploads\/sites\/20\/2023\/07\/Krakow_rynek-600x337.jpg);\">\n          <div class=\"post-box__hover\" style=\"background-image: url(https:\/\/www.polonia.travel\/it\/wp-content\/uploads\/sites\/20\/2024\/05\/krakow4_540_360-2.jpg);\"><\/div>\n        <div class=\"post-box__info\">\n            <div class=\"post-box__title\">La Citt\u00e0 Vecchia della magica Cracovia<\/div>\n      <div class=\"post-box__more\">Leggi di pi\u00f9<\/div>\n    <\/div>\n  <\/a>\n\n          <\/div>\n              <div class=\"swiper-slide post-slide\">\n                      <a href=\"https:\/\/www.polonia.travel\/it\/il-centro-storico-di-varsavia\/\" class=\"post-box post-box--small\" style=\" background-image: url(https:\/\/www.polonia.travel\/it\/wp-content\/uploads\/sites\/20\/2024\/05\/277462876_Syrenka_Warszawa-3.jpg);\">\n          <div class=\"post-box__hover\" style=\"background-image: url(https:\/\/www.polonia.travel\/it\/wp-content\/uploads\/sites\/20\/2024\/05\/Warszawa_540_360.jpg);\"><\/div>\n        <div class=\"post-box__info\">\n            <div class=\"post-box__title\">Il centro storico di Varsavia<\/div>\n      <div class=\"post-box__more\">Leggi di pi\u00f9<\/div>\n    <\/div>\n  <\/a>\n\n          <\/div>\n              <div class=\"swiper-slide post-slide\">\n                      <a href=\"https:\/\/www.polonia.travel\/it\/i-segreti-nascosti-nella-monumentale-fortezza-di-malbork\/\" class=\"post-box post-box--small\" style=\" background-image: url(https:\/\/www.polonia.travel\/it\/wp-content\/uploads\/sites\/20\/2024\/05\/2B1465420Malbork5B192x12520cm5D_WLO-600x402.jpg);\">\n          <div class=\"post-box__hover\" style=\"background-image: url(https:\/\/www.polonia.travel\/it\/wp-content\/uploads\/sites\/20\/2022\/12\/malbork_zamek_540.jpg);\"><\/div>\n        <div class=\"post-box__info\">\n            <div class=\"post-box__title\">I segreti nascosti nella monumentale fortezza di Malbork<\/div>\n      <div class=\"post-box__more\">Leggi di pi\u00f9<\/div>\n    <\/div>\n  <\/a>\n\n          <\/div>\n              <div class=\"swiper-slide post-slide\">\n                      <a href=\"https:\/\/www.polonia.travel\/it\/il-castello-di-ksiaz\/\" class=\"post-box post-box--small\" style=\" background-image: url(https:\/\/www.polonia.travel\/it\/wp-content\/uploads\/sites\/20\/2023\/07\/SIGHTSEEING_0003_306125265_Zamek_Ksiaz_Adobe-600x400.jpg);\">\n          <div class=\"post-box__hover\" style=\"background-image: url(https:\/\/www.polonia.travel\/it\/wp-content\/uploads\/sites\/20\/2023\/07\/zamek_ksiaz_1170-600x400.jpg);\"><\/div>\n        <div class=\"post-box__info\">\n            <div class=\"post-box__title\">Il Castello di Ksi\u0105\u017c<\/div>\n      <div class=\"post-box__more\">Leggi di pi\u00f9<\/div>\n    <\/div>\n  <\/a>\n\n          <\/div>\n              <div class=\"swiper-slide post-slide\">\n                      <a href=\"https:\/\/www.polonia.travel\/it\/il-palazzo-di-wilanow\/\" class=\"post-box post-box--small\" style=\" background-image: url(https:\/\/www.polonia.travel\/it\/wp-content\/uploads\/sites\/20\/2024\/05\/Fotolia_78167079_Subscription_Monthly_XXL-600x398.jpg);\">\n          <div class=\"post-box__hover\" style=\"background-image: url(https:\/\/www.polonia.travel\/it\/wp-content\/uploads\/sites\/20\/2024\/05\/Cytryny20Wilanow.jpg);\"><\/div>\n        <div class=\"post-box__info\">\n            <div class=\"post-box__title\">Il Palazzo di Wilan\u00f3w<\/div>\n      <div class=\"post-box__more\">Leggi di pi\u00f9<\/div>\n    <\/div>\n  <\/a>\n\n          <\/div>\n              <div class=\"swiper-slide post-slide\">\n                      <a href=\"https:\/\/www.polonia.travel\/it\/gite-in-stile-reale\/\" class=\"post-box post-box--small\" style=\" background-image: url(https:\/\/www.polonia.travel\/it\/wp-content\/uploads\/sites\/20\/2022\/12\/warszawa_lazienki_krolewskie_wiosna_1170-1-600x400.jpeg);\">\n          <div class=\"post-box__hover\" style=\"background-image: url(https:\/\/www.polonia.travel\/it\/wp-content\/uploads\/sites\/20\/2024\/05\/Cracovia-600x400.jpg);\"><\/div>\n        <div class=\"post-box__info\">\n            <div class=\"post-box__title\">Gite in stile reale<\/div>\n      <div class=\"post-box__more\">Leggi di pi\u00f9<\/div>\n    <\/div>\n  <\/a>\n\n          <\/div>\n              <div class=\"swiper-slide post-slide\">\n                      <a href=\"https:\/\/www.polonia.travel\/it\/il-parco-nazionale-wigierski\/\" class=\"post-box post-box--small\" style=\" background-image: url(https:\/\/www.polonia.travel\/it\/wp-content\/uploads\/sites\/20\/2023\/02\/296_plazy_wigierski-HRN_HR-447x600.jpg);\">\n          <div class=\"post-box__hover\" style=\"background-image: url(https:\/\/www.polonia.travel\/it\/wp-content\/uploads\/sites\/20\/2023\/02\/perkoz_Wigry_wigierski-PN-600x400.jpeg);\"><\/div>\n        <div class=\"post-box__info\">\n            <div class=\"post-box__title\">Il Parco Nazionale Wigierski<\/div>\n      <div class=\"post-box__more\">Leggi di pi\u00f9<\/div>\n    <\/div>\n  <\/a>\n\n          <\/div>\n              <div class=\"swiper-slide post-slide\">\n                      <a href=\"https:\/\/www.polonia.travel\/it\/il-parco-nazionale-narwianski\/\" class=\"post-box post-box--small\" style=\" background-image: url(https:\/\/www.polonia.travel\/it\/wp-content\/uploads\/sites\/20\/2023\/07\/narwianski_pn_kladka_1170-600x400.jpg);\">\n          <div class=\"post-box__hover\" style=\"background-image: url(https:\/\/www.polonia.travel\/it\/wp-content\/uploads\/sites\/20\/2023\/02\/foto-1_narwianski-600x600.jpg);\"><\/div>\n        <div class=\"post-box__info\">\n            <div class=\"post-box__title\">Il Parco Nazionale Narwia\u0144ski<\/div>\n      <div class=\"post-box__more\">Leggi di pi\u00f9<\/div>\n    <\/div>\n  <\/a>\n\n          <\/div>\n              <div class=\"swiper-slide post-slide\">\n                      <a href=\"https:\/\/www.polonia.travel\/it\/il-parco-nazionale-roztoczanski\/\" class=\"post-box post-box--small\" style=\" background-image: url(https:\/\/www.polonia.travel\/it\/wp-content\/uploads\/sites\/20\/2023\/02\/Roztoczanski-PN_stawy-echo-600x400.jpg);\">\n          <div class=\"post-box__hover\" style=\"background-image: url(https:\/\/www.polonia.travel\/it\/wp-content\/uploads\/sites\/20\/2022\/12\/roztocze_1170-600x400.jpg);\"><\/div>\n        <div class=\"post-box__info\">\n            <div class=\"post-box__title\">Il Parco Nazionale Roztocza\u0144ski<\/div>\n      <div class=\"post-box__more\">Leggi di pi\u00f9<\/div>\n    <\/div>\n  <\/a>\n\n          <\/div>\n              <div class=\"swiper-slide post-slide\">\n                      <a href=\"https:\/\/www.polonia.travel\/it\/il-parco-nazionale-poleski\/\" class=\"post-box post-box--small\" style=\" background-image: url(https:\/\/www.polonia.travel\/it\/wp-content\/uploads\/sites\/20\/2023\/02\/Poleski-Park-Narodowy2-600x450.jpg);\">\n          <div class=\"post-box__hover\" style=\"background-image: url(https:\/\/www.polonia.travel\/it\/wp-content\/uploads\/sites\/20\/2023\/03\/poleski_park2-600x400.jpg);\"><\/div>\n        <div class=\"post-box__info\">\n            <div class=\"post-box__title\">Il Parco Nazionale Poleski<\/div>\n      <div class=\"post-box__more\">Leggi di pi\u00f9<\/div>\n    <\/div>\n  <\/a>\n\n          <\/div>\n              <div class=\"swiper-slide post-slide\">\n                      <a href=\"https:\/\/www.polonia.travel\/it\/il-parco-nazionale-magurski\/\" class=\"post-box post-box--small\" style=\" background-image: url(https:\/\/www.polonia.travel\/it\/wp-content\/uploads\/sites\/20\/2022\/12\/magurski_pn_540.jpg);\">\n          <div class=\"post-box__hover\" style=\"background-image: url(https:\/\/www.polonia.travel\/it\/wp-content\/uploads\/sites\/20\/2023\/03\/Magurski_Park_Narodowy-600x400.jpg);\"><\/div>\n        <div class=\"post-box__info\">\n            <div class=\"post-box__title\">Il Parco Nazionale Magurski<\/div>\n      <div class=\"post-box__more\">Leggi di pi\u00f9<\/div>\n    <\/div>\n  <\/a>\n\n          <\/div>\n              <div class=\"swiper-slide post-slide\">\n                      <a href=\"https:\/\/www.polonia.travel\/it\/parco-nazionale-della-santacroce\/\" class=\"post-box post-box--small\" style=\" background-image: url(https:\/\/www.polonia.travel\/it\/wp-content\/uploads\/sites\/20\/2023\/02\/392_Gory-Swietokrzyskie-i-Swiety-Krzyz-szklany-dom-Zeromskiego_MC_P-600x400.jpg);\">\n          <div class=\"post-box__hover\" style=\"background-image: url(https:\/\/www.polonia.travel\/it\/wp-content\/uploads\/sites\/20\/2023\/02\/3_zamek-Krzyztopor_MC_P-600x400.jpg);\"><\/div>\n        <div class=\"post-box__info\">\n            <div class=\"post-box__title\">Parco Nazionale della Santacroce<\/div>\n      <div class=\"post-box__more\">Leggi di pi\u00f9<\/div>\n    <\/div>\n  <\/a>\n\n          <\/div>\n              <div class=\"swiper-slide post-slide\">\n                      <a href=\"https:\/\/www.polonia.travel\/it\/il-parco-nazionale-dei-monti-karkonosze\/\" class=\"post-box post-box--small\" style=\" background-image: url(https:\/\/www.polonia.travel\/it\/wp-content\/uploads\/sites\/20\/2022\/12\/sniezka_1170-600x400.jpg);\">\n          <div class=\"post-box__hover\" style=\"background-image: url(https:\/\/www.polonia.travel\/it\/wp-content\/uploads\/sites\/20\/2022\/12\/wodospadszklarka_1170-600x400.jpg);\"><\/div>\n        <div class=\"post-box__info\">\n            <div class=\"post-box__title\">Il Parco Nazionale dei Monti Karkonosze<\/div>\n      <div class=\"post-box__more\">Leggi di pi\u00f9<\/div>\n    <\/div>\n  <\/a>\n\n          <\/div>\n              <div class=\"swiper-slide post-slide\">\n                      <a href=\"https:\/\/www.polonia.travel\/it\/il-parco-nazionale-della-grande-polonia\/\" class=\"post-box post-box--small\" style=\" background-image: url(https:\/\/www.polonia.travel\/it\/wp-content\/uploads\/sites\/20\/2022\/12\/wielkopolski_pn_540-1.jpg);\">\n          <div class=\"post-box__hover\" style=\"background-image: url(https:\/\/www.polonia.travel\/it\/wp-content\/uploads\/sites\/20\/2023\/02\/IMG_2406-Wlkp-Park-Narodowy_Wielkopolskie-600x400.jpg);\"><\/div>\n        <div class=\"post-box__info\">\n            <div class=\"post-box__title\">Il Parco Nazionale della Grande Polonia<\/div>\n      <div class=\"post-box__more\">Leggi di pi\u00f9<\/div>\n    <\/div>\n  <\/a>\n\n          <\/div>\n              <div class=\"swiper-slide post-slide\">\n                      <a href=\"https:\/\/www.polonia.travel\/it\/il-parco-nazionale-foce-della-warta-ujscie-warty\/\" class=\"post-box post-box--small\" style=\" background-image: url(https:\/\/www.polonia.travel\/it\/wp-content\/uploads\/sites\/20\/2023\/02\/PN-Ujscie-Warty-600x399.jpg);\">\n          <div class=\"post-box__hover\" style=\"background-image: url(https:\/\/www.polonia.travel\/it\/wp-content\/uploads\/sites\/20\/2023\/02\/AdobeStock_504903578_Ujscie-Warty-600x400.jpeg);\"><\/div>\n        <div class=\"post-box__info\">\n            <div class=\"post-box__title\">Il Parco Nazionale \u201cFoce della Warta\u201d (Uj\u015bcie Warty)<\/div>\n      <div class=\"post-box__more\">Leggi di pi\u00f9<\/div>\n    <\/div>\n  <\/a>\n\n          <\/div>\n              <div class=\"swiper-slide post-slide\">\n                      <a href=\"https:\/\/www.polonia.travel\/it\/il-parco-nazionale-slowinski\/\" class=\"post-box post-box--small\" style=\" background-image: url(https:\/\/www.polonia.travel\/it\/wp-content\/uploads\/sites\/20\/2023\/03\/243363977_Slowinski_Park_Narodowy_Adobe-xl-600x398.jpg);\">\n          <div class=\"post-box__hover\" style=\"background-image: url(https:\/\/www.polonia.travel\/it\/wp-content\/uploads\/sites\/20\/2023\/02\/Slowinski-Parc-National-2-600x388.jpg);\"><\/div>\n        <div class=\"post-box__info\">\n            <div class=\"post-box__title\">Il Parco Nazionale S\u0142owi\u0144ski<\/div>\n      <div class=\"post-box__more\">Leggi di pi\u00f9<\/div>\n    <\/div>\n  <\/a>\n\n          <\/div>\n              <div class=\"swiper-slide post-slide\">\n                      <a href=\"https:\/\/www.polonia.travel\/it\/stettino\/\" class=\"post-box post-box--small\" style=\" background-image: url(https:\/\/www.polonia.travel\/it\/wp-content\/uploads\/sites\/20\/2024\/11\/AdobeStock_132580111_Szczecin-600x260.jpeg);\">\n          <div class=\"post-box__hover\" style=\"background-image: url(https:\/\/www.polonia.travel\/it\/wp-content\/uploads\/sites\/20\/2024\/05\/16xZP_Szczecin-1-600x367.jpg);\"><\/div>\n        <div class=\"post-box__info\">\n            <div class=\"post-box__title\">Stettino<\/div>\n      <div class=\"post-box__more\">Leggi di pi\u00f9<\/div>\n    <\/div>\n  <\/a>\n\n          <\/div>\n              <div class=\"swiper-slide post-slide\">\n                      <a href=\"https:\/\/www.polonia.travel\/it\/relax-nelle-acque-termali\/\" class=\"post-box post-box--small\" style=\" background-image: url(https:\/\/www.polonia.travel\/it\/wp-content\/uploads\/sites\/20\/2023\/07\/termy_warminskie_1170-600x401.jpg);\">\n          <div class=\"post-box__hover\" style=\"background-image: url(https:\/\/www.polonia.travel\/it\/wp-content\/uploads\/sites\/20\/2022\/12\/termy_bania_1170-600x398.jpg);\"><\/div>\n        <div class=\"post-box__info\">\n            <div class=\"post-box__title\">Relax nelle acque termali<\/div>\n      <div class=\"post-box__more\">Leggi di pi\u00f9<\/div>\n    <\/div>\n  <\/a>\n\n          <\/div>\n              <div class=\"swiper-slide post-slide\">\n                      <a href=\"https:\/\/www.polonia.travel\/it\/acque-termali-in-malopolska-da-wieliczka-al-fiume-dunajec\/\" class=\"post-box post-box--small\" style=\" background-image: url(https:\/\/www.polonia.travel\/it\/wp-content\/uploads\/sites\/20\/2023\/03\/A47_MUSZYNA-600x400.jpg);\">\n          <div class=\"post-box__hover\" style=\"background-image: url(https:\/\/www.polonia.travel\/it\/wp-content\/uploads\/sites\/20\/2022\/12\/bochnia_5_1170-600x400.jpg);\"><\/div>\n        <div class=\"post-box__info\">\n            <div class=\"post-box__title\">Acque termali in Malopolska, da Wieliczka al fiume Dunajec<\/div>\n      <div class=\"post-box__more\">Leggi di pi\u00f9<\/div>\n    <\/div>\n  <\/a>\n\n          <\/div>\n              <div class=\"swiper-slide post-slide\">\n                      <a href=\"https:\/\/www.polonia.travel\/it\/aquapark-di-zakopane\/\" class=\"post-box post-box--small\" style=\" background-image: url(https:\/\/www.polonia.travel\/it\/wp-content\/uploads\/sites\/20\/2023\/02\/morskieoko-tatry-600x400.jpg);\">\n          <div class=\"post-box__hover\" style=\"background-image: url(https:\/\/www.polonia.travel\/it\/wp-content\/uploads\/sites\/20\/2023\/03\/317567259_Basen_1920-600x400.jpg);\"><\/div>\n        <div class=\"post-box__info\">\n            <div class=\"post-box__title\">&quot;Aquapark&quot; di Zakopane<\/div>\n      <div class=\"post-box__more\">Leggi di pi\u00f9<\/div>\n    <\/div>\n  <\/a>\n\n          <\/div>\n              <div class=\"swiper-slide post-slide\">\n                      <a href=\"https:\/\/www.polonia.travel\/it\/stabilimento-termale-a-szaflary\/\" class=\"post-box post-box--small\" style=\" background-image: url(https:\/\/www.polonia.travel\/it\/wp-content\/uploads\/sites\/20\/2023\/03\/spa1920-2-600x178.jpg);\">\n          <div class=\"post-box__hover\" style=\"background-image: url(https:\/\/www.polonia.travel\/it\/wp-content\/uploads\/sites\/20\/2023\/01\/termy-600x259.jpg);\"><\/div>\n        <div class=\"post-box__info\">\n            <div class=\"post-box__title\">Stabilimento termale a Szaflary<\/div>\n      <div class=\"post-box__more\">Leggi di pi\u00f9<\/div>\n    <\/div>\n  <\/a>\n\n          <\/div>\n              <div class=\"swiper-slide post-slide\">\n                      <a href=\"https:\/\/www.polonia.travel\/it\/la-stazione-geotermale-di-grudziadz\/\" class=\"post-box post-box--small\" style=\" background-image: url(https:\/\/www.polonia.travel\/it\/wp-content\/uploads\/sites\/20\/2023\/03\/spa-1170-2-600x401.jpg);\">\n          <div class=\"post-box__hover\" style=\"background-image: url(https:\/\/www.polonia.travel\/it\/wp-content\/uploads\/sites\/20\/2023\/07\/93604145_Fotolia_Masaz_HR-600x400.jpg);\"><\/div>\n        <div class=\"post-box__info\">\n            <div class=\"post-box__title\">La stazione geotermale di Grudzi\u0105dz<\/div>\n      <div class=\"post-box__more\">Leggi di pi\u00f9<\/div>\n    <\/div>\n  <\/a>\n\n          <\/div>\n              <div class=\"swiper-slide post-slide\">\n                      <a href=\"https:\/\/www.polonia.travel\/it\/medical-warmia-park\/\" class=\"post-box post-box--small\" style=\" background-image: url(https:\/\/www.polonia.travel\/it\/wp-content\/uploads\/sites\/20\/2024\/05\/Zakopane_Belvedere_Hotel_SPA1170-600x399.jpg);\">\n          <div class=\"post-box__hover\" style=\"background-image: url(https:\/\/www.polonia.travel\/it\/wp-content\/uploads\/sites\/20\/2023\/03\/317567259_Basen_1920-600x400.jpg);\"><\/div>\n        <div class=\"post-box__info\">\n            <div class=\"post-box__title\">Medical Warmia Park<\/div>\n      <div class=\"post-box__more\">Leggi di pi\u00f9<\/div>\n    <\/div>\n  <\/a>\n\n          <\/div>\n          <\/div>\n    <div class=\"post-slider__pagination\"><\/div>\n  <\/div>\n<\/div>\n<\/div><\/div>\n<\/div><\/div>\n\n\n\n<div style=\"height:100px\" aria-hidden=\"true\" class=\"wp-block-spacer is-style-spacer-small\"><\/div>\n<\/div><\/div>\n","protected":false},"excerpt":{"rendered":"<p>La loro funzione principale era, in passato, quella di catturare il sale dalle sorgenti saline. In breve tempo ci si \u00e8 accorti che attorno alle stesse si veniva a creare un micro clima dalla propriet\u00e0 terapeutiche eccellenti. Le Teznie di Ciechocinek sono state costruite per una questione di stretta necessit\u00e0. Dopo la prima spartizione, infatti, [&hellip;]<\/p>\n","protected":false},"author":1,"featured_media":21385,"comment_status":"open","ping_status":"open","sticky":false,"template":"","format":"standard","meta":{"_acf_changed":false,"footnotes":""},"categories":[1036,1041],"class_list":["post-31541","post","type-post","status-publish","format-standard","has-post-thumbnail","hentry","category-scopri-i-luoghi","category-centri-termali"],"acf":[],"yoast_head":"<!-- This site is optimized with the Yoast SEO plugin v27.4 - https:\/\/yoast.com\/product\/yoast-seo-wordpress\/ -->\n<title>Atmosfera salata - Polonia Travel (IT)<\/title>\n<meta name=\"robots\" content=\"index, follow, max-snippet:-1, max-image-preview:large, max-video-preview:-1\" \/>\n<link rel=\"canonical\" href=\"https:\/\/www.polonia.travel\/it\/atmosfera-salata\/\" \/>\n<meta property=\"og:locale\" content=\"pl_PL\" \/>\n<meta property=\"og:type\" content=\"article\" \/>\n<meta property=\"og:title\" content=\"Atmosfera salata - Polonia Travel (IT)\" \/>\n<meta property=\"og:description\" content=\"La loro funzione principale era, in passato, quella di catturare il sale dalle sorgenti saline. In breve tempo ci si \u00e8 accorti che attorno alle stesse si veniva a creare un micro clima dalla propriet\u00e0 terapeutiche eccellenti. Le Teznie di Ciechocinek sono state costruite per una questione di stretta necessit\u00e0. Dopo la prima spartizione, infatti, [&hellip;]\" \/>\n<meta property=\"og:url\" content=\"https:\/\/www.polonia.travel\/it\/atmosfera-salata\/\" \/>\n<meta property=\"og:site_name\" content=\"Polonia Travel (IT)\" \/>\n<meta property=\"article:published_time\" content=\"2024-07-24T09:48:09+00:00\" \/>\n<meta property=\"article:modified_time\" content=\"2024-09-02T12:38:06+00:00\" \/>\n<meta property=\"og:image\" content=\"https:\/\/www.polonia.travel\/it\/wp-content\/uploads\/sites\/20\/2023\/03\/konstancin_teznia_1920.jpg\" \/>\n\t<meta property=\"og:image:width\" content=\"1920\" \/>\n\t<meta property=\"og:image:height\" content=\"506\" \/>\n\t<meta property=\"og:image:type\" content=\"image\/jpeg\" \/>\n<meta name=\"twitter:card\" content=\"summary_large_image\" \/>\n<meta name=\"twitter:label1\" content=\"Napisane przez\" \/>\n\t<meta name=\"twitter:data1\" content=\"\" \/>\n\t<meta name=\"twitter:label2\" content=\"Szacowany czas czytania\" \/>\n\t<meta name=\"twitter:data2\" content=\"3 minuty\" \/>\n<script type=\"application\/ld+json\" class=\"yoast-schema-graph\">{\"@context\":\"https:\\\/\\\/schema.org\",\"@graph\":[{\"@type\":\"Article\",\"@id\":\"https:\\\/\\\/www.polonia.travel\\\/it\\\/atmosfera-salata\\\/#article\",\"isPartOf\":{\"@id\":\"https:\\\/\\\/www.polonia.travel\\\/it\\\/atmosfera-salata\\\/\"},\"author\":{\"name\":\"\",\"@id\":\"\"},\"headline\":\"Atmosfera salata\",\"datePublished\":\"2024-07-24T09:48:09+00:00\",\"dateModified\":\"2024-09-02T12:38:06+00:00\",\"mainEntityOfPage\":{\"@id\":\"https:\\\/\\\/www.polonia.travel\\\/it\\\/atmosfera-salata\\\/\"},\"wordCount\":424,\"commentCount\":8,\"publisher\":{\"@id\":\"https:\\\/\\\/www.polonia.travel\\\/it\\\/#organization\"},\"image\":{\"@id\":\"https:\\\/\\\/www.polonia.travel\\\/it\\\/atmosfera-salata\\\/#primaryimage\"},\"thumbnailUrl\":\"https:\\\/\\\/www.polonia.travel\\\/it\\\/wp-content\\\/uploads\\\/sites\\\/20\\\/2023\\\/03\\\/konstancin_teznia_1920.jpg\",\"keywords\":[\"centri-termali\",\"it\",\"cosa-fare\",\"salute-e-bellezza\"],\"articleSection\":[\"Scopri i luoghi\",\"Centri termali\"],\"inLanguage\":\"pl-PL\"},{\"@type\":\"WebPage\",\"@id\":\"https:\\\/\\\/www.polonia.travel\\\/it\\\/atmosfera-salata\\\/\",\"url\":\"https:\\\/\\\/www.polonia.travel\\\/it\\\/atmosfera-salata\\\/\",\"name\":\"Atmosfera salata - Polonia Travel (IT)\",\"isPartOf\":{\"@id\":\"https:\\\/\\\/www.polonia.travel\\\/it\\\/#website\"},\"primaryImageOfPage\":{\"@id\":\"https:\\\/\\\/www.polonia.travel\\\/it\\\/atmosfera-salata\\\/#primaryimage\"},\"image\":{\"@id\":\"https:\\\/\\\/www.polonia.travel\\\/it\\\/atmosfera-salata\\\/#primaryimage\"},\"thumbnailUrl\":\"https:\\\/\\\/www.polonia.travel\\\/it\\\/wp-content\\\/uploads\\\/sites\\\/20\\\/2023\\\/03\\\/konstancin_teznia_1920.jpg\",\"datePublished\":\"2024-07-24T09:48:09+00:00\",\"dateModified\":\"2024-09-02T12:38:06+00:00\",\"breadcrumb\":{\"@id\":\"https:\\\/\\\/www.polonia.travel\\\/it\\\/atmosfera-salata\\\/#breadcrumb\"},\"inLanguage\":\"pl-PL\",\"potentialAction\":[{\"@type\":\"ReadAction\",\"target\":[\"https:\\\/\\\/www.polonia.travel\\\/it\\\/atmosfera-salata\\\/\"]}]},{\"@type\":\"ImageObject\",\"inLanguage\":\"pl-PL\",\"@id\":\"https:\\\/\\\/www.polonia.travel\\\/it\\\/atmosfera-salata\\\/#primaryimage\",\"url\":\"https:\\\/\\\/www.polonia.travel\\\/it\\\/wp-content\\\/uploads\\\/sites\\\/20\\\/2023\\\/03\\\/konstancin_teznia_1920.jpg\",\"contentUrl\":\"https:\\\/\\\/www.polonia.travel\\\/it\\\/wp-content\\\/uploads\\\/sites\\\/20\\\/2023\\\/03\\\/konstancin_teznia_1920.jpg\",\"width\":1920,\"height\":506},{\"@type\":\"BreadcrumbList\",\"@id\":\"https:\\\/\\\/www.polonia.travel\\\/it\\\/atmosfera-salata\\\/#breadcrumb\",\"itemListElement\":[{\"@type\":\"ListItem\",\"position\":1,\"name\":\"Home page\",\"item\":\"https:\\\/\\\/www.polonia.travel\\\/it\\\/\"},{\"@type\":\"ListItem\",\"position\":2,\"name\":\"Scopri i luoghi\",\"item\":\"https:\\\/\\\/www.polonia.travel\\\/it\\\/category\\\/scopri-i-luoghi\\\/\"},{\"@type\":\"ListItem\",\"position\":3,\"name\":\"Centri termali\",\"item\":\"https:\\\/\\\/www.polonia.travel\\\/it\\\/category\\\/scopri-i-luoghi\\\/centri-termali\\\/\"},{\"@type\":\"ListItem\",\"position\":4,\"name\":\"Atmosfera salata\"}]},{\"@type\":\"WebSite\",\"@id\":\"https:\\\/\\\/www.polonia.travel\\\/it\\\/#website\",\"url\":\"https:\\\/\\\/www.polonia.travel\\\/it\\\/\",\"name\":\"Polonia Travel (IT)\",\"description\":\"...\",\"publisher\":{\"@id\":\"https:\\\/\\\/www.polonia.travel\\\/it\\\/#organization\"},\"potentialAction\":[{\"@type\":\"SearchAction\",\"target\":{\"@type\":\"EntryPoint\",\"urlTemplate\":\"https:\\\/\\\/www.polonia.travel\\\/it\\\/?s={search_term_string}\"},\"query-input\":{\"@type\":\"PropertyValueSpecification\",\"valueRequired\":true,\"valueName\":\"search_term_string\"}}],\"inLanguage\":\"pl-PL\"},{\"@type\":\"Organization\",\"@id\":\"https:\\\/\\\/www.polonia.travel\\\/it\\\/#organization\",\"name\":\"Polonia Travel (IT)\",\"url\":\"https:\\\/\\\/www.polonia.travel\\\/it\\\/\",\"logo\":{\"@type\":\"ImageObject\",\"inLanguage\":\"pl-PL\",\"@id\":\"https:\\\/\\\/www.polonia.travel\\\/it\\\/#\\\/schema\\\/logo\\\/image\\\/\",\"url\":\"\",\"contentUrl\":\"\",\"caption\":\"Polonia Travel (IT)\"},\"image\":{\"@id\":\"https:\\\/\\\/www.polonia.travel\\\/it\\\/#\\\/schema\\\/logo\\\/image\\\/\"}},{\"@type\":\"Person\",\"@id\":\"\"}]}<\/script>\n<!-- \/ Yoast SEO plugin. -->","yoast_head_json":{"title":"Atmosfera salata - Polonia Travel (IT)","robots":{"index":"index","follow":"follow","max-snippet":"max-snippet:-1","max-image-preview":"max-image-preview:large","max-video-preview":"max-video-preview:-1"},"canonical":"https:\/\/www.polonia.travel\/it\/atmosfera-salata\/","og_locale":"pl_PL","og_type":"article","og_title":"Atmosfera salata - Polonia Travel (IT)","og_description":"La loro funzione principale era, in passato, quella di catturare il sale dalle sorgenti saline. In breve tempo ci si \u00e8 accorti che attorno alle stesse si veniva a creare un micro clima dalla propriet\u00e0 terapeutiche eccellenti. Le Teznie di Ciechocinek sono state costruite per una questione di stretta necessit\u00e0. Dopo la prima spartizione, infatti, [&hellip;]","og_url":"https:\/\/www.polonia.travel\/it\/atmosfera-salata\/","og_site_name":"Polonia Travel (IT)","article_published_time":"2024-07-24T09:48:09+00:00","article_modified_time":"2024-09-02T12:38:06+00:00","og_image":[{"width":1920,"height":506,"url":"https:\/\/www.polonia.travel\/it\/wp-content\/uploads\/sites\/20\/2023\/03\/konstancin_teznia_1920.jpg","type":"image\/jpeg"}],"twitter_card":"summary_large_image","twitter_misc":{"Napisane przez":"","Szacowany czas czytania":"3 minuty"},"schema":{"@context":"https:\/\/schema.org","@graph":[{"@type":"Article","@id":"https:\/\/www.polonia.travel\/it\/atmosfera-salata\/#article","isPartOf":{"@id":"https:\/\/www.polonia.travel\/it\/atmosfera-salata\/"},"author":{"name":"","@id":""},"headline":"Atmosfera salata","datePublished":"2024-07-24T09:48:09+00:00","dateModified":"2024-09-02T12:38:06+00:00","mainEntityOfPage":{"@id":"https:\/\/www.polonia.travel\/it\/atmosfera-salata\/"},"wordCount":424,"commentCount":8,"publisher":{"@id":"https:\/\/www.polonia.travel\/it\/#organization"},"image":{"@id":"https:\/\/www.polonia.travel\/it\/atmosfera-salata\/#primaryimage"},"thumbnailUrl":"https:\/\/www.polonia.travel\/it\/wp-content\/uploads\/sites\/20\/2023\/03\/konstancin_teznia_1920.jpg","keywords":["centri-termali","it","cosa-fare","salute-e-bellezza"],"articleSection":["Scopri i luoghi","Centri termali"],"inLanguage":"pl-PL"},{"@type":"WebPage","@id":"https:\/\/www.polonia.travel\/it\/atmosfera-salata\/","url":"https:\/\/www.polonia.travel\/it\/atmosfera-salata\/","name":"Atmosfera salata - Polonia Travel (IT)","isPartOf":{"@id":"https:\/\/www.polonia.travel\/it\/#website"},"primaryImageOfPage":{"@id":"https:\/\/www.polonia.travel\/it\/atmosfera-salata\/#primaryimage"},"image":{"@id":"https:\/\/www.polonia.travel\/it\/atmosfera-salata\/#primaryimage"},"thumbnailUrl":"https:\/\/www.polonia.travel\/it\/wp-content\/uploads\/sites\/20\/2023\/03\/konstancin_teznia_1920.jpg","datePublished":"2024-07-24T09:48:09+00:00","dateModified":"2024-09-02T12:38:06+00:00","breadcrumb":{"@id":"https:\/\/www.polonia.travel\/it\/atmosfera-salata\/#breadcrumb"},"inLanguage":"pl-PL","potentialAction":[{"@type":"ReadAction","target":["https:\/\/www.polonia.travel\/it\/atmosfera-salata\/"]}]},{"@type":"ImageObject","inLanguage":"pl-PL","@id":"https:\/\/www.polonia.travel\/it\/atmosfera-salata\/#primaryimage","url":"https:\/\/www.polonia.travel\/it\/wp-content\/uploads\/sites\/20\/2023\/03\/konstancin_teznia_1920.jpg","contentUrl":"https:\/\/www.polonia.travel\/it\/wp-content\/uploads\/sites\/20\/2023\/03\/konstancin_teznia_1920.jpg","width":1920,"height":506},{"@type":"BreadcrumbList","@id":"https:\/\/www.polonia.travel\/it\/atmosfera-salata\/#breadcrumb","itemListElement":[{"@type":"ListItem","position":1,"name":"Home page","item":"https:\/\/www.polonia.travel\/it\/"},{"@type":"ListItem","position":2,"name":"Scopri i luoghi","item":"https:\/\/www.polonia.travel\/it\/category\/scopri-i-luoghi\/"},{"@type":"ListItem","position":3,"name":"Centri termali","item":"https:\/\/www.polonia.travel\/it\/category\/scopri-i-luoghi\/centri-termali\/"},{"@type":"ListItem","position":4,"name":"Atmosfera salata"}]},{"@type":"WebSite","@id":"https:\/\/www.polonia.travel\/it\/#website","url":"https:\/\/www.polonia.travel\/it\/","name":"Polonia Travel (IT)","description":"...","publisher":{"@id":"https:\/\/www.polonia.travel\/it\/#organization"},"potentialAction":[{"@type":"SearchAction","target":{"@type":"EntryPoint","urlTemplate":"https:\/\/www.polonia.travel\/it\/?s={search_term_string}"},"query-input":{"@type":"PropertyValueSpecification","valueRequired":true,"valueName":"search_term_string"}}],"inLanguage":"pl-PL"},{"@type":"Organization","@id":"https:\/\/www.polonia.travel\/it\/#organization","name":"Polonia Travel (IT)","url":"https:\/\/www.polonia.travel\/it\/","logo":{"@type":"ImageObject","inLanguage":"pl-PL","@id":"https:\/\/www.polonia.travel\/it\/#\/schema\/logo\/image\/","url":"","contentUrl":"","caption":"Polonia Travel (IT)"},"image":{"@id":"https:\/\/www.polonia.travel\/it\/#\/schema\/logo\/image\/"}},{"@type":"Person","@id":""}]}},"_links":{"self":[{"href":"https:\/\/www.polonia.travel\/it\/wp-json\/wp\/v2\/posts\/31541","targetHints":{"allow":["GET"]}}],"collection":[{"href":"https:\/\/www.polonia.travel\/it\/wp-json\/wp\/v2\/posts"}],"about":[{"href":"https:\/\/www.polonia.travel\/it\/wp-json\/wp\/v2\/types\/post"}],"author":[{"embeddable":true,"href":"https:\/\/www.polonia.travel\/it\/wp-json\/wp\/v2\/users\/1"}],"replies":[{"embeddable":true,"href":"https:\/\/www.polonia.travel\/it\/wp-json\/wp\/v2\/comments?post=31541"}],"version-history":[{"count":9,"href":"https:\/\/www.polonia.travel\/it\/wp-json\/wp\/v2\/posts\/31541\/revisions"}],"predecessor-version":[{"id":39245,"href":"https:\/\/www.polonia.travel\/it\/wp-json\/wp\/v2\/posts\/31541\/revisions\/39245"}],"wp:featuredmedia":[{"embeddable":true,"href":"https:\/\/www.polonia.travel\/it\/wp-json\/wp\/v2\/media\/21385"}],"wp:attachment":[{"href":"https:\/\/www.polonia.travel\/it\/wp-json\/wp\/v2\/media?parent=31541"}],"wp:term":[{"taxonomy":"category","embeddable":true,"href":"https:\/\/www.polonia.travel\/it\/wp-json\/wp\/v2\/categories?post=31541"}],"curies":[{"name":"wp","href":"https:\/\/api.w.org\/{rel}","templated":true}]}}