{"id":31431,"date":"2024-07-15T14:02:27","date_gmt":"2024-07-15T12:02:27","guid":{"rendered":"https:\/\/www.polonia.travel\/it\/?p=31431"},"modified":"2024-11-26T21:14:00","modified_gmt":"2024-11-26T20:14:00","slug":"il-parco-nazionale-kampinoski","status":"publish","type":"post","link":"https:\/\/www.polonia.travel\/it\/il-parco-nazionale-kampinoski\/","title":{"rendered":"Parco Nazionale di Kampinos"},"content":{"rendered":"\n<div class=\"wp-block-group is-style-container\"><div class=\"wp-block-group__inner-container is-layout-constrained wp-block-group-is-layout-constrained\">\n<!-- empty -->\n\n\n<div class=\"metrics\">\n  <div class=\"metrics__text\">\n    <h1 class=\"is-style-heading-38 mb20 large-mb30\">Parco Nazionale di Kampinos<\/h1>\n    <p><strong>Il Parco Nazionale di Kampinos \u00e8 stato istituito nel 1959, occupa un terreno di 38 544 ettari di cui 4303 di riserva naturale integrale con 9 riserve aperte solo al personale del Parco per alti 2,2 ettari e una zona pre-parco di 37 756,5 ettari.<\/strong><\/p>\n  <\/div>\n  <div class=\"metrics__sidebar\">\n    <div class=\"metrics-box\">\n              <div class=\"metrics-box__title\">Informazioni di base<\/div>\n        <div class=\"metrics-box__values\">\n                                        <div class=\"metrics-box__item\">\n      <div class=\"metrics-box__label\">Superficie:<\/div>\n      <div class=\"metrics-box__value\">38.544,3 ettari<\/div>\n    <\/div>\n                                <div class=\"metrics-box__item\">\n      <div class=\"metrics-box__label\">Aggiunto il: <\/div>\n      <div class=\"metrics-box__value\">16 gennaio 1959<\/div>\n    <\/div>\n                                <div class=\"metrics-box__item\">\n      <div class=\"metrics-box__label\">Simbolo del parco: <\/div>\n      <div class=\"metrics-box__value\">l\u2019alce<\/div>\n    <\/div>\n                                <\/div>\n                    <div class=\"metrics-box__links\">\n                      <a href=\"https:\/\/kampn.gov.pl\/\" class=\"metrics-box__link external\"\n                                  target=\"_blank\" rel=\"nofollow noopener noreferrer\"\n                            >www<\/a>\n                  <\/div>\n          <\/div>\n  <\/div>\n<\/div>\n<\/div><\/div>\n\n\n\n<div class=\"wp-block-group is-style-container-medium\"><div class=\"wp-block-group__inner-container is-layout-constrained wp-block-group-is-layout-constrained\">\n<p>Questo parco, che ha anche lo status di <strong>riserva della biosfera<\/strong> ha anche la funzione di \u201cpolmone verde di Varsavia\u201d. Dal 2000, \u00e8 nella <strong>lista mondiale delle riserve della biosfera UNESCO<\/strong> ed \u00e8 anche una zona <strong>Natura 2000.<\/strong> Il suo simbolo \u00e8 un alce.<\/p>\n\n\n\n<p>Il Parco protegge la zona della <strong>Foresta di Kampinos<\/strong> che si trova poco oltre i confini di<strong> Varsavia<\/strong> ed \u00e8 delimitata da due confini naturali: i fiumi <strong>Vistola<\/strong> e <strong>Bzura<\/strong>.<\/p>\n\n\n\n<p>Il paesaggio del parco spicca per due elementi che lo caratterizzano e che sono in apparente contraddizione: le dune e le paludi. Le dune, cos\u00ec lontano dalla costa, sono un fenomeno raro e per questo costituiscono una zona protetta, oltre ad arricchire il paesaggio di questa zona altrimenti prevalentemente pianeggiante. Le due dune principali si sviluppano in lunghezza per alcune decine di chilometri e sono larghe da 1,5 a 5 chilometri. Arrivano anche a 30 metri di altezza e si presentano in varie forme: archi, parabole, travi, mura e gruppi di dune che sembrano quasi delle piccole catene montuose. E in mezzo a esse, nel letto di antichi fiumi, oggi ci sono dei terreni paludosi. Proprio il contrasto paesaggistico tra le dune e le paludi \u00e8 la cifra stilistica di questo parco nazionale che poi, per il 70% della sua superficie \u00e8 coperto dai boschi.<\/p>\n<\/div><\/div>\n\n\n\n<div style=\"height:100px\" aria-hidden=\"true\" class=\"wp-block-spacer is-style-spacer-small\"><\/div>\n\n\n\n<div class=\"wp-block-group is-style-container\"><div class=\"wp-block-group__inner-container is-layout-constrained wp-block-group-is-layout-constrained\">  <div class=\"gallery-tiles gallery-tiles--rows-2-3 lightgallery\">\r\n          <a href=\"https:\/\/www.polonia.travel\/it\/wp-content\/uploads\/sites\/20\/2023\/02\/Kampinoski-PN2.jpg\" class=\"gallery-tiles__item\" data-src=\"https:\/\/www.polonia.travel\/it\/wp-content\/uploads\/sites\/20\/2023\/02\/Kampinoski-PN2.jpg\"\r\n        aria-label=\"Otw\u00f3rz powi\u0119kszone zdj\u0119cie: Kampinoski Park Narodowy\">\r\n        <img loading=\"lazy\" decoding=\"async\" width=\"1170\" height=\"876\" src=\"https:\/\/www.polonia.travel\/it\/wp-content\/uploads\/sites\/20\/2023\/02\/Kampinoski-PN2.jpg\" class=\"gallery-tiles__thumb\" alt=\"Kampinoski Park Narodowy\" srcset=\"https:\/\/www.polonia.travel\/it\/wp-content\/uploads\/sites\/20\/2023\/02\/Kampinoski-PN2.jpg 1170w, https:\/\/www.polonia.travel\/it\/wp-content\/uploads\/sites\/20\/2023\/02\/Kampinoski-PN2-600x449.jpg 600w, https:\/\/www.polonia.travel\/it\/wp-content\/uploads\/sites\/20\/2023\/02\/Kampinoski-PN2-768x575.jpg 768w\" sizes=\"auto, (max-width: 1170px) 100vw, 1170px\" \/>      <\/a>\r\n          <a href=\"https:\/\/www.polonia.travel\/it\/wp-content\/uploads\/sites\/20\/2023\/03\/Kampinoski.jpg\" class=\"gallery-tiles__item\" data-src=\"https:\/\/www.polonia.travel\/it\/wp-content\/uploads\/sites\/20\/2023\/03\/Kampinoski.jpg\"\r\n        aria-label=\"Otw\u00f3rz powi\u0119kszone zdj\u0119cie: Kampinoski\">\r\n        <img loading=\"lazy\" decoding=\"async\" width=\"1200\" height=\"844\" src=\"https:\/\/www.polonia.travel\/it\/wp-content\/uploads\/sites\/20\/2023\/03\/Kampinoski.jpg\" class=\"gallery-tiles__thumb\" alt=\"\" srcset=\"https:\/\/www.polonia.travel\/it\/wp-content\/uploads\/sites\/20\/2023\/03\/Kampinoski.jpg 1200w, https:\/\/www.polonia.travel\/it\/wp-content\/uploads\/sites\/20\/2023\/03\/Kampinoski-600x422.jpg 600w, https:\/\/www.polonia.travel\/it\/wp-content\/uploads\/sites\/20\/2023\/03\/Kampinoski-768x540.jpg 768w\" sizes=\"auto, (max-width: 1200px) 100vw, 1200px\" \/>      <\/a>\r\n      <\/div>\r\n<\/div><\/div>\n\n\n\n<div style=\"height:100px\" aria-hidden=\"true\" class=\"wp-block-spacer is-style-spacer-small\"><\/div>\n\n\n\n<div class=\"wp-block-group is-style-container-medium\"><div class=\"wp-block-group__inner-container is-layout-constrained wp-block-group-is-layout-constrained\">\n<p>Nel periodo delle insurrezioni anti-zariste tra il 1794 e il 1863, i boschi di Kampinos hanno fatto da rifugio ai ribelli, ed \u00e8 successo lo stesso nel 1939 con l\u2019invasione nazista e nel 1944 con l\u2019insurrezione di Varsavia quando la Foresta \u00e8 stata luogo di battaglie e nascondiglio dei partigiani. Oggi qui si trovano le lapidi degli insorti, un cimitero di partigiani e il <strong>cimitero di Palmiry<\/strong> dove riposano i cittadini polacchi fucilati dai tedeschi tra il 1939 e il 1944.<\/p>\n\n\n\n<p>La vegetazione della foresta ha sofferto non poco i colpi della prima e della seconda guerra mondiale, per cui i boschi di Kampinos sono composti da alberi piuttosto giovani. Ci sono prevalentemente abeti, ma anche querce, betulle, pioppi, ontani e frassini. In questa foresta vivono anche numerosi uccelli tra cui gru, cicogne bianche e nere, gallinelle, gufi di palude e sterne. Non mancano nemmeno i grandi&nbsp; mammiferi come cinghiali caprioli, cervi, castori, faine, tassi, volpi e alci. Proprio un alce \u00e8 il simbolo del <strong>Parco Nazionale di Kampinos<\/strong>. &nbsp;<\/p>\n\n\n\n<p>\u00c8 possibile visitare il parco a piedi, in bicicletta, sugli sci e in parte anche a cavallo. Ci sono sentieri pedonali debitamente segnalati per un totale di oltre 360 chilometri.<\/p>\n\n\n\n<p>Alcuni dei percorsi pi\u00f9 vicini a Varsavia sono buoni anche per delle passeggiate pi\u00f9 urbane per esempio <strong>il percorso rosso da<\/strong> <strong>W\u00f3lka W\u0119glowa a Izabelin<\/strong>, ma anche il percorso rosso da <strong>Dziekan\u00f3w Le\u015bny do Broch\u00f3w, particolarmente amato perch\u00e9 con i suoi oltre 55 chilometri taglia tutto il Parco Nazionale di Campinos sull\u2019asse Est-Ovest e permette di ammirare tutte le variet\u00e0 paesaggistiche del parco con punti molto interessanti tra dune e stagni<\/strong>. Nelle due <strong>riserve naturali integrali<\/strong> pi\u00f9 importanti, quella di <strong>Sierak\u00f3w e quella di Krzywa G\u00f3ra, si passa per zone boschive molto fitte con la presenza di alcuni alberi centenari, il pi\u00f9 importante dei quali si trova lungo il percorso principale: la famosa quercia<\/strong> <strong>Kobendza<\/strong>, che ha oltre quattrocento anni e che deve il suo nome al professor Roman Kobendza, grande promotore della fondazione del Parco Nazionale di Kampinos celebrato da una pietra su cui \u00e8 scolpito il suo nome. Un altro albero monumentale \u00e8 <strong>il Pino degli Insorti del<\/strong><strong> 1863<\/strong>, ai cui rami i cosacchi dello zar impiccavano i ribelli del reparto di Walery Remiszewski. Accanto al pino, nel 2001, \u00e8 stata inaugurata una targa in pietra che commemora questi avvenimenti. A memoria degli eventi pi\u00f9 recenti, quelli della II guerra mondiale, ci sono tra gli altri <strong>il cimitero-mausoleo <\/strong><strong>Palmiry<\/strong>&nbsp;e il <strong>cimitero partigiano a Wierszy<\/strong>. A&nbsp;<strong>Broch\u00f3w la principale attrazione \u00e8 la locale chiesa fortificata del XVI secolo, mentre a Tu\u0142owice c\u2019\u00e8 un palazzo nobiliare in stile neoclassico del XIX secolo. <\/strong>Non \u00e8 possibile percorrere il sentiero a piedi in un giorno, ma \u00e8 molto meglio dividerlo in alcune gite pi\u00f9 brevi o farlo in bicicletta.<\/p>\n\n\n\n<p>In inverno vi invitiamo a venire qui anche per sciare. Il <strong>Parco Nazionale di Kampinos<\/strong> <strong>non ha delle piste da sci vere e proprie, ma in zona non mancano le occasioni per chi ama muoversi con gli sci ai piedi. <\/strong>Le principali piste vicino a Varsavia passano vicino ai villaggi di&nbsp;<strong> D\u0105browa Le\u015bna<\/strong>,&nbsp;<strong>W\u00f3lka W\u0119glowa<\/strong>&nbsp;e&nbsp;<strong>Laski<\/strong>&nbsp;oltre che a ovest di <strong>Truskaw<\/strong>. Le gite sugli sci pi\u00f9 interessanti si fanno naturalmente in inverno sulle piste poco battute nella parte occidentale della foresta.<\/p>\n\n\n\n<p><strong>Il Percorso Ciclabile di Kampinos <\/strong>circonda il parco per 144 chilometri ed \u00e8 segnalato con il colore verde e il simbolo di una bicicletta. I ciclisti pi\u00f9 allenati possono&nbsp; affrontare questi 144 chilometri in un giorno solo, mentre chi va sui pedali per rilassarsi potrebbe avere bisogno di dividere la gita in pi\u00f9 parti. Comunque sia, il punto migliore per iniziare \u00e8 il parcheggio di <strong>W\u00f3lka W\u0119glowa<\/strong>. Da qui \u00e8 possibile partire in direzione di <strong>Laski<\/strong> e di <strong>Lipkowo<\/strong>, dove si pu\u00f2 visitare l\u2019antico palazzo nobiliare in stile neoclassico del XVIII secolo e la chiesa di San Rocco, voluta nel 1792 da Paschalis Jakubowicz, un mercante polacco di origini armene molto attivo nella societ\u00e0 e deputato nel Parlamento del Principato di Varsavia del 1809. Pi\u00f9 avanti, le indicazioni portano a <strong>Zaborowo<\/strong> e al cimitero militare nella <strong>radura di<\/strong> <strong>Wiktorowo<\/strong>. A <strong>Lesznowola<\/strong>, nel <strong>palazzo con giardino di<\/strong> <strong>Karpinek<\/strong> \u00e8 possibile ammirare il Pioppo di Lesznowola, il pi\u00f9 grosso albero di tutta la Polonia con i suoi 11 metri e 20 centimetri di diametro. Nel villaggio di <strong>Granica<\/strong>&nbsp;\u00e8 possibile visitare il piccolo museo a cielo aperto che ricrea le case in legno degli abitanti della zona del passato, mentre andando oltre si arriva al palazzo con giardino di <strong>\u017belazowa Wola<\/strong>, citt\u00e0 natale di Fryderyk Chopin. Attraverso <strong>Tu\u0142owice, \u015alad\u00f3w<\/strong>&nbsp;e<strong>&nbsp;Nowiny<\/strong>&nbsp;si arriva a <strong>Leoncin<\/strong>, dove \u00e8 nato lo scrittore ebreo polacco Isaak Bashevis Singer, premio Nobel per la letteratura nel 1978. Attraverso <strong>Cybulice Du\u017ce<\/strong> e&nbsp;<strong>Kaliszki<\/strong>&nbsp;la strada porta fino a Palmiry con il cimitero dove riposano cittadini polacchi uccisi dai nazisti. Da l\u00ec restano solo altri 15 chilometri per tornare al parcheggio di W\u00f3lka W\u0119glowa.<\/p>\n\n\n\n<p>Uno dei dieci percorsi guidati pi\u00f9 popolari si chiama <strong>Al confine della foresta <\/strong>e porta vicino al <strong>Centro Museale di Granica<\/strong>. Ha una forma circolare e lungo i suoi quattro chilometri permette di conoscere da vicino le particolarit\u00e0 di queste zone ricche di vegetazione paludosa sulla <strong>torbiera di<\/strong> <strong>Olszowieckie B\u0142ota<\/strong>, e di incontrare da vicino alci, caprioli e cinghiali, ma anche fagiani, re di quaglie, cicogne bianche, cicogne nere e gru oltre che alcune querce e pini centenari. Lungo il percorso si trova un museo a cielo aperto di alcune antiche costruzioni e la fermata che la<strong> Riserva Naturale Integrale \u201cGranica\u201d<\/strong> intitolata a Witold Kowalczewski, guardiaboschi di Kampinos negli anni 1942-1945, e colonnello dell\u2019Arma Krajowa, l\u2019esercito partigiano polacco.<\/p>\n\n\n\n<p>A causa dei potenziali danni causati dagli zoccoli, non \u00e8 permesso visitare il parco a cavallo a eccezione di alcune sue parti previa autorizzazione del direttore del Parco. Ma nel sottobosco tutto attorno al parco ci sono molti maneggi dove prendere lezioni di equitazione o semplicemente organizzare un giro a cavallo nei dintorni. Il posto con pi\u00f9 maneggi nella zona \u00e8 a <strong>\u0141omianki<\/strong>, nella periferia di Varsavia, ma ce ne sono anche altrove.<\/p>\n\n\n\n<p>Nei dintorni del parco non mancano gli <strong>agriturismi<\/strong> dove \u00e8 possibile fermarsi a dormire, mangiare, riposarsi e usufruire di servizi di alto livello, degni delle spa dei grandi hotel di citt\u00e0.<\/p>\n\n\n\n<p>Vicino ad alcuni parcheggi, nei periodi di alta stagione, \u00e8 possibile trovare bar e altri luoghi di ristoro aperti. In primavera e in estate, pu\u00f2 essere un valore aggiunto arrivare fin qui con la vecchia e suggestiva <strong>ferrovia a scartamento ridotto che parte da<\/strong><strong> Sochaczew<\/strong>.<\/p>\n<\/div><\/div>\n\n\n\n<div class=\"wp-block-group has-background\" style=\"background-color:#eeeeee\"><div class=\"wp-block-group__inner-container is-layout-constrained wp-block-group-is-layout-constrained\">\n<div style=\"height:100px\" aria-hidden=\"true\" class=\"wp-block-spacer is-style-spacer-small\"><\/div>\n\n\n\n<div class=\"wp-block-group is-style-container\"><div class=\"wp-block-group__inner-container is-layout-constrained wp-block-group-is-layout-constrained\">\n<h3 class=\"wp-block-heading\">Scopri di pi\u00f9<\/h3>\n\n\n<div class=\"overflow\">\n  <div class=\"post-slider swiper post-slider--small\" data-schema=\"small\">\n\n    <div class=\"swiper-wrapper\">\n              <div class=\"swiper-slide post-slide\">\n                      <a href=\"https:\/\/www.polonia.travel\/it\/le-antiche-faggete-primordiali-dei-carpazi\/\" class=\"post-box post-box--small\" style=\" background-image: url(https:\/\/www.polonia.travel\/it\/wp-content\/uploads\/sites\/20\/2023\/03\/lasy-bukowe-AdobeStock_64549064-e1679315591239-600x351.jpeg);\">\n        <div class=\"post-box__info\">\n            <div class=\"post-box__title\">Le antiche faggete primordiali dei Carpazi<\/div>\n      <div class=\"post-box__more\">Leggi di pi\u00f9<\/div>\n    <\/div>\n  <\/a>\n\n          <\/div>\n              <div class=\"swiper-slide post-slide\">\n                      <a href=\"https:\/\/www.polonia.travel\/it\/il-palazzo-del-centenario-hala-stulecia-di-breslavia-una-perla-del-modernismo-mondiale\/\" class=\"post-box post-box--small\" style=\" background-image: url(https:\/\/www.polonia.travel\/it\/wp-content\/uploads\/sites\/20\/2024\/05\/Hala20stulecia20Dorpell20Wroclaw20540x360.jpg);\">\n          <div class=\"post-box__hover\" style=\"background-image: url(https:\/\/www.polonia.travel\/it\/wp-content\/uploads\/sites\/20\/2022\/12\/hala_stulecia_540-1.jpg);\"><\/div>\n        <div class=\"post-box__info\">\n            <div class=\"post-box__title\">Il Palazzo del Centenario (Hala Stulecia) di Breslavia: una perla del modernismo mondiale<\/div>\n      <div class=\"post-box__more\">Leggi di pi\u00f9<\/div>\n    <\/div>\n  <\/a>\n\n          <\/div>\n              <div class=\"swiper-slide post-slide\">\n                      <a href=\"https:\/\/www.polonia.travel\/it\/la-citta-vecchia-della-magica-cracovia\/\" class=\"post-box post-box--small\" style=\" background-image: url(https:\/\/www.polonia.travel\/it\/wp-content\/uploads\/sites\/20\/2023\/07\/Krakow_rynek-600x337.jpg);\">\n          <div class=\"post-box__hover\" style=\"background-image: url(https:\/\/www.polonia.travel\/it\/wp-content\/uploads\/sites\/20\/2024\/05\/krakow4_540_360-2.jpg);\"><\/div>\n        <div class=\"post-box__info\">\n            <div class=\"post-box__title\">La Citt\u00e0 Vecchia della magica Cracovia<\/div>\n      <div class=\"post-box__more\">Leggi di pi\u00f9<\/div>\n    <\/div>\n  <\/a>\n\n          <\/div>\n              <div class=\"swiper-slide post-slide\">\n                      <a href=\"https:\/\/www.polonia.travel\/it\/il-centro-storico-di-varsavia\/\" class=\"post-box post-box--small\" style=\" background-image: url(https:\/\/www.polonia.travel\/it\/wp-content\/uploads\/sites\/20\/2024\/05\/277462876_Syrenka_Warszawa-3.jpg);\">\n          <div class=\"post-box__hover\" style=\"background-image: url(https:\/\/www.polonia.travel\/it\/wp-content\/uploads\/sites\/20\/2024\/05\/Warszawa_540_360.jpg);\"><\/div>\n        <div class=\"post-box__info\">\n            <div class=\"post-box__title\">Il centro storico di Varsavia<\/div>\n      <div class=\"post-box__more\">Leggi di pi\u00f9<\/div>\n    <\/div>\n  <\/a>\n\n          <\/div>\n              <div class=\"swiper-slide post-slide\">\n                      <a href=\"https:\/\/www.polonia.travel\/it\/i-segreti-nascosti-nella-monumentale-fortezza-di-malbork\/\" class=\"post-box post-box--small\" style=\" background-image: url(https:\/\/www.polonia.travel\/it\/wp-content\/uploads\/sites\/20\/2024\/05\/2B1465420Malbork5B192x12520cm5D_WLO-600x402.jpg);\">\n          <div class=\"post-box__hover\" style=\"background-image: url(https:\/\/www.polonia.travel\/it\/wp-content\/uploads\/sites\/20\/2022\/12\/malbork_zamek_540.jpg);\"><\/div>\n        <div class=\"post-box__info\">\n            <div class=\"post-box__title\">I segreti nascosti nella monumentale fortezza di Malbork<\/div>\n      <div class=\"post-box__more\">Leggi di pi\u00f9<\/div>\n    <\/div>\n  <\/a>\n\n          <\/div>\n              <div class=\"swiper-slide post-slide\">\n                      <a href=\"https:\/\/www.polonia.travel\/it\/il-castello-di-ksiaz\/\" class=\"post-box post-box--small\" style=\" background-image: url(https:\/\/www.polonia.travel\/it\/wp-content\/uploads\/sites\/20\/2023\/07\/SIGHTSEEING_0003_306125265_Zamek_Ksiaz_Adobe-600x400.jpg);\">\n          <div class=\"post-box__hover\" style=\"background-image: url(https:\/\/www.polonia.travel\/it\/wp-content\/uploads\/sites\/20\/2023\/07\/zamek_ksiaz_1170-600x400.jpg);\"><\/div>\n        <div class=\"post-box__info\">\n            <div class=\"post-box__title\">Il Castello di Ksi\u0105\u017c<\/div>\n      <div class=\"post-box__more\">Leggi di pi\u00f9<\/div>\n    <\/div>\n  <\/a>\n\n          <\/div>\n              <div class=\"swiper-slide post-slide\">\n                      <a href=\"https:\/\/www.polonia.travel\/it\/il-palazzo-di-wilanow\/\" class=\"post-box post-box--small\" style=\" background-image: url(https:\/\/www.polonia.travel\/it\/wp-content\/uploads\/sites\/20\/2024\/05\/Fotolia_78167079_Subscription_Monthly_XXL-600x398.jpg);\">\n          <div class=\"post-box__hover\" style=\"background-image: url(https:\/\/www.polonia.travel\/it\/wp-content\/uploads\/sites\/20\/2024\/05\/Cytryny20Wilanow.jpg);\"><\/div>\n        <div class=\"post-box__info\">\n            <div class=\"post-box__title\">Il Palazzo di Wilan\u00f3w<\/div>\n      <div class=\"post-box__more\">Leggi di pi\u00f9<\/div>\n    <\/div>\n  <\/a>\n\n          <\/div>\n              <div class=\"swiper-slide post-slide\">\n                      <a href=\"https:\/\/www.polonia.travel\/it\/gite-in-stile-reale\/\" class=\"post-box post-box--small\" style=\" background-image: url(https:\/\/www.polonia.travel\/it\/wp-content\/uploads\/sites\/20\/2022\/12\/warszawa_lazienki_krolewskie_wiosna_1170-1-600x400.jpeg);\">\n          <div class=\"post-box__hover\" style=\"background-image: url(https:\/\/www.polonia.travel\/it\/wp-content\/uploads\/sites\/20\/2024\/05\/Cracovia-600x400.jpg);\"><\/div>\n        <div class=\"post-box__info\">\n            <div class=\"post-box__title\">Gite in stile reale<\/div>\n      <div class=\"post-box__more\">Leggi di pi\u00f9<\/div>\n    <\/div>\n  <\/a>\n\n          <\/div>\n              <div class=\"swiper-slide post-slide\">\n                      <a href=\"https:\/\/www.polonia.travel\/it\/il-parco-nazionale-wigierski\/\" class=\"post-box post-box--small\" style=\" background-image: url(https:\/\/www.polonia.travel\/it\/wp-content\/uploads\/sites\/20\/2023\/02\/296_plazy_wigierski-HRN_HR-447x600.jpg);\">\n          <div class=\"post-box__hover\" style=\"background-image: url(https:\/\/www.polonia.travel\/it\/wp-content\/uploads\/sites\/20\/2023\/02\/perkoz_Wigry_wigierski-PN-600x400.jpeg);\"><\/div>\n        <div class=\"post-box__info\">\n            <div class=\"post-box__title\">Il Parco Nazionale Wigierski<\/div>\n      <div class=\"post-box__more\">Leggi di pi\u00f9<\/div>\n    <\/div>\n  <\/a>\n\n          <\/div>\n              <div class=\"swiper-slide post-slide\">\n                      <a href=\"https:\/\/www.polonia.travel\/it\/il-parco-nazionale-narwianski\/\" class=\"post-box post-box--small\" style=\" background-image: url(https:\/\/www.polonia.travel\/it\/wp-content\/uploads\/sites\/20\/2023\/07\/narwianski_pn_kladka_1170-600x400.jpg);\">\n          <div class=\"post-box__hover\" style=\"background-image: url(https:\/\/www.polonia.travel\/it\/wp-content\/uploads\/sites\/20\/2023\/02\/foto-1_narwianski-600x600.jpg);\"><\/div>\n        <div class=\"post-box__info\">\n            <div class=\"post-box__title\">Il Parco Nazionale Narwia\u0144ski<\/div>\n      <div class=\"post-box__more\">Leggi di pi\u00f9<\/div>\n    <\/div>\n  <\/a>\n\n          <\/div>\n              <div class=\"swiper-slide post-slide\">\n                      <a href=\"https:\/\/www.polonia.travel\/it\/il-parco-nazionale-roztoczanski\/\" class=\"post-box post-box--small\" style=\" background-image: url(https:\/\/www.polonia.travel\/it\/wp-content\/uploads\/sites\/20\/2023\/02\/Roztoczanski-PN_stawy-echo-600x400.jpg);\">\n          <div class=\"post-box__hover\" style=\"background-image: url(https:\/\/www.polonia.travel\/it\/wp-content\/uploads\/sites\/20\/2022\/12\/roztocze_1170-600x400.jpg);\"><\/div>\n        <div class=\"post-box__info\">\n            <div class=\"post-box__title\">Il Parco Nazionale Roztocza\u0144ski<\/div>\n      <div class=\"post-box__more\">Leggi di pi\u00f9<\/div>\n    <\/div>\n  <\/a>\n\n          <\/div>\n              <div class=\"swiper-slide post-slide\">\n                      <a href=\"https:\/\/www.polonia.travel\/it\/il-parco-nazionale-poleski\/\" class=\"post-box post-box--small\" style=\" background-image: url(https:\/\/www.polonia.travel\/it\/wp-content\/uploads\/sites\/20\/2023\/02\/Poleski-Park-Narodowy2-600x450.jpg);\">\n          <div class=\"post-box__hover\" style=\"background-image: url(https:\/\/www.polonia.travel\/it\/wp-content\/uploads\/sites\/20\/2023\/03\/poleski_park2-600x400.jpg);\"><\/div>\n        <div class=\"post-box__info\">\n            <div class=\"post-box__title\">Il Parco Nazionale Poleski<\/div>\n      <div class=\"post-box__more\">Leggi di pi\u00f9<\/div>\n    <\/div>\n  <\/a>\n\n          <\/div>\n              <div class=\"swiper-slide post-slide\">\n                      <a href=\"https:\/\/www.polonia.travel\/it\/il-parco-nazionale-magurski\/\" class=\"post-box post-box--small\" style=\" background-image: url(https:\/\/www.polonia.travel\/it\/wp-content\/uploads\/sites\/20\/2022\/12\/magurski_pn_540.jpg);\">\n          <div class=\"post-box__hover\" style=\"background-image: url(https:\/\/www.polonia.travel\/it\/wp-content\/uploads\/sites\/20\/2023\/03\/Magurski_Park_Narodowy-600x400.jpg);\"><\/div>\n        <div class=\"post-box__info\">\n            <div class=\"post-box__title\">Il Parco Nazionale Magurski<\/div>\n      <div class=\"post-box__more\">Leggi di pi\u00f9<\/div>\n    <\/div>\n  <\/a>\n\n          <\/div>\n              <div class=\"swiper-slide post-slide\">\n                      <a href=\"https:\/\/www.polonia.travel\/it\/parco-nazionale-della-santacroce\/\" class=\"post-box post-box--small\" style=\" background-image: url(https:\/\/www.polonia.travel\/it\/wp-content\/uploads\/sites\/20\/2023\/02\/392_Gory-Swietokrzyskie-i-Swiety-Krzyz-szklany-dom-Zeromskiego_MC_P-600x400.jpg);\">\n          <div class=\"post-box__hover\" style=\"background-image: url(https:\/\/www.polonia.travel\/it\/wp-content\/uploads\/sites\/20\/2023\/02\/3_zamek-Krzyztopor_MC_P-600x400.jpg);\"><\/div>\n        <div class=\"post-box__info\">\n            <div class=\"post-box__title\">Parco Nazionale della Santacroce<\/div>\n      <div class=\"post-box__more\">Leggi di pi\u00f9<\/div>\n    <\/div>\n  <\/a>\n\n          <\/div>\n              <div class=\"swiper-slide post-slide\">\n                      <a href=\"https:\/\/www.polonia.travel\/it\/il-parco-nazionale-dei-monti-karkonosze\/\" class=\"post-box post-box--small\" style=\" background-image: url(https:\/\/www.polonia.travel\/it\/wp-content\/uploads\/sites\/20\/2022\/12\/sniezka_1170-600x400.jpg);\">\n          <div class=\"post-box__hover\" style=\"background-image: url(https:\/\/www.polonia.travel\/it\/wp-content\/uploads\/sites\/20\/2022\/12\/wodospadszklarka_1170-600x400.jpg);\"><\/div>\n        <div class=\"post-box__info\">\n            <div class=\"post-box__title\">Il Parco Nazionale dei Monti Karkonosze<\/div>\n      <div class=\"post-box__more\">Leggi di pi\u00f9<\/div>\n    <\/div>\n  <\/a>\n\n          <\/div>\n              <div class=\"swiper-slide post-slide\">\n                      <a href=\"https:\/\/www.polonia.travel\/it\/il-parco-nazionale-della-grande-polonia\/\" class=\"post-box post-box--small\" style=\" background-image: url(https:\/\/www.polonia.travel\/it\/wp-content\/uploads\/sites\/20\/2022\/12\/wielkopolski_pn_540-1.jpg);\">\n          <div class=\"post-box__hover\" style=\"background-image: url(https:\/\/www.polonia.travel\/it\/wp-content\/uploads\/sites\/20\/2023\/02\/IMG_2406-Wlkp-Park-Narodowy_Wielkopolskie-600x400.jpg);\"><\/div>\n        <div class=\"post-box__info\">\n            <div class=\"post-box__title\">Il Parco Nazionale della Grande Polonia<\/div>\n      <div class=\"post-box__more\">Leggi di pi\u00f9<\/div>\n    <\/div>\n  <\/a>\n\n          <\/div>\n              <div class=\"swiper-slide post-slide\">\n                      <a href=\"https:\/\/www.polonia.travel\/it\/il-parco-nazionale-foce-della-warta-ujscie-warty\/\" class=\"post-box post-box--small\" style=\" background-image: url(https:\/\/www.polonia.travel\/it\/wp-content\/uploads\/sites\/20\/2023\/02\/PN-Ujscie-Warty-600x399.jpg);\">\n          <div class=\"post-box__hover\" style=\"background-image: url(https:\/\/www.polonia.travel\/it\/wp-content\/uploads\/sites\/20\/2023\/02\/AdobeStock_504903578_Ujscie-Warty-600x400.jpeg);\"><\/div>\n        <div class=\"post-box__info\">\n            <div class=\"post-box__title\">Il Parco Nazionale \u201cFoce della Warta\u201d (Uj\u015bcie Warty)<\/div>\n      <div class=\"post-box__more\">Leggi di pi\u00f9<\/div>\n    <\/div>\n  <\/a>\n\n          <\/div>\n              <div class=\"swiper-slide post-slide\">\n                      <a href=\"https:\/\/www.polonia.travel\/it\/il-parco-nazionale-slowinski\/\" class=\"post-box post-box--small\" style=\" background-image: url(https:\/\/www.polonia.travel\/it\/wp-content\/uploads\/sites\/20\/2023\/03\/243363977_Slowinski_Park_Narodowy_Adobe-xl-600x398.jpg);\">\n          <div class=\"post-box__hover\" style=\"background-image: url(https:\/\/www.polonia.travel\/it\/wp-content\/uploads\/sites\/20\/2023\/02\/Slowinski-Parc-National-2-600x388.jpg);\"><\/div>\n        <div class=\"post-box__info\">\n            <div class=\"post-box__title\">Il Parco Nazionale S\u0142owi\u0144ski<\/div>\n      <div class=\"post-box__more\">Leggi di pi\u00f9<\/div>\n    <\/div>\n  <\/a>\n\n          <\/div>\n              <div class=\"swiper-slide post-slide\">\n                      <a href=\"https:\/\/www.polonia.travel\/it\/stettino\/\" class=\"post-box post-box--small\" style=\" background-image: url(https:\/\/www.polonia.travel\/it\/wp-content\/uploads\/sites\/20\/2024\/11\/AdobeStock_132580111_Szczecin-600x260.jpeg);\">\n          <div class=\"post-box__hover\" style=\"background-image: url(https:\/\/www.polonia.travel\/it\/wp-content\/uploads\/sites\/20\/2024\/05\/16xZP_Szczecin-1-600x367.jpg);\"><\/div>\n        <div class=\"post-box__info\">\n            <div class=\"post-box__title\">Stettino<\/div>\n      <div class=\"post-box__more\">Leggi di pi\u00f9<\/div>\n    <\/div>\n  <\/a>\n\n          <\/div>\n              <div class=\"swiper-slide post-slide\">\n                      <a href=\"https:\/\/www.polonia.travel\/it\/relax-nelle-acque-termali\/\" class=\"post-box post-box--small\" style=\" background-image: url(https:\/\/www.polonia.travel\/it\/wp-content\/uploads\/sites\/20\/2023\/07\/termy_warminskie_1170-600x401.jpg);\">\n          <div class=\"post-box__hover\" style=\"background-image: url(https:\/\/www.polonia.travel\/it\/wp-content\/uploads\/sites\/20\/2022\/12\/termy_bania_1170-600x398.jpg);\"><\/div>\n        <div class=\"post-box__info\">\n            <div class=\"post-box__title\">Relax nelle acque termali<\/div>\n      <div class=\"post-box__more\">Leggi di pi\u00f9<\/div>\n    <\/div>\n  <\/a>\n\n          <\/div>\n              <div class=\"swiper-slide post-slide\">\n                      <a href=\"https:\/\/www.polonia.travel\/it\/acque-termali-in-malopolska-da-wieliczka-al-fiume-dunajec\/\" class=\"post-box post-box--small\" style=\" background-image: url(https:\/\/www.polonia.travel\/it\/wp-content\/uploads\/sites\/20\/2023\/03\/A47_MUSZYNA-600x400.jpg);\">\n          <div class=\"post-box__hover\" style=\"background-image: url(https:\/\/www.polonia.travel\/it\/wp-content\/uploads\/sites\/20\/2022\/12\/bochnia_5_1170-600x400.jpg);\"><\/div>\n        <div class=\"post-box__info\">\n            <div class=\"post-box__title\">Acque termali in Malopolska, da Wieliczka al fiume Dunajec<\/div>\n      <div class=\"post-box__more\">Leggi di pi\u00f9<\/div>\n    <\/div>\n  <\/a>\n\n          <\/div>\n              <div class=\"swiper-slide post-slide\">\n                      <a href=\"https:\/\/www.polonia.travel\/it\/aquapark-di-zakopane\/\" class=\"post-box post-box--small\" style=\" background-image: url(https:\/\/www.polonia.travel\/it\/wp-content\/uploads\/sites\/20\/2023\/02\/morskieoko-tatry-600x400.jpg);\">\n          <div class=\"post-box__hover\" style=\"background-image: url(https:\/\/www.polonia.travel\/it\/wp-content\/uploads\/sites\/20\/2023\/03\/317567259_Basen_1920-600x400.jpg);\"><\/div>\n        <div class=\"post-box__info\">\n            <div class=\"post-box__title\">&quot;Aquapark&quot; di Zakopane<\/div>\n      <div class=\"post-box__more\">Leggi di pi\u00f9<\/div>\n    <\/div>\n  <\/a>\n\n          <\/div>\n              <div class=\"swiper-slide post-slide\">\n                      <a href=\"https:\/\/www.polonia.travel\/it\/stabilimento-termale-a-szaflary\/\" class=\"post-box post-box--small\" style=\" background-image: url(https:\/\/www.polonia.travel\/it\/wp-content\/uploads\/sites\/20\/2023\/03\/spa1920-2-600x178.jpg);\">\n          <div class=\"post-box__hover\" style=\"background-image: url(https:\/\/www.polonia.travel\/it\/wp-content\/uploads\/sites\/20\/2023\/01\/termy-600x259.jpg);\"><\/div>\n        <div class=\"post-box__info\">\n            <div class=\"post-box__title\">Stabilimento termale a Szaflary<\/div>\n      <div class=\"post-box__more\">Leggi di pi\u00f9<\/div>\n    <\/div>\n  <\/a>\n\n          <\/div>\n              <div class=\"swiper-slide post-slide\">\n                      <a href=\"https:\/\/www.polonia.travel\/it\/la-stazione-geotermale-di-grudziadz\/\" class=\"post-box post-box--small\" style=\" background-image: url(https:\/\/www.polonia.travel\/it\/wp-content\/uploads\/sites\/20\/2023\/03\/spa-1170-2-600x401.jpg);\">\n          <div class=\"post-box__hover\" style=\"background-image: url(https:\/\/www.polonia.travel\/it\/wp-content\/uploads\/sites\/20\/2023\/07\/93604145_Fotolia_Masaz_HR-600x400.jpg);\"><\/div>\n        <div class=\"post-box__info\">\n            <div class=\"post-box__title\">La stazione geotermale di Grudzi\u0105dz<\/div>\n      <div class=\"post-box__more\">Leggi di pi\u00f9<\/div>\n    <\/div>\n  <\/a>\n\n          <\/div>\n              <div class=\"swiper-slide post-slide\">\n                      <a href=\"https:\/\/www.polonia.travel\/it\/medical-warmia-park\/\" class=\"post-box post-box--small\" style=\" background-image: url(https:\/\/www.polonia.travel\/it\/wp-content\/uploads\/sites\/20\/2024\/05\/Zakopane_Belvedere_Hotel_SPA1170-600x399.jpg);\">\n          <div class=\"post-box__hover\" style=\"background-image: url(https:\/\/www.polonia.travel\/it\/wp-content\/uploads\/sites\/20\/2023\/03\/317567259_Basen_1920-600x400.jpg);\"><\/div>\n        <div class=\"post-box__info\">\n            <div class=\"post-box__title\">Medical Warmia Park<\/div>\n      <div class=\"post-box__more\">Leggi di pi\u00f9<\/div>\n    <\/div>\n  <\/a>\n\n          <\/div>\n          <\/div>\n    <div class=\"post-slider__pagination\"><\/div>\n  <\/div>\n<\/div>\n<\/div><\/div>\n\n\n\n<div style=\"height:100px\" aria-hidden=\"true\" class=\"wp-block-spacer is-style-spacer-small\"><\/div>\n<\/div><\/div>\n","protected":false},"excerpt":{"rendered":"<p>Questo parco, che ha anche lo status di riserva della biosfera ha anche la funzione di \u201cpolmone verde di Varsavia\u201d. Dal 2000, \u00e8 nella lista mondiale delle riserve della biosfera UNESCO ed \u00e8 anche una zona Natura 2000. Il suo simbolo \u00e8 un alce. Il Parco protegge la zona della Foresta di Kampinos che si [&hellip;]<\/p>\n","protected":false},"author":1,"featured_media":21032,"comment_status":"open","ping_status":"open","sticky":false,"template":"","format":"standard","meta":{"_acf_changed":false,"footnotes":""},"categories":[1036,1040],"class_list":["post-31431","post","type-post","status-publish","format-standard","has-post-thumbnail","hentry","category-scopri-i-luoghi","category-i-parchi-nazionali"],"acf":[],"yoast_head":"<!-- This site is optimized with the Yoast SEO plugin v27.4 - https:\/\/yoast.com\/product\/yoast-seo-wordpress\/ -->\n<title>Parco Nazionale di Kampinos - Polonia Travel (IT)<\/title>\n<meta name=\"robots\" content=\"index, follow, max-snippet:-1, max-image-preview:large, max-video-preview:-1\" \/>\n<link rel=\"canonical\" href=\"https:\/\/www.polonia.travel\/it\/il-parco-nazionale-kampinoski\/\" \/>\n<meta property=\"og:locale\" content=\"pl_PL\" \/>\n<meta property=\"og:type\" content=\"article\" \/>\n<meta property=\"og:title\" content=\"Parco Nazionale di Kampinos - Polonia Travel (IT)\" \/>\n<meta property=\"og:description\" content=\"Questo parco, che ha anche lo status di riserva della biosfera ha anche la funzione di \u201cpolmone verde di Varsavia\u201d. Dal 2000, \u00e8 nella lista mondiale delle riserve della biosfera UNESCO ed \u00e8 anche una zona Natura 2000. Il suo simbolo \u00e8 un alce. Il Parco protegge la zona della Foresta di Kampinos che si [&hellip;]\" \/>\n<meta property=\"og:url\" content=\"https:\/\/www.polonia.travel\/it\/il-parco-nazionale-kampinoski\/\" \/>\n<meta property=\"og:site_name\" content=\"Polonia Travel (IT)\" \/>\n<meta property=\"article:published_time\" content=\"2024-07-15T12:02:27+00:00\" \/>\n<meta property=\"article:modified_time\" content=\"2024-11-26T20:14:00+00:00\" \/>\n<meta property=\"og:image\" content=\"https:\/\/www.polonia.travel\/it\/wp-content\/uploads\/sites\/20\/2023\/02\/Kampinoski-PN1920.jpg\" \/>\n\t<meta property=\"og:image:width\" content=\"1920\" \/>\n\t<meta property=\"og:image:height\" content=\"450\" \/>\n\t<meta property=\"og:image:type\" content=\"image\/jpeg\" \/>\n<meta name=\"twitter:card\" content=\"summary_large_image\" \/>\n<meta name=\"twitter:label1\" content=\"Napisane przez\" \/>\n\t<meta name=\"twitter:data1\" content=\"\" \/>\n\t<meta name=\"twitter:label2\" content=\"Szacowany czas czytania\" \/>\n\t<meta name=\"twitter:data2\" content=\"8 minut\" \/>\n<script type=\"application\/ld+json\" class=\"yoast-schema-graph\">{\"@context\":\"https:\\\/\\\/schema.org\",\"@graph\":[{\"@type\":\"Article\",\"@id\":\"https:\\\/\\\/www.polonia.travel\\\/it\\\/il-parco-nazionale-kampinoski\\\/#article\",\"isPartOf\":{\"@id\":\"https:\\\/\\\/www.polonia.travel\\\/it\\\/il-parco-nazionale-kampinoski\\\/\"},\"author\":{\"name\":\"\",\"@id\":\"\"},\"headline\":\"Parco Nazionale di Kampinos\",\"datePublished\":\"2024-07-15T12:02:27+00:00\",\"dateModified\":\"2024-11-26T20:14:00+00:00\",\"mainEntityOfPage\":{\"@id\":\"https:\\\/\\\/www.polonia.travel\\\/it\\\/il-parco-nazionale-kampinoski\\\/\"},\"wordCount\":1311,\"commentCount\":8,\"publisher\":{\"@id\":\"https:\\\/\\\/www.polonia.travel\\\/it\\\/#organization\"},\"image\":{\"@id\":\"https:\\\/\\\/www.polonia.travel\\\/it\\\/il-parco-nazionale-kampinoski\\\/#primaryimage\"},\"thumbnailUrl\":\"https:\\\/\\\/www.polonia.travel\\\/it\\\/wp-content\\\/uploads\\\/sites\\\/20\\\/2023\\\/02\\\/Kampinoski-PN1920.jpg\",\"keywords\":[\"it\",\"cosa-vedere\",\"la-natura\",\"i-parchi-nazionali\"],\"articleSection\":[\"Scopri i luoghi\",\"I Parchi Nazionali\"],\"inLanguage\":\"pl-PL\"},{\"@type\":\"WebPage\",\"@id\":\"https:\\\/\\\/www.polonia.travel\\\/it\\\/il-parco-nazionale-kampinoski\\\/\",\"url\":\"https:\\\/\\\/www.polonia.travel\\\/it\\\/il-parco-nazionale-kampinoski\\\/\",\"name\":\"Parco Nazionale di Kampinos - Polonia Travel (IT)\",\"isPartOf\":{\"@id\":\"https:\\\/\\\/www.polonia.travel\\\/it\\\/#website\"},\"primaryImageOfPage\":{\"@id\":\"https:\\\/\\\/www.polonia.travel\\\/it\\\/il-parco-nazionale-kampinoski\\\/#primaryimage\"},\"image\":{\"@id\":\"https:\\\/\\\/www.polonia.travel\\\/it\\\/il-parco-nazionale-kampinoski\\\/#primaryimage\"},\"thumbnailUrl\":\"https:\\\/\\\/www.polonia.travel\\\/it\\\/wp-content\\\/uploads\\\/sites\\\/20\\\/2023\\\/02\\\/Kampinoski-PN1920.jpg\",\"datePublished\":\"2024-07-15T12:02:27+00:00\",\"dateModified\":\"2024-11-26T20:14:00+00:00\",\"breadcrumb\":{\"@id\":\"https:\\\/\\\/www.polonia.travel\\\/it\\\/il-parco-nazionale-kampinoski\\\/#breadcrumb\"},\"inLanguage\":\"pl-PL\",\"potentialAction\":[{\"@type\":\"ReadAction\",\"target\":[\"https:\\\/\\\/www.polonia.travel\\\/it\\\/il-parco-nazionale-kampinoski\\\/\"]}]},{\"@type\":\"ImageObject\",\"inLanguage\":\"pl-PL\",\"@id\":\"https:\\\/\\\/www.polonia.travel\\\/it\\\/il-parco-nazionale-kampinoski\\\/#primaryimage\",\"url\":\"https:\\\/\\\/www.polonia.travel\\\/it\\\/wp-content\\\/uploads\\\/sites\\\/20\\\/2023\\\/02\\\/Kampinoski-PN1920.jpg\",\"contentUrl\":\"https:\\\/\\\/www.polonia.travel\\\/it\\\/wp-content\\\/uploads\\\/sites\\\/20\\\/2023\\\/02\\\/Kampinoski-PN1920.jpg\",\"width\":1920,\"height\":450,\"caption\":\"Puszcza Kampinoska\"},{\"@type\":\"BreadcrumbList\",\"@id\":\"https:\\\/\\\/www.polonia.travel\\\/it\\\/il-parco-nazionale-kampinoski\\\/#breadcrumb\",\"itemListElement\":[{\"@type\":\"ListItem\",\"position\":1,\"name\":\"Home page\",\"item\":\"https:\\\/\\\/www.polonia.travel\\\/it\\\/\"},{\"@type\":\"ListItem\",\"position\":2,\"name\":\"Scopri i luoghi\",\"item\":\"https:\\\/\\\/www.polonia.travel\\\/it\\\/category\\\/scopri-i-luoghi\\\/\"},{\"@type\":\"ListItem\",\"position\":3,\"name\":\"Parco Nazionale di Kampinos\"}]},{\"@type\":\"WebSite\",\"@id\":\"https:\\\/\\\/www.polonia.travel\\\/it\\\/#website\",\"url\":\"https:\\\/\\\/www.polonia.travel\\\/it\\\/\",\"name\":\"Polonia Travel (IT)\",\"description\":\"...\",\"publisher\":{\"@id\":\"https:\\\/\\\/www.polonia.travel\\\/it\\\/#organization\"},\"potentialAction\":[{\"@type\":\"SearchAction\",\"target\":{\"@type\":\"EntryPoint\",\"urlTemplate\":\"https:\\\/\\\/www.polonia.travel\\\/it\\\/?s={search_term_string}\"},\"query-input\":{\"@type\":\"PropertyValueSpecification\",\"valueRequired\":true,\"valueName\":\"search_term_string\"}}],\"inLanguage\":\"pl-PL\"},{\"@type\":\"Organization\",\"@id\":\"https:\\\/\\\/www.polonia.travel\\\/it\\\/#organization\",\"name\":\"Polonia Travel (IT)\",\"url\":\"https:\\\/\\\/www.polonia.travel\\\/it\\\/\",\"logo\":{\"@type\":\"ImageObject\",\"inLanguage\":\"pl-PL\",\"@id\":\"https:\\\/\\\/www.polonia.travel\\\/it\\\/#\\\/schema\\\/logo\\\/image\\\/\",\"url\":\"\",\"contentUrl\":\"\",\"caption\":\"Polonia Travel (IT)\"},\"image\":{\"@id\":\"https:\\\/\\\/www.polonia.travel\\\/it\\\/#\\\/schema\\\/logo\\\/image\\\/\"}},{\"@type\":\"Person\",\"@id\":\"\"}]}<\/script>\n<!-- \/ Yoast SEO plugin. -->","yoast_head_json":{"title":"Parco Nazionale di Kampinos - Polonia Travel (IT)","robots":{"index":"index","follow":"follow","max-snippet":"max-snippet:-1","max-image-preview":"max-image-preview:large","max-video-preview":"max-video-preview:-1"},"canonical":"https:\/\/www.polonia.travel\/it\/il-parco-nazionale-kampinoski\/","og_locale":"pl_PL","og_type":"article","og_title":"Parco Nazionale di Kampinos - Polonia Travel (IT)","og_description":"Questo parco, che ha anche lo status di riserva della biosfera ha anche la funzione di \u201cpolmone verde di Varsavia\u201d. Dal 2000, \u00e8 nella lista mondiale delle riserve della biosfera UNESCO ed \u00e8 anche una zona Natura 2000. Il suo simbolo \u00e8 un alce. Il Parco protegge la zona della Foresta di Kampinos che si [&hellip;]","og_url":"https:\/\/www.polonia.travel\/it\/il-parco-nazionale-kampinoski\/","og_site_name":"Polonia Travel (IT)","article_published_time":"2024-07-15T12:02:27+00:00","article_modified_time":"2024-11-26T20:14:00+00:00","og_image":[{"width":1920,"height":450,"url":"https:\/\/www.polonia.travel\/it\/wp-content\/uploads\/sites\/20\/2023\/02\/Kampinoski-PN1920.jpg","type":"image\/jpeg"}],"twitter_card":"summary_large_image","twitter_misc":{"Napisane przez":"","Szacowany czas czytania":"8 minut"},"schema":{"@context":"https:\/\/schema.org","@graph":[{"@type":"Article","@id":"https:\/\/www.polonia.travel\/it\/il-parco-nazionale-kampinoski\/#article","isPartOf":{"@id":"https:\/\/www.polonia.travel\/it\/il-parco-nazionale-kampinoski\/"},"author":{"name":"","@id":""},"headline":"Parco Nazionale di Kampinos","datePublished":"2024-07-15T12:02:27+00:00","dateModified":"2024-11-26T20:14:00+00:00","mainEntityOfPage":{"@id":"https:\/\/www.polonia.travel\/it\/il-parco-nazionale-kampinoski\/"},"wordCount":1311,"commentCount":8,"publisher":{"@id":"https:\/\/www.polonia.travel\/it\/#organization"},"image":{"@id":"https:\/\/www.polonia.travel\/it\/il-parco-nazionale-kampinoski\/#primaryimage"},"thumbnailUrl":"https:\/\/www.polonia.travel\/it\/wp-content\/uploads\/sites\/20\/2023\/02\/Kampinoski-PN1920.jpg","keywords":["it","cosa-vedere","la-natura","i-parchi-nazionali"],"articleSection":["Scopri i luoghi","I Parchi Nazionali"],"inLanguage":"pl-PL"},{"@type":"WebPage","@id":"https:\/\/www.polonia.travel\/it\/il-parco-nazionale-kampinoski\/","url":"https:\/\/www.polonia.travel\/it\/il-parco-nazionale-kampinoski\/","name":"Parco Nazionale di Kampinos - Polonia Travel (IT)","isPartOf":{"@id":"https:\/\/www.polonia.travel\/it\/#website"},"primaryImageOfPage":{"@id":"https:\/\/www.polonia.travel\/it\/il-parco-nazionale-kampinoski\/#primaryimage"},"image":{"@id":"https:\/\/www.polonia.travel\/it\/il-parco-nazionale-kampinoski\/#primaryimage"},"thumbnailUrl":"https:\/\/www.polonia.travel\/it\/wp-content\/uploads\/sites\/20\/2023\/02\/Kampinoski-PN1920.jpg","datePublished":"2024-07-15T12:02:27+00:00","dateModified":"2024-11-26T20:14:00+00:00","breadcrumb":{"@id":"https:\/\/www.polonia.travel\/it\/il-parco-nazionale-kampinoski\/#breadcrumb"},"inLanguage":"pl-PL","potentialAction":[{"@type":"ReadAction","target":["https:\/\/www.polonia.travel\/it\/il-parco-nazionale-kampinoski\/"]}]},{"@type":"ImageObject","inLanguage":"pl-PL","@id":"https:\/\/www.polonia.travel\/it\/il-parco-nazionale-kampinoski\/#primaryimage","url":"https:\/\/www.polonia.travel\/it\/wp-content\/uploads\/sites\/20\/2023\/02\/Kampinoski-PN1920.jpg","contentUrl":"https:\/\/www.polonia.travel\/it\/wp-content\/uploads\/sites\/20\/2023\/02\/Kampinoski-PN1920.jpg","width":1920,"height":450,"caption":"Puszcza Kampinoska"},{"@type":"BreadcrumbList","@id":"https:\/\/www.polonia.travel\/it\/il-parco-nazionale-kampinoski\/#breadcrumb","itemListElement":[{"@type":"ListItem","position":1,"name":"Home page","item":"https:\/\/www.polonia.travel\/it\/"},{"@type":"ListItem","position":2,"name":"Scopri i luoghi","item":"https:\/\/www.polonia.travel\/it\/category\/scopri-i-luoghi\/"},{"@type":"ListItem","position":3,"name":"Parco Nazionale di Kampinos"}]},{"@type":"WebSite","@id":"https:\/\/www.polonia.travel\/it\/#website","url":"https:\/\/www.polonia.travel\/it\/","name":"Polonia Travel (IT)","description":"...","publisher":{"@id":"https:\/\/www.polonia.travel\/it\/#organization"},"potentialAction":[{"@type":"SearchAction","target":{"@type":"EntryPoint","urlTemplate":"https:\/\/www.polonia.travel\/it\/?s={search_term_string}"},"query-input":{"@type":"PropertyValueSpecification","valueRequired":true,"valueName":"search_term_string"}}],"inLanguage":"pl-PL"},{"@type":"Organization","@id":"https:\/\/www.polonia.travel\/it\/#organization","name":"Polonia Travel (IT)","url":"https:\/\/www.polonia.travel\/it\/","logo":{"@type":"ImageObject","inLanguage":"pl-PL","@id":"https:\/\/www.polonia.travel\/it\/#\/schema\/logo\/image\/","url":"","contentUrl":"","caption":"Polonia Travel (IT)"},"image":{"@id":"https:\/\/www.polonia.travel\/it\/#\/schema\/logo\/image\/"}},{"@type":"Person","@id":""}]}},"_links":{"self":[{"href":"https:\/\/www.polonia.travel\/it\/wp-json\/wp\/v2\/posts\/31431","targetHints":{"allow":["GET"]}}],"collection":[{"href":"https:\/\/www.polonia.travel\/it\/wp-json\/wp\/v2\/posts"}],"about":[{"href":"https:\/\/www.polonia.travel\/it\/wp-json\/wp\/v2\/types\/post"}],"author":[{"embeddable":true,"href":"https:\/\/www.polonia.travel\/it\/wp-json\/wp\/v2\/users\/1"}],"replies":[{"embeddable":true,"href":"https:\/\/www.polonia.travel\/it\/wp-json\/wp\/v2\/comments?post=31431"}],"version-history":[{"count":9,"href":"https:\/\/www.polonia.travel\/it\/wp-json\/wp\/v2\/posts\/31431\/revisions"}],"predecessor-version":[{"id":40063,"href":"https:\/\/www.polonia.travel\/it\/wp-json\/wp\/v2\/posts\/31431\/revisions\/40063"}],"wp:featuredmedia":[{"embeddable":true,"href":"https:\/\/www.polonia.travel\/it\/wp-json\/wp\/v2\/media\/21032"}],"wp:attachment":[{"href":"https:\/\/www.polonia.travel\/it\/wp-json\/wp\/v2\/media?parent=31431"}],"wp:term":[{"taxonomy":"category","embeddable":true,"href":"https:\/\/www.polonia.travel\/it\/wp-json\/wp\/v2\/categories?post=31431"}],"curies":[{"name":"wp","href":"https:\/\/api.w.org\/{rel}","templated":true}]}}