{"id":31405,"date":"2025-01-13T10:35:52","date_gmt":"2025-01-13T09:35:52","guid":{"rendered":"https:\/\/www.polonia.travel\/it\/?p=31405"},"modified":"2025-02-18T16:01:50","modified_gmt":"2025-02-18T15:01:50","slug":"e-primavera-e-tempo-di-polonia","status":"publish","type":"post","link":"https:\/\/www.polonia.travel\/it\/e-primavera-e-tempo-di-polonia\/","title":{"rendered":"\u00c8 primavera. \u00c8 tempo di Polonia!"},"content":{"rendered":"\n<div class=\"wp-block-group is-style-container-medium\"><div class=\"wp-block-group__inner-container is-layout-constrained wp-block-group-is-layout-constrained\">\n<h2 class=\"wp-block-heading\">\u00c8 primavera. \u00c8 tempo di Polonia!<\/h2>\n\n\n\n<div style=\"height:100px\" aria-hidden=\"true\" class=\"wp-block-spacer is-style-spacer-small\"><\/div>\n\n\n\n<p>Citt\u00e0 d\u2019arte, mare, montagna, pittoreschi paesini o laghi. Qualsiasi sia la meta che fa per voi, abbiamo preparato una mini-guida con una selezione di destinazioni perfette per vivere la primavera polacca, alla scoperta di un Paese generoso, che molto ha da offrire per la sua straordinaria ricchezza culturale, storica, sociale e naturalistica.<\/p>\n\n\n\n<p><strong>La fioritura dei crochi nella Valle Chocho\u0142owska<\/strong><\/p>\n\n\n\n<p>Se decidete di viaggiare in primavera vi consigliamo di visitare i Monti Tatra e ammirare la magnifica fioritura dei crochi nella Valle Chocho\u0142owska, una delle radure pi\u00f9 grandi della zona. Questo \u00e8 il luogo ideale per gli amanti della natura e per chi \u00e8 alla ricerca di un po\u2019 di relax, passeggiando per le vaste distese floreali.<\/p>\n\n\n\n<p>Ogni anno questa magnifica fioritura esplode letteralmente tra fine marzo e fine aprile con i suoi delicati colori violacei, avvolti nella fresca aria primaverile.&nbsp;<\/p>\n\n\n\n<p>Nei pressi di questa valle, troviamo Zakopane, la pi\u00f9 famosa e pittoresca cittadina di montagna polacca, facilmente raggiungibile da Cracovia in treno, autobus o macchina, che vale la pena di essere visitata per la sua architettura, le gallerie d\u2019arte e le botteghe gestite dagli artigiani.<\/p>\n\n\n\n<p><strong>In zattera nella Gola di Dunajec<\/strong><\/p>\n\n\n\n<p>Se amate la natura e l\u2019avventura, non perdetevi la discesa in zattera nella Gola di Dunajec, una delle pi\u00f9 belle gole fluviali in Europa e tra le pi\u00f9 interessanti attrazioni della regione Piccola Polonia. Accompagnati da due montanari che, con il loro particolare umorismo, raccontano le leggende locali e la natura del Parco Nazionale dei Monti Pieniny \u2013 all\u2019interno del quale si trova questa gola \u2013 la navigazione sulle due zattere resta un\u2019esperienza indimenticabile, da vivere circondati da boschi di faggio e di abete, rocce calcaree e pareti verticali, perfetta per scoprire le zone pi\u00f9 nascoste e pi\u00f9 interessanti del Parco Nazionale.<\/p>\n<\/div><\/div>\n\n\n\n<div style=\"height:100px\" aria-hidden=\"true\" class=\"wp-block-spacer is-style-spacer-small\"><\/div>\n\n\n\n<div class=\"wp-block-group is-style-container\"><div class=\"wp-block-group__inner-container is-layout-constrained wp-block-group-is-layout-constrained\">  <div class=\"gallery-tiles gallery-tiles--rows-2-3 lightgallery\">\r\n          <a href=\"https:\/\/www.polonia.travel\/it\/wp-content\/uploads\/sites\/20\/2024\/05\/Dolina_Chocholowska_Krokusy-25.jpg\" class=\"gallery-tiles__item\" data-src=\"https:\/\/www.polonia.travel\/it\/wp-content\/uploads\/sites\/20\/2024\/05\/Dolina_Chocholowska_Krokusy-25.jpg\"\r\n        aria-label=\"Otw\u00f3rz powi\u0119kszone zdj\u0119cie: Dolina_Chocholowska_Krokusy-25\">\r\n        <img loading=\"lazy\" decoding=\"async\" width=\"540\" height=\"349\" src=\"https:\/\/www.polonia.travel\/it\/wp-content\/uploads\/sites\/20\/2024\/05\/Dolina_Chocholowska_Krokusy-25.jpg\" class=\"gallery-tiles__thumb\" alt=\"\" \/>      <\/a>\r\n          <a href=\"https:\/\/www.polonia.travel\/it\/wp-content\/uploads\/sites\/20\/2024\/05\/306125265_Zamek_Ksiaz_Adobe.jpeg\" class=\"gallery-tiles__item\" data-src=\"https:\/\/www.polonia.travel\/it\/wp-content\/uploads\/sites\/20\/2024\/05\/306125265_Zamek_Ksiaz_Adobe.jpeg\"\r\n        aria-label=\"Otw\u00f3rz powi\u0119kszone zdj\u0119cie: Zamek Ksi\u0105\u017c\">\r\n        <img loading=\"lazy\" decoding=\"async\" width=\"800\" height=\"512\" src=\"https:\/\/www.polonia.travel\/it\/wp-content\/uploads\/sites\/20\/2024\/05\/306125265_Zamek_Ksiaz_Adobe.jpeg\" class=\"gallery-tiles__thumb\" alt=\"\" srcset=\"https:\/\/www.polonia.travel\/it\/wp-content\/uploads\/sites\/20\/2024\/05\/306125265_Zamek_Ksiaz_Adobe.jpeg 800w, https:\/\/www.polonia.travel\/it\/wp-content\/uploads\/sites\/20\/2024\/05\/306125265_Zamek_Ksiaz_Adobe-600x384.jpeg 600w, https:\/\/www.polonia.travel\/it\/wp-content\/uploads\/sites\/20\/2024\/05\/306125265_Zamek_Ksiaz_Adobe-768x492.jpeg 768w\" sizes=\"auto, (max-width: 800px) 100vw, 800px\" \/>      <\/a>\r\n          <a href=\"https:\/\/www.polonia.travel\/it\/wp-content\/uploads\/sites\/20\/2024\/05\/Cracovia15-3.jpg\" class=\"gallery-tiles__item\" data-src=\"https:\/\/www.polonia.travel\/it\/wp-content\/uploads\/sites\/20\/2024\/05\/Cracovia15-3.jpg\"\r\n        aria-label=\"Otw\u00f3rz powi\u0119kszone zdj\u0119cie: Krakow &#8211; Wawel castle at day\">\r\n        <img loading=\"lazy\" decoding=\"async\" width=\"800\" height=\"533\" src=\"https:\/\/www.polonia.travel\/it\/wp-content\/uploads\/sites\/20\/2024\/05\/Cracovia15-3.jpg\" class=\"gallery-tiles__thumb\" alt=\"\" srcset=\"https:\/\/www.polonia.travel\/it\/wp-content\/uploads\/sites\/20\/2024\/05\/Cracovia15-3.jpg 800w, https:\/\/www.polonia.travel\/it\/wp-content\/uploads\/sites\/20\/2024\/05\/Cracovia15-3-600x400.jpg 600w, https:\/\/www.polonia.travel\/it\/wp-content\/uploads\/sites\/20\/2024\/05\/Cracovia15-3-768x512.jpg 768w\" sizes=\"auto, (max-width: 800px) 100vw, 800px\" \/>      <\/a>\r\n          <a href=\"https:\/\/www.polonia.travel\/it\/wp-content\/uploads\/sites\/20\/2024\/05\/GDANSK204-5.jpg\" class=\"gallery-tiles__item\" data-src=\"https:\/\/www.polonia.travel\/it\/wp-content\/uploads\/sites\/20\/2024\/05\/GDANSK204-5.jpg\"\r\n        aria-label=\"Otw\u00f3rz powi\u0119kszone zdj\u0119cie: Cityscape of Gdansk in Poland\">\r\n        <img loading=\"lazy\" decoding=\"async\" width=\"800\" height=\"533\" src=\"https:\/\/www.polonia.travel\/it\/wp-content\/uploads\/sites\/20\/2024\/05\/GDANSK204-5.jpg\" class=\"gallery-tiles__thumb\" alt=\"\" srcset=\"https:\/\/www.polonia.travel\/it\/wp-content\/uploads\/sites\/20\/2024\/05\/GDANSK204-5.jpg 800w, https:\/\/www.polonia.travel\/it\/wp-content\/uploads\/sites\/20\/2024\/05\/GDANSK204-5-600x400.jpg 600w, https:\/\/www.polonia.travel\/it\/wp-content\/uploads\/sites\/20\/2024\/05\/GDANSK204-5-768x512.jpg 768w\" sizes=\"auto, (max-width: 800px) 100vw, 800px\" \/>      <\/a>\r\n      <\/div>\r\n<\/div><\/div>\n\n\n\n<div style=\"height:100px\" aria-hidden=\"true\" class=\"wp-block-spacer is-style-spacer-small\"><\/div>\n\n\n\n<p><\/p>\n\n\n\n<div class=\"wp-block-group is-style-container-medium\"><div class=\"wp-block-group__inner-container is-layout-constrained wp-block-group-is-layout-constrained\">\n<p><strong>A Varsavia, sulle note di Chopin<\/strong><\/p>\n\n\n\n<p>La primavera \u00e8 un ottimo momento per visitare la capitale polacca perch\u00e9 proprio nel mese di maggio a Varsavia inizia la stagione degli eventi all\u2019aria aperta. Ogni fine settimana \u00e8 una girandola di concerti, laboratori e spettacoli. E quale miglior occasione, per entrare nell\u2019anima di Varsavia, se non quella di assistere ad un concerto di musica classica dove i migliori musicisti si esibiscono in onore del famoso compositore polacco F. Chopin nel Parco Reale \u0141azienki? L\u2019ingresso \u00e8 libero.<\/p>\n\n\n\n<p><strong>Sulle tracce della Duchessa Daisy, nel Castello di Ksiaz<\/strong><\/p>\n\n\n\n<p>Nella regione della Bassa Slesia, non molto distante da Breslavia, sorge una delle fortezze pi\u00f9 imponenti e belle della Polonia, il Castello di Ksiaz, in cima a una collina coperta di foreste del Parco Paesaggistico di Ksi\u0105z. Qui viene organizzato un festival romantico per antonomasia: il festival dei fiori. Tra fine aprile ed inizio maggio vale la pena visitare questo palazzo principesco perch\u00e9 le sale vengono completamente addobbate da enormi composizioni floreali: si possono ammirare esposizioni di bonsai giapponesi e prodotti regionali. Una vera e propria esplosione di profumi e colori!\u00a0<\/p>\n\n\n\n<p><strong>Danzica e \u201cl\u2019oro del Baltico\u201d, a cavallo<\/strong><\/p>\n\n\n\n<p>Una passeggiata a cavallo \u00e8 sempre un\u2019esperienza intensa, ma lo diventa ancor di pi\u00f9 se vi trovate in riva al Mar Baltico, sulla sua sabbia bianchissima, in una calda giornata di sole: un\u2019emozione che solo chi l\u2019ha provata pu\u00f2 capire. La regione della Pomerania \u00e8 l\u2019ideale per chi desidera organizzare un soggiorno romantico a Danzica, il suo capoluogo. Siamo in una bellissima citt\u00e0 in stile medievale con edifici colorati, di un\u2019eleganza senza paragoni e arricchita da un tesoro famoso in tutto il mondo: l\u2019ambra.<\/p>\n\n\n\n<p>Detto anche \u201cl\u2019oro del Baltico\u201d, lo potete trovare nelle sfumature pi\u00f9 varie \u2013 dai toni del whisky fino ad un verde tendente al muschio. Sono molte le gioiellerie lungo la strada principale di Danzica, Via Dluga (ovvero Via Lunga) dove acquistarla.<\/p>\n<\/div><\/div>\n","protected":false},"excerpt":{"rendered":"<p>\u00c8 primavera. \u00c8 tempo di Polonia! Citt\u00e0 d\u2019arte, mare, montagna, pittoreschi paesini o laghi. Qualsiasi sia la meta che fa per voi, abbiamo preparato una mini-guida con una selezione di destinazioni perfette per vivere la primavera polacca, alla scoperta di un Paese generoso, che molto ha da offrire per la sua straordinaria ricchezza culturale, storica, [&hellip;]<\/p>\n","protected":false},"author":1,"featured_media":22965,"comment_status":"open","ping_status":"open","sticky":false,"template":"","format":"standard","meta":{"_acf_changed":false,"footnotes":""},"categories":[1221],"class_list":["post-31405","post","type-post","status-publish","format-standard","has-post-thumbnail","hentry","category-itinerari-tematici"],"acf":[],"yoast_head":"<!-- This site is optimized with the Yoast SEO plugin v27.4 - https:\/\/yoast.com\/product\/yoast-seo-wordpress\/ -->\n<title>\u00c8 primavera. \u00c8 tempo di Polonia! - Polonia Travel (IT)<\/title>\n<meta name=\"robots\" content=\"index, follow, max-snippet:-1, max-image-preview:large, max-video-preview:-1\" \/>\n<link rel=\"canonical\" href=\"https:\/\/www.polonia.travel\/it\/e-primavera-e-tempo-di-polonia\/\" \/>\n<meta property=\"og:locale\" content=\"pl_PL\" \/>\n<meta property=\"og:type\" content=\"article\" \/>\n<meta property=\"og:title\" content=\"\u00c8 primavera. \u00c8 tempo di Polonia! - Polonia Travel (IT)\" \/>\n<meta property=\"og:description\" content=\"\u00c8 primavera. \u00c8 tempo di Polonia! Citt\u00e0 d\u2019arte, mare, montagna, pittoreschi paesini o laghi. Qualsiasi sia la meta che fa per voi, abbiamo preparato una mini-guida con una selezione di destinazioni perfette per vivere la primavera polacca, alla scoperta di un Paese generoso, che molto ha da offrire per la sua straordinaria ricchezza culturale, storica, [&hellip;]\" \/>\n<meta property=\"og:url\" content=\"https:\/\/www.polonia.travel\/it\/e-primavera-e-tempo-di-polonia\/\" \/>\n<meta property=\"og:site_name\" content=\"Polonia Travel (IT)\" \/>\n<meta property=\"article:published_time\" content=\"2025-01-13T09:35:52+00:00\" \/>\n<meta property=\"article:modified_time\" content=\"2025-02-18T15:01:50+00:00\" \/>\n<meta property=\"og:image\" content=\"https:\/\/www.polonia.travel\/it\/wp-content\/uploads\/sites\/20\/2023\/04\/wiosna_krokusy_tatry_dolina_chocholowska.jpg\" \/>\n\t<meta property=\"og:image:width\" content=\"1900\" \/>\n\t<meta property=\"og:image:height\" content=\"890\" \/>\n\t<meta property=\"og:image:type\" content=\"image\/jpeg\" \/>\n<meta name=\"twitter:card\" content=\"summary_large_image\" \/>\n<meta name=\"twitter:label1\" content=\"Napisane przez\" \/>\n\t<meta name=\"twitter:data1\" content=\"\" \/>\n\t<meta name=\"twitter:label2\" content=\"Szacowany czas czytania\" \/>\n\t<meta name=\"twitter:data2\" content=\"4 minuty\" \/>\n<script type=\"application\/ld+json\" class=\"yoast-schema-graph\">{\"@context\":\"https:\\\/\\\/schema.org\",\"@graph\":[{\"@type\":\"Article\",\"@id\":\"https:\\\/\\\/www.polonia.travel\\\/it\\\/e-primavera-e-tempo-di-polonia\\\/#article\",\"isPartOf\":{\"@id\":\"https:\\\/\\\/www.polonia.travel\\\/it\\\/e-primavera-e-tempo-di-polonia\\\/\"},\"author\":{\"name\":\"\",\"@id\":\"\"},\"headline\":\"\u00c8 primavera. \u00c8 tempo di Polonia!\",\"datePublished\":\"2025-01-13T09:35:52+00:00\",\"dateModified\":\"2025-02-18T15:01:50+00:00\",\"mainEntityOfPage\":{\"@id\":\"https:\\\/\\\/www.polonia.travel\\\/it\\\/e-primavera-e-tempo-di-polonia\\\/\"},\"wordCount\":627,\"commentCount\":8,\"publisher\":{\"@id\":\"https:\\\/\\\/www.polonia.travel\\\/it\\\/#organization\"},\"image\":{\"@id\":\"https:\\\/\\\/www.polonia.travel\\\/it\\\/e-primavera-e-tempo-di-polonia\\\/#primaryimage\"},\"thumbnailUrl\":\"https:\\\/\\\/www.polonia.travel\\\/it\\\/wp-content\\\/uploads\\\/sites\\\/20\\\/2023\\\/04\\\/wiosna_krokusy_tatry_dolina_chocholowska.jpg\",\"keywords\":[\"it\",\"cosa-vedere\",\"itinerari-tematici\"],\"articleSection\":[\"Itinerari tematici\"],\"inLanguage\":\"pl-PL\"},{\"@type\":\"WebPage\",\"@id\":\"https:\\\/\\\/www.polonia.travel\\\/it\\\/e-primavera-e-tempo-di-polonia\\\/\",\"url\":\"https:\\\/\\\/www.polonia.travel\\\/it\\\/e-primavera-e-tempo-di-polonia\\\/\",\"name\":\"\u00c8 primavera. \u00c8 tempo di Polonia! - Polonia Travel (IT)\",\"isPartOf\":{\"@id\":\"https:\\\/\\\/www.polonia.travel\\\/it\\\/#website\"},\"primaryImageOfPage\":{\"@id\":\"https:\\\/\\\/www.polonia.travel\\\/it\\\/e-primavera-e-tempo-di-polonia\\\/#primaryimage\"},\"image\":{\"@id\":\"https:\\\/\\\/www.polonia.travel\\\/it\\\/e-primavera-e-tempo-di-polonia\\\/#primaryimage\"},\"thumbnailUrl\":\"https:\\\/\\\/www.polonia.travel\\\/it\\\/wp-content\\\/uploads\\\/sites\\\/20\\\/2023\\\/04\\\/wiosna_krokusy_tatry_dolina_chocholowska.jpg\",\"datePublished\":\"2025-01-13T09:35:52+00:00\",\"dateModified\":\"2025-02-18T15:01:50+00:00\",\"breadcrumb\":{\"@id\":\"https:\\\/\\\/www.polonia.travel\\\/it\\\/e-primavera-e-tempo-di-polonia\\\/#breadcrumb\"},\"inLanguage\":\"pl-PL\",\"potentialAction\":[{\"@type\":\"ReadAction\",\"target\":[\"https:\\\/\\\/www.polonia.travel\\\/it\\\/e-primavera-e-tempo-di-polonia\\\/\"]}]},{\"@type\":\"ImageObject\",\"inLanguage\":\"pl-PL\",\"@id\":\"https:\\\/\\\/www.polonia.travel\\\/it\\\/e-primavera-e-tempo-di-polonia\\\/#primaryimage\",\"url\":\"https:\\\/\\\/www.polonia.travel\\\/it\\\/wp-content\\\/uploads\\\/sites\\\/20\\\/2023\\\/04\\\/wiosna_krokusy_tatry_dolina_chocholowska.jpg\",\"contentUrl\":\"https:\\\/\\\/www.polonia.travel\\\/it\\\/wp-content\\\/uploads\\\/sites\\\/20\\\/2023\\\/04\\\/wiosna_krokusy_tatry_dolina_chocholowska.jpg\",\"width\":1900,\"height\":890},{\"@type\":\"BreadcrumbList\",\"@id\":\"https:\\\/\\\/www.polonia.travel\\\/it\\\/e-primavera-e-tempo-di-polonia\\\/#breadcrumb\",\"itemListElement\":[{\"@type\":\"ListItem\",\"position\":1,\"name\":\"Home page\",\"item\":\"https:\\\/\\\/www.polonia.travel\\\/it\\\/\"},{\"@type\":\"ListItem\",\"position\":2,\"name\":\"Ispirazioni di viaggio\",\"item\":\"https:\\\/\\\/www.polonia.travel\\\/it\\\/category\\\/ispirazioni-di-viaggio\\\/\"},{\"@type\":\"ListItem\",\"position\":3,\"name\":\"Itinerari tematici\",\"item\":\"https:\\\/\\\/www.polonia.travel\\\/it\\\/category\\\/ispirazioni-di-viaggio\\\/itinerari-tematici\\\/\"},{\"@type\":\"ListItem\",\"position\":4,\"name\":\"\u00c8 primavera. \u00c8 tempo di Polonia!\"}]},{\"@type\":\"WebSite\",\"@id\":\"https:\\\/\\\/www.polonia.travel\\\/it\\\/#website\",\"url\":\"https:\\\/\\\/www.polonia.travel\\\/it\\\/\",\"name\":\"Polonia Travel (IT)\",\"description\":\"...\",\"publisher\":{\"@id\":\"https:\\\/\\\/www.polonia.travel\\\/it\\\/#organization\"},\"potentialAction\":[{\"@type\":\"SearchAction\",\"target\":{\"@type\":\"EntryPoint\",\"urlTemplate\":\"https:\\\/\\\/www.polonia.travel\\\/it\\\/?s={search_term_string}\"},\"query-input\":{\"@type\":\"PropertyValueSpecification\",\"valueRequired\":true,\"valueName\":\"search_term_string\"}}],\"inLanguage\":\"pl-PL\"},{\"@type\":\"Organization\",\"@id\":\"https:\\\/\\\/www.polonia.travel\\\/it\\\/#organization\",\"name\":\"Polonia Travel (IT)\",\"url\":\"https:\\\/\\\/www.polonia.travel\\\/it\\\/\",\"logo\":{\"@type\":\"ImageObject\",\"inLanguage\":\"pl-PL\",\"@id\":\"https:\\\/\\\/www.polonia.travel\\\/it\\\/#\\\/schema\\\/logo\\\/image\\\/\",\"url\":\"\",\"contentUrl\":\"\",\"caption\":\"Polonia Travel (IT)\"},\"image\":{\"@id\":\"https:\\\/\\\/www.polonia.travel\\\/it\\\/#\\\/schema\\\/logo\\\/image\\\/\"}},{\"@type\":\"Person\",\"@id\":\"\"}]}<\/script>\n<!-- \/ Yoast SEO plugin. -->","yoast_head_json":{"title":"\u00c8 primavera. \u00c8 tempo di Polonia! - Polonia Travel (IT)","robots":{"index":"index","follow":"follow","max-snippet":"max-snippet:-1","max-image-preview":"max-image-preview:large","max-video-preview":"max-video-preview:-1"},"canonical":"https:\/\/www.polonia.travel\/it\/e-primavera-e-tempo-di-polonia\/","og_locale":"pl_PL","og_type":"article","og_title":"\u00c8 primavera. \u00c8 tempo di Polonia! - Polonia Travel (IT)","og_description":"\u00c8 primavera. \u00c8 tempo di Polonia! Citt\u00e0 d\u2019arte, mare, montagna, pittoreschi paesini o laghi. Qualsiasi sia la meta che fa per voi, abbiamo preparato una mini-guida con una selezione di destinazioni perfette per vivere la primavera polacca, alla scoperta di un Paese generoso, che molto ha da offrire per la sua straordinaria ricchezza culturale, storica, [&hellip;]","og_url":"https:\/\/www.polonia.travel\/it\/e-primavera-e-tempo-di-polonia\/","og_site_name":"Polonia Travel (IT)","article_published_time":"2025-01-13T09:35:52+00:00","article_modified_time":"2025-02-18T15:01:50+00:00","og_image":[{"width":1900,"height":890,"url":"https:\/\/www.polonia.travel\/it\/wp-content\/uploads\/sites\/20\/2023\/04\/wiosna_krokusy_tatry_dolina_chocholowska.jpg","type":"image\/jpeg"}],"twitter_card":"summary_large_image","twitter_misc":{"Napisane przez":"","Szacowany czas czytania":"4 minuty"},"schema":{"@context":"https:\/\/schema.org","@graph":[{"@type":"Article","@id":"https:\/\/www.polonia.travel\/it\/e-primavera-e-tempo-di-polonia\/#article","isPartOf":{"@id":"https:\/\/www.polonia.travel\/it\/e-primavera-e-tempo-di-polonia\/"},"author":{"name":"","@id":""},"headline":"\u00c8 primavera. \u00c8 tempo di Polonia!","datePublished":"2025-01-13T09:35:52+00:00","dateModified":"2025-02-18T15:01:50+00:00","mainEntityOfPage":{"@id":"https:\/\/www.polonia.travel\/it\/e-primavera-e-tempo-di-polonia\/"},"wordCount":627,"commentCount":8,"publisher":{"@id":"https:\/\/www.polonia.travel\/it\/#organization"},"image":{"@id":"https:\/\/www.polonia.travel\/it\/e-primavera-e-tempo-di-polonia\/#primaryimage"},"thumbnailUrl":"https:\/\/www.polonia.travel\/it\/wp-content\/uploads\/sites\/20\/2023\/04\/wiosna_krokusy_tatry_dolina_chocholowska.jpg","keywords":["it","cosa-vedere","itinerari-tematici"],"articleSection":["Itinerari tematici"],"inLanguage":"pl-PL"},{"@type":"WebPage","@id":"https:\/\/www.polonia.travel\/it\/e-primavera-e-tempo-di-polonia\/","url":"https:\/\/www.polonia.travel\/it\/e-primavera-e-tempo-di-polonia\/","name":"\u00c8 primavera. \u00c8 tempo di Polonia! - Polonia Travel (IT)","isPartOf":{"@id":"https:\/\/www.polonia.travel\/it\/#website"},"primaryImageOfPage":{"@id":"https:\/\/www.polonia.travel\/it\/e-primavera-e-tempo-di-polonia\/#primaryimage"},"image":{"@id":"https:\/\/www.polonia.travel\/it\/e-primavera-e-tempo-di-polonia\/#primaryimage"},"thumbnailUrl":"https:\/\/www.polonia.travel\/it\/wp-content\/uploads\/sites\/20\/2023\/04\/wiosna_krokusy_tatry_dolina_chocholowska.jpg","datePublished":"2025-01-13T09:35:52+00:00","dateModified":"2025-02-18T15:01:50+00:00","breadcrumb":{"@id":"https:\/\/www.polonia.travel\/it\/e-primavera-e-tempo-di-polonia\/#breadcrumb"},"inLanguage":"pl-PL","potentialAction":[{"@type":"ReadAction","target":["https:\/\/www.polonia.travel\/it\/e-primavera-e-tempo-di-polonia\/"]}]},{"@type":"ImageObject","inLanguage":"pl-PL","@id":"https:\/\/www.polonia.travel\/it\/e-primavera-e-tempo-di-polonia\/#primaryimage","url":"https:\/\/www.polonia.travel\/it\/wp-content\/uploads\/sites\/20\/2023\/04\/wiosna_krokusy_tatry_dolina_chocholowska.jpg","contentUrl":"https:\/\/www.polonia.travel\/it\/wp-content\/uploads\/sites\/20\/2023\/04\/wiosna_krokusy_tatry_dolina_chocholowska.jpg","width":1900,"height":890},{"@type":"BreadcrumbList","@id":"https:\/\/www.polonia.travel\/it\/e-primavera-e-tempo-di-polonia\/#breadcrumb","itemListElement":[{"@type":"ListItem","position":1,"name":"Home page","item":"https:\/\/www.polonia.travel\/it\/"},{"@type":"ListItem","position":2,"name":"Ispirazioni di viaggio","item":"https:\/\/www.polonia.travel\/it\/category\/ispirazioni-di-viaggio\/"},{"@type":"ListItem","position":3,"name":"Itinerari tematici","item":"https:\/\/www.polonia.travel\/it\/category\/ispirazioni-di-viaggio\/itinerari-tematici\/"},{"@type":"ListItem","position":4,"name":"\u00c8 primavera. \u00c8 tempo di Polonia!"}]},{"@type":"WebSite","@id":"https:\/\/www.polonia.travel\/it\/#website","url":"https:\/\/www.polonia.travel\/it\/","name":"Polonia Travel (IT)","description":"...","publisher":{"@id":"https:\/\/www.polonia.travel\/it\/#organization"},"potentialAction":[{"@type":"SearchAction","target":{"@type":"EntryPoint","urlTemplate":"https:\/\/www.polonia.travel\/it\/?s={search_term_string}"},"query-input":{"@type":"PropertyValueSpecification","valueRequired":true,"valueName":"search_term_string"}}],"inLanguage":"pl-PL"},{"@type":"Organization","@id":"https:\/\/www.polonia.travel\/it\/#organization","name":"Polonia Travel (IT)","url":"https:\/\/www.polonia.travel\/it\/","logo":{"@type":"ImageObject","inLanguage":"pl-PL","@id":"https:\/\/www.polonia.travel\/it\/#\/schema\/logo\/image\/","url":"","contentUrl":"","caption":"Polonia Travel (IT)"},"image":{"@id":"https:\/\/www.polonia.travel\/it\/#\/schema\/logo\/image\/"}},{"@type":"Person","@id":""}]}},"_links":{"self":[{"href":"https:\/\/www.polonia.travel\/it\/wp-json\/wp\/v2\/posts\/31405","targetHints":{"allow":["GET"]}}],"collection":[{"href":"https:\/\/www.polonia.travel\/it\/wp-json\/wp\/v2\/posts"}],"about":[{"href":"https:\/\/www.polonia.travel\/it\/wp-json\/wp\/v2\/types\/post"}],"author":[{"embeddable":true,"href":"https:\/\/www.polonia.travel\/it\/wp-json\/wp\/v2\/users\/1"}],"replies":[{"embeddable":true,"href":"https:\/\/www.polonia.travel\/it\/wp-json\/wp\/v2\/comments?post=31405"}],"version-history":[{"count":5,"href":"https:\/\/www.polonia.travel\/it\/wp-json\/wp\/v2\/posts\/31405\/revisions"}],"predecessor-version":[{"id":40503,"href":"https:\/\/www.polonia.travel\/it\/wp-json\/wp\/v2\/posts\/31405\/revisions\/40503"}],"wp:featuredmedia":[{"embeddable":true,"href":"https:\/\/www.polonia.travel\/it\/wp-json\/wp\/v2\/media\/22965"}],"wp:attachment":[{"href":"https:\/\/www.polonia.travel\/it\/wp-json\/wp\/v2\/media?parent=31405"}],"wp:term":[{"taxonomy":"category","embeddable":true,"href":"https:\/\/www.polonia.travel\/it\/wp-json\/wp\/v2\/categories?post=31405"}],"curies":[{"name":"wp","href":"https:\/\/api.w.org\/{rel}","templated":true}]}}