{"id":31404,"date":"2025-01-13T10:41:39","date_gmt":"2025-01-13T09:41:39","guid":{"rendered":"https:\/\/www.polonia.travel\/it\/?p=31404"},"modified":"2025-01-13T10:41:40","modified_gmt":"2025-01-13T09:41:40","slug":"sulle-tracce-della-cultura-ebraica-in-polonia","status":"publish","type":"post","link":"https:\/\/www.polonia.travel\/it\/sulle-tracce-della-cultura-ebraica-in-polonia\/","title":{"rendered":"Sulle tracce della cultura ebraica in Polonia"},"content":{"rendered":"\n<div class=\"wp-block-group is-style-container-medium\"><div class=\"wp-block-group__inner-container is-layout-constrained wp-block-group-is-layout-constrained\">\n<h2 class=\"wp-block-heading\">Sulle tracce della cultura ebraica in Polonia<\/h2>\n\n\n\n<div style=\"height:100px\" aria-hidden=\"true\" class=\"wp-block-spacer is-style-spacer-small\"><\/div>\n\n\n\n<p>La storia della convivenza del popolo polacco e del popolo ebraico sul territorio della Polonia \u00e8 lunga oltre sette secoli. In tutto il paese troviamo molte testimonianze del patrimonio ebraico, tra cui luoghi e monumenti preziosi, sentieri, tradizioni e influenze gastronomiche.<\/p>\n\n\n\n<p>Prima della seconda guerra mondiale, Varsavia era uno dei pi\u00f9 grandi centri di cultura ebraica in Europa. Potete conoscere la storia degli ebrei polacchi visitando il museo dedicato (POLIN) e i numerosi memoriali dell\u2019Olocausto presenti nella capitale polacca.<\/p>\n\n\n\n<p><strong>Il museo POLIN<\/strong> \u00e8 un luogo che nasce con lo scopo di ripristinare la memoria di mille anni di storia degli ebrei polacchi. Sarete impressionati dall\u2019architettura della sala principale: con le fattezze di un burrone, simboleggia l\u2019attraversamento del Mar Rosso durante l\u2019esodo verso la Terra Promessa. All\u2019interno vedrete il soffitto a volta, replica della sinagoga del XVII secolo di Gwo\u017adziec, insieme a una mostra interattiva che vi far\u00e0 conoscere le tradizioni e la cultura della comunit\u00e0 ebraica.<\/p>\n\n\n\n<p>Il Monumento degli Eroi del Ghetto, situato di fronte all&#8217;edificio del museo, fu creato per onorare coloro che persero la vita nel <strong>Ghetto di Varsavia<\/strong>. \u00c8 il punto di partenza del Sentiero della lotta e del martirio ebraico, creato per commemorare i tragici eventi che ebbero luogo in questa zona della capitale. Lungo il percorso vedrete targhe che ricordano i comandanti della rivolta del ghetto e gli attivisti. Il Sentiero si chiude con il monumento Umschlagplatz situato nel luogo da cui partivano i trasporti di ebrei verso il campo di sterminio di Treblinka. L&#8217;esistenza del ghetto di Varsavia \u00e8 ricordata da targhe in ghisa poste lungo i marciapiedi che segnano i suoi vecchi confini, insieme a frammenti del muro del ghetto che vedrete nel cortile tra le vie Sienna e Z\u0142ota.<\/p>\n\n\n\n<p>Andate a visitare la sinagoga No\u017cyk, l&#8217;unica rimasta dei tempi dell\u2019anteguerra e ancora attiva, e poi recatevi in via Pr\u00f3\u017cna, i cui edifici sono sopravvissuti alla distruzione del ghetto. Ogni anno, tra la fine di agosto e l&#8217;inizio di settembre, questa zona ospita concerti all&#8217;aperto organizzati nell&#8217;ambito del <strong>Festival della cultura ebraica contemporanea, Varsavia di Singer<\/strong> (Warszawa Singera).<\/p>\n\n\n\n<p>Dal 2004, questo evento avvicina la storia millenaria dei polacchi e degli ebrei a tutti i visitatori e unisce le due culture. Ogni anno, Varsavia cambia volto per nove giorni, diventando una citt\u00e0 in cui risuonano lingue e musiche da tutto il mondo. Durante questo periodo avrete l&#8217;opportunit\u00e0 di sentire la musica sinagogale, folk e klezmer. Inoltre, gli artisti polacchi e quelli provenienti dall&#8217;estero presentano pezzi che vanno dalla musica classica sino a composizioni pi\u00f9 all&#8217;avanguardia.<strong> Il Festival Varsavia di Singer<\/strong> offre un&#8217;opportunit\u00e0 unica per osservare da vicino le ultime tendenze nelle arti visive, nel teatro, nella letteratura e nel cinema, naturalmente nel filone polacco-ebraico.<\/p>\n<\/div><\/div>\n\n\n\n<div style=\"height:100px\" aria-hidden=\"true\" class=\"wp-block-spacer is-style-spacer-small\"><\/div>\n\n\n\n<div class=\"wp-block-group is-style-container\"><div class=\"wp-block-group__inner-container is-layout-constrained wp-block-group-is-layout-constrained\">  <div class=\"gallery-tiles gallery-tiles--rows-2-3 lightgallery\">\r\n          <a href=\"https:\/\/www.polonia.travel\/it\/wp-content\/uploads\/sites\/20\/2024\/05\/warszawa_festiwal_singera_1170_1.jpg\" class=\"gallery-tiles__item\" data-src=\"https:\/\/www.polonia.travel\/it\/wp-content\/uploads\/sites\/20\/2024\/05\/warszawa_festiwal_singera_1170_1.jpg\"\r\n        aria-label=\"Otw\u00f3rz powi\u0119kszone zdj\u0119cie: warszawa_festiwal_singera_1170_1\">\r\n        <img loading=\"lazy\" decoding=\"async\" width=\"1170\" height=\"780\" src=\"https:\/\/www.polonia.travel\/it\/wp-content\/uploads\/sites\/20\/2024\/05\/warszawa_festiwal_singera_1170_1.jpg\" class=\"gallery-tiles__thumb\" alt=\"\" srcset=\"https:\/\/www.polonia.travel\/it\/wp-content\/uploads\/sites\/20\/2024\/05\/warszawa_festiwal_singera_1170_1.jpg 1170w, https:\/\/www.polonia.travel\/it\/wp-content\/uploads\/sites\/20\/2024\/05\/warszawa_festiwal_singera_1170_1-600x400.jpg 600w, https:\/\/www.polonia.travel\/it\/wp-content\/uploads\/sites\/20\/2024\/05\/warszawa_festiwal_singera_1170_1-768x512.jpg 768w\" sizes=\"auto, (max-width: 1170px) 100vw, 1170px\" \/>      <\/a>\r\n          <a href=\"https:\/\/www.polonia.travel\/it\/wp-content\/uploads\/sites\/20\/2024\/05\/warszawa_festiwal_singera_1170_2.jpg\" class=\"gallery-tiles__item\" data-src=\"https:\/\/www.polonia.travel\/it\/wp-content\/uploads\/sites\/20\/2024\/05\/warszawa_festiwal_singera_1170_2.jpg\"\r\n        aria-label=\"Otw\u00f3rz powi\u0119kszone zdj\u0119cie: warszawa_festiwal_singera_1170_2\">\r\n        <img loading=\"lazy\" decoding=\"async\" width=\"1200\" height=\"800\" src=\"https:\/\/www.polonia.travel\/it\/wp-content\/uploads\/sites\/20\/2024\/05\/warszawa_festiwal_singera_1170_2-1200x800.jpg\" class=\"gallery-tiles__thumb\" alt=\"\" srcset=\"https:\/\/www.polonia.travel\/it\/wp-content\/uploads\/sites\/20\/2024\/05\/warszawa_festiwal_singera_1170_2-1200x800.jpg 1200w, https:\/\/www.polonia.travel\/it\/wp-content\/uploads\/sites\/20\/2024\/05\/warszawa_festiwal_singera_1170_2-600x400.jpg 600w, https:\/\/www.polonia.travel\/it\/wp-content\/uploads\/sites\/20\/2024\/05\/warszawa_festiwal_singera_1170_2-768x512.jpg 768w, https:\/\/www.polonia.travel\/it\/wp-content\/uploads\/sites\/20\/2024\/05\/warszawa_festiwal_singera_1170_2.jpg 1536w\" sizes=\"auto, (max-width: 1200px) 100vw, 1200px\" \/>      <\/a>\r\n          <a href=\"https:\/\/www.polonia.travel\/it\/wp-content\/uploads\/sites\/20\/2024\/05\/muzeum_polin_1170_3.jpg\" class=\"gallery-tiles__item\" data-src=\"https:\/\/www.polonia.travel\/it\/wp-content\/uploads\/sites\/20\/2024\/05\/muzeum_polin_1170_3.jpg\"\r\n        aria-label=\"Otw\u00f3rz powi\u0119kszone zdj\u0119cie: muzeum_polin_1170_3\">\r\n        <img loading=\"lazy\" decoding=\"async\" width=\"1170\" height=\"780\" src=\"https:\/\/www.polonia.travel\/it\/wp-content\/uploads\/sites\/20\/2024\/05\/muzeum_polin_1170_3.jpg\" class=\"gallery-tiles__thumb\" alt=\"\" srcset=\"https:\/\/www.polonia.travel\/it\/wp-content\/uploads\/sites\/20\/2024\/05\/muzeum_polin_1170_3.jpg 1170w, https:\/\/www.polonia.travel\/it\/wp-content\/uploads\/sites\/20\/2024\/05\/muzeum_polin_1170_3-600x400.jpg 600w, https:\/\/www.polonia.travel\/it\/wp-content\/uploads\/sites\/20\/2024\/05\/muzeum_polin_1170_3-768x512.jpg 768w\" sizes=\"auto, (max-width: 1170px) 100vw, 1170px\" \/>      <\/a>\r\n          <a href=\"https:\/\/www.polonia.travel\/it\/wp-content\/uploads\/sites\/20\/2022\/12\/tykocin_wielka_synagoga_1170_2.jpg\" class=\"gallery-tiles__item\" data-src=\"https:\/\/www.polonia.travel\/it\/wp-content\/uploads\/sites\/20\/2022\/12\/tykocin_wielka_synagoga_1170_2.jpg\"\r\n        aria-label=\"Otw\u00f3rz powi\u0119kszone zdj\u0119cie: Obiekty Skaralne\">\r\n        <img loading=\"lazy\" decoding=\"async\" width=\"1170\" height=\"780\" src=\"https:\/\/www.polonia.travel\/it\/wp-content\/uploads\/sites\/20\/2022\/12\/tykocin_wielka_synagoga_1170_2.jpg\" class=\"gallery-tiles__thumb\" alt=\"\" srcset=\"https:\/\/www.polonia.travel\/it\/wp-content\/uploads\/sites\/20\/2022\/12\/tykocin_wielka_synagoga_1170_2.jpg 1170w, https:\/\/www.polonia.travel\/it\/wp-content\/uploads\/sites\/20\/2022\/12\/tykocin_wielka_synagoga_1170_2-600x400.jpg 600w, https:\/\/www.polonia.travel\/it\/wp-content\/uploads\/sites\/20\/2022\/12\/tykocin_wielka_synagoga_1170_2-768x512.jpg 768w\" sizes=\"auto, (max-width: 1170px) 100vw, 1170px\" \/>      <\/a>\r\n      <\/div>\r\n<\/div><\/div>\n\n\n\n<div style=\"height:100px\" aria-hidden=\"true\" class=\"wp-block-spacer is-style-spacer-small\"><\/div>\n\n\n\n<div class=\"wp-block-group is-style-container-medium\"><div class=\"wp-block-group__inner-container is-layout-constrained wp-block-group-is-layout-constrained\">\n<p>Un atro luogo particolarmente importante per la storia degli ebrei in Polonia \u00e8 naturalmente Cracovia. Tra il centro storico e la collina del Wawel sorge l&#8217;antico quartiere ebraico Kazimierz (l&#8217;intera area, compresa la via Stradom, sono patrimonio mondiale dell&#8217;UNESCO). I turisti si recano volentieri in questa zona della citt\u00e0 per assaggiare il cibo tradizionale kosher in uno dei tanti locali che coltiva le tradizioni ebraiche.<\/p>\n\n\n\n<p>Nella facciata orientale della via Szeroka si sono conservati i monumenti ebraici pi\u00f9 importanti di Cracovia: la sinagoga e il cimitero Remuh, risalente alla met\u00e0 del XVI secolo. Nel cimitero, istituito nel 1551, riposano i rappresentanti pi\u00f9 importanti della comunit\u00e0 ebraica: rabbini, studiosi, medici. Si possono riconoscere due tipi di lapidi: tumuli di forma trapezoidale e lapidi in forma di lastre indipendenti.<\/p>\n\n\n\n<p>Kazimierz \u00e8 pieno di ristoranti dove si possono assaggiare piatti tradizionali kosher. L&#8217;itinerario dei monumenti ebraici attraversa il quartiere. Chi vorrebbe approfondire il tema dell&#8217;Olocausto dovrebbe visitare anche la Piazza degli Eroi del Ghetto, un frammento del muro del ghetto in via Lwowska 29 e la mostra nella Fabbrica di Schindler a nel vicino quartiere Zab\u0142ocie.<\/p>\n\n\n\n<p>Sinagoghe e altri monumenti della cultura ebraica, cos\u00ec come numerose gallerie, negozi di antiquariato, caffetterie e ristoranti contribuiscono sicuramente all&#8217;atmosfera affascinante e unica di questo luogo.<\/p>\n\n\n\n<p>Inoltre, ogni estate, dal 1988 qui viene organizzato <strong>il Festival della Cultura Ebraica<\/strong>, famoso a livello internazionale. \u00c8 uno dei pi\u00f9 grandi eventi di questo tipo nel mondo: \u00e8 un luogo d&#8217;incontro che attira un pubblico internazionale, sia ebrei, sia persone affascinate da questa cultura che vorrebbero avvicinarvisi, imparare, trarne ispirazione creativa e trovare valori comuni. Film, danza, letteratura, mostre, conferenze, incontri con autori, workshop e l&#8217;onnipresente musica sono tutti al servizio del divertimento e della comprensione reciproca. &nbsp;Mostre e vernissage permettono di conoscere le opere di artisti riconosciuti (tra cui Feliks Muszy\u0144ski), spettacoli teatrali mostrano la ricchezza della tradizione ebraica (per esempio &#8222;Il violinista sul tetto&#8221;), laboratori insegnano la danza tradizionale (frejlechs, horas, bulgar), concerti di musica Klezmer presentano, tra l&#8217;altro, le melodie uniche dei matrimoni tradizionali a cavallo tra il XIX e il XX secolo. I partecipanti del festival hanno anche l&#8217;opportunit\u00e0 unica di assaggiare la tradizionale cucina ebraica kosher.<\/p>\n\n\n\n<p>Da Cracovia spostiamoci nella vicina citt\u00e0 di <strong>Tarn\u00f3w<\/strong>, sita nella stessa regione, la Ma\u0142opolska. Prima della guerra, gli ebrei costituivano met\u00e0 della popolazione di questa citt\u00e0 e oggi, oltre al centro storico rinascimentale, bisogna visitare la parte rivitalizzata del quartiere ebraico. Le case conservate nelle vie Wekslarska e \u017bydowska sono la testimonianza della progettazione architettonica tipica dei quartieri ebraici in Polonia la compattezza degli edifici, con passaggi stretti tra le case, corridoi stretti e piccoli cortili. Intorno allo Bimah, l\u2019unica e pi\u00f9 importante parte rimasta dell\u2019antica sinagoga di Tarn\u00f3w, dove si leggeva la Torah e si eseguivano i riti religiosi, si svolgono oggi molti eventi che promuovono la cultura ebraica.<\/p>\n\n\n\n<p>Dalla regione Ma\u0142opolska ci rechiamo verso Lublino, il capoluogo dell\u2019omonima regione, particolarmente importante per la storia della comunit\u00e0 ebraica in Polonia. La citt\u00e0 fu abitata dagli ebrei sin dal XV secolo. Numerose sono le tracce della presenza ebraica nella citt\u00e0, esiste anche un itinerario dedicato; l\u2019importanza spirituale di Lublino per gli ebrei polacchi veniva testimoniata ad esempio dalla \u201cChachmej Lublin Yeshiva\u201d, presente nella citt\u00e0 fino alla Seconda Guerra Mondiale, era reputata la migliore scuola talmudica al mondo. Uno dei pi\u00f9 noti rappresentati della comunit\u00e0 ebraica polacca, Isaac Bashevis Singer: il vincitore del Premio Nobel, immortal\u00f2 l\u2019ambiente della Lublino dei tempi passati nel suo romanzo \u201cIl mago di Lublino\u201d.<\/p>\n\n\n\n<p>Spostandoci pi\u00f9 a est arriviamo a <strong>Le\u017cajsk<\/strong>, una citt\u00e0 situata nella valle del fiume San nella regione Podkarpackie (Precarpazia). Ogni anno, pellegrini provenienti principalmente da Israele e dagli Stati Uniti, accorrono all&#8217;ohel dello tzadik chassidico Elimelech, che visse qui nel XVIII secolo. La piccola cappella funeraria, meta del pellegrinaggio, si trova nel cimitero.<\/p>\n\n\n\n<p>Alla ricerca del patrimonio ebraico, occorre fare un viaggio a <strong>Tykocin<\/strong> nella regione Podlaskie, dove prima della Seconda Guerra Mondiale c&#8217;era una delle pi\u00f9 grandi comunit\u00e0 ebraiche. La sinagoga barocca, la seconda pi\u00f9 grande in Polonia dopo quella di Cracovia, conserva la memoria del passato. Fu costruita su una pianta quadrata al posto della precedente sinagoga di legno, in stile barocco con elementi rinascimentali.<\/p>\n\n\n\n<p>Difficile sottovalutare e riassumere brevemente l\u2019importanza e l\u2019influenza di una coesistenza secolare, come quella del popolo polacco con il popolo ebraico. Questi sono solo i luoghi pi\u00f9 importanti del patrimonio ebraico nella Polonia. Sicuramente la cultura ebraica ha lasciato un profondo segno sia sulla cultura, sia sulla cucina di quella che \u00e8 la Polonia oggi.<\/p>\n<\/div><\/div>\n","protected":false},"excerpt":{"rendered":"<p>Sulle tracce della cultura ebraica in Polonia La storia della convivenza del popolo polacco e del popolo ebraico sul territorio della Polonia \u00e8 lunga oltre sette secoli. In tutto il paese troviamo molte testimonianze del patrimonio ebraico, tra cui luoghi e monumenti preziosi, sentieri, tradizioni e influenze gastronomiche. Prima della seconda guerra mondiale, Varsavia era [&hellip;]<\/p>\n","protected":false},"author":1,"featured_media":40287,"comment_status":"open","ping_status":"open","sticky":false,"template":"","format":"standard","meta":{"_acf_changed":false,"footnotes":""},"categories":[1221],"class_list":["post-31404","post","type-post","status-publish","format-standard","has-post-thumbnail","hentry","category-itinerari-tematici"],"acf":[],"yoast_head":"<!-- This site is optimized with the Yoast SEO plugin v27.4 - https:\/\/yoast.com\/product\/yoast-seo-wordpress\/ -->\n<title>Sulle tracce della cultura ebraica in Polonia - Polonia Travel (IT)<\/title>\n<meta name=\"robots\" content=\"index, follow, max-snippet:-1, max-image-preview:large, max-video-preview:-1\" \/>\n<link rel=\"canonical\" href=\"https:\/\/www.polonia.travel\/it\/sulle-tracce-della-cultura-ebraica-in-polonia\/\" \/>\n<meta property=\"og:locale\" content=\"pl_PL\" \/>\n<meta property=\"og:type\" content=\"article\" \/>\n<meta property=\"og:title\" content=\"Sulle tracce della cultura ebraica in Polonia - Polonia Travel (IT)\" \/>\n<meta property=\"og:description\" content=\"Sulle tracce della cultura ebraica in Polonia La storia della convivenza del popolo polacco e del popolo ebraico sul territorio della Polonia \u00e8 lunga oltre sette secoli. In tutto il paese troviamo molte testimonianze del patrimonio ebraico, tra cui luoghi e monumenti preziosi, sentieri, tradizioni e influenze gastronomiche. Prima della seconda guerra mondiale, Varsavia era [&hellip;]\" \/>\n<meta property=\"og:url\" content=\"https:\/\/www.polonia.travel\/it\/sulle-tracce-della-cultura-ebraica-in-polonia\/\" \/>\n<meta property=\"og:site_name\" content=\"Polonia Travel (IT)\" \/>\n<meta property=\"article:published_time\" content=\"2025-01-13T09:41:39+00:00\" \/>\n<meta property=\"article:modified_time\" content=\"2025-01-13T09:41:40+00:00\" \/>\n<meta property=\"og:image\" content=\"https:\/\/www.polonia.travel\/it\/wp-content\/uploads\/sites\/20\/2024\/05\/6621_Polin_budynek.jpg\" \/>\n\t<meta property=\"og:image:width\" content=\"2000\" \/>\n\t<meta property=\"og:image:height\" content=\"696\" \/>\n\t<meta property=\"og:image:type\" content=\"image\/jpeg\" \/>\n<meta name=\"twitter:card\" content=\"summary_large_image\" \/>\n<meta name=\"twitter:label1\" content=\"Napisane przez\" \/>\n\t<meta name=\"twitter:data1\" content=\"\" \/>\n\t<meta name=\"twitter:label2\" content=\"Szacowany czas czytania\" \/>\n\t<meta name=\"twitter:data2\" content=\"8 minut\" \/>\n<script type=\"application\/ld+json\" class=\"yoast-schema-graph\">{\"@context\":\"https:\\\/\\\/schema.org\",\"@graph\":[{\"@type\":\"Article\",\"@id\":\"https:\\\/\\\/www.polonia.travel\\\/it\\\/sulle-tracce-della-cultura-ebraica-in-polonia\\\/#article\",\"isPartOf\":{\"@id\":\"https:\\\/\\\/www.polonia.travel\\\/it\\\/sulle-tracce-della-cultura-ebraica-in-polonia\\\/\"},\"author\":{\"name\":\"\",\"@id\":\"\"},\"headline\":\"Sulle tracce della cultura ebraica in Polonia\",\"datePublished\":\"2025-01-13T09:41:39+00:00\",\"dateModified\":\"2025-01-13T09:41:40+00:00\",\"mainEntityOfPage\":{\"@id\":\"https:\\\/\\\/www.polonia.travel\\\/it\\\/sulle-tracce-della-cultura-ebraica-in-polonia\\\/\"},\"wordCount\":1249,\"commentCount\":8,\"publisher\":{\"@id\":\"https:\\\/\\\/www.polonia.travel\\\/it\\\/#organization\"},\"image\":{\"@id\":\"https:\\\/\\\/www.polonia.travel\\\/it\\\/sulle-tracce-della-cultura-ebraica-in-polonia\\\/#primaryimage\"},\"thumbnailUrl\":\"https:\\\/\\\/www.polonia.travel\\\/it\\\/wp-content\\\/uploads\\\/sites\\\/20\\\/2024\\\/05\\\/6621_Polin_budynek.jpg\",\"keywords\":[\"it\",\"cosa-vedere\",\"monumenti-storici\",\"itinerari-tematici\"],\"articleSection\":[\"Itinerari tematici\"],\"inLanguage\":\"pl-PL\"},{\"@type\":\"WebPage\",\"@id\":\"https:\\\/\\\/www.polonia.travel\\\/it\\\/sulle-tracce-della-cultura-ebraica-in-polonia\\\/\",\"url\":\"https:\\\/\\\/www.polonia.travel\\\/it\\\/sulle-tracce-della-cultura-ebraica-in-polonia\\\/\",\"name\":\"Sulle tracce della cultura ebraica in Polonia - Polonia Travel (IT)\",\"isPartOf\":{\"@id\":\"https:\\\/\\\/www.polonia.travel\\\/it\\\/#website\"},\"primaryImageOfPage\":{\"@id\":\"https:\\\/\\\/www.polonia.travel\\\/it\\\/sulle-tracce-della-cultura-ebraica-in-polonia\\\/#primaryimage\"},\"image\":{\"@id\":\"https:\\\/\\\/www.polonia.travel\\\/it\\\/sulle-tracce-della-cultura-ebraica-in-polonia\\\/#primaryimage\"},\"thumbnailUrl\":\"https:\\\/\\\/www.polonia.travel\\\/it\\\/wp-content\\\/uploads\\\/sites\\\/20\\\/2024\\\/05\\\/6621_Polin_budynek.jpg\",\"datePublished\":\"2025-01-13T09:41:39+00:00\",\"dateModified\":\"2025-01-13T09:41:40+00:00\",\"breadcrumb\":{\"@id\":\"https:\\\/\\\/www.polonia.travel\\\/it\\\/sulle-tracce-della-cultura-ebraica-in-polonia\\\/#breadcrumb\"},\"inLanguage\":\"pl-PL\",\"potentialAction\":[{\"@type\":\"ReadAction\",\"target\":[\"https:\\\/\\\/www.polonia.travel\\\/it\\\/sulle-tracce-della-cultura-ebraica-in-polonia\\\/\"]}]},{\"@type\":\"ImageObject\",\"inLanguage\":\"pl-PL\",\"@id\":\"https:\\\/\\\/www.polonia.travel\\\/it\\\/sulle-tracce-della-cultura-ebraica-in-polonia\\\/#primaryimage\",\"url\":\"https:\\\/\\\/www.polonia.travel\\\/it\\\/wp-content\\\/uploads\\\/sites\\\/20\\\/2024\\\/05\\\/6621_Polin_budynek.jpg\",\"contentUrl\":\"https:\\\/\\\/www.polonia.travel\\\/it\\\/wp-content\\\/uploads\\\/sites\\\/20\\\/2024\\\/05\\\/6621_Polin_budynek.jpg\",\"width\":2000,\"height\":696},{\"@type\":\"BreadcrumbList\",\"@id\":\"https:\\\/\\\/www.polonia.travel\\\/it\\\/sulle-tracce-della-cultura-ebraica-in-polonia\\\/#breadcrumb\",\"itemListElement\":[{\"@type\":\"ListItem\",\"position\":1,\"name\":\"Home page\",\"item\":\"https:\\\/\\\/www.polonia.travel\\\/it\\\/\"},{\"@type\":\"ListItem\",\"position\":2,\"name\":\"Ispirazioni di viaggio\",\"item\":\"https:\\\/\\\/www.polonia.travel\\\/it\\\/category\\\/ispirazioni-di-viaggio\\\/\"},{\"@type\":\"ListItem\",\"position\":3,\"name\":\"Itinerari tematici\",\"item\":\"https:\\\/\\\/www.polonia.travel\\\/it\\\/category\\\/ispirazioni-di-viaggio\\\/itinerari-tematici\\\/\"},{\"@type\":\"ListItem\",\"position\":4,\"name\":\"Sulle tracce della cultura ebraica in Polonia\"}]},{\"@type\":\"WebSite\",\"@id\":\"https:\\\/\\\/www.polonia.travel\\\/it\\\/#website\",\"url\":\"https:\\\/\\\/www.polonia.travel\\\/it\\\/\",\"name\":\"Polonia Travel (IT)\",\"description\":\"...\",\"publisher\":{\"@id\":\"https:\\\/\\\/www.polonia.travel\\\/it\\\/#organization\"},\"potentialAction\":[{\"@type\":\"SearchAction\",\"target\":{\"@type\":\"EntryPoint\",\"urlTemplate\":\"https:\\\/\\\/www.polonia.travel\\\/it\\\/?s={search_term_string}\"},\"query-input\":{\"@type\":\"PropertyValueSpecification\",\"valueRequired\":true,\"valueName\":\"search_term_string\"}}],\"inLanguage\":\"pl-PL\"},{\"@type\":\"Organization\",\"@id\":\"https:\\\/\\\/www.polonia.travel\\\/it\\\/#organization\",\"name\":\"Polonia Travel (IT)\",\"url\":\"https:\\\/\\\/www.polonia.travel\\\/it\\\/\",\"logo\":{\"@type\":\"ImageObject\",\"inLanguage\":\"pl-PL\",\"@id\":\"https:\\\/\\\/www.polonia.travel\\\/it\\\/#\\\/schema\\\/logo\\\/image\\\/\",\"url\":\"\",\"contentUrl\":\"\",\"caption\":\"Polonia Travel (IT)\"},\"image\":{\"@id\":\"https:\\\/\\\/www.polonia.travel\\\/it\\\/#\\\/schema\\\/logo\\\/image\\\/\"}},{\"@type\":\"Person\",\"@id\":\"\"}]}<\/script>\n<!-- \/ Yoast SEO plugin. -->","yoast_head_json":{"title":"Sulle tracce della cultura ebraica in Polonia - Polonia Travel (IT)","robots":{"index":"index","follow":"follow","max-snippet":"max-snippet:-1","max-image-preview":"max-image-preview:large","max-video-preview":"max-video-preview:-1"},"canonical":"https:\/\/www.polonia.travel\/it\/sulle-tracce-della-cultura-ebraica-in-polonia\/","og_locale":"pl_PL","og_type":"article","og_title":"Sulle tracce della cultura ebraica in Polonia - Polonia Travel (IT)","og_description":"Sulle tracce della cultura ebraica in Polonia La storia della convivenza del popolo polacco e del popolo ebraico sul territorio della Polonia \u00e8 lunga oltre sette secoli. In tutto il paese troviamo molte testimonianze del patrimonio ebraico, tra cui luoghi e monumenti preziosi, sentieri, tradizioni e influenze gastronomiche. Prima della seconda guerra mondiale, Varsavia era [&hellip;]","og_url":"https:\/\/www.polonia.travel\/it\/sulle-tracce-della-cultura-ebraica-in-polonia\/","og_site_name":"Polonia Travel (IT)","article_published_time":"2025-01-13T09:41:39+00:00","article_modified_time":"2025-01-13T09:41:40+00:00","og_image":[{"width":2000,"height":696,"url":"https:\/\/www.polonia.travel\/it\/wp-content\/uploads\/sites\/20\/2024\/05\/6621_Polin_budynek.jpg","type":"image\/jpeg"}],"twitter_card":"summary_large_image","twitter_misc":{"Napisane przez":"","Szacowany czas czytania":"8 minut"},"schema":{"@context":"https:\/\/schema.org","@graph":[{"@type":"Article","@id":"https:\/\/www.polonia.travel\/it\/sulle-tracce-della-cultura-ebraica-in-polonia\/#article","isPartOf":{"@id":"https:\/\/www.polonia.travel\/it\/sulle-tracce-della-cultura-ebraica-in-polonia\/"},"author":{"name":"","@id":""},"headline":"Sulle tracce della cultura ebraica in Polonia","datePublished":"2025-01-13T09:41:39+00:00","dateModified":"2025-01-13T09:41:40+00:00","mainEntityOfPage":{"@id":"https:\/\/www.polonia.travel\/it\/sulle-tracce-della-cultura-ebraica-in-polonia\/"},"wordCount":1249,"commentCount":8,"publisher":{"@id":"https:\/\/www.polonia.travel\/it\/#organization"},"image":{"@id":"https:\/\/www.polonia.travel\/it\/sulle-tracce-della-cultura-ebraica-in-polonia\/#primaryimage"},"thumbnailUrl":"https:\/\/www.polonia.travel\/it\/wp-content\/uploads\/sites\/20\/2024\/05\/6621_Polin_budynek.jpg","keywords":["it","cosa-vedere","monumenti-storici","itinerari-tematici"],"articleSection":["Itinerari tematici"],"inLanguage":"pl-PL"},{"@type":"WebPage","@id":"https:\/\/www.polonia.travel\/it\/sulle-tracce-della-cultura-ebraica-in-polonia\/","url":"https:\/\/www.polonia.travel\/it\/sulle-tracce-della-cultura-ebraica-in-polonia\/","name":"Sulle tracce della cultura ebraica in Polonia - Polonia Travel (IT)","isPartOf":{"@id":"https:\/\/www.polonia.travel\/it\/#website"},"primaryImageOfPage":{"@id":"https:\/\/www.polonia.travel\/it\/sulle-tracce-della-cultura-ebraica-in-polonia\/#primaryimage"},"image":{"@id":"https:\/\/www.polonia.travel\/it\/sulle-tracce-della-cultura-ebraica-in-polonia\/#primaryimage"},"thumbnailUrl":"https:\/\/www.polonia.travel\/it\/wp-content\/uploads\/sites\/20\/2024\/05\/6621_Polin_budynek.jpg","datePublished":"2025-01-13T09:41:39+00:00","dateModified":"2025-01-13T09:41:40+00:00","breadcrumb":{"@id":"https:\/\/www.polonia.travel\/it\/sulle-tracce-della-cultura-ebraica-in-polonia\/#breadcrumb"},"inLanguage":"pl-PL","potentialAction":[{"@type":"ReadAction","target":["https:\/\/www.polonia.travel\/it\/sulle-tracce-della-cultura-ebraica-in-polonia\/"]}]},{"@type":"ImageObject","inLanguage":"pl-PL","@id":"https:\/\/www.polonia.travel\/it\/sulle-tracce-della-cultura-ebraica-in-polonia\/#primaryimage","url":"https:\/\/www.polonia.travel\/it\/wp-content\/uploads\/sites\/20\/2024\/05\/6621_Polin_budynek.jpg","contentUrl":"https:\/\/www.polonia.travel\/it\/wp-content\/uploads\/sites\/20\/2024\/05\/6621_Polin_budynek.jpg","width":2000,"height":696},{"@type":"BreadcrumbList","@id":"https:\/\/www.polonia.travel\/it\/sulle-tracce-della-cultura-ebraica-in-polonia\/#breadcrumb","itemListElement":[{"@type":"ListItem","position":1,"name":"Home page","item":"https:\/\/www.polonia.travel\/it\/"},{"@type":"ListItem","position":2,"name":"Ispirazioni di viaggio","item":"https:\/\/www.polonia.travel\/it\/category\/ispirazioni-di-viaggio\/"},{"@type":"ListItem","position":3,"name":"Itinerari tematici","item":"https:\/\/www.polonia.travel\/it\/category\/ispirazioni-di-viaggio\/itinerari-tematici\/"},{"@type":"ListItem","position":4,"name":"Sulle tracce della cultura ebraica in Polonia"}]},{"@type":"WebSite","@id":"https:\/\/www.polonia.travel\/it\/#website","url":"https:\/\/www.polonia.travel\/it\/","name":"Polonia Travel (IT)","description":"...","publisher":{"@id":"https:\/\/www.polonia.travel\/it\/#organization"},"potentialAction":[{"@type":"SearchAction","target":{"@type":"EntryPoint","urlTemplate":"https:\/\/www.polonia.travel\/it\/?s={search_term_string}"},"query-input":{"@type":"PropertyValueSpecification","valueRequired":true,"valueName":"search_term_string"}}],"inLanguage":"pl-PL"},{"@type":"Organization","@id":"https:\/\/www.polonia.travel\/it\/#organization","name":"Polonia Travel (IT)","url":"https:\/\/www.polonia.travel\/it\/","logo":{"@type":"ImageObject","inLanguage":"pl-PL","@id":"https:\/\/www.polonia.travel\/it\/#\/schema\/logo\/image\/","url":"","contentUrl":"","caption":"Polonia Travel (IT)"},"image":{"@id":"https:\/\/www.polonia.travel\/it\/#\/schema\/logo\/image\/"}},{"@type":"Person","@id":""}]}},"_links":{"self":[{"href":"https:\/\/www.polonia.travel\/it\/wp-json\/wp\/v2\/posts\/31404","targetHints":{"allow":["GET"]}}],"collection":[{"href":"https:\/\/www.polonia.travel\/it\/wp-json\/wp\/v2\/posts"}],"about":[{"href":"https:\/\/www.polonia.travel\/it\/wp-json\/wp\/v2\/types\/post"}],"author":[{"embeddable":true,"href":"https:\/\/www.polonia.travel\/it\/wp-json\/wp\/v2\/users\/1"}],"replies":[{"embeddable":true,"href":"https:\/\/www.polonia.travel\/it\/wp-json\/wp\/v2\/comments?post=31404"}],"version-history":[{"count":3,"href":"https:\/\/www.polonia.travel\/it\/wp-json\/wp\/v2\/posts\/31404\/revisions"}],"predecessor-version":[{"id":40289,"href":"https:\/\/www.polonia.travel\/it\/wp-json\/wp\/v2\/posts\/31404\/revisions\/40289"}],"wp:featuredmedia":[{"embeddable":true,"href":"https:\/\/www.polonia.travel\/it\/wp-json\/wp\/v2\/media\/40287"}],"wp:attachment":[{"href":"https:\/\/www.polonia.travel\/it\/wp-json\/wp\/v2\/media?parent=31404"}],"wp:term":[{"taxonomy":"category","embeddable":true,"href":"https:\/\/www.polonia.travel\/it\/wp-json\/wp\/v2\/categories?post=31404"}],"curies":[{"name":"wp","href":"https:\/\/api.w.org\/{rel}","templated":true}]}}