{"id":31348,"date":"2025-02-19T14:07:54","date_gmt":"2025-02-19T13:07:54","guid":{"rendered":"https:\/\/www.polonia.travel\/it\/?p=31348"},"modified":"2025-02-19T14:19:27","modified_gmt":"2025-02-19T13:19:27","slug":"il-palazzo-di-wilanow","status":"publish","type":"post","link":"https:\/\/www.polonia.travel\/it\/il-palazzo-di-wilanow\/","title":{"rendered":"Il Palazzo di Wilan\u00f3w"},"content":{"rendered":"\n<div class=\"wp-block-group is-style-container-medium\"><div class=\"wp-block-group__inner-container is-layout-constrained wp-block-group-is-layout-constrained\">\n<h2 class=\"wp-block-heading\">Il Palazzo di Wilan\u00f3w<\/h2>\n\n\n\n<div style=\"height:100px\" aria-hidden=\"true\" class=\"wp-block-spacer is-style-spacer-small\"><\/div>\n\n\n\n<p>Il Palazzo di Wilan\u00f3w \u00e8 uno dei monumenti pi\u00f9 preziosi del barocco polacco, rappresentando il classico tipo di residenza periferica <em>entre cour et jardin<\/em> (quindi \u00e8 una sorta di complesso di corte con il giardino).<\/p>\n\n\n\n<p>Il palazzo storico, noto come \u201cPiccola Versailles\u201d, fu voluto dal re Jan III Sobieski nel XVII secolo e fu ampliato dai successivi proprietari. Rappresenta una concezione spaziale che accosta la corte tradizionale polacca con la villa rurale tipica dell\u2019Italia e con il palazzo francese.&nbsp;&nbsp;<\/p>\n\n\n\n<p>Dopo la morte di Jan II Sobieski, il palazzo venne ereditato dai suoi figli, e poi divent\u00f2 la sede di importanti famiglie nobiliari, tra le quali: Sieniawski, Czartoryski, Lubomirski, Potocki e Branicki. Bisogna evidenziare che ognuna delle famiglie enumerate, apport\u00f2 delle modifiche sia agli interni del palazzo che al giardino. Negli anni 1730-1733 fu la residenza di re Augusto II il Forte. Vale la pena notare che nel 1805 su iniziativa del proprietario, Stanis\u0142aw Kostka Potocki, nel palazzo fu aperto uno dei primi musei pubblici della Polonia.<\/p>\n\n\n\n<p>Il Palazzo di Wilan\u00f3w (uno dei palazzi pi\u00f9 splendidi di Varsavia) \u00e8 un monumento tutelato dalla legge con appositi vincoli, per i suoi valori artistici, culturali e paesaggistici. Gli interni del palazzo costituiscono un\u2019 attrazione turistica essendo caratterizzati da un affascinante mix di design cinese, inglese, polacco ed italiano. Visitando i ricchi interni, i turisti possono ammirare collezioni di mobili, di ritratti, di sculture e di gioielleria.\u00a0Tutto il palazzo \u00e8 circondato da stupendi parchi e giardini storici.<\/p>\n\n\n\n<p><\/p>\n\n\n\n<div style=\"height:100px\" aria-hidden=\"true\" class=\"wp-block-spacer is-style-spacer-small\"><\/div>\n<\/div><\/div>\n\n\n\n<div class=\"wp-block-group is-style-container\"><div class=\"wp-block-group__inner-container is-layout-constrained wp-block-group-is-layout-constrained\">  <div class=\"gallery-tiles gallery-tiles--rows-2-3 lightgallery\">\r\n          <a href=\"https:\/\/www.polonia.travel\/it\/wp-content\/uploads\/sites\/20\/2024\/05\/0256_WILANOW_PALAC_OGROD_TG_HR-1.jpg\" class=\"gallery-tiles__item\" data-src=\"https:\/\/www.polonia.travel\/it\/wp-content\/uploads\/sites\/20\/2024\/05\/0256_WILANOW_PALAC_OGROD_TG_HR-1.jpg\"\r\n        aria-label=\"Otw\u00f3rz powi\u0119kszone zdj\u0119cie: 0256_WILANOW_PALAC_OGROD_TG_HR-1\">\r\n        <img loading=\"lazy\" decoding=\"async\" width=\"800\" height=\"533\" src=\"https:\/\/www.polonia.travel\/it\/wp-content\/uploads\/sites\/20\/2024\/05\/0256_WILANOW_PALAC_OGROD_TG_HR-1.jpg\" class=\"gallery-tiles__thumb\" alt=\"\" srcset=\"https:\/\/www.polonia.travel\/it\/wp-content\/uploads\/sites\/20\/2024\/05\/0256_WILANOW_PALAC_OGROD_TG_HR-1.jpg 800w, https:\/\/www.polonia.travel\/it\/wp-content\/uploads\/sites\/20\/2024\/05\/0256_WILANOW_PALAC_OGROD_TG_HR-1-600x400.jpg 600w, https:\/\/www.polonia.travel\/it\/wp-content\/uploads\/sites\/20\/2024\/05\/0256_WILANOW_PALAC_OGROD_TG_HR-1-768x512.jpg 768w\" sizes=\"auto, (max-width: 800px) 100vw, 800px\" \/>      <\/a>\r\n          <a href=\"https:\/\/www.polonia.travel\/it\/wp-content\/uploads\/sites\/20\/2024\/05\/Cytryny20Wilanow.jpg\" class=\"gallery-tiles__item\" data-src=\"https:\/\/www.polonia.travel\/it\/wp-content\/uploads\/sites\/20\/2024\/05\/Cytryny20Wilanow.jpg\"\r\n        aria-label=\"Otw\u00f3rz powi\u0119kszone zdj\u0119cie: Cytryny20Wilanow\">\r\n        <img loading=\"lazy\" decoding=\"async\" width=\"540\" height=\"360\" src=\"https:\/\/www.polonia.travel\/it\/wp-content\/uploads\/sites\/20\/2024\/05\/Cytryny20Wilanow.jpg\" class=\"gallery-tiles__thumb\" alt=\"\" \/>      <\/a>\r\n          <a href=\"https:\/\/www.polonia.travel\/it\/wp-content\/uploads\/sites\/20\/2024\/05\/78167079_Fotolia_Palac_w_Wilanowie_HR-1.jpg\" class=\"gallery-tiles__item\" data-src=\"https:\/\/www.polonia.travel\/it\/wp-content\/uploads\/sites\/20\/2024\/05\/78167079_Fotolia_Palac_w_Wilanowie_HR-1.jpg\"\r\n        aria-label=\"Otw\u00f3rz powi\u0119kszone zdj\u0119cie: Pa\u0142ac Wilan\u00f3w\">\r\n        <img loading=\"lazy\" decoding=\"async\" width=\"800\" height=\"533\" src=\"https:\/\/www.polonia.travel\/it\/wp-content\/uploads\/sites\/20\/2024\/05\/78167079_Fotolia_Palac_w_Wilanowie_HR-1.jpg\" class=\"gallery-tiles__thumb\" alt=\"\" srcset=\"https:\/\/www.polonia.travel\/it\/wp-content\/uploads\/sites\/20\/2024\/05\/78167079_Fotolia_Palac_w_Wilanowie_HR-1.jpg 800w, https:\/\/www.polonia.travel\/it\/wp-content\/uploads\/sites\/20\/2024\/05\/78167079_Fotolia_Palac_w_Wilanowie_HR-1-600x400.jpg 600w, https:\/\/www.polonia.travel\/it\/wp-content\/uploads\/sites\/20\/2024\/05\/78167079_Fotolia_Palac_w_Wilanowie_HR-1-768x512.jpg 768w\" sizes=\"auto, (max-width: 800px) 100vw, 800px\" \/>      <\/a>\r\n      <\/div>\r\n<\/div><\/div>\n","protected":false},"excerpt":{"rendered":"<p>Il Palazzo di Wilan\u00f3w Il Palazzo di Wilan\u00f3w \u00e8 uno dei monumenti pi\u00f9 preziosi del barocco polacco, rappresentando il classico tipo di residenza periferica entre cour et jardin (quindi \u00e8 una sorta di complesso di corte con il giardino). Il palazzo storico, noto come \u201cPiccola Versailles\u201d, fu voluto dal re Jan III Sobieski nel XVII [&hellip;]<\/p>\n","protected":false},"author":1,"featured_media":30078,"comment_status":"open","ping_status":"open","sticky":false,"template":"","format":"standard","meta":{"_acf_changed":false,"footnotes":""},"categories":[1225],"class_list":["post-31348","post","type-post","status-publish","format-standard","has-post-thumbnail","hentry","category-castelli-e-palazzi"],"acf":[],"yoast_head":"<!-- This site is optimized with the Yoast SEO plugin v27.4 - https:\/\/yoast.com\/product\/yoast-seo-wordpress\/ -->\n<title>Il Palazzo di Wilan\u00f3w - Polonia Travel (IT)<\/title>\n<meta name=\"robots\" content=\"index, follow, max-snippet:-1, max-image-preview:large, max-video-preview:-1\" \/>\n<link rel=\"canonical\" href=\"https:\/\/www.polonia.travel\/it\/il-palazzo-di-wilanow\/\" \/>\n<meta property=\"og:locale\" content=\"pl_PL\" \/>\n<meta property=\"og:type\" content=\"article\" \/>\n<meta property=\"og:title\" content=\"Il Palazzo di Wilan\u00f3w - Polonia Travel (IT)\" \/>\n<meta property=\"og:description\" content=\"Il Palazzo di Wilan\u00f3w Il Palazzo di Wilan\u00f3w \u00e8 uno dei monumenti pi\u00f9 preziosi del barocco polacco, rappresentando il classico tipo di residenza periferica entre cour et jardin (quindi \u00e8 una sorta di complesso di corte con il giardino). Il palazzo storico, noto come \u201cPiccola Versailles\u201d, fu voluto dal re Jan III Sobieski nel XVII [&hellip;]\" \/>\n<meta property=\"og:url\" content=\"https:\/\/www.polonia.travel\/it\/il-palazzo-di-wilanow\/\" \/>\n<meta property=\"og:site_name\" content=\"Polonia Travel (IT)\" \/>\n<meta property=\"article:published_time\" content=\"2025-02-19T13:07:54+00:00\" \/>\n<meta property=\"article:modified_time\" content=\"2025-02-19T13:19:27+00:00\" \/>\n<meta property=\"og:image\" content=\"https:\/\/www.polonia.travel\/it\/wp-content\/uploads\/sites\/20\/2023\/07\/Warszawa_Wilanow-1920.jpg\" \/>\n\t<meta property=\"og:image:width\" content=\"1920\" \/>\n\t<meta property=\"og:image:height\" content=\"334\" \/>\n\t<meta property=\"og:image:type\" content=\"image\/jpeg\" \/>\n<meta name=\"twitter:card\" content=\"summary_large_image\" \/>\n<meta name=\"twitter:label1\" content=\"Napisane przez\" \/>\n\t<meta name=\"twitter:data1\" content=\"\" \/>\n\t<meta name=\"twitter:label2\" content=\"Szacowany czas czytania\" \/>\n\t<meta name=\"twitter:data2\" content=\"2 minuty\" \/>\n<script type=\"application\/ld+json\" class=\"yoast-schema-graph\">{\"@context\":\"https:\\\/\\\/schema.org\",\"@graph\":[{\"@type\":\"Article\",\"@id\":\"https:\\\/\\\/www.polonia.travel\\\/it\\\/il-palazzo-di-wilanow\\\/#article\",\"isPartOf\":{\"@id\":\"https:\\\/\\\/www.polonia.travel\\\/it\\\/il-palazzo-di-wilanow\\\/\"},\"author\":{\"name\":\"\",\"@id\":\"\"},\"headline\":\"Il Palazzo di Wilan\u00f3w\",\"datePublished\":\"2025-02-19T13:07:54+00:00\",\"dateModified\":\"2025-02-19T13:19:27+00:00\",\"mainEntityOfPage\":{\"@id\":\"https:\\\/\\\/www.polonia.travel\\\/it\\\/il-palazzo-di-wilanow\\\/\"},\"wordCount\":255,\"commentCount\":8,\"publisher\":{\"@id\":\"https:\\\/\\\/www.polonia.travel\\\/it\\\/#organization\"},\"image\":{\"@id\":\"https:\\\/\\\/www.polonia.travel\\\/it\\\/il-palazzo-di-wilanow\\\/#primaryimage\"},\"thumbnailUrl\":\"https:\\\/\\\/www.polonia.travel\\\/it\\\/wp-content\\\/uploads\\\/sites\\\/20\\\/2023\\\/07\\\/Warszawa_Wilanow-1920.jpg\",\"keywords\":[\"it\",\"cosa-vedere\",\"monumenti-storici\",\"castelli-e-palazzi\"],\"articleSection\":[\"Castelli e palazzi\"],\"inLanguage\":\"pl-PL\"},{\"@type\":\"WebPage\",\"@id\":\"https:\\\/\\\/www.polonia.travel\\\/it\\\/il-palazzo-di-wilanow\\\/\",\"url\":\"https:\\\/\\\/www.polonia.travel\\\/it\\\/il-palazzo-di-wilanow\\\/\",\"name\":\"Il Palazzo di Wilan\u00f3w - Polonia Travel (IT)\",\"isPartOf\":{\"@id\":\"https:\\\/\\\/www.polonia.travel\\\/it\\\/#website\"},\"primaryImageOfPage\":{\"@id\":\"https:\\\/\\\/www.polonia.travel\\\/it\\\/il-palazzo-di-wilanow\\\/#primaryimage\"},\"image\":{\"@id\":\"https:\\\/\\\/www.polonia.travel\\\/it\\\/il-palazzo-di-wilanow\\\/#primaryimage\"},\"thumbnailUrl\":\"https:\\\/\\\/www.polonia.travel\\\/it\\\/wp-content\\\/uploads\\\/sites\\\/20\\\/2023\\\/07\\\/Warszawa_Wilanow-1920.jpg\",\"datePublished\":\"2025-02-19T13:07:54+00:00\",\"dateModified\":\"2025-02-19T13:19:27+00:00\",\"breadcrumb\":{\"@id\":\"https:\\\/\\\/www.polonia.travel\\\/it\\\/il-palazzo-di-wilanow\\\/#breadcrumb\"},\"inLanguage\":\"pl-PL\",\"potentialAction\":[{\"@type\":\"ReadAction\",\"target\":[\"https:\\\/\\\/www.polonia.travel\\\/it\\\/il-palazzo-di-wilanow\\\/\"]}]},{\"@type\":\"ImageObject\",\"inLanguage\":\"pl-PL\",\"@id\":\"https:\\\/\\\/www.polonia.travel\\\/it\\\/il-palazzo-di-wilanow\\\/#primaryimage\",\"url\":\"https:\\\/\\\/www.polonia.travel\\\/it\\\/wp-content\\\/uploads\\\/sites\\\/20\\\/2023\\\/07\\\/Warszawa_Wilanow-1920.jpg\",\"contentUrl\":\"https:\\\/\\\/www.polonia.travel\\\/it\\\/wp-content\\\/uploads\\\/sites\\\/20\\\/2023\\\/07\\\/Warszawa_Wilanow-1920.jpg\",\"width\":1920,\"height\":334},{\"@type\":\"BreadcrumbList\",\"@id\":\"https:\\\/\\\/www.polonia.travel\\\/it\\\/il-palazzo-di-wilanow\\\/#breadcrumb\",\"itemListElement\":[{\"@type\":\"ListItem\",\"position\":1,\"name\":\"Home page\",\"item\":\"https:\\\/\\\/www.polonia.travel\\\/it\\\/\"},{\"@type\":\"ListItem\",\"position\":2,\"name\":\"Scopri i luoghi\",\"item\":\"https:\\\/\\\/www.polonia.travel\\\/it\\\/category\\\/scopri-i-luoghi\\\/\"},{\"@type\":\"ListItem\",\"position\":3,\"name\":\"Castelli e palazzi\",\"item\":\"https:\\\/\\\/www.polonia.travel\\\/it\\\/category\\\/scopri-i-luoghi\\\/castelli-e-palazzi\\\/\"},{\"@type\":\"ListItem\",\"position\":4,\"name\":\"Il Palazzo di Wilan\u00f3w\"}]},{\"@type\":\"WebSite\",\"@id\":\"https:\\\/\\\/www.polonia.travel\\\/it\\\/#website\",\"url\":\"https:\\\/\\\/www.polonia.travel\\\/it\\\/\",\"name\":\"Polonia Travel (IT)\",\"description\":\"...\",\"publisher\":{\"@id\":\"https:\\\/\\\/www.polonia.travel\\\/it\\\/#organization\"},\"potentialAction\":[{\"@type\":\"SearchAction\",\"target\":{\"@type\":\"EntryPoint\",\"urlTemplate\":\"https:\\\/\\\/www.polonia.travel\\\/it\\\/?s={search_term_string}\"},\"query-input\":{\"@type\":\"PropertyValueSpecification\",\"valueRequired\":true,\"valueName\":\"search_term_string\"}}],\"inLanguage\":\"pl-PL\"},{\"@type\":\"Organization\",\"@id\":\"https:\\\/\\\/www.polonia.travel\\\/it\\\/#organization\",\"name\":\"Polonia Travel (IT)\",\"url\":\"https:\\\/\\\/www.polonia.travel\\\/it\\\/\",\"logo\":{\"@type\":\"ImageObject\",\"inLanguage\":\"pl-PL\",\"@id\":\"https:\\\/\\\/www.polonia.travel\\\/it\\\/#\\\/schema\\\/logo\\\/image\\\/\",\"url\":\"\",\"contentUrl\":\"\",\"caption\":\"Polonia Travel (IT)\"},\"image\":{\"@id\":\"https:\\\/\\\/www.polonia.travel\\\/it\\\/#\\\/schema\\\/logo\\\/image\\\/\"}},{\"@type\":\"Person\",\"@id\":\"\"}]}<\/script>\n<!-- \/ Yoast SEO plugin. -->","yoast_head_json":{"title":"Il Palazzo di Wilan\u00f3w - Polonia Travel (IT)","robots":{"index":"index","follow":"follow","max-snippet":"max-snippet:-1","max-image-preview":"max-image-preview:large","max-video-preview":"max-video-preview:-1"},"canonical":"https:\/\/www.polonia.travel\/it\/il-palazzo-di-wilanow\/","og_locale":"pl_PL","og_type":"article","og_title":"Il Palazzo di Wilan\u00f3w - Polonia Travel (IT)","og_description":"Il Palazzo di Wilan\u00f3w Il Palazzo di Wilan\u00f3w \u00e8 uno dei monumenti pi\u00f9 preziosi del barocco polacco, rappresentando il classico tipo di residenza periferica entre cour et jardin (quindi \u00e8 una sorta di complesso di corte con il giardino). Il palazzo storico, noto come \u201cPiccola Versailles\u201d, fu voluto dal re Jan III Sobieski nel XVII [&hellip;]","og_url":"https:\/\/www.polonia.travel\/it\/il-palazzo-di-wilanow\/","og_site_name":"Polonia Travel (IT)","article_published_time":"2025-02-19T13:07:54+00:00","article_modified_time":"2025-02-19T13:19:27+00:00","og_image":[{"width":1920,"height":334,"url":"https:\/\/www.polonia.travel\/it\/wp-content\/uploads\/sites\/20\/2023\/07\/Warszawa_Wilanow-1920.jpg","type":"image\/jpeg"}],"twitter_card":"summary_large_image","twitter_misc":{"Napisane przez":"","Szacowany czas czytania":"2 minuty"},"schema":{"@context":"https:\/\/schema.org","@graph":[{"@type":"Article","@id":"https:\/\/www.polonia.travel\/it\/il-palazzo-di-wilanow\/#article","isPartOf":{"@id":"https:\/\/www.polonia.travel\/it\/il-palazzo-di-wilanow\/"},"author":{"name":"","@id":""},"headline":"Il Palazzo di Wilan\u00f3w","datePublished":"2025-02-19T13:07:54+00:00","dateModified":"2025-02-19T13:19:27+00:00","mainEntityOfPage":{"@id":"https:\/\/www.polonia.travel\/it\/il-palazzo-di-wilanow\/"},"wordCount":255,"commentCount":8,"publisher":{"@id":"https:\/\/www.polonia.travel\/it\/#organization"},"image":{"@id":"https:\/\/www.polonia.travel\/it\/il-palazzo-di-wilanow\/#primaryimage"},"thumbnailUrl":"https:\/\/www.polonia.travel\/it\/wp-content\/uploads\/sites\/20\/2023\/07\/Warszawa_Wilanow-1920.jpg","keywords":["it","cosa-vedere","monumenti-storici","castelli-e-palazzi"],"articleSection":["Castelli e palazzi"],"inLanguage":"pl-PL"},{"@type":"WebPage","@id":"https:\/\/www.polonia.travel\/it\/il-palazzo-di-wilanow\/","url":"https:\/\/www.polonia.travel\/it\/il-palazzo-di-wilanow\/","name":"Il Palazzo di Wilan\u00f3w - Polonia Travel (IT)","isPartOf":{"@id":"https:\/\/www.polonia.travel\/it\/#website"},"primaryImageOfPage":{"@id":"https:\/\/www.polonia.travel\/it\/il-palazzo-di-wilanow\/#primaryimage"},"image":{"@id":"https:\/\/www.polonia.travel\/it\/il-palazzo-di-wilanow\/#primaryimage"},"thumbnailUrl":"https:\/\/www.polonia.travel\/it\/wp-content\/uploads\/sites\/20\/2023\/07\/Warszawa_Wilanow-1920.jpg","datePublished":"2025-02-19T13:07:54+00:00","dateModified":"2025-02-19T13:19:27+00:00","breadcrumb":{"@id":"https:\/\/www.polonia.travel\/it\/il-palazzo-di-wilanow\/#breadcrumb"},"inLanguage":"pl-PL","potentialAction":[{"@type":"ReadAction","target":["https:\/\/www.polonia.travel\/it\/il-palazzo-di-wilanow\/"]}]},{"@type":"ImageObject","inLanguage":"pl-PL","@id":"https:\/\/www.polonia.travel\/it\/il-palazzo-di-wilanow\/#primaryimage","url":"https:\/\/www.polonia.travel\/it\/wp-content\/uploads\/sites\/20\/2023\/07\/Warszawa_Wilanow-1920.jpg","contentUrl":"https:\/\/www.polonia.travel\/it\/wp-content\/uploads\/sites\/20\/2023\/07\/Warszawa_Wilanow-1920.jpg","width":1920,"height":334},{"@type":"BreadcrumbList","@id":"https:\/\/www.polonia.travel\/it\/il-palazzo-di-wilanow\/#breadcrumb","itemListElement":[{"@type":"ListItem","position":1,"name":"Home page","item":"https:\/\/www.polonia.travel\/it\/"},{"@type":"ListItem","position":2,"name":"Scopri i luoghi","item":"https:\/\/www.polonia.travel\/it\/category\/scopri-i-luoghi\/"},{"@type":"ListItem","position":3,"name":"Castelli e palazzi","item":"https:\/\/www.polonia.travel\/it\/category\/scopri-i-luoghi\/castelli-e-palazzi\/"},{"@type":"ListItem","position":4,"name":"Il Palazzo di Wilan\u00f3w"}]},{"@type":"WebSite","@id":"https:\/\/www.polonia.travel\/it\/#website","url":"https:\/\/www.polonia.travel\/it\/","name":"Polonia Travel (IT)","description":"...","publisher":{"@id":"https:\/\/www.polonia.travel\/it\/#organization"},"potentialAction":[{"@type":"SearchAction","target":{"@type":"EntryPoint","urlTemplate":"https:\/\/www.polonia.travel\/it\/?s={search_term_string}"},"query-input":{"@type":"PropertyValueSpecification","valueRequired":true,"valueName":"search_term_string"}}],"inLanguage":"pl-PL"},{"@type":"Organization","@id":"https:\/\/www.polonia.travel\/it\/#organization","name":"Polonia Travel (IT)","url":"https:\/\/www.polonia.travel\/it\/","logo":{"@type":"ImageObject","inLanguage":"pl-PL","@id":"https:\/\/www.polonia.travel\/it\/#\/schema\/logo\/image\/","url":"","contentUrl":"","caption":"Polonia Travel (IT)"},"image":{"@id":"https:\/\/www.polonia.travel\/it\/#\/schema\/logo\/image\/"}},{"@type":"Person","@id":""}]}},"_links":{"self":[{"href":"https:\/\/www.polonia.travel\/it\/wp-json\/wp\/v2\/posts\/31348","targetHints":{"allow":["GET"]}}],"collection":[{"href":"https:\/\/www.polonia.travel\/it\/wp-json\/wp\/v2\/posts"}],"about":[{"href":"https:\/\/www.polonia.travel\/it\/wp-json\/wp\/v2\/types\/post"}],"author":[{"embeddable":true,"href":"https:\/\/www.polonia.travel\/it\/wp-json\/wp\/v2\/users\/1"}],"replies":[{"embeddable":true,"href":"https:\/\/www.polonia.travel\/it\/wp-json\/wp\/v2\/comments?post=31348"}],"version-history":[{"count":9,"href":"https:\/\/www.polonia.travel\/it\/wp-json\/wp\/v2\/posts\/31348\/revisions"}],"predecessor-version":[{"id":40598,"href":"https:\/\/www.polonia.travel\/it\/wp-json\/wp\/v2\/posts\/31348\/revisions\/40598"}],"wp:featuredmedia":[{"embeddable":true,"href":"https:\/\/www.polonia.travel\/it\/wp-json\/wp\/v2\/media\/30078"}],"wp:attachment":[{"href":"https:\/\/www.polonia.travel\/it\/wp-json\/wp\/v2\/media?parent=31348"}],"wp:term":[{"taxonomy":"category","embeddable":true,"href":"https:\/\/www.polonia.travel\/it\/wp-json\/wp\/v2\/categories?post=31348"}],"curies":[{"name":"wp","href":"https:\/\/api.w.org\/{rel}","templated":true}]}}