{"id":31301,"date":"2024-07-17T12:47:26","date_gmt":"2024-07-17T10:47:26","guid":{"rendered":"https:\/\/www.polonia.travel\/it\/?p=31301"},"modified":"2025-08-13T15:14:52","modified_gmt":"2025-08-13T13:14:52","slug":"gorzow-wielkopolski","status":"publish","type":"post","link":"https:\/\/www.polonia.travel\/it\/gorzow-wielkopolski\/","title":{"rendered":"Gorz\u00f3w Wielkopolski"},"content":{"rendered":"\n<p><\/p>\n\n\n\n<div class=\"wp-block-group is-style-container\"><div class=\"wp-block-group__inner-container is-layout-constrained wp-block-group-is-layout-constrained\">\n<!-- empty -->\n\n\n<div class=\"metrics\">\n  <div class=\"metrics__text\">\n    <h1 class=\"is-style-heading-38 mb20 large-mb30\">Gorz\u00f3w Wielkopolski<\/h1>\n    <p><strong>Una citt\u00e0 davvero ricca di stimoli: attira con le note degli organetti e del jazz, sorprende con le sculture dell\u2019artista senzatetto Szymon Gi\u0119ty e con i versi della poetessa rom Papusha, regala emozioni e adrenalina con le gare di speedway. Insomma, \u00e8 una citt\u00e0 dai luoghi e dagli eventi non banali.<\/strong><\/p>\n  <\/div>\n  <div class=\"metrics__sidebar\">\n    <div class=\"metrics-box\">\n              <div class=\"metrics-box__title\">Informazioni di base<\/div>\n        <div class=\"metrics-box__values\">\n                                        <div class=\"metrics-box__item\">\n      <div class=\"metrics-box__label\">Superficie <\/div>\n      <div class=\"metrics-box__value\">85,72 km\u00b2 <\/div>\n    <\/div>\n                                <div class=\"metrics-box__item\">\n      <div class=\"metrics-box__label\">Abitanti<\/div>\n      <div class=\"metrics-box__value\">117 379 (2022)<\/div>\n    <\/div>\n                                <\/div>\n                <\/div>\n  <\/div>\n<\/div>\n<\/div><\/div>\n\n\n\n<div class=\"wp-block-group is-style-container-medium\"><div class=\"wp-block-group__inner-container is-layout-constrained wp-block-group-is-layout-constrained\">\n<p><strong>Gorz\u00f3w Wielkopolski \u2013 originale e \u201ccoolturale\u201c<\/strong><\/p>\n\n\n\n<p>Immaginando di guardarla da un drone, la parte pi\u00f9 attraente di Gorz\u00f3w Wielkopolski, capoluogo assieme a Zielona G\u00f3ra della regione Lubuskie, \u00e8 il suo <strong>Lungofiume sulla Warta<\/strong>. Questa zona pedonale e piena di verde \u00e8 tagliata da via Boles\u0142aw Chrobry ed \u00e8 affiancata, in direzione del cuore moderno della citt\u00e0 dalla sua storica soprelevata ferroviaria, la pi\u00f9 lunga di tutta la Polonia. In estate \u00e8 abbellita da molte palme in vaso, mentre nei mesi pi\u00f9 freddi le tettoie offrono riparo al caldo grazie all\u2019alimentazione con batterie eoliche.<\/p>\n\n\n\n<p>Sul lungofiume \u00e8 possibile sentire il \u201cticchettio\u201d dell\u2019orologio solare dell\u2019Unione Europea e il canto degli uccelli esotici ospitati da una grande voliera, e poi ci si pu\u00f2 fermare a mangiare nell\u2019area gastronomica del viale, in grande rinnovamento, con molti locali tra cui spicca la piccola caffetteria ospitata sulla <strong>nave Regina Jadwiga<\/strong> ancorata stabilmente a riva.<\/p>\n\n\n\n<p>Per chi invece vuole salire su una nave per prendere il largo, \u00e8 possibile salpare per una piccola crociera sul pi\u00f9 antico rompighiaccio polacco, il Kuna, che vi aspetta a bordo con i suoi 135 anni di storia.<\/p>\n\n\n\n<p>Sempre sul lungofiume potrete notare uno dei monumenti dedicati alle personalit\u00e0 della storia cittadina. Si tratta della statua di Pawe\u0142 Zacharek, vecchio traghettatore sulla Warta, ovviamente immortalato insieme alla sua barca grande abbastanza da poterci saltare dentro e scattarsi una foto. E sulla <strong>spiaggetta urbana<\/strong> l\u00ec vicino ci si pu\u00f2 fermare per rilassarsi e prendere il sole.<\/p>\n<\/div><\/div>\n\n\n\n<div style=\"height:100px\" aria-hidden=\"true\" class=\"wp-block-spacer is-style-spacer-small\"><\/div>\n\n\n\n<div class=\"wp-block-group is-style-container\"><div class=\"wp-block-group__inner-container is-layout-constrained wp-block-group-is-layout-constrained\">  <div class=\"gallery-tiles gallery-tiles--rows-2-3 lightgallery\">\r\n          <a href=\"https:\/\/www.polonia.travel\/it\/wp-content\/uploads\/sites\/20\/2023\/02\/Warta2.jpg\" class=\"gallery-tiles__item\" data-src=\"https:\/\/www.polonia.travel\/it\/wp-content\/uploads\/sites\/20\/2023\/02\/Warta2.jpg\"\r\n        aria-label=\"Otw\u00f3rz powi\u0119kszone zdj\u0119cie: default\">\r\n        <img loading=\"lazy\" decoding=\"async\" width=\"1200\" height=\"800\" src=\"https:\/\/www.polonia.travel\/it\/wp-content\/uploads\/sites\/20\/2023\/02\/Warta2-1200x800.jpg\" class=\"gallery-tiles__thumb\" alt=\"\" srcset=\"https:\/\/www.polonia.travel\/it\/wp-content\/uploads\/sites\/20\/2023\/02\/Warta2-1200x800.jpg 1200w, https:\/\/www.polonia.travel\/it\/wp-content\/uploads\/sites\/20\/2023\/02\/Warta2-600x400.jpg 600w, https:\/\/www.polonia.travel\/it\/wp-content\/uploads\/sites\/20\/2023\/02\/Warta2-768x512.jpg 768w, https:\/\/www.polonia.travel\/it\/wp-content\/uploads\/sites\/20\/2023\/02\/Warta2-1536x1024.jpg 1536w, https:\/\/www.polonia.travel\/it\/wp-content\/uploads\/sites\/20\/2023\/02\/Warta2.jpg 1920w\" sizes=\"auto, (max-width: 1200px) 100vw, 1200px\" \/>      <\/a>\r\n          <a href=\"https:\/\/www.polonia.travel\/it\/wp-content\/uploads\/sites\/20\/2023\/02\/Park-Siemiradzkiego2.jpg\" class=\"gallery-tiles__item\" data-src=\"https:\/\/www.polonia.travel\/it\/wp-content\/uploads\/sites\/20\/2023\/02\/Park-Siemiradzkiego2.jpg\"\r\n        aria-label=\"Otw\u00f3rz powi\u0119kszone zdj\u0119cie: default\">\r\n        <img loading=\"lazy\" decoding=\"async\" width=\"1200\" height=\"708\" src=\"https:\/\/www.polonia.travel\/it\/wp-content\/uploads\/sites\/20\/2023\/02\/Park-Siemiradzkiego2-1200x708.jpg\" class=\"gallery-tiles__thumb\" alt=\"\" srcset=\"https:\/\/www.polonia.travel\/it\/wp-content\/uploads\/sites\/20\/2023\/02\/Park-Siemiradzkiego2-1200x708.jpg 1200w, https:\/\/www.polonia.travel\/it\/wp-content\/uploads\/sites\/20\/2023\/02\/Park-Siemiradzkiego2-600x354.jpg 600w, https:\/\/www.polonia.travel\/it\/wp-content\/uploads\/sites\/20\/2023\/02\/Park-Siemiradzkiego2-768x453.jpg 768w, https:\/\/www.polonia.travel\/it\/wp-content\/uploads\/sites\/20\/2023\/02\/Park-Siemiradzkiego2-1536x906.jpg 1536w, https:\/\/www.polonia.travel\/it\/wp-content\/uploads\/sites\/20\/2023\/02\/Park-Siemiradzkiego2-1920x1133.jpg 1920w, https:\/\/www.polonia.travel\/it\/wp-content\/uploads\/sites\/20\/2023\/02\/Park-Siemiradzkiego2.jpg 2000w\" sizes=\"auto, (max-width: 1200px) 100vw, 1200px\" \/>      <\/a>\r\n          <a href=\"https:\/\/www.polonia.travel\/it\/wp-content\/uploads\/sites\/20\/2022\/12\/gorzow_wlk_stakada_kolejowa_1170-1.jpg\" class=\"gallery-tiles__item\" data-src=\"https:\/\/www.polonia.travel\/it\/wp-content\/uploads\/sites\/20\/2022\/12\/gorzow_wlk_stakada_kolejowa_1170-1.jpg\"\r\n        aria-label=\"Otw\u00f3rz powi\u0119kszone zdj\u0119cie: default\">\r\n        <img loading=\"lazy\" decoding=\"async\" width=\"1170\" height=\"780\" src=\"https:\/\/www.polonia.travel\/it\/wp-content\/uploads\/sites\/20\/2022\/12\/gorzow_wlk_stakada_kolejowa_1170-1.jpg\" class=\"gallery-tiles__thumb\" alt=\"\" srcset=\"https:\/\/www.polonia.travel\/it\/wp-content\/uploads\/sites\/20\/2022\/12\/gorzow_wlk_stakada_kolejowa_1170-1.jpg 1170w, https:\/\/www.polonia.travel\/it\/wp-content\/uploads\/sites\/20\/2022\/12\/gorzow_wlk_stakada_kolejowa_1170-1-600x400.jpg 600w, https:\/\/www.polonia.travel\/it\/wp-content\/uploads\/sites\/20\/2022\/12\/gorzow_wlk_stakada_kolejowa_1170-1-768x512.jpg 768w\" sizes=\"auto, (max-width: 1170px) 100vw, 1170px\" \/>      <\/a>\r\n          <a href=\"https:\/\/www.polonia.travel\/it\/wp-content\/uploads\/sites\/20\/2023\/02\/Trakt-krolewski-ulic.jpg\" class=\"gallery-tiles__item\" data-src=\"https:\/\/www.polonia.travel\/it\/wp-content\/uploads\/sites\/20\/2023\/02\/Trakt-krolewski-ulic.jpg\"\r\n        aria-label=\"Otw\u00f3rz powi\u0119kszone zdj\u0119cie: Gorz\u00f3w Wielkopolski\">\r\n        <img loading=\"lazy\" decoding=\"async\" width=\"1200\" height=\"799\" src=\"https:\/\/www.polonia.travel\/it\/wp-content\/uploads\/sites\/20\/2023\/02\/Trakt-krolewski-ulic-1200x799.jpg\" class=\"gallery-tiles__thumb\" alt=\"\" srcset=\"https:\/\/www.polonia.travel\/it\/wp-content\/uploads\/sites\/20\/2023\/02\/Trakt-krolewski-ulic-1200x799.jpg 1200w, https:\/\/www.polonia.travel\/it\/wp-content\/uploads\/sites\/20\/2023\/02\/Trakt-krolewski-ulic-600x400.jpg 600w, https:\/\/www.polonia.travel\/it\/wp-content\/uploads\/sites\/20\/2023\/02\/Trakt-krolewski-ulic-768x512.jpg 768w, https:\/\/www.polonia.travel\/it\/wp-content\/uploads\/sites\/20\/2023\/02\/Trakt-krolewski-ulic-1536x1023.jpg 1536w, https:\/\/www.polonia.travel\/it\/wp-content\/uploads\/sites\/20\/2023\/02\/Trakt-krolewski-ulic.jpg 1920w\" sizes=\"auto, (max-width: 1200px) 100vw, 1200px\" \/>      <\/a>\r\n          <a href=\"https:\/\/www.polonia.travel\/it\/wp-content\/uploads\/sites\/20\/2022\/12\/gorzow_wlk_katedra_i_bamberka_1170.jpg\" class=\"gallery-tiles__item\" data-src=\"https:\/\/www.polonia.travel\/it\/wp-content\/uploads\/sites\/20\/2022\/12\/gorzow_wlk_katedra_i_bamberka_1170.jpg\"\r\n        aria-label=\"Otw\u00f3rz powi\u0119kszone zdj\u0119cie: gorzow_wlk_katedra_i_bamberka_1170\">\r\n        <img loading=\"lazy\" decoding=\"async\" width=\"1170\" height=\"780\" src=\"https:\/\/www.polonia.travel\/it\/wp-content\/uploads\/sites\/20\/2022\/12\/gorzow_wlk_katedra_i_bamberka_1170.jpg\" class=\"gallery-tiles__thumb\" alt=\"\" srcset=\"https:\/\/www.polonia.travel\/it\/wp-content\/uploads\/sites\/20\/2022\/12\/gorzow_wlk_katedra_i_bamberka_1170.jpg 1170w, https:\/\/www.polonia.travel\/it\/wp-content\/uploads\/sites\/20\/2022\/12\/gorzow_wlk_katedra_i_bamberka_1170-600x400.jpg 600w, https:\/\/www.polonia.travel\/it\/wp-content\/uploads\/sites\/20\/2022\/12\/gorzow_wlk_katedra_i_bamberka_1170-768x512.jpg 768w\" sizes=\"auto, (max-width: 1170px) 100vw, 1170px\" \/>      <\/a>\r\n      <\/div>\r\n<\/div><\/div>\n\n\n\n<div style=\"height:100px\" aria-hidden=\"true\" class=\"wp-block-spacer is-style-spacer-small\"><\/div>\n\n\n\n<div class=\"wp-block-group is-style-container-medium\"><div class=\"wp-block-group__inner-container is-layout-constrained wp-block-group-is-layout-constrained\">\n<p><strong>Dal medioevo alla secessione<\/strong><\/p>\n\n\n\n<p>Il monumento pi\u00f9 famoso della citt\u00e0, considerato uno dei simboli di Gorz\u00f3w Wielkopolski, \u00e8 <strong>la Cattedrale dell\u2019Assunzione<\/strong>, risalente al XIII secolo con l\u2019altare centrale decorato da un trittico in stile rinascimentale-manieristico. Sfortunatamente, la chiesa \u00e8 stata colpita da un incendio nel 2017 che ha danneggiato soprattutto l\u2019antico campanile, e oggi \u00e8 chiusa per lavori di restauro. Non tutto il male vien per nuocere: in seguito al restauro, sono stati rinvenuti oggetti di varie epoche tra cui un coltello risalente all\u2019alto medioevo, stoviglie in argilla dello stesso periodo, vecchi chiodi, una moneta del XVIII secolo, ma anche manoscritti e spartiti antichi.<\/p>\n\n\n\n<p>Bench\u00e9 i territori lungo la Warta nell\u2019alto medioevo fossero abitati dal popolo slavo dei Polani, nei secoli successivi a causa di varie vicissitudini storiche e dinastiche la zona \u00e8 passata sotto il controllo tedesco e per molto tempo Gorz\u00f3w \u00e8 stata nota come Landsberg. A testimonianza, oggi c\u2019\u00e8 <strong>la fontana<\/strong> che sorge accanto alla <strong>Cattedrale nella Piazza della Citt\u00e0 Vecchia<\/strong>, donata dall\u2018industriale Hermann Paucksch. La figura che la orna \u00e8 una portatrice d\u2019acqua chiamata colloquialmente Bamberka, che vuole simboleggiare la laboriosit\u00e0 degli abitanti di Gorz\u00f3w e la prosperit\u00e0 data dalla Warta.<\/p>\n\n\n\n<p>A proposito di Citt\u00e0 Vecchia, nelle attigue Via Chrobry e Via \u0141okietka ci sono numerose <strong>palazzine in stile secessione<\/strong> <strong>viennese<\/strong> decorate con le caratteristiche rifiniture a tema naturale. Queste palazzine erano la dimora degli industriali della vecchia Landsberg e tra loro spiccano la villa di Max Bahr, oggi sede dell\u2019Istituto Wilhelm Pluta e la villa di Gustaw Schroeder che ospita il&nbsp;<strong>Museo della regione di Lubusz,<\/strong><strong> <\/strong>sotto la cui egida \u00e8 attivo anche il museo tematico ospitato dall\u2019antico <strong>Granaio sulla Varta<\/strong>. Quest\u2019ultimo contiene un modellino della Landsberg del XVII secolo che rende visibile il racconto della storia cittadina.<\/p>\n\n\n\n<p><strong>Parole e suoni<\/strong><\/p>\n\n\n\n<p>Gli amanti della cultura \u201calta\u201d potrebbero volere visitare il <strong>Teatro<\/strong> <strong>Juliusz Osterwa<\/strong>. Tra i suoi direttori artistici in passato ci sono stati il critico Zdzis\u0142aw Najder e il poeta Zbigniew Herbert, e qui hanno debuttato tra gli altri la regista Agnieszka Holland, il compositore Stanis\u0142aw Syrewicz e lo scenografo Edward Lutczyn. Inoltre \u00e8 passato da qui anche il regista cinematografico di fama internazionale Andrzej Wajda. Da moltissimo tempo, questo teatro ospita e organizza gli <strong>Incontri di Teatro di Gorz\u00f3w<\/strong> <strong>Wielkopolski<\/strong>.<\/p>\n\n\n\n<p>Il teatro sinfonico cittadino invece propone una serie di <strong>Concerti di Chopin all\u2018aperto<\/strong>. \u00c8 uno dei teatri pi\u00f9 moderni in Polonia ed \u00e8 il fiore all\u2019occhiello di Gorz\u00f3w con la sua struttura avveniristica tutta in vetro e acciaio che ricorda un organo piantato su un tavolo rotondo. Anche l\u2019interno \u00e8 impressionante, con le sue sale dall\u2019acustica eccellente e che possono ospitare fino a 600 spettatori.<\/p>\n\n\n\n<p>A Gorz\u00f3w Wielkopolski ci sono ogni anno numerosi eventi come <strong>I giorni di Gorz\u00f3w<\/strong>, il Percorso Culturale Notturno, il Party di fine Estate,<strong> il<\/strong>&nbsp;<strong>DYM Festival<\/strong>,&nbsp;il <strong>Festival dei Film Curiosi, il Raduno di Bande Cittadine \u201cAlte Kameraden\u201d<\/strong>,&nbsp;il <strong>Getin\u2019 out Festival il Raduno internazionale di gruppi romani e sinti Dyvesa<\/strong>&nbsp;e il Festival Polacco dei Monodrammi.&nbsp;<\/p>\n\n\n\n<p><strong>Le rose e lo speedway<\/strong><\/p>\n\n\n\n<p>Chi \u00e8 curioso di scoprire gli altri simboli di Gorz\u00f3w ne trover\u00e0 ben due nel <strong>Parco Primavera dei Popoli<\/strong> chiamato anche <strong>Parco delle Rose<\/strong> perch\u00e9 al suo interno ospita un bellissimo roseto. La prima delle due statue all\u2019aperto rappresenta la Banda cittadina di Gorz\u00f3w che in oltre 60 anni di attivit\u00e0 si \u00e8 esibita ben 3500 volte e ha ricevuto molti prestigiosi premi. La seconda statua, una donna seduta nel parco, rappresenta la poetessa Rom Papusza, al secolo Bronis\u0142awa Wajs. Il Parco Primavera dei Popoli per altro \u00e8 una parentesi di Mediterraneo in Europa centro-orientale. Lungo i suoi sentieri, crescono platani secolari e castani rosa, e nel laghetto si pu\u00f2 fare un giro in kayak.<\/p>\n\n\n\n<p>In zona, nel vicino centro commerciale Park 111 in via Sikorski \u201csi \u00e8 fermato per un attimo\u201d durante un giro in bicicletta un famoso senzatetto di Gorz\u00f3w, conosciuto come Szymon Gi\u0119ty. Amava raccogliere iornali, ferri vecchi e bottiglie vuote e si chiamava davvero Kazimierz Wnuk. La gente ha preso a chiamarlo <em>gi\u0119ty<\/em> (pieghevole) grazie alle capacit\u00e0 \u201cacrobatiche\u201d della sua lingua nel raccontare storie non sempre verosimili. Durante il periodo comunista, amava parodiare e prendersi gioco dei papaveri di partito durante le celebrazioni del Primo Maggio.<\/p>\n\n\n\n<p>Per concludere la serie dei monumenti cittadini di Gorz\u00f3w c\u2019\u00e8 anche la statua del motociclista Edward Jancarz e ovviamente <strong>il circuito di speedway<\/strong> che porta il suo nome.<\/p>\n\n\n\n<p>\u00c8 tutto qui? Certo che no! Abbiamo ancora: <strong>il monumento dello<\/strong> <strong>\u015afinster<\/strong>, una parola inventata e intraducibile che d\u00e0 il nome alla scultura di un uomo di ferro nudo, simbolo dell\u2019oppressione dell\u2019individuo nei sistemi totalitaristi; poi c\u2019\u00e8 <strong>il Pozzo delle Streghe<\/strong><strong> legato alla leggenda dell\u2019ultima donna bruciata sul rogo a Gorz\u00f3w accusata di rapporti con il diavolo; oppure una replica del tram storico di Landsberg<\/strong>&nbsp;. E poi si pu\u00f2 fare nordic walking nel <strong>Parco<\/strong> <strong>S\u0142owia\u0144ski<\/strong>, rilassarsi nel <strong>porticciolo<\/strong> e godersi una dose di buona musica nel leggendario <strong>Jazz Club \u201cPod Filarami\u201d<\/strong>, dove si \u00e8 esibito Nigel Kennedy. In questa citt\u00e0 non si corre il rischio di annoiarsi!<\/p>\n<\/div><\/div>\n\n\n\n<div class=\"wp-block-group has-background\" style=\"background-color:#eeeeee\"><div class=\"wp-block-group__inner-container is-layout-constrained wp-block-group-is-layout-constrained\">\n<div style=\"height:100px\" aria-hidden=\"true\" class=\"wp-block-spacer is-style-spacer-small\"><\/div>\n\n\n\n<div class=\"wp-block-group is-style-container\"><div class=\"wp-block-group__inner-container is-layout-constrained wp-block-group-is-layout-constrained\">\n<h3 class=\"wp-block-heading\">Scopri di pi\u00f9<\/h3>\n\n\n\n<div style=\"height:100px\" aria-hidden=\"true\" class=\"wp-block-spacer is-style-spacer-small\"><\/div>\n\n\n<div class=\"overflow\">\n  <div class=\"post-slider swiper post-slider--small\" data-schema=\"small\">\n\n    <div class=\"swiper-wrapper\">\n              <div class=\"swiper-slide post-slide\">\n                      <a href=\"https:\/\/www.polonia.travel\/it\/stettino\/\" class=\"post-box post-box--small\" style=\" background-image: url(https:\/\/www.polonia.travel\/it\/wp-content\/uploads\/sites\/20\/2024\/11\/AdobeStock_132580111_Szczecin-600x260.jpeg);\">\n          <div class=\"post-box__hover\" style=\"background-image: url(https:\/\/www.polonia.travel\/it\/wp-content\/uploads\/sites\/20\/2024\/05\/16xZP_Szczecin-1-600x367.jpg);\"><\/div>\n        <div class=\"post-box__info\">\n            <div class=\"post-box__title\">Stettino<\/div>\n      <div class=\"post-box__more\">Leggi di pi\u00f9<\/div>\n    <\/div>\n  <\/a>\n\n          <\/div>\n              <div class=\"swiper-slide post-slide\">\n                      <a href=\"https:\/\/www.polonia.travel\/it\/gorzow-wielkopolski\/\" class=\"post-box post-box--small\" style=\" background-image: url(https:\/\/www.polonia.travel\/it\/wp-content\/uploads\/sites\/20\/2023\/02\/Trakt-krolewski-ulic-600x400.jpg);\">\n          <div class=\"post-box__hover\" style=\"background-image: url(https:\/\/www.polonia.travel\/it\/wp-content\/uploads\/sites\/20\/2022\/12\/gorzow_wlk_stakada_kolejowa_1170-1-600x400.jpg);\"><\/div>\n        <div class=\"post-box__info\">\n            <div class=\"post-box__title\">Gorz\u00f3w Wielkopolski<\/div>\n      <div class=\"post-box__more\">Leggi di pi\u00f9<\/div>\n    <\/div>\n  <\/a>\n\n          <\/div>\n              <div class=\"swiper-slide post-slide\">\n                      <a href=\"https:\/\/www.polonia.travel\/it\/zielona-gora\/\" class=\"post-box post-box--small\" style=\" background-image: url(https:\/\/www.polonia.travel\/it\/wp-content\/uploads\/sites\/20\/2024\/07\/AdobeStock_264486646_zielona_gora-600x400.jpeg);\">\n          <div class=\"post-box__hover\" style=\"background-image: url(https:\/\/www.polonia.travel\/it\/wp-content\/uploads\/sites\/20\/2024\/07\/AdobeStock_289584512_stara_winnica_zielona_gora-600x399.jpeg);\"><\/div>\n        <div class=\"post-box__info\">\n            <div class=\"post-box__title\">Zielona G\u00f3ra<\/div>\n      <div class=\"post-box__more\">Leggi di pi\u00f9<\/div>\n    <\/div>\n  <\/a>\n\n          <\/div>\n              <div class=\"swiper-slide post-slide\">\n                      <a href=\"https:\/\/www.polonia.travel\/it\/rzeszow\/\" class=\"post-box post-box--small\" style=\" background-image: url(https:\/\/www.polonia.travel\/it\/wp-content\/uploads\/sites\/20\/2024\/07\/Rzeszow_002-600x400.jpg);\">\n          <div class=\"post-box__hover\" style=\"background-image: url(https:\/\/www.polonia.travel\/it\/wp-content\/uploads\/sites\/20\/2024\/07\/AdobeStock_509486826_Rzeszow-600x400.jpeg);\"><\/div>\n        <div class=\"post-box__info\">\n            <div class=\"post-box__title\">Rzesz\u00f3w<\/div>\n      <div class=\"post-box__more\">Leggi di pi\u00f9<\/div>\n    <\/div>\n  <\/a>\n\n          <\/div>\n              <div class=\"swiper-slide post-slide\">\n                      <a href=\"https:\/\/www.polonia.travel\/it\/opole\/\" class=\"post-box post-box--small\" style=\" background-image: url(https:\/\/www.polonia.travel\/it\/wp-content\/uploads\/sites\/20\/2024\/07\/AdobeStock_122179190_Opole-600x400.jpeg);\">\n          <div class=\"post-box__hover\" style=\"background-image: url(https:\/\/www.polonia.travel\/it\/wp-content\/uploads\/sites\/20\/2023\/02\/6940_Opole_MG-xl-600x400.jpg);\"><\/div>\n        <div class=\"post-box__info\">\n            <div class=\"post-box__title\">Opole<\/div>\n      <div class=\"post-box__more\">Leggi di pi\u00f9<\/div>\n    <\/div>\n  <\/a>\n\n          <\/div>\n              <div class=\"swiper-slide post-slide\">\n                      <a href=\"https:\/\/www.polonia.travel\/it\/katowice\/\" class=\"post-box post-box--small\" style=\" background-image: url(https:\/\/www.polonia.travel\/it\/wp-content\/uploads\/sites\/20\/2024\/07\/AdobeStock_517082133_katowice_nikiszowiec-600x400.jpeg);\">\n          <div class=\"post-box__hover\" style=\"background-image: url(https:\/\/www.polonia.travel\/it\/wp-content\/uploads\/sites\/20\/2024\/07\/226185431_Katowice_Strefa_Kultury-600x450.jpg);\"><\/div>\n        <div class=\"post-box__info\">\n            <div class=\"post-box__title\">Katowice<\/div>\n      <div class=\"post-box__more\">Leggi di pi\u00f9<\/div>\n    <\/div>\n  <\/a>\n\n          <\/div>\n              <div class=\"swiper-slide post-slide\">\n                      <a href=\"https:\/\/www.polonia.travel\/it\/kielce\/\" class=\"post-box post-box--small\" style=\" background-image: url(https:\/\/www.polonia.travel\/it\/wp-content\/uploads\/sites\/20\/2023\/07\/Kielce3_Fot_Slawek_Rakowski-600x450.jpg);\">\n          <div class=\"post-box__hover\" style=\"background-image: url(https:\/\/www.polonia.travel\/it\/wp-content\/uploads\/sites\/20\/2023\/07\/Kielce4_Fot_Slawek_Rakowski-600x450.jpg);\"><\/div>\n        <div class=\"post-box__info\">\n            <div class=\"post-box__title\">Kielce<\/div>\n      <div class=\"post-box__more\">Leggi di pi\u00f9<\/div>\n    <\/div>\n  <\/a>\n\n          <\/div>\n              <div class=\"swiper-slide post-slide\">\n                      <a href=\"https:\/\/www.polonia.travel\/it\/olsztyn\/\" class=\"post-box post-box--small\" style=\" background-image: url(https:\/\/www.polonia.travel\/it\/wp-content\/uploads\/sites\/20\/2022\/12\/olsztyn_panorama_1170-1-600x400.jpg);\">\n          <div class=\"post-box__hover\" style=\"background-image: url(https:\/\/www.polonia.travel\/it\/wp-content\/uploads\/sites\/20\/2023\/02\/olsztyn_panorama_3_1170-e1676903814149-600x346.jpg);\"><\/div>\n        <div class=\"post-box__info\">\n            <div class=\"post-box__title\">Olsztyn<\/div>\n      <div class=\"post-box__more\">Leggi di pi\u00f9<\/div>\n    <\/div>\n  <\/a>\n\n          <\/div>\n              <div class=\"swiper-slide post-slide\">\n                      <a href=\"https:\/\/www.polonia.travel\/it\/bialystok-podlaskie\/\" class=\"post-box post-box--small\" style=\" background-image: url(https:\/\/www.polonia.travel\/it\/wp-content\/uploads\/sites\/20\/2022\/12\/bialystok_palac_branickich_2_1170-1-600x400.jpg);\">\n          <div class=\"post-box__hover\" style=\"background-image: url(https:\/\/www.polonia.travel\/it\/wp-content\/uploads\/sites\/20\/2024\/07\/POT_Wybrane-022_Bialystok-600x449.jpg);\"><\/div>\n        <div class=\"post-box__info\">\n            <div class=\"post-box__title\">Bia\u0142ystok<\/div>\n      <div class=\"post-box__more\">Leggi di pi\u00f9<\/div>\n    <\/div>\n  <\/a>\n\n          <\/div>\n              <div class=\"swiper-slide post-slide\">\n                      <a href=\"https:\/\/www.polonia.travel\/it\/bydgoszcz\/\" class=\"post-box post-box--small\" style=\" background-image: url(https:\/\/www.polonia.travel\/it\/wp-content\/uploads\/sites\/20\/2024\/07\/AdobeStock_529436426_Bydgoszcz-600x449.jpeg);\">\n          <div class=\"post-box__hover\" style=\"background-image: url(https:\/\/www.polonia.travel\/it\/wp-content\/uploads\/sites\/20\/2024\/05\/Bydgoszcz1170-10-600x400.jpg);\"><\/div>\n        <div class=\"post-box__info\">\n            <div class=\"post-box__title\">Bydgoszcz<\/div>\n      <div class=\"post-box__more\">Leggi di pi\u00f9<\/div>\n    <\/div>\n  <\/a>\n\n          <\/div>\n              <div class=\"swiper-slide post-slide\">\n                      <a href=\"https:\/\/www.polonia.travel\/it\/danzica\/\" class=\"post-box post-box--small\" style=\" background-image: url(https:\/\/www.polonia.travel\/it\/wp-content\/uploads\/sites\/20\/2024\/05\/Danzica-6.jpg);\">\n          <div class=\"post-box__hover\" style=\"background-image: url(https:\/\/www.polonia.travel\/it\/wp-content\/uploads\/sites\/20\/2024\/05\/Danzica20copia-min-37.jpg);\"><\/div>\n        <div class=\"post-box__info\">\n            <div class=\"post-box__title\">Danzica<\/div>\n      <div class=\"post-box__more\">Leggi di pi\u00f9<\/div>\n    <\/div>\n  <\/a>\n\n          <\/div>\n              <div class=\"swiper-slide post-slide\">\n                      <a href=\"https:\/\/www.polonia.travel\/it\/lublino\/\" class=\"post-box post-box--small\" style=\" background-image: url(https:\/\/www.polonia.travel\/it\/wp-content\/uploads\/sites\/20\/2024\/05\/14_Lublin__cebularze_KD_HR-1-600x450.jpg);\">\n          <div class=\"post-box__hover\" style=\"background-image: url(https:\/\/www.polonia.travel\/it\/wp-content\/uploads\/sites\/20\/2024\/05\/LUBLINO-1-600x400.jpg);\"><\/div>\n        <div class=\"post-box__info\">\n            <div class=\"post-box__title\">Lublino<\/div>\n      <div class=\"post-box__more\">Leggi di pi\u00f9<\/div>\n    <\/div>\n  <\/a>\n\n          <\/div>\n              <div class=\"swiper-slide post-slide\">\n                      <a href=\"https:\/\/www.polonia.travel\/it\/lodz\/\" class=\"post-box post-box--small\" style=\" background-image: url(https:\/\/www.polonia.travel\/it\/wp-content\/uploads\/sites\/20\/2024\/07\/Lodz_Manufaktura-weaving-mill-view-600x337.jpg);\">\n          <div class=\"post-box__hover\" style=\"background-image: url(https:\/\/www.polonia.travel\/it\/wp-content\/uploads\/sites\/20\/2024\/05\/LODZ_1-1-600x400.jpg);\"><\/div>\n        <div class=\"post-box__info\">\n            <div class=\"post-box__title\">\u0141\u00f3d\u017a<\/div>\n      <div class=\"post-box__more\">Leggi di pi\u00f9<\/div>\n    <\/div>\n  <\/a>\n\n          <\/div>\n              <div class=\"swiper-slide post-slide\">\n                      <a href=\"https:\/\/www.polonia.travel\/it\/poznan\/\" class=\"post-box post-box--small\" style=\" background-image: url(https:\/\/www.polonia.travel\/it\/wp-content\/uploads\/sites\/20\/2024\/07\/GettyImages-845560082_poznan-600x401.jpg);\">\n          <div class=\"post-box__hover\" style=\"background-image: url(https:\/\/www.polonia.travel\/it\/wp-content\/uploads\/sites\/20\/2025\/01\/Capretti-Poznan-fot-Jakub-Pindych.jpg);\"><\/div>\n        <div class=\"post-box__info\">\n            <div class=\"post-box__title\">Pozna\u0144<\/div>\n      <div class=\"post-box__more\">Leggi di pi\u00f9<\/div>\n    <\/div>\n  <\/a>\n\n          <\/div>\n              <div class=\"swiper-slide post-slide\">\n                      <a href=\"https:\/\/www.polonia.travel\/it\/wroclaw-breslavia\/\" class=\"post-box post-box--small\" style=\" background-image: url(https:\/\/www.polonia.travel\/it\/wp-content\/uploads\/sites\/20\/2024\/07\/GettyImages-959289774_wroclaw_ostrow_tumski-600x400.jpg);\">\n          <div class=\"post-box__hover\" style=\"background-image: url(https:\/\/www.polonia.travel\/it\/wp-content\/uploads\/sites\/20\/2025\/01\/245373114_Wroclaw_ratusz_Adobe-2.jpg);\"><\/div>\n        <div class=\"post-box__info\">\n            <div class=\"post-box__title\">Breslavia<\/div>\n      <div class=\"post-box__more\">Leggi di pi\u00f9<\/div>\n    <\/div>\n  <\/a>\n\n          <\/div>\n              <div class=\"swiper-slide post-slide\">\n                      <a href=\"https:\/\/www.polonia.travel\/it\/torun\/\" class=\"post-box post-box--small\" style=\" background-image: url(https:\/\/www.polonia.travel\/it\/wp-content\/uploads\/sites\/20\/2024\/05\/605038_Torun-dom-Kopernika_HR-1-600x400.jpg);\">\n          <div class=\"post-box__hover\" style=\"background-image: url(https:\/\/www.polonia.travel\/it\/wp-content\/uploads\/sites\/20\/2022\/12\/torun_panorama_wisla_1170-600x400.jpg);\"><\/div>\n        <div class=\"post-box__info\">\n            <div class=\"post-box__title\">Toru\u0144<\/div>\n      <div class=\"post-box__more\">Leggi di pi\u00f9<\/div>\n    <\/div>\n  <\/a>\n\n          <\/div>\n              <div class=\"swiper-slide post-slide\">\n                      <a href=\"https:\/\/www.polonia.travel\/it\/cracovia\/\" class=\"post-box post-box--small\" style=\" background-image: url(https:\/\/www.polonia.travel\/it\/wp-content\/uploads\/sites\/20\/2024\/07\/GettyImages-816871864_krakow-600x400.jpg);\">\n          <div class=\"post-box__hover\" style=\"background-image: url(https:\/\/www.polonia.travel\/it\/wp-content\/uploads\/sites\/20\/2024\/07\/AdobeStock_574882100_Krakow-600x449.jpeg);\"><\/div>\n        <div class=\"post-box__info\">\n            <div class=\"post-box__title\">Cracovia<\/div>\n      <div class=\"post-box__more\">Leggi di pi\u00f9<\/div>\n    <\/div>\n  <\/a>\n\n          <\/div>\n              <div class=\"swiper-slide post-slide\">\n                      <a href=\"https:\/\/www.polonia.travel\/it\/varsavia-capitale-della-polonia\/\" class=\"post-box post-box--small\" style=\" background-image: url(https:\/\/www.polonia.travel\/it\/wp-content\/uploads\/sites\/20\/2024\/07\/GettyImages-1166316683_Warszawa-600x400.jpg);\">\n          <div class=\"post-box__hover\" style=\"background-image: url(https:\/\/www.polonia.travel\/it\/wp-content\/uploads\/sites\/20\/2022\/12\/warszawa_lazienki_krolewskie_wiosna_1170-1-600x400.jpeg);\"><\/div>\n        <div class=\"post-box__info\">\n            <div class=\"post-box__title\">Varsavia<\/div>\n      <div class=\"post-box__more\">Leggi di pi\u00f9<\/div>\n    <\/div>\n  <\/a>\n\n          <\/div>\n          <\/div>\n    <div class=\"post-slider__pagination\"><\/div>\n  <\/div>\n<\/div>\n<\/div><\/div>\n\n\n\n<div style=\"height:100px\" aria-hidden=\"true\" class=\"wp-block-spacer is-style-spacer-small\"><\/div>\n<\/div><\/div>\n","protected":false},"excerpt":{"rendered":"<p>Gorz\u00f3w Wielkopolski \u2013 originale e \u201ccoolturale\u201c Immaginando di guardarla da un drone, la parte pi\u00f9 attraente di Gorz\u00f3w Wielkopolski, capoluogo assieme a Zielona G\u00f3ra della regione Lubuskie, \u00e8 il suo Lungofiume sulla Warta. Questa zona pedonale e piena di verde \u00e8 tagliata da via Boles\u0142aw Chrobry ed \u00e8 affiancata, in direzione del cuore moderno della [&hellip;]<\/p>\n","protected":false},"author":1,"featured_media":20516,"comment_status":"open","ping_status":"open","sticky":false,"template":"","format":"standard","meta":{"_acf_changed":false,"footnotes":""},"categories":[1037],"class_list":["post-31301","post","type-post","status-publish","format-standard","has-post-thumbnail","hentry","category-citta"],"acf":[],"yoast_head":"<!-- This site is optimized with the Yoast SEO plugin v27.4 - https:\/\/yoast.com\/product\/yoast-seo-wordpress\/ -->\n<title>Gorz\u00f3w Wielkopolski - Polonia Travel (IT)<\/title>\n<meta name=\"robots\" content=\"index, follow, max-snippet:-1, max-image-preview:large, max-video-preview:-1\" \/>\n<link rel=\"canonical\" href=\"https:\/\/www.polonia.travel\/it\/gorzow-wielkopolski\/\" \/>\n<meta property=\"og:locale\" content=\"pl_PL\" \/>\n<meta property=\"og:type\" content=\"article\" \/>\n<meta property=\"og:title\" content=\"Gorz\u00f3w Wielkopolski - Polonia Travel (IT)\" \/>\n<meta property=\"og:description\" content=\"Gorz\u00f3w Wielkopolski \u2013 originale e \u201ccoolturale\u201c Immaginando di guardarla da un drone, la parte pi\u00f9 attraente di Gorz\u00f3w Wielkopolski, capoluogo assieme a Zielona G\u00f3ra della regione Lubuskie, \u00e8 il suo Lungofiume sulla Warta. Questa zona pedonale e piena di verde \u00e8 tagliata da via Boles\u0142aw Chrobry ed \u00e8 affiancata, in direzione del cuore moderno della [&hellip;]\" \/>\n<meta property=\"og:url\" content=\"https:\/\/www.polonia.travel\/it\/gorzow-wielkopolski\/\" \/>\n<meta property=\"og:site_name\" content=\"Polonia Travel (IT)\" \/>\n<meta property=\"article:published_time\" content=\"2024-07-17T10:47:26+00:00\" \/>\n<meta property=\"article:modified_time\" content=\"2025-08-13T13:14:52+00:00\" \/>\n<meta property=\"og:image\" content=\"https:\/\/www.polonia.travel\/it\/wp-content\/uploads\/sites\/20\/2023\/02\/Katedra-i-bamberka-e1676138113958.jpg\" \/>\n\t<meta property=\"og:image:width\" content=\"1920\" \/>\n\t<meta property=\"og:image:height\" content=\"504\" \/>\n\t<meta property=\"og:image:type\" content=\"image\/jpeg\" \/>\n<meta name=\"twitter:card\" content=\"summary_large_image\" \/>\n<meta name=\"twitter:label1\" content=\"Napisane przez\" \/>\n\t<meta name=\"twitter:data1\" content=\"\" \/>\n\t<meta name=\"twitter:label2\" content=\"Szacowany czas czytania\" \/>\n\t<meta name=\"twitter:data2\" content=\"7 minut\" \/>\n<script type=\"application\/ld+json\" class=\"yoast-schema-graph\">{\"@context\":\"https:\\\/\\\/schema.org\",\"@graph\":[{\"@type\":\"Article\",\"@id\":\"https:\\\/\\\/www.polonia.travel\\\/it\\\/gorzow-wielkopolski\\\/#article\",\"isPartOf\":{\"@id\":\"https:\\\/\\\/www.polonia.travel\\\/it\\\/gorzow-wielkopolski\\\/\"},\"author\":{\"name\":\"\",\"@id\":\"\"},\"headline\":\"Gorz\u00f3w Wielkopolski\",\"datePublished\":\"2024-07-17T10:47:26+00:00\",\"dateModified\":\"2025-08-13T13:14:52+00:00\",\"mainEntityOfPage\":{\"@id\":\"https:\\\/\\\/www.polonia.travel\\\/it\\\/gorzow-wielkopolski\\\/\"},\"wordCount\":1109,\"commentCount\":8,\"publisher\":{\"@id\":\"https:\\\/\\\/www.polonia.travel\\\/it\\\/#organization\"},\"image\":{\"@id\":\"https:\\\/\\\/www.polonia.travel\\\/it\\\/gorzow-wielkopolski\\\/#primaryimage\"},\"thumbnailUrl\":\"https:\\\/\\\/www.polonia.travel\\\/it\\\/wp-content\\\/uploads\\\/sites\\\/20\\\/2023\\\/02\\\/Katedra-i-bamberka-e1676138113958.jpg\",\"keywords\":[\"it\",\"citta\"],\"articleSection\":[\"Citt\u00e0\"],\"inLanguage\":\"pl-PL\"},{\"@type\":\"WebPage\",\"@id\":\"https:\\\/\\\/www.polonia.travel\\\/it\\\/gorzow-wielkopolski\\\/\",\"url\":\"https:\\\/\\\/www.polonia.travel\\\/it\\\/gorzow-wielkopolski\\\/\",\"name\":\"Gorz\u00f3w Wielkopolski - Polonia Travel (IT)\",\"isPartOf\":{\"@id\":\"https:\\\/\\\/www.polonia.travel\\\/it\\\/#website\"},\"primaryImageOfPage\":{\"@id\":\"https:\\\/\\\/www.polonia.travel\\\/it\\\/gorzow-wielkopolski\\\/#primaryimage\"},\"image\":{\"@id\":\"https:\\\/\\\/www.polonia.travel\\\/it\\\/gorzow-wielkopolski\\\/#primaryimage\"},\"thumbnailUrl\":\"https:\\\/\\\/www.polonia.travel\\\/it\\\/wp-content\\\/uploads\\\/sites\\\/20\\\/2023\\\/02\\\/Katedra-i-bamberka-e1676138113958.jpg\",\"datePublished\":\"2024-07-17T10:47:26+00:00\",\"dateModified\":\"2025-08-13T13:14:52+00:00\",\"breadcrumb\":{\"@id\":\"https:\\\/\\\/www.polonia.travel\\\/it\\\/gorzow-wielkopolski\\\/#breadcrumb\"},\"inLanguage\":\"pl-PL\",\"potentialAction\":[{\"@type\":\"ReadAction\",\"target\":[\"https:\\\/\\\/www.polonia.travel\\\/it\\\/gorzow-wielkopolski\\\/\"]}]},{\"@type\":\"ImageObject\",\"inLanguage\":\"pl-PL\",\"@id\":\"https:\\\/\\\/www.polonia.travel\\\/it\\\/gorzow-wielkopolski\\\/#primaryimage\",\"url\":\"https:\\\/\\\/www.polonia.travel\\\/it\\\/wp-content\\\/uploads\\\/sites\\\/20\\\/2023\\\/02\\\/Katedra-i-bamberka-e1676138113958.jpg\",\"contentUrl\":\"https:\\\/\\\/www.polonia.travel\\\/it\\\/wp-content\\\/uploads\\\/sites\\\/20\\\/2023\\\/02\\\/Katedra-i-bamberka-e1676138113958.jpg\",\"width\":1920,\"height\":504},{\"@type\":\"BreadcrumbList\",\"@id\":\"https:\\\/\\\/www.polonia.travel\\\/it\\\/gorzow-wielkopolski\\\/#breadcrumb\",\"itemListElement\":[{\"@type\":\"ListItem\",\"position\":1,\"name\":\"Home page\",\"item\":\"https:\\\/\\\/www.polonia.travel\\\/it\\\/\"},{\"@type\":\"ListItem\",\"position\":2,\"name\":\"Scopri i luoghi\",\"item\":\"https:\\\/\\\/www.polonia.travel\\\/it\\\/category\\\/scopri-i-luoghi\\\/\"},{\"@type\":\"ListItem\",\"position\":3,\"name\":\"Citt\u00e0\",\"item\":\"https:\\\/\\\/www.polonia.travel\\\/it\\\/category\\\/scopri-i-luoghi\\\/citta\\\/\"},{\"@type\":\"ListItem\",\"position\":4,\"name\":\"Gorz\u00f3w Wielkopolski\"}]},{\"@type\":\"WebSite\",\"@id\":\"https:\\\/\\\/www.polonia.travel\\\/it\\\/#website\",\"url\":\"https:\\\/\\\/www.polonia.travel\\\/it\\\/\",\"name\":\"Polonia Travel (IT)\",\"description\":\"...\",\"publisher\":{\"@id\":\"https:\\\/\\\/www.polonia.travel\\\/it\\\/#organization\"},\"potentialAction\":[{\"@type\":\"SearchAction\",\"target\":{\"@type\":\"EntryPoint\",\"urlTemplate\":\"https:\\\/\\\/www.polonia.travel\\\/it\\\/?s={search_term_string}\"},\"query-input\":{\"@type\":\"PropertyValueSpecification\",\"valueRequired\":true,\"valueName\":\"search_term_string\"}}],\"inLanguage\":\"pl-PL\"},{\"@type\":\"Organization\",\"@id\":\"https:\\\/\\\/www.polonia.travel\\\/it\\\/#organization\",\"name\":\"Polonia Travel (IT)\",\"url\":\"https:\\\/\\\/www.polonia.travel\\\/it\\\/\",\"logo\":{\"@type\":\"ImageObject\",\"inLanguage\":\"pl-PL\",\"@id\":\"https:\\\/\\\/www.polonia.travel\\\/it\\\/#\\\/schema\\\/logo\\\/image\\\/\",\"url\":\"\",\"contentUrl\":\"\",\"caption\":\"Polonia Travel (IT)\"},\"image\":{\"@id\":\"https:\\\/\\\/www.polonia.travel\\\/it\\\/#\\\/schema\\\/logo\\\/image\\\/\"}},{\"@type\":\"Person\",\"@id\":\"\"}]}<\/script>\n<!-- \/ Yoast SEO plugin. -->","yoast_head_json":{"title":"Gorz\u00f3w Wielkopolski - Polonia Travel (IT)","robots":{"index":"index","follow":"follow","max-snippet":"max-snippet:-1","max-image-preview":"max-image-preview:large","max-video-preview":"max-video-preview:-1"},"canonical":"https:\/\/www.polonia.travel\/it\/gorzow-wielkopolski\/","og_locale":"pl_PL","og_type":"article","og_title":"Gorz\u00f3w Wielkopolski - Polonia Travel (IT)","og_description":"Gorz\u00f3w Wielkopolski \u2013 originale e \u201ccoolturale\u201c Immaginando di guardarla da un drone, la parte pi\u00f9 attraente di Gorz\u00f3w Wielkopolski, capoluogo assieme a Zielona G\u00f3ra della regione Lubuskie, \u00e8 il suo Lungofiume sulla Warta. Questa zona pedonale e piena di verde \u00e8 tagliata da via Boles\u0142aw Chrobry ed \u00e8 affiancata, in direzione del cuore moderno della [&hellip;]","og_url":"https:\/\/www.polonia.travel\/it\/gorzow-wielkopolski\/","og_site_name":"Polonia Travel (IT)","article_published_time":"2024-07-17T10:47:26+00:00","article_modified_time":"2025-08-13T13:14:52+00:00","og_image":[{"width":1920,"height":504,"url":"https:\/\/www.polonia.travel\/it\/wp-content\/uploads\/sites\/20\/2023\/02\/Katedra-i-bamberka-e1676138113958.jpg","type":"image\/jpeg"}],"twitter_card":"summary_large_image","twitter_misc":{"Napisane przez":"","Szacowany czas czytania":"7 minut"},"schema":{"@context":"https:\/\/schema.org","@graph":[{"@type":"Article","@id":"https:\/\/www.polonia.travel\/it\/gorzow-wielkopolski\/#article","isPartOf":{"@id":"https:\/\/www.polonia.travel\/it\/gorzow-wielkopolski\/"},"author":{"name":"","@id":""},"headline":"Gorz\u00f3w Wielkopolski","datePublished":"2024-07-17T10:47:26+00:00","dateModified":"2025-08-13T13:14:52+00:00","mainEntityOfPage":{"@id":"https:\/\/www.polonia.travel\/it\/gorzow-wielkopolski\/"},"wordCount":1109,"commentCount":8,"publisher":{"@id":"https:\/\/www.polonia.travel\/it\/#organization"},"image":{"@id":"https:\/\/www.polonia.travel\/it\/gorzow-wielkopolski\/#primaryimage"},"thumbnailUrl":"https:\/\/www.polonia.travel\/it\/wp-content\/uploads\/sites\/20\/2023\/02\/Katedra-i-bamberka-e1676138113958.jpg","keywords":["it","citta"],"articleSection":["Citt\u00e0"],"inLanguage":"pl-PL"},{"@type":"WebPage","@id":"https:\/\/www.polonia.travel\/it\/gorzow-wielkopolski\/","url":"https:\/\/www.polonia.travel\/it\/gorzow-wielkopolski\/","name":"Gorz\u00f3w Wielkopolski - Polonia Travel (IT)","isPartOf":{"@id":"https:\/\/www.polonia.travel\/it\/#website"},"primaryImageOfPage":{"@id":"https:\/\/www.polonia.travel\/it\/gorzow-wielkopolski\/#primaryimage"},"image":{"@id":"https:\/\/www.polonia.travel\/it\/gorzow-wielkopolski\/#primaryimage"},"thumbnailUrl":"https:\/\/www.polonia.travel\/it\/wp-content\/uploads\/sites\/20\/2023\/02\/Katedra-i-bamberka-e1676138113958.jpg","datePublished":"2024-07-17T10:47:26+00:00","dateModified":"2025-08-13T13:14:52+00:00","breadcrumb":{"@id":"https:\/\/www.polonia.travel\/it\/gorzow-wielkopolski\/#breadcrumb"},"inLanguage":"pl-PL","potentialAction":[{"@type":"ReadAction","target":["https:\/\/www.polonia.travel\/it\/gorzow-wielkopolski\/"]}]},{"@type":"ImageObject","inLanguage":"pl-PL","@id":"https:\/\/www.polonia.travel\/it\/gorzow-wielkopolski\/#primaryimage","url":"https:\/\/www.polonia.travel\/it\/wp-content\/uploads\/sites\/20\/2023\/02\/Katedra-i-bamberka-e1676138113958.jpg","contentUrl":"https:\/\/www.polonia.travel\/it\/wp-content\/uploads\/sites\/20\/2023\/02\/Katedra-i-bamberka-e1676138113958.jpg","width":1920,"height":504},{"@type":"BreadcrumbList","@id":"https:\/\/www.polonia.travel\/it\/gorzow-wielkopolski\/#breadcrumb","itemListElement":[{"@type":"ListItem","position":1,"name":"Home page","item":"https:\/\/www.polonia.travel\/it\/"},{"@type":"ListItem","position":2,"name":"Scopri i luoghi","item":"https:\/\/www.polonia.travel\/it\/category\/scopri-i-luoghi\/"},{"@type":"ListItem","position":3,"name":"Citt\u00e0","item":"https:\/\/www.polonia.travel\/it\/category\/scopri-i-luoghi\/citta\/"},{"@type":"ListItem","position":4,"name":"Gorz\u00f3w Wielkopolski"}]},{"@type":"WebSite","@id":"https:\/\/www.polonia.travel\/it\/#website","url":"https:\/\/www.polonia.travel\/it\/","name":"Polonia Travel (IT)","description":"...","publisher":{"@id":"https:\/\/www.polonia.travel\/it\/#organization"},"potentialAction":[{"@type":"SearchAction","target":{"@type":"EntryPoint","urlTemplate":"https:\/\/www.polonia.travel\/it\/?s={search_term_string}"},"query-input":{"@type":"PropertyValueSpecification","valueRequired":true,"valueName":"search_term_string"}}],"inLanguage":"pl-PL"},{"@type":"Organization","@id":"https:\/\/www.polonia.travel\/it\/#organization","name":"Polonia Travel (IT)","url":"https:\/\/www.polonia.travel\/it\/","logo":{"@type":"ImageObject","inLanguage":"pl-PL","@id":"https:\/\/www.polonia.travel\/it\/#\/schema\/logo\/image\/","url":"","contentUrl":"","caption":"Polonia Travel (IT)"},"image":{"@id":"https:\/\/www.polonia.travel\/it\/#\/schema\/logo\/image\/"}},{"@type":"Person","@id":""}]}},"_links":{"self":[{"href":"https:\/\/www.polonia.travel\/it\/wp-json\/wp\/v2\/posts\/31301","targetHints":{"allow":["GET"]}}],"collection":[{"href":"https:\/\/www.polonia.travel\/it\/wp-json\/wp\/v2\/posts"}],"about":[{"href":"https:\/\/www.polonia.travel\/it\/wp-json\/wp\/v2\/types\/post"}],"author":[{"embeddable":true,"href":"https:\/\/www.polonia.travel\/it\/wp-json\/wp\/v2\/users\/1"}],"replies":[{"embeddable":true,"href":"https:\/\/www.polonia.travel\/it\/wp-json\/wp\/v2\/comments?post=31301"}],"version-history":[{"count":17,"href":"https:\/\/www.polonia.travel\/it\/wp-json\/wp\/v2\/posts\/31301\/revisions"}],"predecessor-version":[{"id":42192,"href":"https:\/\/www.polonia.travel\/it\/wp-json\/wp\/v2\/posts\/31301\/revisions\/42192"}],"wp:featuredmedia":[{"embeddable":true,"href":"https:\/\/www.polonia.travel\/it\/wp-json\/wp\/v2\/media\/20516"}],"wp:attachment":[{"href":"https:\/\/www.polonia.travel\/it\/wp-json\/wp\/v2\/media?parent=31301"}],"wp:term":[{"taxonomy":"category","embeddable":true,"href":"https:\/\/www.polonia.travel\/it\/wp-json\/wp\/v2\/categories?post=31301"}],"curies":[{"name":"wp","href":"https:\/\/api.w.org\/{rel}","templated":true}]}}