{"id":31296,"date":"2024-07-16T15:32:34","date_gmt":"2024-07-16T13:32:34","guid":{"rendered":"https:\/\/www.polonia.travel\/it\/?p=31296"},"modified":"2025-08-13T16:33:23","modified_gmt":"2025-08-13T14:33:23","slug":"kielce","status":"publish","type":"post","link":"https:\/\/www.polonia.travel\/it\/kielce\/","title":{"rendered":"Kielce"},"content":{"rendered":"\n<p><\/p>\n\n\n\n<div class=\"wp-block-group is-style-container\"><div class=\"wp-block-group__inner-container is-layout-constrained wp-block-group-is-layout-constrained\">\n<!-- empty -->\n\n\n<div class=\"metrics\">\n  <div class=\"metrics__text\">\n    <h1 class=\"is-style-heading-38 mb20 large-mb30\">Kielce<\/h1>\n    <p><strong>Situata nel cuore dei Monti della Santacroce, Kielce \u00e8 il capoluogo della regione della Santacroce e fa da centro economico e turistico della regione oltre che da importante punto commerciale. <\/strong><\/p>\n  <\/div>\n  <div class=\"metrics__sidebar\">\n    <div class=\"metrics-box\">\n              <div class=\"metrics-box__title\">Informazioni di base<\/div>\n        <div class=\"metrics-box__values\">\n                                        <div class=\"metrics-box__item\">\n      <div class=\"metrics-box__label\">Superficie <\/div>\n      <div class=\"metrics-box__value\">110 km\u00b2 <\/div>\n    <\/div>\n                                <div class=\"metrics-box__item\">\n      <div class=\"metrics-box__label\">Abitanti<\/div>\n      <div class=\"metrics-box__value\">184 520 (2022)<\/div>\n    <\/div>\n                                <\/div>\n                    <div class=\"metrics-box__links\">\n                      <a href=\"https:\/\/www.kielce.eu\/\" class=\"metrics-box__link external\"\n                                  target=\"_blank\" rel=\"nofollow noopener noreferrer\"\n                            >www<\/a>\n                  <\/div>\n          <\/div>\n  <\/div>\n<\/div>\n<\/div><\/div>\n\n\n\n<div class=\"wp-block-group is-style-container-medium\"><div class=\"wp-block-group__inner-container is-layout-constrained wp-block-group-is-layout-constrained\">\n<p><strong>Il fascino di Kielce<\/strong><\/p>\n\n\n\n<p>I resti fossili di coralli, spugne e conchiglie che si possono trovare nelle grotte della zona sono la testimonianza che, milioni di anni fa, dove ora serge il capoluogo della regione della Santacroce c\u2019era un mare abitato da varie forme di vita. Ma quali altre attrazioni attendono i turisti?<\/p>\n\n\n\n<p>La citt\u00e0 poggia su un terreno particolarmente bello, proprio in mezzo alla catena dei Monti della Santacroce. Questo fa s\u00ec che passeggiando per Kielce sia possibile percepire differenze di altitudine sensibili: da un minimo di 231 metri al massimo, raggiunto sui Monti Telegraf a 406 metri. Nonostante sia piuttosto piccola rispetto ad altre citt\u00e0 capoluogo, Kielce \u00e8 l\u2019unica citt\u00e0 in Europa a offrire una cos\u00ec grande variet\u00e0 di formazioni fossili che \u00e8 possibile fotografare e persino toccare nelle cinque riserve che \u00e8 possibile visitare a Kielce (quattro riservate alla natura del passato:&nbsp;<strong>Kadzielnia<\/strong>,&nbsp;<strong>Wietrznia<\/strong>,&nbsp;<strong>\u015alichowice<\/strong>,&nbsp;<strong>Biesak-Bia\u0142ogon<\/strong>&nbsp;e la riserva paesaggistica di <strong>Karcz\u00f3wka<\/strong>). Nella <strong>riserva di Kadzielnia<\/strong> c\u2019\u00e8 la prima <strong>cascata<\/strong> ritrovata nel territorio di Kielce e <strong>un<\/strong> <strong>percorso di grotte <\/strong>parzialmente visitabile.<\/p>\n\n\n\n<p><strong>Cosa \u201csquittisce\u201d nelle rocce<\/strong><\/p>\n\n\n\n<p>Dal <strong>Colle<\/strong> <strong>Kadzielnia <\/strong>(295 metri di altezza) si gode una bellissima vista su Kielce. Inoltre questo territorio \u00e8 una delle regioni cavernose pi\u00f9 famose in Polonia, le caverne carsiche dei Monti della Santacroce, alcune delle quali visitabili tramite l\u2019Itinerario Turistico Sotterraneo lungo 140 metri, ricco di resti fossili di coralli e pipistrelli, spugne e conchiglie. Tornando in superficie, c\u2019\u00e8 il moderno <strong>Teatro all\u2019aperto Kadzielnia<\/strong>, il pi\u00f9 grande nel suo genere in Polonia, dove si tengono concerti ed eventi artistici di vario genere. Per chi \u00e8 in cerca di adrenalina c\u2019\u00e8 il <strong>parco avventura<\/strong> <strong>\u201cTyrolka nad Kadzielni\u0105\u201d<\/strong>&nbsp;e il festival annuale di sport estremi <strong>Kadzielnia Sport Festival<\/strong>.<\/p>\n\n\n\n<p>Nel <strong>parco paesaggistico di<\/strong> <strong>Karcz\u00f3wka<\/strong>, che si trova sull\u2019omonima collina a 340 metri sul livello del mare, c\u2019\u00e8 <strong>un sentiero escursionistico<\/strong> che porta tra le altre cose a un anfratto di 400 metri che altro non \u00e8 che una depressione nel terreno rimasta dalle vecchie miniere, un tempo cifra stilistica di questa regione. Qui si trova anche <strong>una terrazza panoramica<\/strong> con accanto il campanile dell\u2019antico convento dei Bernardini a <strong>Karcz\u00f3wka<\/strong>.<\/p>\n\n\n\n<p>Nella riserva di <strong>Biesak-Bia\u0142ogon<\/strong>, che sorge su un antica cava di minerali di quarzo, \u00e8 possibile ammirare le <strong>rocce<\/strong> pi\u00f9 antiche dei Monti della Santacroce, risalenti a oltre 500 milioni di anni fa. Invece nel <strong>parco di Wietrznia intitolato a<\/strong> <strong>Zbigniew Rusinowski<\/strong>, che si trova sul colle <strong>Wietrznia una mappa molto speciale vi permetter\u00e0 di scoprire cosa succedeva sulla terra 350 milioni di anni fa: si tratta di una parete di roccia lunga 800 metri che \u00e8 di fatto la pi\u00f9 grande area geologica in Polonia. <\/strong>Per chi vuole scoprire la storia del nostro pianeta con un approccio scientifico, ma anche divertente, c\u2019\u00e8 <strong>il Centro di Divulgazione Geologica di Wietrznia<\/strong>.<\/p>\n<\/div><\/div>\n\n\n\n<div style=\"height:100px\" aria-hidden=\"true\" class=\"wp-block-spacer is-style-spacer-small\"><\/div>\n\n\n\n<div class=\"wp-block-group is-style-container\"><div class=\"wp-block-group__inner-container is-layout-constrained wp-block-group-is-layout-constrained\">  <div class=\"gallery-tiles gallery-tiles--rows-2-3 lightgallery\">\r\n          <a href=\"https:\/\/www.polonia.travel\/it\/wp-content\/uploads\/sites\/20\/2022\/12\/kielce_wietrznia_1170.jpg\" class=\"gallery-tiles__item\" data-src=\"https:\/\/www.polonia.travel\/it\/wp-content\/uploads\/sites\/20\/2022\/12\/kielce_wietrznia_1170.jpg\"\r\n        aria-label=\"Otw\u00f3rz powi\u0119kszone zdj\u0119cie: kielce_wietrznia_1170\">\r\n        <img loading=\"lazy\" decoding=\"async\" width=\"1170\" height=\"780\" src=\"https:\/\/www.polonia.travel\/it\/wp-content\/uploads\/sites\/20\/2022\/12\/kielce_wietrznia_1170.jpg\" class=\"gallery-tiles__thumb\" alt=\"\" srcset=\"https:\/\/www.polonia.travel\/it\/wp-content\/uploads\/sites\/20\/2022\/12\/kielce_wietrznia_1170.jpg 1170w, https:\/\/www.polonia.travel\/it\/wp-content\/uploads\/sites\/20\/2022\/12\/kielce_wietrznia_1170-600x400.jpg 600w, https:\/\/www.polonia.travel\/it\/wp-content\/uploads\/sites\/20\/2022\/12\/kielce_wietrznia_1170-768x512.jpg 768w\" sizes=\"auto, (max-width: 1170px) 100vw, 1170px\" \/>      <\/a>\r\n          <a href=\"https:\/\/www.polonia.travel\/it\/wp-content\/uploads\/sites\/20\/2023\/07\/Kielce3_Fot_Slawek_Rakowski.jpg\" class=\"gallery-tiles__item\" data-src=\"https:\/\/www.polonia.travel\/it\/wp-content\/uploads\/sites\/20\/2023\/07\/Kielce3_Fot_Slawek_Rakowski.jpg\"\r\n        aria-label=\"Otw\u00f3rz powi\u0119kszone zdj\u0119cie: Bazylika Katedralna i dawny Palac Biskupow Krakowskich &#8211; Muzeum Narodowe w Kielcach\">\r\n        <img loading=\"lazy\" decoding=\"async\" width=\"1170\" height=\"877\" src=\"https:\/\/www.polonia.travel\/it\/wp-content\/uploads\/sites\/20\/2023\/07\/Kielce3_Fot_Slawek_Rakowski.jpg\" class=\"gallery-tiles__thumb\" alt=\"\" srcset=\"https:\/\/www.polonia.travel\/it\/wp-content\/uploads\/sites\/20\/2023\/07\/Kielce3_Fot_Slawek_Rakowski.jpg 1170w, https:\/\/www.polonia.travel\/it\/wp-content\/uploads\/sites\/20\/2023\/07\/Kielce3_Fot_Slawek_Rakowski-600x450.jpg 600w, https:\/\/www.polonia.travel\/it\/wp-content\/uploads\/sites\/20\/2023\/07\/Kielce3_Fot_Slawek_Rakowski-768x576.jpg 768w\" sizes=\"auto, (max-width: 1170px) 100vw, 1170px\" \/>      <\/a>\r\n          <a href=\"https:\/\/www.polonia.travel\/it\/wp-content\/uploads\/sites\/20\/2023\/07\/Kielce4_Fot_Slawek_Rakowski.jpg\" class=\"gallery-tiles__item\" data-src=\"https:\/\/www.polonia.travel\/it\/wp-content\/uploads\/sites\/20\/2023\/07\/Kielce4_Fot_Slawek_Rakowski.jpg\"\r\n        aria-label=\"Otw\u00f3rz powi\u0119kszone zdj\u0119cie: Rynek &#8211; ratusz w Kielcach\">\r\n        <img loading=\"lazy\" decoding=\"async\" width=\"1170\" height=\"877\" src=\"https:\/\/www.polonia.travel\/it\/wp-content\/uploads\/sites\/20\/2023\/07\/Kielce4_Fot_Slawek_Rakowski.jpg\" class=\"gallery-tiles__thumb\" alt=\"\" srcset=\"https:\/\/www.polonia.travel\/it\/wp-content\/uploads\/sites\/20\/2023\/07\/Kielce4_Fot_Slawek_Rakowski.jpg 1170w, https:\/\/www.polonia.travel\/it\/wp-content\/uploads\/sites\/20\/2023\/07\/Kielce4_Fot_Slawek_Rakowski-600x450.jpg 600w, https:\/\/www.polonia.travel\/it\/wp-content\/uploads\/sites\/20\/2023\/07\/Kielce4_Fot_Slawek_Rakowski-768x576.jpg 768w\" sizes=\"auto, (max-width: 1170px) 100vw, 1170px\" \/>      <\/a>\r\n      <\/div>\r\n\n\n\n<p>Fot. 3,4,5 @Slawek Rakowski<\/p>\n<\/div><\/div>\n\n\n\n<div style=\"height:100px\" aria-hidden=\"true\" class=\"wp-block-spacer is-style-spacer-small\"><\/div>\n\n\n\n<div class=\"wp-block-group is-style-container-medium\"><div class=\"wp-block-group__inner-container is-layout-constrained wp-block-group-is-layout-constrained\">\n<p><strong>Le cose da non perdere&nbsp;<\/strong><\/p>\n\n\n\n<p>Attraverso la citt\u00e0 di Kielce passa il Percorso Cittadino che tocca 32 punti, compresi i monumenti del centro. Il pi\u00f9 importante monumento storico \u00e8 sicuramente <strong>il Palazzo dei Vescovi di Cracovia<\/strong>. In questo edificio, l\u2019unico cos\u00ec ben conservato del periodo della dinastia Wasa, oggi ha sede<strong> il Museo Nazionale di Kielce<\/strong>.<\/p>\n\n\n\n<p>Nelle vicinanze c\u2019\u00e8 anche la <strong>Basilica dell\u2019Assunzione della Vergine<\/strong> con i suoi ricchi interni in stile barocco-rococ\u00f2 che ospitano <strong>il Santuario della Vergine Misericordiosa<\/strong>, patrona di Kielce.<\/p>\n\n\n\n<p>Non lontano dalla Basilica c\u2019\u00e8 <strong>la Residenza dei Laszczyk<\/strong>, edificio in legno di larice con 200 anni di storia alle spalle: \u00e8 l\u2019ultimo monumento in legno rimasto in citt\u00e0 e oggi ospita <strong>il Museo della Campagna di Kielce<\/strong>. \u00c8 situato in cima alla <strong>Collina del Castello, <\/strong>uno dei punti pi\u00f9 suggestivi della citt\u00e0. Alle sue pendici si dispiega <strong>il Parco Comunale<\/strong> con i suoi alberi centenari e le sue panchine, su cui si fermava, quando studiava a Kielce, lo scrittore <strong>Stefan \u017beromski<\/strong>, e faceva lo stesso anche il protagonista del suo romanzo \u201cLe fatiche di Sisifo\u201d mentre ammirava la sua amata Biruta. Proprio a lei \u00e8 dedicata la fontanella a fianco al laghetto che porta il nome di \u201cPromessa d\u2019amore\u201d.<\/p>\n\n\n\n<p><strong>Tutto attorno a Sienkiewicz<\/strong><\/p>\n\n\n\n<p>Tutti questi monumenti si trovano nella zona di Via Sienkiewicz, la strada pedonale principale della citt\u00e0 circondata da palazzi antichi e altri di stile contemporaneo. La via \u00e8 dedicata al Premio Nobel per la Letteratura Henryk Sienkiewicz non a caso: lo scrittore abitava proprio nella vicina <strong>Obl\u0119gorek<\/strong>, una tenuta offertagli dalla comunit\u00e0 come omaggio al suo contributo fondamentale per la letteratura polacca. Sempre su via Sienkiewicz, sul ponte che attraversa il fiume Silnica c\u2019\u00e8 anche una <strong>Panchina con una statua in bronzo dello scrittore e patriota Jan Karski<\/strong> con cui volendo si pu\u00f2 anche giocare a scacchi! Dall\u2019altra parte della strada rispetto alla Collina del Castello c\u2019\u00e8 <strong>la Piazza del Mercato della Citt\u00e0 Vecchia<\/strong> circondata da palazzine basse e dalla Chiesa di San Venceslao.<\/p>\n\n\n\n<p>Oltre alle attrazioni citate, vale la pena dare un\u2019occhiata al <strong>Museo nazionale, al Museo Geologico, al Museo <\/strong><strong>Laurens Hammond<\/strong><strong>, al Museo della Diocesi, al Centro Energetico per la Scienza di Kielce, al Parco Tecnologico, al Museo dei Giochi e dei Giocattoli, al Museo della Giovinezza di <\/strong><strong>Stefan \u017beromski<\/strong><strong>, al Centro di Formazione Geologica <\/strong><strong>e all\u2019Istituto del pensiero civico e patriottico.<\/strong><\/p>\n\n\n\n<p><strong>Visitare Kielce in modo attivo<\/strong><\/p>\n\n\n\n<p>Kielce \u00e8 una citt\u00e0 ideale anche per chi ama fare turismo in modo attivo ed energico. Gli appassionati della bicicletta potranno trovare molte <strong>piste ciclabili e percorsi sterrati<\/strong> come il percorso azzurro lungo 16 chilometri che va lungo il <strong>Passo <\/strong><strong>Pos\u0142owicki<\/strong>, ritenuto come il pi\u00f9 impegnativo percorso in bicicletta della regione, o <strong>il giro di 5 chilometri attorno alle pendici del Monte Telegraf<\/strong>. Per chi preferisce rimanere in citt\u00e0, da Kielce passa la pista ciclabile pi\u00f9 lunga di tutta la Polonia: <strong>il Percorso Ciclabile Orientale Green Velo. <\/strong>&nbsp;<\/p>\n\n\n\n<p>Chi ama andare a cavallo potrebbe realizzare il proprio sogno di visitare Kielce e i suoi dintorni in sella grazie ai servizi del <strong>Centro di Equitazione Park Stadion<\/strong> o del <strong>Centro MAAG<\/strong><strong> magari sui percorsi equestri Pos\u0142owicki<\/strong>&nbsp;e&nbsp;<strong>Dymi\u0144ski<\/strong>.<\/p>\n\n\n\n<p><strong>In inverno amanti dello sci e dello snowboard troveranno a Kielce e sui Monti della Santacroce numerose strutture con diverse piste a disposizione, quasi tutte semplici e adatte agli sciatori principianti. Ma non mancano le possibilit\u00e0 nemmeno le persone con pi\u00f9 esperienza: la pista pi\u00f9 ripida si trova sulle pendici nord del monte Telegraf. <\/strong>E non \u00e8 da meno in quanto a emozioni l\u2019impianto sciistico \u201cStadion\u201d <strong>sulle pendici del colle<\/strong> <strong>Pier\u015bcienica.<\/strong> Durante gli inverni innevati, molte parti dei <strong>passi<\/strong> <strong>Dymi\u0144ski e Pos\u0142owicki come anche il sentiero giallo circolare diventano perfette piste per fare sci nordico. <\/strong>Per chi si approccia allo sci per la prima volta, le piste migliori sono quelle del complesso sciistico dello <strong>Stadio <\/strong><strong>Le\u015bny<\/strong>.<\/p>\n\n\n\n<p>Dovete venire a Kielce anche per gli eventi che ospita regolarmente come la <strong>Festa di Kielce, il Capodanno sotto le stelle con il ballo in piazza del Municipio<\/strong> e il <strong>Festival giovanile della cultura scout<\/strong> che si tiene dal 1974.<\/p>\n\n\n\n<p>Grazie al suo sviluppato settore industriale, alla sua posizione centrale e alla tradizione accademica, Kielce \u00e8 nota anche come importante centro per incontri di affari nella cornice delle numerose fiere e mostre che la citt\u00e0 ospita. <strong>Il complesso fieristico di Kielce<\/strong>, che organizza molte fiere di settore, conferenze scientifiche e mostre di vario tipo \u00e8 un posto perfetto dove costruire nuove relazioni d\u2019affari.<\/p>\n<\/div><\/div>\n\n\n\n<div style=\"height:100px\" aria-hidden=\"true\" class=\"wp-block-spacer is-style-spacer-small\"><\/div>\n\n\n\n<div class=\"wp-block-group has-background\" style=\"background-color:#eeeeee\"><div class=\"wp-block-group__inner-container is-layout-constrained wp-block-group-is-layout-constrained\">\n<div style=\"height:100px\" aria-hidden=\"true\" class=\"wp-block-spacer is-style-spacer-small\"><\/div>\n\n\n\n<div class=\"wp-block-group is-style-container\"><div class=\"wp-block-group__inner-container is-layout-constrained wp-block-group-is-layout-constrained\">\n<h3 class=\"wp-block-heading\">Scopri di pi\u00f9<\/h3>\n\n\n\n<div style=\"height:100px\" aria-hidden=\"true\" class=\"wp-block-spacer is-style-spacer-small\"><\/div>\n\n\n<div class=\"overflow\">\n  <div class=\"post-slider swiper post-slider--small\" data-schema=\"small\">\n\n    <div class=\"swiper-wrapper\">\n              <div class=\"swiper-slide post-slide\">\n                      <a href=\"https:\/\/www.polonia.travel\/it\/stettino\/\" class=\"post-box post-box--small\" style=\" background-image: url(https:\/\/www.polonia.travel\/it\/wp-content\/uploads\/sites\/20\/2024\/11\/AdobeStock_132580111_Szczecin-600x260.jpeg);\">\n          <div class=\"post-box__hover\" style=\"background-image: url(https:\/\/www.polonia.travel\/it\/wp-content\/uploads\/sites\/20\/2024\/05\/16xZP_Szczecin-1-600x367.jpg);\"><\/div>\n        <div class=\"post-box__info\">\n            <div class=\"post-box__title\">Stettino<\/div>\n      <div class=\"post-box__more\">Leggi di pi\u00f9<\/div>\n    <\/div>\n  <\/a>\n\n          <\/div>\n              <div class=\"swiper-slide post-slide\">\n                      <a href=\"https:\/\/www.polonia.travel\/it\/gorzow-wielkopolski\/\" class=\"post-box post-box--small\" style=\" background-image: url(https:\/\/www.polonia.travel\/it\/wp-content\/uploads\/sites\/20\/2023\/02\/Trakt-krolewski-ulic-600x400.jpg);\">\n          <div class=\"post-box__hover\" style=\"background-image: url(https:\/\/www.polonia.travel\/it\/wp-content\/uploads\/sites\/20\/2022\/12\/gorzow_wlk_stakada_kolejowa_1170-1-600x400.jpg);\"><\/div>\n        <div class=\"post-box__info\">\n            <div class=\"post-box__title\">Gorz\u00f3w Wielkopolski<\/div>\n      <div class=\"post-box__more\">Leggi di pi\u00f9<\/div>\n    <\/div>\n  <\/a>\n\n          <\/div>\n              <div class=\"swiper-slide post-slide\">\n                      <a href=\"https:\/\/www.polonia.travel\/it\/zielona-gora\/\" class=\"post-box post-box--small\" style=\" background-image: url(https:\/\/www.polonia.travel\/it\/wp-content\/uploads\/sites\/20\/2024\/07\/AdobeStock_264486646_zielona_gora-600x400.jpeg);\">\n          <div class=\"post-box__hover\" style=\"background-image: url(https:\/\/www.polonia.travel\/it\/wp-content\/uploads\/sites\/20\/2024\/07\/AdobeStock_289584512_stara_winnica_zielona_gora-600x399.jpeg);\"><\/div>\n        <div class=\"post-box__info\">\n            <div class=\"post-box__title\">Zielona G\u00f3ra<\/div>\n      <div class=\"post-box__more\">Leggi di pi\u00f9<\/div>\n    <\/div>\n  <\/a>\n\n          <\/div>\n              <div class=\"swiper-slide post-slide\">\n                      <a href=\"https:\/\/www.polonia.travel\/it\/rzeszow\/\" class=\"post-box post-box--small\" style=\" background-image: url(https:\/\/www.polonia.travel\/it\/wp-content\/uploads\/sites\/20\/2024\/07\/Rzeszow_002-600x400.jpg);\">\n          <div class=\"post-box__hover\" style=\"background-image: url(https:\/\/www.polonia.travel\/it\/wp-content\/uploads\/sites\/20\/2024\/07\/AdobeStock_509486826_Rzeszow-600x400.jpeg);\"><\/div>\n        <div class=\"post-box__info\">\n            <div class=\"post-box__title\">Rzesz\u00f3w<\/div>\n      <div class=\"post-box__more\">Leggi di pi\u00f9<\/div>\n    <\/div>\n  <\/a>\n\n          <\/div>\n              <div class=\"swiper-slide post-slide\">\n                      <a href=\"https:\/\/www.polonia.travel\/it\/opole\/\" class=\"post-box post-box--small\" style=\" background-image: url(https:\/\/www.polonia.travel\/it\/wp-content\/uploads\/sites\/20\/2024\/07\/AdobeStock_122179190_Opole-600x400.jpeg);\">\n          <div class=\"post-box__hover\" style=\"background-image: url(https:\/\/www.polonia.travel\/it\/wp-content\/uploads\/sites\/20\/2023\/02\/6940_Opole_MG-xl-600x400.jpg);\"><\/div>\n        <div class=\"post-box__info\">\n            <div class=\"post-box__title\">Opole<\/div>\n      <div class=\"post-box__more\">Leggi di pi\u00f9<\/div>\n    <\/div>\n  <\/a>\n\n          <\/div>\n              <div class=\"swiper-slide post-slide\">\n                      <a href=\"https:\/\/www.polonia.travel\/it\/katowice\/\" class=\"post-box post-box--small\" style=\" background-image: url(https:\/\/www.polonia.travel\/it\/wp-content\/uploads\/sites\/20\/2024\/07\/AdobeStock_517082133_katowice_nikiszowiec-600x400.jpeg);\">\n          <div class=\"post-box__hover\" style=\"background-image: url(https:\/\/www.polonia.travel\/it\/wp-content\/uploads\/sites\/20\/2024\/07\/226185431_Katowice_Strefa_Kultury-600x450.jpg);\"><\/div>\n        <div class=\"post-box__info\">\n            <div class=\"post-box__title\">Katowice<\/div>\n      <div class=\"post-box__more\">Leggi di pi\u00f9<\/div>\n    <\/div>\n  <\/a>\n\n          <\/div>\n              <div class=\"swiper-slide post-slide\">\n                      <a href=\"https:\/\/www.polonia.travel\/it\/kielce\/\" class=\"post-box post-box--small\" style=\" background-image: url(https:\/\/www.polonia.travel\/it\/wp-content\/uploads\/sites\/20\/2023\/07\/Kielce3_Fot_Slawek_Rakowski-600x450.jpg);\">\n          <div class=\"post-box__hover\" style=\"background-image: url(https:\/\/www.polonia.travel\/it\/wp-content\/uploads\/sites\/20\/2023\/07\/Kielce4_Fot_Slawek_Rakowski-600x450.jpg);\"><\/div>\n        <div class=\"post-box__info\">\n            <div class=\"post-box__title\">Kielce<\/div>\n      <div class=\"post-box__more\">Leggi di pi\u00f9<\/div>\n    <\/div>\n  <\/a>\n\n          <\/div>\n              <div class=\"swiper-slide post-slide\">\n                      <a href=\"https:\/\/www.polonia.travel\/it\/olsztyn\/\" class=\"post-box post-box--small\" style=\" background-image: url(https:\/\/www.polonia.travel\/it\/wp-content\/uploads\/sites\/20\/2022\/12\/olsztyn_panorama_1170-1-600x400.jpg);\">\n          <div class=\"post-box__hover\" style=\"background-image: url(https:\/\/www.polonia.travel\/it\/wp-content\/uploads\/sites\/20\/2023\/02\/olsztyn_panorama_3_1170-e1676903814149-600x346.jpg);\"><\/div>\n        <div class=\"post-box__info\">\n            <div class=\"post-box__title\">Olsztyn<\/div>\n      <div class=\"post-box__more\">Leggi di pi\u00f9<\/div>\n    <\/div>\n  <\/a>\n\n          <\/div>\n              <div class=\"swiper-slide post-slide\">\n                      <a href=\"https:\/\/www.polonia.travel\/it\/bialystok-podlaskie\/\" class=\"post-box post-box--small\" style=\" background-image: url(https:\/\/www.polonia.travel\/it\/wp-content\/uploads\/sites\/20\/2022\/12\/bialystok_palac_branickich_2_1170-1-600x400.jpg);\">\n          <div class=\"post-box__hover\" style=\"background-image: url(https:\/\/www.polonia.travel\/it\/wp-content\/uploads\/sites\/20\/2024\/07\/POT_Wybrane-022_Bialystok-600x449.jpg);\"><\/div>\n        <div class=\"post-box__info\">\n            <div class=\"post-box__title\">Bia\u0142ystok<\/div>\n      <div class=\"post-box__more\">Leggi di pi\u00f9<\/div>\n    <\/div>\n  <\/a>\n\n          <\/div>\n              <div class=\"swiper-slide post-slide\">\n                      <a href=\"https:\/\/www.polonia.travel\/it\/bydgoszcz\/\" class=\"post-box post-box--small\" style=\" background-image: url(https:\/\/www.polonia.travel\/it\/wp-content\/uploads\/sites\/20\/2024\/07\/AdobeStock_529436426_Bydgoszcz-600x449.jpeg);\">\n          <div class=\"post-box__hover\" style=\"background-image: url(https:\/\/www.polonia.travel\/it\/wp-content\/uploads\/sites\/20\/2024\/05\/Bydgoszcz1170-10-600x400.jpg);\"><\/div>\n        <div class=\"post-box__info\">\n            <div class=\"post-box__title\">Bydgoszcz<\/div>\n      <div class=\"post-box__more\">Leggi di pi\u00f9<\/div>\n    <\/div>\n  <\/a>\n\n          <\/div>\n              <div class=\"swiper-slide post-slide\">\n                      <a href=\"https:\/\/www.polonia.travel\/it\/danzica\/\" class=\"post-box post-box--small\" style=\" background-image: url(https:\/\/www.polonia.travel\/it\/wp-content\/uploads\/sites\/20\/2024\/05\/Danzica-6.jpg);\">\n          <div class=\"post-box__hover\" style=\"background-image: url(https:\/\/www.polonia.travel\/it\/wp-content\/uploads\/sites\/20\/2024\/05\/Danzica20copia-min-37.jpg);\"><\/div>\n        <div class=\"post-box__info\">\n            <div class=\"post-box__title\">Danzica<\/div>\n      <div class=\"post-box__more\">Leggi di pi\u00f9<\/div>\n    <\/div>\n  <\/a>\n\n          <\/div>\n              <div class=\"swiper-slide post-slide\">\n                      <a href=\"https:\/\/www.polonia.travel\/it\/lublino\/\" class=\"post-box post-box--small\" style=\" background-image: url(https:\/\/www.polonia.travel\/it\/wp-content\/uploads\/sites\/20\/2024\/05\/14_Lublin__cebularze_KD_HR-1-600x450.jpg);\">\n          <div class=\"post-box__hover\" style=\"background-image: url(https:\/\/www.polonia.travel\/it\/wp-content\/uploads\/sites\/20\/2024\/05\/LUBLINO-1-600x400.jpg);\"><\/div>\n        <div class=\"post-box__info\">\n            <div class=\"post-box__title\">Lublino<\/div>\n      <div class=\"post-box__more\">Leggi di pi\u00f9<\/div>\n    <\/div>\n  <\/a>\n\n          <\/div>\n              <div class=\"swiper-slide post-slide\">\n                      <a href=\"https:\/\/www.polonia.travel\/it\/lodz\/\" class=\"post-box post-box--small\" style=\" background-image: url(https:\/\/www.polonia.travel\/it\/wp-content\/uploads\/sites\/20\/2024\/07\/Lodz_Manufaktura-weaving-mill-view-600x337.jpg);\">\n          <div class=\"post-box__hover\" style=\"background-image: url(https:\/\/www.polonia.travel\/it\/wp-content\/uploads\/sites\/20\/2024\/05\/LODZ_1-1-600x400.jpg);\"><\/div>\n        <div class=\"post-box__info\">\n            <div class=\"post-box__title\">\u0141\u00f3d\u017a<\/div>\n      <div class=\"post-box__more\">Leggi di pi\u00f9<\/div>\n    <\/div>\n  <\/a>\n\n          <\/div>\n              <div class=\"swiper-slide post-slide\">\n                      <a href=\"https:\/\/www.polonia.travel\/it\/poznan\/\" class=\"post-box post-box--small\" style=\" background-image: url(https:\/\/www.polonia.travel\/it\/wp-content\/uploads\/sites\/20\/2024\/07\/GettyImages-845560082_poznan-600x401.jpg);\">\n          <div class=\"post-box__hover\" style=\"background-image: url(https:\/\/www.polonia.travel\/it\/wp-content\/uploads\/sites\/20\/2025\/01\/Capretti-Poznan-fot-Jakub-Pindych.jpg);\"><\/div>\n        <div class=\"post-box__info\">\n            <div class=\"post-box__title\">Pozna\u0144<\/div>\n      <div class=\"post-box__more\">Leggi di pi\u00f9<\/div>\n    <\/div>\n  <\/a>\n\n          <\/div>\n              <div class=\"swiper-slide post-slide\">\n                      <a href=\"https:\/\/www.polonia.travel\/it\/wroclaw-breslavia\/\" class=\"post-box post-box--small\" style=\" background-image: url(https:\/\/www.polonia.travel\/it\/wp-content\/uploads\/sites\/20\/2024\/07\/GettyImages-959289774_wroclaw_ostrow_tumski-600x400.jpg);\">\n          <div class=\"post-box__hover\" style=\"background-image: url(https:\/\/www.polonia.travel\/it\/wp-content\/uploads\/sites\/20\/2025\/01\/245373114_Wroclaw_ratusz_Adobe-2.jpg);\"><\/div>\n        <div class=\"post-box__info\">\n            <div class=\"post-box__title\">Breslavia<\/div>\n      <div class=\"post-box__more\">Leggi di pi\u00f9<\/div>\n    <\/div>\n  <\/a>\n\n          <\/div>\n              <div class=\"swiper-slide post-slide\">\n                      <a href=\"https:\/\/www.polonia.travel\/it\/torun\/\" class=\"post-box post-box--small\" style=\" background-image: url(https:\/\/www.polonia.travel\/it\/wp-content\/uploads\/sites\/20\/2024\/05\/605038_Torun-dom-Kopernika_HR-1-600x400.jpg);\">\n          <div class=\"post-box__hover\" style=\"background-image: url(https:\/\/www.polonia.travel\/it\/wp-content\/uploads\/sites\/20\/2022\/12\/torun_panorama_wisla_1170-600x400.jpg);\"><\/div>\n        <div class=\"post-box__info\">\n            <div class=\"post-box__title\">Toru\u0144<\/div>\n      <div class=\"post-box__more\">Leggi di pi\u00f9<\/div>\n    <\/div>\n  <\/a>\n\n          <\/div>\n              <div class=\"swiper-slide post-slide\">\n                      <a href=\"https:\/\/www.polonia.travel\/it\/cracovia\/\" class=\"post-box post-box--small\" style=\" background-image: url(https:\/\/www.polonia.travel\/it\/wp-content\/uploads\/sites\/20\/2024\/07\/GettyImages-816871864_krakow-600x400.jpg);\">\n          <div class=\"post-box__hover\" style=\"background-image: url(https:\/\/www.polonia.travel\/it\/wp-content\/uploads\/sites\/20\/2024\/07\/AdobeStock_574882100_Krakow-600x449.jpeg);\"><\/div>\n        <div class=\"post-box__info\">\n            <div class=\"post-box__title\">Cracovia<\/div>\n      <div class=\"post-box__more\">Leggi di pi\u00f9<\/div>\n    <\/div>\n  <\/a>\n\n          <\/div>\n              <div class=\"swiper-slide post-slide\">\n                      <a href=\"https:\/\/www.polonia.travel\/it\/varsavia-capitale-della-polonia\/\" class=\"post-box post-box--small\" style=\" background-image: url(https:\/\/www.polonia.travel\/it\/wp-content\/uploads\/sites\/20\/2024\/07\/GettyImages-1166316683_Warszawa-600x400.jpg);\">\n          <div class=\"post-box__hover\" style=\"background-image: url(https:\/\/www.polonia.travel\/it\/wp-content\/uploads\/sites\/20\/2022\/12\/warszawa_lazienki_krolewskie_wiosna_1170-1-600x400.jpeg);\"><\/div>\n        <div class=\"post-box__info\">\n            <div class=\"post-box__title\">Varsavia<\/div>\n      <div class=\"post-box__more\">Leggi di pi\u00f9<\/div>\n    <\/div>\n  <\/a>\n\n          <\/div>\n          <\/div>\n    <div class=\"post-slider__pagination\"><\/div>\n  <\/div>\n<\/div>\n<\/div><\/div>\n\n\n\n<div style=\"height:100px\" aria-hidden=\"true\" class=\"wp-block-spacer is-style-spacer-small\"><\/div>\n<\/div><\/div>\n","protected":false},"excerpt":{"rendered":"<p>Il fascino di Kielce I resti fossili di coralli, spugne e conchiglie che si possono trovare nelle grotte della zona sono la testimonianza che, milioni di anni fa, dove ora serge il capoluogo della regione della Santacroce c\u2019era un mare abitato da varie forme di vita. Ma quali altre attrazioni attendono i turisti? La citt\u00e0 [&hellip;]<\/p>\n","protected":false},"author":1,"featured_media":21131,"comment_status":"open","ping_status":"open","sticky":false,"template":"","format":"standard","meta":{"_acf_changed":false,"footnotes":""},"categories":[1037],"class_list":["post-31296","post","type-post","status-publish","format-standard","has-post-thumbnail","hentry","category-citta"],"acf":[],"yoast_head":"<!-- This site is optimized with the Yoast SEO plugin v27.4 - https:\/\/yoast.com\/product\/yoast-seo-wordpress\/ -->\n<title>Kielce - Polonia Travel (IT)<\/title>\n<meta name=\"robots\" content=\"index, follow, max-snippet:-1, max-image-preview:large, max-video-preview:-1\" \/>\n<link rel=\"canonical\" href=\"https:\/\/www.polonia.travel\/it\/kielce\/\" \/>\n<meta property=\"og:locale\" content=\"pl_PL\" \/>\n<meta property=\"og:type\" content=\"article\" \/>\n<meta property=\"og:title\" content=\"Kielce - Polonia Travel (IT)\" \/>\n<meta property=\"og:description\" content=\"Il fascino di Kielce I resti fossili di coralli, spugne e conchiglie che si possono trovare nelle grotte della zona sono la testimonianza che, milioni di anni fa, dove ora serge il capoluogo della regione della Santacroce c\u2019era un mare abitato da varie forme di vita. Ma quali altre attrazioni attendono i turisti? La citt\u00e0 [&hellip;]\" \/>\n<meta property=\"og:url\" content=\"https:\/\/www.polonia.travel\/it\/kielce\/\" \/>\n<meta property=\"og:site_name\" content=\"Polonia Travel (IT)\" \/>\n<meta property=\"article:published_time\" content=\"2024-07-16T13:32:34+00:00\" \/>\n<meta property=\"article:modified_time\" content=\"2025-08-13T14:33:23+00:00\" \/>\n<meta property=\"og:image\" content=\"https:\/\/www.polonia.travel\/it\/wp-content\/uploads\/sites\/20\/2023\/02\/kielce-19202.jpg\" \/>\n\t<meta property=\"og:image:width\" content=\"1920\" \/>\n\t<meta property=\"og:image:height\" content=\"474\" \/>\n\t<meta property=\"og:image:type\" content=\"image\/jpeg\" \/>\n<meta name=\"twitter:card\" content=\"summary_large_image\" \/>\n<meta name=\"twitter:label1\" content=\"Napisane przez\" \/>\n\t<meta name=\"twitter:data1\" content=\"\" \/>\n\t<meta name=\"twitter:label2\" content=\"Szacowany czas czytania\" \/>\n\t<meta name=\"twitter:data2\" content=\"8 minut\" \/>\n<script type=\"application\/ld+json\" class=\"yoast-schema-graph\">{\"@context\":\"https:\\\/\\\/schema.org\",\"@graph\":[{\"@type\":\"Article\",\"@id\":\"https:\\\/\\\/www.polonia.travel\\\/it\\\/kielce\\\/#article\",\"isPartOf\":{\"@id\":\"https:\\\/\\\/www.polonia.travel\\\/it\\\/kielce\\\/\"},\"author\":{\"name\":\"\",\"@id\":\"\"},\"headline\":\"Kielce\",\"datePublished\":\"2024-07-16T13:32:34+00:00\",\"dateModified\":\"2025-08-13T14:33:23+00:00\",\"mainEntityOfPage\":{\"@id\":\"https:\\\/\\\/www.polonia.travel\\\/it\\\/kielce\\\/\"},\"wordCount\":1220,\"commentCount\":8,\"publisher\":{\"@id\":\"https:\\\/\\\/www.polonia.travel\\\/it\\\/#organization\"},\"image\":{\"@id\":\"https:\\\/\\\/www.polonia.travel\\\/it\\\/kielce\\\/#primaryimage\"},\"thumbnailUrl\":\"https:\\\/\\\/www.polonia.travel\\\/it\\\/wp-content\\\/uploads\\\/sites\\\/20\\\/2023\\\/02\\\/kielce-19202.jpg\",\"keywords\":[\"it\",\"citta\"],\"articleSection\":[\"Citt\u00e0\"],\"inLanguage\":\"pl-PL\"},{\"@type\":\"WebPage\",\"@id\":\"https:\\\/\\\/www.polonia.travel\\\/it\\\/kielce\\\/\",\"url\":\"https:\\\/\\\/www.polonia.travel\\\/it\\\/kielce\\\/\",\"name\":\"Kielce - Polonia Travel (IT)\",\"isPartOf\":{\"@id\":\"https:\\\/\\\/www.polonia.travel\\\/it\\\/#website\"},\"primaryImageOfPage\":{\"@id\":\"https:\\\/\\\/www.polonia.travel\\\/it\\\/kielce\\\/#primaryimage\"},\"image\":{\"@id\":\"https:\\\/\\\/www.polonia.travel\\\/it\\\/kielce\\\/#primaryimage\"},\"thumbnailUrl\":\"https:\\\/\\\/www.polonia.travel\\\/it\\\/wp-content\\\/uploads\\\/sites\\\/20\\\/2023\\\/02\\\/kielce-19202.jpg\",\"datePublished\":\"2024-07-16T13:32:34+00:00\",\"dateModified\":\"2025-08-13T14:33:23+00:00\",\"breadcrumb\":{\"@id\":\"https:\\\/\\\/www.polonia.travel\\\/it\\\/kielce\\\/#breadcrumb\"},\"inLanguage\":\"pl-PL\",\"potentialAction\":[{\"@type\":\"ReadAction\",\"target\":[\"https:\\\/\\\/www.polonia.travel\\\/it\\\/kielce\\\/\"]}]},{\"@type\":\"ImageObject\",\"inLanguage\":\"pl-PL\",\"@id\":\"https:\\\/\\\/www.polonia.travel\\\/it\\\/kielce\\\/#primaryimage\",\"url\":\"https:\\\/\\\/www.polonia.travel\\\/it\\\/wp-content\\\/uploads\\\/sites\\\/20\\\/2023\\\/02\\\/kielce-19202.jpg\",\"contentUrl\":\"https:\\\/\\\/www.polonia.travel\\\/it\\\/wp-content\\\/uploads\\\/sites\\\/20\\\/2023\\\/02\\\/kielce-19202.jpg\",\"width\":1920,\"height\":474},{\"@type\":\"BreadcrumbList\",\"@id\":\"https:\\\/\\\/www.polonia.travel\\\/it\\\/kielce\\\/#breadcrumb\",\"itemListElement\":[{\"@type\":\"ListItem\",\"position\":1,\"name\":\"Home page\",\"item\":\"https:\\\/\\\/www.polonia.travel\\\/it\\\/\"},{\"@type\":\"ListItem\",\"position\":2,\"name\":\"Scopri i luoghi\",\"item\":\"https:\\\/\\\/www.polonia.travel\\\/it\\\/category\\\/scopri-i-luoghi\\\/\"},{\"@type\":\"ListItem\",\"position\":3,\"name\":\"Citt\u00e0\",\"item\":\"https:\\\/\\\/www.polonia.travel\\\/it\\\/category\\\/scopri-i-luoghi\\\/citta\\\/\"},{\"@type\":\"ListItem\",\"position\":4,\"name\":\"Kielce\"}]},{\"@type\":\"WebSite\",\"@id\":\"https:\\\/\\\/www.polonia.travel\\\/it\\\/#website\",\"url\":\"https:\\\/\\\/www.polonia.travel\\\/it\\\/\",\"name\":\"Polonia Travel (IT)\",\"description\":\"...\",\"publisher\":{\"@id\":\"https:\\\/\\\/www.polonia.travel\\\/it\\\/#organization\"},\"potentialAction\":[{\"@type\":\"SearchAction\",\"target\":{\"@type\":\"EntryPoint\",\"urlTemplate\":\"https:\\\/\\\/www.polonia.travel\\\/it\\\/?s={search_term_string}\"},\"query-input\":{\"@type\":\"PropertyValueSpecification\",\"valueRequired\":true,\"valueName\":\"search_term_string\"}}],\"inLanguage\":\"pl-PL\"},{\"@type\":\"Organization\",\"@id\":\"https:\\\/\\\/www.polonia.travel\\\/it\\\/#organization\",\"name\":\"Polonia Travel (IT)\",\"url\":\"https:\\\/\\\/www.polonia.travel\\\/it\\\/\",\"logo\":{\"@type\":\"ImageObject\",\"inLanguage\":\"pl-PL\",\"@id\":\"https:\\\/\\\/www.polonia.travel\\\/it\\\/#\\\/schema\\\/logo\\\/image\\\/\",\"url\":\"\",\"contentUrl\":\"\",\"caption\":\"Polonia Travel (IT)\"},\"image\":{\"@id\":\"https:\\\/\\\/www.polonia.travel\\\/it\\\/#\\\/schema\\\/logo\\\/image\\\/\"}},{\"@type\":\"Person\",\"@id\":\"\"}]}<\/script>\n<!-- \/ Yoast SEO plugin. -->","yoast_head_json":{"title":"Kielce - Polonia Travel (IT)","robots":{"index":"index","follow":"follow","max-snippet":"max-snippet:-1","max-image-preview":"max-image-preview:large","max-video-preview":"max-video-preview:-1"},"canonical":"https:\/\/www.polonia.travel\/it\/kielce\/","og_locale":"pl_PL","og_type":"article","og_title":"Kielce - Polonia Travel (IT)","og_description":"Il fascino di Kielce I resti fossili di coralli, spugne e conchiglie che si possono trovare nelle grotte della zona sono la testimonianza che, milioni di anni fa, dove ora serge il capoluogo della regione della Santacroce c\u2019era un mare abitato da varie forme di vita. Ma quali altre attrazioni attendono i turisti? La citt\u00e0 [&hellip;]","og_url":"https:\/\/www.polonia.travel\/it\/kielce\/","og_site_name":"Polonia Travel (IT)","article_published_time":"2024-07-16T13:32:34+00:00","article_modified_time":"2025-08-13T14:33:23+00:00","og_image":[{"width":1920,"height":474,"url":"https:\/\/www.polonia.travel\/it\/wp-content\/uploads\/sites\/20\/2023\/02\/kielce-19202.jpg","type":"image\/jpeg"}],"twitter_card":"summary_large_image","twitter_misc":{"Napisane przez":"","Szacowany czas czytania":"8 minut"},"schema":{"@context":"https:\/\/schema.org","@graph":[{"@type":"Article","@id":"https:\/\/www.polonia.travel\/it\/kielce\/#article","isPartOf":{"@id":"https:\/\/www.polonia.travel\/it\/kielce\/"},"author":{"name":"","@id":""},"headline":"Kielce","datePublished":"2024-07-16T13:32:34+00:00","dateModified":"2025-08-13T14:33:23+00:00","mainEntityOfPage":{"@id":"https:\/\/www.polonia.travel\/it\/kielce\/"},"wordCount":1220,"commentCount":8,"publisher":{"@id":"https:\/\/www.polonia.travel\/it\/#organization"},"image":{"@id":"https:\/\/www.polonia.travel\/it\/kielce\/#primaryimage"},"thumbnailUrl":"https:\/\/www.polonia.travel\/it\/wp-content\/uploads\/sites\/20\/2023\/02\/kielce-19202.jpg","keywords":["it","citta"],"articleSection":["Citt\u00e0"],"inLanguage":"pl-PL"},{"@type":"WebPage","@id":"https:\/\/www.polonia.travel\/it\/kielce\/","url":"https:\/\/www.polonia.travel\/it\/kielce\/","name":"Kielce - Polonia Travel (IT)","isPartOf":{"@id":"https:\/\/www.polonia.travel\/it\/#website"},"primaryImageOfPage":{"@id":"https:\/\/www.polonia.travel\/it\/kielce\/#primaryimage"},"image":{"@id":"https:\/\/www.polonia.travel\/it\/kielce\/#primaryimage"},"thumbnailUrl":"https:\/\/www.polonia.travel\/it\/wp-content\/uploads\/sites\/20\/2023\/02\/kielce-19202.jpg","datePublished":"2024-07-16T13:32:34+00:00","dateModified":"2025-08-13T14:33:23+00:00","breadcrumb":{"@id":"https:\/\/www.polonia.travel\/it\/kielce\/#breadcrumb"},"inLanguage":"pl-PL","potentialAction":[{"@type":"ReadAction","target":["https:\/\/www.polonia.travel\/it\/kielce\/"]}]},{"@type":"ImageObject","inLanguage":"pl-PL","@id":"https:\/\/www.polonia.travel\/it\/kielce\/#primaryimage","url":"https:\/\/www.polonia.travel\/it\/wp-content\/uploads\/sites\/20\/2023\/02\/kielce-19202.jpg","contentUrl":"https:\/\/www.polonia.travel\/it\/wp-content\/uploads\/sites\/20\/2023\/02\/kielce-19202.jpg","width":1920,"height":474},{"@type":"BreadcrumbList","@id":"https:\/\/www.polonia.travel\/it\/kielce\/#breadcrumb","itemListElement":[{"@type":"ListItem","position":1,"name":"Home page","item":"https:\/\/www.polonia.travel\/it\/"},{"@type":"ListItem","position":2,"name":"Scopri i luoghi","item":"https:\/\/www.polonia.travel\/it\/category\/scopri-i-luoghi\/"},{"@type":"ListItem","position":3,"name":"Citt\u00e0","item":"https:\/\/www.polonia.travel\/it\/category\/scopri-i-luoghi\/citta\/"},{"@type":"ListItem","position":4,"name":"Kielce"}]},{"@type":"WebSite","@id":"https:\/\/www.polonia.travel\/it\/#website","url":"https:\/\/www.polonia.travel\/it\/","name":"Polonia Travel (IT)","description":"...","publisher":{"@id":"https:\/\/www.polonia.travel\/it\/#organization"},"potentialAction":[{"@type":"SearchAction","target":{"@type":"EntryPoint","urlTemplate":"https:\/\/www.polonia.travel\/it\/?s={search_term_string}"},"query-input":{"@type":"PropertyValueSpecification","valueRequired":true,"valueName":"search_term_string"}}],"inLanguage":"pl-PL"},{"@type":"Organization","@id":"https:\/\/www.polonia.travel\/it\/#organization","name":"Polonia Travel (IT)","url":"https:\/\/www.polonia.travel\/it\/","logo":{"@type":"ImageObject","inLanguage":"pl-PL","@id":"https:\/\/www.polonia.travel\/it\/#\/schema\/logo\/image\/","url":"","contentUrl":"","caption":"Polonia Travel (IT)"},"image":{"@id":"https:\/\/www.polonia.travel\/it\/#\/schema\/logo\/image\/"}},{"@type":"Person","@id":""}]}},"_links":{"self":[{"href":"https:\/\/www.polonia.travel\/it\/wp-json\/wp\/v2\/posts\/31296","targetHints":{"allow":["GET"]}}],"collection":[{"href":"https:\/\/www.polonia.travel\/it\/wp-json\/wp\/v2\/posts"}],"about":[{"href":"https:\/\/www.polonia.travel\/it\/wp-json\/wp\/v2\/types\/post"}],"author":[{"embeddable":true,"href":"https:\/\/www.polonia.travel\/it\/wp-json\/wp\/v2\/users\/1"}],"replies":[{"embeddable":true,"href":"https:\/\/www.polonia.travel\/it\/wp-json\/wp\/v2\/comments?post=31296"}],"version-history":[{"count":11,"href":"https:\/\/www.polonia.travel\/it\/wp-json\/wp\/v2\/posts\/31296\/revisions"}],"predecessor-version":[{"id":42226,"href":"https:\/\/www.polonia.travel\/it\/wp-json\/wp\/v2\/posts\/31296\/revisions\/42226"}],"wp:featuredmedia":[{"embeddable":true,"href":"https:\/\/www.polonia.travel\/it\/wp-json\/wp\/v2\/media\/21131"}],"wp:attachment":[{"href":"https:\/\/www.polonia.travel\/it\/wp-json\/wp\/v2\/media?parent=31296"}],"wp:term":[{"taxonomy":"category","embeddable":true,"href":"https:\/\/www.polonia.travel\/it\/wp-json\/wp\/v2\/categories?post=31296"}],"curies":[{"name":"wp","href":"https:\/\/api.w.org\/{rel}","templated":true}]}}