{"id":31292,"date":"2024-07-16T14:17:00","date_gmt":"2024-07-16T12:17:00","guid":{"rendered":"https:\/\/www.polonia.travel\/it\/?p=31292"},"modified":"2025-08-12T11:23:49","modified_gmt":"2025-08-12T09:23:49","slug":"danzica","status":"publish","type":"post","link":"https:\/\/www.polonia.travel\/it\/danzica\/","title":{"rendered":"Danzica"},"content":{"rendered":"\n<p><\/p>\n\n\n\n<div class=\"wp-block-group is-style-container\"><div class=\"wp-block-group__inner-container is-layout-constrained wp-block-group-is-layout-constrained\">\n<!-- empty -->\n\n\n<div class=\"metrics\">\n  <div class=\"metrics__text\">\n    <h1 class=\"is-style-heading-38 mb20 large-mb30\">Danzica<\/h1>\n    <p>Capoluogo della regione Pomerania, che insieme a Gdynia e Sopot forma la <em>Tr\u00f3jmiasto<\/em> (Tripla Citt\u00e0), unendo una ricca storia a una moderna attrattiva, citt\u00e0 portuale situata sul Golfo di Danzica.<\/p>\n  <\/div>\n  <div class=\"metrics__sidebar\">\n    <div class=\"metrics-box\">\n              <div class=\"metrics-box__title\">Informazioni di base<\/div>\n        <div class=\"metrics-box__values\">\n                                        <div class=\"metrics-box__item\">\n      <div class=\"metrics-box__label\">Superficie <\/div>\n      <div class=\"metrics-box__value\">262 km\u00b2<\/div>\n    <\/div>\n                                <div class=\"metrics-box__item\">\n      <div class=\"metrics-box__label\">Abitanti<\/div>\n      <div class=\"metrics-box__value\">582 205 (2017)<\/div>\n    <\/div>\n                                <\/div>\n                    <div class=\"metrics-box__links\">\n                      <a href=\"https:\/\/www.gdansk.pl\/en\/\" class=\"metrics-box__link external\"\n                                  target=\"_blank\" rel=\"nofollow noopener noreferrer\"\n                            >www<\/a>\n                  <\/div>\n          <\/div>\n  <\/div>\n<\/div>\n<\/div><\/div>\n\n\n\n<div class=\"wp-block-group is-style-container-medium\"><div class=\"wp-block-group__inner-container is-layout-constrained wp-block-group-is-layout-constrained\">\n<p><strong>Danzica \u2013 La citt\u00e0 della libert\u00e0 e della solidariet\u00e0<\/strong><\/p>\n\n\n\n<p>Una citt\u00e0 con oltre mille anni di tradizione, capitale marittima della Polonia e uno dei pi\u00f9 grandi porti sul <strong>Mar Baltico<\/strong>. \u00c8 una metropoli unica, da sempre pervasa dallo spirito di libert\u00e0 e coraggio. La sentenza latina&nbsp;<em>&#8222;Nec temere, nec timide&#8221;<\/em>&nbsp;\u2013 motto della Citt\u00e0 di Nettuno \u2013 esprime al meglio il carattere di questa ex citt\u00e0 anseatica. Uno slogan senza tempo che ognuno di noi dovrebbe seguire: con coraggio, ma con prudenza.<\/p>\n\n\n\n<p><strong>Citt\u00e0 libera<\/strong><\/p>\n\n\n\n<p>Tre croci alte 42 metri con ancore \u2013 il Monumento agli Operai dei Cantieri Navali Caduti nel 1970, situato in Piazza Solidarno\u015b\u0107 \u2013 si trova accanto al<strong> Centro Europeo di Solidarno\u015b\u0107<\/strong>, un museo interattivo che racconta le aspirazioni di libert\u00e0 del popolo polacco. \u00c8 una narrazione della lotta contro il regime comunista, della speranza e del sacrificio dei popoli imprigionati dietro la Cortina di Ferro. \u00c8, infine, la storia di una straordinaria vittoria, che ha cambiato il destino della Polonia e del mondo intero. Proprio qui, nei Cantieri Navali di Danzica, nell\u2019agosto del 1980, ebbe inizio il celebre sciopero che infiamm\u00f2 tutta la Polonia, costringendo il regime della PRL a fare importanti concessioni, tra cui la legalizzazione del sindacato indipendente NSZZ Solidarno\u015b\u0107. I cittadini di Danzica sono sempre stati coraggiosi, fieri della propria citt\u00e0 e amanti dell\u2019indipendenza.<\/p>\n\n\n\n<p>Il <strong>Museo della Seconda Guerra Mondiale<\/strong>, che si \u00e8 recentemente aggiunto alla gi\u00e0 ricca offerta educativa e turistica di Danzica, ospita una delle esposizioni pi\u00f9 grandi al mondo dedicate a questo sanguinoso conflitto. L\u2019esposizione principale, situata 14 metri sotto terra, racconta, tra l\u2019altro, le vicende degli eroi di Westerplatte e dell\u2019Ufficio Postale Polacco di Danzica, che furono tra i primi a resistere eroicamente all\u2019invasione nazista. Il museo presenta questa terribile guerra dalla prospettiva di molte nazioni e diverse regioni del mondo.<\/p>\n\n\n\n<p><strong>La Via Reale<\/strong><\/p>\n\n\n\n<p>La meta pi\u00f9 importante per i turisti provenienti dalla Polonia e da tutto il mondo \u00e8 la&nbsp;<strong>Citt\u00e0 Principale<\/strong>, la parte storica pi\u00f9 conosciuta di Danzica. Una folla multilingue ammira la vista iconica sulla Mot\u0142awa, dove attraccano battelli turistici circondati da pittoresche case a schiera lungo la riva e sull\u2019isola ricostruita di Spichrz\u00f3w. \u00c8 qui che i visitatori restano affascinati da uno dei simboli di Danzica \u2013 la&nbsp;<strong>gru portuale \u017buraw<\/strong>, la pi\u00f9 grande gru medievale d\u2019Europa, oggi parte del museo marittimo.<\/p>\n\n\n\n<p>Chi attraversa la&nbsp;<strong>Porta Verde<\/strong>, in stile manierista olandese, accede a&nbsp;<strong>D\u0142ugi Targ (il Lungo Mercato)<\/strong>&nbsp;e pu\u00f2 ammirare il&nbsp;<strong>Percorso Reale<\/strong>, costituito da decine di edifici meticolosamente ricostruiti dopo la guerra. A sovrastare il tutto si erge maestosa la torre del&nbsp;<strong>Municipio Principale<\/strong>, che continua a suscitare ammirazione. Nelle vicinanze troviamo la&nbsp;<strong>Fontana di Nettuno<\/strong>, la&nbsp;<strong>Casa d\u2019Oro<\/strong>&nbsp;e la&nbsp;<strong>Corte di Art\u00f9<\/strong>. Quest\u2019ultima \u00e8 un luogo suggestivo, con volte a stella e a palma, affreschi e statue, dove fu servita la prima birra di Danzica, si tenevano balli in maschera, sedevano confraternite, si svolgevano processi e si ricevevano monarchi.<\/p>\n\n\n\n<p>La Corte di Art\u00f9 \u00e8 parte integrante della gi\u00e0 menzionata&nbsp;<strong>Via Reale<\/strong>. Il percorso iniziava dalla&nbsp;<strong>Porta Alta<\/strong>&nbsp;e dalla&nbsp;<strong>Porta d\u2019Oro<\/strong>, attraverso cui i cortei facevano il loro ingresso trionfale in citt\u00e0. Si proseguiva lungo&nbsp;<strong>ulica D\u0142uga (la Via Lunga)<\/strong>fino al&nbsp;<strong>Lungo Mercato<\/strong>. Oggi tutto questo tratto \u00e8 una splendida, colorata e vivace passeggiata pedonale.<\/p>\n\n\n\n<p>I piani terra delle case della Via Reale ospitano locali affascinanti. Un esempio di gotico baltico in mattoni \u00e8 invece la&nbsp;<strong>Basilica Concattedrale dell\u2019Assunzione della Beata Vergine Maria<\/strong>, con il suo imponente campanile. All\u2019interno si trovano, tra gli altri, la scultura gotica della&nbsp;<strong>Bella Madonna di Danzica<\/strong>, una&nbsp;<strong>Piet\u00e0<\/strong>&nbsp;e il maestoso&nbsp;<strong>Altare dell\u2019Incoronazione di Maria<\/strong>, alto cinque metri. Dal terrazzo in cima alla torre di 82 metri, con il bel tempo, si pu\u00f2 godere di una vista magnifica.<\/p>\n\n\n\n<p>Caratteristici del centro storico di Danzica sono anche i&nbsp;<strong>przedpro\u017ca<\/strong>, piccoli terrazzi rialzati con scalinate e accesso alle cantine. Davanti a essi si trovano numerose&nbsp;<strong>bancarelle di souvenir<\/strong>, in particolare oggetti in&nbsp;<strong>ambra<\/strong>, vero tesoro della citt\u00e0. Passeggiando nella Citt\u00e0 Principale, vale anche la pena visitare il&nbsp;<strong>Museo dell\u2019Ambra<\/strong>&nbsp;e l\u2019unico nel suo genere in Polonia, il&nbsp;<strong>Teatro Shakespeariano di Danzica<\/strong>, con tetto apribile e il suo celebre&nbsp;<strong>Festival shakespeariano<\/strong>.<\/p>\n<\/div><\/div>\n\n\n\n<div style=\"height:100px\" aria-hidden=\"true\" class=\"wp-block-spacer is-style-spacer-small\"><\/div>\n\n\n\n<div class=\"wp-block-group is-style-container\"><div class=\"wp-block-group__inner-container is-layout-constrained wp-block-group-is-layout-constrained\">  <div class=\"gallery-tiles gallery-tiles--rows-2-3 lightgallery\">\r\n          <a href=\"https:\/\/www.polonia.travel\/it\/wp-content\/uploads\/sites\/20\/2024\/05\/GDANSK204-3.jpg\" class=\"gallery-tiles__item\" data-src=\"https:\/\/www.polonia.travel\/it\/wp-content\/uploads\/sites\/20\/2024\/05\/GDANSK204-3.jpg\"\r\n        aria-label=\"Otw\u00f3rz powi\u0119kszone zdj\u0119cie: Cityscape of Gdansk in Poland\">\r\n        <img loading=\"lazy\" decoding=\"async\" width=\"800\" height=\"533\" src=\"https:\/\/www.polonia.travel\/it\/wp-content\/uploads\/sites\/20\/2024\/05\/GDANSK204-3.jpg\" class=\"gallery-tiles__thumb\" alt=\"\" srcset=\"https:\/\/www.polonia.travel\/it\/wp-content\/uploads\/sites\/20\/2024\/05\/GDANSK204-3.jpg 800w, https:\/\/www.polonia.travel\/it\/wp-content\/uploads\/sites\/20\/2024\/05\/GDANSK204-3-600x400.jpg 600w, https:\/\/www.polonia.travel\/it\/wp-content\/uploads\/sites\/20\/2024\/05\/GDANSK204-3-768x512.jpg 768w\" sizes=\"auto, (max-width: 800px) 100vw, 800px\" \/>      <\/a>\r\n          <a href=\"https:\/\/www.polonia.travel\/it\/wp-content\/uploads\/sites\/20\/2024\/05\/Danzica20copia-min-37.jpg\" class=\"gallery-tiles__item\" data-src=\"https:\/\/www.polonia.travel\/it\/wp-content\/uploads\/sites\/20\/2024\/05\/Danzica20copia-min-37.jpg\"\r\n        aria-label=\"Otw\u00f3rz powi\u0119kszone zdj\u0119cie: Danzica20copia-min-37\">\r\n        <img loading=\"lazy\" decoding=\"async\" width=\"540\" height=\"360\" src=\"https:\/\/www.polonia.travel\/it\/wp-content\/uploads\/sites\/20\/2024\/05\/Danzica20copia-min-37.jpg\" class=\"gallery-tiles__thumb\" alt=\"\" \/>      <\/a>\r\n          <a href=\"https:\/\/www.polonia.travel\/it\/wp-content\/uploads\/sites\/20\/2024\/05\/AdobeStock_80783816_Gdansk_Centrum_Solidarnosci-1.jpeg\" class=\"gallery-tiles__item\" data-src=\"https:\/\/www.polonia.travel\/it\/wp-content\/uploads\/sites\/20\/2024\/05\/AdobeStock_80783816_Gdansk_Centrum_Solidarnosci-1.jpeg\"\r\n        aria-label=\"Otw\u00f3rz powi\u0119kszone zdj\u0119cie: AdobeStock_80783816_Gdansk_Centrum_Solidarnosci-1\">\r\n        <img loading=\"lazy\" decoding=\"async\" width=\"1200\" height=\"800\" src=\"https:\/\/www.polonia.travel\/it\/wp-content\/uploads\/sites\/20\/2024\/05\/AdobeStock_80783816_Gdansk_Centrum_Solidarnosci-1-1200x800.jpeg\" class=\"gallery-tiles__thumb\" alt=\"\" srcset=\"https:\/\/www.polonia.travel\/it\/wp-content\/uploads\/sites\/20\/2024\/05\/AdobeStock_80783816_Gdansk_Centrum_Solidarnosci-1-1200x800.jpeg 1200w, https:\/\/www.polonia.travel\/it\/wp-content\/uploads\/sites\/20\/2024\/05\/AdobeStock_80783816_Gdansk_Centrum_Solidarnosci-1-600x400.jpeg 600w, https:\/\/www.polonia.travel\/it\/wp-content\/uploads\/sites\/20\/2024\/05\/AdobeStock_80783816_Gdansk_Centrum_Solidarnosci-1-768x512.jpeg 768w, https:\/\/www.polonia.travel\/it\/wp-content\/uploads\/sites\/20\/2024\/05\/AdobeStock_80783816_Gdansk_Centrum_Solidarnosci-1.jpeg 1536w\" sizes=\"auto, (max-width: 1200px) 100vw, 1200px\" \/>      <\/a>\r\n          <a href=\"https:\/\/www.polonia.travel\/it\/wp-content\/uploads\/sites\/20\/2025\/02\/Trojmiasto_-Gdansk-Muzeum-Bursztynu.jpg\" class=\"gallery-tiles__item\" data-src=\"https:\/\/www.polonia.travel\/it\/wp-content\/uploads\/sites\/20\/2025\/02\/Trojmiasto_-Gdansk-Muzeum-Bursztynu.jpg\"\r\n        aria-label=\"Otw\u00f3rz powi\u0119kszone zdj\u0119cie: Tr\u00f3jmiasto_ Gda\u0144sk Muzeum Bursztynu\">\r\n        <img loading=\"lazy\" decoding=\"async\" width=\"1200\" height=\"692\" src=\"https:\/\/www.polonia.travel\/it\/wp-content\/uploads\/sites\/20\/2025\/02\/Trojmiasto_-Gdansk-Muzeum-Bursztynu.jpg\" class=\"gallery-tiles__thumb\" alt=\"\" \/>      <\/a>\r\n      <\/div>\r\n<\/div><\/div>\n\n\n\n<div style=\"height:100px\" aria-hidden=\"true\" class=\"wp-block-spacer is-style-spacer-small\"><\/div>\n\n\n\n<div class=\"wp-block-group is-style-container-medium\"><div class=\"wp-block-group__inner-container is-layout-constrained wp-block-group-is-layout-constrained\">\n<p><strong>Danzica \u00e8 molto pi\u00f9 della Citt\u00e0 Vecchia e della Citt\u00e0 Principale<\/strong><\/p>\n\n\n\n<p>Ben&nbsp;<strong>7876 canne<\/strong>&nbsp;e numerosi elementi mobili compongono i famosi organi rococ\u00f2 dell\u2019<strong>Arcicattedrale di Oliwa<\/strong>, quartiere di Danzica. Una visita a questa chiesa straordinaria pu\u00f2 essere abbinata a un momento di relax nello splendido&nbsp;<strong>Parco di Oliwa<\/strong>, pieno di stagni pittoreschi, aiuole fiorite e viali alberati. Il parco \u00e8 attraversato dal&nbsp;<strong>Torrente di Oliwa<\/strong>, che in un punto forma anche una cascata.<\/p>\n\n\n\n<p>Vale la pena spingersi un po\u2019 pi\u00f9 lontano fino all\u2019<strong>Isola di Sobieszewo<\/strong>. Gli amanti del birdwatching dovrebbero visitare le&nbsp;<strong>riserve naturali <em>Ptasi Raj<\/em> e <\/strong><em><strong>Mewia \u0141acha<\/strong>,<\/em> entrambe situate sull\u2019isola.<\/p>\n\n\n\n<p>Non possiamo dimenticare uno dei principali punti di forza di Danzica: le&nbsp;<strong>spiagge ampie, sabbiose e pulite<\/strong>, lungo le quali si snodano moderne piste ciclabili. Relax garantito sulle spiagge di&nbsp;<strong><em>Sobieszewo, Jelitkowo, Stogi<\/em><\/strong>&nbsp;e&nbsp;<strong><em>Brze\u017ano<\/em><\/strong>, tutte servite da numerosi hotel, ristoranti e locali con musica dal vivo.<\/p>\n\n\n\n<p>Le famiglie con bambini si divertiranno e impareranno molto all\u2019<strong>Hevelianum<\/strong>, un centro scientifico e culturale che svela curiosit\u00e0 storiche e scientifiche. Situato sulla&nbsp;<strong>Collina di Gradowa<\/strong>, dalla quale si gode una splendida vista panoramica sulla citt\u00e0, il centro educativo \u2013 pienamente accessibile \u2013 utilizza gli spazi del vecchio&nbsp;<strong>Forte di Gradowa<\/strong>&nbsp;ed \u00e8 circondato da un parco di 20 ettari.<\/p>\n\n\n\n<p>Se invece siete appassionati di calcio, non potete perdervi lo&nbsp;<strong>Stadio ENERGA Gda\u0144sk<\/strong>, una struttura unica a forma di&nbsp;<strong>ambra<\/strong>, costruita in vista degli&nbsp;<strong>Europei UEFA 2012<\/strong>. Pu\u00f2 accogliere&nbsp;<strong>41.000 spettatori<\/strong>&nbsp;e nel&nbsp;<strong>2020<\/strong>&nbsp;ha ospitato la finale di&nbsp;<strong>Europa League<\/strong>. Al suo interno si trova anche il centro ricreativo&nbsp;<strong>Fun Arena<\/strong>, perfetto per il divertimento di tutte le et\u00e0!<\/p>\n\n\n\n<p><\/p>\n<\/div><\/div>\n\n\n\n<div class=\"wp-block-group has-background\" style=\"background-color:#eeeeee\"><div class=\"wp-block-group__inner-container is-layout-constrained wp-block-group-is-layout-constrained\">\n<div style=\"height:100px\" aria-hidden=\"true\" class=\"wp-block-spacer is-style-spacer-small\"><\/div>\n\n\n\n<div class=\"wp-block-group is-style-container\"><div class=\"wp-block-group__inner-container is-layout-constrained wp-block-group-is-layout-constrained\">\n<h3 class=\"wp-block-heading\">Scopri di pi\u00f9<\/h3>\n\n\n\n<div style=\"height:100px\" aria-hidden=\"true\" class=\"wp-block-spacer is-style-spacer-small\"><\/div>\n\n\n<div class=\"overflow\">\n  <div class=\"post-slider swiper post-slider--small\" data-schema=\"small\">\n\n    <div class=\"swiper-wrapper\">\n              <div class=\"swiper-slide post-slide\">\n                      <a href=\"https:\/\/www.polonia.travel\/it\/stettino\/\" class=\"post-box post-box--small\" style=\" background-image: url(https:\/\/www.polonia.travel\/it\/wp-content\/uploads\/sites\/20\/2024\/11\/AdobeStock_132580111_Szczecin-600x260.jpeg);\">\n          <div class=\"post-box__hover\" style=\"background-image: url(https:\/\/www.polonia.travel\/it\/wp-content\/uploads\/sites\/20\/2024\/05\/16xZP_Szczecin-1-600x367.jpg);\"><\/div>\n        <div class=\"post-box__info\">\n            <div class=\"post-box__title\">Stettino<\/div>\n      <div class=\"post-box__more\">Leggi di pi\u00f9<\/div>\n    <\/div>\n  <\/a>\n\n          <\/div>\n              <div class=\"swiper-slide post-slide\">\n                      <a href=\"https:\/\/www.polonia.travel\/it\/gorzow-wielkopolski\/\" class=\"post-box post-box--small\" style=\" background-image: url(https:\/\/www.polonia.travel\/it\/wp-content\/uploads\/sites\/20\/2023\/02\/Trakt-krolewski-ulic-600x400.jpg);\">\n          <div class=\"post-box__hover\" style=\"background-image: url(https:\/\/www.polonia.travel\/it\/wp-content\/uploads\/sites\/20\/2022\/12\/gorzow_wlk_stakada_kolejowa_1170-1-600x400.jpg);\"><\/div>\n        <div class=\"post-box__info\">\n            <div class=\"post-box__title\">Gorz\u00f3w Wielkopolski<\/div>\n      <div class=\"post-box__more\">Leggi di pi\u00f9<\/div>\n    <\/div>\n  <\/a>\n\n          <\/div>\n              <div class=\"swiper-slide post-slide\">\n                      <a href=\"https:\/\/www.polonia.travel\/it\/zielona-gora\/\" class=\"post-box post-box--small\" style=\" background-image: url(https:\/\/www.polonia.travel\/it\/wp-content\/uploads\/sites\/20\/2024\/07\/AdobeStock_264486646_zielona_gora-600x400.jpeg);\">\n          <div class=\"post-box__hover\" style=\"background-image: url(https:\/\/www.polonia.travel\/it\/wp-content\/uploads\/sites\/20\/2024\/07\/AdobeStock_289584512_stara_winnica_zielona_gora-600x399.jpeg);\"><\/div>\n        <div class=\"post-box__info\">\n            <div class=\"post-box__title\">Zielona G\u00f3ra<\/div>\n      <div class=\"post-box__more\">Leggi di pi\u00f9<\/div>\n    <\/div>\n  <\/a>\n\n          <\/div>\n              <div class=\"swiper-slide post-slide\">\n                      <a href=\"https:\/\/www.polonia.travel\/it\/rzeszow\/\" class=\"post-box post-box--small\" style=\" background-image: url(https:\/\/www.polonia.travel\/it\/wp-content\/uploads\/sites\/20\/2024\/07\/Rzeszow_002-600x400.jpg);\">\n          <div class=\"post-box__hover\" style=\"background-image: url(https:\/\/www.polonia.travel\/it\/wp-content\/uploads\/sites\/20\/2024\/07\/AdobeStock_509486826_Rzeszow-600x400.jpeg);\"><\/div>\n        <div class=\"post-box__info\">\n            <div class=\"post-box__title\">Rzesz\u00f3w<\/div>\n      <div class=\"post-box__more\">Leggi di pi\u00f9<\/div>\n    <\/div>\n  <\/a>\n\n          <\/div>\n              <div class=\"swiper-slide post-slide\">\n                      <a href=\"https:\/\/www.polonia.travel\/it\/opole\/\" class=\"post-box post-box--small\" style=\" background-image: url(https:\/\/www.polonia.travel\/it\/wp-content\/uploads\/sites\/20\/2024\/07\/AdobeStock_122179190_Opole-600x400.jpeg);\">\n          <div class=\"post-box__hover\" style=\"background-image: url(https:\/\/www.polonia.travel\/it\/wp-content\/uploads\/sites\/20\/2023\/02\/6940_Opole_MG-xl-600x400.jpg);\"><\/div>\n        <div class=\"post-box__info\">\n            <div class=\"post-box__title\">Opole<\/div>\n      <div class=\"post-box__more\">Leggi di pi\u00f9<\/div>\n    <\/div>\n  <\/a>\n\n          <\/div>\n              <div class=\"swiper-slide post-slide\">\n                      <a href=\"https:\/\/www.polonia.travel\/it\/katowice\/\" class=\"post-box post-box--small\" style=\" background-image: url(https:\/\/www.polonia.travel\/it\/wp-content\/uploads\/sites\/20\/2024\/07\/AdobeStock_517082133_katowice_nikiszowiec-600x400.jpeg);\">\n          <div class=\"post-box__hover\" style=\"background-image: url(https:\/\/www.polonia.travel\/it\/wp-content\/uploads\/sites\/20\/2024\/07\/226185431_Katowice_Strefa_Kultury-600x450.jpg);\"><\/div>\n        <div class=\"post-box__info\">\n            <div class=\"post-box__title\">Katowice<\/div>\n      <div class=\"post-box__more\">Leggi di pi\u00f9<\/div>\n    <\/div>\n  <\/a>\n\n          <\/div>\n              <div class=\"swiper-slide post-slide\">\n                      <a href=\"https:\/\/www.polonia.travel\/it\/kielce\/\" class=\"post-box post-box--small\" style=\" background-image: url(https:\/\/www.polonia.travel\/it\/wp-content\/uploads\/sites\/20\/2023\/07\/Kielce3_Fot_Slawek_Rakowski-600x450.jpg);\">\n          <div class=\"post-box__hover\" style=\"background-image: url(https:\/\/www.polonia.travel\/it\/wp-content\/uploads\/sites\/20\/2023\/07\/Kielce4_Fot_Slawek_Rakowski-600x450.jpg);\"><\/div>\n        <div class=\"post-box__info\">\n            <div class=\"post-box__title\">Kielce<\/div>\n      <div class=\"post-box__more\">Leggi di pi\u00f9<\/div>\n    <\/div>\n  <\/a>\n\n          <\/div>\n              <div class=\"swiper-slide post-slide\">\n                      <a href=\"https:\/\/www.polonia.travel\/it\/olsztyn\/\" class=\"post-box post-box--small\" style=\" background-image: url(https:\/\/www.polonia.travel\/it\/wp-content\/uploads\/sites\/20\/2022\/12\/olsztyn_panorama_1170-1-600x400.jpg);\">\n          <div class=\"post-box__hover\" style=\"background-image: url(https:\/\/www.polonia.travel\/it\/wp-content\/uploads\/sites\/20\/2023\/02\/olsztyn_panorama_3_1170-e1676903814149-600x346.jpg);\"><\/div>\n        <div class=\"post-box__info\">\n            <div class=\"post-box__title\">Olsztyn<\/div>\n      <div class=\"post-box__more\">Leggi di pi\u00f9<\/div>\n    <\/div>\n  <\/a>\n\n          <\/div>\n              <div class=\"swiper-slide post-slide\">\n                      <a href=\"https:\/\/www.polonia.travel\/it\/bialystok-podlaskie\/\" class=\"post-box post-box--small\" style=\" background-image: url(https:\/\/www.polonia.travel\/it\/wp-content\/uploads\/sites\/20\/2022\/12\/bialystok_palac_branickich_2_1170-1-600x400.jpg);\">\n          <div class=\"post-box__hover\" style=\"background-image: url(https:\/\/www.polonia.travel\/it\/wp-content\/uploads\/sites\/20\/2024\/07\/POT_Wybrane-022_Bialystok-600x449.jpg);\"><\/div>\n        <div class=\"post-box__info\">\n            <div class=\"post-box__title\">Bia\u0142ystok<\/div>\n      <div class=\"post-box__more\">Leggi di pi\u00f9<\/div>\n    <\/div>\n  <\/a>\n\n          <\/div>\n              <div class=\"swiper-slide post-slide\">\n                      <a href=\"https:\/\/www.polonia.travel\/it\/bydgoszcz\/\" class=\"post-box post-box--small\" style=\" background-image: url(https:\/\/www.polonia.travel\/it\/wp-content\/uploads\/sites\/20\/2024\/07\/AdobeStock_529436426_Bydgoszcz-600x449.jpeg);\">\n          <div class=\"post-box__hover\" style=\"background-image: url(https:\/\/www.polonia.travel\/it\/wp-content\/uploads\/sites\/20\/2024\/05\/Bydgoszcz1170-10-600x400.jpg);\"><\/div>\n        <div class=\"post-box__info\">\n            <div class=\"post-box__title\">Bydgoszcz<\/div>\n      <div class=\"post-box__more\">Leggi di pi\u00f9<\/div>\n    <\/div>\n  <\/a>\n\n          <\/div>\n              <div class=\"swiper-slide post-slide\">\n                      <a href=\"https:\/\/www.polonia.travel\/it\/danzica\/\" class=\"post-box post-box--small\" style=\" background-image: url(https:\/\/www.polonia.travel\/it\/wp-content\/uploads\/sites\/20\/2024\/05\/Danzica-6.jpg);\">\n          <div class=\"post-box__hover\" style=\"background-image: url(https:\/\/www.polonia.travel\/it\/wp-content\/uploads\/sites\/20\/2024\/05\/Danzica20copia-min-37.jpg);\"><\/div>\n        <div class=\"post-box__info\">\n            <div class=\"post-box__title\">Danzica<\/div>\n      <div class=\"post-box__more\">Leggi di pi\u00f9<\/div>\n    <\/div>\n  <\/a>\n\n          <\/div>\n              <div class=\"swiper-slide post-slide\">\n                      <a href=\"https:\/\/www.polonia.travel\/it\/lublino\/\" class=\"post-box post-box--small\" style=\" background-image: url(https:\/\/www.polonia.travel\/it\/wp-content\/uploads\/sites\/20\/2024\/05\/14_Lublin__cebularze_KD_HR-1-600x450.jpg);\">\n          <div class=\"post-box__hover\" style=\"background-image: url(https:\/\/www.polonia.travel\/it\/wp-content\/uploads\/sites\/20\/2024\/05\/LUBLINO-1-600x400.jpg);\"><\/div>\n        <div class=\"post-box__info\">\n            <div class=\"post-box__title\">Lublino<\/div>\n      <div class=\"post-box__more\">Leggi di pi\u00f9<\/div>\n    <\/div>\n  <\/a>\n\n          <\/div>\n              <div class=\"swiper-slide post-slide\">\n                      <a href=\"https:\/\/www.polonia.travel\/it\/lodz\/\" class=\"post-box post-box--small\" style=\" background-image: url(https:\/\/www.polonia.travel\/it\/wp-content\/uploads\/sites\/20\/2024\/07\/Lodz_Manufaktura-weaving-mill-view-600x337.jpg);\">\n          <div class=\"post-box__hover\" style=\"background-image: url(https:\/\/www.polonia.travel\/it\/wp-content\/uploads\/sites\/20\/2024\/05\/LODZ_1-1-600x400.jpg);\"><\/div>\n        <div class=\"post-box__info\">\n            <div class=\"post-box__title\">\u0141\u00f3d\u017a<\/div>\n      <div class=\"post-box__more\">Leggi di pi\u00f9<\/div>\n    <\/div>\n  <\/a>\n\n          <\/div>\n              <div class=\"swiper-slide post-slide\">\n                      <a href=\"https:\/\/www.polonia.travel\/it\/poznan\/\" class=\"post-box post-box--small\" style=\" background-image: url(https:\/\/www.polonia.travel\/it\/wp-content\/uploads\/sites\/20\/2024\/07\/GettyImages-845560082_poznan-600x401.jpg);\">\n          <div class=\"post-box__hover\" style=\"background-image: url(https:\/\/www.polonia.travel\/it\/wp-content\/uploads\/sites\/20\/2025\/01\/Capretti-Poznan-fot-Jakub-Pindych.jpg);\"><\/div>\n        <div class=\"post-box__info\">\n            <div class=\"post-box__title\">Pozna\u0144<\/div>\n      <div class=\"post-box__more\">Leggi di pi\u00f9<\/div>\n    <\/div>\n  <\/a>\n\n          <\/div>\n              <div class=\"swiper-slide post-slide\">\n                      <a href=\"https:\/\/www.polonia.travel\/it\/wroclaw-breslavia\/\" class=\"post-box post-box--small\" style=\" background-image: url(https:\/\/www.polonia.travel\/it\/wp-content\/uploads\/sites\/20\/2024\/07\/GettyImages-959289774_wroclaw_ostrow_tumski-600x400.jpg);\">\n          <div class=\"post-box__hover\" style=\"background-image: url(https:\/\/www.polonia.travel\/it\/wp-content\/uploads\/sites\/20\/2025\/01\/245373114_Wroclaw_ratusz_Adobe-2.jpg);\"><\/div>\n        <div class=\"post-box__info\">\n            <div class=\"post-box__title\">Breslavia<\/div>\n      <div class=\"post-box__more\">Leggi di pi\u00f9<\/div>\n    <\/div>\n  <\/a>\n\n          <\/div>\n              <div class=\"swiper-slide post-slide\">\n                      <a href=\"https:\/\/www.polonia.travel\/it\/torun\/\" class=\"post-box post-box--small\" style=\" background-image: url(https:\/\/www.polonia.travel\/it\/wp-content\/uploads\/sites\/20\/2024\/05\/605038_Torun-dom-Kopernika_HR-1-600x400.jpg);\">\n          <div class=\"post-box__hover\" style=\"background-image: url(https:\/\/www.polonia.travel\/it\/wp-content\/uploads\/sites\/20\/2022\/12\/torun_panorama_wisla_1170-600x400.jpg);\"><\/div>\n        <div class=\"post-box__info\">\n            <div class=\"post-box__title\">Toru\u0144<\/div>\n      <div class=\"post-box__more\">Leggi di pi\u00f9<\/div>\n    <\/div>\n  <\/a>\n\n          <\/div>\n              <div class=\"swiper-slide post-slide\">\n                      <a href=\"https:\/\/www.polonia.travel\/it\/cracovia\/\" class=\"post-box post-box--small\" style=\" background-image: url(https:\/\/www.polonia.travel\/it\/wp-content\/uploads\/sites\/20\/2024\/07\/GettyImages-816871864_krakow-600x400.jpg);\">\n          <div class=\"post-box__hover\" style=\"background-image: url(https:\/\/www.polonia.travel\/it\/wp-content\/uploads\/sites\/20\/2024\/07\/AdobeStock_574882100_Krakow-600x449.jpeg);\"><\/div>\n        <div class=\"post-box__info\">\n            <div class=\"post-box__title\">Cracovia<\/div>\n      <div class=\"post-box__more\">Leggi di pi\u00f9<\/div>\n    <\/div>\n  <\/a>\n\n          <\/div>\n              <div class=\"swiper-slide post-slide\">\n                      <a href=\"https:\/\/www.polonia.travel\/it\/varsavia-capitale-della-polonia\/\" class=\"post-box post-box--small\" style=\" background-image: url(https:\/\/www.polonia.travel\/it\/wp-content\/uploads\/sites\/20\/2024\/07\/GettyImages-1166316683_Warszawa-600x400.jpg);\">\n          <div class=\"post-box__hover\" style=\"background-image: url(https:\/\/www.polonia.travel\/it\/wp-content\/uploads\/sites\/20\/2022\/12\/warszawa_lazienki_krolewskie_wiosna_1170-1-600x400.jpeg);\"><\/div>\n        <div class=\"post-box__info\">\n            <div class=\"post-box__title\">Varsavia<\/div>\n      <div class=\"post-box__more\">Leggi di pi\u00f9<\/div>\n    <\/div>\n  <\/a>\n\n          <\/div>\n          <\/div>\n    <div class=\"post-slider__pagination\"><\/div>\n  <\/div>\n<\/div>\n<\/div><\/div>\n\n\n\n<div style=\"height:100px\" aria-hidden=\"true\" class=\"wp-block-spacer is-style-spacer-small\"><\/div>\n<\/div><\/div>\n","protected":false},"excerpt":{"rendered":"<p>Danzica \u2013 La citt\u00e0 della libert\u00e0 e della solidariet\u00e0 Una citt\u00e0 con oltre mille anni di tradizione, capitale marittima della Polonia e uno dei pi\u00f9 grandi porti sul Mar Baltico. \u00c8 una metropoli unica, da sempre pervasa dallo spirito di libert\u00e0 e coraggio. La sentenza latina&nbsp;&#8222;Nec temere, nec timide&#8221;&nbsp;\u2013 motto della Citt\u00e0 di Nettuno \u2013 [&hellip;]<\/p>\n","protected":false},"author":1,"featured_media":33308,"comment_status":"open","ping_status":"open","sticky":false,"template":"","format":"standard","meta":{"_acf_changed":false,"footnotes":""},"categories":[1037],"class_list":["post-31292","post","type-post","status-publish","format-standard","has-post-thumbnail","hentry","category-citta"],"acf":[],"yoast_head":"<!-- This site is optimized with the Yoast SEO plugin v27.4 - https:\/\/yoast.com\/product\/yoast-seo-wordpress\/ -->\n<title>Danzica - Polonia Travel (IT)<\/title>\n<meta name=\"robots\" content=\"index, follow, max-snippet:-1, max-image-preview:large, max-video-preview:-1\" \/>\n<link rel=\"canonical\" href=\"https:\/\/www.polonia.travel\/it\/danzica\/\" \/>\n<meta property=\"og:locale\" content=\"pl_PL\" \/>\n<meta property=\"og:type\" content=\"article\" \/>\n<meta property=\"og:title\" content=\"Danzica - Polonia Travel (IT)\" \/>\n<meta property=\"og:description\" content=\"Danzica \u2013 La citt\u00e0 della libert\u00e0 e della solidariet\u00e0 Una citt\u00e0 con oltre mille anni di tradizione, capitale marittima della Polonia e uno dei pi\u00f9 grandi porti sul Mar Baltico. \u00c8 una metropoli unica, da sempre pervasa dallo spirito di libert\u00e0 e coraggio. La sentenza latina&nbsp;&#8222;Nec temere, nec timide&#8221;&nbsp;\u2013 motto della Citt\u00e0 di Nettuno \u2013 [&hellip;]\" \/>\n<meta property=\"og:url\" content=\"https:\/\/www.polonia.travel\/it\/danzica\/\" \/>\n<meta property=\"og:site_name\" content=\"Polonia Travel (IT)\" \/>\n<meta property=\"article:published_time\" content=\"2024-07-16T12:17:00+00:00\" \/>\n<meta property=\"article:modified_time\" content=\"2025-08-12T09:23:49+00:00\" \/>\n<meta property=\"og:image\" content=\"https:\/\/www.polonia.travel\/it\/wp-content\/uploads\/sites\/20\/2024\/05\/Danzica.jpeg\" \/>\n\t<meta property=\"og:image:width\" content=\"800\" \/>\n\t<meta property=\"og:image:height\" content=\"533\" \/>\n\t<meta property=\"og:image:type\" content=\"image\/jpeg\" \/>\n<meta name=\"twitter:card\" content=\"summary_large_image\" \/>\n<meta name=\"twitter:label1\" content=\"Napisane przez\" \/>\n\t<meta name=\"twitter:data1\" content=\"\" \/>\n\t<meta name=\"twitter:label2\" content=\"Szacowany czas czytania\" \/>\n\t<meta name=\"twitter:data2\" content=\"6 minut\" \/>\n<script type=\"application\/ld+json\" class=\"yoast-schema-graph\">{\"@context\":\"https:\\\/\\\/schema.org\",\"@graph\":[{\"@type\":\"Article\",\"@id\":\"https:\\\/\\\/www.polonia.travel\\\/it\\\/danzica\\\/#article\",\"isPartOf\":{\"@id\":\"https:\\\/\\\/www.polonia.travel\\\/it\\\/danzica\\\/\"},\"author\":{\"name\":\"\",\"@id\":\"\"},\"headline\":\"Danzica\",\"datePublished\":\"2024-07-16T12:17:00+00:00\",\"dateModified\":\"2025-08-12T09:23:49+00:00\",\"mainEntityOfPage\":{\"@id\":\"https:\\\/\\\/www.polonia.travel\\\/it\\\/danzica\\\/\"},\"wordCount\":1015,\"commentCount\":8,\"publisher\":{\"@id\":\"https:\\\/\\\/www.polonia.travel\\\/it\\\/#organization\"},\"image\":{\"@id\":\"https:\\\/\\\/www.polonia.travel\\\/it\\\/danzica\\\/#primaryimage\"},\"thumbnailUrl\":\"https:\\\/\\\/www.polonia.travel\\\/it\\\/wp-content\\\/uploads\\\/sites\\\/20\\\/2024\\\/05\\\/Danzica.jpeg\",\"keywords\":[\"it\",\"citta\"],\"articleSection\":[\"Citt\u00e0\"],\"inLanguage\":\"pl-PL\"},{\"@type\":\"WebPage\",\"@id\":\"https:\\\/\\\/www.polonia.travel\\\/it\\\/danzica\\\/\",\"url\":\"https:\\\/\\\/www.polonia.travel\\\/it\\\/danzica\\\/\",\"name\":\"Danzica - Polonia Travel (IT)\",\"isPartOf\":{\"@id\":\"https:\\\/\\\/www.polonia.travel\\\/it\\\/#website\"},\"primaryImageOfPage\":{\"@id\":\"https:\\\/\\\/www.polonia.travel\\\/it\\\/danzica\\\/#primaryimage\"},\"image\":{\"@id\":\"https:\\\/\\\/www.polonia.travel\\\/it\\\/danzica\\\/#primaryimage\"},\"thumbnailUrl\":\"https:\\\/\\\/www.polonia.travel\\\/it\\\/wp-content\\\/uploads\\\/sites\\\/20\\\/2024\\\/05\\\/Danzica.jpeg\",\"datePublished\":\"2024-07-16T12:17:00+00:00\",\"dateModified\":\"2025-08-12T09:23:49+00:00\",\"breadcrumb\":{\"@id\":\"https:\\\/\\\/www.polonia.travel\\\/it\\\/danzica\\\/#breadcrumb\"},\"inLanguage\":\"pl-PL\",\"potentialAction\":[{\"@type\":\"ReadAction\",\"target\":[\"https:\\\/\\\/www.polonia.travel\\\/it\\\/danzica\\\/\"]}]},{\"@type\":\"ImageObject\",\"inLanguage\":\"pl-PL\",\"@id\":\"https:\\\/\\\/www.polonia.travel\\\/it\\\/danzica\\\/#primaryimage\",\"url\":\"https:\\\/\\\/www.polonia.travel\\\/it\\\/wp-content\\\/uploads\\\/sites\\\/20\\\/2024\\\/05\\\/Danzica.jpeg\",\"contentUrl\":\"https:\\\/\\\/www.polonia.travel\\\/it\\\/wp-content\\\/uploads\\\/sites\\\/20\\\/2024\\\/05\\\/Danzica.jpeg\",\"width\":800,\"height\":533},{\"@type\":\"BreadcrumbList\",\"@id\":\"https:\\\/\\\/www.polonia.travel\\\/it\\\/danzica\\\/#breadcrumb\",\"itemListElement\":[{\"@type\":\"ListItem\",\"position\":1,\"name\":\"Home page\",\"item\":\"https:\\\/\\\/www.polonia.travel\\\/it\\\/\"},{\"@type\":\"ListItem\",\"position\":2,\"name\":\"Scopri i luoghi\",\"item\":\"https:\\\/\\\/www.polonia.travel\\\/it\\\/category\\\/scopri-i-luoghi\\\/\"},{\"@type\":\"ListItem\",\"position\":3,\"name\":\"Citt\u00e0\",\"item\":\"https:\\\/\\\/www.polonia.travel\\\/it\\\/category\\\/scopri-i-luoghi\\\/citta\\\/\"},{\"@type\":\"ListItem\",\"position\":4,\"name\":\"Danzica\"}]},{\"@type\":\"WebSite\",\"@id\":\"https:\\\/\\\/www.polonia.travel\\\/it\\\/#website\",\"url\":\"https:\\\/\\\/www.polonia.travel\\\/it\\\/\",\"name\":\"Polonia Travel (IT)\",\"description\":\"...\",\"publisher\":{\"@id\":\"https:\\\/\\\/www.polonia.travel\\\/it\\\/#organization\"},\"potentialAction\":[{\"@type\":\"SearchAction\",\"target\":{\"@type\":\"EntryPoint\",\"urlTemplate\":\"https:\\\/\\\/www.polonia.travel\\\/it\\\/?s={search_term_string}\"},\"query-input\":{\"@type\":\"PropertyValueSpecification\",\"valueRequired\":true,\"valueName\":\"search_term_string\"}}],\"inLanguage\":\"pl-PL\"},{\"@type\":\"Organization\",\"@id\":\"https:\\\/\\\/www.polonia.travel\\\/it\\\/#organization\",\"name\":\"Polonia Travel (IT)\",\"url\":\"https:\\\/\\\/www.polonia.travel\\\/it\\\/\",\"logo\":{\"@type\":\"ImageObject\",\"inLanguage\":\"pl-PL\",\"@id\":\"https:\\\/\\\/www.polonia.travel\\\/it\\\/#\\\/schema\\\/logo\\\/image\\\/\",\"url\":\"\",\"contentUrl\":\"\",\"caption\":\"Polonia Travel (IT)\"},\"image\":{\"@id\":\"https:\\\/\\\/www.polonia.travel\\\/it\\\/#\\\/schema\\\/logo\\\/image\\\/\"}},{\"@type\":\"Person\",\"@id\":\"\"}]}<\/script>\n<!-- \/ Yoast SEO plugin. -->","yoast_head_json":{"title":"Danzica - Polonia Travel (IT)","robots":{"index":"index","follow":"follow","max-snippet":"max-snippet:-1","max-image-preview":"max-image-preview:large","max-video-preview":"max-video-preview:-1"},"canonical":"https:\/\/www.polonia.travel\/it\/danzica\/","og_locale":"pl_PL","og_type":"article","og_title":"Danzica - Polonia Travel (IT)","og_description":"Danzica \u2013 La citt\u00e0 della libert\u00e0 e della solidariet\u00e0 Una citt\u00e0 con oltre mille anni di tradizione, capitale marittima della Polonia e uno dei pi\u00f9 grandi porti sul Mar Baltico. \u00c8 una metropoli unica, da sempre pervasa dallo spirito di libert\u00e0 e coraggio. La sentenza latina&nbsp;&#8222;Nec temere, nec timide&#8221;&nbsp;\u2013 motto della Citt\u00e0 di Nettuno \u2013 [&hellip;]","og_url":"https:\/\/www.polonia.travel\/it\/danzica\/","og_site_name":"Polonia Travel (IT)","article_published_time":"2024-07-16T12:17:00+00:00","article_modified_time":"2025-08-12T09:23:49+00:00","og_image":[{"width":800,"height":533,"url":"https:\/\/www.polonia.travel\/it\/wp-content\/uploads\/sites\/20\/2024\/05\/Danzica.jpeg","type":"image\/jpeg"}],"twitter_card":"summary_large_image","twitter_misc":{"Napisane przez":"","Szacowany czas czytania":"6 minut"},"schema":{"@context":"https:\/\/schema.org","@graph":[{"@type":"Article","@id":"https:\/\/www.polonia.travel\/it\/danzica\/#article","isPartOf":{"@id":"https:\/\/www.polonia.travel\/it\/danzica\/"},"author":{"name":"","@id":""},"headline":"Danzica","datePublished":"2024-07-16T12:17:00+00:00","dateModified":"2025-08-12T09:23:49+00:00","mainEntityOfPage":{"@id":"https:\/\/www.polonia.travel\/it\/danzica\/"},"wordCount":1015,"commentCount":8,"publisher":{"@id":"https:\/\/www.polonia.travel\/it\/#organization"},"image":{"@id":"https:\/\/www.polonia.travel\/it\/danzica\/#primaryimage"},"thumbnailUrl":"https:\/\/www.polonia.travel\/it\/wp-content\/uploads\/sites\/20\/2024\/05\/Danzica.jpeg","keywords":["it","citta"],"articleSection":["Citt\u00e0"],"inLanguage":"pl-PL"},{"@type":"WebPage","@id":"https:\/\/www.polonia.travel\/it\/danzica\/","url":"https:\/\/www.polonia.travel\/it\/danzica\/","name":"Danzica - Polonia Travel (IT)","isPartOf":{"@id":"https:\/\/www.polonia.travel\/it\/#website"},"primaryImageOfPage":{"@id":"https:\/\/www.polonia.travel\/it\/danzica\/#primaryimage"},"image":{"@id":"https:\/\/www.polonia.travel\/it\/danzica\/#primaryimage"},"thumbnailUrl":"https:\/\/www.polonia.travel\/it\/wp-content\/uploads\/sites\/20\/2024\/05\/Danzica.jpeg","datePublished":"2024-07-16T12:17:00+00:00","dateModified":"2025-08-12T09:23:49+00:00","breadcrumb":{"@id":"https:\/\/www.polonia.travel\/it\/danzica\/#breadcrumb"},"inLanguage":"pl-PL","potentialAction":[{"@type":"ReadAction","target":["https:\/\/www.polonia.travel\/it\/danzica\/"]}]},{"@type":"ImageObject","inLanguage":"pl-PL","@id":"https:\/\/www.polonia.travel\/it\/danzica\/#primaryimage","url":"https:\/\/www.polonia.travel\/it\/wp-content\/uploads\/sites\/20\/2024\/05\/Danzica.jpeg","contentUrl":"https:\/\/www.polonia.travel\/it\/wp-content\/uploads\/sites\/20\/2024\/05\/Danzica.jpeg","width":800,"height":533},{"@type":"BreadcrumbList","@id":"https:\/\/www.polonia.travel\/it\/danzica\/#breadcrumb","itemListElement":[{"@type":"ListItem","position":1,"name":"Home page","item":"https:\/\/www.polonia.travel\/it\/"},{"@type":"ListItem","position":2,"name":"Scopri i luoghi","item":"https:\/\/www.polonia.travel\/it\/category\/scopri-i-luoghi\/"},{"@type":"ListItem","position":3,"name":"Citt\u00e0","item":"https:\/\/www.polonia.travel\/it\/category\/scopri-i-luoghi\/citta\/"},{"@type":"ListItem","position":4,"name":"Danzica"}]},{"@type":"WebSite","@id":"https:\/\/www.polonia.travel\/it\/#website","url":"https:\/\/www.polonia.travel\/it\/","name":"Polonia Travel (IT)","description":"...","publisher":{"@id":"https:\/\/www.polonia.travel\/it\/#organization"},"potentialAction":[{"@type":"SearchAction","target":{"@type":"EntryPoint","urlTemplate":"https:\/\/www.polonia.travel\/it\/?s={search_term_string}"},"query-input":{"@type":"PropertyValueSpecification","valueRequired":true,"valueName":"search_term_string"}}],"inLanguage":"pl-PL"},{"@type":"Organization","@id":"https:\/\/www.polonia.travel\/it\/#organization","name":"Polonia Travel (IT)","url":"https:\/\/www.polonia.travel\/it\/","logo":{"@type":"ImageObject","inLanguage":"pl-PL","@id":"https:\/\/www.polonia.travel\/it\/#\/schema\/logo\/image\/","url":"","contentUrl":"","caption":"Polonia Travel (IT)"},"image":{"@id":"https:\/\/www.polonia.travel\/it\/#\/schema\/logo\/image\/"}},{"@type":"Person","@id":""}]}},"_links":{"self":[{"href":"https:\/\/www.polonia.travel\/it\/wp-json\/wp\/v2\/posts\/31292","targetHints":{"allow":["GET"]}}],"collection":[{"href":"https:\/\/www.polonia.travel\/it\/wp-json\/wp\/v2\/posts"}],"about":[{"href":"https:\/\/www.polonia.travel\/it\/wp-json\/wp\/v2\/types\/post"}],"author":[{"embeddable":true,"href":"https:\/\/www.polonia.travel\/it\/wp-json\/wp\/v2\/users\/1"}],"replies":[{"embeddable":true,"href":"https:\/\/www.polonia.travel\/it\/wp-json\/wp\/v2\/comments?post=31292"}],"version-history":[{"count":10,"href":"https:\/\/www.polonia.travel\/it\/wp-json\/wp\/v2\/posts\/31292\/revisions"}],"predecessor-version":[{"id":42098,"href":"https:\/\/www.polonia.travel\/it\/wp-json\/wp\/v2\/posts\/31292\/revisions\/42098"}],"wp:featuredmedia":[{"embeddable":true,"href":"https:\/\/www.polonia.travel\/it\/wp-json\/wp\/v2\/media\/33308"}],"wp:attachment":[{"href":"https:\/\/www.polonia.travel\/it\/wp-json\/wp\/v2\/media?parent=31292"}],"wp:term":[{"taxonomy":"category","embeddable":true,"href":"https:\/\/www.polonia.travel\/it\/wp-json\/wp\/v2\/categories?post=31292"}],"curies":[{"name":"wp","href":"https:\/\/api.w.org\/{rel}","templated":true}]}}