{"id":31290,"date":"2024-07-16T13:25:27","date_gmt":"2024-07-16T11:25:27","guid":{"rendered":"https:\/\/www.polonia.travel\/it\/?p=31290"},"modified":"2025-08-12T14:05:11","modified_gmt":"2025-08-12T12:05:11","slug":"lublino","status":"publish","type":"post","link":"https:\/\/www.polonia.travel\/it\/lublino\/","title":{"rendered":"Lublino"},"content":{"rendered":"\n<p><\/p>\n\n\n\n<div class=\"wp-block-group is-style-container\"><div class=\"wp-block-group__inner-container is-layout-constrained wp-block-group-is-layout-constrained\">\n<!-- empty -->\n\n\n<div class=\"metrics\">\n  <div class=\"metrics__text\">\n    <h1 class=\"is-style-heading-38 mb20 large-mb30\">Lublino<\/h1>\n    <p style=\"font-weight: 400\">Lublino \u00e8 una pittoresca citt\u00e0 situata nell\u2019est della <strong>Polonia<\/strong>, capoluogo della omonima regione. Di anno in anno, sta diventando una meta sempre pi\u00f9 scelta dai turisti, sia polacchi che stranieri. E non c\u2019\u00e8 da meravigliarsi: Lublino incanta con l\u2019atmosfera unica del suo centro storico, le specialit\u00e0 locali e una storia ricca e tangibile ad ogni passo. Il tutto accompagnato da una vivace offerta culturale, che ha contribuito all\u2019assegnazione a Lublino del titolo di <strong>Capitale Europea della Cultura 2029<\/strong>.<\/p>\n  <\/div>\n  <div class=\"metrics__sidebar\">\n    <div class=\"metrics-box\">\n              <div class=\"metrics-box__title\">Informazioni di base<\/div>\n        <div class=\"metrics-box__values\">\n                                        <div class=\"metrics-box__item\">\n      <div class=\"metrics-box__label\"> Superficie <\/div>\n      <div class=\"metrics-box__value\">147,45 km\u00b2 <\/div>\n    <\/div>\n                                <div class=\"metrics-box__item\">\n      <div class=\"metrics-box__label\">Abitanti<\/div>\n      <div class=\"metrics-box__value\">328 862 (2024)<\/div>\n    <\/div>\n                                <\/div>\n                    <div class=\"metrics-box__links\">\n                      <a href=\"www.lublininfo.com\/en\/ \" class=\"metrics-box__link external\"\n                                  target=\"_blank\" rel=\"nofollow noopener noreferrer\"\n                            >www<\/a>\n                  <\/div>\n          <\/div>\n  <\/div>\n<\/div>\n<\/div><\/div>\n\n\n\n<div class=\"wp-block-group is-style-container-medium\"><div class=\"wp-block-group__inner-container is-layout-constrained wp-block-group-is-layout-constrained\">\n<p><strong>La citt\u00e0 dell\u2018ispirazione<\/strong><\/p>\n\n\n\n<p>Lublino vanta oltre <strong>700 anni di storia<\/strong>. Grazie alla sua posizione su importanti rotte commerciali, \u00e8 diventata un crocevia tra cultura occidentale e orientale, luogo d\u2019incontro e d\u2019integrazione multiculturale, teatro di eventi storici fondamentali. Qui si pu\u00f2 camminare tra le strade dell\u2019ex quartiere ebraico, ormai scomparso, o visitare le mura del castello dove nel 1569 fu firmata <strong>l\u2019Unione di Lublino<\/strong>: l\u2019alleanza tra Polonia e Lituania che diede vita alla Confederazione polacco-lituana, uno dei pi\u00f9 grandi stati d\u2019Europa durante il Rinascimento. Lublino \u00e8 stata per secoli un simbolo di multiculturalismo, visibile oggi nei suoi edifici storici, nella cucina regionale e nei festival che celebrano la tradizione locale.<\/p>\n\n\n\n<p><strong>Cosa non pu\u00f2 mancare<\/strong><\/p>\n\n\n\n<p><strong>Il Castello di Lublino<\/strong> \u00e8 senza dubbio uno dei simboli della citt\u00e0. Un tempo utilizzato come prigione, oggi ospita il Museo Nazionale. Tra le sue attrazioni principali: una collezione di dipinti (tra cui opere di Tamara de Lempicka), arte popolare e reperti archeologici. Di particolare valore \u00e8 la <strong>Cappella della Santissima Trinit\u00e0<\/strong>, uno dei pi\u00f9 preziosi monumenti dell\u2019arte medievale in Polonia ed Europa, insignita del Marchio del Patrimonio Europeo. Sull\u2019ampio cortile si trova il donjon \u2013 una torre rotonda del XIII secolo, una delle costruzioni pi\u00f9 antiche della regione. Dalla sua cima si apre una vista mozzafiato sulla Citt\u00e0 Vecchia, accessibile da due porte storiche: la Porta di Cracovia (<em>Brama Krakowska<\/em>), sede del Museo della Storia di Lublino, e la Porta Grodzka (<em>Brama Grodzka<\/em>), oggi centro del teatro e archivio \u201cBrama Grodzka \u2013 Teatr NN\u201d, che ricorda la comunit\u00e0 ebraica lublinese sterminata durante la Seconda Guerra Mondiale.<\/p>\n\n\n\n<p>Il centro storico di Lublino conserva ancora l\u2019originale impianto urbanistico medievale e straordinari edifici rinascimentali. \u00c8 possibile esplorarne i segreti anche nei sotterranei, grazie al percorso \u201cLublin Sotterranea\u201d, che attraversa le antiche cantine dei mercanti. La \u201cCantina della Fortuna\u201d custodisce affreschi rinascimentali, mentre il Teatro Imaginarium, con le sue marionette in movimento e un\u2019atmosfera mistica, trasporta i visitatori nelle leggende della citt\u00e0.<\/p>\n\n\n\n<p><strong><strong>Oltre il centro storico<\/strong><\/strong><\/p>\n\n\n\n<p>Poco distante si trova <strong>Piazza Lituana<\/strong> \u2013 la piazza principale di Lublino \u2013 dove si pu\u00f2 assistere a spettacoli di luci e suoni presso la fontana multimediale o esplorare un portale interattivo che collega virtualmente a Vilnius, Dublino e Filadelfia. Interessante \u00e8 anche l\u2019antico birrificio Per\u0142a, situato nell\u2019ex monastero dei Padri Riformati, che tra il 1846 e il 2001 ha ospitato la produzione della birra. Oggi si possono visitare i sotterranei del birrificio.<\/p>\n\n\n\n<p>Da non perdere \u00e8 anche il <strong>Museo del Villaggio di Lublino<\/strong> \u2013 uno dei pi\u00f9 grandi e affascinanti musei all\u2019aperto della Polonia. Questo skansen trasporta i visitatori indietro nel tempo, alla scoperta della vita rurale e delle tradizioni contadine della regione. Un\u2019esperienza educativa e autentica, che aiuta a comprendere meglio le radici e la cultura della Polonia.<\/p>\n\n\n\n<p>Un luogo fondamentale per comprendere la storia del Novecento \u00e8 il<strong> Museo di Stato di Majdanek<\/strong>, che documenta l\u2019esistenza del campo di concentramento e commemora le vittime dell\u2019Olocausto.<\/p>\n<\/div><\/div>\n\n\n\n<div style=\"height:100px\" aria-hidden=\"true\" class=\"wp-block-spacer is-style-spacer-small\"><\/div>\n\n\n\n<div class=\"wp-block-group is-style-container\"><div class=\"wp-block-group__inner-container is-layout-constrained wp-block-group-is-layout-constrained\">  <div class=\"gallery-tiles gallery-tiles--rows-2-3 lightgallery\">\r\n          <a href=\"https:\/\/www.polonia.travel\/it\/wp-content\/uploads\/sites\/20\/2024\/05\/Lublin1170-18.jpg\" class=\"gallery-tiles__item\" data-src=\"https:\/\/www.polonia.travel\/it\/wp-content\/uploads\/sites\/20\/2024\/05\/Lublin1170-18.jpg\"\r\n        aria-label=\"Otw\u00f3rz powi\u0119kszone zdj\u0119cie: Lublin1170-18\">\r\n        <img loading=\"lazy\" decoding=\"async\" width=\"1170\" height=\"758\" src=\"https:\/\/www.polonia.travel\/it\/wp-content\/uploads\/sites\/20\/2024\/05\/Lublin1170-18.jpg\" class=\"gallery-tiles__thumb\" alt=\"\" srcset=\"https:\/\/www.polonia.travel\/it\/wp-content\/uploads\/sites\/20\/2024\/05\/Lublin1170-18.jpg 1170w, https:\/\/www.polonia.travel\/it\/wp-content\/uploads\/sites\/20\/2024\/05\/Lublin1170-18-600x389.jpg 600w, https:\/\/www.polonia.travel\/it\/wp-content\/uploads\/sites\/20\/2024\/05\/Lublin1170-18-768x498.jpg 768w\" sizes=\"auto, (max-width: 1170px) 100vw, 1170px\" \/>      <\/a>\r\n          <a href=\"https:\/\/www.polonia.travel\/it\/wp-content\/uploads\/sites\/20\/2024\/05\/Lublino.jpg\" class=\"gallery-tiles__item\" data-src=\"https:\/\/www.polonia.travel\/it\/wp-content\/uploads\/sites\/20\/2024\/05\/Lublino.jpg\"\r\n        aria-label=\"Otw\u00f3rz powi\u0119kszone zdj\u0119cie: Lublin Old Town in the autumn\">\r\n        <img loading=\"lazy\" decoding=\"async\" width=\"800\" height=\"533\" src=\"https:\/\/www.polonia.travel\/it\/wp-content\/uploads\/sites\/20\/2024\/05\/Lublino.jpg\" class=\"gallery-tiles__thumb\" alt=\"\" srcset=\"https:\/\/www.polonia.travel\/it\/wp-content\/uploads\/sites\/20\/2024\/05\/Lublino.jpg 800w, https:\/\/www.polonia.travel\/it\/wp-content\/uploads\/sites\/20\/2024\/05\/Lublino-600x400.jpg 600w, https:\/\/www.polonia.travel\/it\/wp-content\/uploads\/sites\/20\/2024\/05\/Lublino-768x512.jpg 768w\" sizes=\"auto, (max-width: 800px) 100vw, 800px\" \/>      <\/a>\r\n          <a href=\"https:\/\/www.polonia.travel\/it\/wp-content\/uploads\/sites\/20\/2024\/05\/lublino202.jpg\" class=\"gallery-tiles__item\" data-src=\"https:\/\/www.polonia.travel\/it\/wp-content\/uploads\/sites\/20\/2024\/05\/lublino202.jpg\"\r\n        aria-label=\"Otw\u00f3rz powi\u0119kszone zdj\u0119cie: Panorama of old town in City of Lublin, Poland\">\r\n        <img loading=\"lazy\" decoding=\"async\" width=\"800\" height=\"533\" src=\"https:\/\/www.polonia.travel\/it\/wp-content\/uploads\/sites\/20\/2024\/05\/lublino202.jpg\" class=\"gallery-tiles__thumb\" alt=\"\" srcset=\"https:\/\/www.polonia.travel\/it\/wp-content\/uploads\/sites\/20\/2024\/05\/lublino202.jpg 800w, https:\/\/www.polonia.travel\/it\/wp-content\/uploads\/sites\/20\/2024\/05\/lublino202-600x400.jpg 600w, https:\/\/www.polonia.travel\/it\/wp-content\/uploads\/sites\/20\/2024\/05\/lublino202-768x512.jpg 768w\" sizes=\"auto, (max-width: 800px) 100vw, 800px\" \/>      <\/a>\r\n      <\/div>\r\n<\/div><\/div>\n\n\n\n<div style=\"height:100px\" aria-hidden=\"true\" class=\"wp-block-spacer is-style-spacer-small\"><\/div>\n\n\n\n<div class=\"wp-block-group is-style-container-medium\"><div class=\"wp-block-group__inner-container is-layout-constrained wp-block-group-is-layout-constrained\">\n<p><strong><strong>Capitale Europea della Cultura 2029<\/strong><\/strong><\/p>\n\n\n\n<p>Lublino non \u00e8 solo storia e architettura, ma una citt\u00e0 viva e dinamica, soprattutto durante la stagione dei festival. La ricca offerta culturale \u00e8 uno dei motivi principali per cui la citt\u00e0 \u00e8 stata scelta come <strong>Capitale Europea della Cultura 2029<\/strong>.<\/p>\n\n\n\n<p>A giugno si svolge la Notte della Cultura, quando il centro storico si trasforma grazie a installazioni artistiche, concerti notturni, mostre e spettacoli. A luglio \u00e8 il turno del<strong> Carnevale dei Giocolieri <\/strong>(<em>Karnawal Sztukmistrz\u00f3w<\/em>) \u2013 un vero e proprio carnevale dell\u2019arte circense contemporanea, che riempie le strade di giocolieri, illusionisti e artisti di strada da tutto il mondo. Ad agosto il <strong>Lubliner Festival<\/strong> celebra la cultura ebraica, mentre il <strong>Festival Re:tradycja<\/strong> e la <strong>Fiera Jagellonica <\/strong>riportano la citt\u00e0 ai tempi del Rinascimento, con artigiani, musiche e sapori tradizionali.<\/p>\n\n\n\n<p>La cultura lublinese \u00e8 presente tutto l\u2019anno, grazie a istituzioni come il Centro per la Cultura e il Centro per l\u2019Incontro delle Culture. Lublino \u00e8 davvero una&nbsp;<strong>Citt\u00e0 dell\u2019Ispirazione<\/strong>&nbsp;\u2013 chiunque, indipendentemente dall\u2019et\u00e0 o dagli interessi, trover\u00e0 qui qualcosa di unico!<\/p>\n\n\n\n<p><strong><strong>Come arrivare a Lublino<\/strong><\/strong><\/p>\n\n\n\n<p>Lublino si trova a circa 170 km da Varsavia e a 330 km da Cracovia. \u00c8 raggiungibile in treno, autobus, o tramite voli diretti da Varsavia e Danzica. L\u2019aeroporto Lublin LUZ dista solo 15 km dal centro. In citt\u00e0 ci si pu\u00f2 muovere facilmente a piedi, con i mezzi pubblici, in bici o in taxi.<\/p>\n<\/div><\/div>\n\n\n\n<div style=\"height:100px\" aria-hidden=\"true\" class=\"wp-block-spacer is-style-spacer-small\"><\/div>\n\n\n\n<div class=\"wp-block-group has-background\" style=\"background-color:#eeeeee\"><div class=\"wp-block-group__inner-container is-layout-constrained wp-block-group-is-layout-constrained\">\n<div style=\"height:100px\" aria-hidden=\"true\" class=\"wp-block-spacer is-style-spacer-small\"><\/div>\n\n\n\n<div class=\"wp-block-group is-style-container\"><div class=\"wp-block-group__inner-container is-layout-constrained wp-block-group-is-layout-constrained\">\n<h3 class=\"wp-block-heading\">Scopri di pi\u00f9<\/h3>\n\n\n\n<div style=\"height:100px\" aria-hidden=\"true\" class=\"wp-block-spacer is-style-spacer-small\"><\/div>\n\n\n<div class=\"overflow\">\n  <div class=\"post-slider swiper post-slider--small\" data-schema=\"small\">\n\n    <div class=\"swiper-wrapper\">\n              <div class=\"swiper-slide post-slide\">\n                      <a href=\"https:\/\/www.polonia.travel\/it\/stettino\/\" class=\"post-box post-box--small\" style=\" background-image: url(https:\/\/www.polonia.travel\/it\/wp-content\/uploads\/sites\/20\/2024\/11\/AdobeStock_132580111_Szczecin-600x260.jpeg);\">\n          <div class=\"post-box__hover\" style=\"background-image: url(https:\/\/www.polonia.travel\/it\/wp-content\/uploads\/sites\/20\/2024\/05\/16xZP_Szczecin-1-600x367.jpg);\"><\/div>\n        <div class=\"post-box__info\">\n            <div class=\"post-box__title\">Stettino<\/div>\n      <div class=\"post-box__more\">Leggi di pi\u00f9<\/div>\n    <\/div>\n  <\/a>\n\n          <\/div>\n              <div class=\"swiper-slide post-slide\">\n                      <a href=\"https:\/\/www.polonia.travel\/it\/gorzow-wielkopolski\/\" class=\"post-box post-box--small\" style=\" background-image: url(https:\/\/www.polonia.travel\/it\/wp-content\/uploads\/sites\/20\/2023\/02\/Trakt-krolewski-ulic-600x400.jpg);\">\n          <div class=\"post-box__hover\" style=\"background-image: url(https:\/\/www.polonia.travel\/it\/wp-content\/uploads\/sites\/20\/2022\/12\/gorzow_wlk_stakada_kolejowa_1170-1-600x400.jpg);\"><\/div>\n        <div class=\"post-box__info\">\n            <div class=\"post-box__title\">Gorz\u00f3w Wielkopolski<\/div>\n      <div class=\"post-box__more\">Leggi di pi\u00f9<\/div>\n    <\/div>\n  <\/a>\n\n          <\/div>\n              <div class=\"swiper-slide post-slide\">\n                      <a href=\"https:\/\/www.polonia.travel\/it\/zielona-gora\/\" class=\"post-box post-box--small\" style=\" background-image: url(https:\/\/www.polonia.travel\/it\/wp-content\/uploads\/sites\/20\/2024\/07\/AdobeStock_264486646_zielona_gora-600x400.jpeg);\">\n          <div class=\"post-box__hover\" style=\"background-image: url(https:\/\/www.polonia.travel\/it\/wp-content\/uploads\/sites\/20\/2024\/07\/AdobeStock_289584512_stara_winnica_zielona_gora-600x399.jpeg);\"><\/div>\n        <div class=\"post-box__info\">\n            <div class=\"post-box__title\">Zielona G\u00f3ra<\/div>\n      <div class=\"post-box__more\">Leggi di pi\u00f9<\/div>\n    <\/div>\n  <\/a>\n\n          <\/div>\n              <div class=\"swiper-slide post-slide\">\n                      <a href=\"https:\/\/www.polonia.travel\/it\/rzeszow\/\" class=\"post-box post-box--small\" style=\" background-image: url(https:\/\/www.polonia.travel\/it\/wp-content\/uploads\/sites\/20\/2024\/07\/Rzeszow_002-600x400.jpg);\">\n          <div class=\"post-box__hover\" style=\"background-image: url(https:\/\/www.polonia.travel\/it\/wp-content\/uploads\/sites\/20\/2024\/07\/AdobeStock_509486826_Rzeszow-600x400.jpeg);\"><\/div>\n        <div class=\"post-box__info\">\n            <div class=\"post-box__title\">Rzesz\u00f3w<\/div>\n      <div class=\"post-box__more\">Leggi di pi\u00f9<\/div>\n    <\/div>\n  <\/a>\n\n          <\/div>\n              <div class=\"swiper-slide post-slide\">\n                      <a href=\"https:\/\/www.polonia.travel\/it\/opole\/\" class=\"post-box post-box--small\" style=\" background-image: url(https:\/\/www.polonia.travel\/it\/wp-content\/uploads\/sites\/20\/2024\/07\/AdobeStock_122179190_Opole-600x400.jpeg);\">\n          <div class=\"post-box__hover\" style=\"background-image: url(https:\/\/www.polonia.travel\/it\/wp-content\/uploads\/sites\/20\/2023\/02\/6940_Opole_MG-xl-600x400.jpg);\"><\/div>\n        <div class=\"post-box__info\">\n            <div class=\"post-box__title\">Opole<\/div>\n      <div class=\"post-box__more\">Leggi di pi\u00f9<\/div>\n    <\/div>\n  <\/a>\n\n          <\/div>\n              <div class=\"swiper-slide post-slide\">\n                      <a href=\"https:\/\/www.polonia.travel\/it\/katowice\/\" class=\"post-box post-box--small\" style=\" background-image: url(https:\/\/www.polonia.travel\/it\/wp-content\/uploads\/sites\/20\/2024\/07\/AdobeStock_517082133_katowice_nikiszowiec-600x400.jpeg);\">\n          <div class=\"post-box__hover\" style=\"background-image: url(https:\/\/www.polonia.travel\/it\/wp-content\/uploads\/sites\/20\/2024\/07\/226185431_Katowice_Strefa_Kultury-600x450.jpg);\"><\/div>\n        <div class=\"post-box__info\">\n            <div class=\"post-box__title\">Katowice<\/div>\n      <div class=\"post-box__more\">Leggi di pi\u00f9<\/div>\n    <\/div>\n  <\/a>\n\n          <\/div>\n              <div class=\"swiper-slide post-slide\">\n                      <a href=\"https:\/\/www.polonia.travel\/it\/kielce\/\" class=\"post-box post-box--small\" style=\" background-image: url(https:\/\/www.polonia.travel\/it\/wp-content\/uploads\/sites\/20\/2023\/07\/Kielce3_Fot_Slawek_Rakowski-600x450.jpg);\">\n          <div class=\"post-box__hover\" style=\"background-image: url(https:\/\/www.polonia.travel\/it\/wp-content\/uploads\/sites\/20\/2023\/07\/Kielce4_Fot_Slawek_Rakowski-600x450.jpg);\"><\/div>\n        <div class=\"post-box__info\">\n            <div class=\"post-box__title\">Kielce<\/div>\n      <div class=\"post-box__more\">Leggi di pi\u00f9<\/div>\n    <\/div>\n  <\/a>\n\n          <\/div>\n              <div class=\"swiper-slide post-slide\">\n                      <a href=\"https:\/\/www.polonia.travel\/it\/olsztyn\/\" class=\"post-box post-box--small\" style=\" background-image: url(https:\/\/www.polonia.travel\/it\/wp-content\/uploads\/sites\/20\/2022\/12\/olsztyn_panorama_1170-1-600x400.jpg);\">\n          <div class=\"post-box__hover\" style=\"background-image: url(https:\/\/www.polonia.travel\/it\/wp-content\/uploads\/sites\/20\/2023\/02\/olsztyn_panorama_3_1170-e1676903814149-600x346.jpg);\"><\/div>\n        <div class=\"post-box__info\">\n            <div class=\"post-box__title\">Olsztyn<\/div>\n      <div class=\"post-box__more\">Leggi di pi\u00f9<\/div>\n    <\/div>\n  <\/a>\n\n          <\/div>\n              <div class=\"swiper-slide post-slide\">\n                      <a href=\"https:\/\/www.polonia.travel\/it\/bialystok-podlaskie\/\" class=\"post-box post-box--small\" style=\" background-image: url(https:\/\/www.polonia.travel\/it\/wp-content\/uploads\/sites\/20\/2022\/12\/bialystok_palac_branickich_2_1170-1-600x400.jpg);\">\n          <div class=\"post-box__hover\" style=\"background-image: url(https:\/\/www.polonia.travel\/it\/wp-content\/uploads\/sites\/20\/2024\/07\/POT_Wybrane-022_Bialystok-600x449.jpg);\"><\/div>\n        <div class=\"post-box__info\">\n            <div class=\"post-box__title\">Bia\u0142ystok<\/div>\n      <div class=\"post-box__more\">Leggi di pi\u00f9<\/div>\n    <\/div>\n  <\/a>\n\n          <\/div>\n              <div class=\"swiper-slide post-slide\">\n                      <a href=\"https:\/\/www.polonia.travel\/it\/bydgoszcz\/\" class=\"post-box post-box--small\" style=\" background-image: url(https:\/\/www.polonia.travel\/it\/wp-content\/uploads\/sites\/20\/2024\/07\/AdobeStock_529436426_Bydgoszcz-600x449.jpeg);\">\n          <div class=\"post-box__hover\" style=\"background-image: url(https:\/\/www.polonia.travel\/it\/wp-content\/uploads\/sites\/20\/2024\/05\/Bydgoszcz1170-10-600x400.jpg);\"><\/div>\n        <div class=\"post-box__info\">\n            <div class=\"post-box__title\">Bydgoszcz<\/div>\n      <div class=\"post-box__more\">Leggi di pi\u00f9<\/div>\n    <\/div>\n  <\/a>\n\n          <\/div>\n              <div class=\"swiper-slide post-slide\">\n                      <a href=\"https:\/\/www.polonia.travel\/it\/danzica\/\" class=\"post-box post-box--small\" style=\" background-image: url(https:\/\/www.polonia.travel\/it\/wp-content\/uploads\/sites\/20\/2024\/05\/Danzica-6.jpg);\">\n          <div class=\"post-box__hover\" style=\"background-image: url(https:\/\/www.polonia.travel\/it\/wp-content\/uploads\/sites\/20\/2024\/05\/Danzica20copia-min-37.jpg);\"><\/div>\n        <div class=\"post-box__info\">\n            <div class=\"post-box__title\">Danzica<\/div>\n      <div class=\"post-box__more\">Leggi di pi\u00f9<\/div>\n    <\/div>\n  <\/a>\n\n          <\/div>\n              <div class=\"swiper-slide post-slide\">\n                      <a href=\"https:\/\/www.polonia.travel\/it\/lublino\/\" class=\"post-box post-box--small\" style=\" background-image: url(https:\/\/www.polonia.travel\/it\/wp-content\/uploads\/sites\/20\/2024\/05\/14_Lublin__cebularze_KD_HR-1-600x450.jpg);\">\n          <div class=\"post-box__hover\" style=\"background-image: url(https:\/\/www.polonia.travel\/it\/wp-content\/uploads\/sites\/20\/2024\/05\/LUBLINO-1-600x400.jpg);\"><\/div>\n        <div class=\"post-box__info\">\n            <div class=\"post-box__title\">Lublino<\/div>\n      <div class=\"post-box__more\">Leggi di pi\u00f9<\/div>\n    <\/div>\n  <\/a>\n\n          <\/div>\n              <div class=\"swiper-slide post-slide\">\n                      <a href=\"https:\/\/www.polonia.travel\/it\/lodz\/\" class=\"post-box post-box--small\" style=\" background-image: url(https:\/\/www.polonia.travel\/it\/wp-content\/uploads\/sites\/20\/2024\/07\/Lodz_Manufaktura-weaving-mill-view-600x337.jpg);\">\n          <div class=\"post-box__hover\" style=\"background-image: url(https:\/\/www.polonia.travel\/it\/wp-content\/uploads\/sites\/20\/2024\/05\/LODZ_1-1-600x400.jpg);\"><\/div>\n        <div class=\"post-box__info\">\n            <div class=\"post-box__title\">\u0141\u00f3d\u017a<\/div>\n      <div class=\"post-box__more\">Leggi di pi\u00f9<\/div>\n    <\/div>\n  <\/a>\n\n          <\/div>\n              <div class=\"swiper-slide post-slide\">\n                      <a href=\"https:\/\/www.polonia.travel\/it\/poznan\/\" class=\"post-box post-box--small\" style=\" background-image: url(https:\/\/www.polonia.travel\/it\/wp-content\/uploads\/sites\/20\/2024\/07\/GettyImages-845560082_poznan-600x401.jpg);\">\n          <div class=\"post-box__hover\" style=\"background-image: url(https:\/\/www.polonia.travel\/it\/wp-content\/uploads\/sites\/20\/2025\/01\/Capretti-Poznan-fot-Jakub-Pindych.jpg);\"><\/div>\n        <div class=\"post-box__info\">\n            <div class=\"post-box__title\">Pozna\u0144<\/div>\n      <div class=\"post-box__more\">Leggi di pi\u00f9<\/div>\n    <\/div>\n  <\/a>\n\n          <\/div>\n              <div class=\"swiper-slide post-slide\">\n                      <a href=\"https:\/\/www.polonia.travel\/it\/wroclaw-breslavia\/\" class=\"post-box post-box--small\" style=\" background-image: url(https:\/\/www.polonia.travel\/it\/wp-content\/uploads\/sites\/20\/2024\/07\/GettyImages-959289774_wroclaw_ostrow_tumski-600x400.jpg);\">\n          <div class=\"post-box__hover\" style=\"background-image: url(https:\/\/www.polonia.travel\/it\/wp-content\/uploads\/sites\/20\/2025\/01\/245373114_Wroclaw_ratusz_Adobe-2.jpg);\"><\/div>\n        <div class=\"post-box__info\">\n            <div class=\"post-box__title\">Breslavia<\/div>\n      <div class=\"post-box__more\">Leggi di pi\u00f9<\/div>\n    <\/div>\n  <\/a>\n\n          <\/div>\n              <div class=\"swiper-slide post-slide\">\n                      <a href=\"https:\/\/www.polonia.travel\/it\/torun\/\" class=\"post-box post-box--small\" style=\" background-image: url(https:\/\/www.polonia.travel\/it\/wp-content\/uploads\/sites\/20\/2024\/05\/605038_Torun-dom-Kopernika_HR-1-600x400.jpg);\">\n          <div class=\"post-box__hover\" style=\"background-image: url(https:\/\/www.polonia.travel\/it\/wp-content\/uploads\/sites\/20\/2022\/12\/torun_panorama_wisla_1170-600x400.jpg);\"><\/div>\n        <div class=\"post-box__info\">\n            <div class=\"post-box__title\">Toru\u0144<\/div>\n      <div class=\"post-box__more\">Leggi di pi\u00f9<\/div>\n    <\/div>\n  <\/a>\n\n          <\/div>\n              <div class=\"swiper-slide post-slide\">\n                      <a href=\"https:\/\/www.polonia.travel\/it\/cracovia\/\" class=\"post-box post-box--small\" style=\" background-image: url(https:\/\/www.polonia.travel\/it\/wp-content\/uploads\/sites\/20\/2024\/07\/GettyImages-816871864_krakow-600x400.jpg);\">\n          <div class=\"post-box__hover\" style=\"background-image: url(https:\/\/www.polonia.travel\/it\/wp-content\/uploads\/sites\/20\/2024\/07\/AdobeStock_574882100_Krakow-600x449.jpeg);\"><\/div>\n        <div class=\"post-box__info\">\n            <div class=\"post-box__title\">Cracovia<\/div>\n      <div class=\"post-box__more\">Leggi di pi\u00f9<\/div>\n    <\/div>\n  <\/a>\n\n          <\/div>\n              <div class=\"swiper-slide post-slide\">\n                      <a href=\"https:\/\/www.polonia.travel\/it\/varsavia-capitale-della-polonia\/\" class=\"post-box post-box--small\" style=\" background-image: url(https:\/\/www.polonia.travel\/it\/wp-content\/uploads\/sites\/20\/2024\/07\/GettyImages-1166316683_Warszawa-600x400.jpg);\">\n          <div class=\"post-box__hover\" style=\"background-image: url(https:\/\/www.polonia.travel\/it\/wp-content\/uploads\/sites\/20\/2022\/12\/warszawa_lazienki_krolewskie_wiosna_1170-1-600x400.jpeg);\"><\/div>\n        <div class=\"post-box__info\">\n            <div class=\"post-box__title\">Varsavia<\/div>\n      <div class=\"post-box__more\">Leggi di pi\u00f9<\/div>\n    <\/div>\n  <\/a>\n\n          <\/div>\n          <\/div>\n    <div class=\"post-slider__pagination\"><\/div>\n  <\/div>\n<\/div>\n<\/div><\/div>\n\n\n\n<div style=\"height:100px\" aria-hidden=\"true\" class=\"wp-block-spacer is-style-spacer-small\"><\/div>\n<\/div><\/div>\n","protected":false},"excerpt":{"rendered":"<p>La citt\u00e0 dell\u2018ispirazione Lublino vanta oltre 700 anni di storia. Grazie alla sua posizione su importanti rotte commerciali, \u00e8 diventata un crocevia tra cultura occidentale e orientale, luogo d\u2019incontro e d\u2019integrazione multiculturale, teatro di eventi storici fondamentali. Qui si pu\u00f2 camminare tra le strade dell\u2019ex quartiere ebraico, ormai scomparso, o visitare le mura del castello [&hellip;]<\/p>\n","protected":false},"author":1,"featured_media":19746,"comment_status":"open","ping_status":"open","sticky":false,"template":"","format":"standard","meta":{"_acf_changed":false,"footnotes":""},"categories":[1037],"class_list":["post-31290","post","type-post","status-publish","format-standard","has-post-thumbnail","hentry","category-citta"],"acf":[],"yoast_head":"<!-- This site is optimized with the Yoast SEO plugin v27.4 - https:\/\/yoast.com\/product\/yoast-seo-wordpress\/ -->\n<title>Lublino - Polonia Travel (IT)<\/title>\n<meta name=\"robots\" content=\"index, follow, max-snippet:-1, max-image-preview:large, max-video-preview:-1\" \/>\n<link rel=\"canonical\" href=\"https:\/\/www.polonia.travel\/it\/lublino\/\" \/>\n<meta property=\"og:locale\" content=\"pl_PL\" \/>\n<meta property=\"og:type\" content=\"article\" \/>\n<meta property=\"og:title\" content=\"Lublino - Polonia Travel (IT)\" \/>\n<meta property=\"og:description\" content=\"La citt\u00e0 dell\u2018ispirazione Lublino vanta oltre 700 anni di storia. Grazie alla sua posizione su importanti rotte commerciali, \u00e8 diventata un crocevia tra cultura occidentale e orientale, luogo d\u2019incontro e d\u2019integrazione multiculturale, teatro di eventi storici fondamentali. Qui si pu\u00f2 camminare tra le strade dell\u2019ex quartiere ebraico, ormai scomparso, o visitare le mura del castello [&hellip;]\" \/>\n<meta property=\"og:url\" content=\"https:\/\/www.polonia.travel\/it\/lublino\/\" \/>\n<meta property=\"og:site_name\" content=\"Polonia Travel (IT)\" \/>\n<meta property=\"article:published_time\" content=\"2024-07-16T11:25:27+00:00\" \/>\n<meta property=\"article:modified_time\" content=\"2025-08-12T12:05:11+00:00\" \/>\n<meta property=\"og:image\" content=\"https:\/\/www.polonia.travel\/it\/wp-content\/uploads\/sites\/20\/2023\/02\/2369_LUBLIN_KK_HR.jpg\" \/>\n\t<meta property=\"og:image:width\" content=\"1920\" \/>\n\t<meta property=\"og:image:height\" content=\"634\" \/>\n\t<meta property=\"og:image:type\" content=\"image\/jpeg\" \/>\n<meta name=\"twitter:card\" content=\"summary_large_image\" \/>\n<meta name=\"twitter:label1\" content=\"Napisane przez\" \/>\n\t<meta name=\"twitter:data1\" content=\"\" \/>\n\t<meta name=\"twitter:label2\" content=\"Szacowany czas czytania\" \/>\n\t<meta name=\"twitter:data2\" content=\"5 minut\" \/>\n<script type=\"application\/ld+json\" class=\"yoast-schema-graph\">{\"@context\":\"https:\\\/\\\/schema.org\",\"@graph\":[{\"@type\":\"Article\",\"@id\":\"https:\\\/\\\/www.polonia.travel\\\/it\\\/lublino\\\/#article\",\"isPartOf\":{\"@id\":\"https:\\\/\\\/www.polonia.travel\\\/it\\\/lublino\\\/\"},\"author\":{\"name\":\"\",\"@id\":\"\"},\"headline\":\"Lublino\",\"datePublished\":\"2024-07-16T11:25:27+00:00\",\"dateModified\":\"2025-08-12T12:05:11+00:00\",\"mainEntityOfPage\":{\"@id\":\"https:\\\/\\\/www.polonia.travel\\\/it\\\/lublino\\\/\"},\"wordCount\":719,\"commentCount\":8,\"publisher\":{\"@id\":\"https:\\\/\\\/www.polonia.travel\\\/it\\\/#organization\"},\"image\":{\"@id\":\"https:\\\/\\\/www.polonia.travel\\\/it\\\/lublino\\\/#primaryimage\"},\"thumbnailUrl\":\"https:\\\/\\\/www.polonia.travel\\\/it\\\/wp-content\\\/uploads\\\/sites\\\/20\\\/2023\\\/02\\\/2369_LUBLIN_KK_HR.jpg\",\"keywords\":[\"it\",\"citta\"],\"articleSection\":[\"Citt\u00e0\"],\"inLanguage\":\"pl-PL\"},{\"@type\":\"WebPage\",\"@id\":\"https:\\\/\\\/www.polonia.travel\\\/it\\\/lublino\\\/\",\"url\":\"https:\\\/\\\/www.polonia.travel\\\/it\\\/lublino\\\/\",\"name\":\"Lublino - Polonia Travel (IT)\",\"isPartOf\":{\"@id\":\"https:\\\/\\\/www.polonia.travel\\\/it\\\/#website\"},\"primaryImageOfPage\":{\"@id\":\"https:\\\/\\\/www.polonia.travel\\\/it\\\/lublino\\\/#primaryimage\"},\"image\":{\"@id\":\"https:\\\/\\\/www.polonia.travel\\\/it\\\/lublino\\\/#primaryimage\"},\"thumbnailUrl\":\"https:\\\/\\\/www.polonia.travel\\\/it\\\/wp-content\\\/uploads\\\/sites\\\/20\\\/2023\\\/02\\\/2369_LUBLIN_KK_HR.jpg\",\"datePublished\":\"2024-07-16T11:25:27+00:00\",\"dateModified\":\"2025-08-12T12:05:11+00:00\",\"breadcrumb\":{\"@id\":\"https:\\\/\\\/www.polonia.travel\\\/it\\\/lublino\\\/#breadcrumb\"},\"inLanguage\":\"pl-PL\",\"potentialAction\":[{\"@type\":\"ReadAction\",\"target\":[\"https:\\\/\\\/www.polonia.travel\\\/it\\\/lublino\\\/\"]}]},{\"@type\":\"ImageObject\",\"inLanguage\":\"pl-PL\",\"@id\":\"https:\\\/\\\/www.polonia.travel\\\/it\\\/lublino\\\/#primaryimage\",\"url\":\"https:\\\/\\\/www.polonia.travel\\\/it\\\/wp-content\\\/uploads\\\/sites\\\/20\\\/2023\\\/02\\\/2369_LUBLIN_KK_HR.jpg\",\"contentUrl\":\"https:\\\/\\\/www.polonia.travel\\\/it\\\/wp-content\\\/uploads\\\/sites\\\/20\\\/2023\\\/02\\\/2369_LUBLIN_KK_HR.jpg\",\"width\":1920,\"height\":634,\"caption\":\"Lublin\"},{\"@type\":\"BreadcrumbList\",\"@id\":\"https:\\\/\\\/www.polonia.travel\\\/it\\\/lublino\\\/#breadcrumb\",\"itemListElement\":[{\"@type\":\"ListItem\",\"position\":1,\"name\":\"Home page\",\"item\":\"https:\\\/\\\/www.polonia.travel\\\/it\\\/\"},{\"@type\":\"ListItem\",\"position\":2,\"name\":\"Scopri i luoghi\",\"item\":\"https:\\\/\\\/www.polonia.travel\\\/it\\\/category\\\/scopri-i-luoghi\\\/\"},{\"@type\":\"ListItem\",\"position\":3,\"name\":\"Citt\u00e0\",\"item\":\"https:\\\/\\\/www.polonia.travel\\\/it\\\/category\\\/scopri-i-luoghi\\\/citta\\\/\"},{\"@type\":\"ListItem\",\"position\":4,\"name\":\"Lublino\"}]},{\"@type\":\"WebSite\",\"@id\":\"https:\\\/\\\/www.polonia.travel\\\/it\\\/#website\",\"url\":\"https:\\\/\\\/www.polonia.travel\\\/it\\\/\",\"name\":\"Polonia Travel (IT)\",\"description\":\"...\",\"publisher\":{\"@id\":\"https:\\\/\\\/www.polonia.travel\\\/it\\\/#organization\"},\"potentialAction\":[{\"@type\":\"SearchAction\",\"target\":{\"@type\":\"EntryPoint\",\"urlTemplate\":\"https:\\\/\\\/www.polonia.travel\\\/it\\\/?s={search_term_string}\"},\"query-input\":{\"@type\":\"PropertyValueSpecification\",\"valueRequired\":true,\"valueName\":\"search_term_string\"}}],\"inLanguage\":\"pl-PL\"},{\"@type\":\"Organization\",\"@id\":\"https:\\\/\\\/www.polonia.travel\\\/it\\\/#organization\",\"name\":\"Polonia Travel (IT)\",\"url\":\"https:\\\/\\\/www.polonia.travel\\\/it\\\/\",\"logo\":{\"@type\":\"ImageObject\",\"inLanguage\":\"pl-PL\",\"@id\":\"https:\\\/\\\/www.polonia.travel\\\/it\\\/#\\\/schema\\\/logo\\\/image\\\/\",\"url\":\"\",\"contentUrl\":\"\",\"caption\":\"Polonia Travel (IT)\"},\"image\":{\"@id\":\"https:\\\/\\\/www.polonia.travel\\\/it\\\/#\\\/schema\\\/logo\\\/image\\\/\"}},{\"@type\":\"Person\",\"@id\":\"\"}]}<\/script>\n<!-- \/ Yoast SEO plugin. -->","yoast_head_json":{"title":"Lublino - Polonia Travel (IT)","robots":{"index":"index","follow":"follow","max-snippet":"max-snippet:-1","max-image-preview":"max-image-preview:large","max-video-preview":"max-video-preview:-1"},"canonical":"https:\/\/www.polonia.travel\/it\/lublino\/","og_locale":"pl_PL","og_type":"article","og_title":"Lublino - Polonia Travel (IT)","og_description":"La citt\u00e0 dell\u2018ispirazione Lublino vanta oltre 700 anni di storia. Grazie alla sua posizione su importanti rotte commerciali, \u00e8 diventata un crocevia tra cultura occidentale e orientale, luogo d\u2019incontro e d\u2019integrazione multiculturale, teatro di eventi storici fondamentali. Qui si pu\u00f2 camminare tra le strade dell\u2019ex quartiere ebraico, ormai scomparso, o visitare le mura del castello [&hellip;]","og_url":"https:\/\/www.polonia.travel\/it\/lublino\/","og_site_name":"Polonia Travel (IT)","article_published_time":"2024-07-16T11:25:27+00:00","article_modified_time":"2025-08-12T12:05:11+00:00","og_image":[{"width":1920,"height":634,"url":"https:\/\/www.polonia.travel\/it\/wp-content\/uploads\/sites\/20\/2023\/02\/2369_LUBLIN_KK_HR.jpg","type":"image\/jpeg"}],"twitter_card":"summary_large_image","twitter_misc":{"Napisane przez":"","Szacowany czas czytania":"5 minut"},"schema":{"@context":"https:\/\/schema.org","@graph":[{"@type":"Article","@id":"https:\/\/www.polonia.travel\/it\/lublino\/#article","isPartOf":{"@id":"https:\/\/www.polonia.travel\/it\/lublino\/"},"author":{"name":"","@id":""},"headline":"Lublino","datePublished":"2024-07-16T11:25:27+00:00","dateModified":"2025-08-12T12:05:11+00:00","mainEntityOfPage":{"@id":"https:\/\/www.polonia.travel\/it\/lublino\/"},"wordCount":719,"commentCount":8,"publisher":{"@id":"https:\/\/www.polonia.travel\/it\/#organization"},"image":{"@id":"https:\/\/www.polonia.travel\/it\/lublino\/#primaryimage"},"thumbnailUrl":"https:\/\/www.polonia.travel\/it\/wp-content\/uploads\/sites\/20\/2023\/02\/2369_LUBLIN_KK_HR.jpg","keywords":["it","citta"],"articleSection":["Citt\u00e0"],"inLanguage":"pl-PL"},{"@type":"WebPage","@id":"https:\/\/www.polonia.travel\/it\/lublino\/","url":"https:\/\/www.polonia.travel\/it\/lublino\/","name":"Lublino - Polonia Travel (IT)","isPartOf":{"@id":"https:\/\/www.polonia.travel\/it\/#website"},"primaryImageOfPage":{"@id":"https:\/\/www.polonia.travel\/it\/lublino\/#primaryimage"},"image":{"@id":"https:\/\/www.polonia.travel\/it\/lublino\/#primaryimage"},"thumbnailUrl":"https:\/\/www.polonia.travel\/it\/wp-content\/uploads\/sites\/20\/2023\/02\/2369_LUBLIN_KK_HR.jpg","datePublished":"2024-07-16T11:25:27+00:00","dateModified":"2025-08-12T12:05:11+00:00","breadcrumb":{"@id":"https:\/\/www.polonia.travel\/it\/lublino\/#breadcrumb"},"inLanguage":"pl-PL","potentialAction":[{"@type":"ReadAction","target":["https:\/\/www.polonia.travel\/it\/lublino\/"]}]},{"@type":"ImageObject","inLanguage":"pl-PL","@id":"https:\/\/www.polonia.travel\/it\/lublino\/#primaryimage","url":"https:\/\/www.polonia.travel\/it\/wp-content\/uploads\/sites\/20\/2023\/02\/2369_LUBLIN_KK_HR.jpg","contentUrl":"https:\/\/www.polonia.travel\/it\/wp-content\/uploads\/sites\/20\/2023\/02\/2369_LUBLIN_KK_HR.jpg","width":1920,"height":634,"caption":"Lublin"},{"@type":"BreadcrumbList","@id":"https:\/\/www.polonia.travel\/it\/lublino\/#breadcrumb","itemListElement":[{"@type":"ListItem","position":1,"name":"Home page","item":"https:\/\/www.polonia.travel\/it\/"},{"@type":"ListItem","position":2,"name":"Scopri i luoghi","item":"https:\/\/www.polonia.travel\/it\/category\/scopri-i-luoghi\/"},{"@type":"ListItem","position":3,"name":"Citt\u00e0","item":"https:\/\/www.polonia.travel\/it\/category\/scopri-i-luoghi\/citta\/"},{"@type":"ListItem","position":4,"name":"Lublino"}]},{"@type":"WebSite","@id":"https:\/\/www.polonia.travel\/it\/#website","url":"https:\/\/www.polonia.travel\/it\/","name":"Polonia Travel (IT)","description":"...","publisher":{"@id":"https:\/\/www.polonia.travel\/it\/#organization"},"potentialAction":[{"@type":"SearchAction","target":{"@type":"EntryPoint","urlTemplate":"https:\/\/www.polonia.travel\/it\/?s={search_term_string}"},"query-input":{"@type":"PropertyValueSpecification","valueRequired":true,"valueName":"search_term_string"}}],"inLanguage":"pl-PL"},{"@type":"Organization","@id":"https:\/\/www.polonia.travel\/it\/#organization","name":"Polonia Travel (IT)","url":"https:\/\/www.polonia.travel\/it\/","logo":{"@type":"ImageObject","inLanguage":"pl-PL","@id":"https:\/\/www.polonia.travel\/it\/#\/schema\/logo\/image\/","url":"","contentUrl":"","caption":"Polonia Travel (IT)"},"image":{"@id":"https:\/\/www.polonia.travel\/it\/#\/schema\/logo\/image\/"}},{"@type":"Person","@id":""}]}},"_links":{"self":[{"href":"https:\/\/www.polonia.travel\/it\/wp-json\/wp\/v2\/posts\/31290","targetHints":{"allow":["GET"]}}],"collection":[{"href":"https:\/\/www.polonia.travel\/it\/wp-json\/wp\/v2\/posts"}],"about":[{"href":"https:\/\/www.polonia.travel\/it\/wp-json\/wp\/v2\/types\/post"}],"author":[{"embeddable":true,"href":"https:\/\/www.polonia.travel\/it\/wp-json\/wp\/v2\/users\/1"}],"replies":[{"embeddable":true,"href":"https:\/\/www.polonia.travel\/it\/wp-json\/wp\/v2\/comments?post=31290"}],"version-history":[{"count":12,"href":"https:\/\/www.polonia.travel\/it\/wp-json\/wp\/v2\/posts\/31290\/revisions"}],"predecessor-version":[{"id":42106,"href":"https:\/\/www.polonia.travel\/it\/wp-json\/wp\/v2\/posts\/31290\/revisions\/42106"}],"wp:featuredmedia":[{"embeddable":true,"href":"https:\/\/www.polonia.travel\/it\/wp-json\/wp\/v2\/media\/19746"}],"wp:attachment":[{"href":"https:\/\/www.polonia.travel\/it\/wp-json\/wp\/v2\/media?parent=31290"}],"wp:term":[{"taxonomy":"category","embeddable":true,"href":"https:\/\/www.polonia.travel\/it\/wp-json\/wp\/v2\/categories?post=31290"}],"curies":[{"name":"wp","href":"https:\/\/api.w.org\/{rel}","templated":true}]}}