{"id":31288,"date":"2024-07-16T11:21:58","date_gmt":"2024-07-16T09:21:58","guid":{"rendered":"https:\/\/www.polonia.travel\/it\/?p=31288"},"modified":"2025-08-13T14:52:47","modified_gmt":"2025-08-13T12:52:47","slug":"poznan","status":"publish","type":"post","link":"https:\/\/www.polonia.travel\/it\/poznan\/","title":{"rendered":"Pozna\u0144"},"content":{"rendered":"\n<p><\/p>\n\n\n\n<div class=\"wp-block-group is-style-container\"><div class=\"wp-block-group__inner-container is-layout-constrained wp-block-group-is-layout-constrained\">\n<!-- empty -->\n\n\n<div class=\"metrics\">\n  <div class=\"metrics__text\">\n    <h1 class=\"is-style-heading-38 mb20 large-mb30\">Pozna\u0144<\/h1>\n    <p><strong>Il pi\u00f9 bel municipio rinascimentale a nord delle Alpi con i suoi celebri capretti che i scornano a mezzogiorno, l\u2019unico quadro di Monet presente in Polonia e i cornetti di San Martino: la millenaria citt\u00e0 sul fiume Warta ha molte cose di cui vantarsi, tra cui anche il suo caratteristico dialetto. Venite a vedere!<\/strong><\/p>\n  <\/div>\n  <div class=\"metrics__sidebar\">\n    <div class=\"metrics-box\">\n              <div class=\"metrics-box__title\">Informazioni di base<\/div>\n        <div class=\"metrics-box__values\">\n                                        <div class=\"metrics-box__item\">\n      <div class=\"metrics-box__label\">Superficie<\/div>\n      <div class=\"metrics-box__value\">261,91 km\u00b2 <\/div>\n    <\/div>\n                                <div class=\"metrics-box__item\">\n      <div class=\"metrics-box__label\">Abitanti<\/div>\n      <div class=\"metrics-box__value\">546 859 (2021)<\/div>\n    <\/div>\n                                <\/div>\n                    <div class=\"metrics-box__links\">\n                      <a href=\"https:\/\/www.poznan.pl\/mim\/en\/\" class=\"metrics-box__link external\"\n                                  target=\"_blank\" rel=\"nofollow noopener noreferrer\"\n                            >www<\/a>\n                  <\/div>\n          <\/div>\n  <\/div>\n<\/div>\n<\/div><\/div>\n\n\n\n<div class=\"wp-block-group is-style-container-medium\"><div class=\"wp-block-group__inner-container is-layout-constrained wp-block-group-is-layout-constrained\">\n<p><strong>Pozna\u0144 \u2013 tutto il meglio che c\u2019\u00e8<\/strong><\/p>\n\n\n\n<p>Anche se ci sono molte pasticcerie in tutta la Polonia che vendono <strong>i cornetti di San Martino<\/strong>, da quando sono diventati una DOP certificata dalla Commissione Europea quelli veri si trovano soltanto&nbsp;nella regione della Grande Polonia.<\/p>\n\n\n\n<p>La ricetta del disciplinare prevede che siano fatti a base di pasta sfoglia e ripieni di crema di papavero bianco. Come mai questo dolce \u00e8 diventato un simbolo del capoluogo della Grande Polonia? Per scoprirlo, potete visitare il Museo interattivo del Cornetto di Pozna\u0144. Soltanto l\u00ec, sotto il soffitto variopinto in legno di una palazzina rinascimentale nel <strong>Piazza del Mercato della Citt\u00e0 Vecchia<\/strong> si pu\u00f2 assistere all\u2019animazione dal titolo \u201cLa storia dei cornetti di Pozna\u0144\u201c. Inoltre, si pu\u00f2 partecipare alla preparazione dei cornetti e, naturalmente, mangiarli!<\/p>\n\n\n\n<p>All\u2019interno del museo \u00e8 possibile fare la conoscenza del vernacolo di Pozna\u0144, sempre pi\u00f9 difficile da sentire parlare per strada, un misto unico di tedesco e dialetto della Grande Polonia che si parlava in passato, ma \u00e8 possibile scoprire anche il dialetto tipico dei Bambry, coloni tedeschi invitati a Pozna\u0144 300 anni fa per ripopolare una zona decimata dalle epidemie.<\/p>\n<\/div><\/div>\n\n\n\n<div style=\"height:100px\" aria-hidden=\"true\" class=\"wp-block-spacer is-style-spacer-small\"><\/div>\n\n\n\n<div class=\"wp-block-group is-style-container\"><div class=\"wp-block-group__inner-container is-layout-constrained wp-block-group-is-layout-constrained\">  <div class=\"gallery-tiles gallery-tiles--rows-2-3 lightgallery\">\r\n          <a href=\"https:\/\/www.polonia.travel\/it\/wp-content\/uploads\/sites\/20\/2024\/05\/Poznan20lato-14.jpg\" class=\"gallery-tiles__item\" data-src=\"https:\/\/www.polonia.travel\/it\/wp-content\/uploads\/sites\/20\/2024\/05\/Poznan20lato-14.jpg\"\r\n        aria-label=\"Otw\u00f3rz powi\u0119kszone zdj\u0119cie: Main square of the old town of Poznan, Poland on a summer day evening.\">\r\n        <img loading=\"lazy\" decoding=\"async\" width=\"800\" height=\"534\" src=\"https:\/\/www.polonia.travel\/it\/wp-content\/uploads\/sites\/20\/2024\/05\/Poznan20lato-14.jpg\" class=\"gallery-tiles__thumb\" alt=\"\" srcset=\"https:\/\/www.polonia.travel\/it\/wp-content\/uploads\/sites\/20\/2024\/05\/Poznan20lato-14.jpg 800w, https:\/\/www.polonia.travel\/it\/wp-content\/uploads\/sites\/20\/2024\/05\/Poznan20lato-14-600x401.jpg 600w, https:\/\/www.polonia.travel\/it\/wp-content\/uploads\/sites\/20\/2024\/05\/Poznan20lato-14-768x513.jpg 768w\" sizes=\"auto, (max-width: 800px) 100vw, 800px\" \/>      <\/a>\r\n          <a href=\"https:\/\/www.polonia.travel\/it\/wp-content\/uploads\/sites\/20\/2024\/05\/4120Cornetto20S.Martino20Poznan.jpg\" class=\"gallery-tiles__item\" data-src=\"https:\/\/www.polonia.travel\/it\/wp-content\/uploads\/sites\/20\/2024\/05\/4120Cornetto20S.Martino20Poznan.jpg\"\r\n        aria-label=\"Otw\u00f3rz powi\u0119kszone zdj\u0119cie: 4120Cornetto20S.Martino20Poznan\">\r\n        <img loading=\"lazy\" decoding=\"async\" width=\"800\" height=\"533\" src=\"https:\/\/www.polonia.travel\/it\/wp-content\/uploads\/sites\/20\/2024\/05\/4120Cornetto20S.Martino20Poznan.jpg\" class=\"gallery-tiles__thumb\" alt=\"\" srcset=\"https:\/\/www.polonia.travel\/it\/wp-content\/uploads\/sites\/20\/2024\/05\/4120Cornetto20S.Martino20Poznan.jpg 800w, https:\/\/www.polonia.travel\/it\/wp-content\/uploads\/sites\/20\/2024\/05\/4120Cornetto20S.Martino20Poznan-600x400.jpg 600w, https:\/\/www.polonia.travel\/it\/wp-content\/uploads\/sites\/20\/2024\/05\/4120Cornetto20S.Martino20Poznan-768x512.jpg 768w\" sizes=\"auto, (max-width: 800px) 100vw, 800px\" \/>      <\/a>\r\n          <a href=\"https:\/\/www.polonia.travel\/it\/wp-content\/uploads\/sites\/20\/2024\/05\/Poznan.jpg\" class=\"gallery-tiles__item\" data-src=\"https:\/\/www.polonia.travel\/it\/wp-content\/uploads\/sites\/20\/2024\/05\/Poznan.jpg\"\r\n        aria-label=\"Otw\u00f3rz powi\u0119kszone zdj\u0119cie: Colorful renaissance facades on the central market square in Poznan, Poland\">\r\n        <img loading=\"lazy\" decoding=\"async\" width=\"800\" height=\"533\" src=\"https:\/\/www.polonia.travel\/it\/wp-content\/uploads\/sites\/20\/2024\/05\/Poznan.jpg\" class=\"gallery-tiles__thumb\" alt=\"\" srcset=\"https:\/\/www.polonia.travel\/it\/wp-content\/uploads\/sites\/20\/2024\/05\/Poznan.jpg 800w, https:\/\/www.polonia.travel\/it\/wp-content\/uploads\/sites\/20\/2024\/05\/Poznan-600x400.jpg 600w, https:\/\/www.polonia.travel\/it\/wp-content\/uploads\/sites\/20\/2024\/05\/Poznan-768x512.jpg 768w\" sizes=\"auto, (max-width: 800px) 100vw, 800px\" \/>      <\/a>\r\n          <a href=\"https:\/\/www.polonia.travel\/it\/wp-content\/uploads\/sites\/20\/2024\/05\/POZNAN_1.jpg\" class=\"gallery-tiles__item\" data-src=\"https:\/\/www.polonia.travel\/it\/wp-content\/uploads\/sites\/20\/2024\/05\/POZNAN_1.jpg\"\r\n        aria-label=\"Otw\u00f3rz powi\u0119kszone zdj\u0119cie: POZNAN_1\">\r\n        <img loading=\"lazy\" decoding=\"async\" width=\"1170\" height=\"780\" src=\"https:\/\/www.polonia.travel\/it\/wp-content\/uploads\/sites\/20\/2024\/05\/POZNAN_1.jpg\" class=\"gallery-tiles__thumb\" alt=\"\" srcset=\"https:\/\/www.polonia.travel\/it\/wp-content\/uploads\/sites\/20\/2024\/05\/POZNAN_1.jpg 1170w, https:\/\/www.polonia.travel\/it\/wp-content\/uploads\/sites\/20\/2024\/05\/POZNAN_1-600x400.jpg 600w, https:\/\/www.polonia.travel\/it\/wp-content\/uploads\/sites\/20\/2024\/05\/POZNAN_1-768x512.jpg 768w\" sizes=\"auto, (max-width: 1170px) 100vw, 1170px\" \/>      <\/a>\r\n          <a href=\"https:\/\/www.polonia.travel\/it\/wp-content\/uploads\/sites\/20\/2025\/01\/Capretti-Poznan-fot-Jakub-Pindych.jpg\" class=\"gallery-tiles__item\" data-src=\"https:\/\/www.polonia.travel\/it\/wp-content\/uploads\/sites\/20\/2025\/01\/Capretti-Poznan-fot-Jakub-Pindych.jpg\"\r\n        aria-label=\"Otw\u00f3rz powi\u0119kszone zdj\u0119cie: Capretti Pozna\u0144 fot Jakub Pindych\">\r\n        <img loading=\"lazy\" decoding=\"async\" width=\"1200\" height=\"675\" src=\"https:\/\/www.polonia.travel\/it\/wp-content\/uploads\/sites\/20\/2025\/01\/Capretti-Poznan-fot-Jakub-Pindych.jpg\" class=\"gallery-tiles__thumb\" alt=\"\" \/>      <\/a>\r\n      <\/div>\r\n<\/div><\/div>\n\n\n\n<div style=\"height:100px\" aria-hidden=\"true\" class=\"wp-block-spacer is-style-spacer-small\"><\/div>\n\n\n\n<div class=\"wp-block-group is-style-container-medium\"><div class=\"wp-block-group__inner-container is-layout-constrained wp-block-group-is-layout-constrained\">\n<p><strong>Ed ecco gli altri posti imperdibili di Pozna\u0144:<\/strong><\/p>\n\n\n\n<p><strong>I monumenti dei tempi passati<\/strong><\/p>\n\n\n\n<p>Dalle finestre della palazzina del Museo del Cornetto, con i suoi 500 anni di et\u00e0, si vede il <strong>Municipio<\/strong> adornato con una loggia che si sviluppa su tre piani <strong>e l\u2019effige dei re della dinastia Jagellone sulla balaustra<\/strong>. Sopra l\u2019orologio della torretta centrale, ogni giorno a mezzogiorno, si sente il suono di una tromba e poi escono <strong>le statue di due capretti<\/strong> che sbattono le corna l\u2019uno contro l\u2019altro. Secondo la leggenda, i due animali erano sfuggiti al coltello del cuoco che avrebbe dovuto prepararli per cena ai nobili riuniti per festeggiare l\u2019installazione del primo orologio meccanico nel municipio. Ad abbellire <strong>la Piazza del Mercato<\/strong> ci sono le palazzine in stile barocco e quattro <strong>fontane<\/strong>: quella di Proserpina, risalente al XVIII secolo, ma anche quelle contemporanee raffiguranti Apollo, Marte e Nettuno. Davanti al municipio c\u2019\u00e8 anche <strong>una gogna in pietra su cui si trova la scultura raffigurante un boia <\/strong>e che oggi \u00e8 il punto di ritrovo pi\u00f9 comune per gli abitanti della citt\u00e0.<\/p>\n\n\n\n<p>Un po\u2018 pi\u00f9 nascosta c\u2019\u00e8 la <strong>Fontanella della Bamberka<\/strong>, con la statua di una donna in abiti tradizionali che porta dell\u2019acqua. Ricorda i tempi in cui, nel XVIII secolo, gli abitanti tedeschi di Bamberg scelsero Pozna\u0144 come meta del loro viaggio da pionieri. Anche grazie a loro, Pozna\u0144 \u00e8 diventata una citt\u00e0 dalle molte culture dove polacchi, tedeschi ed ebrei vivevano gli uni accanto agli altri.<\/p>\n\n\n\n<p>La parte pi\u00f9 antica della citt\u00e0 \u00e8 <strong>Ostr\u00f3w Tumski<\/strong>, l\u2019isola che si trova alla confluenza dei fiumi Warta e Cybina. Grazie alla sua posizione ben protetta, nel IX secolo l\u2019isola permise la fondazione della citt\u00e0 e il suo futuro di potenza medievale.<\/p>\n\n\n\n<p>Proprio qui c\u2019\u00e8 la chiesa pi\u00f9 antica in Polonia: la <strong>Cattedrale dei Santissimi Apostoli Pietro e Paolo<\/strong>. Nei suoi sotterranei ci sono i resti di alcune tombe, probabilmente quelle dove riposavano i primi re di Polonia, ovvero Mieszko I e suo figlio Boleslao I. Per scoprire la storia dell\u2019isola c\u2019\u00e8 <strong>la Porta di Pozna\u0144<\/strong>, con il <strong>Centro Interattivo della Storia di Ostr\u00f3w Tumski<\/strong>. \u00c8 un palazzo moderno, pluripremiato in vari concorsi architettonici, e uno dei punti chiave dell\u2019Itinerario <strong>Reale-Imperiale, <\/strong>che collega <strong>Ostr\u00f3w Tumski<\/strong>&nbsp;alla <strong>Citt\u00e0 Vecchia<\/strong>&nbsp;<strong>e al centro della citt\u00e0<\/strong> dove si trova anche il Castello Imperiale degli inizi del XX secolo, il pi\u00f9 giovane castello d\u2019Europa che con il suo stile neoromanico ricorda una vera fortezza medievale. Al suo interno si trova <strong>il Centro Culturale del Castello<\/strong>, oggi sede di mostre sperimentali.<\/p>\n\n\n\n<p>Qui c\u2019\u00e8 anche la sede del <strong>Museo dell\u2019Insurrezione di Pozna\u0144 del giugno 1956 <\/strong>(parte del <strong>Museo dell\u2019Indipendenza della Grande Polonia<\/strong>) mentre nella vicina <strong>Piazza Adam Mickiewicz<\/strong> c\u2019\u00e8 un monumento che ricorda la repressione brutale della prima grande protesta operaia contro il regime comunista nel 1956.<\/p>\n\n\n\n<p><strong>Anche il relax vuole la sua parte<\/strong><\/p>\n\n\n\n<p>Il posto migliore per fare compere \u00e8 <strong>il Vecchio Birrificio<\/strong>, nominato nel 2005 il migliore centro commerciale di medie dimensioni al mondo. La struttura \u00e8 composta da uno spazio puramente commerciale e da una galleria d\u2019arte che comprende sculture moderne e installazioni fisse, ma ospita anche numerosi eventi culturali.<\/p>\n\n\n\n<p>Poco fuori dal centro c\u2019\u00e8 <strong>il Lago Malta<\/strong> che attira frotte di amanti degli sport d\u2019acqua, e vicino alla riva ci sono anche una pista da sci aperta tutto l\u2019anno, una pista per slittini e altre attrazioni sportive. Ci si pu\u00f2 godere <strong>le Terme di Malta<\/strong>, uno dei pi\u00f9 grandi parchi acquatici in Polonia o prendere un treno sulla <strong>ferrovia a scarto ridotto Maltanka<\/strong> per andare al <strong>Nuovo ZOO<\/strong> e fare la conoscenza di tigri siberiane, bisonti, orsi e molti altri animali esotici.<\/p>\n\n\n\n<p>Se avrete voglia di immergervi in un clima tropicale in cerca di aria calda e umida, lo troverete nel <strong>Palmeto di Pozna\u0144<\/strong>: un viaggio incredibile tra continenti lontani, in mezzo a una vegetazione ricchissima che arriva da varie zone climatiche. L\u2019atmosfera \u00e8 conciliata dal rumore dell\u2019acqua, dagli acquari con i pesci esotici e il ricco programma di eventi tra cui mostre, concerti e visite notturne al Palmeto che si trova nella parte in stile secessione del <strong>quartiere di<\/strong><strong> \u0141azarz<\/strong>.<\/p>\n\n\n\n<p>Non lontano c\u2019\u00e8 anche il capannone della <strong>Fiera Internazionale di Pozna\u0144<\/strong>, subito accanto alla stazione centrale di Pozna\u0144 G\u0142\u00f3wny. Da qui a due passi c\u2019\u00e8 il quartiere di <strong>Je\u017cyce<\/strong>, famoso in Polonia perch\u00e9 fa da sfondo alla celebre collana di libri per bambini di Ma\u0142gorzata Musierowicz. La famiglia Borejk\u00f3w, protagonista dei libri, abita proprio in una palazzina dei dintorni della <strong>Piazza del Mercato di<\/strong> <strong>Je\u017cyce, uno degli ultimi posti in citt\u00e0 dove<\/strong>&nbsp;\u00e8 possibile sentire parlare il dialetto.<\/p>\n\n\n\n<p>L\u2019ultimo punto obbligatorio del programma \u00e8 lo <strong>Stadio di Pozna\u0144, <\/strong>il primo degli impianti preparati per gli Europei di calcio del 2012. La squadra di casa \u00e8 il KKS Lech Pozna\u0144 che, tra il 2008 e il 2010, \u00e8 stata la squadra di Robert Lewandowski. Lo stadio pu\u00f2 ospitare fino a 43 000 spettatori, \u00e8 attrezzato per le persone con disabilit\u00e0 e oltre alle partite di calcio ospita concerti e spettacoli. Per chi vuole scoprire lo stadio e anche i suoi angoli solitamente chiusi al pubblico, ci sono continuamente visite guidate.<\/p>\n\n\n\n<p>Gli amanti dell\u2019arte non vorranno mancare il <strong>Museo Nazionale<\/strong> che nella sua ricchissima collezione vanta anche \u201cSpiaggia a Pourville\u201d, l\u2019unica opera del pittore impressionista Claude Monet che si pu\u00f2 trovare in Polonia. Invece, nel <strong>Museo di Arti Applicate<\/strong> \u00e8 possibile toccare e persino annusare i tempi antichi. Tra l\u2019altro si trova nel ricostruito Castello reale e ha una torre panoramica da cui si gode di un panorama su tutta la citt\u00e0 vecchia.<\/p>\n\n\n\n<p><strong>Cos\u2019altro?<\/strong><\/p>\n\n\n\n<p>Dopo una visita cos\u00ec ricca, non c\u2019\u00e8 altro da fare che godersi un po\u2018 di cucina locale. Possono essere le classiche patate al forno con formaggio bianco o, per i palati pi\u00f9 raffinati, l\u2019anatra alla Pozna\u0144 servita con gnocchetti di patate, mela arrosto e cavolo novello.<\/p>\n\n\n\n<p><\/p>\n<\/div><\/div>\n\n\n\n<div style=\"height:100px\" aria-hidden=\"true\" class=\"wp-block-spacer is-style-spacer-small\"><\/div>\n\n\n\n<div class=\"wp-block-group has-background\" style=\"background-color:#eeeeee\"><div class=\"wp-block-group__inner-container is-layout-constrained wp-block-group-is-layout-constrained\">\n<div style=\"height:100px\" aria-hidden=\"true\" class=\"wp-block-spacer is-style-spacer-small\"><\/div>\n\n\n\n<div class=\"wp-block-group is-style-container\"><div class=\"wp-block-group__inner-container is-layout-constrained wp-block-group-is-layout-constrained\">\n<h3 class=\"wp-block-heading\">Scopri di pi\u00f9<\/h3>\n\n\n\n<div style=\"height:100px\" aria-hidden=\"true\" class=\"wp-block-spacer is-style-spacer-small\"><\/div>\n\n\n<div class=\"overflow\">\n  <div class=\"post-slider swiper post-slider--small\" data-schema=\"small\">\n\n    <div class=\"swiper-wrapper\">\n              <div class=\"swiper-slide post-slide\">\n                      <a href=\"https:\/\/www.polonia.travel\/it\/stettino\/\" class=\"post-box post-box--small\" style=\" background-image: url(https:\/\/www.polonia.travel\/it\/wp-content\/uploads\/sites\/20\/2024\/11\/AdobeStock_132580111_Szczecin-600x260.jpeg);\">\n          <div class=\"post-box__hover\" style=\"background-image: url(https:\/\/www.polonia.travel\/it\/wp-content\/uploads\/sites\/20\/2024\/05\/16xZP_Szczecin-1-600x367.jpg);\"><\/div>\n        <div class=\"post-box__info\">\n            <div class=\"post-box__title\">Stettino<\/div>\n      <div class=\"post-box__more\">Leggi di pi\u00f9<\/div>\n    <\/div>\n  <\/a>\n\n          <\/div>\n              <div class=\"swiper-slide post-slide\">\n                      <a href=\"https:\/\/www.polonia.travel\/it\/gorzow-wielkopolski\/\" class=\"post-box post-box--small\" style=\" background-image: url(https:\/\/www.polonia.travel\/it\/wp-content\/uploads\/sites\/20\/2023\/02\/Trakt-krolewski-ulic-600x400.jpg);\">\n          <div class=\"post-box__hover\" style=\"background-image: url(https:\/\/www.polonia.travel\/it\/wp-content\/uploads\/sites\/20\/2022\/12\/gorzow_wlk_stakada_kolejowa_1170-1-600x400.jpg);\"><\/div>\n        <div class=\"post-box__info\">\n            <div class=\"post-box__title\">Gorz\u00f3w Wielkopolski<\/div>\n      <div class=\"post-box__more\">Leggi di pi\u00f9<\/div>\n    <\/div>\n  <\/a>\n\n          <\/div>\n              <div class=\"swiper-slide post-slide\">\n                      <a href=\"https:\/\/www.polonia.travel\/it\/zielona-gora\/\" class=\"post-box post-box--small\" style=\" background-image: url(https:\/\/www.polonia.travel\/it\/wp-content\/uploads\/sites\/20\/2024\/07\/AdobeStock_264486646_zielona_gora-600x400.jpeg);\">\n          <div class=\"post-box__hover\" style=\"background-image: url(https:\/\/www.polonia.travel\/it\/wp-content\/uploads\/sites\/20\/2024\/07\/AdobeStock_289584512_stara_winnica_zielona_gora-600x399.jpeg);\"><\/div>\n        <div class=\"post-box__info\">\n            <div class=\"post-box__title\">Zielona G\u00f3ra<\/div>\n      <div class=\"post-box__more\">Leggi di pi\u00f9<\/div>\n    <\/div>\n  <\/a>\n\n          <\/div>\n              <div class=\"swiper-slide post-slide\">\n                      <a href=\"https:\/\/www.polonia.travel\/it\/rzeszow\/\" class=\"post-box post-box--small\" style=\" background-image: url(https:\/\/www.polonia.travel\/it\/wp-content\/uploads\/sites\/20\/2024\/07\/Rzeszow_002-600x400.jpg);\">\n          <div class=\"post-box__hover\" style=\"background-image: url(https:\/\/www.polonia.travel\/it\/wp-content\/uploads\/sites\/20\/2024\/07\/AdobeStock_509486826_Rzeszow-600x400.jpeg);\"><\/div>\n        <div class=\"post-box__info\">\n            <div class=\"post-box__title\">Rzesz\u00f3w<\/div>\n      <div class=\"post-box__more\">Leggi di pi\u00f9<\/div>\n    <\/div>\n  <\/a>\n\n          <\/div>\n              <div class=\"swiper-slide post-slide\">\n                      <a href=\"https:\/\/www.polonia.travel\/it\/opole\/\" class=\"post-box post-box--small\" style=\" background-image: url(https:\/\/www.polonia.travel\/it\/wp-content\/uploads\/sites\/20\/2024\/07\/AdobeStock_122179190_Opole-600x400.jpeg);\">\n          <div class=\"post-box__hover\" style=\"background-image: url(https:\/\/www.polonia.travel\/it\/wp-content\/uploads\/sites\/20\/2023\/02\/6940_Opole_MG-xl-600x400.jpg);\"><\/div>\n        <div class=\"post-box__info\">\n            <div class=\"post-box__title\">Opole<\/div>\n      <div class=\"post-box__more\">Leggi di pi\u00f9<\/div>\n    <\/div>\n  <\/a>\n\n          <\/div>\n              <div class=\"swiper-slide post-slide\">\n                      <a href=\"https:\/\/www.polonia.travel\/it\/katowice\/\" class=\"post-box post-box--small\" style=\" background-image: url(https:\/\/www.polonia.travel\/it\/wp-content\/uploads\/sites\/20\/2024\/07\/AdobeStock_517082133_katowice_nikiszowiec-600x400.jpeg);\">\n          <div class=\"post-box__hover\" style=\"background-image: url(https:\/\/www.polonia.travel\/it\/wp-content\/uploads\/sites\/20\/2024\/07\/226185431_Katowice_Strefa_Kultury-600x450.jpg);\"><\/div>\n        <div class=\"post-box__info\">\n            <div class=\"post-box__title\">Katowice<\/div>\n      <div class=\"post-box__more\">Leggi di pi\u00f9<\/div>\n    <\/div>\n  <\/a>\n\n          <\/div>\n              <div class=\"swiper-slide post-slide\">\n                      <a href=\"https:\/\/www.polonia.travel\/it\/kielce\/\" class=\"post-box post-box--small\" style=\" background-image: url(https:\/\/www.polonia.travel\/it\/wp-content\/uploads\/sites\/20\/2023\/07\/Kielce3_Fot_Slawek_Rakowski-600x450.jpg);\">\n          <div class=\"post-box__hover\" style=\"background-image: url(https:\/\/www.polonia.travel\/it\/wp-content\/uploads\/sites\/20\/2023\/07\/Kielce4_Fot_Slawek_Rakowski-600x450.jpg);\"><\/div>\n        <div class=\"post-box__info\">\n            <div class=\"post-box__title\">Kielce<\/div>\n      <div class=\"post-box__more\">Leggi di pi\u00f9<\/div>\n    <\/div>\n  <\/a>\n\n          <\/div>\n              <div class=\"swiper-slide post-slide\">\n                      <a href=\"https:\/\/www.polonia.travel\/it\/olsztyn\/\" class=\"post-box post-box--small\" style=\" background-image: url(https:\/\/www.polonia.travel\/it\/wp-content\/uploads\/sites\/20\/2022\/12\/olsztyn_panorama_1170-1-600x400.jpg);\">\n          <div class=\"post-box__hover\" style=\"background-image: url(https:\/\/www.polonia.travel\/it\/wp-content\/uploads\/sites\/20\/2023\/02\/olsztyn_panorama_3_1170-e1676903814149-600x346.jpg);\"><\/div>\n        <div class=\"post-box__info\">\n            <div class=\"post-box__title\">Olsztyn<\/div>\n      <div class=\"post-box__more\">Leggi di pi\u00f9<\/div>\n    <\/div>\n  <\/a>\n\n          <\/div>\n              <div class=\"swiper-slide post-slide\">\n                      <a href=\"https:\/\/www.polonia.travel\/it\/bialystok-podlaskie\/\" class=\"post-box post-box--small\" style=\" background-image: url(https:\/\/www.polonia.travel\/it\/wp-content\/uploads\/sites\/20\/2022\/12\/bialystok_palac_branickich_2_1170-1-600x400.jpg);\">\n          <div class=\"post-box__hover\" style=\"background-image: url(https:\/\/www.polonia.travel\/it\/wp-content\/uploads\/sites\/20\/2024\/07\/POT_Wybrane-022_Bialystok-600x449.jpg);\"><\/div>\n        <div class=\"post-box__info\">\n            <div class=\"post-box__title\">Bia\u0142ystok<\/div>\n      <div class=\"post-box__more\">Leggi di pi\u00f9<\/div>\n    <\/div>\n  <\/a>\n\n          <\/div>\n              <div class=\"swiper-slide post-slide\">\n                      <a href=\"https:\/\/www.polonia.travel\/it\/bydgoszcz\/\" class=\"post-box post-box--small\" style=\" background-image: url(https:\/\/www.polonia.travel\/it\/wp-content\/uploads\/sites\/20\/2024\/07\/AdobeStock_529436426_Bydgoszcz-600x449.jpeg);\">\n          <div class=\"post-box__hover\" style=\"background-image: url(https:\/\/www.polonia.travel\/it\/wp-content\/uploads\/sites\/20\/2024\/05\/Bydgoszcz1170-10-600x400.jpg);\"><\/div>\n        <div class=\"post-box__info\">\n            <div class=\"post-box__title\">Bydgoszcz<\/div>\n      <div class=\"post-box__more\">Leggi di pi\u00f9<\/div>\n    <\/div>\n  <\/a>\n\n          <\/div>\n              <div class=\"swiper-slide post-slide\">\n                      <a href=\"https:\/\/www.polonia.travel\/it\/danzica\/\" class=\"post-box post-box--small\" style=\" background-image: url(https:\/\/www.polonia.travel\/it\/wp-content\/uploads\/sites\/20\/2024\/05\/Danzica-6.jpg);\">\n          <div class=\"post-box__hover\" style=\"background-image: url(https:\/\/www.polonia.travel\/it\/wp-content\/uploads\/sites\/20\/2024\/05\/Danzica20copia-min-37.jpg);\"><\/div>\n        <div class=\"post-box__info\">\n            <div class=\"post-box__title\">Danzica<\/div>\n      <div class=\"post-box__more\">Leggi di pi\u00f9<\/div>\n    <\/div>\n  <\/a>\n\n          <\/div>\n              <div class=\"swiper-slide post-slide\">\n                      <a href=\"https:\/\/www.polonia.travel\/it\/lublino\/\" class=\"post-box post-box--small\" style=\" background-image: url(https:\/\/www.polonia.travel\/it\/wp-content\/uploads\/sites\/20\/2024\/05\/14_Lublin__cebularze_KD_HR-1-600x450.jpg);\">\n          <div class=\"post-box__hover\" style=\"background-image: url(https:\/\/www.polonia.travel\/it\/wp-content\/uploads\/sites\/20\/2024\/05\/LUBLINO-1-600x400.jpg);\"><\/div>\n        <div class=\"post-box__info\">\n            <div class=\"post-box__title\">Lublino<\/div>\n      <div class=\"post-box__more\">Leggi di pi\u00f9<\/div>\n    <\/div>\n  <\/a>\n\n          <\/div>\n              <div class=\"swiper-slide post-slide\">\n                      <a href=\"https:\/\/www.polonia.travel\/it\/lodz\/\" class=\"post-box post-box--small\" style=\" background-image: url(https:\/\/www.polonia.travel\/it\/wp-content\/uploads\/sites\/20\/2024\/07\/Lodz_Manufaktura-weaving-mill-view-600x337.jpg);\">\n          <div class=\"post-box__hover\" style=\"background-image: url(https:\/\/www.polonia.travel\/it\/wp-content\/uploads\/sites\/20\/2024\/05\/LODZ_1-1-600x400.jpg);\"><\/div>\n        <div class=\"post-box__info\">\n            <div class=\"post-box__title\">\u0141\u00f3d\u017a<\/div>\n      <div class=\"post-box__more\">Leggi di pi\u00f9<\/div>\n    <\/div>\n  <\/a>\n\n          <\/div>\n              <div class=\"swiper-slide post-slide\">\n                      <a href=\"https:\/\/www.polonia.travel\/it\/poznan\/\" class=\"post-box post-box--small\" style=\" background-image: url(https:\/\/www.polonia.travel\/it\/wp-content\/uploads\/sites\/20\/2024\/07\/GettyImages-845560082_poznan-600x401.jpg);\">\n          <div class=\"post-box__hover\" style=\"background-image: url(https:\/\/www.polonia.travel\/it\/wp-content\/uploads\/sites\/20\/2025\/01\/Capretti-Poznan-fot-Jakub-Pindych.jpg);\"><\/div>\n        <div class=\"post-box__info\">\n            <div class=\"post-box__title\">Pozna\u0144<\/div>\n      <div class=\"post-box__more\">Leggi di pi\u00f9<\/div>\n    <\/div>\n  <\/a>\n\n          <\/div>\n              <div class=\"swiper-slide post-slide\">\n                      <a href=\"https:\/\/www.polonia.travel\/it\/wroclaw-breslavia\/\" class=\"post-box post-box--small\" style=\" background-image: url(https:\/\/www.polonia.travel\/it\/wp-content\/uploads\/sites\/20\/2024\/07\/GettyImages-959289774_wroclaw_ostrow_tumski-600x400.jpg);\">\n          <div class=\"post-box__hover\" style=\"background-image: url(https:\/\/www.polonia.travel\/it\/wp-content\/uploads\/sites\/20\/2025\/01\/245373114_Wroclaw_ratusz_Adobe-2.jpg);\"><\/div>\n        <div class=\"post-box__info\">\n            <div class=\"post-box__title\">Breslavia<\/div>\n      <div class=\"post-box__more\">Leggi di pi\u00f9<\/div>\n    <\/div>\n  <\/a>\n\n          <\/div>\n              <div class=\"swiper-slide post-slide\">\n                      <a href=\"https:\/\/www.polonia.travel\/it\/torun\/\" class=\"post-box post-box--small\" style=\" background-image: url(https:\/\/www.polonia.travel\/it\/wp-content\/uploads\/sites\/20\/2024\/05\/605038_Torun-dom-Kopernika_HR-1-600x400.jpg);\">\n          <div class=\"post-box__hover\" style=\"background-image: url(https:\/\/www.polonia.travel\/it\/wp-content\/uploads\/sites\/20\/2022\/12\/torun_panorama_wisla_1170-600x400.jpg);\"><\/div>\n        <div class=\"post-box__info\">\n            <div class=\"post-box__title\">Toru\u0144<\/div>\n      <div class=\"post-box__more\">Leggi di pi\u00f9<\/div>\n    <\/div>\n  <\/a>\n\n          <\/div>\n              <div class=\"swiper-slide post-slide\">\n                      <a href=\"https:\/\/www.polonia.travel\/it\/cracovia\/\" class=\"post-box post-box--small\" style=\" background-image: url(https:\/\/www.polonia.travel\/it\/wp-content\/uploads\/sites\/20\/2024\/07\/GettyImages-816871864_krakow-600x400.jpg);\">\n          <div class=\"post-box__hover\" style=\"background-image: url(https:\/\/www.polonia.travel\/it\/wp-content\/uploads\/sites\/20\/2024\/07\/AdobeStock_574882100_Krakow-600x449.jpeg);\"><\/div>\n        <div class=\"post-box__info\">\n            <div class=\"post-box__title\">Cracovia<\/div>\n      <div class=\"post-box__more\">Leggi di pi\u00f9<\/div>\n    <\/div>\n  <\/a>\n\n          <\/div>\n              <div class=\"swiper-slide post-slide\">\n                      <a href=\"https:\/\/www.polonia.travel\/it\/varsavia-capitale-della-polonia\/\" class=\"post-box post-box--small\" style=\" background-image: url(https:\/\/www.polonia.travel\/it\/wp-content\/uploads\/sites\/20\/2024\/07\/GettyImages-1166316683_Warszawa-600x400.jpg);\">\n          <div class=\"post-box__hover\" style=\"background-image: url(https:\/\/www.polonia.travel\/it\/wp-content\/uploads\/sites\/20\/2022\/12\/warszawa_lazienki_krolewskie_wiosna_1170-1-600x400.jpeg);\"><\/div>\n        <div class=\"post-box__info\">\n            <div class=\"post-box__title\">Varsavia<\/div>\n      <div class=\"post-box__more\">Leggi di pi\u00f9<\/div>\n    <\/div>\n  <\/a>\n\n          <\/div>\n          <\/div>\n    <div class=\"post-slider__pagination\"><\/div>\n  <\/div>\n<\/div>\n<\/div><\/div>\n\n\n\n<div style=\"height:100px\" aria-hidden=\"true\" class=\"wp-block-spacer is-style-spacer-small\"><\/div>\n<\/div><\/div>\n","protected":false},"excerpt":{"rendered":"<p>Pozna\u0144 \u2013 tutto il meglio che c\u2019\u00e8 Anche se ci sono molte pasticcerie in tutta la Polonia che vendono i cornetti di San Martino, da quando sono diventati una DOP certificata dalla Commissione Europea quelli veri si trovano soltanto&nbsp;nella regione della Grande Polonia. La ricetta del disciplinare prevede che siano fatti a base di pasta [&hellip;]<\/p>\n","protected":false},"author":1,"featured_media":39698,"comment_status":"open","ping_status":"open","sticky":false,"template":"","format":"standard","meta":{"_acf_changed":false,"footnotes":""},"categories":[1037],"class_list":["post-31288","post","type-post","status-publish","format-standard","has-post-thumbnail","hentry","category-citta"],"acf":[],"yoast_head":"<!-- This site is optimized with the Yoast SEO plugin v27.4 - https:\/\/yoast.com\/product\/yoast-seo-wordpress\/ -->\n<title>Pozna\u0144 - Polonia Travel (IT)<\/title>\n<meta name=\"robots\" content=\"index, follow, max-snippet:-1, max-image-preview:large, max-video-preview:-1\" \/>\n<link rel=\"canonical\" href=\"https:\/\/www.polonia.travel\/it\/poznan\/\" \/>\n<meta property=\"og:locale\" content=\"pl_PL\" \/>\n<meta property=\"og:type\" content=\"article\" \/>\n<meta property=\"og:title\" content=\"Pozna\u0144 - Polonia Travel (IT)\" \/>\n<meta property=\"og:description\" content=\"Pozna\u0144 \u2013 tutto il meglio che c\u2019\u00e8 Anche se ci sono molte pasticcerie in tutta la Polonia che vendono i cornetti di San Martino, da quando sono diventati una DOP certificata dalla Commissione Europea quelli veri si trovano soltanto&nbsp;nella regione della Grande Polonia. La ricetta del disciplinare prevede che siano fatti a base di pasta [&hellip;]\" \/>\n<meta property=\"og:url\" content=\"https:\/\/www.polonia.travel\/it\/poznan\/\" \/>\n<meta property=\"og:site_name\" content=\"Polonia Travel (IT)\" \/>\n<meta property=\"article:published_time\" content=\"2024-07-16T09:21:58+00:00\" \/>\n<meta property=\"article:modified_time\" content=\"2025-08-13T12:52:47+00:00\" \/>\n<meta property=\"og:image\" content=\"https:\/\/www.polonia.travel\/it\/wp-content\/uploads\/sites\/20\/2024\/09\/Poznan_kamieniczki.jpg\" \/>\n\t<meta property=\"og:image:width\" content=\"2000\" \/>\n\t<meta property=\"og:image:height\" content=\"744\" \/>\n\t<meta property=\"og:image:type\" content=\"image\/jpeg\" \/>\n<meta name=\"twitter:card\" content=\"summary_large_image\" \/>\n<meta name=\"twitter:label1\" content=\"Napisane przez\" \/>\n\t<meta name=\"twitter:data1\" content=\"\" \/>\n\t<meta name=\"twitter:label2\" content=\"Szacowany czas czytania\" \/>\n\t<meta name=\"twitter:data2\" content=\"8 minut\" \/>\n<script type=\"application\/ld+json\" class=\"yoast-schema-graph\">{\"@context\":\"https:\\\/\\\/schema.org\",\"@graph\":[{\"@type\":\"Article\",\"@id\":\"https:\\\/\\\/www.polonia.travel\\\/it\\\/poznan\\\/#article\",\"isPartOf\":{\"@id\":\"https:\\\/\\\/www.polonia.travel\\\/it\\\/poznan\\\/\"},\"author\":{\"name\":\"\",\"@id\":\"\"},\"headline\":\"Pozna\u0144\",\"datePublished\":\"2024-07-16T09:21:58+00:00\",\"dateModified\":\"2025-08-13T12:52:47+00:00\",\"mainEntityOfPage\":{\"@id\":\"https:\\\/\\\/www.polonia.travel\\\/it\\\/poznan\\\/\"},\"wordCount\":1175,\"commentCount\":8,\"publisher\":{\"@id\":\"https:\\\/\\\/www.polonia.travel\\\/it\\\/#organization\"},\"image\":{\"@id\":\"https:\\\/\\\/www.polonia.travel\\\/it\\\/poznan\\\/#primaryimage\"},\"thumbnailUrl\":\"https:\\\/\\\/www.polonia.travel\\\/it\\\/wp-content\\\/uploads\\\/sites\\\/20\\\/2024\\\/09\\\/Poznan_kamieniczki.jpg\",\"keywords\":[\"it\",\"citta\"],\"articleSection\":[\"Citt\u00e0\"],\"inLanguage\":\"pl-PL\"},{\"@type\":\"WebPage\",\"@id\":\"https:\\\/\\\/www.polonia.travel\\\/it\\\/poznan\\\/\",\"url\":\"https:\\\/\\\/www.polonia.travel\\\/it\\\/poznan\\\/\",\"name\":\"Pozna\u0144 - Polonia Travel (IT)\",\"isPartOf\":{\"@id\":\"https:\\\/\\\/www.polonia.travel\\\/it\\\/#website\"},\"primaryImageOfPage\":{\"@id\":\"https:\\\/\\\/www.polonia.travel\\\/it\\\/poznan\\\/#primaryimage\"},\"image\":{\"@id\":\"https:\\\/\\\/www.polonia.travel\\\/it\\\/poznan\\\/#primaryimage\"},\"thumbnailUrl\":\"https:\\\/\\\/www.polonia.travel\\\/it\\\/wp-content\\\/uploads\\\/sites\\\/20\\\/2024\\\/09\\\/Poznan_kamieniczki.jpg\",\"datePublished\":\"2024-07-16T09:21:58+00:00\",\"dateModified\":\"2025-08-13T12:52:47+00:00\",\"breadcrumb\":{\"@id\":\"https:\\\/\\\/www.polonia.travel\\\/it\\\/poznan\\\/#breadcrumb\"},\"inLanguage\":\"pl-PL\",\"potentialAction\":[{\"@type\":\"ReadAction\",\"target\":[\"https:\\\/\\\/www.polonia.travel\\\/it\\\/poznan\\\/\"]}]},{\"@type\":\"ImageObject\",\"inLanguage\":\"pl-PL\",\"@id\":\"https:\\\/\\\/www.polonia.travel\\\/it\\\/poznan\\\/#primaryimage\",\"url\":\"https:\\\/\\\/www.polonia.travel\\\/it\\\/wp-content\\\/uploads\\\/sites\\\/20\\\/2024\\\/09\\\/Poznan_kamieniczki.jpg\",\"contentUrl\":\"https:\\\/\\\/www.polonia.travel\\\/it\\\/wp-content\\\/uploads\\\/sites\\\/20\\\/2024\\\/09\\\/Poznan_kamieniczki.jpg\",\"width\":2000,\"height\":744},{\"@type\":\"BreadcrumbList\",\"@id\":\"https:\\\/\\\/www.polonia.travel\\\/it\\\/poznan\\\/#breadcrumb\",\"itemListElement\":[{\"@type\":\"ListItem\",\"position\":1,\"name\":\"Home page\",\"item\":\"https:\\\/\\\/www.polonia.travel\\\/it\\\/\"},{\"@type\":\"ListItem\",\"position\":2,\"name\":\"Scopri i luoghi\",\"item\":\"https:\\\/\\\/www.polonia.travel\\\/it\\\/category\\\/scopri-i-luoghi\\\/\"},{\"@type\":\"ListItem\",\"position\":3,\"name\":\"Citt\u00e0\",\"item\":\"https:\\\/\\\/www.polonia.travel\\\/it\\\/category\\\/scopri-i-luoghi\\\/citta\\\/\"},{\"@type\":\"ListItem\",\"position\":4,\"name\":\"Pozna\u0144\"}]},{\"@type\":\"WebSite\",\"@id\":\"https:\\\/\\\/www.polonia.travel\\\/it\\\/#website\",\"url\":\"https:\\\/\\\/www.polonia.travel\\\/it\\\/\",\"name\":\"Polonia Travel (IT)\",\"description\":\"...\",\"publisher\":{\"@id\":\"https:\\\/\\\/www.polonia.travel\\\/it\\\/#organization\"},\"potentialAction\":[{\"@type\":\"SearchAction\",\"target\":{\"@type\":\"EntryPoint\",\"urlTemplate\":\"https:\\\/\\\/www.polonia.travel\\\/it\\\/?s={search_term_string}\"},\"query-input\":{\"@type\":\"PropertyValueSpecification\",\"valueRequired\":true,\"valueName\":\"search_term_string\"}}],\"inLanguage\":\"pl-PL\"},{\"@type\":\"Organization\",\"@id\":\"https:\\\/\\\/www.polonia.travel\\\/it\\\/#organization\",\"name\":\"Polonia Travel (IT)\",\"url\":\"https:\\\/\\\/www.polonia.travel\\\/it\\\/\",\"logo\":{\"@type\":\"ImageObject\",\"inLanguage\":\"pl-PL\",\"@id\":\"https:\\\/\\\/www.polonia.travel\\\/it\\\/#\\\/schema\\\/logo\\\/image\\\/\",\"url\":\"\",\"contentUrl\":\"\",\"caption\":\"Polonia Travel (IT)\"},\"image\":{\"@id\":\"https:\\\/\\\/www.polonia.travel\\\/it\\\/#\\\/schema\\\/logo\\\/image\\\/\"}},{\"@type\":\"Person\",\"@id\":\"\"}]}<\/script>\n<!-- \/ Yoast SEO plugin. -->","yoast_head_json":{"title":"Pozna\u0144 - Polonia Travel (IT)","robots":{"index":"index","follow":"follow","max-snippet":"max-snippet:-1","max-image-preview":"max-image-preview:large","max-video-preview":"max-video-preview:-1"},"canonical":"https:\/\/www.polonia.travel\/it\/poznan\/","og_locale":"pl_PL","og_type":"article","og_title":"Pozna\u0144 - Polonia Travel (IT)","og_description":"Pozna\u0144 \u2013 tutto il meglio che c\u2019\u00e8 Anche se ci sono molte pasticcerie in tutta la Polonia che vendono i cornetti di San Martino, da quando sono diventati una DOP certificata dalla Commissione Europea quelli veri si trovano soltanto&nbsp;nella regione della Grande Polonia. La ricetta del disciplinare prevede che siano fatti a base di pasta [&hellip;]","og_url":"https:\/\/www.polonia.travel\/it\/poznan\/","og_site_name":"Polonia Travel (IT)","article_published_time":"2024-07-16T09:21:58+00:00","article_modified_time":"2025-08-13T12:52:47+00:00","og_image":[{"width":2000,"height":744,"url":"https:\/\/www.polonia.travel\/it\/wp-content\/uploads\/sites\/20\/2024\/09\/Poznan_kamieniczki.jpg","type":"image\/jpeg"}],"twitter_card":"summary_large_image","twitter_misc":{"Napisane przez":"","Szacowany czas czytania":"8 minut"},"schema":{"@context":"https:\/\/schema.org","@graph":[{"@type":"Article","@id":"https:\/\/www.polonia.travel\/it\/poznan\/#article","isPartOf":{"@id":"https:\/\/www.polonia.travel\/it\/poznan\/"},"author":{"name":"","@id":""},"headline":"Pozna\u0144","datePublished":"2024-07-16T09:21:58+00:00","dateModified":"2025-08-13T12:52:47+00:00","mainEntityOfPage":{"@id":"https:\/\/www.polonia.travel\/it\/poznan\/"},"wordCount":1175,"commentCount":8,"publisher":{"@id":"https:\/\/www.polonia.travel\/it\/#organization"},"image":{"@id":"https:\/\/www.polonia.travel\/it\/poznan\/#primaryimage"},"thumbnailUrl":"https:\/\/www.polonia.travel\/it\/wp-content\/uploads\/sites\/20\/2024\/09\/Poznan_kamieniczki.jpg","keywords":["it","citta"],"articleSection":["Citt\u00e0"],"inLanguage":"pl-PL"},{"@type":"WebPage","@id":"https:\/\/www.polonia.travel\/it\/poznan\/","url":"https:\/\/www.polonia.travel\/it\/poznan\/","name":"Pozna\u0144 - Polonia Travel (IT)","isPartOf":{"@id":"https:\/\/www.polonia.travel\/it\/#website"},"primaryImageOfPage":{"@id":"https:\/\/www.polonia.travel\/it\/poznan\/#primaryimage"},"image":{"@id":"https:\/\/www.polonia.travel\/it\/poznan\/#primaryimage"},"thumbnailUrl":"https:\/\/www.polonia.travel\/it\/wp-content\/uploads\/sites\/20\/2024\/09\/Poznan_kamieniczki.jpg","datePublished":"2024-07-16T09:21:58+00:00","dateModified":"2025-08-13T12:52:47+00:00","breadcrumb":{"@id":"https:\/\/www.polonia.travel\/it\/poznan\/#breadcrumb"},"inLanguage":"pl-PL","potentialAction":[{"@type":"ReadAction","target":["https:\/\/www.polonia.travel\/it\/poznan\/"]}]},{"@type":"ImageObject","inLanguage":"pl-PL","@id":"https:\/\/www.polonia.travel\/it\/poznan\/#primaryimage","url":"https:\/\/www.polonia.travel\/it\/wp-content\/uploads\/sites\/20\/2024\/09\/Poznan_kamieniczki.jpg","contentUrl":"https:\/\/www.polonia.travel\/it\/wp-content\/uploads\/sites\/20\/2024\/09\/Poznan_kamieniczki.jpg","width":2000,"height":744},{"@type":"BreadcrumbList","@id":"https:\/\/www.polonia.travel\/it\/poznan\/#breadcrumb","itemListElement":[{"@type":"ListItem","position":1,"name":"Home page","item":"https:\/\/www.polonia.travel\/it\/"},{"@type":"ListItem","position":2,"name":"Scopri i luoghi","item":"https:\/\/www.polonia.travel\/it\/category\/scopri-i-luoghi\/"},{"@type":"ListItem","position":3,"name":"Citt\u00e0","item":"https:\/\/www.polonia.travel\/it\/category\/scopri-i-luoghi\/citta\/"},{"@type":"ListItem","position":4,"name":"Pozna\u0144"}]},{"@type":"WebSite","@id":"https:\/\/www.polonia.travel\/it\/#website","url":"https:\/\/www.polonia.travel\/it\/","name":"Polonia Travel (IT)","description":"...","publisher":{"@id":"https:\/\/www.polonia.travel\/it\/#organization"},"potentialAction":[{"@type":"SearchAction","target":{"@type":"EntryPoint","urlTemplate":"https:\/\/www.polonia.travel\/it\/?s={search_term_string}"},"query-input":{"@type":"PropertyValueSpecification","valueRequired":true,"valueName":"search_term_string"}}],"inLanguage":"pl-PL"},{"@type":"Organization","@id":"https:\/\/www.polonia.travel\/it\/#organization","name":"Polonia Travel (IT)","url":"https:\/\/www.polonia.travel\/it\/","logo":{"@type":"ImageObject","inLanguage":"pl-PL","@id":"https:\/\/www.polonia.travel\/it\/#\/schema\/logo\/image\/","url":"","contentUrl":"","caption":"Polonia Travel (IT)"},"image":{"@id":"https:\/\/www.polonia.travel\/it\/#\/schema\/logo\/image\/"}},{"@type":"Person","@id":""}]}},"_links":{"self":[{"href":"https:\/\/www.polonia.travel\/it\/wp-json\/wp\/v2\/posts\/31288","targetHints":{"allow":["GET"]}}],"collection":[{"href":"https:\/\/www.polonia.travel\/it\/wp-json\/wp\/v2\/posts"}],"about":[{"href":"https:\/\/www.polonia.travel\/it\/wp-json\/wp\/v2\/types\/post"}],"author":[{"embeddable":true,"href":"https:\/\/www.polonia.travel\/it\/wp-json\/wp\/v2\/users\/1"}],"replies":[{"embeddable":true,"href":"https:\/\/www.polonia.travel\/it\/wp-json\/wp\/v2\/comments?post=31288"}],"version-history":[{"count":13,"href":"https:\/\/www.polonia.travel\/it\/wp-json\/wp\/v2\/posts\/31288\/revisions"}],"predecessor-version":[{"id":42183,"href":"https:\/\/www.polonia.travel\/it\/wp-json\/wp\/v2\/posts\/31288\/revisions\/42183"}],"wp:featuredmedia":[{"embeddable":true,"href":"https:\/\/www.polonia.travel\/it\/wp-json\/wp\/v2\/media\/39698"}],"wp:attachment":[{"href":"https:\/\/www.polonia.travel\/it\/wp-json\/wp\/v2\/media?parent=31288"}],"wp:term":[{"taxonomy":"category","embeddable":true,"href":"https:\/\/www.polonia.travel\/it\/wp-json\/wp\/v2\/categories?post=31288"}],"curies":[{"name":"wp","href":"https:\/\/api.w.org\/{rel}","templated":true}]}}