{"id":31284,"date":"2024-07-15T15:45:03","date_gmt":"2024-07-15T13:45:03","guid":{"rendered":"https:\/\/www.polonia.travel\/it\/?p=31284"},"modified":"2025-08-13T15:17:09","modified_gmt":"2025-08-13T13:17:09","slug":"torun","status":"publish","type":"post","link":"https:\/\/www.polonia.travel\/it\/torun\/","title":{"rendered":"Toru\u0144"},"content":{"rendered":"\n<div class=\"wp-block-group is-style-container\"><div class=\"wp-block-group__inner-container is-layout-constrained wp-block-group-is-layout-constrained\">\n<!-- empty -->\n\n\n<div class=\"metrics\">\n  <div class=\"metrics__text\">\n    <h1 class=\"is-style-heading-38 mb20 large-mb30\">Toru\u0144<\/h1>\n    <p><strong>Uno dei due capoluoghi della regione di Cuiavia-Pomerania, con il suo centro storico patrimonio dell\u2019UNESCO, \u00e8 tra le citt\u00e0 pi\u00f9 interessanti da visitare di tutta la Polonia.<\/strong><\/p>\n  <\/div>\n  <div class=\"metrics__sidebar\">\n    <div class=\"metrics-box\">\n              <div class=\"metrics-box__title\">Informazioni di base<\/div>\n        <div class=\"metrics-box__values\">\n                                        <div class=\"metrics-box__item\">\n      <div class=\"metrics-box__label\">Superficie <\/div>\n      <div class=\"metrics-box__value\">115,72 km\u00b2 <\/div>\n    <\/div>\n                                <div class=\"metrics-box__item\">\n      <div class=\"metrics-box__label\">Abitanti<\/div>\n      <div class=\"metrics-box__value\">198 273 (2020)<\/div>\n    <\/div>\n                                <\/div>\n                    <div class=\"metrics-box__links\">\n                      <a href=\"http:\/\/www.torun.pl\/en\" class=\"metrics-box__link external\"\n                                  target=\"_blank\" rel=\"nofollow noopener noreferrer\"\n                            >www<\/a>\n                  <\/div>\n          <\/div>\n  <\/div>\n<\/div>\n<\/div><\/div>\n\n\n\n<div class=\"wp-block-group is-style-container-medium\"><div class=\"wp-block-group__inner-container is-layout-constrained wp-block-group-is-layout-constrained\">\n<p><strong>La citt\u00e0 degli angeli<\/strong><\/p>\n\n\n\n<p><em>\u201cCon i suoi edifici decorati e i tetti coperti di mattoni rossi, Toru\u0144 risplende cos\u00ec magnificamente che in poche citt\u00e0 possono concorrere con la sua bellezza\u201c. Con queste parole, nel XV secolo, il cronista polacco <\/em>Jan D\u0142ugosz descriveva la citt\u00e0 di Toru\u0144, fondata duecento anni prima dai cavalieri teutonici. Per la verit\u00e0, la sua collocazione originale era da un\u2019altra parte e fu spostata, secondo le cronache dei cavalieri teutonici, a causa delle continue piene del fiume. Presto nacquero due citt\u00e0: Toru\u0144 Vecchia e Nuova, e in mezzo ad esse i cavalieri eressero il loro castello.<\/p>\n\n\n\n<p>La prova dell\u2019esistenza di due citt\u00e0 ci \u00e8 data dalla presenza di due piazze del mercato. In mezzo a quella della citt\u00e0 vecchia si trova oggi il monumentale edificio del <strong>Municipio<\/strong>, su cui si erge il simbolo della citt\u00e0, una donna angelicata che regge in mano una chiave e lo stemma di una porta con tre torri. &nbsp;La porta \u00e8&nbsp;<em>\u201cda una parte aperta, dall\u2019altra invece chiusa. Per quale motivo, si chieder\u00e0 qualcuno? Perch\u00e9 per i nemici le porte della citt\u00e0 sono chiuse, ma per l\u2019ospite sempre aperte\u201d.<\/em><\/p>\n\n\n\n<p><strong>Il serraglio di Toru\u0144<\/strong><\/p>\n\n\n\n<p>Nelle vicinanze del Municipio si trova <strong>la fontana delle rane<\/strong> che, secondo la leggenda, andrebbero accarezzate perch\u00e9 pare che farlo porti fortuna. Stando vicino alla fontana \u00e8 sufficiente alzare la testa e guardarsi rapidamente intorno per notare che sul tetto di uno dei palazzi c\u2019\u00e8 un gatto nero, difensore di Toru\u0144. E, sempre a proposito di animali, a volte i visitatori sono stupiti dal vedere <strong>un<\/strong> <strong>asino<\/strong> in piedi nella piazza del mercato. La statua ricorda un antico luogo dove si punivano i disertori facendoli sedere a dorso dell\u2019asino, pungolandoli con uno spuntone di metallo e mettendogli dei pesi ai piedi. Dalla parte opposta della piazza, sotto un lampione c\u2019\u00e8 <strong>il cane <\/strong><strong>Filu\u015b, seduto con in bocca il cappello del suo padrone. Sembra che ad accarezzargli la testa si guadagni in saggezza e a prenderlo per la coda si possa conquistare il successo in amore.<\/strong>&nbsp;<\/p>\n<\/div><\/div>\n\n\n\n<div style=\"height:100px\" aria-hidden=\"true\" class=\"wp-block-spacer is-style-spacer-small\"><\/div>\n\n\n\n<div class=\"wp-block-group is-style-container\"><div class=\"wp-block-group__inner-container is-layout-constrained wp-block-group-is-layout-constrained\">  <div class=\"gallery-tiles gallery-tiles--rows-2-3 lightgallery\">\r\n          <a href=\"https:\/\/www.polonia.travel\/it\/wp-content\/uploads\/sites\/20\/2022\/12\/torun_panorama_wisla_1170.jpg\" class=\"gallery-tiles__item\" data-src=\"https:\/\/www.polonia.travel\/it\/wp-content\/uploads\/sites\/20\/2022\/12\/torun_panorama_wisla_1170.jpg\"\r\n        aria-label=\"Otw\u00f3rz powi\u0119kszone zdj\u0119cie: Panorama of the Old Town in Toru\u0144\">\r\n        <img loading=\"lazy\" decoding=\"async\" width=\"1170\" height=\"780\" src=\"https:\/\/www.polonia.travel\/it\/wp-content\/uploads\/sites\/20\/2022\/12\/torun_panorama_wisla_1170.jpg\" class=\"gallery-tiles__thumb\" alt=\"Panorama of the Old Town in Toru\u0144\" srcset=\"https:\/\/www.polonia.travel\/it\/wp-content\/uploads\/sites\/20\/2022\/12\/torun_panorama_wisla_1170.jpg 1170w, https:\/\/www.polonia.travel\/it\/wp-content\/uploads\/sites\/20\/2022\/12\/torun_panorama_wisla_1170-600x400.jpg 600w, https:\/\/www.polonia.travel\/it\/wp-content\/uploads\/sites\/20\/2022\/12\/torun_panorama_wisla_1170-768x512.jpg 768w\" sizes=\"auto, (max-width: 1170px) 100vw, 1170px\" \/>      <\/a>\r\n          <a href=\"https:\/\/www.polonia.travel\/it\/wp-content\/uploads\/sites\/20\/2024\/05\/Torun-dom-Kopernika-min.jpg\" class=\"gallery-tiles__item\" data-src=\"https:\/\/www.polonia.travel\/it\/wp-content\/uploads\/sites\/20\/2024\/05\/Torun-dom-Kopernika-min.jpg\"\r\n        aria-label=\"Otw\u00f3rz powi\u0119kszone zdj\u0119cie: Torun-dom-Kopernika-min\">\r\n        <img loading=\"lazy\" decoding=\"async\" width=\"800\" height=\"534\" src=\"https:\/\/www.polonia.travel\/it\/wp-content\/uploads\/sites\/20\/2024\/05\/Torun-dom-Kopernika-min.jpg\" class=\"gallery-tiles__thumb\" alt=\"\" srcset=\"https:\/\/www.polonia.travel\/it\/wp-content\/uploads\/sites\/20\/2024\/05\/Torun-dom-Kopernika-min.jpg 800w, https:\/\/www.polonia.travel\/it\/wp-content\/uploads\/sites\/20\/2024\/05\/Torun-dom-Kopernika-min-600x401.jpg 600w, https:\/\/www.polonia.travel\/it\/wp-content\/uploads\/sites\/20\/2024\/05\/Torun-dom-Kopernika-min-768x513.jpg 768w\" sizes=\"auto, (max-width: 800px) 100vw, 800px\" \/>      <\/a>\r\n          <a href=\"https:\/\/www.polonia.travel\/it\/wp-content\/uploads\/sites\/20\/2024\/05\/3887_Torun_zywe_muzeum_piernika-1.jpg\" class=\"gallery-tiles__item\" data-src=\"https:\/\/www.polonia.travel\/it\/wp-content\/uploads\/sites\/20\/2024\/05\/3887_Torun_zywe_muzeum_piernika-1.jpg\"\r\n        aria-label=\"Otw\u00f3rz powi\u0119kszone zdj\u0119cie: 3887_Torun_zywe_muzeum_piernika-1\">\r\n        <img loading=\"lazy\" decoding=\"async\" width=\"800\" height=\"533\" src=\"https:\/\/www.polonia.travel\/it\/wp-content\/uploads\/sites\/20\/2024\/05\/3887_Torun_zywe_muzeum_piernika-1.jpg\" class=\"gallery-tiles__thumb\" alt=\"\" srcset=\"https:\/\/www.polonia.travel\/it\/wp-content\/uploads\/sites\/20\/2024\/05\/3887_Torun_zywe_muzeum_piernika-1.jpg 800w, https:\/\/www.polonia.travel\/it\/wp-content\/uploads\/sites\/20\/2024\/05\/3887_Torun_zywe_muzeum_piernika-1-600x400.jpg 600w, https:\/\/www.polonia.travel\/it\/wp-content\/uploads\/sites\/20\/2024\/05\/3887_Torun_zywe_muzeum_piernika-1-768x512.jpg 768w\" sizes=\"auto, (max-width: 800px) 100vw, 800px\" \/>      <\/a>\r\n          <a href=\"https:\/\/www.polonia.travel\/it\/wp-content\/uploads\/sites\/20\/2024\/05\/torun_rid-10.jpg\" class=\"gallery-tiles__item\" data-src=\"https:\/\/www.polonia.travel\/it\/wp-content\/uploads\/sites\/20\/2024\/05\/torun_rid-10.jpg\"\r\n        aria-label=\"Otw\u00f3rz powi\u0119kszone zdj\u0119cie: torun_rid-10\">\r\n        <img loading=\"lazy\" decoding=\"async\" width=\"540\" height=\"360\" src=\"https:\/\/www.polonia.travel\/it\/wp-content\/uploads\/sites\/20\/2024\/05\/torun_rid-10.jpg\" class=\"gallery-tiles__thumb\" alt=\"\" \/>      <\/a>\r\n      <\/div>\r\n<\/div><\/div>\n\n\n\n<div style=\"height:100px\" aria-hidden=\"true\" class=\"wp-block-spacer is-style-spacer-small\"><\/div>\n\n\n\n<div class=\"wp-block-group is-style-container-medium\"><div class=\"wp-block-group__inner-container is-layout-constrained wp-block-group-is-layout-constrained\">\n<p><strong>Il gotico a portata di mano<\/strong><\/p>\n\n\n\n<p><strong>La posizione sulla Vistola ha dato un grande contributo allo sviluppo commerciale della citt\u00e0. <\/strong>Toru\u0144 infatti faceva parte della Lega anseatica e le tracce di questa tradizione si possono vedere ancora oggi passeggiando per <strong>via<\/strong> <strong>Szerok\u0105<\/strong>, lungo la quale sono stati scolpiti gli stemmi delle citt\u00e0 con cui Toru\u0144 conduceva scambi commerciali. In passato c\u2019erano molte prove della grande ricchezza della citt\u00e0: le sue mura, i palazzi del potere, le case private e numerose chiese. Oggi possiamo vederne le tracce passeggiando per la citt\u00e0 vecchia. Purtroppo non tutte le porte, le mura e le chiese hanno superato la prova del tempo, ma quello che \u00e8 rimasto colpisce e affascina anche i pi\u00f9 esigenti.<\/p>\n\n\n\n<p><strong>La citt\u00e0 di Niccol\u00f2 Copernico<\/strong><\/p>\n\n\n\n<p>Un giorno in questa ricca citt\u00e0 arriv\u00f2 un mercante di nome <strong>Niccol\u00f2 Copernico<\/strong> che a Toru\u0144 mise radici e diede alla luce quattro figli tra cui uno che si chiam\u00f2 anche lui Niccol\u00f2. Oggi non \u00e8 ancora chiaro in quale degli antichi palazzi di Toru\u0144 sia nato il poi grande astronomo, ma di sicuro sappiamo che nella <strong>Cattedrale dei Santi Giovanni Battista e Giovanni Evangelista<\/strong> c\u2019\u00e8 <strong>la Cappella battesimale di Copernico <\/strong>dove ricevette il primo sacramento. Sulle tracce del grande astronomo \u00e8 obbligatoria una tappa alla Casa Museo di Niccol\u00f2 Copernico che si trova in parte in un edificio che apparteneva alla sua famiglia.<\/p>\n\n\n\n<p><strong>La citt\u00e0 dei dolci di pan di zenzero<\/strong><\/p>\n\n\n\n<p>Toru\u0144 \u00e8 la citt\u00e0 dei dolci di <strong>pan di zenzero<\/strong>, e per questo ogni anno centinaia di persone arrivano qui per imparare i segreti di questa preparazione sotto gli occhi di esperti pasticcieri e pasticciere e poi portano a casa le proprie creazioni come ricordo.<\/p>\n\n\n\n<p>Ci sono molti posti a Toru\u0144 dove si pu\u00f2 preparare con le proprie mani questi autentici tesori. I pi\u00f9 grandi sono <strong>il Museo dei Dolci di pan di zenzero di Toru\u0144<\/strong> o il <strong>Museo Vivo dei Dolci di Pan di Zenzero<\/strong>.<\/p>\n\n\n\n<p><strong>La fortezza di Toru\u0144<\/strong><\/p>\n\n\n\n<p>Toru\u0144 \u00e8 un\u2019antica <strong>fortezza le cui mura medievali comprendevano 12 porte, oltre 60 <\/strong>bastioni e due barbacani difensivi. Il bastione pi\u00f9 famoso \u00e8 <strong>la Torre Inclinata <\/strong>dove, secondo la leggenda, la pendenza della torre serviva come punizione per i cavalieri che avevano peccato. Quando sarete qui, provate a mettervi in piedi sotto la torre con i talloni, la schiena e la testa ben saldi lungo il muro e le braccia rette di fronte a s\u00e9. Chi riuscir\u00e0 a restare in equilibrio, mostrer\u00e0 la propria purezza d\u2019animo.<\/p>\n\n\n\n<p>Il pi\u00f9 lungo frammento di mura cittadine ancora oggi conservato \u00e8 quello che si trova dalla parte della <strong>Vistola<\/strong>, dove ancora oggi si rovano tre delle porte che consentivano l\u2019accesso alla citt\u00e0. Nel XVII secolo, per resistere alla minaccia degli invasori svedesi, la citt\u00e0 si attrezz\u00f2 con la costruzione di altri bastioni difensivi e due secoli dopo le autorit\u00e0 prussiane costruirono una fortificazione attorno alla citt\u00e0 con un diametro di 22,5 chilometri. Durante la costruzione della fortezza, su entrambi i versanti della Vistola, furono erette circa 200 piccole costruzioni difensive tra cui 15 forti. Per i visitatori indisciplinati e capricciosi, sar\u00e0 bene fare una visita al <strong>Forte IV<\/strong> dove un soldato prussiano vi rimetter\u00e0 in riga.<\/p>\n\n\n\n<p><strong>La Toru\u0144 teutonica<\/strong><\/p>\n\n\n\n<p>Un posto pieno di carattere, che nell\u2019alto medioevo era l\u2019unica vera fortificazione cittadina, \u00e8 <strong>il castello dei cavalieri teutonici<\/strong>. Costruito a forma di ferro di cavallo, \u00e8 stato il primo castello teutonico costruito sul versante destro della Vistola. Fu eretto nel XIII secolo e distrutto dagli abitanti della citt\u00e0 nel XV secolo, stanchi dei soprusi che dovevano subire. Secondo la leggenda, i cittadini infuriati ebbero un alleato all\u2019interno del castello, il cuoco Jordan che sal\u00ec per le ripide scale della torre e diede il segnale per procedere all\u2019attacco. Purtroppo, nell\u2019impeto dell\u2019azione, i cittadini causarono l\u2019esplosione della torre che fece saltare in aria anche il povero cuoco facendolo volare per tutta la citt\u00e0 e facendolo cadere su una delle porte.<\/p>\n\n\n\n<p><strong>Una citt\u00e0 di pace<\/strong><\/p>\n\n\n\n<p>A Toru\u0144 vennero firmati due trattati di pace che posero fine alle guerre tra il Regno di Polonia e i Cavalieri Teutonici nel 1411 e poi nel 1416 che portarono la citt\u00e0 dentro i confini del regno polacco. Citando il cronista:&nbsp;<em>\u201cIl giorno 19 ottobre, di domenica, dopo avere sancito e confermato un patto di pace eterna le cui condizioni furono discusse per giorni (&#8230;) si recarono di persona al mercato di Toru\u0144 il re Casimiro e il gran maestro Ludovico accompagnati da molti uomini d\u2019arme. Dopo che i due si videro e si salutarono amichevolmente, fu ordinato il silenzio, e Rudolf, nunzio apostolico, annunci\u00f2 nel dettaglio che il patto di pace eterna tra Casimiro re di Polonia con tutto il suo regno da una parte e Ludovico, gran maestro di Prussia con tutto il suo Ordine dall\u2019altra, fu felicemente contratto (\u2026)\u201d<\/em>&nbsp;[fonte: Le cronache di Jan D\u0142ugosz].<\/p>\n\n\n\n<p><strong>La Toru\u0144 regale<\/strong><\/p>\n\n\n\n<p>Tanto ai tempi dei cavalieri teutonici che a quelli del regno di Polonia, Toru\u0144 fu spesso visitata dai re polacchi. Alla fine di maggio del 1404, durante una visita di re Ladislao Jagellone accadde una cosa che il cronista Jan D\u0142ugosz descrisse cos\u00ec:&nbsp;<em>\u201cQuando per tre giorni il re polacco Ladislao passava per le strade di Toru\u0144 con il Gran Maestro di Prussia per osservare la posizione della citt\u00e0, una cuoca vers\u00f2 su re Ladislao l\u2019acqua di rigovernatura in cui aveva lavato le stoviglie. Arrestata per ordine del gran maestro e condannata a morte per annegamento, fu salvata per la bont\u00e0 d\u2019animo del re\u201c. L\u2019ospite regale che visit\u00f2 Toru\u0144 pi\u00f9 spesso fu invece Casimiro IV re di Polonia che venne in citt\u00e0 per 16 volte e ci pass\u00f2 in totale 14 mesi.<\/em><\/p>\n\n\n\n<p><strong>I record di Toru\u0144<\/strong><\/p>\n\n\n\n<p>Nell\u2019anno 1500, <strong>sul campanile della Chiesa dei Santi Giovanni Battista e Giovanni Apostolo<\/strong> fu montata una campana, all\u2019epoca la pi\u00f9 grande di tutto il Regno di Polonia, chiamata \u201cTuba Dei\u201d, sette tonnellate di peso per oltre due metri di diametro. La si pu\u00f2 vedere ancora oggi salendo sul campanile dove probabilmente attirer\u00e0 la vostra attenzione una piccola particolarit\u00e0: l\u2019orologio ha una sola lancetta.<\/p>\n\n\n\n<p>Il panorama di Toru\u0144 si pu\u00f2 ammirare tanto dal ponte di una delle navi che attraversano la Vistola quanto dal ponte stradale o dalla terrazza che si trova sul versante sinistro del fiume. Questo panorama \u00e8 considerato uno dei Gioielli di Polonia e il \u201cRiconoscimento di indubbio valore universale\u201c della Citt\u00e0 Vecchia il 4 dicembre del 1997 \u00e8 valso a Toru\u0144 un posto nella lista del Patrimonio Culturale Mondiale dell\u2019Unesco. Che dire&#8230; Vi aspettiamo a Toru\u0144!<\/p>\n<\/div><\/div>\n\n\n\n<div style=\"height:100px\" aria-hidden=\"true\" class=\"wp-block-spacer is-style-spacer-small\"><\/div>\n\n\n\n<div class=\"wp-block-group has-background\" style=\"background-color:#eeeeee\"><div class=\"wp-block-group__inner-container is-layout-constrained wp-block-group-is-layout-constrained\">\n<div style=\"height:100px\" aria-hidden=\"true\" class=\"wp-block-spacer is-style-spacer-small\"><\/div>\n\n\n\n<div class=\"wp-block-group is-style-container\"><div class=\"wp-block-group__inner-container is-layout-constrained wp-block-group-is-layout-constrained\">\n<h3 class=\"wp-block-heading\">Scopri di pi\u00f9<\/h3>\n\n\n\n<div style=\"height:100px\" aria-hidden=\"true\" class=\"wp-block-spacer is-style-spacer-small\"><\/div>\n\n\n<div class=\"overflow\">\n  <div class=\"post-slider swiper post-slider--small\" data-schema=\"small\">\n\n    <div class=\"swiper-wrapper\">\n              <div class=\"swiper-slide post-slide\">\n                      <a href=\"https:\/\/www.polonia.travel\/it\/stettino\/\" class=\"post-box post-box--small\" style=\" background-image: url(https:\/\/www.polonia.travel\/it\/wp-content\/uploads\/sites\/20\/2024\/11\/AdobeStock_132580111_Szczecin-600x260.jpeg);\">\n          <div class=\"post-box__hover\" style=\"background-image: url(https:\/\/www.polonia.travel\/it\/wp-content\/uploads\/sites\/20\/2024\/05\/16xZP_Szczecin-1-600x367.jpg);\"><\/div>\n        <div class=\"post-box__info\">\n            <div class=\"post-box__title\">Stettino<\/div>\n      <div class=\"post-box__more\">Leggi di pi\u00f9<\/div>\n    <\/div>\n  <\/a>\n\n          <\/div>\n              <div class=\"swiper-slide post-slide\">\n                      <a href=\"https:\/\/www.polonia.travel\/it\/gorzow-wielkopolski\/\" class=\"post-box post-box--small\" style=\" background-image: url(https:\/\/www.polonia.travel\/it\/wp-content\/uploads\/sites\/20\/2023\/02\/Trakt-krolewski-ulic-600x400.jpg);\">\n          <div class=\"post-box__hover\" style=\"background-image: url(https:\/\/www.polonia.travel\/it\/wp-content\/uploads\/sites\/20\/2022\/12\/gorzow_wlk_stakada_kolejowa_1170-1-600x400.jpg);\"><\/div>\n        <div class=\"post-box__info\">\n            <div class=\"post-box__title\">Gorz\u00f3w Wielkopolski<\/div>\n      <div class=\"post-box__more\">Leggi di pi\u00f9<\/div>\n    <\/div>\n  <\/a>\n\n          <\/div>\n              <div class=\"swiper-slide post-slide\">\n                      <a href=\"https:\/\/www.polonia.travel\/it\/zielona-gora\/\" class=\"post-box post-box--small\" style=\" background-image: url(https:\/\/www.polonia.travel\/it\/wp-content\/uploads\/sites\/20\/2024\/07\/AdobeStock_264486646_zielona_gora-600x400.jpeg);\">\n          <div class=\"post-box__hover\" style=\"background-image: url(https:\/\/www.polonia.travel\/it\/wp-content\/uploads\/sites\/20\/2024\/07\/AdobeStock_289584512_stara_winnica_zielona_gora-600x399.jpeg);\"><\/div>\n        <div class=\"post-box__info\">\n            <div class=\"post-box__title\">Zielona G\u00f3ra<\/div>\n      <div class=\"post-box__more\">Leggi di pi\u00f9<\/div>\n    <\/div>\n  <\/a>\n\n          <\/div>\n              <div class=\"swiper-slide post-slide\">\n                      <a href=\"https:\/\/www.polonia.travel\/it\/rzeszow\/\" class=\"post-box post-box--small\" style=\" background-image: url(https:\/\/www.polonia.travel\/it\/wp-content\/uploads\/sites\/20\/2024\/07\/Rzeszow_002-600x400.jpg);\">\n          <div class=\"post-box__hover\" style=\"background-image: url(https:\/\/www.polonia.travel\/it\/wp-content\/uploads\/sites\/20\/2024\/07\/AdobeStock_509486826_Rzeszow-600x400.jpeg);\"><\/div>\n        <div class=\"post-box__info\">\n            <div class=\"post-box__title\">Rzesz\u00f3w<\/div>\n      <div class=\"post-box__more\">Leggi di pi\u00f9<\/div>\n    <\/div>\n  <\/a>\n\n          <\/div>\n              <div class=\"swiper-slide post-slide\">\n                      <a href=\"https:\/\/www.polonia.travel\/it\/opole\/\" class=\"post-box post-box--small\" style=\" background-image: url(https:\/\/www.polonia.travel\/it\/wp-content\/uploads\/sites\/20\/2024\/07\/AdobeStock_122179190_Opole-600x400.jpeg);\">\n          <div class=\"post-box__hover\" style=\"background-image: url(https:\/\/www.polonia.travel\/it\/wp-content\/uploads\/sites\/20\/2023\/02\/6940_Opole_MG-xl-600x400.jpg);\"><\/div>\n        <div class=\"post-box__info\">\n            <div class=\"post-box__title\">Opole<\/div>\n      <div class=\"post-box__more\">Leggi di pi\u00f9<\/div>\n    <\/div>\n  <\/a>\n\n          <\/div>\n              <div class=\"swiper-slide post-slide\">\n                      <a href=\"https:\/\/www.polonia.travel\/it\/katowice\/\" class=\"post-box post-box--small\" style=\" background-image: url(https:\/\/www.polonia.travel\/it\/wp-content\/uploads\/sites\/20\/2024\/07\/AdobeStock_517082133_katowice_nikiszowiec-600x400.jpeg);\">\n          <div class=\"post-box__hover\" style=\"background-image: url(https:\/\/www.polonia.travel\/it\/wp-content\/uploads\/sites\/20\/2024\/07\/226185431_Katowice_Strefa_Kultury-600x450.jpg);\"><\/div>\n        <div class=\"post-box__info\">\n            <div class=\"post-box__title\">Katowice<\/div>\n      <div class=\"post-box__more\">Leggi di pi\u00f9<\/div>\n    <\/div>\n  <\/a>\n\n          <\/div>\n              <div class=\"swiper-slide post-slide\">\n                      <a href=\"https:\/\/www.polonia.travel\/it\/kielce\/\" class=\"post-box post-box--small\" style=\" background-image: url(https:\/\/www.polonia.travel\/it\/wp-content\/uploads\/sites\/20\/2023\/07\/Kielce3_Fot_Slawek_Rakowski-600x450.jpg);\">\n          <div class=\"post-box__hover\" style=\"background-image: url(https:\/\/www.polonia.travel\/it\/wp-content\/uploads\/sites\/20\/2023\/07\/Kielce4_Fot_Slawek_Rakowski-600x450.jpg);\"><\/div>\n        <div class=\"post-box__info\">\n            <div class=\"post-box__title\">Kielce<\/div>\n      <div class=\"post-box__more\">Leggi di pi\u00f9<\/div>\n    <\/div>\n  <\/a>\n\n          <\/div>\n              <div class=\"swiper-slide post-slide\">\n                      <a href=\"https:\/\/www.polonia.travel\/it\/olsztyn\/\" class=\"post-box post-box--small\" style=\" background-image: url(https:\/\/www.polonia.travel\/it\/wp-content\/uploads\/sites\/20\/2022\/12\/olsztyn_panorama_1170-1-600x400.jpg);\">\n          <div class=\"post-box__hover\" style=\"background-image: url(https:\/\/www.polonia.travel\/it\/wp-content\/uploads\/sites\/20\/2023\/02\/olsztyn_panorama_3_1170-e1676903814149-600x346.jpg);\"><\/div>\n        <div class=\"post-box__info\">\n            <div class=\"post-box__title\">Olsztyn<\/div>\n      <div class=\"post-box__more\">Leggi di pi\u00f9<\/div>\n    <\/div>\n  <\/a>\n\n          <\/div>\n              <div class=\"swiper-slide post-slide\">\n                      <a href=\"https:\/\/www.polonia.travel\/it\/bialystok-podlaskie\/\" class=\"post-box post-box--small\" style=\" background-image: url(https:\/\/www.polonia.travel\/it\/wp-content\/uploads\/sites\/20\/2022\/12\/bialystok_palac_branickich_2_1170-1-600x400.jpg);\">\n          <div class=\"post-box__hover\" style=\"background-image: url(https:\/\/www.polonia.travel\/it\/wp-content\/uploads\/sites\/20\/2024\/07\/POT_Wybrane-022_Bialystok-600x449.jpg);\"><\/div>\n        <div class=\"post-box__info\">\n            <div class=\"post-box__title\">Bia\u0142ystok<\/div>\n      <div class=\"post-box__more\">Leggi di pi\u00f9<\/div>\n    <\/div>\n  <\/a>\n\n          <\/div>\n              <div class=\"swiper-slide post-slide\">\n                      <a href=\"https:\/\/www.polonia.travel\/it\/bydgoszcz\/\" class=\"post-box post-box--small\" style=\" background-image: url(https:\/\/www.polonia.travel\/it\/wp-content\/uploads\/sites\/20\/2024\/07\/AdobeStock_529436426_Bydgoszcz-600x449.jpeg);\">\n          <div class=\"post-box__hover\" style=\"background-image: url(https:\/\/www.polonia.travel\/it\/wp-content\/uploads\/sites\/20\/2024\/05\/Bydgoszcz1170-10-600x400.jpg);\"><\/div>\n        <div class=\"post-box__info\">\n            <div class=\"post-box__title\">Bydgoszcz<\/div>\n      <div class=\"post-box__more\">Leggi di pi\u00f9<\/div>\n    <\/div>\n  <\/a>\n\n          <\/div>\n              <div class=\"swiper-slide post-slide\">\n                      <a href=\"https:\/\/www.polonia.travel\/it\/danzica\/\" class=\"post-box post-box--small\" style=\" background-image: url(https:\/\/www.polonia.travel\/it\/wp-content\/uploads\/sites\/20\/2024\/05\/Danzica-6.jpg);\">\n          <div class=\"post-box__hover\" style=\"background-image: url(https:\/\/www.polonia.travel\/it\/wp-content\/uploads\/sites\/20\/2024\/05\/Danzica20copia-min-37.jpg);\"><\/div>\n        <div class=\"post-box__info\">\n            <div class=\"post-box__title\">Danzica<\/div>\n      <div class=\"post-box__more\">Leggi di pi\u00f9<\/div>\n    <\/div>\n  <\/a>\n\n          <\/div>\n              <div class=\"swiper-slide post-slide\">\n                      <a href=\"https:\/\/www.polonia.travel\/it\/lublino\/\" class=\"post-box post-box--small\" style=\" background-image: url(https:\/\/www.polonia.travel\/it\/wp-content\/uploads\/sites\/20\/2024\/05\/14_Lublin__cebularze_KD_HR-1-600x450.jpg);\">\n          <div class=\"post-box__hover\" style=\"background-image: url(https:\/\/www.polonia.travel\/it\/wp-content\/uploads\/sites\/20\/2024\/05\/LUBLINO-1-600x400.jpg);\"><\/div>\n        <div class=\"post-box__info\">\n            <div class=\"post-box__title\">Lublino<\/div>\n      <div class=\"post-box__more\">Leggi di pi\u00f9<\/div>\n    <\/div>\n  <\/a>\n\n          <\/div>\n              <div class=\"swiper-slide post-slide\">\n                      <a href=\"https:\/\/www.polonia.travel\/it\/lodz\/\" class=\"post-box post-box--small\" style=\" background-image: url(https:\/\/www.polonia.travel\/it\/wp-content\/uploads\/sites\/20\/2024\/07\/Lodz_Manufaktura-weaving-mill-view-600x337.jpg);\">\n          <div class=\"post-box__hover\" style=\"background-image: url(https:\/\/www.polonia.travel\/it\/wp-content\/uploads\/sites\/20\/2024\/05\/LODZ_1-1-600x400.jpg);\"><\/div>\n        <div class=\"post-box__info\">\n            <div class=\"post-box__title\">\u0141\u00f3d\u017a<\/div>\n      <div class=\"post-box__more\">Leggi di pi\u00f9<\/div>\n    <\/div>\n  <\/a>\n\n          <\/div>\n              <div class=\"swiper-slide post-slide\">\n                      <a href=\"https:\/\/www.polonia.travel\/it\/poznan\/\" class=\"post-box post-box--small\" style=\" background-image: url(https:\/\/www.polonia.travel\/it\/wp-content\/uploads\/sites\/20\/2024\/07\/GettyImages-845560082_poznan-600x401.jpg);\">\n          <div class=\"post-box__hover\" style=\"background-image: url(https:\/\/www.polonia.travel\/it\/wp-content\/uploads\/sites\/20\/2025\/01\/Capretti-Poznan-fot-Jakub-Pindych.jpg);\"><\/div>\n        <div class=\"post-box__info\">\n            <div class=\"post-box__title\">Pozna\u0144<\/div>\n      <div class=\"post-box__more\">Leggi di pi\u00f9<\/div>\n    <\/div>\n  <\/a>\n\n          <\/div>\n              <div class=\"swiper-slide post-slide\">\n                      <a href=\"https:\/\/www.polonia.travel\/it\/wroclaw-breslavia\/\" class=\"post-box post-box--small\" style=\" background-image: url(https:\/\/www.polonia.travel\/it\/wp-content\/uploads\/sites\/20\/2024\/07\/GettyImages-959289774_wroclaw_ostrow_tumski-600x400.jpg);\">\n          <div class=\"post-box__hover\" style=\"background-image: url(https:\/\/www.polonia.travel\/it\/wp-content\/uploads\/sites\/20\/2025\/01\/245373114_Wroclaw_ratusz_Adobe-2.jpg);\"><\/div>\n        <div class=\"post-box__info\">\n            <div class=\"post-box__title\">Breslavia<\/div>\n      <div class=\"post-box__more\">Leggi di pi\u00f9<\/div>\n    <\/div>\n  <\/a>\n\n          <\/div>\n              <div class=\"swiper-slide post-slide\">\n                      <a href=\"https:\/\/www.polonia.travel\/it\/torun\/\" class=\"post-box post-box--small\" style=\" background-image: url(https:\/\/www.polonia.travel\/it\/wp-content\/uploads\/sites\/20\/2024\/05\/605038_Torun-dom-Kopernika_HR-1-600x400.jpg);\">\n          <div class=\"post-box__hover\" style=\"background-image: url(https:\/\/www.polonia.travel\/it\/wp-content\/uploads\/sites\/20\/2022\/12\/torun_panorama_wisla_1170-600x400.jpg);\"><\/div>\n        <div class=\"post-box__info\">\n            <div class=\"post-box__title\">Toru\u0144<\/div>\n      <div class=\"post-box__more\">Leggi di pi\u00f9<\/div>\n    <\/div>\n  <\/a>\n\n          <\/div>\n              <div class=\"swiper-slide post-slide\">\n                      <a href=\"https:\/\/www.polonia.travel\/it\/cracovia\/\" class=\"post-box post-box--small\" style=\" background-image: url(https:\/\/www.polonia.travel\/it\/wp-content\/uploads\/sites\/20\/2024\/07\/GettyImages-816871864_krakow-600x400.jpg);\">\n          <div class=\"post-box__hover\" style=\"background-image: url(https:\/\/www.polonia.travel\/it\/wp-content\/uploads\/sites\/20\/2024\/07\/AdobeStock_574882100_Krakow-600x449.jpeg);\"><\/div>\n        <div class=\"post-box__info\">\n            <div class=\"post-box__title\">Cracovia<\/div>\n      <div class=\"post-box__more\">Leggi di pi\u00f9<\/div>\n    <\/div>\n  <\/a>\n\n          <\/div>\n              <div class=\"swiper-slide post-slide\">\n                      <a href=\"https:\/\/www.polonia.travel\/it\/varsavia-capitale-della-polonia\/\" class=\"post-box post-box--small\" style=\" background-image: url(https:\/\/www.polonia.travel\/it\/wp-content\/uploads\/sites\/20\/2024\/07\/GettyImages-1166316683_Warszawa-600x400.jpg);\">\n          <div class=\"post-box__hover\" style=\"background-image: url(https:\/\/www.polonia.travel\/it\/wp-content\/uploads\/sites\/20\/2022\/12\/warszawa_lazienki_krolewskie_wiosna_1170-1-600x400.jpeg);\"><\/div>\n        <div class=\"post-box__info\">\n            <div class=\"post-box__title\">Varsavia<\/div>\n      <div class=\"post-box__more\">Leggi di pi\u00f9<\/div>\n    <\/div>\n  <\/a>\n\n          <\/div>\n          <\/div>\n    <div class=\"post-slider__pagination\"><\/div>\n  <\/div>\n<\/div>\n<\/div><\/div>\n\n\n\n<div style=\"height:100px\" aria-hidden=\"true\" class=\"wp-block-spacer is-style-spacer-small\"><\/div>\n<\/div><\/div>\n","protected":false},"excerpt":{"rendered":"<p>La citt\u00e0 degli angeli \u201cCon i suoi edifici decorati e i tetti coperti di mattoni rossi, Toru\u0144 risplende cos\u00ec magnificamente che in poche citt\u00e0 possono concorrere con la sua bellezza\u201c. Con queste parole, nel XV secolo, il cronista polacco Jan D\u0142ugosz descriveva la citt\u00e0 di Toru\u0144, fondata duecento anni prima dai cavalieri teutonici. Per la [&hellip;]<\/p>\n","protected":false},"author":1,"featured_media":20597,"comment_status":"open","ping_status":"open","sticky":false,"template":"","format":"standard","meta":{"_acf_changed":false,"footnotes":""},"categories":[1037],"class_list":["post-31284","post","type-post","status-publish","format-standard","has-post-thumbnail","hentry","category-citta"],"acf":[],"yoast_head":"<!-- This site is optimized with the Yoast SEO plugin v27.4 - https:\/\/yoast.com\/product\/yoast-seo-wordpress\/ -->\n<title>Toru\u0144 - Polonia Travel (IT)<\/title>\n<meta name=\"robots\" content=\"index, follow, max-snippet:-1, max-image-preview:large, max-video-preview:-1\" \/>\n<link rel=\"canonical\" href=\"https:\/\/www.polonia.travel\/it\/torun\/\" \/>\n<meta property=\"og:locale\" content=\"pl_PL\" \/>\n<meta property=\"og:type\" content=\"article\" \/>\n<meta property=\"og:title\" content=\"Toru\u0144 - Polonia Travel (IT)\" \/>\n<meta property=\"og:description\" content=\"La citt\u00e0 degli angeli \u201cCon i suoi edifici decorati e i tetti coperti di mattoni rossi, Toru\u0144 risplende cos\u00ec magnificamente che in poche citt\u00e0 possono concorrere con la sua bellezza\u201c. Con queste parole, nel XV secolo, il cronista polacco Jan D\u0142ugosz descriveva la citt\u00e0 di Toru\u0144, fondata duecento anni prima dai cavalieri teutonici. Per la [&hellip;]\" \/>\n<meta property=\"og:url\" content=\"https:\/\/www.polonia.travel\/it\/torun\/\" \/>\n<meta property=\"og:site_name\" content=\"Polonia Travel (IT)\" \/>\n<meta property=\"article:published_time\" content=\"2024-07-15T13:45:03+00:00\" \/>\n<meta property=\"article:modified_time\" content=\"2025-08-13T13:17:09+00:00\" \/>\n<meta property=\"og:image\" content=\"https:\/\/www.polonia.travel\/it\/wp-content\/uploads\/sites\/20\/2023\/02\/7__Torun_panorama_MH_HD.jpg\" \/>\n\t<meta property=\"og:image:width\" content=\"1920\" \/>\n\t<meta property=\"og:image:height\" content=\"514\" \/>\n\t<meta property=\"og:image:type\" content=\"image\/jpeg\" \/>\n<meta name=\"twitter:card\" content=\"summary_large_image\" \/>\n<meta name=\"twitter:label1\" content=\"Napisane przez\" \/>\n\t<meta name=\"twitter:data1\" content=\"\" \/>\n\t<meta name=\"twitter:label2\" content=\"Szacowany czas czytania\" \/>\n\t<meta name=\"twitter:data2\" content=\"9 minut\" \/>\n<script type=\"application\/ld+json\" class=\"yoast-schema-graph\">{\"@context\":\"https:\\\/\\\/schema.org\",\"@graph\":[{\"@type\":\"Article\",\"@id\":\"https:\\\/\\\/www.polonia.travel\\\/it\\\/torun\\\/#article\",\"isPartOf\":{\"@id\":\"https:\\\/\\\/www.polonia.travel\\\/it\\\/torun\\\/\"},\"author\":{\"name\":\"\",\"@id\":\"\"},\"headline\":\"Toru\u0144\",\"datePublished\":\"2024-07-15T13:45:03+00:00\",\"dateModified\":\"2025-08-13T13:17:09+00:00\",\"mainEntityOfPage\":{\"@id\":\"https:\\\/\\\/www.polonia.travel\\\/it\\\/torun\\\/\"},\"wordCount\":1424,\"commentCount\":8,\"publisher\":{\"@id\":\"https:\\\/\\\/www.polonia.travel\\\/it\\\/#organization\"},\"image\":{\"@id\":\"https:\\\/\\\/www.polonia.travel\\\/it\\\/torun\\\/#primaryimage\"},\"thumbnailUrl\":\"https:\\\/\\\/www.polonia.travel\\\/it\\\/wp-content\\\/uploads\\\/sites\\\/20\\\/2023\\\/02\\\/7__Torun_panorama_MH_HD.jpg\",\"keywords\":[\"it\",\"citta\"],\"articleSection\":[\"Citt\u00e0\"],\"inLanguage\":\"pl-PL\"},{\"@type\":\"WebPage\",\"@id\":\"https:\\\/\\\/www.polonia.travel\\\/it\\\/torun\\\/\",\"url\":\"https:\\\/\\\/www.polonia.travel\\\/it\\\/torun\\\/\",\"name\":\"Toru\u0144 - Polonia Travel (IT)\",\"isPartOf\":{\"@id\":\"https:\\\/\\\/www.polonia.travel\\\/it\\\/#website\"},\"primaryImageOfPage\":{\"@id\":\"https:\\\/\\\/www.polonia.travel\\\/it\\\/torun\\\/#primaryimage\"},\"image\":{\"@id\":\"https:\\\/\\\/www.polonia.travel\\\/it\\\/torun\\\/#primaryimage\"},\"thumbnailUrl\":\"https:\\\/\\\/www.polonia.travel\\\/it\\\/wp-content\\\/uploads\\\/sites\\\/20\\\/2023\\\/02\\\/7__Torun_panorama_MH_HD.jpg\",\"datePublished\":\"2024-07-15T13:45:03+00:00\",\"dateModified\":\"2025-08-13T13:17:09+00:00\",\"breadcrumb\":{\"@id\":\"https:\\\/\\\/www.polonia.travel\\\/it\\\/torun\\\/#breadcrumb\"},\"inLanguage\":\"pl-PL\",\"potentialAction\":[{\"@type\":\"ReadAction\",\"target\":[\"https:\\\/\\\/www.polonia.travel\\\/it\\\/torun\\\/\"]}]},{\"@type\":\"ImageObject\",\"inLanguage\":\"pl-PL\",\"@id\":\"https:\\\/\\\/www.polonia.travel\\\/it\\\/torun\\\/#primaryimage\",\"url\":\"https:\\\/\\\/www.polonia.travel\\\/it\\\/wp-content\\\/uploads\\\/sites\\\/20\\\/2023\\\/02\\\/7__Torun_panorama_MH_HD.jpg\",\"contentUrl\":\"https:\\\/\\\/www.polonia.travel\\\/it\\\/wp-content\\\/uploads\\\/sites\\\/20\\\/2023\\\/02\\\/7__Torun_panorama_MH_HD.jpg\",\"width\":1920,\"height\":514},{\"@type\":\"BreadcrumbList\",\"@id\":\"https:\\\/\\\/www.polonia.travel\\\/it\\\/torun\\\/#breadcrumb\",\"itemListElement\":[{\"@type\":\"ListItem\",\"position\":1,\"name\":\"Home page\",\"item\":\"https:\\\/\\\/www.polonia.travel\\\/it\\\/\"},{\"@type\":\"ListItem\",\"position\":2,\"name\":\"Scopri i luoghi\",\"item\":\"https:\\\/\\\/www.polonia.travel\\\/it\\\/category\\\/scopri-i-luoghi\\\/\"},{\"@type\":\"ListItem\",\"position\":3,\"name\":\"Citt\u00e0\",\"item\":\"https:\\\/\\\/www.polonia.travel\\\/it\\\/category\\\/scopri-i-luoghi\\\/citta\\\/\"},{\"@type\":\"ListItem\",\"position\":4,\"name\":\"Toru\u0144\"}]},{\"@type\":\"WebSite\",\"@id\":\"https:\\\/\\\/www.polonia.travel\\\/it\\\/#website\",\"url\":\"https:\\\/\\\/www.polonia.travel\\\/it\\\/\",\"name\":\"Polonia Travel (IT)\",\"description\":\"...\",\"publisher\":{\"@id\":\"https:\\\/\\\/www.polonia.travel\\\/it\\\/#organization\"},\"potentialAction\":[{\"@type\":\"SearchAction\",\"target\":{\"@type\":\"EntryPoint\",\"urlTemplate\":\"https:\\\/\\\/www.polonia.travel\\\/it\\\/?s={search_term_string}\"},\"query-input\":{\"@type\":\"PropertyValueSpecification\",\"valueRequired\":true,\"valueName\":\"search_term_string\"}}],\"inLanguage\":\"pl-PL\"},{\"@type\":\"Organization\",\"@id\":\"https:\\\/\\\/www.polonia.travel\\\/it\\\/#organization\",\"name\":\"Polonia Travel (IT)\",\"url\":\"https:\\\/\\\/www.polonia.travel\\\/it\\\/\",\"logo\":{\"@type\":\"ImageObject\",\"inLanguage\":\"pl-PL\",\"@id\":\"https:\\\/\\\/www.polonia.travel\\\/it\\\/#\\\/schema\\\/logo\\\/image\\\/\",\"url\":\"\",\"contentUrl\":\"\",\"caption\":\"Polonia Travel (IT)\"},\"image\":{\"@id\":\"https:\\\/\\\/www.polonia.travel\\\/it\\\/#\\\/schema\\\/logo\\\/image\\\/\"}},{\"@type\":\"Person\",\"@id\":\"\"}]}<\/script>\n<!-- \/ Yoast SEO plugin. -->","yoast_head_json":{"title":"Toru\u0144 - Polonia Travel (IT)","robots":{"index":"index","follow":"follow","max-snippet":"max-snippet:-1","max-image-preview":"max-image-preview:large","max-video-preview":"max-video-preview:-1"},"canonical":"https:\/\/www.polonia.travel\/it\/torun\/","og_locale":"pl_PL","og_type":"article","og_title":"Toru\u0144 - Polonia Travel (IT)","og_description":"La citt\u00e0 degli angeli \u201cCon i suoi edifici decorati e i tetti coperti di mattoni rossi, Toru\u0144 risplende cos\u00ec magnificamente che in poche citt\u00e0 possono concorrere con la sua bellezza\u201c. Con queste parole, nel XV secolo, il cronista polacco Jan D\u0142ugosz descriveva la citt\u00e0 di Toru\u0144, fondata duecento anni prima dai cavalieri teutonici. Per la [&hellip;]","og_url":"https:\/\/www.polonia.travel\/it\/torun\/","og_site_name":"Polonia Travel (IT)","article_published_time":"2024-07-15T13:45:03+00:00","article_modified_time":"2025-08-13T13:17:09+00:00","og_image":[{"width":1920,"height":514,"url":"https:\/\/www.polonia.travel\/it\/wp-content\/uploads\/sites\/20\/2023\/02\/7__Torun_panorama_MH_HD.jpg","type":"image\/jpeg"}],"twitter_card":"summary_large_image","twitter_misc":{"Napisane przez":"","Szacowany czas czytania":"9 minut"},"schema":{"@context":"https:\/\/schema.org","@graph":[{"@type":"Article","@id":"https:\/\/www.polonia.travel\/it\/torun\/#article","isPartOf":{"@id":"https:\/\/www.polonia.travel\/it\/torun\/"},"author":{"name":"","@id":""},"headline":"Toru\u0144","datePublished":"2024-07-15T13:45:03+00:00","dateModified":"2025-08-13T13:17:09+00:00","mainEntityOfPage":{"@id":"https:\/\/www.polonia.travel\/it\/torun\/"},"wordCount":1424,"commentCount":8,"publisher":{"@id":"https:\/\/www.polonia.travel\/it\/#organization"},"image":{"@id":"https:\/\/www.polonia.travel\/it\/torun\/#primaryimage"},"thumbnailUrl":"https:\/\/www.polonia.travel\/it\/wp-content\/uploads\/sites\/20\/2023\/02\/7__Torun_panorama_MH_HD.jpg","keywords":["it","citta"],"articleSection":["Citt\u00e0"],"inLanguage":"pl-PL"},{"@type":"WebPage","@id":"https:\/\/www.polonia.travel\/it\/torun\/","url":"https:\/\/www.polonia.travel\/it\/torun\/","name":"Toru\u0144 - Polonia Travel (IT)","isPartOf":{"@id":"https:\/\/www.polonia.travel\/it\/#website"},"primaryImageOfPage":{"@id":"https:\/\/www.polonia.travel\/it\/torun\/#primaryimage"},"image":{"@id":"https:\/\/www.polonia.travel\/it\/torun\/#primaryimage"},"thumbnailUrl":"https:\/\/www.polonia.travel\/it\/wp-content\/uploads\/sites\/20\/2023\/02\/7__Torun_panorama_MH_HD.jpg","datePublished":"2024-07-15T13:45:03+00:00","dateModified":"2025-08-13T13:17:09+00:00","breadcrumb":{"@id":"https:\/\/www.polonia.travel\/it\/torun\/#breadcrumb"},"inLanguage":"pl-PL","potentialAction":[{"@type":"ReadAction","target":["https:\/\/www.polonia.travel\/it\/torun\/"]}]},{"@type":"ImageObject","inLanguage":"pl-PL","@id":"https:\/\/www.polonia.travel\/it\/torun\/#primaryimage","url":"https:\/\/www.polonia.travel\/it\/wp-content\/uploads\/sites\/20\/2023\/02\/7__Torun_panorama_MH_HD.jpg","contentUrl":"https:\/\/www.polonia.travel\/it\/wp-content\/uploads\/sites\/20\/2023\/02\/7__Torun_panorama_MH_HD.jpg","width":1920,"height":514},{"@type":"BreadcrumbList","@id":"https:\/\/www.polonia.travel\/it\/torun\/#breadcrumb","itemListElement":[{"@type":"ListItem","position":1,"name":"Home page","item":"https:\/\/www.polonia.travel\/it\/"},{"@type":"ListItem","position":2,"name":"Scopri i luoghi","item":"https:\/\/www.polonia.travel\/it\/category\/scopri-i-luoghi\/"},{"@type":"ListItem","position":3,"name":"Citt\u00e0","item":"https:\/\/www.polonia.travel\/it\/category\/scopri-i-luoghi\/citta\/"},{"@type":"ListItem","position":4,"name":"Toru\u0144"}]},{"@type":"WebSite","@id":"https:\/\/www.polonia.travel\/it\/#website","url":"https:\/\/www.polonia.travel\/it\/","name":"Polonia Travel (IT)","description":"...","publisher":{"@id":"https:\/\/www.polonia.travel\/it\/#organization"},"potentialAction":[{"@type":"SearchAction","target":{"@type":"EntryPoint","urlTemplate":"https:\/\/www.polonia.travel\/it\/?s={search_term_string}"},"query-input":{"@type":"PropertyValueSpecification","valueRequired":true,"valueName":"search_term_string"}}],"inLanguage":"pl-PL"},{"@type":"Organization","@id":"https:\/\/www.polonia.travel\/it\/#organization","name":"Polonia Travel (IT)","url":"https:\/\/www.polonia.travel\/it\/","logo":{"@type":"ImageObject","inLanguage":"pl-PL","@id":"https:\/\/www.polonia.travel\/it\/#\/schema\/logo\/image\/","url":"","contentUrl":"","caption":"Polonia Travel (IT)"},"image":{"@id":"https:\/\/www.polonia.travel\/it\/#\/schema\/logo\/image\/"}},{"@type":"Person","@id":""}]}},"_links":{"self":[{"href":"https:\/\/www.polonia.travel\/it\/wp-json\/wp\/v2\/posts\/31284","targetHints":{"allow":["GET"]}}],"collection":[{"href":"https:\/\/www.polonia.travel\/it\/wp-json\/wp\/v2\/posts"}],"about":[{"href":"https:\/\/www.polonia.travel\/it\/wp-json\/wp\/v2\/types\/post"}],"author":[{"embeddable":true,"href":"https:\/\/www.polonia.travel\/it\/wp-json\/wp\/v2\/users\/1"}],"replies":[{"embeddable":true,"href":"https:\/\/www.polonia.travel\/it\/wp-json\/wp\/v2\/comments?post=31284"}],"version-history":[{"count":15,"href":"https:\/\/www.polonia.travel\/it\/wp-json\/wp\/v2\/posts\/31284\/revisions"}],"predecessor-version":[{"id":42195,"href":"https:\/\/www.polonia.travel\/it\/wp-json\/wp\/v2\/posts\/31284\/revisions\/42195"}],"wp:featuredmedia":[{"embeddable":true,"href":"https:\/\/www.polonia.travel\/it\/wp-json\/wp\/v2\/media\/20597"}],"wp:attachment":[{"href":"https:\/\/www.polonia.travel\/it\/wp-json\/wp\/v2\/media?parent=31284"}],"wp:term":[{"taxonomy":"category","embeddable":true,"href":"https:\/\/www.polonia.travel\/it\/wp-json\/wp\/v2\/categories?post=31284"}],"curies":[{"name":"wp","href":"https:\/\/api.w.org\/{rel}","templated":true}]}}