{"id":31283,"date":"2024-07-11T11:47:33","date_gmt":"2024-07-11T09:47:33","guid":{"rendered":"https:\/\/www.polonia.travel\/it\/?p=31283"},"modified":"2025-08-13T16:32:20","modified_gmt":"2025-08-13T14:32:20","slug":"varsavia-capitale-della-polonia","status":"publish","type":"post","link":"https:\/\/www.polonia.travel\/it\/varsavia-capitale-della-polonia\/","title":{"rendered":"Varsavia"},"content":{"rendered":"\n<div class=\"wp-block-group is-style-container\"><div class=\"wp-block-group__inner-container is-layout-constrained wp-block-group-is-layout-constrained\">\n<!-- empty -->\n\n\n<div class=\"metrics\">\n  <div class=\"metrics__text\">\n    <h1 class=\"is-style-heading-38 mb20 large-mb30\">Varsavia<\/h1>\n    <p>Varsavia, come una fenice, \u00e8 risorta dalle macerie della Seconda Guerra Mondiale grazie all\u2019impegno appassionato dell\u2019intera nazione e alle eccezionali \u201cVedute del Canaletto\u201d (Bernardo Bellotto, 1721-1780), splendidi dipinti dell\u2019artista italiano che trascorse a Varsavia gli ultimi anni della sua vita, talmente dettagliati da dare l\u2019illusione della realt\u00e0. Un\u2019impresa davvero straordinaria, che ha consentito la ricostruzione fedele della Citt\u00e0 Vecchia, centro storico e cuore della capitale, tanto da farla iscrivere nell\u2019elenco del Patrimonio Mondiale dell\u2019<strong>UNESCO<\/strong><\/p>\n  <\/div>\n  <div class=\"metrics__sidebar\">\n    <div class=\"metrics-box\">\n              <div class=\"metrics-box__title\">Informazioni di base<\/div>\n        <div class=\"metrics-box__values\">\n                                        <div class=\"metrics-box__item\">\n      <div class=\"metrics-box__label\">Superficie <\/div>\n      <div class=\"metrics-box__value\">517,2 km\u00b2 <\/div>\n    <\/div>\n                                <div class=\"metrics-box__item\">\n      <div class=\"metrics-box__label\"> Abitanti<\/div>\n      <div class=\"metrics-box__value\">1 863 056 (2023)<\/div>\n    <\/div>\n                                <\/div>\n                <\/div>\n  <\/div>\n<\/div>\n<\/div><\/div>\n\n\n\n<div class=\"wp-block-group is-style-container-medium\"><div class=\"wp-block-group__inner-container is-layout-constrained wp-block-group-is-layout-constrained\">\n<p>Varsavia non \u00e8 soltanto sede dell\u2019amministrazione centrale, \u00e8 anche il maggiore centro scientifico, culturale e artistico della Polonia. Nelle sue 70 universit\u00e0 pubbliche e private, e nei tantissimi istituti scientifici, studiano pi\u00f9 di 200.000 studenti. Sono frequentatissimi i centri artistici e culturali, il teatro dell\u2019opera, l\u2019operetta, l\u2019opera da camera, la filarmonica, i teatri, i musei e le gallerie d\u2019arte.<\/p>\n\n\n\n<p>Varsavia \u00e8 una metropoli dinamica nel suo sviluppo, vanta molti prestigiosi alberghi, eleganti negozi e servizi di ogni tipo.&nbsp;<\/p>\n\n\n\n<p>In questo modulo vi presenteremo le sue<strong> varie sfaccettature<\/strong>.<\/p>\n<\/div><\/div>\n\n\n\n<div style=\"height:100px\" aria-hidden=\"true\" class=\"wp-block-spacer is-style-spacer-small\"><\/div>\n\n\n\n<div class=\"wp-block-group is-style-container\"><div class=\"wp-block-group__inner-container is-layout-constrained wp-block-group-is-layout-constrained\">  <div class=\"gallery-tiles gallery-tiles--rows-2-3 lightgallery\">\r\n          <a href=\"https:\/\/www.polonia.travel\/it\/wp-content\/uploads\/sites\/20\/2024\/05\/Warszawa_wiezowce_Hi_Res_11_of_21-3.jpg\" class=\"gallery-tiles__item\" data-src=\"https:\/\/www.polonia.travel\/it\/wp-content\/uploads\/sites\/20\/2024\/05\/Warszawa_wiezowce_Hi_Res_11_of_21-3.jpg\"\r\n        aria-label=\"Otw\u00f3rz powi\u0119kszone zdj\u0119cie: Warszawa_wiezowce_Hi_Res_11_of_21-3\">\r\n        <img loading=\"lazy\" decoding=\"async\" width=\"800\" height=\"533\" src=\"https:\/\/www.polonia.travel\/it\/wp-content\/uploads\/sites\/20\/2024\/05\/Warszawa_wiezowce_Hi_Res_11_of_21-3.jpg\" class=\"gallery-tiles__thumb\" alt=\"\" srcset=\"https:\/\/www.polonia.travel\/it\/wp-content\/uploads\/sites\/20\/2024\/05\/Warszawa_wiezowce_Hi_Res_11_of_21-3.jpg 800w, https:\/\/www.polonia.travel\/it\/wp-content\/uploads\/sites\/20\/2024\/05\/Warszawa_wiezowce_Hi_Res_11_of_21-3-600x400.jpg 600w, https:\/\/www.polonia.travel\/it\/wp-content\/uploads\/sites\/20\/2024\/05\/Warszawa_wiezowce_Hi_Res_11_of_21-3-768x512.jpg 768w\" sizes=\"auto, (max-width: 800px) 100vw, 800px\" \/>      <\/a>\r\n          <a href=\"https:\/\/www.polonia.travel\/it\/wp-content\/uploads\/sites\/20\/2024\/07\/GettyImages-1166316683_Warszawa-scaled.jpg\" class=\"gallery-tiles__item\" data-src=\"https:\/\/www.polonia.travel\/it\/wp-content\/uploads\/sites\/20\/2024\/07\/GettyImages-1166316683_Warszawa-scaled.jpg\"\r\n        aria-label=\"Otw\u00f3rz powi\u0119kszone zdj\u0119cie: Old town in Warsaw, Poland\">\r\n        <img loading=\"lazy\" decoding=\"async\" width=\"1200\" height=\"800\" src=\"https:\/\/www.polonia.travel\/it\/wp-content\/uploads\/sites\/20\/2024\/07\/GettyImages-1166316683_Warszawa-1200x800.jpg\" class=\"gallery-tiles__thumb\" alt=\"\" srcset=\"https:\/\/www.polonia.travel\/it\/wp-content\/uploads\/sites\/20\/2024\/07\/GettyImages-1166316683_Warszawa-1200x800.jpg 1200w, https:\/\/www.polonia.travel\/it\/wp-content\/uploads\/sites\/20\/2024\/07\/GettyImages-1166316683_Warszawa-600x400.jpg 600w, https:\/\/www.polonia.travel\/it\/wp-content\/uploads\/sites\/20\/2024\/07\/GettyImages-1166316683_Warszawa-768x512.jpg 768w, https:\/\/www.polonia.travel\/it\/wp-content\/uploads\/sites\/20\/2024\/07\/GettyImages-1166316683_Warszawa-1536x1024.jpg 1536w, https:\/\/www.polonia.travel\/it\/wp-content\/uploads\/sites\/20\/2024\/07\/GettyImages-1166316683_Warszawa-2048x1366.jpg 2048w, https:\/\/www.polonia.travel\/it\/wp-content\/uploads\/sites\/20\/2024\/07\/GettyImages-1166316683_Warszawa-1920x1280.jpg 1920w\" sizes=\"auto, (max-width: 1200px) 100vw, 1200px\" \/>      <\/a>\r\n          <a href=\"https:\/\/www.polonia.travel\/it\/wp-content\/uploads\/sites\/20\/2024\/05\/277462876_Syrenka_Warszawa-2.jpg\" class=\"gallery-tiles__item\" data-src=\"https:\/\/www.polonia.travel\/it\/wp-content\/uploads\/sites\/20\/2024\/05\/277462876_Syrenka_Warszawa-2.jpg\"\r\n        aria-label=\"Otw\u00f3rz powi\u0119kszone zdj\u0119cie: Sculpture of the Warsaw Mermaid on the Old Town Market square\">\r\n        <img loading=\"lazy\" decoding=\"async\" width=\"800\" height=\"533\" src=\"https:\/\/www.polonia.travel\/it\/wp-content\/uploads\/sites\/20\/2024\/05\/277462876_Syrenka_Warszawa-2.jpg\" class=\"gallery-tiles__thumb\" alt=\"\" srcset=\"https:\/\/www.polonia.travel\/it\/wp-content\/uploads\/sites\/20\/2024\/05\/277462876_Syrenka_Warszawa-2.jpg 800w, https:\/\/www.polonia.travel\/it\/wp-content\/uploads\/sites\/20\/2024\/05\/277462876_Syrenka_Warszawa-2-600x400.jpg 600w, https:\/\/www.polonia.travel\/it\/wp-content\/uploads\/sites\/20\/2024\/05\/277462876_Syrenka_Warszawa-2-768x512.jpg 768w\" sizes=\"auto, (max-width: 800px) 100vw, 800px\" \/>      <\/a>\r\n          <a href=\"https:\/\/www.polonia.travel\/it\/wp-content\/uploads\/sites\/20\/2024\/05\/Concerto20di20Chopin20nel20Parco20reale20C581azienki20-20Varsavia_Koncert_C581azienki2_fot.20m.st_.20Warszawa_licencja20nieograniczona-2.jpg\" class=\"gallery-tiles__item\" data-src=\"https:\/\/www.polonia.travel\/it\/wp-content\/uploads\/sites\/20\/2024\/05\/Concerto20di20Chopin20nel20Parco20reale20C581azienki20-20Varsavia_Koncert_C581azienki2_fot.20m.st_.20Warszawa_licencja20nieograniczona-2.jpg\"\r\n        aria-label=\"Otw\u00f3rz powi\u0119kszone zdj\u0119cie: Concerto20di20Chopin20nel20Parco20reale20C581azienki20-20Varsavia_Koncert_C581azienki2_fot.20m.st_.20Warszawa_licencja20nieograniczona-2\">\r\n        <img loading=\"lazy\" decoding=\"async\" width=\"800\" height=\"533\" src=\"https:\/\/www.polonia.travel\/it\/wp-content\/uploads\/sites\/20\/2024\/05\/Concerto20di20Chopin20nel20Parco20reale20C581azienki20-20Varsavia_Koncert_C581azienki2_fot.20m.st_.20Warszawa_licencja20nieograniczona-2.jpg\" class=\"gallery-tiles__thumb\" alt=\"\" srcset=\"https:\/\/www.polonia.travel\/it\/wp-content\/uploads\/sites\/20\/2024\/05\/Concerto20di20Chopin20nel20Parco20reale20C581azienki20-20Varsavia_Koncert_C581azienki2_fot.20m.st_.20Warszawa_licencja20nieograniczona-2.jpg 800w, https:\/\/www.polonia.travel\/it\/wp-content\/uploads\/sites\/20\/2024\/05\/Concerto20di20Chopin20nel20Parco20reale20C581azienki20-20Varsavia_Koncert_C581azienki2_fot.20m.st_.20Warszawa_licencja20nieograniczona-2-600x400.jpg 600w, https:\/\/www.polonia.travel\/it\/wp-content\/uploads\/sites\/20\/2024\/05\/Concerto20di20Chopin20nel20Parco20reale20C581azienki20-20Varsavia_Koncert_C581azienki2_fot.20m.st_.20Warszawa_licencja20nieograniczona-2-768x512.jpg 768w\" sizes=\"auto, (max-width: 800px) 100vw, 800px\" \/>      <\/a>\r\n          <a href=\"https:\/\/www.polonia.travel\/it\/wp-content\/uploads\/sites\/20\/2024\/05\/fot.20m.st_.20Warszawa203A20photo20City20of20Warsaw.jpg\" class=\"gallery-tiles__item\" data-src=\"https:\/\/www.polonia.travel\/it\/wp-content\/uploads\/sites\/20\/2024\/05\/fot.20m.st_.20Warszawa203A20photo20City20of20Warsaw.jpg\"\r\n        aria-label=\"Otw\u00f3rz powi\u0119kszone zdj\u0119cie: fot.20m.st_.20Warszawa203A20photo20City20of20Warsaw\">\r\n        <img loading=\"lazy\" decoding=\"async\" width=\"800\" height=\"533\" src=\"https:\/\/www.polonia.travel\/it\/wp-content\/uploads\/sites\/20\/2024\/05\/fot.20m.st_.20Warszawa203A20photo20City20of20Warsaw.jpg\" class=\"gallery-tiles__thumb\" alt=\"\" srcset=\"https:\/\/www.polonia.travel\/it\/wp-content\/uploads\/sites\/20\/2024\/05\/fot.20m.st_.20Warszawa203A20photo20City20of20Warsaw.jpg 800w, https:\/\/www.polonia.travel\/it\/wp-content\/uploads\/sites\/20\/2024\/05\/fot.20m.st_.20Warszawa203A20photo20City20of20Warsaw-600x400.jpg 600w, https:\/\/www.polonia.travel\/it\/wp-content\/uploads\/sites\/20\/2024\/05\/fot.20m.st_.20Warszawa203A20photo20City20of20Warsaw-768x512.jpg 768w\" sizes=\"auto, (max-width: 800px) 100vw, 800px\" \/>      <\/a>\r\n      <\/div>\r\n<\/div><\/div>\n\n\n\n<div style=\"height:100px\" aria-hidden=\"true\" class=\"wp-block-spacer is-style-spacer-small\"><\/div>\n\n\n\n<div class=\"wp-block-group is-style-container-medium\"><div class=\"wp-block-group__inner-container is-layout-constrained wp-block-group-is-layout-constrained\">\n<p><strong>Varsavia reale<\/strong><\/p>\n\n\n\n<p>Il <strong>Castello Reale<\/strong> nel centro storico, che fu sede ufficiale dei monarchi polacchi e uno dei luoghi d\u2019incontro dei parlamentari, ma anche un centro amministrativo e culturale dell\u2019intero paese (qui nacque la Costituzione del 3 Maggio nel 1791, la prima in Europa e la seconda nel mondo), \u00e8 la prima tappa del Tragitto Reale, un percorso che si snoda per la Vecchia Citt\u00e0 fino ad arrivare a <strong>Wilan\u00f3w<\/strong>, la seicentesca residenza estiva del re Giovanni III Sobieski.<\/p>\n\n\n\n<p>Lungo il Tragitto Reale si incontra buona parte dei pi\u00f9 magnifici edifici storici di Varsavia. Partendo dalla <strong>Piazza del Castello<\/strong>, attraversa Via Krakowskie Przedmie\u015bcie, dove si trovano gran parte delle chiese storiche della capitale e dove sorgono antichi palazzi magnatizi, molti dei quali adibiti oggi ad uffici pubblici.&nbsp;Il tratto principale del Tragitto Reale \u00e8 via Nowy \u015awiat, con numerosi negozi eleganti, librerie, caff\u00e8 e ristoranti. Se l\u2019architettura di Krakowskie Predmie\u015bcie risale per lo pi\u00f9 al XVII e XVIII secolo, in via Nowy \u015awiat dominano gli edifici del XIX secolo.&nbsp;<\/p>\n\n\n\n<p>Proseguendo si arriva a Viale Ujazdowskie, la pi\u00f9 bella strada di Varsavia, con gli splendidi edifici delle ambasciate straniere, l\u2019orto botanico, le sedi dei ministeri e, naturalmente, il Parco reale di<strong> \u0141azienki Kr\u00f3lewskie<\/strong>, un complesso di palazzi e parchi immersi nel verde, con monumenti particolari, come lo spettacolare Palazzo sull\u2019Isola o la statua di Chopin; luogo di incontri e passeggiate domenicali dei cittadini di Varsavia.<\/p>\n\n\n\n<p>Infine, a circa 6 km a sud del Parco \u0141azienki c\u2019\u00e8 un\u2019altra residenza reale, quella di Wilan\u00f3w, edificata nella seconda met\u00e0 del XVII secolo. Nota come \u201cPiccola Versailles\u201d, questa villa barocca fu allestita per ricordare all\u2019adorata moglie del re Giovanni III Sobieski il suo Paese, la Francia.<\/p>\n\n\n\n<p>Visitando i ricchi arredi degli interni, i turisti possono ammirare collezioni di mobili, di ritratti, di sculture e di armature. D\u2019inverno invece, nei giardini del palazzo viene allestita una mostra temporanea en plain air, il Giardino Reale delle Luci (Kr\u00f3lewski Ogr\u00f3d \u015awiate\u0142). Migliaia di luci vengono disposte in modo da creare fantasiose forme e sculture luminose. La mostra \u00e8 divisa in parti tematiche e rappresenta un\u2019ottima opportunit\u00e0 per passare una serata autunnale o invernale in un contesto magico.<\/p>\n\n\n\n<p><strong>Varsavia alternativa<\/strong><\/p>\n\n\n\n<p>Ma Varsavia \u00e8 una citt\u00e0 eclettica, che sa reinventarsi, e sulla sponda destra della Vistola la troveremo completamente diversa. Per scoprire le sue atmosfere alternative la cosa migliore \u00e8 visitare il quartiere Praga, l\u2019unico quartiere quasi intoccato dalla guerra che negli ultimi anni sta vivendo un intenso periodo di riqualificazione. Qui si respira un\u2019atmosfera artistica, alternativa e creativa, ci sono tante gallerie d\u2019arte, caff\u00e8 e localini caratteristici e invitanti. All\u2019interno della Soho Factory, un imponente centro d\u2019arte in via Minska 25 si trova il <strong>Neon Museum<\/strong>, la pi\u00f9 grande esposizione dedicata alle insegne neon in Europa. Praga con i suoi numerosi murales, costituisce anche una grande galleria della street art.&nbsp;<\/p>\n\n\n\n<p>Un altro museo fuori dal comune sempre nel quartiere Praga \u00e8 il <strong>Museo della Vodka,<\/strong> sito all\u2019interno del complesso delle fabbriche rivitalizzate \u201cKoneser\u201d che, a partire dal XIX secolo, era una delle fabbriche di vodka pi\u00f9 note in Polonia ed ha dato inizio alla produzione di marchi conosciuti fino ad oggi. In questo contesto postindustriale possiamo percorrere la storia della produzione e del consumo di questa bevanda.<\/p>\n\n\n\n<p>Il quartiere di Praga interesser\u00e0 in particolar modo anche gli appassionati del cinema in quanto ambientazione del pluripremiato \u201cIl Pianista\u201d di Pola\u0144ski.<\/p>\n\n\n\n<p><\/p>\n<\/div><\/div>\n\n\n\n<div style=\"height:100px\" aria-hidden=\"true\" class=\"wp-block-spacer is-style-spacer-small\"><\/div>\n\n\n\n<div class=\"wp-block-group is-style-container\"><div class=\"wp-block-group__inner-container is-layout-constrained wp-block-group-is-layout-constrained\">  <div class=\"gallery-tiles gallery-tiles--rows-2-3 lightgallery\">\r\n          <a href=\"https:\/\/www.polonia.travel\/it\/wp-content\/uploads\/sites\/20\/2024\/05\/154693757_Lazienki_Krolewskie_Adobe-3.jpg\" class=\"gallery-tiles__item\" data-src=\"https:\/\/www.polonia.travel\/it\/wp-content\/uploads\/sites\/20\/2024\/05\/154693757_Lazienki_Krolewskie_Adobe-3.jpg\"\r\n        aria-label=\"Otw\u00f3rz powi\u0119kszone zdj\u0119cie: Pa\u0142ac na Wyspie &#8211; \u0141azienki Kr\u00f3lewskie. A Neoclassicist palace in Warsaw with a lot of flowers in spring.\">\r\n        <img loading=\"lazy\" decoding=\"async\" width=\"800\" height=\"533\" src=\"https:\/\/www.polonia.travel\/it\/wp-content\/uploads\/sites\/20\/2024\/05\/154693757_Lazienki_Krolewskie_Adobe-3.jpg\" class=\"gallery-tiles__thumb\" alt=\"\" srcset=\"https:\/\/www.polonia.travel\/it\/wp-content\/uploads\/sites\/20\/2024\/05\/154693757_Lazienki_Krolewskie_Adobe-3.jpg 800w, https:\/\/www.polonia.travel\/it\/wp-content\/uploads\/sites\/20\/2024\/05\/154693757_Lazienki_Krolewskie_Adobe-3-600x400.jpg 600w, https:\/\/www.polonia.travel\/it\/wp-content\/uploads\/sites\/20\/2024\/05\/154693757_Lazienki_Krolewskie_Adobe-3-768x512.jpg 768w\" sizes=\"auto, (max-width: 800px) 100vw, 800px\" \/>      <\/a>\r\n          <a href=\"https:\/\/www.polonia.travel\/it\/wp-content\/uploads\/sites\/20\/2024\/05\/16x_Warszawa_KP.jpg\" class=\"gallery-tiles__item\" data-src=\"https:\/\/www.polonia.travel\/it\/wp-content\/uploads\/sites\/20\/2024\/05\/16x_Warszawa_KP.jpg\"\r\n        aria-label=\"Otw\u00f3rz powi\u0119kszone zdj\u0119cie: 16x_Warszawa_KP\">\r\n        <img loading=\"lazy\" decoding=\"async\" width=\"709\" height=\"475\" src=\"https:\/\/www.polonia.travel\/it\/wp-content\/uploads\/sites\/20\/2024\/05\/16x_Warszawa_KP.jpg\" class=\"gallery-tiles__thumb\" alt=\"\" srcset=\"https:\/\/www.polonia.travel\/it\/wp-content\/uploads\/sites\/20\/2024\/05\/16x_Warszawa_KP.jpg 709w, https:\/\/www.polonia.travel\/it\/wp-content\/uploads\/sites\/20\/2024\/05\/16x_Warszawa_KP-600x402.jpg 600w\" sizes=\"auto, (max-width: 709px) 100vw, 709px\" \/>      <\/a>\r\n          <a href=\"https:\/\/www.polonia.travel\/it\/wp-content\/uploads\/sites\/20\/2024\/05\/16x_Warszawa_BUW-3.jpg\" class=\"gallery-tiles__item\" data-src=\"https:\/\/www.polonia.travel\/it\/wp-content\/uploads\/sites\/20\/2024\/05\/16x_Warszawa_BUW-3.jpg\"\r\n        aria-label=\"Otw\u00f3rz powi\u0119kszone zdj\u0119cie: 16x_Warszawa_BUW-3\">\r\n        <img loading=\"lazy\" decoding=\"async\" width=\"709\" height=\"472\" src=\"https:\/\/www.polonia.travel\/it\/wp-content\/uploads\/sites\/20\/2024\/05\/16x_Warszawa_BUW-3.jpg\" class=\"gallery-tiles__thumb\" alt=\"\" srcset=\"https:\/\/www.polonia.travel\/it\/wp-content\/uploads\/sites\/20\/2024\/05\/16x_Warszawa_BUW-3.jpg 709w, https:\/\/www.polonia.travel\/it\/wp-content\/uploads\/sites\/20\/2024\/05\/16x_Warszawa_BUW-3-600x399.jpg 600w\" sizes=\"auto, (max-width: 709px) 100vw, 709px\" \/>      <\/a>\r\n          <a href=\"https:\/\/www.polonia.travel\/it\/wp-content\/uploads\/sites\/20\/2025\/01\/7981_Warszawa_bulwary_Wisla_PB_HD.jpg\" class=\"gallery-tiles__item\" data-src=\"https:\/\/www.polonia.travel\/it\/wp-content\/uploads\/sites\/20\/2025\/01\/7981_Warszawa_bulwary_Wisla_PB_HD.jpg\"\r\n        aria-label=\"Otw\u00f3rz powi\u0119kszone zdj\u0119cie: 7981_Warszawa_bulwary_Wisla_PB_HD\">\r\n        <img loading=\"lazy\" decoding=\"async\" width=\"1200\" height=\"789\" src=\"https:\/\/www.polonia.travel\/it\/wp-content\/uploads\/sites\/20\/2025\/01\/7981_Warszawa_bulwary_Wisla_PB_HD.jpg\" class=\"gallery-tiles__thumb\" alt=\"\" \/>      <\/a>\r\n      <\/div>\r\n<\/div><\/div>\n\n\n\n<div style=\"height:100px\" aria-hidden=\"true\" class=\"wp-block-spacer is-style-spacer-small\"><\/div>\n\n\n\n<div class=\"wp-block-group is-style-container-medium\"><div class=\"wp-block-group__inner-container is-layout-constrained wp-block-group-is-layout-constrained\">\n<p><strong>Varsavia dall\u2019alto<\/strong><\/p>\n\n\n\n<p>Chi&nbsp;vuole ammirare il panorama della citt\u00e0 dall\u2019alto pu\u00f2 salire al trentesimo piano del Palazzo della Cultura e della Scienza, situato proprio nel cuore della zona moderna di Varsavia. Di lass\u00f9 si possono cogliere la vastit\u00e0 e il verde della capitale, tagliata in due dal corso sinuoso della Vistola. Questo grattacielo di 237 m di altezza fu costruito secondo i canoni del realismo socialista ed \u00e8 probabilmente il migliore esempio di quel tipo di architettura fuori dai confini dell\u2019ex-Unione Sovietica.<\/p>\n\n\n\n<p><strong>Varsavia museale&nbsp;<\/strong><\/p>\n\n\n\n<p>Alla citt\u00e0 di Varsavia sono legate in particolar modo due figure di fama mondiale: il compositore e pianista polacco<strong> Fryderyk Chopin<\/strong> nonch\u00e9 <strong>Maria Sk\u0142odowska-Curie<\/strong> la prima donna a studiare alla Sorbona di Parigi e ad essere premiata per ben due volte con il Premio Nobel in chimica. A loro infatti sono dedicati due dei numerosi musei varsaviani.&nbsp;<\/p>\n\n\n\n<p>Per far conoscere meglio il personaggio di Chopin, oltre al museo, la citt\u00e0 ha collocato in giro per Varsavia 15 panchine interattive sulle quali ci si pu\u00f2 sedere e, premendo un pulsante, ascoltare anche un\u2019opera di Chopin. Dalla descrizione della panchina \u00e8 possibile scoprire perch\u00e9 essa si trova in un determinato luogo e quale era il suo rapporto con il compositore. Inoltre, grazie ai codici QR, \u00e8 possibile scaricare un\u2019applicazione contenente l\u2019audioguida dei posti legati a Chopin.<\/p>\n\n\n\n<p>Tra altri degni di nota c\u2019\u00e8 il Museo dell\u2019Insurrezione di Varsavia, POLIN \u2013 il Museo della Storia degli Ebrei Polacchi, il Museo d\u2019Arte Contemporanea Zacheta, il Centro delle Scienze Copernico. E inoltre il Neon Museum e il Museo della Vodka menzionati in precedenza.<\/p>\n\n\n\n<p><strong>Varsavia centro d\u2019affari<\/strong><\/p>\n\n\n\n<p>Varsavia \u00e8 anche un\u2019importante meta per il turismo d\u2019affari, la sua infrastruttura <strong>MICE<\/strong> \u00e8 infatti in pieno sviluppo. Nei pressi della stazione centrale e del Palazzo della Cultura e della Scienza sono sorti modernissimi grattacieli che ospitano uffici e alberghi prestigiosi, creando una zona conosciuta come \u201cla Manhattan varsaviana\u201d.<\/p>\n\n\n\n<p>L\u2019Ente Nazionale Polacco per il Turismo intraprende diverse iniziative per rendere Varsavia e altre citt\u00e0 della Polonia ancor pi\u00f9 attraenti per il turismo MICE.<\/p>\n\n\n\n<p><strong>Varsavia verde<\/strong><\/p>\n\n\n\n<p>Pur essendo una vera e proprio metropoli la citt\u00e0 di Varsavia \u00e8 per met\u00e0 ricoperta di spazi verdi. \u00c8 piena di parchi, giardini, giardinetti che diventano particolarmente affascinanti in primavera. Infatti il miglior periodo per visitare la capitale polacca \u00e8 da maggio a ottobre. Nel mese di maggio comincia la stagione degli eventi all\u2019aria aperta, tra cui gli amatissimi concerti gratuiti di Chopin presso il Parco reale \u0141azienki. Parte anche la stagione estiva sulla Vistola: le sponde del fiume si animano di intensa vita sociale, culturale e turistica, tra ricca offerta gastronomica, locali alla moda, concerti, spiagge urbane, attivit\u00e0 sportive e spazi verdi.<\/p>\n\n\n\n<p>Troviamo molto verde anche leggermente fuori citt\u00e0, presso il <strong>Parco Nazionale Kampinoski<\/strong>, il parco nazionale pi\u00f9 vicino a una capitale europea.&nbsp;<\/p>\n\n\n\n<p>Un\u2019idea per una gita fuori porta da Varsavia \u00e8 il villaggio di <strong>\u017belazowa Wola<\/strong> dove nel 1810 nacque Fryderyk Chopin. \u00c8 possibile visitare la sua casa natale.<\/p>\n<\/div><\/div>\n\n\n\n<div class=\"wp-block-group has-background\" style=\"background-color:#eeeeee\"><div class=\"wp-block-group__inner-container is-layout-constrained wp-block-group-is-layout-constrained\">\n<div style=\"height:100px\" aria-hidden=\"true\" class=\"wp-block-spacer is-style-spacer-small\"><\/div>\n\n\n\n<div class=\"wp-block-group is-style-container\"><div class=\"wp-block-group__inner-container is-layout-constrained wp-block-group-is-layout-constrained\">\n<h3 class=\"wp-block-heading\">Scopri di pi\u00f9<\/h3>\n\n\n\n<div style=\"height:100px\" aria-hidden=\"true\" class=\"wp-block-spacer is-style-spacer-small\"><\/div>\n\n\n<div class=\"overflow\">\n  <div class=\"post-slider swiper post-slider--small\" data-schema=\"small\">\n\n    <div class=\"swiper-wrapper\">\n              <div class=\"swiper-slide post-slide\">\n                      <a href=\"https:\/\/www.polonia.travel\/it\/stettino\/\" class=\"post-box post-box--small\" style=\" background-image: url(https:\/\/www.polonia.travel\/it\/wp-content\/uploads\/sites\/20\/2024\/11\/AdobeStock_132580111_Szczecin-600x260.jpeg);\">\n          <div class=\"post-box__hover\" style=\"background-image: url(https:\/\/www.polonia.travel\/it\/wp-content\/uploads\/sites\/20\/2024\/05\/16xZP_Szczecin-1-600x367.jpg);\"><\/div>\n        <div class=\"post-box__info\">\n            <div class=\"post-box__title\">Stettino<\/div>\n      <div class=\"post-box__more\">Leggi di pi\u00f9<\/div>\n    <\/div>\n  <\/a>\n\n          <\/div>\n              <div class=\"swiper-slide post-slide\">\n                      <a href=\"https:\/\/www.polonia.travel\/it\/gorzow-wielkopolski\/\" class=\"post-box post-box--small\" style=\" background-image: url(https:\/\/www.polonia.travel\/it\/wp-content\/uploads\/sites\/20\/2023\/02\/Trakt-krolewski-ulic-600x400.jpg);\">\n          <div class=\"post-box__hover\" style=\"background-image: url(https:\/\/www.polonia.travel\/it\/wp-content\/uploads\/sites\/20\/2022\/12\/gorzow_wlk_stakada_kolejowa_1170-1-600x400.jpg);\"><\/div>\n        <div class=\"post-box__info\">\n            <div class=\"post-box__title\">Gorz\u00f3w Wielkopolski<\/div>\n      <div class=\"post-box__more\">Leggi di pi\u00f9<\/div>\n    <\/div>\n  <\/a>\n\n          <\/div>\n              <div class=\"swiper-slide post-slide\">\n                      <a href=\"https:\/\/www.polonia.travel\/it\/zielona-gora\/\" class=\"post-box post-box--small\" style=\" background-image: url(https:\/\/www.polonia.travel\/it\/wp-content\/uploads\/sites\/20\/2024\/07\/AdobeStock_264486646_zielona_gora-600x400.jpeg);\">\n          <div class=\"post-box__hover\" style=\"background-image: url(https:\/\/www.polonia.travel\/it\/wp-content\/uploads\/sites\/20\/2024\/07\/AdobeStock_289584512_stara_winnica_zielona_gora-600x399.jpeg);\"><\/div>\n        <div class=\"post-box__info\">\n            <div class=\"post-box__title\">Zielona G\u00f3ra<\/div>\n      <div class=\"post-box__more\">Leggi di pi\u00f9<\/div>\n    <\/div>\n  <\/a>\n\n          <\/div>\n              <div class=\"swiper-slide post-slide\">\n                      <a href=\"https:\/\/www.polonia.travel\/it\/rzeszow\/\" class=\"post-box post-box--small\" style=\" background-image: url(https:\/\/www.polonia.travel\/it\/wp-content\/uploads\/sites\/20\/2024\/07\/Rzeszow_002-600x400.jpg);\">\n          <div class=\"post-box__hover\" style=\"background-image: url(https:\/\/www.polonia.travel\/it\/wp-content\/uploads\/sites\/20\/2024\/07\/AdobeStock_509486826_Rzeszow-600x400.jpeg);\"><\/div>\n        <div class=\"post-box__info\">\n            <div class=\"post-box__title\">Rzesz\u00f3w<\/div>\n      <div class=\"post-box__more\">Leggi di pi\u00f9<\/div>\n    <\/div>\n  <\/a>\n\n          <\/div>\n              <div class=\"swiper-slide post-slide\">\n                      <a href=\"https:\/\/www.polonia.travel\/it\/opole\/\" class=\"post-box post-box--small\" style=\" background-image: url(https:\/\/www.polonia.travel\/it\/wp-content\/uploads\/sites\/20\/2024\/07\/AdobeStock_122179190_Opole-600x400.jpeg);\">\n          <div class=\"post-box__hover\" style=\"background-image: url(https:\/\/www.polonia.travel\/it\/wp-content\/uploads\/sites\/20\/2023\/02\/6940_Opole_MG-xl-600x400.jpg);\"><\/div>\n        <div class=\"post-box__info\">\n            <div class=\"post-box__title\">Opole<\/div>\n      <div class=\"post-box__more\">Leggi di pi\u00f9<\/div>\n    <\/div>\n  <\/a>\n\n          <\/div>\n              <div class=\"swiper-slide post-slide\">\n                      <a href=\"https:\/\/www.polonia.travel\/it\/katowice\/\" class=\"post-box post-box--small\" style=\" background-image: url(https:\/\/www.polonia.travel\/it\/wp-content\/uploads\/sites\/20\/2024\/07\/AdobeStock_517082133_katowice_nikiszowiec-600x400.jpeg);\">\n          <div class=\"post-box__hover\" style=\"background-image: url(https:\/\/www.polonia.travel\/it\/wp-content\/uploads\/sites\/20\/2024\/07\/226185431_Katowice_Strefa_Kultury-600x450.jpg);\"><\/div>\n        <div class=\"post-box__info\">\n            <div class=\"post-box__title\">Katowice<\/div>\n      <div class=\"post-box__more\">Leggi di pi\u00f9<\/div>\n    <\/div>\n  <\/a>\n\n          <\/div>\n              <div class=\"swiper-slide post-slide\">\n                      <a href=\"https:\/\/www.polonia.travel\/it\/kielce\/\" class=\"post-box post-box--small\" style=\" background-image: url(https:\/\/www.polonia.travel\/it\/wp-content\/uploads\/sites\/20\/2023\/07\/Kielce3_Fot_Slawek_Rakowski-600x450.jpg);\">\n          <div class=\"post-box__hover\" style=\"background-image: url(https:\/\/www.polonia.travel\/it\/wp-content\/uploads\/sites\/20\/2023\/07\/Kielce4_Fot_Slawek_Rakowski-600x450.jpg);\"><\/div>\n        <div class=\"post-box__info\">\n            <div class=\"post-box__title\">Kielce<\/div>\n      <div class=\"post-box__more\">Leggi di pi\u00f9<\/div>\n    <\/div>\n  <\/a>\n\n          <\/div>\n              <div class=\"swiper-slide post-slide\">\n                      <a href=\"https:\/\/www.polonia.travel\/it\/olsztyn\/\" class=\"post-box post-box--small\" style=\" background-image: url(https:\/\/www.polonia.travel\/it\/wp-content\/uploads\/sites\/20\/2022\/12\/olsztyn_panorama_1170-1-600x400.jpg);\">\n          <div class=\"post-box__hover\" style=\"background-image: url(https:\/\/www.polonia.travel\/it\/wp-content\/uploads\/sites\/20\/2023\/02\/olsztyn_panorama_3_1170-e1676903814149-600x346.jpg);\"><\/div>\n        <div class=\"post-box__info\">\n            <div class=\"post-box__title\">Olsztyn<\/div>\n      <div class=\"post-box__more\">Leggi di pi\u00f9<\/div>\n    <\/div>\n  <\/a>\n\n          <\/div>\n              <div class=\"swiper-slide post-slide\">\n                      <a href=\"https:\/\/www.polonia.travel\/it\/bialystok-podlaskie\/\" class=\"post-box post-box--small\" style=\" background-image: url(https:\/\/www.polonia.travel\/it\/wp-content\/uploads\/sites\/20\/2022\/12\/bialystok_palac_branickich_2_1170-1-600x400.jpg);\">\n          <div class=\"post-box__hover\" style=\"background-image: url(https:\/\/www.polonia.travel\/it\/wp-content\/uploads\/sites\/20\/2024\/07\/POT_Wybrane-022_Bialystok-600x449.jpg);\"><\/div>\n        <div class=\"post-box__info\">\n            <div class=\"post-box__title\">Bia\u0142ystok<\/div>\n      <div class=\"post-box__more\">Leggi di pi\u00f9<\/div>\n    <\/div>\n  <\/a>\n\n          <\/div>\n              <div class=\"swiper-slide post-slide\">\n                      <a href=\"https:\/\/www.polonia.travel\/it\/bydgoszcz\/\" class=\"post-box post-box--small\" style=\" background-image: url(https:\/\/www.polonia.travel\/it\/wp-content\/uploads\/sites\/20\/2024\/07\/AdobeStock_529436426_Bydgoszcz-600x449.jpeg);\">\n          <div class=\"post-box__hover\" style=\"background-image: url(https:\/\/www.polonia.travel\/it\/wp-content\/uploads\/sites\/20\/2024\/05\/Bydgoszcz1170-10-600x400.jpg);\"><\/div>\n        <div class=\"post-box__info\">\n            <div class=\"post-box__title\">Bydgoszcz<\/div>\n      <div class=\"post-box__more\">Leggi di pi\u00f9<\/div>\n    <\/div>\n  <\/a>\n\n          <\/div>\n              <div class=\"swiper-slide post-slide\">\n                      <a href=\"https:\/\/www.polonia.travel\/it\/danzica\/\" class=\"post-box post-box--small\" style=\" background-image: url(https:\/\/www.polonia.travel\/it\/wp-content\/uploads\/sites\/20\/2024\/05\/Danzica-6.jpg);\">\n          <div class=\"post-box__hover\" style=\"background-image: url(https:\/\/www.polonia.travel\/it\/wp-content\/uploads\/sites\/20\/2024\/05\/Danzica20copia-min-37.jpg);\"><\/div>\n        <div class=\"post-box__info\">\n            <div class=\"post-box__title\">Danzica<\/div>\n      <div class=\"post-box__more\">Leggi di pi\u00f9<\/div>\n    <\/div>\n  <\/a>\n\n          <\/div>\n              <div class=\"swiper-slide post-slide\">\n                      <a href=\"https:\/\/www.polonia.travel\/it\/lublino\/\" class=\"post-box post-box--small\" style=\" background-image: url(https:\/\/www.polonia.travel\/it\/wp-content\/uploads\/sites\/20\/2024\/05\/14_Lublin__cebularze_KD_HR-1-600x450.jpg);\">\n          <div class=\"post-box__hover\" style=\"background-image: url(https:\/\/www.polonia.travel\/it\/wp-content\/uploads\/sites\/20\/2024\/05\/LUBLINO-1-600x400.jpg);\"><\/div>\n        <div class=\"post-box__info\">\n            <div class=\"post-box__title\">Lublino<\/div>\n      <div class=\"post-box__more\">Leggi di pi\u00f9<\/div>\n    <\/div>\n  <\/a>\n\n          <\/div>\n              <div class=\"swiper-slide post-slide\">\n                      <a href=\"https:\/\/www.polonia.travel\/it\/lodz\/\" class=\"post-box post-box--small\" style=\" background-image: url(https:\/\/www.polonia.travel\/it\/wp-content\/uploads\/sites\/20\/2024\/07\/Lodz_Manufaktura-weaving-mill-view-600x337.jpg);\">\n          <div class=\"post-box__hover\" style=\"background-image: url(https:\/\/www.polonia.travel\/it\/wp-content\/uploads\/sites\/20\/2024\/05\/LODZ_1-1-600x400.jpg);\"><\/div>\n        <div class=\"post-box__info\">\n            <div class=\"post-box__title\">\u0141\u00f3d\u017a<\/div>\n      <div class=\"post-box__more\">Leggi di pi\u00f9<\/div>\n    <\/div>\n  <\/a>\n\n          <\/div>\n              <div class=\"swiper-slide post-slide\">\n                      <a href=\"https:\/\/www.polonia.travel\/it\/poznan\/\" class=\"post-box post-box--small\" style=\" background-image: url(https:\/\/www.polonia.travel\/it\/wp-content\/uploads\/sites\/20\/2024\/07\/GettyImages-845560082_poznan-600x401.jpg);\">\n          <div class=\"post-box__hover\" style=\"background-image: url(https:\/\/www.polonia.travel\/it\/wp-content\/uploads\/sites\/20\/2025\/01\/Capretti-Poznan-fot-Jakub-Pindych.jpg);\"><\/div>\n        <div class=\"post-box__info\">\n            <div class=\"post-box__title\">Pozna\u0144<\/div>\n      <div class=\"post-box__more\">Leggi di pi\u00f9<\/div>\n    <\/div>\n  <\/a>\n\n          <\/div>\n              <div class=\"swiper-slide post-slide\">\n                      <a href=\"https:\/\/www.polonia.travel\/it\/wroclaw-breslavia\/\" class=\"post-box post-box--small\" style=\" background-image: url(https:\/\/www.polonia.travel\/it\/wp-content\/uploads\/sites\/20\/2024\/07\/GettyImages-959289774_wroclaw_ostrow_tumski-600x400.jpg);\">\n          <div class=\"post-box__hover\" style=\"background-image: url(https:\/\/www.polonia.travel\/it\/wp-content\/uploads\/sites\/20\/2025\/01\/245373114_Wroclaw_ratusz_Adobe-2.jpg);\"><\/div>\n        <div class=\"post-box__info\">\n            <div class=\"post-box__title\">Breslavia<\/div>\n      <div class=\"post-box__more\">Leggi di pi\u00f9<\/div>\n    <\/div>\n  <\/a>\n\n          <\/div>\n              <div class=\"swiper-slide post-slide\">\n                      <a href=\"https:\/\/www.polonia.travel\/it\/torun\/\" class=\"post-box post-box--small\" style=\" background-image: url(https:\/\/www.polonia.travel\/it\/wp-content\/uploads\/sites\/20\/2024\/05\/605038_Torun-dom-Kopernika_HR-1-600x400.jpg);\">\n          <div class=\"post-box__hover\" style=\"background-image: url(https:\/\/www.polonia.travel\/it\/wp-content\/uploads\/sites\/20\/2022\/12\/torun_panorama_wisla_1170-600x400.jpg);\"><\/div>\n        <div class=\"post-box__info\">\n            <div class=\"post-box__title\">Toru\u0144<\/div>\n      <div class=\"post-box__more\">Leggi di pi\u00f9<\/div>\n    <\/div>\n  <\/a>\n\n          <\/div>\n              <div class=\"swiper-slide post-slide\">\n                      <a href=\"https:\/\/www.polonia.travel\/it\/cracovia\/\" class=\"post-box post-box--small\" style=\" background-image: url(https:\/\/www.polonia.travel\/it\/wp-content\/uploads\/sites\/20\/2024\/07\/GettyImages-816871864_krakow-600x400.jpg);\">\n          <div class=\"post-box__hover\" style=\"background-image: url(https:\/\/www.polonia.travel\/it\/wp-content\/uploads\/sites\/20\/2024\/07\/AdobeStock_574882100_Krakow-600x449.jpeg);\"><\/div>\n        <div class=\"post-box__info\">\n            <div class=\"post-box__title\">Cracovia<\/div>\n      <div class=\"post-box__more\">Leggi di pi\u00f9<\/div>\n    <\/div>\n  <\/a>\n\n          <\/div>\n              <div class=\"swiper-slide post-slide\">\n                      <a href=\"https:\/\/www.polonia.travel\/it\/varsavia-capitale-della-polonia\/\" class=\"post-box post-box--small\" style=\" background-image: url(https:\/\/www.polonia.travel\/it\/wp-content\/uploads\/sites\/20\/2024\/07\/GettyImages-1166316683_Warszawa-600x400.jpg);\">\n          <div class=\"post-box__hover\" style=\"background-image: url(https:\/\/www.polonia.travel\/it\/wp-content\/uploads\/sites\/20\/2022\/12\/warszawa_lazienki_krolewskie_wiosna_1170-1-600x400.jpeg);\"><\/div>\n        <div class=\"post-box__info\">\n            <div class=\"post-box__title\">Varsavia<\/div>\n      <div class=\"post-box__more\">Leggi di pi\u00f9<\/div>\n    <\/div>\n  <\/a>\n\n          <\/div>\n          <\/div>\n    <div class=\"post-slider__pagination\"><\/div>\n  <\/div>\n<\/div>\n<\/div><\/div>\n\n\n\n<div style=\"height:100px\" aria-hidden=\"true\" class=\"wp-block-spacer is-style-spacer-small\"><\/div>\n<\/div><\/div>\n","protected":false},"excerpt":{"rendered":"<p>Varsavia non \u00e8 soltanto sede dell\u2019amministrazione centrale, \u00e8 anche il maggiore centro scientifico, culturale e artistico della Polonia. Nelle sue 70 universit\u00e0 pubbliche e private, e nei tantissimi istituti scientifici, studiano pi\u00f9 di 200.000 studenti. Sono frequentatissimi i centri artistici e culturali, il teatro dell\u2019opera, l\u2019operetta, l\u2019opera da camera, la filarmonica, i teatri, i musei [&hellip;]<\/p>\n","protected":false},"author":1,"featured_media":30078,"comment_status":"open","ping_status":"open","sticky":false,"template":"","format":"standard","meta":{"_acf_changed":false,"footnotes":""},"categories":[1037],"class_list":["post-31283","post","type-post","status-publish","format-standard","has-post-thumbnail","hentry","category-citta"],"acf":[],"yoast_head":"<!-- This site is optimized with the Yoast SEO plugin v27.4 - https:\/\/yoast.com\/product\/yoast-seo-wordpress\/ -->\n<title>Varsavia - Polonia Travel (IT)<\/title>\n<meta name=\"robots\" content=\"index, follow, max-snippet:-1, max-image-preview:large, max-video-preview:-1\" \/>\n<link rel=\"canonical\" href=\"https:\/\/www.polonia.travel\/it\/varsavia-capitale-della-polonia\/\" \/>\n<meta property=\"og:locale\" content=\"pl_PL\" \/>\n<meta property=\"og:type\" content=\"article\" \/>\n<meta property=\"og:title\" content=\"Varsavia - Polonia Travel (IT)\" \/>\n<meta property=\"og:description\" content=\"Varsavia non \u00e8 soltanto sede dell\u2019amministrazione centrale, \u00e8 anche il maggiore centro scientifico, culturale e artistico della Polonia. Nelle sue 70 universit\u00e0 pubbliche e private, e nei tantissimi istituti scientifici, studiano pi\u00f9 di 200.000 studenti. Sono frequentatissimi i centri artistici e culturali, il teatro dell\u2019opera, l\u2019operetta, l\u2019opera da camera, la filarmonica, i teatri, i musei [&hellip;]\" \/>\n<meta property=\"og:url\" content=\"https:\/\/www.polonia.travel\/it\/varsavia-capitale-della-polonia\/\" \/>\n<meta property=\"og:site_name\" content=\"Polonia Travel (IT)\" \/>\n<meta property=\"article:published_time\" content=\"2024-07-11T09:47:33+00:00\" \/>\n<meta property=\"article:modified_time\" content=\"2025-08-13T14:32:20+00:00\" \/>\n<meta property=\"og:image\" content=\"https:\/\/www.polonia.travel\/it\/wp-content\/uploads\/sites\/20\/2023\/07\/Warszawa_Wilanow-1920.jpg\" \/>\n\t<meta property=\"og:image:width\" content=\"1920\" \/>\n\t<meta property=\"og:image:height\" content=\"334\" \/>\n\t<meta property=\"og:image:type\" content=\"image\/jpeg\" \/>\n<meta name=\"twitter:card\" content=\"summary_large_image\" \/>\n<meta name=\"twitter:label1\" content=\"Napisane przez\" \/>\n\t<meta name=\"twitter:data1\" content=\"\" \/>\n\t<meta name=\"twitter:label2\" content=\"Szacowany czas czytania\" \/>\n\t<meta name=\"twitter:data2\" content=\"8 minut\" \/>\n<script type=\"application\/ld+json\" class=\"yoast-schema-graph\">{\"@context\":\"https:\\\/\\\/schema.org\",\"@graph\":[{\"@type\":\"Article\",\"@id\":\"https:\\\/\\\/www.polonia.travel\\\/it\\\/varsavia-capitale-della-polonia\\\/#article\",\"isPartOf\":{\"@id\":\"https:\\\/\\\/www.polonia.travel\\\/it\\\/varsavia-capitale-della-polonia\\\/\"},\"author\":{\"name\":\"\",\"@id\":\"\"},\"headline\":\"Varsavia\",\"datePublished\":\"2024-07-11T09:47:33+00:00\",\"dateModified\":\"2025-08-13T14:32:20+00:00\",\"mainEntityOfPage\":{\"@id\":\"https:\\\/\\\/www.polonia.travel\\\/it\\\/varsavia-capitale-della-polonia\\\/\"},\"wordCount\":1163,\"commentCount\":8,\"publisher\":{\"@id\":\"https:\\\/\\\/www.polonia.travel\\\/it\\\/#organization\"},\"image\":{\"@id\":\"https:\\\/\\\/www.polonia.travel\\\/it\\\/varsavia-capitale-della-polonia\\\/#primaryimage\"},\"thumbnailUrl\":\"https:\\\/\\\/www.polonia.travel\\\/it\\\/wp-content\\\/uploads\\\/sites\\\/20\\\/2023\\\/07\\\/Warszawa_Wilanow-1920.jpg\",\"keywords\":[\"it\",\"citta\"],\"articleSection\":[\"Citt\u00e0\"],\"inLanguage\":\"pl-PL\"},{\"@type\":\"WebPage\",\"@id\":\"https:\\\/\\\/www.polonia.travel\\\/it\\\/varsavia-capitale-della-polonia\\\/\",\"url\":\"https:\\\/\\\/www.polonia.travel\\\/it\\\/varsavia-capitale-della-polonia\\\/\",\"name\":\"Varsavia - Polonia Travel (IT)\",\"isPartOf\":{\"@id\":\"https:\\\/\\\/www.polonia.travel\\\/it\\\/#website\"},\"primaryImageOfPage\":{\"@id\":\"https:\\\/\\\/www.polonia.travel\\\/it\\\/varsavia-capitale-della-polonia\\\/#primaryimage\"},\"image\":{\"@id\":\"https:\\\/\\\/www.polonia.travel\\\/it\\\/varsavia-capitale-della-polonia\\\/#primaryimage\"},\"thumbnailUrl\":\"https:\\\/\\\/www.polonia.travel\\\/it\\\/wp-content\\\/uploads\\\/sites\\\/20\\\/2023\\\/07\\\/Warszawa_Wilanow-1920.jpg\",\"datePublished\":\"2024-07-11T09:47:33+00:00\",\"dateModified\":\"2025-08-13T14:32:20+00:00\",\"breadcrumb\":{\"@id\":\"https:\\\/\\\/www.polonia.travel\\\/it\\\/varsavia-capitale-della-polonia\\\/#breadcrumb\"},\"inLanguage\":\"pl-PL\",\"potentialAction\":[{\"@type\":\"ReadAction\",\"target\":[\"https:\\\/\\\/www.polonia.travel\\\/it\\\/varsavia-capitale-della-polonia\\\/\"]}]},{\"@type\":\"ImageObject\",\"inLanguage\":\"pl-PL\",\"@id\":\"https:\\\/\\\/www.polonia.travel\\\/it\\\/varsavia-capitale-della-polonia\\\/#primaryimage\",\"url\":\"https:\\\/\\\/www.polonia.travel\\\/it\\\/wp-content\\\/uploads\\\/sites\\\/20\\\/2023\\\/07\\\/Warszawa_Wilanow-1920.jpg\",\"contentUrl\":\"https:\\\/\\\/www.polonia.travel\\\/it\\\/wp-content\\\/uploads\\\/sites\\\/20\\\/2023\\\/07\\\/Warszawa_Wilanow-1920.jpg\",\"width\":1920,\"height\":334},{\"@type\":\"BreadcrumbList\",\"@id\":\"https:\\\/\\\/www.polonia.travel\\\/it\\\/varsavia-capitale-della-polonia\\\/#breadcrumb\",\"itemListElement\":[{\"@type\":\"ListItem\",\"position\":1,\"name\":\"Home page\",\"item\":\"https:\\\/\\\/www.polonia.travel\\\/it\\\/\"},{\"@type\":\"ListItem\",\"position\":2,\"name\":\"Scopri i luoghi\",\"item\":\"https:\\\/\\\/www.polonia.travel\\\/it\\\/category\\\/scopri-i-luoghi\\\/\"},{\"@type\":\"ListItem\",\"position\":3,\"name\":\"Citt\u00e0\",\"item\":\"https:\\\/\\\/www.polonia.travel\\\/it\\\/category\\\/scopri-i-luoghi\\\/citta\\\/\"},{\"@type\":\"ListItem\",\"position\":4,\"name\":\"Varsavia\"}]},{\"@type\":\"WebSite\",\"@id\":\"https:\\\/\\\/www.polonia.travel\\\/it\\\/#website\",\"url\":\"https:\\\/\\\/www.polonia.travel\\\/it\\\/\",\"name\":\"Polonia Travel (IT)\",\"description\":\"...\",\"publisher\":{\"@id\":\"https:\\\/\\\/www.polonia.travel\\\/it\\\/#organization\"},\"potentialAction\":[{\"@type\":\"SearchAction\",\"target\":{\"@type\":\"EntryPoint\",\"urlTemplate\":\"https:\\\/\\\/www.polonia.travel\\\/it\\\/?s={search_term_string}\"},\"query-input\":{\"@type\":\"PropertyValueSpecification\",\"valueRequired\":true,\"valueName\":\"search_term_string\"}}],\"inLanguage\":\"pl-PL\"},{\"@type\":\"Organization\",\"@id\":\"https:\\\/\\\/www.polonia.travel\\\/it\\\/#organization\",\"name\":\"Polonia Travel (IT)\",\"url\":\"https:\\\/\\\/www.polonia.travel\\\/it\\\/\",\"logo\":{\"@type\":\"ImageObject\",\"inLanguage\":\"pl-PL\",\"@id\":\"https:\\\/\\\/www.polonia.travel\\\/it\\\/#\\\/schema\\\/logo\\\/image\\\/\",\"url\":\"\",\"contentUrl\":\"\",\"caption\":\"Polonia Travel (IT)\"},\"image\":{\"@id\":\"https:\\\/\\\/www.polonia.travel\\\/it\\\/#\\\/schema\\\/logo\\\/image\\\/\"}},{\"@type\":\"Person\",\"@id\":\"\"}]}<\/script>\n<!-- \/ Yoast SEO plugin. -->","yoast_head_json":{"title":"Varsavia - Polonia Travel (IT)","robots":{"index":"index","follow":"follow","max-snippet":"max-snippet:-1","max-image-preview":"max-image-preview:large","max-video-preview":"max-video-preview:-1"},"canonical":"https:\/\/www.polonia.travel\/it\/varsavia-capitale-della-polonia\/","og_locale":"pl_PL","og_type":"article","og_title":"Varsavia - Polonia Travel (IT)","og_description":"Varsavia non \u00e8 soltanto sede dell\u2019amministrazione centrale, \u00e8 anche il maggiore centro scientifico, culturale e artistico della Polonia. Nelle sue 70 universit\u00e0 pubbliche e private, e nei tantissimi istituti scientifici, studiano pi\u00f9 di 200.000 studenti. Sono frequentatissimi i centri artistici e culturali, il teatro dell\u2019opera, l\u2019operetta, l\u2019opera da camera, la filarmonica, i teatri, i musei [&hellip;]","og_url":"https:\/\/www.polonia.travel\/it\/varsavia-capitale-della-polonia\/","og_site_name":"Polonia Travel (IT)","article_published_time":"2024-07-11T09:47:33+00:00","article_modified_time":"2025-08-13T14:32:20+00:00","og_image":[{"width":1920,"height":334,"url":"https:\/\/www.polonia.travel\/it\/wp-content\/uploads\/sites\/20\/2023\/07\/Warszawa_Wilanow-1920.jpg","type":"image\/jpeg"}],"twitter_card":"summary_large_image","twitter_misc":{"Napisane przez":"","Szacowany czas czytania":"8 minut"},"schema":{"@context":"https:\/\/schema.org","@graph":[{"@type":"Article","@id":"https:\/\/www.polonia.travel\/it\/varsavia-capitale-della-polonia\/#article","isPartOf":{"@id":"https:\/\/www.polonia.travel\/it\/varsavia-capitale-della-polonia\/"},"author":{"name":"","@id":""},"headline":"Varsavia","datePublished":"2024-07-11T09:47:33+00:00","dateModified":"2025-08-13T14:32:20+00:00","mainEntityOfPage":{"@id":"https:\/\/www.polonia.travel\/it\/varsavia-capitale-della-polonia\/"},"wordCount":1163,"commentCount":8,"publisher":{"@id":"https:\/\/www.polonia.travel\/it\/#organization"},"image":{"@id":"https:\/\/www.polonia.travel\/it\/varsavia-capitale-della-polonia\/#primaryimage"},"thumbnailUrl":"https:\/\/www.polonia.travel\/it\/wp-content\/uploads\/sites\/20\/2023\/07\/Warszawa_Wilanow-1920.jpg","keywords":["it","citta"],"articleSection":["Citt\u00e0"],"inLanguage":"pl-PL"},{"@type":"WebPage","@id":"https:\/\/www.polonia.travel\/it\/varsavia-capitale-della-polonia\/","url":"https:\/\/www.polonia.travel\/it\/varsavia-capitale-della-polonia\/","name":"Varsavia - Polonia Travel (IT)","isPartOf":{"@id":"https:\/\/www.polonia.travel\/it\/#website"},"primaryImageOfPage":{"@id":"https:\/\/www.polonia.travel\/it\/varsavia-capitale-della-polonia\/#primaryimage"},"image":{"@id":"https:\/\/www.polonia.travel\/it\/varsavia-capitale-della-polonia\/#primaryimage"},"thumbnailUrl":"https:\/\/www.polonia.travel\/it\/wp-content\/uploads\/sites\/20\/2023\/07\/Warszawa_Wilanow-1920.jpg","datePublished":"2024-07-11T09:47:33+00:00","dateModified":"2025-08-13T14:32:20+00:00","breadcrumb":{"@id":"https:\/\/www.polonia.travel\/it\/varsavia-capitale-della-polonia\/#breadcrumb"},"inLanguage":"pl-PL","potentialAction":[{"@type":"ReadAction","target":["https:\/\/www.polonia.travel\/it\/varsavia-capitale-della-polonia\/"]}]},{"@type":"ImageObject","inLanguage":"pl-PL","@id":"https:\/\/www.polonia.travel\/it\/varsavia-capitale-della-polonia\/#primaryimage","url":"https:\/\/www.polonia.travel\/it\/wp-content\/uploads\/sites\/20\/2023\/07\/Warszawa_Wilanow-1920.jpg","contentUrl":"https:\/\/www.polonia.travel\/it\/wp-content\/uploads\/sites\/20\/2023\/07\/Warszawa_Wilanow-1920.jpg","width":1920,"height":334},{"@type":"BreadcrumbList","@id":"https:\/\/www.polonia.travel\/it\/varsavia-capitale-della-polonia\/#breadcrumb","itemListElement":[{"@type":"ListItem","position":1,"name":"Home page","item":"https:\/\/www.polonia.travel\/it\/"},{"@type":"ListItem","position":2,"name":"Scopri i luoghi","item":"https:\/\/www.polonia.travel\/it\/category\/scopri-i-luoghi\/"},{"@type":"ListItem","position":3,"name":"Citt\u00e0","item":"https:\/\/www.polonia.travel\/it\/category\/scopri-i-luoghi\/citta\/"},{"@type":"ListItem","position":4,"name":"Varsavia"}]},{"@type":"WebSite","@id":"https:\/\/www.polonia.travel\/it\/#website","url":"https:\/\/www.polonia.travel\/it\/","name":"Polonia Travel (IT)","description":"...","publisher":{"@id":"https:\/\/www.polonia.travel\/it\/#organization"},"potentialAction":[{"@type":"SearchAction","target":{"@type":"EntryPoint","urlTemplate":"https:\/\/www.polonia.travel\/it\/?s={search_term_string}"},"query-input":{"@type":"PropertyValueSpecification","valueRequired":true,"valueName":"search_term_string"}}],"inLanguage":"pl-PL"},{"@type":"Organization","@id":"https:\/\/www.polonia.travel\/it\/#organization","name":"Polonia Travel (IT)","url":"https:\/\/www.polonia.travel\/it\/","logo":{"@type":"ImageObject","inLanguage":"pl-PL","@id":"https:\/\/www.polonia.travel\/it\/#\/schema\/logo\/image\/","url":"","contentUrl":"","caption":"Polonia Travel (IT)"},"image":{"@id":"https:\/\/www.polonia.travel\/it\/#\/schema\/logo\/image\/"}},{"@type":"Person","@id":""}]}},"_links":{"self":[{"href":"https:\/\/www.polonia.travel\/it\/wp-json\/wp\/v2\/posts\/31283","targetHints":{"allow":["GET"]}}],"collection":[{"href":"https:\/\/www.polonia.travel\/it\/wp-json\/wp\/v2\/posts"}],"about":[{"href":"https:\/\/www.polonia.travel\/it\/wp-json\/wp\/v2\/types\/post"}],"author":[{"embeddable":true,"href":"https:\/\/www.polonia.travel\/it\/wp-json\/wp\/v2\/users\/1"}],"replies":[{"embeddable":true,"href":"https:\/\/www.polonia.travel\/it\/wp-json\/wp\/v2\/comments?post=31283"}],"version-history":[{"count":11,"href":"https:\/\/www.polonia.travel\/it\/wp-json\/wp\/v2\/posts\/31283\/revisions"}],"predecessor-version":[{"id":42225,"href":"https:\/\/www.polonia.travel\/it\/wp-json\/wp\/v2\/posts\/31283\/revisions\/42225"}],"wp:featuredmedia":[{"embeddable":true,"href":"https:\/\/www.polonia.travel\/it\/wp-json\/wp\/v2\/media\/30078"}],"wp:attachment":[{"href":"https:\/\/www.polonia.travel\/it\/wp-json\/wp\/v2\/media?parent=31283"}],"wp:term":[{"taxonomy":"category","embeddable":true,"href":"https:\/\/www.polonia.travel\/it\/wp-json\/wp\/v2\/categories?post=31283"}],"curies":[{"name":"wp","href":"https:\/\/api.w.org\/{rel}","templated":true}]}}