{"id":31271,"date":"2024-07-10T11:24:07","date_gmt":"2024-07-10T09:24:07","guid":{"rendered":"https:\/\/www.polonia.travel\/it\/?p=31271"},"modified":"2024-11-27T23:06:38","modified_gmt":"2024-11-27T22:06:38","slug":"la-regione-di-lodz","status":"publish","type":"post","link":"https:\/\/www.polonia.travel\/it\/la-regione-di-lodz\/","title":{"rendered":"La Regione di \u0141\u00f3d\u017a"},"content":{"rendered":"\n<div class=\"wp-block-group is-style-container\"><div class=\"wp-block-group__inner-container is-layout-constrained wp-block-group-is-layout-constrained\">\n<!-- empty -->\n\n\n<div class=\"metrics\">\n  <div class=\"metrics__text\">\n    <h1 class=\"is-style-heading-38 mb20 large-mb30\">La Regione di \u0141\u00f3d\u017a<\/h1>\n    <p><!-- wp:paragraph --><\/p>\n<p><strong>\u00c8 una regione sempre pi\u00f9 ricca di attrazioni naturali e opera dell\u2019uomo, come per esempio <\/strong><strong>la prima stazione termale polacca a<\/strong> <strong>Uniej<\/strong><strong>\u00f3w<\/strong><strong> o le piste da sci della Polonia centrale, sul <\/strong><strong>colle<\/strong> <strong>Kamie\u0144sk sul fianco della miniera di Be\u0142chat\u00f3w. Nella regione di \u0141\u00f3d\u017a si trova anche il paesino di Pi\u0105tek, famoso per essere il centro geometrico della Polonia. E naturalmente c\u2019\u00e8 la citt\u00e0 di \u0141\u00f3d\u017a , capoluogo della regione, e metropoli moderna e multiculturale. <\/strong><\/p>\n<p style=\"margin-top: 0cm;line-height: 21.0pt\"><strong><span lang=\"CS\" style=\"font-family: 'Arial',sans-serif;color: #5c5968\">\u00a0<\/span><\/strong><\/p>\n<p>&nbsp;<\/p>\n<p><!-- \/wp:paragraph --><\/p>\n  <\/div>\n  <div class=\"metrics__sidebar\">\n    <div class=\"metrics-box\">\n              <div class=\"metrics-box__title\">Informazioni di base<\/div>\n        <div class=\"metrics-box__values\">\n                                        <div class=\"metrics-box__item\">\n      <div class=\"metrics-box__label\">Superficie <\/div>\n      <div class=\"metrics-box__value\">18 218 km\u00b2<\/div>\n    <\/div>\n                                <div class=\"metrics-box__item\">\n      <div class=\"metrics-box__label\">Abitanti<\/div>\n      <div class=\"metrics-box__value\">2,453 milioni (2019)<\/div>\n    <\/div>\n                                <\/div>\n                    <div class=\"metrics-box__links\">\n                      <a href=\"https:\/\/lodzkie.travel\/\" class=\"metrics-box__link external\"\n                                  target=\"_blank\" rel=\"nofollow noopener noreferrer\"\n                            >www<\/a>\n                  <\/div>\n          <\/div>\n  <\/div>\n<\/div>\n<\/div><\/div>\n\n\n\n<div class=\"wp-block-group is-style-container-medium\"><div class=\"wp-block-group__inner-container is-layout-constrained wp-block-group-is-layout-constrained\">\n<h3 class=\"wp-block-heading\"><strong>La regione di \u0141\u00f3d\u017a \u2013 epicentro delle emozioni<\/strong><\/h3>\n\n\n\n<div style=\"height:100px\" aria-hidden=\"true\" class=\"wp-block-spacer is-style-spacer-small\"><\/div>\n\n\n\n<p>Il centro geografico esatto della Polonia si trova proprio qui, e questa regione ha molto da offrire. Come per esempio la famiglia dei \u201cGigantelli bruni\u201d: Wojtu\u015b, D\u017culka, il professor Om, il Robot dal cuore di carbone e Gaja. Vivono tutti nel <strong>Museo PGE dei Giganti della Potenza di Be\u0142chat\u00f3w <\/strong><strong>e sono gli adorabili personaggi animati che vi guideranno in questo centro formativo interattivo per bambini e famiglie.<\/strong> Vi presenteranno in modo multimediale e accattivante il modo in cui si produce energia elettrica a partire dal carbone estratto e lavorato nei giganti della potenza di Be\u0142chat\u00f3w, vale a dire le miniere e la centrale elettrica per cui la citt\u00e0 \u00e8 famosa. I visitatori potranno scoprire quali tesori nasconde la terra, come nasce il carbone, cos\u2019\u00e8 la corrente elettrica e perch\u00e9 non ne possiamo fare a meno. Muniti di casco da minatore, i visitatori potranno scendere nelle miniere, passeggiare sul fondo del mare e in mezzo all\u2019umidit\u00e0 della foresta tropicale, ammirare i resti di un mammut preistorico e fare continui esperimenti durante i laboratori tematici offerti dai Giganti della Potenza del Museo PGE, primo punto immancabile della regione.<\/p>\n\n\n\n<p><strong>L\u2019anello di Tomasz\u00f3w Mazowiecki<\/strong><\/p>\n\n\n\n<p><strong>La riserva \u201cFonti azzurre\u201d con le sue vere fonti di acqua color turchese<\/strong>, <strong>il Museo a Cielo aperto del fiume Pilica<\/strong>, primo museo al mondo dedicato a un fiume, e il Sentiero Turistico Sotterraneo \u201c<strong>Grotte<\/strong> <strong>Nag\u00f3rzyckie\u201d<\/strong>\u00a0che si trova nei tunnel scavati per le locali cave di sabbia sono tre proposte contenute tutte nell\u2019offerta turistica dell\u2019<strong>anello<\/strong> di <strong>Tomasz\u00f3w Mazowiecki<\/strong>, cos\u00ec chiamato per la parola del dialetto locale usata per riferirsi all\u2019ansa del fiume <strong>Pilica,<\/strong> dal momento che queste attrazioni si trovano dai due lati del fiume e circondano la citt\u00e0. Ricorderete a lungo le risorgive che sbuffano sabbia e l\u2019osservazione delle numerose specie di uccelli che vivono in questa riserva, come anche il mulino alimentato con una turbina ad acqua Francis o il carro blindato d\u2019artiglieria della Luftwaffe ospitato nel museo\u00a0 come anche gli effetti speciali nei sotterranei.<\/p>\n\n\n\n<p>Inoltre c\u2019\u00e8 lo <strong>ZOO Safari di Borysewo<\/strong> \u00a0dove osservare gli animali pi\u00f9 feroci del pianeta e dove vivere una vacanza avventurosa nel locale parco acquatico. Invece <strong>nel villaggio nativo americano \u201cTatanka\u201d a Solca<\/strong> <strong>Ma\u0142a<\/strong>\u00a0(frazione del comune di Ozork\u00f3w) potrete ammirare le tende di tipo tip\u00ec e opere uniche di artigianato tipico.\u00a0<\/p>\n<\/div><\/div>\n\n\n\n<div style=\"height:100px\" aria-hidden=\"true\" class=\"wp-block-spacer is-style-spacer-small\"><\/div>\n\n\n\n<div class=\"wp-block-group is-style-container\"><div class=\"wp-block-group__inner-container is-layout-constrained wp-block-group-is-layout-constrained\">  <div class=\"gallery-tiles gallery-tiles--rows-2-3 lightgallery\">\r\n          <a href=\"https:\/\/www.polonia.travel\/it\/wp-content\/uploads\/sites\/20\/2024\/05\/16xLodzkie_Arkadia-1.jpg\" class=\"gallery-tiles__item\" data-src=\"https:\/\/www.polonia.travel\/it\/wp-content\/uploads\/sites\/20\/2024\/05\/16xLodzkie_Arkadia-1.jpg\"\r\n        aria-label=\"Otw\u00f3rz powi\u0119kszone zdj\u0119cie: 16xLodzkie_Arkadia-1\">\r\n        <img loading=\"lazy\" decoding=\"async\" width=\"709\" height=\"474\" src=\"https:\/\/www.polonia.travel\/it\/wp-content\/uploads\/sites\/20\/2024\/05\/16xLodzkie_Arkadia-1.jpg\" class=\"gallery-tiles__thumb\" alt=\"\" srcset=\"https:\/\/www.polonia.travel\/it\/wp-content\/uploads\/sites\/20\/2024\/05\/16xLodzkie_Arkadia-1.jpg 709w, https:\/\/www.polonia.travel\/it\/wp-content\/uploads\/sites\/20\/2024\/05\/16xLodzkie_Arkadia-1-600x401.jpg 600w\" sizes=\"auto, (max-width: 709px) 100vw, 709px\" \/>      <\/a>\r\n          <a href=\"https:\/\/www.polonia.travel\/it\/wp-content\/uploads\/sites\/20\/2024\/05\/LODZ_4-1.jpg\" class=\"gallery-tiles__item\" data-src=\"https:\/\/www.polonia.travel\/it\/wp-content\/uploads\/sites\/20\/2024\/05\/LODZ_4-1.jpg\"\r\n        aria-label=\"Otw\u00f3rz powi\u0119kszone zdj\u0119cie: LODZ_4-1\">\r\n        <img loading=\"lazy\" decoding=\"async\" width=\"1170\" height=\"780\" src=\"https:\/\/www.polonia.travel\/it\/wp-content\/uploads\/sites\/20\/2024\/05\/LODZ_4-1.jpg\" class=\"gallery-tiles__thumb\" alt=\"\" srcset=\"https:\/\/www.polonia.travel\/it\/wp-content\/uploads\/sites\/20\/2024\/05\/LODZ_4-1.jpg 1170w, https:\/\/www.polonia.travel\/it\/wp-content\/uploads\/sites\/20\/2024\/05\/LODZ_4-1-600x400.jpg 600w, https:\/\/www.polonia.travel\/it\/wp-content\/uploads\/sites\/20\/2024\/05\/LODZ_4-1-768x512.jpg 768w\" sizes=\"auto, (max-width: 1170px) 100vw, 1170px\" \/>      <\/a>\r\n          <a href=\"https:\/\/www.polonia.travel\/it\/wp-content\/uploads\/sites\/20\/2024\/05\/Lodz_Poznanski_Palace.jpg\" class=\"gallery-tiles__item\" data-src=\"https:\/\/www.polonia.travel\/it\/wp-content\/uploads\/sites\/20\/2024\/05\/Lodz_Poznanski_Palace.jpg\"\r\n        aria-label=\"Otw\u00f3rz powi\u0119kszone zdj\u0119cie: Lodz_Poznanski_Palace\">\r\n        <img loading=\"lazy\" decoding=\"async\" width=\"640\" height=\"425\" src=\"https:\/\/www.polonia.travel\/it\/wp-content\/uploads\/sites\/20\/2024\/05\/Lodz_Poznanski_Palace.jpg\" class=\"gallery-tiles__thumb\" alt=\"\" srcset=\"https:\/\/www.polonia.travel\/it\/wp-content\/uploads\/sites\/20\/2024\/05\/Lodz_Poznanski_Palace.jpg 640w, https:\/\/www.polonia.travel\/it\/wp-content\/uploads\/sites\/20\/2024\/05\/Lodz_Poznanski_Palace-600x398.jpg 600w\" sizes=\"auto, (max-width: 640px) 100vw, 640px\" \/>      <\/a>\r\n          <a href=\"https:\/\/www.polonia.travel\/it\/wp-content\/uploads\/sites\/20\/2024\/05\/347624458_Pasaz_Rozy_Adobe-1.jpeg\" class=\"gallery-tiles__item\" data-src=\"https:\/\/www.polonia.travel\/it\/wp-content\/uploads\/sites\/20\/2024\/05\/347624458_Pasaz_Rozy_Adobe-1.jpeg\"\r\n        aria-label=\"Otw\u00f3rz powi\u0119kszone zdj\u0119cie: Pasa\u017c R\u00f3\u017cy, \u0141\u00f3d\u017a\">\r\n        <img loading=\"lazy\" decoding=\"async\" width=\"800\" height=\"533\" src=\"https:\/\/www.polonia.travel\/it\/wp-content\/uploads\/sites\/20\/2024\/05\/347624458_Pasaz_Rozy_Adobe-1.jpeg\" class=\"gallery-tiles__thumb\" alt=\"\" srcset=\"https:\/\/www.polonia.travel\/it\/wp-content\/uploads\/sites\/20\/2024\/05\/347624458_Pasaz_Rozy_Adobe-1.jpeg 800w, https:\/\/www.polonia.travel\/it\/wp-content\/uploads\/sites\/20\/2024\/05\/347624458_Pasaz_Rozy_Adobe-1-600x400.jpeg 600w, https:\/\/www.polonia.travel\/it\/wp-content\/uploads\/sites\/20\/2024\/05\/347624458_Pasaz_Rozy_Adobe-1-768x512.jpeg 768w\" sizes=\"auto, (max-width: 800px) 100vw, 800px\" \/>      <\/a>\r\n          <a href=\"https:\/\/www.polonia.travel\/it\/wp-content\/uploads\/sites\/20\/2024\/05\/lodz_manufaktura_540.jpg\" class=\"gallery-tiles__item\" data-src=\"https:\/\/www.polonia.travel\/it\/wp-content\/uploads\/sites\/20\/2024\/05\/lodz_manufaktura_540.jpg\"\r\n        aria-label=\"Otw\u00f3rz powi\u0119kszone zdj\u0119cie: lodz_manufaktura_540\">\r\n        <img loading=\"lazy\" decoding=\"async\" width=\"1170\" height=\"725\" src=\"https:\/\/www.polonia.travel\/it\/wp-content\/uploads\/sites\/20\/2024\/05\/lodz_manufaktura_540.jpg\" class=\"gallery-tiles__thumb\" alt=\"\" srcset=\"https:\/\/www.polonia.travel\/it\/wp-content\/uploads\/sites\/20\/2024\/05\/lodz_manufaktura_540.jpg 1170w, https:\/\/www.polonia.travel\/it\/wp-content\/uploads\/sites\/20\/2024\/05\/lodz_manufaktura_540-600x372.jpg 600w, https:\/\/www.polonia.travel\/it\/wp-content\/uploads\/sites\/20\/2024\/05\/lodz_manufaktura_540-768x476.jpg 768w\" sizes=\"auto, (max-width: 1170px) 100vw, 1170px\" \/>      <\/a>\r\n      <\/div>\r\n<\/div><\/div>\n\n\n\n<div style=\"height:100px\" aria-hidden=\"true\" class=\"wp-block-spacer is-style-spacer-small\"><\/div>\n\n\n\n<div class=\"wp-block-group is-style-container-medium\"><div class=\"wp-block-group__inner-container is-layout-constrained wp-block-group-is-layout-constrained\">\n<p><strong>(Non) solo per signore<\/strong><\/p>\n\n\n\n<p>La regione di \u0141\u00f3d\u017a offre anche molte altre attrazioni, eccole elencate in breve: la festa <strong>\u201cMokoszowisko in onore della Madre Terra\u201d<\/strong>, l\u2019unica ricostruzione storica per sole donne che si tiene a <strong>Grodzisk Rzeczyco<\/strong>.&nbsp;<strong>\u201cLa Festa dei Fiori, Frutti e Verdure\u201d <\/strong><strong>ci porta fino a <\/strong><strong>Skierniewice<\/strong><strong> dove \u00e8 possibile anche visitare la <\/strong><strong>Vecchia Stazione con il suo Deposito Ferroviario, mentre la Festa della Rosa <\/strong><strong>riempie di profumo la citt\u00e0 di <\/strong><strong>Kutno<\/strong><strong> e <\/strong><strong>l\u2019orto botanico Arboretum SGGW di Rog\u00f3w<\/strong><strong> .<\/strong><\/p>\n\n\n\n<p>Per un fine settimana in campagna, vale la pena fare un salto nel <strong>Museo a Cielo Aperto \u2013 Centro del Folklore Polacco di Nagawki<\/strong> &nbsp;oppure nel <strong>Parco Etnografico \u0141owicki a Marzyca<\/strong>.<\/p>\n\n\n\n<p>Non si pu\u00f2 non citare il Museo di Niebor\u00f3w e Arcadia con il Palazzo della famiglia <strong>Radziwi\u0142\u0142 con giardino a Niebor\u00f3w e il Giardino Romantico di Helena Radziwi\u0142\u0142 a Arkadia<\/strong>. La visita del Palacco di Niebor\u00f3w vi riporter\u00e0 ai tempi di Napoleone dato che qui nacque il figlio di Bonaparte&nbsp; e di Helena Walewska.<\/p>\n\n\n\n<p>A Walewice invece si trova il pi\u00f9 grande allenamento in Polonia di cavalli di razza anglo-araba, dotato anche di un eccellente maneggio.<\/p>\n\n\n\n<p><strong>Un\u2019altra opzione pu\u00f2 essere quella di visitare <\/strong><strong>\u0141\u0119czyca<\/strong>&nbsp;<strong> per vedere <\/strong><strong>la Chiesa Collegiata di Tum<\/strong><strong> e il museo a cielo aperto <\/strong><strong>sulla vita contadina di \u0141\u0119czyca a Kwiat\u00f3wek<\/strong>, oppure il Convento dell\u2019Abbazia cistercense a Sulejowek <strong>o anche lo <\/strong><strong>\u201cOpen Hair Festiwal\u201d a Sieradz<\/strong>.<\/p>\n\n\n\n<p>Ultimamente si \u00e8 aperto un dibattito sul vero centro geografico della Polonia. Secondo la vulgata, si trova effettivamente a Pi\u0105tek come detto all\u2019inizio, ma le nuove misurazioni dei geologi sembrano doverlo spostare verso il paese vicino di Nowa Wies. Quello che \u00e8 sicuro \u00e8 che \u00e8 rimane nella regione di \u0141\u00f3d\u017a.<\/p>\n<\/div><\/div>\n\n\n\n<div class=\"wp-block-group has-background\" style=\"background-color:#eeeeee\"><div class=\"wp-block-group__inner-container is-layout-constrained wp-block-group-is-layout-constrained\">\n<div style=\"height:100px\" aria-hidden=\"true\" class=\"wp-block-spacer is-style-spacer-small\"><\/div>\n\n\n\n<div class=\"wp-block-group is-style-container\"><div class=\"wp-block-group__inner-container is-layout-constrained wp-block-group-is-layout-constrained\">\n<h3 class=\"wp-block-heading\">Scopri di pi\u00f9<\/h3>\n\n\n\n<div style=\"height:100px\" aria-hidden=\"true\" class=\"wp-block-spacer is-style-spacer-small\"><\/div>\n\n\n<div class=\"overflow\">\n  <div class=\"post-slider swiper post-slider--small\" data-schema=\"small\">\n\n    <div class=\"swiper-wrapper\">\n              <div class=\"swiper-slide post-slide\">\n                      <a href=\"https:\/\/www.polonia.travel\/it\/zachodniopomorskie-pomerania-occidentale\/\" class=\"post-box post-box--small\" style=\" background-image: url(https:\/\/www.polonia.travel\/it\/wp-content\/uploads\/sites\/20\/2023\/03\/szczecin_tarasy_widokowe_1170-600x400.jpg);\">\n          <div class=\"post-box__hover\" style=\"background-image: url(https:\/\/www.polonia.travel\/it\/wp-content\/uploads\/sites\/20\/2023\/02\/Swinoujscie-e1676388308968-600x366.jpg);\"><\/div>\n        <div class=\"post-box__info\">\n            <div class=\"post-box__title\">La Pomerania Occidentale<\/div>\n      <div class=\"post-box__more\">Leggi di pi\u00f9<\/div>\n    <\/div>\n  <\/a>\n\n          <\/div>\n              <div class=\"swiper-slide post-slide\">\n                      <a href=\"https:\/\/www.polonia.travel\/it\/wielkopolskie\/\" class=\"post-box post-box--small\" style=\" background-image: url(https:\/\/www.polonia.travel\/it\/wp-content\/uploads\/sites\/20\/2024\/05\/PoznaC58420Municipio20e20piazza-6-600x400.jpg);\">\n          <div class=\"post-box__hover\" style=\"background-image: url(https:\/\/www.polonia.travel\/it\/wp-content\/uploads\/sites\/20\/2022\/12\/poznan_stare_miasto_rynek_1170-600x400.jpg);\"><\/div>\n        <div class=\"post-box__info\">\n            <div class=\"post-box__title\">La Wielkopolska<\/div>\n      <div class=\"post-box__more\">Leggi di pi\u00f9<\/div>\n    <\/div>\n  <\/a>\n\n          <\/div>\n              <div class=\"swiper-slide post-slide\">\n                      <a href=\"https:\/\/www.polonia.travel\/it\/warminsko-mazurskie-varmia-masuria\/\" class=\"post-box post-box--small\" style=\" background-image: url(https:\/\/www.polonia.travel\/it\/wp-content\/uploads\/sites\/20\/2024\/05\/12448_Mazury-Jezioro-Kirsajty_JW_HR-1-600x400.jpg);\">\n          <div class=\"post-box__hover\" style=\"background-image: url(https:\/\/www.polonia.travel\/it\/wp-content\/uploads\/sites\/20\/2024\/05\/274836709_Gizycko_Kisajno_mazury_Adobe-600x400.jpg);\"><\/div>\n        <div class=\"post-box__info\">\n            <div class=\"post-box__title\">La Varmia e Masuria<\/div>\n      <div class=\"post-box__more\">Leggi di pi\u00f9<\/div>\n    <\/div>\n  <\/a>\n\n          <\/div>\n              <div class=\"swiper-slide post-slide\">\n                      <a href=\"https:\/\/www.polonia.travel\/it\/swietokrzyskie\/\" class=\"post-box post-box--small\" style=\" background-image: url(https:\/\/www.polonia.travel\/it\/wp-content\/uploads\/sites\/20\/2023\/02\/392_Gory-Swietokrzyskie-i-Swiety-Krzyz-szklany-dom-Zeromskiego_MC_P-600x400.jpg);\">\n          <div class=\"post-box__hover\" style=\"background-image: url(https:\/\/www.polonia.travel\/it\/wp-content\/uploads\/sites\/20\/2023\/02\/13_Gory-Swietokrzyskie-i-Swiety-Krzyz-szklany-dom-Zeromskiego_MC_P-600x400.jpg);\"><\/div>\n        <div class=\"post-box__info\">\n            <div class=\"post-box__title\">La regione della Santacroce<\/div>\n      <div class=\"post-box__more\">Leggi di pi\u00f9<\/div>\n    <\/div>\n  <\/a>\n\n          <\/div>\n              <div class=\"swiper-slide post-slide\">\n                      <a href=\"https:\/\/www.polonia.travel\/it\/slaskie\/\" class=\"post-box post-box--small\" style=\" background-image: url(https:\/\/www.polonia.travel\/it\/wp-content\/uploads\/sites\/20\/2024\/05\/Ogrodzieniec-6.jpg);\">\n          <div class=\"post-box__hover\" style=\"background-image: url(https:\/\/www.polonia.travel\/it\/wp-content\/uploads\/sites\/20\/2023\/01\/Kopalnia-Guido-Zabrze-6-fot-www.slaskie.travel-OpenGroup.com_.pl_-600x400.jpg);\"><\/div>\n        <div class=\"post-box__info\">\n            <div class=\"post-box__title\">La Slesia<\/div>\n      <div class=\"post-box__more\">Leggi di pi\u00f9<\/div>\n    <\/div>\n  <\/a>\n\n          <\/div>\n              <div class=\"swiper-slide post-slide\">\n                      <a href=\"https:\/\/www.polonia.travel\/it\/pomorskie\/\" class=\"post-box post-box--small\" style=\" background-image: url(https:\/\/www.polonia.travel\/it\/wp-content\/uploads\/sites\/20\/2024\/05\/TrC3B3jmiasto_20Sopot20kuter-600x400.jpg);\">\n          <div class=\"post-box__hover\" style=\"background-image: url(https:\/\/www.polonia.travel\/it\/wp-content\/uploads\/sites\/20\/2024\/05\/Danzica-9.jpg);\"><\/div>\n        <div class=\"post-box__info\">\n            <div class=\"post-box__title\">La Pomerania<\/div>\n      <div class=\"post-box__more\">Leggi di pi\u00f9<\/div>\n    <\/div>\n  <\/a>\n\n          <\/div>\n              <div class=\"swiper-slide post-slide\">\n                      <a href=\"https:\/\/www.polonia.travel\/it\/podlaskie\/\" class=\"post-box post-box--small\" style=\" background-image: url(https:\/\/www.polonia.travel\/it\/wp-content\/uploads\/sites\/20\/2024\/05\/Biebrza20-20fot.20Podlaska20Regionalna20Organizacja20Turystyczna-600x400.jpg);\">\n          <div class=\"post-box__hover\" style=\"background-image: url(https:\/\/www.polonia.travel\/it\/wp-content\/uploads\/sites\/20\/2024\/05\/Podlaskie_Kruszyniany20540x360-12.jpg);\"><\/div>\n        <div class=\"post-box__info\">\n            <div class=\"post-box__title\">La Podlachia<\/div>\n      <div class=\"post-box__more\">Leggi di pi\u00f9<\/div>\n    <\/div>\n  <\/a>\n\n          <\/div>\n              <div class=\"swiper-slide post-slide\">\n                      <a href=\"https:\/\/www.polonia.travel\/it\/podkarpackie\/\" class=\"post-box post-box--small\" style=\" background-image: url(https:\/\/www.polonia.travel\/it\/wp-content\/uploads\/sites\/20\/2023\/07\/rys_1170-600x400.jpg);\">\n          <div class=\"post-box__hover\" style=\"background-image: url(https:\/\/www.polonia.travel\/it\/wp-content\/uploads\/sites\/20\/2024\/05\/16xPodk_Bieszczady-6-600x389.jpeg);\"><\/div>\n        <div class=\"post-box__info\">\n            <div class=\"post-box__title\">La Precarpazia<\/div>\n      <div class=\"post-box__more\">Leggi di pi\u00f9<\/div>\n    <\/div>\n  <\/a>\n\n          <\/div>\n              <div class=\"swiper-slide post-slide\">\n                      <a href=\"https:\/\/www.polonia.travel\/it\/opolskie\/\" class=\"post-box post-box--small\" style=\" background-image: url(https:\/\/www.polonia.travel\/it\/wp-content\/uploads\/sites\/20\/2024\/05\/Moszna-12.jpg);\">\n          <div class=\"post-box__hover\" style=\"background-image: url(https:\/\/www.polonia.travel\/it\/wp-content\/uploads\/sites\/20\/2022\/12\/opole_amfiteatr_1170-2-600x400.jpg);\"><\/div>\n        <div class=\"post-box__info\">\n            <div class=\"post-box__title\">La Regione di Opole<\/div>\n      <div class=\"post-box__more\">Leggi di pi\u00f9<\/div>\n    <\/div>\n  <\/a>\n\n          <\/div>\n              <div class=\"swiper-slide post-slide\">\n                      <a href=\"https:\/\/www.polonia.travel\/it\/masovia-mazowieckie-la-regione-piu-grande-della-polonia\/\" class=\"post-box post-box--small\" style=\" background-image: url(https:\/\/www.polonia.travel\/it\/wp-content\/uploads\/sites\/20\/2024\/05\/Warszawa1_540_360-8.jpg);\">\n          <div class=\"post-box__hover\" style=\"background-image: url(https:\/\/www.polonia.travel\/it\/wp-content\/uploads\/sites\/20\/2023\/07\/warszawa_lazienki_kwiaty_1170-600x400.jpg);\"><\/div>\n        <div class=\"post-box__info\">\n            <div class=\"post-box__title\">La Masovia<\/div>\n      <div class=\"post-box__more\">Leggi di pi\u00f9<\/div>\n    <\/div>\n  <\/a>\n\n          <\/div>\n              <div class=\"swiper-slide post-slide\">\n                      <a href=\"https:\/\/www.polonia.travel\/it\/malopolska-perla-della-polonia\/\" class=\"post-box post-box--small\" style=\" background-image: url(https:\/\/www.polonia.travel\/it\/wp-content\/uploads\/sites\/20\/2023\/09\/179383441_Tatry_jesien_Adobe-Custom-600x349.jpg);\">\n        <div class=\"post-box__info\">\n            <div class=\"post-box__title\">La Malopolska<\/div>\n      <div class=\"post-box__more\">Leggi di pi\u00f9<\/div>\n    <\/div>\n  <\/a>\n\n          <\/div>\n              <div class=\"swiper-slide post-slide\">\n                      <a href=\"https:\/\/www.polonia.travel\/it\/la-regione-di-lodz\/\" class=\"post-box post-box--small\" style=\" background-image: url(https:\/\/www.polonia.travel\/it\/wp-content\/uploads\/sites\/20\/2024\/05\/Lodz_Manufaktura-weaving-mill-view-600x337.jpg);\">\n          <div class=\"post-box__hover\" style=\"background-image: url(https:\/\/www.polonia.travel\/it\/wp-content\/uploads\/sites\/20\/2024\/05\/Arkadia_i_NieborC3B3w_2.jpg);\"><\/div>\n        <div class=\"post-box__info\">\n            <div class=\"post-box__title\">La Regione di \u0141\u00f3d\u017a<\/div>\n      <div class=\"post-box__more\">Leggi di pi\u00f9<\/div>\n    <\/div>\n  <\/a>\n\n          <\/div>\n              <div class=\"swiper-slide post-slide\">\n                      <a href=\"https:\/\/www.polonia.travel\/it\/voivodato-lubuskie\/\" class=\"post-box post-box--small\" style=\" background-image: url(https:\/\/www.polonia.travel\/it\/wp-content\/uploads\/sites\/20\/2023\/03\/pomnik-wino-zielona-gora-600x207.jpg);\">\n          <div class=\"post-box__hover\" style=\"background-image: url(https:\/\/www.polonia.travel\/it\/wp-content\/uploads\/sites\/20\/2023\/03\/park_muzakowski-600x400.jpg);\"><\/div>\n        <div class=\"post-box__info\">\n            <div class=\"post-box__title\">La Regione Lubuskie<\/div>\n      <div class=\"post-box__more\">Leggi di pi\u00f9<\/div>\n    <\/div>\n  <\/a>\n\n          <\/div>\n              <div class=\"swiper-slide post-slide\">\n                      <a href=\"https:\/\/www.polonia.travel\/it\/lubelskie-lungo-il-corso-del-fiume-bug\/\" class=\"post-box post-box--small\" style=\" background-image: url(https:\/\/www.polonia.travel\/it\/wp-content\/uploads\/sites\/20\/2024\/05\/Lublin1170-6-600x389.jpg);\">\n          <div class=\"post-box__hover\" style=\"background-image: url(https:\/\/www.polonia.travel\/it\/wp-content\/uploads\/sites\/20\/2022\/12\/kazimierz_wawoz_korzeniowy_jesien_1170-600x400.jpg);\"><\/div>\n        <div class=\"post-box__info\">\n            <div class=\"post-box__title\">La Regione di Lublino<\/div>\n      <div class=\"post-box__more\">Leggi di pi\u00f9<\/div>\n    <\/div>\n  <\/a>\n\n          <\/div>\n              <div class=\"swiper-slide post-slide\">\n                      <a href=\"https:\/\/www.polonia.travel\/it\/kujawsko-pomorskie-i-pierniki-e-il-sale\/\" class=\"post-box post-box--small\" style=\" background-image: url(https:\/\/www.polonia.travel\/it\/wp-content\/uploads\/sites\/20\/2022\/12\/torun_pomnik_kopernika_1170-600x400.jpg);\">\n          <div class=\"post-box__hover\" style=\"background-image: url(https:\/\/www.polonia.travel\/it\/wp-content\/uploads\/sites\/20\/2024\/05\/Bydgoszcz.jpeg);\"><\/div>\n        <div class=\"post-box__info\">\n            <div class=\"post-box__title\">La Cuiavia-Pomerania<\/div>\n      <div class=\"post-box__more\">Leggi di pi\u00f9<\/div>\n    <\/div>\n  <\/a>\n\n          <\/div>\n              <div class=\"swiper-slide post-slide\">\n                      <a href=\"https:\/\/www.polonia.travel\/it\/dolnoslaskie-bassa-slesia-una-terra-di-tesori\/\" class=\"post-box post-box--small\" style=\" background-image: url(https:\/\/www.polonia.travel\/it\/wp-content\/uploads\/sites\/20\/2024\/05\/150129_Wroclaw_z_sw_Elzbiety_DU_HR-1-600x389.jpg);\">\n          <div class=\"post-box__hover\" style=\"background-image: url(https:\/\/www.polonia.travel\/it\/wp-content\/uploads\/sites\/20\/2024\/05\/KSIAZ_EARLYBIRD_-14-min.jpg);\"><\/div>\n        <div class=\"post-box__info\">\n            <div class=\"post-box__title\">La Bassa Slesia<\/div>\n      <div class=\"post-box__more\">Leggi di pi\u00f9<\/div>\n    <\/div>\n  <\/a>\n\n          <\/div>\n          <\/div>\n    <div class=\"post-slider__pagination\"><\/div>\n  <\/div>\n<\/div>\n<\/div><\/div>\n\n\n\n<div style=\"height:100px\" aria-hidden=\"true\" class=\"wp-block-spacer is-style-spacer-small\"><\/div>\n<\/div><\/div>\n","protected":false},"excerpt":{"rendered":"<p>La regione di \u0141\u00f3d\u017a \u2013 epicentro delle emozioni Il centro geografico esatto della Polonia si trova proprio qui, e questa regione ha molto da offrire. Come per esempio la famiglia dei \u201cGigantelli bruni\u201d: Wojtu\u015b, D\u017culka, il professor Om, il Robot dal cuore di carbone e Gaja. Vivono tutti nel Museo PGE dei Giganti della Potenza [&hellip;]<\/p>\n","protected":false},"author":1,"featured_media":21729,"comment_status":"open","ping_status":"open","sticky":false,"template":"","format":"standard","meta":{"_acf_changed":false,"footnotes":""},"categories":[1038],"class_list":["post-31271","post","type-post","status-publish","format-standard","has-post-thumbnail","hentry","category-regioni"],"acf":[],"yoast_head":"<!-- This site is optimized with the Yoast SEO plugin v27.4 - https:\/\/yoast.com\/product\/yoast-seo-wordpress\/ -->\n<title>La Regione di \u0141\u00f3d\u017a - Polonia Travel (IT)<\/title>\n<meta name=\"robots\" content=\"index, follow, max-snippet:-1, max-image-preview:large, max-video-preview:-1\" \/>\n<link rel=\"canonical\" href=\"https:\/\/www.polonia.travel\/it\/la-regione-di-lodz\/\" \/>\n<meta property=\"og:locale\" content=\"pl_PL\" \/>\n<meta property=\"og:type\" content=\"article\" \/>\n<meta property=\"og:title\" content=\"La Regione di \u0141\u00f3d\u017a - Polonia Travel (IT)\" \/>\n<meta property=\"og:description\" content=\"La regione di \u0141\u00f3d\u017a \u2013 epicentro delle emozioni Il centro geografico esatto della Polonia si trova proprio qui, e questa regione ha molto da offrire. Come per esempio la famiglia dei \u201cGigantelli bruni\u201d: Wojtu\u015b, D\u017culka, il professor Om, il Robot dal cuore di carbone e Gaja. Vivono tutti nel Museo PGE dei Giganti della Potenza [&hellip;]\" \/>\n<meta property=\"og:url\" content=\"https:\/\/www.polonia.travel\/it\/la-regione-di-lodz\/\" \/>\n<meta property=\"og:site_name\" content=\"Polonia Travel (IT)\" \/>\n<meta property=\"article:published_time\" content=\"2024-07-10T09:24:07+00:00\" \/>\n<meta property=\"article:modified_time\" content=\"2024-11-27T22:06:38+00:00\" \/>\n<meta property=\"og:image\" content=\"https:\/\/www.polonia.travel\/it\/wp-content\/uploads\/sites\/20\/2023\/03\/Ulica_Piotrkowska_w_Lodzi_1920.jpg\" \/>\n\t<meta property=\"og:image:width\" content=\"1920\" \/>\n\t<meta property=\"og:image:height\" content=\"522\" \/>\n\t<meta property=\"og:image:type\" content=\"image\/jpeg\" \/>\n<meta name=\"twitter:card\" content=\"summary_large_image\" \/>\n<meta name=\"twitter:label1\" content=\"Napisane przez\" \/>\n\t<meta name=\"twitter:data1\" content=\"\" \/>\n\t<meta name=\"twitter:label2\" content=\"Szacowany czas czytania\" \/>\n\t<meta name=\"twitter:data2\" content=\"5 minut\" \/>\n<script type=\"application\/ld+json\" class=\"yoast-schema-graph\">{\"@context\":\"https:\\\/\\\/schema.org\",\"@graph\":[{\"@type\":\"Article\",\"@id\":\"https:\\\/\\\/www.polonia.travel\\\/it\\\/la-regione-di-lodz\\\/#article\",\"isPartOf\":{\"@id\":\"https:\\\/\\\/www.polonia.travel\\\/it\\\/la-regione-di-lodz\\\/\"},\"author\":{\"name\":\"\",\"@id\":\"\"},\"headline\":\"La Regione di \u0141\u00f3d\u017a\",\"datePublished\":\"2024-07-10T09:24:07+00:00\",\"dateModified\":\"2024-11-27T22:06:38+00:00\",\"mainEntityOfPage\":{\"@id\":\"https:\\\/\\\/www.polonia.travel\\\/it\\\/la-regione-di-lodz\\\/\"},\"wordCount\":701,\"commentCount\":8,\"publisher\":{\"@id\":\"https:\\\/\\\/www.polonia.travel\\\/it\\\/#organization\"},\"image\":{\"@id\":\"https:\\\/\\\/www.polonia.travel\\\/it\\\/la-regione-di-lodz\\\/#primaryimage\"},\"thumbnailUrl\":\"https:\\\/\\\/www.polonia.travel\\\/it\\\/wp-content\\\/uploads\\\/sites\\\/20\\\/2023\\\/03\\\/Ulica_Piotrkowska_w_Lodzi_1920.jpg\",\"keywords\":[\"it\",\"regioni\"],\"articleSection\":[\"Regioni\"],\"inLanguage\":\"pl-PL\"},{\"@type\":\"WebPage\",\"@id\":\"https:\\\/\\\/www.polonia.travel\\\/it\\\/la-regione-di-lodz\\\/\",\"url\":\"https:\\\/\\\/www.polonia.travel\\\/it\\\/la-regione-di-lodz\\\/\",\"name\":\"La Regione di \u0141\u00f3d\u017a - Polonia Travel (IT)\",\"isPartOf\":{\"@id\":\"https:\\\/\\\/www.polonia.travel\\\/it\\\/#website\"},\"primaryImageOfPage\":{\"@id\":\"https:\\\/\\\/www.polonia.travel\\\/it\\\/la-regione-di-lodz\\\/#primaryimage\"},\"image\":{\"@id\":\"https:\\\/\\\/www.polonia.travel\\\/it\\\/la-regione-di-lodz\\\/#primaryimage\"},\"thumbnailUrl\":\"https:\\\/\\\/www.polonia.travel\\\/it\\\/wp-content\\\/uploads\\\/sites\\\/20\\\/2023\\\/03\\\/Ulica_Piotrkowska_w_Lodzi_1920.jpg\",\"datePublished\":\"2024-07-10T09:24:07+00:00\",\"dateModified\":\"2024-11-27T22:06:38+00:00\",\"breadcrumb\":{\"@id\":\"https:\\\/\\\/www.polonia.travel\\\/it\\\/la-regione-di-lodz\\\/#breadcrumb\"},\"inLanguage\":\"pl-PL\",\"potentialAction\":[{\"@type\":\"ReadAction\",\"target\":[\"https:\\\/\\\/www.polonia.travel\\\/it\\\/la-regione-di-lodz\\\/\"]}]},{\"@type\":\"ImageObject\",\"inLanguage\":\"pl-PL\",\"@id\":\"https:\\\/\\\/www.polonia.travel\\\/it\\\/la-regione-di-lodz\\\/#primaryimage\",\"url\":\"https:\\\/\\\/www.polonia.travel\\\/it\\\/wp-content\\\/uploads\\\/sites\\\/20\\\/2023\\\/03\\\/Ulica_Piotrkowska_w_Lodzi_1920.jpg\",\"contentUrl\":\"https:\\\/\\\/www.polonia.travel\\\/it\\\/wp-content\\\/uploads\\\/sites\\\/20\\\/2023\\\/03\\\/Ulica_Piotrkowska_w_Lodzi_1920.jpg\",\"width\":1920,\"height\":522},{\"@type\":\"BreadcrumbList\",\"@id\":\"https:\\\/\\\/www.polonia.travel\\\/it\\\/la-regione-di-lodz\\\/#breadcrumb\",\"itemListElement\":[{\"@type\":\"ListItem\",\"position\":1,\"name\":\"Home page\",\"item\":\"https:\\\/\\\/www.polonia.travel\\\/it\\\/\"},{\"@type\":\"ListItem\",\"position\":2,\"name\":\"Scopri i luoghi\",\"item\":\"https:\\\/\\\/www.polonia.travel\\\/it\\\/category\\\/scopri-i-luoghi\\\/\"},{\"@type\":\"ListItem\",\"position\":3,\"name\":\"Regioni\",\"item\":\"https:\\\/\\\/www.polonia.travel\\\/it\\\/category\\\/scopri-i-luoghi\\\/regioni\\\/\"},{\"@type\":\"ListItem\",\"position\":4,\"name\":\"La Regione di \u0141\u00f3d\u017a\"}]},{\"@type\":\"WebSite\",\"@id\":\"https:\\\/\\\/www.polonia.travel\\\/it\\\/#website\",\"url\":\"https:\\\/\\\/www.polonia.travel\\\/it\\\/\",\"name\":\"Polonia Travel (IT)\",\"description\":\"...\",\"publisher\":{\"@id\":\"https:\\\/\\\/www.polonia.travel\\\/it\\\/#organization\"},\"potentialAction\":[{\"@type\":\"SearchAction\",\"target\":{\"@type\":\"EntryPoint\",\"urlTemplate\":\"https:\\\/\\\/www.polonia.travel\\\/it\\\/?s={search_term_string}\"},\"query-input\":{\"@type\":\"PropertyValueSpecification\",\"valueRequired\":true,\"valueName\":\"search_term_string\"}}],\"inLanguage\":\"pl-PL\"},{\"@type\":\"Organization\",\"@id\":\"https:\\\/\\\/www.polonia.travel\\\/it\\\/#organization\",\"name\":\"Polonia Travel (IT)\",\"url\":\"https:\\\/\\\/www.polonia.travel\\\/it\\\/\",\"logo\":{\"@type\":\"ImageObject\",\"inLanguage\":\"pl-PL\",\"@id\":\"https:\\\/\\\/www.polonia.travel\\\/it\\\/#\\\/schema\\\/logo\\\/image\\\/\",\"url\":\"\",\"contentUrl\":\"\",\"caption\":\"Polonia Travel (IT)\"},\"image\":{\"@id\":\"https:\\\/\\\/www.polonia.travel\\\/it\\\/#\\\/schema\\\/logo\\\/image\\\/\"}},{\"@type\":\"Person\",\"@id\":\"\"}]}<\/script>\n<!-- \/ Yoast SEO plugin. -->","yoast_head_json":{"title":"La Regione di \u0141\u00f3d\u017a - Polonia Travel (IT)","robots":{"index":"index","follow":"follow","max-snippet":"max-snippet:-1","max-image-preview":"max-image-preview:large","max-video-preview":"max-video-preview:-1"},"canonical":"https:\/\/www.polonia.travel\/it\/la-regione-di-lodz\/","og_locale":"pl_PL","og_type":"article","og_title":"La Regione di \u0141\u00f3d\u017a - Polonia Travel (IT)","og_description":"La regione di \u0141\u00f3d\u017a \u2013 epicentro delle emozioni Il centro geografico esatto della Polonia si trova proprio qui, e questa regione ha molto da offrire. Come per esempio la famiglia dei \u201cGigantelli bruni\u201d: Wojtu\u015b, D\u017culka, il professor Om, il Robot dal cuore di carbone e Gaja. Vivono tutti nel Museo PGE dei Giganti della Potenza [&hellip;]","og_url":"https:\/\/www.polonia.travel\/it\/la-regione-di-lodz\/","og_site_name":"Polonia Travel (IT)","article_published_time":"2024-07-10T09:24:07+00:00","article_modified_time":"2024-11-27T22:06:38+00:00","og_image":[{"width":1920,"height":522,"url":"https:\/\/www.polonia.travel\/it\/wp-content\/uploads\/sites\/20\/2023\/03\/Ulica_Piotrkowska_w_Lodzi_1920.jpg","type":"image\/jpeg"}],"twitter_card":"summary_large_image","twitter_misc":{"Napisane przez":"","Szacowany czas czytania":"5 minut"},"schema":{"@context":"https:\/\/schema.org","@graph":[{"@type":"Article","@id":"https:\/\/www.polonia.travel\/it\/la-regione-di-lodz\/#article","isPartOf":{"@id":"https:\/\/www.polonia.travel\/it\/la-regione-di-lodz\/"},"author":{"name":"","@id":""},"headline":"La Regione di \u0141\u00f3d\u017a","datePublished":"2024-07-10T09:24:07+00:00","dateModified":"2024-11-27T22:06:38+00:00","mainEntityOfPage":{"@id":"https:\/\/www.polonia.travel\/it\/la-regione-di-lodz\/"},"wordCount":701,"commentCount":8,"publisher":{"@id":"https:\/\/www.polonia.travel\/it\/#organization"},"image":{"@id":"https:\/\/www.polonia.travel\/it\/la-regione-di-lodz\/#primaryimage"},"thumbnailUrl":"https:\/\/www.polonia.travel\/it\/wp-content\/uploads\/sites\/20\/2023\/03\/Ulica_Piotrkowska_w_Lodzi_1920.jpg","keywords":["it","regioni"],"articleSection":["Regioni"],"inLanguage":"pl-PL"},{"@type":"WebPage","@id":"https:\/\/www.polonia.travel\/it\/la-regione-di-lodz\/","url":"https:\/\/www.polonia.travel\/it\/la-regione-di-lodz\/","name":"La Regione di \u0141\u00f3d\u017a - Polonia Travel (IT)","isPartOf":{"@id":"https:\/\/www.polonia.travel\/it\/#website"},"primaryImageOfPage":{"@id":"https:\/\/www.polonia.travel\/it\/la-regione-di-lodz\/#primaryimage"},"image":{"@id":"https:\/\/www.polonia.travel\/it\/la-regione-di-lodz\/#primaryimage"},"thumbnailUrl":"https:\/\/www.polonia.travel\/it\/wp-content\/uploads\/sites\/20\/2023\/03\/Ulica_Piotrkowska_w_Lodzi_1920.jpg","datePublished":"2024-07-10T09:24:07+00:00","dateModified":"2024-11-27T22:06:38+00:00","breadcrumb":{"@id":"https:\/\/www.polonia.travel\/it\/la-regione-di-lodz\/#breadcrumb"},"inLanguage":"pl-PL","potentialAction":[{"@type":"ReadAction","target":["https:\/\/www.polonia.travel\/it\/la-regione-di-lodz\/"]}]},{"@type":"ImageObject","inLanguage":"pl-PL","@id":"https:\/\/www.polonia.travel\/it\/la-regione-di-lodz\/#primaryimage","url":"https:\/\/www.polonia.travel\/it\/wp-content\/uploads\/sites\/20\/2023\/03\/Ulica_Piotrkowska_w_Lodzi_1920.jpg","contentUrl":"https:\/\/www.polonia.travel\/it\/wp-content\/uploads\/sites\/20\/2023\/03\/Ulica_Piotrkowska_w_Lodzi_1920.jpg","width":1920,"height":522},{"@type":"BreadcrumbList","@id":"https:\/\/www.polonia.travel\/it\/la-regione-di-lodz\/#breadcrumb","itemListElement":[{"@type":"ListItem","position":1,"name":"Home page","item":"https:\/\/www.polonia.travel\/it\/"},{"@type":"ListItem","position":2,"name":"Scopri i luoghi","item":"https:\/\/www.polonia.travel\/it\/category\/scopri-i-luoghi\/"},{"@type":"ListItem","position":3,"name":"Regioni","item":"https:\/\/www.polonia.travel\/it\/category\/scopri-i-luoghi\/regioni\/"},{"@type":"ListItem","position":4,"name":"La Regione di \u0141\u00f3d\u017a"}]},{"@type":"WebSite","@id":"https:\/\/www.polonia.travel\/it\/#website","url":"https:\/\/www.polonia.travel\/it\/","name":"Polonia Travel (IT)","description":"...","publisher":{"@id":"https:\/\/www.polonia.travel\/it\/#organization"},"potentialAction":[{"@type":"SearchAction","target":{"@type":"EntryPoint","urlTemplate":"https:\/\/www.polonia.travel\/it\/?s={search_term_string}"},"query-input":{"@type":"PropertyValueSpecification","valueRequired":true,"valueName":"search_term_string"}}],"inLanguage":"pl-PL"},{"@type":"Organization","@id":"https:\/\/www.polonia.travel\/it\/#organization","name":"Polonia Travel (IT)","url":"https:\/\/www.polonia.travel\/it\/","logo":{"@type":"ImageObject","inLanguage":"pl-PL","@id":"https:\/\/www.polonia.travel\/it\/#\/schema\/logo\/image\/","url":"","contentUrl":"","caption":"Polonia Travel (IT)"},"image":{"@id":"https:\/\/www.polonia.travel\/it\/#\/schema\/logo\/image\/"}},{"@type":"Person","@id":""}]}},"_links":{"self":[{"href":"https:\/\/www.polonia.travel\/it\/wp-json\/wp\/v2\/posts\/31271","targetHints":{"allow":["GET"]}}],"collection":[{"href":"https:\/\/www.polonia.travel\/it\/wp-json\/wp\/v2\/posts"}],"about":[{"href":"https:\/\/www.polonia.travel\/it\/wp-json\/wp\/v2\/types\/post"}],"author":[{"embeddable":true,"href":"https:\/\/www.polonia.travel\/it\/wp-json\/wp\/v2\/users\/1"}],"replies":[{"embeddable":true,"href":"https:\/\/www.polonia.travel\/it\/wp-json\/wp\/v2\/comments?post=31271"}],"version-history":[{"count":7,"href":"https:\/\/www.polonia.travel\/it\/wp-json\/wp\/v2\/posts\/31271\/revisions"}],"predecessor-version":[{"id":40195,"href":"https:\/\/www.polonia.travel\/it\/wp-json\/wp\/v2\/posts\/31271\/revisions\/40195"}],"wp:featuredmedia":[{"embeddable":true,"href":"https:\/\/www.polonia.travel\/it\/wp-json\/wp\/v2\/media\/21729"}],"wp:attachment":[{"href":"https:\/\/www.polonia.travel\/it\/wp-json\/wp\/v2\/media?parent=31271"}],"wp:term":[{"taxonomy":"category","embeddable":true,"href":"https:\/\/www.polonia.travel\/it\/wp-json\/wp\/v2\/categories?post=31271"}],"curies":[{"name":"wp","href":"https:\/\/api.w.org\/{rel}","templated":true}]}}