{"id":31269,"date":"2024-07-10T14:43:53","date_gmt":"2024-07-10T12:43:53","guid":{"rendered":"https:\/\/www.polonia.travel\/it\/?p=31269"},"modified":"2024-11-27T22:49:34","modified_gmt":"2024-11-27T21:49:34","slug":"zachodniopomorskie-pomerania-occidentale","status":"publish","type":"post","link":"https:\/\/www.polonia.travel\/it\/zachodniopomorskie-pomerania-occidentale\/","title":{"rendered":"La Pomerania Occidentale"},"content":{"rendered":"\n<p><\/p>\n\n\n\n<div class=\"wp-block-group is-style-container\"><div class=\"wp-block-group__inner-container is-layout-constrained wp-block-group-is-layout-constrained\">\n<!-- empty -->\n\n\n<div class=\"metrics\">\n  <div class=\"metrics__text\">\n    <h1 class=\"is-style-heading-38 mb20 large-mb30\">La Pomerania Occidentale<\/h1>\n    <p><strong>Questa regione costiera \u00e8 piena di luoghi all\u2019insegna dell\u2019avventura, ma anche di centri benessere e famose stazioni termali; La natura \u00e8 il punto forte di questa regione, a partire dai suoi due parchi nazionali (Parco Woli\u0144ski e Parco Drawie\u0144ski); La Pomerania occidentale ha molto da offrire! <\/strong><\/p>\n<p><em data-rich-text-format-boundary=\"true\">\u00a0<\/em><\/p>\n  <\/div>\n  <div class=\"metrics__sidebar\">\n    <div class=\"metrics-box\">\n              <div class=\"metrics-box__title\">Informazioni di base<\/div>\n        <div class=\"metrics-box__values\">\n                                        <div class=\"metrics-box__item\">\n      <div class=\"metrics-box__label\">Superficie <\/div>\n      <div class=\"metrics-box__value\">22 892 km\u00b2<\/div>\n    <\/div>\n                                <div class=\"metrics-box__item\">\n      <div class=\"metrics-box__label\">Abitanti<\/div>\n      <div class=\"metrics-box__value\">1,706 milioni (2017)<\/div>\n    <\/div>\n                                <\/div>\n                    <div class=\"metrics-box__links\">\n                      <a href=\"https:\/\/pomorzezachodnie.travel\/\" class=\"metrics-box__link external\"\n                                  target=\"_blank\" rel=\"nofollow noopener noreferrer\"\n                            >www<\/a>\n                  <\/div>\n          <\/div>\n  <\/div>\n<\/div>\n<\/div><\/div>\n\n\n\n<div class=\"wp-block-group is-style-container-medium\"><div class=\"wp-block-group__inner-container is-layout-constrained wp-block-group-is-layout-constrained\">\n<h3 class=\"wp-block-heading\">Pomerania occidentale \u2013 un mare di avventure<\/h3>\n\n\n\n<div style=\"height:100px\" aria-hidden=\"true\" class=\"wp-block-spacer is-style-spacer-small\"><\/div>\n\n\n\n<p>Assaggiare fiori commestibili, sentirsi un vichingo, vedere dei menhir, salire sul faro pi\u00f9 alto della costa polacca, fare un giro in carro armato \u2013 cose del genere le potrete fare solo qui!<\/p>\n\n\n\n<p>I vichinghi non hanno mai indossato elmi cornuti e non sono mai stati un popolo unico. Usiamo questo nome per riferirci a diverse trib\u00f9 di combattenti scandinavi che tra l\u2019VIII e il XII secolo organizzavano scorribande in tutta Europa. Anche se venivano da Paesi diversi, erano uniti da tradizioni e credenze comuni, una morale severa e molte abilit\u00e0 nella forgiatura di armi, nell\u2019agricoltura e anche nell\u2019amministrazione dello stato. Le donne partecipavano alla vita pubblica, erano libere di sposare chi volevano e potevano ambire a posizioni di potere. Lo racconta in modo affascinante la scrittrice El\u017cbieta Cherezi\u0144ska nel ciclo di romanzi inediti in italiano \u201cLa strada del nord\u201c e nella dilogia sulla sorella di Boleslao I, Sygrid Storrada, capace di trascinare il lettore fino al leggendario insediamento vichingo di Jomsborg, oggi replicato nel <strong>Museo a Cielo Aperto degli Slavi e dei Vichinghi<\/strong> <strong>Jomsborg-Vineta Wolin<\/strong>, che comprende 27 capanne che replicano la Wolin dell\u2019Alto Medioevo protetta da una palizzata. Qui si tengono <strong>\u201cIl Festival degli Slavi e dei Vichinghi\u201d<\/strong> e anche <strong>\u201cil Mercatino del Vichingo\u201d<\/strong>, ottime occasioni per conoscere l\u2019artigianato medievale, le armi dei guerrieri, ammirare gli stili di combattimento e provare i piatti preparati secondo le antiche ricette. Una visita a Wolin \u00e8 una stimolante porta d\u2019ingresso che apre alle altre attrazioni di questa regione. Eccole:<\/p>\n\n\n\n<p><strong>Intorno all\u2019acqua:<\/strong><\/p>\n\n\n\n<p>Per scoprire cosa avr\u00e0 provato il guardiano del faro, protagonista dell\u2019omonimo romanzo di Henryk Sienkiewicz, si deve salire su uno dei sette fari dell\u2019<strong>Itinerario<\/strong> <strong>dei Fari<\/strong>, magari quello di <strong>\u015awinouj\u015bcie<\/strong><strong>, il pi\u00f9 alto sul Baltico e uno dei pi\u00f9 alti del mondo in generale con i suoi 64,5 metri di altezza e il suo raggio di luce che arriva fino a 46,4 km. \u00c8 visitabile come quelli di <\/strong><strong>Kikut<\/strong>,&nbsp;<strong>Niech\u00f3rz<\/strong>,&nbsp;<strong>Ko\u0142obrzeg<\/strong>,&nbsp;<strong>G\u0105ski<\/strong>,&nbsp;<strong>Dar\u0142\u00f3w<\/strong>&nbsp;e&nbsp;<strong>Jaros\u0142awiec<\/strong> e nel frattempo \u00e8 possibile visitare anche<strong> i monumenti militari di \u015awinouj\u015bcie: Forte Gerhard e la Citt\u00e0 Sotterranea sull\u2019Isola di Wolin<\/strong>, ma anche&nbsp;<strong>Forte Anio\u0142<\/strong>,&nbsp;<strong>Forte Occidentale<\/strong>&nbsp;e <strong>la caserma di Parco Zdr\u00f3j<\/strong>. L\u2019ideale \u00e8 programmare la visita nel periodo de <strong>\u201cI giorni della fortezza\u201d<\/strong> quando ogni anno si organizza la ricostruzione storica di qualche battaglia.<\/p>\n\n\n\n<p><strong>Wolin<\/strong>,&nbsp;<strong>Dar\u0142owo<\/strong>&nbsp;e un\u2019altra quarantina di posti fanno parte del <strong>Percorso Velistico della Pomerania Occidentale<\/strong>, una serie di porti turistici moderni che da Berlino arrivano fino in Svezia passando da <strong>Stettino<\/strong>, il capoluogo di questa regione. Per chi alla vela preferisce il kayak, ci sono i percorsi fluviali della <strong>Drawa<\/strong>, della <strong>P\u0142onia<\/strong>, della <strong>My\u015bl, della Pars\u0119ta, dell\u2019Ina <\/strong>e della <strong>Rega<\/strong>.&nbsp;<\/p>\n\n\n\n<p><strong>L\u2019itinerario dei bunker del Vallo di Pomerania<\/strong>&nbsp;(Che parte e finisce in Svezia, ma passa anche da Golcowe Bagno e Zdbice in Pomerania), permette di ammirare i resti delle fortificazioni tedesche e dei bunker dei tempi della II guerra mondiale. \u00c8 circondato da una natura unica come <strong>il lago glaciale Zbiczno<\/strong> e <strong>la riserva della torba di<\/strong> <strong>Golcowe Bagno<\/strong><strong>, unica nel suo genere in Europa<\/strong>. Si pu\u00f2 abbinare con una capatina a <strong>Borne Sulinowo<\/strong> durante <strong>il Raduno di Mezzi Militari<\/strong> <strong>\u201cG\u0105sienice i Podkowy\u201d<\/strong>, dove si pu\u00f2 anche fare un giro in carro armato.<\/p>\n<\/div><\/div>\n\n\n\n<div style=\"height:100px\" aria-hidden=\"true\" class=\"wp-block-spacer is-style-spacer-small\"><\/div>\n\n\n\n<div class=\"wp-block-group is-style-container\"><div class=\"wp-block-group__inner-container is-layout-constrained wp-block-group-is-layout-constrained\">  <div class=\"gallery-tiles gallery-tiles--rows-2-3 lightgallery\">\r\n          <a href=\"https:\/\/www.polonia.travel\/it\/wp-content\/uploads\/sites\/20\/2024\/05\/16xZP_Filharmonia_w_Szczecinie.jpg\" class=\"gallery-tiles__item\" data-src=\"https:\/\/www.polonia.travel\/it\/wp-content\/uploads\/sites\/20\/2024\/05\/16xZP_Filharmonia_w_Szczecinie.jpg\"\r\n        aria-label=\"Otw\u00f3rz powi\u0119kszone zdj\u0119cie: 16xZP_Filharmonia_w_Szczecinie\">\r\n        <img loading=\"lazy\" decoding=\"async\" width=\"850\" height=\"567\" src=\"https:\/\/www.polonia.travel\/it\/wp-content\/uploads\/sites\/20\/2024\/05\/16xZP_Filharmonia_w_Szczecinie.jpg\" class=\"gallery-tiles__thumb\" alt=\"\" srcset=\"https:\/\/www.polonia.travel\/it\/wp-content\/uploads\/sites\/20\/2024\/05\/16xZP_Filharmonia_w_Szczecinie.jpg 850w, https:\/\/www.polonia.travel\/it\/wp-content\/uploads\/sites\/20\/2024\/05\/16xZP_Filharmonia_w_Szczecinie-600x400.jpg 600w, https:\/\/www.polonia.travel\/it\/wp-content\/uploads\/sites\/20\/2024\/05\/16xZP_Filharmonia_w_Szczecinie-768x512.jpg 768w\" sizes=\"auto, (max-width: 850px) 100vw, 850px\" \/>      <\/a>\r\n          <a href=\"https:\/\/www.polonia.travel\/it\/wp-content\/uploads\/sites\/20\/2022\/12\/szczecin_waly_chrobrego_odra_zachodnia_1170.jpg\" class=\"gallery-tiles__item\" data-src=\"https:\/\/www.polonia.travel\/it\/wp-content\/uploads\/sites\/20\/2022\/12\/szczecin_waly_chrobrego_odra_zachodnia_1170.jpg\"\r\n        aria-label=\"Otw\u00f3rz powi\u0119kszone zdj\u0119cie: Szczecin\">\r\n        <img loading=\"lazy\" decoding=\"async\" width=\"1170\" height=\"780\" src=\"https:\/\/www.polonia.travel\/it\/wp-content\/uploads\/sites\/20\/2022\/12\/szczecin_waly_chrobrego_odra_zachodnia_1170.jpg\" class=\"gallery-tiles__thumb\" alt=\"Szczecin\" srcset=\"https:\/\/www.polonia.travel\/it\/wp-content\/uploads\/sites\/20\/2022\/12\/szczecin_waly_chrobrego_odra_zachodnia_1170.jpg 1170w, https:\/\/www.polonia.travel\/it\/wp-content\/uploads\/sites\/20\/2022\/12\/szczecin_waly_chrobrego_odra_zachodnia_1170-600x400.jpg 600w, https:\/\/www.polonia.travel\/it\/wp-content\/uploads\/sites\/20\/2022\/12\/szczecin_waly_chrobrego_odra_zachodnia_1170-768x512.jpg 768w\" sizes=\"auto, (max-width: 1170px) 100vw, 1170px\" \/>      <\/a>\r\n          <a href=\"https:\/\/www.polonia.travel\/it\/wp-content\/uploads\/sites\/20\/2022\/12\/Swinoujscie1.jpg\" class=\"gallery-tiles__item\" data-src=\"https:\/\/www.polonia.travel\/it\/wp-content\/uploads\/sites\/20\/2022\/12\/Swinoujscie1.jpg\"\r\n        aria-label=\"Otw\u00f3rz powi\u0119kszone zdj\u0119cie: \u015awinouj\u015bcie\">\r\n        <img loading=\"lazy\" decoding=\"async\" width=\"1170\" height=\"780\" src=\"https:\/\/www.polonia.travel\/it\/wp-content\/uploads\/sites\/20\/2022\/12\/Swinoujscie1.jpg\" class=\"gallery-tiles__thumb\" alt=\"\u015awinouj\u015bcie\" srcset=\"https:\/\/www.polonia.travel\/it\/wp-content\/uploads\/sites\/20\/2022\/12\/Swinoujscie1.jpg 1170w, https:\/\/www.polonia.travel\/it\/wp-content\/uploads\/sites\/20\/2022\/12\/Swinoujscie1-600x400.jpg 600w, https:\/\/www.polonia.travel\/it\/wp-content\/uploads\/sites\/20\/2022\/12\/Swinoujscie1-768x512.jpg 768w\" sizes=\"auto, (max-width: 1170px) 100vw, 1170px\" \/>      <\/a>\r\n      <\/div>\r\n<\/div><\/div>\n\n\n\n<div style=\"height:100px\" aria-hidden=\"true\" class=\"wp-block-spacer is-style-spacer-small\"><\/div>\n\n\n\n<div class=\"wp-block-group is-style-container-medium\"><div class=\"wp-block-group__inner-container is-layout-constrained wp-block-group-is-layout-constrained\">\n<p><strong>Monumenti e natura<\/strong><\/p>\n\n\n\n<p>Nelle cantine del palazzo in <strong>stile barocco di<\/strong> <strong>Siemczyno <\/strong><strong>\u00e8 stato recentemente aperto il <\/strong><strong>Museo Interattivo del Barocco<\/strong>. Racconta&nbsp; di come si cucivano gli abiti per i balli, come si preparavano i piatti serviti \u201csul desco dei signori\u201c, come si passava il tempo \u201cnei salotti eleganti\u201c ascoltando la musica, giocando a dama o in compagnia delle signore, o quali spettacoli si mettevano in scena nelle residenze dei nobili. Vale la pena venire qui soprattutto durante <strong>\u201ci giorni di Henrykowo\u201d<\/strong>, la festa cittadina che usa ancora il vecchio nome tedesco della citt\u00e0. In questi tre giorni si pu\u00f2 assistere a sfilate di moda antica, rievocazioni storiche, laboratori di artigianato ed esibizioni artistiche e nel giardino esterno si pu\u00f2 camminare tra file di carpini dai rami fantasiosamente intrecciati, effetto del lungo lavoro dei giardinieri di palazzo dell\u2019epoca.<\/p>\n\n\n\n<p>Se siete curiosi di provare piatti a base di lavanda, rosa e altri fiori decorativi, e nel frattempo scoprire le ricette per prepararli, dovete venire al<strong> Festival Culinario dei Fiori Commestibili<\/strong> che si tiene ogni anno nei <strong>Giardini Tematici Hortulus<\/strong> e nel <strong>Giardino<\/strong> <strong>Hortulus Spectabilis <\/strong><strong>di<\/strong><strong> Dobrzyca<\/strong>. Si trovano rispettivamente a 2 e 8 chilometri di distanza dalla costa baltica e sono uniti da venticinque anni di passione per il giardinaggio. Il primo offre 30 tipi di giardini diversi: rocciosi, boschivi, acquatici, giapponesi, francesi, inglesi e personalizzati. Il secondo spicca per il labirinto di carpini o la torre a forma di doppia spirale di DNA con vista sul Cerchio di Pietra, sul Calendario Celtico e sui giardini delle quattro stagioni.<\/p>\n\n\n\n<p><strong>Stargard Szczeci\u0144ski<\/strong>&nbsp;con le sue mura, le torri, i bastioni e le porte era una delle fortezze pi\u00f9 solide del Principato di Pomerania. L\u2019edificio di maggiore valore storico della citt\u00e0 \u00e8 <strong>la Chiesa gotica della Madonna Regina del Mondo<\/strong>, la 19esima pi\u00f9 alta in Polonia con i suoi 83,5 metri \u00e8 una delle pi\u00f9 antiche della Pomerania occidentale, oggi considerata patrimonio culturale europeo. Il campanile pi\u00f9 alto in citt\u00e0 invece appartiene alla chiesa di San Giovanni con i suoi mascheroni e il soffitto a vetrate, un unicum in questa regione.<\/p>\n\n\n\n<p>Lungo<strong> le piste ciclabili dei laghi occidentali<\/strong> <strong>&nbsp;<\/strong>si pu\u00f2 arrivare fino alla<strong> riserva naturale di Wrzosowiska Cedy\u0144skie<\/strong>.<\/p>\n\n\n\n<p>La regione inoltre \u00e8 ricca di campi da golf: il <strong>Binowo Park Golf Club<\/strong>,&nbsp;l\u2018<strong>Amber Baltic Golf Club<\/strong>,&nbsp;il <strong>Modry Las Golf Club<\/strong> e il&nbsp;<strong>Kamie\u0144 Country Golf Club<\/strong>.<\/p>\n\n\n\n<p><strong>Posti inaspettati<\/strong><\/p>\n\n\n\n<p>Sicuramente il pi\u00f9 grande bosco di tassi della Polonia, con 10.000 esemplari nel boschetto di <strong>Rokita<\/strong>. Con il legno di questi alberi si costruiscono case, ma anche mobili, bare e archi.<\/p>\n\n\n\n<p>Nel bosco di <strong>Grzybnic <\/strong><strong>vicino a<\/strong><strong> Koszalin<\/strong>&nbsp;ci sono due <strong>cerchi di pietra gotici.<\/strong><\/p>\n\n\n\n<p>In un campo vicino al villaggio di <strong>r\u0119pcewo za Stargardem<\/strong>&nbsp; si trova \u201cIl letto dei giganti\u201d, una tomba di forma triangolare con la base lunga 9 metri, opera di un insediamento megalitico del periodo della cultura del bicchiere imbutiforme risalente a circa 5000 anni fa.<\/p>\n\n\n\n<p>Se vi incuriosiscono le opere della natura, dovete visitare il <strong>Bosco Storto<\/strong> a <strong>Gryfino<\/strong>, vicino a Stettino. La parte bassa dei tronchi dei pini che crescono i questo bosco ricorda la forma degli ami da pesca.<\/p>\n<\/div><\/div>\n\n\n\n<div class=\"wp-block-group has-background\" style=\"background-color:#eeeeee\"><div class=\"wp-block-group__inner-container is-layout-constrained wp-block-group-is-layout-constrained\">\n<div style=\"height:100px\" aria-hidden=\"true\" class=\"wp-block-spacer is-style-spacer-small\"><\/div>\n\n\n\n<div class=\"wp-block-group is-style-container\"><div class=\"wp-block-group__inner-container is-layout-constrained wp-block-group-is-layout-constrained\">\n<h3 class=\"wp-block-heading\">Scopri di pi\u00f9<\/h3>\n\n\n\n<div style=\"height:100px\" aria-hidden=\"true\" class=\"wp-block-spacer is-style-spacer-small\"><\/div>\n\n\n<div class=\"overflow\">\n  <div class=\"post-slider swiper post-slider--small\" data-schema=\"small\">\n\n    <div class=\"swiper-wrapper\">\n              <div class=\"swiper-slide post-slide\">\n                      <a href=\"https:\/\/www.polonia.travel\/it\/zachodniopomorskie-pomerania-occidentale\/\" class=\"post-box post-box--small\" style=\" background-image: url(https:\/\/www.polonia.travel\/it\/wp-content\/uploads\/sites\/20\/2023\/03\/szczecin_tarasy_widokowe_1170-600x400.jpg);\">\n          <div class=\"post-box__hover\" style=\"background-image: url(https:\/\/www.polonia.travel\/it\/wp-content\/uploads\/sites\/20\/2023\/02\/Swinoujscie-e1676388308968-600x366.jpg);\"><\/div>\n        <div class=\"post-box__info\">\n            <div class=\"post-box__title\">La Pomerania Occidentale<\/div>\n      <div class=\"post-box__more\">Leggi di pi\u00f9<\/div>\n    <\/div>\n  <\/a>\n\n          <\/div>\n              <div class=\"swiper-slide post-slide\">\n                      <a href=\"https:\/\/www.polonia.travel\/it\/wielkopolskie\/\" class=\"post-box post-box--small\" style=\" background-image: url(https:\/\/www.polonia.travel\/it\/wp-content\/uploads\/sites\/20\/2024\/05\/PoznaC58420Municipio20e20piazza-6-600x400.jpg);\">\n          <div class=\"post-box__hover\" style=\"background-image: url(https:\/\/www.polonia.travel\/it\/wp-content\/uploads\/sites\/20\/2022\/12\/poznan_stare_miasto_rynek_1170-600x400.jpg);\"><\/div>\n        <div class=\"post-box__info\">\n            <div class=\"post-box__title\">La Wielkopolska<\/div>\n      <div class=\"post-box__more\">Leggi di pi\u00f9<\/div>\n    <\/div>\n  <\/a>\n\n          <\/div>\n              <div class=\"swiper-slide post-slide\">\n                      <a href=\"https:\/\/www.polonia.travel\/it\/warminsko-mazurskie-varmia-masuria\/\" class=\"post-box post-box--small\" style=\" background-image: url(https:\/\/www.polonia.travel\/it\/wp-content\/uploads\/sites\/20\/2024\/05\/12448_Mazury-Jezioro-Kirsajty_JW_HR-1-600x400.jpg);\">\n          <div class=\"post-box__hover\" style=\"background-image: url(https:\/\/www.polonia.travel\/it\/wp-content\/uploads\/sites\/20\/2024\/05\/274836709_Gizycko_Kisajno_mazury_Adobe-600x400.jpg);\"><\/div>\n        <div class=\"post-box__info\">\n            <div class=\"post-box__title\">La Varmia e Masuria<\/div>\n      <div class=\"post-box__more\">Leggi di pi\u00f9<\/div>\n    <\/div>\n  <\/a>\n\n          <\/div>\n              <div class=\"swiper-slide post-slide\">\n                      <a href=\"https:\/\/www.polonia.travel\/it\/swietokrzyskie\/\" class=\"post-box post-box--small\" style=\" background-image: url(https:\/\/www.polonia.travel\/it\/wp-content\/uploads\/sites\/20\/2023\/02\/392_Gory-Swietokrzyskie-i-Swiety-Krzyz-szklany-dom-Zeromskiego_MC_P-600x400.jpg);\">\n          <div class=\"post-box__hover\" style=\"background-image: url(https:\/\/www.polonia.travel\/it\/wp-content\/uploads\/sites\/20\/2023\/02\/13_Gory-Swietokrzyskie-i-Swiety-Krzyz-szklany-dom-Zeromskiego_MC_P-600x400.jpg);\"><\/div>\n        <div class=\"post-box__info\">\n            <div class=\"post-box__title\">La regione della Santacroce<\/div>\n      <div class=\"post-box__more\">Leggi di pi\u00f9<\/div>\n    <\/div>\n  <\/a>\n\n          <\/div>\n              <div class=\"swiper-slide post-slide\">\n                      <a href=\"https:\/\/www.polonia.travel\/it\/slaskie\/\" class=\"post-box post-box--small\" style=\" background-image: url(https:\/\/www.polonia.travel\/it\/wp-content\/uploads\/sites\/20\/2024\/05\/Ogrodzieniec-6.jpg);\">\n          <div class=\"post-box__hover\" style=\"background-image: url(https:\/\/www.polonia.travel\/it\/wp-content\/uploads\/sites\/20\/2023\/01\/Kopalnia-Guido-Zabrze-6-fot-www.slaskie.travel-OpenGroup.com_.pl_-600x400.jpg);\"><\/div>\n        <div class=\"post-box__info\">\n            <div class=\"post-box__title\">La Slesia<\/div>\n      <div class=\"post-box__more\">Leggi di pi\u00f9<\/div>\n    <\/div>\n  <\/a>\n\n          <\/div>\n              <div class=\"swiper-slide post-slide\">\n                      <a href=\"https:\/\/www.polonia.travel\/it\/pomorskie\/\" class=\"post-box post-box--small\" style=\" background-image: url(https:\/\/www.polonia.travel\/it\/wp-content\/uploads\/sites\/20\/2024\/05\/TrC3B3jmiasto_20Sopot20kuter-600x400.jpg);\">\n          <div class=\"post-box__hover\" style=\"background-image: url(https:\/\/www.polonia.travel\/it\/wp-content\/uploads\/sites\/20\/2024\/05\/Danzica-9.jpg);\"><\/div>\n        <div class=\"post-box__info\">\n            <div class=\"post-box__title\">La Pomerania<\/div>\n      <div class=\"post-box__more\">Leggi di pi\u00f9<\/div>\n    <\/div>\n  <\/a>\n\n          <\/div>\n              <div class=\"swiper-slide post-slide\">\n                      <a href=\"https:\/\/www.polonia.travel\/it\/podlaskie\/\" class=\"post-box post-box--small\" style=\" background-image: url(https:\/\/www.polonia.travel\/it\/wp-content\/uploads\/sites\/20\/2024\/05\/Biebrza20-20fot.20Podlaska20Regionalna20Organizacja20Turystyczna-600x400.jpg);\">\n          <div class=\"post-box__hover\" style=\"background-image: url(https:\/\/www.polonia.travel\/it\/wp-content\/uploads\/sites\/20\/2024\/05\/Podlaskie_Kruszyniany20540x360-12.jpg);\"><\/div>\n        <div class=\"post-box__info\">\n            <div class=\"post-box__title\">La Podlachia<\/div>\n      <div class=\"post-box__more\">Leggi di pi\u00f9<\/div>\n    <\/div>\n  <\/a>\n\n          <\/div>\n              <div class=\"swiper-slide post-slide\">\n                      <a href=\"https:\/\/www.polonia.travel\/it\/podkarpackie\/\" class=\"post-box post-box--small\" style=\" background-image: url(https:\/\/www.polonia.travel\/it\/wp-content\/uploads\/sites\/20\/2023\/07\/rys_1170-600x400.jpg);\">\n          <div class=\"post-box__hover\" style=\"background-image: url(https:\/\/www.polonia.travel\/it\/wp-content\/uploads\/sites\/20\/2024\/05\/16xPodk_Bieszczady-6-600x389.jpeg);\"><\/div>\n        <div class=\"post-box__info\">\n            <div class=\"post-box__title\">La Precarpazia<\/div>\n      <div class=\"post-box__more\">Leggi di pi\u00f9<\/div>\n    <\/div>\n  <\/a>\n\n          <\/div>\n              <div class=\"swiper-slide post-slide\">\n                      <a href=\"https:\/\/www.polonia.travel\/it\/opolskie\/\" class=\"post-box post-box--small\" style=\" background-image: url(https:\/\/www.polonia.travel\/it\/wp-content\/uploads\/sites\/20\/2024\/05\/Moszna-12.jpg);\">\n          <div class=\"post-box__hover\" style=\"background-image: url(https:\/\/www.polonia.travel\/it\/wp-content\/uploads\/sites\/20\/2022\/12\/opole_amfiteatr_1170-2-600x400.jpg);\"><\/div>\n        <div class=\"post-box__info\">\n            <div class=\"post-box__title\">La Regione di Opole<\/div>\n      <div class=\"post-box__more\">Leggi di pi\u00f9<\/div>\n    <\/div>\n  <\/a>\n\n          <\/div>\n              <div class=\"swiper-slide post-slide\">\n                      <a href=\"https:\/\/www.polonia.travel\/it\/masovia-mazowieckie-la-regione-piu-grande-della-polonia\/\" class=\"post-box post-box--small\" style=\" background-image: url(https:\/\/www.polonia.travel\/it\/wp-content\/uploads\/sites\/20\/2024\/05\/Warszawa1_540_360-8.jpg);\">\n          <div class=\"post-box__hover\" style=\"background-image: url(https:\/\/www.polonia.travel\/it\/wp-content\/uploads\/sites\/20\/2023\/07\/warszawa_lazienki_kwiaty_1170-600x400.jpg);\"><\/div>\n        <div class=\"post-box__info\">\n            <div class=\"post-box__title\">La Masovia<\/div>\n      <div class=\"post-box__more\">Leggi di pi\u00f9<\/div>\n    <\/div>\n  <\/a>\n\n          <\/div>\n              <div class=\"swiper-slide post-slide\">\n                      <a href=\"https:\/\/www.polonia.travel\/it\/malopolska-perla-della-polonia\/\" class=\"post-box post-box--small\" style=\" background-image: url(https:\/\/www.polonia.travel\/it\/wp-content\/uploads\/sites\/20\/2023\/09\/179383441_Tatry_jesien_Adobe-Custom-600x349.jpg);\">\n        <div class=\"post-box__info\">\n            <div class=\"post-box__title\">La Malopolska<\/div>\n      <div class=\"post-box__more\">Leggi di pi\u00f9<\/div>\n    <\/div>\n  <\/a>\n\n          <\/div>\n              <div class=\"swiper-slide post-slide\">\n                      <a href=\"https:\/\/www.polonia.travel\/it\/la-regione-di-lodz\/\" class=\"post-box post-box--small\" style=\" background-image: url(https:\/\/www.polonia.travel\/it\/wp-content\/uploads\/sites\/20\/2024\/05\/Lodz_Manufaktura-weaving-mill-view-600x337.jpg);\">\n          <div class=\"post-box__hover\" style=\"background-image: url(https:\/\/www.polonia.travel\/it\/wp-content\/uploads\/sites\/20\/2024\/05\/Arkadia_i_NieborC3B3w_2.jpg);\"><\/div>\n        <div class=\"post-box__info\">\n            <div class=\"post-box__title\">La Regione di \u0141\u00f3d\u017a<\/div>\n      <div class=\"post-box__more\">Leggi di pi\u00f9<\/div>\n    <\/div>\n  <\/a>\n\n          <\/div>\n              <div class=\"swiper-slide post-slide\">\n                      <a href=\"https:\/\/www.polonia.travel\/it\/voivodato-lubuskie\/\" class=\"post-box post-box--small\" style=\" background-image: url(https:\/\/www.polonia.travel\/it\/wp-content\/uploads\/sites\/20\/2023\/03\/pomnik-wino-zielona-gora-600x207.jpg);\">\n          <div class=\"post-box__hover\" style=\"background-image: url(https:\/\/www.polonia.travel\/it\/wp-content\/uploads\/sites\/20\/2023\/03\/park_muzakowski-600x400.jpg);\"><\/div>\n        <div class=\"post-box__info\">\n            <div class=\"post-box__title\">La Regione Lubuskie<\/div>\n      <div class=\"post-box__more\">Leggi di pi\u00f9<\/div>\n    <\/div>\n  <\/a>\n\n          <\/div>\n              <div class=\"swiper-slide post-slide\">\n                      <a href=\"https:\/\/www.polonia.travel\/it\/lubelskie-lungo-il-corso-del-fiume-bug\/\" class=\"post-box post-box--small\" style=\" background-image: url(https:\/\/www.polonia.travel\/it\/wp-content\/uploads\/sites\/20\/2024\/05\/Lublin1170-6-600x389.jpg);\">\n          <div class=\"post-box__hover\" style=\"background-image: url(https:\/\/www.polonia.travel\/it\/wp-content\/uploads\/sites\/20\/2022\/12\/kazimierz_wawoz_korzeniowy_jesien_1170-600x400.jpg);\"><\/div>\n        <div class=\"post-box__info\">\n            <div class=\"post-box__title\">La Regione di Lublino<\/div>\n      <div class=\"post-box__more\">Leggi di pi\u00f9<\/div>\n    <\/div>\n  <\/a>\n\n          <\/div>\n              <div class=\"swiper-slide post-slide\">\n                      <a href=\"https:\/\/www.polonia.travel\/it\/kujawsko-pomorskie-i-pierniki-e-il-sale\/\" class=\"post-box post-box--small\" style=\" background-image: url(https:\/\/www.polonia.travel\/it\/wp-content\/uploads\/sites\/20\/2022\/12\/torun_pomnik_kopernika_1170-600x400.jpg);\">\n          <div class=\"post-box__hover\" style=\"background-image: url(https:\/\/www.polonia.travel\/it\/wp-content\/uploads\/sites\/20\/2024\/05\/Bydgoszcz.jpeg);\"><\/div>\n        <div class=\"post-box__info\">\n            <div class=\"post-box__title\">La Cuiavia-Pomerania<\/div>\n      <div class=\"post-box__more\">Leggi di pi\u00f9<\/div>\n    <\/div>\n  <\/a>\n\n          <\/div>\n              <div class=\"swiper-slide post-slide\">\n                      <a href=\"https:\/\/www.polonia.travel\/it\/dolnoslaskie-bassa-slesia-una-terra-di-tesori\/\" class=\"post-box post-box--small\" style=\" background-image: url(https:\/\/www.polonia.travel\/it\/wp-content\/uploads\/sites\/20\/2024\/05\/150129_Wroclaw_z_sw_Elzbiety_DU_HR-1-600x389.jpg);\">\n          <div class=\"post-box__hover\" style=\"background-image: url(https:\/\/www.polonia.travel\/it\/wp-content\/uploads\/sites\/20\/2024\/05\/KSIAZ_EARLYBIRD_-14-min.jpg);\"><\/div>\n        <div class=\"post-box__info\">\n            <div class=\"post-box__title\">La Bassa Slesia<\/div>\n      <div class=\"post-box__more\">Leggi di pi\u00f9<\/div>\n    <\/div>\n  <\/a>\n\n          <\/div>\n          <\/div>\n    <div class=\"post-slider__pagination\"><\/div>\n  <\/div>\n<\/div>\n<\/div><\/div>\n\n\n\n<div style=\"height:100px\" aria-hidden=\"true\" class=\"wp-block-spacer is-style-spacer-small\"><\/div>\n<\/div><\/div>\n","protected":false},"excerpt":{"rendered":"<p>Pomerania occidentale \u2013 un mare di avventure Assaggiare fiori commestibili, sentirsi un vichingo, vedere dei menhir, salire sul faro pi\u00f9 alto della costa polacca, fare un giro in carro armato \u2013 cose del genere le potrete fare solo qui! I vichinghi non hanno mai indossato elmi cornuti e non sono mai stati un popolo unico. [&hellip;]<\/p>\n","protected":false},"author":1,"featured_media":19586,"comment_status":"open","ping_status":"open","sticky":false,"template":"","format":"standard","meta":{"_acf_changed":false,"footnotes":""},"categories":[1038],"class_list":["post-31269","post","type-post","status-publish","format-standard","has-post-thumbnail","hentry","category-regioni"],"acf":[],"yoast_head":"<!-- This site is optimized with the Yoast SEO plugin v27.4 - https:\/\/yoast.com\/product\/yoast-seo-wordpress\/ -->\n<title>La Pomerania Occidentale - Polonia Travel (IT)<\/title>\n<meta name=\"robots\" content=\"index, follow, max-snippet:-1, max-image-preview:large, max-video-preview:-1\" \/>\n<link rel=\"canonical\" href=\"https:\/\/www.polonia.travel\/it\/zachodniopomorskie-pomerania-occidentale\/\" \/>\n<meta property=\"og:locale\" content=\"pl_PL\" \/>\n<meta property=\"og:type\" content=\"article\" \/>\n<meta property=\"og:title\" content=\"La Pomerania Occidentale - Polonia Travel (IT)\" \/>\n<meta property=\"og:description\" content=\"Pomerania occidentale \u2013 un mare di avventure Assaggiare fiori commestibili, sentirsi un vichingo, vedere dei menhir, salire sul faro pi\u00f9 alto della costa polacca, fare un giro in carro armato \u2013 cose del genere le potrete fare solo qui! I vichinghi non hanno mai indossato elmi cornuti e non sono mai stati un popolo unico. [&hellip;]\" \/>\n<meta property=\"og:url\" content=\"https:\/\/www.polonia.travel\/it\/zachodniopomorskie-pomerania-occidentale\/\" \/>\n<meta property=\"og:site_name\" content=\"Polonia Travel (IT)\" \/>\n<meta property=\"article:published_time\" content=\"2024-07-10T12:43:53+00:00\" \/>\n<meta property=\"article:modified_time\" content=\"2024-11-27T21:49:34+00:00\" \/>\n<meta property=\"og:image\" content=\"https:\/\/www.polonia.travel\/it\/wp-content\/uploads\/sites\/20\/2023\/02\/264298808_stawa_mlyny_Swinoujscie.jpg\" \/>\n\t<meta property=\"og:image:width\" content=\"1920\" \/>\n\t<meta property=\"og:image:height\" content=\"558\" \/>\n\t<meta property=\"og:image:type\" content=\"image\/jpeg\" \/>\n<meta name=\"twitter:card\" content=\"summary_large_image\" \/>\n<meta name=\"twitter:label1\" content=\"Napisane przez\" \/>\n\t<meta name=\"twitter:data1\" content=\"\" \/>\n\t<meta name=\"twitter:label2\" content=\"Szacowany czas czytania\" \/>\n\t<meta name=\"twitter:data2\" content=\"7 minut\" \/>\n<script type=\"application\/ld+json\" class=\"yoast-schema-graph\">{\"@context\":\"https:\\\/\\\/schema.org\",\"@graph\":[{\"@type\":\"Article\",\"@id\":\"https:\\\/\\\/www.polonia.travel\\\/it\\\/zachodniopomorskie-pomerania-occidentale\\\/#article\",\"isPartOf\":{\"@id\":\"https:\\\/\\\/www.polonia.travel\\\/it\\\/zachodniopomorskie-pomerania-occidentale\\\/\"},\"author\":{\"name\":\"\",\"@id\":\"\"},\"headline\":\"La Pomerania Occidentale\",\"datePublished\":\"2024-07-10T12:43:53+00:00\",\"dateModified\":\"2024-11-27T21:49:34+00:00\",\"mainEntityOfPage\":{\"@id\":\"https:\\\/\\\/www.polonia.travel\\\/it\\\/zachodniopomorskie-pomerania-occidentale\\\/\"},\"wordCount\":1103,\"commentCount\":8,\"publisher\":{\"@id\":\"https:\\\/\\\/www.polonia.travel\\\/it\\\/#organization\"},\"image\":{\"@id\":\"https:\\\/\\\/www.polonia.travel\\\/it\\\/zachodniopomorskie-pomerania-occidentale\\\/#primaryimage\"},\"thumbnailUrl\":\"https:\\\/\\\/www.polonia.travel\\\/it\\\/wp-content\\\/uploads\\\/sites\\\/20\\\/2023\\\/02\\\/264298808_stawa_mlyny_Swinoujscie.jpg\",\"keywords\":[\"it\",\"regioni\"],\"articleSection\":[\"Regioni\"],\"inLanguage\":\"pl-PL\"},{\"@type\":\"WebPage\",\"@id\":\"https:\\\/\\\/www.polonia.travel\\\/it\\\/zachodniopomorskie-pomerania-occidentale\\\/\",\"url\":\"https:\\\/\\\/www.polonia.travel\\\/it\\\/zachodniopomorskie-pomerania-occidentale\\\/\",\"name\":\"La Pomerania Occidentale - Polonia Travel (IT)\",\"isPartOf\":{\"@id\":\"https:\\\/\\\/www.polonia.travel\\\/it\\\/#website\"},\"primaryImageOfPage\":{\"@id\":\"https:\\\/\\\/www.polonia.travel\\\/it\\\/zachodniopomorskie-pomerania-occidentale\\\/#primaryimage\"},\"image\":{\"@id\":\"https:\\\/\\\/www.polonia.travel\\\/it\\\/zachodniopomorskie-pomerania-occidentale\\\/#primaryimage\"},\"thumbnailUrl\":\"https:\\\/\\\/www.polonia.travel\\\/it\\\/wp-content\\\/uploads\\\/sites\\\/20\\\/2023\\\/02\\\/264298808_stawa_mlyny_Swinoujscie.jpg\",\"datePublished\":\"2024-07-10T12:43:53+00:00\",\"dateModified\":\"2024-11-27T21:49:34+00:00\",\"breadcrumb\":{\"@id\":\"https:\\\/\\\/www.polonia.travel\\\/it\\\/zachodniopomorskie-pomerania-occidentale\\\/#breadcrumb\"},\"inLanguage\":\"pl-PL\",\"potentialAction\":[{\"@type\":\"ReadAction\",\"target\":[\"https:\\\/\\\/www.polonia.travel\\\/it\\\/zachodniopomorskie-pomerania-occidentale\\\/\"]}]},{\"@type\":\"ImageObject\",\"inLanguage\":\"pl-PL\",\"@id\":\"https:\\\/\\\/www.polonia.travel\\\/it\\\/zachodniopomorskie-pomerania-occidentale\\\/#primaryimage\",\"url\":\"https:\\\/\\\/www.polonia.travel\\\/it\\\/wp-content\\\/uploads\\\/sites\\\/20\\\/2023\\\/02\\\/264298808_stawa_mlyny_Swinoujscie.jpg\",\"contentUrl\":\"https:\\\/\\\/www.polonia.travel\\\/it\\\/wp-content\\\/uploads\\\/sites\\\/20\\\/2023\\\/02\\\/264298808_stawa_mlyny_Swinoujscie.jpg\",\"width\":1920,\"height\":558,\"caption\":\"The lighthouse Stawa M\u0142yny at \u015awinouj\u015bcie (german: Swinem\u00fcnde) at the harbor entry.\"},{\"@type\":\"BreadcrumbList\",\"@id\":\"https:\\\/\\\/www.polonia.travel\\\/it\\\/zachodniopomorskie-pomerania-occidentale\\\/#breadcrumb\",\"itemListElement\":[{\"@type\":\"ListItem\",\"position\":1,\"name\":\"Home page\",\"item\":\"https:\\\/\\\/www.polonia.travel\\\/it\\\/\"},{\"@type\":\"ListItem\",\"position\":2,\"name\":\"Scopri i luoghi\",\"item\":\"https:\\\/\\\/www.polonia.travel\\\/it\\\/category\\\/scopri-i-luoghi\\\/\"},{\"@type\":\"ListItem\",\"position\":3,\"name\":\"Regioni\",\"item\":\"https:\\\/\\\/www.polonia.travel\\\/it\\\/category\\\/scopri-i-luoghi\\\/regioni\\\/\"},{\"@type\":\"ListItem\",\"position\":4,\"name\":\"La Pomerania Occidentale\"}]},{\"@type\":\"WebSite\",\"@id\":\"https:\\\/\\\/www.polonia.travel\\\/it\\\/#website\",\"url\":\"https:\\\/\\\/www.polonia.travel\\\/it\\\/\",\"name\":\"Polonia Travel (IT)\",\"description\":\"...\",\"publisher\":{\"@id\":\"https:\\\/\\\/www.polonia.travel\\\/it\\\/#organization\"},\"potentialAction\":[{\"@type\":\"SearchAction\",\"target\":{\"@type\":\"EntryPoint\",\"urlTemplate\":\"https:\\\/\\\/www.polonia.travel\\\/it\\\/?s={search_term_string}\"},\"query-input\":{\"@type\":\"PropertyValueSpecification\",\"valueRequired\":true,\"valueName\":\"search_term_string\"}}],\"inLanguage\":\"pl-PL\"},{\"@type\":\"Organization\",\"@id\":\"https:\\\/\\\/www.polonia.travel\\\/it\\\/#organization\",\"name\":\"Polonia Travel (IT)\",\"url\":\"https:\\\/\\\/www.polonia.travel\\\/it\\\/\",\"logo\":{\"@type\":\"ImageObject\",\"inLanguage\":\"pl-PL\",\"@id\":\"https:\\\/\\\/www.polonia.travel\\\/it\\\/#\\\/schema\\\/logo\\\/image\\\/\",\"url\":\"\",\"contentUrl\":\"\",\"caption\":\"Polonia Travel (IT)\"},\"image\":{\"@id\":\"https:\\\/\\\/www.polonia.travel\\\/it\\\/#\\\/schema\\\/logo\\\/image\\\/\"}},{\"@type\":\"Person\",\"@id\":\"\"}]}<\/script>\n<!-- \/ Yoast SEO plugin. -->","yoast_head_json":{"title":"La Pomerania Occidentale - Polonia Travel (IT)","robots":{"index":"index","follow":"follow","max-snippet":"max-snippet:-1","max-image-preview":"max-image-preview:large","max-video-preview":"max-video-preview:-1"},"canonical":"https:\/\/www.polonia.travel\/it\/zachodniopomorskie-pomerania-occidentale\/","og_locale":"pl_PL","og_type":"article","og_title":"La Pomerania Occidentale - Polonia Travel (IT)","og_description":"Pomerania occidentale \u2013 un mare di avventure Assaggiare fiori commestibili, sentirsi un vichingo, vedere dei menhir, salire sul faro pi\u00f9 alto della costa polacca, fare un giro in carro armato \u2013 cose del genere le potrete fare solo qui! I vichinghi non hanno mai indossato elmi cornuti e non sono mai stati un popolo unico. [&hellip;]","og_url":"https:\/\/www.polonia.travel\/it\/zachodniopomorskie-pomerania-occidentale\/","og_site_name":"Polonia Travel (IT)","article_published_time":"2024-07-10T12:43:53+00:00","article_modified_time":"2024-11-27T21:49:34+00:00","og_image":[{"width":1920,"height":558,"url":"https:\/\/www.polonia.travel\/it\/wp-content\/uploads\/sites\/20\/2023\/02\/264298808_stawa_mlyny_Swinoujscie.jpg","type":"image\/jpeg"}],"twitter_card":"summary_large_image","twitter_misc":{"Napisane przez":"","Szacowany czas czytania":"7 minut"},"schema":{"@context":"https:\/\/schema.org","@graph":[{"@type":"Article","@id":"https:\/\/www.polonia.travel\/it\/zachodniopomorskie-pomerania-occidentale\/#article","isPartOf":{"@id":"https:\/\/www.polonia.travel\/it\/zachodniopomorskie-pomerania-occidentale\/"},"author":{"name":"","@id":""},"headline":"La Pomerania Occidentale","datePublished":"2024-07-10T12:43:53+00:00","dateModified":"2024-11-27T21:49:34+00:00","mainEntityOfPage":{"@id":"https:\/\/www.polonia.travel\/it\/zachodniopomorskie-pomerania-occidentale\/"},"wordCount":1103,"commentCount":8,"publisher":{"@id":"https:\/\/www.polonia.travel\/it\/#organization"},"image":{"@id":"https:\/\/www.polonia.travel\/it\/zachodniopomorskie-pomerania-occidentale\/#primaryimage"},"thumbnailUrl":"https:\/\/www.polonia.travel\/it\/wp-content\/uploads\/sites\/20\/2023\/02\/264298808_stawa_mlyny_Swinoujscie.jpg","keywords":["it","regioni"],"articleSection":["Regioni"],"inLanguage":"pl-PL"},{"@type":"WebPage","@id":"https:\/\/www.polonia.travel\/it\/zachodniopomorskie-pomerania-occidentale\/","url":"https:\/\/www.polonia.travel\/it\/zachodniopomorskie-pomerania-occidentale\/","name":"La Pomerania Occidentale - Polonia Travel (IT)","isPartOf":{"@id":"https:\/\/www.polonia.travel\/it\/#website"},"primaryImageOfPage":{"@id":"https:\/\/www.polonia.travel\/it\/zachodniopomorskie-pomerania-occidentale\/#primaryimage"},"image":{"@id":"https:\/\/www.polonia.travel\/it\/zachodniopomorskie-pomerania-occidentale\/#primaryimage"},"thumbnailUrl":"https:\/\/www.polonia.travel\/it\/wp-content\/uploads\/sites\/20\/2023\/02\/264298808_stawa_mlyny_Swinoujscie.jpg","datePublished":"2024-07-10T12:43:53+00:00","dateModified":"2024-11-27T21:49:34+00:00","breadcrumb":{"@id":"https:\/\/www.polonia.travel\/it\/zachodniopomorskie-pomerania-occidentale\/#breadcrumb"},"inLanguage":"pl-PL","potentialAction":[{"@type":"ReadAction","target":["https:\/\/www.polonia.travel\/it\/zachodniopomorskie-pomerania-occidentale\/"]}]},{"@type":"ImageObject","inLanguage":"pl-PL","@id":"https:\/\/www.polonia.travel\/it\/zachodniopomorskie-pomerania-occidentale\/#primaryimage","url":"https:\/\/www.polonia.travel\/it\/wp-content\/uploads\/sites\/20\/2023\/02\/264298808_stawa_mlyny_Swinoujscie.jpg","contentUrl":"https:\/\/www.polonia.travel\/it\/wp-content\/uploads\/sites\/20\/2023\/02\/264298808_stawa_mlyny_Swinoujscie.jpg","width":1920,"height":558,"caption":"The lighthouse Stawa M\u0142yny at \u015awinouj\u015bcie (german: Swinem\u00fcnde) at the harbor entry."},{"@type":"BreadcrumbList","@id":"https:\/\/www.polonia.travel\/it\/zachodniopomorskie-pomerania-occidentale\/#breadcrumb","itemListElement":[{"@type":"ListItem","position":1,"name":"Home page","item":"https:\/\/www.polonia.travel\/it\/"},{"@type":"ListItem","position":2,"name":"Scopri i luoghi","item":"https:\/\/www.polonia.travel\/it\/category\/scopri-i-luoghi\/"},{"@type":"ListItem","position":3,"name":"Regioni","item":"https:\/\/www.polonia.travel\/it\/category\/scopri-i-luoghi\/regioni\/"},{"@type":"ListItem","position":4,"name":"La Pomerania Occidentale"}]},{"@type":"WebSite","@id":"https:\/\/www.polonia.travel\/it\/#website","url":"https:\/\/www.polonia.travel\/it\/","name":"Polonia Travel (IT)","description":"...","publisher":{"@id":"https:\/\/www.polonia.travel\/it\/#organization"},"potentialAction":[{"@type":"SearchAction","target":{"@type":"EntryPoint","urlTemplate":"https:\/\/www.polonia.travel\/it\/?s={search_term_string}"},"query-input":{"@type":"PropertyValueSpecification","valueRequired":true,"valueName":"search_term_string"}}],"inLanguage":"pl-PL"},{"@type":"Organization","@id":"https:\/\/www.polonia.travel\/it\/#organization","name":"Polonia Travel (IT)","url":"https:\/\/www.polonia.travel\/it\/","logo":{"@type":"ImageObject","inLanguage":"pl-PL","@id":"https:\/\/www.polonia.travel\/it\/#\/schema\/logo\/image\/","url":"","contentUrl":"","caption":"Polonia Travel (IT)"},"image":{"@id":"https:\/\/www.polonia.travel\/it\/#\/schema\/logo\/image\/"}},{"@type":"Person","@id":""}]}},"_links":{"self":[{"href":"https:\/\/www.polonia.travel\/it\/wp-json\/wp\/v2\/posts\/31269","targetHints":{"allow":["GET"]}}],"collection":[{"href":"https:\/\/www.polonia.travel\/it\/wp-json\/wp\/v2\/posts"}],"about":[{"href":"https:\/\/www.polonia.travel\/it\/wp-json\/wp\/v2\/types\/post"}],"author":[{"embeddable":true,"href":"https:\/\/www.polonia.travel\/it\/wp-json\/wp\/v2\/users\/1"}],"replies":[{"embeddable":true,"href":"https:\/\/www.polonia.travel\/it\/wp-json\/wp\/v2\/comments?post=31269"}],"version-history":[{"count":7,"href":"https:\/\/www.polonia.travel\/it\/wp-json\/wp\/v2\/posts\/31269\/revisions"}],"predecessor-version":[{"id":40171,"href":"https:\/\/www.polonia.travel\/it\/wp-json\/wp\/v2\/posts\/31269\/revisions\/40171"}],"wp:featuredmedia":[{"embeddable":true,"href":"https:\/\/www.polonia.travel\/it\/wp-json\/wp\/v2\/media\/19586"}],"wp:attachment":[{"href":"https:\/\/www.polonia.travel\/it\/wp-json\/wp\/v2\/media?parent=31269"}],"wp:term":[{"taxonomy":"category","embeddable":true,"href":"https:\/\/www.polonia.travel\/it\/wp-json\/wp\/v2\/categories?post=31269"}],"curies":[{"name":"wp","href":"https:\/\/api.w.org\/{rel}","templated":true}]}}