{"id":31267,"date":"2024-07-10T14:05:06","date_gmt":"2024-07-10T12:05:06","guid":{"rendered":"https:\/\/www.polonia.travel\/it\/?p=31267"},"modified":"2024-11-27T22:44:53","modified_gmt":"2024-11-27T21:44:53","slug":"warminsko-mazurskie-varmia-masuria","status":"publish","type":"post","link":"https:\/\/www.polonia.travel\/it\/warminsko-mazurskie-varmia-masuria\/","title":{"rendered":"La Varmia e Masuria"},"content":{"rendered":"\n<p><\/p>\n\n\n\n<div class=\"wp-block-group is-style-container\"><div class=\"wp-block-group__inner-container is-layout-constrained wp-block-group-is-layout-constrained\">\n<!-- empty -->\n\n\n<div class=\"metrics\">\n  <div class=\"metrics__text\">\n    <h1 class=\"is-style-heading-38 mb20 large-mb30\">La Varmia e Masuria<\/h1>\n    <p><strong>La regione di Varmia e Masuria si trova nella Polonia nord-orientale, confina a nord con la Russia e dal lato polacco con quattro regioni: Podlachia, Masovia, Cuiavia-Pomerania e Pomerania. Il suo capoluogo \u00e8 Olsztyn e si estende per circa 24 200 chilometri quadrati.<\/strong><\/p>\n<p><strong>\u00a0<\/strong><\/p>\n<p><em data-rich-text-format-boundary=\"true\">\u00a0<\/em><\/p>\n  <\/div>\n  <div class=\"metrics__sidebar\">\n    <div class=\"metrics-box\">\n              <div class=\"metrics-box__title\">Informazioni di base<\/div>\n        <div class=\"metrics-box__values\">\n                                        <div class=\"metrics-box__item\">\n      <div class=\"metrics-box__label\">Superficie <\/div>\n      <div class=\"metrics-box__value\">24 173 km\u00b2<\/div>\n    <\/div>\n                                <div class=\"metrics-box__item\">\n      <div class=\"metrics-box__label\">Abitanti<\/div>\n      <div class=\"metrics-box__value\">1,434 milioni (2017)<\/div>\n    <\/div>\n                                <\/div>\n                    <div class=\"metrics-box__links\">\n                      <a href=\"https:\/\/mazury.travel\/\" class=\"metrics-box__link external\"\n                                  target=\"_blank\" rel=\"nofollow noopener noreferrer\"\n                            >www<\/a>\n                  <\/div>\n          <\/div>\n  <\/div>\n<\/div>\n<\/div><\/div>\n\n\n\n<div class=\"wp-block-group is-style-container-medium\"><div class=\"wp-block-group__inner-container is-layout-constrained wp-block-group-is-layout-constrained\">\n<h3 class=\"wp-block-heading\">Varmia e Masuria, una terra di gotico, castelli e laghi<\/h3>\n\n\n\n<div style=\"height:100px\" aria-hidden=\"true\" class=\"wp-block-spacer is-style-spacer-small\"><\/div>\n\n\n\n<p>Antiche fortezze in mattoni, ma anche bunker tedeschi abitati da terribili fantasmi del passato, immensi boschi profumati di funghi e bacche, e corsi d\u2019acqua dove navigare e rilassarsi.<\/p>\n\n\n\n<p>Come dire di no a una vacanza da queste parti?<\/p>\n\n\n\n<p>Il nome Varmia viene dal popolo antico pruteno dei Varmi che abitavano queste terre prima dell\u2019arrivo dei Cavalieri Teutonici. La leggenda narra che veniva <strong>dal popolo dei Varmi la leggendaria Molvita, amata discepola del commendatore Przemek il quale, dopo aver perso l\u2019oggetto del suo amore, si trasform\u00f2 in un sasso. <\/strong>Quel sasso, prosegue la leggenda, oggi \u00e8 una delle pietre miliari del Castello di <strong>Lidzbark<\/strong> <strong>Warmi\u0144ski <\/strong><strong>che si trova proprio nel cuore della regione.<\/strong><\/p>\n\n\n\n<div style=\"height:100px\" aria-hidden=\"true\" class=\"wp-block-spacer is-style-spacer-small\"><\/div>\n\n\n\n<h3 class=\"wp-block-heading\"><strong>I posti unici della Varmia<\/strong><\/h3>\n\n\n\n<div style=\"height:100px\" aria-hidden=\"true\" class=\"wp-block-spacer is-style-spacer-small\"><\/div>\n\n\n\n<p>Il castello di Lidzbark \u00e8 un\u2019imponente fortezza in mattoni con fondamenta di pietra con torrette ai quattro angoli, una cappella, due refettori, il capitolare, la sala delle udienze e le stanze private; e per secoli ha servito come residenza per i vescovi di questa diocesi. In seguito alla II Pace di Toru\u0144, quando la Varmia fu annessa alla Polonia, il castello ospit\u00f2 molti nobili polacchi dai cognomi famosi: Jan Dantyszek, Stanis\u0142aw Hozjusz, Marcin Kromer e Ignacy Krasicki. Pass\u00f2 del tempo qui anche <strong>Niccol\u00f2 Copernico<\/strong> che proprio dentro queste mura elabor\u00f2 la prima bozza della sua teoria sul movimento della terra. Oggi il castello \u00e8 visitabile e nella sua offerta turistica, dopo il restauro dei chiostri del XIV secolo, c\u2019\u00e8 anche un meraviglioso affresco che rappresenta Santa Caterina, la patrona del castello.<\/p>\n\n\n\n<p>Un altro dei gioielli di <strong>Lidzbark Warmi\u0144ski <\/strong><strong>sono le Terme di Varmia, le prime nella Polonia settentrionale, che offrono i propri servizi con l\u2019uso i ingredienti rigorosamente naturali come acque termali, fanghi curativi, ribes rosso, spezie ed erbe.<\/strong>&nbsp;<\/p>\n\n\n\n<p>Un\u2019altra proposta della citt\u00e0 \u00e8 il corso del fiume \u0141yna su cui si rispecchiano gli antichi granai e i resti dei vecchi mulini.<\/p>\n\n\n\n<p><strong>Lidzbark Warmi\u0144ski<\/strong>&nbsp;si trova nel frammento della Varmia-Masuria del <strong>Percorso<\/strong> <strong>Green Velo<\/strong>, che mostra bellissimi castelli gotici e costruzioni medievali da <strong>Elbl\u0105g<\/strong>&nbsp;attraverso <strong>Frombork<\/strong>,&nbsp;<strong>Braniewo<\/strong>,&nbsp;<strong>Pieni\u0119\u017cno<\/strong>,&nbsp;<strong>Lidzbark Warmi\u0144ski<\/strong>,&nbsp;<strong>Bartoszyce<\/strong>&nbsp;fino a&nbsp;<strong>S\u0119popol<\/strong>.<\/p>\n<\/div><\/div>\n\n\n\n<div style=\"height:100px\" aria-hidden=\"true\" class=\"wp-block-spacer is-style-spacer-small\"><\/div>\n\n\n\n<div class=\"wp-block-group is-style-container\"><div class=\"wp-block-group__inner-container is-layout-constrained wp-block-group-is-layout-constrained\">  <div class=\"gallery-tiles gallery-tiles--rows-2-3 lightgallery\">\r\n          <a href=\"https:\/\/www.polonia.travel\/it\/wp-content\/uploads\/sites\/20\/2024\/05\/356030171_Mragowo_Mazury-1.jpeg\" class=\"gallery-tiles__item\" data-src=\"https:\/\/www.polonia.travel\/it\/wp-content\/uploads\/sites\/20\/2024\/05\/356030171_Mragowo_Mazury-1.jpeg\"\r\n        aria-label=\"Otw\u00f3rz powi\u0119kszone zdj\u0119cie: Mr\u0105gowo-miasto na Mazurach w p\u00f3\u0142nocno-wschodniej Polsce\">\r\n        <img loading=\"lazy\" decoding=\"async\" width=\"800\" height=\"533\" src=\"https:\/\/www.polonia.travel\/it\/wp-content\/uploads\/sites\/20\/2024\/05\/356030171_Mragowo_Mazury-1.jpeg\" class=\"gallery-tiles__thumb\" alt=\"\" srcset=\"https:\/\/www.polonia.travel\/it\/wp-content\/uploads\/sites\/20\/2024\/05\/356030171_Mragowo_Mazury-1.jpeg 800w, https:\/\/www.polonia.travel\/it\/wp-content\/uploads\/sites\/20\/2024\/05\/356030171_Mragowo_Mazury-1-600x400.jpeg 600w, https:\/\/www.polonia.travel\/it\/wp-content\/uploads\/sites\/20\/2024\/05\/356030171_Mragowo_Mazury-1-768x512.jpeg 768w\" sizes=\"auto, (max-width: 800px) 100vw, 800px\" \/>      <\/a>\r\n          <a href=\"https:\/\/www.polonia.travel\/it\/wp-content\/uploads\/sites\/20\/2024\/05\/12448_Mazury-Jezioro-Kirsajty_JW_HR-1.jpg\" class=\"gallery-tiles__item\" data-src=\"https:\/\/www.polonia.travel\/it\/wp-content\/uploads\/sites\/20\/2024\/05\/12448_Mazury-Jezioro-Kirsajty_JW_HR-1.jpg\"\r\n        aria-label=\"Otw\u00f3rz powi\u0119kszone zdj\u0119cie: 12448_Mazury-Jezioro-Kirsajty_JW_HR-1\">\r\n        <img loading=\"lazy\" decoding=\"async\" width=\"800\" height=\"533\" src=\"https:\/\/www.polonia.travel\/it\/wp-content\/uploads\/sites\/20\/2024\/05\/12448_Mazury-Jezioro-Kirsajty_JW_HR-1.jpg\" class=\"gallery-tiles__thumb\" alt=\"\" srcset=\"https:\/\/www.polonia.travel\/it\/wp-content\/uploads\/sites\/20\/2024\/05\/12448_Mazury-Jezioro-Kirsajty_JW_HR-1.jpg 800w, https:\/\/www.polonia.travel\/it\/wp-content\/uploads\/sites\/20\/2024\/05\/12448_Mazury-Jezioro-Kirsajty_JW_HR-1-600x400.jpg 600w, https:\/\/www.polonia.travel\/it\/wp-content\/uploads\/sites\/20\/2024\/05\/12448_Mazury-Jezioro-Kirsajty_JW_HR-1-768x512.jpg 768w\" sizes=\"auto, (max-width: 800px) 100vw, 800px\" \/>      <\/a>\r\n          <a href=\"https:\/\/www.polonia.travel\/it\/wp-content\/uploads\/sites\/20\/2024\/05\/274836709_Gizycko_Kisajno_mazury_Adobe-1.jpg\" class=\"gallery-tiles__item\" data-src=\"https:\/\/www.polonia.travel\/it\/wp-content\/uploads\/sites\/20\/2024\/05\/274836709_Gizycko_Kisajno_mazury_Adobe-1.jpg\"\r\n        aria-label=\"Otw\u00f3rz powi\u0119kszone zdj\u0119cie: Mazury-yachts to Lake Kisajno in Gi\u017cycko\">\r\n        <img loading=\"lazy\" decoding=\"async\" width=\"830\" height=\"553\" src=\"https:\/\/www.polonia.travel\/it\/wp-content\/uploads\/sites\/20\/2024\/05\/274836709_Gizycko_Kisajno_mazury_Adobe-1.jpg\" class=\"gallery-tiles__thumb\" alt=\"\" srcset=\"https:\/\/www.polonia.travel\/it\/wp-content\/uploads\/sites\/20\/2024\/05\/274836709_Gizycko_Kisajno_mazury_Adobe-1.jpg 830w, https:\/\/www.polonia.travel\/it\/wp-content\/uploads\/sites\/20\/2024\/05\/274836709_Gizycko_Kisajno_mazury_Adobe-1-600x400.jpg 600w, https:\/\/www.polonia.travel\/it\/wp-content\/uploads\/sites\/20\/2024\/05\/274836709_Gizycko_Kisajno_mazury_Adobe-1-768x512.jpg 768w\" sizes=\"auto, (max-width: 830px) 100vw, 830px\" \/>      <\/a>\r\n          <a href=\"https:\/\/www.polonia.travel\/it\/wp-content\/uploads\/sites\/20\/2023\/07\/mazury_mragowo_jezioro_czos_1170.jpg\" class=\"gallery-tiles__item\" data-src=\"https:\/\/www.polonia.travel\/it\/wp-content\/uploads\/sites\/20\/2023\/07\/mazury_mragowo_jezioro_czos_1170.jpg\"\r\n        aria-label=\"Otw\u00f3rz powi\u0119kszone zdj\u0119cie: Wiecz\u00f3r w Mr\u0105gowie na Mazurach\">\r\n        <img loading=\"lazy\" decoding=\"async\" width=\"1170\" height=\"780\" src=\"https:\/\/www.polonia.travel\/it\/wp-content\/uploads\/sites\/20\/2023\/07\/mazury_mragowo_jezioro_czos_1170.jpg\" class=\"gallery-tiles__thumb\" alt=\"\" srcset=\"https:\/\/www.polonia.travel\/it\/wp-content\/uploads\/sites\/20\/2023\/07\/mazury_mragowo_jezioro_czos_1170.jpg 1170w, https:\/\/www.polonia.travel\/it\/wp-content\/uploads\/sites\/20\/2023\/07\/mazury_mragowo_jezioro_czos_1170-600x400.jpg 600w, https:\/\/www.polonia.travel\/it\/wp-content\/uploads\/sites\/20\/2023\/07\/mazury_mragowo_jezioro_czos_1170-768x512.jpg 768w\" sizes=\"auto, (max-width: 1170px) 100vw, 1170px\" \/>      <\/a>\r\n          <a href=\"https:\/\/www.polonia.travel\/it\/wp-content\/uploads\/sites\/20\/2023\/07\/mazury_zeglarstwo_1170.jpg\" class=\"gallery-tiles__item\" data-src=\"https:\/\/www.polonia.travel\/it\/wp-content\/uploads\/sites\/20\/2023\/07\/mazury_zeglarstwo_1170.jpg\"\r\n        aria-label=\"Otw\u00f3rz powi\u0119kszone zdj\u0119cie: mazury_zeglarstwo_1170\">\r\n        <img loading=\"lazy\" decoding=\"async\" width=\"1170\" height=\"780\" src=\"https:\/\/www.polonia.travel\/it\/wp-content\/uploads\/sites\/20\/2023\/07\/mazury_zeglarstwo_1170.jpg\" class=\"gallery-tiles__thumb\" alt=\"\" srcset=\"https:\/\/www.polonia.travel\/it\/wp-content\/uploads\/sites\/20\/2023\/07\/mazury_zeglarstwo_1170.jpg 1170w, https:\/\/www.polonia.travel\/it\/wp-content\/uploads\/sites\/20\/2023\/07\/mazury_zeglarstwo_1170-600x400.jpg 600w, https:\/\/www.polonia.travel\/it\/wp-content\/uploads\/sites\/20\/2023\/07\/mazury_zeglarstwo_1170-768x512.jpg 768w\" sizes=\"auto, (max-width: 1170px) 100vw, 1170px\" \/>      <\/a>\r\n      <\/div>\r\n<\/div><\/div>\n\n\n\n<div style=\"height:100px\" aria-hidden=\"true\" class=\"wp-block-spacer is-style-spacer-small\"><\/div>\n\n\n\n<div class=\"wp-block-group is-style-container-medium\"><div class=\"wp-block-group__inner-container is-layout-constrained wp-block-group-is-layout-constrained\">\n<h3 class=\"wp-block-heading\"><strong>I posti unici della Masuria<\/strong><\/h3>\n\n\n\n<div style=\"height:100px\" aria-hidden=\"true\" class=\"wp-block-spacer is-style-spacer-small\"><\/div>\n\n\n\n<p><strong>La <\/strong><strong>Masuria <\/strong><strong>con il suo paesaggio fatto di laghi, boschi e paludi sembra che sia il frutto di\u2026 un errore di Dio.<\/strong> Quando fin\u00ec di creare il mondo e decise di riposarsi, si accorse che nella sua opera c\u2019era un buco e decise di riempirlo con quello che si poteva recuperare dalle altre parti del mondo. \u00c8 cos\u00ec che \u00e8 nata la <strong>Terra dei Mille Laghi<\/strong>&nbsp;<strong>con -per l\u2019appunto- molti grandi laghi tra cui lo<\/strong> <strong>\u015aniardwy<\/strong>&nbsp;e il&nbsp;<strong>Mamry<\/strong>, un\u2019infrastruttura turistica ben sviluppata e molte perle architettoniche tra cui il Santuario di Maria a <strong>\u015awi\u0119ta Lipka<\/strong> che deve il suo nome alla parola polacca che indica i tigli, perch\u00e9 secondo la leggenda, un condannato a morte aveva posizionato su un tiglio una madonnina da cui andava a pregare ogni giorno finch\u00e9 non ottenne la grazia dal tribunale. Oggi nella Basilica in stile tardobarocco di \u015awi\u0119ta Lipka si trova un\u2019icona della Madonna incoronata, ispirata a quella che si trova a Roma in Santa Maria Maggiore, oggetto di continue visite da parte di molti pellegrini. Non solo cattolici, dal momento che in questa immagine Maria \u00e8 celebrata come Madre dell\u2019Unit\u00e0 dei Cristiani e adorata anche dai cristiani evangelici.<\/p>\n\n\n\n<p>Inoltre, in questa chiesa \u00e8 possibile venire ogni giorno per ascoltare gli organisti esibirsi in brevi concerti di musica barocca.<\/p>\n\n\n\n<p>Ben nascosto in mezzo ai boschi vicino alla cittadina di <strong>K\u0119trzyn <\/strong>c\u2019\u00e8 la <strong>Tana del Lupo a Gier\u0142o\u017c<\/strong>, chiamato cos\u00ec da Adolf Hitler in persona che ne aveva fatto il suo quartier generale. Il complesso, un tempo composto da 80 edifici di cui 50 bunker in cemento, non esiste pi\u00f9 dal momento che i tedeschi stessi lo hanno fatto saltare in aria alla fine della guerra, ma sull\u2019itinerario turistico dedicato \u00e8 possibile vedere i bunker dei pezzi grossi del III Reich e anche i resti dell\u2019edificio del fallito attentato a Hitler.<\/p>\n\n\n\n<p>Una passeggiata tra i cervi che pascolano sul lago Kuc e un saluto ai daini e ai mufloni nella <strong>stazione di ricerca dell\u2019Istituto di Parassitologia PAN a Kosewo<\/strong> <strong>G\u00f3rne <\/strong>sono esperienze uniche.Cos\u00ec come un giro sulla Krutynia, il fiume pi\u00f9 amato dagli appassionati di kayak, che sorge dal lago Warpni\u0144ski e arriva al lago Be\u0142dan passando per <strong>la Foresta di Pisz<\/strong>.<\/p>\n\n\n\n<p><strong>Il segmento in Masuria del Green Velo<\/strong><strong> passa per i <\/strong><strong>laghi Masuri Settentrionali <\/strong><strong>e da <\/strong><strong>W\u0119gorzewo<\/strong>, da cui poi la strada porta fino a <strong>Banie Mazurskie<\/strong>&nbsp;sui terreni collinosi di&nbsp;<strong>Mazury Garbate<\/strong>&nbsp;e di <strong>Go\u0142dap<\/strong>. Qui c\u2019\u00e8 l\u2019unica <strong>stazione termale <\/strong>della regione e allo stesso tempo la citt\u00e0 con l\u2019aria pi\u00f9 pulita di tutta la Polonia, un sito turistico-ricreativo che si sviluppa velocemente e citt\u00e0 membro <strong>dell\u2019esclusivo gruppo Cittaslow<\/strong>. Nel quartiere termale c\u2019\u00e8 <strong>la Torre di Gradazione di Masuria<\/strong>, la quarta pi\u00f9 grande di tutta la Polonia. Per riposare invece c\u2019\u00e8 Zdr\u00f3j, una sorgente di acque minerali con una grotta di sale e delle piccole torri di gradazione sempre attive. Il molo di Park Zdr\u00f3j entra nel lago per cui passa il confine con l\u2019exclave russa di Kaliningrad.<\/p>\n\n\n\n<p>Mentre l\u2019impianto sciistico su <strong>Pi\u0119kna G\u00f3ra <\/strong><strong>mette a disposizione degli amanti della neve 2 chilometri di piste e con lo skilift si pu\u00f2 arrivare fino in cima dove vi aspetta una caffetteria girevole.<\/strong>&nbsp;<\/p>\n\n\n\n<p>Su un canale inclinato di 10 km dove il dislivello arriva a 100 metri si trovano dei <strong>piani inclinati in pietra<\/strong>, dove le barche beccheggiano su speciali piattaforme fissate con delle funi. L\u2019azienda di Navigazione di Elbl\u0105g offre delle minicrociere tra <strong>Buczyniec<\/strong> ed <strong>Elbl\u0105g<\/strong>, un tratto dove ci sono ben cinque di questi piani inclinati.<\/p>\n\n\n\n<p>Altri posti molto caratteristici della regione sono <strong>la Piramide di Rapa<\/strong>, mausoleo della famiglia prussiana dei baroni von Fahrenheid,&nbsp;<strong>i bunker a Mamerki<\/strong>, <strong>la fortezza Boyen a Gi\u017cycko<\/strong>&nbsp;e i <strong>Ponti di<\/strong> <strong>Sta\u0144czyki<\/strong>, tra i pi\u00f9 alti in Polonia (36,5 m).<\/p>\n\n\n\n<p>Nella Foresta di Pisz, sul lago Nidzki c\u2019\u00e8 la casa forestale Pranie, dove si fermava a scrivere il poeta <strong>Konstanty Ildefons Ga\u0142czy\u0144ski<\/strong>. Oggi \u00e8 possibile visitarla assieme ad altri posti amati dal poeta, ben 25.<\/p>\n\n\n\n<p>Tra i vari eventi in questa regione segnaliamo <strong>I giorni di Grunwald<\/strong> dove si <strong>rievoca la famosa Battaglia di Grunwald<\/strong> tra polacchi e cavalieri, <strong>il Festival Reggae di<\/strong>&nbsp;<strong>Ostr\u00f3da<\/strong>,&nbsp;<strong>il Mazury Airshow<\/strong>,&nbsp;il <strong>Festival Regionale di Confine \u201cKartaczewo\u201d<\/strong>,&nbsp;<strong>la festa del pane di<\/strong> <strong>Elbl\u0105g <\/strong>e l\u2018<strong>Olsztyn Green Festival<\/strong>.<\/p>\n<\/div><\/div>\n\n\n\n<div class=\"wp-block-group has-background\" style=\"background-color:#eeeeee\"><div class=\"wp-block-group__inner-container is-layout-constrained wp-block-group-is-layout-constrained\">\n<div style=\"height:100px\" aria-hidden=\"true\" class=\"wp-block-spacer is-style-spacer-small\"><\/div>\n\n\n\n<div class=\"wp-block-group is-style-container\"><div class=\"wp-block-group__inner-container is-layout-constrained wp-block-group-is-layout-constrained\">\n<h3 class=\"wp-block-heading\">Scopri di pi\u00f9<\/h3>\n\n\n\n<div style=\"height:100px\" aria-hidden=\"true\" class=\"wp-block-spacer is-style-spacer-small\"><\/div>\n\n\n<div class=\"overflow\">\n  <div class=\"post-slider swiper post-slider--small\" data-schema=\"small\">\n\n    <div class=\"swiper-wrapper\">\n              <div class=\"swiper-slide post-slide\">\n                      <a href=\"https:\/\/www.polonia.travel\/it\/zachodniopomorskie-pomerania-occidentale\/\" class=\"post-box post-box--small\" style=\" background-image: url(https:\/\/www.polonia.travel\/it\/wp-content\/uploads\/sites\/20\/2023\/03\/szczecin_tarasy_widokowe_1170-600x400.jpg);\">\n          <div class=\"post-box__hover\" style=\"background-image: url(https:\/\/www.polonia.travel\/it\/wp-content\/uploads\/sites\/20\/2023\/02\/Swinoujscie-e1676388308968-600x366.jpg);\"><\/div>\n        <div class=\"post-box__info\">\n            <div class=\"post-box__title\">La Pomerania Occidentale<\/div>\n      <div class=\"post-box__more\">Leggi di pi\u00f9<\/div>\n    <\/div>\n  <\/a>\n\n          <\/div>\n              <div class=\"swiper-slide post-slide\">\n                      <a href=\"https:\/\/www.polonia.travel\/it\/wielkopolskie\/\" class=\"post-box post-box--small\" style=\" background-image: url(https:\/\/www.polonia.travel\/it\/wp-content\/uploads\/sites\/20\/2024\/05\/PoznaC58420Municipio20e20piazza-6-600x400.jpg);\">\n          <div class=\"post-box__hover\" style=\"background-image: url(https:\/\/www.polonia.travel\/it\/wp-content\/uploads\/sites\/20\/2022\/12\/poznan_stare_miasto_rynek_1170-600x400.jpg);\"><\/div>\n        <div class=\"post-box__info\">\n            <div class=\"post-box__title\">La Wielkopolska<\/div>\n      <div class=\"post-box__more\">Leggi di pi\u00f9<\/div>\n    <\/div>\n  <\/a>\n\n          <\/div>\n              <div class=\"swiper-slide post-slide\">\n                      <a href=\"https:\/\/www.polonia.travel\/it\/warminsko-mazurskie-varmia-masuria\/\" class=\"post-box post-box--small\" style=\" background-image: url(https:\/\/www.polonia.travel\/it\/wp-content\/uploads\/sites\/20\/2024\/05\/12448_Mazury-Jezioro-Kirsajty_JW_HR-1-600x400.jpg);\">\n          <div class=\"post-box__hover\" style=\"background-image: url(https:\/\/www.polonia.travel\/it\/wp-content\/uploads\/sites\/20\/2024\/05\/274836709_Gizycko_Kisajno_mazury_Adobe-600x400.jpg);\"><\/div>\n        <div class=\"post-box__info\">\n            <div class=\"post-box__title\">La Varmia e Masuria<\/div>\n      <div class=\"post-box__more\">Leggi di pi\u00f9<\/div>\n    <\/div>\n  <\/a>\n\n          <\/div>\n              <div class=\"swiper-slide post-slide\">\n                      <a href=\"https:\/\/www.polonia.travel\/it\/swietokrzyskie\/\" class=\"post-box post-box--small\" style=\" background-image: url(https:\/\/www.polonia.travel\/it\/wp-content\/uploads\/sites\/20\/2023\/02\/392_Gory-Swietokrzyskie-i-Swiety-Krzyz-szklany-dom-Zeromskiego_MC_P-600x400.jpg);\">\n          <div class=\"post-box__hover\" style=\"background-image: url(https:\/\/www.polonia.travel\/it\/wp-content\/uploads\/sites\/20\/2023\/02\/13_Gory-Swietokrzyskie-i-Swiety-Krzyz-szklany-dom-Zeromskiego_MC_P-600x400.jpg);\"><\/div>\n        <div class=\"post-box__info\">\n            <div class=\"post-box__title\">La regione della Santacroce<\/div>\n      <div class=\"post-box__more\">Leggi di pi\u00f9<\/div>\n    <\/div>\n  <\/a>\n\n          <\/div>\n              <div class=\"swiper-slide post-slide\">\n                      <a href=\"https:\/\/www.polonia.travel\/it\/slaskie\/\" class=\"post-box post-box--small\" style=\" background-image: url(https:\/\/www.polonia.travel\/it\/wp-content\/uploads\/sites\/20\/2024\/05\/Ogrodzieniec-6.jpg);\">\n          <div class=\"post-box__hover\" style=\"background-image: url(https:\/\/www.polonia.travel\/it\/wp-content\/uploads\/sites\/20\/2023\/01\/Kopalnia-Guido-Zabrze-6-fot-www.slaskie.travel-OpenGroup.com_.pl_-600x400.jpg);\"><\/div>\n        <div class=\"post-box__info\">\n            <div class=\"post-box__title\">La Slesia<\/div>\n      <div class=\"post-box__more\">Leggi di pi\u00f9<\/div>\n    <\/div>\n  <\/a>\n\n          <\/div>\n              <div class=\"swiper-slide post-slide\">\n                      <a href=\"https:\/\/www.polonia.travel\/it\/pomorskie\/\" class=\"post-box post-box--small\" style=\" background-image: url(https:\/\/www.polonia.travel\/it\/wp-content\/uploads\/sites\/20\/2024\/05\/TrC3B3jmiasto_20Sopot20kuter-600x400.jpg);\">\n          <div class=\"post-box__hover\" style=\"background-image: url(https:\/\/www.polonia.travel\/it\/wp-content\/uploads\/sites\/20\/2024\/05\/Danzica-9.jpg);\"><\/div>\n        <div class=\"post-box__info\">\n            <div class=\"post-box__title\">La Pomerania<\/div>\n      <div class=\"post-box__more\">Leggi di pi\u00f9<\/div>\n    <\/div>\n  <\/a>\n\n          <\/div>\n              <div class=\"swiper-slide post-slide\">\n                      <a href=\"https:\/\/www.polonia.travel\/it\/podlaskie\/\" class=\"post-box post-box--small\" style=\" background-image: url(https:\/\/www.polonia.travel\/it\/wp-content\/uploads\/sites\/20\/2024\/05\/Biebrza20-20fot.20Podlaska20Regionalna20Organizacja20Turystyczna-600x400.jpg);\">\n          <div class=\"post-box__hover\" style=\"background-image: url(https:\/\/www.polonia.travel\/it\/wp-content\/uploads\/sites\/20\/2024\/05\/Podlaskie_Kruszyniany20540x360-12.jpg);\"><\/div>\n        <div class=\"post-box__info\">\n            <div class=\"post-box__title\">La Podlachia<\/div>\n      <div class=\"post-box__more\">Leggi di pi\u00f9<\/div>\n    <\/div>\n  <\/a>\n\n          <\/div>\n              <div class=\"swiper-slide post-slide\">\n                      <a href=\"https:\/\/www.polonia.travel\/it\/podkarpackie\/\" class=\"post-box post-box--small\" style=\" background-image: url(https:\/\/www.polonia.travel\/it\/wp-content\/uploads\/sites\/20\/2023\/07\/rys_1170-600x400.jpg);\">\n          <div class=\"post-box__hover\" style=\"background-image: url(https:\/\/www.polonia.travel\/it\/wp-content\/uploads\/sites\/20\/2024\/05\/16xPodk_Bieszczady-6-600x389.jpeg);\"><\/div>\n        <div class=\"post-box__info\">\n            <div class=\"post-box__title\">La Precarpazia<\/div>\n      <div class=\"post-box__more\">Leggi di pi\u00f9<\/div>\n    <\/div>\n  <\/a>\n\n          <\/div>\n              <div class=\"swiper-slide post-slide\">\n                      <a href=\"https:\/\/www.polonia.travel\/it\/opolskie\/\" class=\"post-box post-box--small\" style=\" background-image: url(https:\/\/www.polonia.travel\/it\/wp-content\/uploads\/sites\/20\/2024\/05\/Moszna-12.jpg);\">\n          <div class=\"post-box__hover\" style=\"background-image: url(https:\/\/www.polonia.travel\/it\/wp-content\/uploads\/sites\/20\/2022\/12\/opole_amfiteatr_1170-2-600x400.jpg);\"><\/div>\n        <div class=\"post-box__info\">\n            <div class=\"post-box__title\">La Regione di Opole<\/div>\n      <div class=\"post-box__more\">Leggi di pi\u00f9<\/div>\n    <\/div>\n  <\/a>\n\n          <\/div>\n              <div class=\"swiper-slide post-slide\">\n                      <a href=\"https:\/\/www.polonia.travel\/it\/masovia-mazowieckie-la-regione-piu-grande-della-polonia\/\" class=\"post-box post-box--small\" style=\" background-image: url(https:\/\/www.polonia.travel\/it\/wp-content\/uploads\/sites\/20\/2024\/05\/Warszawa1_540_360-8.jpg);\">\n          <div class=\"post-box__hover\" style=\"background-image: url(https:\/\/www.polonia.travel\/it\/wp-content\/uploads\/sites\/20\/2023\/07\/warszawa_lazienki_kwiaty_1170-600x400.jpg);\"><\/div>\n        <div class=\"post-box__info\">\n            <div class=\"post-box__title\">La Masovia<\/div>\n      <div class=\"post-box__more\">Leggi di pi\u00f9<\/div>\n    <\/div>\n  <\/a>\n\n          <\/div>\n              <div class=\"swiper-slide post-slide\">\n                      <a href=\"https:\/\/www.polonia.travel\/it\/malopolska-perla-della-polonia\/\" class=\"post-box post-box--small\" style=\" background-image: url(https:\/\/www.polonia.travel\/it\/wp-content\/uploads\/sites\/20\/2023\/09\/179383441_Tatry_jesien_Adobe-Custom-600x349.jpg);\">\n        <div class=\"post-box__info\">\n            <div class=\"post-box__title\">La Malopolska<\/div>\n      <div class=\"post-box__more\">Leggi di pi\u00f9<\/div>\n    <\/div>\n  <\/a>\n\n          <\/div>\n              <div class=\"swiper-slide post-slide\">\n                      <a href=\"https:\/\/www.polonia.travel\/it\/la-regione-di-lodz\/\" class=\"post-box post-box--small\" style=\" background-image: url(https:\/\/www.polonia.travel\/it\/wp-content\/uploads\/sites\/20\/2024\/05\/Lodz_Manufaktura-weaving-mill-view-600x337.jpg);\">\n          <div class=\"post-box__hover\" style=\"background-image: url(https:\/\/www.polonia.travel\/it\/wp-content\/uploads\/sites\/20\/2024\/05\/Arkadia_i_NieborC3B3w_2.jpg);\"><\/div>\n        <div class=\"post-box__info\">\n            <div class=\"post-box__title\">La Regione di \u0141\u00f3d\u017a<\/div>\n      <div class=\"post-box__more\">Leggi di pi\u00f9<\/div>\n    <\/div>\n  <\/a>\n\n          <\/div>\n              <div class=\"swiper-slide post-slide\">\n                      <a href=\"https:\/\/www.polonia.travel\/it\/voivodato-lubuskie\/\" class=\"post-box post-box--small\" style=\" background-image: url(https:\/\/www.polonia.travel\/it\/wp-content\/uploads\/sites\/20\/2023\/03\/pomnik-wino-zielona-gora-600x207.jpg);\">\n          <div class=\"post-box__hover\" style=\"background-image: url(https:\/\/www.polonia.travel\/it\/wp-content\/uploads\/sites\/20\/2023\/03\/park_muzakowski-600x400.jpg);\"><\/div>\n        <div class=\"post-box__info\">\n            <div class=\"post-box__title\">La Regione Lubuskie<\/div>\n      <div class=\"post-box__more\">Leggi di pi\u00f9<\/div>\n    <\/div>\n  <\/a>\n\n          <\/div>\n              <div class=\"swiper-slide post-slide\">\n                      <a href=\"https:\/\/www.polonia.travel\/it\/lubelskie-lungo-il-corso-del-fiume-bug\/\" class=\"post-box post-box--small\" style=\" background-image: url(https:\/\/www.polonia.travel\/it\/wp-content\/uploads\/sites\/20\/2024\/05\/Lublin1170-6-600x389.jpg);\">\n          <div class=\"post-box__hover\" style=\"background-image: url(https:\/\/www.polonia.travel\/it\/wp-content\/uploads\/sites\/20\/2022\/12\/kazimierz_wawoz_korzeniowy_jesien_1170-600x400.jpg);\"><\/div>\n        <div class=\"post-box__info\">\n            <div class=\"post-box__title\">La Regione di Lublino<\/div>\n      <div class=\"post-box__more\">Leggi di pi\u00f9<\/div>\n    <\/div>\n  <\/a>\n\n          <\/div>\n              <div class=\"swiper-slide post-slide\">\n                      <a href=\"https:\/\/www.polonia.travel\/it\/kujawsko-pomorskie-i-pierniki-e-il-sale\/\" class=\"post-box post-box--small\" style=\" background-image: url(https:\/\/www.polonia.travel\/it\/wp-content\/uploads\/sites\/20\/2022\/12\/torun_pomnik_kopernika_1170-600x400.jpg);\">\n          <div class=\"post-box__hover\" style=\"background-image: url(https:\/\/www.polonia.travel\/it\/wp-content\/uploads\/sites\/20\/2024\/05\/Bydgoszcz.jpeg);\"><\/div>\n        <div class=\"post-box__info\">\n            <div class=\"post-box__title\">La Cuiavia-Pomerania<\/div>\n      <div class=\"post-box__more\">Leggi di pi\u00f9<\/div>\n    <\/div>\n  <\/a>\n\n          <\/div>\n              <div class=\"swiper-slide post-slide\">\n                      <a href=\"https:\/\/www.polonia.travel\/it\/dolnoslaskie-bassa-slesia-una-terra-di-tesori\/\" class=\"post-box post-box--small\" style=\" background-image: url(https:\/\/www.polonia.travel\/it\/wp-content\/uploads\/sites\/20\/2024\/05\/150129_Wroclaw_z_sw_Elzbiety_DU_HR-1-600x389.jpg);\">\n          <div class=\"post-box__hover\" style=\"background-image: url(https:\/\/www.polonia.travel\/it\/wp-content\/uploads\/sites\/20\/2024\/05\/KSIAZ_EARLYBIRD_-14-min.jpg);\"><\/div>\n        <div class=\"post-box__info\">\n            <div class=\"post-box__title\">La Bassa Slesia<\/div>\n      <div class=\"post-box__more\">Leggi di pi\u00f9<\/div>\n    <\/div>\n  <\/a>\n\n          <\/div>\n          <\/div>\n    <div class=\"post-slider__pagination\"><\/div>\n  <\/div>\n<\/div>\n<\/div><\/div>\n\n\n\n<div style=\"height:100px\" aria-hidden=\"true\" class=\"wp-block-spacer is-style-spacer-small\"><\/div>\n<\/div><\/div>\n","protected":false},"excerpt":{"rendered":"<p>Varmia e Masuria, una terra di gotico, castelli e laghi Antiche fortezze in mattoni, ma anche bunker tedeschi abitati da terribili fantasmi del passato, immensi boschi profumati di funghi e bacche, e corsi d\u2019acqua dove navigare e rilassarsi. Come dire di no a una vacanza da queste parti? Il nome Varmia viene dal popolo antico [&hellip;]<\/p>\n","protected":false},"author":1,"featured_media":19229,"comment_status":"open","ping_status":"open","sticky":false,"template":"","format":"standard","meta":{"_acf_changed":false,"footnotes":""},"categories":[1038],"class_list":["post-31267","post","type-post","status-publish","format-standard","has-post-thumbnail","hentry","category-regioni"],"acf":[],"yoast_head":"<!-- This site is optimized with the Yoast SEO plugin v27.4 - https:\/\/yoast.com\/product\/yoast-seo-wordpress\/ -->\n<title>La Varmia e Masuria - Polonia Travel (IT)<\/title>\n<meta name=\"robots\" content=\"index, follow, max-snippet:-1, max-image-preview:large, max-video-preview:-1\" \/>\n<link rel=\"canonical\" href=\"https:\/\/www.polonia.travel\/it\/warminsko-mazurskie-varmia-masuria\/\" \/>\n<meta property=\"og:locale\" content=\"pl_PL\" \/>\n<meta property=\"og:type\" content=\"article\" \/>\n<meta property=\"og:title\" content=\"La Varmia e Masuria - Polonia Travel (IT)\" \/>\n<meta property=\"og:description\" content=\"Varmia e Masuria, una terra di gotico, castelli e laghi Antiche fortezze in mattoni, ma anche bunker tedeschi abitati da terribili fantasmi del passato, immensi boschi profumati di funghi e bacche, e corsi d\u2019acqua dove navigare e rilassarsi. Come dire di no a una vacanza da queste parti? Il nome Varmia viene dal popolo antico [&hellip;]\" \/>\n<meta property=\"og:url\" content=\"https:\/\/www.polonia.travel\/it\/warminsko-mazurskie-varmia-masuria\/\" \/>\n<meta property=\"og:site_name\" content=\"Polonia Travel (IT)\" \/>\n<meta property=\"article:published_time\" content=\"2024-07-10T12:05:06+00:00\" \/>\n<meta property=\"article:modified_time\" content=\"2024-11-27T21:44:53+00:00\" \/>\n<meta property=\"og:image\" content=\"https:\/\/www.polonia.travel\/it\/wp-content\/uploads\/sites\/20\/2023\/01\/mazury-panorama.jpg\" \/>\n\t<meta property=\"og:image:width\" content=\"1920\" \/>\n\t<meta property=\"og:image:height\" content=\"518\" \/>\n\t<meta property=\"og:image:type\" content=\"image\/jpeg\" \/>\n<meta name=\"twitter:card\" content=\"summary_large_image\" \/>\n<meta name=\"twitter:label1\" content=\"Napisane przez\" \/>\n\t<meta name=\"twitter:data1\" content=\"\" \/>\n\t<meta name=\"twitter:label2\" content=\"Szacowany czas czytania\" \/>\n\t<meta name=\"twitter:data2\" content=\"7 minut\" \/>\n<script type=\"application\/ld+json\" class=\"yoast-schema-graph\">{\"@context\":\"https:\\\/\\\/schema.org\",\"@graph\":[{\"@type\":\"Article\",\"@id\":\"https:\\\/\\\/www.polonia.travel\\\/it\\\/warminsko-mazurskie-varmia-masuria\\\/#article\",\"isPartOf\":{\"@id\":\"https:\\\/\\\/www.polonia.travel\\\/it\\\/warminsko-mazurskie-varmia-masuria\\\/\"},\"author\":{\"name\":\"\",\"@id\":\"\"},\"headline\":\"La Varmia e Masuria\",\"datePublished\":\"2024-07-10T12:05:06+00:00\",\"dateModified\":\"2024-11-27T21:44:53+00:00\",\"mainEntityOfPage\":{\"@id\":\"https:\\\/\\\/www.polonia.travel\\\/it\\\/warminsko-mazurskie-varmia-masuria\\\/\"},\"wordCount\":1127,\"commentCount\":8,\"publisher\":{\"@id\":\"https:\\\/\\\/www.polonia.travel\\\/it\\\/#organization\"},\"image\":{\"@id\":\"https:\\\/\\\/www.polonia.travel\\\/it\\\/warminsko-mazurskie-varmia-masuria\\\/#primaryimage\"},\"thumbnailUrl\":\"https:\\\/\\\/www.polonia.travel\\\/it\\\/wp-content\\\/uploads\\\/sites\\\/20\\\/2023\\\/01\\\/mazury-panorama.jpg\",\"keywords\":[\"it\",\"regioni\"],\"articleSection\":[\"Regioni\"],\"inLanguage\":\"pl-PL\"},{\"@type\":\"WebPage\",\"@id\":\"https:\\\/\\\/www.polonia.travel\\\/it\\\/warminsko-mazurskie-varmia-masuria\\\/\",\"url\":\"https:\\\/\\\/www.polonia.travel\\\/it\\\/warminsko-mazurskie-varmia-masuria\\\/\",\"name\":\"La Varmia e Masuria - Polonia Travel (IT)\",\"isPartOf\":{\"@id\":\"https:\\\/\\\/www.polonia.travel\\\/it\\\/#website\"},\"primaryImageOfPage\":{\"@id\":\"https:\\\/\\\/www.polonia.travel\\\/it\\\/warminsko-mazurskie-varmia-masuria\\\/#primaryimage\"},\"image\":{\"@id\":\"https:\\\/\\\/www.polonia.travel\\\/it\\\/warminsko-mazurskie-varmia-masuria\\\/#primaryimage\"},\"thumbnailUrl\":\"https:\\\/\\\/www.polonia.travel\\\/it\\\/wp-content\\\/uploads\\\/sites\\\/20\\\/2023\\\/01\\\/mazury-panorama.jpg\",\"datePublished\":\"2024-07-10T12:05:06+00:00\",\"dateModified\":\"2024-11-27T21:44:53+00:00\",\"breadcrumb\":{\"@id\":\"https:\\\/\\\/www.polonia.travel\\\/it\\\/warminsko-mazurskie-varmia-masuria\\\/#breadcrumb\"},\"inLanguage\":\"pl-PL\",\"potentialAction\":[{\"@type\":\"ReadAction\",\"target\":[\"https:\\\/\\\/www.polonia.travel\\\/it\\\/warminsko-mazurskie-varmia-masuria\\\/\"]}]},{\"@type\":\"ImageObject\",\"inLanguage\":\"pl-PL\",\"@id\":\"https:\\\/\\\/www.polonia.travel\\\/it\\\/warminsko-mazurskie-varmia-masuria\\\/#primaryimage\",\"url\":\"https:\\\/\\\/www.polonia.travel\\\/it\\\/wp-content\\\/uploads\\\/sites\\\/20\\\/2023\\\/01\\\/mazury-panorama.jpg\",\"contentUrl\":\"https:\\\/\\\/www.polonia.travel\\\/it\\\/wp-content\\\/uploads\\\/sites\\\/20\\\/2023\\\/01\\\/mazury-panorama.jpg\",\"width\":1920,\"height\":518,\"caption\":\"Mazury\"},{\"@type\":\"BreadcrumbList\",\"@id\":\"https:\\\/\\\/www.polonia.travel\\\/it\\\/warminsko-mazurskie-varmia-masuria\\\/#breadcrumb\",\"itemListElement\":[{\"@type\":\"ListItem\",\"position\":1,\"name\":\"Home page\",\"item\":\"https:\\\/\\\/www.polonia.travel\\\/it\\\/\"},{\"@type\":\"ListItem\",\"position\":2,\"name\":\"Scopri i luoghi\",\"item\":\"https:\\\/\\\/www.polonia.travel\\\/it\\\/category\\\/scopri-i-luoghi\\\/\"},{\"@type\":\"ListItem\",\"position\":3,\"name\":\"Regioni\",\"item\":\"https:\\\/\\\/www.polonia.travel\\\/it\\\/category\\\/scopri-i-luoghi\\\/regioni\\\/\"},{\"@type\":\"ListItem\",\"position\":4,\"name\":\"La Varmia e Masuria\"}]},{\"@type\":\"WebSite\",\"@id\":\"https:\\\/\\\/www.polonia.travel\\\/it\\\/#website\",\"url\":\"https:\\\/\\\/www.polonia.travel\\\/it\\\/\",\"name\":\"Polonia Travel (IT)\",\"description\":\"...\",\"publisher\":{\"@id\":\"https:\\\/\\\/www.polonia.travel\\\/it\\\/#organization\"},\"potentialAction\":[{\"@type\":\"SearchAction\",\"target\":{\"@type\":\"EntryPoint\",\"urlTemplate\":\"https:\\\/\\\/www.polonia.travel\\\/it\\\/?s={search_term_string}\"},\"query-input\":{\"@type\":\"PropertyValueSpecification\",\"valueRequired\":true,\"valueName\":\"search_term_string\"}}],\"inLanguage\":\"pl-PL\"},{\"@type\":\"Organization\",\"@id\":\"https:\\\/\\\/www.polonia.travel\\\/it\\\/#organization\",\"name\":\"Polonia Travel (IT)\",\"url\":\"https:\\\/\\\/www.polonia.travel\\\/it\\\/\",\"logo\":{\"@type\":\"ImageObject\",\"inLanguage\":\"pl-PL\",\"@id\":\"https:\\\/\\\/www.polonia.travel\\\/it\\\/#\\\/schema\\\/logo\\\/image\\\/\",\"url\":\"\",\"contentUrl\":\"\",\"caption\":\"Polonia Travel (IT)\"},\"image\":{\"@id\":\"https:\\\/\\\/www.polonia.travel\\\/it\\\/#\\\/schema\\\/logo\\\/image\\\/\"}},{\"@type\":\"Person\",\"@id\":\"\"}]}<\/script>\n<!-- \/ Yoast SEO plugin. -->","yoast_head_json":{"title":"La Varmia e Masuria - Polonia Travel (IT)","robots":{"index":"index","follow":"follow","max-snippet":"max-snippet:-1","max-image-preview":"max-image-preview:large","max-video-preview":"max-video-preview:-1"},"canonical":"https:\/\/www.polonia.travel\/it\/warminsko-mazurskie-varmia-masuria\/","og_locale":"pl_PL","og_type":"article","og_title":"La Varmia e Masuria - Polonia Travel (IT)","og_description":"Varmia e Masuria, una terra di gotico, castelli e laghi Antiche fortezze in mattoni, ma anche bunker tedeschi abitati da terribili fantasmi del passato, immensi boschi profumati di funghi e bacche, e corsi d\u2019acqua dove navigare e rilassarsi. Come dire di no a una vacanza da queste parti? Il nome Varmia viene dal popolo antico [&hellip;]","og_url":"https:\/\/www.polonia.travel\/it\/warminsko-mazurskie-varmia-masuria\/","og_site_name":"Polonia Travel (IT)","article_published_time":"2024-07-10T12:05:06+00:00","article_modified_time":"2024-11-27T21:44:53+00:00","og_image":[{"width":1920,"height":518,"url":"https:\/\/www.polonia.travel\/it\/wp-content\/uploads\/sites\/20\/2023\/01\/mazury-panorama.jpg","type":"image\/jpeg"}],"twitter_card":"summary_large_image","twitter_misc":{"Napisane przez":"","Szacowany czas czytania":"7 minut"},"schema":{"@context":"https:\/\/schema.org","@graph":[{"@type":"Article","@id":"https:\/\/www.polonia.travel\/it\/warminsko-mazurskie-varmia-masuria\/#article","isPartOf":{"@id":"https:\/\/www.polonia.travel\/it\/warminsko-mazurskie-varmia-masuria\/"},"author":{"name":"","@id":""},"headline":"La Varmia e Masuria","datePublished":"2024-07-10T12:05:06+00:00","dateModified":"2024-11-27T21:44:53+00:00","mainEntityOfPage":{"@id":"https:\/\/www.polonia.travel\/it\/warminsko-mazurskie-varmia-masuria\/"},"wordCount":1127,"commentCount":8,"publisher":{"@id":"https:\/\/www.polonia.travel\/it\/#organization"},"image":{"@id":"https:\/\/www.polonia.travel\/it\/warminsko-mazurskie-varmia-masuria\/#primaryimage"},"thumbnailUrl":"https:\/\/www.polonia.travel\/it\/wp-content\/uploads\/sites\/20\/2023\/01\/mazury-panorama.jpg","keywords":["it","regioni"],"articleSection":["Regioni"],"inLanguage":"pl-PL"},{"@type":"WebPage","@id":"https:\/\/www.polonia.travel\/it\/warminsko-mazurskie-varmia-masuria\/","url":"https:\/\/www.polonia.travel\/it\/warminsko-mazurskie-varmia-masuria\/","name":"La Varmia e Masuria - Polonia Travel (IT)","isPartOf":{"@id":"https:\/\/www.polonia.travel\/it\/#website"},"primaryImageOfPage":{"@id":"https:\/\/www.polonia.travel\/it\/warminsko-mazurskie-varmia-masuria\/#primaryimage"},"image":{"@id":"https:\/\/www.polonia.travel\/it\/warminsko-mazurskie-varmia-masuria\/#primaryimage"},"thumbnailUrl":"https:\/\/www.polonia.travel\/it\/wp-content\/uploads\/sites\/20\/2023\/01\/mazury-panorama.jpg","datePublished":"2024-07-10T12:05:06+00:00","dateModified":"2024-11-27T21:44:53+00:00","breadcrumb":{"@id":"https:\/\/www.polonia.travel\/it\/warminsko-mazurskie-varmia-masuria\/#breadcrumb"},"inLanguage":"pl-PL","potentialAction":[{"@type":"ReadAction","target":["https:\/\/www.polonia.travel\/it\/warminsko-mazurskie-varmia-masuria\/"]}]},{"@type":"ImageObject","inLanguage":"pl-PL","@id":"https:\/\/www.polonia.travel\/it\/warminsko-mazurskie-varmia-masuria\/#primaryimage","url":"https:\/\/www.polonia.travel\/it\/wp-content\/uploads\/sites\/20\/2023\/01\/mazury-panorama.jpg","contentUrl":"https:\/\/www.polonia.travel\/it\/wp-content\/uploads\/sites\/20\/2023\/01\/mazury-panorama.jpg","width":1920,"height":518,"caption":"Mazury"},{"@type":"BreadcrumbList","@id":"https:\/\/www.polonia.travel\/it\/warminsko-mazurskie-varmia-masuria\/#breadcrumb","itemListElement":[{"@type":"ListItem","position":1,"name":"Home page","item":"https:\/\/www.polonia.travel\/it\/"},{"@type":"ListItem","position":2,"name":"Scopri i luoghi","item":"https:\/\/www.polonia.travel\/it\/category\/scopri-i-luoghi\/"},{"@type":"ListItem","position":3,"name":"Regioni","item":"https:\/\/www.polonia.travel\/it\/category\/scopri-i-luoghi\/regioni\/"},{"@type":"ListItem","position":4,"name":"La Varmia e Masuria"}]},{"@type":"WebSite","@id":"https:\/\/www.polonia.travel\/it\/#website","url":"https:\/\/www.polonia.travel\/it\/","name":"Polonia Travel (IT)","description":"...","publisher":{"@id":"https:\/\/www.polonia.travel\/it\/#organization"},"potentialAction":[{"@type":"SearchAction","target":{"@type":"EntryPoint","urlTemplate":"https:\/\/www.polonia.travel\/it\/?s={search_term_string}"},"query-input":{"@type":"PropertyValueSpecification","valueRequired":true,"valueName":"search_term_string"}}],"inLanguage":"pl-PL"},{"@type":"Organization","@id":"https:\/\/www.polonia.travel\/it\/#organization","name":"Polonia Travel (IT)","url":"https:\/\/www.polonia.travel\/it\/","logo":{"@type":"ImageObject","inLanguage":"pl-PL","@id":"https:\/\/www.polonia.travel\/it\/#\/schema\/logo\/image\/","url":"","contentUrl":"","caption":"Polonia Travel (IT)"},"image":{"@id":"https:\/\/www.polonia.travel\/it\/#\/schema\/logo\/image\/"}},{"@type":"Person","@id":""}]}},"_links":{"self":[{"href":"https:\/\/www.polonia.travel\/it\/wp-json\/wp\/v2\/posts\/31267","targetHints":{"allow":["GET"]}}],"collection":[{"href":"https:\/\/www.polonia.travel\/it\/wp-json\/wp\/v2\/posts"}],"about":[{"href":"https:\/\/www.polonia.travel\/it\/wp-json\/wp\/v2\/types\/post"}],"author":[{"embeddable":true,"href":"https:\/\/www.polonia.travel\/it\/wp-json\/wp\/v2\/users\/1"}],"replies":[{"embeddable":true,"href":"https:\/\/www.polonia.travel\/it\/wp-json\/wp\/v2\/comments?post=31267"}],"version-history":[{"count":15,"href":"https:\/\/www.polonia.travel\/it\/wp-json\/wp\/v2\/posts\/31267\/revisions"}],"predecessor-version":[{"id":40156,"href":"https:\/\/www.polonia.travel\/it\/wp-json\/wp\/v2\/posts\/31267\/revisions\/40156"}],"wp:featuredmedia":[{"embeddable":true,"href":"https:\/\/www.polonia.travel\/it\/wp-json\/wp\/v2\/media\/19229"}],"wp:attachment":[{"href":"https:\/\/www.polonia.travel\/it\/wp-json\/wp\/v2\/media?parent=31267"}],"wp:term":[{"taxonomy":"category","embeddable":true,"href":"https:\/\/www.polonia.travel\/it\/wp-json\/wp\/v2\/categories?post=31267"}],"curies":[{"name":"wp","href":"https:\/\/api.w.org\/{rel}","templated":true}]}}