{"id":31266,"date":"2024-07-10T13:53:19","date_gmt":"2024-07-10T11:53:19","guid":{"rendered":"https:\/\/www.polonia.travel\/it\/?p=31266"},"modified":"2024-11-27T23:39:14","modified_gmt":"2024-11-27T22:39:14","slug":"swietokrzyskie","status":"publish","type":"post","link":"https:\/\/www.polonia.travel\/it\/swietokrzyskie\/","title":{"rendered":"La regione della Santacroce"},"content":{"rendered":"\n<div class=\"wp-block-group is-style-container\"><div class=\"wp-block-group__inner-container is-layout-constrained wp-block-group-is-layout-constrained\">\n<!-- empty -->\n\n\n<div class=\"metrics\">\n  <div class=\"metrics__text\">\n    <h1 class=\"is-style-heading-38 mb20 large-mb30\">La regione della Santacroce<\/h1>\n    <p><strong>Una regione piena di bellezza, grazie ai Monti della Santacroce e al Parco Nazionale che li protegge. La regione della Santacroce \u00e8 piena di storie di monaci ed eremiti, leggende antichissime e dinosauri, ma anche cittadine dal carattere particolare, molti monumenti e famosi resort. <\/strong><strong>Il suo capoluogo \u00e8 Kielce.<\/strong><\/p>\n<p><em>\u00a0<\/em><\/p>\n  <\/div>\n  <div class=\"metrics__sidebar\">\n    <div class=\"metrics-box\">\n              <div class=\"metrics-box__title\">Informazioni di base<\/div>\n        <div class=\"metrics-box__values\">\n                                        <div class=\"metrics-box__item\">\n      <div class=\"metrics-box__label\">Superficie <\/div>\n      <div class=\"metrics-box__value\">11 710 km\u00b2<\/div>\n    <\/div>\n                                <div class=\"metrics-box__item\">\n      <div class=\"metrics-box__label\">Abitanti<\/div>\n      <div class=\"metrics-box__value\">1 187 693 (2019)<\/div>\n    <\/div>\n                                <\/div>\n                    <div class=\"metrics-box__links\">\n                      <a href=\"https:\/\/swietokrzyskie.travel\/en\/\" class=\"metrics-box__link external\"\n                                  target=\"_blank\" rel=\"nofollow noopener noreferrer\"\n                            >www<\/a>\n                  <\/div>\n          <\/div>\n  <\/div>\n<\/div>\n<\/div><\/div>\n\n\n\n<div class=\"wp-block-group is-style-container-medium\"><div class=\"wp-block-group__inner-container is-layout-constrained wp-block-group-is-layout-constrained\">\n<h3 class=\"wp-block-heading\">Santacroce \u2013 il cuore della Polonia<\/h3>\n\n\n\n<div style=\"height:100px\" aria-hidden=\"true\" class=\"wp-block-spacer is-style-spacer-small\"><\/div>\n\n\n\n<p>Una terra piena di leggende, spiriti e magie, circondata dai boschi con un cuore di monumenti affascinanti.<\/p>\n\n\n\n<p>Secondo alcuni storici, il primo battesimo cristiano in Polonia \u00e8 stato celebrato proprio in questa regione, a <strong>Wi\u015blica, <\/strong><strong>gi\u00e0 nell\u2019anno 880. La prova sarebbe un antichissimo fonte battesimale ritrovato proprio in questa cittadina che sorge sul fiume Nida. <\/strong>Di sicuro, la regione della Santacroce, e in particolare la cittadina di <strong>Nag\u0142owice, <\/strong><strong>per un po\u2019 di tempo \u00e8 stata la casa del vero padre della letteratura polacca: il poeta cinquecentesco Miko\u0142aj Rej.<\/strong>&nbsp;Oggi, nel Palazzo che porta il suo nome, eretto dalla famiglia Walewski intorno all\u2019anno 1800, si trovano il <strong>Museo Miko\u0142aj Rej<\/strong> e anche delle stanze affittate ai turisti.<\/p>\n\n\n\n<p>La regione della Santacroce \u00e8 piena di curiosit\u00e0 del genere. Per scoprirle, non si pu\u00f2 non iniziare dal suo capoluogo, <strong>Kielce, un paradiso geologico<\/strong><strong>,<\/strong> senza dimenticare la citt\u00e0 di Sandomierz, ricca di storia e famosa nella cultura popolare come sfondo dell\u2019apprezzata serie tv <em>Ojciec Mateusz<\/em>, adattamento polacco dell\u2019italianissimo Don Matteo.<\/p>\n\n\n\n<p>Cos\u2019altro vedere?<\/p>\n<\/div><\/div>\n\n\n\n<div style=\"height:100px\" aria-hidden=\"true\" class=\"wp-block-spacer is-style-spacer-small\"><\/div>\n\n\n\n<div class=\"wp-block-group is-style-container\"><div class=\"wp-block-group__inner-container is-layout-constrained wp-block-group-is-layout-constrained\">  <div class=\"gallery-tiles gallery-tiles--rows-2-3 lightgallery\">\r\n          <a href=\"https:\/\/www.polonia.travel\/it\/wp-content\/uploads\/sites\/20\/2023\/02\/13_Gory-Swietokrzyskie-i-Swiety-Krzyz-szklany-dom-Zeromskiego_MC_P.jpg\" class=\"gallery-tiles__item\" data-src=\"https:\/\/www.polonia.travel\/it\/wp-content\/uploads\/sites\/20\/2023\/02\/13_Gory-Swietokrzyskie-i-Swiety-Krzyz-szklany-dom-Zeromskiego_MC_P.jpg\"\r\n        aria-label=\"Otw\u00f3rz powi\u0119kszone zdj\u0119cie: \u015awi\u0119tokrzyski Park Narodowy\">\r\n        <img loading=\"lazy\" decoding=\"async\" width=\"1024\" height=\"683\" src=\"https:\/\/www.polonia.travel\/it\/wp-content\/uploads\/sites\/20\/2023\/02\/13_Gory-Swietokrzyskie-i-Swiety-Krzyz-szklany-dom-Zeromskiego_MC_P.jpg\" class=\"gallery-tiles__thumb\" alt=\"\u015awi\u0119tokrzyski Park Narodowy\" srcset=\"https:\/\/www.polonia.travel\/it\/wp-content\/uploads\/sites\/20\/2023\/02\/13_Gory-Swietokrzyskie-i-Swiety-Krzyz-szklany-dom-Zeromskiego_MC_P.jpg 1024w, https:\/\/www.polonia.travel\/it\/wp-content\/uploads\/sites\/20\/2023\/02\/13_Gory-Swietokrzyskie-i-Swiety-Krzyz-szklany-dom-Zeromskiego_MC_P-600x400.jpg 600w, https:\/\/www.polonia.travel\/it\/wp-content\/uploads\/sites\/20\/2023\/02\/13_Gory-Swietokrzyskie-i-Swiety-Krzyz-szklany-dom-Zeromskiego_MC_P-768x512.jpg 768w\" sizes=\"auto, (max-width: 1024px) 100vw, 1024px\" \/>      <\/a>\r\n          <a href=\"https:\/\/www.polonia.travel\/it\/wp-content\/uploads\/sites\/20\/2023\/02\/392_Gory-Swietokrzyskie-i-Swiety-Krzyz-szklany-dom-Zeromskiego_MC_P.jpg\" class=\"gallery-tiles__item\" data-src=\"https:\/\/www.polonia.travel\/it\/wp-content\/uploads\/sites\/20\/2023\/02\/392_Gory-Swietokrzyskie-i-Swiety-Krzyz-szklany-dom-Zeromskiego_MC_P.jpg\"\r\n        aria-label=\"Otw\u00f3rz powi\u0119kszone zdj\u0119cie: 392_G\u00f3ry \u015awi\u0119tokrzyskie i \u015awi\u0119ty Krzy\u017c, szklany dom \u017beromskiego_MC_P\">\r\n        <img loading=\"lazy\" decoding=\"async\" width=\"1024\" height=\"683\" src=\"https:\/\/www.polonia.travel\/it\/wp-content\/uploads\/sites\/20\/2023\/02\/392_Gory-Swietokrzyskie-i-Swiety-Krzyz-szklany-dom-Zeromskiego_MC_P.jpg\" class=\"gallery-tiles__thumb\" alt=\"\" srcset=\"https:\/\/www.polonia.travel\/it\/wp-content\/uploads\/sites\/20\/2023\/02\/392_Gory-Swietokrzyskie-i-Swiety-Krzyz-szklany-dom-Zeromskiego_MC_P.jpg 1024w, https:\/\/www.polonia.travel\/it\/wp-content\/uploads\/sites\/20\/2023\/02\/392_Gory-Swietokrzyskie-i-Swiety-Krzyz-szklany-dom-Zeromskiego_MC_P-600x400.jpg 600w, https:\/\/www.polonia.travel\/it\/wp-content\/uploads\/sites\/20\/2023\/02\/392_Gory-Swietokrzyskie-i-Swiety-Krzyz-szklany-dom-Zeromskiego_MC_P-768x512.jpg 768w\" sizes=\"auto, (max-width: 1024px) 100vw, 1024px\" \/>      <\/a>\r\n          <a href=\"https:\/\/www.polonia.travel\/it\/wp-content\/uploads\/sites\/20\/2024\/05\/16xSwietokrz_Krzyztopor.jpg\" class=\"gallery-tiles__item\" data-src=\"https:\/\/www.polonia.travel\/it\/wp-content\/uploads\/sites\/20\/2024\/05\/16xSwietokrz_Krzyztopor.jpg\"\r\n        aria-label=\"Otw\u00f3rz powi\u0119kszone zdj\u0119cie: 16xSwietokrz_Krzyztopor\">\r\n        <img loading=\"lazy\" decoding=\"async\" width=\"709\" height=\"399\" src=\"https:\/\/www.polonia.travel\/it\/wp-content\/uploads\/sites\/20\/2024\/05\/16xSwietokrz_Krzyztopor.jpg\" class=\"gallery-tiles__thumb\" alt=\"\" srcset=\"https:\/\/www.polonia.travel\/it\/wp-content\/uploads\/sites\/20\/2024\/05\/16xSwietokrz_Krzyztopor.jpg 709w, https:\/\/www.polonia.travel\/it\/wp-content\/uploads\/sites\/20\/2024\/05\/16xSwietokrz_Krzyztopor-600x338.jpg 600w\" sizes=\"auto, (max-width: 709px) 100vw, 709px\" \/>      <\/a>\r\n          <a href=\"https:\/\/www.polonia.travel\/it\/wp-content\/uploads\/sites\/20\/2024\/05\/16xSwietokrz_sanktuarium.jpg\" class=\"gallery-tiles__item\" data-src=\"https:\/\/www.polonia.travel\/it\/wp-content\/uploads\/sites\/20\/2024\/05\/16xSwietokrz_sanktuarium.jpg\"\r\n        aria-label=\"Otw\u00f3rz powi\u0119kszone zdj\u0119cie: 16xSwietokrz_sanktuarium\">\r\n        <img loading=\"lazy\" decoding=\"async\" width=\"709\" height=\"473\" src=\"https:\/\/www.polonia.travel\/it\/wp-content\/uploads\/sites\/20\/2024\/05\/16xSwietokrz_sanktuarium.jpg\" class=\"gallery-tiles__thumb\" alt=\"\" srcset=\"https:\/\/www.polonia.travel\/it\/wp-content\/uploads\/sites\/20\/2024\/05\/16xSwietokrz_sanktuarium.jpg 709w, https:\/\/www.polonia.travel\/it\/wp-content\/uploads\/sites\/20\/2024\/05\/16xSwietokrz_sanktuarium-600x400.jpg 600w\" sizes=\"auto, (max-width: 709px) 100vw, 709px\" \/>      <\/a>\r\n      <\/div>\r\n<\/div><\/div>\n\n\n\n<div style=\"height:100px\" aria-hidden=\"true\" class=\"wp-block-spacer is-style-spacer-small\"><\/div>\n\n\n\n<div class=\"wp-block-group is-style-container-medium\"><div class=\"wp-block-group__inner-container is-layout-constrained wp-block-group-is-layout-constrained\">\n<p><strong>I monti della Santacroce<\/strong><\/p>\n\n\n\n<p>Non sono vette particolarmente alte perch\u00e9 sono il risultato di processi geologici relativamente giovani, ma la loro composizione rocciosa \u00e8 la pi\u00f9 antica di tutta la Polonia e oggi la catena \u00e8 in parte sotto la tutela del <strong>Parco Nazionale della Santacroce<\/strong>. La vetta pi\u00f9 alta \u00e8 quella di&nbsp;<strong>\u0141ysica<\/strong> sulla quale vale la pena avventurarsi per la presenza del fiume di roccia che accompagna tutta la fila dei monti vicini. Si tratta di frammenti di roccia erosiva che scorrono quasi come un fiume, naturalmente privi di vegetazione, e composti da minerali di arenaria del cambriano di circa 500 milioni di anni. Sulla seconda vetta pi\u00f9 alta della catena, un tempo chiamato <strong>\u0141ysa G\u00f3ra<\/strong>, prima dell\u2019avvento del cristianesimo si tenevano dei sabba di stregoneria. Oggi invece il monte \u00e8 conosciuto meglio come Santa Croce, da cui viene il nome della catena montuosa e di tutta la regione, perch\u00e9 ospita il pi\u00f9 antico <strong>santuario in Polonia con le Reliquie della Santa Croce<\/strong><strong>.<\/strong><\/p>\n\n\n\n<p>Ogni anno qui si tiene anche <strong>il Mercatino della Santa<\/strong><strong>c<\/strong><strong>roce, <\/strong>un evento apprezzato e frequentato tanto quanto l\u2019antica festa dei <strong>\u201cDymarki\u201d della Santa<\/strong><strong>c<\/strong><strong>roce a Nowa<\/strong> <strong>S\u0142upa<\/strong>, dove si rievoca la fusione del ferro in forni speciali chiamati appunto dymarki, come si usava in questa regione migliaia di anni fa.<\/p>\n\n\n\n<p><strong>Grotte e dinosauri<\/strong><\/p>\n\n\n\n<p>I Monti della Santacroce sono ricchi di attrazioni, una delle quali \u00e8 <strong>il percorso turistico nella<\/strong> <strong>Grotta Raj<\/strong>, apprezzata per la ricchezza e la variet\u00e0 delle sue stalagmiti in calcite, ma ci sono anche grandi concentrazioni di stalattiti. Si pu\u00f2 anche visitare il Centro multimediale dell\u2019uomo di Neanderthal dove \u00e8 possibile osservare un ologramma 3D del teschio di un uomo preistorico e la replica di un mammut a grandezza naturale.<\/p>\n\n\n\n<p>Per chi invece \u00e8 curioso di scoprire come si viveva in campagna da queste parti c\u2019\u00e8 il Parco Etnografico &#8211; Museo della Campagna di Kielce con sede a <strong>Tokarnia<\/strong> che ricostruisce capanne, fienili, mulini e casali. \u00c8 possibile anche assistere a mostre di artigianato, giochi all\u2019aperto e visite tematiche dedicate per esempio ai mestieri scomparsi, alle feste o alla vita quotidiana. Inoltre, questo museo ospita ogni anno <strong>il Festival dei Sapori della Santacroce, il Mercatino Agroalimentare della Santacroce e la Fiera della Fusione del Piombo.<\/strong><\/p>\n\n\n\n<p><strong>Il Museo Archeologico di \u201cKrzemionki\u201d fa parte del Patrimonio UNESCO dal 2019 ed \u00e8 la vera punta di diamante della regione, dal momento che qui \u00e8 possibile esplorare le miniere neolitiche di selce, conservate come dentro a una capsula del tempo.<\/strong> Un percorso di un chilometro e mezzo in parte sotto terra mette in luce questo paesaggio industriale vecchio 5000 anni con tanto di cave, tunnel e depositi.<\/p>\n\n\n\n<p>Sempre a proposito di musei e cultura produttiva, vale la pena recarsi nella vicina<strong>&nbsp;\u0106miel\u00f3w<\/strong>&nbsp;per visitare il <strong>Museo Vivo della Porcellana<\/strong>, prodotto che ha reso famosa la citt\u00e0 in Polonia e non solo.&nbsp;<\/p>\n\n\n\n<p>A <strong>Ba\u0142t\u00f3w<\/strong> si pu\u00f2 visitare il locale complesso turistico con <strong>il primo parco giurassico<\/strong> polacco. Il percorso \u00e8 lungo circa un chilometro e presenta oltre 100 modelli di dinosauri a grandezza naturale. Ma ci sono anche un Museo Giurassico, un Oceanario Preistorico, &nbsp;un serraglio con un rancho e il Villaggio delle Streghe <strong>Sabath\u00f3wka<\/strong>. Qui a Ba\u0142t\u00f3w, dove anni fa furono ritrovati resti di veri dinosauri, si pu\u00f2 venire non solo per scoprire il mondo preistorico, ma anche per godere della ricca offerta di hotel e ristoranti della citt\u00e0.<\/p>\n\n\n\n<p><strong>La magia dei castelli<\/strong><\/p>\n\n\n\n<p>Le rovine del Castello di <strong>Krzy\u017ctop\u00f3r a Ujazd lasciano sempre a bocca aperta<\/strong> con le mura bianche che sbucano fra le colline. Progettato dall\u2019architetto italiano Lorenzo Senese, era la residenza del nobile Krzysztof Ossoli\u0144ski e aveva molti riferimenti architettonici al calendario: quattro bastioni difensivi come le quattro stagioni, 12 sale come i mesi dell\u2019anno, 52 stanze come le settimane e 365 come i giorni. Dalla sala da pranzo, grazie al soffitto di vetro, era possibile ammirare i pesci che nuotavano nell\u2019acquario sovrastante, mentre i cavalli nelle stalle avevano specchi in cui ammirarsi e musette d\u2019oro da cui mangiare.<\/p>\n\n\n\n<p>Oggi \u00e8 possibile partecipare a eventi all\u2019aperto dedicati alla cavalleria e a visite notturne.<\/p>\n\n\n\n<p>Altrettanto interessante \u00e8 il <strong>Castello di<\/strong> <strong>Szyd\u0142owo<\/strong>, con le mura in pietra guarnite da merli dove ogni anno si tengono <strong>il \u201cTorneo Cavalleresco per la Spada di Re Casimiro I il Grande\u201d e la \u201cFesta della prugna\u201d<\/strong><strong>.<\/strong><strong><\/strong><\/p>\n\n\n\n<p><strong>In <em>Ponidzie<\/em><\/strong><\/p>\n\n\n\n<p>Questa zona prende il nome dal fiume Nida che la attraversa e ha un paesaggio che ricorda quello delle steppe. Entro i suoi confini si trovano, tra le altre cose, <strong>le rovine del castello di Ch\u0119ciny<\/strong>, uno dei pi\u00f9 grandi in Polonia nel XVI secolo. L\u2019ideale \u00e8 venire qui durante una visita notturna con spettacoli di fuoco e di luci, danze antiche e la Dama Bianca.<\/p>\n\n\n\n<p>Qui c\u2019\u00e8 anche la citt\u00e0 di <strong>Wi\u015blica<\/strong> che nell\u2019alto medioevo era, dopo Cracovia e Sandomierz, il centro amministrativo e politico pi\u00f9 importante della Piccola Polonia. La sua Chiesa sorprende i visitatori con una statuetta della Vergine Maria ridente, con la pavimentazione romanica raffigurante persone in preghiera che si trova nei sotterranei e con la fonte battesimale dove venne battezzato il primo re di Polonia Mieszko I.<\/p>\n\n\n\n<p>In Ponidzie non mancano le offerte termali a <strong>Solec-Zdr\u00f3j<\/strong>&nbsp;e&nbsp;<strong>Busko Zdr\u00f3j<\/strong>, come anche l\u2019annuale <strong>Festival Musicale internazionale<\/strong> <strong>Krystyna Jamroz<\/strong>.<\/p>\n\n\n\n<p>E sempre a proposito di musica, nella vicina <strong>J\u0119drzej\u00f3w<\/strong> tenete d\u2019occhio il programma del <strong>Festival Internazionale di Musica da Camera e per Organo<\/strong>.<\/p>\n\n\n\n<p>Un ultimo posto interessante in questa regione \u00e8 la citt\u00e0 di <strong>Pi\u0144cz\u00f3w<\/strong>, antico centro dell\u2019attivit\u00e0 del gruppo protestante radicale dei Fratelli Polacchi.<\/p>\n<\/div><\/div>\n\n\n\n<div class=\"wp-block-group has-background\" style=\"background-color:#eeeeee\"><div class=\"wp-block-group__inner-container is-layout-constrained wp-block-group-is-layout-constrained\">\n<div style=\"height:100px\" aria-hidden=\"true\" class=\"wp-block-spacer is-style-spacer-small\"><\/div>\n\n\n\n<div class=\"wp-block-group is-style-container\"><div class=\"wp-block-group__inner-container is-layout-constrained wp-block-group-is-layout-constrained\">\n<h3 class=\"wp-block-heading\">Scopri di pi\u00f9<\/h3>\n\n\n\n<div style=\"height:100px\" aria-hidden=\"true\" class=\"wp-block-spacer is-style-spacer-small\"><\/div>\n\n\n<div class=\"overflow\">\n  <div class=\"post-slider swiper post-slider--small\" data-schema=\"small\">\n\n    <div class=\"swiper-wrapper\">\n              <div class=\"swiper-slide post-slide\">\n                      <a href=\"https:\/\/www.polonia.travel\/it\/zachodniopomorskie-pomerania-occidentale\/\" class=\"post-box post-box--small\" style=\" background-image: url(https:\/\/www.polonia.travel\/it\/wp-content\/uploads\/sites\/20\/2023\/03\/szczecin_tarasy_widokowe_1170-600x400.jpg);\">\n          <div class=\"post-box__hover\" style=\"background-image: url(https:\/\/www.polonia.travel\/it\/wp-content\/uploads\/sites\/20\/2023\/02\/Swinoujscie-e1676388308968-600x366.jpg);\"><\/div>\n        <div class=\"post-box__info\">\n            <div class=\"post-box__title\">La Pomerania Occidentale<\/div>\n      <div class=\"post-box__more\">Leggi di pi\u00f9<\/div>\n    <\/div>\n  <\/a>\n\n          <\/div>\n              <div class=\"swiper-slide post-slide\">\n                      <a href=\"https:\/\/www.polonia.travel\/it\/wielkopolskie\/\" class=\"post-box post-box--small\" style=\" background-image: url(https:\/\/www.polonia.travel\/it\/wp-content\/uploads\/sites\/20\/2024\/05\/PoznaC58420Municipio20e20piazza-6-600x400.jpg);\">\n          <div class=\"post-box__hover\" style=\"background-image: url(https:\/\/www.polonia.travel\/it\/wp-content\/uploads\/sites\/20\/2022\/12\/poznan_stare_miasto_rynek_1170-600x400.jpg);\"><\/div>\n        <div class=\"post-box__info\">\n            <div class=\"post-box__title\">La Wielkopolska<\/div>\n      <div class=\"post-box__more\">Leggi di pi\u00f9<\/div>\n    <\/div>\n  <\/a>\n\n          <\/div>\n              <div class=\"swiper-slide post-slide\">\n                      <a href=\"https:\/\/www.polonia.travel\/it\/warminsko-mazurskie-varmia-masuria\/\" class=\"post-box post-box--small\" style=\" background-image: url(https:\/\/www.polonia.travel\/it\/wp-content\/uploads\/sites\/20\/2024\/05\/12448_Mazury-Jezioro-Kirsajty_JW_HR-1-600x400.jpg);\">\n          <div class=\"post-box__hover\" style=\"background-image: url(https:\/\/www.polonia.travel\/it\/wp-content\/uploads\/sites\/20\/2024\/05\/274836709_Gizycko_Kisajno_mazury_Adobe-600x400.jpg);\"><\/div>\n        <div class=\"post-box__info\">\n            <div class=\"post-box__title\">La Varmia e Masuria<\/div>\n      <div class=\"post-box__more\">Leggi di pi\u00f9<\/div>\n    <\/div>\n  <\/a>\n\n          <\/div>\n              <div class=\"swiper-slide post-slide\">\n                      <a href=\"https:\/\/www.polonia.travel\/it\/swietokrzyskie\/\" class=\"post-box post-box--small\" style=\" background-image: url(https:\/\/www.polonia.travel\/it\/wp-content\/uploads\/sites\/20\/2023\/02\/392_Gory-Swietokrzyskie-i-Swiety-Krzyz-szklany-dom-Zeromskiego_MC_P-600x400.jpg);\">\n          <div class=\"post-box__hover\" style=\"background-image: url(https:\/\/www.polonia.travel\/it\/wp-content\/uploads\/sites\/20\/2023\/02\/13_Gory-Swietokrzyskie-i-Swiety-Krzyz-szklany-dom-Zeromskiego_MC_P-600x400.jpg);\"><\/div>\n        <div class=\"post-box__info\">\n            <div class=\"post-box__title\">La regione della Santacroce<\/div>\n      <div class=\"post-box__more\">Leggi di pi\u00f9<\/div>\n    <\/div>\n  <\/a>\n\n          <\/div>\n              <div class=\"swiper-slide post-slide\">\n                      <a href=\"https:\/\/www.polonia.travel\/it\/slaskie\/\" class=\"post-box post-box--small\" style=\" background-image: url(https:\/\/www.polonia.travel\/it\/wp-content\/uploads\/sites\/20\/2024\/05\/Ogrodzieniec-6.jpg);\">\n          <div class=\"post-box__hover\" style=\"background-image: url(https:\/\/www.polonia.travel\/it\/wp-content\/uploads\/sites\/20\/2023\/01\/Kopalnia-Guido-Zabrze-6-fot-www.slaskie.travel-OpenGroup.com_.pl_-600x400.jpg);\"><\/div>\n        <div class=\"post-box__info\">\n            <div class=\"post-box__title\">La Slesia<\/div>\n      <div class=\"post-box__more\">Leggi di pi\u00f9<\/div>\n    <\/div>\n  <\/a>\n\n          <\/div>\n              <div class=\"swiper-slide post-slide\">\n                      <a href=\"https:\/\/www.polonia.travel\/it\/pomorskie\/\" class=\"post-box post-box--small\" style=\" background-image: url(https:\/\/www.polonia.travel\/it\/wp-content\/uploads\/sites\/20\/2024\/05\/TrC3B3jmiasto_20Sopot20kuter-600x400.jpg);\">\n          <div class=\"post-box__hover\" style=\"background-image: url(https:\/\/www.polonia.travel\/it\/wp-content\/uploads\/sites\/20\/2024\/05\/Danzica-9.jpg);\"><\/div>\n        <div class=\"post-box__info\">\n            <div class=\"post-box__title\">La Pomerania<\/div>\n      <div class=\"post-box__more\">Leggi di pi\u00f9<\/div>\n    <\/div>\n  <\/a>\n\n          <\/div>\n              <div class=\"swiper-slide post-slide\">\n                      <a href=\"https:\/\/www.polonia.travel\/it\/podlaskie\/\" class=\"post-box post-box--small\" style=\" background-image: url(https:\/\/www.polonia.travel\/it\/wp-content\/uploads\/sites\/20\/2024\/05\/Biebrza20-20fot.20Podlaska20Regionalna20Organizacja20Turystyczna-600x400.jpg);\">\n          <div class=\"post-box__hover\" style=\"background-image: url(https:\/\/www.polonia.travel\/it\/wp-content\/uploads\/sites\/20\/2024\/05\/Podlaskie_Kruszyniany20540x360-12.jpg);\"><\/div>\n        <div class=\"post-box__info\">\n            <div class=\"post-box__title\">La Podlachia<\/div>\n      <div class=\"post-box__more\">Leggi di pi\u00f9<\/div>\n    <\/div>\n  <\/a>\n\n          <\/div>\n              <div class=\"swiper-slide post-slide\">\n                      <a href=\"https:\/\/www.polonia.travel\/it\/podkarpackie\/\" class=\"post-box post-box--small\" style=\" background-image: url(https:\/\/www.polonia.travel\/it\/wp-content\/uploads\/sites\/20\/2023\/07\/rys_1170-600x400.jpg);\">\n          <div class=\"post-box__hover\" style=\"background-image: url(https:\/\/www.polonia.travel\/it\/wp-content\/uploads\/sites\/20\/2024\/05\/16xPodk_Bieszczady-6-600x389.jpeg);\"><\/div>\n        <div class=\"post-box__info\">\n            <div class=\"post-box__title\">La Precarpazia<\/div>\n      <div class=\"post-box__more\">Leggi di pi\u00f9<\/div>\n    <\/div>\n  <\/a>\n\n          <\/div>\n              <div class=\"swiper-slide post-slide\">\n                      <a href=\"https:\/\/www.polonia.travel\/it\/opolskie\/\" class=\"post-box post-box--small\" style=\" background-image: url(https:\/\/www.polonia.travel\/it\/wp-content\/uploads\/sites\/20\/2024\/05\/Moszna-12.jpg);\">\n          <div class=\"post-box__hover\" style=\"background-image: url(https:\/\/www.polonia.travel\/it\/wp-content\/uploads\/sites\/20\/2022\/12\/opole_amfiteatr_1170-2-600x400.jpg);\"><\/div>\n        <div class=\"post-box__info\">\n            <div class=\"post-box__title\">La Regione di Opole<\/div>\n      <div class=\"post-box__more\">Leggi di pi\u00f9<\/div>\n    <\/div>\n  <\/a>\n\n          <\/div>\n              <div class=\"swiper-slide post-slide\">\n                      <a href=\"https:\/\/www.polonia.travel\/it\/masovia-mazowieckie-la-regione-piu-grande-della-polonia\/\" class=\"post-box post-box--small\" style=\" background-image: url(https:\/\/www.polonia.travel\/it\/wp-content\/uploads\/sites\/20\/2024\/05\/Warszawa1_540_360-8.jpg);\">\n          <div class=\"post-box__hover\" style=\"background-image: url(https:\/\/www.polonia.travel\/it\/wp-content\/uploads\/sites\/20\/2023\/07\/warszawa_lazienki_kwiaty_1170-600x400.jpg);\"><\/div>\n        <div class=\"post-box__info\">\n            <div class=\"post-box__title\">La Masovia<\/div>\n      <div class=\"post-box__more\">Leggi di pi\u00f9<\/div>\n    <\/div>\n  <\/a>\n\n          <\/div>\n              <div class=\"swiper-slide post-slide\">\n                      <a href=\"https:\/\/www.polonia.travel\/it\/malopolska-perla-della-polonia\/\" class=\"post-box post-box--small\" style=\" background-image: url(https:\/\/www.polonia.travel\/it\/wp-content\/uploads\/sites\/20\/2023\/09\/179383441_Tatry_jesien_Adobe-Custom-600x349.jpg);\">\n        <div class=\"post-box__info\">\n            <div class=\"post-box__title\">La Malopolska<\/div>\n      <div class=\"post-box__more\">Leggi di pi\u00f9<\/div>\n    <\/div>\n  <\/a>\n\n          <\/div>\n              <div class=\"swiper-slide post-slide\">\n                      <a href=\"https:\/\/www.polonia.travel\/it\/la-regione-di-lodz\/\" class=\"post-box post-box--small\" style=\" background-image: url(https:\/\/www.polonia.travel\/it\/wp-content\/uploads\/sites\/20\/2024\/05\/Lodz_Manufaktura-weaving-mill-view-600x337.jpg);\">\n          <div class=\"post-box__hover\" style=\"background-image: url(https:\/\/www.polonia.travel\/it\/wp-content\/uploads\/sites\/20\/2024\/05\/Arkadia_i_NieborC3B3w_2.jpg);\"><\/div>\n        <div class=\"post-box__info\">\n            <div class=\"post-box__title\">La Regione di \u0141\u00f3d\u017a<\/div>\n      <div class=\"post-box__more\">Leggi di pi\u00f9<\/div>\n    <\/div>\n  <\/a>\n\n          <\/div>\n              <div class=\"swiper-slide post-slide\">\n                      <a href=\"https:\/\/www.polonia.travel\/it\/voivodato-lubuskie\/\" class=\"post-box post-box--small\" style=\" background-image: url(https:\/\/www.polonia.travel\/it\/wp-content\/uploads\/sites\/20\/2023\/03\/pomnik-wino-zielona-gora-600x207.jpg);\">\n          <div class=\"post-box__hover\" style=\"background-image: url(https:\/\/www.polonia.travel\/it\/wp-content\/uploads\/sites\/20\/2023\/03\/park_muzakowski-600x400.jpg);\"><\/div>\n        <div class=\"post-box__info\">\n            <div class=\"post-box__title\">La Regione Lubuskie<\/div>\n      <div class=\"post-box__more\">Leggi di pi\u00f9<\/div>\n    <\/div>\n  <\/a>\n\n          <\/div>\n              <div class=\"swiper-slide post-slide\">\n                      <a href=\"https:\/\/www.polonia.travel\/it\/lubelskie-lungo-il-corso-del-fiume-bug\/\" class=\"post-box post-box--small\" style=\" background-image: url(https:\/\/www.polonia.travel\/it\/wp-content\/uploads\/sites\/20\/2024\/05\/Lublin1170-6-600x389.jpg);\">\n          <div class=\"post-box__hover\" style=\"background-image: url(https:\/\/www.polonia.travel\/it\/wp-content\/uploads\/sites\/20\/2022\/12\/kazimierz_wawoz_korzeniowy_jesien_1170-600x400.jpg);\"><\/div>\n        <div class=\"post-box__info\">\n            <div class=\"post-box__title\">La Regione di Lublino<\/div>\n      <div class=\"post-box__more\">Leggi di pi\u00f9<\/div>\n    <\/div>\n  <\/a>\n\n          <\/div>\n              <div class=\"swiper-slide post-slide\">\n                      <a href=\"https:\/\/www.polonia.travel\/it\/kujawsko-pomorskie-i-pierniki-e-il-sale\/\" class=\"post-box post-box--small\" style=\" background-image: url(https:\/\/www.polonia.travel\/it\/wp-content\/uploads\/sites\/20\/2022\/12\/torun_pomnik_kopernika_1170-600x400.jpg);\">\n          <div class=\"post-box__hover\" style=\"background-image: url(https:\/\/www.polonia.travel\/it\/wp-content\/uploads\/sites\/20\/2024\/05\/Bydgoszcz.jpeg);\"><\/div>\n        <div class=\"post-box__info\">\n            <div class=\"post-box__title\">La Cuiavia-Pomerania<\/div>\n      <div class=\"post-box__more\">Leggi di pi\u00f9<\/div>\n    <\/div>\n  <\/a>\n\n          <\/div>\n              <div class=\"swiper-slide post-slide\">\n                      <a href=\"https:\/\/www.polonia.travel\/it\/dolnoslaskie-bassa-slesia-una-terra-di-tesori\/\" class=\"post-box post-box--small\" style=\" background-image: url(https:\/\/www.polonia.travel\/it\/wp-content\/uploads\/sites\/20\/2024\/05\/150129_Wroclaw_z_sw_Elzbiety_DU_HR-1-600x389.jpg);\">\n          <div class=\"post-box__hover\" style=\"background-image: url(https:\/\/www.polonia.travel\/it\/wp-content\/uploads\/sites\/20\/2024\/05\/KSIAZ_EARLYBIRD_-14-min.jpg);\"><\/div>\n        <div class=\"post-box__info\">\n            <div class=\"post-box__title\">La Bassa Slesia<\/div>\n      <div class=\"post-box__more\">Leggi di pi\u00f9<\/div>\n    <\/div>\n  <\/a>\n\n          <\/div>\n          <\/div>\n    <div class=\"post-slider__pagination\"><\/div>\n  <\/div>\n<\/div>\n<\/div><\/div>\n\n\n\n<div style=\"height:100px\" aria-hidden=\"true\" class=\"wp-block-spacer is-style-spacer-small\"><\/div>\n<\/div><\/div>\n","protected":false},"excerpt":{"rendered":"<p>Santacroce \u2013 il cuore della Polonia Una terra piena di leggende, spiriti e magie, circondata dai boschi con un cuore di monumenti affascinanti. Secondo alcuni storici, il primo battesimo cristiano in Polonia \u00e8 stato celebrato proprio in questa regione, a Wi\u015blica, gi\u00e0 nell\u2019anno 880. La prova sarebbe un antichissimo fonte battesimale ritrovato proprio in questa [&hellip;]<\/p>\n","protected":false},"author":1,"featured_media":21131,"comment_status":"open","ping_status":"open","sticky":false,"template":"","format":"standard","meta":{"_acf_changed":false,"footnotes":""},"categories":[1038],"class_list":["post-31266","post","type-post","status-publish","format-standard","has-post-thumbnail","hentry","category-regioni"],"acf":[],"yoast_head":"<!-- This site is optimized with the Yoast SEO plugin v27.4 - https:\/\/yoast.com\/product\/yoast-seo-wordpress\/ -->\n<title>La regione della Santacroce - Polonia Travel (IT)<\/title>\n<meta name=\"robots\" content=\"index, follow, max-snippet:-1, max-image-preview:large, max-video-preview:-1\" \/>\n<link rel=\"canonical\" href=\"https:\/\/www.polonia.travel\/it\/swietokrzyskie\/\" \/>\n<meta property=\"og:locale\" content=\"pl_PL\" \/>\n<meta property=\"og:type\" content=\"article\" \/>\n<meta property=\"og:title\" content=\"La regione della Santacroce - Polonia Travel (IT)\" \/>\n<meta property=\"og:description\" content=\"Santacroce \u2013 il cuore della Polonia Una terra piena di leggende, spiriti e magie, circondata dai boschi con un cuore di monumenti affascinanti. Secondo alcuni storici, il primo battesimo cristiano in Polonia \u00e8 stato celebrato proprio in questa regione, a Wi\u015blica, gi\u00e0 nell\u2019anno 880. La prova sarebbe un antichissimo fonte battesimale ritrovato proprio in questa [&hellip;]\" \/>\n<meta property=\"og:url\" content=\"https:\/\/www.polonia.travel\/it\/swietokrzyskie\/\" \/>\n<meta property=\"og:site_name\" content=\"Polonia Travel (IT)\" \/>\n<meta property=\"article:published_time\" content=\"2024-07-10T11:53:19+00:00\" \/>\n<meta property=\"article:modified_time\" content=\"2024-11-27T22:39:14+00:00\" \/>\n<meta property=\"og:image\" content=\"https:\/\/www.polonia.travel\/it\/wp-content\/uploads\/sites\/20\/2023\/02\/kielce-19202.jpg\" \/>\n\t<meta property=\"og:image:width\" content=\"1920\" \/>\n\t<meta property=\"og:image:height\" content=\"474\" \/>\n\t<meta property=\"og:image:type\" content=\"image\/jpeg\" \/>\n<meta name=\"twitter:card\" content=\"summary_large_image\" \/>\n<meta name=\"twitter:label1\" content=\"Napisane przez\" \/>\n\t<meta name=\"twitter:data1\" content=\"\" \/>\n\t<meta name=\"twitter:label2\" content=\"Szacowany czas czytania\" \/>\n\t<meta name=\"twitter:data2\" content=\"7 minut\" \/>\n<script type=\"application\/ld+json\" class=\"yoast-schema-graph\">{\"@context\":\"https:\\\/\\\/schema.org\",\"@graph\":[{\"@type\":\"Article\",\"@id\":\"https:\\\/\\\/www.polonia.travel\\\/it\\\/swietokrzyskie\\\/#article\",\"isPartOf\":{\"@id\":\"https:\\\/\\\/www.polonia.travel\\\/it\\\/swietokrzyskie\\\/\"},\"author\":{\"name\":\"\",\"@id\":\"\"},\"headline\":\"La regione della Santacroce\",\"datePublished\":\"2024-07-10T11:53:19+00:00\",\"dateModified\":\"2024-11-27T22:39:14+00:00\",\"mainEntityOfPage\":{\"@id\":\"https:\\\/\\\/www.polonia.travel\\\/it\\\/swietokrzyskie\\\/\"},\"wordCount\":1122,\"commentCount\":8,\"publisher\":{\"@id\":\"https:\\\/\\\/www.polonia.travel\\\/it\\\/#organization\"},\"image\":{\"@id\":\"https:\\\/\\\/www.polonia.travel\\\/it\\\/swietokrzyskie\\\/#primaryimage\"},\"thumbnailUrl\":\"https:\\\/\\\/www.polonia.travel\\\/it\\\/wp-content\\\/uploads\\\/sites\\\/20\\\/2023\\\/02\\\/kielce-19202.jpg\",\"keywords\":[\"it\",\"regioni\"],\"articleSection\":[\"Regioni\"],\"inLanguage\":\"pl-PL\"},{\"@type\":\"WebPage\",\"@id\":\"https:\\\/\\\/www.polonia.travel\\\/it\\\/swietokrzyskie\\\/\",\"url\":\"https:\\\/\\\/www.polonia.travel\\\/it\\\/swietokrzyskie\\\/\",\"name\":\"La regione della Santacroce - Polonia Travel (IT)\",\"isPartOf\":{\"@id\":\"https:\\\/\\\/www.polonia.travel\\\/it\\\/#website\"},\"primaryImageOfPage\":{\"@id\":\"https:\\\/\\\/www.polonia.travel\\\/it\\\/swietokrzyskie\\\/#primaryimage\"},\"image\":{\"@id\":\"https:\\\/\\\/www.polonia.travel\\\/it\\\/swietokrzyskie\\\/#primaryimage\"},\"thumbnailUrl\":\"https:\\\/\\\/www.polonia.travel\\\/it\\\/wp-content\\\/uploads\\\/sites\\\/20\\\/2023\\\/02\\\/kielce-19202.jpg\",\"datePublished\":\"2024-07-10T11:53:19+00:00\",\"dateModified\":\"2024-11-27T22:39:14+00:00\",\"breadcrumb\":{\"@id\":\"https:\\\/\\\/www.polonia.travel\\\/it\\\/swietokrzyskie\\\/#breadcrumb\"},\"inLanguage\":\"pl-PL\",\"potentialAction\":[{\"@type\":\"ReadAction\",\"target\":[\"https:\\\/\\\/www.polonia.travel\\\/it\\\/swietokrzyskie\\\/\"]}]},{\"@type\":\"ImageObject\",\"inLanguage\":\"pl-PL\",\"@id\":\"https:\\\/\\\/www.polonia.travel\\\/it\\\/swietokrzyskie\\\/#primaryimage\",\"url\":\"https:\\\/\\\/www.polonia.travel\\\/it\\\/wp-content\\\/uploads\\\/sites\\\/20\\\/2023\\\/02\\\/kielce-19202.jpg\",\"contentUrl\":\"https:\\\/\\\/www.polonia.travel\\\/it\\\/wp-content\\\/uploads\\\/sites\\\/20\\\/2023\\\/02\\\/kielce-19202.jpg\",\"width\":1920,\"height\":474},{\"@type\":\"BreadcrumbList\",\"@id\":\"https:\\\/\\\/www.polonia.travel\\\/it\\\/swietokrzyskie\\\/#breadcrumb\",\"itemListElement\":[{\"@type\":\"ListItem\",\"position\":1,\"name\":\"Home page\",\"item\":\"https:\\\/\\\/www.polonia.travel\\\/it\\\/\"},{\"@type\":\"ListItem\",\"position\":2,\"name\":\"Scopri i luoghi\",\"item\":\"https:\\\/\\\/www.polonia.travel\\\/it\\\/category\\\/scopri-i-luoghi\\\/\"},{\"@type\":\"ListItem\",\"position\":3,\"name\":\"Regioni\",\"item\":\"https:\\\/\\\/www.polonia.travel\\\/it\\\/category\\\/scopri-i-luoghi\\\/regioni\\\/\"},{\"@type\":\"ListItem\",\"position\":4,\"name\":\"La regione della Santacroce\"}]},{\"@type\":\"WebSite\",\"@id\":\"https:\\\/\\\/www.polonia.travel\\\/it\\\/#website\",\"url\":\"https:\\\/\\\/www.polonia.travel\\\/it\\\/\",\"name\":\"Polonia Travel (IT)\",\"description\":\"...\",\"publisher\":{\"@id\":\"https:\\\/\\\/www.polonia.travel\\\/it\\\/#organization\"},\"potentialAction\":[{\"@type\":\"SearchAction\",\"target\":{\"@type\":\"EntryPoint\",\"urlTemplate\":\"https:\\\/\\\/www.polonia.travel\\\/it\\\/?s={search_term_string}\"},\"query-input\":{\"@type\":\"PropertyValueSpecification\",\"valueRequired\":true,\"valueName\":\"search_term_string\"}}],\"inLanguage\":\"pl-PL\"},{\"@type\":\"Organization\",\"@id\":\"https:\\\/\\\/www.polonia.travel\\\/it\\\/#organization\",\"name\":\"Polonia Travel (IT)\",\"url\":\"https:\\\/\\\/www.polonia.travel\\\/it\\\/\",\"logo\":{\"@type\":\"ImageObject\",\"inLanguage\":\"pl-PL\",\"@id\":\"https:\\\/\\\/www.polonia.travel\\\/it\\\/#\\\/schema\\\/logo\\\/image\\\/\",\"url\":\"\",\"contentUrl\":\"\",\"caption\":\"Polonia Travel (IT)\"},\"image\":{\"@id\":\"https:\\\/\\\/www.polonia.travel\\\/it\\\/#\\\/schema\\\/logo\\\/image\\\/\"}},{\"@type\":\"Person\",\"@id\":\"\"}]}<\/script>\n<!-- \/ Yoast SEO plugin. -->","yoast_head_json":{"title":"La regione della Santacroce - Polonia Travel (IT)","robots":{"index":"index","follow":"follow","max-snippet":"max-snippet:-1","max-image-preview":"max-image-preview:large","max-video-preview":"max-video-preview:-1"},"canonical":"https:\/\/www.polonia.travel\/it\/swietokrzyskie\/","og_locale":"pl_PL","og_type":"article","og_title":"La regione della Santacroce - Polonia Travel (IT)","og_description":"Santacroce \u2013 il cuore della Polonia Una terra piena di leggende, spiriti e magie, circondata dai boschi con un cuore di monumenti affascinanti. Secondo alcuni storici, il primo battesimo cristiano in Polonia \u00e8 stato celebrato proprio in questa regione, a Wi\u015blica, gi\u00e0 nell\u2019anno 880. La prova sarebbe un antichissimo fonte battesimale ritrovato proprio in questa [&hellip;]","og_url":"https:\/\/www.polonia.travel\/it\/swietokrzyskie\/","og_site_name":"Polonia Travel (IT)","article_published_time":"2024-07-10T11:53:19+00:00","article_modified_time":"2024-11-27T22:39:14+00:00","og_image":[{"width":1920,"height":474,"url":"https:\/\/www.polonia.travel\/it\/wp-content\/uploads\/sites\/20\/2023\/02\/kielce-19202.jpg","type":"image\/jpeg"}],"twitter_card":"summary_large_image","twitter_misc":{"Napisane przez":"","Szacowany czas czytania":"7 minut"},"schema":{"@context":"https:\/\/schema.org","@graph":[{"@type":"Article","@id":"https:\/\/www.polonia.travel\/it\/swietokrzyskie\/#article","isPartOf":{"@id":"https:\/\/www.polonia.travel\/it\/swietokrzyskie\/"},"author":{"name":"","@id":""},"headline":"La regione della Santacroce","datePublished":"2024-07-10T11:53:19+00:00","dateModified":"2024-11-27T22:39:14+00:00","mainEntityOfPage":{"@id":"https:\/\/www.polonia.travel\/it\/swietokrzyskie\/"},"wordCount":1122,"commentCount":8,"publisher":{"@id":"https:\/\/www.polonia.travel\/it\/#organization"},"image":{"@id":"https:\/\/www.polonia.travel\/it\/swietokrzyskie\/#primaryimage"},"thumbnailUrl":"https:\/\/www.polonia.travel\/it\/wp-content\/uploads\/sites\/20\/2023\/02\/kielce-19202.jpg","keywords":["it","regioni"],"articleSection":["Regioni"],"inLanguage":"pl-PL"},{"@type":"WebPage","@id":"https:\/\/www.polonia.travel\/it\/swietokrzyskie\/","url":"https:\/\/www.polonia.travel\/it\/swietokrzyskie\/","name":"La regione della Santacroce - Polonia Travel (IT)","isPartOf":{"@id":"https:\/\/www.polonia.travel\/it\/#website"},"primaryImageOfPage":{"@id":"https:\/\/www.polonia.travel\/it\/swietokrzyskie\/#primaryimage"},"image":{"@id":"https:\/\/www.polonia.travel\/it\/swietokrzyskie\/#primaryimage"},"thumbnailUrl":"https:\/\/www.polonia.travel\/it\/wp-content\/uploads\/sites\/20\/2023\/02\/kielce-19202.jpg","datePublished":"2024-07-10T11:53:19+00:00","dateModified":"2024-11-27T22:39:14+00:00","breadcrumb":{"@id":"https:\/\/www.polonia.travel\/it\/swietokrzyskie\/#breadcrumb"},"inLanguage":"pl-PL","potentialAction":[{"@type":"ReadAction","target":["https:\/\/www.polonia.travel\/it\/swietokrzyskie\/"]}]},{"@type":"ImageObject","inLanguage":"pl-PL","@id":"https:\/\/www.polonia.travel\/it\/swietokrzyskie\/#primaryimage","url":"https:\/\/www.polonia.travel\/it\/wp-content\/uploads\/sites\/20\/2023\/02\/kielce-19202.jpg","contentUrl":"https:\/\/www.polonia.travel\/it\/wp-content\/uploads\/sites\/20\/2023\/02\/kielce-19202.jpg","width":1920,"height":474},{"@type":"BreadcrumbList","@id":"https:\/\/www.polonia.travel\/it\/swietokrzyskie\/#breadcrumb","itemListElement":[{"@type":"ListItem","position":1,"name":"Home page","item":"https:\/\/www.polonia.travel\/it\/"},{"@type":"ListItem","position":2,"name":"Scopri i luoghi","item":"https:\/\/www.polonia.travel\/it\/category\/scopri-i-luoghi\/"},{"@type":"ListItem","position":3,"name":"Regioni","item":"https:\/\/www.polonia.travel\/it\/category\/scopri-i-luoghi\/regioni\/"},{"@type":"ListItem","position":4,"name":"La regione della Santacroce"}]},{"@type":"WebSite","@id":"https:\/\/www.polonia.travel\/it\/#website","url":"https:\/\/www.polonia.travel\/it\/","name":"Polonia Travel (IT)","description":"...","publisher":{"@id":"https:\/\/www.polonia.travel\/it\/#organization"},"potentialAction":[{"@type":"SearchAction","target":{"@type":"EntryPoint","urlTemplate":"https:\/\/www.polonia.travel\/it\/?s={search_term_string}"},"query-input":{"@type":"PropertyValueSpecification","valueRequired":true,"valueName":"search_term_string"}}],"inLanguage":"pl-PL"},{"@type":"Organization","@id":"https:\/\/www.polonia.travel\/it\/#organization","name":"Polonia Travel (IT)","url":"https:\/\/www.polonia.travel\/it\/","logo":{"@type":"ImageObject","inLanguage":"pl-PL","@id":"https:\/\/www.polonia.travel\/it\/#\/schema\/logo\/image\/","url":"","contentUrl":"","caption":"Polonia Travel (IT)"},"image":{"@id":"https:\/\/www.polonia.travel\/it\/#\/schema\/logo\/image\/"}},{"@type":"Person","@id":""}]}},"_links":{"self":[{"href":"https:\/\/www.polonia.travel\/it\/wp-json\/wp\/v2\/posts\/31266","targetHints":{"allow":["GET"]}}],"collection":[{"href":"https:\/\/www.polonia.travel\/it\/wp-json\/wp\/v2\/posts"}],"about":[{"href":"https:\/\/www.polonia.travel\/it\/wp-json\/wp\/v2\/types\/post"}],"author":[{"embeddable":true,"href":"https:\/\/www.polonia.travel\/it\/wp-json\/wp\/v2\/users\/1"}],"replies":[{"embeddable":true,"href":"https:\/\/www.polonia.travel\/it\/wp-json\/wp\/v2\/comments?post=31266"}],"version-history":[{"count":7,"href":"https:\/\/www.polonia.travel\/it\/wp-json\/wp\/v2\/posts\/31266\/revisions"}],"predecessor-version":[{"id":40216,"href":"https:\/\/www.polonia.travel\/it\/wp-json\/wp\/v2\/posts\/31266\/revisions\/40216"}],"wp:featuredmedia":[{"embeddable":true,"href":"https:\/\/www.polonia.travel\/it\/wp-json\/wp\/v2\/media\/21131"}],"wp:attachment":[{"href":"https:\/\/www.polonia.travel\/it\/wp-json\/wp\/v2\/media?parent=31266"}],"wp:term":[{"taxonomy":"category","embeddable":true,"href":"https:\/\/www.polonia.travel\/it\/wp-json\/wp\/v2\/categories?post=31266"}],"curies":[{"name":"wp","href":"https:\/\/api.w.org\/{rel}","templated":true}]}}