{"id":31262,"date":"2024-07-10T12:16:46","date_gmt":"2024-07-10T10:16:46","guid":{"rendered":"https:\/\/www.polonia.travel\/it\/?p=31262"},"modified":"2024-11-27T23:43:24","modified_gmt":"2024-11-27T22:43:24","slug":"podkarpackie","status":"publish","type":"post","link":"https:\/\/www.polonia.travel\/it\/podkarpackie\/","title":{"rendered":"La Precarpazia"},"content":{"rendered":"\n<div class=\"wp-block-group is-style-container\"><div class=\"wp-block-group__inner-container is-layout-constrained wp-block-group-is-layout-constrained\">\n<!-- empty -->\n\n\n<div class=\"metrics\">\n  <div class=\"metrics__text\">\n    <h1 class=\"is-style-heading-38 mb20 large-mb30\">La Precarpazia<\/h1>\n    <p><strong>Nelle valli ai piedi dei monti Carpazi, grazie anche alla presenza dei monti Bieszczady, si estende una delle pi\u00f9 affascinanti regioni polacche. Ospita il Parco Nazionale Bieszczadzki, fonti termali, numerosi palazzi e castelli, ma anche un grande potenziale da offrire nel campo del turismo attivo e <\/strong><strong>tematico,<\/strong><strong> e <\/strong><strong>le<\/strong><strong> chiese ortodosse in legno Patrimonio dell\u2019UNESCO. <\/strong><strong>Il suo capoluogo \u00e8 Rzesz\u00f3w.<\/strong><\/p>\n  <\/div>\n  <div class=\"metrics__sidebar\">\n    <div class=\"metrics-box\">\n              <div class=\"metrics-box__title\">Informazioni di base<\/div>\n        <div class=\"metrics-box__values\">\n                                        <div class=\"metrics-box__item\">\n      <div class=\"metrics-box__label\">Superficie<\/div>\n      <div class=\"metrics-box__value\">17 846 km\u00b2<\/div>\n    <\/div>\n                                <div class=\"metrics-box__item\">\n      <div class=\"metrics-box__label\">Abitanti<\/div>\n      <div class=\"metrics-box__value\">2,129 milioni (2017)<\/div>\n    <\/div>\n                                <\/div>\n                    <div class=\"metrics-box__links\">\n                      <a href=\"https:\/\/podkarpackie.travel\/en\" class=\"metrics-box__link external\"\n                                  target=\"_blank\" rel=\"nofollow noopener noreferrer\"\n                            >www<\/a>\n                  <\/div>\n          <\/div>\n  <\/div>\n<\/div>\n<\/div><\/div>\n\n\n\n<div class=\"wp-block-group is-style-container-medium\"><div class=\"wp-block-group__inner-container is-layout-constrained wp-block-group-is-layout-constrained\">\n<h3 class=\"wp-block-heading\">La Precarpazia per i curiosi del mondo<\/h3>\n\n\n\n<div style=\"height:100px\" aria-hidden=\"true\" class=\"wp-block-spacer is-style-spacer-small\"><\/div>\n\n\n\n<p>Una delle regioni pi\u00f9 verdi e incontaminate di tutta la Polonia vi aspetta per osservare le stelle, fare un giro in ciclovia o in sella a un pony huzul, ma soprattutto per scoprire la ricchezza multiculturale di queste terre.<\/p>\n\n\n\n<p>Non sar\u00e0 necessario attraversare l\u2019oceano per sentirsi cowboy, lo si pu\u00f2 fare anche qui in sella a un cavallo di montagna forte e che non ha paura di salite o strapiombi, il pony huzul. Sui monti <strong>Bieszczady<\/strong> ci sono centinaia di chilometri di piste dove andare a cavallo, ma anche a piedi.<\/p>\n\n\n\n<p>Inoltre, soltanto qui, nel <strong>Parco del Cielo Stellato \u201cBieszczady\u201d<\/strong> \u00e8 possibile assistere alle Osservazioni della Via Lattea e farsi una foto con le stelle e i pianeti sullo sfondo.&nbsp;Un altro modo per conoscere i Bieszczady \u00e8 pedalando sui vecchi binari con il sistema della ciclovia.<\/p>\n\n\n\n<p>Quali sono gli altri posti imperdibili della Precarpazia?<\/p>\n\n\n\n<p><strong>Vetro e icone: <\/strong><strong><\/strong><\/p>\n\n\n\n<p><strong>Chiamata \u201eLa porta sui Bieszczady\u201d, la citt\u00e0 di <\/strong><strong>Sanok<\/strong><strong> con la sua piazza principale sullo strapiompo sul fiume <\/strong><strong>San<\/strong>, ospita anche un <strong>Castello Reale<\/strong> dove c\u2019\u00e8 una bellissima collezione di oggetti sacri di cui circa 600 icone raccolte nello spazio della Galleria Zdzis\u0142aw Beksi\u0144ski.&nbsp;<strong>Il Museo dell\u2019Edilizia Popolare di Sanok<\/strong> \u00e8 il primo <strong>Parco etnografico<\/strong> mai aperto in Polonia con 38 ettari di terreno che <strong>mostrano gli stili di vita di prima della guerra delle minoranze etniche che vivevano in queste zone:<\/strong> i Bojko, i Lemko, i Doliniani, i Pog\u00f3rzanie Orientali e Occidentali.<\/p>\n\n\n\n<p>Durante una visita sui monti Bieszczady \u00e8 possibile anche passare per<strong> Krosno<\/strong>, citt\u00e0 che vanta diversi edifici storici, ma soprattutto una plurisecolare tradizione nella lavorazione del vetro come ricordano il <strong>Centro della Tradizione del Vetro<\/strong> e il <strong>Glass Festival<\/strong> che si tiene qui ogni anno a giugno.<\/p>\n\n\n\n<p>La vicina cittadina di&nbsp;<strong>B\u00f3brka <\/strong>vanta un record speciale: proprio qui \u00e8 iniziata la prima estrazione di petrolio al mondo, per iniziativa di Ignacy \u0141ukasiewicz, inventore della lampada a olio e pioniere mondiale sull\u2019uso del greggio a scopi industriali. A lui \u00e8 intitolato <strong>il Museo dell\u2019industria del petrolio e del gas<\/strong> che si trova proprio nelle vicinanze del sito estrattivo da cui per altro ancora oggi si estrae petrolio.<\/p>\n<\/div><\/div>\n\n\n\n<div style=\"height:100px\" aria-hidden=\"true\" class=\"wp-block-spacer is-style-spacer-small\"><\/div>\n\n\n\n<div class=\"wp-block-group is-style-container\"><div class=\"wp-block-group__inner-container is-layout-constrained wp-block-group-is-layout-constrained\">  <div class=\"gallery-tiles gallery-tiles--rows-2-3 lightgallery\">\r\n          <a href=\"https:\/\/www.polonia.travel\/it\/wp-content\/uploads\/sites\/20\/2024\/05\/16xPodk_Bieszczady-15.jpeg\" class=\"gallery-tiles__item\" data-src=\"https:\/\/www.polonia.travel\/it\/wp-content\/uploads\/sites\/20\/2024\/05\/16xPodk_Bieszczady-15.jpeg\"\r\n        aria-label=\"Otw\u00f3rz powi\u0119kszone zdj\u0119cie: 16xPodk_Bieszczady-15\">\r\n        <img loading=\"lazy\" decoding=\"async\" width=\"787\" height=\"510\" src=\"https:\/\/www.polonia.travel\/it\/wp-content\/uploads\/sites\/20\/2024\/05\/16xPodk_Bieszczady-15.jpeg\" class=\"gallery-tiles__thumb\" alt=\"\" srcset=\"https:\/\/www.polonia.travel\/it\/wp-content\/uploads\/sites\/20\/2024\/05\/16xPodk_Bieszczady-15.jpeg 787w, https:\/\/www.polonia.travel\/it\/wp-content\/uploads\/sites\/20\/2024\/05\/16xPodk_Bieszczady-15-600x389.jpeg 600w, https:\/\/www.polonia.travel\/it\/wp-content\/uploads\/sites\/20\/2024\/05\/16xPodk_Bieszczady-15-768x498.jpeg 768w\" sizes=\"auto, (max-width: 787px) 100vw, 787px\" \/>      <\/a>\r\n          <a href=\"https:\/\/www.polonia.travel\/it\/wp-content\/uploads\/sites\/20\/2023\/07\/rys_1170.jpg\" class=\"gallery-tiles__item\" data-src=\"https:\/\/www.polonia.travel\/it\/wp-content\/uploads\/sites\/20\/2023\/07\/rys_1170.jpg\"\r\n        aria-label=\"Otw\u00f3rz powi\u0119kszone zdj\u0119cie: rys_1170\">\r\n        <img loading=\"lazy\" decoding=\"async\" width=\"1170\" height=\"780\" src=\"https:\/\/www.polonia.travel\/it\/wp-content\/uploads\/sites\/20\/2023\/07\/rys_1170.jpg\" class=\"gallery-tiles__thumb\" alt=\"\" srcset=\"https:\/\/www.polonia.travel\/it\/wp-content\/uploads\/sites\/20\/2023\/07\/rys_1170.jpg 1170w, https:\/\/www.polonia.travel\/it\/wp-content\/uploads\/sites\/20\/2023\/07\/rys_1170-600x400.jpg 600w, https:\/\/www.polonia.travel\/it\/wp-content\/uploads\/sites\/20\/2023\/07\/rys_1170-768x512.jpg 768w\" sizes=\"auto, (max-width: 1170px) 100vw, 1170px\" \/>      <\/a>\r\n          <a href=\"https:\/\/www.polonia.travel\/it\/wp-content\/uploads\/sites\/20\/2022\/12\/bieszczady_1170.jpg\" class=\"gallery-tiles__item\" data-src=\"https:\/\/www.polonia.travel\/it\/wp-content\/uploads\/sites\/20\/2022\/12\/bieszczady_1170.jpg\"\r\n        aria-label=\"Otw\u00f3rz powi\u0119kszone zdj\u0119cie: bieszczady_1170\">\r\n        <img loading=\"lazy\" decoding=\"async\" width=\"1170\" height=\"778\" src=\"https:\/\/www.polonia.travel\/it\/wp-content\/uploads\/sites\/20\/2022\/12\/bieszczady_1170.jpg\" class=\"gallery-tiles__thumb\" alt=\"\" srcset=\"https:\/\/www.polonia.travel\/it\/wp-content\/uploads\/sites\/20\/2022\/12\/bieszczady_1170.jpg 1170w, https:\/\/www.polonia.travel\/it\/wp-content\/uploads\/sites\/20\/2022\/12\/bieszczady_1170-600x399.jpg 600w, https:\/\/www.polonia.travel\/it\/wp-content\/uploads\/sites\/20\/2022\/12\/bieszczady_1170-768x511.jpg 768w\" sizes=\"auto, (max-width: 1170px) 100vw, 1170px\" \/>      <\/a>\r\n          <a href=\"https:\/\/www.polonia.travel\/it\/wp-content\/uploads\/sites\/20\/2022\/12\/rzeszow_zamek_1170.jpg\" class=\"gallery-tiles__item\" data-src=\"https:\/\/www.polonia.travel\/it\/wp-content\/uploads\/sites\/20\/2022\/12\/rzeszow_zamek_1170.jpg\"\r\n        aria-label=\"Otw\u00f3rz powi\u0119kszone zdj\u0119cie: rzeszow_zamek_1170\">\r\n        <img loading=\"lazy\" decoding=\"async\" width=\"1170\" height=\"780\" src=\"https:\/\/www.polonia.travel\/it\/wp-content\/uploads\/sites\/20\/2022\/12\/rzeszow_zamek_1170.jpg\" class=\"gallery-tiles__thumb\" alt=\"\" srcset=\"https:\/\/www.polonia.travel\/it\/wp-content\/uploads\/sites\/20\/2022\/12\/rzeszow_zamek_1170.jpg 1170w, https:\/\/www.polonia.travel\/it\/wp-content\/uploads\/sites\/20\/2022\/12\/rzeszow_zamek_1170-600x400.jpg 600w, https:\/\/www.polonia.travel\/it\/wp-content\/uploads\/sites\/20\/2022\/12\/rzeszow_zamek_1170-768x512.jpg 768w\" sizes=\"auto, (max-width: 1170px) 100vw, 1170px\" \/>      <\/a>\r\n      <\/div>\r\n<\/div><\/div>\n\n\n\n<div style=\"height:100px\" aria-hidden=\"true\" class=\"wp-block-spacer is-style-spacer-small\"><\/div>\n\n\n\n<div class=\"wp-block-group is-style-container-medium\"><div class=\"wp-block-group__inner-container is-layout-constrained wp-block-group-is-layout-constrained\">\n<p><strong>Bassi Beschidi e Roztocze: <\/strong><strong><\/strong><\/p>\n\n\n\n<p><strong>Nella regione dei Bassi Beschidi si trova il Castello fortificato Kamieniec di Korczyna-Odrzyko\u0144. Dalle sue mura si espande una vista splendida sui Bassi Beschidi <\/strong>attraversato dai sentieri pedonali e dal <strong>colle<\/strong> <strong>Strzy\u017cowsko-Dynowskie<\/strong>&nbsp;con <strong>la riserva geologica di<\/strong>&nbsp;<strong>Prz\u0105dka<\/strong>, raggiungibile a piedi dal castello di Kamieniec. \u00c8 fatta di enormi massi di arenaria locale che probabilmente erano luoghi di culto per le popolazioni slave antiche come dimostrano i tumuli scoperti di recente qui vicino.<\/p>\n\n\n\n<p>Tagliata dal confine tra Polonia e Ucraina, la zona del Roztocze orientale \u00e8 una regione che \u00e8 possibile attraversare in piedi o anche in bici per scoprire questo punto di incontro tra cultura polacca, ebraica e antico-rutena. Ci troverete antichi edifici in legno, le difese costruite dai sovietici lungo la Linea Molotov, vecchi villaggi ucraini abbandonati, vecchie chiese ortodosse ormai abbandonate e ricoperte dalla vegetazione, la Pietra del Diavolo a Dahany e il Tempio del Sole vicino a Nowiny Horynieckie e infine il Parco Paesaggistico del Roztocze Meridionale diviso tra la Precarpazia e la regione di Lublino. &nbsp;<\/p>\n\n\n\n<p><strong>L\u2019Itinerario dell\u2019Architettura in Legno<\/strong> attraversa questa regione con 1202 chilometri suddivisi in 9 percorsi che comprendono 127 siti di cui alcuni patrimonio dell\u2019UNESCO. Tra questi: la chiesa di <strong>Hacz\u00f3w che ha pi\u00f9 di 500 anni, la canonica di Blizne ornata da immagini riprese dalla cosiddetta bibbia dei poveri e le chiese di rito greco-cattolico a Smolnik, Turza\u0144sk, Chotyniec e Radru\u017ce<\/strong>.<\/p>\n\n\n\n<p><strong>Il Percorso<\/strong><strong> <\/strong><strong>dei Giardini e delle Case Storiche dei Carpazi <\/strong>invececomprende 4 percorsi per un totale di 34 siti visitabili. Lungo il percorso centrale si pu\u00f2 visitare il Castello di Rzeszow, ma anche il Castello di <strong>\u0141a\u0144cut<\/strong>, una delle pi\u00f9&nbsp; belle residenze nobiliari in Polonia. Grazie ai giardini all\u2019inglese, alle stanze, ai saloni e alle sale da ballo di questo palazzo, arredate con gusto e con sfarzo, \u00e8 possibile immaginare come vivevano qui le famiglie nobiliari dei Lubomirski e dei Potocki. \u0141a\u0144cut ospita anche un <strong>Festival Musicale<\/strong> con eventi che si tengono al castello e nei giardini, ma anche nella Basilica dei Bernardini a&nbsp;<strong>Le\u017cajsko<\/strong>, nella Sinagoga di \u0141a\u0144cut e nella sala da concerti del <strong>Teatro Sinfonico della Precarpazia<\/strong> di <strong>\u0141a\u0144cut dove si esibiscono artisti di fama mondiale.<\/strong><\/p>\n\n\n\n<p>Lungo il percorso orientale spicca <strong>il Castello con Parco di Krasiczyn, <\/strong>residenza della dinastia dei Krasicki e dei Sapieha che ha ospitato anche diversi re polacchi. Nel parco crescono diversi alberi legati alla famiglia Sapieha: le querce piantate in onore dei figli&nbsp; maschi e i tigli per celebrare le figlie femmine.<\/p>\n\n\n\n<p>Entrambi i castelli di <strong>\u0141a\u0144cut<\/strong><strong> e Krasiczyn hanno ricevuto il marchio di monumenti storici.<\/strong><\/p>\n\n\n\n<p><strong>La cultura in cucina e non solo<\/strong><\/p>\n\n\n\n<p><strong>L\u2019Itinerario dei Vigneti della Precarpazia<\/strong> passa per 40 siti tra cui quello di Golesz, nei dintorni della cittadina di Jas\u0142o. Il vigneto di Golesz \u00e8 di propriet\u00e0 di Roman My\u015bliwiec, pioniere della produzione vitivinicola professionale in Polonia. E grazie alla sua ispirazione, oggi in tutta la Precarpazia ci sono oltre 160 vigneti. Del resto il vino si abbina alla perfezione ai piatti che si possono gustare nei locali dell\u2019<strong>Itinerario<\/strong> <strong>Culinario dei Sapori della Precarpazia<\/strong>. Tra i piatti immancabili c\u2019\u00e8 il cosiddetto <em>proziak<\/em>, una focaccia di farina con l\u2019aggiunta di bicarbonato cotto nel tradizionale forno a legna ricoperto di piastrelle. E poi ci sono tanti piatti dai nomi un po\u2019 misteriosi che potrete divertirvi a scoprire<em>: hartacze, kr\u0119\u017ca\u0142ki, kugiel, bulwiok, ha\u0142uszki, ma\u0142drzyk, szabanka, ba\u0142abuchy o krupniak<\/em>.<\/p>\n\n\n\n<p>Tra gli eventi che vi consigliamo ci sono lo <strong>Stadio Europeo della Cultura ESK, il Festival delle culture di confine Folkowisko,<\/strong>&nbsp; <strong>il<\/strong> <strong>Cieszan\u00f3w Rock Festival<\/strong>&nbsp;e <strong>il Festival delle tradizioni dei Kresy <\/strong>(le regioni orientali della Polonia storica, oggi parti di Lituania, Bielorussia e Ucraina). Per saperne di pi\u00f9 visita il sito del <a href=\"http:\/\/www.podkarpackie.travel\/\" target=\"_blank\" rel=\"noreferrer noopener\"><strong>portale del turismo della Precarpazia.<\/strong><\/a><\/p>\n<\/div><\/div>\n\n\n\n<div class=\"wp-block-group has-background\" style=\"background-color:#eeeeee\"><div class=\"wp-block-group__inner-container is-layout-constrained wp-block-group-is-layout-constrained\">\n<div style=\"height:100px\" aria-hidden=\"true\" class=\"wp-block-spacer is-style-spacer-small\"><\/div>\n\n\n\n<div class=\"wp-block-group is-style-container\"><div class=\"wp-block-group__inner-container is-layout-constrained wp-block-group-is-layout-constrained\">\n<h3 class=\"wp-block-heading\">Scopri di pi\u00f9<\/h3>\n\n\n\n<div style=\"height:100px\" aria-hidden=\"true\" class=\"wp-block-spacer is-style-spacer-small\"><\/div>\n\n\n<div class=\"overflow\">\n  <div class=\"post-slider swiper post-slider--small\" data-schema=\"small\">\n\n    <div class=\"swiper-wrapper\">\n              <div class=\"swiper-slide post-slide\">\n                      <a href=\"https:\/\/www.polonia.travel\/it\/zachodniopomorskie-pomerania-occidentale\/\" class=\"post-box post-box--small\" style=\" background-image: url(https:\/\/www.polonia.travel\/it\/wp-content\/uploads\/sites\/20\/2023\/03\/szczecin_tarasy_widokowe_1170-600x400.jpg);\">\n          <div class=\"post-box__hover\" style=\"background-image: url(https:\/\/www.polonia.travel\/it\/wp-content\/uploads\/sites\/20\/2023\/02\/Swinoujscie-e1676388308968-600x366.jpg);\"><\/div>\n        <div class=\"post-box__info\">\n            <div class=\"post-box__title\">La Pomerania Occidentale<\/div>\n      <div class=\"post-box__more\">Leggi di pi\u00f9<\/div>\n    <\/div>\n  <\/a>\n\n          <\/div>\n              <div class=\"swiper-slide post-slide\">\n                      <a href=\"https:\/\/www.polonia.travel\/it\/wielkopolskie\/\" class=\"post-box post-box--small\" style=\" background-image: url(https:\/\/www.polonia.travel\/it\/wp-content\/uploads\/sites\/20\/2024\/05\/PoznaC58420Municipio20e20piazza-6-600x400.jpg);\">\n          <div class=\"post-box__hover\" style=\"background-image: url(https:\/\/www.polonia.travel\/it\/wp-content\/uploads\/sites\/20\/2022\/12\/poznan_stare_miasto_rynek_1170-600x400.jpg);\"><\/div>\n        <div class=\"post-box__info\">\n            <div class=\"post-box__title\">La Wielkopolska<\/div>\n      <div class=\"post-box__more\">Leggi di pi\u00f9<\/div>\n    <\/div>\n  <\/a>\n\n          <\/div>\n              <div class=\"swiper-slide post-slide\">\n                      <a href=\"https:\/\/www.polonia.travel\/it\/warminsko-mazurskie-varmia-masuria\/\" class=\"post-box post-box--small\" style=\" background-image: url(https:\/\/www.polonia.travel\/it\/wp-content\/uploads\/sites\/20\/2024\/05\/12448_Mazury-Jezioro-Kirsajty_JW_HR-1-600x400.jpg);\">\n          <div class=\"post-box__hover\" style=\"background-image: url(https:\/\/www.polonia.travel\/it\/wp-content\/uploads\/sites\/20\/2024\/05\/274836709_Gizycko_Kisajno_mazury_Adobe-600x400.jpg);\"><\/div>\n        <div class=\"post-box__info\">\n            <div class=\"post-box__title\">La Varmia e Masuria<\/div>\n      <div class=\"post-box__more\">Leggi di pi\u00f9<\/div>\n    <\/div>\n  <\/a>\n\n          <\/div>\n              <div class=\"swiper-slide post-slide\">\n                      <a href=\"https:\/\/www.polonia.travel\/it\/swietokrzyskie\/\" class=\"post-box post-box--small\" style=\" background-image: url(https:\/\/www.polonia.travel\/it\/wp-content\/uploads\/sites\/20\/2023\/02\/392_Gory-Swietokrzyskie-i-Swiety-Krzyz-szklany-dom-Zeromskiego_MC_P-600x400.jpg);\">\n          <div class=\"post-box__hover\" style=\"background-image: url(https:\/\/www.polonia.travel\/it\/wp-content\/uploads\/sites\/20\/2023\/02\/13_Gory-Swietokrzyskie-i-Swiety-Krzyz-szklany-dom-Zeromskiego_MC_P-600x400.jpg);\"><\/div>\n        <div class=\"post-box__info\">\n            <div class=\"post-box__title\">La regione della Santacroce<\/div>\n      <div class=\"post-box__more\">Leggi di pi\u00f9<\/div>\n    <\/div>\n  <\/a>\n\n          <\/div>\n              <div class=\"swiper-slide post-slide\">\n                      <a href=\"https:\/\/www.polonia.travel\/it\/slaskie\/\" class=\"post-box post-box--small\" style=\" background-image: url(https:\/\/www.polonia.travel\/it\/wp-content\/uploads\/sites\/20\/2024\/05\/Ogrodzieniec-6.jpg);\">\n          <div class=\"post-box__hover\" style=\"background-image: url(https:\/\/www.polonia.travel\/it\/wp-content\/uploads\/sites\/20\/2023\/01\/Kopalnia-Guido-Zabrze-6-fot-www.slaskie.travel-OpenGroup.com_.pl_-600x400.jpg);\"><\/div>\n        <div class=\"post-box__info\">\n            <div class=\"post-box__title\">La Slesia<\/div>\n      <div class=\"post-box__more\">Leggi di pi\u00f9<\/div>\n    <\/div>\n  <\/a>\n\n          <\/div>\n              <div class=\"swiper-slide post-slide\">\n                      <a href=\"https:\/\/www.polonia.travel\/it\/pomorskie\/\" class=\"post-box post-box--small\" style=\" background-image: url(https:\/\/www.polonia.travel\/it\/wp-content\/uploads\/sites\/20\/2024\/05\/TrC3B3jmiasto_20Sopot20kuter-600x400.jpg);\">\n          <div class=\"post-box__hover\" style=\"background-image: url(https:\/\/www.polonia.travel\/it\/wp-content\/uploads\/sites\/20\/2024\/05\/Danzica-9.jpg);\"><\/div>\n        <div class=\"post-box__info\">\n            <div class=\"post-box__title\">La Pomerania<\/div>\n      <div class=\"post-box__more\">Leggi di pi\u00f9<\/div>\n    <\/div>\n  <\/a>\n\n          <\/div>\n              <div class=\"swiper-slide post-slide\">\n                      <a href=\"https:\/\/www.polonia.travel\/it\/podlaskie\/\" class=\"post-box post-box--small\" style=\" background-image: url(https:\/\/www.polonia.travel\/it\/wp-content\/uploads\/sites\/20\/2024\/05\/Biebrza20-20fot.20Podlaska20Regionalna20Organizacja20Turystyczna-600x400.jpg);\">\n          <div class=\"post-box__hover\" style=\"background-image: url(https:\/\/www.polonia.travel\/it\/wp-content\/uploads\/sites\/20\/2024\/05\/Podlaskie_Kruszyniany20540x360-12.jpg);\"><\/div>\n        <div class=\"post-box__info\">\n            <div class=\"post-box__title\">La Podlachia<\/div>\n      <div class=\"post-box__more\">Leggi di pi\u00f9<\/div>\n    <\/div>\n  <\/a>\n\n          <\/div>\n              <div class=\"swiper-slide post-slide\">\n                      <a href=\"https:\/\/www.polonia.travel\/it\/podkarpackie\/\" class=\"post-box post-box--small\" style=\" background-image: url(https:\/\/www.polonia.travel\/it\/wp-content\/uploads\/sites\/20\/2023\/07\/rys_1170-600x400.jpg);\">\n          <div class=\"post-box__hover\" style=\"background-image: url(https:\/\/www.polonia.travel\/it\/wp-content\/uploads\/sites\/20\/2024\/05\/16xPodk_Bieszczady-6-600x389.jpeg);\"><\/div>\n        <div class=\"post-box__info\">\n            <div class=\"post-box__title\">La Precarpazia<\/div>\n      <div class=\"post-box__more\">Leggi di pi\u00f9<\/div>\n    <\/div>\n  <\/a>\n\n          <\/div>\n              <div class=\"swiper-slide post-slide\">\n                      <a href=\"https:\/\/www.polonia.travel\/it\/opolskie\/\" class=\"post-box post-box--small\" style=\" background-image: url(https:\/\/www.polonia.travel\/it\/wp-content\/uploads\/sites\/20\/2024\/05\/Moszna-12.jpg);\">\n          <div class=\"post-box__hover\" style=\"background-image: url(https:\/\/www.polonia.travel\/it\/wp-content\/uploads\/sites\/20\/2022\/12\/opole_amfiteatr_1170-2-600x400.jpg);\"><\/div>\n        <div class=\"post-box__info\">\n            <div class=\"post-box__title\">La Regione di Opole<\/div>\n      <div class=\"post-box__more\">Leggi di pi\u00f9<\/div>\n    <\/div>\n  <\/a>\n\n          <\/div>\n              <div class=\"swiper-slide post-slide\">\n                      <a href=\"https:\/\/www.polonia.travel\/it\/masovia-mazowieckie-la-regione-piu-grande-della-polonia\/\" class=\"post-box post-box--small\" style=\" background-image: url(https:\/\/www.polonia.travel\/it\/wp-content\/uploads\/sites\/20\/2024\/05\/Warszawa1_540_360-8.jpg);\">\n          <div class=\"post-box__hover\" style=\"background-image: url(https:\/\/www.polonia.travel\/it\/wp-content\/uploads\/sites\/20\/2023\/07\/warszawa_lazienki_kwiaty_1170-600x400.jpg);\"><\/div>\n        <div class=\"post-box__info\">\n            <div class=\"post-box__title\">La Masovia<\/div>\n      <div class=\"post-box__more\">Leggi di pi\u00f9<\/div>\n    <\/div>\n  <\/a>\n\n          <\/div>\n              <div class=\"swiper-slide post-slide\">\n                      <a href=\"https:\/\/www.polonia.travel\/it\/malopolska-perla-della-polonia\/\" class=\"post-box post-box--small\" style=\" background-image: url(https:\/\/www.polonia.travel\/it\/wp-content\/uploads\/sites\/20\/2023\/09\/179383441_Tatry_jesien_Adobe-Custom-600x349.jpg);\">\n        <div class=\"post-box__info\">\n            <div class=\"post-box__title\">La Malopolska<\/div>\n      <div class=\"post-box__more\">Leggi di pi\u00f9<\/div>\n    <\/div>\n  <\/a>\n\n          <\/div>\n              <div class=\"swiper-slide post-slide\">\n                      <a href=\"https:\/\/www.polonia.travel\/it\/la-regione-di-lodz\/\" class=\"post-box post-box--small\" style=\" background-image: url(https:\/\/www.polonia.travel\/it\/wp-content\/uploads\/sites\/20\/2024\/05\/Lodz_Manufaktura-weaving-mill-view-600x337.jpg);\">\n          <div class=\"post-box__hover\" style=\"background-image: url(https:\/\/www.polonia.travel\/it\/wp-content\/uploads\/sites\/20\/2024\/05\/Arkadia_i_NieborC3B3w_2.jpg);\"><\/div>\n        <div class=\"post-box__info\">\n            <div class=\"post-box__title\">La Regione di \u0141\u00f3d\u017a<\/div>\n      <div class=\"post-box__more\">Leggi di pi\u00f9<\/div>\n    <\/div>\n  <\/a>\n\n          <\/div>\n              <div class=\"swiper-slide post-slide\">\n                      <a href=\"https:\/\/www.polonia.travel\/it\/voivodato-lubuskie\/\" class=\"post-box post-box--small\" style=\" background-image: url(https:\/\/www.polonia.travel\/it\/wp-content\/uploads\/sites\/20\/2023\/03\/pomnik-wino-zielona-gora-600x207.jpg);\">\n          <div class=\"post-box__hover\" style=\"background-image: url(https:\/\/www.polonia.travel\/it\/wp-content\/uploads\/sites\/20\/2023\/03\/park_muzakowski-600x400.jpg);\"><\/div>\n        <div class=\"post-box__info\">\n            <div class=\"post-box__title\">La Regione Lubuskie<\/div>\n      <div class=\"post-box__more\">Leggi di pi\u00f9<\/div>\n    <\/div>\n  <\/a>\n\n          <\/div>\n              <div class=\"swiper-slide post-slide\">\n                      <a href=\"https:\/\/www.polonia.travel\/it\/lubelskie-lungo-il-corso-del-fiume-bug\/\" class=\"post-box post-box--small\" style=\" background-image: url(https:\/\/www.polonia.travel\/it\/wp-content\/uploads\/sites\/20\/2024\/05\/Lublin1170-6-600x389.jpg);\">\n          <div class=\"post-box__hover\" style=\"background-image: url(https:\/\/www.polonia.travel\/it\/wp-content\/uploads\/sites\/20\/2022\/12\/kazimierz_wawoz_korzeniowy_jesien_1170-600x400.jpg);\"><\/div>\n        <div class=\"post-box__info\">\n            <div class=\"post-box__title\">La Regione di Lublino<\/div>\n      <div class=\"post-box__more\">Leggi di pi\u00f9<\/div>\n    <\/div>\n  <\/a>\n\n          <\/div>\n              <div class=\"swiper-slide post-slide\">\n                      <a href=\"https:\/\/www.polonia.travel\/it\/kujawsko-pomorskie-i-pierniki-e-il-sale\/\" class=\"post-box post-box--small\" style=\" background-image: url(https:\/\/www.polonia.travel\/it\/wp-content\/uploads\/sites\/20\/2022\/12\/torun_pomnik_kopernika_1170-600x400.jpg);\">\n          <div class=\"post-box__hover\" style=\"background-image: url(https:\/\/www.polonia.travel\/it\/wp-content\/uploads\/sites\/20\/2024\/05\/Bydgoszcz.jpeg);\"><\/div>\n        <div class=\"post-box__info\">\n            <div class=\"post-box__title\">La Cuiavia-Pomerania<\/div>\n      <div class=\"post-box__more\">Leggi di pi\u00f9<\/div>\n    <\/div>\n  <\/a>\n\n          <\/div>\n              <div class=\"swiper-slide post-slide\">\n                      <a href=\"https:\/\/www.polonia.travel\/it\/dolnoslaskie-bassa-slesia-una-terra-di-tesori\/\" class=\"post-box post-box--small\" style=\" background-image: url(https:\/\/www.polonia.travel\/it\/wp-content\/uploads\/sites\/20\/2024\/05\/150129_Wroclaw_z_sw_Elzbiety_DU_HR-1-600x389.jpg);\">\n          <div class=\"post-box__hover\" style=\"background-image: url(https:\/\/www.polonia.travel\/it\/wp-content\/uploads\/sites\/20\/2024\/05\/KSIAZ_EARLYBIRD_-14-min.jpg);\"><\/div>\n        <div class=\"post-box__info\">\n            <div class=\"post-box__title\">La Bassa Slesia<\/div>\n      <div class=\"post-box__more\">Leggi di pi\u00f9<\/div>\n    <\/div>\n  <\/a>\n\n          <\/div>\n          <\/div>\n    <div class=\"post-slider__pagination\"><\/div>\n  <\/div>\n<\/div>\n<\/div><\/div>\n\n\n\n<div style=\"height:100px\" aria-hidden=\"true\" class=\"wp-block-spacer is-style-spacer-small\"><\/div>\n<\/div><\/div>\n","protected":false},"excerpt":{"rendered":"<p>La Precarpazia per i curiosi del mondo Una delle regioni pi\u00f9 verdi e incontaminate di tutta la Polonia vi aspetta per osservare le stelle, fare un giro in ciclovia o in sella a un pony huzul, ma soprattutto per scoprire la ricchezza multiculturale di queste terre. Non sar\u00e0 necessario attraversare l\u2019oceano per sentirsi cowboy, lo [&hellip;]<\/p>\n","protected":false},"author":1,"featured_media":21462,"comment_status":"open","ping_status":"open","sticky":false,"template":"","format":"standard","meta":{"_acf_changed":false,"footnotes":""},"categories":[1038],"class_list":["post-31262","post","type-post","status-publish","format-standard","has-post-thumbnail","hentry","category-regioni"],"acf":[],"yoast_head":"<!-- This site is optimized with the Yoast SEO plugin v27.4 - https:\/\/yoast.com\/product\/yoast-seo-wordpress\/ -->\n<title>La Precarpazia - Polonia Travel (IT)<\/title>\n<meta name=\"robots\" content=\"index, follow, max-snippet:-1, max-image-preview:large, max-video-preview:-1\" \/>\n<link rel=\"canonical\" href=\"https:\/\/www.polonia.travel\/it\/podkarpackie\/\" \/>\n<meta property=\"og:locale\" content=\"pl_PL\" \/>\n<meta property=\"og:type\" content=\"article\" \/>\n<meta property=\"og:title\" content=\"La Precarpazia - Polonia Travel (IT)\" \/>\n<meta property=\"og:description\" content=\"La Precarpazia per i curiosi del mondo Una delle regioni pi\u00f9 verdi e incontaminate di tutta la Polonia vi aspetta per osservare le stelle, fare un giro in ciclovia o in sella a un pony huzul, ma soprattutto per scoprire la ricchezza multiculturale di queste terre. Non sar\u00e0 necessario attraversare l\u2019oceano per sentirsi cowboy, lo [&hellip;]\" \/>\n<meta property=\"og:url\" content=\"https:\/\/www.polonia.travel\/it\/podkarpackie\/\" \/>\n<meta property=\"og:site_name\" content=\"Polonia Travel (IT)\" \/>\n<meta property=\"article:published_time\" content=\"2024-07-10T10:16:46+00:00\" \/>\n<meta property=\"article:modified_time\" content=\"2024-11-27T22:43:24+00:00\" \/>\n<meta property=\"og:image\" content=\"https:\/\/www.polonia.travel\/it\/wp-content\/uploads\/sites\/20\/2023\/03\/246366517_Polanczyk1920.jpg\" \/>\n\t<meta property=\"og:image:width\" content=\"1920\" \/>\n\t<meta property=\"og:image:height\" content=\"424\" \/>\n\t<meta property=\"og:image:type\" content=\"image\/jpeg\" \/>\n<meta name=\"twitter:card\" content=\"summary_large_image\" \/>\n<meta name=\"twitter:label1\" content=\"Napisane przez\" \/>\n\t<meta name=\"twitter:data1\" content=\"\" \/>\n\t<meta name=\"twitter:label2\" content=\"Szacowany czas czytania\" \/>\n\t<meta name=\"twitter:data2\" content=\"6 minut\" \/>\n<script type=\"application\/ld+json\" class=\"yoast-schema-graph\">{\"@context\":\"https:\\\/\\\/schema.org\",\"@graph\":[{\"@type\":\"Article\",\"@id\":\"https:\\\/\\\/www.polonia.travel\\\/it\\\/podkarpackie\\\/#article\",\"isPartOf\":{\"@id\":\"https:\\\/\\\/www.polonia.travel\\\/it\\\/podkarpackie\\\/\"},\"author\":{\"name\":\"\",\"@id\":\"\"},\"headline\":\"La Precarpazia\",\"datePublished\":\"2024-07-10T10:16:46+00:00\",\"dateModified\":\"2024-11-27T22:43:24+00:00\",\"mainEntityOfPage\":{\"@id\":\"https:\\\/\\\/www.polonia.travel\\\/it\\\/podkarpackie\\\/\"},\"wordCount\":1010,\"commentCount\":8,\"publisher\":{\"@id\":\"https:\\\/\\\/www.polonia.travel\\\/it\\\/#organization\"},\"image\":{\"@id\":\"https:\\\/\\\/www.polonia.travel\\\/it\\\/podkarpackie\\\/#primaryimage\"},\"thumbnailUrl\":\"https:\\\/\\\/www.polonia.travel\\\/it\\\/wp-content\\\/uploads\\\/sites\\\/20\\\/2023\\\/03\\\/246366517_Polanczyk1920.jpg\",\"keywords\":[\"it\",\"regioni\"],\"articleSection\":[\"Regioni\"],\"inLanguage\":\"pl-PL\"},{\"@type\":\"WebPage\",\"@id\":\"https:\\\/\\\/www.polonia.travel\\\/it\\\/podkarpackie\\\/\",\"url\":\"https:\\\/\\\/www.polonia.travel\\\/it\\\/podkarpackie\\\/\",\"name\":\"La Precarpazia - Polonia Travel (IT)\",\"isPartOf\":{\"@id\":\"https:\\\/\\\/www.polonia.travel\\\/it\\\/#website\"},\"primaryImageOfPage\":{\"@id\":\"https:\\\/\\\/www.polonia.travel\\\/it\\\/podkarpackie\\\/#primaryimage\"},\"image\":{\"@id\":\"https:\\\/\\\/www.polonia.travel\\\/it\\\/podkarpackie\\\/#primaryimage\"},\"thumbnailUrl\":\"https:\\\/\\\/www.polonia.travel\\\/it\\\/wp-content\\\/uploads\\\/sites\\\/20\\\/2023\\\/03\\\/246366517_Polanczyk1920.jpg\",\"datePublished\":\"2024-07-10T10:16:46+00:00\",\"dateModified\":\"2024-11-27T22:43:24+00:00\",\"breadcrumb\":{\"@id\":\"https:\\\/\\\/www.polonia.travel\\\/it\\\/podkarpackie\\\/#breadcrumb\"},\"inLanguage\":\"pl-PL\",\"potentialAction\":[{\"@type\":\"ReadAction\",\"target\":[\"https:\\\/\\\/www.polonia.travel\\\/it\\\/podkarpackie\\\/\"]}]},{\"@type\":\"ImageObject\",\"inLanguage\":\"pl-PL\",\"@id\":\"https:\\\/\\\/www.polonia.travel\\\/it\\\/podkarpackie\\\/#primaryimage\",\"url\":\"https:\\\/\\\/www.polonia.travel\\\/it\\\/wp-content\\\/uploads\\\/sites\\\/20\\\/2023\\\/03\\\/246366517_Polanczyk1920.jpg\",\"contentUrl\":\"https:\\\/\\\/www.polonia.travel\\\/it\\\/wp-content\\\/uploads\\\/sites\\\/20\\\/2023\\\/03\\\/246366517_Polanczyk1920.jpg\",\"width\":1920,\"height\":424},{\"@type\":\"BreadcrumbList\",\"@id\":\"https:\\\/\\\/www.polonia.travel\\\/it\\\/podkarpackie\\\/#breadcrumb\",\"itemListElement\":[{\"@type\":\"ListItem\",\"position\":1,\"name\":\"Home page\",\"item\":\"https:\\\/\\\/www.polonia.travel\\\/it\\\/\"},{\"@type\":\"ListItem\",\"position\":2,\"name\":\"Scopri i luoghi\",\"item\":\"https:\\\/\\\/www.polonia.travel\\\/it\\\/category\\\/scopri-i-luoghi\\\/\"},{\"@type\":\"ListItem\",\"position\":3,\"name\":\"Regioni\",\"item\":\"https:\\\/\\\/www.polonia.travel\\\/it\\\/category\\\/scopri-i-luoghi\\\/regioni\\\/\"},{\"@type\":\"ListItem\",\"position\":4,\"name\":\"La Precarpazia\"}]},{\"@type\":\"WebSite\",\"@id\":\"https:\\\/\\\/www.polonia.travel\\\/it\\\/#website\",\"url\":\"https:\\\/\\\/www.polonia.travel\\\/it\\\/\",\"name\":\"Polonia Travel (IT)\",\"description\":\"...\",\"publisher\":{\"@id\":\"https:\\\/\\\/www.polonia.travel\\\/it\\\/#organization\"},\"potentialAction\":[{\"@type\":\"SearchAction\",\"target\":{\"@type\":\"EntryPoint\",\"urlTemplate\":\"https:\\\/\\\/www.polonia.travel\\\/it\\\/?s={search_term_string}\"},\"query-input\":{\"@type\":\"PropertyValueSpecification\",\"valueRequired\":true,\"valueName\":\"search_term_string\"}}],\"inLanguage\":\"pl-PL\"},{\"@type\":\"Organization\",\"@id\":\"https:\\\/\\\/www.polonia.travel\\\/it\\\/#organization\",\"name\":\"Polonia Travel (IT)\",\"url\":\"https:\\\/\\\/www.polonia.travel\\\/it\\\/\",\"logo\":{\"@type\":\"ImageObject\",\"inLanguage\":\"pl-PL\",\"@id\":\"https:\\\/\\\/www.polonia.travel\\\/it\\\/#\\\/schema\\\/logo\\\/image\\\/\",\"url\":\"\",\"contentUrl\":\"\",\"caption\":\"Polonia Travel (IT)\"},\"image\":{\"@id\":\"https:\\\/\\\/www.polonia.travel\\\/it\\\/#\\\/schema\\\/logo\\\/image\\\/\"}},{\"@type\":\"Person\",\"@id\":\"\"}]}<\/script>\n<!-- \/ Yoast SEO plugin. -->","yoast_head_json":{"title":"La Precarpazia - Polonia Travel (IT)","robots":{"index":"index","follow":"follow","max-snippet":"max-snippet:-1","max-image-preview":"max-image-preview:large","max-video-preview":"max-video-preview:-1"},"canonical":"https:\/\/www.polonia.travel\/it\/podkarpackie\/","og_locale":"pl_PL","og_type":"article","og_title":"La Precarpazia - Polonia Travel (IT)","og_description":"La Precarpazia per i curiosi del mondo Una delle regioni pi\u00f9 verdi e incontaminate di tutta la Polonia vi aspetta per osservare le stelle, fare un giro in ciclovia o in sella a un pony huzul, ma soprattutto per scoprire la ricchezza multiculturale di queste terre. Non sar\u00e0 necessario attraversare l\u2019oceano per sentirsi cowboy, lo [&hellip;]","og_url":"https:\/\/www.polonia.travel\/it\/podkarpackie\/","og_site_name":"Polonia Travel (IT)","article_published_time":"2024-07-10T10:16:46+00:00","article_modified_time":"2024-11-27T22:43:24+00:00","og_image":[{"width":1920,"height":424,"url":"https:\/\/www.polonia.travel\/it\/wp-content\/uploads\/sites\/20\/2023\/03\/246366517_Polanczyk1920.jpg","type":"image\/jpeg"}],"twitter_card":"summary_large_image","twitter_misc":{"Napisane przez":"","Szacowany czas czytania":"6 minut"},"schema":{"@context":"https:\/\/schema.org","@graph":[{"@type":"Article","@id":"https:\/\/www.polonia.travel\/it\/podkarpackie\/#article","isPartOf":{"@id":"https:\/\/www.polonia.travel\/it\/podkarpackie\/"},"author":{"name":"","@id":""},"headline":"La Precarpazia","datePublished":"2024-07-10T10:16:46+00:00","dateModified":"2024-11-27T22:43:24+00:00","mainEntityOfPage":{"@id":"https:\/\/www.polonia.travel\/it\/podkarpackie\/"},"wordCount":1010,"commentCount":8,"publisher":{"@id":"https:\/\/www.polonia.travel\/it\/#organization"},"image":{"@id":"https:\/\/www.polonia.travel\/it\/podkarpackie\/#primaryimage"},"thumbnailUrl":"https:\/\/www.polonia.travel\/it\/wp-content\/uploads\/sites\/20\/2023\/03\/246366517_Polanczyk1920.jpg","keywords":["it","regioni"],"articleSection":["Regioni"],"inLanguage":"pl-PL"},{"@type":"WebPage","@id":"https:\/\/www.polonia.travel\/it\/podkarpackie\/","url":"https:\/\/www.polonia.travel\/it\/podkarpackie\/","name":"La Precarpazia - Polonia Travel (IT)","isPartOf":{"@id":"https:\/\/www.polonia.travel\/it\/#website"},"primaryImageOfPage":{"@id":"https:\/\/www.polonia.travel\/it\/podkarpackie\/#primaryimage"},"image":{"@id":"https:\/\/www.polonia.travel\/it\/podkarpackie\/#primaryimage"},"thumbnailUrl":"https:\/\/www.polonia.travel\/it\/wp-content\/uploads\/sites\/20\/2023\/03\/246366517_Polanczyk1920.jpg","datePublished":"2024-07-10T10:16:46+00:00","dateModified":"2024-11-27T22:43:24+00:00","breadcrumb":{"@id":"https:\/\/www.polonia.travel\/it\/podkarpackie\/#breadcrumb"},"inLanguage":"pl-PL","potentialAction":[{"@type":"ReadAction","target":["https:\/\/www.polonia.travel\/it\/podkarpackie\/"]}]},{"@type":"ImageObject","inLanguage":"pl-PL","@id":"https:\/\/www.polonia.travel\/it\/podkarpackie\/#primaryimage","url":"https:\/\/www.polonia.travel\/it\/wp-content\/uploads\/sites\/20\/2023\/03\/246366517_Polanczyk1920.jpg","contentUrl":"https:\/\/www.polonia.travel\/it\/wp-content\/uploads\/sites\/20\/2023\/03\/246366517_Polanczyk1920.jpg","width":1920,"height":424},{"@type":"BreadcrumbList","@id":"https:\/\/www.polonia.travel\/it\/podkarpackie\/#breadcrumb","itemListElement":[{"@type":"ListItem","position":1,"name":"Home page","item":"https:\/\/www.polonia.travel\/it\/"},{"@type":"ListItem","position":2,"name":"Scopri i luoghi","item":"https:\/\/www.polonia.travel\/it\/category\/scopri-i-luoghi\/"},{"@type":"ListItem","position":3,"name":"Regioni","item":"https:\/\/www.polonia.travel\/it\/category\/scopri-i-luoghi\/regioni\/"},{"@type":"ListItem","position":4,"name":"La Precarpazia"}]},{"@type":"WebSite","@id":"https:\/\/www.polonia.travel\/it\/#website","url":"https:\/\/www.polonia.travel\/it\/","name":"Polonia Travel (IT)","description":"...","publisher":{"@id":"https:\/\/www.polonia.travel\/it\/#organization"},"potentialAction":[{"@type":"SearchAction","target":{"@type":"EntryPoint","urlTemplate":"https:\/\/www.polonia.travel\/it\/?s={search_term_string}"},"query-input":{"@type":"PropertyValueSpecification","valueRequired":true,"valueName":"search_term_string"}}],"inLanguage":"pl-PL"},{"@type":"Organization","@id":"https:\/\/www.polonia.travel\/it\/#organization","name":"Polonia Travel (IT)","url":"https:\/\/www.polonia.travel\/it\/","logo":{"@type":"ImageObject","inLanguage":"pl-PL","@id":"https:\/\/www.polonia.travel\/it\/#\/schema\/logo\/image\/","url":"","contentUrl":"","caption":"Polonia Travel (IT)"},"image":{"@id":"https:\/\/www.polonia.travel\/it\/#\/schema\/logo\/image\/"}},{"@type":"Person","@id":""}]}},"_links":{"self":[{"href":"https:\/\/www.polonia.travel\/it\/wp-json\/wp\/v2\/posts\/31262","targetHints":{"allow":["GET"]}}],"collection":[{"href":"https:\/\/www.polonia.travel\/it\/wp-json\/wp\/v2\/posts"}],"about":[{"href":"https:\/\/www.polonia.travel\/it\/wp-json\/wp\/v2\/types\/post"}],"author":[{"embeddable":true,"href":"https:\/\/www.polonia.travel\/it\/wp-json\/wp\/v2\/users\/1"}],"replies":[{"embeddable":true,"href":"https:\/\/www.polonia.travel\/it\/wp-json\/wp\/v2\/comments?post=31262"}],"version-history":[{"count":7,"href":"https:\/\/www.polonia.travel\/it\/wp-json\/wp\/v2\/posts\/31262\/revisions"}],"predecessor-version":[{"id":40221,"href":"https:\/\/www.polonia.travel\/it\/wp-json\/wp\/v2\/posts\/31262\/revisions\/40221"}],"wp:featuredmedia":[{"embeddable":true,"href":"https:\/\/www.polonia.travel\/it\/wp-json\/wp\/v2\/media\/21462"}],"wp:attachment":[{"href":"https:\/\/www.polonia.travel\/it\/wp-json\/wp\/v2\/media?parent=31262"}],"wp:term":[{"taxonomy":"category","embeddable":true,"href":"https:\/\/www.polonia.travel\/it\/wp-json\/wp\/v2\/categories?post=31262"}],"curies":[{"name":"wp","href":"https:\/\/api.w.org\/{rel}","templated":true}]}}