{"id":31259,"date":"2024-07-10T11:46:10","date_gmt":"2024-07-10T09:46:10","guid":{"rendered":"https:\/\/www.polonia.travel\/it\/?p=31259"},"modified":"2025-06-24T15:40:31","modified_gmt":"2025-06-24T13:40:31","slug":"malopolska-perla-della-polonia","status":"publish","type":"post","link":"https:\/\/www.polonia.travel\/it\/malopolska-perla-della-polonia\/","title":{"rendered":"La Malopolska"},"content":{"rendered":"\n<div class=\"wp-block-group is-style-container\"><div class=\"wp-block-group__inner-container is-layout-constrained wp-block-group-is-layout-constrained\">\n<!-- empty -->\n\n\n<div class=\"metrics\">\n  <div class=\"metrics__text\">\n    <h1 class=\"is-style-heading-38 mb20 large-mb30\">La Malopolska <\/h1>\n    <p><strong>Il cuore storico della Polonia, con il suo capoluogo Cracovia, \u00e8 una zona unica per ricchezza di attrazioni: <\/strong><strong>non <\/strong><strong>c\u2019\u00e8<\/strong> <strong>solo<\/strong><strong> Cracovia con i suoi monumenti, ma anche i monti Tatra con i centri benessere e le case di cura; <\/strong><strong>e troverete<\/strong><strong> ben sei parchi nazionali (Tatrza\u0144ski, Pieni\u0144ski, Ojc\u00f3wski, Babiog\u00f3rski, Gorcza\u0144ski e Magurski) e cinque siti patrimonio dell\u2019UNESCO: la Citt\u00e0 Vecchia di Cracovia, la Miniera di Sale di Wieliczka, il Campo di concentramento e di sterminio nazista tedesco di Auschwitz-Birkenau, la cittadina di Kalwaria Zebrzydowska e le chiese in legno della Polonia meridionale. <\/strong><\/p>\n  <\/div>\n  <div class=\"metrics__sidebar\">\n    <div class=\"metrics-box\">\n              <div class=\"metrics-box__title\">Informazioni di base<\/div>\n        <div class=\"metrics-box__values\">\n                                        <div class=\"metrics-box__item\">\n      <div class=\"metrics-box__label\">Superficie <\/div>\n      <div class=\"metrics-box__value\">15 108 km\u00b2<\/div>\n    <\/div>\n                                <div class=\"metrics-box__item\">\n      <div class=\"metrics-box__label\">Abitanti<\/div>\n      <div class=\"metrics-box__value\">3,430 milioni  (2022)<\/div>\n    <\/div>\n                                <\/div>\n                    <div class=\"metrics-box__links\">\n                      <a href=\"http:\/\/www.visitmalopolska.pl\/ \" class=\"metrics-box__link external\"\n                                  target=\"_blank\" rel=\"nofollow noopener noreferrer\"\n                            >www<\/a>\n                  <\/div>\n          <\/div>\n  <\/div>\n<\/div>\n<\/div><\/div>\n\n\n\n<div class=\"wp-block-group is-style-container-medium\"><div class=\"wp-block-group__inner-container is-layout-constrained wp-block-group-is-layout-constrained\">\n<h3 class=\"wp-block-heading\">Piccola Polonia \u2013 Unica ed eccezionale<\/h3>\n\n\n\n<p>Risuona con le note del richiamo alla tromba di Cracovia e con quelle della musica suonata nelle piccole capanne di legno, nelle ville e nelle chiese; richiama con lo sciabordio delle onde schiumose del fiume <strong>Dunajec<\/strong>; affascina con le statue di sale negli anfratti delle miniere, con la bellezza dei suoi castelli e con la leggenda dei monti <strong>Tatra<\/strong>; sa di vino e di prodotti locali.<\/p>\n\n\n\n<p>I monti Tatra, la catena montuosa pi\u00f9 famosa di tutta la Polonia, sono ormai conosciutissimi dai turisti, innamorati soprattutto del massiccio <strong>Giewont<\/strong>&nbsp;e del lago di&nbsp;<strong>Morskie Oko<\/strong>, ma mantengono comunque un pizzico di segreto e di magia. Dalle minacciose creste di roccia fino alle valli piene di crochi passando per i piani montani dove risuonano nell\u2019aria le leggende sui briganti di queste terre raccontate un tempo dal leggendario cantastorie Saba\u0142a, ma anche i versi del grande poeta Przerwa-Tetmajer originario della zona di <strong>Podhale<\/strong>, o i canti di montagna rielaborati nei capolavori di compositori come Szymanowski e Kilar. <strong>Zakopane<\/strong><strong>, la citt\u00e0 principale dei Tatra, offre opportunit\u00e0 per tutti, sia chi vuole solo passeggiare sulla centrale via <\/strong>Krup\u00f3wki e riposare negli hotel di lusso sia per chi ama sciare o fare trekking su percorsi predisposti e dotati delle infrastrutture necessarie.<\/p>\n\n\n\n<p><strong>Il bello incastonato nel legno<\/strong><\/p>\n\n\n\n<p><strong>La Chiesa di San Leonardo <\/strong><strong>a<\/strong><strong> Lipnica Murowana<\/strong>, la <strong>Cappella<\/strong> di&nbsp;<strong> Jaszczur\u00f3wka<\/strong>&nbsp;a&nbsp;<strong>Zakopane<\/strong>&nbsp;e il Parco Etnografico della Vistola a <strong>Wygie\u0142zowo<\/strong>&nbsp;(vicino a Cracovia) sono solo alcuni dei 255 siti dell\u2019<strong>Itinerario<\/strong> <strong>dell\u2019Architettura in Legno<\/strong>, fatto di piccole chiese cattoliche e ortodosse, antiche ville di campagna e musei a cielo aperto che oggi sono preziosissime testimonianze della cultura materiale contadina del passato.<\/p>\n\n\n\n<p>Ci sono ben otto chiese Patrimonio dell\u2019Unesco lungo questo percorso. Quattro sono <strong>chiese cattoliche<\/strong>, quelle di <strong>Binarowa, <\/strong><strong>di<\/strong><strong> D\u0119bno Podhala\u0144ski<\/strong><strong>e<\/strong><strong>, <\/strong><strong>di<\/strong><strong> Lipnica Murowana <\/strong><strong>e di<\/strong><strong> S\u0119kowa; <\/strong><strong>e quattro sono <\/strong><strong>chiese ortodosse<\/strong><strong>: <\/strong>quella di <strong>Powro\u017anik, <\/strong><strong>quella di<\/strong><strong> Owczary, <\/strong><strong>quella di<\/strong><strong> Kwiato<\/strong><strong>\u0144<\/strong><strong> <\/strong><strong>e quella di<\/strong><strong> Brunary Wy\u017cne<\/strong>. Le chiese sono vive e attive tutto l\u2019anno grazie al <strong>Festival della Musica Incastonata nel Legno <\/strong>con concerti di musica di vario genere e di varie epoche, ma anche grazie all\u2019<strong>Itinerario<\/strong> <strong>Aperto dell\u2019Architettura in Legno<\/strong> che offre ogni estate visite guidate gratuite in decine di queste chiese che, comunque, sono aperte anche durante il resto dell\u2019anno.<\/p>\n<\/div><\/div>\n\n\n\n<div style=\"height:100px\" aria-hidden=\"true\" class=\"wp-block-spacer is-style-spacer-small\"><\/div>\n\n\n\n<div class=\"wp-block-group is-style-container\"><div class=\"wp-block-group__inner-container is-layout-constrained wp-block-group-is-layout-constrained\">  <div class=\"gallery-tiles gallery-tiles--rows-2-3 lightgallery\">\r\n          <a href=\"https:\/\/www.polonia.travel\/it\/wp-content\/uploads\/sites\/20\/2023\/07\/pieniny_splyw_dunajcem_1170.jpg\" class=\"gallery-tiles__item\" data-src=\"https:\/\/www.polonia.travel\/it\/wp-content\/uploads\/sites\/20\/2023\/07\/pieniny_splyw_dunajcem_1170.jpg\"\r\n        aria-label=\"Otw\u00f3rz powi\u0119kszone zdj\u0119cie: Nad Dunajcem w Pieninach.\">\r\n        <img loading=\"lazy\" decoding=\"async\" width=\"1170\" height=\"780\" src=\"https:\/\/www.polonia.travel\/it\/wp-content\/uploads\/sites\/20\/2023\/07\/pieniny_splyw_dunajcem_1170.jpg\" class=\"gallery-tiles__thumb\" alt=\"\" srcset=\"https:\/\/www.polonia.travel\/it\/wp-content\/uploads\/sites\/20\/2023\/07\/pieniny_splyw_dunajcem_1170.jpg 1170w, https:\/\/www.polonia.travel\/it\/wp-content\/uploads\/sites\/20\/2023\/07\/pieniny_splyw_dunajcem_1170-600x400.jpg 600w, https:\/\/www.polonia.travel\/it\/wp-content\/uploads\/sites\/20\/2023\/07\/pieniny_splyw_dunajcem_1170-768x512.jpg 768w\" sizes=\"auto, (max-width: 1170px) 100vw, 1170px\" \/>      <\/a>\r\n          <a href=\"https:\/\/www.polonia.travel\/it\/wp-content\/uploads\/sites\/20\/2024\/05\/252454879_Zalipie_Adobe-1.jpeg\" class=\"gallery-tiles__item\" data-src=\"https:\/\/www.polonia.travel\/it\/wp-content\/uploads\/sites\/20\/2024\/05\/252454879_Zalipie_Adobe-1.jpeg\"\r\n        aria-label=\"Otw\u00f3rz powi\u0119kszone zdj\u0119cie: Kolorowa chata w Zalipiu\">\r\n        <img loading=\"lazy\" decoding=\"async\" width=\"800\" height=\"534\" src=\"https:\/\/www.polonia.travel\/it\/wp-content\/uploads\/sites\/20\/2024\/05\/252454879_Zalipie_Adobe-1.jpeg\" class=\"gallery-tiles__thumb\" alt=\"\" srcset=\"https:\/\/www.polonia.travel\/it\/wp-content\/uploads\/sites\/20\/2024\/05\/252454879_Zalipie_Adobe-1.jpeg 800w, https:\/\/www.polonia.travel\/it\/wp-content\/uploads\/sites\/20\/2024\/05\/252454879_Zalipie_Adobe-1-600x401.jpeg 600w, https:\/\/www.polonia.travel\/it\/wp-content\/uploads\/sites\/20\/2024\/05\/252454879_Zalipie_Adobe-1-768x513.jpeg 768w\" sizes=\"auto, (max-width: 800px) 100vw, 800px\" \/>      <\/a>\r\n      <\/div>\r\n<\/div><\/div>\n\n\n\n<div style=\"height:100px\" aria-hidden=\"true\" class=\"wp-block-spacer is-style-spacer-small\"><\/div>\n\n\n\n<div class=\"wp-block-group is-style-container-medium\"><div class=\"wp-block-group__inner-container is-layout-constrained wp-block-group-is-layout-constrained\">\n<p><strong>Attrazioni estreme<\/strong><\/p>\n\n\n\n<p><strong>Un giro per le Gole del Dunajec a bordo di zattere fatte di travi di legno non \u00e8 solo una garanzia di adrenalina pura, ma anche la possibilit\u00e0 di godersi la vista sulle vette Pienin<\/strong>,&nbsp;<strong>Trzy Korony<\/strong>&nbsp;e&nbsp;<strong>Sokolic<\/strong><strong>a<\/strong>&nbsp;e di fare una visita al <strong>centro benessere di Szczawnica<\/strong>. Per chi \u00e8 in cerca di emozioni forti, consigliamo un giro sullo Hyperon, che, con i suoi 77 metri di altezza e la sua velocit\u00e0 massima a 142 chilometri all\u2019ora, \u00e8 il Mega Coaster pi\u00f9 veloce e pi\u00f9 alto d\u2019Europa. L\u2019Hyperon \u00e8 l\u2019attrazione numero 1 del Parco Divertimenti <strong>Energylandia<\/strong>, il pi\u00f9 grande di tutta la Polonia, che si trova a <strong>Zatora<\/strong> e dove c\u2019\u00e8 l\u2019imbarazzo della scelta tra attrazioni acquatiche, la zona per i pi\u00f9 coraggiosi e quella con forme di intrattenimento per tutta la famiglia con il mondo delle favole.<\/p>\n\n\n\n<p>Nella <strong>Miniera di Sale di Wieliczka<\/strong>, a 135 metri di profondit\u00e0 vi aspettano degli spazi scavati nel sale dove ascoltare la musica di Chopin<strong>, <\/strong>ma anche ammirare laghi, percorsi di montagna e persino un centro benessere, un\u2019osteria e un posto piuttosto comodo dove dormire nella stanza curativa attrezzata con una torre di graduazione sotterranea e una sala di lettura. La <strong>Miniera di Sale di Bochnia<\/strong> invece offre l\u2019opportunit\u00e0 unica al mondo di attraversare in barca un lago sotterraneo di acqua salata, ma anche molti percorsi multimediali e possibilit\u00e0 di pernottamento.<\/p>\n\n\n\n<p><strong>Sulle tracce di Giovanni Paolo II<\/strong><\/p>\n\n\n\n<p>L\u2019Itinerario di<strong> Karol Wojty\u0142a a Wadowice, la sua citt\u00e0 natale, misura 4,5 chilometri lungo i quali ci sono ben 13 siti visitabili. Tra questi: il Museo multimediale della Casa Natale di <\/strong><strong>Giovanni Paolo II<\/strong> che ricrea l\u2019appartamento della famiglia Wojty\u0142a; la&nbsp;<strong>Basilica del Sacrificio della Vergine <\/strong>il futuro Papa ha ricevuto i sacramenti del Battesimo, della Prima Comunione e della Cresima; la Piazza del Mercato di Wadowice, oggi Piazza Giovanni Paolo II, che si trova proprio davanti alla chiesa e che il giovane Karol Wojty\u0142a attraversava ogni giorno per andare a scuola; e la Pasticceria Storica di Karol Hagenhuber, dove da ragazzo il futuro Papa andava a mangiare i dolci alla crema che amava tanto.<\/p>\n\n\n\n<p><strong>Il Santuario della Passione di Maria a Kalwaria Zebrzydowska<\/strong>, patrimonio dell\u2019UNESCO, da 400 anni accoglie pellegrini in visita al Quadro Miracoloso di Maria di Kalwaria che \u201ccura, regna e consola\u201d e che lo stesso Karol Wojty\u0142a visitava spesso. Il Santuario, che si trova sulla deliziosa Collina Makowski, comprende anche il convento dei Bernardini ma anche un complesso di cappelle e chiesette e un parco. Ogni anno a Kalwaria Zebrzydowska, si torna ai tempi della Bibbia per rievocare la morte di Ges\u00f9 nella ricostruzione del <strong>Mistero della Passione di Cristo.<\/strong><\/p>\n\n\n\n<p><strong>Essenziale e quindi sportivo<\/strong><\/p>\n\n\n\n<ul class=\"wp-block-list\">\n<li>Bia\u0142ka Tatrza\u0144ska<\/li>\n\n\n\n<li>D\u0119bno e la Chiesa dell\u2019Arcangelo Michele<\/li>\n\n\n\n<li>Dolina Chocho\u0142owska con i crachi<\/li>\n\n\n\n<li>Kalwaria Zebrzydowska<\/li>\n\n\n\n<li>La Miniera di Sale di Wieliczka (vista dall\u2019esterno)<\/li>\n\n\n\n<li>Cracovia e il Castello del Wawel<\/li>\n\n\n\n<li>Lipnica Murowana e la Chiesa di San Leonardo<\/li>\n\n\n\n<li>O\u015bwi\u0119cim e il Museo del Campo di Concentramento e di Sterminio tedesco nazista di Auschwitz \u2013 Birkenau<\/li>\n\n\n\n<li>Le Gole del Dunajec<\/li>\n\n\n\n<li>S\u0119kowa e la Chiesa dei Santi Apostoli Filippo e Giacomo<\/li>\n\n\n\n<li>I Tatra e il lago Morskie Oko<\/li>\n\n\n\n<li>Wieliczka e la cappella di santa Kinga (Cunegonda) di Polonia<\/li>\n<\/ul>\n\n\n\n<p>Un buon modo per conoscere bene la Piccola Polonia \u00e8 farlo lungo gli itinerari turistici che la attraversano. Per esempio, <strong>l\u2019<\/strong><strong>Itinerario<\/strong> <strong>Ciclabile sulla Vistola<\/strong> attraversa gli angoli pi\u00f9 affascinanti della valle della <strong>Vistola<\/strong> e dei suoi affluenti. Sempre sui pedali \u00e8 possibile raggiungere posti come <strong>il Castello Reale a<\/strong> <strong>Niepo\u0142omice<\/strong>,&nbsp;<strong>il Museo dell\u2019Urbanistica<\/strong> a<strong> Szczucin<\/strong>, e posti storici come il&nbsp; <strong>Museo di Auschwitz-Birkenau<\/strong>&nbsp;e naturalmente <strong>Cracovia<\/strong>, la citt\u00e0 dei re, antica capitale polacca e oggi centro urbano pi\u00f9 importante della regione.<\/p>\n\n\n\n<p>I ciclisti che arrivano fin qui amano particolarmente anche l\u2019Itinerario <strong>Velo Dunajec, <\/strong>considerato il migliore percorso ciclabile in Polonia. Parte dai piedi dei&nbsp; monti Tatra, passa per <strong>G<\/strong><strong>\u00f3<\/strong><strong>rka<\/strong>,&nbsp;<strong>Pienina<\/strong>, i monti&nbsp;<strong>Beschidi <\/strong>e i deliziosi dintorni della citt\u00e0 di Tarn\u00f3w per arrivare fino sulla Vistola.&nbsp;<strong><\/strong><\/p>\n\n\n\n<p>La vera ciliegina sulla torta della Piccola Polonia per\u00f2 \u00e8 il tratto locale del <strong>Sentiero dei Nidi d\u2019Aquila<\/strong> che propone la visita ai pi\u00f9 maestosi siti architettonici dell\u2019Altopiano di Cracovia-Cz\u0119stochowa, con particolare attenzione ai castelli. A partire dal Castello di Wawel, da cui parte il percorso, meritano di essere visitati anche i castelli di <strong>Rabsztyn, <\/strong>di<strong> Pieskowa Skala, <\/strong>di<strong>Korzkiew<\/strong><strong> <\/strong>e quello di<strong> Ojc\u00f3w<\/strong>. Il percorso \u00e8 pedonale, ma anche ciclabile.<\/p>\n\n\n\n<p>Altri itinerari interessanti che passano dalla Piccola Polonia sono <strong>l\u2019Itinerario del Fronte Orientale della I guerra mondiale, l\u2019Itinerario della cultura<\/strong> <strong>valacca<\/strong>, e il <strong>Percorso Cistercense Sud-Occidentale<\/strong>.&nbsp;<\/p>\n\n\n\n<p><strong>Luoghi sorprendenti<\/strong><\/p>\n\n\n\n<p>Il Percorso del Vino della Piccola Polonia \u00e8 nato con l\u2019idea di invogliare i turisti a scoprire i vigneti di questa regione per conoscere i loro proprietari, la cultura vinicola locale e naturalmente per assaggiare il frutto del loro lavoro. Le occasioni migliori per farlo sono gli eventi de<strong> I Giorni dei Vigneti Aperti<\/strong> e quelli del progetto <strong>ENOTarn\u00f3wskie<\/strong> dal momento che proprio i dintorni di <strong>Tarn\u00f3w<\/strong> sono una delle zone di maggiore espansione vitivinicola della Piccola Polonia.<\/p>\n\n\n\n<p>Altri posti davvero unici nella regione sono <strong>la roccia \u201cClava di Ercole\u201d nel Parco Nazionale di Ojc\u00f3w,<\/strong> <strong>il Deserto<\/strong> di <strong>B\u0142\u0119d<\/strong><strong>\u00f3w<\/strong>,&nbsp;<strong>il Museo delle Farfalle a Bochnia, <\/strong>le cascate di <strong>Wielka Siklawa<\/strong><strong>, <\/strong>le pi\u00f9 alte di tutta la Polonia, e <strong>la Valle dei Cinque <\/strong><strong>Stagni<\/strong><strong> sui Tatra<\/strong>.<\/p>\n\n\n\n<p>Per chi \u00e8 in cerca di una vacanza all\u2019insegna del relax, ci sono i molti <strong>agriturismi certificati<\/strong> legati ai temi della<strong> Campagna della Piccola Polonia secondo la tradizione<\/strong>, <strong>la Campagna della Piccola Polonia con l\u2019aroma delle erbe<\/strong>, <strong>la Piccola Polonia per Bambini e la Piccola Polonia per Anziani<\/strong>. E per provare i ricchi sapori della regione, fare un giro nelle trattorie tipiche che si trovano lungo l\u2019<strong>Itinerario<\/strong> <strong>dei Buongustai della Piccola Polonia.<\/strong><\/p>\n<\/div><\/div>\n\n\n\n<div class=\"wp-block-group has-background\" style=\"background-color:#eeeeee\"><div class=\"wp-block-group__inner-container is-layout-constrained wp-block-group-is-layout-constrained\">\n<div style=\"height:100px\" aria-hidden=\"true\" class=\"wp-block-spacer is-style-spacer-small\"><\/div>\n\n\n\n<div class=\"wp-block-group is-style-container\"><div class=\"wp-block-group__inner-container is-layout-constrained wp-block-group-is-layout-constrained\">\n<h3 class=\"wp-block-heading\">Scopri di pi\u00f9<\/h3>\n\n\n\n<div style=\"height:100px\" aria-hidden=\"true\" class=\"wp-block-spacer is-style-spacer-small\"><\/div>\n\n\n<div class=\"overflow\">\n  <div class=\"post-slider swiper post-slider--small\" data-schema=\"small\">\n\n    <div class=\"swiper-wrapper\">\n              <div class=\"swiper-slide post-slide\">\n                      <a href=\"https:\/\/www.polonia.travel\/it\/zachodniopomorskie-pomerania-occidentale\/\" class=\"post-box post-box--small\" style=\" background-image: url(https:\/\/www.polonia.travel\/it\/wp-content\/uploads\/sites\/20\/2023\/03\/szczecin_tarasy_widokowe_1170-600x400.jpg);\">\n          <div class=\"post-box__hover\" style=\"background-image: url(https:\/\/www.polonia.travel\/it\/wp-content\/uploads\/sites\/20\/2023\/02\/Swinoujscie-e1676388308968-600x366.jpg);\"><\/div>\n        <div class=\"post-box__info\">\n            <div class=\"post-box__title\">La Pomerania Occidentale<\/div>\n      <div class=\"post-box__more\">Leggi di pi\u00f9<\/div>\n    <\/div>\n  <\/a>\n\n          <\/div>\n              <div class=\"swiper-slide post-slide\">\n                      <a href=\"https:\/\/www.polonia.travel\/it\/wielkopolskie\/\" class=\"post-box post-box--small\" style=\" background-image: url(https:\/\/www.polonia.travel\/it\/wp-content\/uploads\/sites\/20\/2024\/05\/PoznaC58420Municipio20e20piazza-6-600x400.jpg);\">\n          <div class=\"post-box__hover\" style=\"background-image: url(https:\/\/www.polonia.travel\/it\/wp-content\/uploads\/sites\/20\/2022\/12\/poznan_stare_miasto_rynek_1170-600x400.jpg);\"><\/div>\n        <div class=\"post-box__info\">\n            <div class=\"post-box__title\">La Wielkopolska<\/div>\n      <div class=\"post-box__more\">Leggi di pi\u00f9<\/div>\n    <\/div>\n  <\/a>\n\n          <\/div>\n              <div class=\"swiper-slide post-slide\">\n                      <a href=\"https:\/\/www.polonia.travel\/it\/warminsko-mazurskie-varmia-masuria\/\" class=\"post-box post-box--small\" style=\" background-image: url(https:\/\/www.polonia.travel\/it\/wp-content\/uploads\/sites\/20\/2024\/05\/12448_Mazury-Jezioro-Kirsajty_JW_HR-1-600x400.jpg);\">\n          <div class=\"post-box__hover\" style=\"background-image: url(https:\/\/www.polonia.travel\/it\/wp-content\/uploads\/sites\/20\/2024\/05\/274836709_Gizycko_Kisajno_mazury_Adobe-600x400.jpg);\"><\/div>\n        <div class=\"post-box__info\">\n            <div class=\"post-box__title\">La Varmia e Masuria<\/div>\n      <div class=\"post-box__more\">Leggi di pi\u00f9<\/div>\n    <\/div>\n  <\/a>\n\n          <\/div>\n              <div class=\"swiper-slide post-slide\">\n                      <a href=\"https:\/\/www.polonia.travel\/it\/swietokrzyskie\/\" class=\"post-box post-box--small\" style=\" background-image: url(https:\/\/www.polonia.travel\/it\/wp-content\/uploads\/sites\/20\/2023\/02\/392_Gory-Swietokrzyskie-i-Swiety-Krzyz-szklany-dom-Zeromskiego_MC_P-600x400.jpg);\">\n          <div class=\"post-box__hover\" style=\"background-image: url(https:\/\/www.polonia.travel\/it\/wp-content\/uploads\/sites\/20\/2023\/02\/13_Gory-Swietokrzyskie-i-Swiety-Krzyz-szklany-dom-Zeromskiego_MC_P-600x400.jpg);\"><\/div>\n        <div class=\"post-box__info\">\n            <div class=\"post-box__title\">La regione della Santacroce<\/div>\n      <div class=\"post-box__more\">Leggi di pi\u00f9<\/div>\n    <\/div>\n  <\/a>\n\n          <\/div>\n              <div class=\"swiper-slide post-slide\">\n                      <a href=\"https:\/\/www.polonia.travel\/it\/slaskie\/\" class=\"post-box post-box--small\" style=\" background-image: url(https:\/\/www.polonia.travel\/it\/wp-content\/uploads\/sites\/20\/2024\/05\/Ogrodzieniec-6.jpg);\">\n          <div class=\"post-box__hover\" style=\"background-image: url(https:\/\/www.polonia.travel\/it\/wp-content\/uploads\/sites\/20\/2023\/01\/Kopalnia-Guido-Zabrze-6-fot-www.slaskie.travel-OpenGroup.com_.pl_-600x400.jpg);\"><\/div>\n        <div class=\"post-box__info\">\n            <div class=\"post-box__title\">La Slesia<\/div>\n      <div class=\"post-box__more\">Leggi di pi\u00f9<\/div>\n    <\/div>\n  <\/a>\n\n          <\/div>\n              <div class=\"swiper-slide post-slide\">\n                      <a href=\"https:\/\/www.polonia.travel\/it\/pomorskie\/\" class=\"post-box post-box--small\" style=\" background-image: url(https:\/\/www.polonia.travel\/it\/wp-content\/uploads\/sites\/20\/2024\/05\/TrC3B3jmiasto_20Sopot20kuter-600x400.jpg);\">\n          <div class=\"post-box__hover\" style=\"background-image: url(https:\/\/www.polonia.travel\/it\/wp-content\/uploads\/sites\/20\/2024\/05\/Danzica-9.jpg);\"><\/div>\n        <div class=\"post-box__info\">\n            <div class=\"post-box__title\">La Pomerania<\/div>\n      <div class=\"post-box__more\">Leggi di pi\u00f9<\/div>\n    <\/div>\n  <\/a>\n\n          <\/div>\n              <div class=\"swiper-slide post-slide\">\n                      <a href=\"https:\/\/www.polonia.travel\/it\/podlaskie\/\" class=\"post-box post-box--small\" style=\" background-image: url(https:\/\/www.polonia.travel\/it\/wp-content\/uploads\/sites\/20\/2024\/05\/Biebrza20-20fot.20Podlaska20Regionalna20Organizacja20Turystyczna-600x400.jpg);\">\n          <div class=\"post-box__hover\" style=\"background-image: url(https:\/\/www.polonia.travel\/it\/wp-content\/uploads\/sites\/20\/2024\/05\/Podlaskie_Kruszyniany20540x360-12.jpg);\"><\/div>\n        <div class=\"post-box__info\">\n            <div class=\"post-box__title\">La Podlachia<\/div>\n      <div class=\"post-box__more\">Leggi di pi\u00f9<\/div>\n    <\/div>\n  <\/a>\n\n          <\/div>\n              <div class=\"swiper-slide post-slide\">\n                      <a href=\"https:\/\/www.polonia.travel\/it\/podkarpackie\/\" class=\"post-box post-box--small\" style=\" background-image: url(https:\/\/www.polonia.travel\/it\/wp-content\/uploads\/sites\/20\/2023\/07\/rys_1170-600x400.jpg);\">\n          <div class=\"post-box__hover\" style=\"background-image: url(https:\/\/www.polonia.travel\/it\/wp-content\/uploads\/sites\/20\/2024\/05\/16xPodk_Bieszczady-6-600x389.jpeg);\"><\/div>\n        <div class=\"post-box__info\">\n            <div class=\"post-box__title\">La Precarpazia<\/div>\n      <div class=\"post-box__more\">Leggi di pi\u00f9<\/div>\n    <\/div>\n  <\/a>\n\n          <\/div>\n              <div class=\"swiper-slide post-slide\">\n                      <a href=\"https:\/\/www.polonia.travel\/it\/opolskie\/\" class=\"post-box post-box--small\" style=\" background-image: url(https:\/\/www.polonia.travel\/it\/wp-content\/uploads\/sites\/20\/2024\/05\/Moszna-12.jpg);\">\n          <div class=\"post-box__hover\" style=\"background-image: url(https:\/\/www.polonia.travel\/it\/wp-content\/uploads\/sites\/20\/2022\/12\/opole_amfiteatr_1170-2-600x400.jpg);\"><\/div>\n        <div class=\"post-box__info\">\n            <div class=\"post-box__title\">La Regione di Opole<\/div>\n      <div class=\"post-box__more\">Leggi di pi\u00f9<\/div>\n    <\/div>\n  <\/a>\n\n          <\/div>\n              <div class=\"swiper-slide post-slide\">\n                      <a href=\"https:\/\/www.polonia.travel\/it\/masovia-mazowieckie-la-regione-piu-grande-della-polonia\/\" class=\"post-box post-box--small\" style=\" background-image: url(https:\/\/www.polonia.travel\/it\/wp-content\/uploads\/sites\/20\/2024\/05\/Warszawa1_540_360-8.jpg);\">\n          <div class=\"post-box__hover\" style=\"background-image: url(https:\/\/www.polonia.travel\/it\/wp-content\/uploads\/sites\/20\/2023\/07\/warszawa_lazienki_kwiaty_1170-600x400.jpg);\"><\/div>\n        <div class=\"post-box__info\">\n            <div class=\"post-box__title\">La Masovia<\/div>\n      <div class=\"post-box__more\">Leggi di pi\u00f9<\/div>\n    <\/div>\n  <\/a>\n\n          <\/div>\n              <div class=\"swiper-slide post-slide\">\n                      <a href=\"https:\/\/www.polonia.travel\/it\/malopolska-perla-della-polonia\/\" class=\"post-box post-box--small\" style=\" background-image: url(https:\/\/www.polonia.travel\/it\/wp-content\/uploads\/sites\/20\/2023\/09\/179383441_Tatry_jesien_Adobe-Custom-600x349.jpg);\">\n        <div class=\"post-box__info\">\n            <div class=\"post-box__title\">La Malopolska<\/div>\n      <div class=\"post-box__more\">Leggi di pi\u00f9<\/div>\n    <\/div>\n  <\/a>\n\n          <\/div>\n              <div class=\"swiper-slide post-slide\">\n                      <a href=\"https:\/\/www.polonia.travel\/it\/la-regione-di-lodz\/\" class=\"post-box post-box--small\" style=\" background-image: url(https:\/\/www.polonia.travel\/it\/wp-content\/uploads\/sites\/20\/2024\/05\/Lodz_Manufaktura-weaving-mill-view-600x337.jpg);\">\n          <div class=\"post-box__hover\" style=\"background-image: url(https:\/\/www.polonia.travel\/it\/wp-content\/uploads\/sites\/20\/2024\/05\/Arkadia_i_NieborC3B3w_2.jpg);\"><\/div>\n        <div class=\"post-box__info\">\n            <div class=\"post-box__title\">La Regione di \u0141\u00f3d\u017a<\/div>\n      <div class=\"post-box__more\">Leggi di pi\u00f9<\/div>\n    <\/div>\n  <\/a>\n\n          <\/div>\n              <div class=\"swiper-slide post-slide\">\n                      <a href=\"https:\/\/www.polonia.travel\/it\/voivodato-lubuskie\/\" class=\"post-box post-box--small\" style=\" background-image: url(https:\/\/www.polonia.travel\/it\/wp-content\/uploads\/sites\/20\/2023\/03\/pomnik-wino-zielona-gora-600x207.jpg);\">\n          <div class=\"post-box__hover\" style=\"background-image: url(https:\/\/www.polonia.travel\/it\/wp-content\/uploads\/sites\/20\/2023\/03\/park_muzakowski-600x400.jpg);\"><\/div>\n        <div class=\"post-box__info\">\n            <div class=\"post-box__title\">La Regione Lubuskie<\/div>\n      <div class=\"post-box__more\">Leggi di pi\u00f9<\/div>\n    <\/div>\n  <\/a>\n\n          <\/div>\n              <div class=\"swiper-slide post-slide\">\n                      <a href=\"https:\/\/www.polonia.travel\/it\/lubelskie-lungo-il-corso-del-fiume-bug\/\" class=\"post-box post-box--small\" style=\" background-image: url(https:\/\/www.polonia.travel\/it\/wp-content\/uploads\/sites\/20\/2024\/05\/Lublin1170-6-600x389.jpg);\">\n          <div class=\"post-box__hover\" style=\"background-image: url(https:\/\/www.polonia.travel\/it\/wp-content\/uploads\/sites\/20\/2022\/12\/kazimierz_wawoz_korzeniowy_jesien_1170-600x400.jpg);\"><\/div>\n        <div class=\"post-box__info\">\n            <div class=\"post-box__title\">La Regione di Lublino<\/div>\n      <div class=\"post-box__more\">Leggi di pi\u00f9<\/div>\n    <\/div>\n  <\/a>\n\n          <\/div>\n              <div class=\"swiper-slide post-slide\">\n                      <a href=\"https:\/\/www.polonia.travel\/it\/kujawsko-pomorskie-i-pierniki-e-il-sale\/\" class=\"post-box post-box--small\" style=\" background-image: url(https:\/\/www.polonia.travel\/it\/wp-content\/uploads\/sites\/20\/2022\/12\/torun_pomnik_kopernika_1170-600x400.jpg);\">\n          <div class=\"post-box__hover\" style=\"background-image: url(https:\/\/www.polonia.travel\/it\/wp-content\/uploads\/sites\/20\/2024\/05\/Bydgoszcz.jpeg);\"><\/div>\n        <div class=\"post-box__info\">\n            <div class=\"post-box__title\">La Cuiavia-Pomerania<\/div>\n      <div class=\"post-box__more\">Leggi di pi\u00f9<\/div>\n    <\/div>\n  <\/a>\n\n          <\/div>\n              <div class=\"swiper-slide post-slide\">\n                      <a href=\"https:\/\/www.polonia.travel\/it\/dolnoslaskie-bassa-slesia-una-terra-di-tesori\/\" class=\"post-box post-box--small\" style=\" background-image: url(https:\/\/www.polonia.travel\/it\/wp-content\/uploads\/sites\/20\/2024\/05\/150129_Wroclaw_z_sw_Elzbiety_DU_HR-1-600x389.jpg);\">\n          <div class=\"post-box__hover\" style=\"background-image: url(https:\/\/www.polonia.travel\/it\/wp-content\/uploads\/sites\/20\/2024\/05\/KSIAZ_EARLYBIRD_-14-min.jpg);\"><\/div>\n        <div class=\"post-box__info\">\n            <div class=\"post-box__title\">La Bassa Slesia<\/div>\n      <div class=\"post-box__more\">Leggi di pi\u00f9<\/div>\n    <\/div>\n  <\/a>\n\n          <\/div>\n          <\/div>\n    <div class=\"post-slider__pagination\"><\/div>\n  <\/div>\n<\/div>\n<\/div><\/div>\n\n\n\n<div style=\"height:100px\" aria-hidden=\"true\" class=\"wp-block-spacer is-style-spacer-small\"><\/div>\n<\/div><\/div>\n","protected":false},"excerpt":{"rendered":"<p>Piccola Polonia \u2013 Unica ed eccezionale Risuona con le note del richiamo alla tromba di Cracovia e con quelle della musica suonata nelle piccole capanne di legno, nelle ville e nelle chiese; richiama con lo sciabordio delle onde schiumose del fiume Dunajec; affascina con le statue di sale negli anfratti delle miniere, con la bellezza [&hellip;]<\/p>\n","protected":false},"author":1,"featured_media":22965,"comment_status":"open","ping_status":"open","sticky":false,"template":"","format":"standard","meta":{"_acf_changed":false,"footnotes":""},"categories":[1038],"class_list":["post-31259","post","type-post","status-publish","format-standard","has-post-thumbnail","hentry","category-regioni"],"acf":[],"yoast_head":"<!-- This site is optimized with the Yoast SEO plugin v27.4 - https:\/\/yoast.com\/product\/yoast-seo-wordpress\/ -->\n<title>La Malopolska - Polonia Travel (IT)<\/title>\n<meta name=\"robots\" content=\"index, follow, max-snippet:-1, max-image-preview:large, max-video-preview:-1\" \/>\n<link rel=\"canonical\" href=\"https:\/\/www.polonia.travel\/it\/malopolska-perla-della-polonia\/\" \/>\n<meta property=\"og:locale\" content=\"pl_PL\" \/>\n<meta property=\"og:type\" content=\"article\" \/>\n<meta property=\"og:title\" content=\"La Malopolska - Polonia Travel (IT)\" \/>\n<meta property=\"og:description\" content=\"Piccola Polonia \u2013 Unica ed eccezionale Risuona con le note del richiamo alla tromba di Cracovia e con quelle della musica suonata nelle piccole capanne di legno, nelle ville e nelle chiese; richiama con lo sciabordio delle onde schiumose del fiume Dunajec; affascina con le statue di sale negli anfratti delle miniere, con la bellezza [&hellip;]\" \/>\n<meta property=\"og:url\" content=\"https:\/\/www.polonia.travel\/it\/malopolska-perla-della-polonia\/\" \/>\n<meta property=\"og:site_name\" content=\"Polonia Travel (IT)\" \/>\n<meta property=\"article:published_time\" content=\"2024-07-10T09:46:10+00:00\" \/>\n<meta property=\"article:modified_time\" content=\"2025-06-24T13:40:31+00:00\" \/>\n<meta property=\"og:image\" content=\"https:\/\/www.polonia.travel\/it\/wp-content\/uploads\/sites\/20\/2023\/04\/wiosna_krokusy_tatry_dolina_chocholowska.jpg\" \/>\n\t<meta property=\"og:image:width\" content=\"1900\" \/>\n\t<meta property=\"og:image:height\" content=\"890\" \/>\n\t<meta property=\"og:image:type\" content=\"image\/jpeg\" \/>\n<meta name=\"twitter:card\" content=\"summary_large_image\" \/>\n<meta name=\"twitter:label1\" content=\"Napisane przez\" \/>\n\t<meta name=\"twitter:data1\" content=\"\" \/>\n\t<meta name=\"twitter:label2\" content=\"Szacowany czas czytania\" \/>\n\t<meta name=\"twitter:data2\" content=\"9 minut\" \/>\n<script type=\"application\/ld+json\" class=\"yoast-schema-graph\">{\"@context\":\"https:\\\/\\\/schema.org\",\"@graph\":[{\"@type\":\"Article\",\"@id\":\"https:\\\/\\\/www.polonia.travel\\\/it\\\/malopolska-perla-della-polonia\\\/#article\",\"isPartOf\":{\"@id\":\"https:\\\/\\\/www.polonia.travel\\\/it\\\/malopolska-perla-della-polonia\\\/\"},\"author\":{\"name\":\"\",\"@id\":\"\"},\"headline\":\"La Malopolska\",\"datePublished\":\"2024-07-10T09:46:10+00:00\",\"dateModified\":\"2025-06-24T13:40:31+00:00\",\"mainEntityOfPage\":{\"@id\":\"https:\\\/\\\/www.polonia.travel\\\/it\\\/malopolska-perla-della-polonia\\\/\"},\"wordCount\":1400,\"commentCount\":8,\"publisher\":{\"@id\":\"https:\\\/\\\/www.polonia.travel\\\/it\\\/#organization\"},\"image\":{\"@id\":\"https:\\\/\\\/www.polonia.travel\\\/it\\\/malopolska-perla-della-polonia\\\/#primaryimage\"},\"thumbnailUrl\":\"https:\\\/\\\/www.polonia.travel\\\/it\\\/wp-content\\\/uploads\\\/sites\\\/20\\\/2023\\\/04\\\/wiosna_krokusy_tatry_dolina_chocholowska.jpg\",\"keywords\":[\"it\",\"regioni\"],\"articleSection\":[\"Regioni\"],\"inLanguage\":\"pl-PL\"},{\"@type\":\"WebPage\",\"@id\":\"https:\\\/\\\/www.polonia.travel\\\/it\\\/malopolska-perla-della-polonia\\\/\",\"url\":\"https:\\\/\\\/www.polonia.travel\\\/it\\\/malopolska-perla-della-polonia\\\/\",\"name\":\"La Malopolska - Polonia Travel (IT)\",\"isPartOf\":{\"@id\":\"https:\\\/\\\/www.polonia.travel\\\/it\\\/#website\"},\"primaryImageOfPage\":{\"@id\":\"https:\\\/\\\/www.polonia.travel\\\/it\\\/malopolska-perla-della-polonia\\\/#primaryimage\"},\"image\":{\"@id\":\"https:\\\/\\\/www.polonia.travel\\\/it\\\/malopolska-perla-della-polonia\\\/#primaryimage\"},\"thumbnailUrl\":\"https:\\\/\\\/www.polonia.travel\\\/it\\\/wp-content\\\/uploads\\\/sites\\\/20\\\/2023\\\/04\\\/wiosna_krokusy_tatry_dolina_chocholowska.jpg\",\"datePublished\":\"2024-07-10T09:46:10+00:00\",\"dateModified\":\"2025-06-24T13:40:31+00:00\",\"breadcrumb\":{\"@id\":\"https:\\\/\\\/www.polonia.travel\\\/it\\\/malopolska-perla-della-polonia\\\/#breadcrumb\"},\"inLanguage\":\"pl-PL\",\"potentialAction\":[{\"@type\":\"ReadAction\",\"target\":[\"https:\\\/\\\/www.polonia.travel\\\/it\\\/malopolska-perla-della-polonia\\\/\"]}]},{\"@type\":\"ImageObject\",\"inLanguage\":\"pl-PL\",\"@id\":\"https:\\\/\\\/www.polonia.travel\\\/it\\\/malopolska-perla-della-polonia\\\/#primaryimage\",\"url\":\"https:\\\/\\\/www.polonia.travel\\\/it\\\/wp-content\\\/uploads\\\/sites\\\/20\\\/2023\\\/04\\\/wiosna_krokusy_tatry_dolina_chocholowska.jpg\",\"contentUrl\":\"https:\\\/\\\/www.polonia.travel\\\/it\\\/wp-content\\\/uploads\\\/sites\\\/20\\\/2023\\\/04\\\/wiosna_krokusy_tatry_dolina_chocholowska.jpg\",\"width\":1900,\"height\":890},{\"@type\":\"BreadcrumbList\",\"@id\":\"https:\\\/\\\/www.polonia.travel\\\/it\\\/malopolska-perla-della-polonia\\\/#breadcrumb\",\"itemListElement\":[{\"@type\":\"ListItem\",\"position\":1,\"name\":\"Home page\",\"item\":\"https:\\\/\\\/www.polonia.travel\\\/it\\\/\"},{\"@type\":\"ListItem\",\"position\":2,\"name\":\"Scopri i luoghi\",\"item\":\"https:\\\/\\\/www.polonia.travel\\\/it\\\/category\\\/scopri-i-luoghi\\\/\"},{\"@type\":\"ListItem\",\"position\":3,\"name\":\"Regioni\",\"item\":\"https:\\\/\\\/www.polonia.travel\\\/it\\\/category\\\/scopri-i-luoghi\\\/regioni\\\/\"},{\"@type\":\"ListItem\",\"position\":4,\"name\":\"La Malopolska\"}]},{\"@type\":\"WebSite\",\"@id\":\"https:\\\/\\\/www.polonia.travel\\\/it\\\/#website\",\"url\":\"https:\\\/\\\/www.polonia.travel\\\/it\\\/\",\"name\":\"Polonia Travel (IT)\",\"description\":\"...\",\"publisher\":{\"@id\":\"https:\\\/\\\/www.polonia.travel\\\/it\\\/#organization\"},\"potentialAction\":[{\"@type\":\"SearchAction\",\"target\":{\"@type\":\"EntryPoint\",\"urlTemplate\":\"https:\\\/\\\/www.polonia.travel\\\/it\\\/?s={search_term_string}\"},\"query-input\":{\"@type\":\"PropertyValueSpecification\",\"valueRequired\":true,\"valueName\":\"search_term_string\"}}],\"inLanguage\":\"pl-PL\"},{\"@type\":\"Organization\",\"@id\":\"https:\\\/\\\/www.polonia.travel\\\/it\\\/#organization\",\"name\":\"Polonia Travel (IT)\",\"url\":\"https:\\\/\\\/www.polonia.travel\\\/it\\\/\",\"logo\":{\"@type\":\"ImageObject\",\"inLanguage\":\"pl-PL\",\"@id\":\"https:\\\/\\\/www.polonia.travel\\\/it\\\/#\\\/schema\\\/logo\\\/image\\\/\",\"url\":\"\",\"contentUrl\":\"\",\"caption\":\"Polonia Travel (IT)\"},\"image\":{\"@id\":\"https:\\\/\\\/www.polonia.travel\\\/it\\\/#\\\/schema\\\/logo\\\/image\\\/\"}},{\"@type\":\"Person\",\"@id\":\"\"}]}<\/script>\n<!-- \/ Yoast SEO plugin. -->","yoast_head_json":{"title":"La Malopolska - Polonia Travel (IT)","robots":{"index":"index","follow":"follow","max-snippet":"max-snippet:-1","max-image-preview":"max-image-preview:large","max-video-preview":"max-video-preview:-1"},"canonical":"https:\/\/www.polonia.travel\/it\/malopolska-perla-della-polonia\/","og_locale":"pl_PL","og_type":"article","og_title":"La Malopolska - Polonia Travel (IT)","og_description":"Piccola Polonia \u2013 Unica ed eccezionale Risuona con le note del richiamo alla tromba di Cracovia e con quelle della musica suonata nelle piccole capanne di legno, nelle ville e nelle chiese; richiama con lo sciabordio delle onde schiumose del fiume Dunajec; affascina con le statue di sale negli anfratti delle miniere, con la bellezza [&hellip;]","og_url":"https:\/\/www.polonia.travel\/it\/malopolska-perla-della-polonia\/","og_site_name":"Polonia Travel (IT)","article_published_time":"2024-07-10T09:46:10+00:00","article_modified_time":"2025-06-24T13:40:31+00:00","og_image":[{"width":1900,"height":890,"url":"https:\/\/www.polonia.travel\/it\/wp-content\/uploads\/sites\/20\/2023\/04\/wiosna_krokusy_tatry_dolina_chocholowska.jpg","type":"image\/jpeg"}],"twitter_card":"summary_large_image","twitter_misc":{"Napisane przez":"","Szacowany czas czytania":"9 minut"},"schema":{"@context":"https:\/\/schema.org","@graph":[{"@type":"Article","@id":"https:\/\/www.polonia.travel\/it\/malopolska-perla-della-polonia\/#article","isPartOf":{"@id":"https:\/\/www.polonia.travel\/it\/malopolska-perla-della-polonia\/"},"author":{"name":"","@id":""},"headline":"La Malopolska","datePublished":"2024-07-10T09:46:10+00:00","dateModified":"2025-06-24T13:40:31+00:00","mainEntityOfPage":{"@id":"https:\/\/www.polonia.travel\/it\/malopolska-perla-della-polonia\/"},"wordCount":1400,"commentCount":8,"publisher":{"@id":"https:\/\/www.polonia.travel\/it\/#organization"},"image":{"@id":"https:\/\/www.polonia.travel\/it\/malopolska-perla-della-polonia\/#primaryimage"},"thumbnailUrl":"https:\/\/www.polonia.travel\/it\/wp-content\/uploads\/sites\/20\/2023\/04\/wiosna_krokusy_tatry_dolina_chocholowska.jpg","keywords":["it","regioni"],"articleSection":["Regioni"],"inLanguage":"pl-PL"},{"@type":"WebPage","@id":"https:\/\/www.polonia.travel\/it\/malopolska-perla-della-polonia\/","url":"https:\/\/www.polonia.travel\/it\/malopolska-perla-della-polonia\/","name":"La Malopolska - Polonia Travel (IT)","isPartOf":{"@id":"https:\/\/www.polonia.travel\/it\/#website"},"primaryImageOfPage":{"@id":"https:\/\/www.polonia.travel\/it\/malopolska-perla-della-polonia\/#primaryimage"},"image":{"@id":"https:\/\/www.polonia.travel\/it\/malopolska-perla-della-polonia\/#primaryimage"},"thumbnailUrl":"https:\/\/www.polonia.travel\/it\/wp-content\/uploads\/sites\/20\/2023\/04\/wiosna_krokusy_tatry_dolina_chocholowska.jpg","datePublished":"2024-07-10T09:46:10+00:00","dateModified":"2025-06-24T13:40:31+00:00","breadcrumb":{"@id":"https:\/\/www.polonia.travel\/it\/malopolska-perla-della-polonia\/#breadcrumb"},"inLanguage":"pl-PL","potentialAction":[{"@type":"ReadAction","target":["https:\/\/www.polonia.travel\/it\/malopolska-perla-della-polonia\/"]}]},{"@type":"ImageObject","inLanguage":"pl-PL","@id":"https:\/\/www.polonia.travel\/it\/malopolska-perla-della-polonia\/#primaryimage","url":"https:\/\/www.polonia.travel\/it\/wp-content\/uploads\/sites\/20\/2023\/04\/wiosna_krokusy_tatry_dolina_chocholowska.jpg","contentUrl":"https:\/\/www.polonia.travel\/it\/wp-content\/uploads\/sites\/20\/2023\/04\/wiosna_krokusy_tatry_dolina_chocholowska.jpg","width":1900,"height":890},{"@type":"BreadcrumbList","@id":"https:\/\/www.polonia.travel\/it\/malopolska-perla-della-polonia\/#breadcrumb","itemListElement":[{"@type":"ListItem","position":1,"name":"Home page","item":"https:\/\/www.polonia.travel\/it\/"},{"@type":"ListItem","position":2,"name":"Scopri i luoghi","item":"https:\/\/www.polonia.travel\/it\/category\/scopri-i-luoghi\/"},{"@type":"ListItem","position":3,"name":"Regioni","item":"https:\/\/www.polonia.travel\/it\/category\/scopri-i-luoghi\/regioni\/"},{"@type":"ListItem","position":4,"name":"La Malopolska"}]},{"@type":"WebSite","@id":"https:\/\/www.polonia.travel\/it\/#website","url":"https:\/\/www.polonia.travel\/it\/","name":"Polonia Travel (IT)","description":"...","publisher":{"@id":"https:\/\/www.polonia.travel\/it\/#organization"},"potentialAction":[{"@type":"SearchAction","target":{"@type":"EntryPoint","urlTemplate":"https:\/\/www.polonia.travel\/it\/?s={search_term_string}"},"query-input":{"@type":"PropertyValueSpecification","valueRequired":true,"valueName":"search_term_string"}}],"inLanguage":"pl-PL"},{"@type":"Organization","@id":"https:\/\/www.polonia.travel\/it\/#organization","name":"Polonia Travel (IT)","url":"https:\/\/www.polonia.travel\/it\/","logo":{"@type":"ImageObject","inLanguage":"pl-PL","@id":"https:\/\/www.polonia.travel\/it\/#\/schema\/logo\/image\/","url":"","contentUrl":"","caption":"Polonia Travel (IT)"},"image":{"@id":"https:\/\/www.polonia.travel\/it\/#\/schema\/logo\/image\/"}},{"@type":"Person","@id":""}]}},"_links":{"self":[{"href":"https:\/\/www.polonia.travel\/it\/wp-json\/wp\/v2\/posts\/31259","targetHints":{"allow":["GET"]}}],"collection":[{"href":"https:\/\/www.polonia.travel\/it\/wp-json\/wp\/v2\/posts"}],"about":[{"href":"https:\/\/www.polonia.travel\/it\/wp-json\/wp\/v2\/types\/post"}],"author":[{"embeddable":true,"href":"https:\/\/www.polonia.travel\/it\/wp-json\/wp\/v2\/users\/1"}],"replies":[{"embeddable":true,"href":"https:\/\/www.polonia.travel\/it\/wp-json\/wp\/v2\/comments?post=31259"}],"version-history":[{"count":11,"href":"https:\/\/www.polonia.travel\/it\/wp-json\/wp\/v2\/posts\/31259\/revisions"}],"predecessor-version":[{"id":41694,"href":"https:\/\/www.polonia.travel\/it\/wp-json\/wp\/v2\/posts\/31259\/revisions\/41694"}],"wp:featuredmedia":[{"embeddable":true,"href":"https:\/\/www.polonia.travel\/it\/wp-json\/wp\/v2\/media\/22965"}],"wp:attachment":[{"href":"https:\/\/www.polonia.travel\/it\/wp-json\/wp\/v2\/media?parent=31259"}],"wp:term":[{"taxonomy":"category","embeddable":true,"href":"https:\/\/www.polonia.travel\/it\/wp-json\/wp\/v2\/categories?post=31259"}],"curies":[{"name":"wp","href":"https:\/\/api.w.org\/{rel}","templated":true}]}}