{"id":31230,"date":"2024-08-30T14:47:55","date_gmt":"2024-08-30T12:47:55","guid":{"rendered":"https:\/\/www.polonia.travel\/it\/?p=31230"},"modified":"2025-02-20T15:32:45","modified_gmt":"2025-02-20T14:32:45","slug":"regione-podkarpackie-spazio-per-il-tempo-libero","status":"publish","type":"post","link":"https:\/\/www.polonia.travel\/it\/regione-podkarpackie-spazio-per-il-tempo-libero\/","title":{"rendered":"Regione Podkarpackie, Spazio Per Il Tempo Libero"},"content":{"rendered":"\n<div class=\"wp-block-group is-style-container-medium\"><div class=\"wp-block-group__inner-container is-layout-constrained wp-block-group-is-layout-constrained\">\n<h3 class=\"wp-block-heading\">Regione Podkarpackie, Spazio Per Il Tempo Libero<\/h3>\n\n\n\n<div style=\"height:100px\" aria-hidden=\"true\" class=\"wp-block-spacer is-style-spacer-small\"><\/div>\n\n\n\n<p>Nel sud-est della Polonia c\u2019\u00e8 una regione dove il tempo scorre pi\u00f9 lentamente, dove facendo delle lunghe passeggiate si possono incontrare pi\u00f9 animali selvatici che turisti, un crocevia di culture e il polmone verde di questa parte del Paese: la Regione Podkarpackie! Scopriamo insieme cosa ci offre questa terra ricca di risorse.<\/p>\n<\/div><\/div>\n\n\n\n<div style=\"height:100px\" aria-hidden=\"true\" class=\"wp-block-spacer is-style-spacer-small\"><\/div>\n\n\n\n<div class=\"wp-block-group is-style-container\"><div class=\"wp-block-group__inner-container is-layout-constrained wp-block-group-is-layout-constrained\">  <div class=\"gallery-tiles gallery-tiles--rows-2-3 lightgallery\">\r\n          <a href=\"https:\/\/www.polonia.travel\/it\/wp-content\/uploads\/sites\/20\/2023\/07\/rys_1170.jpg\" class=\"gallery-tiles__item\" data-src=\"https:\/\/www.polonia.travel\/it\/wp-content\/uploads\/sites\/20\/2023\/07\/rys_1170.jpg\"\r\n        aria-label=\"Otw\u00f3rz powi\u0119kszone zdj\u0119cie: rys_1170\">\r\n        <img loading=\"lazy\" decoding=\"async\" width=\"1170\" height=\"780\" src=\"https:\/\/www.polonia.travel\/it\/wp-content\/uploads\/sites\/20\/2023\/07\/rys_1170.jpg\" class=\"gallery-tiles__thumb\" alt=\"\" srcset=\"https:\/\/www.polonia.travel\/it\/wp-content\/uploads\/sites\/20\/2023\/07\/rys_1170.jpg 1170w, https:\/\/www.polonia.travel\/it\/wp-content\/uploads\/sites\/20\/2023\/07\/rys_1170-600x400.jpg 600w, https:\/\/www.polonia.travel\/it\/wp-content\/uploads\/sites\/20\/2023\/07\/rys_1170-768x512.jpg 768w\" sizes=\"auto, (max-width: 1170px) 100vw, 1170px\" \/>      <\/a>\r\n          <a href=\"https:\/\/www.polonia.travel\/it\/wp-content\/uploads\/sites\/20\/2023\/07\/Smolnik_cerkiew_Michala_Archaniola-scaled.jpg\" class=\"gallery-tiles__item\" data-src=\"https:\/\/www.polonia.travel\/it\/wp-content\/uploads\/sites\/20\/2023\/07\/Smolnik_cerkiew_Michala_Archaniola-scaled.jpg\"\r\n        aria-label=\"Otw\u00f3rz powi\u0119kszone zdj\u0119cie: Cerkiew w Smolnikach - Drewniane cerkwie w polskim i ukrai\u0144skim regionie Karpat\">\r\n        <img loading=\"lazy\" decoding=\"async\" width=\"1200\" height=\"800\" src=\"https:\/\/www.polonia.travel\/it\/wp-content\/uploads\/sites\/20\/2023\/07\/Smolnik_cerkiew_Michala_Archaniola-1200x800.jpg\" class=\"gallery-tiles__thumb\" alt=\"Cerkiew w Smolnikach - Drewniane cerkwie w polskim i ukrai\u0144skim regionie Karpat\" srcset=\"https:\/\/www.polonia.travel\/it\/wp-content\/uploads\/sites\/20\/2023\/07\/Smolnik_cerkiew_Michala_Archaniola-1200x800.jpg 1200w, https:\/\/www.polonia.travel\/it\/wp-content\/uploads\/sites\/20\/2023\/07\/Smolnik_cerkiew_Michala_Archaniola-600x400.jpg 600w, https:\/\/www.polonia.travel\/it\/wp-content\/uploads\/sites\/20\/2023\/07\/Smolnik_cerkiew_Michala_Archaniola-768x512.jpg 768w, https:\/\/www.polonia.travel\/it\/wp-content\/uploads\/sites\/20\/2023\/07\/Smolnik_cerkiew_Michala_Archaniola-1536x1024.jpg 1536w, https:\/\/www.polonia.travel\/it\/wp-content\/uploads\/sites\/20\/2023\/07\/Smolnik_cerkiew_Michala_Archaniola-2048x1365.jpg 2048w, https:\/\/www.polonia.travel\/it\/wp-content\/uploads\/sites\/20\/2023\/07\/Smolnik_cerkiew_Michala_Archaniola-1920x1280.jpg 1920w\" sizes=\"auto, (max-width: 1200px) 100vw, 1200px\" \/>      <\/a>\r\n          <a href=\"https:\/\/www.polonia.travel\/it\/wp-content\/uploads\/sites\/20\/2024\/05\/16xPodk_Bieszczady.jpeg\" class=\"gallery-tiles__item\" data-src=\"https:\/\/www.polonia.travel\/it\/wp-content\/uploads\/sites\/20\/2024\/05\/16xPodk_Bieszczady.jpeg\"\r\n        aria-label=\"Otw\u00f3rz powi\u0119kszone zdj\u0119cie: 16xPodk_Bieszczady\">\r\n        <img loading=\"lazy\" decoding=\"async\" width=\"787\" height=\"510\" src=\"https:\/\/www.polonia.travel\/it\/wp-content\/uploads\/sites\/20\/2024\/05\/16xPodk_Bieszczady.jpeg\" class=\"gallery-tiles__thumb\" alt=\"\" srcset=\"https:\/\/www.polonia.travel\/it\/wp-content\/uploads\/sites\/20\/2024\/05\/16xPodk_Bieszczady.jpeg 787w, https:\/\/www.polonia.travel\/it\/wp-content\/uploads\/sites\/20\/2024\/05\/16xPodk_Bieszczady-600x389.jpeg 600w, https:\/\/www.polonia.travel\/it\/wp-content\/uploads\/sites\/20\/2024\/05\/16xPodk_Bieszczady-768x498.jpeg 768w\" sizes=\"auto, (max-width: 787px) 100vw, 787px\" \/>      <\/a>\r\n          <a href=\"https:\/\/www.polonia.travel\/it\/wp-content\/uploads\/sites\/20\/2024\/05\/16xPodkarp_niebo-min-2.jpg\" class=\"gallery-tiles__item\" data-src=\"https:\/\/www.polonia.travel\/it\/wp-content\/uploads\/sites\/20\/2024\/05\/16xPodkarp_niebo-min-2.jpg\"\r\n        aria-label=\"Otw\u00f3rz powi\u0119kszone zdj\u0119cie: 16xPodkarp_niebo-min-2\">\r\n        <img loading=\"lazy\" decoding=\"async\" width=\"709\" height=\"472\" src=\"https:\/\/www.polonia.travel\/it\/wp-content\/uploads\/sites\/20\/2024\/05\/16xPodkarp_niebo-min-2.jpg\" class=\"gallery-tiles__thumb\" alt=\"\" srcset=\"https:\/\/www.polonia.travel\/it\/wp-content\/uploads\/sites\/20\/2024\/05\/16xPodkarp_niebo-min-2.jpg 709w, https:\/\/www.polonia.travel\/it\/wp-content\/uploads\/sites\/20\/2024\/05\/16xPodkarp_niebo-min-2-600x399.jpg 600w\" sizes=\"auto, (max-width: 709px) 100vw, 709px\" \/>      <\/a>\r\n      <\/div>\r\n<\/div><\/div>\n\n\n\n<div style=\"height:100px\" aria-hidden=\"true\" class=\"wp-block-spacer is-style-spacer-small\"><\/div>\n\n\n\n<div class=\"wp-block-group is-style-container-medium\"><div class=\"wp-block-group__inner-container is-layout-constrained wp-block-group-is-layout-constrained\">\n<p><strong>1.&nbsp;&nbsp;&nbsp;&nbsp; La \u201eterra verde\u201d<\/strong><\/p>\n\n\n\n<p>Podkarpackie \u00e8 una delle regioni pi\u00f9 verdi della\u00a0Polonia Quasi la met\u00e0 del suo territorio \u00e8 sotto protezione! La sua parte meridionale \u00e8 abitata dall\u2019orso bruno, il 90% della popolazione totale polacca di questo animale si trova proprio qui. Ed \u00e8 risaputo: l\u2019orso bruno \u00e8 un grande amante del verde, infatti 1\/3 di Podkarpackie \u00e8 ricoperto di boschi e prati. Parte di questi boschi sono dei residui dell\u2019antica Foresta della Carpazia. Nella regione incontreremo anche il re delle foreste, il magnifico bisonte europeo (zubr), la lince, il gatto selvatico e l\u2019aquila.\u00a0<\/p>\n\n\n\n<p><strong>2.&nbsp;&nbsp;&nbsp;&nbsp; Centinaia di chilometri di percorsi ciclistici<\/strong><\/p>\n\n\n\n<p>1800 km di itinerari ciclistici (di cui 400 km nel percorso\u00a0<a href=\"https:\/\/www.facebook.com\/greenvelo\/?fref=mentions\" target=\"_blank\" rel=\"noreferrer noopener\">Green Velo<\/a>) di varia difficolt\u00e0 che passano attraverso la montagna, sulle colline, nelle foreste, nelle pianure verdeggianti, nei villaggi e nelle citt\u00e0 e presso i pi\u00f9 bei monumenti, tra cui le chiese in legno patrimonio UNESCO. Se siete amanti dei viaggi in bici, la Regione Podkarpackie fa al caso vostro!<\/p>\n\n\n\n<p>I percorsi pi\u00f9 difficili attraversano le zone montane: i Monti Bieszczady, il Beskid Niski (Beschidi Bassi) e i Monti S\u0142onne. Per le famiglie e per chi \u00e8 alle prime armi con il ciclismo, sono consigliabili i percorsi meno impegnativi, come i 400 km del <a href=\"https:\/\/greenvelo.pl\/portal\/en\/kingdom\/carpathian-plateau\" target=\"_blank\" rel=\"noreferrer noopener\"><strong>percorso Green Velo<\/strong><\/a>.<\/p>\n\n\n\n<p><strong>3.&nbsp;&nbsp;&nbsp;&nbsp; Le perle dell\u2019architettura in legno, siti UNESCO<\/strong><\/p>\n\n\n\n<p>L\u2019Itinerario dell\u2019Architettura in Legno della Regione\u00a0<a href=\"https:\/\/www.facebook.com\/hashtag\/podkarpackie?source=feed_text&amp;story_id=1717300828310502\" target=\"_blank\" rel=\"noreferrer noopener\">#Podkarpackie<\/a>\u00a0conta ben 130 edifici unici, di cui 6 sono Patrimonio dell\u2019Umanit\u00e0\u00a0<a href=\"https:\/\/www.facebook.com\/hashtag\/unesco?source=feed_text&amp;story_id=1717300828310502\" target=\"_blank\" rel=\"noreferrer noopener\">#UNESCO<\/a>. Si tratta delle chiede ortodosse e cattoliche a Blizno, Haczow, Chotyniec, Radru\u017c, Smolnik e Turza\u0144sk. Di particolare interesse \u00e8 anche il Museo all\u2019Aperto dell\u2019Architettura Popolare a Sanok; \u00e8 il pi\u00f9 grande museo all\u2019aperto della Polonia, capace di rendere l\u2019atmosfera dei villaggi e delle cittadine della Polonia sud-orientale di una volta.<\/p>\n\n\n\n<p>Scegliendo di percorrere l\u2019Itinerario dell\u2019Architettura in Legno, inizieremo un magico viaggio nel tempo!<\/p>\n\n\n\n<p>Szczeg\u00f3lnie cenne s\u0105 obiekty UNESCO oraz Muzeum Budownictwa Ludowego w Sanoku.<\/p>\n\n\n\n<p><a href=\"http:\/\/podkarpackie.travel\/en\/unesco-in-podkarpackie\" target=\"_blank\" rel=\"noreferrer noopener\">http:\/\/podkarpackie.travel\/en\/unesco-in-podkarpackie<\/a><\/p>\n\n\n\n<p><strong>4.&nbsp;&nbsp;&nbsp;&nbsp; Rzesz\u00f3w, il capoluogo<\/strong><\/p>\n\n\n\n<p>Ed eccoci nel capoluogo della Regione Podkarpackie, Rzesz\u00f3w! Una citt\u00e0 che, nonostante abbia i pregi di una citt\u00e0 moderna, ha preservato anche il fascino di una cittadina dell\u2019antica Galizia, verde, piena di fiori, amichevole, sicura, pulita\u2026<\/p>\n\n\n\n<p>Una delle attrazioni di questa citt\u00e0 \u00e8 senza dubbio il percorso sotterraneo \u201cLe cantine di Rzeszow\u201d (\u201cRzeszowskie piwnice\u201c) sitosotto la Piazza del mercato, lungo 369 m. Da visitare anche il Castello e il palazzo estivo. Durante la stagione primavera-estate la citt\u00e0 viene animata da vari eventi, come lo \u201cStadio Europeo della Cultura\u201d (Europejski Stadion Kultury <a href=\"http:\/\/stadionkultury.pl\/\" target=\"_blank\" rel=\"noreferrer noopener\">http:\/\/stadionkultury.pl\/<\/a>), Rzesz\u00f3w Carpathia Festival <a href=\"http:\/\/www.carpathia.rzeszow.pl\" target=\"_blank\" rel=\"noreferrer noopener\">http:\/\/www.carpathia.rzeszow.pl<\/a><\/p>\n\n\n\n<p><strong>5.&nbsp;&nbsp;&nbsp;&nbsp; Monti Bieszczady<\/strong><\/p>\n\n\n\n<p>I Monti Bieszczady sono le montagne pi\u00f9 \u201cwild\u201d della Polonia. Non troppo alti, attraggono con la natura incontaminata, i paesaggi mozzafiato, la pace e le caratteristiche, pittoresche vette scolpite dal vento.<\/p>\n\n\n\n<p>Il <a href=\"https:\/\/www.polonia.travel\/it\/i-parchi-nazionali\/il-parco-nazionale-dei-bieszczady%20\"><strong>Parco Nazionale dei Monti Bieszczady<\/strong><\/a>\u00a0occupa la maggior parte dei Monti Bieszczady occidentali, la cui vetta principale \u00e8 la Tarnica (1346 m.).\u00a0<br>Singolari nel Parco sono i dorsali con gli erbosi pascoli di montagna (detti polonina), come la Polonina Carynska e la Polonina Wetlinska, dove crescono rare specie di piante proprie dei Carpazi orientali.\u00a0<br>L&#8217;87% della superficie del Parco \u00e8 coperta da boschi, in prevalenza faggeti, ma anche aceri e abeti bianchi.\u00a0<br>Qui vivono l&#8217;orso, il lupo, il cervo, il bisonte, la lince e circa 150 specie di uccelli.<\/p>\n\n\n\n<p>Le montagne si possono visitare a piedi o per mezzo di un trenino con ferrovia a scartamento ridotto.<\/p>\n\n\n\n<p><strong>6.&nbsp;&nbsp;&nbsp;&nbsp; La Citt\u00e0 del Vetro &#8211; Krosno<\/strong><\/p>\n\n\n\n<p>Nella localit\u00e0 di&nbsp;Krosno, chiamata la \u201cCitt\u00e0 del vetro\u201d, avranno lavorato probabilmente ogni tipo di vetro, e non c\u2019\u00e8 casa polacca che si rispetti senza i prodotti in vetro di queste parti. Ma non solo! Il tipico design delle fabbriche di Krosno \u00e8 arrivato anche sulle tavole della Regina inglese Elisabetta II, il Re spagnolo Juan Carlos e dell\u2019Imperatrice del Giappone.&nbsp;Il design delle fabbriche di vetro di Krosno \u00e8 ormai ampiamente riconosciuto.<br>Potete visitare il Centro interattivo con esposizioni dedicate al vetro, con dimostrazioni di lavorazione del vetro e l\u2019Itinerario del Vetro, sul quale vedrete delle incredibili sculture.<\/p>\n\n\n\n<p><strong>7.&nbsp;&nbsp;&nbsp;&nbsp; La cucina regionale<\/strong><\/p>\n\n\n\n<p>La Regione&nbsp;Podkarpackie \u00e8 stato per secoli un crocevia di nazionalit\u00e0 ed etnie. Un patrimonio culturale del genere non poteva non lasciare tracce sulla fenomenale cucina regionale!&nbsp;<br>Selvaggina preparata secondo ricette secolari e servita nel contesto dei palazzi rinascimentali e barocchi, trattorie locali che rimandano alle tradizioni umili, contadine, rivisitate e servite con tutta la cordialit\u00e0 di queste terre. Ottimi mieli, il pane fatto \u201ccome una volta\u201d e le influenze di gruppi etnici, come i Boyko e i Lemko caratterizzano questa deliziosa e variegata tradizione culinaria. Buon appetito!<\/p>\n\n\n\n<p><strong>8.&nbsp;&nbsp;&nbsp;&nbsp; Castelli e palazzi<\/strong><\/p>\n\n\n\n<p>Essere una principessa\u2026 Sar\u00e0 pi\u00f9 facile calarsi nel ruolo in uno dei castelli della Regione Podkarpackie, in particolar modo di quello di Lancut. Mentre se vuoi scoprire delle perle di architettura rinascimentale, visita i castelli di Baranow Sandomierski o Krasiczyn. Alla ricerca di un\u2019ottima cucina di origini nobili? Viene servita nel Castello Dubiecko. Voglia di assaggiare i vini locali? Verranno serviti nel Palazzo Kombornia. Mentre dei capolavori di pittura sono esposti al castello di Tarnobrzeg.<\/p>\n\n\n\n<p>I castelli e i palazzi della Regione Podkarpackie riflettono la variet\u00e0, la complessit\u00e0 e la bellezza di tutta la regione!<\/p>\n\n\n\n<p><strong>9.&nbsp;&nbsp;&nbsp;&nbsp; A cavallo nel \u201cwild west\u201d della Polonia<\/strong><\/p>\n\n\n\n<p>La leggenda del \u201cwild west\u201d polacco \u00e8 nata proprio qui, nei Monti Bieszczady, nel sud della Regione Podkarpacie. Visitate questa terra in sella ad un particolare cavallo \u201cil hucul\u201d, un esemplare robusto e coraggioso appartenente alla razza equina pi\u00f9 antica presente in Polonia che non teme le altitudini e il terreno difficile. Potete scegliere di visitare le montagne con un gruppo che si avventurer\u00e0 nella natura anche per diversi giorni, per vivere la vostra personale avventura dal sapore western.<\/p>\n\n\n\n<p>Nella regione ci sono centinaia di chilometri di percorsi equini e oltre 100 scuole di equitazione.&nbsp;<\/p>\n\n\n\n<p><strong>10. Osservare il cielo stellato<\/strong><\/p>\n\n\n\n<p>Occhi in su! Lo sapevate che uno dei posti migliori per osservare il cielo stellato in Europa si trova proprio in Polonia? In particolar modo, in notti con la luna nuova, se vi doveste trovare nei Monti Bieszczady, non dimenticatevi di guardare il cielo! La Via Lattea sembra una nuvola scintillante e senza telescopio possiamo osservare 7000 stelle. Quando alziamo lo sguardo, vediamo il cielo cos\u00ec come lo vedevano i nostri avi centinaia di anni fa.<br>Una delle attrazioni della regione \u00e8 infatti il Parco del Cielo Stellato \u201cBieszczady\u201d, istituito proprio perch\u00e9 la qualit\u00e0 del cielo notturno e la poca illuminazione con la luce artificiale rendono questi luoghi un posto perfetto per capire i misteri delle stelle.&nbsp;<\/p>\n<\/div><\/div>\n\n\n\n<div class=\"wp-block-group has-background\" style=\"background-color:#eeeeee\"><div class=\"wp-block-group__inner-container is-layout-constrained wp-block-group-is-layout-constrained\">\n<div style=\"height:100px\" aria-hidden=\"true\" class=\"wp-block-spacer is-style-spacer-small\"><\/div>\n\n\n\n<div class=\"wp-block-group is-style-container\"><div class=\"wp-block-group__inner-container is-layout-constrained wp-block-group-is-layout-constrained\">\n<h3 class=\"wp-block-heading\"><strong>Scopri di pi\u00f9<\/strong>:<\/h3>\n\n\n\n<div style=\"height:100px\" aria-hidden=\"true\" class=\"wp-block-spacer is-style-spacer-small\"><\/div>\n\n\n<div class=\"overflow\">\n  <div class=\"post-slider swiper post-slider--small\" data-schema=\"small\">\n\n    <div class=\"swiper-wrapper\">\n              <div class=\"swiper-slide post-slide\">\n                      <a href=\"https:\/\/www.polonia.travel\/it\/cracovia-sotto-unaltra-luce-natura-arte-e-scoperta\/\" class=\"post-box post-box--small\" style=\" background-image: url(https:\/\/www.polonia.travel\/it\/wp-content\/uploads\/sites\/20\/2025\/02\/Krakow_GettyImages-157441338.jpg);\">\n        <div class=\"post-box__info\">\n            <div class=\"post-box__title\">Cracovia sotto un\u2019altra luce. Natura, arte e scoperta<\/div>\n      <div class=\"post-box__more\">Leggi di pi\u00f9<\/div>\n    <\/div>\n  <\/a>\n\n          <\/div>\n              <div class=\"swiper-slide post-slide\">\n                      <a href=\"https:\/\/www.polonia.travel\/it\/malopolska-tanto-di-noto-e-altrettanto-da-scoprire\/\" class=\"post-box post-box--small\" style=\" background-image: url(https:\/\/www.polonia.travel\/it\/wp-content\/uploads\/sites\/20\/2025\/04\/7429_Pieskowa-skala_maczuga-Herkulesa_AB_HR.jpg);\">\n        <div class=\"post-box__info\">\n            <div class=\"post-box__title\">Ma\u0142opolska, tanto di noto e altrettanto da scoprire!<\/div>\n      <div class=\"post-box__more\">Leggi di pi\u00f9<\/div>\n    <\/div>\n  <\/a>\n\n          <\/div>\n              <div class=\"swiper-slide post-slide\">\n                      <a href=\"https:\/\/www.polonia.travel\/it\/varmia-e-masuria-lelogio-della-lentezza\/\" class=\"post-box post-box--small\" style=\" background-image: url(https:\/\/www.polonia.travel\/it\/wp-content\/uploads\/sites\/20\/2022\/12\/mazury_mragowo_jezioro_czos_1170-600x400.jpg);\">\n        <div class=\"post-box__info\">\n            <div class=\"post-box__title\">Varmia e Masuria, l\u2019elogio della lentezza<\/div>\n      <div class=\"post-box__more\">Leggi di pi\u00f9<\/div>\n    <\/div>\n  <\/a>\n\n          <\/div>\n              <div class=\"swiper-slide post-slide\">\n                      <a href=\"https:\/\/www.polonia.travel\/it\/la-bassa-slesia-una-terra-di-magia-tutta-da-scoprire\/\" class=\"post-box post-box--small\" style=\" background-image: url(https:\/\/www.polonia.travel\/it\/wp-content\/uploads\/sites\/20\/2025\/01\/245373114_Wroclaw_ratusz_Adobe-2.jpg);\">\n        <div class=\"post-box__info\">\n            <div class=\"post-box__title\">La Bassa Slesia \u2013 una terra di magia tutta da scoprire<\/div>\n      <div class=\"post-box__more\">Leggi di pi\u00f9<\/div>\n    <\/div>\n  <\/a>\n\n          <\/div>\n              <div class=\"swiper-slide post-slide\">\n                      <a href=\"https:\/\/www.polonia.travel\/it\/wielkopolska-una-vacanza-alternativa-allinsegna-di-storia-e-natura\/\" class=\"post-box post-box--small\" style=\" background-image: url(https:\/\/www.polonia.travel\/it\/wp-content\/uploads\/sites\/20\/2023\/07\/POZNAN_1-600x400.jpg);\">\n        <div class=\"post-box__info\">\n            <div class=\"post-box__title\">Wielkopolska: una vacanza alternativa all\u2019insegna di storia e natura<\/div>\n      <div class=\"post-box__more\">Leggi di pi\u00f9<\/div>\n    <\/div>\n  <\/a>\n\n          <\/div>\n              <div class=\"swiper-slide post-slide\">\n                      <a href=\"https:\/\/www.polonia.travel\/it\/vacanze-in-pomerania-storia-natura-e-freschezza\/\" class=\"post-box post-box--small\" style=\" background-image: url(https:\/\/www.polonia.travel\/it\/wp-content\/uploads\/sites\/20\/2024\/05\/AdobeStock_284889219_kaszuby-1-600x400.jpeg);\">\n        <div class=\"post-box__info\">\n            <div class=\"post-box__title\">Vacanze in Pomerania: storia, natura e freschezza<\/div>\n      <div class=\"post-box__more\">Leggi di pi\u00f9<\/div>\n    <\/div>\n  <\/a>\n\n          <\/div>\n          <\/div>\n    <div class=\"post-slider__pagination\"><\/div>\n  <\/div>\n<\/div>\n<\/div><\/div>\n\n\n\n<div style=\"height:100px\" aria-hidden=\"true\" class=\"wp-block-spacer is-style-spacer-small\"><\/div>\n<\/div><\/div>\n","protected":false},"excerpt":{"rendered":"<p>Regione Podkarpackie, Spazio Per Il Tempo Libero Nel sud-est della Polonia c\u2019\u00e8 una regione dove il tempo scorre pi\u00f9 lentamente, dove facendo delle lunghe passeggiate si possono incontrare pi\u00f9 animali selvatici che turisti, un crocevia di culture e il polmone verde di questa parte del Paese: la Regione Podkarpackie! Scopriamo insieme cosa ci offre questa [&hellip;]<\/p>\n","protected":false},"author":1,"featured_media":18400,"comment_status":"open","ping_status":"open","sticky":false,"template":"","format":"standard","meta":{"_acf_changed":false,"footnotes":""},"categories":[1],"class_list":["post-31230","post","type-post","status-publish","format-standard","has-post-thumbnail","hentry","category-archiwum"],"acf":[],"yoast_head":"<!-- This site is optimized with the Yoast SEO plugin v27.4 - https:\/\/yoast.com\/product\/yoast-seo-wordpress\/ -->\n<title>Regione Podkarpackie, Spazio Per Il Tempo Libero - Polonia Travel (IT)<\/title>\n<meta name=\"robots\" content=\"index, follow, max-snippet:-1, max-image-preview:large, max-video-preview:-1\" \/>\n<link rel=\"canonical\" href=\"https:\/\/www.polonia.travel\/it\/regione-podkarpackie-spazio-per-il-tempo-libero\/\" \/>\n<meta property=\"og:locale\" content=\"pl_PL\" \/>\n<meta property=\"og:type\" content=\"article\" \/>\n<meta property=\"og:title\" content=\"Regione Podkarpackie, Spazio Per Il Tempo Libero - Polonia Travel (IT)\" \/>\n<meta property=\"og:description\" content=\"Regione Podkarpackie, Spazio Per Il Tempo Libero Nel sud-est della Polonia c\u2019\u00e8 una regione dove il tempo scorre pi\u00f9 lentamente, dove facendo delle lunghe passeggiate si possono incontrare pi\u00f9 animali selvatici che turisti, un crocevia di culture e il polmone verde di questa parte del Paese: la Regione Podkarpackie! Scopriamo insieme cosa ci offre questa [&hellip;]\" \/>\n<meta property=\"og:url\" content=\"https:\/\/www.polonia.travel\/it\/regione-podkarpackie-spazio-per-il-tempo-libero\/\" \/>\n<meta property=\"og:site_name\" content=\"Polonia Travel (IT)\" \/>\n<meta property=\"article:published_time\" content=\"2024-08-30T12:47:55+00:00\" \/>\n<meta property=\"article:modified_time\" content=\"2025-02-20T14:32:45+00:00\" \/>\n<meta property=\"og:image\" content=\"https:\/\/www.polonia.travel\/it\/wp-content\/uploads\/sites\/20\/2023\/01\/bieszczady-pn.jpg\" \/>\n\t<meta property=\"og:image:width\" content=\"1920\" \/>\n\t<meta property=\"og:image:height\" content=\"570\" \/>\n\t<meta property=\"og:image:type\" content=\"image\/jpeg\" \/>\n<meta name=\"twitter:card\" content=\"summary_large_image\" \/>\n<meta name=\"twitter:label1\" content=\"Napisane przez\" \/>\n\t<meta name=\"twitter:data1\" content=\"\" \/>\n\t<meta name=\"twitter:label2\" content=\"Szacowany czas czytania\" \/>\n\t<meta name=\"twitter:data2\" content=\"7 minut\" \/>\n<script type=\"application\/ld+json\" class=\"yoast-schema-graph\">{\"@context\":\"https:\\\/\\\/schema.org\",\"@graph\":[{\"@type\":\"Article\",\"@id\":\"https:\\\/\\\/www.polonia.travel\\\/it\\\/regione-podkarpackie-spazio-per-il-tempo-libero\\\/#article\",\"isPartOf\":{\"@id\":\"https:\\\/\\\/www.polonia.travel\\\/it\\\/regione-podkarpackie-spazio-per-il-tempo-libero\\\/\"},\"author\":{\"name\":\"\",\"@id\":\"\"},\"headline\":\"Regione Podkarpackie, Spazio Per Il Tempo Libero\",\"datePublished\":\"2024-08-30T12:47:55+00:00\",\"dateModified\":\"2025-02-20T14:32:45+00:00\",\"mainEntityOfPage\":{\"@id\":\"https:\\\/\\\/www.polonia.travel\\\/it\\\/regione-podkarpackie-spazio-per-il-tempo-libero\\\/\"},\"wordCount\":1183,\"commentCount\":8,\"publisher\":{\"@id\":\"https:\\\/\\\/www.polonia.travel\\\/it\\\/#organization\"},\"image\":{\"@id\":\"https:\\\/\\\/www.polonia.travel\\\/it\\\/regione-podkarpackie-spazio-per-il-tempo-libero\\\/#primaryimage\"},\"thumbnailUrl\":\"https:\\\/\\\/www.polonia.travel\\\/it\\\/wp-content\\\/uploads\\\/sites\\\/20\\\/2023\\\/01\\\/bieszczady-pn.jpg\",\"keywords\":[\"it\",\"16xpolonia-il-festival-virtuale-delle-regioni\"],\"articleSection\":[\"Archiwum\"],\"inLanguage\":\"pl-PL\"},{\"@type\":\"WebPage\",\"@id\":\"https:\\\/\\\/www.polonia.travel\\\/it\\\/regione-podkarpackie-spazio-per-il-tempo-libero\\\/\",\"url\":\"https:\\\/\\\/www.polonia.travel\\\/it\\\/regione-podkarpackie-spazio-per-il-tempo-libero\\\/\",\"name\":\"Regione Podkarpackie, Spazio Per Il Tempo Libero - Polonia Travel (IT)\",\"isPartOf\":{\"@id\":\"https:\\\/\\\/www.polonia.travel\\\/it\\\/#website\"},\"primaryImageOfPage\":{\"@id\":\"https:\\\/\\\/www.polonia.travel\\\/it\\\/regione-podkarpackie-spazio-per-il-tempo-libero\\\/#primaryimage\"},\"image\":{\"@id\":\"https:\\\/\\\/www.polonia.travel\\\/it\\\/regione-podkarpackie-spazio-per-il-tempo-libero\\\/#primaryimage\"},\"thumbnailUrl\":\"https:\\\/\\\/www.polonia.travel\\\/it\\\/wp-content\\\/uploads\\\/sites\\\/20\\\/2023\\\/01\\\/bieszczady-pn.jpg\",\"datePublished\":\"2024-08-30T12:47:55+00:00\",\"dateModified\":\"2025-02-20T14:32:45+00:00\",\"breadcrumb\":{\"@id\":\"https:\\\/\\\/www.polonia.travel\\\/it\\\/regione-podkarpackie-spazio-per-il-tempo-libero\\\/#breadcrumb\"},\"inLanguage\":\"pl-PL\",\"potentialAction\":[{\"@type\":\"ReadAction\",\"target\":[\"https:\\\/\\\/www.polonia.travel\\\/it\\\/regione-podkarpackie-spazio-per-il-tempo-libero\\\/\"]}]},{\"@type\":\"ImageObject\",\"inLanguage\":\"pl-PL\",\"@id\":\"https:\\\/\\\/www.polonia.travel\\\/it\\\/regione-podkarpackie-spazio-per-il-tempo-libero\\\/#primaryimage\",\"url\":\"https:\\\/\\\/www.polonia.travel\\\/it\\\/wp-content\\\/uploads\\\/sites\\\/20\\\/2023\\\/01\\\/bieszczady-pn.jpg\",\"contentUrl\":\"https:\\\/\\\/www.polonia.travel\\\/it\\\/wp-content\\\/uploads\\\/sites\\\/20\\\/2023\\\/01\\\/bieszczady-pn.jpg\",\"width\":1920,\"height\":570,\"caption\":\"Tarniczka. Widok na Szeroki Wierch. Bieszczadzki Park Narodowy. woj. podkarpackie, pow. bieszczadzki, gm. Lutowiska.\"},{\"@type\":\"BreadcrumbList\",\"@id\":\"https:\\\/\\\/www.polonia.travel\\\/it\\\/regione-podkarpackie-spazio-per-il-tempo-libero\\\/#breadcrumb\",\"itemListElement\":[{\"@type\":\"ListItem\",\"position\":1,\"name\":\"Home page\",\"item\":\"https:\\\/\\\/www.polonia.travel\\\/it\\\/\"},{\"@type\":\"ListItem\",\"position\":2,\"name\":\"Archiwum\",\"item\":\"https:\\\/\\\/www.polonia.travel\\\/it\\\/category\\\/archiwum\\\/\"},{\"@type\":\"ListItem\",\"position\":3,\"name\":\"Regione Podkarpackie, Spazio Per Il Tempo Libero\"}]},{\"@type\":\"WebSite\",\"@id\":\"https:\\\/\\\/www.polonia.travel\\\/it\\\/#website\",\"url\":\"https:\\\/\\\/www.polonia.travel\\\/it\\\/\",\"name\":\"Polonia Travel (IT)\",\"description\":\"...\",\"publisher\":{\"@id\":\"https:\\\/\\\/www.polonia.travel\\\/it\\\/#organization\"},\"potentialAction\":[{\"@type\":\"SearchAction\",\"target\":{\"@type\":\"EntryPoint\",\"urlTemplate\":\"https:\\\/\\\/www.polonia.travel\\\/it\\\/?s={search_term_string}\"},\"query-input\":{\"@type\":\"PropertyValueSpecification\",\"valueRequired\":true,\"valueName\":\"search_term_string\"}}],\"inLanguage\":\"pl-PL\"},{\"@type\":\"Organization\",\"@id\":\"https:\\\/\\\/www.polonia.travel\\\/it\\\/#organization\",\"name\":\"Polonia Travel (IT)\",\"url\":\"https:\\\/\\\/www.polonia.travel\\\/it\\\/\",\"logo\":{\"@type\":\"ImageObject\",\"inLanguage\":\"pl-PL\",\"@id\":\"https:\\\/\\\/www.polonia.travel\\\/it\\\/#\\\/schema\\\/logo\\\/image\\\/\",\"url\":\"\",\"contentUrl\":\"\",\"caption\":\"Polonia Travel (IT)\"},\"image\":{\"@id\":\"https:\\\/\\\/www.polonia.travel\\\/it\\\/#\\\/schema\\\/logo\\\/image\\\/\"}},{\"@type\":\"Person\",\"@id\":\"\"}]}<\/script>\n<!-- \/ Yoast SEO plugin. -->","yoast_head_json":{"title":"Regione Podkarpackie, Spazio Per Il Tempo Libero - Polonia Travel (IT)","robots":{"index":"index","follow":"follow","max-snippet":"max-snippet:-1","max-image-preview":"max-image-preview:large","max-video-preview":"max-video-preview:-1"},"canonical":"https:\/\/www.polonia.travel\/it\/regione-podkarpackie-spazio-per-il-tempo-libero\/","og_locale":"pl_PL","og_type":"article","og_title":"Regione Podkarpackie, Spazio Per Il Tempo Libero - Polonia Travel (IT)","og_description":"Regione Podkarpackie, Spazio Per Il Tempo Libero Nel sud-est della Polonia c\u2019\u00e8 una regione dove il tempo scorre pi\u00f9 lentamente, dove facendo delle lunghe passeggiate si possono incontrare pi\u00f9 animali selvatici che turisti, un crocevia di culture e il polmone verde di questa parte del Paese: la Regione Podkarpackie! Scopriamo insieme cosa ci offre questa [&hellip;]","og_url":"https:\/\/www.polonia.travel\/it\/regione-podkarpackie-spazio-per-il-tempo-libero\/","og_site_name":"Polonia Travel (IT)","article_published_time":"2024-08-30T12:47:55+00:00","article_modified_time":"2025-02-20T14:32:45+00:00","og_image":[{"width":1920,"height":570,"url":"https:\/\/www.polonia.travel\/it\/wp-content\/uploads\/sites\/20\/2023\/01\/bieszczady-pn.jpg","type":"image\/jpeg"}],"twitter_card":"summary_large_image","twitter_misc":{"Napisane przez":"","Szacowany czas czytania":"7 minut"},"schema":{"@context":"https:\/\/schema.org","@graph":[{"@type":"Article","@id":"https:\/\/www.polonia.travel\/it\/regione-podkarpackie-spazio-per-il-tempo-libero\/#article","isPartOf":{"@id":"https:\/\/www.polonia.travel\/it\/regione-podkarpackie-spazio-per-il-tempo-libero\/"},"author":{"name":"","@id":""},"headline":"Regione Podkarpackie, Spazio Per Il Tempo Libero","datePublished":"2024-08-30T12:47:55+00:00","dateModified":"2025-02-20T14:32:45+00:00","mainEntityOfPage":{"@id":"https:\/\/www.polonia.travel\/it\/regione-podkarpackie-spazio-per-il-tempo-libero\/"},"wordCount":1183,"commentCount":8,"publisher":{"@id":"https:\/\/www.polonia.travel\/it\/#organization"},"image":{"@id":"https:\/\/www.polonia.travel\/it\/regione-podkarpackie-spazio-per-il-tempo-libero\/#primaryimage"},"thumbnailUrl":"https:\/\/www.polonia.travel\/it\/wp-content\/uploads\/sites\/20\/2023\/01\/bieszczady-pn.jpg","keywords":["it","16xpolonia-il-festival-virtuale-delle-regioni"],"articleSection":["Archiwum"],"inLanguage":"pl-PL"},{"@type":"WebPage","@id":"https:\/\/www.polonia.travel\/it\/regione-podkarpackie-spazio-per-il-tempo-libero\/","url":"https:\/\/www.polonia.travel\/it\/regione-podkarpackie-spazio-per-il-tempo-libero\/","name":"Regione Podkarpackie, Spazio Per Il Tempo Libero - Polonia Travel (IT)","isPartOf":{"@id":"https:\/\/www.polonia.travel\/it\/#website"},"primaryImageOfPage":{"@id":"https:\/\/www.polonia.travel\/it\/regione-podkarpackie-spazio-per-il-tempo-libero\/#primaryimage"},"image":{"@id":"https:\/\/www.polonia.travel\/it\/regione-podkarpackie-spazio-per-il-tempo-libero\/#primaryimage"},"thumbnailUrl":"https:\/\/www.polonia.travel\/it\/wp-content\/uploads\/sites\/20\/2023\/01\/bieszczady-pn.jpg","datePublished":"2024-08-30T12:47:55+00:00","dateModified":"2025-02-20T14:32:45+00:00","breadcrumb":{"@id":"https:\/\/www.polonia.travel\/it\/regione-podkarpackie-spazio-per-il-tempo-libero\/#breadcrumb"},"inLanguage":"pl-PL","potentialAction":[{"@type":"ReadAction","target":["https:\/\/www.polonia.travel\/it\/regione-podkarpackie-spazio-per-il-tempo-libero\/"]}]},{"@type":"ImageObject","inLanguage":"pl-PL","@id":"https:\/\/www.polonia.travel\/it\/regione-podkarpackie-spazio-per-il-tempo-libero\/#primaryimage","url":"https:\/\/www.polonia.travel\/it\/wp-content\/uploads\/sites\/20\/2023\/01\/bieszczady-pn.jpg","contentUrl":"https:\/\/www.polonia.travel\/it\/wp-content\/uploads\/sites\/20\/2023\/01\/bieszczady-pn.jpg","width":1920,"height":570,"caption":"Tarniczka. Widok na Szeroki Wierch. Bieszczadzki Park Narodowy. woj. podkarpackie, pow. bieszczadzki, gm. Lutowiska."},{"@type":"BreadcrumbList","@id":"https:\/\/www.polonia.travel\/it\/regione-podkarpackie-spazio-per-il-tempo-libero\/#breadcrumb","itemListElement":[{"@type":"ListItem","position":1,"name":"Home page","item":"https:\/\/www.polonia.travel\/it\/"},{"@type":"ListItem","position":2,"name":"Archiwum","item":"https:\/\/www.polonia.travel\/it\/category\/archiwum\/"},{"@type":"ListItem","position":3,"name":"Regione Podkarpackie, Spazio Per Il Tempo Libero"}]},{"@type":"WebSite","@id":"https:\/\/www.polonia.travel\/it\/#website","url":"https:\/\/www.polonia.travel\/it\/","name":"Polonia Travel (IT)","description":"...","publisher":{"@id":"https:\/\/www.polonia.travel\/it\/#organization"},"potentialAction":[{"@type":"SearchAction","target":{"@type":"EntryPoint","urlTemplate":"https:\/\/www.polonia.travel\/it\/?s={search_term_string}"},"query-input":{"@type":"PropertyValueSpecification","valueRequired":true,"valueName":"search_term_string"}}],"inLanguage":"pl-PL"},{"@type":"Organization","@id":"https:\/\/www.polonia.travel\/it\/#organization","name":"Polonia Travel (IT)","url":"https:\/\/www.polonia.travel\/it\/","logo":{"@type":"ImageObject","inLanguage":"pl-PL","@id":"https:\/\/www.polonia.travel\/it\/#\/schema\/logo\/image\/","url":"","contentUrl":"","caption":"Polonia Travel (IT)"},"image":{"@id":"https:\/\/www.polonia.travel\/it\/#\/schema\/logo\/image\/"}},{"@type":"Person","@id":""}]}},"_links":{"self":[{"href":"https:\/\/www.polonia.travel\/it\/wp-json\/wp\/v2\/posts\/31230","targetHints":{"allow":["GET"]}}],"collection":[{"href":"https:\/\/www.polonia.travel\/it\/wp-json\/wp\/v2\/posts"}],"about":[{"href":"https:\/\/www.polonia.travel\/it\/wp-json\/wp\/v2\/types\/post"}],"author":[{"embeddable":true,"href":"https:\/\/www.polonia.travel\/it\/wp-json\/wp\/v2\/users\/1"}],"replies":[{"embeddable":true,"href":"https:\/\/www.polonia.travel\/it\/wp-json\/wp\/v2\/comments?post=31230"}],"version-history":[{"count":21,"href":"https:\/\/www.polonia.travel\/it\/wp-json\/wp\/v2\/posts\/31230\/revisions"}],"predecessor-version":[{"id":39165,"href":"https:\/\/www.polonia.travel\/it\/wp-json\/wp\/v2\/posts\/31230\/revisions\/39165"}],"wp:featuredmedia":[{"embeddable":true,"href":"https:\/\/www.polonia.travel\/it\/wp-json\/wp\/v2\/media\/18400"}],"wp:attachment":[{"href":"https:\/\/www.polonia.travel\/it\/wp-json\/wp\/v2\/media?parent=31230"}],"wp:term":[{"taxonomy":"category","embeddable":true,"href":"https:\/\/www.polonia.travel\/it\/wp-json\/wp\/v2\/categories?post=31230"}],"curies":[{"name":"wp","href":"https:\/\/api.w.org\/{rel}","templated":true}]}}