{"id":38673,"date":"2026-01-15T14:19:45","date_gmt":"2026-01-15T13:19:45","guid":{"rendered":"https:\/\/www.polonia.travel\/es\/?p=38673"},"modified":"2026-01-16T11:04:38","modified_gmt":"2026-01-16T10:04:38","slug":"dossier-de-prensa-enero-2026","status":"publish","type":"post","link":"https:\/\/www.polonia.travel\/es\/dossier-de-prensa-enero-2026\/","title":{"rendered":"Dossier de prensa (enero 2026)"},"content":{"rendered":"\n<div class=\"wp-block-group is-style-container-medium\"><div class=\"wp-block-group__inner-container is-layout-constrained wp-block-group-is-layout-constrained\">\n<h2 class=\"wp-block-heading\">Dossier de prensa (enero 2026)<\/h2>\n\n\n\n<div style=\"height:100px\" aria-hidden=\"true\" class=\"wp-block-spacer\"><\/div>\n\n\n\n<p>A la espera de los resultados finales de llegadas de turistas extranjeros a Polonia en 2025, podemos adelantar un buen resultado en cuanto a los viajes de los espa\u00f1oles se refiere. Durante los 6 primeros meses, el n\u00famero de turistas desde Espa\u00f1a en la base hotelera de Polonia creci\u00f3 casi el 23% con respecto al mismo periodo en 2019. Esto ha sido posible gracias al aumento de las conexiones directas y la comunicaci\u00f3n, tan importante, por parte de todos vosotros que trabaj\u00e1is en medios on y offline. \u00a1Muchas gracias!<\/p>\n\n\n\n<div style=\"height:100px\" aria-hidden=\"true\" class=\"wp-block-spacer is-style-spacer-small\"><\/div>\n\n\n\n<h2 class=\"wp-block-heading\">Nuevos vuelos 2026<\/h2>\n\n\n\n<div style=\"height:100px\" aria-hidden=\"true\" class=\"wp-block-spacer is-style-spacer-small\"><\/div>\n\n\n\n<p>Suponemos que esta t\u00f3nica positiva se mantendr\u00e1 en este 2026, en parte gracias a m\u00e1s posibilidades de viajar directamente desde varios aeropuertos espa\u00f1oles a destinos clave y menos conocidos en Polonia, de mano no solamente de aerol\u00edneas de bajo coste. <\/p>\n\n\n\n<p>Cracovia sigue siendo el destino preferido entre los viajeros desde Espa\u00f1a. A partir de marzo, <strong>LOT<\/strong> L\u00edneas A\u00e9reas Polacas (en breve va a cumplir 100 a\u00f1os como empresa de transporte a\u00e9reo) inaugura vuelos directos desde <strong>Madrid y Barcelona a Cracovia<\/strong>, <a href=\"https:\/\/www.polonia.travel\/es\/vuelos-directos-a-polonia-verano-26\/\">mejorando la oferta<\/a> y dando la posibilidad de <strong>enriquecer y flexibilizar<\/strong> la oferta de los turoperadores espa\u00f1oles para los que viajan en grupo y los viajeros que lo hacen a su manera.<\/p>\n<\/div><\/div>\n\n\n\n<div style=\"height:100px\" aria-hidden=\"true\" class=\"wp-block-spacer is-style-spacer-small\"><\/div>\n\n\n<div class=\"wp-block-image\">\n<figure class=\"aligncenter size-full\"><img loading=\"lazy\" decoding=\"async\" width=\"1170\" height=\"780\" src=\"https:\/\/www.polonia.travel\/es\/wp-content\/uploads\/sites\/18\/2022\/12\/Ilawa_z_lotu_ptaka_1170.jpg\" alt=\"\" class=\"wp-image-10387\" srcset=\"https:\/\/www.polonia.travel\/es\/wp-content\/uploads\/sites\/18\/2022\/12\/Ilawa_z_lotu_ptaka_1170.jpg 1170w, https:\/\/www.polonia.travel\/es\/wp-content\/uploads\/sites\/18\/2022\/12\/Ilawa_z_lotu_ptaka_1170-600x400.jpg 600w, https:\/\/www.polonia.travel\/es\/wp-content\/uploads\/sites\/18\/2022\/12\/Ilawa_z_lotu_ptaka_1170-768x512.jpg 768w\" sizes=\"auto, (max-width: 1170px) 100vw, 1170px\" \/><\/figure><\/div>\n\n\n<div style=\"height:100px\" aria-hidden=\"true\" class=\"wp-block-spacer\"><\/div>\n\n\n\n<div class=\"wp-block-group is-style-container-medium\"><div class=\"wp-block-group__inner-container is-layout-constrained wp-block-group-is-layout-constrained\">\n<h2 class=\"wp-block-heading\">Los destinos de siempre, enfoques diferentes<\/h2>\n\n\n\n<div style=\"height:100px\" aria-hidden=\"true\" class=\"wp-block-spacer is-style-spacer-small\"><\/div>\n\n\n\n<div class=\"wp-block-group is-style-container-medium\"><div class=\"wp-block-group__inner-container is-layout-constrained wp-block-group-is-layout-constrained\">\n<p>Nuestra intenci\u00f3n este a\u00f1o es comunicar sobre un gran abanico de posibilidades para personalizar el viaje, seg\u00fan los motivos y manera de viajar. Despu\u00e9s de haber visitado <strong>Cracovia<\/strong>, la regi\u00f3n de <strong>Malopolska<\/strong> (Polonia Menor) ofrece turismo activo y de salud, con alojamiento cerca o en alguno de sus 5 parques nacionales; la ruta de la arquitectura de madera (incluyendo la ruta de la iglesias declaradas Patrimonio de la Humanidad); peque\u00f1as y acogedoras aldeas o ciudades, como <strong>Tarn\u00f3w<\/strong>, rodeada de vi\u00f1edos y que forma parte de turismo gastron\u00f3mico y enol\u00f3gico de la regi\u00f3n.<\/p>\n\n\n\n<div style=\"height:100px\" aria-hidden=\"true\" class=\"wp-block-spacer is-style-spacer-small\"><\/div>\n<\/div><\/div>\n<\/div><\/div>\n\n\n\n<div class=\"wp-block-group is-style-container-medium\"><div class=\"wp-block-group__inner-container is-layout-constrained wp-block-group-is-layout-constrained\">\n<figure class=\"wp-block-gallery has-nested-images columns-default is-cropped wp-block-gallery-1 is-layout-flex wp-block-gallery-is-layout-flex\">\n<figure class=\"wp-block-image size-large\"><img loading=\"lazy\" decoding=\"async\" width=\"1200\" height=\"797\" data-id=\"32326\" src=\"https:\/\/www.polonia.travel\/es\/wp-content\/uploads\/sites\/18\/2024\/04\/61039655_Tatry_wiosna_lato_Adobe201-1200x797.jpg\" alt=\"\" class=\"wp-image-32326\" srcset=\"https:\/\/www.polonia.travel\/es\/wp-content\/uploads\/sites\/18\/2024\/04\/61039655_Tatry_wiosna_lato_Adobe201-1200x797.jpg 1200w, https:\/\/www.polonia.travel\/es\/wp-content\/uploads\/sites\/18\/2024\/04\/61039655_Tatry_wiosna_lato_Adobe201-600x398.jpg 600w, https:\/\/www.polonia.travel\/es\/wp-content\/uploads\/sites\/18\/2024\/04\/61039655_Tatry_wiosna_lato_Adobe201-768x510.jpg 768w, https:\/\/www.polonia.travel\/es\/wp-content\/uploads\/sites\/18\/2024\/04\/61039655_Tatry_wiosna_lato_Adobe201-1536x1020.jpg 1536w, https:\/\/www.polonia.travel\/es\/wp-content\/uploads\/sites\/18\/2024\/04\/61039655_Tatry_wiosna_lato_Adobe201.jpg 1542w\" sizes=\"auto, (max-width: 1200px) 100vw, 1200px\" \/><figcaption class=\"wp-element-caption\">Senderismo en los Tatra<\/figcaption><\/figure>\n\n\n\n<figure class=\"wp-block-image size-large\"><img loading=\"lazy\" decoding=\"async\" width=\"1200\" height=\"686\" data-id=\"22174\" src=\"https:\/\/www.polonia.travel\/es\/wp-content\/uploads\/sites\/18\/2023\/03\/ks_Debno_Podhalanskie_kosciol_Adobe-xl-e1679409775908-1200x686.jpg\" alt=\"\" class=\"wp-image-22174\" srcset=\"https:\/\/www.polonia.travel\/es\/wp-content\/uploads\/sites\/18\/2023\/03\/ks_Debno_Podhalanskie_kosciol_Adobe-xl-e1679409775908-1200x686.jpg 1200w, https:\/\/www.polonia.travel\/es\/wp-content\/uploads\/sites\/18\/2023\/03\/ks_Debno_Podhalanskie_kosciol_Adobe-xl-e1679409775908-600x343.jpg 600w, https:\/\/www.polonia.travel\/es\/wp-content\/uploads\/sites\/18\/2023\/03\/ks_Debno_Podhalanskie_kosciol_Adobe-xl-e1679409775908-768x439.jpg 768w, https:\/\/www.polonia.travel\/es\/wp-content\/uploads\/sites\/18\/2023\/03\/ks_Debno_Podhalanskie_kosciol_Adobe-xl-e1679409775908.jpg 1224w\" sizes=\"auto, (max-width: 1200px) 100vw, 1200px\" \/><figcaption class=\"wp-element-caption\">Iglesia en D\u0119bno (UNESCO)<\/figcaption><\/figure>\n\n\n\n<figure class=\"wp-block-image size-large\"><img loading=\"lazy\" decoding=\"async\" width=\"1170\" height=\"780\" data-id=\"28711\" src=\"https:\/\/www.polonia.travel\/es\/wp-content\/uploads\/sites\/18\/2023\/07\/termy_chocholowskie_chocholow_2_1170.jpg\" alt=\"\" class=\"wp-image-28711\" srcset=\"https:\/\/www.polonia.travel\/es\/wp-content\/uploads\/sites\/18\/2023\/07\/termy_chocholowskie_chocholow_2_1170.jpg 1170w, https:\/\/www.polonia.travel\/es\/wp-content\/uploads\/sites\/18\/2023\/07\/termy_chocholowskie_chocholow_2_1170-600x400.jpg 600w, https:\/\/www.polonia.travel\/es\/wp-content\/uploads\/sites\/18\/2023\/07\/termy_chocholowskie_chocholow_2_1170-768x512.jpg 768w\" sizes=\"auto, (max-width: 1170px) 100vw, 1170px\" \/><figcaption class=\"wp-element-caption\">Termas Chocholowskie<\/figcaption><\/figure>\n\n\n\n<figure class=\"wp-block-image size-large\"><img loading=\"lazy\" decoding=\"async\" width=\"500\" height=\"500\" data-id=\"7390\" src=\"https:\/\/www.polonia.travel\/es\/wp-content\/uploads\/sites\/18\/2022\/12\/wieza_krynica_zdroj_500x500.jpg\" alt=\"\" class=\"wp-image-7390\" srcset=\"https:\/\/www.polonia.travel\/es\/wp-content\/uploads\/sites\/18\/2022\/12\/wieza_krynica_zdroj_500x500.jpg 500w, https:\/\/www.polonia.travel\/es\/wp-content\/uploads\/sites\/18\/2022\/12\/wieza_krynica_zdroj_500x500-150x150.jpg 150w\" sizes=\"auto, (max-width: 500px) 100vw, 500px\" \/><figcaption class=\"wp-element-caption\">Torre-mirador en el balneario de Krynica Zdr\u00f3j<\/figcaption><\/figure>\n\n\n\n<figure class=\"wp-block-image size-large\"><img loading=\"lazy\" decoding=\"async\" width=\"1170\" height=\"780\" data-id=\"28488\" src=\"https:\/\/www.polonia.travel\/es\/wp-content\/uploads\/sites\/18\/2023\/07\/enotarnowskie_2_1170.jpg\" alt=\"\" class=\"wp-image-28488\" srcset=\"https:\/\/www.polonia.travel\/es\/wp-content\/uploads\/sites\/18\/2023\/07\/enotarnowskie_2_1170.jpg 1170w, https:\/\/www.polonia.travel\/es\/wp-content\/uploads\/sites\/18\/2023\/07\/enotarnowskie_2_1170-600x400.jpg 600w, https:\/\/www.polonia.travel\/es\/wp-content\/uploads\/sites\/18\/2023\/07\/enotarnowskie_2_1170-768x512.jpg 768w\" sizes=\"auto, (max-width: 1170px) 100vw, 1170px\" \/><figcaption class=\"wp-element-caption\">Tarn\u00f3w<\/figcaption><\/figure>\n<\/figure>\n<\/div><\/div>\n\n\n\n<div style=\"height:100px\" aria-hidden=\"true\" class=\"wp-block-spacer\"><\/div>\n\n\n\n<div class=\"wp-block-group is-style-container-medium\"><div class=\"wp-block-group__inner-container is-layout-constrained wp-block-group-is-layout-constrained\">\n<div class=\"wp-block-group is-style-container-medium\"><div class=\"wp-block-group__inner-container is-layout-constrained wp-block-group-is-layout-constrained\">\n<p>Con <strong>vuelos directos<\/strong> recientemente inaugurados desde Madrid a <strong>Wroc\u0142aw<\/strong> y <strong>Gda\u0144sk<\/strong>, tambi\u00e9n creemos interesante dar a conocer las alternativas para curiosear en sus alrededores, incorporando en el viaje el turismo a paso lento, con elementos de rutas en bicicleta y senderismo en las regiones de <strong>Baja Silesia<\/strong> (Wroc\u0142aw) y <strong>Pomerania<\/strong> (Gda\u0144sk) que esconden lugares de inter\u00e9s para el viajero espa\u00f1ol. Las Iglesias de la Paz (UNESCO), Iglesia Wang o La Ciudad Subterr\u00e1nea de Os\u00f3wka (que formaba parte del proyecto nazi Der Riese-El Gigante) pueden ser incluidos en la <a href=\"https:\/\/dolnyslask.travel\/es\/atrakcje\/tan-cerca-tan-diverso-descubre-baja-silesia-la-ruta-madrid-wroclaw-en-solo-3-horas\">ruta por Baja Silesia<\/a>. En ella, destacamos la <strong>Fortaleza de Srebrna G\u00f3ra<\/strong> (Monte de Plata) que aspira a convertirse en el Monumento de Patrimonio de la Humanidad y, en 2025, ganadora del <strong>Certificado de Oro<\/strong> por parte de nuestra instituci\u00f3n, Polish Tourism Organisation.<\/p>\n<\/div><\/div>\n\n\n\n<div style=\"height:100px\" aria-hidden=\"true\" class=\"wp-block-spacer is-style-spacer-small\"><\/div>\n\n\n\n<figure class=\"wp-block-gallery has-nested-images columns-default is-cropped wp-block-gallery-2 is-layout-flex wp-block-gallery-is-layout-flex\">\n<figure class=\"wp-block-image size-large\"><img loading=\"lazy\" decoding=\"async\" width=\"1200\" height=\"800\" data-id=\"22041\" src=\"https:\/\/www.polonia.travel\/es\/wp-content\/uploads\/sites\/18\/2023\/03\/Ewangelicko-Augsburski_Kosciol_Pokoju_Jawor2-xl-1200x800.jpg\" alt=\"\" class=\"wp-image-22041\" srcset=\"https:\/\/www.polonia.travel\/es\/wp-content\/uploads\/sites\/18\/2023\/03\/Ewangelicko-Augsburski_Kosciol_Pokoju_Jawor2-xl-1200x800.jpg 1200w, https:\/\/www.polonia.travel\/es\/wp-content\/uploads\/sites\/18\/2023\/03\/Ewangelicko-Augsburski_Kosciol_Pokoju_Jawor2-xl-600x400.jpg 600w, https:\/\/www.polonia.travel\/es\/wp-content\/uploads\/sites\/18\/2023\/03\/Ewangelicko-Augsburski_Kosciol_Pokoju_Jawor2-xl-768x512.jpg 768w, https:\/\/www.polonia.travel\/es\/wp-content\/uploads\/sites\/18\/2023\/03\/Ewangelicko-Augsburski_Kosciol_Pokoju_Jawor2-xl.jpg 1224w\" sizes=\"auto, (max-width: 1200px) 100vw, 1200px\" \/><figcaption class=\"wp-element-caption\">Iglesia de la Paz en Jawor (UNESCO)<br>Photo: Albin Marciniak\/EAST<\/figcaption><\/figure>\n\n\n\n<figure class=\"wp-block-image size-large\"><img loading=\"lazy\" decoding=\"async\" width=\"1170\" height=\"780\" data-id=\"28676\" src=\"https:\/\/www.polonia.travel\/es\/wp-content\/uploads\/sites\/18\/2023\/07\/zamek_ksiaz_1170.jpg\" alt=\"\" class=\"wp-image-28676\" srcset=\"https:\/\/www.polonia.travel\/es\/wp-content\/uploads\/sites\/18\/2023\/07\/zamek_ksiaz_1170.jpg 1170w, https:\/\/www.polonia.travel\/es\/wp-content\/uploads\/sites\/18\/2023\/07\/zamek_ksiaz_1170-600x400.jpg 600w, https:\/\/www.polonia.travel\/es\/wp-content\/uploads\/sites\/18\/2023\/07\/zamek_ksiaz_1170-768x512.jpg 768w\" sizes=\"auto, (max-width: 1170px) 100vw, 1170px\" \/><figcaption class=\"wp-element-caption\">Castillo de Ksi\u0105\u017c <\/figcaption><\/figure>\n\n\n\n<figure class=\"wp-block-image size-large\"><img loading=\"lazy\" decoding=\"async\" width=\"1170\" height=\"778\" data-id=\"10791\" src=\"https:\/\/www.polonia.travel\/es\/wp-content\/uploads\/sites\/18\/2022\/12\/podziemne_miasto_osowka_1170-1.jpg\" alt=\"\" class=\"wp-image-10791\" srcset=\"https:\/\/www.polonia.travel\/es\/wp-content\/uploads\/sites\/18\/2022\/12\/podziemne_miasto_osowka_1170-1.jpg 1170w, https:\/\/www.polonia.travel\/es\/wp-content\/uploads\/sites\/18\/2022\/12\/podziemne_miasto_osowka_1170-1-600x399.jpg 600w, https:\/\/www.polonia.travel\/es\/wp-content\/uploads\/sites\/18\/2022\/12\/podziemne_miasto_osowka_1170-1-768x511.jpg 768w\" sizes=\"auto, (max-width: 1170px) 100vw, 1170px\" \/><figcaption class=\"wp-element-caption\">La Ciudad Subterr\u00e1nea, Os\u00f3wka<\/figcaption><\/figure>\n\n\n\n<figure class=\"wp-block-image size-large\"><img loading=\"lazy\" decoding=\"async\" width=\"540\" height=\"405\" data-id=\"32153\" src=\"https:\/\/www.polonia.travel\/es\/wp-content\/uploads\/sites\/18\/2024\/04\/Boleslawiec20Paula20540x405.jpg\" alt=\"\" class=\"wp-image-32153\" \/><figcaption class=\"wp-element-caption\">Cer\u00e1mica de Boles\u0142awiec<\/figcaption><\/figure>\n\n\n\n<figure class=\"wp-block-image size-large\"><img loading=\"lazy\" decoding=\"async\" width=\"540\" height=\"360\" data-id=\"31761\" src=\"https:\/\/www.polonia.travel\/es\/wp-content\/uploads\/sites\/18\/2024\/04\/Krasnale-540x360-swidnicka_Dwarves-from-Swidnicka-Street-fot.-Marcin-Biodrowski.jpg\" alt=\"\" class=\"wp-image-31761\" \/><figcaption class=\"wp-element-caption\">Wroclaw, la ciudad de los gnomos<\/figcaption><\/figure>\n<\/figure>\n<\/div><\/div>\n\n\n\n<div class=\"wp-block-group is-style-container-medium\"><div class=\"wp-block-group__inner-container is-layout-constrained wp-block-group-is-layout-constrained\">\n<div class=\"wp-block-group\"><div class=\"wp-block-group__inner-container is-layout-constrained wp-block-group-is-layout-constrained\">\n<div class=\"wp-block-group is-style-container-medium\"><div class=\"wp-block-group__inner-container is-layout-constrained wp-block-group-is-layout-constrained\">\n<div style=\"height:100px\" aria-hidden=\"true\" class=\"wp-block-spacer is-style-spacer-medium\"><\/div>\n\n\n\n<div class=\"wp-block-group is-style-container-medium\"><div class=\"wp-block-group__inner-container is-layout-constrained wp-block-group-is-layout-constrained\">\n<div class=\"wp-block-group is-style-container-medium\"><div class=\"wp-block-group__inner-container is-layout-constrained wp-block-group-is-layout-constrained\">\n<p>En la otra punta de Polonia, <strong>Gda\u0144sk<\/strong> ya se ha ganado el aprecio del viajero espa\u00f1ol. Galardonada con varios t\u00edtulos (Premio Princesa de Asturias como Ciudad de la Concordia, 2019; El Mejor Mercado de Navidad 2025 por EBD), a poca distancia ofrece el balneario de <strong>Sopot<\/strong> y el injustamente menos conocido puerto de Gdynia, construido en tiempo r\u00e9cord entre la I y la II Guerra Mundial por la Polonia renacida en 1918. En 2026 <strong>Gdynia<\/strong> festeja su <strong>centenario<\/strong> y queremos darla a conocer m\u00e1s, como un ejemplo de una ciudad modernista, punto de llegada de grandes cruceros y, hace cien a\u00f1os, punto de partida de los numerosos emigrantes polacos hacia los Estados Unidos (Museo de la Emigraci\u00f3n).<\/p>\n\n\n\n<div style=\"height:100px\" aria-hidden=\"true\" class=\"wp-block-spacer is-style-spacer-small\"><\/div>\n\n\n\n<figure class=\"wp-block-gallery has-nested-images columns-default is-cropped wp-block-gallery-3 is-layout-flex wp-block-gallery-is-layout-flex\">\n<figure class=\"wp-block-image size-large\"><img loading=\"lazy\" decoding=\"async\" width=\"1200\" height=\"675\" data-id=\"38303\" src=\"https:\/\/www.polonia.travel\/es\/wp-content\/uploads\/sites\/18\/2025\/09\/Pomorskie_Gdansk_Glowne_Miasto_Brama_Zielona-1200x675.jpg\" alt=\"\" class=\"wp-image-38303\" srcset=\"https:\/\/www.polonia.travel\/es\/wp-content\/uploads\/sites\/18\/2025\/09\/Pomorskie_Gdansk_Glowne_Miasto_Brama_Zielona-1200x675.jpg 1200w, https:\/\/www.polonia.travel\/es\/wp-content\/uploads\/sites\/18\/2025\/09\/Pomorskie_Gdansk_Glowne_Miasto_Brama_Zielona-600x338.jpg 600w, https:\/\/www.polonia.travel\/es\/wp-content\/uploads\/sites\/18\/2025\/09\/Pomorskie_Gdansk_Glowne_Miasto_Brama_Zielona-768x432.jpg 768w, https:\/\/www.polonia.travel\/es\/wp-content\/uploads\/sites\/18\/2025\/09\/Pomorskie_Gdansk_Glowne_Miasto_Brama_Zielona-1536x864.jpg 1536w, https:\/\/www.polonia.travel\/es\/wp-content\/uploads\/sites\/18\/2025\/09\/Pomorskie_Gdansk_Glowne_Miasto_Brama_Zielona-2048x1152.jpg 2048w, https:\/\/www.polonia.travel\/es\/wp-content\/uploads\/sites\/18\/2025\/09\/Pomorskie_Gdansk_Glowne_Miasto_Brama_Zielona-1920x1080.jpg 1920w\" sizes=\"auto, (max-width: 1200px) 100vw, 1200px\" \/><figcaption class=\"wp-element-caption\">El panorama de Gda\u0144sk<\/figcaption><\/figure>\n\n\n\n<figure class=\"wp-block-image size-large\"><img loading=\"lazy\" decoding=\"async\" width=\"1170\" height=\"780\" data-id=\"32526\" src=\"https:\/\/www.polonia.travel\/es\/wp-content\/uploads\/sites\/18\/2024\/04\/sopot_pasaz_nadmorski_1170.jpg\" alt=\"\" class=\"wp-image-32526\" srcset=\"https:\/\/www.polonia.travel\/es\/wp-content\/uploads\/sites\/18\/2024\/04\/sopot_pasaz_nadmorski_1170.jpg 1170w, https:\/\/www.polonia.travel\/es\/wp-content\/uploads\/sites\/18\/2024\/04\/sopot_pasaz_nadmorski_1170-600x400.jpg 600w, https:\/\/www.polonia.travel\/es\/wp-content\/uploads\/sites\/18\/2024\/04\/sopot_pasaz_nadmorski_1170-768x512.jpg 768w\" sizes=\"auto, (max-width: 1170px) 100vw, 1170px\" \/><figcaption class=\"wp-element-caption\">Sopot, ciudad balneario<\/figcaption><\/figure>\n\n\n\n<figure class=\"wp-block-image size-large\"><img loading=\"lazy\" decoding=\"async\" width=\"1170\" height=\"780\" data-id=\"32532\" src=\"https:\/\/www.polonia.travel\/es\/wp-content\/uploads\/sites\/18\/2024\/04\/gdynia_akademia_morska_1170.jpg\" alt=\"\" class=\"wp-image-32532\" srcset=\"https:\/\/www.polonia.travel\/es\/wp-content\/uploads\/sites\/18\/2024\/04\/gdynia_akademia_morska_1170.jpg 1170w, https:\/\/www.polonia.travel\/es\/wp-content\/uploads\/sites\/18\/2024\/04\/gdynia_akademia_morska_1170-600x400.jpg 600w, https:\/\/www.polonia.travel\/es\/wp-content\/uploads\/sites\/18\/2024\/04\/gdynia_akademia_morska_1170-768x512.jpg 768w\" sizes=\"auto, (max-width: 1170px) 100vw, 1170px\" \/><figcaption class=\"wp-element-caption\">Gdynia, sede de la Academia Mar\u00edtima<\/figcaption><\/figure>\n\n\n\n<figure class=\"wp-block-image size-large\"><img loading=\"lazy\" decoding=\"async\" width=\"540\" height=\"360\" data-id=\"11592\" src=\"https:\/\/www.polonia.travel\/es\/wp-content\/uploads\/sites\/18\/2022\/12\/gdynia_bulwar_540.jpg\" alt=\"\" class=\"wp-image-11592\" \/><figcaption class=\"wp-element-caption\">La marina en Gdynia<\/figcaption><\/figure>\n\n\n\n<figure class=\"wp-block-image size-large\"><img loading=\"lazy\" decoding=\"async\" width=\"540\" height=\"360\" data-id=\"27930\" src=\"https:\/\/www.polonia.travel\/es\/wp-content\/uploads\/sites\/18\/2023\/07\/Gdynia_klif540.jpg\" alt=\"\" class=\"wp-image-27930\" \/><figcaption class=\"wp-element-caption\">Playas acantiladas (Gdynia)<\/figcaption><\/figure>\n<\/figure>\n\n\n\n<div style=\"height:100px\" aria-hidden=\"true\" class=\"wp-block-spacer is-style-spacer-small\"><\/div>\n\n\n\n<p>Hablando de esta parte de Polonia, a muchos les viene a la mente la leyenda del primer sindicato independiente en la Europa de &#8222;detr\u00e1s del tel\u00f3n de acero&#8221; y, para los amantes de cine, dos pel\u00edculas que narran estas historias: <em><strong>El Hombre de M\u00e1rmol<\/strong><\/em> (1977) y <strong><em>El hombre de Hierro<\/em><\/strong> (1981), ambas firmadas por el director <strong>Andrzej Wajda<\/strong> cuyo <strong>centenario de nacimiento<\/strong> se va a celebrar en 2026.<\/p>\n\n\n\n<div style=\"height:100px\" aria-hidden=\"true\" class=\"wp-block-spacer\"><\/div>\n\n\n\n<p><strong>Varsovia<\/strong> sigue d\u00e1ndose a conocer como una capital europea din\u00e1mica, cosmopolita, innovadora y ambiciosa en lo que a la constante mejora de la vida cotidiana y cultural se refiere. Lo avala el t\u00edtulo que acaba de recibir: El Mejor Destino MICE &amp; Leisure, por European Best Destination. Organizando viajes de prensa a la capital polaca, querremos ense\u00f1ar sus novedades (como Varso Tower, inaugurada en oto\u00f1o 2025) y actividades y lugares menos conocidos.<\/p>\n\n\n\n<div style=\"height:100px\" aria-hidden=\"true\" class=\"wp-block-spacer is-style-spacer-small\"><\/div>\n\n\n<div class=\"wp-block-image is-style-default\">\n<figure class=\"aligncenter size-large\"><img loading=\"lazy\" decoding=\"async\" width=\"900\" height=\"1200\" src=\"https:\/\/www.polonia.travel\/es\/wp-content\/uploads\/sites\/18\/2026\/01\/Varso-Tower-AW-1-900x1200.jpg\" alt=\"\" class=\"wp-image-38675\" srcset=\"https:\/\/www.polonia.travel\/es\/wp-content\/uploads\/sites\/18\/2026\/01\/Varso-Tower-AW-1-900x1200.jpg 900w, https:\/\/www.polonia.travel\/es\/wp-content\/uploads\/sites\/18\/2026\/01\/Varso-Tower-AW-1-450x600.jpg 450w, https:\/\/www.polonia.travel\/es\/wp-content\/uploads\/sites\/18\/2026\/01\/Varso-Tower-AW-1-768x1024.jpg 768w, https:\/\/www.polonia.travel\/es\/wp-content\/uploads\/sites\/18\/2026\/01\/Varso-Tower-AW-1-1152x1536.jpg 1152w, https:\/\/www.polonia.travel\/es\/wp-content\/uploads\/sites\/18\/2026\/01\/Varso-Tower-AW-1-1536x2048.jpg 1536w, https:\/\/www.polonia.travel\/es\/wp-content\/uploads\/sites\/18\/2026\/01\/Varso-Tower-AW-1-scaled.jpg 1920w\" sizes=\"auto, (max-width: 900px) 100vw, 900px\" \/><figcaption class=\"wp-element-caption\">Varso Tower<\/figcaption><\/figure><\/div>\n\n\n<div style=\"height:100px\" aria-hidden=\"true\" class=\"wp-block-spacer\"><\/div>\n<\/div><\/div>\n\n\n\n<h2 class=\"wp-block-heading\">\u00bfA qu\u00e9 sabe Polonia?<\/h2>\n\n\n\n<div style=\"height:100px\" aria-hidden=\"true\" class=\"wp-block-spacer is-style-spacer-small\"><\/div>\n\n\n\n<p>Los polacos compartimos con los espa\u00f1oles el amor a buena cocina y las tertulias sentados alrededor de una mesa. <\/p>\n\n\n\n<p>Las experiencias gastron\u00f3micas en Polonia son\/pueden ser diferentes: desde sabrosos pero humildes platos tradicionales, pasando por las recetas heredadas de la nobleza y terminando por probar las nuevas tendencias que fusionan las anteriores. <\/p>\n\n\n\n<p>En lo gastron\u00f3mico, Polonia sique ganando la reputaci\u00f3n internacional. Al c\u00edrculo de las ciudades\/regiones ya destacadas por Michelin (Pozna\u0144, Cracovia y Zakopane, Varsovia y Gda\u0144sk ) ha entrado en 2025 la oferta gastron\u00f3mica de Wroc\u0142aw. Desde el punto de vista del viajero es importante el n\u00famero de restaurantes en la categor\u00eda de Bib Gourmand, que premia las propuestas con muy buena relaci\u00f3n calidad\/precio.<\/p>\n\n\n\n<p>En Fitur, presentamos el nuevo folleto <em>\u00bfA qu\u00e9 sabe Polonia?<\/em>, que junto con otras ediciones tem\u00e1ticas ser\u00e1 entregado durante la feria en el mostrador principal. Este, como todos los a\u00f1os, se convierte en el punto de informaci\u00f3n, de consulta y recomendaciones, para los visitantes profesionales y durante el fin de semana.<\/p>\n\n\n\n<p>Para profundizar en los temas expuestos en este dossier o conocer vuestras propuestas y enfoques, y de paso probar algo de la gastronom\u00eda polaca, os invitamos a nuestro stand el <strong>mi\u00e9rcoles 21 de enero a las 18.00 horas<\/strong> o en cualquier momento oportuno (siempre y cuando no tengamos visita previamente concertada).<\/p>\n\n\n\n<div style=\"height:100px\" aria-hidden=\"true\" class=\"wp-block-spacer is-style-spacer-small\"><\/div>\n\n\n<div class=\"wp-block-image\">\n<figure class=\"aligncenter size-full\"><img loading=\"lazy\" decoding=\"async\" width=\"266\" height=\"368\" src=\"https:\/\/www.polonia.travel\/es\/wp-content\/uploads\/sites\/18\/2025\/12\/ES.jpg\" alt=\"\" class=\"wp-image-38436\" \/><\/figure><\/div><\/div><\/div>\n<\/div><\/div>\n<\/div><\/div>\n<\/div><\/div>\n","protected":false},"excerpt":{"rendered":"<p>Dossier de prensa (enero 2026) A la espera de los resultados finales de llegadas de turistas extranjeros a Polonia en 2025, podemos adelantar un buen resultado en cuanto a los viajes de los espa\u00f1oles se refiere. Durante los 6 primeros meses, el n\u00famero de turistas desde Espa\u00f1a en la base hotelera de Polonia creci\u00f3 casi [&hellip;]<\/p>\n","protected":false},"author":21,"featured_media":38696,"comment_status":"open","ping_status":"open","sticky":false,"template":"","format":"standard","meta":{"_acf_changed":false,"footnotes":""},"categories":[1216],"class_list":["post-38673","post","type-post","status-publish","format-standard","has-post-thumbnail","hentry","category-para-profesionales-de-turismo"],"acf":[],"yoast_head":"<!-- This site is optimized with the Yoast SEO plugin v27.4 - https:\/\/yoast.com\/product\/yoast-seo-wordpress\/ -->\n<title>Dossier de prensa (enero 2026) - Polonia Travel (ES)<\/title>\n<meta name=\"robots\" content=\"index, follow, max-snippet:-1, max-image-preview:large, max-video-preview:-1\" \/>\n<link rel=\"canonical\" href=\"https:\/\/www.polonia.travel\/es\/dossier-de-prensa-enero-2026\/\" \/>\n<meta property=\"og:locale\" content=\"pl_PL\" \/>\n<meta property=\"og:type\" content=\"article\" \/>\n<meta property=\"og:title\" content=\"Dossier de prensa (enero 2026) - Polonia Travel (ES)\" \/>\n<meta property=\"og:description\" content=\"Dossier de prensa (enero 2026) A la espera de los resultados finales de llegadas de turistas extranjeros a Polonia en 2025, podemos adelantar un buen resultado en cuanto a los viajes de los espa\u00f1oles se refiere. Durante los 6 primeros meses, el n\u00famero de turistas desde Espa\u00f1a en la base hotelera de Polonia creci\u00f3 casi [&hellip;]\" \/>\n<meta property=\"og:url\" content=\"https:\/\/www.polonia.travel\/es\/dossier-de-prensa-enero-2026\/\" \/>\n<meta property=\"og:site_name\" content=\"Polonia Travel (ES)\" \/>\n<meta property=\"article:published_time\" content=\"2026-01-15T13:19:45+00:00\" \/>\n<meta property=\"article:modified_time\" content=\"2026-01-16T10:04:38+00:00\" \/>\n<meta property=\"og:image\" content=\"https:\/\/www.polonia.travel\/es\/wp-content\/uploads\/sites\/18\/2026\/01\/09_26_1117_Bannery_FITUR_2026_3_zajawka-1.jpg\" \/>\n\t<meta property=\"og:image:width\" content=\"1898\" \/>\n\t<meta property=\"og:image:height\" content=\"531\" \/>\n\t<meta property=\"og:image:type\" content=\"image\/jpeg\" \/>\n<meta name=\"author\" content=\"agata.witoslawska\" \/>\n<meta name=\"twitter:card\" content=\"summary_large_image\" \/>\n<meta name=\"twitter:label1\" content=\"Napisane przez\" \/>\n\t<meta name=\"twitter:data1\" content=\"agata.witoslawska\" \/>\n\t<meta name=\"twitter:label2\" content=\"Szacowany czas czytania\" \/>\n\t<meta name=\"twitter:data2\" content=\"10 minut\" \/>\n<script type=\"application\/ld+json\" class=\"yoast-schema-graph\">{\"@context\":\"https:\\\/\\\/schema.org\",\"@graph\":[{\"@type\":\"Article\",\"@id\":\"https:\\\/\\\/www.polonia.travel\\\/es\\\/dossier-de-prensa-enero-2026\\\/#article\",\"isPartOf\":{\"@id\":\"https:\\\/\\\/www.polonia.travel\\\/es\\\/dossier-de-prensa-enero-2026\\\/\"},\"author\":{\"name\":\"agata.witoslawska\",\"@id\":\"https:\\\/\\\/www.polonia.travel\\\/es\\\/#\\\/schema\\\/person\\\/306be2d4fdf4add6a7c36228a40b62ee\"},\"headline\":\"Dossier de prensa (enero 2026)\",\"datePublished\":\"2026-01-15T13:19:45+00:00\",\"dateModified\":\"2026-01-16T10:04:38+00:00\",\"mainEntityOfPage\":{\"@id\":\"https:\\\/\\\/www.polonia.travel\\\/es\\\/dossier-de-prensa-enero-2026\\\/\"},\"wordCount\":1046,\"commentCount\":0,\"publisher\":{\"@id\":\"https:\\\/\\\/www.polonia.travel\\\/es\\\/#organization\"},\"image\":{\"@id\":\"https:\\\/\\\/www.polonia.travel\\\/es\\\/dossier-de-prensa-enero-2026\\\/#primaryimage\"},\"thumbnailUrl\":\"https:\\\/\\\/www.polonia.travel\\\/es\\\/wp-content\\\/uploads\\\/sites\\\/18\\\/2026\\\/01\\\/09_26_1117_Bannery_FITUR_2026_3_zajawka-1.jpg\",\"articleSection\":[\"Para profesionales de turismo\"],\"inLanguage\":\"pl-PL\"},{\"@type\":\"WebPage\",\"@id\":\"https:\\\/\\\/www.polonia.travel\\\/es\\\/dossier-de-prensa-enero-2026\\\/\",\"url\":\"https:\\\/\\\/www.polonia.travel\\\/es\\\/dossier-de-prensa-enero-2026\\\/\",\"name\":\"Dossier de prensa (enero 2026) - Polonia Travel (ES)\",\"isPartOf\":{\"@id\":\"https:\\\/\\\/www.polonia.travel\\\/es\\\/#website\"},\"primaryImageOfPage\":{\"@id\":\"https:\\\/\\\/www.polonia.travel\\\/es\\\/dossier-de-prensa-enero-2026\\\/#primaryimage\"},\"image\":{\"@id\":\"https:\\\/\\\/www.polonia.travel\\\/es\\\/dossier-de-prensa-enero-2026\\\/#primaryimage\"},\"thumbnailUrl\":\"https:\\\/\\\/www.polonia.travel\\\/es\\\/wp-content\\\/uploads\\\/sites\\\/18\\\/2026\\\/01\\\/09_26_1117_Bannery_FITUR_2026_3_zajawka-1.jpg\",\"datePublished\":\"2026-01-15T13:19:45+00:00\",\"dateModified\":\"2026-01-16T10:04:38+00:00\",\"breadcrumb\":{\"@id\":\"https:\\\/\\\/www.polonia.travel\\\/es\\\/dossier-de-prensa-enero-2026\\\/#breadcrumb\"},\"inLanguage\":\"pl-PL\",\"potentialAction\":[{\"@type\":\"ReadAction\",\"target\":[\"https:\\\/\\\/www.polonia.travel\\\/es\\\/dossier-de-prensa-enero-2026\\\/\"]}]},{\"@type\":\"ImageObject\",\"inLanguage\":\"pl-PL\",\"@id\":\"https:\\\/\\\/www.polonia.travel\\\/es\\\/dossier-de-prensa-enero-2026\\\/#primaryimage\",\"url\":\"https:\\\/\\\/www.polonia.travel\\\/es\\\/wp-content\\\/uploads\\\/sites\\\/18\\\/2026\\\/01\\\/09_26_1117_Bannery_FITUR_2026_3_zajawka-1.jpg\",\"contentUrl\":\"https:\\\/\\\/www.polonia.travel\\\/es\\\/wp-content\\\/uploads\\\/sites\\\/18\\\/2026\\\/01\\\/09_26_1117_Bannery_FITUR_2026_3_zajawka-1.jpg\",\"width\":1898,\"height\":531},{\"@type\":\"BreadcrumbList\",\"@id\":\"https:\\\/\\\/www.polonia.travel\\\/es\\\/dossier-de-prensa-enero-2026\\\/#breadcrumb\",\"itemListElement\":[{\"@type\":\"ListItem\",\"position\":1,\"name\":\"Home page\",\"item\":\"https:\\\/\\\/www.polonia.travel\\\/es\\\/\"},{\"@type\":\"ListItem\",\"position\":2,\"name\":\"Para profesionales de turismo\",\"item\":\"https:\\\/\\\/www.polonia.travel\\\/es\\\/category\\\/para-profesionales-de-turismo\\\/\"},{\"@type\":\"ListItem\",\"position\":3,\"name\":\"Dossier de prensa (enero 2026)\"}]},{\"@type\":\"WebSite\",\"@id\":\"https:\\\/\\\/www.polonia.travel\\\/es\\\/#website\",\"url\":\"https:\\\/\\\/www.polonia.travel\\\/es\\\/\",\"name\":\"Polonia Travel (ES)\",\"description\":\"...\",\"publisher\":{\"@id\":\"https:\\\/\\\/www.polonia.travel\\\/es\\\/#organization\"},\"potentialAction\":[{\"@type\":\"SearchAction\",\"target\":{\"@type\":\"EntryPoint\",\"urlTemplate\":\"https:\\\/\\\/www.polonia.travel\\\/es\\\/?s={search_term_string}\"},\"query-input\":{\"@type\":\"PropertyValueSpecification\",\"valueRequired\":true,\"valueName\":\"search_term_string\"}}],\"inLanguage\":\"pl-PL\"},{\"@type\":\"Organization\",\"@id\":\"https:\\\/\\\/www.polonia.travel\\\/es\\\/#organization\",\"name\":\"Polonia Travel (ES)\",\"url\":\"https:\\\/\\\/www.polonia.travel\\\/es\\\/\",\"logo\":{\"@type\":\"ImageObject\",\"inLanguage\":\"pl-PL\",\"@id\":\"https:\\\/\\\/www.polonia.travel\\\/es\\\/#\\\/schema\\\/logo\\\/image\\\/\",\"url\":\"\",\"contentUrl\":\"\",\"caption\":\"Polonia Travel (ES)\"},\"image\":{\"@id\":\"https:\\\/\\\/www.polonia.travel\\\/es\\\/#\\\/schema\\\/logo\\\/image\\\/\"}},{\"@type\":\"Person\",\"@id\":\"https:\\\/\\\/www.polonia.travel\\\/es\\\/#\\\/schema\\\/person\\\/306be2d4fdf4add6a7c36228a40b62ee\",\"name\":\"agata.witoslawska\",\"image\":{\"@type\":\"ImageObject\",\"inLanguage\":\"pl-PL\",\"@id\":\"https:\\\/\\\/secure.gravatar.com\\\/avatar\\\/1f1cabc55b8b904c0483101a993d11b6918bc3f228489e285efa1d3056fe882a?s=96&d=mm&r=g\",\"url\":\"https:\\\/\\\/secure.gravatar.com\\\/avatar\\\/1f1cabc55b8b904c0483101a993d11b6918bc3f228489e285efa1d3056fe882a?s=96&d=mm&r=g\",\"contentUrl\":\"https:\\\/\\\/secure.gravatar.com\\\/avatar\\\/1f1cabc55b8b904c0483101a993d11b6918bc3f228489e285efa1d3056fe882a?s=96&d=mm&r=g\",\"caption\":\"agata.witoslawska\"}}]}<\/script>\n<!-- \/ Yoast SEO plugin. -->","yoast_head_json":{"title":"Dossier de prensa (enero 2026) - Polonia Travel (ES)","robots":{"index":"index","follow":"follow","max-snippet":"max-snippet:-1","max-image-preview":"max-image-preview:large","max-video-preview":"max-video-preview:-1"},"canonical":"https:\/\/www.polonia.travel\/es\/dossier-de-prensa-enero-2026\/","og_locale":"pl_PL","og_type":"article","og_title":"Dossier de prensa (enero 2026) - Polonia Travel (ES)","og_description":"Dossier de prensa (enero 2026) A la espera de los resultados finales de llegadas de turistas extranjeros a Polonia en 2025, podemos adelantar un buen resultado en cuanto a los viajes de los espa\u00f1oles se refiere. Durante los 6 primeros meses, el n\u00famero de turistas desde Espa\u00f1a en la base hotelera de Polonia creci\u00f3 casi [&hellip;]","og_url":"https:\/\/www.polonia.travel\/es\/dossier-de-prensa-enero-2026\/","og_site_name":"Polonia Travel (ES)","article_published_time":"2026-01-15T13:19:45+00:00","article_modified_time":"2026-01-16T10:04:38+00:00","og_image":[{"width":1898,"height":531,"url":"https:\/\/www.polonia.travel\/es\/wp-content\/uploads\/sites\/18\/2026\/01\/09_26_1117_Bannery_FITUR_2026_3_zajawka-1.jpg","type":"image\/jpeg"}],"author":"agata.witoslawska","twitter_card":"summary_large_image","twitter_misc":{"Napisane przez":"agata.witoslawska","Szacowany czas czytania":"10 minut"},"schema":{"@context":"https:\/\/schema.org","@graph":[{"@type":"Article","@id":"https:\/\/www.polonia.travel\/es\/dossier-de-prensa-enero-2026\/#article","isPartOf":{"@id":"https:\/\/www.polonia.travel\/es\/dossier-de-prensa-enero-2026\/"},"author":{"name":"agata.witoslawska","@id":"https:\/\/www.polonia.travel\/es\/#\/schema\/person\/306be2d4fdf4add6a7c36228a40b62ee"},"headline":"Dossier de prensa (enero 2026)","datePublished":"2026-01-15T13:19:45+00:00","dateModified":"2026-01-16T10:04:38+00:00","mainEntityOfPage":{"@id":"https:\/\/www.polonia.travel\/es\/dossier-de-prensa-enero-2026\/"},"wordCount":1046,"commentCount":0,"publisher":{"@id":"https:\/\/www.polonia.travel\/es\/#organization"},"image":{"@id":"https:\/\/www.polonia.travel\/es\/dossier-de-prensa-enero-2026\/#primaryimage"},"thumbnailUrl":"https:\/\/www.polonia.travel\/es\/wp-content\/uploads\/sites\/18\/2026\/01\/09_26_1117_Bannery_FITUR_2026_3_zajawka-1.jpg","articleSection":["Para profesionales de turismo"],"inLanguage":"pl-PL"},{"@type":"WebPage","@id":"https:\/\/www.polonia.travel\/es\/dossier-de-prensa-enero-2026\/","url":"https:\/\/www.polonia.travel\/es\/dossier-de-prensa-enero-2026\/","name":"Dossier de prensa (enero 2026) - Polonia Travel (ES)","isPartOf":{"@id":"https:\/\/www.polonia.travel\/es\/#website"},"primaryImageOfPage":{"@id":"https:\/\/www.polonia.travel\/es\/dossier-de-prensa-enero-2026\/#primaryimage"},"image":{"@id":"https:\/\/www.polonia.travel\/es\/dossier-de-prensa-enero-2026\/#primaryimage"},"thumbnailUrl":"https:\/\/www.polonia.travel\/es\/wp-content\/uploads\/sites\/18\/2026\/01\/09_26_1117_Bannery_FITUR_2026_3_zajawka-1.jpg","datePublished":"2026-01-15T13:19:45+00:00","dateModified":"2026-01-16T10:04:38+00:00","breadcrumb":{"@id":"https:\/\/www.polonia.travel\/es\/dossier-de-prensa-enero-2026\/#breadcrumb"},"inLanguage":"pl-PL","potentialAction":[{"@type":"ReadAction","target":["https:\/\/www.polonia.travel\/es\/dossier-de-prensa-enero-2026\/"]}]},{"@type":"ImageObject","inLanguage":"pl-PL","@id":"https:\/\/www.polonia.travel\/es\/dossier-de-prensa-enero-2026\/#primaryimage","url":"https:\/\/www.polonia.travel\/es\/wp-content\/uploads\/sites\/18\/2026\/01\/09_26_1117_Bannery_FITUR_2026_3_zajawka-1.jpg","contentUrl":"https:\/\/www.polonia.travel\/es\/wp-content\/uploads\/sites\/18\/2026\/01\/09_26_1117_Bannery_FITUR_2026_3_zajawka-1.jpg","width":1898,"height":531},{"@type":"BreadcrumbList","@id":"https:\/\/www.polonia.travel\/es\/dossier-de-prensa-enero-2026\/#breadcrumb","itemListElement":[{"@type":"ListItem","position":1,"name":"Home page","item":"https:\/\/www.polonia.travel\/es\/"},{"@type":"ListItem","position":2,"name":"Para profesionales de turismo","item":"https:\/\/www.polonia.travel\/es\/category\/para-profesionales-de-turismo\/"},{"@type":"ListItem","position":3,"name":"Dossier de prensa (enero 2026)"}]},{"@type":"WebSite","@id":"https:\/\/www.polonia.travel\/es\/#website","url":"https:\/\/www.polonia.travel\/es\/","name":"Polonia Travel (ES)","description":"...","publisher":{"@id":"https:\/\/www.polonia.travel\/es\/#organization"},"potentialAction":[{"@type":"SearchAction","target":{"@type":"EntryPoint","urlTemplate":"https:\/\/www.polonia.travel\/es\/?s={search_term_string}"},"query-input":{"@type":"PropertyValueSpecification","valueRequired":true,"valueName":"search_term_string"}}],"inLanguage":"pl-PL"},{"@type":"Organization","@id":"https:\/\/www.polonia.travel\/es\/#organization","name":"Polonia Travel (ES)","url":"https:\/\/www.polonia.travel\/es\/","logo":{"@type":"ImageObject","inLanguage":"pl-PL","@id":"https:\/\/www.polonia.travel\/es\/#\/schema\/logo\/image\/","url":"","contentUrl":"","caption":"Polonia Travel (ES)"},"image":{"@id":"https:\/\/www.polonia.travel\/es\/#\/schema\/logo\/image\/"}},{"@type":"Person","@id":"https:\/\/www.polonia.travel\/es\/#\/schema\/person\/306be2d4fdf4add6a7c36228a40b62ee","name":"agata.witoslawska","image":{"@type":"ImageObject","inLanguage":"pl-PL","@id":"https:\/\/secure.gravatar.com\/avatar\/1f1cabc55b8b904c0483101a993d11b6918bc3f228489e285efa1d3056fe882a?s=96&d=mm&r=g","url":"https:\/\/secure.gravatar.com\/avatar\/1f1cabc55b8b904c0483101a993d11b6918bc3f228489e285efa1d3056fe882a?s=96&d=mm&r=g","contentUrl":"https:\/\/secure.gravatar.com\/avatar\/1f1cabc55b8b904c0483101a993d11b6918bc3f228489e285efa1d3056fe882a?s=96&d=mm&r=g","caption":"agata.witoslawska"}}]}},"_links":{"self":[{"href":"https:\/\/www.polonia.travel\/es\/wp-json\/wp\/v2\/posts\/38673","targetHints":{"allow":["GET"]}}],"collection":[{"href":"https:\/\/www.polonia.travel\/es\/wp-json\/wp\/v2\/posts"}],"about":[{"href":"https:\/\/www.polonia.travel\/es\/wp-json\/wp\/v2\/types\/post"}],"author":[{"embeddable":true,"href":"https:\/\/www.polonia.travel\/es\/wp-json\/wp\/v2\/users\/21"}],"replies":[{"embeddable":true,"href":"https:\/\/www.polonia.travel\/es\/wp-json\/wp\/v2\/comments?post=38673"}],"version-history":[{"count":14,"href":"https:\/\/www.polonia.travel\/es\/wp-json\/wp\/v2\/posts\/38673\/revisions"}],"predecessor-version":[{"id":38697,"href":"https:\/\/www.polonia.travel\/es\/wp-json\/wp\/v2\/posts\/38673\/revisions\/38697"}],"wp:featuredmedia":[{"embeddable":true,"href":"https:\/\/www.polonia.travel\/es\/wp-json\/wp\/v2\/media\/38696"}],"wp:attachment":[{"href":"https:\/\/www.polonia.travel\/es\/wp-json\/wp\/v2\/media?parent=38673"}],"wp:term":[{"taxonomy":"category","embeddable":true,"href":"https:\/\/www.polonia.travel\/es\/wp-json\/wp\/v2\/categories?post=38673"}],"curies":[{"name":"wp","href":"https:\/\/api.w.org\/{rel}","templated":true}]}}