{"id":37807,"date":"2025-06-19T13:37:16","date_gmt":"2025-06-19T11:37:16","guid":{"rendered":"https:\/\/www.polonia.travel\/es\/?p=37807"},"modified":"2025-06-19T13:37:17","modified_gmt":"2025-06-19T11:37:17","slug":"festival-wianki","status":"publish","type":"post","link":"https:\/\/www.polonia.travel\/es\/festival-wianki\/","title":{"rendered":"Festival Wianki"},"content":{"rendered":"\n<div class=\"wp-block-group is-style-container-medium\"><div class=\"wp-block-group__inner-container is-layout-constrained wp-block-group-is-layout-constrained\">\n<h2 class=\"wp-block-heading\">Festival Wianki <\/h2>\n<\/div><\/div>\n\n\n\n<div style=\"height:100px\" aria-hidden=\"true\" class=\"wp-block-spacer is-style-spacer-medium\"><\/div>\n\n\n\n<div class=\"wp-block-group is-style-container-medium\"><div class=\"wp-block-group__inner-container is-layout-constrained wp-block-group-is-layout-constrained\">\n<p>El Festival de San Juan, conocido en Polonia como <strong>Wianki<\/strong>, es la colorida celebraci\u00f3n del solsticio de verano que cada a\u00f1o atrae a miles de personas a lo largo del r\u00edo V\u00edstula en Varsovia y Cracovia. Aqu\u00ed tienes todo lo que debes saber:<\/p>\n\n\n\n<div style=\"height:100px\" aria-hidden=\"true\" class=\"wp-block-spacer is-style-spacer-small\"><\/div>\n\n\n\n<h3 class=\"wp-block-heading\">Tradici\u00f3n e historia<\/h3>\n\n\n\n<div style=\"height:100px\" aria-hidden=\"true\" class=\"wp-block-spacer is-style-spacer-small\"><\/div>\n\n\n\n<ul class=\"wp-block-list\">\n<li><strong>Origen pagano:<\/strong> Wianki deriva de rituales eslavos dedicados al fuego y al agua (la llamada \u201cNoc\u202fKupa\u0142y\u201d), donde las j\u00f3venes cos\u00edan coronas de flores (wianki) y las lanzaban al r\u00edo en busca de presagios sobre su futuro amoroso o su destino <\/li>\n\n\n\n<li><strong>Cristianizaci\u00f3n:<\/strong> Con la llegada del cristianismo, estas tradiciones se integraron en la Noche de San Juan (24 de junio), transformando los rituales en una celebraci\u00f3n m\u00e1s folkl\u00f3rica que m\u00edstica<\/li>\n<\/ul>\n\n\n\n<div style=\"height:100px\" aria-hidden=\"true\" class=\"wp-block-spacer is-style-spacer-small\"><\/div>\n\n\n\n<figure class=\"wp-block-image size-large\"><img loading=\"lazy\" decoding=\"async\" width=\"1200\" height=\"763\" src=\"https:\/\/www.polonia.travel\/es\/wp-content\/uploads\/sites\/18\/2025\/06\/AdobeStock_210356442_wianki-1200x763.jpeg\" alt=\"\" class=\"wp-image-37809\" srcset=\"https:\/\/www.polonia.travel\/es\/wp-content\/uploads\/sites\/18\/2025\/06\/AdobeStock_210356442_wianki-1200x763.jpeg 1200w, https:\/\/www.polonia.travel\/es\/wp-content\/uploads\/sites\/18\/2025\/06\/AdobeStock_210356442_wianki-600x381.jpeg 600w, https:\/\/www.polonia.travel\/es\/wp-content\/uploads\/sites\/18\/2025\/06\/AdobeStock_210356442_wianki-768x488.jpeg 768w, https:\/\/www.polonia.travel\/es\/wp-content\/uploads\/sites\/18\/2025\/06\/AdobeStock_210356442_wianki-1536x976.jpeg 1536w, https:\/\/www.polonia.travel\/es\/wp-content\/uploads\/sites\/18\/2025\/06\/AdobeStock_210356442_wianki-2048x1302.jpeg 2048w, https:\/\/www.polonia.travel\/es\/wp-content\/uploads\/sites\/18\/2025\/06\/AdobeStock_210356442_wianki-1920x1220.jpeg 1920w\" sizes=\"auto, (max-width: 1200px) 100vw, 1200px\" \/><\/figure>\n<\/div><\/div>\n\n\n\n<div style=\"height:100px\" aria-hidden=\"true\" class=\"wp-block-spacer is-style-spacer-medium\"><\/div>\n\n\n\n<div class=\"wp-block-group is-style-container-medium\"><div class=\"wp-block-group__inner-container is-layout-constrained wp-block-group-is-layout-constrained\">\n<h3 class=\"wp-block-heading\">Celebraci\u00f3n en Varsovia<\/h3>\n\n\n\n<div style=\"height:100px\" aria-hidden=\"true\" class=\"wp-block-spacer is-style-spacer-small\"><\/div>\n\n\n\n<ul class=\"wp-block-list\">\n<li><strong>Lugar:<\/strong> Tiene lugar en la noche m\u00e1s corta del a\u00f1o, generalmente en el extremo del Parque Multimedia de las Fuentes, junto a la ribera del V\u00edstula <\/li>\n\n\n\n<li><strong>Actividades:<\/strong> Incluye lanzamiento de coronas al agua, saltos simb\u00f3licos sobre hogueras, conciertos al aire libre, ferias culturales y espect\u00e1culos audiovisuales (\u201cagua\u2011luz\u2011sonido\u201d)<\/li>\n\n\n\n<li><strong>Conciertos y feria:<\/strong> M\u00fasica en vivo \u2013 desde jazz y pop hasta sonidos folcl\u00f3ricos \u2013 acompa\u00f1ada de puestos de artesan\u00eda y comida tradicional.<\/li>\n<\/ul>\n<\/div><\/div>\n\n\n\n<div style=\"height:100px\" aria-hidden=\"true\" class=\"wp-block-spacer is-style-spacer-small\"><\/div>\n\n\n\n<div class=\"wp-block-group is-style-container-medium\"><div class=\"wp-block-group__inner-container is-layout-constrained wp-block-group-is-layout-constrained\">\n<p><strong>Consejos si quieres asistir<\/strong> <strong>en la edici\u00f3n 2025<\/strong><\/p>\n\n\n\n<ul class=\"wp-block-list\">\n<li><strong>Cu\u00e1ndo:<\/strong> Reserva tu noche del <strong>21 de junio<\/strong>, seg\u00fan caiga la v\u00edspera de San Juan. Comprueba el programa oficial del Ayuntamiento o <a href=\"https:\/\/go2warsaw.pl\/es\/pagina-principal\/\" target=\"_blank\" rel=\"noreferrer noopener\">Go 2 Warsaw<\/a>.<\/li>\n\n\n\n<li><strong>D\u00f3nde ir:<\/strong> Acude temprano al parque de las fuentes junto al V\u00edstula; suele estar muy concurrido.<\/li>\n\n\n\n<li><strong>\u00bfQu\u00e9 llevar?<\/strong> Coronas de flores (muchos las venden all\u00ed), ropa c\u00f3moda y algo de abrigo para la noche.<\/li>\n\n\n\n<li><strong>Transporte:<\/strong> Mejor usar transporte p\u00fablico o bicicleta; es una zona de ocio peatonal con mucho acceso<\/li>\n<\/ul>\n\n\n  <div class=\"gallery-tiles gallery-tiles--rows-2-3 lightgallery\">\r\n          <a href=\"https:\/\/www.polonia.travel\/es\/wp-content\/uploads\/sites\/18\/2025\/06\/2017-Wianki-nad-Wisla-0421.jpg\" class=\"gallery-tiles__item\" data-src=\"https:\/\/www.polonia.travel\/es\/wp-content\/uploads\/sites\/18\/2025\/06\/2017-Wianki-nad-Wisla-0421.jpg\"\r\n        aria-label=\"Otw\u00f3rz powi\u0119kszone zdj\u0119cie: 2017 Wianki nad Wisla 0421\">\r\n        <img loading=\"lazy\" decoding=\"async\" width=\"900\" height=\"600\" src=\"https:\/\/www.polonia.travel\/es\/wp-content\/uploads\/sites\/18\/2025\/06\/2017-Wianki-nad-Wisla-0421.jpg\" class=\"gallery-tiles__thumb\" alt=\"\" srcset=\"https:\/\/www.polonia.travel\/es\/wp-content\/uploads\/sites\/18\/2025\/06\/2017-Wianki-nad-Wisla-0421.jpg 900w, https:\/\/www.polonia.travel\/es\/wp-content\/uploads\/sites\/18\/2025\/06\/2017-Wianki-nad-Wisla-0421-600x400.jpg 600w, https:\/\/www.polonia.travel\/es\/wp-content\/uploads\/sites\/18\/2025\/06\/2017-Wianki-nad-Wisla-0421-768x512.jpg 768w\" sizes=\"auto, (max-width: 900px) 100vw, 900px\" \/>      <\/a>\r\n          <a href=\"https:\/\/www.polonia.travel\/es\/wp-content\/uploads\/sites\/18\/2025\/06\/2017-Wianki-nad-Wisla-0427.jpg\" class=\"gallery-tiles__item\" data-src=\"https:\/\/www.polonia.travel\/es\/wp-content\/uploads\/sites\/18\/2025\/06\/2017-Wianki-nad-Wisla-0427.jpg\"\r\n        aria-label=\"Otw\u00f3rz powi\u0119kszone zdj\u0119cie: 2017 Wianki nad Wisla 0427\">\r\n        <img loading=\"lazy\" decoding=\"async\" width=\"900\" height=\"600\" src=\"https:\/\/www.polonia.travel\/es\/wp-content\/uploads\/sites\/18\/2025\/06\/2017-Wianki-nad-Wisla-0427.jpg\" class=\"gallery-tiles__thumb\" alt=\"\" srcset=\"https:\/\/www.polonia.travel\/es\/wp-content\/uploads\/sites\/18\/2025\/06\/2017-Wianki-nad-Wisla-0427.jpg 900w, https:\/\/www.polonia.travel\/es\/wp-content\/uploads\/sites\/18\/2025\/06\/2017-Wianki-nad-Wisla-0427-600x400.jpg 600w, https:\/\/www.polonia.travel\/es\/wp-content\/uploads\/sites\/18\/2025\/06\/2017-Wianki-nad-Wisla-0427-768x512.jpg 768w\" sizes=\"auto, (max-width: 900px) 100vw, 900px\" \/>      <\/a>\r\n      <\/div>\r\n\n\n\n<div style=\"height:100px\" aria-hidden=\"true\" class=\"wp-block-spacer is-style-spacer-small\"><\/div>\n<\/div><\/div>\n\n\n\n<div class=\"wp-block-group is-style-container-medium\"><div class=\"wp-block-group__inner-container is-layout-constrained wp-block-group-is-layout-constrained\">\n<h3 class=\"wp-block-heading\">Celebraciones en Cracovia<\/h3>\n\n\n\n<div style=\"height:100px\" aria-hidden=\"true\" class=\"wp-block-spacer is-style-spacer-small\"><\/div>\n\n\n\n<ul class=\"wp-block-list\">\n<li><strong>Fechas 2025<\/strong>: Viernes 20 de junio a domingo 22 de junio <\/li>\n\n\n\n<li><strong>Ubicaciones principales<\/strong>:\n<ul class=\"wp-block-list\">\n<li>Ribera del r\u00edo V\u00edstula, junto al Castillo Wawel<\/li>\n\n\n\n<li>Powisle (Plac Wielkiej Armii Napoleona)<\/li>\n\n\n\n<li>Parque de Planty <\/li>\n<\/ul>\n<\/li>\n<\/ul>\n\n\n\n<div style=\"height:100px\" aria-hidden=\"true\" class=\"wp-block-spacer is-style-spacer-small\"><\/div>\n\n\n\n<p><strong>Actividades destacadas<\/strong><\/p>\n\n\n\n<ul class=\"wp-block-list\">\n<li><strong>Talleres de coronas<\/strong>: donde podr\u00e1s crear tu propio <em>wianek<\/em> (Parque Planty)<\/li>\n\n\n\n<li><strong>Concurso a la mejor corona<\/strong> <strong>de flores<\/strong>: zona de Powisle <\/li>\n\n\n\n<li><strong><em>&#8222;Flisackie swaty&#8221;<\/em><\/strong>: lanzamiento de coronas al r\u00edo<\/li>\n\n\n\n<li><strong>Feria de San Juan:<\/strong> se celebrar\u00e1  a orillas del r\u00edo V\u00edstula. El objetivo de la feria es promover la artesan\u00eda local y la cultura popular de Cracovia y la regi\u00f3n.<\/li>\n\n\n\n<li><strong>M\u00fasica en vivo<\/strong>: las plazas de Cracovia se llenar\u00e1n de escenas donde los artistas locales tocar\u00e1n m\u00fasica durante todo el fin de semana.<\/li>\n<\/ul>\n\n\n\n<p><\/p>\n<\/div><\/div>\n\n\n\n<div style=\"height:100px\" aria-hidden=\"true\" class=\"wp-block-spacer is-style-spacer-large\"><\/div>\n","protected":false},"excerpt":{"rendered":"<p>Festival Wianki El Festival de San Juan, conocido en Polonia como Wianki, es la colorida celebraci\u00f3n del solsticio de verano que cada a\u00f1o atrae a miles de personas a lo largo del r\u00edo V\u00edstula en Varsovia y Cracovia. Aqu\u00ed tienes todo lo que debes saber: Tradici\u00f3n e historia Celebraci\u00f3n en Varsovia Consejos si quieres asistir [&hellip;]<\/p>\n","protected":false},"author":22,"featured_media":37818,"comment_status":"open","ping_status":"open","sticky":false,"template":"","format":"standard","meta":{"_acf_changed":false,"footnotes":""},"categories":[1051,1],"class_list":["post-37807","post","type-post","status-publish","format-standard","has-post-thumbnail","hentry","category-inspiraciones-de-viaje","category-archiwum"],"acf":[],"yoast_head":"<!-- This site is optimized with the Yoast SEO plugin v27.4 - https:\/\/yoast.com\/product\/yoast-seo-wordpress\/ -->\n<title>Festival Wianki - Polonia Travel (ES)<\/title>\n<meta name=\"robots\" content=\"index, follow, max-snippet:-1, max-image-preview:large, max-video-preview:-1\" \/>\n<link rel=\"canonical\" href=\"https:\/\/www.polonia.travel\/es\/festival-wianki\/\" \/>\n<meta property=\"og:locale\" content=\"pl_PL\" \/>\n<meta property=\"og:type\" content=\"article\" \/>\n<meta property=\"og:title\" content=\"Festival Wianki - Polonia Travel (ES)\" \/>\n<meta property=\"og:description\" content=\"Festival Wianki El Festival de San Juan, conocido en Polonia como Wianki, es la colorida celebraci\u00f3n del solsticio de verano que cada a\u00f1o atrae a miles de personas a lo largo del r\u00edo V\u00edstula en Varsovia y Cracovia. Aqu\u00ed tienes todo lo que debes saber: Tradici\u00f3n e historia Celebraci\u00f3n en Varsovia Consejos si quieres asistir [&hellip;]\" \/>\n<meta property=\"og:url\" content=\"https:\/\/www.polonia.travel\/es\/festival-wianki\/\" \/>\n<meta property=\"og:site_name\" content=\"Polonia Travel (ES)\" \/>\n<meta property=\"article:published_time\" content=\"2025-06-19T11:37:16+00:00\" \/>\n<meta property=\"article:modified_time\" content=\"2025-06-19T11:37:17+00:00\" \/>\n<meta property=\"og:image\" content=\"https:\/\/www.polonia.travel\/es\/wp-content\/uploads\/sites\/18\/2025\/06\/Wianki_fot.-m.st_.Warszawa-1.jpg\" \/>\n\t<meta property=\"og:image:width\" content=\"1650\" \/>\n\t<meta property=\"og:image:height\" content=\"825\" \/>\n\t<meta property=\"og:image:type\" content=\"image\/jpeg\" \/>\n<meta name=\"author\" content=\"paula.gwadera\" \/>\n<meta name=\"twitter:card\" content=\"summary_large_image\" \/>\n<meta name=\"twitter:label1\" content=\"Napisane przez\" \/>\n\t<meta name=\"twitter:data1\" content=\"paula.gwadera\" \/>\n\t<meta name=\"twitter:label2\" content=\"Szacowany czas czytania\" \/>\n\t<meta name=\"twitter:data2\" content=\"3 minuty\" \/>\n<script type=\"application\/ld+json\" class=\"yoast-schema-graph\">{\"@context\":\"https:\\\/\\\/schema.org\",\"@graph\":[{\"@type\":\"Article\",\"@id\":\"https:\\\/\\\/www.polonia.travel\\\/es\\\/festival-wianki\\\/#article\",\"isPartOf\":{\"@id\":\"https:\\\/\\\/www.polonia.travel\\\/es\\\/festival-wianki\\\/\"},\"author\":{\"name\":\"paula.gwadera\",\"@id\":\"https:\\\/\\\/www.polonia.travel\\\/es\\\/#\\\/schema\\\/person\\\/3730d2170ec81699992d8c769e4caba9\"},\"headline\":\"Festival Wianki\",\"datePublished\":\"2025-06-19T11:37:16+00:00\",\"dateModified\":\"2025-06-19T11:37:17+00:00\",\"mainEntityOfPage\":{\"@id\":\"https:\\\/\\\/www.polonia.travel\\\/es\\\/festival-wianki\\\/\"},\"wordCount\":428,\"commentCount\":0,\"publisher\":{\"@id\":\"https:\\\/\\\/www.polonia.travel\\\/es\\\/#organization\"},\"image\":{\"@id\":\"https:\\\/\\\/www.polonia.travel\\\/es\\\/festival-wianki\\\/#primaryimage\"},\"thumbnailUrl\":\"https:\\\/\\\/www.polonia.travel\\\/es\\\/wp-content\\\/uploads\\\/sites\\\/18\\\/2025\\\/06\\\/Wianki_fot.-m.st_.Warszawa-1.jpg\",\"articleSection\":[\"Inspiraciones de viaje\",\"Archiwum\"],\"inLanguage\":\"pl-PL\"},{\"@type\":\"WebPage\",\"@id\":\"https:\\\/\\\/www.polonia.travel\\\/es\\\/festival-wianki\\\/\",\"url\":\"https:\\\/\\\/www.polonia.travel\\\/es\\\/festival-wianki\\\/\",\"name\":\"Festival Wianki - Polonia Travel (ES)\",\"isPartOf\":{\"@id\":\"https:\\\/\\\/www.polonia.travel\\\/es\\\/#website\"},\"primaryImageOfPage\":{\"@id\":\"https:\\\/\\\/www.polonia.travel\\\/es\\\/festival-wianki\\\/#primaryimage\"},\"image\":{\"@id\":\"https:\\\/\\\/www.polonia.travel\\\/es\\\/festival-wianki\\\/#primaryimage\"},\"thumbnailUrl\":\"https:\\\/\\\/www.polonia.travel\\\/es\\\/wp-content\\\/uploads\\\/sites\\\/18\\\/2025\\\/06\\\/Wianki_fot.-m.st_.Warszawa-1.jpg\",\"datePublished\":\"2025-06-19T11:37:16+00:00\",\"dateModified\":\"2025-06-19T11:37:17+00:00\",\"breadcrumb\":{\"@id\":\"https:\\\/\\\/www.polonia.travel\\\/es\\\/festival-wianki\\\/#breadcrumb\"},\"inLanguage\":\"pl-PL\",\"potentialAction\":[{\"@type\":\"ReadAction\",\"target\":[\"https:\\\/\\\/www.polonia.travel\\\/es\\\/festival-wianki\\\/\"]}]},{\"@type\":\"ImageObject\",\"inLanguage\":\"pl-PL\",\"@id\":\"https:\\\/\\\/www.polonia.travel\\\/es\\\/festival-wianki\\\/#primaryimage\",\"url\":\"https:\\\/\\\/www.polonia.travel\\\/es\\\/wp-content\\\/uploads\\\/sites\\\/18\\\/2025\\\/06\\\/Wianki_fot.-m.st_.Warszawa-1.jpg\",\"contentUrl\":\"https:\\\/\\\/www.polonia.travel\\\/es\\\/wp-content\\\/uploads\\\/sites\\\/18\\\/2025\\\/06\\\/Wianki_fot.-m.st_.Warszawa-1.jpg\",\"width\":1650,\"height\":825},{\"@type\":\"BreadcrumbList\",\"@id\":\"https:\\\/\\\/www.polonia.travel\\\/es\\\/festival-wianki\\\/#breadcrumb\",\"itemListElement\":[{\"@type\":\"ListItem\",\"position\":1,\"name\":\"Home page\",\"item\":\"https:\\\/\\\/www.polonia.travel\\\/es\\\/\"},{\"@type\":\"ListItem\",\"position\":2,\"name\":\"Archiwum\",\"item\":\"https:\\\/\\\/www.polonia.travel\\\/es\\\/category\\\/archiwum\\\/\"},{\"@type\":\"ListItem\",\"position\":3,\"name\":\"Festival Wianki\"}]},{\"@type\":\"WebSite\",\"@id\":\"https:\\\/\\\/www.polonia.travel\\\/es\\\/#website\",\"url\":\"https:\\\/\\\/www.polonia.travel\\\/es\\\/\",\"name\":\"Polonia Travel (ES)\",\"description\":\"...\",\"publisher\":{\"@id\":\"https:\\\/\\\/www.polonia.travel\\\/es\\\/#organization\"},\"potentialAction\":[{\"@type\":\"SearchAction\",\"target\":{\"@type\":\"EntryPoint\",\"urlTemplate\":\"https:\\\/\\\/www.polonia.travel\\\/es\\\/?s={search_term_string}\"},\"query-input\":{\"@type\":\"PropertyValueSpecification\",\"valueRequired\":true,\"valueName\":\"search_term_string\"}}],\"inLanguage\":\"pl-PL\"},{\"@type\":\"Organization\",\"@id\":\"https:\\\/\\\/www.polonia.travel\\\/es\\\/#organization\",\"name\":\"Polonia Travel (ES)\",\"url\":\"https:\\\/\\\/www.polonia.travel\\\/es\\\/\",\"logo\":{\"@type\":\"ImageObject\",\"inLanguage\":\"pl-PL\",\"@id\":\"https:\\\/\\\/www.polonia.travel\\\/es\\\/#\\\/schema\\\/logo\\\/image\\\/\",\"url\":\"\",\"contentUrl\":\"\",\"caption\":\"Polonia Travel (ES)\"},\"image\":{\"@id\":\"https:\\\/\\\/www.polonia.travel\\\/es\\\/#\\\/schema\\\/logo\\\/image\\\/\"}},{\"@type\":\"Person\",\"@id\":\"https:\\\/\\\/www.polonia.travel\\\/es\\\/#\\\/schema\\\/person\\\/3730d2170ec81699992d8c769e4caba9\",\"name\":\"paula.gwadera\",\"image\":{\"@type\":\"ImageObject\",\"inLanguage\":\"pl-PL\",\"@id\":\"https:\\\/\\\/secure.gravatar.com\\\/avatar\\\/49295582de5868f93cb6cd50c89b11154e6998683e69ebc15d113725d120f96e?s=96&d=mm&r=g\",\"url\":\"https:\\\/\\\/secure.gravatar.com\\\/avatar\\\/49295582de5868f93cb6cd50c89b11154e6998683e69ebc15d113725d120f96e?s=96&d=mm&r=g\",\"contentUrl\":\"https:\\\/\\\/secure.gravatar.com\\\/avatar\\\/49295582de5868f93cb6cd50c89b11154e6998683e69ebc15d113725d120f96e?s=96&d=mm&r=g\",\"caption\":\"paula.gwadera\"}}]}<\/script>\n<!-- \/ Yoast SEO plugin. -->","yoast_head_json":{"title":"Festival Wianki - Polonia Travel (ES)","robots":{"index":"index","follow":"follow","max-snippet":"max-snippet:-1","max-image-preview":"max-image-preview:large","max-video-preview":"max-video-preview:-1"},"canonical":"https:\/\/www.polonia.travel\/es\/festival-wianki\/","og_locale":"pl_PL","og_type":"article","og_title":"Festival Wianki - Polonia Travel (ES)","og_description":"Festival Wianki El Festival de San Juan, conocido en Polonia como Wianki, es la colorida celebraci\u00f3n del solsticio de verano que cada a\u00f1o atrae a miles de personas a lo largo del r\u00edo V\u00edstula en Varsovia y Cracovia. Aqu\u00ed tienes todo lo que debes saber: Tradici\u00f3n e historia Celebraci\u00f3n en Varsovia Consejos si quieres asistir [&hellip;]","og_url":"https:\/\/www.polonia.travel\/es\/festival-wianki\/","og_site_name":"Polonia Travel (ES)","article_published_time":"2025-06-19T11:37:16+00:00","article_modified_time":"2025-06-19T11:37:17+00:00","og_image":[{"width":1650,"height":825,"url":"https:\/\/www.polonia.travel\/es\/wp-content\/uploads\/sites\/18\/2025\/06\/Wianki_fot.-m.st_.Warszawa-1.jpg","type":"image\/jpeg"}],"author":"paula.gwadera","twitter_card":"summary_large_image","twitter_misc":{"Napisane przez":"paula.gwadera","Szacowany czas czytania":"3 minuty"},"schema":{"@context":"https:\/\/schema.org","@graph":[{"@type":"Article","@id":"https:\/\/www.polonia.travel\/es\/festival-wianki\/#article","isPartOf":{"@id":"https:\/\/www.polonia.travel\/es\/festival-wianki\/"},"author":{"name":"paula.gwadera","@id":"https:\/\/www.polonia.travel\/es\/#\/schema\/person\/3730d2170ec81699992d8c769e4caba9"},"headline":"Festival Wianki","datePublished":"2025-06-19T11:37:16+00:00","dateModified":"2025-06-19T11:37:17+00:00","mainEntityOfPage":{"@id":"https:\/\/www.polonia.travel\/es\/festival-wianki\/"},"wordCount":428,"commentCount":0,"publisher":{"@id":"https:\/\/www.polonia.travel\/es\/#organization"},"image":{"@id":"https:\/\/www.polonia.travel\/es\/festival-wianki\/#primaryimage"},"thumbnailUrl":"https:\/\/www.polonia.travel\/es\/wp-content\/uploads\/sites\/18\/2025\/06\/Wianki_fot.-m.st_.Warszawa-1.jpg","articleSection":["Inspiraciones de viaje","Archiwum"],"inLanguage":"pl-PL"},{"@type":"WebPage","@id":"https:\/\/www.polonia.travel\/es\/festival-wianki\/","url":"https:\/\/www.polonia.travel\/es\/festival-wianki\/","name":"Festival Wianki - Polonia Travel (ES)","isPartOf":{"@id":"https:\/\/www.polonia.travel\/es\/#website"},"primaryImageOfPage":{"@id":"https:\/\/www.polonia.travel\/es\/festival-wianki\/#primaryimage"},"image":{"@id":"https:\/\/www.polonia.travel\/es\/festival-wianki\/#primaryimage"},"thumbnailUrl":"https:\/\/www.polonia.travel\/es\/wp-content\/uploads\/sites\/18\/2025\/06\/Wianki_fot.-m.st_.Warszawa-1.jpg","datePublished":"2025-06-19T11:37:16+00:00","dateModified":"2025-06-19T11:37:17+00:00","breadcrumb":{"@id":"https:\/\/www.polonia.travel\/es\/festival-wianki\/#breadcrumb"},"inLanguage":"pl-PL","potentialAction":[{"@type":"ReadAction","target":["https:\/\/www.polonia.travel\/es\/festival-wianki\/"]}]},{"@type":"ImageObject","inLanguage":"pl-PL","@id":"https:\/\/www.polonia.travel\/es\/festival-wianki\/#primaryimage","url":"https:\/\/www.polonia.travel\/es\/wp-content\/uploads\/sites\/18\/2025\/06\/Wianki_fot.-m.st_.Warszawa-1.jpg","contentUrl":"https:\/\/www.polonia.travel\/es\/wp-content\/uploads\/sites\/18\/2025\/06\/Wianki_fot.-m.st_.Warszawa-1.jpg","width":1650,"height":825},{"@type":"BreadcrumbList","@id":"https:\/\/www.polonia.travel\/es\/festival-wianki\/#breadcrumb","itemListElement":[{"@type":"ListItem","position":1,"name":"Home page","item":"https:\/\/www.polonia.travel\/es\/"},{"@type":"ListItem","position":2,"name":"Archiwum","item":"https:\/\/www.polonia.travel\/es\/category\/archiwum\/"},{"@type":"ListItem","position":3,"name":"Festival Wianki"}]},{"@type":"WebSite","@id":"https:\/\/www.polonia.travel\/es\/#website","url":"https:\/\/www.polonia.travel\/es\/","name":"Polonia Travel (ES)","description":"...","publisher":{"@id":"https:\/\/www.polonia.travel\/es\/#organization"},"potentialAction":[{"@type":"SearchAction","target":{"@type":"EntryPoint","urlTemplate":"https:\/\/www.polonia.travel\/es\/?s={search_term_string}"},"query-input":{"@type":"PropertyValueSpecification","valueRequired":true,"valueName":"search_term_string"}}],"inLanguage":"pl-PL"},{"@type":"Organization","@id":"https:\/\/www.polonia.travel\/es\/#organization","name":"Polonia Travel (ES)","url":"https:\/\/www.polonia.travel\/es\/","logo":{"@type":"ImageObject","inLanguage":"pl-PL","@id":"https:\/\/www.polonia.travel\/es\/#\/schema\/logo\/image\/","url":"","contentUrl":"","caption":"Polonia Travel (ES)"},"image":{"@id":"https:\/\/www.polonia.travel\/es\/#\/schema\/logo\/image\/"}},{"@type":"Person","@id":"https:\/\/www.polonia.travel\/es\/#\/schema\/person\/3730d2170ec81699992d8c769e4caba9","name":"paula.gwadera","image":{"@type":"ImageObject","inLanguage":"pl-PL","@id":"https:\/\/secure.gravatar.com\/avatar\/49295582de5868f93cb6cd50c89b11154e6998683e69ebc15d113725d120f96e?s=96&d=mm&r=g","url":"https:\/\/secure.gravatar.com\/avatar\/49295582de5868f93cb6cd50c89b11154e6998683e69ebc15d113725d120f96e?s=96&d=mm&r=g","contentUrl":"https:\/\/secure.gravatar.com\/avatar\/49295582de5868f93cb6cd50c89b11154e6998683e69ebc15d113725d120f96e?s=96&d=mm&r=g","caption":"paula.gwadera"}}]}},"_links":{"self":[{"href":"https:\/\/www.polonia.travel\/es\/wp-json\/wp\/v2\/posts\/37807","targetHints":{"allow":["GET"]}}],"collection":[{"href":"https:\/\/www.polonia.travel\/es\/wp-json\/wp\/v2\/posts"}],"about":[{"href":"https:\/\/www.polonia.travel\/es\/wp-json\/wp\/v2\/types\/post"}],"author":[{"embeddable":true,"href":"https:\/\/www.polonia.travel\/es\/wp-json\/wp\/v2\/users\/22"}],"replies":[{"embeddable":true,"href":"https:\/\/www.polonia.travel\/es\/wp-json\/wp\/v2\/comments?post=37807"}],"version-history":[{"count":9,"href":"https:\/\/www.polonia.travel\/es\/wp-json\/wp\/v2\/posts\/37807\/revisions"}],"predecessor-version":[{"id":37821,"href":"https:\/\/www.polonia.travel\/es\/wp-json\/wp\/v2\/posts\/37807\/revisions\/37821"}],"wp:featuredmedia":[{"embeddable":true,"href":"https:\/\/www.polonia.travel\/es\/wp-json\/wp\/v2\/media\/37818"}],"wp:attachment":[{"href":"https:\/\/www.polonia.travel\/es\/wp-json\/wp\/v2\/media?parent=37807"}],"wp:term":[{"taxonomy":"category","embeddable":true,"href":"https:\/\/www.polonia.travel\/es\/wp-json\/wp\/v2\/categories?post=37807"}],"curies":[{"name":"wp","href":"https:\/\/api.w.org\/{rel}","templated":true}]}}