{"id":37767,"date":"2025-06-12T13:58:47","date_gmt":"2025-06-12T11:58:47","guid":{"rendered":"https:\/\/www.polonia.travel\/es\/?p=37767"},"modified":"2025-06-12T14:00:24","modified_gmt":"2025-06-12T12:00:24","slug":"idiomas-y-dialectos-en-polonia","status":"publish","type":"post","link":"https:\/\/www.polonia.travel\/es\/idiomas-y-dialectos-en-polonia\/","title":{"rendered":"Idiomas y dialectos en Polonia"},"content":{"rendered":"\n<h2 class=\"wp-block-heading has-text-align-center\">\u00a1Conoce el mapa ling\u00fcist\u00edco polaco! <\/h2>\n\n\n\n<div style=\"height:100px\" aria-hidden=\"true\" class=\"wp-block-spacer is-style-spacer-small\"><\/div>\n\n\n\n<div class=\"wp-block-group is-style-container-medium\"><div class=\"wp-block-group__inner-container is-layout-constrained wp-block-group-is-layout-constrained\">\n<p>Aunque el polaco no es una de las lenguas m\u00e1s habladas del mundo, lo dominan m\u00e1s de <strong>45 millones de personas<\/strong>, de las cuales 38 millones viven en Polonia. Sabemos que no es un idioma f\u00e1cil \u2014y para quienes no lo hablan, puede sonar siempre igual\u2014, pero \u00bfsab\u00edas que en Polonia, al <strong>igual que en Espa\u00f1a<\/strong>, tambi\u00e9n existen <strong>otros idiomas oficiales y dialectos <\/strong>regionales?<\/p>\n\n\n\n<p class=\"has-text-align-center\"><strong>\u00a1Te lo contamos!<\/strong><\/p>\n\n\n\n<p><\/p>\n\n\n\n<p class=\"has-text-align-left\">Desde 2005, Polonia reconoce oficialmente una segunda lengua regional: el <strong>casubiano <\/strong>(<em>kaszubski<\/em>), hablado principalmente en la <strong><a href=\"https:\/\/www.polonia.travel\/es\/pomerania-mirando-hacia-el-baltico\/\">regi\u00f3n de Pomerania<\/a><\/strong>, en el norte del pa\u00eds. Lo curioso es que este idioma tambi\u00e9n ha cruzado fronteras: hoy en d\u00eda puede escucharse en comunidades de <strong>Canad\u00e1, Alemania y Estados Unidos<\/strong>, donde emigraron hablantes en el pasado.<\/p>\n\n\n\n<p class=\"has-text-align-left\"><br>Actualmente, unas <strong>400.000 personas<\/strong> lo usan a diario, y cerca de <strong>100.000<\/strong> lo consideran su l<strong>engua materna<\/strong>. En muchos colegios, sobre todo en primaria, se ense\u00f1a casubiano como asignatura optativa. Incluso puede elegirse como idioma en los ex\u00e1menes de acceso a la universidad (la \u201c<em>Matura<\/em>\u201d, equivalente a la<em> EBAU<\/em> espa\u00f1ola). En el curso 2020\/2021, m\u00e1s de <strong>20.000 estudiantes<\/strong> lo cursaban en las escuelas.<\/p>\n\n\n\n<p class=\"has-text-align-left\">Adem\u00e1s, hay libros, revistas, programas de radio y televisi\u00f3n en casubiano. Su origen ling\u00fc\u00edstico <strong>mezcla <\/strong>influencias del <strong>alem\u00e1n<\/strong> \u2014por su v\u00ednculo con la antigua Prusia\u2014 con elementos de<strong> dialectos polacos<\/strong>, que veremos m\u00e1s adelante.<\/p>\n\n\n\n<p class=\"has-text-align-left\">Si lo <strong>comparamos con Espa\u00f1a<\/strong>, el casubiano podr\u00eda asemejarse al <strong>euskera:<\/strong> una lengua regional con reconocimiento oficial, ense\u00f1ada en centros educativos y presente en los medios de comunicaci\u00f3n.<\/p>\n\n\n\n<div style=\"height:100px\" aria-hidden=\"true\" class=\"wp-block-spacer is-style-spacer-small\"><\/div>\n\n\n\n<div class=\"wp-block-group\"><div class=\"wp-block-group__inner-container is-layout-constrained wp-block-group-is-layout-constrained\"><div class=\"wp-block-image\">\n<figure class=\"aligncenter size-large is-resized\"><img loading=\"lazy\" decoding=\"async\" width=\"1200\" height=\"802\" src=\"https:\/\/www.polonia.travel\/es\/wp-content\/uploads\/sites\/18\/2025\/06\/AdobeStock_516798910_kaszuby-1200x802.jpeg\" alt=\"\" class=\"wp-image-37773\" style=\"width:580px;height:auto\" srcset=\"https:\/\/www.polonia.travel\/es\/wp-content\/uploads\/sites\/18\/2025\/06\/AdobeStock_516798910_kaszuby-1200x802.jpeg 1200w, https:\/\/www.polonia.travel\/es\/wp-content\/uploads\/sites\/18\/2025\/06\/AdobeStock_516798910_kaszuby-600x401.jpeg 600w, https:\/\/www.polonia.travel\/es\/wp-content\/uploads\/sites\/18\/2025\/06\/AdobeStock_516798910_kaszuby-768x513.jpeg 768w, https:\/\/www.polonia.travel\/es\/wp-content\/uploads\/sites\/18\/2025\/06\/AdobeStock_516798910_kaszuby-1536x1026.jpeg 1536w, https:\/\/www.polonia.travel\/es\/wp-content\/uploads\/sites\/18\/2025\/06\/AdobeStock_516798910_kaszuby-2048x1368.jpeg 2048w, https:\/\/www.polonia.travel\/es\/wp-content\/uploads\/sites\/18\/2025\/06\/AdobeStock_516798910_kaszuby-1920x1282.jpeg 1920w\" sizes=\"auto, (max-width: 1200px) 100vw, 1200px\" \/><figcaption class=\"wp-element-caption\">Mujer en Casubia con vestido tradicional<\/figcaption><\/figure><\/div>\n\n\n<div style=\"height:100px\" aria-hidden=\"true\" class=\"wp-block-spacer is-style-spacer-small\"><\/div>\n\n\n\n<p class=\"has-text-align-left\"><\/p>\n<\/div><\/div>\n<\/div><\/div>\n\n\n\n<div class=\"wp-block-group is-style-container-medium\"><div class=\"wp-block-group__inner-container is-layout-constrained wp-block-group-is-layout-constrained\">\n<p><strong>\u00bfY qu\u00e9 pasa con el silesiano?<\/strong><\/p>\n\n\n\n<p>Otro caso interesante es el del <strong>silesiano<\/strong> (<em>\u015bl\u0105ski<\/em>), hablado en la <strong><a href=\"https:\/\/www.polonia.travel\/es\/la-region-de-silesia-slask\/\">regi\u00f3n de Silesia<\/a><\/strong>, al sur del pa\u00eds. Aunque todav\u00eda no est\u00e1 reconocido oficialmente como idioma, existe un <strong>movimiento social y pol\u00edtico<\/strong> que busca otorgarle ese estatus, al igual que ocurri\u00f3 con el casubiano.<\/p>\n\n\n\n<p>De hecho, en el censo m\u00e1s reciente, <strong>600.000 personas <\/strong>se declararon de <strong>nacionalidad silesiana,<\/strong> y se calcula que cerca de <strong>500.000<\/strong> lo hablan a diario, siendo la<strong> lengua principal <\/strong>en muchos hogares. Estas cifras superan ampliamente a las del casubiano donde 15.000 personas declaran sentirse como casubianos. <\/p>\n\n\n\n<p>El silesiano tiene <strong>ra\u00edces del checo<\/strong> y del <strong>alem\u00e1n<\/strong>, debido a su cercan\u00eda hist\u00f3rica y geogr\u00e1fica con esas culturas. Podr\u00edamos compararlo con el <strong>catal\u00e1n en Espa\u00f1a<\/strong>, aunque este s\u00ed cuenta con reconocimiento legal y oficial en comunidades aut\u00f3nomas.<\/p>\n\n\n\n<p>A pesar de que a\u00fan no existe una legislaci\u00f3n clara, hay escuelas que imparten clases de silesiano, y se quiero comenzar a impartir oficialmente a partir del 1 de septiembre de 2025  en centros educativos, con la posibilidad de incluirlo tambi\u00e9n en la <em>Matura<\/em>, sin embargo son solamente planes. <\/p>\n\n\n\n<div style=\"height:100px\" aria-hidden=\"true\" class=\"wp-block-spacer is-style-spacer-small\"><\/div>\n\n\n\n<div class=\"wp-block-group\"><div class=\"wp-block-group__inner-container is-layout-constrained wp-block-group-is-layout-constrained\"><div class=\"wp-block-image\">\n<figure class=\"aligncenter size-large is-resized\"><img loading=\"lazy\" decoding=\"async\" width=\"1200\" height=\"800\" src=\"https:\/\/www.polonia.travel\/es\/wp-content\/uploads\/sites\/18\/2025\/06\/Dzieci_Wakacje_GettyImages-1017977240-1200x800.jpg\" alt=\"\" class=\"wp-image-37771\" style=\"width:596px;height:auto\" srcset=\"https:\/\/www.polonia.travel\/es\/wp-content\/uploads\/sites\/18\/2025\/06\/Dzieci_Wakacje_GettyImages-1017977240-1200x800.jpg 1200w, https:\/\/www.polonia.travel\/es\/wp-content\/uploads\/sites\/18\/2025\/06\/Dzieci_Wakacje_GettyImages-1017977240-600x400.jpg 600w, https:\/\/www.polonia.travel\/es\/wp-content\/uploads\/sites\/18\/2025\/06\/Dzieci_Wakacje_GettyImages-1017977240-768x512.jpg 768w, https:\/\/www.polonia.travel\/es\/wp-content\/uploads\/sites\/18\/2025\/06\/Dzieci_Wakacje_GettyImages-1017977240-1536x1024.jpg 1536w, https:\/\/www.polonia.travel\/es\/wp-content\/uploads\/sites\/18\/2025\/06\/Dzieci_Wakacje_GettyImages-1017977240-2048x1365.jpg 2048w, https:\/\/www.polonia.travel\/es\/wp-content\/uploads\/sites\/18\/2025\/06\/Dzieci_Wakacje_GettyImages-1017977240-1920x1280.jpg 1920w\" sizes=\"auto, (max-width: 1200px) 100vw, 1200px\" \/><\/figure><\/div><\/div><\/div>\n\n\n\n<div style=\"height:100px\" aria-hidden=\"true\" class=\"wp-block-spacer is-style-spacer-small\"><\/div>\n\n\n\n<p>Adem\u00e1s de estos idiomas, el polaco cuenta con<strong> cuatro dialectos principales<\/strong>:<\/p>\n\n\n\n<ul class=\"wp-block-list\">\n<li><a href=\"https:\/\/www.polonia.travel\/es\/polonia-menor-malopolska\/\">Polonia Menor<\/a> <em>(Ma\u0142opolska<\/em>)<\/li>\n\n\n\n<li><a href=\"https:\/\/www.polonia.travel\/es\/poznan-la-capital-de-polonia-mayor\/\">Polonia Mayor<\/a> (<em>Wielkopolska<\/em>)<\/li>\n\n\n\n<li><a href=\"https:\/\/www.polonia.travel\/es\/mazovia-mazowsze-la-inspiracion-de-chopin\/\">Masovia<\/a> (<em>Mazowsze<\/em>)<\/li>\n\n\n\n<li><a href=\"https:\/\/www.polonia.travel\/es\/warmia-y-masuria-los-tres-colores\/\">Masuria<\/a> (<em>Mazury<\/em>)<\/li>\n<\/ul>\n\n\n\n<p>A esto se suma el debate sobre si el silesiano es un dialecto o una lengua propia, algo que sigue siendo motivo de discusi\u00f3n.<\/p>\n\n\n\n<p>Existen tambi\u00e9n formas de habla local, conocidas como <strong><em>gwary<\/em><\/strong>, que aportan a\u00fan m\u00e1s riqueza al mapa ling\u00fc\u00edstico polaco. Uno de los m\u00e1s conocidos es el <em><strong>gwara g\u00f3ralska<\/strong><\/em>, el <strong><a href=\"https:\/\/www.polonia.travel\/es\/zakopane-capital-de-no-solo-invierno\/\">habla de las monta\u00f1as<\/a><\/strong> en el sur del pa\u00eds, especialmente entre los monta\u00f1eses o <em>g\u00f3rale<\/em>. Tambi\u00e9n en ciudades como <strong>Varsovia o Pozna\u0144<\/strong> existen formas de hablar propias, pero esto ya se lo dejamos a los m\u00e1s exquisitos. <\/p>\n\n\n\n<p>\u00bfA que no sab\u00edas que Polonia era tan diversa ling\u00fc\u00edsticamente como Espa\u00f1a? Si te interesa la cultura local y descubrir la riqueza m\u00e1s all\u00e1 del idioma oficial, \u00a1te animamos a explorar estas regiones donde las lenguas y las tradiciones van de la mano!<\/p>\n<\/div><\/div>\n\n\n\n<div style=\"height:100px\" aria-hidden=\"true\" class=\"wp-block-spacer is-style-spacer-medium\"><\/div>\n\n\n<div class=\"overflow\">\n  <div class=\"post-slider swiper post-slider--small\" data-schema=\"small\">\n\n    <div class=\"swiper-wrapper\">\n              <div class=\"swiper-slide post-slide\">\n                      <a href=\"https:\/\/www.polonia.travel\/es\/viajar-a-polonia-en-otono-invierno\/\" class=\"post-box post-box--small\" style=\" background-image: url(https:\/\/www.polonia.travel\/es\/wp-content\/uploads\/sites\/18\/2024\/04\/jesien-gory-500x-768-600x388.jpg);\">\n          <div class=\"post-box__hover\" style=\"background-image: url(https:\/\/www.polonia.travel\/es\/wp-content\/uploads\/sites\/18\/2024\/04\/Wroclaw20panorama20zima20540x36020MIASTA_ALL2037.jpg);\"><\/div>\n        <div class=\"post-box__info\">\n              <div class=\"post-box__top\">\n          <div class=\"post-box__date\">01-08-2024<\/div>\n          <div class=\"post-box__category\">\n            Other          <\/div>\n        <\/div>\n            <div class=\"post-box__title\">\u00bfViajar a Polonia en oto\u00f1o\/invierno?<\/div>\n      <div class=\"post-box__more\">Leer m\u00e1s<\/div>\n    <\/div>\n  <\/a>\n\n          <\/div>\n              <div class=\"swiper-slide post-slide\">\n                      <a href=\"https:\/\/www.polonia.travel\/es\/5-ideas-de-souvenirs-originales-de-polonia\/\" class=\"post-box post-box--small\" style=\" background-image: url(https:\/\/www.polonia.travel\/es\/wp-content\/uploads\/sites\/18\/2024\/08\/DSC_3289_00001_Gdansk_Jarmark-Bozonarodzeniowy-600x450.jpg);\">\n          <div class=\"post-box__hover\" style=\"background-image: url(https:\/\/www.polonia.travel\/es\/wp-content\/uploads\/sites\/18\/2024\/04\/22.1-Bursztyn-mniejsze-540x354-1.jpg);\"><\/div>\n        <div class=\"post-box__info\">\n              <div class=\"post-box__top\">\n          <div class=\"post-box__date\">19-08-2024<\/div>\n          <div class=\"post-box__category\">\n            Ideas y propuestas          <\/div>\n        <\/div>\n            <div class=\"post-box__title\">5 ideas de souvenirs originales de Polonia<\/div>\n      <div class=\"post-box__more\">Leer m\u00e1s<\/div>\n    <\/div>\n  <\/a>\n\n          <\/div>\n              <div class=\"swiper-slide post-slide\">\n                      <a href=\"https:\/\/www.polonia.travel\/es\/aprender-y-degustar\/\" class=\"post-box post-box--small\" style=\" background-image: url(https:\/\/www.polonia.travel\/es\/wp-content\/uploads\/sites\/18\/2024\/04\/81_Fotolia_kulinarne_Pierniki_Swiateczne_HR-e1771585215769-600x293.jpg);\">\n        <div class=\"post-box__info\">\n              <div class=\"post-box__top\">\n          <div class=\"post-box__date\">31-07-2024<\/div>\n          <div class=\"post-box__category\">\n            Sabores          <\/div>\n        <\/div>\n            <div class=\"post-box__title\">Aprender y degustar<\/div>\n      <div class=\"post-box__more\">Leer m\u00e1s<\/div>\n    <\/div>\n  <\/a>\n\n          <\/div>\n              <div class=\"swiper-slide post-slide\">\n                      <a href=\"https:\/\/www.polonia.travel\/es\/anuncios-sobre-presupuestos\/\" class=\"post-box post-box--small\" style=\" background-image: url(https:\/\/www.polonia.travel\/es\/wp-content\/uploads\/sites\/18\/2024\/04\/Torun20panorama20540x360-1.jpg);\">\n        <div class=\"post-box__info\">\n              <div class=\"post-box__top\">\n          <div class=\"post-box__date\">01-05-2024<\/div>\n          <div class=\"post-box__category\">\n            Para profesionales de turismo          <\/div>\n        <\/div>\n            <div class=\"post-box__title\">Anuncios sobre presupuestos<\/div>\n      <div class=\"post-box__more\">Leer m\u00e1s<\/div>\n    <\/div>\n  <\/a>\n\n          <\/div>\n          <\/div>\n    <div class=\"post-slider__pagination\"><\/div>\n  <\/div>\n<\/div>\n","protected":false},"excerpt":{"rendered":"<p>\u00a1Conoce el mapa ling\u00fcist\u00edco polaco! Aunque el polaco no es una de las lenguas m\u00e1s habladas del mundo, lo dominan m\u00e1s de 45 millones de personas, de las cuales 38 millones viven en Polonia. Sabemos que no es un idioma f\u00e1cil \u2014y para quienes no lo hablan, puede sonar siempre igual\u2014, pero \u00bfsab\u00edas que en [&hellip;]<\/p>\n","protected":false},"author":44,"featured_media":37770,"comment_status":"open","ping_status":"open","sticky":false,"template":"","format":"standard","meta":{"_acf_changed":false,"footnotes":""},"categories":[1,1222],"class_list":["post-37767","post","type-post","status-publish","format-standard","has-post-thumbnail","hentry","category-archiwum","category-fiestas-costumbres-y-tradiciones"],"acf":[],"yoast_head":"<!-- This site is optimized with the Yoast SEO plugin v27.4 - https:\/\/yoast.com\/product\/yoast-seo-wordpress\/ -->\n<title>Idiomas y dialectos en Polonia - Polonia Travel (ES)<\/title>\n<meta name=\"robots\" content=\"index, follow, max-snippet:-1, max-image-preview:large, max-video-preview:-1\" \/>\n<link rel=\"canonical\" href=\"https:\/\/www.polonia.travel\/es\/idiomas-y-dialectos-en-polonia\/\" \/>\n<meta property=\"og:locale\" content=\"pl_PL\" \/>\n<meta property=\"og:type\" content=\"article\" \/>\n<meta property=\"og:title\" content=\"Idiomas y dialectos en Polonia - Polonia Travel (ES)\" \/>\n<meta property=\"og:description\" content=\"\u00a1Conoce el mapa ling\u00fcist\u00edco polaco! Aunque el polaco no es una de las lenguas m\u00e1s habladas del mundo, lo dominan m\u00e1s de 45 millones de personas, de las cuales 38 millones viven en Polonia. Sabemos que no es un idioma f\u00e1cil \u2014y para quienes no lo hablan, puede sonar siempre igual\u2014, pero \u00bfsab\u00edas que en [&hellip;]\" \/>\n<meta property=\"og:url\" content=\"https:\/\/www.polonia.travel\/es\/idiomas-y-dialectos-en-polonia\/\" \/>\n<meta property=\"og:site_name\" content=\"Polonia Travel (ES)\" \/>\n<meta property=\"article:published_time\" content=\"2025-06-12T11:58:47+00:00\" \/>\n<meta property=\"article:modified_time\" content=\"2025-06-12T12:00:24+00:00\" \/>\n<meta property=\"og:image\" content=\"https:\/\/www.polonia.travel\/es\/wp-content\/uploads\/sites\/18\/2025\/06\/34-Warszawa-zielona-Ogrod-Saski-fot-Jaroslaw-Marciuk-960x1200.jpg\" \/>\n\t<meta property=\"og:image:width\" content=\"960\" \/>\n\t<meta property=\"og:image:height\" content=\"1200\" \/>\n\t<meta property=\"og:image:type\" content=\"image\/jpeg\" \/>\n<meta name=\"author\" content=\"juliacisinska\" \/>\n<meta name=\"twitter:card\" content=\"summary_large_image\" \/>\n<meta name=\"twitter:label1\" content=\"Napisane przez\" \/>\n\t<meta name=\"twitter:data1\" content=\"juliacisinska\" \/>\n\t<meta name=\"twitter:label2\" content=\"Szacowany czas czytania\" \/>\n\t<meta name=\"twitter:data2\" content=\"5 minut\" \/>\n<script type=\"application\/ld+json\" class=\"yoast-schema-graph\">{\"@context\":\"https:\\\/\\\/schema.org\",\"@graph\":[{\"@type\":\"Article\",\"@id\":\"https:\\\/\\\/www.polonia.travel\\\/es\\\/idiomas-y-dialectos-en-polonia\\\/#article\",\"isPartOf\":{\"@id\":\"https:\\\/\\\/www.polonia.travel\\\/es\\\/idiomas-y-dialectos-en-polonia\\\/\"},\"author\":{\"name\":\"juliacisinska\",\"@id\":\"https:\\\/\\\/www.polonia.travel\\\/es\\\/#\\\/schema\\\/person\\\/305db414024b19e655eb1fe099792074\"},\"headline\":\"Idiomas y dialectos en Polonia\",\"datePublished\":\"2025-06-12T11:58:47+00:00\",\"dateModified\":\"2025-06-12T12:00:24+00:00\",\"mainEntityOfPage\":{\"@id\":\"https:\\\/\\\/www.polonia.travel\\\/es\\\/idiomas-y-dialectos-en-polonia\\\/\"},\"wordCount\":649,\"commentCount\":0,\"publisher\":{\"@id\":\"https:\\\/\\\/www.polonia.travel\\\/es\\\/#organization\"},\"image\":{\"@id\":\"https:\\\/\\\/www.polonia.travel\\\/es\\\/idiomas-y-dialectos-en-polonia\\\/#primaryimage\"},\"thumbnailUrl\":\"https:\\\/\\\/www.polonia.travel\\\/es\\\/wp-content\\\/uploads\\\/sites\\\/18\\\/2025\\\/06\\\/34-Warszawa-zielona-Ogrod-Saski-fot-Jaroslaw-Marciuk-scaled.jpg\",\"articleSection\":[\"Archiwum\",\"Fiestas, costumbres y tradiciones\"],\"inLanguage\":\"pl-PL\"},{\"@type\":\"WebPage\",\"@id\":\"https:\\\/\\\/www.polonia.travel\\\/es\\\/idiomas-y-dialectos-en-polonia\\\/\",\"url\":\"https:\\\/\\\/www.polonia.travel\\\/es\\\/idiomas-y-dialectos-en-polonia\\\/\",\"name\":\"Idiomas y dialectos en Polonia - Polonia Travel (ES)\",\"isPartOf\":{\"@id\":\"https:\\\/\\\/www.polonia.travel\\\/es\\\/#website\"},\"primaryImageOfPage\":{\"@id\":\"https:\\\/\\\/www.polonia.travel\\\/es\\\/idiomas-y-dialectos-en-polonia\\\/#primaryimage\"},\"image\":{\"@id\":\"https:\\\/\\\/www.polonia.travel\\\/es\\\/idiomas-y-dialectos-en-polonia\\\/#primaryimage\"},\"thumbnailUrl\":\"https:\\\/\\\/www.polonia.travel\\\/es\\\/wp-content\\\/uploads\\\/sites\\\/18\\\/2025\\\/06\\\/34-Warszawa-zielona-Ogrod-Saski-fot-Jaroslaw-Marciuk-scaled.jpg\",\"datePublished\":\"2025-06-12T11:58:47+00:00\",\"dateModified\":\"2025-06-12T12:00:24+00:00\",\"breadcrumb\":{\"@id\":\"https:\\\/\\\/www.polonia.travel\\\/es\\\/idiomas-y-dialectos-en-polonia\\\/#breadcrumb\"},\"inLanguage\":\"pl-PL\",\"potentialAction\":[{\"@type\":\"ReadAction\",\"target\":[\"https:\\\/\\\/www.polonia.travel\\\/es\\\/idiomas-y-dialectos-en-polonia\\\/\"]}]},{\"@type\":\"ImageObject\",\"inLanguage\":\"pl-PL\",\"@id\":\"https:\\\/\\\/www.polonia.travel\\\/es\\\/idiomas-y-dialectos-en-polonia\\\/#primaryimage\",\"url\":\"https:\\\/\\\/www.polonia.travel\\\/es\\\/wp-content\\\/uploads\\\/sites\\\/18\\\/2025\\\/06\\\/34-Warszawa-zielona-Ogrod-Saski-fot-Jaroslaw-Marciuk-scaled.jpg\",\"contentUrl\":\"https:\\\/\\\/www.polonia.travel\\\/es\\\/wp-content\\\/uploads\\\/sites\\\/18\\\/2025\\\/06\\\/34-Warszawa-zielona-Ogrod-Saski-fot-Jaroslaw-Marciuk-scaled.jpg\",\"width\":2048,\"height\":2560},{\"@type\":\"BreadcrumbList\",\"@id\":\"https:\\\/\\\/www.polonia.travel\\\/es\\\/idiomas-y-dialectos-en-polonia\\\/#breadcrumb\",\"itemListElement\":[{\"@type\":\"ListItem\",\"position\":1,\"name\":\"Home page\",\"item\":\"https:\\\/\\\/www.polonia.travel\\\/es\\\/\"},{\"@type\":\"ListItem\",\"position\":2,\"name\":\"Inspiraciones de viaje\",\"item\":\"https:\\\/\\\/www.polonia.travel\\\/es\\\/category\\\/inspiraciones-de-viaje\\\/\"},{\"@type\":\"ListItem\",\"position\":3,\"name\":\"Fiestas, costumbres y tradiciones\",\"item\":\"https:\\\/\\\/www.polonia.travel\\\/es\\\/category\\\/inspiraciones-de-viaje\\\/fiestas-costumbres-y-tradiciones\\\/\"},{\"@type\":\"ListItem\",\"position\":4,\"name\":\"Idiomas y dialectos en Polonia\"}]},{\"@type\":\"WebSite\",\"@id\":\"https:\\\/\\\/www.polonia.travel\\\/es\\\/#website\",\"url\":\"https:\\\/\\\/www.polonia.travel\\\/es\\\/\",\"name\":\"Polonia Travel (ES)\",\"description\":\"...\",\"publisher\":{\"@id\":\"https:\\\/\\\/www.polonia.travel\\\/es\\\/#organization\"},\"potentialAction\":[{\"@type\":\"SearchAction\",\"target\":{\"@type\":\"EntryPoint\",\"urlTemplate\":\"https:\\\/\\\/www.polonia.travel\\\/es\\\/?s={search_term_string}\"},\"query-input\":{\"@type\":\"PropertyValueSpecification\",\"valueRequired\":true,\"valueName\":\"search_term_string\"}}],\"inLanguage\":\"pl-PL\"},{\"@type\":\"Organization\",\"@id\":\"https:\\\/\\\/www.polonia.travel\\\/es\\\/#organization\",\"name\":\"Polonia Travel (ES)\",\"url\":\"https:\\\/\\\/www.polonia.travel\\\/es\\\/\",\"logo\":{\"@type\":\"ImageObject\",\"inLanguage\":\"pl-PL\",\"@id\":\"https:\\\/\\\/www.polonia.travel\\\/es\\\/#\\\/schema\\\/logo\\\/image\\\/\",\"url\":\"\",\"contentUrl\":\"\",\"caption\":\"Polonia Travel (ES)\"},\"image\":{\"@id\":\"https:\\\/\\\/www.polonia.travel\\\/es\\\/#\\\/schema\\\/logo\\\/image\\\/\"}},{\"@type\":\"Person\",\"@id\":\"https:\\\/\\\/www.polonia.travel\\\/es\\\/#\\\/schema\\\/person\\\/305db414024b19e655eb1fe099792074\",\"name\":\"juliacisinska\",\"image\":{\"@type\":\"ImageObject\",\"inLanguage\":\"pl-PL\",\"@id\":\"https:\\\/\\\/secure.gravatar.com\\\/avatar\\\/c9c8afac56d8adb0a79aa847a5e5005f859a366dfc7a3446db329ce76e2be0a8?s=96&d=mm&r=g\",\"url\":\"https:\\\/\\\/secure.gravatar.com\\\/avatar\\\/c9c8afac56d8adb0a79aa847a5e5005f859a366dfc7a3446db329ce76e2be0a8?s=96&d=mm&r=g\",\"contentUrl\":\"https:\\\/\\\/secure.gravatar.com\\\/avatar\\\/c9c8afac56d8adb0a79aa847a5e5005f859a366dfc7a3446db329ce76e2be0a8?s=96&d=mm&r=g\",\"caption\":\"juliacisinska\"}}]}<\/script>\n<!-- \/ Yoast SEO plugin. -->","yoast_head_json":{"title":"Idiomas y dialectos en Polonia - Polonia Travel (ES)","robots":{"index":"index","follow":"follow","max-snippet":"max-snippet:-1","max-image-preview":"max-image-preview:large","max-video-preview":"max-video-preview:-1"},"canonical":"https:\/\/www.polonia.travel\/es\/idiomas-y-dialectos-en-polonia\/","og_locale":"pl_PL","og_type":"article","og_title":"Idiomas y dialectos en Polonia - Polonia Travel (ES)","og_description":"\u00a1Conoce el mapa ling\u00fcist\u00edco polaco! Aunque el polaco no es una de las lenguas m\u00e1s habladas del mundo, lo dominan m\u00e1s de 45 millones de personas, de las cuales 38 millones viven en Polonia. Sabemos que no es un idioma f\u00e1cil \u2014y para quienes no lo hablan, puede sonar siempre igual\u2014, pero \u00bfsab\u00edas que en [&hellip;]","og_url":"https:\/\/www.polonia.travel\/es\/idiomas-y-dialectos-en-polonia\/","og_site_name":"Polonia Travel (ES)","article_published_time":"2025-06-12T11:58:47+00:00","article_modified_time":"2025-06-12T12:00:24+00:00","og_image":[{"width":960,"height":1200,"url":"https:\/\/www.polonia.travel\/es\/wp-content\/uploads\/sites\/18\/2025\/06\/34-Warszawa-zielona-Ogrod-Saski-fot-Jaroslaw-Marciuk-960x1200.jpg","type":"image\/jpeg"}],"author":"juliacisinska","twitter_card":"summary_large_image","twitter_misc":{"Napisane przez":"juliacisinska","Szacowany czas czytania":"5 minut"},"schema":{"@context":"https:\/\/schema.org","@graph":[{"@type":"Article","@id":"https:\/\/www.polonia.travel\/es\/idiomas-y-dialectos-en-polonia\/#article","isPartOf":{"@id":"https:\/\/www.polonia.travel\/es\/idiomas-y-dialectos-en-polonia\/"},"author":{"name":"juliacisinska","@id":"https:\/\/www.polonia.travel\/es\/#\/schema\/person\/305db414024b19e655eb1fe099792074"},"headline":"Idiomas y dialectos en Polonia","datePublished":"2025-06-12T11:58:47+00:00","dateModified":"2025-06-12T12:00:24+00:00","mainEntityOfPage":{"@id":"https:\/\/www.polonia.travel\/es\/idiomas-y-dialectos-en-polonia\/"},"wordCount":649,"commentCount":0,"publisher":{"@id":"https:\/\/www.polonia.travel\/es\/#organization"},"image":{"@id":"https:\/\/www.polonia.travel\/es\/idiomas-y-dialectos-en-polonia\/#primaryimage"},"thumbnailUrl":"https:\/\/www.polonia.travel\/es\/wp-content\/uploads\/sites\/18\/2025\/06\/34-Warszawa-zielona-Ogrod-Saski-fot-Jaroslaw-Marciuk-scaled.jpg","articleSection":["Archiwum","Fiestas, costumbres y tradiciones"],"inLanguage":"pl-PL"},{"@type":"WebPage","@id":"https:\/\/www.polonia.travel\/es\/idiomas-y-dialectos-en-polonia\/","url":"https:\/\/www.polonia.travel\/es\/idiomas-y-dialectos-en-polonia\/","name":"Idiomas y dialectos en Polonia - Polonia Travel (ES)","isPartOf":{"@id":"https:\/\/www.polonia.travel\/es\/#website"},"primaryImageOfPage":{"@id":"https:\/\/www.polonia.travel\/es\/idiomas-y-dialectos-en-polonia\/#primaryimage"},"image":{"@id":"https:\/\/www.polonia.travel\/es\/idiomas-y-dialectos-en-polonia\/#primaryimage"},"thumbnailUrl":"https:\/\/www.polonia.travel\/es\/wp-content\/uploads\/sites\/18\/2025\/06\/34-Warszawa-zielona-Ogrod-Saski-fot-Jaroslaw-Marciuk-scaled.jpg","datePublished":"2025-06-12T11:58:47+00:00","dateModified":"2025-06-12T12:00:24+00:00","breadcrumb":{"@id":"https:\/\/www.polonia.travel\/es\/idiomas-y-dialectos-en-polonia\/#breadcrumb"},"inLanguage":"pl-PL","potentialAction":[{"@type":"ReadAction","target":["https:\/\/www.polonia.travel\/es\/idiomas-y-dialectos-en-polonia\/"]}]},{"@type":"ImageObject","inLanguage":"pl-PL","@id":"https:\/\/www.polonia.travel\/es\/idiomas-y-dialectos-en-polonia\/#primaryimage","url":"https:\/\/www.polonia.travel\/es\/wp-content\/uploads\/sites\/18\/2025\/06\/34-Warszawa-zielona-Ogrod-Saski-fot-Jaroslaw-Marciuk-scaled.jpg","contentUrl":"https:\/\/www.polonia.travel\/es\/wp-content\/uploads\/sites\/18\/2025\/06\/34-Warszawa-zielona-Ogrod-Saski-fot-Jaroslaw-Marciuk-scaled.jpg","width":2048,"height":2560},{"@type":"BreadcrumbList","@id":"https:\/\/www.polonia.travel\/es\/idiomas-y-dialectos-en-polonia\/#breadcrumb","itemListElement":[{"@type":"ListItem","position":1,"name":"Home page","item":"https:\/\/www.polonia.travel\/es\/"},{"@type":"ListItem","position":2,"name":"Inspiraciones de viaje","item":"https:\/\/www.polonia.travel\/es\/category\/inspiraciones-de-viaje\/"},{"@type":"ListItem","position":3,"name":"Fiestas, costumbres y tradiciones","item":"https:\/\/www.polonia.travel\/es\/category\/inspiraciones-de-viaje\/fiestas-costumbres-y-tradiciones\/"},{"@type":"ListItem","position":4,"name":"Idiomas y dialectos en Polonia"}]},{"@type":"WebSite","@id":"https:\/\/www.polonia.travel\/es\/#website","url":"https:\/\/www.polonia.travel\/es\/","name":"Polonia Travel (ES)","description":"...","publisher":{"@id":"https:\/\/www.polonia.travel\/es\/#organization"},"potentialAction":[{"@type":"SearchAction","target":{"@type":"EntryPoint","urlTemplate":"https:\/\/www.polonia.travel\/es\/?s={search_term_string}"},"query-input":{"@type":"PropertyValueSpecification","valueRequired":true,"valueName":"search_term_string"}}],"inLanguage":"pl-PL"},{"@type":"Organization","@id":"https:\/\/www.polonia.travel\/es\/#organization","name":"Polonia Travel (ES)","url":"https:\/\/www.polonia.travel\/es\/","logo":{"@type":"ImageObject","inLanguage":"pl-PL","@id":"https:\/\/www.polonia.travel\/es\/#\/schema\/logo\/image\/","url":"","contentUrl":"","caption":"Polonia Travel (ES)"},"image":{"@id":"https:\/\/www.polonia.travel\/es\/#\/schema\/logo\/image\/"}},{"@type":"Person","@id":"https:\/\/www.polonia.travel\/es\/#\/schema\/person\/305db414024b19e655eb1fe099792074","name":"juliacisinska","image":{"@type":"ImageObject","inLanguage":"pl-PL","@id":"https:\/\/secure.gravatar.com\/avatar\/c9c8afac56d8adb0a79aa847a5e5005f859a366dfc7a3446db329ce76e2be0a8?s=96&d=mm&r=g","url":"https:\/\/secure.gravatar.com\/avatar\/c9c8afac56d8adb0a79aa847a5e5005f859a366dfc7a3446db329ce76e2be0a8?s=96&d=mm&r=g","contentUrl":"https:\/\/secure.gravatar.com\/avatar\/c9c8afac56d8adb0a79aa847a5e5005f859a366dfc7a3446db329ce76e2be0a8?s=96&d=mm&r=g","caption":"juliacisinska"}}]}},"_links":{"self":[{"href":"https:\/\/www.polonia.travel\/es\/wp-json\/wp\/v2\/posts\/37767","targetHints":{"allow":["GET"]}}],"collection":[{"href":"https:\/\/www.polonia.travel\/es\/wp-json\/wp\/v2\/posts"}],"about":[{"href":"https:\/\/www.polonia.travel\/es\/wp-json\/wp\/v2\/types\/post"}],"author":[{"embeddable":true,"href":"https:\/\/www.polonia.travel\/es\/wp-json\/wp\/v2\/users\/44"}],"replies":[{"embeddable":true,"href":"https:\/\/www.polonia.travel\/es\/wp-json\/wp\/v2\/comments?post=37767"}],"version-history":[{"count":2,"href":"https:\/\/www.polonia.travel\/es\/wp-json\/wp\/v2\/posts\/37767\/revisions"}],"predecessor-version":[{"id":37776,"href":"https:\/\/www.polonia.travel\/es\/wp-json\/wp\/v2\/posts\/37767\/revisions\/37776"}],"wp:featuredmedia":[{"embeddable":true,"href":"https:\/\/www.polonia.travel\/es\/wp-json\/wp\/v2\/media\/37770"}],"wp:attachment":[{"href":"https:\/\/www.polonia.travel\/es\/wp-json\/wp\/v2\/media?parent=37767"}],"wp:term":[{"taxonomy":"category","embeddable":true,"href":"https:\/\/www.polonia.travel\/es\/wp-json\/wp\/v2\/categories?post=37767"}],"curies":[{"name":"wp","href":"https:\/\/api.w.org\/{rel}","templated":true}]}}