{"id":37727,"date":"2025-06-10T13:30:34","date_gmt":"2025-06-10T11:30:34","guid":{"rendered":"https:\/\/www.polonia.travel\/es\/?p=37727"},"modified":"2025-06-11T14:33:16","modified_gmt":"2025-06-11T12:33:16","slug":"podlasie-y-la-ruta-del-esperanto","status":"publish","type":"post","link":"https:\/\/www.polonia.travel\/es\/podlasie-y-la-ruta-del-esperanto\/","title":{"rendered":"Podlasie y la ruta del Esperanto"},"content":{"rendered":"\n<h2 class=\"wp-block-heading has-text-align-center\"><strong>Podlasie y la ruta del Esperanto: una fusi\u00f3n de culturas, historia y lenguaje universal<\/strong><\/h2>\n\n\n\n<div style=\"height:100px\" aria-hidden=\"true\" class=\"wp-block-spacer is-style-spacer-small\"><\/div>\n\n\n\n<div class=\"wp-block-group is-style-container-medium\"><div class=\"wp-block-group__inner-container is-layout-constrained wp-block-group-is-layout-constrained\">\n<p class=\"has-text-align-center\"><strong>\u00bfUna ruta fuera de los est\u00e1ndares, llena de historia, cultura y lenguaje?<\/strong><\/p>\n\n\n\n<p>La regi\u00f3n de <strong><a href=\"https:\/\/www.polonia.travel\/es\/podlasie-la-frontera-entre-la-civilizacion-y-la-naturaleza\/\">Podlasie<\/a><\/strong>, al noreste de Polonia, no solo es conocida por su riqueza natural y sus parques naturales, sino tambi\u00e9n por ser un punto de encuentro de diversas culturas. Aqu\u00ed convivieron durante siglos polacos, bielorrusos, lituanos, ortodoxos, cat\u00f3licos y jud\u00edos. Ese cruce de caminos dio lugar a una idea revolucionaria: crear un idioma com\u00fan para toda la comunidad.<\/p>\n<\/div><\/div>\n\n\n\n<div style=\"height:100px\" aria-hidden=\"true\" class=\"wp-block-spacer is-style-spacer-small\"><\/div>\n\n\n\n<div class=\"wp-block-group is-style-container-medium\"><div class=\"wp-block-group__inner-container is-layout-constrained wp-block-group-is-layout-constrained\">  <div class=\"gallery-tiles gallery-tiles--rows-2-3 lightgallery\">\r\n          <a href=\"https:\/\/www.polonia.travel\/es\/wp-content\/uploads\/sites\/18\/2025\/06\/1519_Punsk_Litwini_MB_Zielnej_KK_HR-scaled.jpg\" class=\"gallery-tiles__item\" data-src=\"https:\/\/www.polonia.travel\/es\/wp-content\/uploads\/sites\/18\/2025\/06\/1519_Punsk_Litwini_MB_Zielnej_KK_HR-scaled.jpg\"\r\n        aria-label=\"Otw\u00f3rz powi\u0119kszone zdj\u0119cie: 1519_Punsk_Litwini_MB_Zielnej_KK_HR\">\r\n        <img loading=\"lazy\" decoding=\"async\" width=\"1200\" height=\"800\" src=\"https:\/\/www.polonia.travel\/es\/wp-content\/uploads\/sites\/18\/2025\/06\/1519_Punsk_Litwini_MB_Zielnej_KK_HR-1200x800.jpg\" class=\"gallery-tiles__thumb\" alt=\"\" srcset=\"https:\/\/www.polonia.travel\/es\/wp-content\/uploads\/sites\/18\/2025\/06\/1519_Punsk_Litwini_MB_Zielnej_KK_HR-1200x800.jpg 1200w, https:\/\/www.polonia.travel\/es\/wp-content\/uploads\/sites\/18\/2025\/06\/1519_Punsk_Litwini_MB_Zielnej_KK_HR-600x400.jpg 600w, https:\/\/www.polonia.travel\/es\/wp-content\/uploads\/sites\/18\/2025\/06\/1519_Punsk_Litwini_MB_Zielnej_KK_HR-768x512.jpg 768w, https:\/\/www.polonia.travel\/es\/wp-content\/uploads\/sites\/18\/2025\/06\/1519_Punsk_Litwini_MB_Zielnej_KK_HR-1536x1024.jpg 1536w, https:\/\/www.polonia.travel\/es\/wp-content\/uploads\/sites\/18\/2025\/06\/1519_Punsk_Litwini_MB_Zielnej_KK_HR-2048x1365.jpg 2048w, https:\/\/www.polonia.travel\/es\/wp-content\/uploads\/sites\/18\/2025\/06\/1519_Punsk_Litwini_MB_Zielnej_KK_HR-1920x1280.jpg 1920w\" sizes=\"auto, (max-width: 1200px) 100vw, 1200px\" \/>      <\/a>\r\n          <a href=\"https:\/\/www.polonia.travel\/es\/wp-content\/uploads\/sites\/18\/2025\/06\/09352_LANDART_FESTIWAL2017_Janow_Podl_KK_HR-scaled.jpg\" class=\"gallery-tiles__item\" data-src=\"https:\/\/www.polonia.travel\/es\/wp-content\/uploads\/sites\/18\/2025\/06\/09352_LANDART_FESTIWAL2017_Janow_Podl_KK_HR-scaled.jpg\"\r\n        aria-label=\"Otw\u00f3rz powi\u0119kszone zdj\u0119cie: 09352_LANDART_FESTIWAL2017_Janow_Podl_KK_HR\">\r\n        <img loading=\"lazy\" decoding=\"async\" width=\"1200\" height=\"800\" src=\"https:\/\/www.polonia.travel\/es\/wp-content\/uploads\/sites\/18\/2025\/06\/09352_LANDART_FESTIWAL2017_Janow_Podl_KK_HR-1200x800.jpg\" class=\"gallery-tiles__thumb\" alt=\"\" srcset=\"https:\/\/www.polonia.travel\/es\/wp-content\/uploads\/sites\/18\/2025\/06\/09352_LANDART_FESTIWAL2017_Janow_Podl_KK_HR-1200x800.jpg 1200w, https:\/\/www.polonia.travel\/es\/wp-content\/uploads\/sites\/18\/2025\/06\/09352_LANDART_FESTIWAL2017_Janow_Podl_KK_HR-600x400.jpg 600w, https:\/\/www.polonia.travel\/es\/wp-content\/uploads\/sites\/18\/2025\/06\/09352_LANDART_FESTIWAL2017_Janow_Podl_KK_HR-768x512.jpg 768w, https:\/\/www.polonia.travel\/es\/wp-content\/uploads\/sites\/18\/2025\/06\/09352_LANDART_FESTIWAL2017_Janow_Podl_KK_HR-1536x1024.jpg 1536w, https:\/\/www.polonia.travel\/es\/wp-content\/uploads\/sites\/18\/2025\/06\/09352_LANDART_FESTIWAL2017_Janow_Podl_KK_HR-2048x1365.jpg 2048w, https:\/\/www.polonia.travel\/es\/wp-content\/uploads\/sites\/18\/2025\/06\/09352_LANDART_FESTIWAL2017_Janow_Podl_KK_HR-1920x1280.jpg 1920w\" sizes=\"auto, (max-width: 1200px) 100vw, 1200px\" \/>      <\/a>\r\n      <\/div>\r\n\n\n\n<div style=\"height:100px\" aria-hidden=\"true\" class=\"wp-block-spacer is-style-spacer-medium\"><\/div>\n<\/div><\/div>\n\n\n\n<div class=\"wp-block-group is-style-container-medium\"><div class=\"wp-block-group__inner-container is-layout-constrained wp-block-group-is-layout-constrained\">\n<p>A finales del siglo XIX, en la ciudad de <strong>Bia\u0142ystok<\/strong>, naci\u00f3 <strong>Ludwik Zamenhof<\/strong>, hijo de una familia jud\u00eda. Desde peque\u00f1o hablaba varios idiomas, y observ\u00f3 que muchos conflictos surg\u00edan por la falta de entendimiento entre pueblos. Por eso, invent\u00f3 el <strong>Esperanto<\/strong>: una lengua sencilla, de ra\u00edces latinas, dise\u00f1ada para que cualquier persona del mundo pudiera aprenderla f\u00e1cilmente.<\/p>\n\n\n\n<div style=\"height:100px\" aria-hidden=\"true\" class=\"wp-block-spacer is-style-spacer-small\"><\/div>\n\n\n<div class=\"wp-block-image\">\n<figure class=\"aligncenter size-large is-resized\"><img loading=\"lazy\" decoding=\"async\" width=\"800\" height=\"1200\" src=\"https:\/\/www.polonia.travel\/es\/wp-content\/uploads\/sites\/18\/2025\/06\/2280_BIALYSTOK_Dom_Zamenhofa_KK_HR-800x1200.jpg\" alt=\"\" class=\"wp-image-37733\" style=\"width:548px;height:auto\" srcset=\"https:\/\/www.polonia.travel\/es\/wp-content\/uploads\/sites\/18\/2025\/06\/2280_BIALYSTOK_Dom_Zamenhofa_KK_HR-800x1200.jpg 800w, https:\/\/www.polonia.travel\/es\/wp-content\/uploads\/sites\/18\/2025\/06\/2280_BIALYSTOK_Dom_Zamenhofa_KK_HR-400x600.jpg 400w, https:\/\/www.polonia.travel\/es\/wp-content\/uploads\/sites\/18\/2025\/06\/2280_BIALYSTOK_Dom_Zamenhofa_KK_HR-768x1152.jpg 768w, https:\/\/www.polonia.travel\/es\/wp-content\/uploads\/sites\/18\/2025\/06\/2280_BIALYSTOK_Dom_Zamenhofa_KK_HR-1024x1536.jpg 1024w, https:\/\/www.polonia.travel\/es\/wp-content\/uploads\/sites\/18\/2025\/06\/2280_BIALYSTOK_Dom_Zamenhofa_KK_HR-1365x2048.jpg 1365w, https:\/\/www.polonia.travel\/es\/wp-content\/uploads\/sites\/18\/2025\/06\/2280_BIALYSTOK_Dom_Zamenhofa_KK_HR-1920x2880.jpg 1920w, https:\/\/www.polonia.travel\/es\/wp-content\/uploads\/sites\/18\/2025\/06\/2280_BIALYSTOK_Dom_Zamenhofa_KK_HR-scaled.jpg 1707w\" sizes=\"auto, (max-width: 800px) 100vw, 800px\" \/><figcaption class=\"wp-element-caption\">La casa de <strong>Ludwik Zamenhof<\/strong><\/figcaption><\/figure><\/div>\n\n\n<div style=\"height:100px\" aria-hidden=\"true\" class=\"wp-block-spacer is-style-spacer-small\"><\/div>\n\n\n\n<p>Hoy, Bia\u0142ystok honra a su ciudadano m\u00e1s famoso con dos rutas, que recorren lugares clave de su vida y legado. Desde su casa natal, hasta el centro cultural que lleva su nombre, pasando por murales, monumentos y escuelas, la ciudad ofrece una experiencia \u00fanica donde historia, memoria y diversidad se encuentran.<\/p>\n\n\n\n<p>Una de ellas creada por la Asociaci\u00f3n de Esperantistas en Bialystok, <a href=\"https:\/\/espero.bialystok.pl\/pl\/spacer-sladami-zamenhofa-i-szapiro\/?v=12470fe406d4\"><strong>la ruta de Zamenhof y Szapiro<\/strong><\/a>; la otra creada por la Organizaci\u00f3n de Turismo de la Regi\u00f3n en 2009, <a href=\"https:\/\/szlaki.bialystok.pl\/en\/esperanto-various-cultures-trail\/\"><strong>la ruta del Esperanto<\/strong><\/a>.<\/p>\n\n\n\n<p>Adem\u00e1s, para los m\u00e1s apasionados existe una ruta por toda Polonia con los monumentos m\u00e1s importantes relacionados con el idioma: <a href=\"https:\/\/esperanto.pl\/pl\/lokoj\/zamenhof-esperanto-objektoj\">https:\/\/esperanto.pl\/pl\/lokoj\/zamenhof-esperanto-objektoj<\/a><\/p>\n<\/div><\/div>\n\n\n\n<div style=\"height:100px\" aria-hidden=\"true\" class=\"wp-block-spacer is-style-spacer-small\"><\/div>\n\n\n<div class=\"wp-block-image\">\n<figure class=\"aligncenter size-large\"><img loading=\"lazy\" decoding=\"async\" width=\"1200\" height=\"798\" src=\"https:\/\/www.polonia.travel\/es\/wp-content\/uploads\/sites\/18\/2025\/06\/6_Bialystok_rynek_MH_HD-1200x798.jpg\" alt=\"\" class=\"wp-image-37732\" srcset=\"https:\/\/www.polonia.travel\/es\/wp-content\/uploads\/sites\/18\/2025\/06\/6_Bialystok_rynek_MH_HD-1200x798.jpg 1200w, https:\/\/www.polonia.travel\/es\/wp-content\/uploads\/sites\/18\/2025\/06\/6_Bialystok_rynek_MH_HD-600x399.jpg 600w, https:\/\/www.polonia.travel\/es\/wp-content\/uploads\/sites\/18\/2025\/06\/6_Bialystok_rynek_MH_HD-768x511.jpg 768w, https:\/\/www.polonia.travel\/es\/wp-content\/uploads\/sites\/18\/2025\/06\/6_Bialystok_rynek_MH_HD-1536x1022.jpg 1536w, https:\/\/www.polonia.travel\/es\/wp-content\/uploads\/sites\/18\/2025\/06\/6_Bialystok_rynek_MH_HD-2048x1363.jpg 2048w, https:\/\/www.polonia.travel\/es\/wp-content\/uploads\/sites\/18\/2025\/06\/6_Bialystok_rynek_MH_HD-1920x1278.jpg 1920w\" sizes=\"auto, (max-width: 1200px) 100vw, 1200px\" \/><figcaption class=\"wp-element-caption\">La Plaza Central de Bialystok<\/figcaption><\/figure><\/div>\n\n\n<div style=\"height:100px\" aria-hidden=\"true\" class=\"wp-block-spacer is-style-spacer-large\"><\/div>\n\n\n<div class=\"overflow\">\n  <div class=\"post-slider swiper post-slider--small\" data-schema=\"small\">\n\n    <div class=\"swiper-wrapper\">\n              <div class=\"swiper-slide post-slide\">\n                      <a href=\"https:\/\/www.polonia.travel\/es\/podlasie-la-frontera-entre-la-civilizacion-y-la-naturaleza\/\" class=\"post-box post-box--small\" style=\" background-image: url(https:\/\/www.polonia.travel\/es\/wp-content\/uploads\/sites\/18\/2022\/12\/zubry_1170-600x400.jpg);\">\n          <div class=\"post-box__hover\" style=\"background-image: url(https:\/\/www.polonia.travel\/es\/wp-content\/uploads\/sites\/18\/2023\/07\/narwianski_park_narodowy_1170-600x400.jpg);\"><\/div>\n        <div class=\"post-box__info\">\n              <div class=\"post-box__top\">\n          <div class=\"post-box__date\">24-04-2024<\/div>\n          <div class=\"post-box__category\">\n            Descubre su variedad          <\/div>\n        <\/div>\n            <div class=\"post-box__title\">PODLASIE, la frontera entre la civilizaci\u00f3n y la naturaleza<\/div>\n      <div class=\"post-box__more\">Leer m\u00e1s<\/div>\n    <\/div>\n  <\/a>\n\n          <\/div>\n              <div class=\"swiper-slide post-slide\">\n                      <a href=\"https:\/\/www.polonia.travel\/es\/bialystok-ciudad-universitaria-rodeada-de-parques\/\" class=\"post-box post-box--small\" style=\" background-image: url(https:\/\/www.polonia.travel\/es\/wp-content\/uploads\/sites\/18\/2022\/12\/bialystok_palac_branickich_2_1170-600x400.jpg);\">\n          <div class=\"post-box__hover\" style=\"background-image: url(https:\/\/www.polonia.travel\/es\/wp-content\/uploads\/sites\/18\/2024\/04\/Bialystok_palac_Branickich_KK_HR20540x360.jpg);\"><\/div>\n        <div class=\"post-box__info\">\n              <div class=\"post-box__top\">\n          <div class=\"post-box__date\">26-04-2024<\/div>\n          <div class=\"post-box__category\">\n            Ciudades          <\/div>\n        <\/div>\n            <div class=\"post-box__title\">Bia\u0142ystok, ciudad universitaria rodeada de parques<\/div>\n      <div class=\"post-box__more\">Leer m\u00e1s<\/div>\n    <\/div>\n  <\/a>\n\n          <\/div>\n              <div class=\"swiper-slide post-slide\">\n                      <a href=\"https:\/\/www.polonia.travel\/es\/parque-nacional-de-bialowieza-unesco-1979-y-2014\/\" class=\"post-box post-box--small\" style=\" background-image: url(https:\/\/www.polonia.travel\/es\/wp-content\/uploads\/sites\/18\/2023\/07\/bialowieza-zubry-1-600x400.jpg);\">\n          <div class=\"post-box__hover\" style=\"background-image: url(https:\/\/www.polonia.travel\/es\/wp-content\/uploads\/sites\/18\/2023\/07\/bialowiezaforest-600x400.jpg);\"><\/div>\n        <div class=\"post-box__info\">\n              <div class=\"post-box__top\">\n          <div class=\"post-box__date\">07-05-2024<\/div>\n          <div class=\"post-box__category\">\n            Monumentos UNESCO en Polonia          <\/div>\n        <\/div>\n            <div class=\"post-box__title\">Parque Nacional de Bia\u0142owie\u017ca (UNESCO 1979 y 2014)<\/div>\n      <div class=\"post-box__more\">Leer m\u00e1s<\/div>\n    <\/div>\n  <\/a>\n\n          <\/div>\n              <div class=\"swiper-slide post-slide\">\n                      <a href=\"https:\/\/www.polonia.travel\/es\/parque-nacional-del-narew\/\" class=\"post-box post-box--small\" style=\" background-image: url(https:\/\/www.polonia.travel\/es\/wp-content\/uploads\/sites\/18\/2022\/12\/narwianski_park_narodowy_1170-600x400.jpg);\">\n          <div class=\"post-box__hover\" style=\"background-image: url(https:\/\/www.polonia.travel\/es\/wp-content\/uploads\/sites\/18\/2022\/12\/narwianski_pn_kladka_1170-1-600x400.jpg);\"><\/div>\n        <div class=\"post-box__info\">\n              <div class=\"post-box__top\">\n          <div class=\"post-box__date\">06-05-2024<\/div>\n          <div class=\"post-box__category\">\n            Parques Nacionales          <\/div>\n        <\/div>\n            <div class=\"post-box__title\">Parque Nacional del Narew<\/div>\n      <div class=\"post-box__more\">Leer m\u00e1s<\/div>\n    <\/div>\n  <\/a>\n\n          <\/div>\n              <div class=\"swiper-slide post-slide\">\n                      <a href=\"https:\/\/www.polonia.travel\/es\/polonia-menos-conocida-el-este-polaco-en-bicicleta\/\" class=\"post-box post-box--small\" style=\" background-image: url(https:\/\/www.polonia.travel\/es\/wp-content\/uploads\/sites\/18\/2022\/12\/na_rowerze.1_540.jpg);\">\n          <div class=\"post-box__hover\" style=\"background-image: url(https:\/\/www.polonia.travel\/es\/wp-content\/uploads\/sites\/18\/2022\/12\/na_rowerze.6_540.jpg);\"><\/div>\n        <div class=\"post-box__info\">\n              <div class=\"post-box__top\">\n          <div class=\"post-box__date\">23-05-2024<\/div>\n          <div class=\"post-box__category\">\n            Turismo Activo          <\/div>\n        <\/div>\n            <div class=\"post-box__title\">Polonia menos conocida: el este polaco en bicicleta<\/div>\n      <div class=\"post-box__more\">Leer m\u00e1s<\/div>\n    <\/div>\n  <\/a>\n\n          <\/div>\n              <div class=\"swiper-slide post-slide\">\n                      <a href=\"https:\/\/www.polonia.travel\/es\/red-de-carreteras-y-el-sistema-etoll\/\" class=\"post-box post-box--small\" style=\" background-image: url(https:\/\/www.polonia.travel\/es\/wp-content\/uploads\/sites\/18\/2024\/05\/AdobeStock_364059441_okolice_miasta_Gliwice_Slask-600x400.jpeg);\">\n          <div class=\"post-box__hover\" style=\"background-image: url(https:\/\/www.polonia.travel\/es\/wp-content\/uploads\/sites\/18\/2024\/04\/2050_autostrada_A2_KK_HR-600x400.jpg);\"><\/div>\n        <div class=\"post-box__info\">\n              <div class=\"post-box__top\">\n          <div class=\"post-box__date\">09-05-2024<\/div>\n          <div class=\"post-box__category\">\n            En coche          <\/div>\n        <\/div>\n            <div class=\"post-box__title\">Red de carreteras y el sistema eToll<\/div>\n      <div class=\"post-box__more\">Leer m\u00e1s<\/div>\n    <\/div>\n  <\/a>\n\n          <\/div>\n              <div class=\"swiper-slide post-slide\">\n                      <a href=\"https:\/\/www.polonia.travel\/es\/top-15-rutas-de-senderismo\/\" class=\"post-box post-box--small\" style=\" background-image: url(https:\/\/www.polonia.travel\/es\/wp-content\/uploads\/sites\/18\/2024\/07\/AdobeStock_429630501_Muszyna_Beskid_Sadecki-600x400.jpeg);\">\n          <div class=\"post-box__hover\" style=\"background-image: url(https:\/\/www.polonia.travel\/es\/wp-content\/uploads\/sites\/18\/2024\/04\/AdobeStock_398429625_Tatry-kadr-600x400.jpeg);\"><\/div>\n        <div class=\"post-box__info\">\n              <div class=\"post-box__top\">\n          <div class=\"post-box__date\">25-07-2024<\/div>\n          <div class=\"post-box__category\">\n            Senderismo          <\/div>\n        <\/div>\n            <div class=\"post-box__title\">Top 15 rutas de senderismo (propuestas)<\/div>\n      <div class=\"post-box__more\">Leer m\u00e1s<\/div>\n    <\/div>\n  <\/a>\n\n          <\/div>\n          <\/div>\n    <div class=\"post-slider__pagination\"><\/div>\n  <\/div>\n<\/div>\n","protected":false},"excerpt":{"rendered":"<p>Podlasie y la ruta del Esperanto: una fusi\u00f3n de culturas, historia y lenguaje universal \u00bfUna ruta fuera de los est\u00e1ndares, llena de historia, cultura y lenguaje? La regi\u00f3n de Podlasie, al noreste de Polonia, no solo es conocida por su riqueza natural y sus parques naturales, sino tambi\u00e9n por ser un punto de encuentro de [&hellip;]<\/p>\n","protected":false},"author":44,"featured_media":37733,"comment_status":"open","ping_status":"open","sticky":false,"template":"","format":"standard","meta":{"_acf_changed":false,"footnotes":""},"categories":[1,1220,1053,1051],"class_list":["post-37727","post","type-post","status-publish","format-standard","has-post-thumbnail","hentry","category-archiwum","category-rutas-tematicas","category-inspirations","category-inspiraciones-de-viaje"],"acf":[],"yoast_head":"<!-- This site is optimized with the Yoast SEO plugin v27.4 - https:\/\/yoast.com\/product\/yoast-seo-wordpress\/ -->\n<title>Podlasie y la ruta del Esperanto - Polonia Travel (ES)<\/title>\n<meta name=\"robots\" content=\"index, follow, max-snippet:-1, max-image-preview:large, max-video-preview:-1\" \/>\n<link rel=\"canonical\" href=\"https:\/\/www.polonia.travel\/es\/podlasie-y-la-ruta-del-esperanto\/\" \/>\n<meta property=\"og:locale\" content=\"pl_PL\" \/>\n<meta property=\"og:type\" content=\"article\" \/>\n<meta property=\"og:title\" content=\"Podlasie y la ruta del Esperanto - Polonia Travel (ES)\" \/>\n<meta property=\"og:description\" content=\"Podlasie y la ruta del Esperanto: una fusi\u00f3n de culturas, historia y lenguaje universal \u00bfUna ruta fuera de los est\u00e1ndares, llena de historia, cultura y lenguaje? La regi\u00f3n de Podlasie, al noreste de Polonia, no solo es conocida por su riqueza natural y sus parques naturales, sino tambi\u00e9n por ser un punto de encuentro de [&hellip;]\" \/>\n<meta property=\"og:url\" content=\"https:\/\/www.polonia.travel\/es\/podlasie-y-la-ruta-del-esperanto\/\" \/>\n<meta property=\"og:site_name\" content=\"Polonia Travel (ES)\" \/>\n<meta property=\"article:published_time\" content=\"2025-06-10T11:30:34+00:00\" \/>\n<meta property=\"article:modified_time\" content=\"2025-06-11T12:33:16+00:00\" \/>\n<meta property=\"og:image\" content=\"https:\/\/www.polonia.travel\/es\/wp-content\/uploads\/sites\/18\/2025\/06\/2280_BIALYSTOK_Dom_Zamenhofa_KK_HR-scaled.jpg\" \/>\n\t<meta property=\"og:image:width\" content=\"1707\" \/>\n\t<meta property=\"og:image:height\" content=\"2560\" \/>\n\t<meta property=\"og:image:type\" content=\"image\/jpeg\" \/>\n<meta name=\"author\" content=\"juliacisinska\" \/>\n<meta name=\"twitter:card\" content=\"summary_large_image\" \/>\n<meta name=\"twitter:label1\" content=\"Napisane przez\" \/>\n\t<meta name=\"twitter:data1\" content=\"juliacisinska\" \/>\n\t<meta name=\"twitter:label2\" content=\"Szacowany czas czytania\" \/>\n\t<meta name=\"twitter:data2\" content=\"3 minuty\" \/>\n<script type=\"application\/ld+json\" class=\"yoast-schema-graph\">{\"@context\":\"https:\\\/\\\/schema.org\",\"@graph\":[{\"@type\":\"Article\",\"@id\":\"https:\\\/\\\/www.polonia.travel\\\/es\\\/podlasie-y-la-ruta-del-esperanto\\\/#article\",\"isPartOf\":{\"@id\":\"https:\\\/\\\/www.polonia.travel\\\/es\\\/podlasie-y-la-ruta-del-esperanto\\\/\"},\"author\":{\"name\":\"juliacisinska\",\"@id\":\"https:\\\/\\\/www.polonia.travel\\\/es\\\/#\\\/schema\\\/person\\\/305db414024b19e655eb1fe099792074\"},\"headline\":\"Podlasie y la ruta del Esperanto\",\"datePublished\":\"2025-06-10T11:30:34+00:00\",\"dateModified\":\"2025-06-11T12:33:16+00:00\",\"mainEntityOfPage\":{\"@id\":\"https:\\\/\\\/www.polonia.travel\\\/es\\\/podlasie-y-la-ruta-del-esperanto\\\/\"},\"wordCount\":291,\"commentCount\":0,\"publisher\":{\"@id\":\"https:\\\/\\\/www.polonia.travel\\\/es\\\/#organization\"},\"image\":{\"@id\":\"https:\\\/\\\/www.polonia.travel\\\/es\\\/podlasie-y-la-ruta-del-esperanto\\\/#primaryimage\"},\"thumbnailUrl\":\"https:\\\/\\\/www.polonia.travel\\\/es\\\/wp-content\\\/uploads\\\/sites\\\/18\\\/2025\\\/06\\\/2280_BIALYSTOK_Dom_Zamenhofa_KK_HR-scaled.jpg\",\"articleSection\":[\"Archiwum\",\"Rutas tem\u00e1ticas\",\"Ideas y propuestas\",\"Inspiraciones de viaje\"],\"inLanguage\":\"pl-PL\"},{\"@type\":\"WebPage\",\"@id\":\"https:\\\/\\\/www.polonia.travel\\\/es\\\/podlasie-y-la-ruta-del-esperanto\\\/\",\"url\":\"https:\\\/\\\/www.polonia.travel\\\/es\\\/podlasie-y-la-ruta-del-esperanto\\\/\",\"name\":\"Podlasie y la ruta del Esperanto - Polonia Travel (ES)\",\"isPartOf\":{\"@id\":\"https:\\\/\\\/www.polonia.travel\\\/es\\\/#website\"},\"primaryImageOfPage\":{\"@id\":\"https:\\\/\\\/www.polonia.travel\\\/es\\\/podlasie-y-la-ruta-del-esperanto\\\/#primaryimage\"},\"image\":{\"@id\":\"https:\\\/\\\/www.polonia.travel\\\/es\\\/podlasie-y-la-ruta-del-esperanto\\\/#primaryimage\"},\"thumbnailUrl\":\"https:\\\/\\\/www.polonia.travel\\\/es\\\/wp-content\\\/uploads\\\/sites\\\/18\\\/2025\\\/06\\\/2280_BIALYSTOK_Dom_Zamenhofa_KK_HR-scaled.jpg\",\"datePublished\":\"2025-06-10T11:30:34+00:00\",\"dateModified\":\"2025-06-11T12:33:16+00:00\",\"breadcrumb\":{\"@id\":\"https:\\\/\\\/www.polonia.travel\\\/es\\\/podlasie-y-la-ruta-del-esperanto\\\/#breadcrumb\"},\"inLanguage\":\"pl-PL\",\"potentialAction\":[{\"@type\":\"ReadAction\",\"target\":[\"https:\\\/\\\/www.polonia.travel\\\/es\\\/podlasie-y-la-ruta-del-esperanto\\\/\"]}]},{\"@type\":\"ImageObject\",\"inLanguage\":\"pl-PL\",\"@id\":\"https:\\\/\\\/www.polonia.travel\\\/es\\\/podlasie-y-la-ruta-del-esperanto\\\/#primaryimage\",\"url\":\"https:\\\/\\\/www.polonia.travel\\\/es\\\/wp-content\\\/uploads\\\/sites\\\/18\\\/2025\\\/06\\\/2280_BIALYSTOK_Dom_Zamenhofa_KK_HR-scaled.jpg\",\"contentUrl\":\"https:\\\/\\\/www.polonia.travel\\\/es\\\/wp-content\\\/uploads\\\/sites\\\/18\\\/2025\\\/06\\\/2280_BIALYSTOK_Dom_Zamenhofa_KK_HR-scaled.jpg\",\"width\":1707,\"height\":2560},{\"@type\":\"BreadcrumbList\",\"@id\":\"https:\\\/\\\/www.polonia.travel\\\/es\\\/podlasie-y-la-ruta-del-esperanto\\\/#breadcrumb\",\"itemListElement\":[{\"@type\":\"ListItem\",\"position\":1,\"name\":\"Home page\",\"item\":\"https:\\\/\\\/www.polonia.travel\\\/es\\\/\"},{\"@type\":\"ListItem\",\"position\":2,\"name\":\"Archiwum\",\"item\":\"https:\\\/\\\/www.polonia.travel\\\/es\\\/category\\\/archiwum\\\/\"},{\"@type\":\"ListItem\",\"position\":3,\"name\":\"Podlasie y la ruta del Esperanto\"}]},{\"@type\":\"WebSite\",\"@id\":\"https:\\\/\\\/www.polonia.travel\\\/es\\\/#website\",\"url\":\"https:\\\/\\\/www.polonia.travel\\\/es\\\/\",\"name\":\"Polonia Travel (ES)\",\"description\":\"...\",\"publisher\":{\"@id\":\"https:\\\/\\\/www.polonia.travel\\\/es\\\/#organization\"},\"potentialAction\":[{\"@type\":\"SearchAction\",\"target\":{\"@type\":\"EntryPoint\",\"urlTemplate\":\"https:\\\/\\\/www.polonia.travel\\\/es\\\/?s={search_term_string}\"},\"query-input\":{\"@type\":\"PropertyValueSpecification\",\"valueRequired\":true,\"valueName\":\"search_term_string\"}}],\"inLanguage\":\"pl-PL\"},{\"@type\":\"Organization\",\"@id\":\"https:\\\/\\\/www.polonia.travel\\\/es\\\/#organization\",\"name\":\"Polonia Travel (ES)\",\"url\":\"https:\\\/\\\/www.polonia.travel\\\/es\\\/\",\"logo\":{\"@type\":\"ImageObject\",\"inLanguage\":\"pl-PL\",\"@id\":\"https:\\\/\\\/www.polonia.travel\\\/es\\\/#\\\/schema\\\/logo\\\/image\\\/\",\"url\":\"\",\"contentUrl\":\"\",\"caption\":\"Polonia Travel (ES)\"},\"image\":{\"@id\":\"https:\\\/\\\/www.polonia.travel\\\/es\\\/#\\\/schema\\\/logo\\\/image\\\/\"}},{\"@type\":\"Person\",\"@id\":\"https:\\\/\\\/www.polonia.travel\\\/es\\\/#\\\/schema\\\/person\\\/305db414024b19e655eb1fe099792074\",\"name\":\"juliacisinska\",\"image\":{\"@type\":\"ImageObject\",\"inLanguage\":\"pl-PL\",\"@id\":\"https:\\\/\\\/secure.gravatar.com\\\/avatar\\\/c9c8afac56d8adb0a79aa847a5e5005f859a366dfc7a3446db329ce76e2be0a8?s=96&d=mm&r=g\",\"url\":\"https:\\\/\\\/secure.gravatar.com\\\/avatar\\\/c9c8afac56d8adb0a79aa847a5e5005f859a366dfc7a3446db329ce76e2be0a8?s=96&d=mm&r=g\",\"contentUrl\":\"https:\\\/\\\/secure.gravatar.com\\\/avatar\\\/c9c8afac56d8adb0a79aa847a5e5005f859a366dfc7a3446db329ce76e2be0a8?s=96&d=mm&r=g\",\"caption\":\"juliacisinska\"}}]}<\/script>\n<!-- \/ Yoast SEO plugin. -->","yoast_head_json":{"title":"Podlasie y la ruta del Esperanto - Polonia Travel (ES)","robots":{"index":"index","follow":"follow","max-snippet":"max-snippet:-1","max-image-preview":"max-image-preview:large","max-video-preview":"max-video-preview:-1"},"canonical":"https:\/\/www.polonia.travel\/es\/podlasie-y-la-ruta-del-esperanto\/","og_locale":"pl_PL","og_type":"article","og_title":"Podlasie y la ruta del Esperanto - Polonia Travel (ES)","og_description":"Podlasie y la ruta del Esperanto: una fusi\u00f3n de culturas, historia y lenguaje universal \u00bfUna ruta fuera de los est\u00e1ndares, llena de historia, cultura y lenguaje? La regi\u00f3n de Podlasie, al noreste de Polonia, no solo es conocida por su riqueza natural y sus parques naturales, sino tambi\u00e9n por ser un punto de encuentro de [&hellip;]","og_url":"https:\/\/www.polonia.travel\/es\/podlasie-y-la-ruta-del-esperanto\/","og_site_name":"Polonia Travel (ES)","article_published_time":"2025-06-10T11:30:34+00:00","article_modified_time":"2025-06-11T12:33:16+00:00","og_image":[{"width":1707,"height":2560,"url":"https:\/\/www.polonia.travel\/es\/wp-content\/uploads\/sites\/18\/2025\/06\/2280_BIALYSTOK_Dom_Zamenhofa_KK_HR-scaled.jpg","type":"image\/jpeg"}],"author":"juliacisinska","twitter_card":"summary_large_image","twitter_misc":{"Napisane przez":"juliacisinska","Szacowany czas czytania":"3 minuty"},"schema":{"@context":"https:\/\/schema.org","@graph":[{"@type":"Article","@id":"https:\/\/www.polonia.travel\/es\/podlasie-y-la-ruta-del-esperanto\/#article","isPartOf":{"@id":"https:\/\/www.polonia.travel\/es\/podlasie-y-la-ruta-del-esperanto\/"},"author":{"name":"juliacisinska","@id":"https:\/\/www.polonia.travel\/es\/#\/schema\/person\/305db414024b19e655eb1fe099792074"},"headline":"Podlasie y la ruta del Esperanto","datePublished":"2025-06-10T11:30:34+00:00","dateModified":"2025-06-11T12:33:16+00:00","mainEntityOfPage":{"@id":"https:\/\/www.polonia.travel\/es\/podlasie-y-la-ruta-del-esperanto\/"},"wordCount":291,"commentCount":0,"publisher":{"@id":"https:\/\/www.polonia.travel\/es\/#organization"},"image":{"@id":"https:\/\/www.polonia.travel\/es\/podlasie-y-la-ruta-del-esperanto\/#primaryimage"},"thumbnailUrl":"https:\/\/www.polonia.travel\/es\/wp-content\/uploads\/sites\/18\/2025\/06\/2280_BIALYSTOK_Dom_Zamenhofa_KK_HR-scaled.jpg","articleSection":["Archiwum","Rutas tem\u00e1ticas","Ideas y propuestas","Inspiraciones de viaje"],"inLanguage":"pl-PL"},{"@type":"WebPage","@id":"https:\/\/www.polonia.travel\/es\/podlasie-y-la-ruta-del-esperanto\/","url":"https:\/\/www.polonia.travel\/es\/podlasie-y-la-ruta-del-esperanto\/","name":"Podlasie y la ruta del Esperanto - Polonia Travel (ES)","isPartOf":{"@id":"https:\/\/www.polonia.travel\/es\/#website"},"primaryImageOfPage":{"@id":"https:\/\/www.polonia.travel\/es\/podlasie-y-la-ruta-del-esperanto\/#primaryimage"},"image":{"@id":"https:\/\/www.polonia.travel\/es\/podlasie-y-la-ruta-del-esperanto\/#primaryimage"},"thumbnailUrl":"https:\/\/www.polonia.travel\/es\/wp-content\/uploads\/sites\/18\/2025\/06\/2280_BIALYSTOK_Dom_Zamenhofa_KK_HR-scaled.jpg","datePublished":"2025-06-10T11:30:34+00:00","dateModified":"2025-06-11T12:33:16+00:00","breadcrumb":{"@id":"https:\/\/www.polonia.travel\/es\/podlasie-y-la-ruta-del-esperanto\/#breadcrumb"},"inLanguage":"pl-PL","potentialAction":[{"@type":"ReadAction","target":["https:\/\/www.polonia.travel\/es\/podlasie-y-la-ruta-del-esperanto\/"]}]},{"@type":"ImageObject","inLanguage":"pl-PL","@id":"https:\/\/www.polonia.travel\/es\/podlasie-y-la-ruta-del-esperanto\/#primaryimage","url":"https:\/\/www.polonia.travel\/es\/wp-content\/uploads\/sites\/18\/2025\/06\/2280_BIALYSTOK_Dom_Zamenhofa_KK_HR-scaled.jpg","contentUrl":"https:\/\/www.polonia.travel\/es\/wp-content\/uploads\/sites\/18\/2025\/06\/2280_BIALYSTOK_Dom_Zamenhofa_KK_HR-scaled.jpg","width":1707,"height":2560},{"@type":"BreadcrumbList","@id":"https:\/\/www.polonia.travel\/es\/podlasie-y-la-ruta-del-esperanto\/#breadcrumb","itemListElement":[{"@type":"ListItem","position":1,"name":"Home page","item":"https:\/\/www.polonia.travel\/es\/"},{"@type":"ListItem","position":2,"name":"Archiwum","item":"https:\/\/www.polonia.travel\/es\/category\/archiwum\/"},{"@type":"ListItem","position":3,"name":"Podlasie y la ruta del Esperanto"}]},{"@type":"WebSite","@id":"https:\/\/www.polonia.travel\/es\/#website","url":"https:\/\/www.polonia.travel\/es\/","name":"Polonia Travel (ES)","description":"...","publisher":{"@id":"https:\/\/www.polonia.travel\/es\/#organization"},"potentialAction":[{"@type":"SearchAction","target":{"@type":"EntryPoint","urlTemplate":"https:\/\/www.polonia.travel\/es\/?s={search_term_string}"},"query-input":{"@type":"PropertyValueSpecification","valueRequired":true,"valueName":"search_term_string"}}],"inLanguage":"pl-PL"},{"@type":"Organization","@id":"https:\/\/www.polonia.travel\/es\/#organization","name":"Polonia Travel (ES)","url":"https:\/\/www.polonia.travel\/es\/","logo":{"@type":"ImageObject","inLanguage":"pl-PL","@id":"https:\/\/www.polonia.travel\/es\/#\/schema\/logo\/image\/","url":"","contentUrl":"","caption":"Polonia Travel (ES)"},"image":{"@id":"https:\/\/www.polonia.travel\/es\/#\/schema\/logo\/image\/"}},{"@type":"Person","@id":"https:\/\/www.polonia.travel\/es\/#\/schema\/person\/305db414024b19e655eb1fe099792074","name":"juliacisinska","image":{"@type":"ImageObject","inLanguage":"pl-PL","@id":"https:\/\/secure.gravatar.com\/avatar\/c9c8afac56d8adb0a79aa847a5e5005f859a366dfc7a3446db329ce76e2be0a8?s=96&d=mm&r=g","url":"https:\/\/secure.gravatar.com\/avatar\/c9c8afac56d8adb0a79aa847a5e5005f859a366dfc7a3446db329ce76e2be0a8?s=96&d=mm&r=g","contentUrl":"https:\/\/secure.gravatar.com\/avatar\/c9c8afac56d8adb0a79aa847a5e5005f859a366dfc7a3446db329ce76e2be0a8?s=96&d=mm&r=g","caption":"juliacisinska"}}]}},"_links":{"self":[{"href":"https:\/\/www.polonia.travel\/es\/wp-json\/wp\/v2\/posts\/37727","targetHints":{"allow":["GET"]}}],"collection":[{"href":"https:\/\/www.polonia.travel\/es\/wp-json\/wp\/v2\/posts"}],"about":[{"href":"https:\/\/www.polonia.travel\/es\/wp-json\/wp\/v2\/types\/post"}],"author":[{"embeddable":true,"href":"https:\/\/www.polonia.travel\/es\/wp-json\/wp\/v2\/users\/44"}],"replies":[{"embeddable":true,"href":"https:\/\/www.polonia.travel\/es\/wp-json\/wp\/v2\/comments?post=37727"}],"version-history":[{"count":10,"href":"https:\/\/www.polonia.travel\/es\/wp-json\/wp\/v2\/posts\/37727\/revisions"}],"predecessor-version":[{"id":37758,"href":"https:\/\/www.polonia.travel\/es\/wp-json\/wp\/v2\/posts\/37727\/revisions\/37758"}],"wp:featuredmedia":[{"embeddable":true,"href":"https:\/\/www.polonia.travel\/es\/wp-json\/wp\/v2\/media\/37733"}],"wp:attachment":[{"href":"https:\/\/www.polonia.travel\/es\/wp-json\/wp\/v2\/media?parent=37727"}],"wp:term":[{"taxonomy":"category","embeddable":true,"href":"https:\/\/www.polonia.travel\/es\/wp-json\/wp\/v2\/categories?post=37727"}],"curies":[{"name":"wp","href":"https:\/\/api.w.org\/{rel}","templated":true}]}}