{"id":36797,"date":"2026-03-05T16:34:20","date_gmt":"2026-03-05T15:34:20","guid":{"rendered":"https:\/\/www.polonia.travel\/es\/?p=36797"},"modified":"2026-04-27T14:59:28","modified_gmt":"2026-04-27T12:59:28","slug":"viajar-a-polonia-esta-semana-santa","status":"publish","type":"post","link":"https:\/\/www.polonia.travel\/es\/viajar-a-polonia-esta-semana-santa\/","title":{"rendered":"Viajar a Polonia en Semana Santa"},"content":{"rendered":"\n<div class=\"wp-block-group is-style-container-medium\"><div class=\"wp-block-group__inner-container is-layout-constrained wp-block-group-is-layout-constrained\">\n<h2 class=\"wp-block-heading\">Viajar a Polonia en Semana Santa<\/h2>\n<\/div><\/div>\n\n\n\n<div style=\"height:100px\" aria-hidden=\"true\" class=\"wp-block-spacer is-style-spacer-small\"><\/div>\n\n\n\n<div class=\"wp-block-group is-style-container-medium\"><div class=\"wp-block-group__inner-container is-layout-constrained wp-block-group-is-layout-constrained\">\n<p>Si buscas una forma diferente de vivir la <strong>Semana Santa<\/strong>, Polonia te sorprender\u00e1 con su mezcla de solemnidad, coloridas tradiciones y un toque de diversi\u00f3n inesperada. Hay vuelos regulares y salidas especiales desde diferentes ciudades espa\u00f1olas, as\u00ed que consulta con tu agencia de viajes y \u00a1prep\u00e1rate para descubrir una Pascua \u00fanica!<\/p>\n<\/div><\/div>\n\n\n\n<div class=\"wp-block-group is-style-container-medium\"><div class=\"wp-block-group__inner-container is-layout-constrained wp-block-group-is-layout-constrained\">\n<p>\u00bfC\u00f3mo es la Semana Santa en Polonia? A diferencia de Espa\u00f1a en Polonia, <strong>Jueves y Viernes Santo,<\/strong> son d\u00edas laborables por lo que museos y comercios permanecen abiertos. En cambio, el <strong>Domingo y Lunes de Pascua<\/strong> son festivos, as\u00ed que muchos establecimientos pueden cerrar. Si planeas visitas culturales ten en cuenta que algunos horarios pueden cambiar, especialmente en lugares religiosos como la <strong>Catedral de Wawel en Cracovia<\/strong> o <strong>Kalwaria Zebrzydowska<\/strong>, donde se celebra la mayor procesi\u00f3n de Viernes Santo del pa\u00eds.<\/p>\n<\/div><\/div>\n\n\n\n<div style=\"height:100px\" aria-hidden=\"true\" class=\"wp-block-spacer is-style-spacer-small\"><\/div>\n\n\n\n<div class=\"wp-block-group is-style-container-medium\"><div class=\"wp-block-group__inner-container is-layout-constrained wp-block-group-is-layout-constrained\">\n<p>Y, \u00bfel tiempo? \u00bfQu\u00e9 llevar en la maleta?&nbsp; La Semana Santa en Polonia marca la transici\u00f3n del invierno a la primavera. A pesar de ser agradables las temperaturas, es recomendable llevar una chaqueta, ropa de abrigo ligera o un chubasquero ( m\u00e1s adelante entender\u00e1s el por qu\u00e9 de este \u00faltimo) y quiz\u00e1 unos guantes, gorro y bufanda no muy gruesos. Es extra\u00f1o que nieve (excepto en las zonas de la monta\u00f1a alta) y los d\u00edas ya son bastante m\u00e1s largos y soleados. Adem\u00e1s de las t\u00edpicas visitas tur\u00edsticas, merece la pena vivir m\u00e1s de cerca las tradiciones con los locales, en los llamados <em>Jarmarki Wielkanocne<\/em>, es decir,&nbsp; <strong>mercados de Pascua. <\/strong>En ellos, podr\u00e1s probar y comprar alimentos t\u00edpicos polacos, adornos y vestimenta tradicional.&nbsp;<\/p>\n<\/div><\/div>\n\n\n\n<div class=\"wp-block-group is-style-container-medium\"><div class=\"wp-block-group__inner-container is-layout-constrained wp-block-group-is-layout-constrained\">\n<figure class=\"wp-block-gallery has-nested-images columns-default is-cropped wp-block-gallery-1 is-layout-flex wp-block-gallery-is-layout-flex\">\n<figure class=\"wp-block-image size-large\"><img loading=\"lazy\" decoding=\"async\" width=\"3000\" height=\"2000\" data-id=\"36803\" src=\"https:\/\/www.polonia.travel\/es\/wp-content\/uploads\/sites\/18\/2025\/04\/DSC_0321.jpg\" alt=\"\" class=\"wp-image-36803\" \/><\/figure>\n\n\n\n<figure class=\"wp-block-image size-large\"><img loading=\"lazy\" decoding=\"async\" width=\"1028\" height=\"772\" data-id=\"36804\" src=\"https:\/\/www.polonia.travel\/es\/wp-content\/uploads\/sites\/18\/2025\/04\/P1010049.jpg\" alt=\"\" class=\"wp-image-36804\" \/><\/figure>\n\n\n\n<figure class=\"wp-block-image size-large\"><img loading=\"lazy\" decoding=\"async\" width=\"3000\" height=\"2000\" data-id=\"36805\" src=\"https:\/\/www.polonia.travel\/es\/wp-content\/uploads\/sites\/18\/2025\/04\/DSC_0177-1.jpg\" alt=\"\" class=\"wp-image-36805\" \/><\/figure>\n\n\n\n<figure class=\"wp-block-image size-large\"><img loading=\"lazy\" decoding=\"async\" width=\"1500\" height=\"1000\" data-id=\"36806\" src=\"https:\/\/www.polonia.travel\/es\/wp-content\/uploads\/sites\/18\/2025\/04\/DSC_0041.jpg\" alt=\"\" class=\"wp-image-36806\" \/><figcaption class=\"wp-element-caption\">Cracovia, Mercado de Pascua &#8211; fotos archiwum ARTIM sp. z o.o  \u00a9<\/figcaption><\/figure>\n<\/figure>\n<\/div><\/div>\n\n\n\n<div style=\"height:100px\" aria-hidden=\"true\" class=\"wp-block-spacer is-style-spacer-medium\"><\/div>\n\n\n\n<div class=\"wp-block-group is-style-container-medium\"><div class=\"wp-block-group__inner-container is-layout-constrained wp-block-group-is-layout-constrained\">\n<p>Aqu\u00ed algunas recomendaciones y fechas de este a\u00f1o 2026:<\/p>\n<\/div><\/div>\n\n\n\n<p><\/p>\n\n\n\n<div class=\"wp-block-group is-style-container-medium\"><div class=\"wp-block-group__inner-container is-layout-constrained wp-block-group-is-layout-constrained\">\n<ul class=\"wp-block-list\">\n<li><strong>Cracovia <\/strong>(26 de marzo &#8211; 6 de abril)<strong>: <\/strong>La plaza central de Cracovia, <strong><em>Rynek G\u0142\u00f3wny<\/em><\/strong>, se viste de tradici\u00f3n para celebrar la Semana Santa con un ambiente \u00fanico. Este a\u00f1o la decoraci\u00f3n especial con \u00e1rboles frutales (<em>drzewa emausowe<\/em>) simboliza la nostalgia por las costumbres ancestrales y el renacimiento. Durante estos d\u00edas, los visitantes podr\u00e1n disfrutar de espect\u00e1culos folcl\u00f3ricos, como el baile tradicional de la regi\u00f3n del grupo &#8222;Krakowiacy&#8221; dando la bienvenida al mercadillo, degustar la gastronom\u00eda t\u00edpica con una presentaci\u00f3n de las <strong>mujeres de las organizaciones rurales<\/strong> (<em>Ko\u0142o Gospody\u0144 Wiejskich<\/em>) y participar en actividades culturales, como exhibiciones de vestimenta, talleres de artesan\u00eda y concursos.<\/li>\n<\/ul>\n<\/div><\/div>\n\n\n\n<div style=\"height:100px\" aria-hidden=\"true\" class=\"wp-block-spacer is-style-spacer-small\"><\/div>\n\n\n\n<div class=\"wp-block-group is-style-container-medium\"><div class=\"wp-block-group__inner-container is-layout-constrained wp-block-group-is-layout-constrained\">\n<ul class=\"wp-block-list\">\n<li><strong>Varsovia: <\/strong>la capital europea se llena de vida con sus mercadillos de Semana Santa, ubicados en distintos puntos de la ciudad como <em>Ursyn\u00f3w, \u017boliborz, Mokot\u00f3w y Powsin<\/em> (entre 28 de marzo y 6 de abril, dependiendo del lugar). Estos espacios invitan a turistas y locales a sumergirse en la atm\u00f3sfera festiva, explorando puestos repletos de artesan\u00edas, decoraciones hechas a mano y delicias caseras. Y a los amantes de la m\u00fasica cl\u00e1sica les espera el <a href=\"https:\/\/beethovenfestiwal.pl\/en\/program\" target=\"_blank\" rel=\"noreferrer noopener\">Festival de Pascua Ludwig Van Bethovee<\/a><a href=\"https:\/\/beethovenfestiwal.pl\/en\/program\">n<\/a> (del 22 de marzo al 3 de abril).<\/li>\n<\/ul>\n<\/div><\/div>\n\n\n\n<div style=\"height:100px\" aria-hidden=\"true\" class=\"wp-block-spacer is-style-spacer-small\"><\/div>\n\n\n\n<div class=\"wp-block-group is-style-container-medium\"><div class=\"wp-block-group__inner-container is-layout-constrained wp-block-group-is-layout-constrained\">\n<ul class=\"wp-block-list\">\n<li><strong>Wroc\u0142aw <\/strong>(del 20 de marzo &#8211; 2 d abril)<strong>: <\/strong>la capital de Baja Silesia ofrece una celebraci\u00f3n \u00fanica de Semana Santa, combinando lo innovador, ecol\u00f3gico y tradicional en distintos puntos de la ciudad. Los visitantes podr\u00e1n participar en talleres creativos, como la pintura de huevos de Pascua, la elaboraci\u00f3n de cestas tradicionales y la interpretaci\u00f3n de villancicos pascuales, en un ambiente que resalta el valor de las costumbres locales con un enfoque sostenible. Adem\u00e1s, del 14 de marzo al 12 de abril de 2026, el Museo Nacional presentar\u00e1 una exposici\u00f3n de huevos y ramos de Pascua.<\/li>\n<\/ul>\n<\/div><\/div>\n\n\n\n<div style=\"height:100px\" aria-hidden=\"true\" class=\"wp-block-spacer is-style-spacer-small\"><\/div>\n\n\n\n<div class=\"wp-block-group is-style-container-medium\"><div class=\"wp-block-group__inner-container is-layout-constrained wp-block-group-is-layout-constrained\">\n<ul class=\"wp-block-list\">\n<li><strong>Toru\u0144 <\/strong>(27 de marzo &#8211; 4 de abril) :<strong> <\/strong>la plaza central se convierte en el escenario perfecto para disfrutar de la gastronom\u00eda tradicional, al igual que en las anteriores. Sin embargo, lo que hace especial a esta son los espect\u00e1culos en vivo de restauradores y pasteleros, quienes preparar\u00e1n en directo los platos tradicionales de la Semana Santa.<\/li>\n<\/ul>\n<\/div><\/div>\n\n\n\n<div style=\"height:100px\" aria-hidden=\"true\" class=\"wp-block-spacer is-style-spacer-small\"><\/div>\n\n\n\n<div class=\"wp-block-group is-style-container-medium\"><div class=\"wp-block-group__inner-container is-layout-constrained wp-block-group-is-layout-constrained\">\n<h3 class=\"wp-block-heading\">M\u00e1s sobre las tradiciones de Semana Santa<\/h3>\n<\/div><\/div>\n\n\n\n<div class=\"wp-block-group is-style-container-medium\"><div class=\"wp-block-group__inner-container is-layout-constrained wp-block-group-is-layout-constrained\">\n  <div class=\"links-tiles links-tiles--rows-2-3\" id=\"listing\">\n            <div class=\"links-tiles__item\">\n                      <a href=\"https:\/\/www.polonia.travel\/es\/semana-santa\/\" class=\"link-box\" style=\" background-image: url(https:\/\/www.polonia.travel\/es\/wp-content\/uploads\/sites\/18\/2024\/04\/pisanki20skrobane20rozmiar20web-1.jpg);\">\n              <div class=\"link-box__hover\" style=\"background-image: url(https:\/\/www.polonia.travel\/es\/wp-content\/uploads\/sites\/18\/2025\/03\/PENT9471-1.jpg);\"><\/div>\n        <div class=\"link-box__info\">\n      <div class=\"link-box__title\">Semana Santa<\/div>\n      <div class=\"link-box__more\">Leer m\u00e1s<\/div>\n    <\/div>\n  <\/a>\n\n          <\/div>\n            <\/div>\n  \n<\/div><\/div>\n","protected":false},"excerpt":{"rendered":"<p>Viajar a Polonia en Semana Santa Si buscas una forma diferente de vivir la Semana Santa, Polonia te sorprender\u00e1 con su mezcla de solemnidad, coloridas tradiciones y un toque de diversi\u00f3n inesperada. Hay vuelos regulares y salidas especiales desde diferentes ciudades espa\u00f1olas, as\u00ed que consulta con tu agencia de viajes y \u00a1prep\u00e1rate para descubrir una [&hellip;]<\/p>\n","protected":false},"author":22,"featured_media":36758,"comment_status":"open","ping_status":"open","sticky":false,"template":"","format":"standard","meta":{"_acf_changed":false,"footnotes":""},"categories":[1],"class_list":["post-36797","post","type-post","status-publish","format-standard","has-post-thumbnail","hentry","category-archiwum"],"acf":[],"yoast_head":"<!-- This site is optimized with the Yoast SEO plugin v27.4 - https:\/\/yoast.com\/product\/yoast-seo-wordpress\/ -->\n<title>Viajar a Polonia en Semana Santa - Polonia Travel (ES)<\/title>\n<meta name=\"robots\" content=\"index, follow, max-snippet:-1, max-image-preview:large, max-video-preview:-1\" \/>\n<link rel=\"canonical\" href=\"https:\/\/www.polonia.travel\/es\/viajar-a-polonia-esta-semana-santa\/\" \/>\n<meta property=\"og:locale\" content=\"pl_PL\" \/>\n<meta property=\"og:type\" content=\"article\" \/>\n<meta property=\"og:title\" content=\"Viajar a Polonia en Semana Santa - Polonia Travel (ES)\" \/>\n<meta property=\"og:description\" content=\"Viajar a Polonia en Semana Santa Si buscas una forma diferente de vivir la Semana Santa, Polonia te sorprender\u00e1 con su mezcla de solemnidad, coloridas tradiciones y un toque de diversi\u00f3n inesperada. Hay vuelos regulares y salidas especiales desde diferentes ciudades espa\u00f1olas, as\u00ed que consulta con tu agencia de viajes y \u00a1prep\u00e1rate para descubrir una [&hellip;]\" \/>\n<meta property=\"og:url\" content=\"https:\/\/www.polonia.travel\/es\/viajar-a-polonia-esta-semana-santa\/\" \/>\n<meta property=\"og:site_name\" content=\"Polonia Travel (ES)\" \/>\n<meta property=\"article:published_time\" content=\"2026-03-05T15:34:20+00:00\" \/>\n<meta property=\"article:modified_time\" content=\"2026-04-27T12:59:28+00:00\" \/>\n<meta property=\"og:image\" content=\"https:\/\/www.polonia.travel\/es\/wp-content\/uploads\/sites\/18\/2024\/07\/277_Wielkanoc.jpg\" \/>\n\t<meta property=\"og:image:width\" content=\"3936\" \/>\n\t<meta property=\"og:image:height\" content=\"1997\" \/>\n\t<meta property=\"og:image:type\" content=\"image\/jpeg\" \/>\n<meta name=\"author\" content=\"paula.gwadera\" \/>\n<meta name=\"twitter:card\" content=\"summary_large_image\" \/>\n<meta name=\"twitter:label1\" content=\"Napisane przez\" \/>\n\t<meta name=\"twitter:data1\" content=\"paula.gwadera\" \/>\n\t<meta name=\"twitter:label2\" content=\"Szacowany czas czytania\" \/>\n\t<meta name=\"twitter:data2\" content=\"5 minut\" \/>\n<script type=\"application\/ld+json\" class=\"yoast-schema-graph\">{\"@context\":\"https:\\\/\\\/schema.org\",\"@graph\":[{\"@type\":\"Article\",\"@id\":\"https:\\\/\\\/www.polonia.travel\\\/es\\\/viajar-a-polonia-esta-semana-santa\\\/#article\",\"isPartOf\":{\"@id\":\"https:\\\/\\\/www.polonia.travel\\\/es\\\/viajar-a-polonia-esta-semana-santa\\\/\"},\"author\":{\"name\":\"paula.gwadera\",\"@id\":\"https:\\\/\\\/www.polonia.travel\\\/es\\\/#\\\/schema\\\/person\\\/3730d2170ec81699992d8c769e4caba9\"},\"headline\":\"Viajar a Polonia en Semana Santa\",\"datePublished\":\"2026-03-05T15:34:20+00:00\",\"dateModified\":\"2026-04-27T12:59:28+00:00\",\"mainEntityOfPage\":{\"@id\":\"https:\\\/\\\/www.polonia.travel\\\/es\\\/viajar-a-polonia-esta-semana-santa\\\/\"},\"wordCount\":683,\"commentCount\":0,\"publisher\":{\"@id\":\"https:\\\/\\\/www.polonia.travel\\\/es\\\/#organization\"},\"image\":{\"@id\":\"https:\\\/\\\/www.polonia.travel\\\/es\\\/viajar-a-polonia-esta-semana-santa\\\/#primaryimage\"},\"thumbnailUrl\":\"https:\\\/\\\/www.polonia.travel\\\/es\\\/wp-content\\\/uploads\\\/sites\\\/18\\\/2024\\\/07\\\/277_Wielkanoc.jpg\",\"keywords\":[\"fiestas-y-tradiciones\",\"semana santa\",\"pascua\",\"fiestas\"],\"articleSection\":[\"Archiwum\"],\"inLanguage\":\"pl-PL\"},{\"@type\":\"WebPage\",\"@id\":\"https:\\\/\\\/www.polonia.travel\\\/es\\\/viajar-a-polonia-esta-semana-santa\\\/\",\"url\":\"https:\\\/\\\/www.polonia.travel\\\/es\\\/viajar-a-polonia-esta-semana-santa\\\/\",\"name\":\"Viajar a Polonia en Semana Santa - Polonia Travel (ES)\",\"isPartOf\":{\"@id\":\"https:\\\/\\\/www.polonia.travel\\\/es\\\/#website\"},\"primaryImageOfPage\":{\"@id\":\"https:\\\/\\\/www.polonia.travel\\\/es\\\/viajar-a-polonia-esta-semana-santa\\\/#primaryimage\"},\"image\":{\"@id\":\"https:\\\/\\\/www.polonia.travel\\\/es\\\/viajar-a-polonia-esta-semana-santa\\\/#primaryimage\"},\"thumbnailUrl\":\"https:\\\/\\\/www.polonia.travel\\\/es\\\/wp-content\\\/uploads\\\/sites\\\/18\\\/2024\\\/07\\\/277_Wielkanoc.jpg\",\"datePublished\":\"2026-03-05T15:34:20+00:00\",\"dateModified\":\"2026-04-27T12:59:28+00:00\",\"breadcrumb\":{\"@id\":\"https:\\\/\\\/www.polonia.travel\\\/es\\\/viajar-a-polonia-esta-semana-santa\\\/#breadcrumb\"},\"inLanguage\":\"pl-PL\",\"potentialAction\":[{\"@type\":\"ReadAction\",\"target\":[\"https:\\\/\\\/www.polonia.travel\\\/es\\\/viajar-a-polonia-esta-semana-santa\\\/\"]}]},{\"@type\":\"ImageObject\",\"inLanguage\":\"pl-PL\",\"@id\":\"https:\\\/\\\/www.polonia.travel\\\/es\\\/viajar-a-polonia-esta-semana-santa\\\/#primaryimage\",\"url\":\"https:\\\/\\\/www.polonia.travel\\\/es\\\/wp-content\\\/uploads\\\/sites\\\/18\\\/2024\\\/07\\\/277_Wielkanoc.jpg\",\"contentUrl\":\"https:\\\/\\\/www.polonia.travel\\\/es\\\/wp-content\\\/uploads\\\/sites\\\/18\\\/2024\\\/07\\\/277_Wielkanoc.jpg\",\"width\":3936,\"height\":1997},{\"@type\":\"BreadcrumbList\",\"@id\":\"https:\\\/\\\/www.polonia.travel\\\/es\\\/viajar-a-polonia-esta-semana-santa\\\/#breadcrumb\",\"itemListElement\":[{\"@type\":\"ListItem\",\"position\":1,\"name\":\"Home page\",\"item\":\"https:\\\/\\\/www.polonia.travel\\\/es\\\/\"},{\"@type\":\"ListItem\",\"position\":2,\"name\":\"Archiwum\",\"item\":\"https:\\\/\\\/www.polonia.travel\\\/es\\\/category\\\/archiwum\\\/\"},{\"@type\":\"ListItem\",\"position\":3,\"name\":\"Viajar a Polonia en Semana Santa\"}]},{\"@type\":\"WebSite\",\"@id\":\"https:\\\/\\\/www.polonia.travel\\\/es\\\/#website\",\"url\":\"https:\\\/\\\/www.polonia.travel\\\/es\\\/\",\"name\":\"Polonia Travel (ES)\",\"description\":\"...\",\"publisher\":{\"@id\":\"https:\\\/\\\/www.polonia.travel\\\/es\\\/#organization\"},\"potentialAction\":[{\"@type\":\"SearchAction\",\"target\":{\"@type\":\"EntryPoint\",\"urlTemplate\":\"https:\\\/\\\/www.polonia.travel\\\/es\\\/?s={search_term_string}\"},\"query-input\":{\"@type\":\"PropertyValueSpecification\",\"valueRequired\":true,\"valueName\":\"search_term_string\"}}],\"inLanguage\":\"pl-PL\"},{\"@type\":\"Organization\",\"@id\":\"https:\\\/\\\/www.polonia.travel\\\/es\\\/#organization\",\"name\":\"Polonia Travel (ES)\",\"url\":\"https:\\\/\\\/www.polonia.travel\\\/es\\\/\",\"logo\":{\"@type\":\"ImageObject\",\"inLanguage\":\"pl-PL\",\"@id\":\"https:\\\/\\\/www.polonia.travel\\\/es\\\/#\\\/schema\\\/logo\\\/image\\\/\",\"url\":\"\",\"contentUrl\":\"\",\"caption\":\"Polonia Travel (ES)\"},\"image\":{\"@id\":\"https:\\\/\\\/www.polonia.travel\\\/es\\\/#\\\/schema\\\/logo\\\/image\\\/\"}},{\"@type\":\"Person\",\"@id\":\"https:\\\/\\\/www.polonia.travel\\\/es\\\/#\\\/schema\\\/person\\\/3730d2170ec81699992d8c769e4caba9\",\"name\":\"paula.gwadera\",\"image\":{\"@type\":\"ImageObject\",\"inLanguage\":\"pl-PL\",\"@id\":\"https:\\\/\\\/secure.gravatar.com\\\/avatar\\\/49295582de5868f93cb6cd50c89b11154e6998683e69ebc15d113725d120f96e?s=96&d=mm&r=g\",\"url\":\"https:\\\/\\\/secure.gravatar.com\\\/avatar\\\/49295582de5868f93cb6cd50c89b11154e6998683e69ebc15d113725d120f96e?s=96&d=mm&r=g\",\"contentUrl\":\"https:\\\/\\\/secure.gravatar.com\\\/avatar\\\/49295582de5868f93cb6cd50c89b11154e6998683e69ebc15d113725d120f96e?s=96&d=mm&r=g\",\"caption\":\"paula.gwadera\"}}]}<\/script>\n<!-- \/ Yoast SEO plugin. -->","yoast_head_json":{"title":"Viajar a Polonia en Semana Santa - Polonia Travel (ES)","robots":{"index":"index","follow":"follow","max-snippet":"max-snippet:-1","max-image-preview":"max-image-preview:large","max-video-preview":"max-video-preview:-1"},"canonical":"https:\/\/www.polonia.travel\/es\/viajar-a-polonia-esta-semana-santa\/","og_locale":"pl_PL","og_type":"article","og_title":"Viajar a Polonia en Semana Santa - Polonia Travel (ES)","og_description":"Viajar a Polonia en Semana Santa Si buscas una forma diferente de vivir la Semana Santa, Polonia te sorprender\u00e1 con su mezcla de solemnidad, coloridas tradiciones y un toque de diversi\u00f3n inesperada. Hay vuelos regulares y salidas especiales desde diferentes ciudades espa\u00f1olas, as\u00ed que consulta con tu agencia de viajes y \u00a1prep\u00e1rate para descubrir una [&hellip;]","og_url":"https:\/\/www.polonia.travel\/es\/viajar-a-polonia-esta-semana-santa\/","og_site_name":"Polonia Travel (ES)","article_published_time":"2026-03-05T15:34:20+00:00","article_modified_time":"2026-04-27T12:59:28+00:00","og_image":[{"width":3936,"height":1997,"url":"https:\/\/www.polonia.travel\/es\/wp-content\/uploads\/sites\/18\/2024\/07\/277_Wielkanoc.jpg","type":"image\/jpeg"}],"author":"paula.gwadera","twitter_card":"summary_large_image","twitter_misc":{"Napisane przez":"paula.gwadera","Szacowany czas czytania":"5 minut"},"schema":{"@context":"https:\/\/schema.org","@graph":[{"@type":"Article","@id":"https:\/\/www.polonia.travel\/es\/viajar-a-polonia-esta-semana-santa\/#article","isPartOf":{"@id":"https:\/\/www.polonia.travel\/es\/viajar-a-polonia-esta-semana-santa\/"},"author":{"name":"paula.gwadera","@id":"https:\/\/www.polonia.travel\/es\/#\/schema\/person\/3730d2170ec81699992d8c769e4caba9"},"headline":"Viajar a Polonia en Semana Santa","datePublished":"2026-03-05T15:34:20+00:00","dateModified":"2026-04-27T12:59:28+00:00","mainEntityOfPage":{"@id":"https:\/\/www.polonia.travel\/es\/viajar-a-polonia-esta-semana-santa\/"},"wordCount":683,"commentCount":0,"publisher":{"@id":"https:\/\/www.polonia.travel\/es\/#organization"},"image":{"@id":"https:\/\/www.polonia.travel\/es\/viajar-a-polonia-esta-semana-santa\/#primaryimage"},"thumbnailUrl":"https:\/\/www.polonia.travel\/es\/wp-content\/uploads\/sites\/18\/2024\/07\/277_Wielkanoc.jpg","keywords":["fiestas-y-tradiciones","semana santa","pascua","fiestas"],"articleSection":["Archiwum"],"inLanguage":"pl-PL"},{"@type":"WebPage","@id":"https:\/\/www.polonia.travel\/es\/viajar-a-polonia-esta-semana-santa\/","url":"https:\/\/www.polonia.travel\/es\/viajar-a-polonia-esta-semana-santa\/","name":"Viajar a Polonia en Semana Santa - Polonia Travel (ES)","isPartOf":{"@id":"https:\/\/www.polonia.travel\/es\/#website"},"primaryImageOfPage":{"@id":"https:\/\/www.polonia.travel\/es\/viajar-a-polonia-esta-semana-santa\/#primaryimage"},"image":{"@id":"https:\/\/www.polonia.travel\/es\/viajar-a-polonia-esta-semana-santa\/#primaryimage"},"thumbnailUrl":"https:\/\/www.polonia.travel\/es\/wp-content\/uploads\/sites\/18\/2024\/07\/277_Wielkanoc.jpg","datePublished":"2026-03-05T15:34:20+00:00","dateModified":"2026-04-27T12:59:28+00:00","breadcrumb":{"@id":"https:\/\/www.polonia.travel\/es\/viajar-a-polonia-esta-semana-santa\/#breadcrumb"},"inLanguage":"pl-PL","potentialAction":[{"@type":"ReadAction","target":["https:\/\/www.polonia.travel\/es\/viajar-a-polonia-esta-semana-santa\/"]}]},{"@type":"ImageObject","inLanguage":"pl-PL","@id":"https:\/\/www.polonia.travel\/es\/viajar-a-polonia-esta-semana-santa\/#primaryimage","url":"https:\/\/www.polonia.travel\/es\/wp-content\/uploads\/sites\/18\/2024\/07\/277_Wielkanoc.jpg","contentUrl":"https:\/\/www.polonia.travel\/es\/wp-content\/uploads\/sites\/18\/2024\/07\/277_Wielkanoc.jpg","width":3936,"height":1997},{"@type":"BreadcrumbList","@id":"https:\/\/www.polonia.travel\/es\/viajar-a-polonia-esta-semana-santa\/#breadcrumb","itemListElement":[{"@type":"ListItem","position":1,"name":"Home page","item":"https:\/\/www.polonia.travel\/es\/"},{"@type":"ListItem","position":2,"name":"Archiwum","item":"https:\/\/www.polonia.travel\/es\/category\/archiwum\/"},{"@type":"ListItem","position":3,"name":"Viajar a Polonia en Semana Santa"}]},{"@type":"WebSite","@id":"https:\/\/www.polonia.travel\/es\/#website","url":"https:\/\/www.polonia.travel\/es\/","name":"Polonia Travel (ES)","description":"...","publisher":{"@id":"https:\/\/www.polonia.travel\/es\/#organization"},"potentialAction":[{"@type":"SearchAction","target":{"@type":"EntryPoint","urlTemplate":"https:\/\/www.polonia.travel\/es\/?s={search_term_string}"},"query-input":{"@type":"PropertyValueSpecification","valueRequired":true,"valueName":"search_term_string"}}],"inLanguage":"pl-PL"},{"@type":"Organization","@id":"https:\/\/www.polonia.travel\/es\/#organization","name":"Polonia Travel (ES)","url":"https:\/\/www.polonia.travel\/es\/","logo":{"@type":"ImageObject","inLanguage":"pl-PL","@id":"https:\/\/www.polonia.travel\/es\/#\/schema\/logo\/image\/","url":"","contentUrl":"","caption":"Polonia Travel (ES)"},"image":{"@id":"https:\/\/www.polonia.travel\/es\/#\/schema\/logo\/image\/"}},{"@type":"Person","@id":"https:\/\/www.polonia.travel\/es\/#\/schema\/person\/3730d2170ec81699992d8c769e4caba9","name":"paula.gwadera","image":{"@type":"ImageObject","inLanguage":"pl-PL","@id":"https:\/\/secure.gravatar.com\/avatar\/49295582de5868f93cb6cd50c89b11154e6998683e69ebc15d113725d120f96e?s=96&d=mm&r=g","url":"https:\/\/secure.gravatar.com\/avatar\/49295582de5868f93cb6cd50c89b11154e6998683e69ebc15d113725d120f96e?s=96&d=mm&r=g","contentUrl":"https:\/\/secure.gravatar.com\/avatar\/49295582de5868f93cb6cd50c89b11154e6998683e69ebc15d113725d120f96e?s=96&d=mm&r=g","caption":"paula.gwadera"}}]}},"_links":{"self":[{"href":"https:\/\/www.polonia.travel\/es\/wp-json\/wp\/v2\/posts\/36797","targetHints":{"allow":["GET"]}}],"collection":[{"href":"https:\/\/www.polonia.travel\/es\/wp-json\/wp\/v2\/posts"}],"about":[{"href":"https:\/\/www.polonia.travel\/es\/wp-json\/wp\/v2\/types\/post"}],"author":[{"embeddable":true,"href":"https:\/\/www.polonia.travel\/es\/wp-json\/wp\/v2\/users\/22"}],"replies":[{"embeddable":true,"href":"https:\/\/www.polonia.travel\/es\/wp-json\/wp\/v2\/comments?post=36797"}],"version-history":[{"count":5,"href":"https:\/\/www.polonia.travel\/es\/wp-json\/wp\/v2\/posts\/36797\/revisions"}],"predecessor-version":[{"id":38850,"href":"https:\/\/www.polonia.travel\/es\/wp-json\/wp\/v2\/posts\/36797\/revisions\/38850"}],"wp:featuredmedia":[{"embeddable":true,"href":"https:\/\/www.polonia.travel\/es\/wp-json\/wp\/v2\/media\/36758"}],"wp:attachment":[{"href":"https:\/\/www.polonia.travel\/es\/wp-json\/wp\/v2\/media?parent=36797"}],"wp:term":[{"taxonomy":"category","embeddable":true,"href":"https:\/\/www.polonia.travel\/es\/wp-json\/wp\/v2\/categories?post=36797"}],"curies":[{"name":"wp","href":"https:\/\/api.w.org\/{rel}","templated":true}]}}