{"id":36733,"date":"2025-04-04T10:26:12","date_gmt":"2025-04-04T08:26:12","guid":{"rendered":"https:\/\/www.polonia.travel\/es\/?p=36733"},"modified":"2026-03-13T12:25:25","modified_gmt":"2026-03-13T11:25:25","slug":"gdansk-con-buen-sabor-de-boca","status":"publish","type":"post","link":"https:\/\/www.polonia.travel\/es\/gdansk-con-buen-sabor-de-boca\/","title":{"rendered":"Gda\u0144sk, con buen sabor de boca"},"content":{"rendered":"\n<div class=\"wp-block-group is-style-container-medium\"><div class=\"wp-block-group__inner-container is-layout-constrained wp-block-group-is-layout-constrained\">\n<h2 class=\"wp-block-heading is-style-heading-38\">Gda\u0144sk, con buen sabor de boca<\/h2>\n<\/div><\/div>\n\n\n\n<div class=\"wp-block-group is-style-container-medium\"><div class=\"wp-block-group__inner-container is-layout-constrained wp-block-group-is-layout-constrained\">\n<div style=\"height:100px\" aria-hidden=\"true\" class=\"wp-block-spacer is-style-spacer-small\"><\/div>\n\n\n\n<p>El pasado 23 de enero, dentro del marco de Fitur, la ciudad de Gda\u0144sk fue reconocida como <strong>Capital Europea de la Cultura Gastron\u00f3mica<\/strong> <strong>2025<\/strong>, recibiendo el t\u00edtulo de manos del Sr. Rafael Ans\u00f3n, c\u00e9lebre presidente de la Comunidad Europea de la Nueva Gastronom\u00eda.<\/p>\n\n\n\n<p>Un destino tur\u00edstico que cuenta con casi mil a\u00f1os de historia, situado en la costa b\u00e1ltica polaca, propone tambi\u00e9n conocer su cultura gastron\u00f3mica, inspirada en productos de cercan\u00eda y tradicionales recetas pero con una \u201cpuesta en escena\u201d moderna y creativa.<\/p>\n<\/div><\/div>\n\n\n\n<div style=\"height:100px\" aria-hidden=\"true\" class=\"wp-block-spacer is-style-spacer-small\"><\/div>\n\n\n\n<div class=\"wp-block-group is-style-container\"><div class=\"wp-block-group__inner-container is-layout-constrained wp-block-group-is-layout-constrained\">\n<p><\/p>\n\n\n  <div class=\"gallery-tiles gallery-tiles--rows-2-3 lightgallery\">\r\n          <a href=\"https:\/\/www.polonia.travel\/es\/wp-content\/uploads\/sites\/18\/2023\/01\/miasta.jpg\" class=\"gallery-tiles__item\" data-src=\"https:\/\/www.polonia.travel\/es\/wp-content\/uploads\/sites\/18\/2023\/01\/miasta.jpg\"\r\n        aria-label=\"Otw\u00f3rz powi\u0119kszone zdj\u0119cie: The riverside with the characteristic Crane of Gdansk, Poland.\">\r\n        <img loading=\"lazy\" decoding=\"async\" width=\"1170\" height=\"780\" src=\"https:\/\/www.polonia.travel\/es\/wp-content\/uploads\/sites\/18\/2023\/01\/miasta.jpg\" class=\"gallery-tiles__thumb\" alt=\"\" srcset=\"https:\/\/www.polonia.travel\/es\/wp-content\/uploads\/sites\/18\/2023\/01\/miasta.jpg 1170w, https:\/\/www.polonia.travel\/es\/wp-content\/uploads\/sites\/18\/2023\/01\/miasta-600x400.jpg 600w, https:\/\/www.polonia.travel\/es\/wp-content\/uploads\/sites\/18\/2023\/01\/miasta-768x512.jpg 768w\" sizes=\"auto, (max-width: 1170px) 100vw, 1170px\" \/>      <\/a>\r\n          <a href=\"https:\/\/www.polonia.travel\/es\/wp-content\/uploads\/sites\/18\/2025\/04\/gdansk_rest1.jpg\" class=\"gallery-tiles__item\" data-src=\"https:\/\/www.polonia.travel\/es\/wp-content\/uploads\/sites\/18\/2025\/04\/gdansk_rest1.jpg\"\r\n        aria-label=\"Otw\u00f3rz powi\u0119kszone zdj\u0119cie: gdansk_rest1\">\r\n        <img loading=\"lazy\" decoding=\"async\" width=\"1200\" height=\"660\" src=\"https:\/\/www.polonia.travel\/es\/wp-content\/uploads\/sites\/18\/2025\/04\/gdansk_rest1.jpg\" class=\"gallery-tiles__thumb\" alt=\"\" \/>      <\/a>\r\n          <a href=\"https:\/\/www.polonia.travel\/es\/wp-content\/uploads\/sites\/18\/2025\/04\/gdansk_food1.jpg\" class=\"gallery-tiles__item\" data-src=\"https:\/\/www.polonia.travel\/es\/wp-content\/uploads\/sites\/18\/2025\/04\/gdansk_food1.jpg\"\r\n        aria-label=\"Otw\u00f3rz powi\u0119kszone zdj\u0119cie: gdansk_food1\">\r\n        <img loading=\"lazy\" decoding=\"async\" width=\"1200\" height=\"660\" src=\"https:\/\/www.polonia.travel\/es\/wp-content\/uploads\/sites\/18\/2025\/04\/gdansk_food1.jpg\" class=\"gallery-tiles__thumb\" alt=\"\" \/>      <\/a>\r\n          <a href=\"https:\/\/www.polonia.travel\/es\/wp-content\/uploads\/sites\/18\/2025\/04\/gdansk_food2.jpg\" class=\"gallery-tiles__item\" data-src=\"https:\/\/www.polonia.travel\/es\/wp-content\/uploads\/sites\/18\/2025\/04\/gdansk_food2.jpg\"\r\n        aria-label=\"Otw\u00f3rz powi\u0119kszone zdj\u0119cie: gdansk_food2\">\r\n        <img loading=\"lazy\" decoding=\"async\" width=\"1200\" height=\"660\" src=\"https:\/\/www.polonia.travel\/es\/wp-content\/uploads\/sites\/18\/2025\/04\/gdansk_food2.jpg\" class=\"gallery-tiles__thumb\" alt=\"\" \/>      <\/a>\r\n          <a href=\"https:\/\/www.polonia.travel\/es\/wp-content\/uploads\/sites\/18\/2025\/04\/gdansk_food3.jpg\" class=\"gallery-tiles__item\" data-src=\"https:\/\/www.polonia.travel\/es\/wp-content\/uploads\/sites\/18\/2025\/04\/gdansk_food3.jpg\"\r\n        aria-label=\"Otw\u00f3rz powi\u0119kszone zdj\u0119cie: gdansk_food3\">\r\n        <img loading=\"lazy\" decoding=\"async\" width=\"1200\" height=\"660\" src=\"https:\/\/www.polonia.travel\/es\/wp-content\/uploads\/sites\/18\/2025\/04\/gdansk_food3.jpg\" class=\"gallery-tiles__thumb\" alt=\"\" \/>      <\/a>\r\n      <\/div>\r\n\n\n\n<div class=\"wp-block-group\"><div class=\"wp-block-group__inner-container is-layout-constrained wp-block-group-is-layout-constrained\">\n<p><\/p>\n\n\n\n<div style=\"height:100px\" aria-hidden=\"true\" class=\"wp-block-spacer is-style-spacer-medium\"><\/div>\n\n\n\n<div class=\"wp-block-group is-style-container-medium\"><div class=\"wp-block-group__inner-container is-layout-constrained wp-block-group-is-layout-constrained\">\n<p>En 2024, varios restaurantes de Pomerania y su capital en Gda\u0144sk, fueron distinguidos o recomendados por la <strong>gu\u00eda Michelin<\/strong>. Adem\u00e1s de la <em>estrella verde<\/em> otorgada para el restaurante <strong>Elixir<\/strong> (por su compromiso con la sostenibilidad y pol\u00edticas de la concienciaci\u00f3n social), la primera estrella Michelin fue al restaurante del chef espa\u00f1ol,<strong> Arco by Paco P\u00e9rez<\/strong>, convenientemente localizado en el edificio Olivia Star que ofrece vistas panor\u00e1micas de Gda\u0144sk y las vecinas Sopot y Gdynia.<\/p>\n<\/div><\/div>\n\n\n\n<div class=\"wp-block-group is-style-container-medium\"><div class=\"wp-block-group__inner-container is-layout-constrained wp-block-group-is-layout-constrained\">\n<p><\/p>\n<\/div><\/div>\n\n\n\n<div style=\"height:100px\" aria-hidden=\"true\" class=\"wp-block-spacer is-style-spacer-small\"><\/div>\n\n\n\n<div class=\"wp-block-group is-style-container-medium\"><div class=\"wp-block-group__inner-container is-layout-constrained wp-block-group-is-layout-constrained\">\n<figure class=\"wp-block-image size-full\"><img loading=\"lazy\" decoding=\"async\" width=\"2638\" height=\"1771\" src=\"https:\/\/www.polonia.travel\/es\/wp-content\/uploads\/sites\/18\/2025\/04\/tytul-gdansk-eskg.jpg\" alt=\"\" class=\"wp-image-36847\" \/><\/figure>\n\n\n\n<p><\/p>\n\n\n\n<div style=\"height:100px\" aria-hidden=\"true\" class=\"wp-block-spacer is-style-spacer-small\"><\/div>\n\n\n\n<p>En calidad de capital gastron\u00f3mica, Gda\u0144sk llevar\u00e1 a cabo una serie de eventos. Siguiendo el ejemplo de las anteriores (Cracovia 2019; Oeiras 2022; Estocolmo 2023; Madrid 2024), ser\u00e1 la anfitriona del <strong>V Congreso Gastron\u00f3mico Europeo<\/strong> y cumplir\u00e1 con los pilares de la filosof\u00eda de la Comunidad Europea de la Nueva Gastronom\u00eda que son: la salud, la solidaridad, la sostenibilidad y la satisfacci\u00f3n.<\/p>\n\n\n\n<p><\/p>\n\n\n\n<div style=\"height:100px\" aria-hidden=\"true\" class=\"wp-block-spacer is-style-spacer-medium\"><\/div>\n<\/div><\/div>\n<\/div><\/div>\n\n\n  <div class=\"gallery-tiles gallery-tiles--rows-2-3 lightgallery\">\r\n          <a href=\"https:\/\/www.polonia.travel\/es\/wp-content\/uploads\/sites\/18\/2025\/04\/gdansk_talerz1.jpg\" class=\"gallery-tiles__item\" data-src=\"https:\/\/www.polonia.travel\/es\/wp-content\/uploads\/sites\/18\/2025\/04\/gdansk_talerz1.jpg\"\r\n        aria-label=\"Otw\u00f3rz powi\u0119kszone zdj\u0119cie: gdansk_talerz1\">\r\n        <img loading=\"lazy\" decoding=\"async\" width=\"970\" height=\"880\" src=\"https:\/\/www.polonia.travel\/es\/wp-content\/uploads\/sites\/18\/2025\/04\/gdansk_talerz1.jpg\" class=\"gallery-tiles__thumb\" alt=\"\" \/>      <\/a>\r\n          <a href=\"https:\/\/www.polonia.travel\/es\/wp-content\/uploads\/sites\/18\/2025\/04\/gdansk_talerz2.jpg\" class=\"gallery-tiles__item\" data-src=\"https:\/\/www.polonia.travel\/es\/wp-content\/uploads\/sites\/18\/2025\/04\/gdansk_talerz2.jpg\"\r\n        aria-label=\"Otw\u00f3rz powi\u0119kszone zdj\u0119cie: gdansk_talerz2\">\r\n        <img loading=\"lazy\" decoding=\"async\" width=\"970\" height=\"880\" src=\"https:\/\/www.polonia.travel\/es\/wp-content\/uploads\/sites\/18\/2025\/04\/gdansk_talerz2.jpg\" class=\"gallery-tiles__thumb\" alt=\"\" \/>      <\/a>\r\n      <\/div>\r\n\n\n\n<div style=\"height:100px\" aria-hidden=\"true\" class=\"wp-block-spacer is-style-spacer-medium\"><\/div>\n\n\n\n<div class=\"wp-block-group is-style-container-medium\"><div class=\"wp-block-group__inner-container is-layout-constrained wp-block-group-is-layout-constrained\">\n<p><\/p>\n\n\n\n<p>La designaci\u00f3n de Gda\u0144sk como Capital Europea de la Cultura Gastron\u00f3mica 2025 es un paso m\u00e1s para dar a conocer la cultura gastron\u00f3mica tanto del pa\u00eds como de Europa. Un motivo m\u00e1s para conocer una ciudad cuya historia y monumental entorno son un marco perfecto para visitar Gda\u0144sk con buen sabor de boca.<\/p>\n<\/div><\/div>\n\n\n\n<div style=\"height:100px\" aria-hidden=\"true\" class=\"wp-block-spacer is-style-spacer-medium\"><\/div>\n\n\n\n  <div class=\"links-tiles links-tiles--rows-2-3\" id=\"listing\">\n            <div class=\"links-tiles__item\">\n                      <a href=\"https:\/\/www.polonia.travel\/es\/gdansk-ciudad-de-la-libertad\/\" class=\"link-box\" style=\" background-image: url(https:\/\/www.polonia.travel\/es\/wp-content\/uploads\/sites\/18\/2022\/12\/gdansk_fontanna_neptuna_1170.jpg);\">\n              <div class=\"link-box__hover\" style=\"background-image: url(https:\/\/www.polonia.travel\/es\/wp-content\/uploads\/sites\/18\/2023\/07\/Gdanskfull1170.jpg);\"><\/div>\n        <div class=\"link-box__info\">\n      <div class=\"link-box__title\">Gda\u0144sk, ciudad de la Libertad<\/div>\n      <div class=\"link-box__more\">Leer m\u00e1s<\/div>\n    <\/div>\n  <\/a>\n\n          <\/div>\n                  <div class=\"links-tiles__item\">\n                      <a href=\"https:\/\/www.polonia.travel\/es\/pomerania-mirando-hacia-el-baltico\/\" class=\"link-box\" style=\" background-image: url(https:\/\/www.polonia.travel\/es\/wp-content\/uploads\/sites\/18\/2023\/07\/Gdynia_klif540.jpg);\">\n              <div class=\"link-box__hover\" style=\"background-image: url(https:\/\/www.polonia.travel\/es\/wp-content\/uploads\/sites\/18\/2023\/07\/Gdanskfull1170.jpg);\"><\/div>\n        <div class=\"link-box__info\">\n      <div class=\"link-box__title\">POMERANIA, mirando hacia el B\u00e1ltico<\/div>\n      <div class=\"link-box__more\">Leer m\u00e1s<\/div>\n    <\/div>\n  <\/a>\n\n          <\/div>\n                  <div class=\"links-tiles__item\">\n                      <a href=\"https:\/\/www.polonia.travel\/es\/saboreando-gastronomia-regional\/\" class=\"link-box\" style=\" background-image: url(https:\/\/www.polonia.travel\/es\/wp-content\/uploads\/sites\/18\/2024\/04\/Poznan_rogal-1200x461.jpg);\">\n            <div class=\"link-box__info\">\n      <div class=\"link-box__title\">Saboreando gastronom\u00eda regional<\/div>\n      <div class=\"link-box__more\">Leer m\u00e1s<\/div>\n    <\/div>\n  <\/a>\n\n          <\/div>\n                  <div class=\"links-tiles__item\">\n                      <a href=\"https:\/\/www.polonia.travel\/es\/sopot-el-glamour-baltico\/\" class=\"link-box\" style=\" background-image: url(https:\/\/www.polonia.travel\/es\/wp-content\/uploads\/sites\/18\/2024\/04\/sopot_plaza_1170.jpg);\">\n              <div class=\"link-box__hover\" style=\"background-image: url(https:\/\/www.polonia.travel\/es\/wp-content\/uploads\/sites\/18\/2023\/07\/Sopot8.jpg);\"><\/div>\n        <div class=\"link-box__info\">\n      <div class=\"link-box__title\">Sopot, el glamour b\u00e1ltico<\/div>\n      <div class=\"link-box__more\">Leer m\u00e1s<\/div>\n    <\/div>\n  <\/a>\n\n          <\/div>\n                  <div class=\"links-tiles__item\">\n                      <a href=\"https:\/\/www.polonia.travel\/es\/platos-estrella\/\" class=\"link-box\" style=\" background-image: url(https:\/\/www.polonia.travel\/es\/wp-content\/uploads\/sites\/18\/2022\/12\/zurek_1170.jpg);\">\n              <div class=\"link-box__hover\" style=\"background-image: url(https:\/\/www.polonia.travel\/es\/wp-content\/uploads\/sites\/18\/2022\/12\/1873_Sekacz_ZP_HD.jpg);\"><\/div>\n        <div class=\"link-box__info\">\n      <div class=\"link-box__title\">Platos estrella<\/div>\n      <div class=\"link-box__more\">Leer m\u00e1s<\/div>\n    <\/div>\n  <\/a>\n\n          <\/div>\n            <\/div>\n  \n\n\n\n<div style=\"height:100px\" aria-hidden=\"true\" class=\"wp-block-spacer is-style-spacer-medium\"><\/div>\n<\/div><\/div>\n","protected":false},"excerpt":{"rendered":"<p>Gda\u0144sk, con buen sabor de boca El pasado 23 de enero, dentro del marco de Fitur, la ciudad de Gda\u0144sk fue reconocida como Capital Europea de la Cultura Gastron\u00f3mica 2025, recibiendo el t\u00edtulo de manos del Sr. Rafael Ans\u00f3n, c\u00e9lebre presidente de la Comunidad Europea de la Nueva Gastronom\u00eda. Un destino tur\u00edstico que cuenta con [&hellip;]<\/p>\n","protected":false},"author":21,"featured_media":18904,"comment_status":"open","ping_status":"open","sticky":false,"template":"","format":"standard","meta":{"_acf_changed":false,"footnotes":""},"categories":[1237,1052,1230],"class_list":["post-36733","post","type-post","status-publish","format-standard","has-post-thumbnail","hentry","category-actualidad-turistica","category-noticias","category-saboreando-gastronomia-regional"],"acf":[],"yoast_head":"<!-- This site is optimized with the Yoast SEO plugin v27.4 - https:\/\/yoast.com\/product\/yoast-seo-wordpress\/ -->\n<title>Gda\u0144sk, con buen sabor de boca - Polonia Travel (ES)<\/title>\n<meta name=\"robots\" content=\"index, follow, max-snippet:-1, max-image-preview:large, max-video-preview:-1\" \/>\n<link rel=\"canonical\" href=\"https:\/\/www.polonia.travel\/es\/gdansk-con-buen-sabor-de-boca\/\" \/>\n<meta property=\"og:locale\" content=\"pl_PL\" \/>\n<meta property=\"og:type\" content=\"article\" \/>\n<meta property=\"og:title\" content=\"Gda\u0144sk, con buen sabor de boca - Polonia Travel (ES)\" \/>\n<meta property=\"og:description\" content=\"Gda\u0144sk, con buen sabor de boca El pasado 23 de enero, dentro del marco de Fitur, la ciudad de Gda\u0144sk fue reconocida como Capital Europea de la Cultura Gastron\u00f3mica 2025, recibiendo el t\u00edtulo de manos del Sr. Rafael Ans\u00f3n, c\u00e9lebre presidente de la Comunidad Europea de la Nueva Gastronom\u00eda. Un destino tur\u00edstico que cuenta con [&hellip;]\" \/>\n<meta property=\"og:url\" content=\"https:\/\/www.polonia.travel\/es\/gdansk-con-buen-sabor-de-boca\/\" \/>\n<meta property=\"og:site_name\" content=\"Polonia Travel (ES)\" \/>\n<meta property=\"article:published_time\" content=\"2025-04-04T08:26:12+00:00\" \/>\n<meta property=\"article:modified_time\" content=\"2026-03-13T11:25:25+00:00\" \/>\n<meta property=\"og:image\" content=\"https:\/\/www.polonia.travel\/es\/wp-content\/uploads\/sites\/18\/2023\/01\/267073855_Gdansk_Adobe-e1674479006497.jpg\" \/>\n\t<meta property=\"og:image:width\" content=\"1920\" \/>\n\t<meta property=\"og:image:height\" content=\"508\" \/>\n\t<meta property=\"og:image:type\" content=\"image\/jpeg\" \/>\n<meta name=\"author\" content=\"agata.witoslawska\" \/>\n<meta name=\"twitter:card\" content=\"summary_large_image\" \/>\n<meta name=\"twitter:label1\" content=\"Napisane przez\" \/>\n\t<meta name=\"twitter:data1\" content=\"agata.witoslawska\" \/>\n\t<meta name=\"twitter:label2\" content=\"Szacowany czas czytania\" \/>\n\t<meta name=\"twitter:data2\" content=\"3 minuty\" \/>\n<script type=\"application\/ld+json\" class=\"yoast-schema-graph\">{\"@context\":\"https:\\\/\\\/schema.org\",\"@graph\":[{\"@type\":\"Article\",\"@id\":\"https:\\\/\\\/www.polonia.travel\\\/es\\\/gdansk-con-buen-sabor-de-boca\\\/#article\",\"isPartOf\":{\"@id\":\"https:\\\/\\\/www.polonia.travel\\\/es\\\/gdansk-con-buen-sabor-de-boca\\\/\"},\"author\":{\"name\":\"agata.witoslawska\",\"@id\":\"https:\\\/\\\/www.polonia.travel\\\/es\\\/#\\\/schema\\\/person\\\/306be2d4fdf4add6a7c36228a40b62ee\"},\"headline\":\"Gda\u0144sk, con buen sabor de boca\",\"datePublished\":\"2025-04-04T08:26:12+00:00\",\"dateModified\":\"2026-03-13T11:25:25+00:00\",\"mainEntityOfPage\":{\"@id\":\"https:\\\/\\\/www.polonia.travel\\\/es\\\/gdansk-con-buen-sabor-de-boca\\\/\"},\"wordCount\":313,\"commentCount\":0,\"publisher\":{\"@id\":\"https:\\\/\\\/www.polonia.travel\\\/es\\\/#organization\"},\"image\":{\"@id\":\"https:\\\/\\\/www.polonia.travel\\\/es\\\/gdansk-con-buen-sabor-de-boca\\\/#primaryimage\"},\"thumbnailUrl\":\"https:\\\/\\\/www.polonia.travel\\\/es\\\/wp-content\\\/uploads\\\/sites\\\/18\\\/2023\\\/01\\\/267073855_Gdansk_Adobe-e1674479006497.jpg\",\"keywords\":[\"aprender-y-degustar\"],\"articleSection\":[\"Actualidad tur\u00edstica\",\"Noticias\",\"Saboreando gastronom\u00eda regional\"],\"inLanguage\":\"pl-PL\"},{\"@type\":\"WebPage\",\"@id\":\"https:\\\/\\\/www.polonia.travel\\\/es\\\/gdansk-con-buen-sabor-de-boca\\\/\",\"url\":\"https:\\\/\\\/www.polonia.travel\\\/es\\\/gdansk-con-buen-sabor-de-boca\\\/\",\"name\":\"Gda\u0144sk, con buen sabor de boca - Polonia Travel (ES)\",\"isPartOf\":{\"@id\":\"https:\\\/\\\/www.polonia.travel\\\/es\\\/#website\"},\"primaryImageOfPage\":{\"@id\":\"https:\\\/\\\/www.polonia.travel\\\/es\\\/gdansk-con-buen-sabor-de-boca\\\/#primaryimage\"},\"image\":{\"@id\":\"https:\\\/\\\/www.polonia.travel\\\/es\\\/gdansk-con-buen-sabor-de-boca\\\/#primaryimage\"},\"thumbnailUrl\":\"https:\\\/\\\/www.polonia.travel\\\/es\\\/wp-content\\\/uploads\\\/sites\\\/18\\\/2023\\\/01\\\/267073855_Gdansk_Adobe-e1674479006497.jpg\",\"datePublished\":\"2025-04-04T08:26:12+00:00\",\"dateModified\":\"2026-03-13T11:25:25+00:00\",\"breadcrumb\":{\"@id\":\"https:\\\/\\\/www.polonia.travel\\\/es\\\/gdansk-con-buen-sabor-de-boca\\\/#breadcrumb\"},\"inLanguage\":\"pl-PL\",\"potentialAction\":[{\"@type\":\"ReadAction\",\"target\":[\"https:\\\/\\\/www.polonia.travel\\\/es\\\/gdansk-con-buen-sabor-de-boca\\\/\"]}]},{\"@type\":\"ImageObject\",\"inLanguage\":\"pl-PL\",\"@id\":\"https:\\\/\\\/www.polonia.travel\\\/es\\\/gdansk-con-buen-sabor-de-boca\\\/#primaryimage\",\"url\":\"https:\\\/\\\/www.polonia.travel\\\/es\\\/wp-content\\\/uploads\\\/sites\\\/18\\\/2023\\\/01\\\/267073855_Gdansk_Adobe-e1674479006497.jpg\",\"contentUrl\":\"https:\\\/\\\/www.polonia.travel\\\/es\\\/wp-content\\\/uploads\\\/sites\\\/18\\\/2023\\\/01\\\/267073855_Gdansk_Adobe-e1674479006497.jpg\",\"width\":1920,\"height\":508,\"caption\":\"Poland, Gdansk, Famous Neptune fountain at sunset. Popular tourist attraction and travel destination in Europe\"},{\"@type\":\"BreadcrumbList\",\"@id\":\"https:\\\/\\\/www.polonia.travel\\\/es\\\/gdansk-con-buen-sabor-de-boca\\\/#breadcrumb\",\"itemListElement\":[{\"@type\":\"ListItem\",\"position\":1,\"name\":\"Home page\",\"item\":\"https:\\\/\\\/www.polonia.travel\\\/es\\\/\"},{\"@type\":\"ListItem\",\"position\":2,\"name\":\"Inspiraciones de viaje\",\"item\":\"https:\\\/\\\/www.polonia.travel\\\/es\\\/category\\\/inspiraciones-de-viaje\\\/\"},{\"@type\":\"ListItem\",\"position\":3,\"name\":\"Noticias\",\"item\":\"https:\\\/\\\/www.polonia.travel\\\/es\\\/category\\\/inspiraciones-de-viaje\\\/noticias\\\/\"},{\"@type\":\"ListItem\",\"position\":4,\"name\":\"Gda\u0144sk, con buen sabor de boca\"}]},{\"@type\":\"WebSite\",\"@id\":\"https:\\\/\\\/www.polonia.travel\\\/es\\\/#website\",\"url\":\"https:\\\/\\\/www.polonia.travel\\\/es\\\/\",\"name\":\"Polonia Travel (ES)\",\"description\":\"...\",\"publisher\":{\"@id\":\"https:\\\/\\\/www.polonia.travel\\\/es\\\/#organization\"},\"potentialAction\":[{\"@type\":\"SearchAction\",\"target\":{\"@type\":\"EntryPoint\",\"urlTemplate\":\"https:\\\/\\\/www.polonia.travel\\\/es\\\/?s={search_term_string}\"},\"query-input\":{\"@type\":\"PropertyValueSpecification\",\"valueRequired\":true,\"valueName\":\"search_term_string\"}}],\"inLanguage\":\"pl-PL\"},{\"@type\":\"Organization\",\"@id\":\"https:\\\/\\\/www.polonia.travel\\\/es\\\/#organization\",\"name\":\"Polonia Travel (ES)\",\"url\":\"https:\\\/\\\/www.polonia.travel\\\/es\\\/\",\"logo\":{\"@type\":\"ImageObject\",\"inLanguage\":\"pl-PL\",\"@id\":\"https:\\\/\\\/www.polonia.travel\\\/es\\\/#\\\/schema\\\/logo\\\/image\\\/\",\"url\":\"\",\"contentUrl\":\"\",\"caption\":\"Polonia Travel (ES)\"},\"image\":{\"@id\":\"https:\\\/\\\/www.polonia.travel\\\/es\\\/#\\\/schema\\\/logo\\\/image\\\/\"}},{\"@type\":\"Person\",\"@id\":\"https:\\\/\\\/www.polonia.travel\\\/es\\\/#\\\/schema\\\/person\\\/306be2d4fdf4add6a7c36228a40b62ee\",\"name\":\"agata.witoslawska\",\"image\":{\"@type\":\"ImageObject\",\"inLanguage\":\"pl-PL\",\"@id\":\"https:\\\/\\\/secure.gravatar.com\\\/avatar\\\/1f1cabc55b8b904c0483101a993d11b6918bc3f228489e285efa1d3056fe882a?s=96&d=mm&r=g\",\"url\":\"https:\\\/\\\/secure.gravatar.com\\\/avatar\\\/1f1cabc55b8b904c0483101a993d11b6918bc3f228489e285efa1d3056fe882a?s=96&d=mm&r=g\",\"contentUrl\":\"https:\\\/\\\/secure.gravatar.com\\\/avatar\\\/1f1cabc55b8b904c0483101a993d11b6918bc3f228489e285efa1d3056fe882a?s=96&d=mm&r=g\",\"caption\":\"agata.witoslawska\"}}]}<\/script>\n<!-- \/ Yoast SEO plugin. -->","yoast_head_json":{"title":"Gda\u0144sk, con buen sabor de boca - Polonia Travel (ES)","robots":{"index":"index","follow":"follow","max-snippet":"max-snippet:-1","max-image-preview":"max-image-preview:large","max-video-preview":"max-video-preview:-1"},"canonical":"https:\/\/www.polonia.travel\/es\/gdansk-con-buen-sabor-de-boca\/","og_locale":"pl_PL","og_type":"article","og_title":"Gda\u0144sk, con buen sabor de boca - Polonia Travel (ES)","og_description":"Gda\u0144sk, con buen sabor de boca El pasado 23 de enero, dentro del marco de Fitur, la ciudad de Gda\u0144sk fue reconocida como Capital Europea de la Cultura Gastron\u00f3mica 2025, recibiendo el t\u00edtulo de manos del Sr. Rafael Ans\u00f3n, c\u00e9lebre presidente de la Comunidad Europea de la Nueva Gastronom\u00eda. Un destino tur\u00edstico que cuenta con [&hellip;]","og_url":"https:\/\/www.polonia.travel\/es\/gdansk-con-buen-sabor-de-boca\/","og_site_name":"Polonia Travel (ES)","article_published_time":"2025-04-04T08:26:12+00:00","article_modified_time":"2026-03-13T11:25:25+00:00","og_image":[{"width":1920,"height":508,"url":"https:\/\/www.polonia.travel\/es\/wp-content\/uploads\/sites\/18\/2023\/01\/267073855_Gdansk_Adobe-e1674479006497.jpg","type":"image\/jpeg"}],"author":"agata.witoslawska","twitter_card":"summary_large_image","twitter_misc":{"Napisane przez":"agata.witoslawska","Szacowany czas czytania":"3 minuty"},"schema":{"@context":"https:\/\/schema.org","@graph":[{"@type":"Article","@id":"https:\/\/www.polonia.travel\/es\/gdansk-con-buen-sabor-de-boca\/#article","isPartOf":{"@id":"https:\/\/www.polonia.travel\/es\/gdansk-con-buen-sabor-de-boca\/"},"author":{"name":"agata.witoslawska","@id":"https:\/\/www.polonia.travel\/es\/#\/schema\/person\/306be2d4fdf4add6a7c36228a40b62ee"},"headline":"Gda\u0144sk, con buen sabor de boca","datePublished":"2025-04-04T08:26:12+00:00","dateModified":"2026-03-13T11:25:25+00:00","mainEntityOfPage":{"@id":"https:\/\/www.polonia.travel\/es\/gdansk-con-buen-sabor-de-boca\/"},"wordCount":313,"commentCount":0,"publisher":{"@id":"https:\/\/www.polonia.travel\/es\/#organization"},"image":{"@id":"https:\/\/www.polonia.travel\/es\/gdansk-con-buen-sabor-de-boca\/#primaryimage"},"thumbnailUrl":"https:\/\/www.polonia.travel\/es\/wp-content\/uploads\/sites\/18\/2023\/01\/267073855_Gdansk_Adobe-e1674479006497.jpg","keywords":["aprender-y-degustar"],"articleSection":["Actualidad tur\u00edstica","Noticias","Saboreando gastronom\u00eda regional"],"inLanguage":"pl-PL"},{"@type":"WebPage","@id":"https:\/\/www.polonia.travel\/es\/gdansk-con-buen-sabor-de-boca\/","url":"https:\/\/www.polonia.travel\/es\/gdansk-con-buen-sabor-de-boca\/","name":"Gda\u0144sk, con buen sabor de boca - Polonia Travel (ES)","isPartOf":{"@id":"https:\/\/www.polonia.travel\/es\/#website"},"primaryImageOfPage":{"@id":"https:\/\/www.polonia.travel\/es\/gdansk-con-buen-sabor-de-boca\/#primaryimage"},"image":{"@id":"https:\/\/www.polonia.travel\/es\/gdansk-con-buen-sabor-de-boca\/#primaryimage"},"thumbnailUrl":"https:\/\/www.polonia.travel\/es\/wp-content\/uploads\/sites\/18\/2023\/01\/267073855_Gdansk_Adobe-e1674479006497.jpg","datePublished":"2025-04-04T08:26:12+00:00","dateModified":"2026-03-13T11:25:25+00:00","breadcrumb":{"@id":"https:\/\/www.polonia.travel\/es\/gdansk-con-buen-sabor-de-boca\/#breadcrumb"},"inLanguage":"pl-PL","potentialAction":[{"@type":"ReadAction","target":["https:\/\/www.polonia.travel\/es\/gdansk-con-buen-sabor-de-boca\/"]}]},{"@type":"ImageObject","inLanguage":"pl-PL","@id":"https:\/\/www.polonia.travel\/es\/gdansk-con-buen-sabor-de-boca\/#primaryimage","url":"https:\/\/www.polonia.travel\/es\/wp-content\/uploads\/sites\/18\/2023\/01\/267073855_Gdansk_Adobe-e1674479006497.jpg","contentUrl":"https:\/\/www.polonia.travel\/es\/wp-content\/uploads\/sites\/18\/2023\/01\/267073855_Gdansk_Adobe-e1674479006497.jpg","width":1920,"height":508,"caption":"Poland, Gdansk, Famous Neptune fountain at sunset. Popular tourist attraction and travel destination in Europe"},{"@type":"BreadcrumbList","@id":"https:\/\/www.polonia.travel\/es\/gdansk-con-buen-sabor-de-boca\/#breadcrumb","itemListElement":[{"@type":"ListItem","position":1,"name":"Home page","item":"https:\/\/www.polonia.travel\/es\/"},{"@type":"ListItem","position":2,"name":"Inspiraciones de viaje","item":"https:\/\/www.polonia.travel\/es\/category\/inspiraciones-de-viaje\/"},{"@type":"ListItem","position":3,"name":"Noticias","item":"https:\/\/www.polonia.travel\/es\/category\/inspiraciones-de-viaje\/noticias\/"},{"@type":"ListItem","position":4,"name":"Gda\u0144sk, con buen sabor de boca"}]},{"@type":"WebSite","@id":"https:\/\/www.polonia.travel\/es\/#website","url":"https:\/\/www.polonia.travel\/es\/","name":"Polonia Travel (ES)","description":"...","publisher":{"@id":"https:\/\/www.polonia.travel\/es\/#organization"},"potentialAction":[{"@type":"SearchAction","target":{"@type":"EntryPoint","urlTemplate":"https:\/\/www.polonia.travel\/es\/?s={search_term_string}"},"query-input":{"@type":"PropertyValueSpecification","valueRequired":true,"valueName":"search_term_string"}}],"inLanguage":"pl-PL"},{"@type":"Organization","@id":"https:\/\/www.polonia.travel\/es\/#organization","name":"Polonia Travel (ES)","url":"https:\/\/www.polonia.travel\/es\/","logo":{"@type":"ImageObject","inLanguage":"pl-PL","@id":"https:\/\/www.polonia.travel\/es\/#\/schema\/logo\/image\/","url":"","contentUrl":"","caption":"Polonia Travel (ES)"},"image":{"@id":"https:\/\/www.polonia.travel\/es\/#\/schema\/logo\/image\/"}},{"@type":"Person","@id":"https:\/\/www.polonia.travel\/es\/#\/schema\/person\/306be2d4fdf4add6a7c36228a40b62ee","name":"agata.witoslawska","image":{"@type":"ImageObject","inLanguage":"pl-PL","@id":"https:\/\/secure.gravatar.com\/avatar\/1f1cabc55b8b904c0483101a993d11b6918bc3f228489e285efa1d3056fe882a?s=96&d=mm&r=g","url":"https:\/\/secure.gravatar.com\/avatar\/1f1cabc55b8b904c0483101a993d11b6918bc3f228489e285efa1d3056fe882a?s=96&d=mm&r=g","contentUrl":"https:\/\/secure.gravatar.com\/avatar\/1f1cabc55b8b904c0483101a993d11b6918bc3f228489e285efa1d3056fe882a?s=96&d=mm&r=g","caption":"agata.witoslawska"}}]}},"_links":{"self":[{"href":"https:\/\/www.polonia.travel\/es\/wp-json\/wp\/v2\/posts\/36733","targetHints":{"allow":["GET"]}}],"collection":[{"href":"https:\/\/www.polonia.travel\/es\/wp-json\/wp\/v2\/posts"}],"about":[{"href":"https:\/\/www.polonia.travel\/es\/wp-json\/wp\/v2\/types\/post"}],"author":[{"embeddable":true,"href":"https:\/\/www.polonia.travel\/es\/wp-json\/wp\/v2\/users\/21"}],"replies":[{"embeddable":true,"href":"https:\/\/www.polonia.travel\/es\/wp-json\/wp\/v2\/comments?post=36733"}],"version-history":[{"count":6,"href":"https:\/\/www.polonia.travel\/es\/wp-json\/wp\/v2\/posts\/36733\/revisions"}],"predecessor-version":[{"id":38876,"href":"https:\/\/www.polonia.travel\/es\/wp-json\/wp\/v2\/posts\/36733\/revisions\/38876"}],"wp:featuredmedia":[{"embeddable":true,"href":"https:\/\/www.polonia.travel\/es\/wp-json\/wp\/v2\/media\/18904"}],"wp:attachment":[{"href":"https:\/\/www.polonia.travel\/es\/wp-json\/wp\/v2\/media?parent=36733"}],"wp:term":[{"taxonomy":"category","embeddable":true,"href":"https:\/\/www.polonia.travel\/es\/wp-json\/wp\/v2\/categories?post=36733"}],"curies":[{"name":"wp","href":"https:\/\/api.w.org\/{rel}","templated":true}]}}