{"id":35893,"date":"2025-07-23T15:40:00","date_gmt":"2025-07-23T13:40:00","guid":{"rendered":"https:\/\/www.polonia.travel\/es\/?p=35893"},"modified":"2026-02-02T10:48:34","modified_gmt":"2026-02-02T09:48:34","slug":"lodz-light-move-festival","status":"publish","type":"post","link":"https:\/\/www.polonia.travel\/es\/lodz-light-move-festival\/","title":{"rendered":"La fiesta de la luz en la ciudad de cine"},"content":{"rendered":"\n<div class=\"wp-block-group\"><div class=\"wp-block-group__inner-container is-layout-constrained wp-block-group-is-layout-constrained\">\n<div class=\"wp-block-group\"><div class=\"wp-block-group__inner-container is-layout-constrained wp-block-group-is-layout-constrained\">\n<div class=\"wp-block-group is-style-container-medium\"><div class=\"wp-block-group__inner-container is-layout-constrained wp-block-group-is-layout-constrained\">\n<div class=\"wp-block-group is-style-container-medium\"><div class=\"wp-block-group__inner-container is-layout-constrained wp-block-group-is-layout-constrained\">\n<h2 class=\"wp-block-heading\">La fiesta de la luz en la ciudad de cine<\/h2>\n<\/div><\/div>\n<\/div><\/div>\n<\/div><\/div>\n<\/div><\/div>\n\n\n\n<div style=\"height:100px\" aria-hidden=\"true\" class=\"wp-block-spacer is-style-spacer-small\"><\/div>\n\n\n\n<div class=\"wp-block-group\"><div class=\"wp-block-group__inner-container is-layout-constrained wp-block-group-is-layout-constrained\">\n<div class=\"wp-block-group\"><div class=\"wp-block-group__inner-container is-layout-constrained wp-block-group-is-layout-constrained\">\n<div class=\"wp-block-group is-style-container-medium\"><div class=\"wp-block-group__inner-container is-layout-constrained wp-block-group-is-layout-constrained\">\n<p><strong>Light Move Festival <\/strong>es una cita anual que se celebra en oto\u00f1o en <strong>\u0141\u00f3d\u017a<\/strong>. Conocida por albergar una de las mejores escuelas superiores de cine de Europa, la ciudad volver\u00e1 a brillar con otra luz el fin de semana del 26 al 28 de septiembre. Cada edici\u00f3n sorprende con instalaciones lum\u00ednicas que cambian la percepci\u00f3n de sus monumentos bajo una idea diferente. La edici\u00f3n 2025, se celebrar\u00e1 bajo el lema <strong><em>&#8222;Regresos&#8221;<\/em><\/strong>.<\/p>\n\n\n\n<div style=\"height:100px\" aria-hidden=\"true\" class=\"wp-block-spacer is-style-spacer-small\"><\/div>\n<\/div><\/div>\n<\/div><\/div>\n\n\n\n<div class=\"wp-block-group\"><div class=\"wp-block-group__inner-container is-layout-constrained wp-block-group-is-layout-constrained\">\n<div class=\"wp-block-group\"><div class=\"wp-block-group__inner-container is-layout-constrained wp-block-group-is-layout-constrained\">\n<div class=\"wp-block-group is-style-container-medium\"><div class=\"wp-block-group__inner-container is-layout-constrained wp-block-group-is-layout-constrained\">\n<figure class=\"wp-block-image size-full\"><img loading=\"lazy\" decoding=\"async\" width=\"1170\" height=\"780\" src=\"https:\/\/www.polonia.travel\/es\/wp-content\/uploads\/sites\/18\/2022\/12\/light_move_festival_1170.jpg\" alt=\"\" class=\"wp-image-6734\" srcset=\"https:\/\/www.polonia.travel\/es\/wp-content\/uploads\/sites\/18\/2022\/12\/light_move_festival_1170.jpg 1170w, https:\/\/www.polonia.travel\/es\/wp-content\/uploads\/sites\/18\/2022\/12\/light_move_festival_1170-600x400.jpg 600w, https:\/\/www.polonia.travel\/es\/wp-content\/uploads\/sites\/18\/2022\/12\/light_move_festival_1170-768x512.jpg 768w\" sizes=\"auto, (max-width: 1170px) 100vw, 1170px\" \/><\/figure>\n<\/div><\/div>\n<\/div><\/div>\n<\/div><\/div>\n\n\n\n<div style=\"height:100px\" aria-hidden=\"true\" class=\"wp-block-spacer is-style-spacer-small\"><\/div>\n\n\n\n<div class=\"wp-block-group is-style-container-medium\"><div class=\"wp-block-group__inner-container is-layout-constrained wp-block-group-is-layout-constrained\">\n<div class=\"wp-block-group\"><div class=\"wp-block-group__inner-container is-layout-constrained wp-block-group-is-layout-constrained\">\n<p>Varios artistas intentar\u00e1n contestar a tan esenciales preguntas como: \u00bf<em>de d\u00f3nde venimo<\/em>s?; \u00bf<em>qui\u00e9nes somos<\/em>? y <em>\u00bfhacia d\u00f3nde vamos<\/em>?<\/p>\n<\/div><\/div>\n\n\n\n<div class=\"wp-block-group\"><div class=\"wp-block-group__inner-container is-layout-constrained wp-block-group-is-layout-constrained\">\n<p>Ser\u00e1 la edici\u00f3n n\u00famero 15 de este festival que nos brinda la oportunidad de apreciar un arte ef\u00edmero pero con mensaje, utilizando las nuevas tecnolog\u00edas que respetan la ecolog\u00eda y la sostenibilidad.<\/p>\n<\/div><\/div>\n\n\n\n<div class=\"wp-block-group\"><div class=\"wp-block-group__inner-container is-layout-constrained wp-block-group-is-layout-constrained\">\n<p>Adem\u00e1s de las instalaciones lum\u00ednicas en espacios abiertos, las monumentales fachadas se convertir\u00e1n en animadas &#8222;pantallas&#8221; y las fachadas de los edificios m\u00e1s emblem\u00e1ticos servir\u00e1n para las proyecciones en 2D\/3D, resaltando su estilo arquitect\u00f3nico del s. XIX.<\/p>\n<\/div><\/div>\n\n\n\n<div class=\"wp-block-group\"><div class=\"wp-block-group__inner-container is-layout-constrained wp-block-group-is-layout-constrained\">\n<p>M\u00e1s informaci\u00f3n en la <a href=\"https:\/\/www.lmf.com.pl\/\">p\u00e1gina web del evento<\/a>.<\/p>\n<\/div><\/div>\n\n\n\n<div class=\"wp-block-group\"><div class=\"wp-block-group__inner-container is-layout-constrained wp-block-group-is-layout-constrained\">\n<p>Si visitas \u0141\u00f3d\u017a en cualquier otra \u00e9poca del a\u00f1o, haz la ruta del <em><strong>street art<\/strong><\/em> y visita este peculiar rinc\u00f3n que plasma un mensaje a trav\u00e9s del arte al aire libre: <a href=\"https:\/\/www.polonia.travel\/es\/callejon-rosa-lodz\/\">Callej\u00f3n Rosa, \u0141\u00f3d\u017a &#8211; Polonia.travel.ES<\/a><\/p>\n<\/div><\/div>\n<\/div><\/div>\n<\/div><\/div>\n\n\n\n<div style=\"height:100px\" aria-hidden=\"true\" class=\"wp-block-spacer is-style-spacer-small\"><\/div>\n","protected":false},"excerpt":{"rendered":"<p>La fiesta de la luz en la ciudad de cine Light Move Festival es una cita anual que se celebra en oto\u00f1o en \u0141\u00f3d\u017a. Conocida por albergar una de las mejores escuelas superiores de cine de Europa, la ciudad volver\u00e1 a brillar con otra luz el fin de semana del 26 al 28 de septiembre. [&hellip;]<\/p>\n","protected":false},"author":21,"featured_media":35659,"comment_status":"open","ping_status":"open","sticky":false,"template":"","format":"standard","meta":{"_acf_changed":false,"footnotes":""},"categories":[1217],"class_list":["post-35893","post","type-post","status-publish","format-standard","has-post-thumbnail","hentry","category-turismo-cultural-y-urbano"],"acf":[],"yoast_head":"<!-- This site is optimized with the Yoast SEO plugin v27.4 - https:\/\/yoast.com\/product\/yoast-seo-wordpress\/ -->\n<title>La fiesta de la luz en la ciudad de cine - Polonia Travel (ES)<\/title>\n<meta name=\"robots\" content=\"index, follow, max-snippet:-1, max-image-preview:large, max-video-preview:-1\" \/>\n<link rel=\"canonical\" href=\"https:\/\/www.polonia.travel\/es\/lodz-light-move-festival\/\" \/>\n<meta property=\"og:locale\" content=\"pl_PL\" \/>\n<meta property=\"og:type\" content=\"article\" \/>\n<meta property=\"og:title\" content=\"La fiesta de la luz en la ciudad de cine - Polonia Travel (ES)\" \/>\n<meta property=\"og:description\" content=\"La fiesta de la luz en la ciudad de cine Light Move Festival es una cita anual que se celebra en oto\u00f1o en \u0141\u00f3d\u017a. Conocida por albergar una de las mejores escuelas superiores de cine de Europa, la ciudad volver\u00e1 a brillar con otra luz el fin de semana del 26 al 28 de septiembre. [&hellip;]\" \/>\n<meta property=\"og:url\" content=\"https:\/\/www.polonia.travel\/es\/lodz-light-move-festival\/\" \/>\n<meta property=\"og:site_name\" content=\"Polonia Travel (ES)\" \/>\n<meta property=\"article:published_time\" content=\"2025-07-23T13:40:00+00:00\" \/>\n<meta property=\"article:modified_time\" content=\"2026-02-02T09:48:34+00:00\" \/>\n<meta property=\"og:image\" content=\"https:\/\/www.polonia.travel\/es\/wp-content\/uploads\/sites\/18\/2024\/08\/Light-Move-Festival-fot-Adrian-Gorski-scaled.jpg\" \/>\n\t<meta property=\"og:image:width\" content=\"2560\" \/>\n\t<meta property=\"og:image:height\" content=\"1707\" \/>\n\t<meta property=\"og:image:type\" content=\"image\/jpeg\" \/>\n<meta name=\"author\" content=\"agata.witoslawska\" \/>\n<meta name=\"twitter:card\" content=\"summary_large_image\" \/>\n<meta name=\"twitter:label1\" content=\"Napisane przez\" \/>\n\t<meta name=\"twitter:data1\" content=\"agata.witoslawska\" \/>\n\t<meta name=\"twitter:label2\" content=\"Szacowany czas czytania\" \/>\n\t<meta name=\"twitter:data2\" content=\"2 minuty\" \/>\n<script type=\"application\/ld+json\" class=\"yoast-schema-graph\">{\"@context\":\"https:\\\/\\\/schema.org\",\"@graph\":[{\"@type\":\"Article\",\"@id\":\"https:\\\/\\\/www.polonia.travel\\\/es\\\/lodz-light-move-festival\\\/#article\",\"isPartOf\":{\"@id\":\"https:\\\/\\\/www.polonia.travel\\\/es\\\/lodz-light-move-festival\\\/\"},\"author\":{\"name\":\"agata.witoslawska\",\"@id\":\"https:\\\/\\\/www.polonia.travel\\\/es\\\/#\\\/schema\\\/person\\\/306be2d4fdf4add6a7c36228a40b62ee\"},\"headline\":\"La fiesta de la luz en la ciudad de cine\",\"datePublished\":\"2025-07-23T13:40:00+00:00\",\"dateModified\":\"2026-02-02T09:48:34+00:00\",\"mainEntityOfPage\":{\"@id\":\"https:\\\/\\\/www.polonia.travel\\\/es\\\/lodz-light-move-festival\\\/\"},\"wordCount\":249,\"commentCount\":0,\"publisher\":{\"@id\":\"https:\\\/\\\/www.polonia.travel\\\/es\\\/#organization\"},\"image\":{\"@id\":\"https:\\\/\\\/www.polonia.travel\\\/es\\\/lodz-light-move-festival\\\/#primaryimage\"},\"thumbnailUrl\":\"https:\\\/\\\/www.polonia.travel\\\/es\\\/wp-content\\\/uploads\\\/sites\\\/18\\\/2024\\\/08\\\/Light-Move-Festival-fot-Adrian-Gorski-scaled.jpg\",\"articleSection\":[\"Turismo cultural y urbano\"],\"inLanguage\":\"pl-PL\"},{\"@type\":\"WebPage\",\"@id\":\"https:\\\/\\\/www.polonia.travel\\\/es\\\/lodz-light-move-festival\\\/\",\"url\":\"https:\\\/\\\/www.polonia.travel\\\/es\\\/lodz-light-move-festival\\\/\",\"name\":\"La fiesta de la luz en la ciudad de cine - Polonia Travel (ES)\",\"isPartOf\":{\"@id\":\"https:\\\/\\\/www.polonia.travel\\\/es\\\/#website\"},\"primaryImageOfPage\":{\"@id\":\"https:\\\/\\\/www.polonia.travel\\\/es\\\/lodz-light-move-festival\\\/#primaryimage\"},\"image\":{\"@id\":\"https:\\\/\\\/www.polonia.travel\\\/es\\\/lodz-light-move-festival\\\/#primaryimage\"},\"thumbnailUrl\":\"https:\\\/\\\/www.polonia.travel\\\/es\\\/wp-content\\\/uploads\\\/sites\\\/18\\\/2024\\\/08\\\/Light-Move-Festival-fot-Adrian-Gorski-scaled.jpg\",\"datePublished\":\"2025-07-23T13:40:00+00:00\",\"dateModified\":\"2026-02-02T09:48:34+00:00\",\"breadcrumb\":{\"@id\":\"https:\\\/\\\/www.polonia.travel\\\/es\\\/lodz-light-move-festival\\\/#breadcrumb\"},\"inLanguage\":\"pl-PL\",\"potentialAction\":[{\"@type\":\"ReadAction\",\"target\":[\"https:\\\/\\\/www.polonia.travel\\\/es\\\/lodz-light-move-festival\\\/\"]}]},{\"@type\":\"ImageObject\",\"inLanguage\":\"pl-PL\",\"@id\":\"https:\\\/\\\/www.polonia.travel\\\/es\\\/lodz-light-move-festival\\\/#primaryimage\",\"url\":\"https:\\\/\\\/www.polonia.travel\\\/es\\\/wp-content\\\/uploads\\\/sites\\\/18\\\/2024\\\/08\\\/Light-Move-Festival-fot-Adrian-Gorski-scaled.jpg\",\"contentUrl\":\"https:\\\/\\\/www.polonia.travel\\\/es\\\/wp-content\\\/uploads\\\/sites\\\/18\\\/2024\\\/08\\\/Light-Move-Festival-fot-Adrian-Gorski-scaled.jpg\",\"width\":2560,\"height\":1707},{\"@type\":\"BreadcrumbList\",\"@id\":\"https:\\\/\\\/www.polonia.travel\\\/es\\\/lodz-light-move-festival\\\/#breadcrumb\",\"itemListElement\":[{\"@type\":\"ListItem\",\"position\":1,\"name\":\"Home page\",\"item\":\"https:\\\/\\\/www.polonia.travel\\\/es\\\/\"},{\"@type\":\"ListItem\",\"position\":2,\"name\":\"Inspiraciones de viaje\",\"item\":\"https:\\\/\\\/www.polonia.travel\\\/es\\\/category\\\/inspiraciones-de-viaje\\\/\"},{\"@type\":\"ListItem\",\"position\":3,\"name\":\"Turismo cultural y urbano\",\"item\":\"https:\\\/\\\/www.polonia.travel\\\/es\\\/category\\\/inspiraciones-de-viaje\\\/turismo-cultural-y-urbano\\\/\"},{\"@type\":\"ListItem\",\"position\":4,\"name\":\"La fiesta de la luz en la ciudad de cine\"}]},{\"@type\":\"WebSite\",\"@id\":\"https:\\\/\\\/www.polonia.travel\\\/es\\\/#website\",\"url\":\"https:\\\/\\\/www.polonia.travel\\\/es\\\/\",\"name\":\"Polonia Travel (ES)\",\"description\":\"...\",\"publisher\":{\"@id\":\"https:\\\/\\\/www.polonia.travel\\\/es\\\/#organization\"},\"potentialAction\":[{\"@type\":\"SearchAction\",\"target\":{\"@type\":\"EntryPoint\",\"urlTemplate\":\"https:\\\/\\\/www.polonia.travel\\\/es\\\/?s={search_term_string}\"},\"query-input\":{\"@type\":\"PropertyValueSpecification\",\"valueRequired\":true,\"valueName\":\"search_term_string\"}}],\"inLanguage\":\"pl-PL\"},{\"@type\":\"Organization\",\"@id\":\"https:\\\/\\\/www.polonia.travel\\\/es\\\/#organization\",\"name\":\"Polonia Travel (ES)\",\"url\":\"https:\\\/\\\/www.polonia.travel\\\/es\\\/\",\"logo\":{\"@type\":\"ImageObject\",\"inLanguage\":\"pl-PL\",\"@id\":\"https:\\\/\\\/www.polonia.travel\\\/es\\\/#\\\/schema\\\/logo\\\/image\\\/\",\"url\":\"\",\"contentUrl\":\"\",\"caption\":\"Polonia Travel (ES)\"},\"image\":{\"@id\":\"https:\\\/\\\/www.polonia.travel\\\/es\\\/#\\\/schema\\\/logo\\\/image\\\/\"}},{\"@type\":\"Person\",\"@id\":\"https:\\\/\\\/www.polonia.travel\\\/es\\\/#\\\/schema\\\/person\\\/306be2d4fdf4add6a7c36228a40b62ee\",\"name\":\"agata.witoslawska\",\"image\":{\"@type\":\"ImageObject\",\"inLanguage\":\"pl-PL\",\"@id\":\"https:\\\/\\\/secure.gravatar.com\\\/avatar\\\/1f1cabc55b8b904c0483101a993d11b6918bc3f228489e285efa1d3056fe882a?s=96&d=mm&r=g\",\"url\":\"https:\\\/\\\/secure.gravatar.com\\\/avatar\\\/1f1cabc55b8b904c0483101a993d11b6918bc3f228489e285efa1d3056fe882a?s=96&d=mm&r=g\",\"contentUrl\":\"https:\\\/\\\/secure.gravatar.com\\\/avatar\\\/1f1cabc55b8b904c0483101a993d11b6918bc3f228489e285efa1d3056fe882a?s=96&d=mm&r=g\",\"caption\":\"agata.witoslawska\"}}]}<\/script>\n<!-- \/ Yoast SEO plugin. -->","yoast_head_json":{"title":"La fiesta de la luz en la ciudad de cine - Polonia Travel (ES)","robots":{"index":"index","follow":"follow","max-snippet":"max-snippet:-1","max-image-preview":"max-image-preview:large","max-video-preview":"max-video-preview:-1"},"canonical":"https:\/\/www.polonia.travel\/es\/lodz-light-move-festival\/","og_locale":"pl_PL","og_type":"article","og_title":"La fiesta de la luz en la ciudad de cine - Polonia Travel (ES)","og_description":"La fiesta de la luz en la ciudad de cine Light Move Festival es una cita anual que se celebra en oto\u00f1o en \u0141\u00f3d\u017a. Conocida por albergar una de las mejores escuelas superiores de cine de Europa, la ciudad volver\u00e1 a brillar con otra luz el fin de semana del 26 al 28 de septiembre. [&hellip;]","og_url":"https:\/\/www.polonia.travel\/es\/lodz-light-move-festival\/","og_site_name":"Polonia Travel (ES)","article_published_time":"2025-07-23T13:40:00+00:00","article_modified_time":"2026-02-02T09:48:34+00:00","og_image":[{"width":2560,"height":1707,"url":"https:\/\/www.polonia.travel\/es\/wp-content\/uploads\/sites\/18\/2024\/08\/Light-Move-Festival-fot-Adrian-Gorski-scaled.jpg","type":"image\/jpeg"}],"author":"agata.witoslawska","twitter_card":"summary_large_image","twitter_misc":{"Napisane przez":"agata.witoslawska","Szacowany czas czytania":"2 minuty"},"schema":{"@context":"https:\/\/schema.org","@graph":[{"@type":"Article","@id":"https:\/\/www.polonia.travel\/es\/lodz-light-move-festival\/#article","isPartOf":{"@id":"https:\/\/www.polonia.travel\/es\/lodz-light-move-festival\/"},"author":{"name":"agata.witoslawska","@id":"https:\/\/www.polonia.travel\/es\/#\/schema\/person\/306be2d4fdf4add6a7c36228a40b62ee"},"headline":"La fiesta de la luz en la ciudad de cine","datePublished":"2025-07-23T13:40:00+00:00","dateModified":"2026-02-02T09:48:34+00:00","mainEntityOfPage":{"@id":"https:\/\/www.polonia.travel\/es\/lodz-light-move-festival\/"},"wordCount":249,"commentCount":0,"publisher":{"@id":"https:\/\/www.polonia.travel\/es\/#organization"},"image":{"@id":"https:\/\/www.polonia.travel\/es\/lodz-light-move-festival\/#primaryimage"},"thumbnailUrl":"https:\/\/www.polonia.travel\/es\/wp-content\/uploads\/sites\/18\/2024\/08\/Light-Move-Festival-fot-Adrian-Gorski-scaled.jpg","articleSection":["Turismo cultural y urbano"],"inLanguage":"pl-PL"},{"@type":"WebPage","@id":"https:\/\/www.polonia.travel\/es\/lodz-light-move-festival\/","url":"https:\/\/www.polonia.travel\/es\/lodz-light-move-festival\/","name":"La fiesta de la luz en la ciudad de cine - Polonia Travel (ES)","isPartOf":{"@id":"https:\/\/www.polonia.travel\/es\/#website"},"primaryImageOfPage":{"@id":"https:\/\/www.polonia.travel\/es\/lodz-light-move-festival\/#primaryimage"},"image":{"@id":"https:\/\/www.polonia.travel\/es\/lodz-light-move-festival\/#primaryimage"},"thumbnailUrl":"https:\/\/www.polonia.travel\/es\/wp-content\/uploads\/sites\/18\/2024\/08\/Light-Move-Festival-fot-Adrian-Gorski-scaled.jpg","datePublished":"2025-07-23T13:40:00+00:00","dateModified":"2026-02-02T09:48:34+00:00","breadcrumb":{"@id":"https:\/\/www.polonia.travel\/es\/lodz-light-move-festival\/#breadcrumb"},"inLanguage":"pl-PL","potentialAction":[{"@type":"ReadAction","target":["https:\/\/www.polonia.travel\/es\/lodz-light-move-festival\/"]}]},{"@type":"ImageObject","inLanguage":"pl-PL","@id":"https:\/\/www.polonia.travel\/es\/lodz-light-move-festival\/#primaryimage","url":"https:\/\/www.polonia.travel\/es\/wp-content\/uploads\/sites\/18\/2024\/08\/Light-Move-Festival-fot-Adrian-Gorski-scaled.jpg","contentUrl":"https:\/\/www.polonia.travel\/es\/wp-content\/uploads\/sites\/18\/2024\/08\/Light-Move-Festival-fot-Adrian-Gorski-scaled.jpg","width":2560,"height":1707},{"@type":"BreadcrumbList","@id":"https:\/\/www.polonia.travel\/es\/lodz-light-move-festival\/#breadcrumb","itemListElement":[{"@type":"ListItem","position":1,"name":"Home page","item":"https:\/\/www.polonia.travel\/es\/"},{"@type":"ListItem","position":2,"name":"Inspiraciones de viaje","item":"https:\/\/www.polonia.travel\/es\/category\/inspiraciones-de-viaje\/"},{"@type":"ListItem","position":3,"name":"Turismo cultural y urbano","item":"https:\/\/www.polonia.travel\/es\/category\/inspiraciones-de-viaje\/turismo-cultural-y-urbano\/"},{"@type":"ListItem","position":4,"name":"La fiesta de la luz en la ciudad de cine"}]},{"@type":"WebSite","@id":"https:\/\/www.polonia.travel\/es\/#website","url":"https:\/\/www.polonia.travel\/es\/","name":"Polonia Travel (ES)","description":"...","publisher":{"@id":"https:\/\/www.polonia.travel\/es\/#organization"},"potentialAction":[{"@type":"SearchAction","target":{"@type":"EntryPoint","urlTemplate":"https:\/\/www.polonia.travel\/es\/?s={search_term_string}"},"query-input":{"@type":"PropertyValueSpecification","valueRequired":true,"valueName":"search_term_string"}}],"inLanguage":"pl-PL"},{"@type":"Organization","@id":"https:\/\/www.polonia.travel\/es\/#organization","name":"Polonia Travel (ES)","url":"https:\/\/www.polonia.travel\/es\/","logo":{"@type":"ImageObject","inLanguage":"pl-PL","@id":"https:\/\/www.polonia.travel\/es\/#\/schema\/logo\/image\/","url":"","contentUrl":"","caption":"Polonia Travel (ES)"},"image":{"@id":"https:\/\/www.polonia.travel\/es\/#\/schema\/logo\/image\/"}},{"@type":"Person","@id":"https:\/\/www.polonia.travel\/es\/#\/schema\/person\/306be2d4fdf4add6a7c36228a40b62ee","name":"agata.witoslawska","image":{"@type":"ImageObject","inLanguage":"pl-PL","@id":"https:\/\/secure.gravatar.com\/avatar\/1f1cabc55b8b904c0483101a993d11b6918bc3f228489e285efa1d3056fe882a?s=96&d=mm&r=g","url":"https:\/\/secure.gravatar.com\/avatar\/1f1cabc55b8b904c0483101a993d11b6918bc3f228489e285efa1d3056fe882a?s=96&d=mm&r=g","contentUrl":"https:\/\/secure.gravatar.com\/avatar\/1f1cabc55b8b904c0483101a993d11b6918bc3f228489e285efa1d3056fe882a?s=96&d=mm&r=g","caption":"agata.witoslawska"}}]}},"_links":{"self":[{"href":"https:\/\/www.polonia.travel\/es\/wp-json\/wp\/v2\/posts\/35893","targetHints":{"allow":["GET"]}}],"collection":[{"href":"https:\/\/www.polonia.travel\/es\/wp-json\/wp\/v2\/posts"}],"about":[{"href":"https:\/\/www.polonia.travel\/es\/wp-json\/wp\/v2\/types\/post"}],"author":[{"embeddable":true,"href":"https:\/\/www.polonia.travel\/es\/wp-json\/wp\/v2\/users\/21"}],"replies":[{"embeddable":true,"href":"https:\/\/www.polonia.travel\/es\/wp-json\/wp\/v2\/comments?post=35893"}],"version-history":[{"count":15,"href":"https:\/\/www.polonia.travel\/es\/wp-json\/wp\/v2\/posts\/35893\/revisions"}],"predecessor-version":[{"id":38141,"href":"https:\/\/www.polonia.travel\/es\/wp-json\/wp\/v2\/posts\/35893\/revisions\/38141"}],"wp:featuredmedia":[{"embeddable":true,"href":"https:\/\/www.polonia.travel\/es\/wp-json\/wp\/v2\/media\/35659"}],"wp:attachment":[{"href":"https:\/\/www.polonia.travel\/es\/wp-json\/wp\/v2\/media?parent=35893"}],"wp:term":[{"taxonomy":"category","embeddable":true,"href":"https:\/\/www.polonia.travel\/es\/wp-json\/wp\/v2\/categories?post=35893"}],"curies":[{"name":"wp","href":"https:\/\/api.w.org\/{rel}","templated":true}]}}