{"id":34526,"date":"2024-07-29T14:21:25","date_gmt":"2024-07-29T12:21:25","guid":{"rendered":"https:\/\/wp-es.poland.travel\/?p=34526"},"modified":"2024-08-19T14:52:09","modified_gmt":"2024-08-19T12:52:09","slug":"parque-de-la-ciudadela-poznan","status":"publish","type":"post","link":"https:\/\/www.polonia.travel\/es\/parque-de-la-ciudadela-poznan\/","title":{"rendered":"Parque de la Ciudadela, Pozna\u0144"},"content":{"rendered":"\n<div class=\"wp-block-group is-style-container-medium\"><div class=\"wp-block-group__inner-container is-layout-constrained wp-block-group-is-layout-constrained\">\n<h2 class=\"wp-block-heading\">Parque de la Ciudadela, Pozna\u0144<\/h2>\n\n\n\n<p>Muy cerca del casco antiguo de Pozna\u0144, sobre la verde colina de Winiary, se encuentra el parque de la Ciudadela.<\/p>\n<\/div><\/div>\n\n\n\n<div style=\"height:100px\" aria-hidden=\"true\" class=\"wp-block-spacer is-style-spacer-small\"><\/div>\n\n\n\n<div class=\"wp-block-group is-style-container\"><div class=\"wp-block-group__inner-container is-layout-constrained wp-block-group-is-layout-constrained\"><div class=\"wp-block-image\">\n<figure class=\"aligncenter size-full\"><img loading=\"lazy\" decoding=\"async\" width=\"540\" height=\"360\" src=\"https:\/\/www.polonia.travel\/es\/wp-content\/uploads\/sites\/18\/2023\/07\/540ParkCytadela.jpg\" alt=\"\" class=\"wp-image-28635\" \/><\/figure><\/div><\/div><\/div>\n\n\n\n<div style=\"height:100px\" aria-hidden=\"true\" class=\"wp-block-spacer is-style-spacer-small\"><\/div>\n\n\n\n<div class=\"wp-block-group is-style-container-medium\"><div class=\"wp-block-group__inner-container is-layout-constrained wp-block-group-is-layout-constrained\">\n<p>Ocupa una superficie de considerables dimensiones que anta\u00f1o ocupaba una fortaleza prusiana, que en 1945 fue destruida en una batalla contra las tropas nazi. En el Parque de la Ciudadela tienen su sede dos museos: el Museo de Armas y el Museo del Ej\u00e9rcito de Pozna\u0144. Alberga tambi\u00e9n varios cementerios militares con tumbas de soldados polacos, rusos y brit\u00e1nicos, todos en la ladera sur de la colina.<\/p>\n<\/div><\/div>\n\n\n\n<div class=\"wp-block-group has-background\" style=\"background-color:#eeeeee\"><div class=\"wp-block-group__inner-container is-layout-constrained wp-block-group-is-layout-constrained\">\n<div style=\"height:100px\" aria-hidden=\"true\" class=\"wp-block-spacer is-style-spacer-small\"><\/div>\n\n\n\n<div class=\"wp-block-group is-style-container\"><div class=\"wp-block-group__inner-container is-layout-constrained wp-block-group-is-layout-constrained\">\n<h3 class=\"wp-block-heading\">Lee m\u00e1s art\u00edculos<\/h3>\n\n\n\n<div style=\"height:100px\" aria-hidden=\"true\" class=\"wp-block-spacer is-style-spacer-small\"><\/div>\n\n\n<div class=\"overflow\">\n  <div class=\"post-slider swiper post-slider--small\" data-schema=\"small\">\n\n    <div class=\"swiper-wrapper\">\n              <div class=\"swiper-slide post-slide\">\n                      <a href=\"https:\/\/www.polonia.travel\/es\/castillo-de-malbork\/\" class=\"post-box post-box--small\" style=\" background-image: url(https:\/\/www.polonia.travel\/es\/wp-content\/uploads\/sites\/18\/2024\/04\/Golden_Pins_540x360_malbork.jpg);\">\n          <div class=\"post-box__hover\" style=\"background-image: url(https:\/\/www.polonia.travel\/es\/wp-content\/uploads\/sites\/18\/2023\/02\/236569223_Malbork_Adobe-xl-e1676041124712-600x373.jpg);\"><\/div>\n        <div class=\"post-box__info\">\n            <div class=\"post-box__title\">Castillo de Malbork<\/div>\n      <div class=\"post-box__more\">Leer m\u00e1s<\/div>\n    <\/div>\n  <\/a>\n\n          <\/div>\n              <div class=\"swiper-slide post-slide\">\n                      <a href=\"https:\/\/www.polonia.travel\/es\/bulevares-de-chrobry-szczecin\/\" class=\"post-box post-box--small\" style=\" background-image: url(https:\/\/www.polonia.travel\/es\/wp-content\/uploads\/sites\/18\/2023\/07\/Golden_Pins_540x360_waly_CH.jpg);\">\n          <div class=\"post-box__hover\" style=\"background-image: url(https:\/\/www.polonia.travel\/es\/wp-content\/uploads\/sites\/18\/2022\/12\/szczecin_waly_chrobrego_odra_zachodnia_1170-600x400.jpg);\"><\/div>\n        <div class=\"post-box__info\">\n            <div class=\"post-box__title\">Bulevares de Chrobry, Szczecin<\/div>\n      <div class=\"post-box__more\">Leer m\u00e1s<\/div>\n    <\/div>\n  <\/a>\n\n          <\/div>\n              <div class=\"swiper-slide post-slide\">\n                      <a href=\"https:\/\/www.polonia.travel\/es\/puentes-de-stanczyki\/\" class=\"post-box post-box--small\" style=\" background-image: url(https:\/\/www.polonia.travel\/es\/wp-content\/uploads\/sites\/18\/2024\/04\/Golden_Pins_540x360_most_Stanczyk.jpg);\">\n          <div class=\"post-box__hover\" style=\"background-image: url(https:\/\/www.polonia.travel\/es\/wp-content\/uploads\/sites\/18\/2024\/07\/mosty-w-stanczykach_7f324342-600x191.jpg);\"><\/div>\n        <div class=\"post-box__info\">\n            <div class=\"post-box__title\">Puentes de Sta\u0144czyki<\/div>\n      <div class=\"post-box__more\">Leer m\u00e1s<\/div>\n    <\/div>\n  <\/a>\n\n          <\/div>\n              <div class=\"swiper-slide post-slide\">\n                      <a href=\"https:\/\/www.polonia.travel\/es\/palacio-de-los-branicki-bialystok\/\" class=\"post-box post-box--small\" style=\" background-image: url(https:\/\/www.polonia.travel\/es\/wp-content\/uploads\/sites\/18\/2023\/07\/Golden_Pins_540x360_palac_bran.jpg);\">\n          <div class=\"post-box__hover\" style=\"background-image: url(https:\/\/www.polonia.travel\/es\/wp-content\/uploads\/sites\/18\/2024\/04\/Bialystok_540.jpg);\"><\/div>\n        <div class=\"post-box__info\">\n            <div class=\"post-box__title\">Palacio de los Branicki, Bia\u0142ystok<\/div>\n      <div class=\"post-box__more\">Leer m\u00e1s<\/div>\n    <\/div>\n  <\/a>\n\n          <\/div>\n              <div class=\"swiper-slide post-slide\">\n                      <a href=\"https:\/\/www.polonia.travel\/es\/museo-vivo-del-piernik-torun\/\" class=\"post-box post-box--small\" style=\" background-image: url(https:\/\/www.polonia.travel\/es\/wp-content\/uploads\/sites\/18\/2024\/04\/Torun_warsztaty_piernika_TP_15617_2011121520540x360.jpg);\">\n          <div class=\"post-box__hover\" style=\"background-image: url(https:\/\/www.polonia.travel\/es\/wp-content\/uploads\/sites\/18\/2023\/07\/3887_Torun_zywe_muzeum_piernika-600x400.jpg);\"><\/div>\n        <div class=\"post-box__info\">\n            <div class=\"post-box__title\">Museo Interactivo del Piernik, Toru\u0144<\/div>\n      <div class=\"post-box__more\">Leer m\u00e1s<\/div>\n    <\/div>\n  <\/a>\n\n          <\/div>\n              <div class=\"swiper-slide post-slide\">\n                      <a href=\"https:\/\/www.polonia.travel\/es\/oceanario-africano-wroclaw\/\" class=\"post-box post-box--small\" style=\" background-image: url(https:\/\/www.polonia.travel\/es\/wp-content\/uploads\/sites\/18\/2023\/07\/Golden_Pins_540x360_afykanarium.jpg);\">\n          <div class=\"post-box__hover\" style=\"background-image: url(https:\/\/www.polonia.travel\/es\/wp-content\/uploads\/sites\/18\/2022\/12\/Afrykarium2043-600x397.jpg);\"><\/div>\n        <div class=\"post-box__info\">\n            <div class=\"post-box__title\">Oceanario africano, Wroc\u0142aw<\/div>\n      <div class=\"post-box__more\">Leer m\u00e1s<\/div>\n    <\/div>\n  <\/a>\n\n          <\/div>\n              <div class=\"swiper-slide post-slide\">\n                      <a href=\"https:\/\/www.polonia.travel\/es\/fortificaciones-de-miedzyrzecze-museo-de-las-fortificaciones-y-los-murcielagos-pniewo\/\" class=\"post-box post-box--small\" style=\" background-image: url(https:\/\/www.polonia.travel\/es\/wp-content\/uploads\/sites\/18\/2024\/04\/Golden_Pins_540x360_bunkry.jpg);\">\n          <div class=\"post-box__hover\" style=\"background-image: url(https:\/\/www.polonia.travel\/es\/wp-content\/uploads\/sites\/18\/2022\/12\/GoldenPins_540x360_Bunkry-1.jpg);\"><\/div>\n        <div class=\"post-box__info\">\n            <div class=\"post-box__title\">Fortificaciones de Mi\u0119dzyrzecze. Museo de las Fortificaciones y los Murci\u00e9lagos, Pniewo<\/div>\n      <div class=\"post-box__more\">Leer m\u00e1s<\/div>\n    <\/div>\n  <\/a>\n\n          <\/div>\n              <div class=\"swiper-slide post-slide\">\n                      <a href=\"https:\/\/www.polonia.travel\/es\/palacio-y-museo-de-los-zamoyski-kozlowka\/\" class=\"post-box post-box--small\" style=\" background-image: url(https:\/\/www.polonia.travel\/es\/wp-content\/uploads\/sites\/18\/2023\/07\/Golden_Pins_540x360_kozlowka.jpg);\">\n          <div class=\"post-box__hover\" style=\"background-image: url(https:\/\/www.polonia.travel\/es\/wp-content\/uploads\/sites\/18\/2022\/12\/GoldenPins_540x360_Kozlowka.jpg);\"><\/div>\n        <div class=\"post-box__info\">\n            <div class=\"post-box__title\">Palacio y Museo de los Zamoyski, Koz\u0142\u00f3wka<\/div>\n      <div class=\"post-box__more\">Leer m\u00e1s<\/div>\n    <\/div>\n  <\/a>\n\n          <\/div>\n              <div class=\"swiper-slide post-slide\">\n                      <a href=\"https:\/\/www.polonia.travel\/es\/castillo-de-krzyztopor-ujazd\/\" class=\"post-box post-box--small\" style=\" background-image: url(https:\/\/www.polonia.travel\/es\/wp-content\/uploads\/sites\/18\/2023\/07\/Golden_Pins_540x360_krzyztopor.jpg);\">\n          <div class=\"post-box__hover\" style=\"background-image: url(https:\/\/www.polonia.travel\/es\/wp-content\/uploads\/sites\/18\/2023\/07\/540ZamekKrzyztoporwUjezdzie.jpg);\"><\/div>\n        <div class=\"post-box__info\">\n            <div class=\"post-box__title\">Castillo de Krzy\u017ctop\u00f3r, Ujazd<\/div>\n      <div class=\"post-box__more\">Leer m\u00e1s<\/div>\n    <\/div>\n  <\/a>\n\n          <\/div>\n              <div class=\"swiper-slide post-slide\">\n                      <a href=\"https:\/\/www.polonia.travel\/es\/castillo-real-de-wawel-cracovia\/\" class=\"post-box post-box--small\" style=\" background-image: url(https:\/\/www.polonia.travel\/es\/wp-content\/uploads\/sites\/18\/2023\/07\/Golden_Pins_540x360_krakow.jpg);\">\n          <div class=\"post-box__hover\" style=\"background-image: url(https:\/\/www.polonia.travel\/es\/wp-content\/uploads\/sites\/18\/2022\/12\/krakow_wawel_500x500.jpg);\"><\/div>\n        <div class=\"post-box__info\">\n            <div class=\"post-box__title\">Castillo Real de Wawel, Cracovia<\/div>\n      <div class=\"post-box__more\">Leer m\u00e1s<\/div>\n    <\/div>\n  <\/a>\n\n          <\/div>\n              <div class=\"swiper-slide post-slide\">\n                      <a href=\"https:\/\/www.polonia.travel\/es\/callejon-rosa-lodz\/\" class=\"post-box post-box--small\" style=\" background-image: url(https:\/\/www.polonia.travel\/es\/wp-content\/uploads\/sites\/18\/2023\/07\/Golden_Pins_540x360_pasazRozy.jpg);\">\n          <div class=\"post-box__hover\" style=\"background-image: url(https:\/\/www.polonia.travel\/es\/wp-content\/uploads\/sites\/18\/2024\/04\/LODZ_1-600x400.jpg);\"><\/div>\n        <div class=\"post-box__info\">\n            <div class=\"post-box__title\">Callej\u00f3n Rosa, \u0141\u00f3d\u017a<\/div>\n      <div class=\"post-box__more\">Leer m\u00e1s<\/div>\n    <\/div>\n  <\/a>\n\n          <\/div>\n              <div class=\"swiper-slide post-slide\">\n                      <a href=\"https:\/\/www.polonia.travel\/es\/parque-de-la-ciudadela-poznan\/\" class=\"post-box post-box--small\" style=\" background-image: url(https:\/\/www.polonia.travel\/es\/wp-content\/uploads\/sites\/18\/2023\/07\/Golden_Pins_540x360_cytadela.jpg);\">\n          <div class=\"post-box__hover\" style=\"background-image: url(https:\/\/www.polonia.travel\/es\/wp-content\/uploads\/sites\/18\/2023\/07\/poznan-ratusz-600x399.jpg);\"><\/div>\n        <div class=\"post-box__info\">\n            <div class=\"post-box__title\">Parque de la Ciudadela, Pozna\u0144<\/div>\n      <div class=\"post-box__more\">Leer m\u00e1s<\/div>\n    <\/div>\n  <\/a>\n\n          <\/div>\n              <div class=\"swiper-slide post-slide\">\n                      <a href=\"https:\/\/www.polonia.travel\/es\/museo-etnografico-al-aire-libre-sanok\/\" class=\"post-box post-box--small\" style=\" background-image: url(https:\/\/www.polonia.travel\/es\/wp-content\/uploads\/sites\/18\/2023\/07\/Golden_Pins_540x360_sanok.jpg);\">\n          <div class=\"post-box__hover\" style=\"background-image: url(https:\/\/www.polonia.travel\/es\/wp-content\/uploads\/sites\/18\/2022\/12\/GoldenPins_450x300_Sanok.jpg);\"><\/div>\n        <div class=\"post-box__info\">\n            <div class=\"post-box__title\">Museo Etnogr\u00e1fico al aire libre, Sanok<\/div>\n      <div class=\"post-box__more\">Leer m\u00e1s<\/div>\n    <\/div>\n  <\/a>\n\n          <\/div>\n              <div class=\"swiper-slide post-slide\">\n                      <a href=\"https:\/\/www.polonia.travel\/es\/mina-guido-zabrze\/\" class=\"post-box post-box--small\" style=\" background-image: url(https:\/\/www.polonia.travel\/es\/wp-content\/uploads\/sites\/18\/2023\/07\/Golden_Pins_540x360_Guiudo.jpg);\">\n          <div class=\"post-box__hover\" style=\"background-image: url(https:\/\/www.polonia.travel\/es\/wp-content\/uploads\/sites\/18\/2023\/01\/Kopalnia-Guido-Zabrze-6-fot-www.slaskie.travel-OpenGroup.com_.pl_-600x400.jpg);\"><\/div>\n        <div class=\"post-box__info\">\n            <div class=\"post-box__title\">Mina Guido, Zabrze<\/div>\n      <div class=\"post-box__more\">Leer m\u00e1s<\/div>\n    <\/div>\n  <\/a>\n\n          <\/div>\n              <div class=\"swiper-slide post-slide\">\n                      <a href=\"https:\/\/www.polonia.travel\/es\/filarmonica-de-opole-jozef-elsner\/\" class=\"post-box post-box--small\" style=\" background-image: url(https:\/\/www.polonia.travel\/es\/wp-content\/uploads\/sites\/18\/2023\/07\/Golden_Pins_540x360_filh_Opole.jpg);\">\n          <div class=\"post-box__hover\" style=\"background-image: url(https:\/\/www.polonia.travel\/es\/wp-content\/uploads\/sites\/18\/2023\/02\/6940_Opole_MG-xl-600x400.jpg);\"><\/div>\n        <div class=\"post-box__info\">\n            <div class=\"post-box__title\">Filarm\u00f3nica de Opole &#8222;J\u00f3zef Elsner&#8221;<\/div>\n      <div class=\"post-box__more\">Leer m\u00e1s<\/div>\n    <\/div>\n  <\/a>\n\n          <\/div>\n              <div class=\"swiper-slide post-slide\">\n                      <a href=\"https:\/\/www.polonia.travel\/es\/parque-real-de-lazienki-en-varsovia\/\" class=\"post-box post-box--small\" style=\" background-image: url(https:\/\/www.polonia.travel\/es\/wp-content\/uploads\/sites\/18\/2023\/07\/Golden_Pins_540x360_lazienki.jpg);\">\n          <div class=\"post-box__hover\" style=\"background-image: url(https:\/\/www.polonia.travel\/es\/wp-content\/uploads\/sites\/18\/2022\/12\/warszawa_lazienki_krolewskie_wiosna_1170-600x400.jpeg);\"><\/div>\n        <div class=\"post-box__info\">\n            <div class=\"post-box__title\">Parque Real de \u0141azienki, en Varsovia<\/div>\n      <div class=\"post-box__more\">Leer m\u00e1s<\/div>\n    <\/div>\n  <\/a>\n\n          <\/div>\n          <\/div>\n    <div class=\"post-slider__pagination\"><\/div>\n  <\/div>\n<\/div>\n<\/div><\/div>\n\n\n\n<div style=\"height:100px\" aria-hidden=\"true\" class=\"wp-block-spacer is-style-spacer-small\"><\/div>\n<\/div><\/div>\n","protected":false},"excerpt":{"rendered":"<p>Parque de la Ciudadela, Pozna\u0144 Muy cerca del casco antiguo de Pozna\u0144, sobre la verde colina de Winiary, se encuentra el parque de la Ciudadela. Ocupa una superficie de considerables dimensiones que anta\u00f1o ocupaba una fortaleza prusiana, que en 1945 fue destruida en una batalla contra las tropas nazi. En el Parque de la Ciudadela [&hellip;]<\/p>\n","protected":false},"author":4,"featured_media":18425,"comment_status":"open","ping_status":"open","sticky":false,"template":"","format":"standard","meta":{"_acf_changed":false,"footnotes":""},"categories":[1226],"class_list":["post-34526","post","type-post","status-publish","format-standard","has-post-thumbnail","hentry","category-polonia-y-sus-destinos-de-oro"],"acf":[],"yoast_head":"<!-- This site is optimized with the Yoast SEO plugin v27.4 - https:\/\/yoast.com\/product\/yoast-seo-wordpress\/ -->\n<title>Parque de la Ciudadela, Pozna\u0144 - Polonia Travel (ES)<\/title>\n<meta name=\"robots\" content=\"index, follow, max-snippet:-1, max-image-preview:large, max-video-preview:-1\" \/>\n<link rel=\"canonical\" href=\"https:\/\/www.polonia.travel\/es\/parque-de-la-ciudadela-poznan\/\" \/>\n<meta property=\"og:locale\" content=\"pl_PL\" \/>\n<meta property=\"og:type\" content=\"article\" \/>\n<meta property=\"og:title\" content=\"Parque de la Ciudadela, Pozna\u0144 - Polonia Travel (ES)\" \/>\n<meta property=\"og:description\" content=\"Parque de la Ciudadela, Pozna\u0144 Muy cerca del casco antiguo de Pozna\u0144, sobre la verde colina de Winiary, se encuentra el parque de la Ciudadela. Ocupa una superficie de considerables dimensiones que anta\u00f1o ocupaba una fortaleza prusiana, que en 1945 fue destruida en una batalla contra las tropas nazi. En el Parque de la Ciudadela [&hellip;]\" \/>\n<meta property=\"og:url\" content=\"https:\/\/www.polonia.travel\/es\/parque-de-la-ciudadela-poznan\/\" \/>\n<meta property=\"og:site_name\" content=\"Polonia Travel (ES)\" \/>\n<meta property=\"article:published_time\" content=\"2024-07-29T12:21:25+00:00\" \/>\n<meta property=\"article:modified_time\" content=\"2024-08-19T12:52:09+00:00\" \/>\n<meta property=\"og:image\" content=\"https:\/\/www.polonia.travel\/es\/wp-content\/uploads\/sites\/18\/2023\/01\/641_Foap-poznan_malta_pol_HR.jpg\" \/>\n\t<meta property=\"og:image:width\" content=\"1920\" \/>\n\t<meta property=\"og:image:height\" content=\"686\" \/>\n\t<meta property=\"og:image:type\" content=\"image\/jpeg\" \/>\n<meta name=\"author\" content=\"paulinaskoczen\" \/>\n<meta name=\"twitter:card\" content=\"summary_large_image\" \/>\n<meta name=\"twitter:label1\" content=\"Napisane przez\" \/>\n\t<meta name=\"twitter:data1\" content=\"paulinaskoczen\" \/>\n\t<meta name=\"twitter:label2\" content=\"Szacowany czas czytania\" \/>\n\t<meta name=\"twitter:data2\" content=\"1 minuta\" \/>\n<script type=\"application\/ld+json\" class=\"yoast-schema-graph\">{\"@context\":\"https:\\\/\\\/schema.org\",\"@graph\":[{\"@type\":\"Article\",\"@id\":\"https:\\\/\\\/www.polonia.travel\\\/es\\\/parque-de-la-ciudadela-poznan\\\/#article\",\"isPartOf\":{\"@id\":\"https:\\\/\\\/www.polonia.travel\\\/es\\\/parque-de-la-ciudadela-poznan\\\/\"},\"author\":{\"name\":\"paulinaskoczen\",\"@id\":\"https:\\\/\\\/www.polonia.travel\\\/es\\\/#\\\/schema\\\/person\\\/a7e7220cbf656ec08ed713e97c7c1c85\"},\"headline\":\"Parque de la Ciudadela, Pozna\u0144\",\"datePublished\":\"2024-07-29T12:21:25+00:00\",\"dateModified\":\"2024-08-19T12:52:09+00:00\",\"mainEntityOfPage\":{\"@id\":\"https:\\\/\\\/www.polonia.travel\\\/es\\\/parque-de-la-ciudadela-poznan\\\/\"},\"wordCount\":105,\"commentCount\":0,\"publisher\":{\"@id\":\"https:\\\/\\\/www.polonia.travel\\\/es\\\/#organization\"},\"image\":{\"@id\":\"https:\\\/\\\/www.polonia.travel\\\/es\\\/parque-de-la-ciudadela-poznan\\\/#primaryimage\"},\"thumbnailUrl\":\"https:\\\/\\\/www.polonia.travel\\\/es\\\/wp-content\\\/uploads\\\/sites\\\/18\\\/2023\\\/01\\\/641_Foap-poznan_malta_pol_HR.jpg\",\"articleSection\":[\"Polonia y sus destinos de oro\"],\"inLanguage\":\"pl-PL\"},{\"@type\":\"WebPage\",\"@id\":\"https:\\\/\\\/www.polonia.travel\\\/es\\\/parque-de-la-ciudadela-poznan\\\/\",\"url\":\"https:\\\/\\\/www.polonia.travel\\\/es\\\/parque-de-la-ciudadela-poznan\\\/\",\"name\":\"Parque de la Ciudadela, Pozna\u0144 - Polonia Travel (ES)\",\"isPartOf\":{\"@id\":\"https:\\\/\\\/www.polonia.travel\\\/es\\\/#website\"},\"primaryImageOfPage\":{\"@id\":\"https:\\\/\\\/www.polonia.travel\\\/es\\\/parque-de-la-ciudadela-poznan\\\/#primaryimage\"},\"image\":{\"@id\":\"https:\\\/\\\/www.polonia.travel\\\/es\\\/parque-de-la-ciudadela-poznan\\\/#primaryimage\"},\"thumbnailUrl\":\"https:\\\/\\\/www.polonia.travel\\\/es\\\/wp-content\\\/uploads\\\/sites\\\/18\\\/2023\\\/01\\\/641_Foap-poznan_malta_pol_HR.jpg\",\"datePublished\":\"2024-07-29T12:21:25+00:00\",\"dateModified\":\"2024-08-19T12:52:09+00:00\",\"breadcrumb\":{\"@id\":\"https:\\\/\\\/www.polonia.travel\\\/es\\\/parque-de-la-ciudadela-poznan\\\/#breadcrumb\"},\"inLanguage\":\"pl-PL\",\"potentialAction\":[{\"@type\":\"ReadAction\",\"target\":[\"https:\\\/\\\/www.polonia.travel\\\/es\\\/parque-de-la-ciudadela-poznan\\\/\"]}]},{\"@type\":\"ImageObject\",\"inLanguage\":\"pl-PL\",\"@id\":\"https:\\\/\\\/www.polonia.travel\\\/es\\\/parque-de-la-ciudadela-poznan\\\/#primaryimage\",\"url\":\"https:\\\/\\\/www.polonia.travel\\\/es\\\/wp-content\\\/uploads\\\/sites\\\/18\\\/2023\\\/01\\\/641_Foap-poznan_malta_pol_HR.jpg\",\"contentUrl\":\"https:\\\/\\\/www.polonia.travel\\\/es\\\/wp-content\\\/uploads\\\/sites\\\/18\\\/2023\\\/01\\\/641_Foap-poznan_malta_pol_HR.jpg\",\"width\":1920,\"height\":686,\"caption\":\"Pozna\u0144\"},{\"@type\":\"BreadcrumbList\",\"@id\":\"https:\\\/\\\/www.polonia.travel\\\/es\\\/parque-de-la-ciudadela-poznan\\\/#breadcrumb\",\"itemListElement\":[{\"@type\":\"ListItem\",\"position\":1,\"name\":\"Home page\",\"item\":\"https:\\\/\\\/www.polonia.travel\\\/es\\\/\"},{\"@type\":\"ListItem\",\"position\":2,\"name\":\"Polonia y sus destinos de oro\",\"item\":\"https:\\\/\\\/www.polonia.travel\\\/es\\\/category\\\/polonia-y-sus-destinos-de-oro\\\/\"},{\"@type\":\"ListItem\",\"position\":3,\"name\":\"Parque de la Ciudadela, Pozna\u0144\"}]},{\"@type\":\"WebSite\",\"@id\":\"https:\\\/\\\/www.polonia.travel\\\/es\\\/#website\",\"url\":\"https:\\\/\\\/www.polonia.travel\\\/es\\\/\",\"name\":\"Polonia Travel (ES)\",\"description\":\"...\",\"publisher\":{\"@id\":\"https:\\\/\\\/www.polonia.travel\\\/es\\\/#organization\"},\"potentialAction\":[{\"@type\":\"SearchAction\",\"target\":{\"@type\":\"EntryPoint\",\"urlTemplate\":\"https:\\\/\\\/www.polonia.travel\\\/es\\\/?s={search_term_string}\"},\"query-input\":{\"@type\":\"PropertyValueSpecification\",\"valueRequired\":true,\"valueName\":\"search_term_string\"}}],\"inLanguage\":\"pl-PL\"},{\"@type\":\"Organization\",\"@id\":\"https:\\\/\\\/www.polonia.travel\\\/es\\\/#organization\",\"name\":\"Polonia Travel (ES)\",\"url\":\"https:\\\/\\\/www.polonia.travel\\\/es\\\/\",\"logo\":{\"@type\":\"ImageObject\",\"inLanguage\":\"pl-PL\",\"@id\":\"https:\\\/\\\/www.polonia.travel\\\/es\\\/#\\\/schema\\\/logo\\\/image\\\/\",\"url\":\"\",\"contentUrl\":\"\",\"caption\":\"Polonia Travel (ES)\"},\"image\":{\"@id\":\"https:\\\/\\\/www.polonia.travel\\\/es\\\/#\\\/schema\\\/logo\\\/image\\\/\"}},{\"@type\":\"Person\",\"@id\":\"https:\\\/\\\/www.polonia.travel\\\/es\\\/#\\\/schema\\\/person\\\/a7e7220cbf656ec08ed713e97c7c1c85\",\"name\":\"paulinaskoczen\",\"image\":{\"@type\":\"ImageObject\",\"inLanguage\":\"pl-PL\",\"@id\":\"https:\\\/\\\/secure.gravatar.com\\\/avatar\\\/0e1d86345b101a3a9405065a92e055ee3c308177859477bf8efeee50099c0d45?s=96&d=mm&r=g\",\"url\":\"https:\\\/\\\/secure.gravatar.com\\\/avatar\\\/0e1d86345b101a3a9405065a92e055ee3c308177859477bf8efeee50099c0d45?s=96&d=mm&r=g\",\"contentUrl\":\"https:\\\/\\\/secure.gravatar.com\\\/avatar\\\/0e1d86345b101a3a9405065a92e055ee3c308177859477bf8efeee50099c0d45?s=96&d=mm&r=g\",\"caption\":\"paulinaskoczen\"}}]}<\/script>\n<!-- \/ Yoast SEO plugin. -->","yoast_head_json":{"title":"Parque de la Ciudadela, Pozna\u0144 - Polonia Travel (ES)","robots":{"index":"index","follow":"follow","max-snippet":"max-snippet:-1","max-image-preview":"max-image-preview:large","max-video-preview":"max-video-preview:-1"},"canonical":"https:\/\/www.polonia.travel\/es\/parque-de-la-ciudadela-poznan\/","og_locale":"pl_PL","og_type":"article","og_title":"Parque de la Ciudadela, Pozna\u0144 - Polonia Travel (ES)","og_description":"Parque de la Ciudadela, Pozna\u0144 Muy cerca del casco antiguo de Pozna\u0144, sobre la verde colina de Winiary, se encuentra el parque de la Ciudadela. Ocupa una superficie de considerables dimensiones que anta\u00f1o ocupaba una fortaleza prusiana, que en 1945 fue destruida en una batalla contra las tropas nazi. En el Parque de la Ciudadela [&hellip;]","og_url":"https:\/\/www.polonia.travel\/es\/parque-de-la-ciudadela-poznan\/","og_site_name":"Polonia Travel (ES)","article_published_time":"2024-07-29T12:21:25+00:00","article_modified_time":"2024-08-19T12:52:09+00:00","og_image":[{"width":1920,"height":686,"url":"https:\/\/www.polonia.travel\/es\/wp-content\/uploads\/sites\/18\/2023\/01\/641_Foap-poznan_malta_pol_HR.jpg","type":"image\/jpeg"}],"author":"paulinaskoczen","twitter_card":"summary_large_image","twitter_misc":{"Napisane przez":"paulinaskoczen","Szacowany czas czytania":"1 minuta"},"schema":{"@context":"https:\/\/schema.org","@graph":[{"@type":"Article","@id":"https:\/\/www.polonia.travel\/es\/parque-de-la-ciudadela-poznan\/#article","isPartOf":{"@id":"https:\/\/www.polonia.travel\/es\/parque-de-la-ciudadela-poznan\/"},"author":{"name":"paulinaskoczen","@id":"https:\/\/www.polonia.travel\/es\/#\/schema\/person\/a7e7220cbf656ec08ed713e97c7c1c85"},"headline":"Parque de la Ciudadela, Pozna\u0144","datePublished":"2024-07-29T12:21:25+00:00","dateModified":"2024-08-19T12:52:09+00:00","mainEntityOfPage":{"@id":"https:\/\/www.polonia.travel\/es\/parque-de-la-ciudadela-poznan\/"},"wordCount":105,"commentCount":0,"publisher":{"@id":"https:\/\/www.polonia.travel\/es\/#organization"},"image":{"@id":"https:\/\/www.polonia.travel\/es\/parque-de-la-ciudadela-poznan\/#primaryimage"},"thumbnailUrl":"https:\/\/www.polonia.travel\/es\/wp-content\/uploads\/sites\/18\/2023\/01\/641_Foap-poznan_malta_pol_HR.jpg","articleSection":["Polonia y sus destinos de oro"],"inLanguage":"pl-PL"},{"@type":"WebPage","@id":"https:\/\/www.polonia.travel\/es\/parque-de-la-ciudadela-poznan\/","url":"https:\/\/www.polonia.travel\/es\/parque-de-la-ciudadela-poznan\/","name":"Parque de la Ciudadela, Pozna\u0144 - Polonia Travel (ES)","isPartOf":{"@id":"https:\/\/www.polonia.travel\/es\/#website"},"primaryImageOfPage":{"@id":"https:\/\/www.polonia.travel\/es\/parque-de-la-ciudadela-poznan\/#primaryimage"},"image":{"@id":"https:\/\/www.polonia.travel\/es\/parque-de-la-ciudadela-poznan\/#primaryimage"},"thumbnailUrl":"https:\/\/www.polonia.travel\/es\/wp-content\/uploads\/sites\/18\/2023\/01\/641_Foap-poznan_malta_pol_HR.jpg","datePublished":"2024-07-29T12:21:25+00:00","dateModified":"2024-08-19T12:52:09+00:00","breadcrumb":{"@id":"https:\/\/www.polonia.travel\/es\/parque-de-la-ciudadela-poznan\/#breadcrumb"},"inLanguage":"pl-PL","potentialAction":[{"@type":"ReadAction","target":["https:\/\/www.polonia.travel\/es\/parque-de-la-ciudadela-poznan\/"]}]},{"@type":"ImageObject","inLanguage":"pl-PL","@id":"https:\/\/www.polonia.travel\/es\/parque-de-la-ciudadela-poznan\/#primaryimage","url":"https:\/\/www.polonia.travel\/es\/wp-content\/uploads\/sites\/18\/2023\/01\/641_Foap-poznan_malta_pol_HR.jpg","contentUrl":"https:\/\/www.polonia.travel\/es\/wp-content\/uploads\/sites\/18\/2023\/01\/641_Foap-poznan_malta_pol_HR.jpg","width":1920,"height":686,"caption":"Pozna\u0144"},{"@type":"BreadcrumbList","@id":"https:\/\/www.polonia.travel\/es\/parque-de-la-ciudadela-poznan\/#breadcrumb","itemListElement":[{"@type":"ListItem","position":1,"name":"Home page","item":"https:\/\/www.polonia.travel\/es\/"},{"@type":"ListItem","position":2,"name":"Polonia y sus destinos de oro","item":"https:\/\/www.polonia.travel\/es\/category\/polonia-y-sus-destinos-de-oro\/"},{"@type":"ListItem","position":3,"name":"Parque de la Ciudadela, Pozna\u0144"}]},{"@type":"WebSite","@id":"https:\/\/www.polonia.travel\/es\/#website","url":"https:\/\/www.polonia.travel\/es\/","name":"Polonia Travel (ES)","description":"...","publisher":{"@id":"https:\/\/www.polonia.travel\/es\/#organization"},"potentialAction":[{"@type":"SearchAction","target":{"@type":"EntryPoint","urlTemplate":"https:\/\/www.polonia.travel\/es\/?s={search_term_string}"},"query-input":{"@type":"PropertyValueSpecification","valueRequired":true,"valueName":"search_term_string"}}],"inLanguage":"pl-PL"},{"@type":"Organization","@id":"https:\/\/www.polonia.travel\/es\/#organization","name":"Polonia Travel (ES)","url":"https:\/\/www.polonia.travel\/es\/","logo":{"@type":"ImageObject","inLanguage":"pl-PL","@id":"https:\/\/www.polonia.travel\/es\/#\/schema\/logo\/image\/","url":"","contentUrl":"","caption":"Polonia Travel (ES)"},"image":{"@id":"https:\/\/www.polonia.travel\/es\/#\/schema\/logo\/image\/"}},{"@type":"Person","@id":"https:\/\/www.polonia.travel\/es\/#\/schema\/person\/a7e7220cbf656ec08ed713e97c7c1c85","name":"paulinaskoczen","image":{"@type":"ImageObject","inLanguage":"pl-PL","@id":"https:\/\/secure.gravatar.com\/avatar\/0e1d86345b101a3a9405065a92e055ee3c308177859477bf8efeee50099c0d45?s=96&d=mm&r=g","url":"https:\/\/secure.gravatar.com\/avatar\/0e1d86345b101a3a9405065a92e055ee3c308177859477bf8efeee50099c0d45?s=96&d=mm&r=g","contentUrl":"https:\/\/secure.gravatar.com\/avatar\/0e1d86345b101a3a9405065a92e055ee3c308177859477bf8efeee50099c0d45?s=96&d=mm&r=g","caption":"paulinaskoczen"}}]}},"_links":{"self":[{"href":"https:\/\/www.polonia.travel\/es\/wp-json\/wp\/v2\/posts\/34526","targetHints":{"allow":["GET"]}}],"collection":[{"href":"https:\/\/www.polonia.travel\/es\/wp-json\/wp\/v2\/posts"}],"about":[{"href":"https:\/\/www.polonia.travel\/es\/wp-json\/wp\/v2\/types\/post"}],"author":[{"embeddable":true,"href":"https:\/\/www.polonia.travel\/es\/wp-json\/wp\/v2\/users\/4"}],"replies":[{"embeddable":true,"href":"https:\/\/www.polonia.travel\/es\/wp-json\/wp\/v2\/comments?post=34526"}],"version-history":[{"count":3,"href":"https:\/\/www.polonia.travel\/es\/wp-json\/wp\/v2\/posts\/34526\/revisions"}],"predecessor-version":[{"id":35539,"href":"https:\/\/www.polonia.travel\/es\/wp-json\/wp\/v2\/posts\/34526\/revisions\/35539"}],"wp:featuredmedia":[{"embeddable":true,"href":"https:\/\/www.polonia.travel\/es\/wp-json\/wp\/v2\/media\/18425"}],"wp:attachment":[{"href":"https:\/\/www.polonia.travel\/es\/wp-json\/wp\/v2\/media?parent=34526"}],"wp:term":[{"taxonomy":"category","embeddable":true,"href":"https:\/\/www.polonia.travel\/es\/wp-json\/wp\/v2\/categories?post=34526"}],"curies":[{"name":"wp","href":"https:\/\/api.w.org\/{rel}","templated":true}]}}