{"id":34292,"date":"2026-03-05T15:15:07","date_gmt":"2026-03-05T14:15:07","guid":{"rendered":"https:\/\/wp-es.poland.travel\/?p=34292"},"modified":"2026-03-05T15:16:07","modified_gmt":"2026-03-05T14:16:07","slug":"entre-vikingos-y-los-festivales-de-luz","status":"publish","type":"post","link":"https:\/\/www.polonia.travel\/es\/entre-vikingos-y-los-festivales-de-luz\/","title":{"rendered":"Entre vikingos y los festivales de luz"},"content":{"rendered":"\n<div class=\"wp-block-group\"><div class=\"wp-block-group__inner-container is-layout-constrained wp-block-group-is-layout-constrained\">\n<div class=\"wp-block-group is-style-container-medium\"><div class=\"wp-block-group__inner-container is-layout-constrained wp-block-group-is-layout-constrained\">\n<h2 class=\"wp-block-heading\">Entre vikingos y los festivales de luz<\/h2>\n\n\n\n<div style=\"height:100px\" aria-hidden=\"true\" class=\"wp-block-spacer is-style-spacer-small\"><\/div>\n\n\n\n<p>Teniendo en cuenta la historia milenaria de Polonia, varias culturas han dejado aqu\u00ed su huella. Estas tradiciones, siguen vivas gracias a los festivales tem\u00e1ticos que se celebran cada a\u00f1o, basados en eventos hist\u00f3ricos o incluso literarios de \u00e9pocas anteriores. A continuaci\u00f3n, te dejamos una propuesta de acontecimientos originales que apuntar si est\u00e1s planeando una visita a Polonia. <\/p>\n\n\n\n<div style=\"height:100px\" aria-hidden=\"true\" class=\"wp-block-spacer is-style-spacer-medium\"><\/div>\n\n\n\n<h3 class=\"wp-block-heading\">Los Dragones de Cracovia<\/h3>\n\n\n\n<div style=\"height:100px\" aria-hidden=\"true\" class=\"wp-block-spacer is-style-spacer-small\"><\/div>\n\n\n\n<p><a href=\"https:\/\/www.polonia.travel\/es\/cracovia-y-su-leyenda-del-dragon\/\" target=\"_blank\" rel=\"noreferrer noopener\">El <strong>Desfile de Dragones de Cracovia<\/strong><\/a> (Wielka Parada Smok\u00f3w) es uno de los eventos m\u00e1s m\u00e1gicos y originales de la antigua capital polaca. Cada primavera, enormes y coloridos dragones creados por estudiantes, artistas y escuelas recorren las calles del casco hist\u00f3rico hasta llegar a la colina de Wawel, inspirados en la famosa leyenda del drag\u00f3n de Cracovia.<\/p>\n\n\n\n<p>El momento m\u00e1s espectacular llega al anochecer, cuando gigantes dragones flotantes aparecen sobre el r\u00edo V\u00edstula acompa\u00f1ados de m\u00fasica, luces y fuegos artificiales. Un espect\u00e1culo \u00fanico que combina tradici\u00f3n, creatividad y fantas\u00eda, y que convierte a Cracovia en un escenario digno de cuento durante un fin de semana inolvidable (<strong>6 y 7 de junio del 2026<\/strong>). <\/p>\n\n\n\n<figure class=\"wp-block-image size-large\"><img loading=\"lazy\" decoding=\"async\" width=\"1200\" height=\"800\" src=\"https:\/\/www.polonia.travel\/es\/wp-content\/uploads\/sites\/18\/2025\/05\/M6B0713-1200x800.jpg\" alt=\"\" class=\"wp-image-38838\" style=\"aspect-ratio:3\/2;object-fit:cover\" srcset=\"https:\/\/www.polonia.travel\/es\/wp-content\/uploads\/sites\/18\/2025\/05\/M6B0713-1200x800.jpg 1200w, https:\/\/www.polonia.travel\/es\/wp-content\/uploads\/sites\/18\/2025\/05\/M6B0713-600x400.jpg 600w, https:\/\/www.polonia.travel\/es\/wp-content\/uploads\/sites\/18\/2025\/05\/M6B0713-768x512.jpg 768w, https:\/\/www.polonia.travel\/es\/wp-content\/uploads\/sites\/18\/2025\/05\/M6B0713-1536x1024.jpg 1536w, https:\/\/www.polonia.travel\/es\/wp-content\/uploads\/sites\/18\/2025\/05\/M6B0713-2048x1365.jpg 2048w, https:\/\/www.polonia.travel\/es\/wp-content\/uploads\/sites\/18\/2025\/05\/M6B0713-1920x1280.jpg 1920w\" sizes=\"auto, (max-width: 1200px) 100vw, 1200px\" \/><\/figure>\n\n\n\n<div style=\"height:100px\" aria-hidden=\"true\" class=\"wp-block-spacer is-style-spacer-medium\"><\/div>\n\n\n\n<h3 class=\"wp-block-heading\">Jewish Festival<\/h3>\n\n\n\n<div style=\"height:100px\" aria-hidden=\"true\" class=\"wp-block-spacer is-style-spacer-small\"><\/div>\n\n\n\n<p><strong><a href=\"https:\/\/jewishfestival.pl\/en\/home-page\/\">El Festival de la Cultura Jud\u00eda<\/a><\/strong> no puede celebrarse en otro lugar que el hist\u00f3rico barrio jud\u00edo de <strong>Kazimierz<\/strong> en <strong>Cracovia<\/strong>. Es una iniciativa privada que desde hace a\u00f1os goza del merecido reconocimiento a nivel mundial. La agenda incluye conciertos de la m\u00fasica estilo <strong>klezmer, charlas, talleres y gastronom\u00eda<\/strong> que ofrecen los restaurantes del barrio. Este a\u00f1o, se celebra del <strong>1 al 5 de julio.<\/strong> Es especialmente recomendado el concierto al aire libre <strong>Szalom na Szerokiej<\/strong>, en la <strong>calle Szeroka<\/strong>, una de las m\u00e1s populares en la juder\u00eda de Cracovia.\u00a0<\/p>\n<\/div><\/div>\n<\/div><\/div>\n\n\n\n<div style=\"height:100px\" aria-hidden=\"true\" class=\"wp-block-spacer is-style-spacer-small\"><\/div>\n\n\n\n<div class=\"wp-block-group is-style-container\"><div class=\"wp-block-group__inner-container is-layout-constrained wp-block-group-is-layout-constrained\"><div class=\"wp-block-image\">\n<figure class=\"aligncenter size-large\"><img loading=\"lazy\" decoding=\"async\" width=\"1200\" height=\"800\" src=\"https:\/\/www.polonia.travel\/es\/wp-content\/uploads\/sites\/18\/2025\/06\/7202_Krak_Kazimierz_Fest_Kult_Zydowskiej_KK_HR-1200x800.jpg\" alt=\"\" class=\"wp-image-37793\" style=\"aspect-ratio:3\/2;object-fit:cover\" srcset=\"https:\/\/www.polonia.travel\/es\/wp-content\/uploads\/sites\/18\/2025\/06\/7202_Krak_Kazimierz_Fest_Kult_Zydowskiej_KK_HR-1200x800.jpg 1200w, https:\/\/www.polonia.travel\/es\/wp-content\/uploads\/sites\/18\/2025\/06\/7202_Krak_Kazimierz_Fest_Kult_Zydowskiej_KK_HR-600x400.jpg 600w, https:\/\/www.polonia.travel\/es\/wp-content\/uploads\/sites\/18\/2025\/06\/7202_Krak_Kazimierz_Fest_Kult_Zydowskiej_KK_HR-768x512.jpg 768w, https:\/\/www.polonia.travel\/es\/wp-content\/uploads\/sites\/18\/2025\/06\/7202_Krak_Kazimierz_Fest_Kult_Zydowskiej_KK_HR-1536x1024.jpg 1536w, https:\/\/www.polonia.travel\/es\/wp-content\/uploads\/sites\/18\/2025\/06\/7202_Krak_Kazimierz_Fest_Kult_Zydowskiej_KK_HR-2048x1365.jpg 2048w, https:\/\/www.polonia.travel\/es\/wp-content\/uploads\/sites\/18\/2025\/06\/7202_Krak_Kazimierz_Fest_Kult_Zydowskiej_KK_HR-1920x1280.jpg 1920w\" sizes=\"auto, (max-width: 1200px) 100vw, 1200px\" \/><\/figure><\/div><\/div><\/div>\n\n\n\n<div style=\"height:100px\" aria-hidden=\"true\" class=\"wp-block-spacer is-style-spacer-medium\"><\/div>\n\n\n\n<div class=\"wp-block-group is-style-container-medium\"><div class=\"wp-block-group__inner-container is-layout-constrained wp-block-group-is-layout-constrained\">\n<h3 class=\"wp-block-heading\">Mercados y festivales medievales<\/h3>\n\n\n\n<div style=\"height:100px\" aria-hidden=\"true\" class=\"wp-block-spacer is-style-spacer-small\"><\/div>\n\n\n\n<p>Si viajas por el norte y noreste de Polonia, sum\u00e9rgete a\u00fan m\u00e1s en su pasado asistiendo a las reconstrucciones hist\u00f3ricas. El <strong>Asedio de Malbork<\/strong>\u00a0se desarrolla en el <strong>Castillo de los Caballeros Teutones<\/strong> (Patrimonio de la Humanidad a unos 50 km de Gdansk). A principios del siglo XV, el Castillo de Malbork fue la capital de la Orden Teut\u00f3nica que acababa de perder la Batalla de Grunwald (<strong>1410<\/strong>). Mientras otros castillos g\u00f3ticos aceptaron la victoria de las tropas polaco-lituanas, el Gran Maestre decidi\u00f3 defender su \u00faltimo basti\u00f3n. Estos hechos hist\u00f3ricos se conmemoran cada julio tanto en Malbork como en el <strong>campo de la batalla en Grunwald<\/strong>. Gran n\u00famero de aficionados, con las vestimentas y accesorios propios de aquella \u00e9poca, nos trasladan directamente a la Edad Media. Si quieres acudir, reserva las fechas para ver la reconstrucci\u00f3n de la batalla y del <strong>24 al 26 de julio<\/strong> <strong>del 2026<\/strong> para continuar este viaje de calado tem\u00e1tico a Malbork.\u00a0<\/p>\n<\/div><\/div>\n\n\n\n<div style=\"height:100px\" aria-hidden=\"true\" class=\"wp-block-spacer is-style-spacer-small\"><\/div>\n\n\n\n<div class=\"wp-block-group is-style-container\"><div class=\"wp-block-group__inner-container is-layout-constrained wp-block-group-is-layout-constrained\"><div class=\"wp-block-image\">\n<figure class=\"aligncenter size-full\"><img loading=\"lazy\" decoding=\"async\" width=\"1200\" height=\"857\" src=\"https:\/\/www.polonia.travel\/es\/wp-content\/uploads\/sites\/18\/2024\/07\/img_3695a.jpg\" alt=\"\" class=\"wp-image-35655\" style=\"aspect-ratio:3\/2;object-fit:cover\" srcset=\"https:\/\/www.polonia.travel\/es\/wp-content\/uploads\/sites\/18\/2024\/07\/img_3695a.jpg 1200w, https:\/\/www.polonia.travel\/es\/wp-content\/uploads\/sites\/18\/2024\/07\/img_3695a-600x429.jpg 600w, https:\/\/www.polonia.travel\/es\/wp-content\/uploads\/sites\/18\/2024\/07\/img_3695a-768x548.jpg 768w\" sizes=\"auto, (max-width: 1200px) 100vw, 1200px\" \/><figcaption class=\"wp-element-caption\">Foto: Archivos del Castillo de Malbork<\/figcaption><\/figure><\/div><\/div><\/div>\n\n\n\n<div style=\"height:100px\" aria-hidden=\"true\" class=\"wp-block-spacer is-style-spacer-medium\"><\/div>\n\n\n\n<div class=\"wp-block-group is-style-container-medium\"><div class=\"wp-block-group__inner-container is-layout-constrained wp-block-group-is-layout-constrained\">\n<h3 class=\"wp-block-heading\">La feria m\u00e1s antigua<\/h3>\n\n\n\n<div style=\"height:100px\" aria-hidden=\"true\" class=\"wp-block-spacer is-style-spacer-small\"><\/div>\n\n\n\n<p>Desde la Edad Media se celebra en <strong>Gda\u0144sk<\/strong> el <a href=\"https:\/\/jarmarkswdominika.pl\/en\/\"><strong>Mercado de Santo Domingo<\/strong>.<\/a> Dentro del marco de su precioso casco antiguo, la ciudad nos acerca a sus tradiciones y costumbres sin perder de vista la agenda cultural y, c\u00f3mo no, tampoco el car\u00e1cter de los mercados medievales. Este 2026 el evento cumple <strong>766 a\u00f1os<\/strong> y tendr\u00e1 lugar del <strong>25 de julio hasta el 16 de agosto.<\/strong><\/p>\n<\/div><\/div>\n\n\n\n<div style=\"height:100px\" aria-hidden=\"true\" class=\"wp-block-spacer is-style-spacer-small\"><\/div>\n\n\n\n<div class=\"wp-block-group is-style-container\"><div class=\"wp-block-group__inner-container is-layout-constrained wp-block-group-is-layout-constrained\"><div class=\"wp-block-image\">\n<figure class=\"aligncenter size-full\"><img loading=\"lazy\" decoding=\"async\" width=\"1170\" height=\"680\" src=\"https:\/\/www.polonia.travel\/es\/wp-content\/uploads\/sites\/18\/2023\/08\/jarmark-sw-dominika3.jpg\" alt=\"\" class=\"wp-image-30156\" style=\"aspect-ratio:3\/2;object-fit:cover\" srcset=\"https:\/\/www.polonia.travel\/es\/wp-content\/uploads\/sites\/18\/2023\/08\/jarmark-sw-dominika3.jpg 1170w, https:\/\/www.polonia.travel\/es\/wp-content\/uploads\/sites\/18\/2023\/08\/jarmark-sw-dominika3-600x349.jpg 600w, https:\/\/www.polonia.travel\/es\/wp-content\/uploads\/sites\/18\/2023\/08\/jarmark-sw-dominika3-768x446.jpg 768w\" sizes=\"auto, (max-width: 1170px) 100vw, 1170px\" \/><\/figure><\/div><\/div><\/div>\n\n\n\n<div style=\"height:100px\" aria-hidden=\"true\" class=\"wp-block-spacer is-style-spacer-medium\"><\/div>\n\n\n\n<div class=\"wp-block-group is-style-container-medium\"><div class=\"wp-block-group__inner-container is-layout-constrained wp-block-group-is-layout-constrained\">\n<h3 class=\"wp-block-heading\">Carnaval de los Magos<\/h3>\n\n\n\n<div style=\"height:100px\" aria-hidden=\"true\" class=\"wp-block-spacer is-style-spacer-small\"><\/div>\n\n\n\n<p><strong>Isaac Bashevis Singer<\/strong> es el Premio Nobel de Literatura, autor de la novela <em><strong>El mago de Lublin<\/strong><\/em>. Es otra ciudad con historia, situada en la franja este de Polonia. Gracias a Singer, Lublin, y otras ciudades y pueblos de la regi\u00f3n hom\u00f3nima, a los lectores les suenan algunos nombres a trav\u00e9s de la lectura pero, durante el festival &#8222;<em><strong>Siguiendo las huellas de Singer<\/strong><\/em>&#8222;, los pueden conocer en persona. Este a\u00f1o se celebra su XIV edici\u00f3n. El protagonista de la novela, de alguna manera, tuvo algo que ver con el mundo de la magia y esta es la raz\u00f3n por la cual Lublin es la anfitriona del Festival o, mejor dicho, <strong><a href=\"https:\/\/carnavallublin.eu\/en\/the-polish-incident-2026\/\" target=\"_blank\" rel=\"noreferrer noopener\">Carnaval de los Magos<\/a><\/strong> del <strong>23 al 26 de agosto<\/strong> de 2026. \u00a0El casco antiguo se llena de malabaristas, gimnastas, color y m\u00fasica. Si para Lublin la novela es el pretexto de celebrarlo, para el viajero el Carnaval es una buena excusa para visitar la ciudad y la regi\u00f3n que esconde perlas arquitect\u00f3nicas y de naturaleza. <\/p>\n<\/div><\/div>\n\n\n\n<div style=\"height:100px\" aria-hidden=\"true\" class=\"wp-block-spacer is-style-spacer-small\"><\/div>\n\n\n\n<div class=\"wp-block-group is-style-container\"><div class=\"wp-block-group__inner-container is-layout-constrained wp-block-group-is-layout-constrained\"><div class=\"wp-block-image\">\n<figure class=\"aligncenter size-full\"><img loading=\"lazy\" decoding=\"async\" width=\"1170\" height=\"780\" src=\"https:\/\/www.polonia.travel\/es\/wp-content\/uploads\/sites\/18\/2023\/07\/carnaval_sztukmistrzow_2_1170.jpg\" alt=\"\" class=\"wp-image-28684\" style=\"aspect-ratio:3\/2;object-fit:cover\" srcset=\"https:\/\/www.polonia.travel\/es\/wp-content\/uploads\/sites\/18\/2023\/07\/carnaval_sztukmistrzow_2_1170.jpg 1170w, https:\/\/www.polonia.travel\/es\/wp-content\/uploads\/sites\/18\/2023\/07\/carnaval_sztukmistrzow_2_1170-600x400.jpg 600w, https:\/\/www.polonia.travel\/es\/wp-content\/uploads\/sites\/18\/2023\/07\/carnaval_sztukmistrzow_2_1170-768x512.jpg 768w\" sizes=\"auto, (max-width: 1170px) 100vw, 1170px\" \/><\/figure><\/div><\/div><\/div>\n\n\n\n<div style=\"height:100px\" aria-hidden=\"true\" class=\"wp-block-spacer is-style-spacer-medium\"><\/div>\n\n\n\n<div class=\"wp-block-group is-style-container-medium\"><div class=\"wp-block-group__inner-container is-layout-constrained wp-block-group-is-layout-constrained\">\n<h3 class=\"wp-block-heading\">Entre Eslavos y Vikingos<\/h3>\n\n\n\n<div style=\"height:100px\" aria-hidden=\"true\" class=\"wp-block-spacer is-style-spacer-small\"><\/div>\n\n\n\n<p>El <strong>Festival de Eslavos y Vikingos<\/strong> es una propuesta para los fans de las series sobre los vikingos: durante tres d\u00edas uno se sumerge en un mundo que reconstruye su estilo de vida, tradiciones y costumbres. El marco es inigualable: la <strong>Isla de Wolin<\/strong> se encuentra en el B\u00e1ltico en la franja oeste de Polonia. Planea el encuentro con eslavos y vikingos para el primer fin de semana de<strong> agosto<\/strong> (fechas concretas en breve). El aeropuerto m\u00e1s cercano se encuentra en <a href=\"https:\/\/www.polonia.travel\/es\/un-puerto-baltico-en-el-rio-odra\/\" target=\"_blank\" rel=\"noreferrer noopener\">Szczecin<\/a>, la capital de la regi\u00f3n Pomerania Occidental.<\/p>\n<\/div><\/div>\n\n\n\n<div style=\"height:100px\" aria-hidden=\"true\" class=\"wp-block-spacer is-style-spacer-small\"><\/div>\n\n\n\n<div class=\"wp-block-group is-style-container\"><div class=\"wp-block-group__inner-container is-layout-constrained wp-block-group-is-layout-constrained\"><div class=\"wp-block-image\">\n<figure class=\"aligncenter size-large\"><img loading=\"lazy\" decoding=\"async\" width=\"1200\" height=\"800\" src=\"https:\/\/www.polonia.travel\/es\/wp-content\/uploads\/sites\/18\/2024\/07\/8535_Wolin_Festiwal_slowian_i_wikingow-1200x800.jpg\" alt=\"\" class=\"wp-image-35656\" style=\"aspect-ratio:3\/2;object-fit:cover\" srcset=\"https:\/\/www.polonia.travel\/es\/wp-content\/uploads\/sites\/18\/2024\/07\/8535_Wolin_Festiwal_slowian_i_wikingow-1200x800.jpg 1200w, https:\/\/www.polonia.travel\/es\/wp-content\/uploads\/sites\/18\/2024\/07\/8535_Wolin_Festiwal_slowian_i_wikingow-600x400.jpg 600w, https:\/\/www.polonia.travel\/es\/wp-content\/uploads\/sites\/18\/2024\/07\/8535_Wolin_Festiwal_slowian_i_wikingow-768x512.jpg 768w, https:\/\/www.polonia.travel\/es\/wp-content\/uploads\/sites\/18\/2024\/07\/8535_Wolin_Festiwal_slowian_i_wikingow-1536x1024.jpg 1536w, https:\/\/www.polonia.travel\/es\/wp-content\/uploads\/sites\/18\/2024\/07\/8535_Wolin_Festiwal_slowian_i_wikingow-2048x1365.jpg 2048w, https:\/\/www.polonia.travel\/es\/wp-content\/uploads\/sites\/18\/2024\/07\/8535_Wolin_Festiwal_slowian_i_wikingow-1920x1280.jpg 1920w\" sizes=\"auto, (max-width: 1200px) 100vw, 1200px\" \/><\/figure><\/div><\/div><\/div>\n\n\n\n<div style=\"height:100px\" aria-hidden=\"true\" class=\"wp-block-spacer is-style-spacer-medium\"><\/div>\n\n\n\n<div class=\"wp-block-group is-style-container-medium\"><div class=\"wp-block-group__inner-container is-layout-constrained wp-block-group-is-layout-constrained\">\n<h3 class=\"wp-block-heading\">Espect\u00e1culos de Luz y Sonido<\/h3>\n<\/div><\/div>\n\n\n\n<div style=\"height:100px\" aria-hidden=\"true\" class=\"wp-block-spacer is-style-spacer-small\"><\/div>\n\n\n\n<div class=\"wp-block-group is-style-container-medium\"><div class=\"wp-block-group__inner-container is-layout-constrained wp-block-group-is-layout-constrained\">\n<p>La arquitectura g\u00f3tica adquiere otro aspecto bajo cientos de luces de diferentes (y a veces inesperadas) formas y colores. Eso s\u00ed, utilizando siempre las bombillas de bajo consumo. Viaja a <strong>Toru\u0144<\/strong>, perla arquitect\u00f3nica y Patrimonio de la Humanidad, para asistir al <strong>Bella Sky Festival<\/strong>, que se celebrar\u00e1 en<strong> agosto <\/strong>(fechas en breve). No te pierdas la visita del casco antiguo por la noche y de la casa natal de Nicol\u00e1s Cop\u00e9rnico durante el d\u00eda. En 2023, Polonia celebr\u00f3\u00a0<a href=\"https:\/\/www.polonia.travel\/es\/que-ver\/monumentos\/rutas-tematicas\/el-viaje-astral-de-copernico-por-tierras-de-polonia\">A\u00f1o de Cop\u00e9rnico<\/a>.\u00a0<\/p>\n<\/div><\/div>\n\n\n\n<div style=\"height:100px\" aria-hidden=\"true\" class=\"wp-block-spacer is-style-spacer-small\"><\/div>\n\n\n\n<div class=\"wp-block-group is-style-container\"><div class=\"wp-block-group__inner-container is-layout-constrained wp-block-group-is-layout-constrained\"><div class=\"wp-block-image\">\n<figure class=\"aligncenter size-full\"><img loading=\"lazy\" decoding=\"async\" width=\"1170\" height=\"780\" src=\"https:\/\/www.polonia.travel\/es\/wp-content\/uploads\/sites\/18\/2023\/07\/bella_skyway_fetival_1_1170.jpg\" alt=\"\" class=\"wp-image-28241\" style=\"aspect-ratio:3\/2;object-fit:cover\" srcset=\"https:\/\/www.polonia.travel\/es\/wp-content\/uploads\/sites\/18\/2023\/07\/bella_skyway_fetival_1_1170.jpg 1170w, https:\/\/www.polonia.travel\/es\/wp-content\/uploads\/sites\/18\/2023\/07\/bella_skyway_fetival_1_1170-600x400.jpg 600w, https:\/\/www.polonia.travel\/es\/wp-content\/uploads\/sites\/18\/2023\/07\/bella_skyway_fetival_1_1170-768x512.jpg 768w\" sizes=\"auto, (max-width: 1170px) 100vw, 1170px\" \/><\/figure><\/div><\/div><\/div>\n\n\n\n<div style=\"height:100px\" aria-hidden=\"true\" class=\"wp-block-spacer is-style-spacer-medium\"><\/div>\n\n\n\n<div class=\"wp-block-group is-style-container-medium\"><div class=\"wp-block-group__inner-container is-layout-constrained wp-block-group-is-layout-constrained\">\n<p>Otro evento destacado donde las luces toman el protagonismo es el<a href=\"https:\/\/lmf.com.pl\/en\/\" id=\"https:\/\/lmf.com.pl\/en\/\" target=\"_blank\" rel=\"noreferrer noopener\"> <strong>Light.Move.Festival<\/strong><\/a> en \u0141\u00f3d\u017a, la ciudad del cine. En 2026 se celebrar\u00e1 del <strong>25 al 27 de septiembre<\/strong>. Cada edici\u00f3n del festival, presente en la cartelera de la ciudad desde 2011, se centra en un tema concreto y el a\u00f1o pasado la tem\u00e1tica elegida fue la de &#8222;<em>regresos<\/em>&#8222;.<\/p>\n<\/div><\/div>\n\n\n\n<div style=\"height:100px\" aria-hidden=\"true\" class=\"wp-block-spacer is-style-spacer-small\"><\/div>\n\n\n\n<div class=\"wp-block-group is-style-container-medium\"><div class=\"wp-block-group__inner-container is-layout-constrained wp-block-group-is-layout-constrained\"><div class=\"wp-block-image\">\n<figure class=\"aligncenter size-large\"><img loading=\"lazy\" decoding=\"async\" width=\"1200\" height=\"800\" src=\"https:\/\/www.polonia.travel\/es\/wp-content\/uploads\/sites\/18\/2025\/05\/Plac-Wolnosci-podczas_LMF_9980_2014_fot.-Pawel-Augustyniak-1200x800.jpg\" alt=\"\" class=\"wp-image-38839\" style=\"aspect-ratio:3\/2;object-fit:cover\" srcset=\"https:\/\/www.polonia.travel\/es\/wp-content\/uploads\/sites\/18\/2025\/05\/Plac-Wolnosci-podczas_LMF_9980_2014_fot.-Pawel-Augustyniak-1200x800.jpg 1200w, https:\/\/www.polonia.travel\/es\/wp-content\/uploads\/sites\/18\/2025\/05\/Plac-Wolnosci-podczas_LMF_9980_2014_fot.-Pawel-Augustyniak-600x400.jpg 600w, https:\/\/www.polonia.travel\/es\/wp-content\/uploads\/sites\/18\/2025\/05\/Plac-Wolnosci-podczas_LMF_9980_2014_fot.-Pawel-Augustyniak-768x512.jpg 768w, https:\/\/www.polonia.travel\/es\/wp-content\/uploads\/sites\/18\/2025\/05\/Plac-Wolnosci-podczas_LMF_9980_2014_fot.-Pawel-Augustyniak-1536x1024.jpg 1536w, https:\/\/www.polonia.travel\/es\/wp-content\/uploads\/sites\/18\/2025\/05\/Plac-Wolnosci-podczas_LMF_9980_2014_fot.-Pawel-Augustyniak-2048x1365.jpg 2048w, https:\/\/www.polonia.travel\/es\/wp-content\/uploads\/sites\/18\/2025\/05\/Plac-Wolnosci-podczas_LMF_9980_2014_fot.-Pawel-Augustyniak-1920x1280.jpg 1920w\" sizes=\"auto, (max-width: 1200px) 100vw, 1200px\" \/><\/figure><\/div><\/div><\/div>\n\n\n\n<div style=\"height:100px\" aria-hidden=\"true\" class=\"wp-block-spacer is-style-spacer-medium\"><\/div>\n\n\n\n<div class=\"wp-block-group has-background\" style=\"background-color:#eeeeee\"><div class=\"wp-block-group__inner-container is-layout-constrained wp-block-group-is-layout-constrained\">\n<div style=\"height:100px\" aria-hidden=\"true\" class=\"wp-block-spacer is-style-spacer-small\"><\/div>\n\n\n\n<div class=\"wp-block-group is-style-container\"><div class=\"wp-block-group__inner-container is-layout-constrained wp-block-group-is-layout-constrained\">\n<h3 class=\"wp-block-heading\">Lee m\u00e1s art\u00edculos<\/h3>\n\n\n\n<div style=\"height:100px\" aria-hidden=\"true\" class=\"wp-block-spacer is-style-spacer-small\"><\/div>\n\n\n<div class=\"overflow\">\n  <div class=\"post-slider swiper post-slider--small\" data-schema=\"small\">\n\n    <div class=\"swiper-wrapper\">\n              <div class=\"swiper-slide post-slide\">\n                      <a href=\"https:\/\/www.polonia.travel\/es\/5-ideas-de-souvenirs-originales-de-polonia\/\" class=\"post-box post-box--small\" style=\" background-image: url(https:\/\/www.polonia.travel\/es\/wp-content\/uploads\/sites\/18\/2024\/08\/DSC_3289_00001_Gdansk_Jarmark-Bozonarodzeniowy-600x450.jpg);\">\n          <div class=\"post-box__hover\" style=\"background-image: url(https:\/\/www.polonia.travel\/es\/wp-content\/uploads\/sites\/18\/2024\/04\/22.1-Bursztyn-mniejsze-540x354-1.jpg);\"><\/div>\n        <div class=\"post-box__info\">\n            <div class=\"post-box__title\">5 ideas de souvenirs originales de Polonia<\/div>\n      <div class=\"post-box__more\">Leer m\u00e1s<\/div>\n    <\/div>\n  <\/a>\n\n          <\/div>\n          <\/div>\n    <div class=\"post-slider__pagination\"><\/div>\n  <\/div>\n<\/div>\n<\/div><\/div>\n\n\n\n<div style=\"height:100px\" aria-hidden=\"true\" class=\"wp-block-spacer is-style-spacer-small\"><\/div>\n<\/div><\/div>\n","protected":false},"excerpt":{"rendered":"<p>Entre vikingos y los festivales de luz Teniendo en cuenta la historia milenaria de Polonia, varias culturas han dejado aqu\u00ed su huella. Estas tradiciones, siguen vivas gracias a los festivales tem\u00e1ticos que se celebran cada a\u00f1o, basados en eventos hist\u00f3ricos o incluso literarios de \u00e9pocas anteriores. A continuaci\u00f3n, te dejamos una propuesta de acontecimientos originales [&hellip;]<\/p>\n","protected":false},"author":4,"featured_media":35657,"comment_status":"open","ping_status":"open","sticky":false,"template":"","format":"standard","meta":{"_acf_changed":false,"footnotes":""},"categories":[1053,1217],"class_list":["post-34292","post","type-post","status-publish","format-standard","has-post-thumbnail","hentry","category-inspirations","category-turismo-cultural-y-urbano"],"acf":[],"yoast_head":"<!-- This site is optimized with the Yoast SEO plugin v27.4 - https:\/\/yoast.com\/product\/yoast-seo-wordpress\/ -->\n<title>Entre vikingos y los festivales de luz - Polonia Travel (ES)<\/title>\n<meta name=\"robots\" content=\"index, follow, max-snippet:-1, max-image-preview:large, max-video-preview:-1\" \/>\n<link rel=\"canonical\" href=\"https:\/\/www.polonia.travel\/es\/entre-vikingos-y-los-festivales-de-luz\/\" \/>\n<meta property=\"og:locale\" content=\"pl_PL\" \/>\n<meta property=\"og:type\" content=\"article\" \/>\n<meta property=\"og:title\" content=\"Entre vikingos y los festivales de luz - Polonia Travel (ES)\" \/>\n<meta property=\"og:description\" content=\"Entre vikingos y los festivales de luz Teniendo en cuenta la historia milenaria de Polonia, varias culturas han dejado aqu\u00ed su huella. Estas tradiciones, siguen vivas gracias a los festivales tem\u00e1ticos que se celebran cada a\u00f1o, basados en eventos hist\u00f3ricos o incluso literarios de \u00e9pocas anteriores. A continuaci\u00f3n, te dejamos una propuesta de acontecimientos originales [&hellip;]\" \/>\n<meta property=\"og:url\" content=\"https:\/\/www.polonia.travel\/es\/entre-vikingos-y-los-festivales-de-luz\/\" \/>\n<meta property=\"og:site_name\" content=\"Polonia Travel (ES)\" \/>\n<meta property=\"article:published_time\" content=\"2026-03-05T14:15:07+00:00\" \/>\n<meta property=\"article:modified_time\" content=\"2026-03-05T14:16:07+00:00\" \/>\n<meta property=\"og:image\" content=\"https:\/\/www.polonia.travel\/es\/wp-content\/uploads\/sites\/18\/2024\/07\/Mercado-de-Santo-Domingo-en-Gdansk-long-scaled.jpg\" \/>\n\t<meta property=\"og:image:width\" content=\"2560\" \/>\n\t<meta property=\"og:image:height\" content=\"918\" \/>\n\t<meta property=\"og:image:type\" content=\"image\/jpeg\" \/>\n<meta name=\"author\" content=\"paulinaskoczen\" \/>\n<meta name=\"twitter:card\" content=\"summary_large_image\" \/>\n<meta name=\"twitter:label1\" content=\"Napisane przez\" \/>\n\t<meta name=\"twitter:data1\" content=\"paulinaskoczen\" \/>\n\t<meta name=\"twitter:label2\" content=\"Szacowany czas czytania\" \/>\n\t<meta name=\"twitter:data2\" content=\"8 minut\" \/>\n<script type=\"application\/ld+json\" class=\"yoast-schema-graph\">{\"@context\":\"https:\\\/\\\/schema.org\",\"@graph\":[{\"@type\":\"Article\",\"@id\":\"https:\\\/\\\/www.polonia.travel\\\/es\\\/entre-vikingos-y-los-festivales-de-luz\\\/#article\",\"isPartOf\":{\"@id\":\"https:\\\/\\\/www.polonia.travel\\\/es\\\/entre-vikingos-y-los-festivales-de-luz\\\/\"},\"author\":{\"name\":\"paulinaskoczen\",\"@id\":\"https:\\\/\\\/www.polonia.travel\\\/es\\\/#\\\/schema\\\/person\\\/a7e7220cbf656ec08ed713e97c7c1c85\"},\"headline\":\"Entre vikingos y los festivales de luz\",\"datePublished\":\"2026-03-05T14:15:07+00:00\",\"dateModified\":\"2026-03-05T14:16:07+00:00\",\"mainEntityOfPage\":{\"@id\":\"https:\\\/\\\/www.polonia.travel\\\/es\\\/entre-vikingos-y-los-festivales-de-luz\\\/\"},\"wordCount\":976,\"commentCount\":0,\"publisher\":{\"@id\":\"https:\\\/\\\/www.polonia.travel\\\/es\\\/#organization\"},\"image\":{\"@id\":\"https:\\\/\\\/www.polonia.travel\\\/es\\\/entre-vikingos-y-los-festivales-de-luz\\\/#primaryimage\"},\"thumbnailUrl\":\"https:\\\/\\\/www.polonia.travel\\\/es\\\/wp-content\\\/uploads\\\/sites\\\/18\\\/2024\\\/07\\\/Mercado-de-Santo-Domingo-en-Gdansk-long-scaled.jpg\",\"articleSection\":[\"Ideas y propuestas\",\"Turismo cultural y urbano\"],\"inLanguage\":\"pl-PL\"},{\"@type\":\"WebPage\",\"@id\":\"https:\\\/\\\/www.polonia.travel\\\/es\\\/entre-vikingos-y-los-festivales-de-luz\\\/\",\"url\":\"https:\\\/\\\/www.polonia.travel\\\/es\\\/entre-vikingos-y-los-festivales-de-luz\\\/\",\"name\":\"Entre vikingos y los festivales de luz - Polonia Travel (ES)\",\"isPartOf\":{\"@id\":\"https:\\\/\\\/www.polonia.travel\\\/es\\\/#website\"},\"primaryImageOfPage\":{\"@id\":\"https:\\\/\\\/www.polonia.travel\\\/es\\\/entre-vikingos-y-los-festivales-de-luz\\\/#primaryimage\"},\"image\":{\"@id\":\"https:\\\/\\\/www.polonia.travel\\\/es\\\/entre-vikingos-y-los-festivales-de-luz\\\/#primaryimage\"},\"thumbnailUrl\":\"https:\\\/\\\/www.polonia.travel\\\/es\\\/wp-content\\\/uploads\\\/sites\\\/18\\\/2024\\\/07\\\/Mercado-de-Santo-Domingo-en-Gdansk-long-scaled.jpg\",\"datePublished\":\"2026-03-05T14:15:07+00:00\",\"dateModified\":\"2026-03-05T14:16:07+00:00\",\"breadcrumb\":{\"@id\":\"https:\\\/\\\/www.polonia.travel\\\/es\\\/entre-vikingos-y-los-festivales-de-luz\\\/#breadcrumb\"},\"inLanguage\":\"pl-PL\",\"potentialAction\":[{\"@type\":\"ReadAction\",\"target\":[\"https:\\\/\\\/www.polonia.travel\\\/es\\\/entre-vikingos-y-los-festivales-de-luz\\\/\"]}]},{\"@type\":\"ImageObject\",\"inLanguage\":\"pl-PL\",\"@id\":\"https:\\\/\\\/www.polonia.travel\\\/es\\\/entre-vikingos-y-los-festivales-de-luz\\\/#primaryimage\",\"url\":\"https:\\\/\\\/www.polonia.travel\\\/es\\\/wp-content\\\/uploads\\\/sites\\\/18\\\/2024\\\/07\\\/Mercado-de-Santo-Domingo-en-Gdansk-long-scaled.jpg\",\"contentUrl\":\"https:\\\/\\\/www.polonia.travel\\\/es\\\/wp-content\\\/uploads\\\/sites\\\/18\\\/2024\\\/07\\\/Mercado-de-Santo-Domingo-en-Gdansk-long-scaled.jpg\",\"width\":2560,\"height\":918},{\"@type\":\"BreadcrumbList\",\"@id\":\"https:\\\/\\\/www.polonia.travel\\\/es\\\/entre-vikingos-y-los-festivales-de-luz\\\/#breadcrumb\",\"itemListElement\":[{\"@type\":\"ListItem\",\"position\":1,\"name\":\"Home page\",\"item\":\"https:\\\/\\\/www.polonia.travel\\\/es\\\/\"},{\"@type\":\"ListItem\",\"position\":2,\"name\":\"Inspiraciones de viaje\",\"item\":\"https:\\\/\\\/www.polonia.travel\\\/es\\\/category\\\/inspiraciones-de-viaje\\\/\"},{\"@type\":\"ListItem\",\"position\":3,\"name\":\"Ideas y propuestas\",\"item\":\"https:\\\/\\\/www.polonia.travel\\\/es\\\/category\\\/inspiraciones-de-viaje\\\/inspirations\\\/\"},{\"@type\":\"ListItem\",\"position\":4,\"name\":\"Entre vikingos y los festivales de luz\"}]},{\"@type\":\"WebSite\",\"@id\":\"https:\\\/\\\/www.polonia.travel\\\/es\\\/#website\",\"url\":\"https:\\\/\\\/www.polonia.travel\\\/es\\\/\",\"name\":\"Polonia Travel (ES)\",\"description\":\"...\",\"publisher\":{\"@id\":\"https:\\\/\\\/www.polonia.travel\\\/es\\\/#organization\"},\"potentialAction\":[{\"@type\":\"SearchAction\",\"target\":{\"@type\":\"EntryPoint\",\"urlTemplate\":\"https:\\\/\\\/www.polonia.travel\\\/es\\\/?s={search_term_string}\"},\"query-input\":{\"@type\":\"PropertyValueSpecification\",\"valueRequired\":true,\"valueName\":\"search_term_string\"}}],\"inLanguage\":\"pl-PL\"},{\"@type\":\"Organization\",\"@id\":\"https:\\\/\\\/www.polonia.travel\\\/es\\\/#organization\",\"name\":\"Polonia Travel (ES)\",\"url\":\"https:\\\/\\\/www.polonia.travel\\\/es\\\/\",\"logo\":{\"@type\":\"ImageObject\",\"inLanguage\":\"pl-PL\",\"@id\":\"https:\\\/\\\/www.polonia.travel\\\/es\\\/#\\\/schema\\\/logo\\\/image\\\/\",\"url\":\"\",\"contentUrl\":\"\",\"caption\":\"Polonia Travel (ES)\"},\"image\":{\"@id\":\"https:\\\/\\\/www.polonia.travel\\\/es\\\/#\\\/schema\\\/logo\\\/image\\\/\"}},{\"@type\":\"Person\",\"@id\":\"https:\\\/\\\/www.polonia.travel\\\/es\\\/#\\\/schema\\\/person\\\/a7e7220cbf656ec08ed713e97c7c1c85\",\"name\":\"paulinaskoczen\",\"image\":{\"@type\":\"ImageObject\",\"inLanguage\":\"pl-PL\",\"@id\":\"https:\\\/\\\/secure.gravatar.com\\\/avatar\\\/0e1d86345b101a3a9405065a92e055ee3c308177859477bf8efeee50099c0d45?s=96&d=mm&r=g\",\"url\":\"https:\\\/\\\/secure.gravatar.com\\\/avatar\\\/0e1d86345b101a3a9405065a92e055ee3c308177859477bf8efeee50099c0d45?s=96&d=mm&r=g\",\"contentUrl\":\"https:\\\/\\\/secure.gravatar.com\\\/avatar\\\/0e1d86345b101a3a9405065a92e055ee3c308177859477bf8efeee50099c0d45?s=96&d=mm&r=g\",\"caption\":\"paulinaskoczen\"}}]}<\/script>\n<!-- \/ Yoast SEO plugin. -->","yoast_head_json":{"title":"Entre vikingos y los festivales de luz - Polonia Travel (ES)","robots":{"index":"index","follow":"follow","max-snippet":"max-snippet:-1","max-image-preview":"max-image-preview:large","max-video-preview":"max-video-preview:-1"},"canonical":"https:\/\/www.polonia.travel\/es\/entre-vikingos-y-los-festivales-de-luz\/","og_locale":"pl_PL","og_type":"article","og_title":"Entre vikingos y los festivales de luz - Polonia Travel (ES)","og_description":"Entre vikingos y los festivales de luz Teniendo en cuenta la historia milenaria de Polonia, varias culturas han dejado aqu\u00ed su huella. Estas tradiciones, siguen vivas gracias a los festivales tem\u00e1ticos que se celebran cada a\u00f1o, basados en eventos hist\u00f3ricos o incluso literarios de \u00e9pocas anteriores. A continuaci\u00f3n, te dejamos una propuesta de acontecimientos originales [&hellip;]","og_url":"https:\/\/www.polonia.travel\/es\/entre-vikingos-y-los-festivales-de-luz\/","og_site_name":"Polonia Travel (ES)","article_published_time":"2026-03-05T14:15:07+00:00","article_modified_time":"2026-03-05T14:16:07+00:00","og_image":[{"width":2560,"height":918,"url":"https:\/\/www.polonia.travel\/es\/wp-content\/uploads\/sites\/18\/2024\/07\/Mercado-de-Santo-Domingo-en-Gdansk-long-scaled.jpg","type":"image\/jpeg"}],"author":"paulinaskoczen","twitter_card":"summary_large_image","twitter_misc":{"Napisane przez":"paulinaskoczen","Szacowany czas czytania":"8 minut"},"schema":{"@context":"https:\/\/schema.org","@graph":[{"@type":"Article","@id":"https:\/\/www.polonia.travel\/es\/entre-vikingos-y-los-festivales-de-luz\/#article","isPartOf":{"@id":"https:\/\/www.polonia.travel\/es\/entre-vikingos-y-los-festivales-de-luz\/"},"author":{"name":"paulinaskoczen","@id":"https:\/\/www.polonia.travel\/es\/#\/schema\/person\/a7e7220cbf656ec08ed713e97c7c1c85"},"headline":"Entre vikingos y los festivales de luz","datePublished":"2026-03-05T14:15:07+00:00","dateModified":"2026-03-05T14:16:07+00:00","mainEntityOfPage":{"@id":"https:\/\/www.polonia.travel\/es\/entre-vikingos-y-los-festivales-de-luz\/"},"wordCount":976,"commentCount":0,"publisher":{"@id":"https:\/\/www.polonia.travel\/es\/#organization"},"image":{"@id":"https:\/\/www.polonia.travel\/es\/entre-vikingos-y-los-festivales-de-luz\/#primaryimage"},"thumbnailUrl":"https:\/\/www.polonia.travel\/es\/wp-content\/uploads\/sites\/18\/2024\/07\/Mercado-de-Santo-Domingo-en-Gdansk-long-scaled.jpg","articleSection":["Ideas y propuestas","Turismo cultural y urbano"],"inLanguage":"pl-PL"},{"@type":"WebPage","@id":"https:\/\/www.polonia.travel\/es\/entre-vikingos-y-los-festivales-de-luz\/","url":"https:\/\/www.polonia.travel\/es\/entre-vikingos-y-los-festivales-de-luz\/","name":"Entre vikingos y los festivales de luz - Polonia Travel (ES)","isPartOf":{"@id":"https:\/\/www.polonia.travel\/es\/#website"},"primaryImageOfPage":{"@id":"https:\/\/www.polonia.travel\/es\/entre-vikingos-y-los-festivales-de-luz\/#primaryimage"},"image":{"@id":"https:\/\/www.polonia.travel\/es\/entre-vikingos-y-los-festivales-de-luz\/#primaryimage"},"thumbnailUrl":"https:\/\/www.polonia.travel\/es\/wp-content\/uploads\/sites\/18\/2024\/07\/Mercado-de-Santo-Domingo-en-Gdansk-long-scaled.jpg","datePublished":"2026-03-05T14:15:07+00:00","dateModified":"2026-03-05T14:16:07+00:00","breadcrumb":{"@id":"https:\/\/www.polonia.travel\/es\/entre-vikingos-y-los-festivales-de-luz\/#breadcrumb"},"inLanguage":"pl-PL","potentialAction":[{"@type":"ReadAction","target":["https:\/\/www.polonia.travel\/es\/entre-vikingos-y-los-festivales-de-luz\/"]}]},{"@type":"ImageObject","inLanguage":"pl-PL","@id":"https:\/\/www.polonia.travel\/es\/entre-vikingos-y-los-festivales-de-luz\/#primaryimage","url":"https:\/\/www.polonia.travel\/es\/wp-content\/uploads\/sites\/18\/2024\/07\/Mercado-de-Santo-Domingo-en-Gdansk-long-scaled.jpg","contentUrl":"https:\/\/www.polonia.travel\/es\/wp-content\/uploads\/sites\/18\/2024\/07\/Mercado-de-Santo-Domingo-en-Gdansk-long-scaled.jpg","width":2560,"height":918},{"@type":"BreadcrumbList","@id":"https:\/\/www.polonia.travel\/es\/entre-vikingos-y-los-festivales-de-luz\/#breadcrumb","itemListElement":[{"@type":"ListItem","position":1,"name":"Home page","item":"https:\/\/www.polonia.travel\/es\/"},{"@type":"ListItem","position":2,"name":"Inspiraciones de viaje","item":"https:\/\/www.polonia.travel\/es\/category\/inspiraciones-de-viaje\/"},{"@type":"ListItem","position":3,"name":"Ideas y propuestas","item":"https:\/\/www.polonia.travel\/es\/category\/inspiraciones-de-viaje\/inspirations\/"},{"@type":"ListItem","position":4,"name":"Entre vikingos y los festivales de luz"}]},{"@type":"WebSite","@id":"https:\/\/www.polonia.travel\/es\/#website","url":"https:\/\/www.polonia.travel\/es\/","name":"Polonia Travel (ES)","description":"...","publisher":{"@id":"https:\/\/www.polonia.travel\/es\/#organization"},"potentialAction":[{"@type":"SearchAction","target":{"@type":"EntryPoint","urlTemplate":"https:\/\/www.polonia.travel\/es\/?s={search_term_string}"},"query-input":{"@type":"PropertyValueSpecification","valueRequired":true,"valueName":"search_term_string"}}],"inLanguage":"pl-PL"},{"@type":"Organization","@id":"https:\/\/www.polonia.travel\/es\/#organization","name":"Polonia Travel (ES)","url":"https:\/\/www.polonia.travel\/es\/","logo":{"@type":"ImageObject","inLanguage":"pl-PL","@id":"https:\/\/www.polonia.travel\/es\/#\/schema\/logo\/image\/","url":"","contentUrl":"","caption":"Polonia Travel (ES)"},"image":{"@id":"https:\/\/www.polonia.travel\/es\/#\/schema\/logo\/image\/"}},{"@type":"Person","@id":"https:\/\/www.polonia.travel\/es\/#\/schema\/person\/a7e7220cbf656ec08ed713e97c7c1c85","name":"paulinaskoczen","image":{"@type":"ImageObject","inLanguage":"pl-PL","@id":"https:\/\/secure.gravatar.com\/avatar\/0e1d86345b101a3a9405065a92e055ee3c308177859477bf8efeee50099c0d45?s=96&d=mm&r=g","url":"https:\/\/secure.gravatar.com\/avatar\/0e1d86345b101a3a9405065a92e055ee3c308177859477bf8efeee50099c0d45?s=96&d=mm&r=g","contentUrl":"https:\/\/secure.gravatar.com\/avatar\/0e1d86345b101a3a9405065a92e055ee3c308177859477bf8efeee50099c0d45?s=96&d=mm&r=g","caption":"paulinaskoczen"}}]}},"_links":{"self":[{"href":"https:\/\/www.polonia.travel\/es\/wp-json\/wp\/v2\/posts\/34292","targetHints":{"allow":["GET"]}}],"collection":[{"href":"https:\/\/www.polonia.travel\/es\/wp-json\/wp\/v2\/posts"}],"about":[{"href":"https:\/\/www.polonia.travel\/es\/wp-json\/wp\/v2\/types\/post"}],"author":[{"embeddable":true,"href":"https:\/\/www.polonia.travel\/es\/wp-json\/wp\/v2\/users\/4"}],"replies":[{"embeddable":true,"href":"https:\/\/www.polonia.travel\/es\/wp-json\/wp\/v2\/comments?post=34292"}],"version-history":[{"count":6,"href":"https:\/\/www.polonia.travel\/es\/wp-json\/wp\/v2\/posts\/34292\/revisions"}],"predecessor-version":[{"id":38842,"href":"https:\/\/www.polonia.travel\/es\/wp-json\/wp\/v2\/posts\/34292\/revisions\/38842"}],"wp:featuredmedia":[{"embeddable":true,"href":"https:\/\/www.polonia.travel\/es\/wp-json\/wp\/v2\/media\/35657"}],"wp:attachment":[{"href":"https:\/\/www.polonia.travel\/es\/wp-json\/wp\/v2\/media?parent=34292"}],"wp:term":[{"taxonomy":"category","embeddable":true,"href":"https:\/\/www.polonia.travel\/es\/wp-json\/wp\/v2\/categories?post=34292"}],"curies":[{"name":"wp","href":"https:\/\/api.w.org\/{rel}","templated":true}]}}