{"id":31493,"date":"2024-07-26T10:56:15","date_gmt":"2024-07-26T08:56:15","guid":{"rendered":"https:\/\/wp-es.poland.travel\/?p=31493"},"modified":"2025-01-16T16:54:10","modified_gmt":"2025-01-16T15:54:10","slug":"polonia-en-5-8-y-11-dias","status":"publish","type":"post","link":"https:\/\/www.polonia.travel\/es\/polonia-en-5-8-y-11-dias\/","title":{"rendered":"Encuentra tu viaje"},"content":{"rendered":"\n<div class=\"wp-block-group is-style-container-medium\"><div class=\"wp-block-group__inner-container is-layout-constrained wp-block-group-is-layout-constrained\">\n<h2 class=\"wp-block-heading\">Encuentra tu viaje<\/h2>\n\n\n\n<div style=\"height:100px\" aria-hidden=\"true\" class=\"wp-block-spacer is-style-spacer-small\"><\/div>\n\n\n\n<h3 class=\"wp-block-heading\"><strong>Polonia en 5, 8 y 11 d\u00edas<\/strong><\/h3>\n\n\n\n<p>\u00bfCu\u00e1ntos d\u00edas se necesita para conocer Polonia? \u00bf5, 8, o m\u00e1s? \u00bfQu\u00e9 ciudades elegir? \u00bfVarsovia o Cracovia? \u00bfY si quiero incluir tambi\u00e9n alg\u00fan espacio natural?<\/p>\n\n\n\n<p>La propuesta de viajes a Polonia ofrecida por las agencias de viaje en Espa\u00f1a es cada vez m\u00e1s amplia. Junto con los tradicionales circuitos y escapadas, hay programas de turismo activo y las agencias de viaje independientes pueden preparar un programa a medida.<\/p>\n\n\n\n<p>En este art\u00edculo te contamos cu\u00e1l es el mejor programa para realizar un viaje a Polonia dependiendo de los d\u00edas que tengas. Tambi\u00e9n hemos actualizado el listado de los turoperadores y agencias de viaje independientes indicando los tipos de programa que ofrecen en Polonia.<\/p>\n<\/div><\/div>\n\n\n\n<div style=\"height:100px\" aria-hidden=\"true\" class=\"wp-block-spacer is-style-spacer-small\"><\/div>\n\n\n\n<div class=\"wp-block-group is-style-container\"><div class=\"wp-block-group__inner-container is-layout-constrained wp-block-group-is-layout-constrained\"><div class=\"wp-block-image\">\n<figure class=\"aligncenter size-full\"><img loading=\"lazy\" decoding=\"async\" width=\"1170\" height=\"680\" src=\"https:\/\/www.polonia.travel\/es\/wp-content\/uploads\/sites\/18\/2023\/08\/10_lato23.jpeg\" alt=\"\" class=\"wp-image-30143\" srcset=\"https:\/\/www.polonia.travel\/es\/wp-content\/uploads\/sites\/18\/2023\/08\/10_lato23.jpeg 1170w, https:\/\/www.polonia.travel\/es\/wp-content\/uploads\/sites\/18\/2023\/08\/10_lato23-600x349.jpeg 600w, https:\/\/www.polonia.travel\/es\/wp-content\/uploads\/sites\/18\/2023\/08\/10_lato23-768x446.jpeg 768w\" sizes=\"auto, (max-width: 1170px) 100vw, 1170px\" \/><figcaption class=\"wp-element-caption\">Skyline de Varsovia<\/figcaption><\/figure><\/div><\/div><\/div>\n\n\n\n<div style=\"height:100px\" aria-hidden=\"true\" class=\"wp-block-spacer is-style-spacer-small\"><\/div>\n\n\n\n<div class=\"wp-block-group is-style-container-medium\"><div class=\"wp-block-group__inner-container is-layout-constrained wp-block-group-is-layout-constrained\">\n<p><strong>Polonia en 5 d\u00edas<\/strong><\/p>\n\n\n\n<p>Es dif\u00edcil conocer un pa\u00eds entero en tan solo 5 d\u00edas y Polonia no es ninguna excepci\u00f3n al respecto. Sin embargo, una estancia de 5 d\u00edas permite obtener una idea general y la primera toma de contacto con el destino.<\/p>\n\n\n\n<div style=\"height:100px\" aria-hidden=\"true\" class=\"wp-block-spacer is-style-spacer-small\"><\/div>\n\n\n\n<ul class=\"wp-block-list\">\n<li>Varsovia y Cracovia<\/li>\n<\/ul>\n\n\n\n<p>Un viaje para visitar dos capitales, la actual y la antigua, para tener una visi\u00f3n m\u00e1s amplia del pa\u00eds. Ambas, escenario de conocidas pel\u00edculas, El Pianista y La Lista de Schindler. Muy diferentes entre s\u00ed como lo es su historia.<\/p>\n\n\n\n<p>Dos d\u00edas y medio en cada una de las ciudades dan para visitar los lugares m\u00e1s importantes. En Varsovia: El Casco Antiguo, la Ruta Real, Praga- el barrio h\u00edpster, el Palacio de la Cultura y de la Ciencia y algunos de los museos m\u00e1s destacados. En Cracovia, adem\u00e1s de los monumentos hist\u00f3ricos (la ciudad antigua, el castillo y el barrio jud\u00edo), visita a La Mina de Sal Wieliczka y\/o el Antiguo Campo de Concentraci\u00f3n nazi Auschwitz-Birkenau.<\/p>\n\n\n\n<div style=\"height:100px\" aria-hidden=\"true\" class=\"wp-block-spacer is-style-spacer-small\"><\/div>\n\n\n\n<ul class=\"wp-block-list\">\n<li>Varsovia y Gda\u0144sk<\/li>\n<\/ul>\n\n\n\n<p>Una buena propuesta para viajeros que ya conocen Cracovia y desean conocer otras partes de Polonia, pero no disponen de mucho tiempo.<\/p>\n\n\n\n<p>Las dos ciudades est\u00e1n bien comunicadas para viajar en tren (2 h y media en tren r\u00e1pido EIC o IC). La estancia en la costa B\u00e1ltica de 2 d\u00edas permite conocer la ciudad hist\u00f3rica de Gda\u0144sk, dar un paseo por la ciudad balneario de Sopot y visitar el Castillo de Malbork (en tren r\u00e1pido, 25 minutos de viaje).<\/p>\n\n\n\n<div style=\"height:100px\" aria-hidden=\"true\" class=\"wp-block-spacer is-style-spacer-small\"><\/div>\n\n\n\n<ul class=\"wp-block-list\">\n<li>Varsovia y el Parque Nacional de Bia\u0142owie\u017ca<\/li>\n<\/ul>\n\n\n\n<p>Un viaje ideal para los amantes de la naturaleza, que tampoco quieren prescindir del turismo urbano. El programa es especialmente recomendable fuera de la temporada (noviembre \u2013 marzo), cuando la probabilidad de ver a los bisontes en su h\u00e1bitat natural de la reserva de Bia\u0142owie\u017ca. Perfecto para los amantes de la fotograf\u00eda.<\/p>\n\n\n\n<p>Recomendado viajar en coche de alquiler y quedarse por lo menos una noche en Bia\u0142owie\u017ca o Hajn\u00f3wka.<\/p>\n\n\n\n<p>Para visitar la reserva estricta del parque, hay que reservar (hay gu\u00edas hispanoparlantes).<\/p>\n\n\n\n<div style=\"height:100px\" aria-hidden=\"true\" class=\"wp-block-spacer is-style-spacer-small\"><\/div>\n\n\n\n<ul class=\"wp-block-list\">\n<li>Cracovia y la regi\u00f3n de Ma\u0142opolska (Polonia Menor)<\/li>\n<\/ul>\n\n\n\n<p>Otra opci\u00f3n de turismo urbano y de naturaleza: Cracovia con todos sus monumentos m\u00e1s importantes y los encantos de la regi\u00f3n de Ma\u0142opolska. Adem\u00e1s de las cl\u00e1sicas excursiones (las Minas de Sal de Wieliczka y Auschwitz), la escapada a Zakopane y a los montes Tatra o la ruta de la arquitectura de madera, permitir\u00e1n conocer algo diferente de la zona de Cracovia y disfrutar de un entorno m\u00e1s tranquilo. Dentro de la ruta de la arquitectura de madera, 8 iglesias Patrimonio de la Humanidad. Recomendado visitarlas a su aire alquilando un coche.<\/p>\n<\/div><\/div>\n\n\n\n<div style=\"height:100px\" aria-hidden=\"true\" class=\"wp-block-spacer is-style-spacer-small\"><\/div>\n\n\n\n<div class=\"wp-block-group is-style-container\"><div class=\"wp-block-group__inner-container is-layout-constrained wp-block-group-is-layout-constrained\">\n<div class=\"wp-block-group is-style-container-medium\"><div class=\"wp-block-group__inner-container is-layout-constrained wp-block-group-is-layout-constrained\"><div class=\"wp-block-image\">\n<figure class=\"aligncenter size-large\"><img loading=\"lazy\" decoding=\"async\" width=\"1200\" height=\"800\" src=\"https:\/\/www.polonia.travel\/es\/wp-content\/uploads\/sites\/18\/2024\/04\/Poznan_kamieniczki-1-1200x800.jpg\" alt=\"\" class=\"wp-image-33290\" srcset=\"https:\/\/www.polonia.travel\/es\/wp-content\/uploads\/sites\/18\/2024\/04\/Poznan_kamieniczki-1-1200x800.jpg 1200w, https:\/\/www.polonia.travel\/es\/wp-content\/uploads\/sites\/18\/2024\/04\/Poznan_kamieniczki-1-600x400.jpg 600w, https:\/\/www.polonia.travel\/es\/wp-content\/uploads\/sites\/18\/2024\/04\/Poznan_kamieniczki-1-768x512.jpg 768w, https:\/\/www.polonia.travel\/es\/wp-content\/uploads\/sites\/18\/2024\/04\/Poznan_kamieniczki-1.jpg 1536w\" sizes=\"auto, (max-width: 1200px) 100vw, 1200px\" \/><figcaption class=\"wp-element-caption\">Casco Antiguo de Pozna\u0144<\/figcaption><\/figure><\/div><\/div><\/div>\n<\/div><\/div>\n\n\n\n<div style=\"height:100px\" aria-hidden=\"true\" class=\"wp-block-spacer is-style-spacer-small\"><\/div>\n\n\n\n<div class=\"wp-block-group is-style-container-medium\"><div class=\"wp-block-group__inner-container is-layout-constrained wp-block-group-is-layout-constrained\">\n<p><strong>Polonia en 8 d\u00edas<\/strong><\/p>\n\n\n\n<ul class=\"wp-block-list\">\n<li>Polonia cl\u00e1sica<\/li>\n<\/ul>\n\n\n\n<p>Un viaje completo por algunas de las ciudades m\u00e1s grandes, con excursiones facultativas a los sitios y a los monumentos cercanos.<\/p>\n\n\n\n<p>Ciudades que incluye el programa: Varsovia, Cracovia, Wroc\u0142aw, Pozna\u0144.<\/p>\n\n\n\n<div style=\"height:100px\" aria-hidden=\"true\" class=\"wp-block-spacer is-style-spacer-small\"><\/div>\n\n\n\n<ul class=\"wp-block-list\">\n<li>Contrastes de Polonia<\/li>\n<\/ul>\n\n\n\n<p>Viaje del norte al sur de Polonia, visitando tanto los destinos cl\u00e1sicos como las urbes menos conocidas.<\/p>\n\n\n\n<p class=\"is-style-default\">Ciudades que incluye el programa: Varsovia, Gda\u0144sk, Malbork, Toru\u0144, \u0141\u00f3d\u017a, Cz\u0119stochowa (lugar de culto mariano), Cracovia.<\/p>\n\n\n\n<div style=\"height:100px\" aria-hidden=\"true\" class=\"wp-block-spacer is-style-spacer-small\"><\/div>\n\n\n\n<ul class=\"wp-block-list\">\n<li>Ruta de Juan Pablo II<\/li>\n<\/ul>\n\n\n\n<p>Ruta de Juan Pablo II \u2013 este programa permite descubrir lugares relacionados con el papa polaco (entre los viajes de peregrinaci\u00f3n m\u00e1s populares en Polonia).<\/p>\n\n\n\n<p>Ciudades y lugares que incluye el programa: Varsovia, Cz\u0119stochowa, Cracovia, \u0141agiewniki, Auschwitz, Wadowice (ciudad natal del papa), Zakopane + algunos santuarios, c\u00f3mo el Niepokalan\u00f3w (cerca de Varsovia) y Kalwaria Zebrzydowska \u2013 Patrimonio de la UNESCO. M\u00e1s sobre los <a href=\"\/es\/que-ver\/monumentos\/rutas-tematicas\/la-ruta-de-san-juan-pablo-ii\">lugares de Juan Pablo II<\/a> en Polonia.<\/p>\n<\/div><\/div>\n\n\n\n<div style=\"height:100px\" aria-hidden=\"true\" class=\"wp-block-spacer is-style-spacer-small\"><\/div>\n\n\n<div class=\"wp-block-image\">\n<figure class=\"aligncenter size-large\"><img loading=\"lazy\" decoding=\"async\" width=\"1200\" height=\"946\" src=\"https:\/\/www.polonia.travel\/es\/wp-content\/uploads\/sites\/18\/2024\/04\/5_ToruC584_MikoC582aj_Kopernik_MH-fotopolska-pot-pl_recorte-1-1200x946.jpg\" alt=\"\" class=\"wp-image-31888\" srcset=\"https:\/\/www.polonia.travel\/es\/wp-content\/uploads\/sites\/18\/2024\/04\/5_ToruC584_MikoC582aj_Kopernik_MH-fotopolska-pot-pl_recorte-1-1200x946.jpg 1200w, https:\/\/www.polonia.travel\/es\/wp-content\/uploads\/sites\/18\/2024\/04\/5_ToruC584_MikoC582aj_Kopernik_MH-fotopolska-pot-pl_recorte-1-600x473.jpg 600w, https:\/\/www.polonia.travel\/es\/wp-content\/uploads\/sites\/18\/2024\/04\/5_ToruC584_MikoC582aj_Kopernik_MH-fotopolska-pot-pl_recorte-1-768x605.jpg 768w, https:\/\/www.polonia.travel\/es\/wp-content\/uploads\/sites\/18\/2024\/04\/5_ToruC584_MikoC582aj_Kopernik_MH-fotopolska-pot-pl_recorte-1.jpg 1299w\" sizes=\"auto, (max-width: 1200px) 100vw, 1200px\" \/><figcaption class=\"wp-element-caption\">Monumento a Nicol\u00e1s Cop\u00e9rnico en su ciudad natal, Toru\u0144<\/figcaption><\/figure><\/div>\n\n\n<div style=\"height:100px\" aria-hidden=\"true\" class=\"wp-block-spacer is-style-spacer-small\"><\/div>\n\n\n\n<div class=\"wp-block-group is-style-container-medium\"><div class=\"wp-block-group__inner-container is-layout-constrained wp-block-group-is-layout-constrained\">\n<p><strong>Polonia en 11 d\u00edas<\/strong><\/p>\n\n\n\n<ul class=\"wp-block-list\">\n<li>Polonia al completo<\/li>\n<\/ul>\n\n\n\n<p>Esta propuesta incluye la escapada a la parte noreste de Polonia, especialmente atractiva en verano. Es una zona repleta de lagos, prados y bosques, castillos teut\u00f3nicos y lugares donde vivi\u00f3 y trabaj\u00f3 Nicol\u00e1s Cop\u00e9rnico (s. XV\/XVI).<\/p>\n\n\n\n<p>Ciudades y lugares que incluye el programa: Varsovia, Cracovia, Wroc\u0142aw, Pozna\u0144, Toru\u0144, Gda\u0144sk, Masuria.<\/p>\n\n\n\n<p>Entre los monumentos no tan antiguos, La Guarida del Lobo, b\u00fanker donde se produjo el fallido atentado contra Hitler (pel\u00edcula Valkiria).<\/p>\n\n\n\n<div style=\"height:100px\" aria-hidden=\"true\" class=\"wp-block-spacer is-style-spacer-small\"><\/div>\n\n\n\n<ul class=\"wp-block-list\">\n<li>Ruta por los Parques Nacionales de Polonia<\/li>\n<\/ul>\n\n\n\n<p>Este viaje combina las dos ciudades m\u00e1s importantes y la naturaleza del sur de Polonia, perfecto para viajeros que quieren practicar senderismo y realizar algunas actividades fuera de serie.<\/p>\n\n\n\n<p>Ciudades y lugares que incluye el programa: Varsovia, Cracovia, Zakopane, Montes Tatra, Parque Nacional de Pieniny, Parque Nacional de Ojc\u00f3w.<\/p>\n<\/div><\/div>\n\n\n\n<div style=\"height:100px\" aria-hidden=\"true\" class=\"wp-block-spacer is-style-spacer-small\"><\/div>\n\n\n\n<div class=\"wp-block-group is-style-container\"><div class=\"wp-block-group__inner-container is-layout-constrained wp-block-group-is-layout-constrained\"><div class=\"wp-block-image\">\n<figure class=\"aligncenter size-full\"><img loading=\"lazy\" decoding=\"async\" width=\"683\" height=\"1024\" src=\"https:\/\/www.polonia.travel\/es\/wp-content\/uploads\/sites\/18\/2024\/04\/1905_Glodowka-Tatry_PG_HR_opt_pl.jpg\" alt=\"\" class=\"wp-image-31828\" srcset=\"https:\/\/www.polonia.travel\/es\/wp-content\/uploads\/sites\/18\/2024\/04\/1905_Glodowka-Tatry_PG_HR_opt_pl.jpg 683w, https:\/\/www.polonia.travel\/es\/wp-content\/uploads\/sites\/18\/2024\/04\/1905_Glodowka-Tatry_PG_HR_opt_pl-400x600.jpg 400w\" sizes=\"auto, (max-width: 683px) 100vw, 683px\" \/><figcaption class=\"wp-element-caption\">Vista al Monte G\u0142od\u00f3wka (Montes Tatra) desde la carretera<\/figcaption><\/figure><\/div><\/div><\/div>\n\n\n\n<div style=\"height:100px\" aria-hidden=\"true\" class=\"wp-block-spacer is-style-spacer-small\"><\/div>\n\n\n\n<div class=\"wp-block-group is-style-container-medium\"><div class=\"wp-block-group__inner-container is-layout-constrained wp-block-group-is-layout-constrained\">\n<p><strong>Polonia fly &amp; drive<\/strong><\/p>\n\n\n\n<p>Existen varias propuestas en los cat\u00e1logos, de 5 a 10 d\u00edas, con la posibilidad de visitar lugares con encanto, que se encuentran en ruta entre las principales ciudades del pa\u00eds. Por ejemplo, entre Varsovia y Cracovia se visita la regi\u00f3n de la monta\u00f1a de Santa Cruz (\u015awi\u0119tokrzyskie), y en el viaje de vuelta, Cz\u0119stochowa (lugar de culto mariano m\u00e1s importante de Polonia) y el rom\u00e1ntico palacio de Niebor\u00f3w, cerca de Varsovia.<\/p>\n\n\n\n<p>La propuesta de 10 d\u00edas, incluye la Costa B\u00e1ltica (Gda\u0144sk), la zona de los lagos de Masuria, la innovadora ciudad de \u0141\u00f3d\u017a, algunos castillos de la regi\u00f3n de Baja Silesia y su capital Wroc\u0142aw, para terminar el viaje en Cracovia.<\/p>\n\n\n\n<p>Informaci\u00f3n pr\u00e1ctica sobre <a href=\"https:\/\/www.polonia.travel\/es\/en-coche\/\">viajes en coche<\/a> por Polonia.<\/p>\n\n\n\n<p><strong>Consulta el <a href=\"https:\/\/www.polonia.travel\/es\/turoperadores\/\">listado de los turoperadores y agencias de viaje independientes<\/a> que ofrecen viajes a Polonia<\/strong><\/p>\n<\/div><\/div>\n\n\n\n<div style=\"height:100px\" aria-hidden=\"true\" class=\"wp-block-spacer is-style-spacer-medium\"><\/div>\n\n\n\n<div class=\"wp-block-group has-background\" style=\"background-color:#eeeeee\"><div class=\"wp-block-group__inner-container is-layout-constrained wp-block-group-is-layout-constrained\">\n<div style=\"height:100px\" aria-hidden=\"true\" class=\"wp-block-spacer is-style-spacer-small\"><\/div>\n\n\n\n<div class=\"wp-block-group is-style-container\"><div class=\"wp-block-group__inner-container is-layout-constrained wp-block-group-is-layout-constrained\">\n<h3 class=\"wp-block-heading\">Lee m\u00e1s art\u00edculos<\/h3>\n\n\n\n<div style=\"height:100px\" aria-hidden=\"true\" class=\"wp-block-spacer is-style-spacer-small\"><\/div>\n\n\n<div class=\"overflow\">\n  <div class=\"post-slider swiper post-slider--small\" data-schema=\"small\">\n\n    <div class=\"swiper-wrapper\">\n              <div class=\"swiper-slide post-slide\">\n                      <a href=\"https:\/\/www.polonia.travel\/es\/un-viaje-por-polonia-en-autocaravana\/\" class=\"post-box post-box--small\" style=\" background-image: url(https:\/\/www.polonia.travel\/es\/wp-content\/uploads\/sites\/18\/2026\/03\/280076951_Tatry_Adobe-600x338.jpg);\">\n        <div class=\"post-box__info\">\n            <div class=\"post-box__title\">Un viaje por Polonia en autocaravana<\/div>\n      <div class=\"post-box__more\">Leer m\u00e1s<\/div>\n    <\/div>\n  <\/a>\n\n          <\/div>\n              <div class=\"swiper-slide post-slide\">\n                      <a href=\"https:\/\/www.polonia.travel\/es\/entre-vikingos-y-los-festivales-de-luz\/\" class=\"post-box post-box--small\" style=\" background-image: url(https:\/\/www.polonia.travel\/es\/wp-content\/uploads\/sites\/18\/2022\/12\/centrum_slowian_i_wikingow_w_wolinie_2_1170-600x400.jpg);\">\n          <div class=\"post-box__hover\" style=\"background-image: url(https:\/\/www.polonia.travel\/es\/wp-content\/uploads\/sites\/18\/2024\/07\/Feria-de-Santo-Domingo-foto-cedida-por-Oficina-de-Promocion-de-GdanskJD01_050-600x400.jpg);\"><\/div>\n        <div class=\"post-box__info\">\n            <div class=\"post-box__title\">Entre vikingos y los festivales de luz<\/div>\n      <div class=\"post-box__more\">Leer m\u00e1s<\/div>\n    <\/div>\n  <\/a>\n\n          <\/div>\n              <div class=\"swiper-slide post-slide\">\n                      <a href=\"https:\/\/www.polonia.travel\/es\/ideas-para-viajeras-solitarias\/\" class=\"post-box post-box--small\" style=\" background-image: url(https:\/\/www.polonia.travel\/es\/wp-content\/uploads\/sites\/18\/2025\/09\/GettyImages-2211645570_Krakow-600x400.jpg);\">\n          <div class=\"post-box__hover\" style=\"background-image: url(https:\/\/www.polonia.travel\/es\/wp-content\/uploads\/sites\/18\/2025\/06\/326440482_Dziewczyna_Miasto-600x400.jpg);\"><\/div>\n        <div class=\"post-box__info\">\n            <div class=\"post-box__title\">IDEAS PARA VIAJERAS SOLITARIAS<\/div>\n      <div class=\"post-box__more\">Leer m\u00e1s<\/div>\n    <\/div>\n  <\/a>\n\n          <\/div>\n              <div class=\"swiper-slide post-slide\">\n                      <a href=\"https:\/\/www.polonia.travel\/es\/5-platos-que-deberias-probar-en-polonia\/\" class=\"post-box post-box--small\" style=\" background-image: url(https:\/\/www.polonia.travel\/es\/wp-content\/uploads\/sites\/18\/2023\/07\/329545613_Krakow_Adobe-600x400.jpg);\">\n          <div class=\"post-box__hover\" style=\"background-image: url(https:\/\/www.polonia.travel\/es\/wp-content\/uploads\/sites\/18\/2024\/04\/LepieniePierogow1170-600x399.jpg);\"><\/div>\n        <div class=\"post-box__info\">\n            <div class=\"post-box__title\">5 platos que deber\u00edas probar en Polonia<\/div>\n      <div class=\"post-box__more\">Leer m\u00e1s<\/div>\n    <\/div>\n  <\/a>\n\n          <\/div>\n              <div class=\"swiper-slide post-slide\">\n                      <a href=\"https:\/\/www.polonia.travel\/es\/100-anos-de-gdynia-celebra-un-siglo-junto-al-mar-baltico\/\" class=\"post-box post-box--small\" style=\" background-image: url(https:\/\/www.polonia.travel\/es\/wp-content\/uploads\/sites\/18\/2023\/07\/GdyniaDP_1170-1-600x400.jpg);\">\n          <div class=\"post-box__hover\" style=\"background-image: url(https:\/\/www.polonia.travel\/es\/wp-content\/uploads\/sites\/18\/2026\/02\/100-lecie-gdyni_crop_web-travelka-600x400.png);\"><\/div>\n        <div class=\"post-box__info\">\n            <div class=\"post-box__title\">100 a\u00f1os de Gdynia: Celebra un siglo junto al mar B\u00e1ltico<\/div>\n      <div class=\"post-box__more\">Leer m\u00e1s<\/div>\n    <\/div>\n  <\/a>\n\n          <\/div>\n              <div class=\"swiper-slide post-slide\">\n                      <a href=\"https:\/\/www.polonia.travel\/es\/malopolska_corazon-historico-de-polonia\/\" class=\"post-box post-box--small\" style=\" background-image: url(https:\/\/www.polonia.travel\/es\/wp-content\/uploads\/sites\/18\/2026\/01\/GettyImages-2164935107-600x354.jpg);\">\n          <div class=\"post-box__hover\" style=\"background-image: url(https:\/\/www.polonia.travel\/es\/wp-content\/uploads\/sites\/18\/2026\/01\/GettyImages-2201306737_Krakow-600x450.jpg);\"><\/div>\n        <div class=\"post-box__info\">\n            <div class=\"post-box__title\">Ma\u0142opolska, el coraz\u00f3n hist\u00f3rico de Polonia<\/div>\n      <div class=\"post-box__more\">Leer m\u00e1s<\/div>\n    <\/div>\n  <\/a>\n\n          <\/div>\n              <div class=\"swiper-slide post-slide\">\n                      <a href=\"https:\/\/www.polonia.travel\/es\/baja-silesia-castillos-y-naturaleza-2\/\" class=\"post-box post-box--small\" style=\" background-image: url(https:\/\/www.polonia.travel\/es\/wp-content\/uploads\/sites\/18\/2023\/02\/Szczeliniec-Wielki_Stolowe-gory-600x388.jpeg);\">\n          <div class=\"post-box__hover\" style=\"background-image: url(https:\/\/www.polonia.travel\/es\/wp-content\/uploads\/sites\/18\/2024\/04\/89901615_Fotolia_Zamek_Czocha_HR-600x400.jpg);\"><\/div>\n        <div class=\"post-box__info\">\n            <div class=\"post-box__title\">Baja Silesia, castillos, naturaleza y m\u00e1s<\/div>\n      <div class=\"post-box__more\">Leer m\u00e1s<\/div>\n    <\/div>\n  <\/a>\n\n          <\/div>\n              <div class=\"swiper-slide post-slide\">\n                      <a href=\"https:\/\/www.polonia.travel\/es\/vuela-a-gdansk-descubre-pomerania\/\" class=\"post-box post-box--small\" style=\" background-image: url(https:\/\/www.polonia.travel\/es\/wp-content\/uploads\/sites\/18\/2023\/03\/gdansk_motlawa_1170-600x400.jpg);\">\n          <div class=\"post-box__hover\" style=\"background-image: url(https:\/\/www.polonia.travel\/es\/wp-content\/uploads\/sites\/18\/2023\/01\/1morze_konie-scaled-e1675160995200-600x370.jpg);\"><\/div>\n        <div class=\"post-box__info\">\n            <div class=\"post-box__title\">Vuela a Gda\u0144sk. Descubre Pomerania<\/div>\n      <div class=\"post-box__more\">Leer m\u00e1s<\/div>\n    <\/div>\n  <\/a>\n\n          <\/div>\n              <div class=\"swiper-slide post-slide\">\n                      <a href=\"https:\/\/www.polonia.travel\/es\/lublin-la-ciudad-que-inspira\/\" class=\"post-box post-box--small\" style=\" background-image: url(https:\/\/www.polonia.travel\/es\/wp-content\/uploads\/sites\/18\/2023\/07\/Lublin1170-7-600x389.jpg);\">\n          <div class=\"post-box__hover\" style=\"background-image: url(https:\/\/www.polonia.travel\/es\/wp-content\/uploads\/sites\/18\/2022\/12\/lublin_stare_miasto_1170-600x400.jpg);\"><\/div>\n        <div class=\"post-box__info\">\n            <div class=\"post-box__title\">Lublin, la ciudad que inspira<\/div>\n      <div class=\"post-box__more\">Leer m\u00e1s<\/div>\n    <\/div>\n  <\/a>\n\n          <\/div>\n              <div class=\"swiper-slide post-slide\">\n                      <a href=\"https:\/\/www.polonia.travel\/es\/varsovia-con-un-toque-de-lujo\/\" class=\"post-box post-box--small\" style=\" background-image: url(https:\/\/www.polonia.travel\/es\/wp-content\/uploads\/sites\/18\/2024\/04\/Plaza-castillo-Real-fot.-m.st_.-Warszawa-3-540x360-1.jpg);\">\n          <div class=\"post-box__hover\" style=\"background-image: url(https:\/\/www.polonia.travel\/es\/wp-content\/uploads\/sites\/18\/2023\/08\/10_lato23-600x349.jpeg);\"><\/div>\n        <div class=\"post-box__info\">\n            <div class=\"post-box__title\">Varsovia con un toque de lujo<\/div>\n      <div class=\"post-box__more\">Leer m\u00e1s<\/div>\n    <\/div>\n  <\/a>\n\n          <\/div>\n              <div class=\"swiper-slide post-slide\">\n                      <a href=\"https:\/\/www.polonia.travel\/es\/una-escapada-a-poznan\/\" class=\"post-box post-box--small\" style=\" background-image: url(https:\/\/www.polonia.travel\/es\/wp-content\/uploads\/sites\/18\/2024\/04\/poznan20z20logo20POT20nw20d-600x397.jpg);\">\n          <div class=\"post-box__hover\" style=\"background-image: url(https:\/\/www.polonia.travel\/es\/wp-content\/uploads\/sites\/18\/2022\/12\/poznan20ichot-1-600x400.jpg);\"><\/div>\n        <div class=\"post-box__info\">\n            <div class=\"post-box__title\">Una escapada a Pozna\u0144<\/div>\n      <div class=\"post-box__more\">Leer m\u00e1s<\/div>\n    <\/div>\n  <\/a>\n\n          <\/div>\n              <div class=\"swiper-slide post-slide\">\n                      <a href=\"https:\/\/www.polonia.travel\/es\/escapada-de-relax\/\" class=\"post-box post-box--small\" style=\" background-image: url(https:\/\/www.polonia.travel\/es\/wp-content\/uploads\/sites\/18\/2025\/12\/44HOTEL-BANIA-TERMA-XII-2014-fot.Szymon-Polanski_HR_540x360.jpg);\">\n          <div class=\"post-box__hover\" style=\"background-image: url(https:\/\/www.polonia.travel\/es\/wp-content\/uploads\/sites\/18\/2025\/12\/05551_Morskie-OKO_radosc-o-poranku_AB_HR-600x400.jpg);\"><\/div>\n        <div class=\"post-box__info\">\n            <div class=\"post-box__title\">Escapada de relax<\/div>\n      <div class=\"post-box__more\">Leer m\u00e1s<\/div>\n    <\/div>\n  <\/a>\n\n          <\/div>\n              <div class=\"swiper-slide post-slide\">\n                      <a href=\"https:\/\/www.polonia.travel\/es\/%ef%b8%8fcoolcation-en-polonia-el-refugio-perfecto-para-este-verano-para-refrescar-cuerpo-y-mente\/\" class=\"post-box post-box--small\" style=\" background-image: url(https:\/\/www.polonia.travel\/es\/wp-content\/uploads\/sites\/18\/2024\/05\/DJI_0669-Panorama_HDR-Edytuj_Bieszczady_Solina_Werlas-3-600x351.jpg);\">\n          <div class=\"post-box__hover\" style=\"background-image: url(https:\/\/www.polonia.travel\/es\/wp-content\/uploads\/sites\/18\/2024\/04\/DSC00315-Edytuj_Bieszczady_Droga_Mleczna_Lutowiska-3-600x401.jpg);\"><\/div>\n        <div class=\"post-box__info\">\n            <div class=\"post-box__title\">\ufe0fCoolcation en Polonia: el refugio perfecto para este verano para refrescar cuerpo y mente.<\/div>\n      <div class=\"post-box__more\">Leer m\u00e1s<\/div>\n    <\/div>\n  <\/a>\n\n          <\/div>\n              <div class=\"swiper-slide post-slide\">\n                      <a href=\"https:\/\/www.polonia.travel\/es\/podlasie-y-la-ruta-del-esperanto\/\" class=\"post-box post-box--small\" style=\" background-image: url(https:\/\/www.polonia.travel\/es\/wp-content\/uploads\/sites\/18\/2025\/06\/2280_BIALYSTOK_Dom_Zamenhofa_KK_HR-400x600.jpg);\">\n        <div class=\"post-box__info\">\n            <div class=\"post-box__title\">Podlasie y la ruta del Esperanto<\/div>\n      <div class=\"post-box__more\">Leer m\u00e1s<\/div>\n    <\/div>\n  <\/a>\n\n          <\/div>\n              <div class=\"swiper-slide post-slide\">\n                      <a href=\"https:\/\/www.polonia.travel\/es\/viajar-con-mascotas\/\" class=\"post-box post-box--small\" style=\" background-image: url(https:\/\/www.polonia.travel\/es\/wp-content\/uploads\/sites\/18\/2023\/08\/079_Pies-600x419.jpg);\">\n          <div class=\"post-box__hover\" style=\"background-image: url(https:\/\/www.polonia.travel\/es\/wp-content\/uploads\/sites\/18\/2025\/05\/03520_Swolowo_KK_HR.jpg);\"><\/div>\n        <div class=\"post-box__info\">\n            <div class=\"post-box__title\">Viajar con mascotas<\/div>\n      <div class=\"post-box__more\">Leer m\u00e1s<\/div>\n    <\/div>\n  <\/a>\n\n          <\/div>\n              <div class=\"swiper-slide post-slide\">\n                      <a href=\"https:\/\/www.polonia.travel\/es\/peninsula-de-hel-donde-reina-la-playa\/\" class=\"post-box post-box--small\" style=\" background-image: url(https:\/\/www.polonia.travel\/es\/wp-content\/uploads\/sites\/18\/2022\/12\/274401046_Hel-600x345.jpg);\">\n          <div class=\"post-box__hover\" style=\"background-image: url(https:\/\/www.polonia.travel\/es\/wp-content\/uploads\/sites\/18\/2024\/04\/1080x1080-hel-3-1-600x600.jpg);\"><\/div>\n        <div class=\"post-box__info\">\n            <div class=\"post-box__title\">Pen\u00ednsula de Hel, donde reina la playa<\/div>\n      <div class=\"post-box__more\">Leer m\u00e1s<\/div>\n    <\/div>\n  <\/a>\n\n          <\/div>\n              <div class=\"swiper-slide post-slide\">\n                      <a href=\"https:\/\/www.polonia.travel\/es\/5-ideas-de-souvenirs-originales-de-polonia\/\" class=\"post-box post-box--small\" style=\" background-image: url(https:\/\/www.polonia.travel\/es\/wp-content\/uploads\/sites\/18\/2024\/08\/DSC_3289_00001_Gdansk_Jarmark-Bozonarodzeniowy-600x450.jpg);\">\n          <div class=\"post-box__hover\" style=\"background-image: url(https:\/\/www.polonia.travel\/es\/wp-content\/uploads\/sites\/18\/2024\/04\/22.1-Bursztyn-mniejsze-540x354-1.jpg);\"><\/div>\n        <div class=\"post-box__info\">\n            <div class=\"post-box__title\">5 ideas de souvenirs originales de Polonia<\/div>\n      <div class=\"post-box__more\">Leer m\u00e1s<\/div>\n    <\/div>\n  <\/a>\n\n          <\/div>\n              <div class=\"swiper-slide post-slide\">\n                      <a href=\"https:\/\/www.polonia.travel\/es\/cinco-cosas-que-saber-para-viajar-a-polonia\/\" class=\"post-box post-box--small\" style=\" background-image: url(https:\/\/www.polonia.travel\/es\/wp-content\/uploads\/sites\/18\/2022\/12\/warszawa_syrenka_1170-600x400.jpg);\">\n          <div class=\"post-box__hover\" style=\"background-image: url(https:\/\/www.polonia.travel\/es\/wp-content\/uploads\/sites\/18\/2023\/07\/turysta_stare_miasto_krakow_1170-600x400.jpg);\"><\/div>\n        <div class=\"post-box__info\">\n            <div class=\"post-box__title\">Cinco cosas que saber para viajar a Polonia<\/div>\n      <div class=\"post-box__more\">Leer m\u00e1s<\/div>\n    <\/div>\n  <\/a>\n\n          <\/div>\n              <div class=\"swiper-slide post-slide\">\n                      <a href=\"https:\/\/www.polonia.travel\/es\/top-10-para-viajar-por-polonia-con-ninos\/\" class=\"post-box post-box--small\" style=\" background-image: url(https:\/\/www.polonia.travel\/es\/wp-content\/uploads\/sites\/18\/2023\/07\/farma_iluzji_dla_dzieci_1170-600x400.jpg);\">\n          <div class=\"post-box__hover\" style=\"background-image: url(https:\/\/www.polonia.travel\/es\/wp-content\/uploads\/sites\/18\/2024\/03\/dzieci_basen-1920x989-1-600x309.jpg);\"><\/div>\n        <div class=\"post-box__info\">\n            <div class=\"post-box__title\">Top 10 para viajar por Polonia con ni\u00f1os<\/div>\n      <div class=\"post-box__more\">Leer m\u00e1s<\/div>\n    <\/div>\n  <\/a>\n\n          <\/div>\n              <div class=\"swiper-slide post-slide\">\n                      <a href=\"https:\/\/www.polonia.travel\/es\/polonia-y-sus-destinos-de-oro\/\" class=\"post-box post-box--small\" style=\" background-image: url(https:\/\/www.polonia.travel\/es\/wp-content\/uploads\/sites\/18\/2023\/07\/Golden_Pins_540x360_most_Stanczyk.jpg);\">\n          <div class=\"post-box__hover\" style=\"background-image: url(https:\/\/www.polonia.travel\/es\/wp-content\/uploads\/sites\/18\/2023\/07\/Golden_Pins_540x360_krakow.jpg);\"><\/div>\n        <div class=\"post-box__info\">\n            <div class=\"post-box__title\">Polonia y sus destinos de oro<\/div>\n      <div class=\"post-box__more\">Leer m\u00e1s<\/div>\n    <\/div>\n  <\/a>\n\n          <\/div>\n              <div class=\"swiper-slide post-slide\">\n                      <a href=\"https:\/\/www.polonia.travel\/es\/ciudades-que-merecen-ser-descubiertas\/\" class=\"post-box post-box--small\" style=\" background-image: url(https:\/\/www.polonia.travel\/es\/wp-content\/uploads\/sites\/18\/2024\/07\/AdobeStock_166918579__warszawa-600x400.jpeg);\">\n          <div class=\"post-box__hover\" style=\"background-image: url(https:\/\/www.polonia.travel\/es\/wp-content\/uploads\/sites\/18\/2024\/07\/el-duende-de-Wroclaw-y-el-canal-del-rio-Oder_foto.Wroclaw_Official-600x400.jpg);\"><\/div>\n        <div class=\"post-box__info\">\n            <div class=\"post-box__title\">Ciudades que merecen ser descubiertas<\/div>\n      <div class=\"post-box__more\">Leer m\u00e1s<\/div>\n    <\/div>\n  <\/a>\n\n          <\/div>\n              <div class=\"swiper-slide post-slide\">\n                      <a href=\"https:\/\/www.polonia.travel\/es\/polonia-en-5-8-y-11-dias\/\" class=\"post-box post-box--small\" style=\" background-image: url(https:\/\/www.polonia.travel\/es\/wp-content\/uploads\/sites\/18\/2024\/08\/Gdynia_GettyImages-1134170032-600x353.jpg);\">\n          <div class=\"post-box__hover\" style=\"background-image: url(https:\/\/www.polonia.travel\/es\/wp-content\/uploads\/sites\/18\/2024\/07\/171021388_Stare_Miasto_Poznan-600x400.jpg);\"><\/div>\n        <div class=\"post-box__info\">\n            <div class=\"post-box__title\">Encuentra tu viaje<\/div>\n      <div class=\"post-box__more\">Leer m\u00e1s<\/div>\n    <\/div>\n  <\/a>\n\n          <\/div>\n              <div class=\"swiper-slide post-slide\">\n                      <a href=\"https:\/\/www.polonia.travel\/es\/polonia-mucho-mas-de-lo-que-imaginas\/\" class=\"post-box post-box--small\" style=\" background-image: url(https:\/\/www.polonia.travel\/es\/wp-content\/uploads\/sites\/18\/2024\/07\/264551322_281687957320898_6315725888877549317_n-600x600.jpg);\">\n          <div class=\"post-box__hover\" style=\"background-image: url(https:\/\/www.polonia.travel\/es\/wp-content\/uploads\/sites\/18\/2024\/04\/POT_zubr_ENG_1080x1080-600x600.jpg);\"><\/div>\n        <div class=\"post-box__info\">\n            <div class=\"post-box__title\">Polonia. Mucho m\u00e1s de lo que imaginas<\/div>\n      <div class=\"post-box__more\">Leer m\u00e1s<\/div>\n    <\/div>\n  <\/a>\n\n          <\/div>\n              <div class=\"swiper-slide post-slide\">\n                      <a href=\"https:\/\/www.polonia.travel\/es\/con-los-brazos-abiertos\/\" class=\"post-box post-box--small\" style=\" background-image: url(https:\/\/www.polonia.travel\/es\/wp-content\/uploads\/sites\/18\/2023\/07\/HOSPITALITY_1170x780-600x400.jpg);\">\n          <div class=\"post-box__hover\" style=\"background-image: url(https:\/\/www.polonia.travel\/es\/wp-content\/uploads\/sites\/18\/2023\/07\/CULTURE_1170x780-1-600x400.jpg);\"><\/div>\n        <div class=\"post-box__info\">\n            <div class=\"post-box__title\">Con los brazos abiertos<\/div>\n      <div class=\"post-box__more\">Leer m\u00e1s<\/div>\n    <\/div>\n  <\/a>\n\n          <\/div>\n              <div class=\"swiper-slide post-slide\">\n                      <a href=\"https:\/\/www.polonia.travel\/es\/el-oro-de-polonia\/\" class=\"post-box post-box--small\" style=\" background-image: url(https:\/\/www.polonia.travel\/es\/wp-content\/uploads\/sites\/18\/2024\/05\/Bursztyn_GettyImages-693353016-600x400.jpg);\">\n          <div class=\"post-box__hover\" style=\"background-image: url(https:\/\/www.polonia.travel\/es\/wp-content\/uploads\/sites\/18\/2024\/04\/Bursztyn_surowy_MC_HR-600x400.jpg);\"><\/div>\n        <div class=\"post-box__info\">\n            <div class=\"post-box__title\">El oro de Polonia<\/div>\n      <div class=\"post-box__more\">Leer m\u00e1s<\/div>\n    <\/div>\n  <\/a>\n\n          <\/div>\n              <div class=\"swiper-slide post-slide\">\n                      <a href=\"https:\/\/www.polonia.travel\/es\/cracovia-y-su-leyenda-del-dragon\/\" class=\"post-box post-box--small\" style=\" background-image: url(https:\/\/www.polonia.travel\/es\/wp-content\/uploads\/sites\/18\/2024\/04\/parada-smokow-600x428.jpg);\">\n          <div class=\"post-box__hover\" style=\"background-image: url(https:\/\/www.polonia.travel\/es\/wp-content\/uploads\/sites\/18\/2022\/12\/krakow_smok_wawelski_1170-600x400.jpg);\"><\/div>\n        <div class=\"post-box__info\">\n            <div class=\"post-box__title\">Cracovia y su leyenda del drag\u00f3n<\/div>\n      <div class=\"post-box__more\">Leer m\u00e1s<\/div>\n    <\/div>\n  <\/a>\n\n          <\/div>\n              <div class=\"swiper-slide post-slide\">\n                      <a href=\"https:\/\/www.polonia.travel\/es\/los-belenes-de-cracovia-patrimonio-no-material-de-la-unesco\/\" class=\"post-box post-box--small\" style=\" background-image: url(https:\/\/www.polonia.travel\/es\/wp-content\/uploads\/sites\/18\/2024\/04\/szopki20krakowskie20540x380.jpg);\">\n          <div class=\"post-box__hover\" style=\"background-image: url(https:\/\/www.polonia.travel\/es\/wp-content\/uploads\/sites\/18\/2023\/07\/jarmarki_bozonarodzeniowe_krakow_1170-600x400.jpg);\"><\/div>\n        <div class=\"post-box__info\">\n            <div class=\"post-box__title\">Los belenes de Cracovia, Patrimonio no material de la UNESCO<\/div>\n      <div class=\"post-box__more\">Leer m\u00e1s<\/div>\n    <\/div>\n  <\/a>\n\n          <\/div>\n          <\/div>\n    <div class=\"post-slider__pagination\"><\/div>\n  <\/div>\n<\/div>\n<\/div><\/div>\n\n\n\n<div style=\"height:100px\" aria-hidden=\"true\" class=\"wp-block-spacer is-style-spacer-small\"><\/div>\n<\/div><\/div>\n","protected":false},"excerpt":{"rendered":"<p>Encuentra tu viaje Polonia en 5, 8 y 11 d\u00edas \u00bfCu\u00e1ntos d\u00edas se necesita para conocer Polonia? \u00bf5, 8, o m\u00e1s? \u00bfQu\u00e9 ciudades elegir? \u00bfVarsovia o Cracovia? \u00bfY si quiero incluir tambi\u00e9n alg\u00fan espacio natural? La propuesta de viajes a Polonia ofrecida por las agencias de viaje en Espa\u00f1a es cada vez m\u00e1s amplia. Junto [&hellip;]<\/p>\n","protected":false},"author":1,"featured_media":31692,"comment_status":"open","ping_status":"open","sticky":false,"template":"","format":"standard","meta":{"_acf_changed":false,"footnotes":""},"categories":[1053],"class_list":["post-31493","post","type-post","status-publish","format-standard","has-post-thumbnail","hentry","category-inspirations"],"acf":[],"yoast_head":"<!-- This site is optimized with the Yoast SEO plugin v27.4 - https:\/\/yoast.com\/product\/yoast-seo-wordpress\/ -->\n<title>Encuentra tu viaje - Polonia Travel (ES)<\/title>\n<meta name=\"robots\" content=\"index, follow, max-snippet:-1, max-image-preview:large, max-video-preview:-1\" \/>\n<link rel=\"canonical\" href=\"https:\/\/www.polonia.travel\/es\/polonia-en-5-8-y-11-dias\/\" \/>\n<meta property=\"og:locale\" content=\"pl_PL\" \/>\n<meta property=\"og:type\" content=\"article\" \/>\n<meta property=\"og:title\" content=\"Encuentra tu viaje - Polonia Travel (ES)\" \/>\n<meta property=\"og:description\" content=\"Encuentra tu viaje Polonia en 5, 8 y 11 d\u00edas \u00bfCu\u00e1ntos d\u00edas se necesita para conocer Polonia? \u00bf5, 8, o m\u00e1s? \u00bfQu\u00e9 ciudades elegir? \u00bfVarsovia o Cracovia? \u00bfY si quiero incluir tambi\u00e9n alg\u00fan espacio natural? La propuesta de viajes a Polonia ofrecida por las agencias de viaje en Espa\u00f1a es cada vez m\u00e1s amplia. Junto [&hellip;]\" \/>\n<meta property=\"og:url\" content=\"https:\/\/www.polonia.travel\/es\/polonia-en-5-8-y-11-dias\/\" \/>\n<meta property=\"og:site_name\" content=\"Polonia Travel (ES)\" \/>\n<meta property=\"article:published_time\" content=\"2024-07-26T08:56:15+00:00\" \/>\n<meta property=\"article:modified_time\" content=\"2025-01-16T15:54:10+00:00\" \/>\n<meta property=\"og:image\" content=\"https:\/\/www.polonia.travel\/es\/wp-content\/uploads\/sites\/18\/2024\/04\/warszawa_wisla_1900x890.jpg\" \/>\n\t<meta property=\"og:image:width\" content=\"1900\" \/>\n\t<meta property=\"og:image:height\" content=\"890\" \/>\n\t<meta property=\"og:image:type\" content=\"image\/jpeg\" \/>\n<meta name=\"twitter:card\" content=\"summary_large_image\" \/>\n<meta name=\"twitter:label1\" content=\"Napisane przez\" \/>\n\t<meta name=\"twitter:data1\" content=\"\" \/>\n\t<meta name=\"twitter:label2\" content=\"Szacowany czas czytania\" \/>\n\t<meta name=\"twitter:data2\" content=\"7 minut\" \/>\n<script type=\"application\/ld+json\" class=\"yoast-schema-graph\">{\"@context\":\"https:\\\/\\\/schema.org\",\"@graph\":[{\"@type\":\"Article\",\"@id\":\"https:\\\/\\\/www.polonia.travel\\\/es\\\/polonia-en-5-8-y-11-dias\\\/#article\",\"isPartOf\":{\"@id\":\"https:\\\/\\\/www.polonia.travel\\\/es\\\/polonia-en-5-8-y-11-dias\\\/\"},\"author\":{\"name\":\"\",\"@id\":\"\"},\"headline\":\"Encuentra tu viaje\",\"datePublished\":\"2024-07-26T08:56:15+00:00\",\"dateModified\":\"2025-01-16T15:54:10+00:00\",\"mainEntityOfPage\":{\"@id\":\"https:\\\/\\\/www.polonia.travel\\\/es\\\/polonia-en-5-8-y-11-dias\\\/\"},\"wordCount\":1093,\"commentCount\":0,\"publisher\":{\"@id\":\"https:\\\/\\\/www.polonia.travel\\\/es\\\/#organization\"},\"image\":{\"@id\":\"https:\\\/\\\/www.polonia.travel\\\/es\\\/polonia-en-5-8-y-11-dias\\\/#primaryimage\"},\"thumbnailUrl\":\"https:\\\/\\\/www.polonia.travel\\\/es\\\/wp-content\\\/uploads\\\/sites\\\/18\\\/2024\\\/04\\\/warszawa_wisla_1900x890.jpg\",\"keywords\":[\"es\",\"para-profesionales-de-turismo\"],\"articleSection\":[\"Ideas y propuestas\"],\"inLanguage\":\"pl-PL\"},{\"@type\":\"WebPage\",\"@id\":\"https:\\\/\\\/www.polonia.travel\\\/es\\\/polonia-en-5-8-y-11-dias\\\/\",\"url\":\"https:\\\/\\\/www.polonia.travel\\\/es\\\/polonia-en-5-8-y-11-dias\\\/\",\"name\":\"Encuentra tu viaje - Polonia Travel (ES)\",\"isPartOf\":{\"@id\":\"https:\\\/\\\/www.polonia.travel\\\/es\\\/#website\"},\"primaryImageOfPage\":{\"@id\":\"https:\\\/\\\/www.polonia.travel\\\/es\\\/polonia-en-5-8-y-11-dias\\\/#primaryimage\"},\"image\":{\"@id\":\"https:\\\/\\\/www.polonia.travel\\\/es\\\/polonia-en-5-8-y-11-dias\\\/#primaryimage\"},\"thumbnailUrl\":\"https:\\\/\\\/www.polonia.travel\\\/es\\\/wp-content\\\/uploads\\\/sites\\\/18\\\/2024\\\/04\\\/warszawa_wisla_1900x890.jpg\",\"datePublished\":\"2024-07-26T08:56:15+00:00\",\"dateModified\":\"2025-01-16T15:54:10+00:00\",\"breadcrumb\":{\"@id\":\"https:\\\/\\\/www.polonia.travel\\\/es\\\/polonia-en-5-8-y-11-dias\\\/#breadcrumb\"},\"inLanguage\":\"pl-PL\",\"potentialAction\":[{\"@type\":\"ReadAction\",\"target\":[\"https:\\\/\\\/www.polonia.travel\\\/es\\\/polonia-en-5-8-y-11-dias\\\/\"]}]},{\"@type\":\"ImageObject\",\"inLanguage\":\"pl-PL\",\"@id\":\"https:\\\/\\\/www.polonia.travel\\\/es\\\/polonia-en-5-8-y-11-dias\\\/#primaryimage\",\"url\":\"https:\\\/\\\/www.polonia.travel\\\/es\\\/wp-content\\\/uploads\\\/sites\\\/18\\\/2024\\\/04\\\/warszawa_wisla_1900x890.jpg\",\"contentUrl\":\"https:\\\/\\\/www.polonia.travel\\\/es\\\/wp-content\\\/uploads\\\/sites\\\/18\\\/2024\\\/04\\\/warszawa_wisla_1900x890.jpg\",\"width\":1900,\"height\":890},{\"@type\":\"BreadcrumbList\",\"@id\":\"https:\\\/\\\/www.polonia.travel\\\/es\\\/polonia-en-5-8-y-11-dias\\\/#breadcrumb\",\"itemListElement\":[{\"@type\":\"ListItem\",\"position\":1,\"name\":\"Home page\",\"item\":\"https:\\\/\\\/www.polonia.travel\\\/es\\\/\"},{\"@type\":\"ListItem\",\"position\":2,\"name\":\"Inspiraciones de viaje\",\"item\":\"https:\\\/\\\/www.polonia.travel\\\/es\\\/category\\\/inspiraciones-de-viaje\\\/\"},{\"@type\":\"ListItem\",\"position\":3,\"name\":\"Ideas y propuestas\",\"item\":\"https:\\\/\\\/www.polonia.travel\\\/es\\\/category\\\/inspiraciones-de-viaje\\\/inspirations\\\/\"},{\"@type\":\"ListItem\",\"position\":4,\"name\":\"Encuentra tu viaje\"}]},{\"@type\":\"WebSite\",\"@id\":\"https:\\\/\\\/www.polonia.travel\\\/es\\\/#website\",\"url\":\"https:\\\/\\\/www.polonia.travel\\\/es\\\/\",\"name\":\"Polonia Travel (ES)\",\"description\":\"...\",\"publisher\":{\"@id\":\"https:\\\/\\\/www.polonia.travel\\\/es\\\/#organization\"},\"potentialAction\":[{\"@type\":\"SearchAction\",\"target\":{\"@type\":\"EntryPoint\",\"urlTemplate\":\"https:\\\/\\\/www.polonia.travel\\\/es\\\/?s={search_term_string}\"},\"query-input\":{\"@type\":\"PropertyValueSpecification\",\"valueRequired\":true,\"valueName\":\"search_term_string\"}}],\"inLanguage\":\"pl-PL\"},{\"@type\":\"Organization\",\"@id\":\"https:\\\/\\\/www.polonia.travel\\\/es\\\/#organization\",\"name\":\"Polonia Travel (ES)\",\"url\":\"https:\\\/\\\/www.polonia.travel\\\/es\\\/\",\"logo\":{\"@type\":\"ImageObject\",\"inLanguage\":\"pl-PL\",\"@id\":\"https:\\\/\\\/www.polonia.travel\\\/es\\\/#\\\/schema\\\/logo\\\/image\\\/\",\"url\":\"\",\"contentUrl\":\"\",\"caption\":\"Polonia Travel (ES)\"},\"image\":{\"@id\":\"https:\\\/\\\/www.polonia.travel\\\/es\\\/#\\\/schema\\\/logo\\\/image\\\/\"}},{\"@type\":\"Person\",\"@id\":\"\"}]}<\/script>\n<!-- \/ Yoast SEO plugin. -->","yoast_head_json":{"title":"Encuentra tu viaje - Polonia Travel (ES)","robots":{"index":"index","follow":"follow","max-snippet":"max-snippet:-1","max-image-preview":"max-image-preview:large","max-video-preview":"max-video-preview:-1"},"canonical":"https:\/\/www.polonia.travel\/es\/polonia-en-5-8-y-11-dias\/","og_locale":"pl_PL","og_type":"article","og_title":"Encuentra tu viaje - Polonia Travel (ES)","og_description":"Encuentra tu viaje Polonia en 5, 8 y 11 d\u00edas \u00bfCu\u00e1ntos d\u00edas se necesita para conocer Polonia? \u00bf5, 8, o m\u00e1s? \u00bfQu\u00e9 ciudades elegir? \u00bfVarsovia o Cracovia? \u00bfY si quiero incluir tambi\u00e9n alg\u00fan espacio natural? La propuesta de viajes a Polonia ofrecida por las agencias de viaje en Espa\u00f1a es cada vez m\u00e1s amplia. Junto [&hellip;]","og_url":"https:\/\/www.polonia.travel\/es\/polonia-en-5-8-y-11-dias\/","og_site_name":"Polonia Travel (ES)","article_published_time":"2024-07-26T08:56:15+00:00","article_modified_time":"2025-01-16T15:54:10+00:00","og_image":[{"width":1900,"height":890,"url":"https:\/\/www.polonia.travel\/es\/wp-content\/uploads\/sites\/18\/2024\/04\/warszawa_wisla_1900x890.jpg","type":"image\/jpeg"}],"twitter_card":"summary_large_image","twitter_misc":{"Napisane przez":"","Szacowany czas czytania":"7 minut"},"schema":{"@context":"https:\/\/schema.org","@graph":[{"@type":"Article","@id":"https:\/\/www.polonia.travel\/es\/polonia-en-5-8-y-11-dias\/#article","isPartOf":{"@id":"https:\/\/www.polonia.travel\/es\/polonia-en-5-8-y-11-dias\/"},"author":{"name":"","@id":""},"headline":"Encuentra tu viaje","datePublished":"2024-07-26T08:56:15+00:00","dateModified":"2025-01-16T15:54:10+00:00","mainEntityOfPage":{"@id":"https:\/\/www.polonia.travel\/es\/polonia-en-5-8-y-11-dias\/"},"wordCount":1093,"commentCount":0,"publisher":{"@id":"https:\/\/www.polonia.travel\/es\/#organization"},"image":{"@id":"https:\/\/www.polonia.travel\/es\/polonia-en-5-8-y-11-dias\/#primaryimage"},"thumbnailUrl":"https:\/\/www.polonia.travel\/es\/wp-content\/uploads\/sites\/18\/2024\/04\/warszawa_wisla_1900x890.jpg","keywords":["es","para-profesionales-de-turismo"],"articleSection":["Ideas y propuestas"],"inLanguage":"pl-PL"},{"@type":"WebPage","@id":"https:\/\/www.polonia.travel\/es\/polonia-en-5-8-y-11-dias\/","url":"https:\/\/www.polonia.travel\/es\/polonia-en-5-8-y-11-dias\/","name":"Encuentra tu viaje - Polonia Travel (ES)","isPartOf":{"@id":"https:\/\/www.polonia.travel\/es\/#website"},"primaryImageOfPage":{"@id":"https:\/\/www.polonia.travel\/es\/polonia-en-5-8-y-11-dias\/#primaryimage"},"image":{"@id":"https:\/\/www.polonia.travel\/es\/polonia-en-5-8-y-11-dias\/#primaryimage"},"thumbnailUrl":"https:\/\/www.polonia.travel\/es\/wp-content\/uploads\/sites\/18\/2024\/04\/warszawa_wisla_1900x890.jpg","datePublished":"2024-07-26T08:56:15+00:00","dateModified":"2025-01-16T15:54:10+00:00","breadcrumb":{"@id":"https:\/\/www.polonia.travel\/es\/polonia-en-5-8-y-11-dias\/#breadcrumb"},"inLanguage":"pl-PL","potentialAction":[{"@type":"ReadAction","target":["https:\/\/www.polonia.travel\/es\/polonia-en-5-8-y-11-dias\/"]}]},{"@type":"ImageObject","inLanguage":"pl-PL","@id":"https:\/\/www.polonia.travel\/es\/polonia-en-5-8-y-11-dias\/#primaryimage","url":"https:\/\/www.polonia.travel\/es\/wp-content\/uploads\/sites\/18\/2024\/04\/warszawa_wisla_1900x890.jpg","contentUrl":"https:\/\/www.polonia.travel\/es\/wp-content\/uploads\/sites\/18\/2024\/04\/warszawa_wisla_1900x890.jpg","width":1900,"height":890},{"@type":"BreadcrumbList","@id":"https:\/\/www.polonia.travel\/es\/polonia-en-5-8-y-11-dias\/#breadcrumb","itemListElement":[{"@type":"ListItem","position":1,"name":"Home page","item":"https:\/\/www.polonia.travel\/es\/"},{"@type":"ListItem","position":2,"name":"Inspiraciones de viaje","item":"https:\/\/www.polonia.travel\/es\/category\/inspiraciones-de-viaje\/"},{"@type":"ListItem","position":3,"name":"Ideas y propuestas","item":"https:\/\/www.polonia.travel\/es\/category\/inspiraciones-de-viaje\/inspirations\/"},{"@type":"ListItem","position":4,"name":"Encuentra tu viaje"}]},{"@type":"WebSite","@id":"https:\/\/www.polonia.travel\/es\/#website","url":"https:\/\/www.polonia.travel\/es\/","name":"Polonia Travel (ES)","description":"...","publisher":{"@id":"https:\/\/www.polonia.travel\/es\/#organization"},"potentialAction":[{"@type":"SearchAction","target":{"@type":"EntryPoint","urlTemplate":"https:\/\/www.polonia.travel\/es\/?s={search_term_string}"},"query-input":{"@type":"PropertyValueSpecification","valueRequired":true,"valueName":"search_term_string"}}],"inLanguage":"pl-PL"},{"@type":"Organization","@id":"https:\/\/www.polonia.travel\/es\/#organization","name":"Polonia Travel (ES)","url":"https:\/\/www.polonia.travel\/es\/","logo":{"@type":"ImageObject","inLanguage":"pl-PL","@id":"https:\/\/www.polonia.travel\/es\/#\/schema\/logo\/image\/","url":"","contentUrl":"","caption":"Polonia Travel (ES)"},"image":{"@id":"https:\/\/www.polonia.travel\/es\/#\/schema\/logo\/image\/"}},{"@type":"Person","@id":""}]}},"_links":{"self":[{"href":"https:\/\/www.polonia.travel\/es\/wp-json\/wp\/v2\/posts\/31493","targetHints":{"allow":["GET"]}}],"collection":[{"href":"https:\/\/www.polonia.travel\/es\/wp-json\/wp\/v2\/posts"}],"about":[{"href":"https:\/\/www.polonia.travel\/es\/wp-json\/wp\/v2\/types\/post"}],"author":[{"embeddable":true,"href":"https:\/\/www.polonia.travel\/es\/wp-json\/wp\/v2\/users\/1"}],"replies":[{"embeddable":true,"href":"https:\/\/www.polonia.travel\/es\/wp-json\/wp\/v2\/comments?post=31493"}],"version-history":[{"count":10,"href":"https:\/\/www.polonia.travel\/es\/wp-json\/wp\/v2\/posts\/31493\/revisions"}],"predecessor-version":[{"id":35788,"href":"https:\/\/www.polonia.travel\/es\/wp-json\/wp\/v2\/posts\/31493\/revisions\/35788"}],"wp:featuredmedia":[{"embeddable":true,"href":"https:\/\/www.polonia.travel\/es\/wp-json\/wp\/v2\/media\/31692"}],"wp:attachment":[{"href":"https:\/\/www.polonia.travel\/es\/wp-json\/wp\/v2\/media?parent=31493"}],"wp:term":[{"taxonomy":"category","embeddable":true,"href":"https:\/\/www.polonia.travel\/es\/wp-json\/wp\/v2\/categories?post=31493"}],"curies":[{"name":"wp","href":"https:\/\/api.w.org\/{rel}","templated":true}]}}