{"id":31487,"date":"2024-07-26T09:18:50","date_gmt":"2024-07-26T07:18:50","guid":{"rendered":"https:\/\/wp-es.poland.travel\/?p=31487"},"modified":"2025-09-02T10:52:21","modified_gmt":"2025-09-02T08:52:21","slug":"visitar-museos-durante-la-navidad","status":"publish","type":"post","link":"https:\/\/www.polonia.travel\/es\/visitar-museos-durante-la-navidad\/","title":{"rendered":"Visitar museos durante la Navidad"},"content":{"rendered":"\n<div class=\"wp-block-group is-style-container-medium\"><div class=\"wp-block-group__inner-container is-layout-constrained wp-block-group-is-layout-constrained\">\n<h2 class=\"wp-block-heading\">Visitar museos durante la Navidad<\/h2>\n\n\n\n<div style=\"height:100px\" aria-hidden=\"true\" class=\"wp-block-spacer is-style-spacer-small\"><\/div>\n\n\n\n<p>En Polonia, los d\u00edas festivos de Navidad y A\u00f1o Nuevo son el <strong>25 y 26 de diciembre<\/strong> y el <strong>1 y 6 de enero<\/strong>. Adem\u00e1s, los d\u00edas <strong>24 y 31 de diciembre<\/strong> los museos y comercios suelen tener horarios reducidos, por lo que no se recomienda programar visitas esos d\u00edas. Entre los destinos m\u00e1s populares para disfrutar en estas fechas se encuentran los museos y palacios que detallamos a continuaci\u00f3n en el caso de que quer\u00e1is escapar del fr\u00edo y disfrutar de un museo:<\/p>\n\n\n\n<div style=\"height:100px\" aria-hidden=\"true\" class=\"wp-block-spacer is-style-spacer-small\"><\/div>\n\n\n\n<h3 class=\"wp-block-heading\">VARSOVIA<\/h3>\n\n\n\n<p><\/p>\n\n\n\n<p><strong>El Castillo Real<\/strong>: Permanecer\u00e1 <strong>cerrado<\/strong> el 24 de diciembre (Nochebuena), el 25 de diciembre (D\u00eda de Navidad), 31 de diciembre (Nochevieja), el 1 (D\u00eda de A\u00f1o Nuevo) y 6 (La Epifan\u00eda o D\u00eda de Reyes) de enero. Hay que tener en cuenta que los <strong>lunes<\/strong> el museo permanece cerrado por mantenimiento. Sin embargo, se mantendr\u00e1 <strong>abierto<\/strong> el 26 de diciembre. <\/p>\n\n\n\n<ul class=\"wp-block-list\">\n<li>El horario actual es de martes a domingo desde las 10.00 hasta las 18:00 (con \u00faltima entrada o pase a la venta a las 17:00). En caso de querer visitar el Palacio con techo de hojalata, el horario de apertura loas mi\u00e9rcoles, s\u00e1bados y domingos es de 10:00 a 18:00 (con \u00faltima venta de entradas a las 17:00). <\/li>\n\n\n\n<li>En el caso de Los Jardines Reales, el jard\u00edn superior como el inferior tienen un horario de apertura de 10:00 a 18:00.<\/li>\n<\/ul>\n<\/div><\/div>\n\n\n\n<div style=\"height:100px\" aria-hidden=\"true\" class=\"wp-block-spacer is-style-spacer-small\"><\/div>\n\n\n\n<div class=\"wp-block-group is-style-container\"><div class=\"wp-block-group__inner-container is-layout-constrained wp-block-group-is-layout-constrained\"><div class=\"wp-block-image\">\n<figure class=\"aligncenter size-large\"><img loading=\"lazy\" decoding=\"async\" width=\"1200\" height=\"900\" src=\"https:\/\/www.polonia.travel\/es\/wp-content\/uploads\/sites\/18\/2024\/07\/DSC_6118_Warszawa_Jarmark-Bozonarodzeniowy-1200x900.jpg\" alt=\"\" class=\"wp-image-36056\" srcset=\"https:\/\/www.polonia.travel\/es\/wp-content\/uploads\/sites\/18\/2024\/07\/DSC_6118_Warszawa_Jarmark-Bozonarodzeniowy-1200x900.jpg 1200w, https:\/\/www.polonia.travel\/es\/wp-content\/uploads\/sites\/18\/2024\/07\/DSC_6118_Warszawa_Jarmark-Bozonarodzeniowy-600x450.jpg 600w, https:\/\/www.polonia.travel\/es\/wp-content\/uploads\/sites\/18\/2024\/07\/DSC_6118_Warszawa_Jarmark-Bozonarodzeniowy-768x576.jpg 768w, https:\/\/www.polonia.travel\/es\/wp-content\/uploads\/sites\/18\/2024\/07\/DSC_6118_Warszawa_Jarmark-Bozonarodzeniowy-1536x1152.jpg 1536w, https:\/\/www.polonia.travel\/es\/wp-content\/uploads\/sites\/18\/2024\/07\/DSC_6118_Warszawa_Jarmark-Bozonarodzeniowy-2048x1536.jpg 2048w, https:\/\/www.polonia.travel\/es\/wp-content\/uploads\/sites\/18\/2024\/07\/DSC_6118_Warszawa_Jarmark-Bozonarodzeniowy-1920x1440.jpg 1920w\" sizes=\"auto, (max-width: 1200px) 100vw, 1200px\" \/><figcaption class=\"wp-element-caption\">Castillo Real de Varsovia<\/figcaption><\/figure><\/div><\/div><\/div>\n\n\n\n<div style=\"height:100px\" aria-hidden=\"true\" class=\"wp-block-spacer is-style-spacer-small\"><\/div>\n\n\n\n<div class=\"wp-block-group is-style-container-medium\"><div class=\"wp-block-group__inner-container is-layout-constrained wp-block-group-is-layout-constrained\">\n<p><strong>El Museo Polin<\/strong>: Permanecer\u00e1 <strong>cerrado<\/strong> el 24 de diciembre (Nochebuena), el 25 y 26 de diciembre (Navidad), el 31 de diciembre y el 1 de enero. El museo permanecer\u00e1 <strong>abierto<\/strong> el 29 de diciembre y el 30 de diciembre. Los d\u00edas de festivos nacionales y los martes el museo permanece cerrado.<\/p>\n\n\n\n<ul class=\"wp-block-list\">\n<li>Lunes, mi\u00e9rcoles, jueves y domingo, el museo permanecer\u00e1 abierto en un horario de&nbsp;10:00 a 18:00 horas.<\/li>\n\n\n\n<li>Los s\u00e1bados, el museo permanecer\u00e1 abierto en un horario de 10:00 a 20:00 horas.<\/li>\n\n\n\n<li>La \u00faltima venta de entradas se efect\u00faa 1 hora y 30 minutos antes del cierre de instalaciones.<\/li>\n<\/ul>\n\n\n\n<div style=\"height:100px\" aria-hidden=\"true\" class=\"wp-block-spacer is-style-spacer-small\"><\/div>\n\n\n\n<p><strong>El Museo del Levantamiento<\/strong>: Permanecer\u00e1 <strong>cerrado<\/strong> el 24 de diciembre (Nochebuena) y el 25 de diciembre (Navidad), el 31 de diciembre, el 1 y 6 de enero. El museo permanece cerrado todos los martes.<\/p>\n\n\n\n<ul class=\"wp-block-list\">\n<li>El horario actual del museo es lunes, mi\u00e9rcoles y viernes con un horario de 08:00 hasta las 18:00. Los jueves alargan su horario, permaneciendo abierto desde las 08:00 hasta las 20:00.<\/li>\n\n\n\n<li>Los s\u00e1bados y domingos, el horario es m\u00e1s corto, por lo que las instalaciones se mantienen abiertas desde las 10:00 hasta las 18:00.<\/li>\n\n\n\n<li>La \u00faltima venta de entradas se efect\u00faa 2 horas antes del cierre de las instalaciones.<\/li>\n<\/ul>\n\n\n\n<div style=\"height:100px\" aria-hidden=\"true\" class=\"wp-block-spacer is-style-spacer-small\"><\/div>\n\n\n\n<p><strong>El Palacio de Wilan\u00f3w<\/strong>&nbsp;estar\u00e1 <strong>cerrado<\/strong> del 16 de diciembre al 1 de enero del 2025. Del 2 de noviembre hasta la pr\u00f3xima apertura, el horario del Parque y el Palacio es de 09:00 a 15:00 (con cierre de taquilla a las 15:00).<\/p>\n\n\n\n<ul class=\"wp-block-list\">\n<li>Las entradas al Palacio y al Parque se pueden adquirir en taquilla y en las m\u00e1quinas expendedoras de billetes, a trav\u00e9s de pago con tarjeta. Las entradas solo se pueden adquirir dentro de las instalaciones.<\/li>\n\n\n\n<li>El horario habitual de jueves a martes es de 10:00 a 16:00, con \u00faltima venta de entradas a las 15:00.<\/li>\n\n\n\n<li>Los mi\u00e9rcoles, el horario habitual es de 10:00 a 18:00, con \u00faltima venta de entradas a las 17:00.<\/li>\n<\/ul>\n\n\n\n<p>El Parque Real y el <strong>Jard\u00edn de Luces<\/strong> abre todos los d\u00edas (a partir del 19 de octubre), salvo el 24 y el 31 de diciembre. A partir de noviembre el Jard\u00edn de Luces se ilumina de 16.00 a 21.00 (\u00faltima entrada a las 20.30) Las instalaciones se podr\u00e1n visitar hasta el 28 de febrero del 2025. Los fines de semana, en la fachada del palacio se proyectan espect\u00e1culos de mapping: de noviembre a enero cada media hora desde las 17.30 hasta las 20.30 h.<\/p>\n<\/div><\/div>\n\n\n\n<div style=\"height:100px\" aria-hidden=\"true\" class=\"wp-block-spacer is-style-spacer-small\"><\/div>\n\n\n\n<div class=\"wp-block-group is-style-container\"><div class=\"wp-block-group__inner-container is-layout-constrained wp-block-group-is-layout-constrained\"><div class=\"wp-block-image\">\n<figure class=\"aligncenter size-large\"><img loading=\"lazy\" decoding=\"async\" width=\"1200\" height=\"465\" src=\"https:\/\/www.polonia.travel\/es\/wp-content\/uploads\/sites\/18\/2023\/01\/WILANOW-ILUMINACJE_9951-1200x465.jpg\" alt=\"\" class=\"wp-image-18786\" srcset=\"https:\/\/www.polonia.travel\/es\/wp-content\/uploads\/sites\/18\/2023\/01\/WILANOW-ILUMINACJE_9951-1200x465.jpg 1200w, https:\/\/www.polonia.travel\/es\/wp-content\/uploads\/sites\/18\/2023\/01\/WILANOW-ILUMINACJE_9951-600x233.jpg 600w, https:\/\/www.polonia.travel\/es\/wp-content\/uploads\/sites\/18\/2023\/01\/WILANOW-ILUMINACJE_9951-768x298.jpg 768w, https:\/\/www.polonia.travel\/es\/wp-content\/uploads\/sites\/18\/2023\/01\/WILANOW-ILUMINACJE_9951-1536x595.jpg 1536w, https:\/\/www.polonia.travel\/es\/wp-content\/uploads\/sites\/18\/2023\/01\/WILANOW-ILUMINACJE_9951.jpg 1920w\" sizes=\"auto, (max-width: 1200px) 100vw, 1200px\" \/><figcaption class=\"wp-element-caption\">Jard\u00edn de Luces en el Parque Real de Wilan\u00f3w<\/figcaption><\/figure><\/div><\/div><\/div>\n\n\n\n<div style=\"height:100px\" aria-hidden=\"true\" class=\"wp-block-spacer is-style-spacer-small\"><\/div>\n\n\n\n<div class=\"wp-block-group is-style-container-medium\"><div class=\"wp-block-group__inner-container is-layout-constrained wp-block-group-is-layout-constrained\">\n<h3 class=\"wp-block-heading\">CRACOVIA<\/h3>\n<\/div><\/div>\n\n\n\n<div class=\"wp-block-group is-style-container-medium\"><div class=\"wp-block-group__inner-container is-layout-constrained wp-block-group-is-layout-constrained\">\n<p><strong>El Castillo de Wawel<\/strong>: Permanecer\u00e1 <strong>cerrado<\/strong> el 24, 25 de diciembre y 1 de enero. Debido a la variedad de entradas, se puede consultar m\u00e1s informaci\u00f3n sobre los horarios disponible en la <a href=\"https:\/\/wawel.krakow.pl\/en\/what-to-see\" target=\"_blank\" rel=\"noreferrer noopener\">p\u00e1gina oficial del castillo.<\/a><\/p>\n\n\n\n<ul class=\"wp-block-list\">\n<li>Abre todos los d\u00edas de 09:00 a 17:30 h, excepto los lunes, cuyo horario habitual es de 09:30 a 13:00.&nbsp;La \u00faltima venta de entradas se efect\u00faa 30 minutos antes del cierre de las instalaciones.<\/li>\n<\/ul>\n<\/div><\/div>\n\n\n\n<div style=\"height:100px\" aria-hidden=\"true\" class=\"wp-block-spacer is-style-spacer-small\"><\/div>\n\n\n\n<div class=\"wp-block-group is-style-container\"><div class=\"wp-block-group__inner-container is-layout-constrained wp-block-group-is-layout-constrained\"><div class=\"wp-block-image\">\n<figure class=\"aligncenter size-large\"><img loading=\"lazy\" decoding=\"async\" width=\"1200\" height=\"421\" src=\"https:\/\/www.polonia.travel\/es\/wp-content\/uploads\/sites\/18\/2023\/02\/49360654_Krakow_Wawel_zima-1200x421.jpg\" alt=\"wawel zim\u0105\" class=\"wp-image-19487\" srcset=\"https:\/\/www.polonia.travel\/es\/wp-content\/uploads\/sites\/18\/2023\/02\/49360654_Krakow_Wawel_zima-1200x421.jpg 1200w, https:\/\/www.polonia.travel\/es\/wp-content\/uploads\/sites\/18\/2023\/02\/49360654_Krakow_Wawel_zima-600x211.jpg 600w, https:\/\/www.polonia.travel\/es\/wp-content\/uploads\/sites\/18\/2023\/02\/49360654_Krakow_Wawel_zima-768x270.jpg 768w, https:\/\/www.polonia.travel\/es\/wp-content\/uploads\/sites\/18\/2023\/02\/49360654_Krakow_Wawel_zima-1536x539.jpg 1536w, https:\/\/www.polonia.travel\/es\/wp-content\/uploads\/sites\/18\/2023\/02\/49360654_Krakow_Wawel_zima.jpg 1920w\" sizes=\"auto, (max-width: 1200px) 100vw, 1200px\" \/><figcaption class=\"wp-element-caption\">Castillo de Wawel, Cracovia.<\/figcaption><\/figure><\/div><\/div><\/div>\n\n\n\n<div style=\"height:100px\" aria-hidden=\"true\" class=\"wp-block-spacer is-style-spacer-small\"><\/div>\n\n\n\n<div class=\"wp-block-group is-style-container-medium\"><div class=\"wp-block-group__inner-container is-layout-constrained wp-block-group-is-layout-constrained\">\n<p><strong>El Museo de los Pr\u00edncipes Czartoryski (Museo Nacional)<\/strong>: Permanecer\u00e1 <strong>cerrado<\/strong> el 24, 25 de diciembre y 1 de enero. El 26 y el 31 de diciembre y el 6 de enero abre en horario reducido: el 26 de diciembre y el 6 de enero de 9.00 a 16.00; el 31 de diciembre (San Silvestre) de 9.00 a 14.00. <\/p>\n\n\n\n<ul class=\"wp-block-list\">\n<li>Los lunes el museo permanece cerrado. Y los martes, la entrada en gratuita para las exposiciones.<\/li>\n\n\n\n<li>De martes a domingo, el museo permanecer\u00e1 abierto de 10:00 a 18:00, con cierre de taquilla y \u00faltima admisi\u00f3n 40 minutos antes del cierre.<\/li>\n\n\n\n<li>Debido a la variedad de entradas, se puede consultar m\u00e1s informaci\u00f3n sobre los horarios disponible en la <a href=\"https:\/\/mnk.pl\/en\/branches\" target=\"_blank\" rel=\"noreferrer noopener\">p\u00e1gina oficial<\/a><a href=\"https:\/\/wawel.krakow.pl\/en\/what-to-see\" target=\"_blank\" rel=\"noreferrer noopener\">.<\/a><\/li>\n<\/ul>\n\n\n\n<div style=\"height:100px\" aria-hidden=\"true\" class=\"wp-block-spacer is-style-spacer-small\"><\/div>\n\n\n\n<p><strong>La F\u00e1brica de Oscar Schindler (Museo Municipal):<\/strong>&nbsp;Permanece <strong>cerrado<\/strong> del 24 y el 25 de diciembre y 1 de enero. Obviando estas fechas, el museo permanece abierto de lunes a domingo. Para poder acudir al museo es recomendable realizar una reserva previa de las entradas.<\/p>\n\n\n\n<ul class=\"wp-block-list\">\n<li>Los lunes, el museo permanece abierto de 10:00 a 14:00, con \u00faltima venta de entradas a las 12:30.<\/li>\n\n\n\n<li>Los martes, mi\u00e9rcoles y jueves el museo permanece abierto de 09:00 a 19:00, con \u00faltima venta de entradas a las 17:30.<\/li>\n\n\n\n<li>De viernes a domingo el museo mantiene un horario de 09:00 a 20:00, con \u00faltimo pase a las 18:30.<\/li>\n<\/ul>\n\n\n\n<div style=\"height:100px\" aria-hidden=\"true\" class=\"wp-block-spacer is-style-spacer-small\"><\/div>\n\n\n\n<p><strong>El Palacio Krzysztofory (Museo Municipal) <\/strong>. Sede donde se expone la colecci\u00f3n de los belenes participantes en el <a href=\"https:\/\/www.polonia.travel\/es\/los-belenes-de-cracovia-patrimonio-no-material-de-la-unesco\/\">Concurso de Belenes de Cracovia<\/a>, una tradici\u00f3n centenaria que ahora contempla la UNESCO desde 2018. El museo permanece <strong>cerrado<\/strong> los lunes, el 24, 25, 26 y 31 de diciembre, adem\u00e1s del 1 de enero.<\/p>\n\n\n\n<ul class=\"wp-block-list\">\n<li>Su horario habitual de martes a domingo es de 10:00 a 18:00, con \u00faltima venta de entradas 90 minutos antes del cierre de las instalaciones.<\/li>\n<\/ul>\n<\/div><\/div>\n\n\n\n<div style=\"height:100px\" aria-hidden=\"true\" class=\"wp-block-spacer is-style-spacer-small\"><\/div>\n\n\n\n<div class=\"wp-block-group is-style-container\"><div class=\"wp-block-group__inner-container is-layout-constrained wp-block-group-is-layout-constrained\"><div class=\"wp-block-image\">\n<figure class=\"aligncenter size-large\"><img loading=\"lazy\" decoding=\"async\" width=\"1200\" height=\"800\" src=\"https:\/\/www.polonia.travel\/es\/wp-content\/uploads\/sites\/18\/2024\/07\/szp_0107_fot_Robert-Sluszniak_-dla-Krakowskiego-Biura-Festiwaloweg-1200x800.jpg\" alt=\"\" class=\"wp-image-36057\" srcset=\"https:\/\/www.polonia.travel\/es\/wp-content\/uploads\/sites\/18\/2024\/07\/szp_0107_fot_Robert-Sluszniak_-dla-Krakowskiego-Biura-Festiwaloweg-1200x800.jpg 1200w, https:\/\/www.polonia.travel\/es\/wp-content\/uploads\/sites\/18\/2024\/07\/szp_0107_fot_Robert-Sluszniak_-dla-Krakowskiego-Biura-Festiwaloweg-600x400.jpg 600w, https:\/\/www.polonia.travel\/es\/wp-content\/uploads\/sites\/18\/2024\/07\/szp_0107_fot_Robert-Sluszniak_-dla-Krakowskiego-Biura-Festiwaloweg-768x512.jpg 768w, https:\/\/www.polonia.travel\/es\/wp-content\/uploads\/sites\/18\/2024\/07\/szp_0107_fot_Robert-Sluszniak_-dla-Krakowskiego-Biura-Festiwaloweg-1536x1024.jpg 1536w, https:\/\/www.polonia.travel\/es\/wp-content\/uploads\/sites\/18\/2024\/07\/szp_0107_fot_Robert-Sluszniak_-dla-Krakowskiego-Biura-Festiwaloweg-2048x1366.jpg 2048w, https:\/\/www.polonia.travel\/es\/wp-content\/uploads\/sites\/18\/2024\/07\/szp_0107_fot_Robert-Sluszniak_-dla-Krakowskiego-Biura-Festiwaloweg-1920x1280.jpg 1920w\" sizes=\"auto, (max-width: 1200px) 100vw, 1200px\" \/><figcaption class=\"wp-element-caption\">Exposici\u00f3n de Belenes de Cracovia<\/figcaption><\/figure><\/div><\/div><\/div>\n\n\n\n<div style=\"height:100px\" aria-hidden=\"true\" class=\"wp-block-spacer is-style-spacer-small\"><\/div>\n\n\n\n<div class=\"wp-block-group is-style-container-medium\"><div class=\"wp-block-group__inner-container is-layout-constrained wp-block-group-is-layout-constrained\">\n<p><strong>La Mina de Sal de Wieliczka<\/strong>:\u00a0La mina permanecer\u00e1 <strong>cerrada<\/strong> el 24 de diciembre (Nochebuena) y el 25 de diciembre (Navidad) y el 1 de enero (A\u00f1o Nuevo).<\/p>\n\n\n\n<ul class=\"wp-block-list\">\n<li>Las visitas guiadas en espa\u00f1ol durante los meses de invierno son a las 12.45 y a las 15.45. Se requiere reserva previa:\u00a0<a href=\"https:\/\/www.laminadesalwieliczka.es\/turista-individual\/informacion-practica\/precios-de-las-entradas-y-horario-de-visita?_ga=2.182478694.1707502631.1669292032-1084660868.1668609321\">entradas online<\/a>.<\/li>\n\n\n\n<li>En caso de querer realizar la visita en ingl\u00e9s, aunque las instalaciones est\u00e9n abiertas de 08:00 a 18:00, la primera visita guiada comienza a las 08:30, con una frecuencia de 30 minutos entre grupo y grupo.<\/li>\n<\/ul>\n<\/div><\/div>\n\n\n\n<div class=\"wp-block-group is-style-container-medium\"><div class=\"wp-block-group__inner-container is-layout-constrained wp-block-group-is-layout-constrained\">\n<div style=\"height:100px\" aria-hidden=\"true\" class=\"wp-block-spacer is-style-spacer-small\"><\/div>\n\n\n\n<p><strong>Museo Estatal del antiguo Campo de Concentraci\u00f3n nazi Auschwitz-Birkenau<\/strong>: Permanece <strong>cerrado<\/strong> el 25 de diciembre y el 1 de enero. Se recomienda reservar las entradas con antelaci\u00f3n, y m\u00e1s si se quiere realizar con gu\u00eda en espa\u00f1ol.<\/p>\n\n\n\n<ul class=\"wp-block-list\">\n<li>El horario de las instalaciones el mes de diciembre es de 07:30 a 14:00, con \u00faltima admisi\u00f3n 1 hora antes.<\/li>\n\n\n\n<li>El horario de las instalaciones en noviembre y enero es de 07:30 a 15:00, con \u00faltima admisi\u00f3n 1 hora antes.<\/li>\n<\/ul>\n\n\n\n<div style=\"height:100px\" aria-hidden=\"true\" class=\"wp-block-spacer is-style-spacer-medium\"><\/div>\n\n\n\n<h3 class=\"wp-block-heading\">GDANSK<\/h3>\n\n\n\n<p><strong>El Museo del \u00c1mbar<\/strong>: Las instalaciones permanecer\u00e1n <strong>cerradas<\/strong> los d\u00edas 24, 25 y 31 de diciembre, y los 1 y 6 de enero.<\/p>\n\n\n\n<ul class=\"wp-block-list\">\n<li>El horario de del martes al domingo es de 10:00 a 18:00.<\/li>\n\n\n\n<li>Los lunes el museo permanecer\u00e1 abierto de 12:00 a 18:00, con entrada gratuita durante todo el d\u00eda.<\/li>\n<\/ul>\n<\/div><\/div>\n\n\n\n<div style=\"height:100px\" aria-hidden=\"true\" class=\"wp-block-spacer is-style-spacer-small\"><\/div>\n\n\n\n<div class=\"wp-block-group is-style-container\"><div class=\"wp-block-group__inner-container is-layout-constrained wp-block-group-is-layout-constrained\"><div class=\"wp-block-image\">\n<figure class=\"aligncenter size-full\"><img loading=\"lazy\" decoding=\"async\" width=\"1170\" height=\"780\" src=\"https:\/\/www.polonia.travel\/es\/wp-content\/uploads\/sites\/18\/2023\/07\/muzeum_bursztynu_w_gdansku_1170-1.jpg\" alt=\"\" class=\"wp-image-28516\" srcset=\"https:\/\/www.polonia.travel\/es\/wp-content\/uploads\/sites\/18\/2023\/07\/muzeum_bursztynu_w_gdansku_1170-1.jpg 1170w, https:\/\/www.polonia.travel\/es\/wp-content\/uploads\/sites\/18\/2023\/07\/muzeum_bursztynu_w_gdansku_1170-1-600x400.jpg 600w, https:\/\/www.polonia.travel\/es\/wp-content\/uploads\/sites\/18\/2023\/07\/muzeum_bursztynu_w_gdansku_1170-1-768x512.jpg 768w\" sizes=\"auto, (max-width: 1170px) 100vw, 1170px\" \/><figcaption class=\"wp-element-caption\">Museo del \u00c1mbar, Gdansk<\/figcaption><\/figure><\/div><\/div><\/div>\n\n\n\n<div style=\"height:100px\" aria-hidden=\"true\" class=\"wp-block-spacer is-style-spacer-small\"><\/div>\n\n\n\n<div class=\"wp-block-group is-style-container-medium\"><div class=\"wp-block-group__inner-container is-layout-constrained wp-block-group-is-layout-constrained\">\n<p><strong>El Museo de la Segunda Guerra Mundial<\/strong>: EL museo permanecer\u00e1 cerrado el 24, 25, 26 y 31 de diciembre, incluyendo el 1 de enero. Los lunes las instalaciones se mantendr\u00e1n cerradas por mantenimiento.<\/p>\n\n\n\n<ul class=\"wp-block-list\">\n<li>El horario de invierno los martes es de 10:00 a 16:00, con cierre de taquillas a las 15:00.<\/li>\n\n\n\n<li>El horario de invierno, de mi\u00e9rcoles a domingo es de 10:00 a 18:00, con cierre de taquillas 1 hora antes.<\/li>\n<\/ul>\n\n\n\n<div style=\"height:100px\" aria-hidden=\"true\" class=\"wp-block-spacer is-style-spacer-small\"><\/div>\n\n\n\n<p><strong>El Centro Europeo de Solidarno\u015b\u0107 (ECS)<\/strong>: Las instalaciones permanecer\u00e1n cerradas los d\u00edas 24, 25 y 26 de diciembre, incluyendo el 1 y 6 de enero.<\/p>\n\n\n\n<ul class=\"wp-block-list\">\n<li>La exposici\u00f3n permanente en el astillero los lunes, mi\u00e9rcoles, jueves y viernes tiene un horario de 10:00 a 17:00. Los martes, s\u00e1bados y domingos desde las 10:00 a 18:00.<\/li>\n\n\n\n<li>La plataforma de observaci\u00f3n permanecer\u00e1 abierta siempre que el clima lo permita. De lunes a viernes tendr\u00e1 un horario de 10:00 a 17:00, mientras que los s\u00e1bados y domingos de 10:00 a 18:00.<\/li>\n\n\n\n<li>El horario del edificio es de lunes a viernes de 10:00 a 18:00, mientras que los s\u00e1bados y domingos es de 10:00 a 19:00.<\/li>\n<\/ul>\n\n\n\n<div style=\"height:100px\" aria-hidden=\"true\" class=\"wp-block-spacer is-style-spacer-medium\"><\/div>\n\n\n\n<h3 class=\"wp-block-heading\">WROCLAW (BRESLAVIA)<\/h3>\n\n\n\n<p><strong>El Museo de la Universidad de Wroclaw (Aula Leopoldina)<\/strong>: Permanecer\u00e1 <strong>cerrado<\/strong> todos los mi\u00e9rcoles, festivos, S\u00e1bado Santo y Nochebuena. Durante la Navidad cierra los 24, 25 y 26 de diciembre y los 1 y 6 de enero.<\/p>\n\n\n\n<ul class=\"wp-block-list\">\n<li>El museo desde el mes de octubre hasta abril permanecer\u00e1 abierto todos los d\u00edas, excepto los mi\u00e9rcoles, con un horario habitual de 10:00 a 16:00.<\/li>\n\n\n\n<li>La taquilla cierra 30 minutos antes del cierre de las instalaciones.<\/li>\n<\/ul>\n\n\n\n<div style=\"height:100px\" aria-hidden=\"true\" class=\"wp-block-spacer is-style-spacer-small\"><\/div>\n\n\n\n<p><strong>Panorama Raclawicka (Museo Nacional)<\/strong>: Durante los meses de invierno, las instalaciones permanecen cerradas el 25 y 26 de diciembre, adem\u00e1s del 1 de enero. El museo tambi\u00e9n cierra todos los lunes.<\/p>\n\n\n\n<ul class=\"wp-block-list\">\n<li>El 24 y 31 de diciembre el museo mantiene un horario de 09:00 a 14:30.<\/li>\n\n\n\n<li>De martes a viernes, incluyendo el domingo, el horario habitual es de 09:30 a 16:00.<\/li>\n\n\n\n<li>Los s\u00e1bados el horario habitual es de 09:30 a 17:00.<\/li>\n<\/ul>\n\n\n\n<div style=\"height:100px\" aria-hidden=\"true\" class=\"wp-block-spacer is-style-spacer-small\"><\/div>\n\n\n\n<p><strong>Kolejkowo<\/strong>: Permanece abiertos todos los d\u00edas de la semana, incluidos los d\u00edas festivos. De lunes a viernes, las instalaciones permanecer\u00e1n abiertas de 10:00 a 18:00. Los s\u00e1bados y domingos de 10:00 a 19:00.<\/p>\n\n\n\n<ul class=\"wp-block-list\">\n<li>En a\u00f1os posteriores, el 24 y 25 de diciembre, as\u00ed como el 1 de enero, las instalaciones han mantenido un horario de 10:00 a 18:00.<\/li>\n\n\n\n<li>El 31 de diciembre suele mantener el horario de 10:00 a 19:00.<\/li>\n<\/ul>\n<\/div><\/div>\n\n\n\n<div style=\"height:100px\" aria-hidden=\"true\" class=\"wp-block-spacer is-style-spacer-small\"><\/div>\n\n\n\n<div class=\"wp-block-group is-style-container\"><div class=\"wp-block-group__inner-container is-layout-constrained wp-block-group-is-layout-constrained\"><div class=\"wp-block-image\">\n<figure class=\"aligncenter size-full\"><img loading=\"lazy\" decoding=\"async\" width=\"1170\" height=\"780\" src=\"https:\/\/www.polonia.travel\/es\/wp-content\/uploads\/sites\/18\/2022\/12\/kolejkowo_piernikowe_6_1170.jpg\" alt=\"\" class=\"wp-image-8732\" srcset=\"https:\/\/www.polonia.travel\/es\/wp-content\/uploads\/sites\/18\/2022\/12\/kolejkowo_piernikowe_6_1170.jpg 1170w, https:\/\/www.polonia.travel\/es\/wp-content\/uploads\/sites\/18\/2022\/12\/kolejkowo_piernikowe_6_1170-600x400.jpg 600w, https:\/\/www.polonia.travel\/es\/wp-content\/uploads\/sites\/18\/2022\/12\/kolejkowo_piernikowe_6_1170-768x512.jpg 768w\" sizes=\"auto, (max-width: 1170px) 100vw, 1170px\" \/><figcaption class=\"wp-element-caption\">Kolejkowo &#8211; Wroclaw en miniatura<\/figcaption><\/figure><\/div><\/div><\/div>\n\n\n\n<div style=\"height:100px\" aria-hidden=\"true\" class=\"wp-block-spacer is-style-spacer-small\"><\/div>\n\n\n\n<div class=\"wp-block-group is-style-container-medium\"><div class=\"wp-block-group__inner-container is-layout-constrained wp-block-group-is-layout-constrained\">\n<p>Los <strong>comercios<\/strong> abrir\u00e1n todos los d\u00edas excepto los festivos mencionados y con horario reducido el 24 y el 31 de diciembre. Aunque los domingos las tiendas cierran, en diciembre abrir\u00e1n el 15 y 22. El horario m\u00e1s amplio lo ofrecen las grandes superficies (en algunas ciudades hasta las 22.00 horas) y supermercados (algunos hasta las 23.00 horas).<\/p>\n<\/div><\/div>\n\n\n\n<div style=\"height:31px\" aria-hidden=\"true\" class=\"wp-block-spacer is-style-spacer-medium\"><\/div>\n\n\n\n<div class=\"wp-block-group has-background\" style=\"background-color:#eeeeee\"><div class=\"wp-block-group__inner-container is-layout-constrained wp-block-group-is-layout-constrained\">\n<div style=\"height:100px\" aria-hidden=\"true\" class=\"wp-block-spacer is-style-spacer-small\"><\/div>\n\n\n\n<div class=\"wp-block-group is-style-container\"><div class=\"wp-block-group__inner-container is-layout-constrained wp-block-group-is-layout-constrained\">\n<h3 class=\"wp-block-heading\">Lee m\u00e1s art\u00edculos<\/h3>\n\n\n\n<div style=\"height:100px\" aria-hidden=\"true\" class=\"wp-block-spacer is-style-spacer-small\"><\/div>\n\n\n<div class=\"overflow\">\n  <div class=\"post-slider swiper post-slider--small\" data-schema=\"small\">\n\n    <div class=\"swiper-wrapper\">\n              <div class=\"swiper-slide post-slide\">\n                      <a href=\"https:\/\/www.polonia.travel\/es\/escapada-de-relax\/\" class=\"post-box post-box--small\" style=\" background-image: url(https:\/\/www.polonia.travel\/es\/wp-content\/uploads\/sites\/18\/2025\/12\/44HOTEL-BANIA-TERMA-XII-2014-fot.Szymon-Polanski_HR_540x360.jpg);\">\n          <div class=\"post-box__hover\" style=\"background-image: url(https:\/\/www.polonia.travel\/es\/wp-content\/uploads\/sites\/18\/2025\/12\/05551_Morskie-OKO_radosc-o-poranku_AB_HR-600x400.jpg);\"><\/div>\n        <div class=\"post-box__info\">\n            <div class=\"post-box__title\">Escapada de relax<\/div>\n      <div class=\"post-box__more\">Leer m\u00e1s<\/div>\n    <\/div>\n  <\/a>\n\n          <\/div>\n              <div class=\"swiper-slide post-slide\">\n                      <a href=\"https:\/\/www.polonia.travel\/es\/varsovia-en-navidad-que-ver-y-hacer\/\" class=\"post-box post-box--small\" style=\" background-image: url(https:\/\/www.polonia.travel\/es\/wp-content\/uploads\/sites\/18\/2025\/10\/AdobeStock_375119766_jarmark_warszawa-1-600x401.jpeg);\">\n          <div class=\"post-box__hover\" style=\"background-image: url(https:\/\/www.polonia.travel\/es\/wp-content\/uploads\/sites\/18\/2024\/04\/318406124_5936882433001013_596103337508842529_n-600x401.jpg);\"><\/div>\n        <div class=\"post-box__info\">\n            <div class=\"post-box__title\">Varsovia en Navidad. Qu\u00e9 ver y hacer<\/div>\n      <div class=\"post-box__more\">Leer m\u00e1s<\/div>\n    <\/div>\n  <\/a>\n\n          <\/div>\n              <div class=\"swiper-slide post-slide\">\n                      <a href=\"https:\/\/www.polonia.travel\/es\/invierno-en-wroclaw\/\" class=\"post-box post-box--small\" style=\" background-image: url(https:\/\/www.polonia.travel\/es\/wp-content\/uploads\/sites\/18\/2022\/12\/jarmarki_bozonarodzeniowe_wroclaw_1_1170-600x400.jpg);\">\n          <div class=\"post-box__hover\" style=\"background-image: url(https:\/\/www.polonia.travel\/es\/wp-content\/uploads\/sites\/18\/2024\/04\/Mercadillo20Wroclaw20500x32720093_Boze_Narodzenie_Wroclaw.jpg);\"><\/div>\n        <div class=\"post-box__info\">\n            <div class=\"post-box__title\">Invierno en Wroclaw<\/div>\n      <div class=\"post-box__more\">Leer m\u00e1s<\/div>\n    <\/div>\n  <\/a>\n\n          <\/div>\n              <div class=\"swiper-slide post-slide\">\n                      <a href=\"https:\/\/www.polonia.travel\/es\/la-navidad-esta-servida\/\" class=\"post-box post-box--small\" style=\" background-image: url(https:\/\/www.polonia.travel\/es\/wp-content\/uploads\/sites\/18\/2024\/04\/56_Fotolia_kulinarne_Barszcz_z_uszkami_HR-1-600x400.jpg);\">\n          <div class=\"post-box__hover\" style=\"background-image: url(https:\/\/www.polonia.travel\/es\/wp-content\/uploads\/sites\/18\/2023\/07\/TRADITION_0001_304715171_Wigilia_oplatek_Adobe-600x400.jpg);\"><\/div>\n        <div class=\"post-box__info\">\n            <div class=\"post-box__title\">La Navidad est\u00e1 servida<\/div>\n      <div class=\"post-box__more\">Leer m\u00e1s<\/div>\n    <\/div>\n  <\/a>\n\n          <\/div>\n              <div class=\"swiper-slide post-slide\">\n                      <a href=\"https:\/\/www.polonia.travel\/es\/visitar-museos-durante-la-navidad\/\" class=\"post-box post-box--small\" style=\" background-image: url(https:\/\/www.polonia.travel\/es\/wp-content\/uploads\/sites\/18\/2024\/07\/1948_POT-SZOPKI_HR-600x400.jpg);\">\n          <div class=\"post-box__hover\" style=\"background-image: url(https:\/\/www.polonia.travel\/es\/wp-content\/uploads\/sites\/18\/2024\/04\/Kolejkowo20-20zima530x360.jpg);\"><\/div>\n        <div class=\"post-box__info\">\n            <div class=\"post-box__title\">Visitar museos durante la Navidad<\/div>\n      <div class=\"post-box__more\">Leer m\u00e1s<\/div>\n    <\/div>\n  <\/a>\n\n          <\/div>\n              <div class=\"swiper-slide post-slide\">\n                      <a href=\"https:\/\/www.polonia.travel\/es\/el-efimero-arte-encantado-en-el-hielo\/\" class=\"post-box post-box--small\" style=\" background-image: url(https:\/\/www.polonia.travel\/es\/wp-content\/uploads\/sites\/18\/2024\/04\/Festival20Internacional20de20Esculturas20de20Hielo20en20Poznan20500x33420750_1168.jpg);\">\n          <div class=\"post-box__hover\" style=\"background-image: url(https:\/\/www.polonia.travel\/es\/wp-content\/uploads\/sites\/18\/2024\/04\/FestiwalRzezbyLodowej540-1.jpg);\"><\/div>\n        <div class=\"post-box__info\">\n            <div class=\"post-box__title\">El ef\u00edmero arte encantado en el hielo<\/div>\n      <div class=\"post-box__more\">Leer m\u00e1s<\/div>\n    <\/div>\n  <\/a>\n\n          <\/div>\n              <div class=\"swiper-slide post-slide\">\n                      <a href=\"https:\/\/www.polonia.travel\/es\/los-belenes-de-cracovia-patrimonio-no-material-de-la-unesco\/\" class=\"post-box post-box--small\" style=\" background-image: url(https:\/\/www.polonia.travel\/es\/wp-content\/uploads\/sites\/18\/2024\/04\/szopki20krakowskie20540x380.jpg);\">\n          <div class=\"post-box__hover\" style=\"background-image: url(https:\/\/www.polonia.travel\/es\/wp-content\/uploads\/sites\/18\/2023\/07\/jarmarki_bozonarodzeniowe_krakow_1170-600x400.jpg);\"><\/div>\n        <div class=\"post-box__info\">\n            <div class=\"post-box__title\">Los belenes de Cracovia, Patrimonio no material de la UNESCO<\/div>\n      <div class=\"post-box__more\">Leer m\u00e1s<\/div>\n    <\/div>\n  <\/a>\n\n          <\/div>\n          <\/div>\n    <div class=\"post-slider__pagination\"><\/div>\n  <\/div>\n<\/div>\n<\/div><\/div>\n\n\n\n<div style=\"height:100px\" aria-hidden=\"true\" class=\"wp-block-spacer is-style-spacer-small\"><\/div>\n<\/div><\/div>\n","protected":false},"excerpt":{"rendered":"<p>Visitar museos durante la Navidad En Polonia, los d\u00edas festivos de Navidad y A\u00f1o Nuevo son el 25 y 26 de diciembre y el 1 y 6 de enero. Adem\u00e1s, los d\u00edas 24 y 31 de diciembre los museos y comercios suelen tener horarios reducidos, por lo que no se recomienda programar visitas esos d\u00edas. [&hellip;]<\/p>\n","protected":false},"author":1,"featured_media":19755,"comment_status":"open","ping_status":"open","sticky":false,"template":"","format":"standard","meta":{"_acf_changed":false,"footnotes":""},"categories":[1221],"class_list":["post-31487","post","type-post","status-publish","format-standard","has-post-thumbnail","hentry","category-escapadas-de-invierno"],"acf":[],"yoast_head":"<!-- This site is optimized with the Yoast SEO plugin v27.4 - https:\/\/yoast.com\/product\/yoast-seo-wordpress\/ -->\n<title>Visitar museos durante la Navidad - Polonia Travel (ES)<\/title>\n<meta name=\"robots\" content=\"index, follow, max-snippet:-1, max-image-preview:large, max-video-preview:-1\" \/>\n<link rel=\"canonical\" href=\"https:\/\/www.polonia.travel\/es\/visitar-museos-durante-la-navidad\/\" \/>\n<meta property=\"og:locale\" content=\"pl_PL\" \/>\n<meta property=\"og:type\" content=\"article\" \/>\n<meta property=\"og:title\" content=\"Visitar museos durante la Navidad - Polonia Travel (ES)\" \/>\n<meta property=\"og:description\" content=\"Visitar museos durante la Navidad En Polonia, los d\u00edas festivos de Navidad y A\u00f1o Nuevo son el 25 y 26 de diciembre y el 1 y 6 de enero. Adem\u00e1s, los d\u00edas 24 y 31 de diciembre los museos y comercios suelen tener horarios reducidos, por lo que no se recomienda programar visitas esos d\u00edas. [&hellip;]\" \/>\n<meta property=\"og:url\" content=\"https:\/\/www.polonia.travel\/es\/visitar-museos-durante-la-navidad\/\" \/>\n<meta property=\"og:site_name\" content=\"Polonia Travel (ES)\" \/>\n<meta property=\"article:published_time\" content=\"2024-07-26T07:18:50+00:00\" \/>\n<meta property=\"article:modified_time\" content=\"2025-09-02T08:52:21+00:00\" \/>\n<meta property=\"og:image\" content=\"https:\/\/www.polonia.travel\/es\/wp-content\/uploads\/sites\/18\/2023\/02\/123715355_Fotolia_Jarmark_Bozonarodz_HR.jpg\" \/>\n\t<meta property=\"og:image:width\" content=\"1920\" \/>\n\t<meta property=\"og:image:height\" content=\"640\" \/>\n\t<meta property=\"og:image:type\" content=\"image\/jpeg\" \/>\n<meta name=\"twitter:card\" content=\"summary_large_image\" \/>\n<meta name=\"twitter:label1\" content=\"Napisane przez\" \/>\n\t<meta name=\"twitter:data1\" content=\"\" \/>\n\t<meta name=\"twitter:label2\" content=\"Szacowany czas czytania\" \/>\n\t<meta name=\"twitter:data2\" content=\"12 minut\" \/>\n<script type=\"application\/ld+json\" class=\"yoast-schema-graph\">{\"@context\":\"https:\\\/\\\/schema.org\",\"@graph\":[{\"@type\":\"Article\",\"@id\":\"https:\\\/\\\/www.polonia.travel\\\/es\\\/visitar-museos-durante-la-navidad\\\/#article\",\"isPartOf\":{\"@id\":\"https:\\\/\\\/www.polonia.travel\\\/es\\\/visitar-museos-durante-la-navidad\\\/\"},\"author\":{\"name\":\"\",\"@id\":\"\"},\"headline\":\"Visitar museos durante la Navidad\",\"datePublished\":\"2024-07-26T07:18:50+00:00\",\"dateModified\":\"2025-09-02T08:52:21+00:00\",\"mainEntityOfPage\":{\"@id\":\"https:\\\/\\\/www.polonia.travel\\\/es\\\/visitar-museos-durante-la-navidad\\\/\"},\"wordCount\":1608,\"commentCount\":0,\"publisher\":{\"@id\":\"https:\\\/\\\/www.polonia.travel\\\/es\\\/#organization\"},\"image\":{\"@id\":\"https:\\\/\\\/www.polonia.travel\\\/es\\\/visitar-museos-durante-la-navidad\\\/#primaryimage\"},\"thumbnailUrl\":\"https:\\\/\\\/www.polonia.travel\\\/es\\\/wp-content\\\/uploads\\\/sites\\\/18\\\/2023\\\/02\\\/123715355_Fotolia_Jarmark_Bozonarodz_HR.jpg\",\"keywords\":[\"es\",\"escapadas-de-invierno-mercadillos-de-navidad-y-mucho-mas\"],\"articleSection\":[\"Escapadas de invierno\"],\"inLanguage\":\"pl-PL\"},{\"@type\":\"WebPage\",\"@id\":\"https:\\\/\\\/www.polonia.travel\\\/es\\\/visitar-museos-durante-la-navidad\\\/\",\"url\":\"https:\\\/\\\/www.polonia.travel\\\/es\\\/visitar-museos-durante-la-navidad\\\/\",\"name\":\"Visitar museos durante la Navidad - Polonia Travel (ES)\",\"isPartOf\":{\"@id\":\"https:\\\/\\\/www.polonia.travel\\\/es\\\/#website\"},\"primaryImageOfPage\":{\"@id\":\"https:\\\/\\\/www.polonia.travel\\\/es\\\/visitar-museos-durante-la-navidad\\\/#primaryimage\"},\"image\":{\"@id\":\"https:\\\/\\\/www.polonia.travel\\\/es\\\/visitar-museos-durante-la-navidad\\\/#primaryimage\"},\"thumbnailUrl\":\"https:\\\/\\\/www.polonia.travel\\\/es\\\/wp-content\\\/uploads\\\/sites\\\/18\\\/2023\\\/02\\\/123715355_Fotolia_Jarmark_Bozonarodz_HR.jpg\",\"datePublished\":\"2024-07-26T07:18:50+00:00\",\"dateModified\":\"2025-09-02T08:52:21+00:00\",\"breadcrumb\":{\"@id\":\"https:\\\/\\\/www.polonia.travel\\\/es\\\/visitar-museos-durante-la-navidad\\\/#breadcrumb\"},\"inLanguage\":\"pl-PL\",\"potentialAction\":[{\"@type\":\"ReadAction\",\"target\":[\"https:\\\/\\\/www.polonia.travel\\\/es\\\/visitar-museos-durante-la-navidad\\\/\"]}]},{\"@type\":\"ImageObject\",\"inLanguage\":\"pl-PL\",\"@id\":\"https:\\\/\\\/www.polonia.travel\\\/es\\\/visitar-museos-durante-la-navidad\\\/#primaryimage\",\"url\":\"https:\\\/\\\/www.polonia.travel\\\/es\\\/wp-content\\\/uploads\\\/sites\\\/18\\\/2023\\\/02\\\/123715355_Fotolia_Jarmark_Bozonarodz_HR.jpg\",\"contentUrl\":\"https:\\\/\\\/www.polonia.travel\\\/es\\\/wp-content\\\/uploads\\\/sites\\\/18\\\/2023\\\/02\\\/123715355_Fotolia_Jarmark_Bozonarodz_HR.jpg\",\"width\":1920,\"height\":640,\"caption\":\"Portrait of smiling young brunette choosing Christmas decoration at market\"},{\"@type\":\"BreadcrumbList\",\"@id\":\"https:\\\/\\\/www.polonia.travel\\\/es\\\/visitar-museos-durante-la-navidad\\\/#breadcrumb\",\"itemListElement\":[{\"@type\":\"ListItem\",\"position\":1,\"name\":\"Home page\",\"item\":\"https:\\\/\\\/www.polonia.travel\\\/es\\\/\"},{\"@type\":\"ListItem\",\"position\":2,\"name\":\"Inspiraciones de viaje\",\"item\":\"https:\\\/\\\/www.polonia.travel\\\/es\\\/category\\\/inspiraciones-de-viaje\\\/\"},{\"@type\":\"ListItem\",\"position\":3,\"name\":\"Escapadas de invierno\",\"item\":\"https:\\\/\\\/www.polonia.travel\\\/es\\\/category\\\/inspiraciones-de-viaje\\\/escapadas-de-invierno\\\/\"},{\"@type\":\"ListItem\",\"position\":4,\"name\":\"Visitar museos durante la Navidad\"}]},{\"@type\":\"WebSite\",\"@id\":\"https:\\\/\\\/www.polonia.travel\\\/es\\\/#website\",\"url\":\"https:\\\/\\\/www.polonia.travel\\\/es\\\/\",\"name\":\"Polonia Travel (ES)\",\"description\":\"...\",\"publisher\":{\"@id\":\"https:\\\/\\\/www.polonia.travel\\\/es\\\/#organization\"},\"potentialAction\":[{\"@type\":\"SearchAction\",\"target\":{\"@type\":\"EntryPoint\",\"urlTemplate\":\"https:\\\/\\\/www.polonia.travel\\\/es\\\/?s={search_term_string}\"},\"query-input\":{\"@type\":\"PropertyValueSpecification\",\"valueRequired\":true,\"valueName\":\"search_term_string\"}}],\"inLanguage\":\"pl-PL\"},{\"@type\":\"Organization\",\"@id\":\"https:\\\/\\\/www.polonia.travel\\\/es\\\/#organization\",\"name\":\"Polonia Travel (ES)\",\"url\":\"https:\\\/\\\/www.polonia.travel\\\/es\\\/\",\"logo\":{\"@type\":\"ImageObject\",\"inLanguage\":\"pl-PL\",\"@id\":\"https:\\\/\\\/www.polonia.travel\\\/es\\\/#\\\/schema\\\/logo\\\/image\\\/\",\"url\":\"\",\"contentUrl\":\"\",\"caption\":\"Polonia Travel (ES)\"},\"image\":{\"@id\":\"https:\\\/\\\/www.polonia.travel\\\/es\\\/#\\\/schema\\\/logo\\\/image\\\/\"}},{\"@type\":\"Person\",\"@id\":\"\"}]}<\/script>\n<!-- \/ Yoast SEO plugin. -->","yoast_head_json":{"title":"Visitar museos durante la Navidad - Polonia Travel (ES)","robots":{"index":"index","follow":"follow","max-snippet":"max-snippet:-1","max-image-preview":"max-image-preview:large","max-video-preview":"max-video-preview:-1"},"canonical":"https:\/\/www.polonia.travel\/es\/visitar-museos-durante-la-navidad\/","og_locale":"pl_PL","og_type":"article","og_title":"Visitar museos durante la Navidad - Polonia Travel (ES)","og_description":"Visitar museos durante la Navidad En Polonia, los d\u00edas festivos de Navidad y A\u00f1o Nuevo son el 25 y 26 de diciembre y el 1 y 6 de enero. Adem\u00e1s, los d\u00edas 24 y 31 de diciembre los museos y comercios suelen tener horarios reducidos, por lo que no se recomienda programar visitas esos d\u00edas. [&hellip;]","og_url":"https:\/\/www.polonia.travel\/es\/visitar-museos-durante-la-navidad\/","og_site_name":"Polonia Travel (ES)","article_published_time":"2024-07-26T07:18:50+00:00","article_modified_time":"2025-09-02T08:52:21+00:00","og_image":[{"width":1920,"height":640,"url":"https:\/\/www.polonia.travel\/es\/wp-content\/uploads\/sites\/18\/2023\/02\/123715355_Fotolia_Jarmark_Bozonarodz_HR.jpg","type":"image\/jpeg"}],"twitter_card":"summary_large_image","twitter_misc":{"Napisane przez":"","Szacowany czas czytania":"12 minut"},"schema":{"@context":"https:\/\/schema.org","@graph":[{"@type":"Article","@id":"https:\/\/www.polonia.travel\/es\/visitar-museos-durante-la-navidad\/#article","isPartOf":{"@id":"https:\/\/www.polonia.travel\/es\/visitar-museos-durante-la-navidad\/"},"author":{"name":"","@id":""},"headline":"Visitar museos durante la Navidad","datePublished":"2024-07-26T07:18:50+00:00","dateModified":"2025-09-02T08:52:21+00:00","mainEntityOfPage":{"@id":"https:\/\/www.polonia.travel\/es\/visitar-museos-durante-la-navidad\/"},"wordCount":1608,"commentCount":0,"publisher":{"@id":"https:\/\/www.polonia.travel\/es\/#organization"},"image":{"@id":"https:\/\/www.polonia.travel\/es\/visitar-museos-durante-la-navidad\/#primaryimage"},"thumbnailUrl":"https:\/\/www.polonia.travel\/es\/wp-content\/uploads\/sites\/18\/2023\/02\/123715355_Fotolia_Jarmark_Bozonarodz_HR.jpg","keywords":["es","escapadas-de-invierno-mercadillos-de-navidad-y-mucho-mas"],"articleSection":["Escapadas de invierno"],"inLanguage":"pl-PL"},{"@type":"WebPage","@id":"https:\/\/www.polonia.travel\/es\/visitar-museos-durante-la-navidad\/","url":"https:\/\/www.polonia.travel\/es\/visitar-museos-durante-la-navidad\/","name":"Visitar museos durante la Navidad - Polonia Travel (ES)","isPartOf":{"@id":"https:\/\/www.polonia.travel\/es\/#website"},"primaryImageOfPage":{"@id":"https:\/\/www.polonia.travel\/es\/visitar-museos-durante-la-navidad\/#primaryimage"},"image":{"@id":"https:\/\/www.polonia.travel\/es\/visitar-museos-durante-la-navidad\/#primaryimage"},"thumbnailUrl":"https:\/\/www.polonia.travel\/es\/wp-content\/uploads\/sites\/18\/2023\/02\/123715355_Fotolia_Jarmark_Bozonarodz_HR.jpg","datePublished":"2024-07-26T07:18:50+00:00","dateModified":"2025-09-02T08:52:21+00:00","breadcrumb":{"@id":"https:\/\/www.polonia.travel\/es\/visitar-museos-durante-la-navidad\/#breadcrumb"},"inLanguage":"pl-PL","potentialAction":[{"@type":"ReadAction","target":["https:\/\/www.polonia.travel\/es\/visitar-museos-durante-la-navidad\/"]}]},{"@type":"ImageObject","inLanguage":"pl-PL","@id":"https:\/\/www.polonia.travel\/es\/visitar-museos-durante-la-navidad\/#primaryimage","url":"https:\/\/www.polonia.travel\/es\/wp-content\/uploads\/sites\/18\/2023\/02\/123715355_Fotolia_Jarmark_Bozonarodz_HR.jpg","contentUrl":"https:\/\/www.polonia.travel\/es\/wp-content\/uploads\/sites\/18\/2023\/02\/123715355_Fotolia_Jarmark_Bozonarodz_HR.jpg","width":1920,"height":640,"caption":"Portrait of smiling young brunette choosing Christmas decoration at market"},{"@type":"BreadcrumbList","@id":"https:\/\/www.polonia.travel\/es\/visitar-museos-durante-la-navidad\/#breadcrumb","itemListElement":[{"@type":"ListItem","position":1,"name":"Home page","item":"https:\/\/www.polonia.travel\/es\/"},{"@type":"ListItem","position":2,"name":"Inspiraciones de viaje","item":"https:\/\/www.polonia.travel\/es\/category\/inspiraciones-de-viaje\/"},{"@type":"ListItem","position":3,"name":"Escapadas de invierno","item":"https:\/\/www.polonia.travel\/es\/category\/inspiraciones-de-viaje\/escapadas-de-invierno\/"},{"@type":"ListItem","position":4,"name":"Visitar museos durante la Navidad"}]},{"@type":"WebSite","@id":"https:\/\/www.polonia.travel\/es\/#website","url":"https:\/\/www.polonia.travel\/es\/","name":"Polonia Travel (ES)","description":"...","publisher":{"@id":"https:\/\/www.polonia.travel\/es\/#organization"},"potentialAction":[{"@type":"SearchAction","target":{"@type":"EntryPoint","urlTemplate":"https:\/\/www.polonia.travel\/es\/?s={search_term_string}"},"query-input":{"@type":"PropertyValueSpecification","valueRequired":true,"valueName":"search_term_string"}}],"inLanguage":"pl-PL"},{"@type":"Organization","@id":"https:\/\/www.polonia.travel\/es\/#organization","name":"Polonia Travel (ES)","url":"https:\/\/www.polonia.travel\/es\/","logo":{"@type":"ImageObject","inLanguage":"pl-PL","@id":"https:\/\/www.polonia.travel\/es\/#\/schema\/logo\/image\/","url":"","contentUrl":"","caption":"Polonia Travel (ES)"},"image":{"@id":"https:\/\/www.polonia.travel\/es\/#\/schema\/logo\/image\/"}},{"@type":"Person","@id":""}]}},"_links":{"self":[{"href":"https:\/\/www.polonia.travel\/es\/wp-json\/wp\/v2\/posts\/31487","targetHints":{"allow":["GET"]}}],"collection":[{"href":"https:\/\/www.polonia.travel\/es\/wp-json\/wp\/v2\/posts"}],"about":[{"href":"https:\/\/www.polonia.travel\/es\/wp-json\/wp\/v2\/types\/post"}],"author":[{"embeddable":true,"href":"https:\/\/www.polonia.travel\/es\/wp-json\/wp\/v2\/users\/1"}],"replies":[{"embeddable":true,"href":"https:\/\/www.polonia.travel\/es\/wp-json\/wp\/v2\/comments?post=31487"}],"version-history":[{"count":25,"href":"https:\/\/www.polonia.travel\/es\/wp-json\/wp\/v2\/posts\/31487\/revisions"}],"predecessor-version":[{"id":38097,"href":"https:\/\/www.polonia.travel\/es\/wp-json\/wp\/v2\/posts\/31487\/revisions\/38097"}],"wp:featuredmedia":[{"embeddable":true,"href":"https:\/\/www.polonia.travel\/es\/wp-json\/wp\/v2\/media\/19755"}],"wp:attachment":[{"href":"https:\/\/www.polonia.travel\/es\/wp-json\/wp\/v2\/media?parent=31487"}],"wp:term":[{"taxonomy":"category","embeddable":true,"href":"https:\/\/www.polonia.travel\/es\/wp-json\/wp\/v2\/categories?post=31487"}],"curies":[{"name":"wp","href":"https:\/\/api.w.org\/{rel}","templated":true}]}}